{"id":51797,"date":"2017-07-20T13:23:03","date_gmt":"2017-07-20T16:23:03","guid":{"rendered":"https:\/\/www.jornalja.com.br\/?p=51797"},"modified":"2017-07-20T13:23:03","modified_gmt":"2017-07-20T16:23:03","slug":"usuarios-esgotam-maconha-de-farmacias-de-montevideu-em-primeiro-dia-de-vendas","status":"publish","type":"post","link":"https:\/\/www.jornalja.com.br\/arquivo\/usuarios-esgotam-maconha-de-farmacias-de-montevideu-em-primeiro-dia-de-vendas\/","title":{"rendered":"Usu\u00e1rios esgotam maconha de farm\u00e1cias de Montevid\u00e9u em primeiro dia de vendas"},"content":{"rendered":"<p>Usu\u00e1rios cadastrados para comprar maconha para uso recreativo esgotaram os estoques das quatro farm\u00e1cias de Montevid\u00e9u registradas no Instituto de Regulamento e Controle de Cannabis do Uruguai (Ircca) nesta quarta-feira (19), o primeiro dia de vendas da subst\u00e2ncia nesses estabelecimentos.<br \/>\nAs quatro drogarias da capital uruguaia confirmaram \u00e0 Ag\u00eancia EFE que venderam toda a maconha que tinham. Em algumas delas, o produto acabou apenas algumas horas depois de as lojas serem abertas.<br \/>\nAs farm\u00e1cias amanheceram com longas filas formadas por pessoas que queriam comprar as duas variedades que o governo do Uruguai colocou no mercado, chamadas de Alfa I e Beta I.<br \/>\nAinda que os dois tipos tenham algumas diferen\u00e7as de composi\u00e7\u00e3o, a porcentagem de psicoatividade de ambos \u00e9 de 2%. As embalagens, de cinco gramas de cannabis cada, incluem uma s\u00e9rie de recomenda\u00e7\u00f5es e indica\u00e7\u00f5es para os usu\u00e1rios.<br \/>\nA aquisi\u00e7\u00e3o em farm\u00e1cias \u00e9 uma das tr\u00eas formas para comprar maconha previstas na lei aprovada em dezembro de 2013 no Uruguai, no governo do ex-presidente Jos\u00e9 Mujica. Os uruguaios tamb\u00e9m podem cultivar a planta ou compr\u00e1-la em clubes de cultivo.<br \/>\nFontes de um dos estabelecimentos n\u00e3o souberam informar quando os estoques de maconha ser\u00e3o repostos.<br \/>\n<span class=\"intertit\">Uso recreativo <\/span><br \/>\nO Uruguai come\u00e7ou a vender na quarta-feira,19, maconha para uso recreativo nas farm\u00e1cias como resultado de uma lei pioneira de 2013. A iniciativa in\u00e9dita no mundo faz do pa\u00eds o primeiro a aplicar um controle estatal sobre a produ\u00e7\u00e3o, a compra e a venda da subst\u00e2ncia. As informa\u00e7\u00f5es s\u00e3o da Ag\u00eancia EFE.<br \/>\nA venda come\u00e7ou em 16 farm\u00e1cias de 11 dos 19 departamentos do pa\u00eds, que tem menos de 3,5 milh\u00f5es de habitantes e mais de mil farm\u00e1cias em todo o territ\u00f3rio.<br \/>\nAs 4.959 pessoas registradas como consumidoras v\u00e3o poder comprar o produto em vasilhas de 5 gramas por 187 pesos uruguaios (cerca de R$ 20).<br \/>\nCada pessoa poder\u00e1 comprar no m\u00e1ximo 10 gramas por semana e at\u00e9 40 gramas por m\u00eas.<br \/>\nSer\u00e3o distribu\u00eddas duas variedades de maconha, que foram denominadas Alfa I e Beta I, ambas com m\u00e9dia de 2% de tetrahidrocanabinol (THC), o componente psicoativo da planta.<br \/>\nA Alfa I \u00e9 um h\u00edbrido de predomin\u00e2ncia \u00edndica e 7% de cannabidiol (CBD) e tem efeitos psicoativos que se manifestam em n\u00edvel f\u00edsico.<br \/>\nJ\u00e1 a Beta I \u00e9 um h\u00edbrido de predomin\u00e2ncia sativa com 6% de CBD e efeitos psicoativos em n\u00edvel cerebral.<br \/>\nNo momento da compra, os consumidores n\u00e3o precisam revelar nenhum tipo de dado pessoal, j\u00e1 que ter\u00e3o acesso \u00e0 erva por um sistema que reconhece sua impress\u00e3o digital.<br \/>\nA venda da maconha em farm\u00e1cias completa as tr\u00eas etapas previstas na Lei de Regulamenta\u00e7\u00e3o da Maconha, aprovada em 2013, durante o governo do ent\u00e3o presidente Jos\u00e9 Mujica (2010-2015), para o acesso ao uso recreativo da droga, e que tamb\u00e9m estabeleceu as regras para cultivo dom\u00e9stico e os clubes cann\u00e1bicos, habilitados desde 2014.<br \/>\n<span class=\"intertit\">Suave<\/span><br \/>\nA produ\u00e7\u00e3o que circula a partir de hoje nas farm\u00e1cias foi cultivada com sementes que chegaram do exterior por meio de duas empresas adjudicat\u00e1rias do Estado, Symbiosis e International Cannabis Corp.<br \/>\n&#8220;Foi um esfor\u00e7o sumamente importante&#8221;, declarou \u00e0 Ag\u00eancia EFE o engenheiro agr\u00f4nomo Eduardo Blasina, s\u00f3cio da Symbiosis, que acrescentou que, durante os tr\u00eas anos e meio que se passaram desde a aprova\u00e7\u00e3o da lei at\u00e9 a distribui\u00e7\u00e3o da subst\u00e2ncia, a empresa trabalhou sem receber &#8220;nem um peso&#8221;.<br \/>\nAs plantas, que foram cultivadas em um pr\u00e9dio cont\u00edguo ao Pres\u00eddio de Libertad, uma pris\u00e3o situada no departamento de San Jos\u00e9, ao sudeste do Uruguai, s\u00e3o &#8220;suaves em sua composi\u00e7\u00e3o&#8221;, segundo detalhou o engenheiro agr\u00f4nomo.<br \/>\n&#8220;N\u00e3o v\u00e3o dar uma experi\u00eancia transformacional de percep\u00e7\u00e3o, simplesmente v\u00e3o permitir desfrutar do sabor e de uma sensa\u00e7\u00e3o muito leve&#8221;, comentou Blasina sobre a subst\u00e2ncia que o Estado oferece nas farm\u00e1cias.<br \/>\nBlasina disse que as pessoas que querem experimentar sensa\u00e7\u00f5es &#8220;mais sofisticadas&#8221; podem ter acesso \u00e0 subst\u00e2ncia atrav\u00e9s das outras duas vias: o cultivo dom\u00e9stico ou os clubes cann\u00e1bicos.<br \/>\nAs tr\u00eas vias de acesso \u00e0 subst\u00e2ncia s\u00e3o excludentes entre sim e requerem o registro perante o Instituto de Regulamento e Controle do Cannabis (Ircca), encarregado de fiscalizar e controlar a regulamenta\u00e7\u00e3o e implementa\u00e7\u00e3o da lei.<\/p>\n","protected":false},"excerpt":{"rendered":"<p>Usu\u00e1rios cadastrados para comprar maconha para uso recreativo esgotaram os estoques das quatro farm\u00e1cias de Montevid\u00e9u registradas no Instituto de Regulamento e Controle de Cannabis do Uruguai (Ircca) nesta quarta-feira (19), o primeiro dia de vendas da subst\u00e2ncia nesses estabelecimentos. As quatro drogarias da capital uruguaia confirmaram \u00e0 Ag\u00eancia EFE que venderam toda a maconha [&hellip;]<\/p>\n","protected":false},"author":4,"featured_media":51798,"comment_status":"open","ping_status":"closed","sticky":false,"template":"","format":"standard","meta":{"_jetpack_newsletter_access":"","_jetpack_dont_email_post_to_subs":false,"_jetpack_newsletter_tier_id":0,"_jetpack_memberships_contains_paywalled_content":false,"_jetpack_feature_clip_id":0,"_jetpack_memberships_contains_paid_content":false,"footnotes":"","jetpack_post_was_ever_published":false},"categories":[26],"tags":[],"class_list":["post-51797","post","type-post","status-publish","format-standard","has-post-thumbnail","hentry","category-geral"],"aioseo_notices":[],"aioseo_head":"\n\t\t<!-- All in One SEO 5.0.1.1 - aioseo.com -->\n\t<meta name=\"robots\" content=\"max-image-preview:large\" \/>\n\t<meta name=\"author\" content=\"da Reda\u00e7\u00e3o\"\/>\n\t<link rel=\"canonical\" href=\"https:\/\/www.jornalja.com.br\/arquivo\/usuarios-esgotam-maconha-de-farmacias-de-montevideu-em-primeiro-dia-de-vendas\/\" \/>\n\t<meta name=\"generator\" content=\"All in One SEO (AIOSEO) 5.0.1.1\" \/>\n\t\t<meta property=\"og:locale\" content=\"pt_BR\" \/>\n\t\t<meta property=\"og:site_name\" content=\"Arquivo | Jornal J\u00c1 | Porto Alegre\" \/>\n\t\t<meta property=\"og:type\" content=\"article\" \/>\n\t\t<meta property=\"og:title\" content=\"Usu\u00e1rios esgotam maconha de farm\u00e1cias de Montevid\u00e9u em primeiro dia de vendas | Arquivo\" \/>\n\t\t<meta property=\"og:url\" content=\"https:\/\/www.jornalja.com.br\/arquivo\/usuarios-esgotam-maconha-de-farmacias-de-montevideu-em-primeiro-dia-de-vendas\/\" \/>\n\t\t<meta property=\"og:image\" content=\"https:\/\/www.jornalja.com.br\/economics\/wp-content\/uploads\/sites\/11\/2026\/08\/ja-folhaderosto-facebook.jpg\" \/>\n\t\t<meta property=\"og:image:secure_url\" content=\"https:\/\/www.jornalja.com.br\/economics\/wp-content\/uploads\/sites\/11\/2026\/08\/ja-folhaderosto-facebook.jpg\" \/>\n\t\t<meta property=\"article:published_time\" content=\"2017-07-20T16:23:03+00:00\" \/>\n\t\t<meta property=\"article:modified_time\" content=\"2017-07-20T16:23:03+00:00\" \/>\n\t\t<meta name=\"twitter:card\" content=\"summary\" \/>\n\t\t<meta name=\"twitter:title\" content=\"Usu\u00e1rios esgotam maconha de farm\u00e1cias de Montevid\u00e9u em primeiro dia de vendas | Arquivo\" \/>\n\t\t<meta name=\"twitter:image\" content=\"https:\/\/www.jornalja.com.br\/economics\/wp-content\/uploads\/sites\/11\/2026\/08\/ja-folhaderosto-facebook.jpg\" \/>\n\t\t<script type=\"application\/ld+json\" class=\"aioseo-schema\">\n\t\t\t{\"@context\":\"https:\\\/\\\/schema.org\",\"@graph\":[{\"@type\":\"BlogPosting\",\"@id\":\"https:\\\/\\\/www.jornalja.com.br\\\/arquivo\\\/usuarios-esgotam-maconha-de-farmacias-de-montevideu-em-primeiro-dia-de-vendas\\\/#blogposting\",\"name\":\"Usu\\u00e1rios esgotam maconha de farm\\u00e1cias de Montevid\\u00e9u em primeiro dia de vendas | Arquivo\",\"headline\":\"Usu\\u00e1rios esgotam maconha de farm\\u00e1cias de Montevid\\u00e9u em primeiro dia de vendas\",\"author\":{\"@id\":\"https:\\\/\\\/www.jornalja.com.br\\\/arquivo\\\/author\\\/daredacao\\\/#author\"},\"publisher\":{\"@id\":\"https:\\\/\\\/www.jornalja.com.br\\\/arquivo\\\/#organization\"},\"image\":{\"@type\":\"ImageObject\",\"url\":51798},\"datePublished\":\"2017-07-20T13:23:03-03:00\",\"dateModified\":\"2017-07-20T13:23:03-03:00\",\"inLanguage\":\"pt-BR\",\"mainEntityOfPage\":{\"@id\":\"https:\\\/\\\/www.jornalja.com.br\\\/arquivo\\\/usuarios-esgotam-maconha-de-farmacias-de-montevideu-em-primeiro-dia-de-vendas\\\/#webpage\"},\"isPartOf\":{\"@id\":\"https:\\\/\\\/www.jornalja.com.br\\\/arquivo\\\/usuarios-esgotam-maconha-de-farmacias-de-montevideu-em-primeiro-dia-de-vendas\\\/#webpage\"},\"articleSection\":\"Geral\"},{\"@type\":\"BreadcrumbList\",\"@id\":\"https:\\\/\\\/www.jornalja.com.br\\\/arquivo\\\/usuarios-esgotam-maconha-de-farmacias-de-montevideu-em-primeiro-dia-de-vendas\\\/#breadcrumblist\",\"itemListElement\":[{\"@type\":\"ListItem\",\"@id\":\"https:\\\/\\\/www.jornalja.com.br\\\/arquivo#listItem\",\"position\":1,\"name\":\"Home\",\"item\":\"https:\\\/\\\/www.jornalja.com.br\\\/arquivo\",\"nextItem\":{\"@type\":\"ListItem\",\"@id\":\"https:\\\/\\\/www.jornalja.com.br\\\/arquivo\\\/category\\\/geral\\\/#listItem\",\"name\":\"Geral\"}},{\"@type\":\"ListItem\",\"@id\":\"https:\\\/\\\/www.jornalja.com.br\\\/arquivo\\\/category\\\/geral\\\/#listItem\",\"position\":2,\"name\":\"Geral\",\"item\":\"https:\\\/\\\/www.jornalja.com.br\\\/arquivo\\\/category\\\/geral\\\/\",\"nextItem\":{\"@type\":\"ListItem\",\"@id\":\"https:\\\/\\\/www.jornalja.com.br\\\/arquivo\\\/usuarios-esgotam-maconha-de-farmacias-de-montevideu-em-primeiro-dia-de-vendas\\\/#listItem\",\"name\":\"Usu\\u00e1rios esgotam maconha de farm\\u00e1cias de Montevid\\u00e9u em primeiro dia de vendas\"},\"previousItem\":{\"@type\":\"ListItem\",\"@id\":\"https:\\\/\\\/www.jornalja.com.br\\\/arquivo#listItem\",\"name\":\"Home\"}},{\"@type\":\"ListItem\",\"@id\":\"https:\\\/\\\/www.jornalja.com.br\\\/arquivo\\\/usuarios-esgotam-maconha-de-farmacias-de-montevideu-em-primeiro-dia-de-vendas\\\/#listItem\",\"position\":3,\"name\":\"Usu\\u00e1rios esgotam maconha de farm\\u00e1cias de Montevid\\u00e9u em primeiro dia de vendas\",\"previousItem\":{\"@type\":\"ListItem\",\"@id\":\"https:\\\/\\\/www.jornalja.com.br\\\/arquivo\\\/category\\\/geral\\\/#listItem\",\"name\":\"Geral\"}}]},{\"@type\":\"Organization\",\"@id\":\"https:\\\/\\\/www.jornalja.com.br\\\/arquivo\\\/#organization\",\"name\":\"Jornal J\\u00c1\",\"description\":\"Jornal J\\u00c1 | Porto Alegre\",\"url\":\"https:\\\/\\\/www.jornalja.com.br\\\/arquivo\\\/\",\"telephone\":\"+555133307272\",\"logo\":{\"@type\":\"ImageObject\",\"url\":\"https:\\\/\\\/www.jornalja.com.br\\\/wp-content\\\/uploads\\\/cards\\\/JAslogan.png\",\"@id\":\"https:\\\/\\\/www.jornalja.com.br\\\/arquivo\\\/usuarios-esgotam-maconha-de-farmacias-de-montevideu-em-primeiro-dia-de-vendas\\\/#organizationLogo\"},\"image\":{\"@id\":\"https:\\\/\\\/www.jornalja.com.br\\\/arquivo\\\/usuarios-esgotam-maconha-de-farmacias-de-montevideu-em-primeiro-dia-de-vendas\\\/#organizationLogo\"}},{\"@type\":\"Person\",\"@id\":\"https:\\\/\\\/www.jornalja.com.br\\\/arquivo\\\/author\\\/daredacao\\\/#author\",\"url\":\"https:\\\/\\\/www.jornalja.com.br\\\/arquivo\\\/author\\\/daredacao\\\/\",\"name\":\"da Reda\\u00e7\\u00e3o\",\"image\":{\"@type\":\"ImageObject\",\"@id\":\"https:\\\/\\\/www.jornalja.com.br\\\/arquivo\\\/usuarios-esgotam-maconha-de-farmacias-de-montevideu-em-primeiro-dia-de-vendas\\\/#authorImage\",\"url\":\"https:\\\/\\\/secure.gravatar.com\\\/avatar\\\/469fd857d6605ad19919d27ed29d35a968a25f6e8fd9318356bbb7f57aae9c65?s=96&d=mm&r=g\",\"width\":96,\"height\":96,\"caption\":\"da Reda\\u00e7\\u00e3o\"}},{\"@type\":\"WebPage\",\"@id\":\"https:\\\/\\\/www.jornalja.com.br\\\/arquivo\\\/usuarios-esgotam-maconha-de-farmacias-de-montevideu-em-primeiro-dia-de-vendas\\\/#webpage\",\"url\":\"https:\\\/\\\/www.jornalja.com.br\\\/arquivo\\\/usuarios-esgotam-maconha-de-farmacias-de-montevideu-em-primeiro-dia-de-vendas\\\/\",\"name\":\"Usu\\u00e1rios esgotam maconha de farm\\u00e1cias de Montevid\\u00e9u em primeiro dia de vendas | Arquivo\",\"inLanguage\":\"pt-BR\",\"isPartOf\":{\"@id\":\"https:\\\/\\\/www.jornalja.com.br\\\/arquivo\\\/#website\"},\"breadcrumb\":{\"@id\":\"https:\\\/\\\/www.jornalja.com.br\\\/arquivo\\\/usuarios-esgotam-maconha-de-farmacias-de-montevideu-em-primeiro-dia-de-vendas\\\/#breadcrumblist\"},\"author\":{\"@id\":\"https:\\\/\\\/www.jornalja.com.br\\\/arquivo\\\/author\\\/daredacao\\\/#author\"},\"creator\":{\"@id\":\"https:\\\/\\\/www.jornalja.com.br\\\/arquivo\\\/author\\\/daredacao\\\/#author\"},\"image\":{\"@type\":\"ImageObject\",\"url\":51798,\"@id\":\"https:\\\/\\\/www.jornalja.com.br\\\/arquivo\\\/usuarios-esgotam-maconha-de-farmacias-de-montevideu-em-primeiro-dia-de-vendas\\\/#mainImage\"},\"primaryImageOfPage\":{\"@id\":\"https:\\\/\\\/www.jornalja.com.br\\\/arquivo\\\/usuarios-esgotam-maconha-de-farmacias-de-montevideu-em-primeiro-dia-de-vendas\\\/#mainImage\"},\"datePublished\":\"2017-07-20T13:23:03-03:00\",\"dateModified\":\"2017-07-20T13:23:03-03:00\"},{\"@type\":\"WebSite\",\"@id\":\"https:\\\/\\\/www.jornalja.com.br\\\/arquivo\\\/#website\",\"url\":\"https:\\\/\\\/www.jornalja.com.br\\\/arquivo\\\/\",\"name\":\"Arquivo\",\"description\":\"Jornal J\\u00c1 | Porto Alegre\",\"inLanguage\":\"pt-BR\",\"publisher\":{\"@id\":\"https:\\\/\\\/www.jornalja.com.br\\\/arquivo\\\/#organization\"}}]}\n\t\t<\/script>\n\t\t<!-- All in One SEO -->\n\n","aioseo_head_json":{"title":"Usu\u00e1rios esgotam maconha de farm\u00e1cias de Montevid\u00e9u em primeiro dia de vendas | Arquivo","description":"","canonical_url":"https:\/\/www.jornalja.com.br\/arquivo\/usuarios-esgotam-maconha-de-farmacias-de-montevideu-em-primeiro-dia-de-vendas\/","robots":"max-image-preview:large","keywords":"","webmasterTools":{"miscellaneous":""},"schema":{"@context":"https:\/\/schema.org","@graph":[{"@type":"BlogPosting","@id":"https:\/\/www.jornalja.com.br\/arquivo\/usuarios-esgotam-maconha-de-farmacias-de-montevideu-em-primeiro-dia-de-vendas\/#blogposting","name":"Usu\u00e1rios esgotam maconha de farm\u00e1cias de Montevid\u00e9u em primeiro dia de vendas | Arquivo","headline":"Usu\u00e1rios esgotam maconha de farm\u00e1cias de Montevid\u00e9u em primeiro dia de vendas","author":{"@id":"https:\/\/www.jornalja.com.br\/arquivo\/author\/daredacao\/#author"},"publisher":{"@id":"https:\/\/www.jornalja.com.br\/arquivo\/#organization"},"image":{"@type":"ImageObject","url":51798},"datePublished":"2017-07-20T13:23:03-03:00","dateModified":"2017-07-20T13:23:03-03:00","inLanguage":"pt-BR","mainEntityOfPage":{"@id":"https:\/\/www.jornalja.com.br\/arquivo\/usuarios-esgotam-maconha-de-farmacias-de-montevideu-em-primeiro-dia-de-vendas\/#webpage"},"isPartOf":{"@id":"https:\/\/www.jornalja.com.br\/arquivo\/usuarios-esgotam-maconha-de-farmacias-de-montevideu-em-primeiro-dia-de-vendas\/#webpage"},"articleSection":"Geral"},{"@type":"BreadcrumbList","@id":"https:\/\/www.jornalja.com.br\/arquivo\/usuarios-esgotam-maconha-de-farmacias-de-montevideu-em-primeiro-dia-de-vendas\/#breadcrumblist","itemListElement":[{"@type":"ListItem","@id":"https:\/\/www.jornalja.com.br\/arquivo#listItem","position":1,"name":"Home","item":"https:\/\/www.jornalja.com.br\/arquivo","nextItem":{"@type":"ListItem","@id":"https:\/\/www.jornalja.com.br\/arquivo\/category\/geral\/#listItem","name":"Geral"}},{"@type":"ListItem","@id":"https:\/\/www.jornalja.com.br\/arquivo\/category\/geral\/#listItem","position":2,"name":"Geral","item":"https:\/\/www.jornalja.com.br\/arquivo\/category\/geral\/","nextItem":{"@type":"ListItem","@id":"https:\/\/www.jornalja.com.br\/arquivo\/usuarios-esgotam-maconha-de-farmacias-de-montevideu-em-primeiro-dia-de-vendas\/#listItem","name":"Usu\u00e1rios esgotam maconha de farm\u00e1cias de Montevid\u00e9u em primeiro dia de vendas"},"previousItem":{"@type":"ListItem","@id":"https:\/\/www.jornalja.com.br\/arquivo#listItem","name":"Home"}},{"@type":"ListItem","@id":"https:\/\/www.jornalja.com.br\/arquivo\/usuarios-esgotam-maconha-de-farmacias-de-montevideu-em-primeiro-dia-de-vendas\/#listItem","position":3,"name":"Usu\u00e1rios esgotam maconha de farm\u00e1cias de Montevid\u00e9u em primeiro dia de vendas","previousItem":{"@type":"ListItem","@id":"https:\/\/www.jornalja.com.br\/arquivo\/category\/geral\/#listItem","name":"Geral"}}]},{"@type":"Organization","@id":"https:\/\/www.jornalja.com.br\/arquivo\/#organization","name":"Jornal J\u00c1","description":"Jornal J\u00c1 | Porto Alegre","url":"https:\/\/www.jornalja.com.br\/arquivo\/","telephone":"+555133307272","logo":{"@type":"ImageObject","url":"https:\/\/www.jornalja.com.br\/wp-content\/uploads\/cards\/JAslogan.png","@id":"https:\/\/www.jornalja.com.br\/arquivo\/usuarios-esgotam-maconha-de-farmacias-de-montevideu-em-primeiro-dia-de-vendas\/#organizationLogo"},"image":{"@id":"https:\/\/www.jornalja.com.br\/arquivo\/usuarios-esgotam-maconha-de-farmacias-de-montevideu-em-primeiro-dia-de-vendas\/#organizationLogo"}},{"@type":"Person","@id":"https:\/\/www.jornalja.com.br\/arquivo\/author\/daredacao\/#author","url":"https:\/\/www.jornalja.com.br\/arquivo\/author\/daredacao\/","name":"da Reda\u00e7\u00e3o","image":{"@type":"ImageObject","@id":"https:\/\/www.jornalja.com.br\/arquivo\/usuarios-esgotam-maconha-de-farmacias-de-montevideu-em-primeiro-dia-de-vendas\/#authorImage","url":"https:\/\/secure.gravatar.com\/avatar\/469fd857d6605ad19919d27ed29d35a968a25f6e8fd9318356bbb7f57aae9c65?s=96&d=mm&r=g","width":96,"height":96,"caption":"da Reda\u00e7\u00e3o"}},{"@type":"WebPage","@id":"https:\/\/www.jornalja.com.br\/arquivo\/usuarios-esgotam-maconha-de-farmacias-de-montevideu-em-primeiro-dia-de-vendas\/#webpage","url":"https:\/\/www.jornalja.com.br\/arquivo\/usuarios-esgotam-maconha-de-farmacias-de-montevideu-em-primeiro-dia-de-vendas\/","name":"Usu\u00e1rios esgotam maconha de farm\u00e1cias de Montevid\u00e9u em primeiro dia de vendas | Arquivo","inLanguage":"pt-BR","isPartOf":{"@id":"https:\/\/www.jornalja.com.br\/arquivo\/#website"},"breadcrumb":{"@id":"https:\/\/www.jornalja.com.br\/arquivo\/usuarios-esgotam-maconha-de-farmacias-de-montevideu-em-primeiro-dia-de-vendas\/#breadcrumblist"},"author":{"@id":"https:\/\/www.jornalja.com.br\/arquivo\/author\/daredacao\/#author"},"creator":{"@id":"https:\/\/www.jornalja.com.br\/arquivo\/author\/daredacao\/#author"},"image":{"@type":"ImageObject","url":51798,"@id":"https:\/\/www.jornalja.com.br\/arquivo\/usuarios-esgotam-maconha-de-farmacias-de-montevideu-em-primeiro-dia-de-vendas\/#mainImage"},"primaryImageOfPage":{"@id":"https:\/\/www.jornalja.com.br\/arquivo\/usuarios-esgotam-maconha-de-farmacias-de-montevideu-em-primeiro-dia-de-vendas\/#mainImage"},"datePublished":"2017-07-20T13:23:03-03:00","dateModified":"2017-07-20T13:23:03-03:00"},{"@type":"WebSite","@id":"https:\/\/www.jornalja.com.br\/arquivo\/#website","url":"https:\/\/www.jornalja.com.br\/arquivo\/","name":"Arquivo","description":"Jornal J\u00c1 | Porto Alegre","inLanguage":"pt-BR","publisher":{"@id":"https:\/\/www.jornalja.com.br\/arquivo\/#organization"}}]},"og:locale":"pt_BR","og:site_name":"Arquivo | Jornal J\u00c1 | Porto Alegre","og:type":"article","og:title":"Usu\u00e1rios esgotam maconha de farm\u00e1cias de Montevid\u00e9u em primeiro dia de vendas | Arquivo","og:url":"https:\/\/www.jornalja.com.br\/arquivo\/usuarios-esgotam-maconha-de-farmacias-de-montevideu-em-primeiro-dia-de-vendas\/","og:image":"https:\/\/www.jornalja.com.br\/economics\/wp-content\/uploads\/sites\/11\/2026\/08\/ja-folhaderosto-facebook.jpg","og:image:secure_url":"https:\/\/www.jornalja.com.br\/economics\/wp-content\/uploads\/sites\/11\/2026\/08\/ja-folhaderosto-facebook.jpg","article:published_time":"2017-07-20T16:23:03+00:00","article:modified_time":"2017-07-20T16:23:03+00:00","twitter:card":"summary","twitter:title":"Usu\u00e1rios esgotam maconha de farm\u00e1cias de Montevid\u00e9u em primeiro dia de vendas | Arquivo","twitter:image":"https:\/\/www.jornalja.com.br\/economics\/wp-content\/uploads\/sites\/11\/2026\/08\/ja-folhaderosto-facebook.jpg"},"aioseo_meta_data":{"post_id":"51797","title":null,"description":null,"keywords":null,"keyphrases":null,"primary_term":null,"canonical_url":null,"og_title":null,"og_description":null,"og_object_type":"default","og_image_type":"default","og_image_url":null,"og_image_width":null,"og_image_height":null,"og_image_custom_url":null,"og_image_custom_fields":null,"og_video":null,"og_custom_url":null,"og_article_section":null,"og_article_tags":null,"twitter_use_og":false,"twitter_card":"default","twitter_image_type":"default","twitter_image_url":null,"twitter_image_custom_url":null,"twitter_image_custom_fields":null,"twitter_title":null,"twitter_description":null,"schema":{"blockGraphs":[],"customGraphs":[],"default":{"data":{"Article":[],"Course":[],"Dataset":[],"FAQPage":[],"Movie":[],"Person":[],"Product":[],"ProductReview":[],"Car":[],"Recipe":[],"Service":[],"SoftwareApplication":[],"WebPage":[]},"graphName":"","isEnabled":true},"graphs":[],"defaultGraph":"","defaultPostTypeGraph":""},"schema_type":null,"schema_type_options":null,"pillar_content":false,"robots_default":true,"robots_noindex":false,"robots_noarchive":false,"robots_nosnippet":false,"robots_nofollow":false,"robots_noimageindex":false,"robots_noodp":false,"robots_notranslate":false,"robots_max_snippet":null,"robots_max_videopreview":null,"robots_max_imagepreview":"large","priority":null,"frequency":null,"location":null,"local_seo":null,"breadcrumb_settings":null,"limit_modified_date":false,"ai":null,"created":"2020-12-20 20:29:05","updated":"2025-07-19 23:26:44","seo_analyzer_scan_date":null,"focus_keyword":null,"additional_keywords":null,"truseo_locale":null},"jetpack_sharing_enabled":true,"jetpack-related-posts":[{"id":1280,"url":"https:\/\/www.jornalja.com.br\/arquivo\/o-menino-que-se-tornou-brizola\/","url_meta":{"origin":51797,"position":0},"title":"O Menino que se Tornou Brizola","author":"da Reda\u00e7\u00e3o","date":"28 de julho de 2008","format":false,"excerpt":"Autor: Cleber Dioni A vida de Leonel Brizola, com \u00eanfase para os primeiros anos em Porto Alegre, at\u00e9 o ex\u00edlio no Uruguai e a volta, quinze anos depois. \u00a0\"...\u00c9ramos todos jovens e nos identific\u00e1vamos com aquela massa an\u00f4nima a percorrer as ruas de Porto Alegre, gritando 'Get\u00falio', 'Get\u00falio' e empunhando\u2026","rel":"","context":"Em &quot;Livros&quot;","block_context":{"text":"Livros","link":"https:\/\/www.jornalja.com.br\/arquivo\/category\/livros\/"},"img":{"alt_text":"","src":"https:\/\/i0.wp.com\/www.jornalja.com.br\/wp-content\/uploads\/2008\/07\/brizola.gif?resize=350%2C200&ssl=1","width":350,"height":200},"classes":[]},{"id":13128,"url":"https:\/\/www.jornalja.com.br\/arquivo\/maconha-terra-diz-que-uso-medicinal-e-desculpa\/","url_meta":{"origin":51797,"position":1},"title":"Maconha: Terra diz que uso medicinal \u00e9 desculpa","author":"Patr\u00edcia Marini","date":"4 de junho de 2014","format":false,"excerpt":"A condi\u00e7\u00e3o de pol\u00edtico, em \u00e9poca de campanha de campanha eleitoral, tira for\u00e7a do discurso do m\u00e9dico Osmar Terra contra a legaliza\u00e7\u00e3o da maconha. A tese dele de que a libera\u00e7\u00e3o vai ampliar exponencialmente o consumo \u00e9 discutivel, o consumo \u00e9 corrente. Mas seus alertas quanto aos riscos tem que\u2026","rel":"","context":"Em &quot;X.Categorias velhas&quot;","block_context":{"text":"X.Categorias velhas","link":"https:\/\/www.jornalja.com.br\/arquivo\/category\/x-categorias-velhas\/"},"img":{"alt_text":"","src":"","width":0,"height":0},"classes":[]},{"id":13124,"url":"https:\/\/www.jornalja.com.br\/arquivo\/sangue-latino-no-iecine\/","url_meta":{"origin":51797,"position":2},"title":"Sangue latino no IECINE","author":"da Reda\u00e7\u00e3o","date":"18 de maio de 2014","format":false,"excerpt":"Francisco Ribeiro O Instituto Estadual de Cinema (IECINE) tem a frente, desde abril \u00faltimo, um novo diretor, o cineasta colombiano Juan Zapata, 36, que substitui Luiz Alberto Cassol. Radicado h\u00e1 dez anos em Porto Alegre, Zapata tem diante de si o desafio de conduzir at\u00e9 o final do ano um\u2026","rel":"","context":"Em &quot;Cultura-Geral&quot;","block_context":{"text":"Cultura-Geral","link":"https:\/\/www.jornalja.com.br\/arquivo\/category\/materiasecundaria\/"},"img":{"alt_text":"","src":"","width":0,"height":0},"classes":[]},{"id":13101,"url":"https:\/\/www.jornalja.com.br\/arquivo\/morre-um-guerreiro-do-texto\/","url_meta":{"origin":51797,"position":3},"title":"Morre um guerreiro do texto","author":"Patr\u00edcia Marini","date":"14 de maio de 2014","format":false,"excerpt":"Por Ricardo Kotscho Reproduzido do blog do autor, 11\/5\/2014; t\u00edtulo original \u201cE l\u00e1 se foi o nosso Myltainho, guerreiro do texto\u201d. Mi\u00fado e franzino, meu amigo Myltainho era um valente e inconformado guerreiro na luta contra as injusti\u00e7as sociais, a hipocrisia, as maracutaias, o autoritarismo, a intoler\u00e2ncia, a viol\u00eancia, o\u2026","rel":"","context":"Em &quot;Geral&quot;","block_context":{"text":"Geral","link":"https:\/\/www.jornalja.com.br\/arquivo\/category\/geral\/"},"img":{"alt_text":"","src":"","width":0,"height":0},"classes":[]},{"id":13240,"url":"https:\/\/www.jornalja.com.br\/arquivo\/plano-diretor-estamos-construindo-o-caos\/","url_meta":{"origin":51797,"position":4},"title":"Plano diretor: &quot;Estamos construindo o caos&quot;","author":"Patr\u00edcia Marini","date":"26 de maio de 2014","format":false,"excerpt":"Desabafo que arquiteta Eliana Castilhos, delegada da Regi\u00e3o de Planejamento 1, postou nas redes sociais \u00e9 um testemunho do ambiente que se criou no Conselho do Plano Diretor de Porto Alegre, onde a aprova\u00e7\u00e3o de grandes empreendimentos \u00e9 empurrada guela abaixo dos conselheiros. Ao CMDUA Como delegada da Regi\u00e3o de\u2026","rel":"","context":"Em &quot;Geral&quot;","block_context":{"text":"Geral","link":"https:\/\/www.jornalja.com.br\/arquivo\/category\/geral\/"},"img":{"alt_text":"","src":"","width":0,"height":0},"classes":[]},{"id":13109,"url":"https:\/\/www.jornalja.com.br\/arquivo\/judiciario-reconhece-poluicao-eletromagnetica\/","url_meta":{"origin":51797,"position":5},"title":"Judici\u00e1rio reconhece polui\u00e7\u00e3o eletromagn\u00e9tica","author":"Patr\u00edcia Marini","date":"16 de maio de 2014","format":false,"excerpt":"A\u00e7\u00e3o de duas associa\u00e7\u00f5es de moradores foi acolhida pelo Tribunal de Justi\u00e7a de S\u00e3o Paulo que. em decis\u00e3o in\u00e9dita, determinou a redu\u00e7\u00e3o do campo eletromagn\u00e9tico gerado pelas linhas de transmiss\u00e3o de energia que cortam os bairros City Boa\u00e7ava e Alto de Pinheiros. \u00c9 a primeira vez que um tribunal do\u2026","rel":"","context":"Em &quot;X.Categorias velhas&quot;","block_context":{"text":"X.Categorias velhas","link":"https:\/\/www.jornalja.com.br\/arquivo\/category\/x-categorias-velhas\/"},"img":{"alt_text":"","src":"","width":0,"height":0},"classes":[]}],"jetpack_shortlink":"https:\/\/wp.me\/pbQjBd-dtr","jetpack_featured_media_url":"","_links":{"self":[{"href":"https:\/\/www.jornalja.com.br\/arquivo\/wp-json\/wp\/v2\/posts\/51797","targetHints":{"allow":["GET"]}}],"collection":[{"href":"https:\/\/www.jornalja.com.br\/arquivo\/wp-json\/wp\/v2\/posts"}],"about":[{"href":"https:\/\/www.jornalja.com.br\/arquivo\/wp-json\/wp\/v2\/types\/post"}],"author":[{"embeddable":true,"href":"https:\/\/www.jornalja.com.br\/arquivo\/wp-json\/wp\/v2\/users\/4"}],"replies":[{"embeddable":true,"href":"https:\/\/www.jornalja.com.br\/arquivo\/wp-json\/wp\/v2\/comments?post=51797"}],"version-history":[{"count":0,"href":"https:\/\/www.jornalja.com.br\/arquivo\/wp-json\/wp\/v2\/posts\/51797\/revisions"}],"wp:attachment":[{"href":"https:\/\/www.jornalja.com.br\/arquivo\/wp-json\/wp\/v2\/media?parent=51797"}],"wp:term":[{"taxonomy":"category","embeddable":true,"href":"https:\/\/www.jornalja.com.br\/arquivo\/wp-json\/wp\/v2\/categories?post=51797"},{"taxonomy":"post_tag","embeddable":true,"href":"https:\/\/www.jornalja.com.br\/arquivo\/wp-json\/wp\/v2\/tags?post=51797"}],"curies":[{"name":"wp","href":"https:\/\/api.w.org\/{rel}","templated":true}]}}