{"id":51815,"date":"2017-07-20T16:14:50","date_gmt":"2017-07-20T19:14:50","guid":{"rendered":"https:\/\/www.jornalja.com.br\/?p=51815"},"modified":"2017-07-20T16:14:50","modified_gmt":"2017-07-20T19:14:50","slug":"mp-ajuiza-acao-para-implantacao-da-politica-reversa-de-embalagens-em-porto-alegre","status":"publish","type":"post","link":"https:\/\/www.jornalja.com.br\/arquivo\/mp-ajuiza-acao-para-implantacao-da-politica-reversa-de-embalagens-em-porto-alegre\/","title":{"rendered":"MP aju\u00edza a\u00e7\u00e3o para implanta\u00e7\u00e3o da pol\u00edtica reversa de embalagens em Porto Alegre"},"content":{"rendered":"<p>Com o objetivo de exigir a efetiva implanta\u00e7\u00e3o da log\u00edstica reversa de embalagens em geral, inclusive remunerando-se o Munic\u00edpio pelo percentual de embalagens recuperado para a ind\u00fastria por meio da coleta seletiva, o Minist\u00e9rio P\u00fablico, por meio da Promotoria de Justi\u00e7a de Defesa do Meio Ambiente, o Munic\u00edpio de Porto Alegre e o Departamento Municipal de Limpeza Urbana &#8211; DMLU ingressaram com a\u00e7\u00e3o civil p\u00fablica contra a Associa\u00e7\u00e3o T\u00e9cnica Brasileira das Ind\u00fastrias Autom\u00e1ticas de Vidro &#8211; Abividro, o Compromisso Empresarial para Reciclagem e a Coaliz\u00e3o Empresarial para a Reciclagem &#8211; Cempre, que re\u00fane cerca de 20 associa\u00e7\u00f5es de empresas que geram embalagens, tais como pl\u00e1sticos, vidro, papel e alum\u00ednio.<br \/>\nA a\u00e7\u00e3o foi assinada pelos promotores de Justi\u00e7a Annelise Monteiro Steigleder, Ana Maria Moreira Marchesan, Josiane Camejo e Alexandre Saltz.<br \/>\nNos termos da Lei da Pol\u00edtica Nacional de Res\u00edduos S\u00f3lidos (Lei 12.305\/2010), a responsabilidade p\u00f3s-consumo de embalagens em geral, assim como de pilhas, baterias, embalagens de agrot\u00f3xicos, eletroeletr\u00f4nicos, pneus e medicamentos vencidos, deve ser implementada pelas empresas que colocam os produtos no mercado, garantindo-se a remunera\u00e7\u00e3o do Munic\u00edpio pelas a\u00e7\u00f5es realizadas com vistas ao retorno destes res\u00edduos \u00e0 ind\u00fastria para fins de reciclagem.<br \/>\nConforme os promotores, ap\u00f3s ampla investiga\u00e7\u00e3o, que durou mais de um ano junto \u00e0s cooperativas e associa\u00e7\u00f5es de catadores conveniadas com o DMLU para a triagem de res\u00edduos oriundos da coleta seletiva, o Minist\u00e9rio P\u00fablico comprovou que o acordo setorial de embalagens, firmado em 2015 entre a Coaliz\u00e3o e o Minist\u00e9rio do Meio Ambiente, n\u00e3o est\u00e1 sendo cumprido em Porto Alegre. \u201cO acordo prev\u00ea que a Coaliz\u00e3o de Empresas realize investimentos na capacidade de trabalho das entidades de catadores, o que n\u00e3o vem ocorrendo, e a Abividro sequer assinou o acordo\u201d, contam eles.<br \/>\nAl\u00e9m disso, cerca de 52% dos res\u00edduos recuperados para a ind\u00fastria por meio da coleta seletiva prestada pelo DMLU e da triagem efetuada pelas cooperativas de catadores \u00e9 composto por embalagens recicl\u00e1veis (dados de 2016), o que evidencia que a coleta seletiva e o trabalho dos catadores contribuem decisivamente para a log\u00edstica reversa de embalagens em Porto Alegre.<br \/>\nCom a a\u00e7\u00e3o civil p\u00fablica, os promotores buscam o ressarcimento do er\u00e1rio p\u00fablico municipal pelas despesas decorrentes das a\u00e7\u00f5es relacionadas \u00e0 recupera\u00e7\u00e3o de embalagens atrav\u00e9s da coleta seletiva de res\u00edduos s\u00f3lidos recicl\u00e1veis e ao apoio t\u00e9cnico e log\u00edstico que o Munic\u00edpio de Porto Alegre e o DMLU v\u00eam prestando \u00e0s Associa\u00e7\u00f5es e Cooperativas de Catadores de Materiais Recicl\u00e1veis para implanta\u00e7\u00e3o e aparelhamento das Unidades de Triagem de Res\u00edduos S\u00f3lidos.<br \/>\nCom a a\u00e7\u00e3o, pretendem ainda que a Abividro e Cempre executem a\u00e7\u00f5es efetivas voltadas ao aparelhamento e \u00e0 capacita\u00e7\u00e3o das Cooperativas e Associa\u00e7\u00f5es de Catadores com atua\u00e7\u00e3o no Munic\u00edpio de Porto Alegre, que integram a coleta seletiva do Munic\u00edpio e realizam a triagem dos materiais recicl\u00e1veis, cumprindo as obriga\u00e7\u00f5es previstas no Acordo Setorial de embalagens. No caso da Abividro, remunerando as Associa\u00e7\u00f5es e Cooperativas de Catadores pelo servi\u00e7o de triagem das embalagens de vidro que retornam \u00e0s ind\u00fastrias.<\/p>\n","protected":false},"excerpt":{"rendered":"<p>Com o objetivo de exigir a efetiva implanta\u00e7\u00e3o da log\u00edstica reversa de embalagens em geral, inclusive remunerando-se o Munic\u00edpio pelo percentual de embalagens recuperado para a ind\u00fastria por meio da coleta seletiva, o Minist\u00e9rio P\u00fablico, por meio da Promotoria de Justi\u00e7a de Defesa do Meio Ambiente, o Munic\u00edpio de Porto Alegre e o Departamento Municipal [&hellip;]<\/p>\n","protected":false},"author":4,"featured_media":0,"comment_status":"open","ping_status":"closed","sticky":false,"template":"","format":"standard","meta":{"_jetpack_newsletter_access":"","_jetpack_dont_email_post_to_subs":false,"_jetpack_newsletter_tier_id":0,"_jetpack_memberships_contains_paywalled_content":false,"_jetpack_feature_clip_id":0,"_jetpack_memberships_contains_paid_content":false,"footnotes":"","jetpack_post_was_ever_published":false},"categories":[2022],"tags":[],"class_list":["post-51815","post","type-post","status-publish","format-standard","hentry","category-notas"],"aioseo_notices":[],"aioseo_head":"\n\t\t<!-- All in One SEO 5.0.1.1 - aioseo.com -->\n\t<meta name=\"robots\" content=\"max-image-preview:large\" \/>\n\t<meta name=\"author\" content=\"da Reda\u00e7\u00e3o\"\/>\n\t<link rel=\"canonical\" href=\"https:\/\/www.jornalja.com.br\/arquivo\/mp-ajuiza-acao-para-implantacao-da-politica-reversa-de-embalagens-em-porto-alegre\/\" \/>\n\t<meta name=\"generator\" content=\"All in One SEO (AIOSEO) 5.0.1.1\" \/>\n\t\t<meta property=\"og:locale\" content=\"pt_BR\" \/>\n\t\t<meta property=\"og:site_name\" content=\"Arquivo | Jornal J\u00c1 | Porto Alegre\" \/>\n\t\t<meta property=\"og:type\" content=\"article\" \/>\n\t\t<meta property=\"og:title\" content=\"MP aju\u00edza a\u00e7\u00e3o para implanta\u00e7\u00e3o da pol\u00edtica reversa de embalagens em Porto Alegre | Arquivo\" \/>\n\t\t<meta property=\"og:url\" content=\"https:\/\/www.jornalja.com.br\/arquivo\/mp-ajuiza-acao-para-implantacao-da-politica-reversa-de-embalagens-em-porto-alegre\/\" \/>\n\t\t<meta property=\"og:image\" content=\"https:\/\/www.jornalja.com.br\/economics\/wp-content\/uploads\/sites\/11\/2026\/08\/ja-folhaderosto-facebook.jpg\" \/>\n\t\t<meta property=\"og:image:secure_url\" content=\"https:\/\/www.jornalja.com.br\/economics\/wp-content\/uploads\/sites\/11\/2026\/08\/ja-folhaderosto-facebook.jpg\" \/>\n\t\t<meta property=\"article:published_time\" content=\"2017-07-20T19:14:50+00:00\" \/>\n\t\t<meta property=\"article:modified_time\" content=\"2017-07-20T19:14:50+00:00\" \/>\n\t\t<meta name=\"twitter:card\" content=\"summary\" \/>\n\t\t<meta name=\"twitter:title\" content=\"MP aju\u00edza a\u00e7\u00e3o para implanta\u00e7\u00e3o da pol\u00edtica reversa de embalagens em Porto Alegre | Arquivo\" \/>\n\t\t<meta name=\"twitter:image\" content=\"https:\/\/www.jornalja.com.br\/economics\/wp-content\/uploads\/sites\/11\/2026\/08\/ja-folhaderosto-facebook.jpg\" \/>\n\t\t<script type=\"application\/ld+json\" class=\"aioseo-schema\">\n\t\t\t{\"@context\":\"https:\\\/\\\/schema.org\",\"@graph\":[{\"@type\":\"BlogPosting\",\"@id\":\"https:\\\/\\\/www.jornalja.com.br\\\/arquivo\\\/mp-ajuiza-acao-para-implantacao-da-politica-reversa-de-embalagens-em-porto-alegre\\\/#blogposting\",\"name\":\"MP aju\\u00edza a\\u00e7\\u00e3o para implanta\\u00e7\\u00e3o da pol\\u00edtica reversa de embalagens em Porto Alegre | Arquivo\",\"headline\":\"MP aju\\u00edza a\\u00e7\\u00e3o para implanta\\u00e7\\u00e3o da pol\\u00edtica reversa de embalagens em Porto Alegre\",\"author\":{\"@id\":\"https:\\\/\\\/www.jornalja.com.br\\\/arquivo\\\/author\\\/daredacao\\\/#author\"},\"publisher\":{\"@id\":\"https:\\\/\\\/www.jornalja.com.br\\\/arquivo\\\/#organization\"},\"image\":{\"@type\":\"ImageObject\",\"url\":\"https:\\\/\\\/www.jornalja.com.br\\\/wp-content\\\/uploads\\\/cards\\\/JAslogan.png\",\"@id\":\"https:\\\/\\\/www.jornalja.com.br\\\/arquivo\\\/#articleImage\"},\"datePublished\":\"2017-07-20T16:14:50-03:00\",\"dateModified\":\"2017-07-20T16:14:50-03:00\",\"inLanguage\":\"pt-BR\",\"mainEntityOfPage\":{\"@id\":\"https:\\\/\\\/www.jornalja.com.br\\\/arquivo\\\/mp-ajuiza-acao-para-implantacao-da-politica-reversa-de-embalagens-em-porto-alegre\\\/#webpage\"},\"isPartOf\":{\"@id\":\"https:\\\/\\\/www.jornalja.com.br\\\/arquivo\\\/mp-ajuiza-acao-para-implantacao-da-politica-reversa-de-embalagens-em-porto-alegre\\\/#webpage\"},\"articleSection\":\"NOTAS\"},{\"@type\":\"BreadcrumbList\",\"@id\":\"https:\\\/\\\/www.jornalja.com.br\\\/arquivo\\\/mp-ajuiza-acao-para-implantacao-da-politica-reversa-de-embalagens-em-porto-alegre\\\/#breadcrumblist\",\"itemListElement\":[{\"@type\":\"ListItem\",\"@id\":\"https:\\\/\\\/www.jornalja.com.br\\\/arquivo#listItem\",\"position\":1,\"name\":\"Home\",\"item\":\"https:\\\/\\\/www.jornalja.com.br\\\/arquivo\",\"nextItem\":{\"@type\":\"ListItem\",\"@id\":\"https:\\\/\\\/www.jornalja.com.br\\\/arquivo\\\/category\\\/notas\\\/#listItem\",\"name\":\"NOTAS\"}},{\"@type\":\"ListItem\",\"@id\":\"https:\\\/\\\/www.jornalja.com.br\\\/arquivo\\\/category\\\/notas\\\/#listItem\",\"position\":2,\"name\":\"NOTAS\",\"item\":\"https:\\\/\\\/www.jornalja.com.br\\\/arquivo\\\/category\\\/notas\\\/\",\"nextItem\":{\"@type\":\"ListItem\",\"@id\":\"https:\\\/\\\/www.jornalja.com.br\\\/arquivo\\\/mp-ajuiza-acao-para-implantacao-da-politica-reversa-de-embalagens-em-porto-alegre\\\/#listItem\",\"name\":\"MP aju\\u00edza a\\u00e7\\u00e3o para implanta\\u00e7\\u00e3o da pol\\u00edtica reversa de embalagens em Porto Alegre\"},\"previousItem\":{\"@type\":\"ListItem\",\"@id\":\"https:\\\/\\\/www.jornalja.com.br\\\/arquivo#listItem\",\"name\":\"Home\"}},{\"@type\":\"ListItem\",\"@id\":\"https:\\\/\\\/www.jornalja.com.br\\\/arquivo\\\/mp-ajuiza-acao-para-implantacao-da-politica-reversa-de-embalagens-em-porto-alegre\\\/#listItem\",\"position\":3,\"name\":\"MP aju\\u00edza a\\u00e7\\u00e3o para implanta\\u00e7\\u00e3o da pol\\u00edtica reversa de embalagens em Porto Alegre\",\"previousItem\":{\"@type\":\"ListItem\",\"@id\":\"https:\\\/\\\/www.jornalja.com.br\\\/arquivo\\\/category\\\/notas\\\/#listItem\",\"name\":\"NOTAS\"}}]},{\"@type\":\"Organization\",\"@id\":\"https:\\\/\\\/www.jornalja.com.br\\\/arquivo\\\/#organization\",\"name\":\"Jornal J\\u00c1\",\"description\":\"Jornal J\\u00c1 | Porto Alegre\",\"url\":\"https:\\\/\\\/www.jornalja.com.br\\\/arquivo\\\/\",\"telephone\":\"+555133307272\",\"logo\":{\"@type\":\"ImageObject\",\"url\":\"https:\\\/\\\/www.jornalja.com.br\\\/wp-content\\\/uploads\\\/cards\\\/JAslogan.png\",\"@id\":\"https:\\\/\\\/www.jornalja.com.br\\\/arquivo\\\/mp-ajuiza-acao-para-implantacao-da-politica-reversa-de-embalagens-em-porto-alegre\\\/#organizationLogo\"},\"image\":{\"@id\":\"https:\\\/\\\/www.jornalja.com.br\\\/arquivo\\\/mp-ajuiza-acao-para-implantacao-da-politica-reversa-de-embalagens-em-porto-alegre\\\/#organizationLogo\"}},{\"@type\":\"Person\",\"@id\":\"https:\\\/\\\/www.jornalja.com.br\\\/arquivo\\\/author\\\/daredacao\\\/#author\",\"url\":\"https:\\\/\\\/www.jornalja.com.br\\\/arquivo\\\/author\\\/daredacao\\\/\",\"name\":\"da Reda\\u00e7\\u00e3o\",\"image\":{\"@type\":\"ImageObject\",\"@id\":\"https:\\\/\\\/www.jornalja.com.br\\\/arquivo\\\/mp-ajuiza-acao-para-implantacao-da-politica-reversa-de-embalagens-em-porto-alegre\\\/#authorImage\",\"url\":\"https:\\\/\\\/secure.gravatar.com\\\/avatar\\\/469fd857d6605ad19919d27ed29d35a968a25f6e8fd9318356bbb7f57aae9c65?s=96&d=mm&r=g\",\"width\":96,\"height\":96,\"caption\":\"da Reda\\u00e7\\u00e3o\"}},{\"@type\":\"WebPage\",\"@id\":\"https:\\\/\\\/www.jornalja.com.br\\\/arquivo\\\/mp-ajuiza-acao-para-implantacao-da-politica-reversa-de-embalagens-em-porto-alegre\\\/#webpage\",\"url\":\"https:\\\/\\\/www.jornalja.com.br\\\/arquivo\\\/mp-ajuiza-acao-para-implantacao-da-politica-reversa-de-embalagens-em-porto-alegre\\\/\",\"name\":\"MP aju\\u00edza a\\u00e7\\u00e3o para implanta\\u00e7\\u00e3o da pol\\u00edtica reversa de embalagens em Porto Alegre | Arquivo\",\"inLanguage\":\"pt-BR\",\"isPartOf\":{\"@id\":\"https:\\\/\\\/www.jornalja.com.br\\\/arquivo\\\/#website\"},\"breadcrumb\":{\"@id\":\"https:\\\/\\\/www.jornalja.com.br\\\/arquivo\\\/mp-ajuiza-acao-para-implantacao-da-politica-reversa-de-embalagens-em-porto-alegre\\\/#breadcrumblist\"},\"author\":{\"@id\":\"https:\\\/\\\/www.jornalja.com.br\\\/arquivo\\\/author\\\/daredacao\\\/#author\"},\"creator\":{\"@id\":\"https:\\\/\\\/www.jornalja.com.br\\\/arquivo\\\/author\\\/daredacao\\\/#author\"},\"datePublished\":\"2017-07-20T16:14:50-03:00\",\"dateModified\":\"2017-07-20T16:14:50-03:00\"},{\"@type\":\"WebSite\",\"@id\":\"https:\\\/\\\/www.jornalja.com.br\\\/arquivo\\\/#website\",\"url\":\"https:\\\/\\\/www.jornalja.com.br\\\/arquivo\\\/\",\"name\":\"Arquivo\",\"description\":\"Jornal J\\u00c1 | Porto Alegre\",\"inLanguage\":\"pt-BR\",\"publisher\":{\"@id\":\"https:\\\/\\\/www.jornalja.com.br\\\/arquivo\\\/#organization\"}}]}\n\t\t<\/script>\n\t\t<!-- All in One SEO -->\n\n","aioseo_head_json":{"title":"MP aju\u00edza a\u00e7\u00e3o para implanta\u00e7\u00e3o da pol\u00edtica reversa de embalagens em Porto Alegre | Arquivo","description":"","canonical_url":"https:\/\/www.jornalja.com.br\/arquivo\/mp-ajuiza-acao-para-implantacao-da-politica-reversa-de-embalagens-em-porto-alegre\/","robots":"max-image-preview:large","keywords":"","webmasterTools":{"miscellaneous":""},"schema":{"@context":"https:\/\/schema.org","@graph":[{"@type":"BlogPosting","@id":"https:\/\/www.jornalja.com.br\/arquivo\/mp-ajuiza-acao-para-implantacao-da-politica-reversa-de-embalagens-em-porto-alegre\/#blogposting","name":"MP aju\u00edza a\u00e7\u00e3o para implanta\u00e7\u00e3o da pol\u00edtica reversa de embalagens em Porto Alegre | Arquivo","headline":"MP aju\u00edza a\u00e7\u00e3o para implanta\u00e7\u00e3o da pol\u00edtica reversa de embalagens em Porto Alegre","author":{"@id":"https:\/\/www.jornalja.com.br\/arquivo\/author\/daredacao\/#author"},"publisher":{"@id":"https:\/\/www.jornalja.com.br\/arquivo\/#organization"},"image":{"@type":"ImageObject","url":"https:\/\/www.jornalja.com.br\/wp-content\/uploads\/cards\/JAslogan.png","@id":"https:\/\/www.jornalja.com.br\/arquivo\/#articleImage"},"datePublished":"2017-07-20T16:14:50-03:00","dateModified":"2017-07-20T16:14:50-03:00","inLanguage":"pt-BR","mainEntityOfPage":{"@id":"https:\/\/www.jornalja.com.br\/arquivo\/mp-ajuiza-acao-para-implantacao-da-politica-reversa-de-embalagens-em-porto-alegre\/#webpage"},"isPartOf":{"@id":"https:\/\/www.jornalja.com.br\/arquivo\/mp-ajuiza-acao-para-implantacao-da-politica-reversa-de-embalagens-em-porto-alegre\/#webpage"},"articleSection":"NOTAS"},{"@type":"BreadcrumbList","@id":"https:\/\/www.jornalja.com.br\/arquivo\/mp-ajuiza-acao-para-implantacao-da-politica-reversa-de-embalagens-em-porto-alegre\/#breadcrumblist","itemListElement":[{"@type":"ListItem","@id":"https:\/\/www.jornalja.com.br\/arquivo#listItem","position":1,"name":"Home","item":"https:\/\/www.jornalja.com.br\/arquivo","nextItem":{"@type":"ListItem","@id":"https:\/\/www.jornalja.com.br\/arquivo\/category\/notas\/#listItem","name":"NOTAS"}},{"@type":"ListItem","@id":"https:\/\/www.jornalja.com.br\/arquivo\/category\/notas\/#listItem","position":2,"name":"NOTAS","item":"https:\/\/www.jornalja.com.br\/arquivo\/category\/notas\/","nextItem":{"@type":"ListItem","@id":"https:\/\/www.jornalja.com.br\/arquivo\/mp-ajuiza-acao-para-implantacao-da-politica-reversa-de-embalagens-em-porto-alegre\/#listItem","name":"MP aju\u00edza a\u00e7\u00e3o para implanta\u00e7\u00e3o da pol\u00edtica reversa de embalagens em Porto Alegre"},"previousItem":{"@type":"ListItem","@id":"https:\/\/www.jornalja.com.br\/arquivo#listItem","name":"Home"}},{"@type":"ListItem","@id":"https:\/\/www.jornalja.com.br\/arquivo\/mp-ajuiza-acao-para-implantacao-da-politica-reversa-de-embalagens-em-porto-alegre\/#listItem","position":3,"name":"MP aju\u00edza a\u00e7\u00e3o para implanta\u00e7\u00e3o da pol\u00edtica reversa de embalagens em Porto Alegre","previousItem":{"@type":"ListItem","@id":"https:\/\/www.jornalja.com.br\/arquivo\/category\/notas\/#listItem","name":"NOTAS"}}]},{"@type":"Organization","@id":"https:\/\/www.jornalja.com.br\/arquivo\/#organization","name":"Jornal J\u00c1","description":"Jornal J\u00c1 | Porto Alegre","url":"https:\/\/www.jornalja.com.br\/arquivo\/","telephone":"+555133307272","logo":{"@type":"ImageObject","url":"https:\/\/www.jornalja.com.br\/wp-content\/uploads\/cards\/JAslogan.png","@id":"https:\/\/www.jornalja.com.br\/arquivo\/mp-ajuiza-acao-para-implantacao-da-politica-reversa-de-embalagens-em-porto-alegre\/#organizationLogo"},"image":{"@id":"https:\/\/www.jornalja.com.br\/arquivo\/mp-ajuiza-acao-para-implantacao-da-politica-reversa-de-embalagens-em-porto-alegre\/#organizationLogo"}},{"@type":"Person","@id":"https:\/\/www.jornalja.com.br\/arquivo\/author\/daredacao\/#author","url":"https:\/\/www.jornalja.com.br\/arquivo\/author\/daredacao\/","name":"da Reda\u00e7\u00e3o","image":{"@type":"ImageObject","@id":"https:\/\/www.jornalja.com.br\/arquivo\/mp-ajuiza-acao-para-implantacao-da-politica-reversa-de-embalagens-em-porto-alegre\/#authorImage","url":"https:\/\/secure.gravatar.com\/avatar\/469fd857d6605ad19919d27ed29d35a968a25f6e8fd9318356bbb7f57aae9c65?s=96&d=mm&r=g","width":96,"height":96,"caption":"da Reda\u00e7\u00e3o"}},{"@type":"WebPage","@id":"https:\/\/www.jornalja.com.br\/arquivo\/mp-ajuiza-acao-para-implantacao-da-politica-reversa-de-embalagens-em-porto-alegre\/#webpage","url":"https:\/\/www.jornalja.com.br\/arquivo\/mp-ajuiza-acao-para-implantacao-da-politica-reversa-de-embalagens-em-porto-alegre\/","name":"MP aju\u00edza a\u00e7\u00e3o para implanta\u00e7\u00e3o da pol\u00edtica reversa de embalagens em Porto Alegre | Arquivo","inLanguage":"pt-BR","isPartOf":{"@id":"https:\/\/www.jornalja.com.br\/arquivo\/#website"},"breadcrumb":{"@id":"https:\/\/www.jornalja.com.br\/arquivo\/mp-ajuiza-acao-para-implantacao-da-politica-reversa-de-embalagens-em-porto-alegre\/#breadcrumblist"},"author":{"@id":"https:\/\/www.jornalja.com.br\/arquivo\/author\/daredacao\/#author"},"creator":{"@id":"https:\/\/www.jornalja.com.br\/arquivo\/author\/daredacao\/#author"},"datePublished":"2017-07-20T16:14:50-03:00","dateModified":"2017-07-20T16:14:50-03:00"},{"@type":"WebSite","@id":"https:\/\/www.jornalja.com.br\/arquivo\/#website","url":"https:\/\/www.jornalja.com.br\/arquivo\/","name":"Arquivo","description":"Jornal J\u00c1 | Porto Alegre","inLanguage":"pt-BR","publisher":{"@id":"https:\/\/www.jornalja.com.br\/arquivo\/#organization"}}]},"og:locale":"pt_BR","og:site_name":"Arquivo | Jornal J\u00c1 | Porto Alegre","og:type":"article","og:title":"MP aju\u00edza a\u00e7\u00e3o para implanta\u00e7\u00e3o da pol\u00edtica reversa de embalagens em Porto Alegre | Arquivo","og:url":"https:\/\/www.jornalja.com.br\/arquivo\/mp-ajuiza-acao-para-implantacao-da-politica-reversa-de-embalagens-em-porto-alegre\/","og:image":"https:\/\/www.jornalja.com.br\/economics\/wp-content\/uploads\/sites\/11\/2026\/08\/ja-folhaderosto-facebook.jpg","og:image:secure_url":"https:\/\/www.jornalja.com.br\/economics\/wp-content\/uploads\/sites\/11\/2026\/08\/ja-folhaderosto-facebook.jpg","article:published_time":"2017-07-20T19:14:50+00:00","article:modified_time":"2017-07-20T19:14:50+00:00","twitter:card":"summary","twitter:title":"MP aju\u00edza a\u00e7\u00e3o para implanta\u00e7\u00e3o da pol\u00edtica reversa de embalagens em Porto Alegre | Arquivo","twitter:image":"https:\/\/www.jornalja.com.br\/economics\/wp-content\/uploads\/sites\/11\/2026\/08\/ja-folhaderosto-facebook.jpg"},"aioseo_meta_data":{"post_id":"51815","title":null,"description":null,"keywords":null,"keyphrases":null,"primary_term":null,"canonical_url":null,"og_title":null,"og_description":null,"og_object_type":"default","og_image_type":"default","og_image_url":null,"og_image_width":null,"og_image_height":null,"og_image_custom_url":null,"og_image_custom_fields":null,"og_video":null,"og_custom_url":null,"og_article_section":null,"og_article_tags":null,"twitter_use_og":false,"twitter_card":"default","twitter_image_type":"default","twitter_image_url":null,"twitter_image_custom_url":null,"twitter_image_custom_fields":null,"twitter_title":null,"twitter_description":null,"schema":{"blockGraphs":[],"customGraphs":[],"default":{"data":{"Article":[],"Course":[],"Dataset":[],"FAQPage":[],"Movie":[],"Person":[],"Product":[],"ProductReview":[],"Car":[],"Recipe":[],"Service":[],"SoftwareApplication":[],"WebPage":[]},"graphName":"","isEnabled":true},"graphs":[],"defaultGraph":"","defaultPostTypeGraph":""},"schema_type":null,"schema_type_options":null,"pillar_content":false,"robots_default":true,"robots_noindex":false,"robots_noarchive":false,"robots_nosnippet":false,"robots_nofollow":false,"robots_noimageindex":false,"robots_noodp":false,"robots_notranslate":false,"robots_max_snippet":null,"robots_max_videopreview":null,"robots_max_imagepreview":"large","priority":null,"frequency":null,"location":null,"local_seo":null,"breadcrumb_settings":null,"limit_modified_date":false,"ai":null,"created":"2020-12-20 20:29:05","updated":"2025-07-19 23:26:44","seo_analyzer_scan_date":null,"focus_keyword":null,"additional_keywords":null,"truseo_locale":null},"jetpack_sharing_enabled":true,"jetpack-related-posts":[{"id":13109,"url":"https:\/\/www.jornalja.com.br\/arquivo\/judiciario-reconhece-poluicao-eletromagnetica\/","url_meta":{"origin":51815,"position":0},"title":"Judici\u00e1rio reconhece polui\u00e7\u00e3o eletromagn\u00e9tica","author":"Patr\u00edcia Marini","date":"16 de maio de 2014","format":false,"excerpt":"A\u00e7\u00e3o de duas associa\u00e7\u00f5es de moradores foi acolhida pelo Tribunal de Justi\u00e7a de S\u00e3o Paulo que. em decis\u00e3o in\u00e9dita, determinou a redu\u00e7\u00e3o do campo eletromagn\u00e9tico gerado pelas linhas de transmiss\u00e3o de energia que cortam os bairros City Boa\u00e7ava e Alto de Pinheiros. \u00c9 a primeira vez que um tribunal do\u2026","rel":"","context":"Em &quot;X.Categorias velhas&quot;","block_context":{"text":"X.Categorias velhas","link":"https:\/\/www.jornalja.com.br\/arquivo\/category\/x-categorias-velhas\/"},"img":{"alt_text":"","src":"","width":0,"height":0},"classes":[]},{"id":14241,"url":"https:\/\/www.jornalja.com.br\/arquivo\/o-guaiba-nas-imagens-poeticas-de-achutti\/","url_meta":{"origin":51815,"position":1},"title":"O Gua\u00edba nas imagens po\u00e9ticas de Achutti","author":"da Reda\u00e7\u00e3o","date":"18 de junho de 2014","format":false,"excerpt":"Em \u201cO Gua\u00edba por Achutti\u201d \u2013 obra financiada via Minist\u00e9rio da Cultura, produ\u00e7\u00e3o executiva de Pedro Longhi, e Fl\u00e1vio Wild como designer \u2013, o fot\u00f3grafo revela a beleza e as mazelas de um espa\u00e7o aqu\u00e1tico de \u00e1guas sempre renovadas, cheio de hist\u00f3rias e lendas como as das cidades que foram\u2026","rel":"","context":"Em &quot;Cultura-Geral&quot;","block_context":{"text":"Cultura-Geral","link":"https:\/\/www.jornalja.com.br\/arquivo\/category\/materiasecundaria\/"},"img":{"alt_text":"","src":"","width":0,"height":0},"classes":[]},{"id":5440,"url":"https:\/\/www.jornalja.com.br\/arquivo\/casarao-da-venancio-destino-permanece-incerto\/","url_meta":{"origin":51815,"position":2},"title":"Estado ainda n\u00e3o sabe o que fazer com casar\u00e3o abandonado h\u00e1 20 anos","author":"Elmar Bones","date":"6 de julho de 2009","format":false,"excerpt":"O casar\u00e3o amarelo, numa esquina nobre de Porto Alegre (Ven\u00e2ncio Aires com Jo\u00e3o Pessoa), j\u00e1 abrigou uma escola. H\u00e1 duas d\u00e9cadas, pelo menos, est\u00e1 abandonado, porque seu propriet\u00e1rio, o governo do Estado do Rio Grande do Sul, n\u00e3o consegue achar um destino para ele. Planos n\u00e3o faltaram. O governador Ol\u00edvio\u2026","rel":"","context":"Em &quot;X.Categorias velhas&quot;","block_context":{"text":"X.Categorias velhas","link":"https:\/\/www.jornalja.com.br\/arquivo\/category\/x-categorias-velhas\/"},"img":{"alt_text":"geraldo1","src":"https:\/\/i0.wp.com\/www.jornalja.com.br\/wp-content\/uploads\/2009\/07\/geraldo1.jpg?resize=350%2C200&ssl=1","width":350,"height":200},"classes":[]},{"id":1280,"url":"https:\/\/www.jornalja.com.br\/arquivo\/o-menino-que-se-tornou-brizola\/","url_meta":{"origin":51815,"position":3},"title":"O Menino que se Tornou Brizola","author":"da Reda\u00e7\u00e3o","date":"28 de julho de 2008","format":false,"excerpt":"Autor: Cleber Dioni A vida de Leonel Brizola, com \u00eanfase para os primeiros anos em Porto Alegre, at\u00e9 o ex\u00edlio no Uruguai e a volta, quinze anos depois. \u00a0\"...\u00c9ramos todos jovens e nos identific\u00e1vamos com aquela massa an\u00f4nima a percorrer as ruas de Porto Alegre, gritando 'Get\u00falio', 'Get\u00falio' e empunhando\u2026","rel":"","context":"Em &quot;Livros&quot;","block_context":{"text":"Livros","link":"https:\/\/www.jornalja.com.br\/arquivo\/category\/livros\/"},"img":{"alt_text":"","src":"https:\/\/i0.wp.com\/www.jornalja.com.br\/wp-content\/uploads\/2008\/07\/brizola.gif?resize=350%2C200&ssl=1","width":350,"height":200},"classes":[]},{"id":13240,"url":"https:\/\/www.jornalja.com.br\/arquivo\/plano-diretor-estamos-construindo-o-caos\/","url_meta":{"origin":51815,"position":4},"title":"Plano diretor: &quot;Estamos construindo o caos&quot;","author":"Patr\u00edcia Marini","date":"26 de maio de 2014","format":false,"excerpt":"Desabafo que arquiteta Eliana Castilhos, delegada da Regi\u00e3o de Planejamento 1, postou nas redes sociais \u00e9 um testemunho do ambiente que se criou no Conselho do Plano Diretor de Porto Alegre, onde a aprova\u00e7\u00e3o de grandes empreendimentos \u00e9 empurrada guela abaixo dos conselheiros. Ao CMDUA Como delegada da Regi\u00e3o de\u2026","rel":"","context":"Em &quot;Geral&quot;","block_context":{"text":"Geral","link":"https:\/\/www.jornalja.com.br\/arquivo\/category\/geral\/"},"img":{"alt_text":"","src":"","width":0,"height":0},"classes":[]},{"id":12960,"url":"https:\/\/www.jornalja.com.br\/arquivo\/populacao-culpa-empresas-pela-greve-dos-rodoviarios\/","url_meta":{"origin":51815,"position":5},"title":"Popula\u00e7\u00e3o culpa empresas pela greve","author":"Patr\u00edcia Marini","date":"14 de fevereiro de 2014","format":false,"excerpt":"Pesquisa divulgada na edi\u00e7\u00e3o do jornal Metro desta sexta-feira,14, comprova o velho ditado: \u00e9 poss\u00edvel enganar muitos por algum tempo, mas n\u00e3o \u00e9 poss\u00edvel enganar a todos o tempo inteiro. A principal revela\u00e7\u00e3o foi que 59,8% dos entrevistados apontaram as empresas como as principais respons\u00e1veis pela grave e 46% culparam\u2026","rel":"","context":"Em &quot;X.Categorias velhas&quot;","block_context":{"text":"X.Categorias velhas","link":"https:\/\/www.jornalja.com.br\/arquivo\/category\/x-categorias-velhas\/"},"img":{"alt_text":"","src":"","width":0,"height":0},"classes":[]}],"jetpack_shortlink":"https:\/\/wp.me\/pbQjBd-dtJ","jetpack_featured_media_url":"","_links":{"self":[{"href":"https:\/\/www.jornalja.com.br\/arquivo\/wp-json\/wp\/v2\/posts\/51815","targetHints":{"allow":["GET"]}}],"collection":[{"href":"https:\/\/www.jornalja.com.br\/arquivo\/wp-json\/wp\/v2\/posts"}],"about":[{"href":"https:\/\/www.jornalja.com.br\/arquivo\/wp-json\/wp\/v2\/types\/post"}],"author":[{"embeddable":true,"href":"https:\/\/www.jornalja.com.br\/arquivo\/wp-json\/wp\/v2\/users\/4"}],"replies":[{"embeddable":true,"href":"https:\/\/www.jornalja.com.br\/arquivo\/wp-json\/wp\/v2\/comments?post=51815"}],"version-history":[{"count":0,"href":"https:\/\/www.jornalja.com.br\/arquivo\/wp-json\/wp\/v2\/posts\/51815\/revisions"}],"wp:attachment":[{"href":"https:\/\/www.jornalja.com.br\/arquivo\/wp-json\/wp\/v2\/media?parent=51815"}],"wp:term":[{"taxonomy":"category","embeddable":true,"href":"https:\/\/www.jornalja.com.br\/arquivo\/wp-json\/wp\/v2\/categories?post=51815"},{"taxonomy":"post_tag","embeddable":true,"href":"https:\/\/www.jornalja.com.br\/arquivo\/wp-json\/wp\/v2\/tags?post=51815"}],"curies":[{"name":"wp","href":"https:\/\/api.w.org\/{rel}","templated":true}]}}