{"id":51823,"date":"2017-07-20T18:19:48","date_gmt":"2017-07-20T21:19:48","guid":{"rendered":"https:\/\/www.jornalja.com.br\/?p=51823"},"modified":"2017-07-20T18:19:48","modified_gmt":"2017-07-20T21:19:48","slug":"marco-aurelio-garcia-comecou-na-politica-como-vereador-em-porto-alegre","status":"publish","type":"post","link":"https:\/\/www.jornalja.com.br\/arquivo\/marco-aurelio-garcia-comecou-na-politica-como-vereador-em-porto-alegre\/","title":{"rendered":"Marco Aur\u00e9lio Garcia come\u00e7ou na pol\u00edtica como vereador em Porto Alegre"},"content":{"rendered":"<p>A morte do professor Marco Aur\u00e9lio Garcia, ex-assessor especial da Presid\u00eancia da Rep\u00fablica, repercutiu entre l\u00edderes e pol\u00edticos da esquerda brasileira.<br \/>\nAtuante no Partido dos Trabalhadores desde a sua funda\u00e7\u00e3o, Garcia era professor aposentado do Departamento de Hist\u00f3ria da Unicamp, com uma longa trajet\u00f3ria de intelectual ligado \u00e0 esquerda.<br \/>\nEstudou no J\u00falio de Castilhos, onde atuou no movimento estudantil. Formou-se pela Universidade Federal do Rio Grande do Sul em filosofia e direito.<br \/>\nNa d\u00e9cada de 60, foi vice-presidente da Uni\u00e3o Nacional de Estudantes e vereador da cidade de Porto Alegre.<br \/>\nViveu nove anos (1970 a 1979) exilado no Chile e na Fran\u00e7a. Com a anistia, retornou ao Brasil e retomou a milit\u00e2ncia pol\u00edtica. Foi dos fundadores do Partido dos Trabalhadores.<br \/>\nEm 1990, Secret\u00e1rio de Rela\u00e7\u00f5es Exteriores do PT, foi um dos organizadores do F\u00f3rum de S\u00e3o Paulo, oara reunir todos os grupos de esquerda na Am\u00e9rica Latina e no Caribe.<br \/>\nFoi Secret\u00e1rio de Cultura em S\u00e3o Paulo e Campinas.<br \/>\nCoordenou o programa de Lula para as elei\u00e7\u00f5es de 1994, 1998 e 2006. Ocupou o cargo de presidente interino do PT de 6 de outubro de 2006 a 2 de janeiro de 2007 e vice-presidente de outubro de 2005 a fevereiro de 2010.<br \/>\nEm 2007, tornou-se um assessor especial em pol\u00edtica externa do presidente Lula e continuou nesse cargo com a presidente Dilma. Em confid\u00eancia a seu amigo Cl\u00f3vis Rossi, da Folha de S\u00e3o Paulo, disse que tinha pouco a fazer e por isso &#8220;andava lendo muito&#8221;.<br \/>\nEle tinha 76 anos e foi v\u00edtima de um infarto nesta quinta-feira, 20.<br \/>\nMarco Aur\u00e9lio Garcia foi um importante l\u00edder na constru\u00e7\u00e3o e execu\u00e7\u00e3o da pol\u00edtica externa brasileira durante o governo do ex-presidente Luiz In\u00e1cio Lula da Silva. Foi um dos idealizadores dos BRICs e do fortalecimento das rela\u00e7\u00f5es Sul-Sul.<br \/>\nEm entrevista \u00a0recente, Marco Aur\u00e9lio Garcia criticou a pol\u00edtica externa do Brasil no governo de Michel Temer.<br \/>\n&#8220;N\u00f3s jogamos fora a pol\u00edtica sul-americana&#8221;, afirma. De acordo com ele, o mundo &#8220;n\u00e3o est\u00e1 vendo&#8221; o Brasil nesse momento.<br \/>\n&#8220;Antes, \u00e9ramos acusados de fazer pol\u00edtica ideol\u00f3gica, mas n\u00f3s faz\u00edamos pol\u00edtica com os governos da regi\u00e3o. Agora, tanto o ministro Jos\u00e9 Serra quanto o Aloysio Nunes procuraram, sim, fazer uma pol\u00edtica ideol\u00f3gica, mas uma pol\u00edtica ideol\u00f3gica de direita, se associando com setores de oposi\u00e7\u00e3o na maioria dos pa\u00edses, na Venezuela em particular, e com isso, perdendo a oportunidade de exercer uma fun\u00e7\u00e3o mediadora&#8221;, avalia.<br \/>\nGarcia criticou ainda o que chamou de &#8220;paspalhada tremenda da carne&#8221;, que &#8220;num clique&#8221; destruiu o que foi trabalhado durante 13 ou 14 anos para se abrir e conquistar o mercado internacional nesse setor.<br \/>\n&#8220;Isso arruinou o com\u00e9rcio internacional, vamos ter um preju\u00edzo de 2 a 3 bilh\u00f5es de d\u00f3lares, que \u00e9 mais ou menos o que foi feito em outras \u00e1reas, como das empreiteiras&#8221;, exemplificou, em refer\u00eancia \u00e0 Opera\u00e7\u00e3o Lava Jato.<br \/>\n&#8220;Vamos ter claro o seguinte: ningu\u00e9m est\u00e1 defendendo arbitrariedades cometidas por empresas privadas, t\u00eam que ser fiscalizadas, punidas. Mas tivemos a\u00ed uma a\u00e7\u00e3o espetacular, como t\u00eam sido todas as a\u00e7\u00f5es do governo, que se utiliza disso para lan\u00e7ar p\u00f3 nos olhos da sociedade brasileira e impedir que ela acompanhe os verdadeiros problemas que o Brasil vem enfrentando&#8221;, conclui.<br \/>\nA ex-presidente Dilma, que reduziu a influ\u00eancia de Marco Aur\u00e9lio na pol\u00edtica externa brasileira, emitiu uma nota:<br \/>\n&#8220;Hoje \u00e9 um dia de dor para todos n\u00f3s, que compartilhamos com ele seus muitos sonhos, hist\u00f3rias e lutas. Era um amigo querido, de humor fino e contagiante, sempre generoso e cheio de ideias, dono de uma mente arguta e brilhante&#8221;.<br \/>\nNas redes sociais, v\u00e1rios parlamentares e l\u00edderes lamentaram a perda. Leia algumas manifesta\u00e7\u00f5es:<\/p>\n<div class=\"SandboxRoot env-bp-350\" data-twitter-event-id=\"0\">\n<div id=\"twitter-widget-1\" class=\"EmbeddedTweet EmbeddedTweet--edge js-clickToOpenTarget tweet-InformationCircle-widgetParent\" lang=\"pt\" data-click-to-open-target=\"http:\/\/twitter.com\/jorgeviana\/status\/888106277766709250\" data-iframe-title=\"Tweet do Twitter\" data-dt-full=\"%{hours24}: %{minutes} - %{day} %{month} %{year} \" data-dt-months=\"Jan|Feb|Mar|Apr|May|Jun|Jul|Aug|Sep|Oct|Nov|Dec\" data-dt-am=\"AM\" data-dt-pm=\"PM\" data-dt-now=\"now\" data-dt-s=\"s\" data-dt-m=\"m\" data-dt-h=\"h\" data-dt-second=\"segundo\" data-dt-seconds=\"segundos\" data-dt-minute=\"minuto\" data-dt-minutes=\"minutos\" data-dt-hour=\"hora\" data-dt-hours=\"horas\" data-dt-abbr=\"%{number}%{symbol}\" data-dt-short=\"%{day} %{month}\" data-dt-long=\"%{day} %{month} %{year}\" data-scribe=\"page:tweet\" data-twitter-event-id=\"7\">\n<div class=\"EmbeddedTweet-tweet\">\n<blockquote class=\"Tweet h-entry js-tweetIdInfo subject expanded is-deciderHtmlWhitespace\" cite=\"http:\/\/twitter.com\/jorgeviana\/status\/888106277766709250\" data-tweet-id=\"888106277766709250\" data-scribe=\"section:subject\">\n<div class=\"Tweet-header u-cf\"><\/div>\n<div class=\"Tweet-body e-entry-content\" data-scribe=\"component:tweet\">\n<div class=\"Tweet-card\"><\/div>\n<ul class=\"Tweet-actions\" data-scribe=\"component:actions\">\n<li style=\"list-style-type: none\">\n<ul class=\"Tweet-actions\" data-scribe=\"component:actions\">Chico D\u00b4Angelo:<\/ul>\n<\/li>\n<\/ul>\n<\/div>\n<\/blockquote>\n<\/div>\n<\/div>\n<\/div>\n<div class=\"SandboxRoot env-bp-350\" data-twitter-event-id=\"1\">\n<div id=\"twitter-widget-2\" class=\"EmbeddedTweet EmbeddedTweet--edge js-clickToOpenTarget tweet-InformationCircle-widgetParent\" lang=\"pt\" data-click-to-open-target=\"http:\/\/twitter.com\/chico_dangelo\/status\/888105187725856768\" data-iframe-title=\"Tweet do Twitter\" data-dt-full=\"%{hours24}: %{minutes} - %{day} %{month} %{year} \" data-dt-months=\"Jan|Feb|Mar|Apr|May|Jun|Jul|Aug|Sep|Oct|Nov|Dec\" data-dt-am=\"AM\" data-dt-pm=\"PM\" data-dt-now=\"now\" data-dt-s=\"s\" data-dt-m=\"m\" data-dt-h=\"h\" data-dt-second=\"segundo\" data-dt-seconds=\"segundos\" data-dt-minute=\"minuto\" data-dt-minutes=\"minutos\" data-dt-hour=\"hora\" data-dt-hours=\"horas\" data-dt-abbr=\"%{number}%{symbol}\" data-dt-short=\"%{day} %{month}\" data-dt-long=\"%{day} %{month} %{year}\" data-scribe=\"page:tweet\" data-twitter-event-id=\"6\">\n<div class=\"EmbeddedTweet-tweet\">\n<blockquote class=\"Tweet h-entry js-tweetIdInfo subject expanded is-deciderHtmlWhitespace\" cite=\"http:\/\/twitter.com\/chico_dangelo\/status\/888105187725856768\" data-tweet-id=\"888105187725856768\" data-scribe=\"section:subject\">\n<div class=\"Tweet-body e-entry-content\" data-scribe=\"component:tweet\">\n<p class=\"Tweet-text e-entry-title\" dir=\"ltr\" lang=\"pt\">A morte de Marco Aur\u00e9lio Garcia \u00e9 uma grande perda, ele foi essencial na constru\u00e7\u00e3o da pol\u00edtica externa de Lula.<\/p>\n<div class=\"MediaCard-widthConstraint js-cspForcedStyle\" data-style=\"max-width: 640px\"><\/div>\n<\/div>\n<\/blockquote>\n<\/div>\n<\/div>\n<\/div>\n<div class=\"SandboxRoot env-bp-350\" data-twitter-event-id=\"3\">\n<div id=\"twitter-widget-4\" class=\"EmbeddedTweet EmbeddedTweet--edge EmbeddedTweet--mediaForward media-forward js-clickToOpenTarget js-tweetIdInfo tweet-InformationCircle-widgetParent\" lang=\"pt\" data-click-to-open-target=\"http:\/\/twitter.com\/BohnGass\/status\/888101832043761665\" data-iframe-title=\"Tweet do Twitter\" data-dt-full=\"%{hours24}: %{minutes} - %{day} %{month} %{year} \" data-dt-months=\"Jan|Feb|Mar|Apr|May|Jun|Jul|Aug|Sep|Oct|Nov|Dec\" data-dt-am=\"AM\" data-dt-pm=\"PM\" data-dt-now=\"now\" data-dt-s=\"s\" data-dt-m=\"m\" data-dt-h=\"h\" data-dt-second=\"segundo\" data-dt-seconds=\"segundos\" data-dt-minute=\"minuto\" data-dt-minutes=\"minutos\" data-dt-hour=\"hora\" data-dt-hours=\"horas\" data-dt-abbr=\"%{number}%{symbol}\" data-dt-short=\"%{day} %{month}\" data-dt-long=\"%{day} %{month} %{year}\" data-scribe=\"page:tweet\" data-tweet-id=\"888101832043761665\" data-twitter-event-id=\"8\">\n<div class=\"EmbeddedTweet-tweet\">\n<blockquote class=\"Tweet h-entry js-tweetIdInfo subject expanded is-deciderHtmlWhitespace\" cite=\"http:\/\/twitter.com\/BohnGass\/status\/888101832043761665\" data-tweet-id=\"888101832043761665\" data-scribe=\"section:subject\">\n<div class=\"Tweet-header u-cf\">\n<div class=\"Tweet-brand u-floatRight\">\n<div class=\"Icon Icon--verified \" title=\"Conta Verificada\"><span class=\"TweetAuthor-screenName Identity-screenName\" dir=\"ltr\" title=\"@BohnGass\" data-scribe=\"element:screen_name\">\u00a0 \u00a0 \u00a0 \u00a0 \u00a0 Elvino Bon Gass:<\/span><\/div>\n<\/div>\n<\/div>\n<div class=\"Tweet-body e-entry-content\" data-scribe=\"component:tweet\">\n<p class=\"Tweet-text e-entry-title\" dir=\"ltr\" lang=\"pt\">PT perde um de seus quadros + qualificados. Prof Marco Aur\u00e9lio Garcia, um dos mentores dos Brics, assessor especial de Lula.<\/p>\n<div class=\"Icon Icon--verified \" title=\"Conta Verificada\"><\/div>\n<div class=\"Icon Icon--verified \" title=\"Conta Verificada\">Maria do Ros\u00e1rio:<\/div>\n<\/div>\n<\/blockquote>\n<\/div>\n<\/div>\n<\/div>\n<div class=\"SandboxRoot env-bp-350\" data-twitter-event-id=\"4\">\n<div id=\"twitter-widget-5\" class=\"EmbeddedTweet EmbeddedTweet--edge js-clickToOpenTarget tweet-InformationCircle-widgetParent\" lang=\"pt\" data-click-to-open-target=\"http:\/\/twitter.com\/mariadorosario\/status\/888104153779535874\" data-iframe-title=\"Tweet do Twitter\" data-dt-full=\"%{hours24}: %{minutes} - %{day} %{month} %{year} \" data-dt-months=\"Jan|Feb|Mar|Apr|May|Jun|Jul|Aug|Sep|Oct|Nov|Dec\" data-dt-am=\"AM\" data-dt-pm=\"PM\" data-dt-now=\"now\" data-dt-s=\"s\" data-dt-m=\"m\" data-dt-h=\"h\" data-dt-second=\"segundo\" data-dt-seconds=\"segundos\" data-dt-minute=\"minuto\" data-dt-minutes=\"minutos\" data-dt-hour=\"hora\" data-dt-hours=\"horas\" data-dt-abbr=\"%{number}%{symbol}\" data-dt-short=\"%{day} %{month}\" data-dt-long=\"%{day} %{month} %{year}\" data-scribe=\"page:tweet\" data-twitter-event-id=\"10\">\n<div class=\"EmbeddedTweet-tweet\">\n<blockquote class=\"Tweet h-entry js-tweetIdInfo subject expanded is-deciderHtmlWhitespace\" cite=\"http:\/\/twitter.com\/mariadorosario\/status\/888104153779535874\" data-tweet-id=\"888104153779535874\" data-scribe=\"section:subject\">\n<div class=\"Tweet-body e-entry-content\" data-scribe=\"component:tweet\">\n<p class=\"Tweet-text e-entry-title\" dir=\"ltr\" lang=\"pt\">A esquerda do mundo em luto. Um amigo dos povos, professor e articulador da atua\u00e7\u00e3o internacionalista, morre Marco Aur\u00e9lio Garcia.<\/p>\n<p class=\"Tweet-text e-entry-title\" dir=\"ltr\" lang=\"pt\"><span class=\"TweetAuthor-screenName Identity-screenName\" dir=\"ltr\" title=\"@tarsogenro\" data-scribe=\"element:screen_name\">Tarso Genro:<\/span><\/p>\n<\/div>\n<\/blockquote>\n<\/div>\n<\/div>\n<\/div>\n<div class=\"SandboxRoot env-bp-350\" data-twitter-event-id=\"5\">\n<div id=\"twitter-widget-6\" class=\"EmbeddedTweet EmbeddedTweet--edge js-clickToOpenTarget tweet-InformationCircle-widgetParent\" lang=\"pt\" data-click-to-open-target=\"http:\/\/twitter.com\/tarsogenro\/status\/888100411655286787\" data-iframe-title=\"Tweet do Twitter\" data-dt-full=\"%{hours24}: %{minutes} - %{day} %{month} %{year} \" data-dt-months=\"Jan|Feb|Mar|Apr|May|Jun|Jul|Aug|Sep|Oct|Nov|Dec\" data-dt-am=\"AM\" data-dt-pm=\"PM\" data-dt-now=\"now\" data-dt-s=\"s\" data-dt-m=\"m\" data-dt-h=\"h\" data-dt-second=\"segundo\" data-dt-seconds=\"segundos\" data-dt-minute=\"minuto\" data-dt-minutes=\"minutos\" data-dt-hour=\"hora\" data-dt-hours=\"horas\" data-dt-abbr=\"%{number}%{symbol}\" data-dt-short=\"%{day} %{month}\" data-dt-long=\"%{day} %{month} %{year}\" data-scribe=\"page:tweet\" data-twitter-event-id=\"9\">\n<div class=\"EmbeddedTweet-tweet\">\n<blockquote class=\"Tweet h-entry js-tweetIdInfo subject expanded is-deciderHtmlWhitespace\" cite=\"http:\/\/twitter.com\/tarsogenro\/status\/888100411655286787\" data-tweet-id=\"888100411655286787\" data-scribe=\"section:subject\">\n<div class=\"Tweet-header u-cf\"><\/div>\n<div class=\"Tweet-body e-entry-content\" data-scribe=\"component:tweet\">\n<p class=\"Tweet-text e-entry-title\" dir=\"ltr\" lang=\"pt\">Marco Aur\u00e9lio Garcia, amigo fraterno, grande quadro da esquerda e militante hist\u00f3rico do PT. Ser humano excepcional. Dor e luto.<\/p>\n<\/div>\n<\/blockquote>\n<\/div>\n<\/div>\n<\/div>\n<p>Jorge Viana:<br \/>\n&#8220;O professor Marco Aur\u00e9lio era um intelectual e militante apaixonado pela pol\u00edtica, um perseverante sonhador que lutou pela justi\u00e7a social desde a juventude. Sempre foi uma refer\u00eancia dentro do PT e um gigante no campo das ideias. Um democrata respeitado em todo o mundo. Ele sempre foi um homem do di\u00e1logo, defensor intransigente de um mundo e um Brasil mais justo. Foi um privil\u00e9gio ter convivido com ele. \u00c9 muito triste para todos n\u00f3s, do PT, esta quinta-feira. Lamento muito a sua morte.&#8221;<br \/>\nValter Pomar, que foi dirigente nacional do Partido dos Trabalhadores, tamb\u00e9m lamentou a perda:<br \/>\n&#8220;O companheiro Marco Aur\u00e9lio Garcia faleceu nesta manh\u00e3. Presidente nacional do PT e secret\u00e1rio de rela\u00e7\u00f5es internacionais do PT. Secret\u00e1rio executivo do Foro de SP. Assessor especial de Lula e de Dilma na Presid\u00eancia da Rep\u00fablica.<br \/>\nWashington Quaqu\u00e1, presidente do PT-RJ:<br \/>\n&#8220;Lament\u00e1vel! A\u00a0esquerda e todos n\u00f3s perdemos uma figura maior! Um daqueles que n\u00e3o nascem em linha de produ\u00e7\u00e3o, porque \u00e9 fruto do Velho artesanato humano \u00e9 divino, pra quem acredita&#8221;.<br \/>\n(Com informa\u00e7\u00f5es do 247, G1, O Globo e Folha de S\u00e3o Paulo)<br \/>\n&nbsp;<br \/>\n&nbsp;<\/p>\n","protected":false},"excerpt":{"rendered":"<p>A morte do professor Marco Aur\u00e9lio Garcia, ex-assessor especial da Presid\u00eancia da Rep\u00fablica, repercutiu entre l\u00edderes e pol\u00edticos da esquerda brasileira. Atuante no Partido dos Trabalhadores desde a sua funda\u00e7\u00e3o, Garcia era professor aposentado do Departamento de Hist\u00f3ria da Unicamp, com uma longa trajet\u00f3ria de intelectual ligado \u00e0 esquerda. Estudou no J\u00falio de Castilhos, onde [&hellip;]<\/p>\n","protected":false},"author":4,"featured_media":51825,"comment_status":"open","ping_status":"closed","sticky":false,"template":"","format":"standard","meta":{"_jetpack_newsletter_access":"","_jetpack_dont_email_post_to_subs":false,"_jetpack_newsletter_tier_id":0,"_jetpack_memberships_contains_paywalled_content":false,"_jetpack_feature_clip_id":0,"_jetpack_memberships_contains_paid_content":false,"footnotes":"","jetpack_post_was_ever_published":false},"categories":[26],"tags":[],"class_list":["post-51823","post","type-post","status-publish","format-standard","has-post-thumbnail","hentry","category-geral"],"aioseo_notices":[],"aioseo_head":"\n\t\t<!-- All in One SEO 5.0.1.1 - aioseo.com -->\n\t<meta name=\"robots\" content=\"max-image-preview:large\" \/>\n\t<meta name=\"author\" content=\"da Reda\u00e7\u00e3o\"\/>\n\t<link rel=\"canonical\" href=\"https:\/\/www.jornalja.com.br\/arquivo\/marco-aurelio-garcia-comecou-na-politica-como-vereador-em-porto-alegre\/\" \/>\n\t<meta name=\"generator\" content=\"All in One SEO (AIOSEO) 5.0.1.1\" \/>\n\t\t<meta property=\"og:locale\" content=\"pt_BR\" \/>\n\t\t<meta property=\"og:site_name\" content=\"Arquivo | Jornal J\u00c1 | Porto Alegre\" \/>\n\t\t<meta property=\"og:type\" content=\"article\" \/>\n\t\t<meta property=\"og:title\" content=\"Marco Aur\u00e9lio Garcia come\u00e7ou na pol\u00edtica como vereador em Porto Alegre | Arquivo\" \/>\n\t\t<meta property=\"og:url\" content=\"https:\/\/www.jornalja.com.br\/arquivo\/marco-aurelio-garcia-comecou-na-politica-como-vereador-em-porto-alegre\/\" \/>\n\t\t<meta property=\"og:image\" content=\"https:\/\/www.jornalja.com.br\/economics\/wp-content\/uploads\/sites\/11\/2026\/08\/ja-folhaderosto-facebook.jpg\" \/>\n\t\t<meta property=\"og:image:secure_url\" content=\"https:\/\/www.jornalja.com.br\/economics\/wp-content\/uploads\/sites\/11\/2026\/08\/ja-folhaderosto-facebook.jpg\" \/>\n\t\t<meta property=\"article:published_time\" content=\"2017-07-20T21:19:48+00:00\" \/>\n\t\t<meta property=\"article:modified_time\" content=\"2017-07-20T21:19:48+00:00\" \/>\n\t\t<meta name=\"twitter:card\" content=\"summary\" \/>\n\t\t<meta name=\"twitter:title\" content=\"Marco Aur\u00e9lio Garcia come\u00e7ou na pol\u00edtica como vereador em Porto Alegre | Arquivo\" \/>\n\t\t<meta name=\"twitter:image\" content=\"https:\/\/www.jornalja.com.br\/economics\/wp-content\/uploads\/sites\/11\/2026\/08\/ja-folhaderosto-facebook.jpg\" \/>\n\t\t<script type=\"application\/ld+json\" class=\"aioseo-schema\">\n\t\t\t{\"@context\":\"https:\\\/\\\/schema.org\",\"@graph\":[{\"@type\":\"BlogPosting\",\"@id\":\"https:\\\/\\\/www.jornalja.com.br\\\/arquivo\\\/marco-aurelio-garcia-comecou-na-politica-como-vereador-em-porto-alegre\\\/#blogposting\",\"name\":\"Marco Aur\\u00e9lio Garcia come\\u00e7ou na pol\\u00edtica como vereador em Porto Alegre | Arquivo\",\"headline\":\"Marco Aur\\u00e9lio Garcia come\\u00e7ou na pol\\u00edtica como vereador em Porto Alegre\",\"author\":{\"@id\":\"https:\\\/\\\/www.jornalja.com.br\\\/arquivo\\\/author\\\/daredacao\\\/#author\"},\"publisher\":{\"@id\":\"https:\\\/\\\/www.jornalja.com.br\\\/arquivo\\\/#organization\"},\"image\":{\"@type\":\"ImageObject\",\"url\":51825},\"datePublished\":\"2017-07-20T18:19:48-03:00\",\"dateModified\":\"2017-07-20T18:19:48-03:00\",\"inLanguage\":\"pt-BR\",\"mainEntityOfPage\":{\"@id\":\"https:\\\/\\\/www.jornalja.com.br\\\/arquivo\\\/marco-aurelio-garcia-comecou-na-politica-como-vereador-em-porto-alegre\\\/#webpage\"},\"isPartOf\":{\"@id\":\"https:\\\/\\\/www.jornalja.com.br\\\/arquivo\\\/marco-aurelio-garcia-comecou-na-politica-como-vereador-em-porto-alegre\\\/#webpage\"},\"articleSection\":\"Geral\"},{\"@type\":\"BreadcrumbList\",\"@id\":\"https:\\\/\\\/www.jornalja.com.br\\\/arquivo\\\/marco-aurelio-garcia-comecou-na-politica-como-vereador-em-porto-alegre\\\/#breadcrumblist\",\"itemListElement\":[{\"@type\":\"ListItem\",\"@id\":\"https:\\\/\\\/www.jornalja.com.br\\\/arquivo#listItem\",\"position\":1,\"name\":\"Home\",\"item\":\"https:\\\/\\\/www.jornalja.com.br\\\/arquivo\",\"nextItem\":{\"@type\":\"ListItem\",\"@id\":\"https:\\\/\\\/www.jornalja.com.br\\\/arquivo\\\/category\\\/geral\\\/#listItem\",\"name\":\"Geral\"}},{\"@type\":\"ListItem\",\"@id\":\"https:\\\/\\\/www.jornalja.com.br\\\/arquivo\\\/category\\\/geral\\\/#listItem\",\"position\":2,\"name\":\"Geral\",\"item\":\"https:\\\/\\\/www.jornalja.com.br\\\/arquivo\\\/category\\\/geral\\\/\",\"nextItem\":{\"@type\":\"ListItem\",\"@id\":\"https:\\\/\\\/www.jornalja.com.br\\\/arquivo\\\/marco-aurelio-garcia-comecou-na-politica-como-vereador-em-porto-alegre\\\/#listItem\",\"name\":\"Marco Aur\\u00e9lio Garcia come\\u00e7ou na pol\\u00edtica como vereador em Porto Alegre\"},\"previousItem\":{\"@type\":\"ListItem\",\"@id\":\"https:\\\/\\\/www.jornalja.com.br\\\/arquivo#listItem\",\"name\":\"Home\"}},{\"@type\":\"ListItem\",\"@id\":\"https:\\\/\\\/www.jornalja.com.br\\\/arquivo\\\/marco-aurelio-garcia-comecou-na-politica-como-vereador-em-porto-alegre\\\/#listItem\",\"position\":3,\"name\":\"Marco Aur\\u00e9lio Garcia come\\u00e7ou na pol\\u00edtica como vereador em Porto Alegre\",\"previousItem\":{\"@type\":\"ListItem\",\"@id\":\"https:\\\/\\\/www.jornalja.com.br\\\/arquivo\\\/category\\\/geral\\\/#listItem\",\"name\":\"Geral\"}}]},{\"@type\":\"Organization\",\"@id\":\"https:\\\/\\\/www.jornalja.com.br\\\/arquivo\\\/#organization\",\"name\":\"Jornal J\\u00c1\",\"description\":\"Jornal J\\u00c1 | Porto Alegre\",\"url\":\"https:\\\/\\\/www.jornalja.com.br\\\/arquivo\\\/\",\"telephone\":\"+555133307272\",\"logo\":{\"@type\":\"ImageObject\",\"url\":\"https:\\\/\\\/www.jornalja.com.br\\\/wp-content\\\/uploads\\\/cards\\\/JAslogan.png\",\"@id\":\"https:\\\/\\\/www.jornalja.com.br\\\/arquivo\\\/marco-aurelio-garcia-comecou-na-politica-como-vereador-em-porto-alegre\\\/#organizationLogo\"},\"image\":{\"@id\":\"https:\\\/\\\/www.jornalja.com.br\\\/arquivo\\\/marco-aurelio-garcia-comecou-na-politica-como-vereador-em-porto-alegre\\\/#organizationLogo\"}},{\"@type\":\"Person\",\"@id\":\"https:\\\/\\\/www.jornalja.com.br\\\/arquivo\\\/author\\\/daredacao\\\/#author\",\"url\":\"https:\\\/\\\/www.jornalja.com.br\\\/arquivo\\\/author\\\/daredacao\\\/\",\"name\":\"da Reda\\u00e7\\u00e3o\",\"image\":{\"@type\":\"ImageObject\",\"@id\":\"https:\\\/\\\/www.jornalja.com.br\\\/arquivo\\\/marco-aurelio-garcia-comecou-na-politica-como-vereador-em-porto-alegre\\\/#authorImage\",\"url\":\"https:\\\/\\\/secure.gravatar.com\\\/avatar\\\/469fd857d6605ad19919d27ed29d35a968a25f6e8fd9318356bbb7f57aae9c65?s=96&d=mm&r=g\",\"width\":96,\"height\":96,\"caption\":\"da Reda\\u00e7\\u00e3o\"}},{\"@type\":\"WebPage\",\"@id\":\"https:\\\/\\\/www.jornalja.com.br\\\/arquivo\\\/marco-aurelio-garcia-comecou-na-politica-como-vereador-em-porto-alegre\\\/#webpage\",\"url\":\"https:\\\/\\\/www.jornalja.com.br\\\/arquivo\\\/marco-aurelio-garcia-comecou-na-politica-como-vereador-em-porto-alegre\\\/\",\"name\":\"Marco Aur\\u00e9lio Garcia come\\u00e7ou na pol\\u00edtica como vereador em Porto Alegre | Arquivo\",\"inLanguage\":\"pt-BR\",\"isPartOf\":{\"@id\":\"https:\\\/\\\/www.jornalja.com.br\\\/arquivo\\\/#website\"},\"breadcrumb\":{\"@id\":\"https:\\\/\\\/www.jornalja.com.br\\\/arquivo\\\/marco-aurelio-garcia-comecou-na-politica-como-vereador-em-porto-alegre\\\/#breadcrumblist\"},\"author\":{\"@id\":\"https:\\\/\\\/www.jornalja.com.br\\\/arquivo\\\/author\\\/daredacao\\\/#author\"},\"creator\":{\"@id\":\"https:\\\/\\\/www.jornalja.com.br\\\/arquivo\\\/author\\\/daredacao\\\/#author\"},\"image\":{\"@type\":\"ImageObject\",\"url\":51825,\"@id\":\"https:\\\/\\\/www.jornalja.com.br\\\/arquivo\\\/marco-aurelio-garcia-comecou-na-politica-como-vereador-em-porto-alegre\\\/#mainImage\"},\"primaryImageOfPage\":{\"@id\":\"https:\\\/\\\/www.jornalja.com.br\\\/arquivo\\\/marco-aurelio-garcia-comecou-na-politica-como-vereador-em-porto-alegre\\\/#mainImage\"},\"datePublished\":\"2017-07-20T18:19:48-03:00\",\"dateModified\":\"2017-07-20T18:19:48-03:00\"},{\"@type\":\"WebSite\",\"@id\":\"https:\\\/\\\/www.jornalja.com.br\\\/arquivo\\\/#website\",\"url\":\"https:\\\/\\\/www.jornalja.com.br\\\/arquivo\\\/\",\"name\":\"Arquivo\",\"description\":\"Jornal J\\u00c1 | Porto Alegre\",\"inLanguage\":\"pt-BR\",\"publisher\":{\"@id\":\"https:\\\/\\\/www.jornalja.com.br\\\/arquivo\\\/#organization\"}}]}\n\t\t<\/script>\n\t\t<!-- All in One SEO -->\n\n","aioseo_head_json":{"title":"Marco Aur\u00e9lio Garcia come\u00e7ou na pol\u00edtica como vereador em Porto Alegre | Arquivo","description":"","canonical_url":"https:\/\/www.jornalja.com.br\/arquivo\/marco-aurelio-garcia-comecou-na-politica-como-vereador-em-porto-alegre\/","robots":"max-image-preview:large","keywords":"","webmasterTools":{"miscellaneous":""},"schema":{"@context":"https:\/\/schema.org","@graph":[{"@type":"BlogPosting","@id":"https:\/\/www.jornalja.com.br\/arquivo\/marco-aurelio-garcia-comecou-na-politica-como-vereador-em-porto-alegre\/#blogposting","name":"Marco Aur\u00e9lio Garcia come\u00e7ou na pol\u00edtica como vereador em Porto Alegre | Arquivo","headline":"Marco Aur\u00e9lio Garcia come\u00e7ou na pol\u00edtica como vereador em Porto Alegre","author":{"@id":"https:\/\/www.jornalja.com.br\/arquivo\/author\/daredacao\/#author"},"publisher":{"@id":"https:\/\/www.jornalja.com.br\/arquivo\/#organization"},"image":{"@type":"ImageObject","url":51825},"datePublished":"2017-07-20T18:19:48-03:00","dateModified":"2017-07-20T18:19:48-03:00","inLanguage":"pt-BR","mainEntityOfPage":{"@id":"https:\/\/www.jornalja.com.br\/arquivo\/marco-aurelio-garcia-comecou-na-politica-como-vereador-em-porto-alegre\/#webpage"},"isPartOf":{"@id":"https:\/\/www.jornalja.com.br\/arquivo\/marco-aurelio-garcia-comecou-na-politica-como-vereador-em-porto-alegre\/#webpage"},"articleSection":"Geral"},{"@type":"BreadcrumbList","@id":"https:\/\/www.jornalja.com.br\/arquivo\/marco-aurelio-garcia-comecou-na-politica-como-vereador-em-porto-alegre\/#breadcrumblist","itemListElement":[{"@type":"ListItem","@id":"https:\/\/www.jornalja.com.br\/arquivo#listItem","position":1,"name":"Home","item":"https:\/\/www.jornalja.com.br\/arquivo","nextItem":{"@type":"ListItem","@id":"https:\/\/www.jornalja.com.br\/arquivo\/category\/geral\/#listItem","name":"Geral"}},{"@type":"ListItem","@id":"https:\/\/www.jornalja.com.br\/arquivo\/category\/geral\/#listItem","position":2,"name":"Geral","item":"https:\/\/www.jornalja.com.br\/arquivo\/category\/geral\/","nextItem":{"@type":"ListItem","@id":"https:\/\/www.jornalja.com.br\/arquivo\/marco-aurelio-garcia-comecou-na-politica-como-vereador-em-porto-alegre\/#listItem","name":"Marco Aur\u00e9lio Garcia come\u00e7ou na pol\u00edtica como vereador em Porto Alegre"},"previousItem":{"@type":"ListItem","@id":"https:\/\/www.jornalja.com.br\/arquivo#listItem","name":"Home"}},{"@type":"ListItem","@id":"https:\/\/www.jornalja.com.br\/arquivo\/marco-aurelio-garcia-comecou-na-politica-como-vereador-em-porto-alegre\/#listItem","position":3,"name":"Marco Aur\u00e9lio Garcia come\u00e7ou na pol\u00edtica como vereador em Porto Alegre","previousItem":{"@type":"ListItem","@id":"https:\/\/www.jornalja.com.br\/arquivo\/category\/geral\/#listItem","name":"Geral"}}]},{"@type":"Organization","@id":"https:\/\/www.jornalja.com.br\/arquivo\/#organization","name":"Jornal J\u00c1","description":"Jornal J\u00c1 | Porto Alegre","url":"https:\/\/www.jornalja.com.br\/arquivo\/","telephone":"+555133307272","logo":{"@type":"ImageObject","url":"https:\/\/www.jornalja.com.br\/wp-content\/uploads\/cards\/JAslogan.png","@id":"https:\/\/www.jornalja.com.br\/arquivo\/marco-aurelio-garcia-comecou-na-politica-como-vereador-em-porto-alegre\/#organizationLogo"},"image":{"@id":"https:\/\/www.jornalja.com.br\/arquivo\/marco-aurelio-garcia-comecou-na-politica-como-vereador-em-porto-alegre\/#organizationLogo"}},{"@type":"Person","@id":"https:\/\/www.jornalja.com.br\/arquivo\/author\/daredacao\/#author","url":"https:\/\/www.jornalja.com.br\/arquivo\/author\/daredacao\/","name":"da Reda\u00e7\u00e3o","image":{"@type":"ImageObject","@id":"https:\/\/www.jornalja.com.br\/arquivo\/marco-aurelio-garcia-comecou-na-politica-como-vereador-em-porto-alegre\/#authorImage","url":"https:\/\/secure.gravatar.com\/avatar\/469fd857d6605ad19919d27ed29d35a968a25f6e8fd9318356bbb7f57aae9c65?s=96&d=mm&r=g","width":96,"height":96,"caption":"da Reda\u00e7\u00e3o"}},{"@type":"WebPage","@id":"https:\/\/www.jornalja.com.br\/arquivo\/marco-aurelio-garcia-comecou-na-politica-como-vereador-em-porto-alegre\/#webpage","url":"https:\/\/www.jornalja.com.br\/arquivo\/marco-aurelio-garcia-comecou-na-politica-como-vereador-em-porto-alegre\/","name":"Marco Aur\u00e9lio Garcia come\u00e7ou na pol\u00edtica como vereador em Porto Alegre | Arquivo","inLanguage":"pt-BR","isPartOf":{"@id":"https:\/\/www.jornalja.com.br\/arquivo\/#website"},"breadcrumb":{"@id":"https:\/\/www.jornalja.com.br\/arquivo\/marco-aurelio-garcia-comecou-na-politica-como-vereador-em-porto-alegre\/#breadcrumblist"},"author":{"@id":"https:\/\/www.jornalja.com.br\/arquivo\/author\/daredacao\/#author"},"creator":{"@id":"https:\/\/www.jornalja.com.br\/arquivo\/author\/daredacao\/#author"},"image":{"@type":"ImageObject","url":51825,"@id":"https:\/\/www.jornalja.com.br\/arquivo\/marco-aurelio-garcia-comecou-na-politica-como-vereador-em-porto-alegre\/#mainImage"},"primaryImageOfPage":{"@id":"https:\/\/www.jornalja.com.br\/arquivo\/marco-aurelio-garcia-comecou-na-politica-como-vereador-em-porto-alegre\/#mainImage"},"datePublished":"2017-07-20T18:19:48-03:00","dateModified":"2017-07-20T18:19:48-03:00"},{"@type":"WebSite","@id":"https:\/\/www.jornalja.com.br\/arquivo\/#website","url":"https:\/\/www.jornalja.com.br\/arquivo\/","name":"Arquivo","description":"Jornal J\u00c1 | Porto Alegre","inLanguage":"pt-BR","publisher":{"@id":"https:\/\/www.jornalja.com.br\/arquivo\/#organization"}}]},"og:locale":"pt_BR","og:site_name":"Arquivo | Jornal J\u00c1 | Porto Alegre","og:type":"article","og:title":"Marco Aur\u00e9lio Garcia come\u00e7ou na pol\u00edtica como vereador em Porto Alegre | Arquivo","og:url":"https:\/\/www.jornalja.com.br\/arquivo\/marco-aurelio-garcia-comecou-na-politica-como-vereador-em-porto-alegre\/","og:image":"https:\/\/www.jornalja.com.br\/economics\/wp-content\/uploads\/sites\/11\/2026\/08\/ja-folhaderosto-facebook.jpg","og:image:secure_url":"https:\/\/www.jornalja.com.br\/economics\/wp-content\/uploads\/sites\/11\/2026\/08\/ja-folhaderosto-facebook.jpg","article:published_time":"2017-07-20T21:19:48+00:00","article:modified_time":"2017-07-20T21:19:48+00:00","twitter:card":"summary","twitter:title":"Marco Aur\u00e9lio Garcia come\u00e7ou na pol\u00edtica como vereador em Porto Alegre | Arquivo","twitter:image":"https:\/\/www.jornalja.com.br\/economics\/wp-content\/uploads\/sites\/11\/2026\/08\/ja-folhaderosto-facebook.jpg"},"aioseo_meta_data":{"post_id":"51823","title":null,"description":null,"keywords":null,"keyphrases":null,"primary_term":null,"canonical_url":null,"og_title":null,"og_description":null,"og_object_type":"default","og_image_type":"default","og_image_url":null,"og_image_width":null,"og_image_height":null,"og_image_custom_url":null,"og_image_custom_fields":null,"og_video":null,"og_custom_url":null,"og_article_section":null,"og_article_tags":null,"twitter_use_og":false,"twitter_card":"default","twitter_image_type":"default","twitter_image_url":null,"twitter_image_custom_url":null,"twitter_image_custom_fields":null,"twitter_title":null,"twitter_description":null,"schema":{"blockGraphs":[],"customGraphs":[],"default":{"data":{"Article":[],"Course":[],"Dataset":[],"FAQPage":[],"Movie":[],"Person":[],"Product":[],"ProductReview":[],"Car":[],"Recipe":[],"Service":[],"SoftwareApplication":[],"WebPage":[]},"graphName":"","isEnabled":true},"graphs":[]},"schema_type":null,"schema_type_options":null,"pillar_content":false,"robots_default":true,"robots_noindex":false,"robots_noarchive":false,"robots_nosnippet":false,"robots_nofollow":false,"robots_noimageindex":false,"robots_noodp":false,"robots_notranslate":false,"robots_max_snippet":null,"robots_max_videopreview":null,"robots_max_imagepreview":"large","priority":null,"frequency":null,"location":null,"local_seo":null,"breadcrumb_settings":null,"limit_modified_date":false,"ai":null,"created":"2020-12-20 20:29:05","updated":"2025-07-19 23:29:24","seo_analyzer_scan_date":null,"focus_keyword":null,"additional_keywords":null,"truseo_locale":null},"jetpack_sharing_enabled":true,"jetpack-related-posts":[{"id":13124,"url":"https:\/\/www.jornalja.com.br\/arquivo\/sangue-latino-no-iecine\/","url_meta":{"origin":51823,"position":0},"title":"Sangue latino no IECINE","author":"da Reda\u00e7\u00e3o","date":"18 de maio de 2014","format":false,"excerpt":"Francisco Ribeiro O Instituto Estadual de Cinema (IECINE) tem a frente, desde abril \u00faltimo, um novo diretor, o cineasta colombiano Juan Zapata, 36, que substitui Luiz Alberto Cassol. Radicado h\u00e1 dez anos em Porto Alegre, Zapata tem diante de si o desafio de conduzir at\u00e9 o final do ano um\u2026","rel":"","context":"Em &quot;Cultura-Geral&quot;","block_context":{"text":"Cultura-Geral","link":"https:\/\/www.jornalja.com.br\/arquivo\/category\/materiasecundaria\/"},"img":{"alt_text":"","src":"","width":0,"height":0},"classes":[]},{"id":14241,"url":"https:\/\/www.jornalja.com.br\/arquivo\/o-guaiba-nas-imagens-poeticas-de-achutti\/","url_meta":{"origin":51823,"position":1},"title":"O Gua\u00edba nas imagens po\u00e9ticas de Achutti","author":"da Reda\u00e7\u00e3o","date":"18 de junho de 2014","format":false,"excerpt":"Em \u201cO Gua\u00edba por Achutti\u201d \u2013 obra financiada via Minist\u00e9rio da Cultura, produ\u00e7\u00e3o executiva de Pedro Longhi, e Fl\u00e1vio Wild como designer \u2013, o fot\u00f3grafo revela a beleza e as mazelas de um espa\u00e7o aqu\u00e1tico de \u00e1guas sempre renovadas, cheio de hist\u00f3rias e lendas como as das cidades que foram\u2026","rel":"","context":"Em &quot;Cultura-Geral&quot;","block_context":{"text":"Cultura-Geral","link":"https:\/\/www.jornalja.com.br\/arquivo\/category\/materiasecundaria\/"},"img":{"alt_text":"","src":"","width":0,"height":0},"classes":[]},{"id":1280,"url":"https:\/\/www.jornalja.com.br\/arquivo\/o-menino-que-se-tornou-brizola\/","url_meta":{"origin":51823,"position":2},"title":"O Menino que se Tornou Brizola","author":"da Reda\u00e7\u00e3o","date":"28 de julho de 2008","format":false,"excerpt":"Autor: Cleber Dioni A vida de Leonel Brizola, com \u00eanfase para os primeiros anos em Porto Alegre, at\u00e9 o ex\u00edlio no Uruguai e a volta, quinze anos depois. \u00a0\"...\u00c9ramos todos jovens e nos identific\u00e1vamos com aquela massa an\u00f4nima a percorrer as ruas de Porto Alegre, gritando 'Get\u00falio', 'Get\u00falio' e empunhando\u2026","rel":"","context":"Em &quot;Livros&quot;","block_context":{"text":"Livros","link":"https:\/\/www.jornalja.com.br\/arquivo\/category\/livros\/"},"img":{"alt_text":"","src":"https:\/\/i0.wp.com\/www.jornalja.com.br\/wp-content\/uploads\/2008\/07\/brizola.gif?resize=350%2C200&ssl=1","width":350,"height":200},"classes":[]},{"id":5440,"url":"https:\/\/www.jornalja.com.br\/arquivo\/casarao-da-venancio-destino-permanece-incerto\/","url_meta":{"origin":51823,"position":3},"title":"Estado ainda n\u00e3o sabe o que fazer com casar\u00e3o abandonado h\u00e1 20 anos","author":"Elmar Bones","date":"6 de julho de 2009","format":false,"excerpt":"O casar\u00e3o amarelo, numa esquina nobre de Porto Alegre (Ven\u00e2ncio Aires com Jo\u00e3o Pessoa), j\u00e1 abrigou uma escola. H\u00e1 duas d\u00e9cadas, pelo menos, est\u00e1 abandonado, porque seu propriet\u00e1rio, o governo do Estado do Rio Grande do Sul, n\u00e3o consegue achar um destino para ele. Planos n\u00e3o faltaram. O governador Ol\u00edvio\u2026","rel":"","context":"Em &quot;X.Categorias velhas&quot;","block_context":{"text":"X.Categorias velhas","link":"https:\/\/www.jornalja.com.br\/arquivo\/category\/x-categorias-velhas\/"},"img":{"alt_text":"geraldo1","src":"https:\/\/i0.wp.com\/www.jornalja.com.br\/wp-content\/uploads\/2009\/07\/geraldo1.jpg?resize=350%2C200&ssl=1","width":350,"height":200},"classes":[]},{"id":13240,"url":"https:\/\/www.jornalja.com.br\/arquivo\/plano-diretor-estamos-construindo-o-caos\/","url_meta":{"origin":51823,"position":4},"title":"Plano diretor: &quot;Estamos construindo o caos&quot;","author":"Patr\u00edcia Marini","date":"26 de maio de 2014","format":false,"excerpt":"Desabafo que arquiteta Eliana Castilhos, delegada da Regi\u00e3o de Planejamento 1, postou nas redes sociais \u00e9 um testemunho do ambiente que se criou no Conselho do Plano Diretor de Porto Alegre, onde a aprova\u00e7\u00e3o de grandes empreendimentos \u00e9 empurrada guela abaixo dos conselheiros. Ao CMDUA Como delegada da Regi\u00e3o de\u2026","rel":"","context":"Em &quot;Geral&quot;","block_context":{"text":"Geral","link":"https:\/\/www.jornalja.com.br\/arquivo\/category\/geral\/"},"img":{"alt_text":"","src":"","width":0,"height":0},"classes":[]},{"id":12960,"url":"https:\/\/www.jornalja.com.br\/arquivo\/populacao-culpa-empresas-pela-greve-dos-rodoviarios\/","url_meta":{"origin":51823,"position":5},"title":"Popula\u00e7\u00e3o culpa empresas pela greve","author":"Patr\u00edcia Marini","date":"14 de fevereiro de 2014","format":false,"excerpt":"Pesquisa divulgada na edi\u00e7\u00e3o do jornal Metro desta sexta-feira,14, comprova o velho ditado: \u00e9 poss\u00edvel enganar muitos por algum tempo, mas n\u00e3o \u00e9 poss\u00edvel enganar a todos o tempo inteiro. A principal revela\u00e7\u00e3o foi que 59,8% dos entrevistados apontaram as empresas como as principais respons\u00e1veis pela grave e 46% culparam\u2026","rel":"","context":"Em &quot;X.Categorias velhas&quot;","block_context":{"text":"X.Categorias velhas","link":"https:\/\/www.jornalja.com.br\/arquivo\/category\/x-categorias-velhas\/"},"img":{"alt_text":"","src":"","width":0,"height":0},"classes":[]}],"jetpack_shortlink":"https:\/\/wp.me\/pbQjBd-dtR","jetpack_featured_media_url":"","_links":{"self":[{"href":"https:\/\/www.jornalja.com.br\/arquivo\/wp-json\/wp\/v2\/posts\/51823","targetHints":{"allow":["GET"]}}],"collection":[{"href":"https:\/\/www.jornalja.com.br\/arquivo\/wp-json\/wp\/v2\/posts"}],"about":[{"href":"https:\/\/www.jornalja.com.br\/arquivo\/wp-json\/wp\/v2\/types\/post"}],"author":[{"embeddable":true,"href":"https:\/\/www.jornalja.com.br\/arquivo\/wp-json\/wp\/v2\/users\/4"}],"replies":[{"embeddable":true,"href":"https:\/\/www.jornalja.com.br\/arquivo\/wp-json\/wp\/v2\/comments?post=51823"}],"version-history":[{"count":0,"href":"https:\/\/www.jornalja.com.br\/arquivo\/wp-json\/wp\/v2\/posts\/51823\/revisions"}],"wp:attachment":[{"href":"https:\/\/www.jornalja.com.br\/arquivo\/wp-json\/wp\/v2\/media?parent=51823"}],"wp:term":[{"taxonomy":"category","embeddable":true,"href":"https:\/\/www.jornalja.com.br\/arquivo\/wp-json\/wp\/v2\/categories?post=51823"},{"taxonomy":"post_tag","embeddable":true,"href":"https:\/\/www.jornalja.com.br\/arquivo\/wp-json\/wp\/v2\/tags?post=51823"}],"curies":[{"name":"wp","href":"https:\/\/api.w.org\/{rel}","templated":true}]}}