{"id":51833,"date":"2017-07-21T14:58:45","date_gmt":"2017-07-21T17:58:45","guid":{"rendered":"https:\/\/www.jornalja.com.br\/?p=51833"},"modified":"2017-07-21T14:58:45","modified_gmt":"2017-07-21T17:58:45","slug":"em-sao-paulo-justica-manda-empresas-de-onibus-devolverem-r-875-milhoes","status":"publish","type":"post","link":"https:\/\/www.jornalja.com.br\/arquivo\/em-sao-paulo-justica-manda-empresas-de-onibus-devolverem-r-875-milhoes\/","title":{"rendered":"Em S\u00e3o Paulo, justi\u00e7a manda empresas de \u00f4nibus devolverem R$ 875 milh\u00f5es"},"content":{"rendered":"<div id=\"content-header\">O Tribunal de Contas do Munic\u00edpio de S\u00e3o Paulo determinou que empresas que formam o Cons\u00f3rcio 7, respons\u00e1vel pelo transporte p\u00fablico de \u00f4nibus na chamada \u00c1rea 7, regi\u00e3o sudoeste da capital, devolvam R$ 875 milh\u00f5es aos cofres p\u00fablicos, devido a preju\u00edzos causados por irregularidades. O tribunal determinou ainda que a Secretaria Municipal de Mobilidade e Transportes apure outros poss\u00edveis preju\u00edzos causados pelo cons\u00f3rcio.<\/div>\n<div id=\"content-area\">\n<div class=\"region region-content\">\n<div id=\"block-system-main\" class=\"block block-system block-odd clearfix\">\n<div class=\"content\">\n<article id=\"node-1084387\" class=\"node node-noticia node-odd\">\n<div class=\"content\">\nEm sess\u00e3o plen\u00e1ria realizada na quarta-feira (19), os integrantes do pleno do tribunal acompanharam, por unanimidade, o voto do relator Edson Sim\u00f5es, que julgou irregular a execu\u00e7\u00e3o contratual do cons\u00f3rcio de empresas de \u00f4nibus que integram a \u00c1rea 7. A an\u00e1lise revelou pelo menos 15 irregularidades do cons\u00f3rcio no cumprimento de suas obriga\u00e7\u00f5es.<br \/>\nEntre as falhas est\u00e3o a falta de investimentos que deveriam ser feitos pelo cons\u00f3rcio, como reformas e constru\u00e7\u00f5es de terminais e sistema de monitoramento da frota; de manuten\u00e7\u00e3o em ve\u00edculos com mais de dez anos de fabrica\u00e7\u00e3o; de ve\u00edculos adaptados a pessoas com defici\u00eancia; a n\u00e3o conformidade da remunera\u00e7\u00e3o dos servi\u00e7os em rela\u00e7\u00e3o aos par\u00e2metros licitados, que, em alguns casos, gerou remunera\u00e7\u00e3o superior \u00e0 prevista em contrato; n\u00e3o apresenta\u00e7\u00e3o de balan\u00e7os e balancetes \u00e0 Secretaria Municipal de Transportes; e a n\u00e3o emiss\u00e3o de notas fiscais.<br \/>\nO cons\u00f3rcio foi originalmente constitu\u00eddo pelas empresas Via\u00e7\u00e3o Campo Belo, Transkuba Transportes Gerais, Via\u00e7\u00e3o Gatusa e Via\u00e7\u00e3o Itaim Paulista, que posteriormente foi substitu\u00edda pela empresa VIP. Por meio de seu sindicato, as empresas informaram que v\u00e3o recorrer da senten\u00e7a.<br \/>\n<strong>Remunera\u00e7\u00e3o<\/strong><br \/>\nA auditoria concluiu que a remunera\u00e7\u00e3o consolidada dos concession\u00e1rios, no per\u00edodo 2005 a 2013, evoluiu em valores superiores aos \u00edndices de infla\u00e7\u00e3o. O tribunal afirma que \u201chouve ganho real para os concession\u00e1rios de, pelo menos, 60% acima da infla\u00e7\u00e3o enfrentada pela sociedade\u201d.<br \/>\nApesar dos valores, o relator destacou que o cons\u00f3rcio n\u00e3o cumpriu com o dever b\u00e1sico de oferecer servi\u00e7o de transporte de qualidade \u00e0 popula\u00e7\u00e3o, j\u00e1 que existem problemas recorrentes como superlota\u00e7\u00e3o, descumprimento do n\u00famero de viagens, ve\u00edculos em estado prec\u00e1rio de manuten\u00e7\u00e3o e de higiene, atrasos nas partidas, quebra de \u00f4nibus, acidentes, ocorr\u00eancia de greves de motoristas e cobradores, por atrasos salariais e por outros direitos trabalhistas desrespeitados pelo concession\u00e1rio.<br \/>\nOutro problema que compromete a qualidade dos servi\u00e7os, segundo o tribunal, \u00e9 o \u201cn\u00famero insuficiente de empregados, valendo-se da extrapola\u00e7\u00e3o da jornada di\u00e1ria de trabalho, com horas extras em uma atividade de alto risco, colocando em \u00faltimo plano a seguran\u00e7a do servi\u00e7o de transporte de passageiros, atingindo o pr\u00f3prio empregado, os usu\u00e1rios e terceiros\u201d.<br \/>\n\u201cO concession\u00e1rio deve ser responsabilizado pela m\u00e1 qualidade do servi\u00e7o prestado \u00e0 popula\u00e7\u00e3o de S\u00e3o Paulo, que, inclusive, acarreta a perda de passageiros para outros modais, especialmente para o metropolitano, sobrecarregando-o ainda mais, e tamb\u00e9m para o transporte particular\u201d, afirmou o relator.<br \/>\n<em>(Camila Boehm, da Ag\u00eancia Brasil)<\/em><\/p>\n<div id=\"content-header\">\n<h1 class=\"title\"><strong>\u00a0<\/strong><\/h1>\n<\/div>\n<p>&nbsp;\n<\/p><\/div>\n<\/article>\n<\/div>\n<\/div>\n<\/div>\n<\/div>\n","protected":false},"excerpt":{"rendered":"<p>O Tribunal de Contas do Munic\u00edpio de S\u00e3o Paulo determinou que empresas que formam o Cons\u00f3rcio 7, respons\u00e1vel pelo transporte p\u00fablico de \u00f4nibus na chamada \u00c1rea 7, regi\u00e3o sudoeste da capital, devolvam R$ 875 milh\u00f5es aos cofres p\u00fablicos, devido a preju\u00edzos causados por irregularidades. O tribunal determinou ainda que a Secretaria Municipal de Mobilidade e [&hellip;]<\/p>\n","protected":false},"author":4,"featured_media":0,"comment_status":"open","ping_status":"closed","sticky":false,"template":"","format":"standard","meta":{"_jetpack_newsletter_access":"","_jetpack_dont_email_post_to_subs":false,"_jetpack_newsletter_tier_id":0,"_jetpack_memberships_contains_paywalled_content":false,"_jetpack_feature_clip_id":0,"_jetpack_memberships_contains_paid_content":false,"footnotes":"","jetpack_post_was_ever_published":false},"categories":[2022],"tags":[],"class_list":["post-51833","post","type-post","status-publish","format-standard","hentry","category-notas"],"aioseo_notices":[],"aioseo_head":"\n\t\t<!-- All in One SEO 5.0.1.1 - aioseo.com -->\n\t<meta name=\"robots\" content=\"max-image-preview:large\" \/>\n\t<meta name=\"author\" content=\"da Reda\u00e7\u00e3o\"\/>\n\t<link rel=\"canonical\" href=\"https:\/\/www.jornalja.com.br\/arquivo\/em-sao-paulo-justica-manda-empresas-de-onibus-devolverem-r-875-milhoes\/\" \/>\n\t<meta name=\"generator\" content=\"All in One SEO (AIOSEO) 5.0.1.1\" \/>\n\t\t<meta property=\"og:locale\" content=\"pt_BR\" \/>\n\t\t<meta property=\"og:site_name\" content=\"Arquivo | Jornal J\u00c1 | Porto Alegre\" \/>\n\t\t<meta property=\"og:type\" content=\"article\" \/>\n\t\t<meta property=\"og:title\" content=\"Em S\u00e3o Paulo, justi\u00e7a manda empresas de \u00f4nibus devolverem R$ 875 milh\u00f5es | Arquivo\" \/>\n\t\t<meta property=\"og:url\" content=\"https:\/\/www.jornalja.com.br\/arquivo\/em-sao-paulo-justica-manda-empresas-de-onibus-devolverem-r-875-milhoes\/\" \/>\n\t\t<meta property=\"og:image\" content=\"https:\/\/www.jornalja.com.br\/economics\/wp-content\/uploads\/sites\/11\/2026\/08\/ja-folhaderosto-facebook.jpg\" \/>\n\t\t<meta property=\"og:image:secure_url\" content=\"https:\/\/www.jornalja.com.br\/economics\/wp-content\/uploads\/sites\/11\/2026\/08\/ja-folhaderosto-facebook.jpg\" \/>\n\t\t<meta property=\"article:published_time\" content=\"2017-07-21T17:58:45+00:00\" \/>\n\t\t<meta property=\"article:modified_time\" content=\"2017-07-21T17:58:45+00:00\" \/>\n\t\t<meta name=\"twitter:card\" content=\"summary\" \/>\n\t\t<meta name=\"twitter:title\" content=\"Em S\u00e3o Paulo, justi\u00e7a manda empresas de \u00f4nibus devolverem R$ 875 milh\u00f5es | Arquivo\" \/>\n\t\t<meta name=\"twitter:image\" content=\"https:\/\/www.jornalja.com.br\/economics\/wp-content\/uploads\/sites\/11\/2026\/08\/ja-folhaderosto-facebook.jpg\" \/>\n\t\t<script type=\"application\/ld+json\" class=\"aioseo-schema\">\n\t\t\t{\"@context\":\"https:\\\/\\\/schema.org\",\"@graph\":[{\"@type\":\"BlogPosting\",\"@id\":\"https:\\\/\\\/www.jornalja.com.br\\\/arquivo\\\/em-sao-paulo-justica-manda-empresas-de-onibus-devolverem-r-875-milhoes\\\/#blogposting\",\"name\":\"Em S\\u00e3o Paulo, justi\\u00e7a manda empresas de \\u00f4nibus devolverem R$ 875 milh\\u00f5es | Arquivo\",\"headline\":\"Em S\\u00e3o Paulo, justi\\u00e7a manda empresas de \\u00f4nibus devolverem R$ 875 milh\\u00f5es\",\"author\":{\"@id\":\"https:\\\/\\\/www.jornalja.com.br\\\/arquivo\\\/author\\\/daredacao\\\/#author\"},\"publisher\":{\"@id\":\"https:\\\/\\\/www.jornalja.com.br\\\/arquivo\\\/#organization\"},\"image\":{\"@type\":\"ImageObject\",\"url\":\"https:\\\/\\\/www.jornalja.com.br\\\/wp-content\\\/uploads\\\/cards\\\/JAslogan.png\",\"@id\":\"https:\\\/\\\/www.jornalja.com.br\\\/arquivo\\\/#articleImage\"},\"datePublished\":\"2017-07-21T14:58:45-03:00\",\"dateModified\":\"2017-07-21T14:58:45-03:00\",\"inLanguage\":\"pt-BR\",\"mainEntityOfPage\":{\"@id\":\"https:\\\/\\\/www.jornalja.com.br\\\/arquivo\\\/em-sao-paulo-justica-manda-empresas-de-onibus-devolverem-r-875-milhoes\\\/#webpage\"},\"isPartOf\":{\"@id\":\"https:\\\/\\\/www.jornalja.com.br\\\/arquivo\\\/em-sao-paulo-justica-manda-empresas-de-onibus-devolverem-r-875-milhoes\\\/#webpage\"},\"articleSection\":\"NOTAS\"},{\"@type\":\"BreadcrumbList\",\"@id\":\"https:\\\/\\\/www.jornalja.com.br\\\/arquivo\\\/em-sao-paulo-justica-manda-empresas-de-onibus-devolverem-r-875-milhoes\\\/#breadcrumblist\",\"itemListElement\":[{\"@type\":\"ListItem\",\"@id\":\"https:\\\/\\\/www.jornalja.com.br\\\/arquivo#listItem\",\"position\":1,\"name\":\"Home\",\"item\":\"https:\\\/\\\/www.jornalja.com.br\\\/arquivo\",\"nextItem\":{\"@type\":\"ListItem\",\"@id\":\"https:\\\/\\\/www.jornalja.com.br\\\/arquivo\\\/category\\\/notas\\\/#listItem\",\"name\":\"NOTAS\"}},{\"@type\":\"ListItem\",\"@id\":\"https:\\\/\\\/www.jornalja.com.br\\\/arquivo\\\/category\\\/notas\\\/#listItem\",\"position\":2,\"name\":\"NOTAS\",\"item\":\"https:\\\/\\\/www.jornalja.com.br\\\/arquivo\\\/category\\\/notas\\\/\",\"nextItem\":{\"@type\":\"ListItem\",\"@id\":\"https:\\\/\\\/www.jornalja.com.br\\\/arquivo\\\/em-sao-paulo-justica-manda-empresas-de-onibus-devolverem-r-875-milhoes\\\/#listItem\",\"name\":\"Em S\\u00e3o Paulo, justi\\u00e7a manda empresas de \\u00f4nibus devolverem R$ 875 milh\\u00f5es\"},\"previousItem\":{\"@type\":\"ListItem\",\"@id\":\"https:\\\/\\\/www.jornalja.com.br\\\/arquivo#listItem\",\"name\":\"Home\"}},{\"@type\":\"ListItem\",\"@id\":\"https:\\\/\\\/www.jornalja.com.br\\\/arquivo\\\/em-sao-paulo-justica-manda-empresas-de-onibus-devolverem-r-875-milhoes\\\/#listItem\",\"position\":3,\"name\":\"Em S\\u00e3o Paulo, justi\\u00e7a manda empresas de \\u00f4nibus devolverem R$ 875 milh\\u00f5es\",\"previousItem\":{\"@type\":\"ListItem\",\"@id\":\"https:\\\/\\\/www.jornalja.com.br\\\/arquivo\\\/category\\\/notas\\\/#listItem\",\"name\":\"NOTAS\"}}]},{\"@type\":\"Organization\",\"@id\":\"https:\\\/\\\/www.jornalja.com.br\\\/arquivo\\\/#organization\",\"name\":\"Jornal J\\u00c1\",\"description\":\"Jornal J\\u00c1 | Porto Alegre\",\"url\":\"https:\\\/\\\/www.jornalja.com.br\\\/arquivo\\\/\",\"telephone\":\"+555133307272\",\"logo\":{\"@type\":\"ImageObject\",\"url\":\"https:\\\/\\\/www.jornalja.com.br\\\/wp-content\\\/uploads\\\/cards\\\/JAslogan.png\",\"@id\":\"https:\\\/\\\/www.jornalja.com.br\\\/arquivo\\\/em-sao-paulo-justica-manda-empresas-de-onibus-devolverem-r-875-milhoes\\\/#organizationLogo\"},\"image\":{\"@id\":\"https:\\\/\\\/www.jornalja.com.br\\\/arquivo\\\/em-sao-paulo-justica-manda-empresas-de-onibus-devolverem-r-875-milhoes\\\/#organizationLogo\"}},{\"@type\":\"Person\",\"@id\":\"https:\\\/\\\/www.jornalja.com.br\\\/arquivo\\\/author\\\/daredacao\\\/#author\",\"url\":\"https:\\\/\\\/www.jornalja.com.br\\\/arquivo\\\/author\\\/daredacao\\\/\",\"name\":\"da Reda\\u00e7\\u00e3o\",\"image\":{\"@type\":\"ImageObject\",\"@id\":\"https:\\\/\\\/www.jornalja.com.br\\\/arquivo\\\/em-sao-paulo-justica-manda-empresas-de-onibus-devolverem-r-875-milhoes\\\/#authorImage\",\"url\":\"https:\\\/\\\/secure.gravatar.com\\\/avatar\\\/469fd857d6605ad19919d27ed29d35a968a25f6e8fd9318356bbb7f57aae9c65?s=96&d=mm&r=g\",\"width\":96,\"height\":96,\"caption\":\"da Reda\\u00e7\\u00e3o\"}},{\"@type\":\"WebPage\",\"@id\":\"https:\\\/\\\/www.jornalja.com.br\\\/arquivo\\\/em-sao-paulo-justica-manda-empresas-de-onibus-devolverem-r-875-milhoes\\\/#webpage\",\"url\":\"https:\\\/\\\/www.jornalja.com.br\\\/arquivo\\\/em-sao-paulo-justica-manda-empresas-de-onibus-devolverem-r-875-milhoes\\\/\",\"name\":\"Em S\\u00e3o Paulo, justi\\u00e7a manda empresas de \\u00f4nibus devolverem R$ 875 milh\\u00f5es | Arquivo\",\"inLanguage\":\"pt-BR\",\"isPartOf\":{\"@id\":\"https:\\\/\\\/www.jornalja.com.br\\\/arquivo\\\/#website\"},\"breadcrumb\":{\"@id\":\"https:\\\/\\\/www.jornalja.com.br\\\/arquivo\\\/em-sao-paulo-justica-manda-empresas-de-onibus-devolverem-r-875-milhoes\\\/#breadcrumblist\"},\"author\":{\"@id\":\"https:\\\/\\\/www.jornalja.com.br\\\/arquivo\\\/author\\\/daredacao\\\/#author\"},\"creator\":{\"@id\":\"https:\\\/\\\/www.jornalja.com.br\\\/arquivo\\\/author\\\/daredacao\\\/#author\"},\"datePublished\":\"2017-07-21T14:58:45-03:00\",\"dateModified\":\"2017-07-21T14:58:45-03:00\"},{\"@type\":\"WebSite\",\"@id\":\"https:\\\/\\\/www.jornalja.com.br\\\/arquivo\\\/#website\",\"url\":\"https:\\\/\\\/www.jornalja.com.br\\\/arquivo\\\/\",\"name\":\"Arquivo\",\"description\":\"Jornal J\\u00c1 | Porto Alegre\",\"inLanguage\":\"pt-BR\",\"publisher\":{\"@id\":\"https:\\\/\\\/www.jornalja.com.br\\\/arquivo\\\/#organization\"}}]}\n\t\t<\/script>\n\t\t<!-- All in One SEO -->\n\n","aioseo_head_json":{"title":"Em S\u00e3o Paulo, justi\u00e7a manda empresas de \u00f4nibus devolverem R$ 875 milh\u00f5es | Arquivo","description":"","canonical_url":"https:\/\/www.jornalja.com.br\/arquivo\/em-sao-paulo-justica-manda-empresas-de-onibus-devolverem-r-875-milhoes\/","robots":"max-image-preview:large","keywords":"","webmasterTools":{"miscellaneous":""},"schema":{"@context":"https:\/\/schema.org","@graph":[{"@type":"BlogPosting","@id":"https:\/\/www.jornalja.com.br\/arquivo\/em-sao-paulo-justica-manda-empresas-de-onibus-devolverem-r-875-milhoes\/#blogposting","name":"Em S\u00e3o Paulo, justi\u00e7a manda empresas de \u00f4nibus devolverem R$ 875 milh\u00f5es | Arquivo","headline":"Em S\u00e3o Paulo, justi\u00e7a manda empresas de \u00f4nibus devolverem R$ 875 milh\u00f5es","author":{"@id":"https:\/\/www.jornalja.com.br\/arquivo\/author\/daredacao\/#author"},"publisher":{"@id":"https:\/\/www.jornalja.com.br\/arquivo\/#organization"},"image":{"@type":"ImageObject","url":"https:\/\/www.jornalja.com.br\/wp-content\/uploads\/cards\/JAslogan.png","@id":"https:\/\/www.jornalja.com.br\/arquivo\/#articleImage"},"datePublished":"2017-07-21T14:58:45-03:00","dateModified":"2017-07-21T14:58:45-03:00","inLanguage":"pt-BR","mainEntityOfPage":{"@id":"https:\/\/www.jornalja.com.br\/arquivo\/em-sao-paulo-justica-manda-empresas-de-onibus-devolverem-r-875-milhoes\/#webpage"},"isPartOf":{"@id":"https:\/\/www.jornalja.com.br\/arquivo\/em-sao-paulo-justica-manda-empresas-de-onibus-devolverem-r-875-milhoes\/#webpage"},"articleSection":"NOTAS"},{"@type":"BreadcrumbList","@id":"https:\/\/www.jornalja.com.br\/arquivo\/em-sao-paulo-justica-manda-empresas-de-onibus-devolverem-r-875-milhoes\/#breadcrumblist","itemListElement":[{"@type":"ListItem","@id":"https:\/\/www.jornalja.com.br\/arquivo#listItem","position":1,"name":"Home","item":"https:\/\/www.jornalja.com.br\/arquivo","nextItem":{"@type":"ListItem","@id":"https:\/\/www.jornalja.com.br\/arquivo\/category\/notas\/#listItem","name":"NOTAS"}},{"@type":"ListItem","@id":"https:\/\/www.jornalja.com.br\/arquivo\/category\/notas\/#listItem","position":2,"name":"NOTAS","item":"https:\/\/www.jornalja.com.br\/arquivo\/category\/notas\/","nextItem":{"@type":"ListItem","@id":"https:\/\/www.jornalja.com.br\/arquivo\/em-sao-paulo-justica-manda-empresas-de-onibus-devolverem-r-875-milhoes\/#listItem","name":"Em S\u00e3o Paulo, justi\u00e7a manda empresas de \u00f4nibus devolverem R$ 875 milh\u00f5es"},"previousItem":{"@type":"ListItem","@id":"https:\/\/www.jornalja.com.br\/arquivo#listItem","name":"Home"}},{"@type":"ListItem","@id":"https:\/\/www.jornalja.com.br\/arquivo\/em-sao-paulo-justica-manda-empresas-de-onibus-devolverem-r-875-milhoes\/#listItem","position":3,"name":"Em S\u00e3o Paulo, justi\u00e7a manda empresas de \u00f4nibus devolverem R$ 875 milh\u00f5es","previousItem":{"@type":"ListItem","@id":"https:\/\/www.jornalja.com.br\/arquivo\/category\/notas\/#listItem","name":"NOTAS"}}]},{"@type":"Organization","@id":"https:\/\/www.jornalja.com.br\/arquivo\/#organization","name":"Jornal J\u00c1","description":"Jornal J\u00c1 | Porto Alegre","url":"https:\/\/www.jornalja.com.br\/arquivo\/","telephone":"+555133307272","logo":{"@type":"ImageObject","url":"https:\/\/www.jornalja.com.br\/wp-content\/uploads\/cards\/JAslogan.png","@id":"https:\/\/www.jornalja.com.br\/arquivo\/em-sao-paulo-justica-manda-empresas-de-onibus-devolverem-r-875-milhoes\/#organizationLogo"},"image":{"@id":"https:\/\/www.jornalja.com.br\/arquivo\/em-sao-paulo-justica-manda-empresas-de-onibus-devolverem-r-875-milhoes\/#organizationLogo"}},{"@type":"Person","@id":"https:\/\/www.jornalja.com.br\/arquivo\/author\/daredacao\/#author","url":"https:\/\/www.jornalja.com.br\/arquivo\/author\/daredacao\/","name":"da Reda\u00e7\u00e3o","image":{"@type":"ImageObject","@id":"https:\/\/www.jornalja.com.br\/arquivo\/em-sao-paulo-justica-manda-empresas-de-onibus-devolverem-r-875-milhoes\/#authorImage","url":"https:\/\/secure.gravatar.com\/avatar\/469fd857d6605ad19919d27ed29d35a968a25f6e8fd9318356bbb7f57aae9c65?s=96&d=mm&r=g","width":96,"height":96,"caption":"da Reda\u00e7\u00e3o"}},{"@type":"WebPage","@id":"https:\/\/www.jornalja.com.br\/arquivo\/em-sao-paulo-justica-manda-empresas-de-onibus-devolverem-r-875-milhoes\/#webpage","url":"https:\/\/www.jornalja.com.br\/arquivo\/em-sao-paulo-justica-manda-empresas-de-onibus-devolverem-r-875-milhoes\/","name":"Em S\u00e3o Paulo, justi\u00e7a manda empresas de \u00f4nibus devolverem R$ 875 milh\u00f5es | Arquivo","inLanguage":"pt-BR","isPartOf":{"@id":"https:\/\/www.jornalja.com.br\/arquivo\/#website"},"breadcrumb":{"@id":"https:\/\/www.jornalja.com.br\/arquivo\/em-sao-paulo-justica-manda-empresas-de-onibus-devolverem-r-875-milhoes\/#breadcrumblist"},"author":{"@id":"https:\/\/www.jornalja.com.br\/arquivo\/author\/daredacao\/#author"},"creator":{"@id":"https:\/\/www.jornalja.com.br\/arquivo\/author\/daredacao\/#author"},"datePublished":"2017-07-21T14:58:45-03:00","dateModified":"2017-07-21T14:58:45-03:00"},{"@type":"WebSite","@id":"https:\/\/www.jornalja.com.br\/arquivo\/#website","url":"https:\/\/www.jornalja.com.br\/arquivo\/","name":"Arquivo","description":"Jornal J\u00c1 | Porto Alegre","inLanguage":"pt-BR","publisher":{"@id":"https:\/\/www.jornalja.com.br\/arquivo\/#organization"}}]},"og:locale":"pt_BR","og:site_name":"Arquivo | Jornal J\u00c1 | Porto Alegre","og:type":"article","og:title":"Em S\u00e3o Paulo, justi\u00e7a manda empresas de \u00f4nibus devolverem R$ 875 milh\u00f5es | Arquivo","og:url":"https:\/\/www.jornalja.com.br\/arquivo\/em-sao-paulo-justica-manda-empresas-de-onibus-devolverem-r-875-milhoes\/","og:image":"https:\/\/www.jornalja.com.br\/economics\/wp-content\/uploads\/sites\/11\/2026\/08\/ja-folhaderosto-facebook.jpg","og:image:secure_url":"https:\/\/www.jornalja.com.br\/economics\/wp-content\/uploads\/sites\/11\/2026\/08\/ja-folhaderosto-facebook.jpg","article:published_time":"2017-07-21T17:58:45+00:00","article:modified_time":"2017-07-21T17:58:45+00:00","twitter:card":"summary","twitter:title":"Em S\u00e3o Paulo, justi\u00e7a manda empresas de \u00f4nibus devolverem R$ 875 milh\u00f5es | Arquivo","twitter:image":"https:\/\/www.jornalja.com.br\/economics\/wp-content\/uploads\/sites\/11\/2026\/08\/ja-folhaderosto-facebook.jpg"},"aioseo_meta_data":{"post_id":"51833","title":null,"description":null,"keywords":null,"keyphrases":null,"primary_term":null,"canonical_url":null,"og_title":null,"og_description":null,"og_object_type":"default","og_image_type":"default","og_image_url":null,"og_image_width":null,"og_image_height":null,"og_image_custom_url":null,"og_image_custom_fields":null,"og_video":null,"og_custom_url":null,"og_article_section":null,"og_article_tags":null,"twitter_use_og":false,"twitter_card":"default","twitter_image_type":"default","twitter_image_url":null,"twitter_image_custom_url":null,"twitter_image_custom_fields":null,"twitter_title":null,"twitter_description":null,"schema":{"blockGraphs":[],"customGraphs":[],"default":{"data":{"Article":[],"Course":[],"Dataset":[],"FAQPage":[],"Movie":[],"Person":[],"Product":[],"ProductReview":[],"Car":[],"Recipe":[],"Service":[],"SoftwareApplication":[],"WebPage":[]},"graphName":"","isEnabled":true},"graphs":[],"defaultGraph":"","defaultPostTypeGraph":""},"schema_type":null,"schema_type_options":null,"pillar_content":false,"robots_default":true,"robots_noindex":false,"robots_noarchive":false,"robots_nosnippet":false,"robots_nofollow":false,"robots_noimageindex":false,"robots_noodp":false,"robots_notranslate":false,"robots_max_snippet":null,"robots_max_videopreview":null,"robots_max_imagepreview":"large","priority":null,"frequency":null,"location":null,"local_seo":null,"breadcrumb_settings":null,"limit_modified_date":false,"ai":null,"created":"2020-12-20 20:29:05","updated":"2025-07-19 23:30:24","seo_analyzer_scan_date":null,"focus_keyword":null,"additional_keywords":null,"truseo_locale":null},"jetpack_sharing_enabled":true,"jetpack-related-posts":[{"id":13109,"url":"https:\/\/www.jornalja.com.br\/arquivo\/judiciario-reconhece-poluicao-eletromagnetica\/","url_meta":{"origin":51833,"position":0},"title":"Judici\u00e1rio reconhece polui\u00e7\u00e3o eletromagn\u00e9tica","author":"Patr\u00edcia Marini","date":"16 de maio de 2014","format":false,"excerpt":"A\u00e7\u00e3o de duas associa\u00e7\u00f5es de moradores foi acolhida pelo Tribunal de Justi\u00e7a de S\u00e3o Paulo que. em decis\u00e3o in\u00e9dita, determinou a redu\u00e7\u00e3o do campo eletromagn\u00e9tico gerado pelas linhas de transmiss\u00e3o de energia que cortam os bairros City Boa\u00e7ava e Alto de Pinheiros. \u00c9 a primeira vez que um tribunal do\u2026","rel":"","context":"Em &quot;X.Categorias velhas&quot;","block_context":{"text":"X.Categorias velhas","link":"https:\/\/www.jornalja.com.br\/arquivo\/category\/x-categorias-velhas\/"},"img":{"alt_text":"","src":"","width":0,"height":0},"classes":[]},{"id":12960,"url":"https:\/\/www.jornalja.com.br\/arquivo\/populacao-culpa-empresas-pela-greve-dos-rodoviarios\/","url_meta":{"origin":51833,"position":1},"title":"Popula\u00e7\u00e3o culpa empresas pela greve","author":"Patr\u00edcia Marini","date":"14 de fevereiro de 2014","format":false,"excerpt":"Pesquisa divulgada na edi\u00e7\u00e3o do jornal Metro desta sexta-feira,14, comprova o velho ditado: \u00e9 poss\u00edvel enganar muitos por algum tempo, mas n\u00e3o \u00e9 poss\u00edvel enganar a todos o tempo inteiro. A principal revela\u00e7\u00e3o foi que 59,8% dos entrevistados apontaram as empresas como as principais respons\u00e1veis pela grave e 46% culparam\u2026","rel":"","context":"Em &quot;X.Categorias velhas&quot;","block_context":{"text":"X.Categorias velhas","link":"https:\/\/www.jornalja.com.br\/arquivo\/category\/x-categorias-velhas\/"},"img":{"alt_text":"","src":"","width":0,"height":0},"classes":[]},{"id":5440,"url":"https:\/\/www.jornalja.com.br\/arquivo\/casarao-da-venancio-destino-permanece-incerto\/","url_meta":{"origin":51833,"position":2},"title":"Estado ainda n\u00e3o sabe o que fazer com casar\u00e3o abandonado h\u00e1 20 anos","author":"Elmar Bones","date":"6 de julho de 2009","format":false,"excerpt":"O casar\u00e3o amarelo, numa esquina nobre de Porto Alegre (Ven\u00e2ncio Aires com Jo\u00e3o Pessoa), j\u00e1 abrigou uma escola. H\u00e1 duas d\u00e9cadas, pelo menos, est\u00e1 abandonado, porque seu propriet\u00e1rio, o governo do Estado do Rio Grande do Sul, n\u00e3o consegue achar um destino para ele. Planos n\u00e3o faltaram. O governador Ol\u00edvio\u2026","rel":"","context":"Em &quot;X.Categorias velhas&quot;","block_context":{"text":"X.Categorias velhas","link":"https:\/\/www.jornalja.com.br\/arquivo\/category\/x-categorias-velhas\/"},"img":{"alt_text":"geraldo1","src":"https:\/\/i0.wp.com\/www.jornalja.com.br\/wp-content\/uploads\/2009\/07\/geraldo1.jpg?resize=350%2C200&ssl=1","width":350,"height":200},"classes":[]},{"id":13240,"url":"https:\/\/www.jornalja.com.br\/arquivo\/plano-diretor-estamos-construindo-o-caos\/","url_meta":{"origin":51833,"position":3},"title":"Plano diretor: &quot;Estamos construindo o caos&quot;","author":"Patr\u00edcia Marini","date":"26 de maio de 2014","format":false,"excerpt":"Desabafo que arquiteta Eliana Castilhos, delegada da Regi\u00e3o de Planejamento 1, postou nas redes sociais \u00e9 um testemunho do ambiente que se criou no Conselho do Plano Diretor de Porto Alegre, onde a aprova\u00e7\u00e3o de grandes empreendimentos \u00e9 empurrada guela abaixo dos conselheiros. Ao CMDUA Como delegada da Regi\u00e3o de\u2026","rel":"","context":"Em &quot;Geral&quot;","block_context":{"text":"Geral","link":"https:\/\/www.jornalja.com.br\/arquivo\/category\/geral\/"},"img":{"alt_text":"","src":"","width":0,"height":0},"classes":[]},{"id":13128,"url":"https:\/\/www.jornalja.com.br\/arquivo\/maconha-terra-diz-que-uso-medicinal-e-desculpa\/","url_meta":{"origin":51833,"position":4},"title":"Maconha: Terra diz que uso medicinal \u00e9 desculpa","author":"Patr\u00edcia Marini","date":"4 de junho de 2014","format":false,"excerpt":"A condi\u00e7\u00e3o de pol\u00edtico, em \u00e9poca de campanha de campanha eleitoral, tira for\u00e7a do discurso do m\u00e9dico Osmar Terra contra a legaliza\u00e7\u00e3o da maconha. A tese dele de que a libera\u00e7\u00e3o vai ampliar exponencialmente o consumo \u00e9 discutivel, o consumo \u00e9 corrente. Mas seus alertas quanto aos riscos tem que\u2026","rel":"","context":"Em &quot;X.Categorias velhas&quot;","block_context":{"text":"X.Categorias velhas","link":"https:\/\/www.jornalja.com.br\/arquivo\/category\/x-categorias-velhas\/"},"img":{"alt_text":"","src":"","width":0,"height":0},"classes":[]},{"id":13101,"url":"https:\/\/www.jornalja.com.br\/arquivo\/morre-um-guerreiro-do-texto\/","url_meta":{"origin":51833,"position":5},"title":"Morre um guerreiro do texto","author":"Patr\u00edcia Marini","date":"14 de maio de 2014","format":false,"excerpt":"Por Ricardo Kotscho Reproduzido do blog do autor, 11\/5\/2014; t\u00edtulo original \u201cE l\u00e1 se foi o nosso Myltainho, guerreiro do texto\u201d. Mi\u00fado e franzino, meu amigo Myltainho era um valente e inconformado guerreiro na luta contra as injusti\u00e7as sociais, a hipocrisia, as maracutaias, o autoritarismo, a intoler\u00e2ncia, a viol\u00eancia, o\u2026","rel":"","context":"Em &quot;Geral&quot;","block_context":{"text":"Geral","link":"https:\/\/www.jornalja.com.br\/arquivo\/category\/geral\/"},"img":{"alt_text":"","src":"","width":0,"height":0},"classes":[]}],"jetpack_shortlink":"https:\/\/wp.me\/pbQjBd-du1","jetpack_featured_media_url":"","_links":{"self":[{"href":"https:\/\/www.jornalja.com.br\/arquivo\/wp-json\/wp\/v2\/posts\/51833","targetHints":{"allow":["GET"]}}],"collection":[{"href":"https:\/\/www.jornalja.com.br\/arquivo\/wp-json\/wp\/v2\/posts"}],"about":[{"href":"https:\/\/www.jornalja.com.br\/arquivo\/wp-json\/wp\/v2\/types\/post"}],"author":[{"embeddable":true,"href":"https:\/\/www.jornalja.com.br\/arquivo\/wp-json\/wp\/v2\/users\/4"}],"replies":[{"embeddable":true,"href":"https:\/\/www.jornalja.com.br\/arquivo\/wp-json\/wp\/v2\/comments?post=51833"}],"version-history":[{"count":0,"href":"https:\/\/www.jornalja.com.br\/arquivo\/wp-json\/wp\/v2\/posts\/51833\/revisions"}],"wp:attachment":[{"href":"https:\/\/www.jornalja.com.br\/arquivo\/wp-json\/wp\/v2\/media?parent=51833"}],"wp:term":[{"taxonomy":"category","embeddable":true,"href":"https:\/\/www.jornalja.com.br\/arquivo\/wp-json\/wp\/v2\/categories?post=51833"},{"taxonomy":"post_tag","embeddable":true,"href":"https:\/\/www.jornalja.com.br\/arquivo\/wp-json\/wp\/v2\/tags?post=51833"}],"curies":[{"name":"wp","href":"https:\/\/api.w.org\/{rel}","templated":true}]}}