{"id":51846,"date":"2017-07-21T15:38:35","date_gmt":"2017-07-21T18:38:35","guid":{"rendered":"https:\/\/www.jornalja.com.br\/?p=51846"},"modified":"2017-07-21T15:38:35","modified_gmt":"2017-07-21T18:38:35","slug":"lanceiros-negros-recorre-aos-direitos-humanos-internacional-para-evitar-despejo","status":"publish","type":"post","link":"https:\/\/www.jornalja.com.br\/arquivo\/lanceiros-negros-recorre-aos-direitos-humanos-internacional-para-evitar-despejo\/","title":{"rendered":"Lanceiros Negros recorre aos Direitos Humanos Internacional para evitar despejo"},"content":{"rendered":"<p><span class=\"assina\">Felipe Uhr<\/span><br \/>\nA ordem de reintegra\u00e7\u00e3o de posse j\u00e1 foi dada pela justi\u00e7a desde o in\u00edcio da semana. A qualquer momento as mais de cem fam\u00edlias e pessoas que formam a Ocupa\u00e7\u00e3o Lanceiros Negros Vivem, que ocupam desde o dia 4 de julho, o antigo hotel A\u00e7ores, localizado na rua dos Andradas, 885, podem ser novamente despejadas.<br \/>\nNa tentativa de evitar que isso ocorra, o Movimento de Luta nos Bairros, Vilas e Favelas (MLB) enviou, na noite do dia 20, uma peti\u00e7\u00e3o de solicita\u00e7\u00e3o de medida cautelar contra novo despejo, para a Organiza\u00e7\u00e3o dos Estados Americanos, especificamente \u00e0 Comiss\u00e3o Interamericana de Direitos Humanos.<br \/>\nNo documento, o movimento denuncia a inefici\u00eancia do estado brasileiro quanto ao problema de d\u00e9ficit habitacional vivido no pa\u00eds e que traz como consequ\u00eancia a viola\u00e7\u00e3o do direito \u00e0 vida e \u00e0 integridade f\u00edsica, justifica o MLB.<br \/>\nA peti\u00e7\u00e3o denuncia tamb\u00e9m a reintegra\u00e7\u00e3o de posse realizada no dia 14 de junho na qual o movimento afirma: foram realizadas pris\u00f5es arbitr\u00e1rias, torturas f\u00edsicas e psicol\u00f3gicas, al\u00e9m do encaminhamento das fam\u00edlias para um gin\u00e1sio, do qual foram despejadas novamente 24 horas depois.<br \/>\nO recurso \u00e9 mais um que tenta barrar a reintegra\u00e7\u00e3o de posse aos moldes da anterior. Segundo a advogada Elisa Torelly, que comp\u00f5e Assessoria Jur\u00eddica da Ocupa\u00e7\u00e3o, a forma como se deu o \u00faltimo despejo viola os direitos humanos e uma s\u00e9rie de acordos internacionais no qual o Brasil faz parte.<br \/>\n<span class=\"intertit\">Reuni\u00f5es de acordo foram improdutivas<\/span><br \/>\nDesde que a Lanceiros Negros ocupou em 2015, o pr\u00e9dio do Governo, abandonado h\u00e1 mais de dez anos algumas reuni\u00f5es do Cejusc, Centro Judici\u00e1rio de Solu\u00e7\u00e3o de Conflitos e Cidadania, foram realizadas para tentar resolver o problemas.<br \/>\nA Defensora P\u00fablica, Luciana Schneider, representando a Defensoria P\u00fablica, participou de todas as reuni\u00f5es e contou o impasse: &#8220;foram improdutivas&#8221;. Segundo ela, o Governo Estadual nunca apresentou uma proposta de habita\u00e7\u00e3o para as fam\u00edlias\u00a0 e somente queria saber ou dar o prazo para que as fam\u00edlias sa\u00edssem voluntariamente.<br \/>\nPor outro lado o MLB apresentou uma proposta, sugerindo que o pr\u00e9dio abandonado virasse uma casa de acolhimento e de estadia tempor\u00e1ria para as pessoas que n\u00e3o tem onde morar.<br \/>\n&#8220;N\u00e3o h\u00e1 pol\u00edtica p\u00fablica de habita\u00e7\u00e3o. O executivo n\u00e3o cumpre a Constitui\u00e7\u00e3o nem o Estatuto das Cidades&#8221; criticou umas representantes do MLB, N\u00e3na Sanches. A militante tamb\u00e9m lembrou que uma reuni\u00e3o com a Ju\u00edza Fernanda Ajnhom, foi pedida pelo grupo de advogados o que foi negado, ainda antes da decis\u00e3o.<br \/>\nSe n\u00e3o for despejado esta noite, a Ocupa\u00e7\u00e3o Lanceiros Negros realizar\u00e1 neste s\u00e1bado dia 21 sua festa Julina. Al\u00e9m da confraterniza\u00e7\u00e3o, a ocupa\u00e7\u00e3o est\u00e1 aceitando doa\u00e7\u00f5es de alimentos, roupas e cobertores.<br \/>\n&nbsp;<br \/>\n&nbsp;<\/p>\n","protected":false},"excerpt":{"rendered":"<p>Felipe Uhr A ordem de reintegra\u00e7\u00e3o de posse j\u00e1 foi dada pela justi\u00e7a desde o in\u00edcio da semana. A qualquer momento as mais de cem fam\u00edlias e pessoas que formam a Ocupa\u00e7\u00e3o Lanceiros Negros Vivem, que ocupam desde o dia 4 de julho, o antigo hotel A\u00e7ores, localizado na rua dos Andradas, 885, podem ser [&hellip;]<\/p>\n","protected":false},"author":4,"featured_media":50906,"comment_status":"open","ping_status":"closed","sticky":false,"template":"","format":"standard","meta":{"_jetpack_newsletter_access":"","_jetpack_dont_email_post_to_subs":false,"_jetpack_newsletter_tier_id":0,"_jetpack_memberships_contains_paywalled_content":false,"_jetpack_feature_clip_id":0,"_jetpack_memberships_contains_paid_content":false,"footnotes":"","jetpack_post_was_ever_published":false},"categories":[26],"tags":[],"class_list":["post-51846","post","type-post","status-publish","format-standard","has-post-thumbnail","hentry","category-geral"],"aioseo_notices":[],"aioseo_head":"\n\t\t<!-- All in One SEO 5.0.1.1 - aioseo.com -->\n\t<meta name=\"robots\" content=\"max-image-preview:large\" \/>\n\t<meta name=\"author\" content=\"da Reda\u00e7\u00e3o\"\/>\n\t<link rel=\"canonical\" href=\"https:\/\/www.jornalja.com.br\/arquivo\/lanceiros-negros-recorre-aos-direitos-humanos-internacional-para-evitar-despejo\/\" \/>\n\t<meta name=\"generator\" content=\"All in One SEO (AIOSEO) 5.0.1.1\" \/>\n\t\t<meta property=\"og:locale\" content=\"pt_BR\" \/>\n\t\t<meta property=\"og:site_name\" content=\"Arquivo | Jornal J\u00c1 | Porto Alegre\" \/>\n\t\t<meta property=\"og:type\" content=\"article\" \/>\n\t\t<meta property=\"og:title\" content=\"Lanceiros Negros recorre aos Direitos Humanos Internacional para evitar despejo | Arquivo\" \/>\n\t\t<meta property=\"og:url\" content=\"https:\/\/www.jornalja.com.br\/arquivo\/lanceiros-negros-recorre-aos-direitos-humanos-internacional-para-evitar-despejo\/\" \/>\n\t\t<meta property=\"og:image\" content=\"https:\/\/www.jornalja.com.br\/economics\/wp-content\/uploads\/sites\/11\/2026\/08\/ja-folhaderosto-facebook.jpg\" \/>\n\t\t<meta property=\"og:image:secure_url\" content=\"https:\/\/www.jornalja.com.br\/economics\/wp-content\/uploads\/sites\/11\/2026\/08\/ja-folhaderosto-facebook.jpg\" \/>\n\t\t<meta property=\"article:published_time\" content=\"2017-07-21T18:38:35+00:00\" \/>\n\t\t<meta property=\"article:modified_time\" content=\"2017-07-21T18:38:35+00:00\" \/>\n\t\t<meta name=\"twitter:card\" content=\"summary\" \/>\n\t\t<meta name=\"twitter:title\" content=\"Lanceiros Negros recorre aos Direitos Humanos Internacional para evitar despejo | Arquivo\" \/>\n\t\t<meta name=\"twitter:image\" content=\"https:\/\/www.jornalja.com.br\/economics\/wp-content\/uploads\/sites\/11\/2026\/08\/ja-folhaderosto-facebook.jpg\" \/>\n\t\t<script type=\"application\/ld+json\" class=\"aioseo-schema\">\n\t\t\t{\"@context\":\"https:\\\/\\\/schema.org\",\"@graph\":[{\"@type\":\"BlogPosting\",\"@id\":\"https:\\\/\\\/www.jornalja.com.br\\\/arquivo\\\/lanceiros-negros-recorre-aos-direitos-humanos-internacional-para-evitar-despejo\\\/#blogposting\",\"name\":\"Lanceiros Negros recorre aos Direitos Humanos Internacional para evitar despejo | Arquivo\",\"headline\":\"Lanceiros Negros recorre aos Direitos Humanos Internacional para evitar despejo\",\"author\":{\"@id\":\"https:\\\/\\\/www.jornalja.com.br\\\/arquivo\\\/author\\\/daredacao\\\/#author\"},\"publisher\":{\"@id\":\"https:\\\/\\\/www.jornalja.com.br\\\/arquivo\\\/#organization\"},\"image\":{\"@type\":\"ImageObject\",\"url\":50906},\"datePublished\":\"2017-07-21T15:38:35-03:00\",\"dateModified\":\"2017-07-21T15:38:35-03:00\",\"inLanguage\":\"pt-BR\",\"mainEntityOfPage\":{\"@id\":\"https:\\\/\\\/www.jornalja.com.br\\\/arquivo\\\/lanceiros-negros-recorre-aos-direitos-humanos-internacional-para-evitar-despejo\\\/#webpage\"},\"isPartOf\":{\"@id\":\"https:\\\/\\\/www.jornalja.com.br\\\/arquivo\\\/lanceiros-negros-recorre-aos-direitos-humanos-internacional-para-evitar-despejo\\\/#webpage\"},\"articleSection\":\"Geral\"},{\"@type\":\"BreadcrumbList\",\"@id\":\"https:\\\/\\\/www.jornalja.com.br\\\/arquivo\\\/lanceiros-negros-recorre-aos-direitos-humanos-internacional-para-evitar-despejo\\\/#breadcrumblist\",\"itemListElement\":[{\"@type\":\"ListItem\",\"@id\":\"https:\\\/\\\/www.jornalja.com.br\\\/arquivo#listItem\",\"position\":1,\"name\":\"Home\",\"item\":\"https:\\\/\\\/www.jornalja.com.br\\\/arquivo\",\"nextItem\":{\"@type\":\"ListItem\",\"@id\":\"https:\\\/\\\/www.jornalja.com.br\\\/arquivo\\\/category\\\/geral\\\/#listItem\",\"name\":\"Geral\"}},{\"@type\":\"ListItem\",\"@id\":\"https:\\\/\\\/www.jornalja.com.br\\\/arquivo\\\/category\\\/geral\\\/#listItem\",\"position\":2,\"name\":\"Geral\",\"item\":\"https:\\\/\\\/www.jornalja.com.br\\\/arquivo\\\/category\\\/geral\\\/\",\"nextItem\":{\"@type\":\"ListItem\",\"@id\":\"https:\\\/\\\/www.jornalja.com.br\\\/arquivo\\\/lanceiros-negros-recorre-aos-direitos-humanos-internacional-para-evitar-despejo\\\/#listItem\",\"name\":\"Lanceiros Negros recorre aos Direitos Humanos Internacional para evitar despejo\"},\"previousItem\":{\"@type\":\"ListItem\",\"@id\":\"https:\\\/\\\/www.jornalja.com.br\\\/arquivo#listItem\",\"name\":\"Home\"}},{\"@type\":\"ListItem\",\"@id\":\"https:\\\/\\\/www.jornalja.com.br\\\/arquivo\\\/lanceiros-negros-recorre-aos-direitos-humanos-internacional-para-evitar-despejo\\\/#listItem\",\"position\":3,\"name\":\"Lanceiros Negros recorre aos Direitos Humanos Internacional para evitar despejo\",\"previousItem\":{\"@type\":\"ListItem\",\"@id\":\"https:\\\/\\\/www.jornalja.com.br\\\/arquivo\\\/category\\\/geral\\\/#listItem\",\"name\":\"Geral\"}}]},{\"@type\":\"Organization\",\"@id\":\"https:\\\/\\\/www.jornalja.com.br\\\/arquivo\\\/#organization\",\"name\":\"Jornal J\\u00c1\",\"description\":\"Jornal J\\u00c1 | Porto Alegre\",\"url\":\"https:\\\/\\\/www.jornalja.com.br\\\/arquivo\\\/\",\"telephone\":\"+555133307272\",\"logo\":{\"@type\":\"ImageObject\",\"url\":\"https:\\\/\\\/www.jornalja.com.br\\\/wp-content\\\/uploads\\\/cards\\\/JAslogan.png\",\"@id\":\"https:\\\/\\\/www.jornalja.com.br\\\/arquivo\\\/lanceiros-negros-recorre-aos-direitos-humanos-internacional-para-evitar-despejo\\\/#organizationLogo\"},\"image\":{\"@id\":\"https:\\\/\\\/www.jornalja.com.br\\\/arquivo\\\/lanceiros-negros-recorre-aos-direitos-humanos-internacional-para-evitar-despejo\\\/#organizationLogo\"}},{\"@type\":\"Person\",\"@id\":\"https:\\\/\\\/www.jornalja.com.br\\\/arquivo\\\/author\\\/daredacao\\\/#author\",\"url\":\"https:\\\/\\\/www.jornalja.com.br\\\/arquivo\\\/author\\\/daredacao\\\/\",\"name\":\"da Reda\\u00e7\\u00e3o\",\"image\":{\"@type\":\"ImageObject\",\"@id\":\"https:\\\/\\\/www.jornalja.com.br\\\/arquivo\\\/lanceiros-negros-recorre-aos-direitos-humanos-internacional-para-evitar-despejo\\\/#authorImage\",\"url\":\"https:\\\/\\\/secure.gravatar.com\\\/avatar\\\/469fd857d6605ad19919d27ed29d35a968a25f6e8fd9318356bbb7f57aae9c65?s=96&d=mm&r=g\",\"width\":96,\"height\":96,\"caption\":\"da Reda\\u00e7\\u00e3o\"}},{\"@type\":\"WebPage\",\"@id\":\"https:\\\/\\\/www.jornalja.com.br\\\/arquivo\\\/lanceiros-negros-recorre-aos-direitos-humanos-internacional-para-evitar-despejo\\\/#webpage\",\"url\":\"https:\\\/\\\/www.jornalja.com.br\\\/arquivo\\\/lanceiros-negros-recorre-aos-direitos-humanos-internacional-para-evitar-despejo\\\/\",\"name\":\"Lanceiros Negros recorre aos Direitos Humanos Internacional para evitar despejo | Arquivo\",\"inLanguage\":\"pt-BR\",\"isPartOf\":{\"@id\":\"https:\\\/\\\/www.jornalja.com.br\\\/arquivo\\\/#website\"},\"breadcrumb\":{\"@id\":\"https:\\\/\\\/www.jornalja.com.br\\\/arquivo\\\/lanceiros-negros-recorre-aos-direitos-humanos-internacional-para-evitar-despejo\\\/#breadcrumblist\"},\"author\":{\"@id\":\"https:\\\/\\\/www.jornalja.com.br\\\/arquivo\\\/author\\\/daredacao\\\/#author\"},\"creator\":{\"@id\":\"https:\\\/\\\/www.jornalja.com.br\\\/arquivo\\\/author\\\/daredacao\\\/#author\"},\"image\":{\"@type\":\"ImageObject\",\"url\":50906,\"@id\":\"https:\\\/\\\/www.jornalja.com.br\\\/arquivo\\\/lanceiros-negros-recorre-aos-direitos-humanos-internacional-para-evitar-despejo\\\/#mainImage\"},\"primaryImageOfPage\":{\"@id\":\"https:\\\/\\\/www.jornalja.com.br\\\/arquivo\\\/lanceiros-negros-recorre-aos-direitos-humanos-internacional-para-evitar-despejo\\\/#mainImage\"},\"datePublished\":\"2017-07-21T15:38:35-03:00\",\"dateModified\":\"2017-07-21T15:38:35-03:00\"},{\"@type\":\"WebSite\",\"@id\":\"https:\\\/\\\/www.jornalja.com.br\\\/arquivo\\\/#website\",\"url\":\"https:\\\/\\\/www.jornalja.com.br\\\/arquivo\\\/\",\"name\":\"Arquivo\",\"description\":\"Jornal J\\u00c1 | Porto Alegre\",\"inLanguage\":\"pt-BR\",\"publisher\":{\"@id\":\"https:\\\/\\\/www.jornalja.com.br\\\/arquivo\\\/#organization\"}}]}\n\t\t<\/script>\n\t\t<!-- All in One SEO -->\n\n","aioseo_head_json":{"title":"Lanceiros Negros recorre aos Direitos Humanos Internacional para evitar despejo | Arquivo","description":"","canonical_url":"https:\/\/www.jornalja.com.br\/arquivo\/lanceiros-negros-recorre-aos-direitos-humanos-internacional-para-evitar-despejo\/","robots":"max-image-preview:large","keywords":"","webmasterTools":{"miscellaneous":""},"schema":{"@context":"https:\/\/schema.org","@graph":[{"@type":"BlogPosting","@id":"https:\/\/www.jornalja.com.br\/arquivo\/lanceiros-negros-recorre-aos-direitos-humanos-internacional-para-evitar-despejo\/#blogposting","name":"Lanceiros Negros recorre aos Direitos Humanos Internacional para evitar despejo | Arquivo","headline":"Lanceiros Negros recorre aos Direitos Humanos Internacional para evitar despejo","author":{"@id":"https:\/\/www.jornalja.com.br\/arquivo\/author\/daredacao\/#author"},"publisher":{"@id":"https:\/\/www.jornalja.com.br\/arquivo\/#organization"},"image":{"@type":"ImageObject","url":50906},"datePublished":"2017-07-21T15:38:35-03:00","dateModified":"2017-07-21T15:38:35-03:00","inLanguage":"pt-BR","mainEntityOfPage":{"@id":"https:\/\/www.jornalja.com.br\/arquivo\/lanceiros-negros-recorre-aos-direitos-humanos-internacional-para-evitar-despejo\/#webpage"},"isPartOf":{"@id":"https:\/\/www.jornalja.com.br\/arquivo\/lanceiros-negros-recorre-aos-direitos-humanos-internacional-para-evitar-despejo\/#webpage"},"articleSection":"Geral"},{"@type":"BreadcrumbList","@id":"https:\/\/www.jornalja.com.br\/arquivo\/lanceiros-negros-recorre-aos-direitos-humanos-internacional-para-evitar-despejo\/#breadcrumblist","itemListElement":[{"@type":"ListItem","@id":"https:\/\/www.jornalja.com.br\/arquivo#listItem","position":1,"name":"Home","item":"https:\/\/www.jornalja.com.br\/arquivo","nextItem":{"@type":"ListItem","@id":"https:\/\/www.jornalja.com.br\/arquivo\/category\/geral\/#listItem","name":"Geral"}},{"@type":"ListItem","@id":"https:\/\/www.jornalja.com.br\/arquivo\/category\/geral\/#listItem","position":2,"name":"Geral","item":"https:\/\/www.jornalja.com.br\/arquivo\/category\/geral\/","nextItem":{"@type":"ListItem","@id":"https:\/\/www.jornalja.com.br\/arquivo\/lanceiros-negros-recorre-aos-direitos-humanos-internacional-para-evitar-despejo\/#listItem","name":"Lanceiros Negros recorre aos Direitos Humanos Internacional para evitar despejo"},"previousItem":{"@type":"ListItem","@id":"https:\/\/www.jornalja.com.br\/arquivo#listItem","name":"Home"}},{"@type":"ListItem","@id":"https:\/\/www.jornalja.com.br\/arquivo\/lanceiros-negros-recorre-aos-direitos-humanos-internacional-para-evitar-despejo\/#listItem","position":3,"name":"Lanceiros Negros recorre aos Direitos Humanos Internacional para evitar despejo","previousItem":{"@type":"ListItem","@id":"https:\/\/www.jornalja.com.br\/arquivo\/category\/geral\/#listItem","name":"Geral"}}]},{"@type":"Organization","@id":"https:\/\/www.jornalja.com.br\/arquivo\/#organization","name":"Jornal J\u00c1","description":"Jornal J\u00c1 | Porto Alegre","url":"https:\/\/www.jornalja.com.br\/arquivo\/","telephone":"+555133307272","logo":{"@type":"ImageObject","url":"https:\/\/www.jornalja.com.br\/wp-content\/uploads\/cards\/JAslogan.png","@id":"https:\/\/www.jornalja.com.br\/arquivo\/lanceiros-negros-recorre-aos-direitos-humanos-internacional-para-evitar-despejo\/#organizationLogo"},"image":{"@id":"https:\/\/www.jornalja.com.br\/arquivo\/lanceiros-negros-recorre-aos-direitos-humanos-internacional-para-evitar-despejo\/#organizationLogo"}},{"@type":"Person","@id":"https:\/\/www.jornalja.com.br\/arquivo\/author\/daredacao\/#author","url":"https:\/\/www.jornalja.com.br\/arquivo\/author\/daredacao\/","name":"da Reda\u00e7\u00e3o","image":{"@type":"ImageObject","@id":"https:\/\/www.jornalja.com.br\/arquivo\/lanceiros-negros-recorre-aos-direitos-humanos-internacional-para-evitar-despejo\/#authorImage","url":"https:\/\/secure.gravatar.com\/avatar\/469fd857d6605ad19919d27ed29d35a968a25f6e8fd9318356bbb7f57aae9c65?s=96&d=mm&r=g","width":96,"height":96,"caption":"da Reda\u00e7\u00e3o"}},{"@type":"WebPage","@id":"https:\/\/www.jornalja.com.br\/arquivo\/lanceiros-negros-recorre-aos-direitos-humanos-internacional-para-evitar-despejo\/#webpage","url":"https:\/\/www.jornalja.com.br\/arquivo\/lanceiros-negros-recorre-aos-direitos-humanos-internacional-para-evitar-despejo\/","name":"Lanceiros Negros recorre aos Direitos Humanos Internacional para evitar despejo | Arquivo","inLanguage":"pt-BR","isPartOf":{"@id":"https:\/\/www.jornalja.com.br\/arquivo\/#website"},"breadcrumb":{"@id":"https:\/\/www.jornalja.com.br\/arquivo\/lanceiros-negros-recorre-aos-direitos-humanos-internacional-para-evitar-despejo\/#breadcrumblist"},"author":{"@id":"https:\/\/www.jornalja.com.br\/arquivo\/author\/daredacao\/#author"},"creator":{"@id":"https:\/\/www.jornalja.com.br\/arquivo\/author\/daredacao\/#author"},"image":{"@type":"ImageObject","url":50906,"@id":"https:\/\/www.jornalja.com.br\/arquivo\/lanceiros-negros-recorre-aos-direitos-humanos-internacional-para-evitar-despejo\/#mainImage"},"primaryImageOfPage":{"@id":"https:\/\/www.jornalja.com.br\/arquivo\/lanceiros-negros-recorre-aos-direitos-humanos-internacional-para-evitar-despejo\/#mainImage"},"datePublished":"2017-07-21T15:38:35-03:00","dateModified":"2017-07-21T15:38:35-03:00"},{"@type":"WebSite","@id":"https:\/\/www.jornalja.com.br\/arquivo\/#website","url":"https:\/\/www.jornalja.com.br\/arquivo\/","name":"Arquivo","description":"Jornal J\u00c1 | Porto Alegre","inLanguage":"pt-BR","publisher":{"@id":"https:\/\/www.jornalja.com.br\/arquivo\/#organization"}}]},"og:locale":"pt_BR","og:site_name":"Arquivo | Jornal J\u00c1 | Porto Alegre","og:type":"article","og:title":"Lanceiros Negros recorre aos Direitos Humanos Internacional para evitar despejo | Arquivo","og:url":"https:\/\/www.jornalja.com.br\/arquivo\/lanceiros-negros-recorre-aos-direitos-humanos-internacional-para-evitar-despejo\/","og:image":"https:\/\/www.jornalja.com.br\/economics\/wp-content\/uploads\/sites\/11\/2026\/08\/ja-folhaderosto-facebook.jpg","og:image:secure_url":"https:\/\/www.jornalja.com.br\/economics\/wp-content\/uploads\/sites\/11\/2026\/08\/ja-folhaderosto-facebook.jpg","article:published_time":"2017-07-21T18:38:35+00:00","article:modified_time":"2017-07-21T18:38:35+00:00","twitter:card":"summary","twitter:title":"Lanceiros Negros recorre aos Direitos Humanos Internacional para evitar despejo | Arquivo","twitter:image":"https:\/\/www.jornalja.com.br\/economics\/wp-content\/uploads\/sites\/11\/2026\/08\/ja-folhaderosto-facebook.jpg"},"aioseo_meta_data":{"post_id":"51846","title":null,"description":null,"keywords":null,"keyphrases":null,"primary_term":null,"canonical_url":null,"og_title":null,"og_description":null,"og_object_type":"default","og_image_type":"default","og_image_url":null,"og_image_width":null,"og_image_height":null,"og_image_custom_url":null,"og_image_custom_fields":null,"og_video":null,"og_custom_url":null,"og_article_section":null,"og_article_tags":null,"twitter_use_og":false,"twitter_card":"default","twitter_image_type":"default","twitter_image_url":null,"twitter_image_custom_url":null,"twitter_image_custom_fields":null,"twitter_title":null,"twitter_description":null,"schema":{"blockGraphs":[],"customGraphs":[],"default":{"data":{"Article":[],"Course":[],"Dataset":[],"FAQPage":[],"Movie":[],"Person":[],"Product":[],"ProductReview":[],"Car":[],"Recipe":[],"Service":[],"SoftwareApplication":[],"WebPage":[]},"graphName":"","isEnabled":true},"graphs":[],"defaultGraph":"","defaultPostTypeGraph":""},"schema_type":null,"schema_type_options":null,"pillar_content":false,"robots_default":true,"robots_noindex":false,"robots_noarchive":false,"robots_nosnippet":false,"robots_nofollow":false,"robots_noimageindex":false,"robots_noodp":false,"robots_notranslate":false,"robots_max_snippet":null,"robots_max_videopreview":null,"robots_max_imagepreview":"large","priority":null,"frequency":null,"location":null,"local_seo":null,"breadcrumb_settings":null,"limit_modified_date":false,"ai":null,"created":"2020-12-20 20:29:05","updated":"2025-07-19 23:30:24","seo_analyzer_scan_date":null,"focus_keyword":null,"additional_keywords":null,"truseo_locale":null},"jetpack_sharing_enabled":true,"jetpack-related-posts":[{"id":13240,"url":"https:\/\/www.jornalja.com.br\/arquivo\/plano-diretor-estamos-construindo-o-caos\/","url_meta":{"origin":51846,"position":0},"title":"Plano diretor: &quot;Estamos construindo o caos&quot;","author":"Patr\u00edcia Marini","date":"26 de maio de 2014","format":false,"excerpt":"Desabafo que arquiteta Eliana Castilhos, delegada da Regi\u00e3o de Planejamento 1, postou nas redes sociais \u00e9 um testemunho do ambiente que se criou no Conselho do Plano Diretor de Porto Alegre, onde a aprova\u00e7\u00e3o de grandes empreendimentos \u00e9 empurrada guela abaixo dos conselheiros. Ao CMDUA Como delegada da Regi\u00e3o de\u2026","rel":"","context":"Em &quot;Geral&quot;","block_context":{"text":"Geral","link":"https:\/\/www.jornalja.com.br\/arquivo\/category\/geral\/"},"img":{"alt_text":"","src":"","width":0,"height":0},"classes":[]},{"id":13109,"url":"https:\/\/www.jornalja.com.br\/arquivo\/judiciario-reconhece-poluicao-eletromagnetica\/","url_meta":{"origin":51846,"position":1},"title":"Judici\u00e1rio reconhece polui\u00e7\u00e3o eletromagn\u00e9tica","author":"Patr\u00edcia Marini","date":"16 de maio de 2014","format":false,"excerpt":"A\u00e7\u00e3o de duas associa\u00e7\u00f5es de moradores foi acolhida pelo Tribunal de Justi\u00e7a de S\u00e3o Paulo que. em decis\u00e3o in\u00e9dita, determinou a redu\u00e7\u00e3o do campo eletromagn\u00e9tico gerado pelas linhas de transmiss\u00e3o de energia que cortam os bairros City Boa\u00e7ava e Alto de Pinheiros. \u00c9 a primeira vez que um tribunal do\u2026","rel":"","context":"Em &quot;X.Categorias velhas&quot;","block_context":{"text":"X.Categorias velhas","link":"https:\/\/www.jornalja.com.br\/arquivo\/category\/x-categorias-velhas\/"},"img":{"alt_text":"","src":"","width":0,"height":0},"classes":[]},{"id":5440,"url":"https:\/\/www.jornalja.com.br\/arquivo\/casarao-da-venancio-destino-permanece-incerto\/","url_meta":{"origin":51846,"position":2},"title":"Estado ainda n\u00e3o sabe o que fazer com casar\u00e3o abandonado h\u00e1 20 anos","author":"Elmar Bones","date":"6 de julho de 2009","format":false,"excerpt":"O casar\u00e3o amarelo, numa esquina nobre de Porto Alegre (Ven\u00e2ncio Aires com Jo\u00e3o Pessoa), j\u00e1 abrigou uma escola. H\u00e1 duas d\u00e9cadas, pelo menos, est\u00e1 abandonado, porque seu propriet\u00e1rio, o governo do Estado do Rio Grande do Sul, n\u00e3o consegue achar um destino para ele. Planos n\u00e3o faltaram. O governador Ol\u00edvio\u2026","rel":"","context":"Em &quot;X.Categorias velhas&quot;","block_context":{"text":"X.Categorias velhas","link":"https:\/\/www.jornalja.com.br\/arquivo\/category\/x-categorias-velhas\/"},"img":{"alt_text":"geraldo1","src":"https:\/\/i0.wp.com\/www.jornalja.com.br\/wp-content\/uploads\/2009\/07\/geraldo1.jpg?resize=350%2C200&ssl=1","width":350,"height":200},"classes":[]},{"id":13124,"url":"https:\/\/www.jornalja.com.br\/arquivo\/sangue-latino-no-iecine\/","url_meta":{"origin":51846,"position":3},"title":"Sangue latino no IECINE","author":"da Reda\u00e7\u00e3o","date":"18 de maio de 2014","format":false,"excerpt":"Francisco Ribeiro O Instituto Estadual de Cinema (IECINE) tem a frente, desde abril \u00faltimo, um novo diretor, o cineasta colombiano Juan Zapata, 36, que substitui Luiz Alberto Cassol. Radicado h\u00e1 dez anos em Porto Alegre, Zapata tem diante de si o desafio de conduzir at\u00e9 o final do ano um\u2026","rel":"","context":"Em &quot;Cultura-Geral&quot;","block_context":{"text":"Cultura-Geral","link":"https:\/\/www.jornalja.com.br\/arquivo\/category\/materiasecundaria\/"},"img":{"alt_text":"","src":"","width":0,"height":0},"classes":[]},{"id":13101,"url":"https:\/\/www.jornalja.com.br\/arquivo\/morre-um-guerreiro-do-texto\/","url_meta":{"origin":51846,"position":4},"title":"Morre um guerreiro do texto","author":"Patr\u00edcia Marini","date":"14 de maio de 2014","format":false,"excerpt":"Por Ricardo Kotscho Reproduzido do blog do autor, 11\/5\/2014; t\u00edtulo original \u201cE l\u00e1 se foi o nosso Myltainho, guerreiro do texto\u201d. Mi\u00fado e franzino, meu amigo Myltainho era um valente e inconformado guerreiro na luta contra as injusti\u00e7as sociais, a hipocrisia, as maracutaias, o autoritarismo, a intoler\u00e2ncia, a viol\u00eancia, o\u2026","rel":"","context":"Em &quot;Geral&quot;","block_context":{"text":"Geral","link":"https:\/\/www.jornalja.com.br\/arquivo\/category\/geral\/"},"img":{"alt_text":"","src":"","width":0,"height":0},"classes":[]},{"id":12960,"url":"https:\/\/www.jornalja.com.br\/arquivo\/populacao-culpa-empresas-pela-greve-dos-rodoviarios\/","url_meta":{"origin":51846,"position":5},"title":"Popula\u00e7\u00e3o culpa empresas pela greve","author":"Patr\u00edcia Marini","date":"14 de fevereiro de 2014","format":false,"excerpt":"Pesquisa divulgada na edi\u00e7\u00e3o do jornal Metro desta sexta-feira,14, comprova o velho ditado: \u00e9 poss\u00edvel enganar muitos por algum tempo, mas n\u00e3o \u00e9 poss\u00edvel enganar a todos o tempo inteiro. A principal revela\u00e7\u00e3o foi que 59,8% dos entrevistados apontaram as empresas como as principais respons\u00e1veis pela grave e 46% culparam\u2026","rel":"","context":"Em &quot;X.Categorias velhas&quot;","block_context":{"text":"X.Categorias velhas","link":"https:\/\/www.jornalja.com.br\/arquivo\/category\/x-categorias-velhas\/"},"img":{"alt_text":"","src":"","width":0,"height":0},"classes":[]}],"jetpack_shortlink":"https:\/\/wp.me\/pbQjBd-due","jetpack_featured_media_url":"","_links":{"self":[{"href":"https:\/\/www.jornalja.com.br\/arquivo\/wp-json\/wp\/v2\/posts\/51846","targetHints":{"allow":["GET"]}}],"collection":[{"href":"https:\/\/www.jornalja.com.br\/arquivo\/wp-json\/wp\/v2\/posts"}],"about":[{"href":"https:\/\/www.jornalja.com.br\/arquivo\/wp-json\/wp\/v2\/types\/post"}],"author":[{"embeddable":true,"href":"https:\/\/www.jornalja.com.br\/arquivo\/wp-json\/wp\/v2\/users\/4"}],"replies":[{"embeddable":true,"href":"https:\/\/www.jornalja.com.br\/arquivo\/wp-json\/wp\/v2\/comments?post=51846"}],"version-history":[{"count":0,"href":"https:\/\/www.jornalja.com.br\/arquivo\/wp-json\/wp\/v2\/posts\/51846\/revisions"}],"wp:attachment":[{"href":"https:\/\/www.jornalja.com.br\/arquivo\/wp-json\/wp\/v2\/media?parent=51846"}],"wp:term":[{"taxonomy":"category","embeddable":true,"href":"https:\/\/www.jornalja.com.br\/arquivo\/wp-json\/wp\/v2\/categories?post=51846"},{"taxonomy":"post_tag","embeddable":true,"href":"https:\/\/www.jornalja.com.br\/arquivo\/wp-json\/wp\/v2\/tags?post=51846"}],"curies":[{"name":"wp","href":"https:\/\/api.w.org\/{rel}","templated":true}]}}