{"id":51892,"date":"2017-07-21T11:51:42","date_gmt":"2017-07-21T14:51:42","guid":{"rendered":"https:\/\/www.jornalja.com.br\/?p=51892"},"modified":"2017-07-21T11:51:42","modified_gmt":"2017-07-21T14:51:42","slug":"mil-novos-brigadianos-entram-em-servico-compensando-aposentadorias","status":"publish","type":"post","link":"https:\/\/www.jornalja.com.br\/arquivo\/mil-novos-brigadianos-entram-em-servico-compensando-aposentadorias\/","title":{"rendered":"Mil novos brigadianos entram em servi\u00e7o compensando aposentadorias"},"content":{"rendered":"<figure class=\"cArticleImagem\" data-lightbox=\"false\" data-overlaybgcolor=\"#000\" data-overlayopacity=\"0.7\" data-imageclose=\"\/themes\/portalRS\/images\/lightbox\/close.gif\" data-imageloading=\"\/themes\/portalRS\/images\/lightbox\/loading.gif\"><figcaption>\n<div class=\"cArticle-conterInfoImagem\">\nSegundo a Brigada Militar, 1018 novos soldados estar\u00e3o nas ruas em todo o Estado, a partir da pr\u00f3xima segunda-feira.<br \/>\nApresentado como &#8220;refor\u00e7o ao policiamento ostensivo&#8221;, o novo contingente, na verdade, vai preencher as vagas abertas com as aposentadorias este ano.<br \/>\nMais de mil aposentadorias j\u00e1 est\u00e3o requeridas desde abril. Outras mil est\u00e3o previstas at\u00e9 o fim do ano.<br \/>\nAtualmente, s\u00e3o cerca de 20 mil policiais militares\u00a0no RS, quando o m\u00ednimo necess\u00e1rio seria de 37 mil, conforme o Comando da BM.<br \/>\nEm 2015 e 2016, quase 4 mil PMs foram para a reserva.\n<\/div>\n<div class=\"cArticle-conterInfoImagem\"><\/div>\n<div class=\"cArticle-conterInfoImagem\"><\/div>\n<div class=\"cArticle-conterInfoImagem\">Cerca de 70% dos novos soldados que entram em servi\u00e7o v\u00e3o ficar em Porto Alegre e Metropolitana. O restante corresponder\u00e1 ao\u00a0350 brigadianos que vieram do interior do Estado para refor\u00e7ar a seguran\u00e7a na Capital retornar\u00e3o\u00a0para as cidades de origem at\u00e9 o fim do m\u00eas.<\/div>\n<div class=\"cArticle-conterInfoImagem\">\nO comandante da BM, M\u00e1rio Ikeda garantiu a perman\u00eancia dos militares da For\u00e7a Nacional em Porto Alegre. &#8220;N\u00e3o h\u00e1 nenhuma previs\u00e3o de sa\u00edda dos agentes&#8221;, disse ele.\n<\/div>\n<\/figcaption><\/figure>\n<div id=\"mediaTexto\" class=\"cArticleTexto\">\n<img loading=\"lazy\" decoding=\"async\" src=\"http:\/\/www.rs.gov.br\/upload\/1500576533_upload-20170720153809img_5343.jpg\" alt=\"\" width=\"724\" height=\"482\" \/><br \/>\n<em>\u00a0Luiz Chaves\/Pal\u00e1cio Piratini<\/em><br \/>\n<strong>Forma\u00e7\u00e3o policial<\/strong><br \/>\nO Curso B\u00e1sico de Forma\u00e7\u00e3o Policial Militar (CBFPM) come\u00e7ou em novembro de 2016. Durante sete meses de treinamento, os futuros policiais militares cumpriram 1,6 mil horas\/aula, distribu\u00eddas em 46 disciplinas.<br \/>\nEntre elas, t\u00e9cnica policial-militar, uso de arma de fogo, decis\u00e3o de tiro, abordagem policial e preenchimento de documenta\u00e7\u00e3o operacional, e est\u00e1gios operacionais.<br \/>\nAs aulas ocorreram em dois turnos, na Academia de Pol\u00edcia Militar (APM), em Porto Alegre, e nas escolas de Forma\u00e7\u00e3o e Especializa\u00e7\u00e3o de Soldados (EsFES), em Montenegro e Os\u00f3rio, e tamb\u00e9m em espa\u00e7o f\u00edsico junto \u00e0 Ulbra, em Canoas.<br \/>\n<strong>Novo concurso<\/strong><br \/>\nA recomposi\u00e7\u00e3o do efetivo da Brigada Militar s\u00f3 vai ser poss\u00edvel a partir do novo novo concurso, j\u00e1 anunciado por Sartori, \u00a0para contrata\u00e7\u00e3o de mais 6,1 mil profissionais para atuar na Seguran\u00e7a P\u00fablica.<br \/>\nO maior n\u00famero \u00e9 para a Brigada Militar, com 4,3 mil vagas, sendo 4,1 mil para o cargo de soldado e 200 para o quadro de oficiais da corpora\u00e7\u00e3o.<br \/>\n&nbsp;\n<\/div>\n","protected":false},"excerpt":{"rendered":"<p>Segundo a Brigada Militar, 1018 novos soldados estar\u00e3o nas ruas em todo o Estado, a partir da pr\u00f3xima segunda-feira. Apresentado como &#8220;refor\u00e7o ao policiamento ostensivo&#8221;, o novo contingente, na verdade, vai preencher as vagas abertas com as aposentadorias este ano. Mais de mil aposentadorias j\u00e1 est\u00e3o requeridas desde abril. Outras mil est\u00e3o previstas at\u00e9 o [&hellip;]<\/p>\n","protected":false},"author":4,"featured_media":51895,"comment_status":"open","ping_status":"closed","sticky":false,"template":"","format":"standard","meta":{"_jetpack_newsletter_access":"","_jetpack_dont_email_post_to_subs":false,"_jetpack_newsletter_tier_id":0,"_jetpack_memberships_contains_paywalled_content":false,"_jetpack_feature_clip_id":0,"_jetpack_memberships_contains_paid_content":false,"footnotes":"","jetpack_post_was_ever_published":false},"categories":[26],"tags":[],"class_list":["post-51892","post","type-post","status-publish","format-standard","has-post-thumbnail","hentry","category-geral"],"aioseo_notices":[],"aioseo_head":"\n\t\t<!-- All in One SEO 5.0.1.1 - aioseo.com -->\n\t<meta name=\"robots\" content=\"max-image-preview:large\" \/>\n\t<meta name=\"author\" content=\"da Reda\u00e7\u00e3o\"\/>\n\t<link rel=\"canonical\" href=\"https:\/\/www.jornalja.com.br\/arquivo\/mil-novos-brigadianos-entram-em-servico-compensando-aposentadorias\/\" \/>\n\t<meta name=\"generator\" content=\"All in One SEO (AIOSEO) 5.0.1.1\" \/>\n\t\t<meta property=\"og:locale\" content=\"pt_BR\" \/>\n\t\t<meta property=\"og:site_name\" content=\"Arquivo | Jornal J\u00c1 | Porto Alegre\" \/>\n\t\t<meta property=\"og:type\" content=\"article\" \/>\n\t\t<meta property=\"og:title\" content=\"Mil novos brigadianos entram em servi\u00e7o compensando aposentadorias | Arquivo\" \/>\n\t\t<meta property=\"og:url\" content=\"https:\/\/www.jornalja.com.br\/arquivo\/mil-novos-brigadianos-entram-em-servico-compensando-aposentadorias\/\" \/>\n\t\t<meta property=\"og:image\" content=\"https:\/\/www.rs.gov.br\/upload\/1500576533_upload-20170720153809img_5343.jpg\" \/>\n\t\t<meta property=\"og:image:secure_url\" content=\"https:\/\/www.rs.gov.br\/upload\/1500576533_upload-20170720153809img_5343.jpg\" \/>\n\t\t<meta property=\"article:published_time\" content=\"2017-07-21T14:51:42+00:00\" \/>\n\t\t<meta property=\"article:modified_time\" content=\"2017-07-21T14:51:42+00:00\" \/>\n\t\t<meta name=\"twitter:card\" content=\"summary\" \/>\n\t\t<meta name=\"twitter:title\" content=\"Mil novos brigadianos entram em servi\u00e7o compensando aposentadorias | Arquivo\" \/>\n\t\t<meta name=\"twitter:image\" content=\"https:\/\/www.jornalja.com.br\/economics\/wp-content\/uploads\/sites\/11\/2026\/08\/ja-folhaderosto-facebook.jpg\" \/>\n\t\t<script type=\"application\/ld+json\" class=\"aioseo-schema\">\n\t\t\t{\"@context\":\"https:\\\/\\\/schema.org\",\"@graph\":[{\"@type\":\"BlogPosting\",\"@id\":\"https:\\\/\\\/www.jornalja.com.br\\\/arquivo\\\/mil-novos-brigadianos-entram-em-servico-compensando-aposentadorias\\\/#blogposting\",\"name\":\"Mil novos brigadianos entram em servi\\u00e7o compensando aposentadorias | Arquivo\",\"headline\":\"Mil novos brigadianos entram em servi\\u00e7o compensando aposentadorias\",\"author\":{\"@id\":\"https:\\\/\\\/www.jornalja.com.br\\\/arquivo\\\/author\\\/daredacao\\\/#author\"},\"publisher\":{\"@id\":\"https:\\\/\\\/www.jornalja.com.br\\\/arquivo\\\/#organization\"},\"image\":{\"@type\":\"ImageObject\",\"url\":51895},\"datePublished\":\"2017-07-21T11:51:42-03:00\",\"dateModified\":\"2017-07-21T11:51:42-03:00\",\"inLanguage\":\"pt-BR\",\"mainEntityOfPage\":{\"@id\":\"https:\\\/\\\/www.jornalja.com.br\\\/arquivo\\\/mil-novos-brigadianos-entram-em-servico-compensando-aposentadorias\\\/#webpage\"},\"isPartOf\":{\"@id\":\"https:\\\/\\\/www.jornalja.com.br\\\/arquivo\\\/mil-novos-brigadianos-entram-em-servico-compensando-aposentadorias\\\/#webpage\"},\"articleSection\":\"Geral\"},{\"@type\":\"BreadcrumbList\",\"@id\":\"https:\\\/\\\/www.jornalja.com.br\\\/arquivo\\\/mil-novos-brigadianos-entram-em-servico-compensando-aposentadorias\\\/#breadcrumblist\",\"itemListElement\":[{\"@type\":\"ListItem\",\"@id\":\"https:\\\/\\\/www.jornalja.com.br\\\/arquivo#listItem\",\"position\":1,\"name\":\"Home\",\"item\":\"https:\\\/\\\/www.jornalja.com.br\\\/arquivo\",\"nextItem\":{\"@type\":\"ListItem\",\"@id\":\"https:\\\/\\\/www.jornalja.com.br\\\/arquivo\\\/category\\\/geral\\\/#listItem\",\"name\":\"Geral\"}},{\"@type\":\"ListItem\",\"@id\":\"https:\\\/\\\/www.jornalja.com.br\\\/arquivo\\\/category\\\/geral\\\/#listItem\",\"position\":2,\"name\":\"Geral\",\"item\":\"https:\\\/\\\/www.jornalja.com.br\\\/arquivo\\\/category\\\/geral\\\/\",\"nextItem\":{\"@type\":\"ListItem\",\"@id\":\"https:\\\/\\\/www.jornalja.com.br\\\/arquivo\\\/mil-novos-brigadianos-entram-em-servico-compensando-aposentadorias\\\/#listItem\",\"name\":\"Mil novos brigadianos entram em servi\\u00e7o compensando aposentadorias\"},\"previousItem\":{\"@type\":\"ListItem\",\"@id\":\"https:\\\/\\\/www.jornalja.com.br\\\/arquivo#listItem\",\"name\":\"Home\"}},{\"@type\":\"ListItem\",\"@id\":\"https:\\\/\\\/www.jornalja.com.br\\\/arquivo\\\/mil-novos-brigadianos-entram-em-servico-compensando-aposentadorias\\\/#listItem\",\"position\":3,\"name\":\"Mil novos brigadianos entram em servi\\u00e7o compensando aposentadorias\",\"previousItem\":{\"@type\":\"ListItem\",\"@id\":\"https:\\\/\\\/www.jornalja.com.br\\\/arquivo\\\/category\\\/geral\\\/#listItem\",\"name\":\"Geral\"}}]},{\"@type\":\"Organization\",\"@id\":\"https:\\\/\\\/www.jornalja.com.br\\\/arquivo\\\/#organization\",\"name\":\"Jornal J\\u00c1\",\"description\":\"Jornal J\\u00c1 | Porto Alegre\",\"url\":\"https:\\\/\\\/www.jornalja.com.br\\\/arquivo\\\/\",\"telephone\":\"+555133307272\",\"logo\":{\"@type\":\"ImageObject\",\"url\":\"https:\\\/\\\/www.jornalja.com.br\\\/wp-content\\\/uploads\\\/cards\\\/JAslogan.png\",\"@id\":\"https:\\\/\\\/www.jornalja.com.br\\\/arquivo\\\/mil-novos-brigadianos-entram-em-servico-compensando-aposentadorias\\\/#organizationLogo\"},\"image\":{\"@id\":\"https:\\\/\\\/www.jornalja.com.br\\\/arquivo\\\/mil-novos-brigadianos-entram-em-servico-compensando-aposentadorias\\\/#organizationLogo\"}},{\"@type\":\"Person\",\"@id\":\"https:\\\/\\\/www.jornalja.com.br\\\/arquivo\\\/author\\\/daredacao\\\/#author\",\"url\":\"https:\\\/\\\/www.jornalja.com.br\\\/arquivo\\\/author\\\/daredacao\\\/\",\"name\":\"da Reda\\u00e7\\u00e3o\",\"image\":{\"@type\":\"ImageObject\",\"@id\":\"https:\\\/\\\/www.jornalja.com.br\\\/arquivo\\\/mil-novos-brigadianos-entram-em-servico-compensando-aposentadorias\\\/#authorImage\",\"url\":\"https:\\\/\\\/secure.gravatar.com\\\/avatar\\\/469fd857d6605ad19919d27ed29d35a968a25f6e8fd9318356bbb7f57aae9c65?s=96&d=mm&r=g\",\"width\":96,\"height\":96,\"caption\":\"da Reda\\u00e7\\u00e3o\"}},{\"@type\":\"WebPage\",\"@id\":\"https:\\\/\\\/www.jornalja.com.br\\\/arquivo\\\/mil-novos-brigadianos-entram-em-servico-compensando-aposentadorias\\\/#webpage\",\"url\":\"https:\\\/\\\/www.jornalja.com.br\\\/arquivo\\\/mil-novos-brigadianos-entram-em-servico-compensando-aposentadorias\\\/\",\"name\":\"Mil novos brigadianos entram em servi\\u00e7o compensando aposentadorias | Arquivo\",\"inLanguage\":\"pt-BR\",\"isPartOf\":{\"@id\":\"https:\\\/\\\/www.jornalja.com.br\\\/arquivo\\\/#website\"},\"breadcrumb\":{\"@id\":\"https:\\\/\\\/www.jornalja.com.br\\\/arquivo\\\/mil-novos-brigadianos-entram-em-servico-compensando-aposentadorias\\\/#breadcrumblist\"},\"author\":{\"@id\":\"https:\\\/\\\/www.jornalja.com.br\\\/arquivo\\\/author\\\/daredacao\\\/#author\"},\"creator\":{\"@id\":\"https:\\\/\\\/www.jornalja.com.br\\\/arquivo\\\/author\\\/daredacao\\\/#author\"},\"image\":{\"@type\":\"ImageObject\",\"url\":51895,\"@id\":\"https:\\\/\\\/www.jornalja.com.br\\\/arquivo\\\/mil-novos-brigadianos-entram-em-servico-compensando-aposentadorias\\\/#mainImage\"},\"primaryImageOfPage\":{\"@id\":\"https:\\\/\\\/www.jornalja.com.br\\\/arquivo\\\/mil-novos-brigadianos-entram-em-servico-compensando-aposentadorias\\\/#mainImage\"},\"datePublished\":\"2017-07-21T11:51:42-03:00\",\"dateModified\":\"2017-07-21T11:51:42-03:00\"},{\"@type\":\"WebSite\",\"@id\":\"https:\\\/\\\/www.jornalja.com.br\\\/arquivo\\\/#website\",\"url\":\"https:\\\/\\\/www.jornalja.com.br\\\/arquivo\\\/\",\"name\":\"Arquivo\",\"description\":\"Jornal J\\u00c1 | Porto Alegre\",\"inLanguage\":\"pt-BR\",\"publisher\":{\"@id\":\"https:\\\/\\\/www.jornalja.com.br\\\/arquivo\\\/#organization\"}}]}\n\t\t<\/script>\n\t\t<!-- All in One SEO -->\n\n","aioseo_head_json":{"title":"Mil novos brigadianos entram em servi\u00e7o compensando aposentadorias | Arquivo","description":"","canonical_url":"https:\/\/www.jornalja.com.br\/arquivo\/mil-novos-brigadianos-entram-em-servico-compensando-aposentadorias\/","robots":"max-image-preview:large","keywords":"","webmasterTools":{"miscellaneous":""},"schema":{"@context":"https:\/\/schema.org","@graph":[{"@type":"BlogPosting","@id":"https:\/\/www.jornalja.com.br\/arquivo\/mil-novos-brigadianos-entram-em-servico-compensando-aposentadorias\/#blogposting","name":"Mil novos brigadianos entram em servi\u00e7o compensando aposentadorias | Arquivo","headline":"Mil novos brigadianos entram em servi\u00e7o compensando aposentadorias","author":{"@id":"https:\/\/www.jornalja.com.br\/arquivo\/author\/daredacao\/#author"},"publisher":{"@id":"https:\/\/www.jornalja.com.br\/arquivo\/#organization"},"image":{"@type":"ImageObject","url":51895},"datePublished":"2017-07-21T11:51:42-03:00","dateModified":"2017-07-21T11:51:42-03:00","inLanguage":"pt-BR","mainEntityOfPage":{"@id":"https:\/\/www.jornalja.com.br\/arquivo\/mil-novos-brigadianos-entram-em-servico-compensando-aposentadorias\/#webpage"},"isPartOf":{"@id":"https:\/\/www.jornalja.com.br\/arquivo\/mil-novos-brigadianos-entram-em-servico-compensando-aposentadorias\/#webpage"},"articleSection":"Geral"},{"@type":"BreadcrumbList","@id":"https:\/\/www.jornalja.com.br\/arquivo\/mil-novos-brigadianos-entram-em-servico-compensando-aposentadorias\/#breadcrumblist","itemListElement":[{"@type":"ListItem","@id":"https:\/\/www.jornalja.com.br\/arquivo#listItem","position":1,"name":"Home","item":"https:\/\/www.jornalja.com.br\/arquivo","nextItem":{"@type":"ListItem","@id":"https:\/\/www.jornalja.com.br\/arquivo\/category\/geral\/#listItem","name":"Geral"}},{"@type":"ListItem","@id":"https:\/\/www.jornalja.com.br\/arquivo\/category\/geral\/#listItem","position":2,"name":"Geral","item":"https:\/\/www.jornalja.com.br\/arquivo\/category\/geral\/","nextItem":{"@type":"ListItem","@id":"https:\/\/www.jornalja.com.br\/arquivo\/mil-novos-brigadianos-entram-em-servico-compensando-aposentadorias\/#listItem","name":"Mil novos brigadianos entram em servi\u00e7o compensando aposentadorias"},"previousItem":{"@type":"ListItem","@id":"https:\/\/www.jornalja.com.br\/arquivo#listItem","name":"Home"}},{"@type":"ListItem","@id":"https:\/\/www.jornalja.com.br\/arquivo\/mil-novos-brigadianos-entram-em-servico-compensando-aposentadorias\/#listItem","position":3,"name":"Mil novos brigadianos entram em servi\u00e7o compensando aposentadorias","previousItem":{"@type":"ListItem","@id":"https:\/\/www.jornalja.com.br\/arquivo\/category\/geral\/#listItem","name":"Geral"}}]},{"@type":"Organization","@id":"https:\/\/www.jornalja.com.br\/arquivo\/#organization","name":"Jornal J\u00c1","description":"Jornal J\u00c1 | Porto Alegre","url":"https:\/\/www.jornalja.com.br\/arquivo\/","telephone":"+555133307272","logo":{"@type":"ImageObject","url":"https:\/\/www.jornalja.com.br\/wp-content\/uploads\/cards\/JAslogan.png","@id":"https:\/\/www.jornalja.com.br\/arquivo\/mil-novos-brigadianos-entram-em-servico-compensando-aposentadorias\/#organizationLogo"},"image":{"@id":"https:\/\/www.jornalja.com.br\/arquivo\/mil-novos-brigadianos-entram-em-servico-compensando-aposentadorias\/#organizationLogo"}},{"@type":"Person","@id":"https:\/\/www.jornalja.com.br\/arquivo\/author\/daredacao\/#author","url":"https:\/\/www.jornalja.com.br\/arquivo\/author\/daredacao\/","name":"da Reda\u00e7\u00e3o","image":{"@type":"ImageObject","@id":"https:\/\/www.jornalja.com.br\/arquivo\/mil-novos-brigadianos-entram-em-servico-compensando-aposentadorias\/#authorImage","url":"https:\/\/secure.gravatar.com\/avatar\/469fd857d6605ad19919d27ed29d35a968a25f6e8fd9318356bbb7f57aae9c65?s=96&d=mm&r=g","width":96,"height":96,"caption":"da Reda\u00e7\u00e3o"}},{"@type":"WebPage","@id":"https:\/\/www.jornalja.com.br\/arquivo\/mil-novos-brigadianos-entram-em-servico-compensando-aposentadorias\/#webpage","url":"https:\/\/www.jornalja.com.br\/arquivo\/mil-novos-brigadianos-entram-em-servico-compensando-aposentadorias\/","name":"Mil novos brigadianos entram em servi\u00e7o compensando aposentadorias | Arquivo","inLanguage":"pt-BR","isPartOf":{"@id":"https:\/\/www.jornalja.com.br\/arquivo\/#website"},"breadcrumb":{"@id":"https:\/\/www.jornalja.com.br\/arquivo\/mil-novos-brigadianos-entram-em-servico-compensando-aposentadorias\/#breadcrumblist"},"author":{"@id":"https:\/\/www.jornalja.com.br\/arquivo\/author\/daredacao\/#author"},"creator":{"@id":"https:\/\/www.jornalja.com.br\/arquivo\/author\/daredacao\/#author"},"image":{"@type":"ImageObject","url":51895,"@id":"https:\/\/www.jornalja.com.br\/arquivo\/mil-novos-brigadianos-entram-em-servico-compensando-aposentadorias\/#mainImage"},"primaryImageOfPage":{"@id":"https:\/\/www.jornalja.com.br\/arquivo\/mil-novos-brigadianos-entram-em-servico-compensando-aposentadorias\/#mainImage"},"datePublished":"2017-07-21T11:51:42-03:00","dateModified":"2017-07-21T11:51:42-03:00"},{"@type":"WebSite","@id":"https:\/\/www.jornalja.com.br\/arquivo\/#website","url":"https:\/\/www.jornalja.com.br\/arquivo\/","name":"Arquivo","description":"Jornal J\u00c1 | Porto Alegre","inLanguage":"pt-BR","publisher":{"@id":"https:\/\/www.jornalja.com.br\/arquivo\/#organization"}}]},"og:locale":"pt_BR","og:site_name":"Arquivo | Jornal J\u00c1 | Porto Alegre","og:type":"article","og:title":"Mil novos brigadianos entram em servi\u00e7o compensando aposentadorias | Arquivo","og:url":"https:\/\/www.jornalja.com.br\/arquivo\/mil-novos-brigadianos-entram-em-servico-compensando-aposentadorias\/","og:image":"https:\/\/www.rs.gov.br\/upload\/1500576533_upload-20170720153809img_5343.jpg","og:image:secure_url":"https:\/\/www.rs.gov.br\/upload\/1500576533_upload-20170720153809img_5343.jpg","article:published_time":"2017-07-21T14:51:42+00:00","article:modified_time":"2017-07-21T14:51:42+00:00","twitter:card":"summary","twitter:title":"Mil novos brigadianos entram em servi\u00e7o compensando aposentadorias | Arquivo","twitter:image":"https:\/\/www.jornalja.com.br\/economics\/wp-content\/uploads\/sites\/11\/2026\/08\/ja-folhaderosto-facebook.jpg"},"aioseo_meta_data":{"post_id":"51892","title":null,"description":null,"keywords":null,"keyphrases":null,"primary_term":null,"canonical_url":null,"og_title":null,"og_description":null,"og_object_type":"default","og_image_type":"default","og_image_url":null,"og_image_width":null,"og_image_height":null,"og_image_custom_url":null,"og_image_custom_fields":null,"og_video":null,"og_custom_url":null,"og_article_section":null,"og_article_tags":null,"twitter_use_og":false,"twitter_card":"default","twitter_image_type":"default","twitter_image_url":null,"twitter_image_custom_url":null,"twitter_image_custom_fields":null,"twitter_title":null,"twitter_description":null,"schema":{"blockGraphs":[],"customGraphs":[],"default":{"data":{"Article":[],"Course":[],"Dataset":[],"FAQPage":[],"Movie":[],"Person":[],"Product":[],"ProductReview":[],"Car":[],"Recipe":[],"Service":[],"SoftwareApplication":[],"WebPage":[]},"graphName":"","isEnabled":true},"graphs":[]},"schema_type":null,"schema_type_options":null,"pillar_content":false,"robots_default":true,"robots_noindex":false,"robots_noarchive":false,"robots_nosnippet":false,"robots_nofollow":false,"robots_noimageindex":false,"robots_noodp":false,"robots_notranslate":false,"robots_max_snippet":null,"robots_max_videopreview":null,"robots_max_imagepreview":"large","priority":null,"frequency":null,"location":null,"local_seo":null,"breadcrumb_settings":null,"limit_modified_date":false,"ai":null,"created":"2020-12-20 20:29:05","updated":"2025-07-19 23:29:24","seo_analyzer_scan_date":null,"focus_keyword":null,"additional_keywords":null,"truseo_locale":null},"jetpack_sharing_enabled":true,"jetpack-related-posts":[{"id":5440,"url":"https:\/\/www.jornalja.com.br\/arquivo\/casarao-da-venancio-destino-permanece-incerto\/","url_meta":{"origin":51892,"position":0},"title":"Estado ainda n\u00e3o sabe o que fazer com casar\u00e3o abandonado h\u00e1 20 anos","author":"Elmar Bones","date":"6 de julho de 2009","format":false,"excerpt":"O casar\u00e3o amarelo, numa esquina nobre de Porto Alegre (Ven\u00e2ncio Aires com Jo\u00e3o Pessoa), j\u00e1 abrigou uma escola. H\u00e1 duas d\u00e9cadas, pelo menos, est\u00e1 abandonado, porque seu propriet\u00e1rio, o governo do Estado do Rio Grande do Sul, n\u00e3o consegue achar um destino para ele. Planos n\u00e3o faltaram. O governador Ol\u00edvio\u2026","rel":"","context":"Em &quot;X.Categorias velhas&quot;","block_context":{"text":"X.Categorias velhas","link":"https:\/\/www.jornalja.com.br\/arquivo\/category\/x-categorias-velhas\/"},"img":{"alt_text":"geraldo1","src":"https:\/\/i0.wp.com\/www.jornalja.com.br\/wp-content\/uploads\/2009\/07\/geraldo1.jpg?resize=350%2C200&ssl=1","width":350,"height":200},"classes":[]},{"id":12960,"url":"https:\/\/www.jornalja.com.br\/arquivo\/populacao-culpa-empresas-pela-greve-dos-rodoviarios\/","url_meta":{"origin":51892,"position":1},"title":"Popula\u00e7\u00e3o culpa empresas pela greve","author":"Patr\u00edcia Marini","date":"14 de fevereiro de 2014","format":false,"excerpt":"Pesquisa divulgada na edi\u00e7\u00e3o do jornal Metro desta sexta-feira,14, comprova o velho ditado: \u00e9 poss\u00edvel enganar muitos por algum tempo, mas n\u00e3o \u00e9 poss\u00edvel enganar a todos o tempo inteiro. A principal revela\u00e7\u00e3o foi que 59,8% dos entrevistados apontaram as empresas como as principais respons\u00e1veis pela grave e 46% culparam\u2026","rel":"","context":"Em &quot;X.Categorias velhas&quot;","block_context":{"text":"X.Categorias velhas","link":"https:\/\/www.jornalja.com.br\/arquivo\/category\/x-categorias-velhas\/"},"img":{"alt_text":"","src":"","width":0,"height":0},"classes":[]},{"id":13101,"url":"https:\/\/www.jornalja.com.br\/arquivo\/morre-um-guerreiro-do-texto\/","url_meta":{"origin":51892,"position":2},"title":"Morre um guerreiro do texto","author":"Patr\u00edcia Marini","date":"14 de maio de 2014","format":false,"excerpt":"Por Ricardo Kotscho Reproduzido do blog do autor, 11\/5\/2014; t\u00edtulo original \u201cE l\u00e1 se foi o nosso Myltainho, guerreiro do texto\u201d. Mi\u00fado e franzino, meu amigo Myltainho era um valente e inconformado guerreiro na luta contra as injusti\u00e7as sociais, a hipocrisia, as maracutaias, o autoritarismo, a intoler\u00e2ncia, a viol\u00eancia, o\u2026","rel":"","context":"Em &quot;Geral&quot;","block_context":{"text":"Geral","link":"https:\/\/www.jornalja.com.br\/arquivo\/category\/geral\/"},"img":{"alt_text":"","src":"","width":0,"height":0},"classes":[]},{"id":13124,"url":"https:\/\/www.jornalja.com.br\/arquivo\/sangue-latino-no-iecine\/","url_meta":{"origin":51892,"position":3},"title":"Sangue latino no IECINE","author":"da Reda\u00e7\u00e3o","date":"18 de maio de 2014","format":false,"excerpt":"Francisco Ribeiro O Instituto Estadual de Cinema (IECINE) tem a frente, desde abril \u00faltimo, um novo diretor, o cineasta colombiano Juan Zapata, 36, que substitui Luiz Alberto Cassol. Radicado h\u00e1 dez anos em Porto Alegre, Zapata tem diante de si o desafio de conduzir at\u00e9 o final do ano um\u2026","rel":"","context":"Em &quot;Cultura-Geral&quot;","block_context":{"text":"Cultura-Geral","link":"https:\/\/www.jornalja.com.br\/arquivo\/category\/materiasecundaria\/"},"img":{"alt_text":"","src":"","width":0,"height":0},"classes":[]},{"id":13240,"url":"https:\/\/www.jornalja.com.br\/arquivo\/plano-diretor-estamos-construindo-o-caos\/","url_meta":{"origin":51892,"position":4},"title":"Plano diretor: &quot;Estamos construindo o caos&quot;","author":"Patr\u00edcia Marini","date":"26 de maio de 2014","format":false,"excerpt":"Desabafo que arquiteta Eliana Castilhos, delegada da Regi\u00e3o de Planejamento 1, postou nas redes sociais \u00e9 um testemunho do ambiente que se criou no Conselho do Plano Diretor de Porto Alegre, onde a aprova\u00e7\u00e3o de grandes empreendimentos \u00e9 empurrada guela abaixo dos conselheiros. Ao CMDUA Como delegada da Regi\u00e3o de\u2026","rel":"","context":"Em &quot;Geral&quot;","block_context":{"text":"Geral","link":"https:\/\/www.jornalja.com.br\/arquivo\/category\/geral\/"},"img":{"alt_text":"","src":"","width":0,"height":0},"classes":[]},{"id":13239,"url":"https:\/\/www.jornalja.com.br\/arquivo\/conselho-desdenha-do-plano-diretor\/","url_meta":{"origin":51892,"position":5},"title":"Porto Alegre: Conselho detona Plano Diretor","author":"Patr\u00edcia Marini","date":"25 de maio de 2014","format":false,"excerpt":"Den\u00fancia do arquiteto e \u00a0urbanista Ibir\u00e1 Santos Lucas. Ele diz que os conselheiros est\u00e3o votando com \"enorme irresponsabilidade\". \"Mudam regime com a maior naturalidade,,,regularizam absurdos de constru\u00e7\u00f5es irregulares... \"O CMDUA est\u00e1 flexibilizando a lei do plano diretor, de uma forma impactante na vida da cidade. Mudam regime com a maior\u2026","rel":"","context":"Em &quot;Geral&quot;","block_context":{"text":"Geral","link":"https:\/\/www.jornalja.com.br\/arquivo\/category\/geral\/"},"img":{"alt_text":"","src":"","width":0,"height":0},"classes":[]}],"jetpack_shortlink":"https:\/\/wp.me\/pbQjBd-duY","jetpack_featured_media_url":"","_links":{"self":[{"href":"https:\/\/www.jornalja.com.br\/arquivo\/wp-json\/wp\/v2\/posts\/51892","targetHints":{"allow":["GET"]}}],"collection":[{"href":"https:\/\/www.jornalja.com.br\/arquivo\/wp-json\/wp\/v2\/posts"}],"about":[{"href":"https:\/\/www.jornalja.com.br\/arquivo\/wp-json\/wp\/v2\/types\/post"}],"author":[{"embeddable":true,"href":"https:\/\/www.jornalja.com.br\/arquivo\/wp-json\/wp\/v2\/users\/4"}],"replies":[{"embeddable":true,"href":"https:\/\/www.jornalja.com.br\/arquivo\/wp-json\/wp\/v2\/comments?post=51892"}],"version-history":[{"count":0,"href":"https:\/\/www.jornalja.com.br\/arquivo\/wp-json\/wp\/v2\/posts\/51892\/revisions"}],"wp:attachment":[{"href":"https:\/\/www.jornalja.com.br\/arquivo\/wp-json\/wp\/v2\/media?parent=51892"}],"wp:term":[{"taxonomy":"category","embeddable":true,"href":"https:\/\/www.jornalja.com.br\/arquivo\/wp-json\/wp\/v2\/categories?post=51892"},{"taxonomy":"post_tag","embeddable":true,"href":"https:\/\/www.jornalja.com.br\/arquivo\/wp-json\/wp\/v2\/tags?post=51892"}],"curies":[{"name":"wp","href":"https:\/\/api.w.org\/{rel}","templated":true}]}}