{"id":51896,"date":"2017-07-21T11:56:27","date_gmt":"2017-07-21T14:56:27","guid":{"rendered":"https:\/\/www.jornalja.com.br\/?p=51896"},"modified":"2017-07-21T11:56:27","modified_gmt":"2017-07-21T14:56:27","slug":"fepam-emite-primeira-licenca-do-programa-gaucho-de-incentivo-as-pequenas-centrais-hidreletricas","status":"publish","type":"post","link":"https:\/\/www.jornalja.com.br\/arquivo\/fepam-emite-primeira-licenca-do-programa-gaucho-de-incentivo-as-pequenas-centrais-hidreletricas\/","title":{"rendered":"Fepam emite primeira licen\u00e7a do Programa Ga\u00facho de Incentivo \u00e0s Pequenas Centrais Hidrel\u00e9tricas"},"content":{"rendered":"<p>Sete dias ap\u00f3s o lan\u00e7amento do Programa Ga\u00facho de Incentivo \u00e0s Pequenas Centrais Hidrel\u00e9tricas, a Funda\u00e7\u00e3o Estadual de Prote\u00e7\u00e3o Ambiental (Fepam) emitiu a primeira licen\u00e7a para um dos 91 projetos pass\u00edveis de licenciamento ambiental para a gera\u00e7\u00e3o de energia h\u00eddrica no Rio Grande do Sul.<br \/>\nTrata-se do licenciamento pr\u00e9vio de uma CGH localizada no munic\u00edpio de Santo Augusto. O empreendimento ter\u00e1 capacidade de gerar 1,8 MW de energia el\u00e9trica. O projeto ser\u00e1 implantado no Rio Turvo, na Bacia do Rio Uruguai, com a constru\u00e7\u00e3o de uma barragem de tr\u00eas metros de altura, resultando num reservat\u00f3rio de aproximadamente dez hectares.<br \/>\nPara dar efetividade ao empreendimento, a empresa deve solicitar a Licen\u00e7a de Instala\u00e7\u00e3o mediante apresenta\u00e7\u00e3o do projeto detalhado e dos programas ambientais a serem implantados para mitiga\u00e7\u00e3o dos impactos.<br \/>\nA partir do lan\u00e7amento do Programa houve uma reorganiza\u00e7\u00e3o interna em que os Balc\u00f5es Unificados Sema\/Fepam de Santa Rosa e Passo Fundo passaram a atuar nos processos de licenciamento de gera\u00e7\u00e3o de energia h\u00eddrica a fim de atender as demandas.<br \/>\nH\u00e1 uma semana, o governo do Estado lan\u00e7ou o Programa que, segundo a Fepam, tem potencial para gerar de R$ 3 bilh\u00f5es de investimentos e gera\u00e7\u00e3o de 480 MW de energia el\u00e9trica.<br \/>\nPara viabilizar os empreendimentos, a Fepam emitiu portaria com novos crit\u00e9rios e diretrizes para licenciamento, <a href=\"https:\/\/www.jornalja.com.br\/entidades-criticam-programa-das-pequenas-hidreletricas-lancado-pelo-governo-do-estado\/\">ato que \u00e9 criticado por entidades ambientalistas, <\/a>indicando estudos ambientais e procedimentos para obten\u00e7\u00e3o da licen\u00e7a ambiental. Foi tamb\u00e9m anunciada a adequa\u00e7\u00e3o dos portes dos empreendimentos e ajustes no valor do ressarcimento de custos do processo que podem chegar a 70% de desconto nas taxas.<\/p>\n","protected":false},"excerpt":{"rendered":"<p>Sete dias ap\u00f3s o lan\u00e7amento do Programa Ga\u00facho de Incentivo \u00e0s Pequenas Centrais Hidrel\u00e9tricas, a Funda\u00e7\u00e3o Estadual de Prote\u00e7\u00e3o Ambiental (Fepam) emitiu a primeira licen\u00e7a para um dos 91 projetos pass\u00edveis de licenciamento ambiental para a gera\u00e7\u00e3o de energia h\u00eddrica no Rio Grande do Sul. Trata-se do licenciamento pr\u00e9vio de uma CGH localizada no munic\u00edpio [&hellip;]<\/p>\n","protected":false},"author":4,"featured_media":51899,"comment_status":"open","ping_status":"closed","sticky":false,"template":"","format":"standard","meta":{"_jetpack_newsletter_access":"","_jetpack_dont_email_post_to_subs":false,"_jetpack_newsletter_tier_id":0,"_jetpack_memberships_contains_paywalled_content":false,"_jetpack_feature_clip_id":0,"_jetpack_memberships_contains_paid_content":false,"footnotes":"","jetpack_post_was_ever_published":false},"categories":[26],"tags":[],"class_list":["post-51896","post","type-post","status-publish","format-standard","has-post-thumbnail","hentry","category-geral"],"aioseo_notices":[],"aioseo_head":"\n\t\t<!-- All in One SEO 5.0.1.1 - aioseo.com -->\n\t<meta name=\"robots\" content=\"max-image-preview:large\" \/>\n\t<meta name=\"author\" content=\"da Reda\u00e7\u00e3o\"\/>\n\t<link rel=\"canonical\" href=\"https:\/\/www.jornalja.com.br\/arquivo\/fepam-emite-primeira-licenca-do-programa-gaucho-de-incentivo-as-pequenas-centrais-hidreletricas\/\" \/>\n\t<meta name=\"generator\" content=\"All in One SEO (AIOSEO) 5.0.1.1\" \/>\n\t\t<meta property=\"og:locale\" content=\"pt_BR\" \/>\n\t\t<meta property=\"og:site_name\" content=\"Arquivo | Jornal J\u00c1 | Porto Alegre\" \/>\n\t\t<meta property=\"og:type\" content=\"article\" \/>\n\t\t<meta property=\"og:title\" content=\"Fepam emite primeira licen\u00e7a do Programa Ga\u00facho de Incentivo \u00e0s Pequenas Centrais Hidrel\u00e9tricas | Arquivo\" \/>\n\t\t<meta property=\"og:url\" content=\"https:\/\/www.jornalja.com.br\/arquivo\/fepam-emite-primeira-licenca-do-programa-gaucho-de-incentivo-as-pequenas-centrais-hidreletricas\/\" \/>\n\t\t<meta property=\"og:image\" content=\"https:\/\/www.jornalja.com.br\/economics\/wp-content\/uploads\/sites\/11\/2026\/08\/ja-folhaderosto-facebook.jpg\" \/>\n\t\t<meta property=\"og:image:secure_url\" content=\"https:\/\/www.jornalja.com.br\/economics\/wp-content\/uploads\/sites\/11\/2026\/08\/ja-folhaderosto-facebook.jpg\" \/>\n\t\t<meta property=\"article:published_time\" content=\"2017-07-21T14:56:27+00:00\" \/>\n\t\t<meta property=\"article:modified_time\" content=\"2017-07-21T14:56:27+00:00\" \/>\n\t\t<meta name=\"twitter:card\" content=\"summary\" \/>\n\t\t<meta name=\"twitter:title\" content=\"Fepam emite primeira licen\u00e7a do Programa Ga\u00facho de Incentivo \u00e0s Pequenas Centrais Hidrel\u00e9tricas | Arquivo\" \/>\n\t\t<meta name=\"twitter:image\" content=\"https:\/\/www.jornalja.com.br\/economics\/wp-content\/uploads\/sites\/11\/2026\/08\/ja-folhaderosto-facebook.jpg\" \/>\n\t\t<script type=\"application\/ld+json\" class=\"aioseo-schema\">\n\t\t\t{\"@context\":\"https:\\\/\\\/schema.org\",\"@graph\":[{\"@type\":\"BlogPosting\",\"@id\":\"https:\\\/\\\/www.jornalja.com.br\\\/arquivo\\\/fepam-emite-primeira-licenca-do-programa-gaucho-de-incentivo-as-pequenas-centrais-hidreletricas\\\/#blogposting\",\"name\":\"Fepam emite primeira licen\\u00e7a do Programa Ga\\u00facho de Incentivo \\u00e0s Pequenas Centrais Hidrel\\u00e9tricas | Arquivo\",\"headline\":\"Fepam emite primeira licen\\u00e7a do Programa Ga\\u00facho de Incentivo \\u00e0s Pequenas Centrais Hidrel\\u00e9tricas\",\"author\":{\"@id\":\"https:\\\/\\\/www.jornalja.com.br\\\/arquivo\\\/author\\\/daredacao\\\/#author\"},\"publisher\":{\"@id\":\"https:\\\/\\\/www.jornalja.com.br\\\/arquivo\\\/#organization\"},\"image\":{\"@type\":\"ImageObject\",\"url\":51899},\"datePublished\":\"2017-07-21T11:56:27-03:00\",\"dateModified\":\"2017-07-21T11:56:27-03:00\",\"inLanguage\":\"pt-BR\",\"mainEntityOfPage\":{\"@id\":\"https:\\\/\\\/www.jornalja.com.br\\\/arquivo\\\/fepam-emite-primeira-licenca-do-programa-gaucho-de-incentivo-as-pequenas-centrais-hidreletricas\\\/#webpage\"},\"isPartOf\":{\"@id\":\"https:\\\/\\\/www.jornalja.com.br\\\/arquivo\\\/fepam-emite-primeira-licenca-do-programa-gaucho-de-incentivo-as-pequenas-centrais-hidreletricas\\\/#webpage\"},\"articleSection\":\"Geral\"},{\"@type\":\"BreadcrumbList\",\"@id\":\"https:\\\/\\\/www.jornalja.com.br\\\/arquivo\\\/fepam-emite-primeira-licenca-do-programa-gaucho-de-incentivo-as-pequenas-centrais-hidreletricas\\\/#breadcrumblist\",\"itemListElement\":[{\"@type\":\"ListItem\",\"@id\":\"https:\\\/\\\/www.jornalja.com.br\\\/arquivo#listItem\",\"position\":1,\"name\":\"Home\",\"item\":\"https:\\\/\\\/www.jornalja.com.br\\\/arquivo\",\"nextItem\":{\"@type\":\"ListItem\",\"@id\":\"https:\\\/\\\/www.jornalja.com.br\\\/arquivo\\\/category\\\/geral\\\/#listItem\",\"name\":\"Geral\"}},{\"@type\":\"ListItem\",\"@id\":\"https:\\\/\\\/www.jornalja.com.br\\\/arquivo\\\/category\\\/geral\\\/#listItem\",\"position\":2,\"name\":\"Geral\",\"item\":\"https:\\\/\\\/www.jornalja.com.br\\\/arquivo\\\/category\\\/geral\\\/\",\"nextItem\":{\"@type\":\"ListItem\",\"@id\":\"https:\\\/\\\/www.jornalja.com.br\\\/arquivo\\\/fepam-emite-primeira-licenca-do-programa-gaucho-de-incentivo-as-pequenas-centrais-hidreletricas\\\/#listItem\",\"name\":\"Fepam emite primeira licen\\u00e7a do Programa Ga\\u00facho de Incentivo \\u00e0s Pequenas Centrais Hidrel\\u00e9tricas\"},\"previousItem\":{\"@type\":\"ListItem\",\"@id\":\"https:\\\/\\\/www.jornalja.com.br\\\/arquivo#listItem\",\"name\":\"Home\"}},{\"@type\":\"ListItem\",\"@id\":\"https:\\\/\\\/www.jornalja.com.br\\\/arquivo\\\/fepam-emite-primeira-licenca-do-programa-gaucho-de-incentivo-as-pequenas-centrais-hidreletricas\\\/#listItem\",\"position\":3,\"name\":\"Fepam emite primeira licen\\u00e7a do Programa Ga\\u00facho de Incentivo \\u00e0s Pequenas Centrais Hidrel\\u00e9tricas\",\"previousItem\":{\"@type\":\"ListItem\",\"@id\":\"https:\\\/\\\/www.jornalja.com.br\\\/arquivo\\\/category\\\/geral\\\/#listItem\",\"name\":\"Geral\"}}]},{\"@type\":\"Organization\",\"@id\":\"https:\\\/\\\/www.jornalja.com.br\\\/arquivo\\\/#organization\",\"name\":\"Jornal J\\u00c1\",\"description\":\"Jornal J\\u00c1 | Porto Alegre\",\"url\":\"https:\\\/\\\/www.jornalja.com.br\\\/arquivo\\\/\",\"telephone\":\"+555133307272\",\"logo\":{\"@type\":\"ImageObject\",\"url\":\"https:\\\/\\\/www.jornalja.com.br\\\/wp-content\\\/uploads\\\/cards\\\/JAslogan.png\",\"@id\":\"https:\\\/\\\/www.jornalja.com.br\\\/arquivo\\\/fepam-emite-primeira-licenca-do-programa-gaucho-de-incentivo-as-pequenas-centrais-hidreletricas\\\/#organizationLogo\"},\"image\":{\"@id\":\"https:\\\/\\\/www.jornalja.com.br\\\/arquivo\\\/fepam-emite-primeira-licenca-do-programa-gaucho-de-incentivo-as-pequenas-centrais-hidreletricas\\\/#organizationLogo\"}},{\"@type\":\"Person\",\"@id\":\"https:\\\/\\\/www.jornalja.com.br\\\/arquivo\\\/author\\\/daredacao\\\/#author\",\"url\":\"https:\\\/\\\/www.jornalja.com.br\\\/arquivo\\\/author\\\/daredacao\\\/\",\"name\":\"da Reda\\u00e7\\u00e3o\",\"image\":{\"@type\":\"ImageObject\",\"@id\":\"https:\\\/\\\/www.jornalja.com.br\\\/arquivo\\\/fepam-emite-primeira-licenca-do-programa-gaucho-de-incentivo-as-pequenas-centrais-hidreletricas\\\/#authorImage\",\"url\":\"https:\\\/\\\/secure.gravatar.com\\\/avatar\\\/469fd857d6605ad19919d27ed29d35a968a25f6e8fd9318356bbb7f57aae9c65?s=96&d=mm&r=g\",\"width\":96,\"height\":96,\"caption\":\"da Reda\\u00e7\\u00e3o\"}},{\"@type\":\"WebPage\",\"@id\":\"https:\\\/\\\/www.jornalja.com.br\\\/arquivo\\\/fepam-emite-primeira-licenca-do-programa-gaucho-de-incentivo-as-pequenas-centrais-hidreletricas\\\/#webpage\",\"url\":\"https:\\\/\\\/www.jornalja.com.br\\\/arquivo\\\/fepam-emite-primeira-licenca-do-programa-gaucho-de-incentivo-as-pequenas-centrais-hidreletricas\\\/\",\"name\":\"Fepam emite primeira licen\\u00e7a do Programa Ga\\u00facho de Incentivo \\u00e0s Pequenas Centrais Hidrel\\u00e9tricas | Arquivo\",\"inLanguage\":\"pt-BR\",\"isPartOf\":{\"@id\":\"https:\\\/\\\/www.jornalja.com.br\\\/arquivo\\\/#website\"},\"breadcrumb\":{\"@id\":\"https:\\\/\\\/www.jornalja.com.br\\\/arquivo\\\/fepam-emite-primeira-licenca-do-programa-gaucho-de-incentivo-as-pequenas-centrais-hidreletricas\\\/#breadcrumblist\"},\"author\":{\"@id\":\"https:\\\/\\\/www.jornalja.com.br\\\/arquivo\\\/author\\\/daredacao\\\/#author\"},\"creator\":{\"@id\":\"https:\\\/\\\/www.jornalja.com.br\\\/arquivo\\\/author\\\/daredacao\\\/#author\"},\"image\":{\"@type\":\"ImageObject\",\"url\":51899,\"@id\":\"https:\\\/\\\/www.jornalja.com.br\\\/arquivo\\\/fepam-emite-primeira-licenca-do-programa-gaucho-de-incentivo-as-pequenas-centrais-hidreletricas\\\/#mainImage\"},\"primaryImageOfPage\":{\"@id\":\"https:\\\/\\\/www.jornalja.com.br\\\/arquivo\\\/fepam-emite-primeira-licenca-do-programa-gaucho-de-incentivo-as-pequenas-centrais-hidreletricas\\\/#mainImage\"},\"datePublished\":\"2017-07-21T11:56:27-03:00\",\"dateModified\":\"2017-07-21T11:56:27-03:00\"},{\"@type\":\"WebSite\",\"@id\":\"https:\\\/\\\/www.jornalja.com.br\\\/arquivo\\\/#website\",\"url\":\"https:\\\/\\\/www.jornalja.com.br\\\/arquivo\\\/\",\"name\":\"Arquivo\",\"description\":\"Jornal J\\u00c1 | Porto Alegre\",\"inLanguage\":\"pt-BR\",\"publisher\":{\"@id\":\"https:\\\/\\\/www.jornalja.com.br\\\/arquivo\\\/#organization\"}}]}\n\t\t<\/script>\n\t\t<!-- All in One SEO -->\n\n","aioseo_head_json":{"title":"Fepam emite primeira licen\u00e7a do Programa Ga\u00facho de Incentivo \u00e0s Pequenas Centrais Hidrel\u00e9tricas | Arquivo","description":"","canonical_url":"https:\/\/www.jornalja.com.br\/arquivo\/fepam-emite-primeira-licenca-do-programa-gaucho-de-incentivo-as-pequenas-centrais-hidreletricas\/","robots":"max-image-preview:large","keywords":"","webmasterTools":{"miscellaneous":""},"schema":{"@context":"https:\/\/schema.org","@graph":[{"@type":"BlogPosting","@id":"https:\/\/www.jornalja.com.br\/arquivo\/fepam-emite-primeira-licenca-do-programa-gaucho-de-incentivo-as-pequenas-centrais-hidreletricas\/#blogposting","name":"Fepam emite primeira licen\u00e7a do Programa Ga\u00facho de Incentivo \u00e0s Pequenas Centrais Hidrel\u00e9tricas | Arquivo","headline":"Fepam emite primeira licen\u00e7a do Programa Ga\u00facho de Incentivo \u00e0s Pequenas Centrais Hidrel\u00e9tricas","author":{"@id":"https:\/\/www.jornalja.com.br\/arquivo\/author\/daredacao\/#author"},"publisher":{"@id":"https:\/\/www.jornalja.com.br\/arquivo\/#organization"},"image":{"@type":"ImageObject","url":51899},"datePublished":"2017-07-21T11:56:27-03:00","dateModified":"2017-07-21T11:56:27-03:00","inLanguage":"pt-BR","mainEntityOfPage":{"@id":"https:\/\/www.jornalja.com.br\/arquivo\/fepam-emite-primeira-licenca-do-programa-gaucho-de-incentivo-as-pequenas-centrais-hidreletricas\/#webpage"},"isPartOf":{"@id":"https:\/\/www.jornalja.com.br\/arquivo\/fepam-emite-primeira-licenca-do-programa-gaucho-de-incentivo-as-pequenas-centrais-hidreletricas\/#webpage"},"articleSection":"Geral"},{"@type":"BreadcrumbList","@id":"https:\/\/www.jornalja.com.br\/arquivo\/fepam-emite-primeira-licenca-do-programa-gaucho-de-incentivo-as-pequenas-centrais-hidreletricas\/#breadcrumblist","itemListElement":[{"@type":"ListItem","@id":"https:\/\/www.jornalja.com.br\/arquivo#listItem","position":1,"name":"Home","item":"https:\/\/www.jornalja.com.br\/arquivo","nextItem":{"@type":"ListItem","@id":"https:\/\/www.jornalja.com.br\/arquivo\/category\/geral\/#listItem","name":"Geral"}},{"@type":"ListItem","@id":"https:\/\/www.jornalja.com.br\/arquivo\/category\/geral\/#listItem","position":2,"name":"Geral","item":"https:\/\/www.jornalja.com.br\/arquivo\/category\/geral\/","nextItem":{"@type":"ListItem","@id":"https:\/\/www.jornalja.com.br\/arquivo\/fepam-emite-primeira-licenca-do-programa-gaucho-de-incentivo-as-pequenas-centrais-hidreletricas\/#listItem","name":"Fepam emite primeira licen\u00e7a do Programa Ga\u00facho de Incentivo \u00e0s Pequenas Centrais Hidrel\u00e9tricas"},"previousItem":{"@type":"ListItem","@id":"https:\/\/www.jornalja.com.br\/arquivo#listItem","name":"Home"}},{"@type":"ListItem","@id":"https:\/\/www.jornalja.com.br\/arquivo\/fepam-emite-primeira-licenca-do-programa-gaucho-de-incentivo-as-pequenas-centrais-hidreletricas\/#listItem","position":3,"name":"Fepam emite primeira licen\u00e7a do Programa Ga\u00facho de Incentivo \u00e0s Pequenas Centrais Hidrel\u00e9tricas","previousItem":{"@type":"ListItem","@id":"https:\/\/www.jornalja.com.br\/arquivo\/category\/geral\/#listItem","name":"Geral"}}]},{"@type":"Organization","@id":"https:\/\/www.jornalja.com.br\/arquivo\/#organization","name":"Jornal J\u00c1","description":"Jornal J\u00c1 | Porto Alegre","url":"https:\/\/www.jornalja.com.br\/arquivo\/","telephone":"+555133307272","logo":{"@type":"ImageObject","url":"https:\/\/www.jornalja.com.br\/wp-content\/uploads\/cards\/JAslogan.png","@id":"https:\/\/www.jornalja.com.br\/arquivo\/fepam-emite-primeira-licenca-do-programa-gaucho-de-incentivo-as-pequenas-centrais-hidreletricas\/#organizationLogo"},"image":{"@id":"https:\/\/www.jornalja.com.br\/arquivo\/fepam-emite-primeira-licenca-do-programa-gaucho-de-incentivo-as-pequenas-centrais-hidreletricas\/#organizationLogo"}},{"@type":"Person","@id":"https:\/\/www.jornalja.com.br\/arquivo\/author\/daredacao\/#author","url":"https:\/\/www.jornalja.com.br\/arquivo\/author\/daredacao\/","name":"da Reda\u00e7\u00e3o","image":{"@type":"ImageObject","@id":"https:\/\/www.jornalja.com.br\/arquivo\/fepam-emite-primeira-licenca-do-programa-gaucho-de-incentivo-as-pequenas-centrais-hidreletricas\/#authorImage","url":"https:\/\/secure.gravatar.com\/avatar\/469fd857d6605ad19919d27ed29d35a968a25f6e8fd9318356bbb7f57aae9c65?s=96&d=mm&r=g","width":96,"height":96,"caption":"da Reda\u00e7\u00e3o"}},{"@type":"WebPage","@id":"https:\/\/www.jornalja.com.br\/arquivo\/fepam-emite-primeira-licenca-do-programa-gaucho-de-incentivo-as-pequenas-centrais-hidreletricas\/#webpage","url":"https:\/\/www.jornalja.com.br\/arquivo\/fepam-emite-primeira-licenca-do-programa-gaucho-de-incentivo-as-pequenas-centrais-hidreletricas\/","name":"Fepam emite primeira licen\u00e7a do Programa Ga\u00facho de Incentivo \u00e0s Pequenas Centrais Hidrel\u00e9tricas | Arquivo","inLanguage":"pt-BR","isPartOf":{"@id":"https:\/\/www.jornalja.com.br\/arquivo\/#website"},"breadcrumb":{"@id":"https:\/\/www.jornalja.com.br\/arquivo\/fepam-emite-primeira-licenca-do-programa-gaucho-de-incentivo-as-pequenas-centrais-hidreletricas\/#breadcrumblist"},"author":{"@id":"https:\/\/www.jornalja.com.br\/arquivo\/author\/daredacao\/#author"},"creator":{"@id":"https:\/\/www.jornalja.com.br\/arquivo\/author\/daredacao\/#author"},"image":{"@type":"ImageObject","url":51899,"@id":"https:\/\/www.jornalja.com.br\/arquivo\/fepam-emite-primeira-licenca-do-programa-gaucho-de-incentivo-as-pequenas-centrais-hidreletricas\/#mainImage"},"primaryImageOfPage":{"@id":"https:\/\/www.jornalja.com.br\/arquivo\/fepam-emite-primeira-licenca-do-programa-gaucho-de-incentivo-as-pequenas-centrais-hidreletricas\/#mainImage"},"datePublished":"2017-07-21T11:56:27-03:00","dateModified":"2017-07-21T11:56:27-03:00"},{"@type":"WebSite","@id":"https:\/\/www.jornalja.com.br\/arquivo\/#website","url":"https:\/\/www.jornalja.com.br\/arquivo\/","name":"Arquivo","description":"Jornal J\u00c1 | Porto Alegre","inLanguage":"pt-BR","publisher":{"@id":"https:\/\/www.jornalja.com.br\/arquivo\/#organization"}}]},"og:locale":"pt_BR","og:site_name":"Arquivo | Jornal J\u00c1 | Porto Alegre","og:type":"article","og:title":"Fepam emite primeira licen\u00e7a do Programa Ga\u00facho de Incentivo \u00e0s Pequenas Centrais Hidrel\u00e9tricas | Arquivo","og:url":"https:\/\/www.jornalja.com.br\/arquivo\/fepam-emite-primeira-licenca-do-programa-gaucho-de-incentivo-as-pequenas-centrais-hidreletricas\/","og:image":"https:\/\/www.jornalja.com.br\/economics\/wp-content\/uploads\/sites\/11\/2026\/08\/ja-folhaderosto-facebook.jpg","og:image:secure_url":"https:\/\/www.jornalja.com.br\/economics\/wp-content\/uploads\/sites\/11\/2026\/08\/ja-folhaderosto-facebook.jpg","article:published_time":"2017-07-21T14:56:27+00:00","article:modified_time":"2017-07-21T14:56:27+00:00","twitter:card":"summary","twitter:title":"Fepam emite primeira licen\u00e7a do Programa Ga\u00facho de Incentivo \u00e0s Pequenas Centrais Hidrel\u00e9tricas | Arquivo","twitter:image":"https:\/\/www.jornalja.com.br\/economics\/wp-content\/uploads\/sites\/11\/2026\/08\/ja-folhaderosto-facebook.jpg"},"aioseo_meta_data":{"post_id":"51896","title":null,"description":null,"keywords":null,"keyphrases":null,"primary_term":null,"canonical_url":null,"og_title":null,"og_description":null,"og_object_type":"default","og_image_type":"default","og_image_url":null,"og_image_width":null,"og_image_height":null,"og_image_custom_url":null,"og_image_custom_fields":null,"og_video":null,"og_custom_url":null,"og_article_section":null,"og_article_tags":null,"twitter_use_og":false,"twitter_card":"default","twitter_image_type":"default","twitter_image_url":null,"twitter_image_custom_url":null,"twitter_image_custom_fields":null,"twitter_title":null,"twitter_description":null,"schema":{"blockGraphs":[],"customGraphs":[],"default":{"data":{"Article":[],"Course":[],"Dataset":[],"FAQPage":[],"Movie":[],"Person":[],"Product":[],"ProductReview":[],"Car":[],"Recipe":[],"Service":[],"SoftwareApplication":[],"WebPage":[]},"graphName":"","isEnabled":true},"graphs":[],"defaultGraph":"","defaultPostTypeGraph":""},"schema_type":null,"schema_type_options":null,"pillar_content":false,"robots_default":true,"robots_noindex":false,"robots_noarchive":false,"robots_nosnippet":false,"robots_nofollow":false,"robots_noimageindex":false,"robots_noodp":false,"robots_notranslate":false,"robots_max_snippet":null,"robots_max_videopreview":null,"robots_max_imagepreview":"large","priority":null,"frequency":null,"location":null,"local_seo":null,"breadcrumb_settings":null,"limit_modified_date":false,"ai":null,"created":"2020-12-20 20:29:05","updated":"2025-07-19 23:29:24","seo_analyzer_scan_date":null,"focus_keyword":null,"additional_keywords":null,"truseo_locale":null},"jetpack_sharing_enabled":true,"jetpack-related-posts":[{"id":13124,"url":"https:\/\/www.jornalja.com.br\/arquivo\/sangue-latino-no-iecine\/","url_meta":{"origin":51896,"position":0},"title":"Sangue latino no IECINE","author":"da Reda\u00e7\u00e3o","date":"18 de maio de 2014","format":false,"excerpt":"Francisco Ribeiro O Instituto Estadual de Cinema (IECINE) tem a frente, desde abril \u00faltimo, um novo diretor, o cineasta colombiano Juan Zapata, 36, que substitui Luiz Alberto Cassol. Radicado h\u00e1 dez anos em Porto Alegre, Zapata tem diante de si o desafio de conduzir at\u00e9 o final do ano um\u2026","rel":"","context":"Em &quot;Cultura-Geral&quot;","block_context":{"text":"Cultura-Geral","link":"https:\/\/www.jornalja.com.br\/arquivo\/category\/materiasecundaria\/"},"img":{"alt_text":"","src":"","width":0,"height":0},"classes":[]},{"id":13240,"url":"https:\/\/www.jornalja.com.br\/arquivo\/plano-diretor-estamos-construindo-o-caos\/","url_meta":{"origin":51896,"position":1},"title":"Plano diretor: &quot;Estamos construindo o caos&quot;","author":"Patr\u00edcia Marini","date":"26 de maio de 2014","format":false,"excerpt":"Desabafo que arquiteta Eliana Castilhos, delegada da Regi\u00e3o de Planejamento 1, postou nas redes sociais \u00e9 um testemunho do ambiente que se criou no Conselho do Plano Diretor de Porto Alegre, onde a aprova\u00e7\u00e3o de grandes empreendimentos \u00e9 empurrada guela abaixo dos conselheiros. Ao CMDUA Como delegada da Regi\u00e3o de\u2026","rel":"","context":"Em &quot;Geral&quot;","block_context":{"text":"Geral","link":"https:\/\/www.jornalja.com.br\/arquivo\/category\/geral\/"},"img":{"alt_text":"","src":"","width":0,"height":0},"classes":[]},{"id":5440,"url":"https:\/\/www.jornalja.com.br\/arquivo\/casarao-da-venancio-destino-permanece-incerto\/","url_meta":{"origin":51896,"position":2},"title":"Estado ainda n\u00e3o sabe o que fazer com casar\u00e3o abandonado h\u00e1 20 anos","author":"Elmar Bones","date":"6 de julho de 2009","format":false,"excerpt":"O casar\u00e3o amarelo, numa esquina nobre de Porto Alegre (Ven\u00e2ncio Aires com Jo\u00e3o Pessoa), j\u00e1 abrigou uma escola. H\u00e1 duas d\u00e9cadas, pelo menos, est\u00e1 abandonado, porque seu propriet\u00e1rio, o governo do Estado do Rio Grande do Sul, n\u00e3o consegue achar um destino para ele. Planos n\u00e3o faltaram. O governador Ol\u00edvio\u2026","rel":"","context":"Em &quot;X.Categorias velhas&quot;","block_context":{"text":"X.Categorias velhas","link":"https:\/\/www.jornalja.com.br\/arquivo\/category\/x-categorias-velhas\/"},"img":{"alt_text":"geraldo1","src":"https:\/\/i0.wp.com\/www.jornalja.com.br\/wp-content\/uploads\/2009\/07\/geraldo1.jpg?resize=350%2C200&ssl=1","width":350,"height":200},"classes":[]},{"id":13109,"url":"https:\/\/www.jornalja.com.br\/arquivo\/judiciario-reconhece-poluicao-eletromagnetica\/","url_meta":{"origin":51896,"position":3},"title":"Judici\u00e1rio reconhece polui\u00e7\u00e3o eletromagn\u00e9tica","author":"Patr\u00edcia Marini","date":"16 de maio de 2014","format":false,"excerpt":"A\u00e7\u00e3o de duas associa\u00e7\u00f5es de moradores foi acolhida pelo Tribunal de Justi\u00e7a de S\u00e3o Paulo que. em decis\u00e3o in\u00e9dita, determinou a redu\u00e7\u00e3o do campo eletromagn\u00e9tico gerado pelas linhas de transmiss\u00e3o de energia que cortam os bairros City Boa\u00e7ava e Alto de Pinheiros. \u00c9 a primeira vez que um tribunal do\u2026","rel":"","context":"Em &quot;X.Categorias velhas&quot;","block_context":{"text":"X.Categorias velhas","link":"https:\/\/www.jornalja.com.br\/arquivo\/category\/x-categorias-velhas\/"},"img":{"alt_text":"","src":"","width":0,"height":0},"classes":[]},{"id":14241,"url":"https:\/\/www.jornalja.com.br\/arquivo\/o-guaiba-nas-imagens-poeticas-de-achutti\/","url_meta":{"origin":51896,"position":4},"title":"O Gua\u00edba nas imagens po\u00e9ticas de Achutti","author":"da Reda\u00e7\u00e3o","date":"18 de junho de 2014","format":false,"excerpt":"Em \u201cO Gua\u00edba por Achutti\u201d \u2013 obra financiada via Minist\u00e9rio da Cultura, produ\u00e7\u00e3o executiva de Pedro Longhi, e Fl\u00e1vio Wild como designer \u2013, o fot\u00f3grafo revela a beleza e as mazelas de um espa\u00e7o aqu\u00e1tico de \u00e1guas sempre renovadas, cheio de hist\u00f3rias e lendas como as das cidades que foram\u2026","rel":"","context":"Em &quot;Cultura-Geral&quot;","block_context":{"text":"Cultura-Geral","link":"https:\/\/www.jornalja.com.br\/arquivo\/category\/materiasecundaria\/"},"img":{"alt_text":"","src":"","width":0,"height":0},"classes":[]},{"id":1280,"url":"https:\/\/www.jornalja.com.br\/arquivo\/o-menino-que-se-tornou-brizola\/","url_meta":{"origin":51896,"position":5},"title":"O Menino que se Tornou Brizola","author":"da Reda\u00e7\u00e3o","date":"28 de julho de 2008","format":false,"excerpt":"Autor: Cleber Dioni A vida de Leonel Brizola, com \u00eanfase para os primeiros anos em Porto Alegre, at\u00e9 o ex\u00edlio no Uruguai e a volta, quinze anos depois. \u00a0\"...\u00c9ramos todos jovens e nos identific\u00e1vamos com aquela massa an\u00f4nima a percorrer as ruas de Porto Alegre, gritando 'Get\u00falio', 'Get\u00falio' e empunhando\u2026","rel":"","context":"Em &quot;Livros&quot;","block_context":{"text":"Livros","link":"https:\/\/www.jornalja.com.br\/arquivo\/category\/livros\/"},"img":{"alt_text":"","src":"https:\/\/i0.wp.com\/www.jornalja.com.br\/wp-content\/uploads\/2008\/07\/brizola.gif?resize=350%2C200&ssl=1","width":350,"height":200},"classes":[]}],"jetpack_shortlink":"https:\/\/wp.me\/pbQjBd-dv2","jetpack_featured_media_url":"","_links":{"self":[{"href":"https:\/\/www.jornalja.com.br\/arquivo\/wp-json\/wp\/v2\/posts\/51896","targetHints":{"allow":["GET"]}}],"collection":[{"href":"https:\/\/www.jornalja.com.br\/arquivo\/wp-json\/wp\/v2\/posts"}],"about":[{"href":"https:\/\/www.jornalja.com.br\/arquivo\/wp-json\/wp\/v2\/types\/post"}],"author":[{"embeddable":true,"href":"https:\/\/www.jornalja.com.br\/arquivo\/wp-json\/wp\/v2\/users\/4"}],"replies":[{"embeddable":true,"href":"https:\/\/www.jornalja.com.br\/arquivo\/wp-json\/wp\/v2\/comments?post=51896"}],"version-history":[{"count":0,"href":"https:\/\/www.jornalja.com.br\/arquivo\/wp-json\/wp\/v2\/posts\/51896\/revisions"}],"wp:attachment":[{"href":"https:\/\/www.jornalja.com.br\/arquivo\/wp-json\/wp\/v2\/media?parent=51896"}],"wp:term":[{"taxonomy":"category","embeddable":true,"href":"https:\/\/www.jornalja.com.br\/arquivo\/wp-json\/wp\/v2\/categories?post=51896"},{"taxonomy":"post_tag","embeddable":true,"href":"https:\/\/www.jornalja.com.br\/arquivo\/wp-json\/wp\/v2\/tags?post=51896"}],"curies":[{"name":"wp","href":"https:\/\/api.w.org\/{rel}","templated":true}]}}