{"id":51944,"date":"2017-07-22T12:55:42","date_gmt":"2017-07-22T15:55:42","guid":{"rendered":"https:\/\/www.jornalja.com.br\/?p=51944"},"modified":"2017-07-22T12:55:42","modified_gmt":"2017-07-22T15:55:42","slug":"festival-de-inverno-retorna-com-feira-debate-filme-e-concerto","status":"publish","type":"post","link":"https:\/\/www.jornalja.com.br\/arquivo\/festival-de-inverno-retorna-com-feira-debate-filme-e-concerto\/","title":{"rendered":"Festival de Inverno retorna com feira, debate, filme e concerto"},"content":{"rendered":"<p>Come\u00e7a nesta segunda-feira a 9\u00aa edi\u00e7\u00e3o do Festival de Inverno de Porto Alegre. O evento retorna ap\u00f3s um intervalo de tr\u00eas anos. De 24 a 30 de julho ser\u00e3o mais de 60 atividades que ir\u00e3o movimentar o Centro Municipal de Cultura, Arte e Lazer Lupic\u00ednio Rodrigues (CMC) e a Cinemateca Capit\u00f3lio Petrobras, abordando \u00e1reas como literatura, m\u00fasica, moda, gastronomia, m\u00eddia, dramaturgia e hist\u00f3ria.<br \/>\nNesta segunda, a parte musical do festival come\u00e7a \u00e0s 18h30, no Teatro Renascen\u00e7a, com recital do Quarteto Osesp. Formado nos anos 2000, o grupo re\u00fane integrantes da Orquestra Sinf\u00f4nica do Estado de S\u00e3o Paulo e far\u00e1 sua estreia em Porto Alegre, interpretando obras de Debussy e Dvor\u00e1k.<br \/>\nTamb\u00e9m no dia 24, na Cinemateca Capit\u00f3lio, a partir das 20h, ser\u00e1 exibido o document\u00e1rio\u00a0Jos\u00e9 Guilherme Merquior: Paix\u00e3o pela Raz\u00e3o\u00a0(2015, 30 minutos). O filme trata da vida e da obra de Merquior, professor, diplomata e polemista\u00a0 que atuou na segunda metade do s\u00e9culo 20. Ap\u00f3s a sess\u00e3o, haver\u00e1 debate com o professor Jo\u00e3o Cezar de Castro Rocha (Uerj) e o coordenador do Livro e Literatura da Secretaria da Cultura, Sergius Gonzaga. A ocasi\u00e3o marca tamb\u00e9m o lan\u00e7amento da nova edi\u00e7\u00e3o do livro\u00a0Arte e Sociedade em Marcuse, Adorno e Benjamin, publicado originalmente em 1969.<br \/>\nAinda na segunda-feira, come\u00e7a o curso Escritores Ga\u00fachos em A\u00e7\u00e3o, que vai reunir autores da nova gera\u00e7\u00e3o em atividade no cen\u00e1rio ga\u00facho. Durante o dia, ao longo da semana, uma feira vai reunir livreiros independentes, no Centro Municipal de Cultura.<br \/>\nOutros destaques do Festival de Inverno incluem cursos e palestras com nomes importantes do universo das letras, do jornalismo e da hist\u00f3ria &#8211; como Leandro Narloch, M\u00f4nica Waldvogel, Susana Saulquin, Mart\u00edn Kohan, Luiz Arthur Nunes, Ariel Schettini, Voltaire Schilling e Mat\u00e9i Visniec.<br \/>\nO encerramento, no dia 30, ter\u00e1 show do m\u00fasico argentino Esteban Morgado, com participa\u00e7\u00e3o do ga\u00facho Luiz Carlos Borges. Na Cinemateca Capit\u00f3lio Petrobras, a mostra Jorge Luis Borges no Cinema: Vers\u00f5es e Pervers\u00f5es, apresenta uma s\u00e9rie de filmes que estabelecem di\u00e1logo com a obra do escritor argentino, entre 25 de julho e 2 de agosto (veja a programa\u00e7\u00e3o completa abaixo).<br \/>\n<strong>Ingressos &#8211;<\/strong>\u00a0Ainda est\u00e3o \u00e0 venda passaportes de R$ 100, que d\u00e3o acesso a todas as atividades no Centro Municipal de Cultura e na Cinemateca Capit\u00f3lio Petrobras. A venda individual de ingressos ser\u00e1 feita nos pr\u00f3prios dias das atividades, duas horas antes do in\u00edcio de cada evento.<br \/>\nOs pre\u00e7os por pessoa s\u00e3o: R$ 40 (inteira) e R$ 20 (estudantes, pessoas com idade a partir de 60 anos e servidores municipais de Porto Alegre).\u00a0Informa\u00e7\u00f5es e inscri\u00e7\u00f5es: Coordena\u00e7\u00e3o do Livro e Literatura, pelos telefones (51) 3289-8050 \/ 8052 ou pelo e-mail festivaldeinvernopoa@gmail.com<br \/>\n<strong>Programa\u00e7\u00e3o Festival de Inverno<\/strong>:<br \/>\n<strong><em>Dia 24, segunda-feira<\/em><\/strong><br \/>\n9h \u00e0s 21h30 &#8211; Feira de livreiros independentes (diariamente, at\u00e9 29 de julho)<br \/>\nCentro Municipal de Cultura<br \/>\nEntrada franca<br \/>\n15h &#8211; Exibi\u00e7\u00e3o de document\u00e1rio e debate sobre Jos\u00e9 Guilherme Merquior: Paix\u00e3o pela Raz\u00e3o (com Jo\u00e3o Cezar de Castro Rocha\/Uerj e Sergius Gonzaga). Dura\u00e7\u00e3o: 2h<br \/>\nCinemateca Capit\u00f3lio Petrobras<br \/>\nEntrada franca<br \/>\n18h30 &#8211; Curso Escritores Ga\u00fachos em A\u00e7\u00e3o (Robertson Frizero e Luiz Gonzaga Lopes). Dura\u00e7\u00e3o: 1h30min<br \/>\nSala \u00c1lvaro Moreyra<br \/>\nEntrada franca<br \/>\n18h30 &#8211; Quarteto Osesp. Dura\u00e7\u00e3o: 1h<br \/>\nTeatro Renascen\u00e7a<br \/>\nR$ 40 (R$ 20 &#8211; promocional)<br \/>\n&nbsp;<br \/>\n<strong><em>Dia 25, ter\u00e7a-feira<\/em><\/strong><br \/>\n9h &#8211; Palestra Drummond Cordial (com Jer\u00f4nimo Teixeira). Dura\u00e7\u00e3o: 1h30<br \/>\nSala \u00c1lvaro Moreyra<br \/>\nEntrada franca<br \/>\n10h30 \u2013 Curso sobre Jorge Luis Borges &#8211; Breve Hist\u00f3ria da Eternidade (com Martin Kohan). Dura\u00e7\u00e3o: 1h30<br \/>\nTeatro Renascen\u00e7a<br \/>\nR$ 40 (R$ 20 &#8211; promocional)<br \/>\n14h30 &#8211; A Nova Era de Ouro da TV Americana (com Isabela Boscov). Dura\u00e7\u00e3o: 1h30<br \/>\nSala \u00c1lvaro Moreyra<br \/>\nR$ 40 (R$ 20 &#8211; promocional)<br \/>\n14h30 &#8211; Curso sobre Gabriel Garc\u00eda M\u00e1rquez &#8211; O Romance do S\u00e9culo XX (com Karina Lucena e Sergius Gonzaga). Dura\u00e7\u00e3o: 1h30<br \/>\nAudit\u00f3rio do Atelier Livre<br \/>\nR$ 40 (R$ 20 &#8211; promocional)<br \/>\n16h &#8211; Curso Escrita de Mulher (com Regina Zilberman, M\u00e1rcia Ivana e Jane Tutikian). Dura\u00e7\u00e3o: 2h<br \/>\nTeatro Renascen\u00e7a<br \/>\nR$ 40 (R$ 20 &#8211; promocional)<br \/>\n16h30 &#8211; Curso As Ideias de Nosso Tempo &#8211; Conservadorismo, Liberalismo e Progressismo (com Eduardo Wolf). Dura\u00e7\u00e3o: 1h30<br \/>\nSala \u00c1lvaro Moreyra<br \/>\nEntrada franca<br \/>\n18h &#8211; Curso sobre escritores argentinos (com Ariel Schettini e Silvia Hopenhayn). \u00a0Dura\u00e7\u00e3o: 1h30<br \/>\nAudit\u00f3rio do Atelier Livre<br \/>\nR$ 40 (R$ 20 &#8211; promocional)<br \/>\n18h30 &#8211; Curso Escritores Ga\u00fachos em A\u00e7\u00e3o (com Reginaldo Pujol Filho e Cristiano Baldi). Dura\u00e7\u00e3o: 1h30<br \/>\nBiblioteca P\u00fablica Josu\u00e9 Guimar\u00e3es<br \/>\nEntrada franca<br \/>\n18h30 &#8211;\u00a0 Curso Revolu\u00e7\u00e3o Sovi\u00e9tica e Stalinismo (com Voltaire Schilling). Dura\u00e7\u00e3o: 1h30min<br \/>\nSala \u00c1lvaro Moreyra<br \/>\nR$ 40 (R$ 20 &#8211; promocional)<br \/>\n20h &#8211; Sess\u00e3o do filme Invas\u00e3o (1969, 120 minutos), de Hugo Santiago<br \/>\nCinemateca Capit\u00f3lio Petrobras<br \/>\nEntrada franca<br \/>\n&nbsp;<br \/>\n<strong><em>Dia 26, quarta-feira<\/em><\/strong><br \/>\n9h &#8211; Curso Nelson Rodrigues &#8211; A Grande S\u00edntese Melodrama e Naturalismo (com Luiz Arthur Nunes). Dura\u00e7\u00e3o: 1h30<br \/>\nSala \u00c1lvaro Moreyra<br \/>\nR$ 40 (R$ 20 &#8211; promocional)<br \/>\n10h30 \u2013 Curso sobre Jorge Luis Borges &#8211; Breve Hist\u00f3ria da Eternidade (com Martin Kohan). Dura\u00e7\u00e3o: 1h30<br \/>\nTeatro Renascen\u00e7a<br \/>\nR$ 40 (R$ 20 &#8211; promocional)<br \/>\n14h30 &#8211; A Nova Era de Ouro da TV Americana (com Isabela Boscov). Dura\u00e7\u00e3o: 1h30<br \/>\nSala \u00c1lvaro Moreyra<br \/>\nR$ 40 (R$ 20 &#8211; promocional)<br \/>\n14h30 &#8211; Curso sobre Gabriel Garc\u00eda M\u00e1rquez &#8211; O Romance do S\u00e9culo XX (com Karina Lucena e Sergius Gonzaga). Dura\u00e7\u00e3o: 1h30<br \/>\nAudit\u00f3rio do Atelier Livre<br \/>\nR$ 40 (R$ 20 &#8211; promocional)<br \/>\n16h &#8211; Curso Escrita de Mulher (com Regina Zilberman, M\u00e1rcia Ivana e Jane Tutikian). Dura\u00e7\u00e3o: 2h<br \/>\nTeatro Renascen\u00e7a<br \/>\nR$ 40 (R$ 20 &#8211; promocional)<br \/>\n16h30 &#8211; Curso As Ideias de Nosso Tempo &#8211; Conservadorismo, Liberalismo e Progressismo (com Eduardo Wolf). Dura\u00e7\u00e3o: 1h30<br \/>\nSala \u00c1lvaro Moreyra<br \/>\nEntrada franca<br \/>\n18h \u2013 Curso sobre Escritores Argentinos &#8211; Ariel Schettini e Silvia Hopenhayn. \u00a0Media\u00e7\u00e3o: Ricardo Barberena. Dura\u00e7\u00e3o: 1h30<br \/>\nAudit\u00f3rio do Atelier Livre<br \/>\nR$ 40 (R$ 20 \u2013 promocional)<br \/>\n18h30 &#8211; Curso Revolu\u00e7\u00e3o Sovi\u00e9tica e Stalinismo (com Voltaire Schilling). Dura\u00e7\u00e3o: 1h30<br \/>\nSala \u00c1lvaro Moreyra<br \/>\nR$ 40 (R$ 20 &#8211; promocional)<br \/>\n18h30 \u2013 Curso Escritores Ga\u00fachos em A\u00e7\u00e3o (com Michel Laub e Daniel Galera). Dura\u00e7\u00e3o: 1h30<br \/>\nBiblioteca P\u00fablica Josu\u00e9 Guimar\u00e3es<br \/>\nEntrada franca<br \/>\n20h &#8211; Hist\u00f3rias Extraordin\u00e1rias da Escravid\u00e3o Brasileira (com Leandro Narloch). Dura\u00e7\u00e3o: 1h30<br \/>\nTeatro Renascen\u00e7a<br \/>\nEntrada franca<br \/>\n20h &#8211; Reflex\u00f5es sobre Gastronomia (com Filipe Lopes, Marcelo Schambeck e Diogo Carvalho). Dura\u00e7\u00e3o: 1h30<br \/>\nSala \u00c1lvaro Moreyra<br \/>\nEntrada franca<br \/>\n20h &#8211; Sess\u00e3o do filme Garoto (2015, 70 minutos), de J\u00falio Bressane<br \/>\nCinemateca Capit\u00f3lio Petrobras<br \/>\nEntrada franca<br \/>\n&nbsp;<br \/>\n<strong><em>Dia 27, quinta-feira<\/em><\/strong><br \/>\n9h &#8211; Curso Nelson Rodrigues &#8211; A grande S\u00edntese Melodrama e Naturalismo (com Luiz Arthur Nunes. Dura\u00e7\u00e3o: 1h30<br \/>\nSala \u00c1lvaro Moreyra<br \/>\nR$ 40 (R$ 20 &#8211; promocional)<br \/>\n10h30 \u2013 Curso sobre Jorge Luis Borges &#8211; Breve Hist\u00f3ria da Eternidade (com Martin Kohan). Dura\u00e7\u00e3o: 1h30<br \/>\nTeatro Renascen\u00e7a<br \/>\nR$ 40 (R$ 20 &#8211; promocional)<br \/>\n14h30 &#8211; A Nova Era de Ouro da TV Americana (com Isabela Boscov). Dura\u00e7\u00e3o: 1h30<br \/>\nSala \u00c1lvaro Moreyra<br \/>\nR$ 40 (R$ 20 &#8211; promocional)<br \/>\n14h30 &#8211; Curso sobre Gabriel Garc\u00eda M\u00e1rquez &#8211; O Romance do S\u00e9culo XX (com Karina Lucena e Sergius Gonzaga). Dura\u00e7\u00e3o: 1h30min<br \/>\nAudit\u00f3rio do Atelier Livre<br \/>\nR$ 40 (R$ 20 &#8211; promocional)<br \/>\n16h &#8211; Curso Escrita de Mulher (com Regina Zilberman, M\u00e1rcia Ivana e Jane Tutikian). Dura\u00e7\u00e3o: 2h<br \/>\nTeatro Renascen\u00e7a<br \/>\nR$ 40 (R$ 20 &#8211; promocional)<br \/>\n16h30 &#8211; Curso \u201cAs Ideias de Nosso Tempo\u201d &#8211; Conservadorismo, Liberalismo e Progressismo (com Eduardo Wolf). Dura\u00e7\u00e3o: 1h30<br \/>\nSala \u00c1lvaro Moreyra<br \/>\nEntrada franca<br \/>\n18h \u2013 Curso sobre Escritores Argentinos \u2013 Silvia Hopenhayn. Media\u00e7\u00e3o: Ricardo Barberena. Dura\u00e7\u00e3o: 1h30<br \/>\nAudit\u00f3rio do Atelier Livre<br \/>\n18h \u2013 Sess\u00e3o do filme Dias de \u00d3dio (1954, 70 minutos), de Leopoldo Torre Nilsson<br \/>\nCinemateca Capit\u00f3lio Petrobras<br \/>\nEntrada franca<br \/>\n18h30 &#8211; Curso Revolu\u00e7\u00e3o Sovi\u00e9tica e Stalinismo (com Voltaire Schilling). Dura\u00e7\u00e3o: 1h30<br \/>\nSala \u00c1lvaro Moreyra<br \/>\nR$ 40 (R$ 20 &#8211; promocional)<br \/>\n18h30 &#8211; Curso Escritores Ga\u00fachos em A\u00e7\u00e3o (com Chico Botelho e Gustavo Melo Czekster). Dura\u00e7\u00e3o: 1h30<br \/>\nBiblioteca P\u00fablica Josu\u00e9 Guimar\u00e3es<br \/>\nEntrada franca<br \/>\n20h &#8211; Painel P\u00f3s-Verdades, Fake News e Jornalismo (com M\u00f4nica Waldvogel e Filipe Vilicic). Media\u00e7\u00e3o: Paulo Germano. Dura\u00e7\u00e3o: 1h30<br \/>\nTeatro Renascen\u00e7a<br \/>\nEntrada franca<br \/>\n20h \u2013 Sess\u00e3o do filme Paris nos Pertence (1961, 135 minutos), de Jacques Rivette<br \/>\nCinemateca Capit\u00f3lio Petrobras<br \/>\nEntrada franca<br \/>\n&nbsp;<br \/>\n<strong><em>Dia 28, sexta-feira<\/em><\/strong><br \/>\n9h &#8211; Curso Nelson Rodrigues &#8211; A grande S\u00edntese Melodrama e Naturalismo (com Luiz Arthur Nunes. Dura\u00e7\u00e3o: 1h30<br \/>\nSala \u00c1lvaro Moreyra<br \/>\nR$ 40 (R$ 20 &#8211; promocional)<br \/>\n10h30 \u2013 Curso sobre Jorge Luis Borges &#8211; Breve Hist\u00f3ria da Eternidade (com Martin Kohan). Dura\u00e7\u00e3o: 1h30<br \/>\nTeatro Renascen\u00e7a<br \/>\nR$ 40 (R$ 20 &#8211; promocional)<br \/>\n14h30 &#8211; Curso sobre Gabriel Garc\u00eda M\u00e1rquez &#8211; O Romance do S\u00e9culo XX (com Karina Lucena e Sergius Gonzaga). Dura\u00e7\u00e3o: 1h30<br \/>\nAudit\u00f3rio do Atelier Livre<br \/>\nR$ 40 (R$ 20 &#8211; promocional)<br \/>\n16h &#8211; Curso Escrita de Mulher (com Regina Zilberman, M\u00e1rcia Ivana e Jane Tutikian). Dura\u00e7\u00e3o: 2h<br \/>\nTeatro Renascen\u00e7a<br \/>\nR$ 40 (R$ 20 &#8211; promocional)<br \/>\n18h \u2013 Curso sobre Escritores Argentinos \u2013 Silvia Hopenhayn. Media\u00e7\u00e3o: Ricardo Barberena. Dura\u00e7\u00e3o: 1h30<br \/>\nAudit\u00f3rio do Atelier Livre<br \/>\nR$ 40 (R$ 20 \u2013 promocional)<br \/>\n18h \u2013 Sess\u00e3o do filme Jauja (2014, 110 minutos), de Lisandro Alonso<br \/>\nCinemateca Capit\u00f3lio Petrobras<br \/>\nEntrada franca<br \/>\n18h30- Curso Escritores Ga\u00fachos em A\u00e7\u00e3o (com Julia Dantas e Moema Vilela). \u00a0Dura\u00e7\u00e3o: 1h30<br \/>\nBiblioteca P\u00fablica Josu\u00e9 Guimar\u00e3es<br \/>\nEntrada franca<br \/>\n20h &#8211; Curso A Morte da Moda (com Susana Saulquin). Dura\u00e7\u00e3o: 1h30<br \/>\nTeatro Renascen\u00e7a<br \/>\nR$ 40 (R$ 20 &#8211; promocional)<br \/>\n20h \u2013 Projeto Raros Especial &#8211; sess\u00e3o do filme A Estrat\u00e9gia da Aranha (1970, 100 minutos), de Bernardo Bertolucci<br \/>\nCinemateca Capit\u00f3lio Petrobras<br \/>\nEntrada franca<br \/>\n&nbsp;<br \/>\n<strong><em>Dia 29, s\u00e1bado<\/em><\/strong><br \/>\n9h \u2013 Passeio Liter\u00e1rio por Porto Alegre (com Lu\u00eds Augusto Fischer e Gl\u00eanio Bohrer). Dura\u00e7\u00e3o: 3h<br \/>\nPa\u00e7o Municipal<br \/>\nEntrada franca<br \/>\n10h &#8211; Curso A Morte da Moda (com Susana Saulquin). Dura\u00e7\u00e3o: 2h<br \/>\nTeatro Renascen\u00e7a<br \/>\nR$ 40 (R$ 20 &#8211; promocional)<br \/>\n16h &#8211; A Hist\u00f3ria de Kind of Blue &#8211; O maior disco da hist\u00f3ria do Jazz (com Paulo Moreira e Jorginho do Trompete e Quarteto). Dura\u00e7\u00e3o: 1h<br \/>\nSala \u00c1lvaro Moreyra<br \/>\nEntrada franca<br \/>\n18h \u2013 Sess\u00e3o do filme Em Busca de Borges (2016, 85 minutos), de Cristiano Burlan<br \/>\nCinemateca Capit\u00f3lio Petrobras<br \/>\nEntrada franca<br \/>\n20h \u2013 Espet\u00e1culo As Mulheres da Banda (com Muni, Lara Rossato, Ana Lonardi, Adriana Deffenti e Banda Municipal). Dura\u00e7\u00e3o: 1h30min<br \/>\nTeatro Renascen\u00e7a<br \/>\nR$ 40 (R$ 20 &#8211; promocional)<br \/>\n20h \u2013 Sess\u00e3o do filme A Intrusa (1979, 100 minutos), de Carlos Hugo Christensen<br \/>\nCinemateca Capit\u00f3lio Petrobras<br \/>\nEntrada franca<br \/>\n&nbsp;<br \/>\n<strong><em>Dia 30, domingo<\/em><\/strong><br \/>\n15h \u2013 Palestra do dramaturgo Mat\u00e9i Visniec. Dura\u00e7\u00e3o: 2h<br \/>\nSala \u00c1lvaro Moreyra<br \/>\nEntrada franca<br \/>\n18h &#8211; Sess\u00e3o do filme Jauja (2014, 110 minutos), de Lisandro Alonso<br \/>\nCinemateca Capit\u00f3lio Petrobras<br \/>\nEntrada franca<br \/>\n20h &#8211; Show de Esteban Morgado Cuarteto, com participa\u00e7\u00e3o de Luiz Carlos Borges. Dura\u00e7\u00e3o: 2h<br \/>\nTeatro Renascen\u00e7a<br \/>\nR$ 40 (R$ 20 &#8211; promocional)<br \/>\n20h &#8211; Sess\u00e3o do filme Dias de \u00d3dio (1954, 70 minutos), de Leopoldo Torre Nilsson<br \/>\nCinemateca Capit\u00f3lio Petrobras<br \/>\nEntrada franca<br \/>\n&nbsp;<br \/>\n<strong>Ter\u00e7a, dia 1\u00ba de agosto<\/strong><br \/>\n18h &#8211; Sess\u00e3o do filme Invas\u00e3o (1969, 120 minutos), de Hugo Santiago<br \/>\nCinemateca Capit\u00f3lio Petrobras<br \/>\nEntrada franca<br \/>\n20h &#8211; Sess\u00e3o do filme Performance (1970, 105 minutos), de Nicolas Roeg e Donald Cammell<br \/>\nCinemateca Capit\u00f3lio Petrobras<br \/>\nEntrada franca<br \/>\n&nbsp;<br \/>\n<strong>Quarta, dia 2 de agosto<\/strong><br \/>\n18h &#8211; Sess\u00e3o do filme Garoto (2015, 70 minutos), de J\u00falio Bressane<br \/>\nCinemateca Capit\u00f3lio Petrobras<br \/>\nEntrada franca<br \/>\n20h &#8211; Sess\u00e3o do filme O Navio dos Afogados (1983, 110 minutos), de Ra\u00fal Ruiz<br \/>\nCinemateca Capit\u00f3lio Petrobras<br \/>\nEntrada franca<\/p>\n","protected":false},"excerpt":{"rendered":"<p>Come\u00e7a nesta segunda-feira a 9\u00aa edi\u00e7\u00e3o do Festival de Inverno de Porto Alegre. O evento retorna ap\u00f3s um intervalo de tr\u00eas anos. De 24 a 30 de julho ser\u00e3o mais de 60 atividades que ir\u00e3o movimentar o Centro Municipal de Cultura, Arte e Lazer Lupic\u00ednio Rodrigues (CMC) e a Cinemateca Capit\u00f3lio Petrobras, abordando \u00e1reas como [&hellip;]<\/p>\n","protected":false},"author":4,"featured_media":51945,"comment_status":"open","ping_status":"closed","sticky":false,"template":"","format":"standard","meta":{"_jetpack_newsletter_access":"","_jetpack_dont_email_post_to_subs":false,"_jetpack_newsletter_tier_id":0,"_jetpack_memberships_contains_paywalled_content":false,"_jetpack_feature_clip_id":0,"_jetpack_memberships_contains_paid_content":false,"footnotes":"","jetpack_post_was_ever_published":false},"categories":[11],"tags":[],"class_list":["post-51944","post","type-post","status-publish","format-standard","has-post-thumbnail","hentry","category-materiasecundaria"],"aioseo_notices":[],"aioseo_head":"\n\t\t<!-- All in One SEO 5.0.1.1 - aioseo.com -->\n\t<meta name=\"robots\" content=\"max-image-preview:large\" \/>\n\t<meta name=\"author\" content=\"da Reda\u00e7\u00e3o\"\/>\n\t<link rel=\"canonical\" href=\"https:\/\/www.jornalja.com.br\/arquivo\/festival-de-inverno-retorna-com-feira-debate-filme-e-concerto\/\" \/>\n\t<meta name=\"generator\" content=\"All in One SEO (AIOSEO) 5.0.1.1\" \/>\n\t\t<meta property=\"og:locale\" content=\"pt_BR\" \/>\n\t\t<meta property=\"og:site_name\" content=\"Arquivo | Jornal J\u00c1 | Porto Alegre\" \/>\n\t\t<meta property=\"og:type\" content=\"article\" \/>\n\t\t<meta property=\"og:title\" content=\"Festival de Inverno retorna com feira, debate, filme e concerto | Arquivo\" \/>\n\t\t<meta property=\"og:url\" content=\"https:\/\/www.jornalja.com.br\/arquivo\/festival-de-inverno-retorna-com-feira-debate-filme-e-concerto\/\" \/>\n\t\t<meta property=\"og:image\" content=\"https:\/\/www.jornalja.com.br\/economics\/wp-content\/uploads\/sites\/11\/2026\/08\/ja-folhaderosto-facebook.jpg\" \/>\n\t\t<meta property=\"og:image:secure_url\" content=\"https:\/\/www.jornalja.com.br\/economics\/wp-content\/uploads\/sites\/11\/2026\/08\/ja-folhaderosto-facebook.jpg\" \/>\n\t\t<meta property=\"article:published_time\" content=\"2017-07-22T15:55:42+00:00\" \/>\n\t\t<meta property=\"article:modified_time\" content=\"2017-07-22T15:55:42+00:00\" \/>\n\t\t<meta name=\"twitter:card\" content=\"summary\" \/>\n\t\t<meta name=\"twitter:title\" content=\"Festival de Inverno retorna com feira, debate, filme e concerto | Arquivo\" \/>\n\t\t<meta name=\"twitter:image\" content=\"https:\/\/www.jornalja.com.br\/economics\/wp-content\/uploads\/sites\/11\/2026\/08\/ja-folhaderosto-facebook.jpg\" \/>\n\t\t<script type=\"application\/ld+json\" class=\"aioseo-schema\">\n\t\t\t{\"@context\":\"https:\\\/\\\/schema.org\",\"@graph\":[{\"@type\":\"BlogPosting\",\"@id\":\"https:\\\/\\\/www.jornalja.com.br\\\/arquivo\\\/festival-de-inverno-retorna-com-feira-debate-filme-e-concerto\\\/#blogposting\",\"name\":\"Festival de Inverno retorna com feira, debate, filme e concerto | Arquivo\",\"headline\":\"Festival de Inverno retorna com feira, debate, filme e concerto\",\"author\":{\"@id\":\"https:\\\/\\\/www.jornalja.com.br\\\/arquivo\\\/author\\\/daredacao\\\/#author\"},\"publisher\":{\"@id\":\"https:\\\/\\\/www.jornalja.com.br\\\/arquivo\\\/#organization\"},\"image\":{\"@type\":\"ImageObject\",\"url\":51945},\"datePublished\":\"2017-07-22T12:55:42-03:00\",\"dateModified\":\"2017-07-22T12:55:42-03:00\",\"inLanguage\":\"pt-BR\",\"mainEntityOfPage\":{\"@id\":\"https:\\\/\\\/www.jornalja.com.br\\\/arquivo\\\/festival-de-inverno-retorna-com-feira-debate-filme-e-concerto\\\/#webpage\"},\"isPartOf\":{\"@id\":\"https:\\\/\\\/www.jornalja.com.br\\\/arquivo\\\/festival-de-inverno-retorna-com-feira-debate-filme-e-concerto\\\/#webpage\"},\"articleSection\":\"Cultura-Geral\"},{\"@type\":\"BreadcrumbList\",\"@id\":\"https:\\\/\\\/www.jornalja.com.br\\\/arquivo\\\/festival-de-inverno-retorna-com-feira-debate-filme-e-concerto\\\/#breadcrumblist\",\"itemListElement\":[{\"@type\":\"ListItem\",\"@id\":\"https:\\\/\\\/www.jornalja.com.br\\\/arquivo#listItem\",\"position\":1,\"name\":\"Home\",\"item\":\"https:\\\/\\\/www.jornalja.com.br\\\/arquivo\",\"nextItem\":{\"@type\":\"ListItem\",\"@id\":\"https:\\\/\\\/www.jornalja.com.br\\\/arquivo\\\/category\\\/materiasecundaria\\\/#listItem\",\"name\":\"Cultura-Geral\"}},{\"@type\":\"ListItem\",\"@id\":\"https:\\\/\\\/www.jornalja.com.br\\\/arquivo\\\/category\\\/materiasecundaria\\\/#listItem\",\"position\":2,\"name\":\"Cultura-Geral\",\"item\":\"https:\\\/\\\/www.jornalja.com.br\\\/arquivo\\\/category\\\/materiasecundaria\\\/\",\"nextItem\":{\"@type\":\"ListItem\",\"@id\":\"https:\\\/\\\/www.jornalja.com.br\\\/arquivo\\\/festival-de-inverno-retorna-com-feira-debate-filme-e-concerto\\\/#listItem\",\"name\":\"Festival de Inverno retorna com feira, debate, filme e concerto\"},\"previousItem\":{\"@type\":\"ListItem\",\"@id\":\"https:\\\/\\\/www.jornalja.com.br\\\/arquivo#listItem\",\"name\":\"Home\"}},{\"@type\":\"ListItem\",\"@id\":\"https:\\\/\\\/www.jornalja.com.br\\\/arquivo\\\/festival-de-inverno-retorna-com-feira-debate-filme-e-concerto\\\/#listItem\",\"position\":3,\"name\":\"Festival de Inverno retorna com feira, debate, filme e concerto\",\"previousItem\":{\"@type\":\"ListItem\",\"@id\":\"https:\\\/\\\/www.jornalja.com.br\\\/arquivo\\\/category\\\/materiasecundaria\\\/#listItem\",\"name\":\"Cultura-Geral\"}}]},{\"@type\":\"Organization\",\"@id\":\"https:\\\/\\\/www.jornalja.com.br\\\/arquivo\\\/#organization\",\"name\":\"Jornal J\\u00c1\",\"description\":\"Jornal J\\u00c1 | Porto Alegre\",\"url\":\"https:\\\/\\\/www.jornalja.com.br\\\/arquivo\\\/\",\"telephone\":\"+555133307272\",\"logo\":{\"@type\":\"ImageObject\",\"url\":\"https:\\\/\\\/www.jornalja.com.br\\\/wp-content\\\/uploads\\\/cards\\\/JAslogan.png\",\"@id\":\"https:\\\/\\\/www.jornalja.com.br\\\/arquivo\\\/festival-de-inverno-retorna-com-feira-debate-filme-e-concerto\\\/#organizationLogo\"},\"image\":{\"@id\":\"https:\\\/\\\/www.jornalja.com.br\\\/arquivo\\\/festival-de-inverno-retorna-com-feira-debate-filme-e-concerto\\\/#organizationLogo\"}},{\"@type\":\"Person\",\"@id\":\"https:\\\/\\\/www.jornalja.com.br\\\/arquivo\\\/author\\\/daredacao\\\/#author\",\"url\":\"https:\\\/\\\/www.jornalja.com.br\\\/arquivo\\\/author\\\/daredacao\\\/\",\"name\":\"da Reda\\u00e7\\u00e3o\",\"image\":{\"@type\":\"ImageObject\",\"@id\":\"https:\\\/\\\/www.jornalja.com.br\\\/arquivo\\\/festival-de-inverno-retorna-com-feira-debate-filme-e-concerto\\\/#authorImage\",\"url\":\"https:\\\/\\\/secure.gravatar.com\\\/avatar\\\/469fd857d6605ad19919d27ed29d35a968a25f6e8fd9318356bbb7f57aae9c65?s=96&d=mm&r=g\",\"width\":96,\"height\":96,\"caption\":\"da Reda\\u00e7\\u00e3o\"}},{\"@type\":\"WebPage\",\"@id\":\"https:\\\/\\\/www.jornalja.com.br\\\/arquivo\\\/festival-de-inverno-retorna-com-feira-debate-filme-e-concerto\\\/#webpage\",\"url\":\"https:\\\/\\\/www.jornalja.com.br\\\/arquivo\\\/festival-de-inverno-retorna-com-feira-debate-filme-e-concerto\\\/\",\"name\":\"Festival de Inverno retorna com feira, debate, filme e concerto | Arquivo\",\"inLanguage\":\"pt-BR\",\"isPartOf\":{\"@id\":\"https:\\\/\\\/www.jornalja.com.br\\\/arquivo\\\/#website\"},\"breadcrumb\":{\"@id\":\"https:\\\/\\\/www.jornalja.com.br\\\/arquivo\\\/festival-de-inverno-retorna-com-feira-debate-filme-e-concerto\\\/#breadcrumblist\"},\"author\":{\"@id\":\"https:\\\/\\\/www.jornalja.com.br\\\/arquivo\\\/author\\\/daredacao\\\/#author\"},\"creator\":{\"@id\":\"https:\\\/\\\/www.jornalja.com.br\\\/arquivo\\\/author\\\/daredacao\\\/#author\"},\"image\":{\"@type\":\"ImageObject\",\"url\":51945,\"@id\":\"https:\\\/\\\/www.jornalja.com.br\\\/arquivo\\\/festival-de-inverno-retorna-com-feira-debate-filme-e-concerto\\\/#mainImage\"},\"primaryImageOfPage\":{\"@id\":\"https:\\\/\\\/www.jornalja.com.br\\\/arquivo\\\/festival-de-inverno-retorna-com-feira-debate-filme-e-concerto\\\/#mainImage\"},\"datePublished\":\"2017-07-22T12:55:42-03:00\",\"dateModified\":\"2017-07-22T12:55:42-03:00\"},{\"@type\":\"WebSite\",\"@id\":\"https:\\\/\\\/www.jornalja.com.br\\\/arquivo\\\/#website\",\"url\":\"https:\\\/\\\/www.jornalja.com.br\\\/arquivo\\\/\",\"name\":\"Arquivo\",\"description\":\"Jornal J\\u00c1 | Porto Alegre\",\"inLanguage\":\"pt-BR\",\"publisher\":{\"@id\":\"https:\\\/\\\/www.jornalja.com.br\\\/arquivo\\\/#organization\"}}]}\n\t\t<\/script>\n\t\t<!-- All in One SEO -->\n\n","aioseo_head_json":{"title":"Festival de Inverno retorna com feira, debate, filme e concerto | Arquivo","description":"","canonical_url":"https:\/\/www.jornalja.com.br\/arquivo\/festival-de-inverno-retorna-com-feira-debate-filme-e-concerto\/","robots":"max-image-preview:large","keywords":"","webmasterTools":{"miscellaneous":""},"schema":{"@context":"https:\/\/schema.org","@graph":[{"@type":"BlogPosting","@id":"https:\/\/www.jornalja.com.br\/arquivo\/festival-de-inverno-retorna-com-feira-debate-filme-e-concerto\/#blogposting","name":"Festival de Inverno retorna com feira, debate, filme e concerto | Arquivo","headline":"Festival de Inverno retorna com feira, debate, filme e concerto","author":{"@id":"https:\/\/www.jornalja.com.br\/arquivo\/author\/daredacao\/#author"},"publisher":{"@id":"https:\/\/www.jornalja.com.br\/arquivo\/#organization"},"image":{"@type":"ImageObject","url":51945},"datePublished":"2017-07-22T12:55:42-03:00","dateModified":"2017-07-22T12:55:42-03:00","inLanguage":"pt-BR","mainEntityOfPage":{"@id":"https:\/\/www.jornalja.com.br\/arquivo\/festival-de-inverno-retorna-com-feira-debate-filme-e-concerto\/#webpage"},"isPartOf":{"@id":"https:\/\/www.jornalja.com.br\/arquivo\/festival-de-inverno-retorna-com-feira-debate-filme-e-concerto\/#webpage"},"articleSection":"Cultura-Geral"},{"@type":"BreadcrumbList","@id":"https:\/\/www.jornalja.com.br\/arquivo\/festival-de-inverno-retorna-com-feira-debate-filme-e-concerto\/#breadcrumblist","itemListElement":[{"@type":"ListItem","@id":"https:\/\/www.jornalja.com.br\/arquivo#listItem","position":1,"name":"Home","item":"https:\/\/www.jornalja.com.br\/arquivo","nextItem":{"@type":"ListItem","@id":"https:\/\/www.jornalja.com.br\/arquivo\/category\/materiasecundaria\/#listItem","name":"Cultura-Geral"}},{"@type":"ListItem","@id":"https:\/\/www.jornalja.com.br\/arquivo\/category\/materiasecundaria\/#listItem","position":2,"name":"Cultura-Geral","item":"https:\/\/www.jornalja.com.br\/arquivo\/category\/materiasecundaria\/","nextItem":{"@type":"ListItem","@id":"https:\/\/www.jornalja.com.br\/arquivo\/festival-de-inverno-retorna-com-feira-debate-filme-e-concerto\/#listItem","name":"Festival de Inverno retorna com feira, debate, filme e concerto"},"previousItem":{"@type":"ListItem","@id":"https:\/\/www.jornalja.com.br\/arquivo#listItem","name":"Home"}},{"@type":"ListItem","@id":"https:\/\/www.jornalja.com.br\/arquivo\/festival-de-inverno-retorna-com-feira-debate-filme-e-concerto\/#listItem","position":3,"name":"Festival de Inverno retorna com feira, debate, filme e concerto","previousItem":{"@type":"ListItem","@id":"https:\/\/www.jornalja.com.br\/arquivo\/category\/materiasecundaria\/#listItem","name":"Cultura-Geral"}}]},{"@type":"Organization","@id":"https:\/\/www.jornalja.com.br\/arquivo\/#organization","name":"Jornal J\u00c1","description":"Jornal J\u00c1 | Porto Alegre","url":"https:\/\/www.jornalja.com.br\/arquivo\/","telephone":"+555133307272","logo":{"@type":"ImageObject","url":"https:\/\/www.jornalja.com.br\/wp-content\/uploads\/cards\/JAslogan.png","@id":"https:\/\/www.jornalja.com.br\/arquivo\/festival-de-inverno-retorna-com-feira-debate-filme-e-concerto\/#organizationLogo"},"image":{"@id":"https:\/\/www.jornalja.com.br\/arquivo\/festival-de-inverno-retorna-com-feira-debate-filme-e-concerto\/#organizationLogo"}},{"@type":"Person","@id":"https:\/\/www.jornalja.com.br\/arquivo\/author\/daredacao\/#author","url":"https:\/\/www.jornalja.com.br\/arquivo\/author\/daredacao\/","name":"da Reda\u00e7\u00e3o","image":{"@type":"ImageObject","@id":"https:\/\/www.jornalja.com.br\/arquivo\/festival-de-inverno-retorna-com-feira-debate-filme-e-concerto\/#authorImage","url":"https:\/\/secure.gravatar.com\/avatar\/469fd857d6605ad19919d27ed29d35a968a25f6e8fd9318356bbb7f57aae9c65?s=96&d=mm&r=g","width":96,"height":96,"caption":"da Reda\u00e7\u00e3o"}},{"@type":"WebPage","@id":"https:\/\/www.jornalja.com.br\/arquivo\/festival-de-inverno-retorna-com-feira-debate-filme-e-concerto\/#webpage","url":"https:\/\/www.jornalja.com.br\/arquivo\/festival-de-inverno-retorna-com-feira-debate-filme-e-concerto\/","name":"Festival de Inverno retorna com feira, debate, filme e concerto | Arquivo","inLanguage":"pt-BR","isPartOf":{"@id":"https:\/\/www.jornalja.com.br\/arquivo\/#website"},"breadcrumb":{"@id":"https:\/\/www.jornalja.com.br\/arquivo\/festival-de-inverno-retorna-com-feira-debate-filme-e-concerto\/#breadcrumblist"},"author":{"@id":"https:\/\/www.jornalja.com.br\/arquivo\/author\/daredacao\/#author"},"creator":{"@id":"https:\/\/www.jornalja.com.br\/arquivo\/author\/daredacao\/#author"},"image":{"@type":"ImageObject","url":51945,"@id":"https:\/\/www.jornalja.com.br\/arquivo\/festival-de-inverno-retorna-com-feira-debate-filme-e-concerto\/#mainImage"},"primaryImageOfPage":{"@id":"https:\/\/www.jornalja.com.br\/arquivo\/festival-de-inverno-retorna-com-feira-debate-filme-e-concerto\/#mainImage"},"datePublished":"2017-07-22T12:55:42-03:00","dateModified":"2017-07-22T12:55:42-03:00"},{"@type":"WebSite","@id":"https:\/\/www.jornalja.com.br\/arquivo\/#website","url":"https:\/\/www.jornalja.com.br\/arquivo\/","name":"Arquivo","description":"Jornal J\u00c1 | Porto Alegre","inLanguage":"pt-BR","publisher":{"@id":"https:\/\/www.jornalja.com.br\/arquivo\/#organization"}}]},"og:locale":"pt_BR","og:site_name":"Arquivo | Jornal J\u00c1 | Porto Alegre","og:type":"article","og:title":"Festival de Inverno retorna com feira, debate, filme e concerto | Arquivo","og:url":"https:\/\/www.jornalja.com.br\/arquivo\/festival-de-inverno-retorna-com-feira-debate-filme-e-concerto\/","og:image":"https:\/\/www.jornalja.com.br\/economics\/wp-content\/uploads\/sites\/11\/2026\/08\/ja-folhaderosto-facebook.jpg","og:image:secure_url":"https:\/\/www.jornalja.com.br\/economics\/wp-content\/uploads\/sites\/11\/2026\/08\/ja-folhaderosto-facebook.jpg","article:published_time":"2017-07-22T15:55:42+00:00","article:modified_time":"2017-07-22T15:55:42+00:00","twitter:card":"summary","twitter:title":"Festival de Inverno retorna com feira, debate, filme e concerto | Arquivo","twitter:image":"https:\/\/www.jornalja.com.br\/economics\/wp-content\/uploads\/sites\/11\/2026\/08\/ja-folhaderosto-facebook.jpg"},"aioseo_meta_data":{"post_id":"51944","title":null,"description":null,"keywords":null,"keyphrases":null,"primary_term":null,"canonical_url":null,"og_title":null,"og_description":null,"og_object_type":"default","og_image_type":"default","og_image_url":null,"og_image_width":null,"og_image_height":null,"og_image_custom_url":null,"og_image_custom_fields":null,"og_video":null,"og_custom_url":null,"og_article_section":null,"og_article_tags":null,"twitter_use_og":false,"twitter_card":"default","twitter_image_type":"default","twitter_image_url":null,"twitter_image_custom_url":null,"twitter_image_custom_fields":null,"twitter_title":null,"twitter_description":null,"schema":{"blockGraphs":[],"customGraphs":[],"default":{"data":{"Article":[],"Course":[],"Dataset":[],"FAQPage":[],"Movie":[],"Person":[],"Product":[],"ProductReview":[],"Car":[],"Recipe":[],"Service":[],"SoftwareApplication":[],"WebPage":[]},"graphName":"","isEnabled":true},"graphs":[]},"schema_type":null,"schema_type_options":null,"pillar_content":false,"robots_default":true,"robots_noindex":false,"robots_noarchive":false,"robots_nosnippet":false,"robots_nofollow":false,"robots_noimageindex":false,"robots_noodp":false,"robots_notranslate":false,"robots_max_snippet":null,"robots_max_videopreview":null,"robots_max_imagepreview":"large","priority":null,"frequency":null,"location":null,"local_seo":null,"breadcrumb_settings":null,"limit_modified_date":false,"ai":null,"created":"2020-12-20 20:29:05","updated":"2025-07-19 23:30:24","seo_analyzer_scan_date":null,"focus_keyword":null,"additional_keywords":null,"truseo_locale":null},"jetpack_sharing_enabled":true,"jetpack-related-posts":[{"id":14241,"url":"https:\/\/www.jornalja.com.br\/arquivo\/o-guaiba-nas-imagens-poeticas-de-achutti\/","url_meta":{"origin":51944,"position":0},"title":"O Gua\u00edba nas imagens po\u00e9ticas de Achutti","author":"da Reda\u00e7\u00e3o","date":"18 de junho de 2014","format":false,"excerpt":"Em \u201cO Gua\u00edba por Achutti\u201d \u2013 obra financiada via Minist\u00e9rio da Cultura, produ\u00e7\u00e3o executiva de Pedro Longhi, e Fl\u00e1vio Wild como designer \u2013, o fot\u00f3grafo revela a beleza e as mazelas de um espa\u00e7o aqu\u00e1tico de \u00e1guas sempre renovadas, cheio de hist\u00f3rias e lendas como as das cidades que foram\u2026","rel":"","context":"Em &quot;Cultura-Geral&quot;","block_context":{"text":"Cultura-Geral","link":"https:\/\/www.jornalja.com.br\/arquivo\/category\/materiasecundaria\/"},"img":{"alt_text":"","src":"","width":0,"height":0},"classes":[]},{"id":13124,"url":"https:\/\/www.jornalja.com.br\/arquivo\/sangue-latino-no-iecine\/","url_meta":{"origin":51944,"position":1},"title":"Sangue latino no IECINE","author":"da Reda\u00e7\u00e3o","date":"18 de maio de 2014","format":false,"excerpt":"Francisco Ribeiro O Instituto Estadual de Cinema (IECINE) tem a frente, desde abril \u00faltimo, um novo diretor, o cineasta colombiano Juan Zapata, 36, que substitui Luiz Alberto Cassol. Radicado h\u00e1 dez anos em Porto Alegre, Zapata tem diante de si o desafio de conduzir at\u00e9 o final do ano um\u2026","rel":"","context":"Em &quot;Cultura-Geral&quot;","block_context":{"text":"Cultura-Geral","link":"https:\/\/www.jornalja.com.br\/arquivo\/category\/materiasecundaria\/"},"img":{"alt_text":"","src":"","width":0,"height":0},"classes":[]},{"id":1280,"url":"https:\/\/www.jornalja.com.br\/arquivo\/o-menino-que-se-tornou-brizola\/","url_meta":{"origin":51944,"position":2},"title":"O Menino que se Tornou Brizola","author":"da Reda\u00e7\u00e3o","date":"28 de julho de 2008","format":false,"excerpt":"Autor: Cleber Dioni A vida de Leonel Brizola, com \u00eanfase para os primeiros anos em Porto Alegre, at\u00e9 o ex\u00edlio no Uruguai e a volta, quinze anos depois. \u00a0\"...\u00c9ramos todos jovens e nos identific\u00e1vamos com aquela massa an\u00f4nima a percorrer as ruas de Porto Alegre, gritando 'Get\u00falio', 'Get\u00falio' e empunhando\u2026","rel":"","context":"Em &quot;Livros&quot;","block_context":{"text":"Livros","link":"https:\/\/www.jornalja.com.br\/arquivo\/category\/livros\/"},"img":{"alt_text":"","src":"https:\/\/i0.wp.com\/www.jornalja.com.br\/wp-content\/uploads\/2008\/07\/brizola.gif?resize=350%2C200&ssl=1","width":350,"height":200},"classes":[]},{"id":5440,"url":"https:\/\/www.jornalja.com.br\/arquivo\/casarao-da-venancio-destino-permanece-incerto\/","url_meta":{"origin":51944,"position":3},"title":"Estado ainda n\u00e3o sabe o que fazer com casar\u00e3o abandonado h\u00e1 20 anos","author":"Elmar Bones","date":"6 de julho de 2009","format":false,"excerpt":"O casar\u00e3o amarelo, numa esquina nobre de Porto Alegre (Ven\u00e2ncio Aires com Jo\u00e3o Pessoa), j\u00e1 abrigou uma escola. H\u00e1 duas d\u00e9cadas, pelo menos, est\u00e1 abandonado, porque seu propriet\u00e1rio, o governo do Estado do Rio Grande do Sul, n\u00e3o consegue achar um destino para ele. Planos n\u00e3o faltaram. O governador Ol\u00edvio\u2026","rel":"","context":"Em &quot;X.Categorias velhas&quot;","block_context":{"text":"X.Categorias velhas","link":"https:\/\/www.jornalja.com.br\/arquivo\/category\/x-categorias-velhas\/"},"img":{"alt_text":"geraldo1","src":"https:\/\/i0.wp.com\/www.jornalja.com.br\/wp-content\/uploads\/2009\/07\/geraldo1.jpg?resize=350%2C200&ssl=1","width":350,"height":200},"classes":[]},{"id":12960,"url":"https:\/\/www.jornalja.com.br\/arquivo\/populacao-culpa-empresas-pela-greve-dos-rodoviarios\/","url_meta":{"origin":51944,"position":4},"title":"Popula\u00e7\u00e3o culpa empresas pela greve","author":"Patr\u00edcia Marini","date":"14 de fevereiro de 2014","format":false,"excerpt":"Pesquisa divulgada na edi\u00e7\u00e3o do jornal Metro desta sexta-feira,14, comprova o velho ditado: \u00e9 poss\u00edvel enganar muitos por algum tempo, mas n\u00e3o \u00e9 poss\u00edvel enganar a todos o tempo inteiro. A principal revela\u00e7\u00e3o foi que 59,8% dos entrevistados apontaram as empresas como as principais respons\u00e1veis pela grave e 46% culparam\u2026","rel":"","context":"Em &quot;X.Categorias velhas&quot;","block_context":{"text":"X.Categorias velhas","link":"https:\/\/www.jornalja.com.br\/arquivo\/category\/x-categorias-velhas\/"},"img":{"alt_text":"","src":"","width":0,"height":0},"classes":[]},{"id":13240,"url":"https:\/\/www.jornalja.com.br\/arquivo\/plano-diretor-estamos-construindo-o-caos\/","url_meta":{"origin":51944,"position":5},"title":"Plano diretor: &quot;Estamos construindo o caos&quot;","author":"Patr\u00edcia Marini","date":"26 de maio de 2014","format":false,"excerpt":"Desabafo que arquiteta Eliana Castilhos, delegada da Regi\u00e3o de Planejamento 1, postou nas redes sociais \u00e9 um testemunho do ambiente que se criou no Conselho do Plano Diretor de Porto Alegre, onde a aprova\u00e7\u00e3o de grandes empreendimentos \u00e9 empurrada guela abaixo dos conselheiros. Ao CMDUA Como delegada da Regi\u00e3o de\u2026","rel":"","context":"Em &quot;Geral&quot;","block_context":{"text":"Geral","link":"https:\/\/www.jornalja.com.br\/arquivo\/category\/geral\/"},"img":{"alt_text":"","src":"","width":0,"height":0},"classes":[]}],"jetpack_shortlink":"https:\/\/wp.me\/pbQjBd-dvO","jetpack_featured_media_url":"","_links":{"self":[{"href":"https:\/\/www.jornalja.com.br\/arquivo\/wp-json\/wp\/v2\/posts\/51944","targetHints":{"allow":["GET"]}}],"collection":[{"href":"https:\/\/www.jornalja.com.br\/arquivo\/wp-json\/wp\/v2\/posts"}],"about":[{"href":"https:\/\/www.jornalja.com.br\/arquivo\/wp-json\/wp\/v2\/types\/post"}],"author":[{"embeddable":true,"href":"https:\/\/www.jornalja.com.br\/arquivo\/wp-json\/wp\/v2\/users\/4"}],"replies":[{"embeddable":true,"href":"https:\/\/www.jornalja.com.br\/arquivo\/wp-json\/wp\/v2\/comments?post=51944"}],"version-history":[{"count":0,"href":"https:\/\/www.jornalja.com.br\/arquivo\/wp-json\/wp\/v2\/posts\/51944\/revisions"}],"wp:attachment":[{"href":"https:\/\/www.jornalja.com.br\/arquivo\/wp-json\/wp\/v2\/media?parent=51944"}],"wp:term":[{"taxonomy":"category","embeddable":true,"href":"https:\/\/www.jornalja.com.br\/arquivo\/wp-json\/wp\/v2\/categories?post=51944"},{"taxonomy":"post_tag","embeddable":true,"href":"https:\/\/www.jornalja.com.br\/arquivo\/wp-json\/wp\/v2\/tags?post=51944"}],"curies":[{"name":"wp","href":"https:\/\/api.w.org\/{rel}","templated":true}]}}