{"id":52009,"date":"2017-07-24T09:54:09","date_gmt":"2017-07-24T12:54:09","guid":{"rendered":"https:\/\/www.jornalja.com.br\/?p=52009"},"modified":"2017-07-24T09:54:09","modified_gmt":"2017-07-24T12:54:09","slug":"corrupcao-no-dep-desviou-mais-de-r-10-milhoes-em-cinco-anos","status":"publish","type":"post","link":"https:\/\/www.jornalja.com.br\/arquivo\/corrupcao-no-dep-desviou-mais-de-r-10-milhoes-em-cinco-anos\/","title":{"rendered":"Corrup\u00e7\u00e3o no DEP desviou mais de R$ 10 milh\u00f5es em cinco anos"},"content":{"rendered":"<p>Centro e trinta policiais civis e militares cumpriram 27 mandatos de busca e apreens\u00e3o em Porto Alegre, em Alvorada e Viam\u00e3o, desde as primeiras horas desta segunda-feira, 24.<br \/>\n\u00c9 a terceira fase da \u00a0Opera\u00e7\u00e3o Tormenta que investiga fraudes em licita\u00e7\u00f5es e diversos crimes no Departamento de Esgotos Pluviais (DEP).<br \/>\nA a\u00e7\u00e3o envolve buscas na sede e em quatro unidades do DEP, em empresas, nas resid\u00eancias de servidores e de ex-gestores da entidade e de s\u00f3cios de terceirizadas que t\u00eam ou tiveram contrato com a prefeitura. Tr\u00eas pessoas foram presas em flagrante por posse irregular de arma de fogo. Tr\u00eas armas, documentos, j\u00f3ias e quase doze mil Reais em esp\u00e9cie foram apreendidos.<br \/>\n<figure id=\"attachment_52024\" aria-describedby=\"caption-attachment-52024\" style=\"width: 400px\" class=\"wp-caption alignleft\"><img loading=\"lazy\" decoding=\"async\" class=\"size-medium wp-image-52024\" src=\"https:\/\/www.jornalja.com.br\/wp-content\/uploads\/2017\/07\/20170724121342deat_deic-400x267.jpeg\" alt=\"\" width=\"400\" height=\"267\" \/><figcaption id=\"caption-attachment-52024\" class=\"wp-caption-text\">Tr\u00eas Pessoas foram presos e foram cumpridos 27 mandados de apreens\u00e3o. Foto Pol\u00edcia Civil \/ Divulga\u00e7\u00e3o \/Jornal J\u00c1<\/figcaption><\/figure><br \/>\nA hist\u00f3ria vem desde 2016, quando uma s\u00e9rie de reportagens da jornalista Adriana Irion, na Zero Hora, mostrou que empresas terceirizadas cobravam do DEP por servi\u00e7os n\u00e3o executados.<br \/>\nO delegado Max Ritter, um dos coordenadores da opera\u00e7\u00e3o, estima que &#8220;o total dos desvios, que v\u00eam pelo menos desde 2011, supera os R$ 10 milh\u00f5es&#8221;, conforme apura\u00e7\u00e3o do Tribunal de Contas do Estado.\u201cOs principais alvos desta a\u00e7\u00e3o foram as empresas contratadas pelo Poder P\u00fablico, al\u00e9m de diretores e servidores do DEP. Est\u00e1 sendo investigado o superfaturamento em contratos de manuten\u00e7\u00e3o de casas de bomba e limpeza de bueiros, servi\u00e7os que s\u00e3o executados ou condicionados \u00e0 execu\u00e7\u00e3o de outros servi\u00e7os, n\u00e3o descritos em licita\u00e7\u00e3o, ateste de servi\u00e7os prestados a menor ou sequer prestados, falsa presta\u00e7\u00e3o de contas de servi\u00e7os n\u00e3o prestados, entre outras irregularidades recentemente impugnadas pelo Tribunal de Contas do Estado\u201d, completa o delegado Ritter.<br \/>\nEntre os alvos da opera\u00e7\u00e3o policial est\u00e3o Tarso Boelter (PP), diretor-geral do DEP entre 2013 e 2016, Francisco Eduardo Mello dos Santos (PMDB), ex-diretor-adjunto do departamento, e Francisco Jos\u00e9 Ferreira Pinto, que \u00e9 servidor do quadro e foi diretor de conserva\u00e7\u00e3o do DEP.<br \/>\nEm 2014, Pinto chegou a ser afastado das fun\u00e7\u00f5es depois de vir \u00e0 tona a chamada Opera\u00e7\u00e3o Casa Branca, na qual ele era suspeito de receber propina de empres\u00e1rios para facilitar neg\u00f3cios junto ao poder p\u00fablico. Tamb\u00e9m est\u00e3o envolvidas pessoas ligadas \u00e0 Cooperativa dos Trabalhadores Aut\u00f4nomos das Vilas de Porto Alegre (Cootravipa), maior terceirizada da prefeitura. Desde 2011, a Cootravipa recebeu R$ 354 milh\u00f5es em contratos com o munic\u00edpio.<\/p>\n","protected":false},"excerpt":{"rendered":"<p>Centro e trinta policiais civis e militares cumpriram 27 mandatos de busca e apreens\u00e3o em Porto Alegre, em Alvorada e Viam\u00e3o, desde as primeiras horas desta segunda-feira, 24. \u00c9 a terceira fase da \u00a0Opera\u00e7\u00e3o Tormenta que investiga fraudes em licita\u00e7\u00f5es e diversos crimes no Departamento de Esgotos Pluviais (DEP). A a\u00e7\u00e3o envolve buscas na sede [&hellip;]<\/p>\n","protected":false},"author":4,"featured_media":52013,"comment_status":"open","ping_status":"closed","sticky":false,"template":"","format":"standard","meta":{"_jetpack_newsletter_access":"","_jetpack_dont_email_post_to_subs":false,"_jetpack_newsletter_tier_id":0,"_jetpack_memberships_contains_paywalled_content":false,"_jetpack_feature_clip_id":0,"_jetpack_memberships_contains_paid_content":false,"footnotes":"","jetpack_post_was_ever_published":false},"categories":[26],"tags":[],"class_list":["post-52009","post","type-post","status-publish","format-standard","has-post-thumbnail","hentry","category-geral"],"aioseo_notices":[],"aioseo_head":"\n\t\t<!-- All in One SEO 5.0.1.1 - aioseo.com -->\n\t<meta name=\"robots\" content=\"max-image-preview:large\" \/>\n\t<meta name=\"author\" content=\"da Reda\u00e7\u00e3o\"\/>\n\t<link rel=\"canonical\" href=\"https:\/\/www.jornalja.com.br\/arquivo\/corrupcao-no-dep-desviou-mais-de-r-10-milhoes-em-cinco-anos\/\" \/>\n\t<meta name=\"generator\" content=\"All in One SEO (AIOSEO) 5.0.1.1\" \/>\n\t\t<meta property=\"og:locale\" content=\"pt_BR\" \/>\n\t\t<meta property=\"og:site_name\" content=\"Arquivo | Jornal J\u00c1 | Porto Alegre\" \/>\n\t\t<meta property=\"og:type\" content=\"article\" \/>\n\t\t<meta property=\"og:title\" content=\"Corrup\u00e7\u00e3o no DEP desviou mais de R$ 10 milh\u00f5es em cinco anos | Arquivo\" \/>\n\t\t<meta property=\"og:url\" content=\"https:\/\/www.jornalja.com.br\/arquivo\/corrupcao-no-dep-desviou-mais-de-r-10-milhoes-em-cinco-anos\/\" \/>\n\t\t<meta property=\"og:image\" content=\"https:\/\/www.jornalja.com.br\/wp-content\/uploads\/2017\/07\/20170724121342deat_deic-400x267.jpeg\" \/>\n\t\t<meta property=\"og:image:secure_url\" content=\"https:\/\/www.jornalja.com.br\/wp-content\/uploads\/2017\/07\/20170724121342deat_deic-400x267.jpeg\" \/>\n\t\t<meta property=\"article:published_time\" content=\"2017-07-24T12:54:09+00:00\" \/>\n\t\t<meta property=\"article:modified_time\" content=\"2017-07-24T12:54:09+00:00\" \/>\n\t\t<meta name=\"twitter:card\" content=\"summary\" \/>\n\t\t<meta name=\"twitter:title\" content=\"Corrup\u00e7\u00e3o no DEP desviou mais de R$ 10 milh\u00f5es em cinco anos | Arquivo\" \/>\n\t\t<meta name=\"twitter:image\" content=\"https:\/\/www.jornalja.com.br\/economics\/wp-content\/uploads\/sites\/11\/2026\/08\/ja-folhaderosto-facebook.jpg\" \/>\n\t\t<script type=\"application\/ld+json\" class=\"aioseo-schema\">\n\t\t\t{\"@context\":\"https:\\\/\\\/schema.org\",\"@graph\":[{\"@type\":\"BlogPosting\",\"@id\":\"https:\\\/\\\/www.jornalja.com.br\\\/arquivo\\\/corrupcao-no-dep-desviou-mais-de-r-10-milhoes-em-cinco-anos\\\/#blogposting\",\"name\":\"Corrup\\u00e7\\u00e3o no DEP desviou mais de R$ 10 milh\\u00f5es em cinco anos | Arquivo\",\"headline\":\"Corrup\\u00e7\\u00e3o no DEP desviou mais de R$ 10 milh\\u00f5es em cinco anos\",\"author\":{\"@id\":\"https:\\\/\\\/www.jornalja.com.br\\\/arquivo\\\/author\\\/daredacao\\\/#author\"},\"publisher\":{\"@id\":\"https:\\\/\\\/www.jornalja.com.br\\\/arquivo\\\/#organization\"},\"image\":{\"@type\":\"ImageObject\",\"url\":52013},\"datePublished\":\"2017-07-24T09:54:09-03:00\",\"dateModified\":\"2017-07-24T09:54:09-03:00\",\"inLanguage\":\"pt-BR\",\"mainEntityOfPage\":{\"@id\":\"https:\\\/\\\/www.jornalja.com.br\\\/arquivo\\\/corrupcao-no-dep-desviou-mais-de-r-10-milhoes-em-cinco-anos\\\/#webpage\"},\"isPartOf\":{\"@id\":\"https:\\\/\\\/www.jornalja.com.br\\\/arquivo\\\/corrupcao-no-dep-desviou-mais-de-r-10-milhoes-em-cinco-anos\\\/#webpage\"},\"articleSection\":\"Geral\"},{\"@type\":\"BreadcrumbList\",\"@id\":\"https:\\\/\\\/www.jornalja.com.br\\\/arquivo\\\/corrupcao-no-dep-desviou-mais-de-r-10-milhoes-em-cinco-anos\\\/#breadcrumblist\",\"itemListElement\":[{\"@type\":\"ListItem\",\"@id\":\"https:\\\/\\\/www.jornalja.com.br\\\/arquivo#listItem\",\"position\":1,\"name\":\"Home\",\"item\":\"https:\\\/\\\/www.jornalja.com.br\\\/arquivo\",\"nextItem\":{\"@type\":\"ListItem\",\"@id\":\"https:\\\/\\\/www.jornalja.com.br\\\/arquivo\\\/category\\\/geral\\\/#listItem\",\"name\":\"Geral\"}},{\"@type\":\"ListItem\",\"@id\":\"https:\\\/\\\/www.jornalja.com.br\\\/arquivo\\\/category\\\/geral\\\/#listItem\",\"position\":2,\"name\":\"Geral\",\"item\":\"https:\\\/\\\/www.jornalja.com.br\\\/arquivo\\\/category\\\/geral\\\/\",\"nextItem\":{\"@type\":\"ListItem\",\"@id\":\"https:\\\/\\\/www.jornalja.com.br\\\/arquivo\\\/corrupcao-no-dep-desviou-mais-de-r-10-milhoes-em-cinco-anos\\\/#listItem\",\"name\":\"Corrup\\u00e7\\u00e3o no DEP desviou mais de R$ 10 milh\\u00f5es em cinco anos\"},\"previousItem\":{\"@type\":\"ListItem\",\"@id\":\"https:\\\/\\\/www.jornalja.com.br\\\/arquivo#listItem\",\"name\":\"Home\"}},{\"@type\":\"ListItem\",\"@id\":\"https:\\\/\\\/www.jornalja.com.br\\\/arquivo\\\/corrupcao-no-dep-desviou-mais-de-r-10-milhoes-em-cinco-anos\\\/#listItem\",\"position\":3,\"name\":\"Corrup\\u00e7\\u00e3o no DEP desviou mais de R$ 10 milh\\u00f5es em cinco anos\",\"previousItem\":{\"@type\":\"ListItem\",\"@id\":\"https:\\\/\\\/www.jornalja.com.br\\\/arquivo\\\/category\\\/geral\\\/#listItem\",\"name\":\"Geral\"}}]},{\"@type\":\"Organization\",\"@id\":\"https:\\\/\\\/www.jornalja.com.br\\\/arquivo\\\/#organization\",\"name\":\"Jornal J\\u00c1\",\"description\":\"Jornal J\\u00c1 | Porto Alegre\",\"url\":\"https:\\\/\\\/www.jornalja.com.br\\\/arquivo\\\/\",\"telephone\":\"+555133307272\",\"logo\":{\"@type\":\"ImageObject\",\"url\":\"https:\\\/\\\/www.jornalja.com.br\\\/wp-content\\\/uploads\\\/cards\\\/JAslogan.png\",\"@id\":\"https:\\\/\\\/www.jornalja.com.br\\\/arquivo\\\/corrupcao-no-dep-desviou-mais-de-r-10-milhoes-em-cinco-anos\\\/#organizationLogo\"},\"image\":{\"@id\":\"https:\\\/\\\/www.jornalja.com.br\\\/arquivo\\\/corrupcao-no-dep-desviou-mais-de-r-10-milhoes-em-cinco-anos\\\/#organizationLogo\"}},{\"@type\":\"Person\",\"@id\":\"https:\\\/\\\/www.jornalja.com.br\\\/arquivo\\\/author\\\/daredacao\\\/#author\",\"url\":\"https:\\\/\\\/www.jornalja.com.br\\\/arquivo\\\/author\\\/daredacao\\\/\",\"name\":\"da Reda\\u00e7\\u00e3o\",\"image\":{\"@type\":\"ImageObject\",\"@id\":\"https:\\\/\\\/www.jornalja.com.br\\\/arquivo\\\/corrupcao-no-dep-desviou-mais-de-r-10-milhoes-em-cinco-anos\\\/#authorImage\",\"url\":\"https:\\\/\\\/secure.gravatar.com\\\/avatar\\\/469fd857d6605ad19919d27ed29d35a968a25f6e8fd9318356bbb7f57aae9c65?s=96&d=mm&r=g\",\"width\":96,\"height\":96,\"caption\":\"da Reda\\u00e7\\u00e3o\"}},{\"@type\":\"WebPage\",\"@id\":\"https:\\\/\\\/www.jornalja.com.br\\\/arquivo\\\/corrupcao-no-dep-desviou-mais-de-r-10-milhoes-em-cinco-anos\\\/#webpage\",\"url\":\"https:\\\/\\\/www.jornalja.com.br\\\/arquivo\\\/corrupcao-no-dep-desviou-mais-de-r-10-milhoes-em-cinco-anos\\\/\",\"name\":\"Corrup\\u00e7\\u00e3o no DEP desviou mais de R$ 10 milh\\u00f5es em cinco anos | Arquivo\",\"inLanguage\":\"pt-BR\",\"isPartOf\":{\"@id\":\"https:\\\/\\\/www.jornalja.com.br\\\/arquivo\\\/#website\"},\"breadcrumb\":{\"@id\":\"https:\\\/\\\/www.jornalja.com.br\\\/arquivo\\\/corrupcao-no-dep-desviou-mais-de-r-10-milhoes-em-cinco-anos\\\/#breadcrumblist\"},\"author\":{\"@id\":\"https:\\\/\\\/www.jornalja.com.br\\\/arquivo\\\/author\\\/daredacao\\\/#author\"},\"creator\":{\"@id\":\"https:\\\/\\\/www.jornalja.com.br\\\/arquivo\\\/author\\\/daredacao\\\/#author\"},\"image\":{\"@type\":\"ImageObject\",\"url\":52013,\"@id\":\"https:\\\/\\\/www.jornalja.com.br\\\/arquivo\\\/corrupcao-no-dep-desviou-mais-de-r-10-milhoes-em-cinco-anos\\\/#mainImage\"},\"primaryImageOfPage\":{\"@id\":\"https:\\\/\\\/www.jornalja.com.br\\\/arquivo\\\/corrupcao-no-dep-desviou-mais-de-r-10-milhoes-em-cinco-anos\\\/#mainImage\"},\"datePublished\":\"2017-07-24T09:54:09-03:00\",\"dateModified\":\"2017-07-24T09:54:09-03:00\"},{\"@type\":\"WebSite\",\"@id\":\"https:\\\/\\\/www.jornalja.com.br\\\/arquivo\\\/#website\",\"url\":\"https:\\\/\\\/www.jornalja.com.br\\\/arquivo\\\/\",\"name\":\"Arquivo\",\"description\":\"Jornal J\\u00c1 | Porto Alegre\",\"inLanguage\":\"pt-BR\",\"publisher\":{\"@id\":\"https:\\\/\\\/www.jornalja.com.br\\\/arquivo\\\/#organization\"}}]}\n\t\t<\/script>\n\t\t<!-- All in One SEO -->\n\n","aioseo_head_json":{"title":"Corrup\u00e7\u00e3o no DEP desviou mais de R$ 10 milh\u00f5es em cinco anos | Arquivo","description":"","canonical_url":"https:\/\/www.jornalja.com.br\/arquivo\/corrupcao-no-dep-desviou-mais-de-r-10-milhoes-em-cinco-anos\/","robots":"max-image-preview:large","keywords":"","webmasterTools":{"miscellaneous":""},"schema":{"@context":"https:\/\/schema.org","@graph":[{"@type":"BlogPosting","@id":"https:\/\/www.jornalja.com.br\/arquivo\/corrupcao-no-dep-desviou-mais-de-r-10-milhoes-em-cinco-anos\/#blogposting","name":"Corrup\u00e7\u00e3o no DEP desviou mais de R$ 10 milh\u00f5es em cinco anos | Arquivo","headline":"Corrup\u00e7\u00e3o no DEP desviou mais de R$ 10 milh\u00f5es em cinco anos","author":{"@id":"https:\/\/www.jornalja.com.br\/arquivo\/author\/daredacao\/#author"},"publisher":{"@id":"https:\/\/www.jornalja.com.br\/arquivo\/#organization"},"image":{"@type":"ImageObject","url":52013},"datePublished":"2017-07-24T09:54:09-03:00","dateModified":"2017-07-24T09:54:09-03:00","inLanguage":"pt-BR","mainEntityOfPage":{"@id":"https:\/\/www.jornalja.com.br\/arquivo\/corrupcao-no-dep-desviou-mais-de-r-10-milhoes-em-cinco-anos\/#webpage"},"isPartOf":{"@id":"https:\/\/www.jornalja.com.br\/arquivo\/corrupcao-no-dep-desviou-mais-de-r-10-milhoes-em-cinco-anos\/#webpage"},"articleSection":"Geral"},{"@type":"BreadcrumbList","@id":"https:\/\/www.jornalja.com.br\/arquivo\/corrupcao-no-dep-desviou-mais-de-r-10-milhoes-em-cinco-anos\/#breadcrumblist","itemListElement":[{"@type":"ListItem","@id":"https:\/\/www.jornalja.com.br\/arquivo#listItem","position":1,"name":"Home","item":"https:\/\/www.jornalja.com.br\/arquivo","nextItem":{"@type":"ListItem","@id":"https:\/\/www.jornalja.com.br\/arquivo\/category\/geral\/#listItem","name":"Geral"}},{"@type":"ListItem","@id":"https:\/\/www.jornalja.com.br\/arquivo\/category\/geral\/#listItem","position":2,"name":"Geral","item":"https:\/\/www.jornalja.com.br\/arquivo\/category\/geral\/","nextItem":{"@type":"ListItem","@id":"https:\/\/www.jornalja.com.br\/arquivo\/corrupcao-no-dep-desviou-mais-de-r-10-milhoes-em-cinco-anos\/#listItem","name":"Corrup\u00e7\u00e3o no DEP desviou mais de R$ 10 milh\u00f5es em cinco anos"},"previousItem":{"@type":"ListItem","@id":"https:\/\/www.jornalja.com.br\/arquivo#listItem","name":"Home"}},{"@type":"ListItem","@id":"https:\/\/www.jornalja.com.br\/arquivo\/corrupcao-no-dep-desviou-mais-de-r-10-milhoes-em-cinco-anos\/#listItem","position":3,"name":"Corrup\u00e7\u00e3o no DEP desviou mais de R$ 10 milh\u00f5es em cinco anos","previousItem":{"@type":"ListItem","@id":"https:\/\/www.jornalja.com.br\/arquivo\/category\/geral\/#listItem","name":"Geral"}}]},{"@type":"Organization","@id":"https:\/\/www.jornalja.com.br\/arquivo\/#organization","name":"Jornal J\u00c1","description":"Jornal J\u00c1 | Porto Alegre","url":"https:\/\/www.jornalja.com.br\/arquivo\/","telephone":"+555133307272","logo":{"@type":"ImageObject","url":"https:\/\/www.jornalja.com.br\/wp-content\/uploads\/cards\/JAslogan.png","@id":"https:\/\/www.jornalja.com.br\/arquivo\/corrupcao-no-dep-desviou-mais-de-r-10-milhoes-em-cinco-anos\/#organizationLogo"},"image":{"@id":"https:\/\/www.jornalja.com.br\/arquivo\/corrupcao-no-dep-desviou-mais-de-r-10-milhoes-em-cinco-anos\/#organizationLogo"}},{"@type":"Person","@id":"https:\/\/www.jornalja.com.br\/arquivo\/author\/daredacao\/#author","url":"https:\/\/www.jornalja.com.br\/arquivo\/author\/daredacao\/","name":"da Reda\u00e7\u00e3o","image":{"@type":"ImageObject","@id":"https:\/\/www.jornalja.com.br\/arquivo\/corrupcao-no-dep-desviou-mais-de-r-10-milhoes-em-cinco-anos\/#authorImage","url":"https:\/\/secure.gravatar.com\/avatar\/469fd857d6605ad19919d27ed29d35a968a25f6e8fd9318356bbb7f57aae9c65?s=96&d=mm&r=g","width":96,"height":96,"caption":"da Reda\u00e7\u00e3o"}},{"@type":"WebPage","@id":"https:\/\/www.jornalja.com.br\/arquivo\/corrupcao-no-dep-desviou-mais-de-r-10-milhoes-em-cinco-anos\/#webpage","url":"https:\/\/www.jornalja.com.br\/arquivo\/corrupcao-no-dep-desviou-mais-de-r-10-milhoes-em-cinco-anos\/","name":"Corrup\u00e7\u00e3o no DEP desviou mais de R$ 10 milh\u00f5es em cinco anos | Arquivo","inLanguage":"pt-BR","isPartOf":{"@id":"https:\/\/www.jornalja.com.br\/arquivo\/#website"},"breadcrumb":{"@id":"https:\/\/www.jornalja.com.br\/arquivo\/corrupcao-no-dep-desviou-mais-de-r-10-milhoes-em-cinco-anos\/#breadcrumblist"},"author":{"@id":"https:\/\/www.jornalja.com.br\/arquivo\/author\/daredacao\/#author"},"creator":{"@id":"https:\/\/www.jornalja.com.br\/arquivo\/author\/daredacao\/#author"},"image":{"@type":"ImageObject","url":52013,"@id":"https:\/\/www.jornalja.com.br\/arquivo\/corrupcao-no-dep-desviou-mais-de-r-10-milhoes-em-cinco-anos\/#mainImage"},"primaryImageOfPage":{"@id":"https:\/\/www.jornalja.com.br\/arquivo\/corrupcao-no-dep-desviou-mais-de-r-10-milhoes-em-cinco-anos\/#mainImage"},"datePublished":"2017-07-24T09:54:09-03:00","dateModified":"2017-07-24T09:54:09-03:00"},{"@type":"WebSite","@id":"https:\/\/www.jornalja.com.br\/arquivo\/#website","url":"https:\/\/www.jornalja.com.br\/arquivo\/","name":"Arquivo","description":"Jornal J\u00c1 | Porto Alegre","inLanguage":"pt-BR","publisher":{"@id":"https:\/\/www.jornalja.com.br\/arquivo\/#organization"}}]},"og:locale":"pt_BR","og:site_name":"Arquivo | Jornal J\u00c1 | Porto Alegre","og:type":"article","og:title":"Corrup\u00e7\u00e3o no DEP desviou mais de R$ 10 milh\u00f5es em cinco anos | Arquivo","og:url":"https:\/\/www.jornalja.com.br\/arquivo\/corrupcao-no-dep-desviou-mais-de-r-10-milhoes-em-cinco-anos\/","og:image":"https:\/\/www.jornalja.com.br\/wp-content\/uploads\/2017\/07\/20170724121342deat_deic-400x267.jpeg","og:image:secure_url":"https:\/\/www.jornalja.com.br\/wp-content\/uploads\/2017\/07\/20170724121342deat_deic-400x267.jpeg","article:published_time":"2017-07-24T12:54:09+00:00","article:modified_time":"2017-07-24T12:54:09+00:00","twitter:card":"summary","twitter:title":"Corrup\u00e7\u00e3o no DEP desviou mais de R$ 10 milh\u00f5es em cinco anos | Arquivo","twitter:image":"https:\/\/www.jornalja.com.br\/economics\/wp-content\/uploads\/sites\/11\/2026\/08\/ja-folhaderosto-facebook.jpg"},"aioseo_meta_data":{"post_id":"52009","title":null,"description":null,"keywords":null,"keyphrases":null,"primary_term":null,"canonical_url":null,"og_title":null,"og_description":null,"og_object_type":"default","og_image_type":"default","og_image_url":null,"og_image_width":null,"og_image_height":null,"og_image_custom_url":null,"og_image_custom_fields":null,"og_video":null,"og_custom_url":null,"og_article_section":null,"og_article_tags":null,"twitter_use_og":false,"twitter_card":"default","twitter_image_type":"default","twitter_image_url":null,"twitter_image_custom_url":null,"twitter_image_custom_fields":null,"twitter_title":null,"twitter_description":null,"schema":{"blockGraphs":[],"customGraphs":[],"default":{"data":{"Article":[],"Course":[],"Dataset":[],"FAQPage":[],"Movie":[],"Person":[],"Product":[],"ProductReview":[],"Car":[],"Recipe":[],"Service":[],"SoftwareApplication":[],"WebPage":[]},"graphName":"","isEnabled":true},"graphs":[]},"schema_type":null,"schema_type_options":null,"pillar_content":false,"robots_default":true,"robots_noindex":false,"robots_noarchive":false,"robots_nosnippet":false,"robots_nofollow":false,"robots_noimageindex":false,"robots_noodp":false,"robots_notranslate":false,"robots_max_snippet":null,"robots_max_videopreview":null,"robots_max_imagepreview":"large","priority":null,"frequency":null,"location":null,"local_seo":null,"breadcrumb_settings":null,"limit_modified_date":false,"ai":null,"created":"2020-12-20 20:29:05","updated":"2025-07-19 23:32:21","seo_analyzer_scan_date":null,"focus_keyword":null,"additional_keywords":null,"truseo_locale":null},"jetpack_sharing_enabled":true,"jetpack-related-posts":[{"id":5440,"url":"https:\/\/www.jornalja.com.br\/arquivo\/casarao-da-venancio-destino-permanece-incerto\/","url_meta":{"origin":52009,"position":0},"title":"Estado ainda n\u00e3o sabe o que fazer com casar\u00e3o abandonado h\u00e1 20 anos","author":"Elmar Bones","date":"6 de julho de 2009","format":false,"excerpt":"O casar\u00e3o amarelo, numa esquina nobre de Porto Alegre (Ven\u00e2ncio Aires com Jo\u00e3o Pessoa), j\u00e1 abrigou uma escola. H\u00e1 duas d\u00e9cadas, pelo menos, est\u00e1 abandonado, porque seu propriet\u00e1rio, o governo do Estado do Rio Grande do Sul, n\u00e3o consegue achar um destino para ele. Planos n\u00e3o faltaram. O governador Ol\u00edvio\u2026","rel":"","context":"Em &quot;X.Categorias velhas&quot;","block_context":{"text":"X.Categorias velhas","link":"https:\/\/www.jornalja.com.br\/arquivo\/category\/x-categorias-velhas\/"},"img":{"alt_text":"geraldo1","src":"https:\/\/i0.wp.com\/www.jornalja.com.br\/wp-content\/uploads\/2009\/07\/geraldo1.jpg?resize=350%2C200&ssl=1","width":350,"height":200},"classes":[]},{"id":14241,"url":"https:\/\/www.jornalja.com.br\/arquivo\/o-guaiba-nas-imagens-poeticas-de-achutti\/","url_meta":{"origin":52009,"position":1},"title":"O Gua\u00edba nas imagens po\u00e9ticas de Achutti","author":"da Reda\u00e7\u00e3o","date":"18 de junho de 2014","format":false,"excerpt":"Em \u201cO Gua\u00edba por Achutti\u201d \u2013 obra financiada via Minist\u00e9rio da Cultura, produ\u00e7\u00e3o executiva de Pedro Longhi, e Fl\u00e1vio Wild como designer \u2013, o fot\u00f3grafo revela a beleza e as mazelas de um espa\u00e7o aqu\u00e1tico de \u00e1guas sempre renovadas, cheio de hist\u00f3rias e lendas como as das cidades que foram\u2026","rel":"","context":"Em &quot;Cultura-Geral&quot;","block_context":{"text":"Cultura-Geral","link":"https:\/\/www.jornalja.com.br\/arquivo\/category\/materiasecundaria\/"},"img":{"alt_text":"","src":"","width":0,"height":0},"classes":[]},{"id":12960,"url":"https:\/\/www.jornalja.com.br\/arquivo\/populacao-culpa-empresas-pela-greve-dos-rodoviarios\/","url_meta":{"origin":52009,"position":2},"title":"Popula\u00e7\u00e3o culpa empresas pela greve","author":"Patr\u00edcia Marini","date":"14 de fevereiro de 2014","format":false,"excerpt":"Pesquisa divulgada na edi\u00e7\u00e3o do jornal Metro desta sexta-feira,14, comprova o velho ditado: \u00e9 poss\u00edvel enganar muitos por algum tempo, mas n\u00e3o \u00e9 poss\u00edvel enganar a todos o tempo inteiro. A principal revela\u00e7\u00e3o foi que 59,8% dos entrevistados apontaram as empresas como as principais respons\u00e1veis pela grave e 46% culparam\u2026","rel":"","context":"Em &quot;X.Categorias velhas&quot;","block_context":{"text":"X.Categorias velhas","link":"https:\/\/www.jornalja.com.br\/arquivo\/category\/x-categorias-velhas\/"},"img":{"alt_text":"","src":"","width":0,"height":0},"classes":[]},{"id":13240,"url":"https:\/\/www.jornalja.com.br\/arquivo\/plano-diretor-estamos-construindo-o-caos\/","url_meta":{"origin":52009,"position":3},"title":"Plano diretor: &quot;Estamos construindo o caos&quot;","author":"Patr\u00edcia Marini","date":"26 de maio de 2014","format":false,"excerpt":"Desabafo que arquiteta Eliana Castilhos, delegada da Regi\u00e3o de Planejamento 1, postou nas redes sociais \u00e9 um testemunho do ambiente que se criou no Conselho do Plano Diretor de Porto Alegre, onde a aprova\u00e7\u00e3o de grandes empreendimentos \u00e9 empurrada guela abaixo dos conselheiros. Ao CMDUA Como delegada da Regi\u00e3o de\u2026","rel":"","context":"Em &quot;Geral&quot;","block_context":{"text":"Geral","link":"https:\/\/www.jornalja.com.br\/arquivo\/category\/geral\/"},"img":{"alt_text":"","src":"","width":0,"height":0},"classes":[]},{"id":13128,"url":"https:\/\/www.jornalja.com.br\/arquivo\/maconha-terra-diz-que-uso-medicinal-e-desculpa\/","url_meta":{"origin":52009,"position":4},"title":"Maconha: Terra diz que uso medicinal \u00e9 desculpa","author":"Patr\u00edcia Marini","date":"4 de junho de 2014","format":false,"excerpt":"A condi\u00e7\u00e3o de pol\u00edtico, em \u00e9poca de campanha de campanha eleitoral, tira for\u00e7a do discurso do m\u00e9dico Osmar Terra contra a legaliza\u00e7\u00e3o da maconha. A tese dele de que a libera\u00e7\u00e3o vai ampliar exponencialmente o consumo \u00e9 discutivel, o consumo \u00e9 corrente. Mas seus alertas quanto aos riscos tem que\u2026","rel":"","context":"Em &quot;X.Categorias velhas&quot;","block_context":{"text":"X.Categorias velhas","link":"https:\/\/www.jornalja.com.br\/arquivo\/category\/x-categorias-velhas\/"},"img":{"alt_text":"","src":"","width":0,"height":0},"classes":[]},{"id":13124,"url":"https:\/\/www.jornalja.com.br\/arquivo\/sangue-latino-no-iecine\/","url_meta":{"origin":52009,"position":5},"title":"Sangue latino no IECINE","author":"da Reda\u00e7\u00e3o","date":"18 de maio de 2014","format":false,"excerpt":"Francisco Ribeiro O Instituto Estadual de Cinema (IECINE) tem a frente, desde abril \u00faltimo, um novo diretor, o cineasta colombiano Juan Zapata, 36, que substitui Luiz Alberto Cassol. Radicado h\u00e1 dez anos em Porto Alegre, Zapata tem diante de si o desafio de conduzir at\u00e9 o final do ano um\u2026","rel":"","context":"Em &quot;Cultura-Geral&quot;","block_context":{"text":"Cultura-Geral","link":"https:\/\/www.jornalja.com.br\/arquivo\/category\/materiasecundaria\/"},"img":{"alt_text":"","src":"","width":0,"height":0},"classes":[]}],"jetpack_shortlink":"https:\/\/wp.me\/pbQjBd-dwR","jetpack_featured_media_url":"","_links":{"self":[{"href":"https:\/\/www.jornalja.com.br\/arquivo\/wp-json\/wp\/v2\/posts\/52009","targetHints":{"allow":["GET"]}}],"collection":[{"href":"https:\/\/www.jornalja.com.br\/arquivo\/wp-json\/wp\/v2\/posts"}],"about":[{"href":"https:\/\/www.jornalja.com.br\/arquivo\/wp-json\/wp\/v2\/types\/post"}],"author":[{"embeddable":true,"href":"https:\/\/www.jornalja.com.br\/arquivo\/wp-json\/wp\/v2\/users\/4"}],"replies":[{"embeddable":true,"href":"https:\/\/www.jornalja.com.br\/arquivo\/wp-json\/wp\/v2\/comments?post=52009"}],"version-history":[{"count":0,"href":"https:\/\/www.jornalja.com.br\/arquivo\/wp-json\/wp\/v2\/posts\/52009\/revisions"}],"wp:attachment":[{"href":"https:\/\/www.jornalja.com.br\/arquivo\/wp-json\/wp\/v2\/media?parent=52009"}],"wp:term":[{"taxonomy":"category","embeddable":true,"href":"https:\/\/www.jornalja.com.br\/arquivo\/wp-json\/wp\/v2\/categories?post=52009"},{"taxonomy":"post_tag","embeddable":true,"href":"https:\/\/www.jornalja.com.br\/arquivo\/wp-json\/wp\/v2\/tags?post=52009"}],"curies":[{"name":"wp","href":"https:\/\/api.w.org\/{rel}","templated":true}]}}