{"id":52036,"date":"2017-07-24T16:21:10","date_gmt":"2017-07-24T19:21:10","guid":{"rendered":"https:\/\/www.jornalja.com.br\/?p=52036"},"modified":"2017-07-24T16:21:10","modified_gmt":"2017-07-24T19:21:10","slug":"abertas-inscricoes-para-%e2%80%8b%e2%80%8boficina-de-teatro-para-adolescentes","status":"publish","type":"post","link":"https:\/\/www.jornalja.com.br\/arquivo\/abertas-inscricoes-para-%e2%80%8b%e2%80%8boficina-de-teatro-para-adolescentes\/","title":{"rendered":"Abertas inscri\u00e7\u00f5es para \u200b\u200bOficina de Teatro para Adolescentes"},"content":{"rendered":"<p>J\u00e1 est\u00e3o abertas as inscri\u00e7\u00f5es para a Oficina de Teatro para Adolescentes da TrupeZonaDeTeatro., que ser\u00e3o ministradas pela profesora Giovanna Zottis.<br \/>\n<img loading=\"lazy\" decoding=\"async\" class=\"size-medium wp-image-52037 alignright\" src=\"https:\/\/www.jornalja.com.br\/wp-content\/uploads\/2017\/07\/oficina-gi-usina-2017-B-4-400x299.jpg\" alt=\"\" width=\"400\" height=\"299\" \/>As aulas tem car\u00e1ter pr\u00e1tico e ser\u00e3o abordados diversos conte\u00fados do trabalho do ator. A proposta da oficina \u00e9 criar um espa\u00e7o no qual o participante possa manifestar sua espontaneidade e criatividade, atrav\u00e9s do trabalho com jogos e exerc\u00edcios que promovem a integra\u00e7\u00e3o e estimulam o desenvolvimento da aten\u00e7\u00e3o, concentra\u00e7\u00e3o, mem\u00f3ria, imagina\u00e7\u00e3o e o trabalho em grupo, com o foco no fazer teatral. Ao final, o grupo far\u00e1 uma apresenta\u00e7\u00e3o aberta ao p\u00fablico.<br \/>\nInscri\u00e7\u00f5es e informa\u00e7\u00f5es\u00a0<a href=\"mailto:oficina@trupezonadeteatro.com\">oficina@trupezonadeteatro.com<\/a>\u00a0(assunto: oficina de teatro para adolescentes) ou atrav\u00e9s do telefone (51)99168 1401 (claro\/whatsapp).<br \/>\nInvestimento: 4X de R$150,00.<br \/>\nPr\u00e9-requisito: A partir de 13 anos.<\/p>\n","protected":false},"excerpt":{"rendered":"<p>J\u00e1 est\u00e3o abertas as inscri\u00e7\u00f5es para a Oficina de Teatro para Adolescentes da TrupeZonaDeTeatro., que ser\u00e3o ministradas pela profesora Giovanna Zottis. As aulas tem car\u00e1ter pr\u00e1tico e ser\u00e3o abordados diversos conte\u00fados do trabalho do ator. A proposta da oficina \u00e9 criar um espa\u00e7o no qual o participante possa manifestar sua espontaneidade e criatividade, atrav\u00e9s do [&hellip;]<\/p>\n","protected":false},"author":4,"featured_media":0,"comment_status":"open","ping_status":"closed","sticky":false,"template":"","format":"standard","meta":{"_jetpack_newsletter_access":"","_jetpack_dont_email_post_to_subs":false,"_jetpack_newsletter_tier_id":0,"_jetpack_memberships_contains_paywalled_content":false,"_jetpack_feature_clip_id":0,"_jetpack_memberships_contains_paid_content":false,"footnotes":"","jetpack_post_was_ever_published":false},"categories":[2017],"tags":[],"class_list":["post-52036","post","type-post","status-publish","format-standard","hentry","category-culturanotas"],"aioseo_notices":[],"aioseo_head":"\n\t\t<!-- All in One SEO 5.0.1.1 - aioseo.com -->\n\t<meta name=\"robots\" content=\"max-image-preview:large\" \/>\n\t<meta name=\"author\" content=\"da Reda\u00e7\u00e3o\"\/>\n\t<link rel=\"canonical\" href=\"https:\/\/www.jornalja.com.br\/arquivo\/abertas-inscricoes-para-%e2%80%8b%e2%80%8boficina-de-teatro-para-adolescentes\/\" \/>\n\t<meta name=\"generator\" content=\"All in One SEO (AIOSEO) 5.0.1.1\" \/>\n\t\t<meta property=\"og:locale\" content=\"pt_BR\" \/>\n\t\t<meta property=\"og:site_name\" content=\"Arquivo | Jornal J\u00c1 | Porto Alegre\" \/>\n\t\t<meta property=\"og:type\" content=\"article\" \/>\n\t\t<meta property=\"og:title\" content=\"Abertas inscri\u00e7\u00f5es para \u200b\u200bOficina de Teatro para Adolescentes | Arquivo\" \/>\n\t\t<meta property=\"og:url\" content=\"https:\/\/www.jornalja.com.br\/arquivo\/abertas-inscricoes-para-%e2%80%8b%e2%80%8boficina-de-teatro-para-adolescentes\/\" \/>\n\t\t<meta property=\"og:image\" content=\"https:\/\/www.jornalja.com.br\/wp-content\/uploads\/2017\/07\/oficina-gi-usina-2017-B-4-400x299.jpg\" \/>\n\t\t<meta property=\"og:image:secure_url\" content=\"https:\/\/www.jornalja.com.br\/wp-content\/uploads\/2017\/07\/oficina-gi-usina-2017-B-4-400x299.jpg\" \/>\n\t\t<meta property=\"article:published_time\" content=\"2017-07-24T19:21:10+00:00\" \/>\n\t\t<meta property=\"article:modified_time\" content=\"2017-07-24T19:21:10+00:00\" \/>\n\t\t<meta name=\"twitter:card\" content=\"summary\" \/>\n\t\t<meta name=\"twitter:title\" content=\"Abertas inscri\u00e7\u00f5es para \u200b\u200bOficina de Teatro para Adolescentes | Arquivo\" \/>\n\t\t<meta name=\"twitter:image\" content=\"https:\/\/www.jornalja.com.br\/economics\/wp-content\/uploads\/sites\/11\/2026\/08\/ja-folhaderosto-facebook.jpg\" \/>\n\t\t<script type=\"application\/ld+json\" class=\"aioseo-schema\">\n\t\t\t{\"@context\":\"https:\\\/\\\/schema.org\",\"@graph\":[{\"@type\":\"BlogPosting\",\"@id\":\"https:\\\/\\\/www.jornalja.com.br\\\/arquivo\\\/abertas-inscricoes-para-%e2%80%8b%e2%80%8boficina-de-teatro-para-adolescentes\\\/#blogposting\",\"name\":\"Abertas inscri\\u00e7\\u00f5es para \\u200b\\u200bOficina de Teatro para Adolescentes | Arquivo\",\"headline\":\"Abertas inscri\\u00e7\\u00f5es para \\u200b\\u200bOficina de Teatro para Adolescentes\",\"author\":{\"@id\":\"https:\\\/\\\/www.jornalja.com.br\\\/arquivo\\\/author\\\/daredacao\\\/#author\"},\"publisher\":{\"@id\":\"https:\\\/\\\/www.jornalja.com.br\\\/arquivo\\\/#organization\"},\"image\":{\"@type\":\"ImageObject\",\"url\":\"https:\\\/\\\/www.jornalja.com.br\\\/wp-content\\\/uploads\\\/2017\\\/07\\\/oficina-gi-usina-2017-B-4-400x299.jpg\",\"@id\":\"https:\\\/\\\/www.jornalja.com.br\\\/arquivo\\\/abertas-inscricoes-para-%e2%80%8b%e2%80%8boficina-de-teatro-para-adolescentes\\\/#articleImage\"},\"datePublished\":\"2017-07-24T16:21:10-03:00\",\"dateModified\":\"2017-07-24T16:21:10-03:00\",\"inLanguage\":\"pt-BR\",\"mainEntityOfPage\":{\"@id\":\"https:\\\/\\\/www.jornalja.com.br\\\/arquivo\\\/abertas-inscricoes-para-%e2%80%8b%e2%80%8boficina-de-teatro-para-adolescentes\\\/#webpage\"},\"isPartOf\":{\"@id\":\"https:\\\/\\\/www.jornalja.com.br\\\/arquivo\\\/abertas-inscricoes-para-%e2%80%8b%e2%80%8boficina-de-teatro-para-adolescentes\\\/#webpage\"},\"articleSection\":\"Cultura-notas\"},{\"@type\":\"BreadcrumbList\",\"@id\":\"https:\\\/\\\/www.jornalja.com.br\\\/arquivo\\\/abertas-inscricoes-para-%e2%80%8b%e2%80%8boficina-de-teatro-para-adolescentes\\\/#breadcrumblist\",\"itemListElement\":[{\"@type\":\"ListItem\",\"@id\":\"https:\\\/\\\/www.jornalja.com.br\\\/arquivo#listItem\",\"position\":1,\"name\":\"Home\",\"item\":\"https:\\\/\\\/www.jornalja.com.br\\\/arquivo\",\"nextItem\":{\"@type\":\"ListItem\",\"@id\":\"https:\\\/\\\/www.jornalja.com.br\\\/arquivo\\\/category\\\/culturanotas\\\/#listItem\",\"name\":\"Cultura-notas\"}},{\"@type\":\"ListItem\",\"@id\":\"https:\\\/\\\/www.jornalja.com.br\\\/arquivo\\\/category\\\/culturanotas\\\/#listItem\",\"position\":2,\"name\":\"Cultura-notas\",\"item\":\"https:\\\/\\\/www.jornalja.com.br\\\/arquivo\\\/category\\\/culturanotas\\\/\",\"nextItem\":{\"@type\":\"ListItem\",\"@id\":\"https:\\\/\\\/www.jornalja.com.br\\\/arquivo\\\/abertas-inscricoes-para-%e2%80%8b%e2%80%8boficina-de-teatro-para-adolescentes\\\/#listItem\",\"name\":\"Abertas inscri\\u00e7\\u00f5es para \\u200b\\u200bOficina de Teatro para Adolescentes\"},\"previousItem\":{\"@type\":\"ListItem\",\"@id\":\"https:\\\/\\\/www.jornalja.com.br\\\/arquivo#listItem\",\"name\":\"Home\"}},{\"@type\":\"ListItem\",\"@id\":\"https:\\\/\\\/www.jornalja.com.br\\\/arquivo\\\/abertas-inscricoes-para-%e2%80%8b%e2%80%8boficina-de-teatro-para-adolescentes\\\/#listItem\",\"position\":3,\"name\":\"Abertas inscri\\u00e7\\u00f5es para \\u200b\\u200bOficina de Teatro para Adolescentes\",\"previousItem\":{\"@type\":\"ListItem\",\"@id\":\"https:\\\/\\\/www.jornalja.com.br\\\/arquivo\\\/category\\\/culturanotas\\\/#listItem\",\"name\":\"Cultura-notas\"}}]},{\"@type\":\"Organization\",\"@id\":\"https:\\\/\\\/www.jornalja.com.br\\\/arquivo\\\/#organization\",\"name\":\"Jornal J\\u00c1\",\"description\":\"Jornal J\\u00c1 | Porto Alegre\",\"url\":\"https:\\\/\\\/www.jornalja.com.br\\\/arquivo\\\/\",\"telephone\":\"+555133307272\",\"logo\":{\"@type\":\"ImageObject\",\"url\":\"https:\\\/\\\/www.jornalja.com.br\\\/wp-content\\\/uploads\\\/cards\\\/JAslogan.png\",\"@id\":\"https:\\\/\\\/www.jornalja.com.br\\\/arquivo\\\/abertas-inscricoes-para-%e2%80%8b%e2%80%8boficina-de-teatro-para-adolescentes\\\/#organizationLogo\"},\"image\":{\"@id\":\"https:\\\/\\\/www.jornalja.com.br\\\/arquivo\\\/abertas-inscricoes-para-%e2%80%8b%e2%80%8boficina-de-teatro-para-adolescentes\\\/#organizationLogo\"}},{\"@type\":\"Person\",\"@id\":\"https:\\\/\\\/www.jornalja.com.br\\\/arquivo\\\/author\\\/daredacao\\\/#author\",\"url\":\"https:\\\/\\\/www.jornalja.com.br\\\/arquivo\\\/author\\\/daredacao\\\/\",\"name\":\"da Reda\\u00e7\\u00e3o\",\"image\":{\"@type\":\"ImageObject\",\"@id\":\"https:\\\/\\\/www.jornalja.com.br\\\/arquivo\\\/abertas-inscricoes-para-%e2%80%8b%e2%80%8boficina-de-teatro-para-adolescentes\\\/#authorImage\",\"url\":\"https:\\\/\\\/secure.gravatar.com\\\/avatar\\\/469fd857d6605ad19919d27ed29d35a968a25f6e8fd9318356bbb7f57aae9c65?s=96&d=mm&r=g\",\"width\":96,\"height\":96,\"caption\":\"da Reda\\u00e7\\u00e3o\"}},{\"@type\":\"WebPage\",\"@id\":\"https:\\\/\\\/www.jornalja.com.br\\\/arquivo\\\/abertas-inscricoes-para-%e2%80%8b%e2%80%8boficina-de-teatro-para-adolescentes\\\/#webpage\",\"url\":\"https:\\\/\\\/www.jornalja.com.br\\\/arquivo\\\/abertas-inscricoes-para-%e2%80%8b%e2%80%8boficina-de-teatro-para-adolescentes\\\/\",\"name\":\"Abertas inscri\\u00e7\\u00f5es para \\u200b\\u200bOficina de Teatro para Adolescentes | Arquivo\",\"inLanguage\":\"pt-BR\",\"isPartOf\":{\"@id\":\"https:\\\/\\\/www.jornalja.com.br\\\/arquivo\\\/#website\"},\"breadcrumb\":{\"@id\":\"https:\\\/\\\/www.jornalja.com.br\\\/arquivo\\\/abertas-inscricoes-para-%e2%80%8b%e2%80%8boficina-de-teatro-para-adolescentes\\\/#breadcrumblist\"},\"author\":{\"@id\":\"https:\\\/\\\/www.jornalja.com.br\\\/arquivo\\\/author\\\/daredacao\\\/#author\"},\"creator\":{\"@id\":\"https:\\\/\\\/www.jornalja.com.br\\\/arquivo\\\/author\\\/daredacao\\\/#author\"},\"datePublished\":\"2017-07-24T16:21:10-03:00\",\"dateModified\":\"2017-07-24T16:21:10-03:00\"},{\"@type\":\"WebSite\",\"@id\":\"https:\\\/\\\/www.jornalja.com.br\\\/arquivo\\\/#website\",\"url\":\"https:\\\/\\\/www.jornalja.com.br\\\/arquivo\\\/\",\"name\":\"Arquivo\",\"description\":\"Jornal J\\u00c1 | Porto Alegre\",\"inLanguage\":\"pt-BR\",\"publisher\":{\"@id\":\"https:\\\/\\\/www.jornalja.com.br\\\/arquivo\\\/#organization\"}}]}\n\t\t<\/script>\n\t\t<!-- All in One SEO -->\n\n","aioseo_head_json":{"title":"Abertas inscri\u00e7\u00f5es para \u200b\u200bOficina de Teatro para Adolescentes | Arquivo","description":"","canonical_url":"https:\/\/www.jornalja.com.br\/arquivo\/abertas-inscricoes-para-%e2%80%8b%e2%80%8boficina-de-teatro-para-adolescentes\/","robots":"max-image-preview:large","keywords":"","webmasterTools":{"miscellaneous":""},"schema":{"@context":"https:\/\/schema.org","@graph":[{"@type":"BlogPosting","@id":"https:\/\/www.jornalja.com.br\/arquivo\/abertas-inscricoes-para-%e2%80%8b%e2%80%8boficina-de-teatro-para-adolescentes\/#blogposting","name":"Abertas inscri\u00e7\u00f5es para \u200b\u200bOficina de Teatro para Adolescentes | Arquivo","headline":"Abertas inscri\u00e7\u00f5es para \u200b\u200bOficina de Teatro para Adolescentes","author":{"@id":"https:\/\/www.jornalja.com.br\/arquivo\/author\/daredacao\/#author"},"publisher":{"@id":"https:\/\/www.jornalja.com.br\/arquivo\/#organization"},"image":{"@type":"ImageObject","url":"https:\/\/www.jornalja.com.br\/wp-content\/uploads\/2017\/07\/oficina-gi-usina-2017-B-4-400x299.jpg","@id":"https:\/\/www.jornalja.com.br\/arquivo\/abertas-inscricoes-para-%e2%80%8b%e2%80%8boficina-de-teatro-para-adolescentes\/#articleImage"},"datePublished":"2017-07-24T16:21:10-03:00","dateModified":"2017-07-24T16:21:10-03:00","inLanguage":"pt-BR","mainEntityOfPage":{"@id":"https:\/\/www.jornalja.com.br\/arquivo\/abertas-inscricoes-para-%e2%80%8b%e2%80%8boficina-de-teatro-para-adolescentes\/#webpage"},"isPartOf":{"@id":"https:\/\/www.jornalja.com.br\/arquivo\/abertas-inscricoes-para-%e2%80%8b%e2%80%8boficina-de-teatro-para-adolescentes\/#webpage"},"articleSection":"Cultura-notas"},{"@type":"BreadcrumbList","@id":"https:\/\/www.jornalja.com.br\/arquivo\/abertas-inscricoes-para-%e2%80%8b%e2%80%8boficina-de-teatro-para-adolescentes\/#breadcrumblist","itemListElement":[{"@type":"ListItem","@id":"https:\/\/www.jornalja.com.br\/arquivo#listItem","position":1,"name":"Home","item":"https:\/\/www.jornalja.com.br\/arquivo","nextItem":{"@type":"ListItem","@id":"https:\/\/www.jornalja.com.br\/arquivo\/category\/culturanotas\/#listItem","name":"Cultura-notas"}},{"@type":"ListItem","@id":"https:\/\/www.jornalja.com.br\/arquivo\/category\/culturanotas\/#listItem","position":2,"name":"Cultura-notas","item":"https:\/\/www.jornalja.com.br\/arquivo\/category\/culturanotas\/","nextItem":{"@type":"ListItem","@id":"https:\/\/www.jornalja.com.br\/arquivo\/abertas-inscricoes-para-%e2%80%8b%e2%80%8boficina-de-teatro-para-adolescentes\/#listItem","name":"Abertas inscri\u00e7\u00f5es para \u200b\u200bOficina de Teatro para Adolescentes"},"previousItem":{"@type":"ListItem","@id":"https:\/\/www.jornalja.com.br\/arquivo#listItem","name":"Home"}},{"@type":"ListItem","@id":"https:\/\/www.jornalja.com.br\/arquivo\/abertas-inscricoes-para-%e2%80%8b%e2%80%8boficina-de-teatro-para-adolescentes\/#listItem","position":3,"name":"Abertas inscri\u00e7\u00f5es para \u200b\u200bOficina de Teatro para Adolescentes","previousItem":{"@type":"ListItem","@id":"https:\/\/www.jornalja.com.br\/arquivo\/category\/culturanotas\/#listItem","name":"Cultura-notas"}}]},{"@type":"Organization","@id":"https:\/\/www.jornalja.com.br\/arquivo\/#organization","name":"Jornal J\u00c1","description":"Jornal J\u00c1 | Porto Alegre","url":"https:\/\/www.jornalja.com.br\/arquivo\/","telephone":"+555133307272","logo":{"@type":"ImageObject","url":"https:\/\/www.jornalja.com.br\/wp-content\/uploads\/cards\/JAslogan.png","@id":"https:\/\/www.jornalja.com.br\/arquivo\/abertas-inscricoes-para-%e2%80%8b%e2%80%8boficina-de-teatro-para-adolescentes\/#organizationLogo"},"image":{"@id":"https:\/\/www.jornalja.com.br\/arquivo\/abertas-inscricoes-para-%e2%80%8b%e2%80%8boficina-de-teatro-para-adolescentes\/#organizationLogo"}},{"@type":"Person","@id":"https:\/\/www.jornalja.com.br\/arquivo\/author\/daredacao\/#author","url":"https:\/\/www.jornalja.com.br\/arquivo\/author\/daredacao\/","name":"da Reda\u00e7\u00e3o","image":{"@type":"ImageObject","@id":"https:\/\/www.jornalja.com.br\/arquivo\/abertas-inscricoes-para-%e2%80%8b%e2%80%8boficina-de-teatro-para-adolescentes\/#authorImage","url":"https:\/\/secure.gravatar.com\/avatar\/469fd857d6605ad19919d27ed29d35a968a25f6e8fd9318356bbb7f57aae9c65?s=96&d=mm&r=g","width":96,"height":96,"caption":"da Reda\u00e7\u00e3o"}},{"@type":"WebPage","@id":"https:\/\/www.jornalja.com.br\/arquivo\/abertas-inscricoes-para-%e2%80%8b%e2%80%8boficina-de-teatro-para-adolescentes\/#webpage","url":"https:\/\/www.jornalja.com.br\/arquivo\/abertas-inscricoes-para-%e2%80%8b%e2%80%8boficina-de-teatro-para-adolescentes\/","name":"Abertas inscri\u00e7\u00f5es para \u200b\u200bOficina de Teatro para Adolescentes | Arquivo","inLanguage":"pt-BR","isPartOf":{"@id":"https:\/\/www.jornalja.com.br\/arquivo\/#website"},"breadcrumb":{"@id":"https:\/\/www.jornalja.com.br\/arquivo\/abertas-inscricoes-para-%e2%80%8b%e2%80%8boficina-de-teatro-para-adolescentes\/#breadcrumblist"},"author":{"@id":"https:\/\/www.jornalja.com.br\/arquivo\/author\/daredacao\/#author"},"creator":{"@id":"https:\/\/www.jornalja.com.br\/arquivo\/author\/daredacao\/#author"},"datePublished":"2017-07-24T16:21:10-03:00","dateModified":"2017-07-24T16:21:10-03:00"},{"@type":"WebSite","@id":"https:\/\/www.jornalja.com.br\/arquivo\/#website","url":"https:\/\/www.jornalja.com.br\/arquivo\/","name":"Arquivo","description":"Jornal J\u00c1 | Porto Alegre","inLanguage":"pt-BR","publisher":{"@id":"https:\/\/www.jornalja.com.br\/arquivo\/#organization"}}]},"og:locale":"pt_BR","og:site_name":"Arquivo | Jornal J\u00c1 | Porto Alegre","og:type":"article","og:title":"Abertas inscri\u00e7\u00f5es para \u200b\u200bOficina de Teatro para Adolescentes | Arquivo","og:url":"https:\/\/www.jornalja.com.br\/arquivo\/abertas-inscricoes-para-%e2%80%8b%e2%80%8boficina-de-teatro-para-adolescentes\/","og:image":"https:\/\/www.jornalja.com.br\/wp-content\/uploads\/2017\/07\/oficina-gi-usina-2017-B-4-400x299.jpg","og:image:secure_url":"https:\/\/www.jornalja.com.br\/wp-content\/uploads\/2017\/07\/oficina-gi-usina-2017-B-4-400x299.jpg","article:published_time":"2017-07-24T19:21:10+00:00","article:modified_time":"2017-07-24T19:21:10+00:00","twitter:card":"summary","twitter:title":"Abertas inscri\u00e7\u00f5es para \u200b\u200bOficina de Teatro para Adolescentes | Arquivo","twitter:image":"https:\/\/www.jornalja.com.br\/economics\/wp-content\/uploads\/sites\/11\/2026\/08\/ja-folhaderosto-facebook.jpg"},"aioseo_meta_data":{"post_id":"52036","title":null,"description":null,"keywords":null,"keyphrases":null,"primary_term":null,"canonical_url":null,"og_title":null,"og_description":null,"og_object_type":"default","og_image_type":"default","og_image_url":null,"og_image_width":null,"og_image_height":null,"og_image_custom_url":null,"og_image_custom_fields":null,"og_video":null,"og_custom_url":null,"og_article_section":null,"og_article_tags":null,"twitter_use_og":false,"twitter_card":"default","twitter_image_type":"default","twitter_image_url":null,"twitter_image_custom_url":null,"twitter_image_custom_fields":null,"twitter_title":null,"twitter_description":null,"schema":{"blockGraphs":[],"customGraphs":[],"default":{"data":{"Article":[],"Course":[],"Dataset":[],"FAQPage":[],"Movie":[],"Person":[],"Product":[],"ProductReview":[],"Car":[],"Recipe":[],"Service":[],"SoftwareApplication":[],"WebPage":[]},"graphName":"","isEnabled":true},"graphs":[]},"schema_type":null,"schema_type_options":null,"pillar_content":false,"robots_default":true,"robots_noindex":false,"robots_noarchive":false,"robots_nosnippet":false,"robots_nofollow":false,"robots_noimageindex":false,"robots_noodp":false,"robots_notranslate":false,"robots_max_snippet":null,"robots_max_videopreview":null,"robots_max_imagepreview":"large","priority":null,"frequency":null,"location":null,"local_seo":null,"breadcrumb_settings":null,"limit_modified_date":false,"ai":null,"created":"2020-12-20 20:29:05","updated":"2025-07-19 23:34:08","seo_analyzer_scan_date":null,"focus_keyword":null,"additional_keywords":null,"truseo_locale":null},"jetpack_sharing_enabled":true,"jetpack-related-posts":[{"id":1280,"url":"https:\/\/www.jornalja.com.br\/arquivo\/o-menino-que-se-tornou-brizola\/","url_meta":{"origin":52036,"position":0},"title":"O Menino que se Tornou Brizola","author":"da Reda\u00e7\u00e3o","date":"28 de julho de 2008","format":false,"excerpt":"Autor: Cleber Dioni A vida de Leonel Brizola, com \u00eanfase para os primeiros anos em Porto Alegre, at\u00e9 o ex\u00edlio no Uruguai e a volta, quinze anos depois. \u00a0\"...\u00c9ramos todos jovens e nos identific\u00e1vamos com aquela massa an\u00f4nima a percorrer as ruas de Porto Alegre, gritando 'Get\u00falio', 'Get\u00falio' e empunhando\u2026","rel":"","context":"Em &quot;Livros&quot;","block_context":{"text":"Livros","link":"https:\/\/www.jornalja.com.br\/arquivo\/category\/livros\/"},"img":{"alt_text":"","src":"https:\/\/i0.wp.com\/www.jornalja.com.br\/wp-content\/uploads\/2008\/07\/brizola.gif?resize=350%2C200&ssl=1","width":350,"height":200},"classes":[]},{"id":14241,"url":"https:\/\/www.jornalja.com.br\/arquivo\/o-guaiba-nas-imagens-poeticas-de-achutti\/","url_meta":{"origin":52036,"position":1},"title":"O Gua\u00edba nas imagens po\u00e9ticas de Achutti","author":"da Reda\u00e7\u00e3o","date":"18 de junho de 2014","format":false,"excerpt":"Em \u201cO Gua\u00edba por Achutti\u201d \u2013 obra financiada via Minist\u00e9rio da Cultura, produ\u00e7\u00e3o executiva de Pedro Longhi, e Fl\u00e1vio Wild como designer \u2013, o fot\u00f3grafo revela a beleza e as mazelas de um espa\u00e7o aqu\u00e1tico de \u00e1guas sempre renovadas, cheio de hist\u00f3rias e lendas como as das cidades que foram\u2026","rel":"","context":"Em &quot;Cultura-Geral&quot;","block_context":{"text":"Cultura-Geral","link":"https:\/\/www.jornalja.com.br\/arquivo\/category\/materiasecundaria\/"},"img":{"alt_text":"","src":"","width":0,"height":0},"classes":[]},{"id":13124,"url":"https:\/\/www.jornalja.com.br\/arquivo\/sangue-latino-no-iecine\/","url_meta":{"origin":52036,"position":2},"title":"Sangue latino no IECINE","author":"da Reda\u00e7\u00e3o","date":"18 de maio de 2014","format":false,"excerpt":"Francisco Ribeiro O Instituto Estadual de Cinema (IECINE) tem a frente, desde abril \u00faltimo, um novo diretor, o cineasta colombiano Juan Zapata, 36, que substitui Luiz Alberto Cassol. Radicado h\u00e1 dez anos em Porto Alegre, Zapata tem diante de si o desafio de conduzir at\u00e9 o final do ano um\u2026","rel":"","context":"Em &quot;Cultura-Geral&quot;","block_context":{"text":"Cultura-Geral","link":"https:\/\/www.jornalja.com.br\/arquivo\/category\/materiasecundaria\/"},"img":{"alt_text":"","src":"","width":0,"height":0},"classes":[]},{"id":13101,"url":"https:\/\/www.jornalja.com.br\/arquivo\/morre-um-guerreiro-do-texto\/","url_meta":{"origin":52036,"position":3},"title":"Morre um guerreiro do texto","author":"Patr\u00edcia Marini","date":"14 de maio de 2014","format":false,"excerpt":"Por Ricardo Kotscho Reproduzido do blog do autor, 11\/5\/2014; t\u00edtulo original \u201cE l\u00e1 se foi o nosso Myltainho, guerreiro do texto\u201d. Mi\u00fado e franzino, meu amigo Myltainho era um valente e inconformado guerreiro na luta contra as injusti\u00e7as sociais, a hipocrisia, as maracutaias, o autoritarismo, a intoler\u00e2ncia, a viol\u00eancia, o\u2026","rel":"","context":"Em &quot;Geral&quot;","block_context":{"text":"Geral","link":"https:\/\/www.jornalja.com.br\/arquivo\/category\/geral\/"},"img":{"alt_text":"","src":"","width":0,"height":0},"classes":[]},{"id":13239,"url":"https:\/\/www.jornalja.com.br\/arquivo\/conselho-desdenha-do-plano-diretor\/","url_meta":{"origin":52036,"position":4},"title":"Porto Alegre: Conselho detona Plano Diretor","author":"Patr\u00edcia Marini","date":"25 de maio de 2014","format":false,"excerpt":"Den\u00fancia do arquiteto e \u00a0urbanista Ibir\u00e1 Santos Lucas. Ele diz que os conselheiros est\u00e3o votando com \"enorme irresponsabilidade\". \"Mudam regime com a maior naturalidade,,,regularizam absurdos de constru\u00e7\u00f5es irregulares... \"O CMDUA est\u00e1 flexibilizando a lei do plano diretor, de uma forma impactante na vida da cidade. Mudam regime com a maior\u2026","rel":"","context":"Em &quot;Geral&quot;","block_context":{"text":"Geral","link":"https:\/\/www.jornalja.com.br\/arquivo\/category\/geral\/"},"img":{"alt_text":"","src":"","width":0,"height":0},"classes":[]},{"id":13109,"url":"https:\/\/www.jornalja.com.br\/arquivo\/judiciario-reconhece-poluicao-eletromagnetica\/","url_meta":{"origin":52036,"position":5},"title":"Judici\u00e1rio reconhece polui\u00e7\u00e3o eletromagn\u00e9tica","author":"Patr\u00edcia Marini","date":"16 de maio de 2014","format":false,"excerpt":"A\u00e7\u00e3o de duas associa\u00e7\u00f5es de moradores foi acolhida pelo Tribunal de Justi\u00e7a de S\u00e3o Paulo que. em decis\u00e3o in\u00e9dita, determinou a redu\u00e7\u00e3o do campo eletromagn\u00e9tico gerado pelas linhas de transmiss\u00e3o de energia que cortam os bairros City Boa\u00e7ava e Alto de Pinheiros. \u00c9 a primeira vez que um tribunal do\u2026","rel":"","context":"Em &quot;X.Categorias velhas&quot;","block_context":{"text":"X.Categorias velhas","link":"https:\/\/www.jornalja.com.br\/arquivo\/category\/x-categorias-velhas\/"},"img":{"alt_text":"","src":"","width":0,"height":0},"classes":[]}],"jetpack_shortlink":"https:\/\/wp.me\/pbQjBd-dxi","jetpack_featured_media_url":"","_links":{"self":[{"href":"https:\/\/www.jornalja.com.br\/arquivo\/wp-json\/wp\/v2\/posts\/52036","targetHints":{"allow":["GET"]}}],"collection":[{"href":"https:\/\/www.jornalja.com.br\/arquivo\/wp-json\/wp\/v2\/posts"}],"about":[{"href":"https:\/\/www.jornalja.com.br\/arquivo\/wp-json\/wp\/v2\/types\/post"}],"author":[{"embeddable":true,"href":"https:\/\/www.jornalja.com.br\/arquivo\/wp-json\/wp\/v2\/users\/4"}],"replies":[{"embeddable":true,"href":"https:\/\/www.jornalja.com.br\/arquivo\/wp-json\/wp\/v2\/comments?post=52036"}],"version-history":[{"count":0,"href":"https:\/\/www.jornalja.com.br\/arquivo\/wp-json\/wp\/v2\/posts\/52036\/revisions"}],"wp:attachment":[{"href":"https:\/\/www.jornalja.com.br\/arquivo\/wp-json\/wp\/v2\/media?parent=52036"}],"wp:term":[{"taxonomy":"category","embeddable":true,"href":"https:\/\/www.jornalja.com.br\/arquivo\/wp-json\/wp\/v2\/categories?post=52036"},{"taxonomy":"post_tag","embeddable":true,"href":"https:\/\/www.jornalja.com.br\/arquivo\/wp-json\/wp\/v2\/tags?post=52036"}],"curies":[{"name":"wp","href":"https:\/\/api.w.org\/{rel}","templated":true}]}}