{"id":52039,"date":"2017-07-24T17:02:17","date_gmt":"2017-07-24T20:02:17","guid":{"rendered":"https:\/\/www.jornalja.com.br\/?p=52039"},"modified":"2017-07-24T17:02:17","modified_gmt":"2017-07-24T20:02:17","slug":"mae-de-deus-e-o-1o-hospital-da-america-do-sul-a-utilizar-plataforma-de-inteligencia-artificial-contra-o-cancer","status":"publish","type":"post","link":"https:\/\/www.jornalja.com.br\/arquivo\/mae-de-deus-e-o-1o-hospital-da-america-do-sul-a-utilizar-plataforma-de-inteligencia-artificial-contra-o-cancer\/","title":{"rendered":"M\u00e3e de Deus \u00e9 o 1\u00ba hospital da Am\u00e9rica do Sul a utilizar intelig\u00eancia artificial contra o c\u00e2ncer"},"content":{"rendered":"<p>O Hospital do C\u00e2ncer M\u00e3e de Deus traz \u00e0 capital ga\u00facha uma tecnologia de vanguarda que abrevia a busca pelo melhor tratamento poss\u00edvel do c\u00e2ncer, fortalecendo a rela\u00e7\u00e3o do m\u00e9dico com seu paciente. A institui\u00e7\u00e3o \u00e9 a primeira da Am\u00e9rica do Sul a utilizar a plataforma de intelig\u00eancia artificial Watson for Oncology, desenvolvida pela IBM.<br \/>\nA novidade faz parte de uma s\u00e9rie de investimentos que ser\u00e3o apresentados junto \u00e0 entrega oficial da primeira fase do hospital.<br \/>\nO Watson, plataforma de computa\u00e7\u00e3o cognitiva em nuvem da IBM, analisa grandes volumes de dados a fim de apontar alternativas individualizadas e orientadas ao perfil de cada paciente diagnosticado com c\u00e2ncer. Este levantamento considera informa\u00e7\u00f5es cl\u00ednicas, hist\u00f3rico e resultados de exames, fornecidos pelo m\u00e9dico diretamente no sistema. A partir disso, o Watson informa a relev\u00e2ncia de cada tratamento identificado e fornece links de apoio para essas alternativas, incluindo pontos importantes como medicamentos e poss\u00edveis efeitos colaterais. Deste modo, a solu\u00e7\u00e3o auxilia e qualifica a decis\u00e3o do oncologista pelo melhor tratamento dispon\u00edvel \u00e0 demanda.<br \/>\nNo Hospital do C\u00e2ncer M\u00e3e de Deus, os m\u00e9dicos poder\u00e3o utilizar a solu\u00e7\u00e3o para obter informa\u00e7\u00f5es sobre tratamentos de sete tipos de c\u00e2ncer: colo do \u00fatero, pulm\u00e3o, mama, intestino, reto, est\u00f4mago e ov\u00e1rio.<br \/>\nAt\u00e9 o fim do ano, a plataforma deve contar com 18 categorias da doen\u00e7a catalogadas. \u201cEsta \u00e9 mais uma novidade que evidencia nossa busca constante pela inova\u00e7\u00e3o com foco na pessoa, respeitando suas singularidades. Iniciativas do tipo refor\u00e7am o hospital como um centro de excel\u00eancia dedicado e especializado no acompanhamento do paciente com c\u00e2ncer e sua fam\u00edlia, totalmente conectado aos progressos mundiais no combate \u00e0 doen\u00e7a. Desta forma, atuamos para oferecer \u00e0 popula\u00e7\u00e3o todos os avan\u00e7os terap\u00eauticos na \u00e1rea oncol\u00f3gica\u201d, comenta o superintendente executivo do Sistema de Sa\u00fade M\u00e3e de Deus, Dr. Alceu Alves da Silva.<br \/>\nO Watson for Oncology foi inicialmente treinado pelo Memorial Sloan Kettering Center (MSK) &#8211; um dos mais importantes centros de estudos sobre a doen\u00e7a no mundo. \u00c9 beneficiado por um processo colaborativo com centenas de m\u00e9dicos oncologistas. O sistema utiliza como base evid\u00eancias cient\u00edficas mensalmente atualizadas e classificadas por ordem de relev\u00e2ncia por profissionais usu\u00e1rios de diversos pa\u00edses. A solu\u00e7\u00e3o colaborativa possui mais de 15 milh\u00f5es de conte\u00fados cient\u00edficos, incluindo cerca de 200 textos m\u00e9dicos e 300 artigos.<br \/>\n\u201cA inten\u00e7\u00e3o \u00e9 que o Watson analise e cruze os dados do paciente com todas as evid\u00eancias cient\u00edficas atualizadas no dia da consulta, contribuindo na decis\u00e3o do m\u00e9dico pelo melhor tratamento poss\u00edvel\u201d, explica Eduardo Cipriani, l\u00edder de vendas para Watson Health da IBM Brasil.<br \/>\nAl\u00e9m do Watson for Oncology, a primeira fase do Hospital do C\u00e2ncer M\u00e3e de Deus conta com uma s\u00e9rie de outros importantes investimentos, que amplia recursos para o atendimento integral a pacientes. Entre as novidades desta etapa est\u00e1 o novo aparelho de PET-CT, o Discovery IQ, o mais moderno da Am\u00e9rica Latina, que permite a identifica\u00e7\u00e3o precoce de tumores e o acompanhamento de tratamentos.\u00a0 O projeto total, incluindo as tr\u00eas fases de implanta\u00e7\u00e3o do hospital, representa a ordem de R$ 70 milh\u00f5es. A realiza\u00e7\u00e3o consolida o reconhecimento internacional da institui\u00e7\u00e3o e seus 17 anos de experi\u00eancia de combate \u00e0 doen\u00e7a, prevista como a principal causa de morte entre os ga\u00fachos nos pr\u00f3ximos anos.<\/p>\n","protected":false},"excerpt":{"rendered":"<p>O Hospital do C\u00e2ncer M\u00e3e de Deus traz \u00e0 capital ga\u00facha uma tecnologia de vanguarda que abrevia a busca pelo melhor tratamento poss\u00edvel do c\u00e2ncer, fortalecendo a rela\u00e7\u00e3o do m\u00e9dico com seu paciente. A institui\u00e7\u00e3o \u00e9 a primeira da Am\u00e9rica do Sul a utilizar a plataforma de intelig\u00eancia artificial Watson for Oncology, desenvolvida pela IBM. [&hellip;]<\/p>\n","protected":false},"author":4,"featured_media":0,"comment_status":"open","ping_status":"closed","sticky":false,"template":"","format":"standard","meta":{"_jetpack_newsletter_access":"","_jetpack_dont_email_post_to_subs":false,"_jetpack_newsletter_tier_id":0,"_jetpack_memberships_contains_paywalled_content":false,"_jetpack_feature_clip_id":0,"_jetpack_memberships_contains_paid_content":false,"footnotes":"","jetpack_post_was_ever_published":false},"categories":[2022],"tags":[],"class_list":["post-52039","post","type-post","status-publish","format-standard","hentry","category-notas"],"aioseo_notices":[],"aioseo_head":"\n\t\t<!-- All in One SEO 5.0.1.1 - aioseo.com -->\n\t<meta name=\"robots\" content=\"max-image-preview:large\" \/>\n\t<meta name=\"author\" content=\"da Reda\u00e7\u00e3o\"\/>\n\t<link rel=\"canonical\" href=\"https:\/\/www.jornalja.com.br\/arquivo\/mae-de-deus-e-o-1o-hospital-da-america-do-sul-a-utilizar-plataforma-de-inteligencia-artificial-contra-o-cancer\/\" \/>\n\t<meta name=\"generator\" content=\"All in One SEO (AIOSEO) 5.0.1.1\" \/>\n\t\t<meta property=\"og:locale\" content=\"pt_BR\" \/>\n\t\t<meta property=\"og:site_name\" content=\"Arquivo | Jornal J\u00c1 | Porto Alegre\" \/>\n\t\t<meta property=\"og:type\" content=\"article\" \/>\n\t\t<meta property=\"og:title\" content=\"M\u00e3e de Deus \u00e9 o 1\u00ba hospital da Am\u00e9rica do Sul a utilizar intelig\u00eancia artificial contra o c\u00e2ncer | Arquivo\" \/>\n\t\t<meta property=\"og:url\" content=\"https:\/\/www.jornalja.com.br\/arquivo\/mae-de-deus-e-o-1o-hospital-da-america-do-sul-a-utilizar-plataforma-de-inteligencia-artificial-contra-o-cancer\/\" \/>\n\t\t<meta property=\"og:image\" content=\"https:\/\/www.jornalja.com.br\/economics\/wp-content\/uploads\/sites\/11\/2026\/08\/ja-folhaderosto-facebook.jpg\" \/>\n\t\t<meta property=\"og:image:secure_url\" content=\"https:\/\/www.jornalja.com.br\/economics\/wp-content\/uploads\/sites\/11\/2026\/08\/ja-folhaderosto-facebook.jpg\" \/>\n\t\t<meta property=\"article:published_time\" content=\"2017-07-24T20:02:17+00:00\" \/>\n\t\t<meta property=\"article:modified_time\" content=\"2017-07-24T20:02:17+00:00\" \/>\n\t\t<meta name=\"twitter:card\" content=\"summary\" \/>\n\t\t<meta name=\"twitter:title\" content=\"M\u00e3e de Deus \u00e9 o 1\u00ba hospital da Am\u00e9rica do Sul a utilizar intelig\u00eancia artificial contra o c\u00e2ncer | Arquivo\" \/>\n\t\t<meta name=\"twitter:image\" content=\"https:\/\/www.jornalja.com.br\/economics\/wp-content\/uploads\/sites\/11\/2026\/08\/ja-folhaderosto-facebook.jpg\" \/>\n\t\t<script type=\"application\/ld+json\" class=\"aioseo-schema\">\n\t\t\t{\"@context\":\"https:\\\/\\\/schema.org\",\"@graph\":[{\"@type\":\"BlogPosting\",\"@id\":\"https:\\\/\\\/www.jornalja.com.br\\\/arquivo\\\/mae-de-deus-e-o-1o-hospital-da-america-do-sul-a-utilizar-plataforma-de-inteligencia-artificial-contra-o-cancer\\\/#blogposting\",\"name\":\"M\\u00e3e de Deus \\u00e9 o 1\\u00ba hospital da Am\\u00e9rica do Sul a utilizar intelig\\u00eancia artificial contra o c\\u00e2ncer | Arquivo\",\"headline\":\"M\\u00e3e de Deus \\u00e9 o 1\\u00ba hospital da Am\\u00e9rica do Sul a utilizar intelig\\u00eancia artificial contra o c\\u00e2ncer\",\"author\":{\"@id\":\"https:\\\/\\\/www.jornalja.com.br\\\/arquivo\\\/author\\\/daredacao\\\/#author\"},\"publisher\":{\"@id\":\"https:\\\/\\\/www.jornalja.com.br\\\/arquivo\\\/#organization\"},\"image\":{\"@type\":\"ImageObject\",\"url\":\"https:\\\/\\\/www.jornalja.com.br\\\/wp-content\\\/uploads\\\/cards\\\/JAslogan.png\",\"@id\":\"https:\\\/\\\/www.jornalja.com.br\\\/arquivo\\\/#articleImage\"},\"datePublished\":\"2017-07-24T17:02:17-03:00\",\"dateModified\":\"2017-07-24T17:02:17-03:00\",\"inLanguage\":\"pt-BR\",\"mainEntityOfPage\":{\"@id\":\"https:\\\/\\\/www.jornalja.com.br\\\/arquivo\\\/mae-de-deus-e-o-1o-hospital-da-america-do-sul-a-utilizar-plataforma-de-inteligencia-artificial-contra-o-cancer\\\/#webpage\"},\"isPartOf\":{\"@id\":\"https:\\\/\\\/www.jornalja.com.br\\\/arquivo\\\/mae-de-deus-e-o-1o-hospital-da-america-do-sul-a-utilizar-plataforma-de-inteligencia-artificial-contra-o-cancer\\\/#webpage\"},\"articleSection\":\"NOTAS\"},{\"@type\":\"BreadcrumbList\",\"@id\":\"https:\\\/\\\/www.jornalja.com.br\\\/arquivo\\\/mae-de-deus-e-o-1o-hospital-da-america-do-sul-a-utilizar-plataforma-de-inteligencia-artificial-contra-o-cancer\\\/#breadcrumblist\",\"itemListElement\":[{\"@type\":\"ListItem\",\"@id\":\"https:\\\/\\\/www.jornalja.com.br\\\/arquivo#listItem\",\"position\":1,\"name\":\"Home\",\"item\":\"https:\\\/\\\/www.jornalja.com.br\\\/arquivo\",\"nextItem\":{\"@type\":\"ListItem\",\"@id\":\"https:\\\/\\\/www.jornalja.com.br\\\/arquivo\\\/category\\\/notas\\\/#listItem\",\"name\":\"NOTAS\"}},{\"@type\":\"ListItem\",\"@id\":\"https:\\\/\\\/www.jornalja.com.br\\\/arquivo\\\/category\\\/notas\\\/#listItem\",\"position\":2,\"name\":\"NOTAS\",\"item\":\"https:\\\/\\\/www.jornalja.com.br\\\/arquivo\\\/category\\\/notas\\\/\",\"nextItem\":{\"@type\":\"ListItem\",\"@id\":\"https:\\\/\\\/www.jornalja.com.br\\\/arquivo\\\/mae-de-deus-e-o-1o-hospital-da-america-do-sul-a-utilizar-plataforma-de-inteligencia-artificial-contra-o-cancer\\\/#listItem\",\"name\":\"M\\u00e3e de Deus \\u00e9 o 1\\u00ba hospital da Am\\u00e9rica do Sul a utilizar intelig\\u00eancia artificial contra o c\\u00e2ncer\"},\"previousItem\":{\"@type\":\"ListItem\",\"@id\":\"https:\\\/\\\/www.jornalja.com.br\\\/arquivo#listItem\",\"name\":\"Home\"}},{\"@type\":\"ListItem\",\"@id\":\"https:\\\/\\\/www.jornalja.com.br\\\/arquivo\\\/mae-de-deus-e-o-1o-hospital-da-america-do-sul-a-utilizar-plataforma-de-inteligencia-artificial-contra-o-cancer\\\/#listItem\",\"position\":3,\"name\":\"M\\u00e3e de Deus \\u00e9 o 1\\u00ba hospital da Am\\u00e9rica do Sul a utilizar intelig\\u00eancia artificial contra o c\\u00e2ncer\",\"previousItem\":{\"@type\":\"ListItem\",\"@id\":\"https:\\\/\\\/www.jornalja.com.br\\\/arquivo\\\/category\\\/notas\\\/#listItem\",\"name\":\"NOTAS\"}}]},{\"@type\":\"Organization\",\"@id\":\"https:\\\/\\\/www.jornalja.com.br\\\/arquivo\\\/#organization\",\"name\":\"Jornal J\\u00c1\",\"description\":\"Jornal J\\u00c1 | Porto Alegre\",\"url\":\"https:\\\/\\\/www.jornalja.com.br\\\/arquivo\\\/\",\"telephone\":\"+555133307272\",\"logo\":{\"@type\":\"ImageObject\",\"url\":\"https:\\\/\\\/www.jornalja.com.br\\\/wp-content\\\/uploads\\\/cards\\\/JAslogan.png\",\"@id\":\"https:\\\/\\\/www.jornalja.com.br\\\/arquivo\\\/mae-de-deus-e-o-1o-hospital-da-america-do-sul-a-utilizar-plataforma-de-inteligencia-artificial-contra-o-cancer\\\/#organizationLogo\"},\"image\":{\"@id\":\"https:\\\/\\\/www.jornalja.com.br\\\/arquivo\\\/mae-de-deus-e-o-1o-hospital-da-america-do-sul-a-utilizar-plataforma-de-inteligencia-artificial-contra-o-cancer\\\/#organizationLogo\"}},{\"@type\":\"Person\",\"@id\":\"https:\\\/\\\/www.jornalja.com.br\\\/arquivo\\\/author\\\/daredacao\\\/#author\",\"url\":\"https:\\\/\\\/www.jornalja.com.br\\\/arquivo\\\/author\\\/daredacao\\\/\",\"name\":\"da Reda\\u00e7\\u00e3o\",\"image\":{\"@type\":\"ImageObject\",\"@id\":\"https:\\\/\\\/www.jornalja.com.br\\\/arquivo\\\/mae-de-deus-e-o-1o-hospital-da-america-do-sul-a-utilizar-plataforma-de-inteligencia-artificial-contra-o-cancer\\\/#authorImage\",\"url\":\"https:\\\/\\\/secure.gravatar.com\\\/avatar\\\/469fd857d6605ad19919d27ed29d35a968a25f6e8fd9318356bbb7f57aae9c65?s=96&d=mm&r=g\",\"width\":96,\"height\":96,\"caption\":\"da Reda\\u00e7\\u00e3o\"}},{\"@type\":\"WebPage\",\"@id\":\"https:\\\/\\\/www.jornalja.com.br\\\/arquivo\\\/mae-de-deus-e-o-1o-hospital-da-america-do-sul-a-utilizar-plataforma-de-inteligencia-artificial-contra-o-cancer\\\/#webpage\",\"url\":\"https:\\\/\\\/www.jornalja.com.br\\\/arquivo\\\/mae-de-deus-e-o-1o-hospital-da-america-do-sul-a-utilizar-plataforma-de-inteligencia-artificial-contra-o-cancer\\\/\",\"name\":\"M\\u00e3e de Deus \\u00e9 o 1\\u00ba hospital da Am\\u00e9rica do Sul a utilizar intelig\\u00eancia artificial contra o c\\u00e2ncer | Arquivo\",\"inLanguage\":\"pt-BR\",\"isPartOf\":{\"@id\":\"https:\\\/\\\/www.jornalja.com.br\\\/arquivo\\\/#website\"},\"breadcrumb\":{\"@id\":\"https:\\\/\\\/www.jornalja.com.br\\\/arquivo\\\/mae-de-deus-e-o-1o-hospital-da-america-do-sul-a-utilizar-plataforma-de-inteligencia-artificial-contra-o-cancer\\\/#breadcrumblist\"},\"author\":{\"@id\":\"https:\\\/\\\/www.jornalja.com.br\\\/arquivo\\\/author\\\/daredacao\\\/#author\"},\"creator\":{\"@id\":\"https:\\\/\\\/www.jornalja.com.br\\\/arquivo\\\/author\\\/daredacao\\\/#author\"},\"datePublished\":\"2017-07-24T17:02:17-03:00\",\"dateModified\":\"2017-07-24T17:02:17-03:00\"},{\"@type\":\"WebSite\",\"@id\":\"https:\\\/\\\/www.jornalja.com.br\\\/arquivo\\\/#website\",\"url\":\"https:\\\/\\\/www.jornalja.com.br\\\/arquivo\\\/\",\"name\":\"Arquivo\",\"description\":\"Jornal J\\u00c1 | Porto Alegre\",\"inLanguage\":\"pt-BR\",\"publisher\":{\"@id\":\"https:\\\/\\\/www.jornalja.com.br\\\/arquivo\\\/#organization\"}}]}\n\t\t<\/script>\n\t\t<!-- All in One SEO -->\n\n","aioseo_head_json":{"title":"M\u00e3e de Deus \u00e9 o 1\u00ba hospital da Am\u00e9rica do Sul a utilizar intelig\u00eancia artificial contra o c\u00e2ncer | Arquivo","description":"","canonical_url":"https:\/\/www.jornalja.com.br\/arquivo\/mae-de-deus-e-o-1o-hospital-da-america-do-sul-a-utilizar-plataforma-de-inteligencia-artificial-contra-o-cancer\/","robots":"max-image-preview:large","keywords":"","webmasterTools":{"miscellaneous":""},"schema":{"@context":"https:\/\/schema.org","@graph":[{"@type":"BlogPosting","@id":"https:\/\/www.jornalja.com.br\/arquivo\/mae-de-deus-e-o-1o-hospital-da-america-do-sul-a-utilizar-plataforma-de-inteligencia-artificial-contra-o-cancer\/#blogposting","name":"M\u00e3e de Deus \u00e9 o 1\u00ba hospital da Am\u00e9rica do Sul a utilizar intelig\u00eancia artificial contra o c\u00e2ncer | Arquivo","headline":"M\u00e3e de Deus \u00e9 o 1\u00ba hospital da Am\u00e9rica do Sul a utilizar intelig\u00eancia artificial contra o c\u00e2ncer","author":{"@id":"https:\/\/www.jornalja.com.br\/arquivo\/author\/daredacao\/#author"},"publisher":{"@id":"https:\/\/www.jornalja.com.br\/arquivo\/#organization"},"image":{"@type":"ImageObject","url":"https:\/\/www.jornalja.com.br\/wp-content\/uploads\/cards\/JAslogan.png","@id":"https:\/\/www.jornalja.com.br\/arquivo\/#articleImage"},"datePublished":"2017-07-24T17:02:17-03:00","dateModified":"2017-07-24T17:02:17-03:00","inLanguage":"pt-BR","mainEntityOfPage":{"@id":"https:\/\/www.jornalja.com.br\/arquivo\/mae-de-deus-e-o-1o-hospital-da-america-do-sul-a-utilizar-plataforma-de-inteligencia-artificial-contra-o-cancer\/#webpage"},"isPartOf":{"@id":"https:\/\/www.jornalja.com.br\/arquivo\/mae-de-deus-e-o-1o-hospital-da-america-do-sul-a-utilizar-plataforma-de-inteligencia-artificial-contra-o-cancer\/#webpage"},"articleSection":"NOTAS"},{"@type":"BreadcrumbList","@id":"https:\/\/www.jornalja.com.br\/arquivo\/mae-de-deus-e-o-1o-hospital-da-america-do-sul-a-utilizar-plataforma-de-inteligencia-artificial-contra-o-cancer\/#breadcrumblist","itemListElement":[{"@type":"ListItem","@id":"https:\/\/www.jornalja.com.br\/arquivo#listItem","position":1,"name":"Home","item":"https:\/\/www.jornalja.com.br\/arquivo","nextItem":{"@type":"ListItem","@id":"https:\/\/www.jornalja.com.br\/arquivo\/category\/notas\/#listItem","name":"NOTAS"}},{"@type":"ListItem","@id":"https:\/\/www.jornalja.com.br\/arquivo\/category\/notas\/#listItem","position":2,"name":"NOTAS","item":"https:\/\/www.jornalja.com.br\/arquivo\/category\/notas\/","nextItem":{"@type":"ListItem","@id":"https:\/\/www.jornalja.com.br\/arquivo\/mae-de-deus-e-o-1o-hospital-da-america-do-sul-a-utilizar-plataforma-de-inteligencia-artificial-contra-o-cancer\/#listItem","name":"M\u00e3e de Deus \u00e9 o 1\u00ba hospital da Am\u00e9rica do Sul a utilizar intelig\u00eancia artificial contra o c\u00e2ncer"},"previousItem":{"@type":"ListItem","@id":"https:\/\/www.jornalja.com.br\/arquivo#listItem","name":"Home"}},{"@type":"ListItem","@id":"https:\/\/www.jornalja.com.br\/arquivo\/mae-de-deus-e-o-1o-hospital-da-america-do-sul-a-utilizar-plataforma-de-inteligencia-artificial-contra-o-cancer\/#listItem","position":3,"name":"M\u00e3e de Deus \u00e9 o 1\u00ba hospital da Am\u00e9rica do Sul a utilizar intelig\u00eancia artificial contra o c\u00e2ncer","previousItem":{"@type":"ListItem","@id":"https:\/\/www.jornalja.com.br\/arquivo\/category\/notas\/#listItem","name":"NOTAS"}}]},{"@type":"Organization","@id":"https:\/\/www.jornalja.com.br\/arquivo\/#organization","name":"Jornal J\u00c1","description":"Jornal J\u00c1 | Porto Alegre","url":"https:\/\/www.jornalja.com.br\/arquivo\/","telephone":"+555133307272","logo":{"@type":"ImageObject","url":"https:\/\/www.jornalja.com.br\/wp-content\/uploads\/cards\/JAslogan.png","@id":"https:\/\/www.jornalja.com.br\/arquivo\/mae-de-deus-e-o-1o-hospital-da-america-do-sul-a-utilizar-plataforma-de-inteligencia-artificial-contra-o-cancer\/#organizationLogo"},"image":{"@id":"https:\/\/www.jornalja.com.br\/arquivo\/mae-de-deus-e-o-1o-hospital-da-america-do-sul-a-utilizar-plataforma-de-inteligencia-artificial-contra-o-cancer\/#organizationLogo"}},{"@type":"Person","@id":"https:\/\/www.jornalja.com.br\/arquivo\/author\/daredacao\/#author","url":"https:\/\/www.jornalja.com.br\/arquivo\/author\/daredacao\/","name":"da Reda\u00e7\u00e3o","image":{"@type":"ImageObject","@id":"https:\/\/www.jornalja.com.br\/arquivo\/mae-de-deus-e-o-1o-hospital-da-america-do-sul-a-utilizar-plataforma-de-inteligencia-artificial-contra-o-cancer\/#authorImage","url":"https:\/\/secure.gravatar.com\/avatar\/469fd857d6605ad19919d27ed29d35a968a25f6e8fd9318356bbb7f57aae9c65?s=96&d=mm&r=g","width":96,"height":96,"caption":"da Reda\u00e7\u00e3o"}},{"@type":"WebPage","@id":"https:\/\/www.jornalja.com.br\/arquivo\/mae-de-deus-e-o-1o-hospital-da-america-do-sul-a-utilizar-plataforma-de-inteligencia-artificial-contra-o-cancer\/#webpage","url":"https:\/\/www.jornalja.com.br\/arquivo\/mae-de-deus-e-o-1o-hospital-da-america-do-sul-a-utilizar-plataforma-de-inteligencia-artificial-contra-o-cancer\/","name":"M\u00e3e de Deus \u00e9 o 1\u00ba hospital da Am\u00e9rica do Sul a utilizar intelig\u00eancia artificial contra o c\u00e2ncer | Arquivo","inLanguage":"pt-BR","isPartOf":{"@id":"https:\/\/www.jornalja.com.br\/arquivo\/#website"},"breadcrumb":{"@id":"https:\/\/www.jornalja.com.br\/arquivo\/mae-de-deus-e-o-1o-hospital-da-america-do-sul-a-utilizar-plataforma-de-inteligencia-artificial-contra-o-cancer\/#breadcrumblist"},"author":{"@id":"https:\/\/www.jornalja.com.br\/arquivo\/author\/daredacao\/#author"},"creator":{"@id":"https:\/\/www.jornalja.com.br\/arquivo\/author\/daredacao\/#author"},"datePublished":"2017-07-24T17:02:17-03:00","dateModified":"2017-07-24T17:02:17-03:00"},{"@type":"WebSite","@id":"https:\/\/www.jornalja.com.br\/arquivo\/#website","url":"https:\/\/www.jornalja.com.br\/arquivo\/","name":"Arquivo","description":"Jornal J\u00c1 | Porto Alegre","inLanguage":"pt-BR","publisher":{"@id":"https:\/\/www.jornalja.com.br\/arquivo\/#organization"}}]},"og:locale":"pt_BR","og:site_name":"Arquivo | Jornal J\u00c1 | Porto Alegre","og:type":"article","og:title":"M\u00e3e de Deus \u00e9 o 1\u00ba hospital da Am\u00e9rica do Sul a utilizar intelig\u00eancia artificial contra o c\u00e2ncer | Arquivo","og:url":"https:\/\/www.jornalja.com.br\/arquivo\/mae-de-deus-e-o-1o-hospital-da-america-do-sul-a-utilizar-plataforma-de-inteligencia-artificial-contra-o-cancer\/","og:image":"https:\/\/www.jornalja.com.br\/economics\/wp-content\/uploads\/sites\/11\/2026\/08\/ja-folhaderosto-facebook.jpg","og:image:secure_url":"https:\/\/www.jornalja.com.br\/economics\/wp-content\/uploads\/sites\/11\/2026\/08\/ja-folhaderosto-facebook.jpg","article:published_time":"2017-07-24T20:02:17+00:00","article:modified_time":"2017-07-24T20:02:17+00:00","twitter:card":"summary","twitter:title":"M\u00e3e de Deus \u00e9 o 1\u00ba hospital da Am\u00e9rica do Sul a utilizar intelig\u00eancia artificial contra o c\u00e2ncer | Arquivo","twitter:image":"https:\/\/www.jornalja.com.br\/economics\/wp-content\/uploads\/sites\/11\/2026\/08\/ja-folhaderosto-facebook.jpg"},"aioseo_meta_data":{"post_id":"52039","title":null,"description":null,"keywords":null,"keyphrases":null,"primary_term":null,"canonical_url":null,"og_title":null,"og_description":null,"og_object_type":"default","og_image_type":"default","og_image_url":null,"og_image_width":null,"og_image_height":null,"og_image_custom_url":null,"og_image_custom_fields":null,"og_video":null,"og_custom_url":null,"og_article_section":null,"og_article_tags":null,"twitter_use_og":false,"twitter_card":"default","twitter_image_type":"default","twitter_image_url":null,"twitter_image_custom_url":null,"twitter_image_custom_fields":null,"twitter_title":null,"twitter_description":null,"schema":{"blockGraphs":[],"customGraphs":[],"default":{"data":{"Article":[],"Course":[],"Dataset":[],"FAQPage":[],"Movie":[],"Person":[],"Product":[],"ProductReview":[],"Car":[],"Recipe":[],"Service":[],"SoftwareApplication":[],"WebPage":[]},"graphName":"","isEnabled":true},"graphs":[],"defaultGraph":"","defaultPostTypeGraph":""},"schema_type":null,"schema_type_options":null,"pillar_content":false,"robots_default":true,"robots_noindex":false,"robots_noarchive":false,"robots_nosnippet":false,"robots_nofollow":false,"robots_noimageindex":false,"robots_noodp":false,"robots_notranslate":false,"robots_max_snippet":null,"robots_max_videopreview":null,"robots_max_imagepreview":"large","priority":null,"frequency":null,"location":null,"local_seo":null,"breadcrumb_settings":null,"limit_modified_date":false,"ai":null,"created":"2020-12-20 20:29:05","updated":"2025-07-19 23:34:08","seo_analyzer_scan_date":null,"focus_keyword":null,"additional_keywords":null,"truseo_locale":null},"jetpack_sharing_enabled":true,"jetpack-related-posts":[{"id":13101,"url":"https:\/\/www.jornalja.com.br\/arquivo\/morre-um-guerreiro-do-texto\/","url_meta":{"origin":52039,"position":0},"title":"Morre um guerreiro do texto","author":"Patr\u00edcia Marini","date":"14 de maio de 2014","format":false,"excerpt":"Por Ricardo Kotscho Reproduzido do blog do autor, 11\/5\/2014; t\u00edtulo original \u201cE l\u00e1 se foi o nosso Myltainho, guerreiro do texto\u201d. Mi\u00fado e franzino, meu amigo Myltainho era um valente e inconformado guerreiro na luta contra as injusti\u00e7as sociais, a hipocrisia, as maracutaias, o autoritarismo, a intoler\u00e2ncia, a viol\u00eancia, o\u2026","rel":"","context":"Em &quot;Geral&quot;","block_context":{"text":"Geral","link":"https:\/\/www.jornalja.com.br\/arquivo\/category\/geral\/"},"img":{"alt_text":"","src":"","width":0,"height":0},"classes":[]},{"id":13128,"url":"https:\/\/www.jornalja.com.br\/arquivo\/maconha-terra-diz-que-uso-medicinal-e-desculpa\/","url_meta":{"origin":52039,"position":1},"title":"Maconha: Terra diz que uso medicinal \u00e9 desculpa","author":"Patr\u00edcia Marini","date":"4 de junho de 2014","format":false,"excerpt":"A condi\u00e7\u00e3o de pol\u00edtico, em \u00e9poca de campanha de campanha eleitoral, tira for\u00e7a do discurso do m\u00e9dico Osmar Terra contra a legaliza\u00e7\u00e3o da maconha. A tese dele de que a libera\u00e7\u00e3o vai ampliar exponencialmente o consumo \u00e9 discutivel, o consumo \u00e9 corrente. Mas seus alertas quanto aos riscos tem que\u2026","rel":"","context":"Em &quot;X.Categorias velhas&quot;","block_context":{"text":"X.Categorias velhas","link":"https:\/\/www.jornalja.com.br\/arquivo\/category\/x-categorias-velhas\/"},"img":{"alt_text":"","src":"","width":0,"height":0},"classes":[]},{"id":14241,"url":"https:\/\/www.jornalja.com.br\/arquivo\/o-guaiba-nas-imagens-poeticas-de-achutti\/","url_meta":{"origin":52039,"position":2},"title":"O Gua\u00edba nas imagens po\u00e9ticas de Achutti","author":"da Reda\u00e7\u00e3o","date":"18 de junho de 2014","format":false,"excerpt":"Em \u201cO Gua\u00edba por Achutti\u201d \u2013 obra financiada via Minist\u00e9rio da Cultura, produ\u00e7\u00e3o executiva de Pedro Longhi, e Fl\u00e1vio Wild como designer \u2013, o fot\u00f3grafo revela a beleza e as mazelas de um espa\u00e7o aqu\u00e1tico de \u00e1guas sempre renovadas, cheio de hist\u00f3rias e lendas como as das cidades que foram\u2026","rel":"","context":"Em &quot;Cultura-Geral&quot;","block_context":{"text":"Cultura-Geral","link":"https:\/\/www.jornalja.com.br\/arquivo\/category\/materiasecundaria\/"},"img":{"alt_text":"","src":"","width":0,"height":0},"classes":[]},{"id":13124,"url":"https:\/\/www.jornalja.com.br\/arquivo\/sangue-latino-no-iecine\/","url_meta":{"origin":52039,"position":3},"title":"Sangue latino no IECINE","author":"da Reda\u00e7\u00e3o","date":"18 de maio de 2014","format":false,"excerpt":"Francisco Ribeiro O Instituto Estadual de Cinema (IECINE) tem a frente, desde abril \u00faltimo, um novo diretor, o cineasta colombiano Juan Zapata, 36, que substitui Luiz Alberto Cassol. Radicado h\u00e1 dez anos em Porto Alegre, Zapata tem diante de si o desafio de conduzir at\u00e9 o final do ano um\u2026","rel":"","context":"Em &quot;Cultura-Geral&quot;","block_context":{"text":"Cultura-Geral","link":"https:\/\/www.jornalja.com.br\/arquivo\/category\/materiasecundaria\/"},"img":{"alt_text":"","src":"","width":0,"height":0},"classes":[]},{"id":5440,"url":"https:\/\/www.jornalja.com.br\/arquivo\/casarao-da-venancio-destino-permanece-incerto\/","url_meta":{"origin":52039,"position":4},"title":"Estado ainda n\u00e3o sabe o que fazer com casar\u00e3o abandonado h\u00e1 20 anos","author":"Elmar Bones","date":"6 de julho de 2009","format":false,"excerpt":"O casar\u00e3o amarelo, numa esquina nobre de Porto Alegre (Ven\u00e2ncio Aires com Jo\u00e3o Pessoa), j\u00e1 abrigou uma escola. H\u00e1 duas d\u00e9cadas, pelo menos, est\u00e1 abandonado, porque seu propriet\u00e1rio, o governo do Estado do Rio Grande do Sul, n\u00e3o consegue achar um destino para ele. Planos n\u00e3o faltaram. O governador Ol\u00edvio\u2026","rel":"","context":"Em &quot;X.Categorias velhas&quot;","block_context":{"text":"X.Categorias velhas","link":"https:\/\/www.jornalja.com.br\/arquivo\/category\/x-categorias-velhas\/"},"img":{"alt_text":"geraldo1","src":"https:\/\/i0.wp.com\/www.jornalja.com.br\/wp-content\/uploads\/2009\/07\/geraldo1.jpg?resize=350%2C200&ssl=1","width":350,"height":200},"classes":[]},{"id":1280,"url":"https:\/\/www.jornalja.com.br\/arquivo\/o-menino-que-se-tornou-brizola\/","url_meta":{"origin":52039,"position":5},"title":"O Menino que se Tornou Brizola","author":"da Reda\u00e7\u00e3o","date":"28 de julho de 2008","format":false,"excerpt":"Autor: Cleber Dioni A vida de Leonel Brizola, com \u00eanfase para os primeiros anos em Porto Alegre, at\u00e9 o ex\u00edlio no Uruguai e a volta, quinze anos depois. \u00a0\"...\u00c9ramos todos jovens e nos identific\u00e1vamos com aquela massa an\u00f4nima a percorrer as ruas de Porto Alegre, gritando 'Get\u00falio', 'Get\u00falio' e empunhando\u2026","rel":"","context":"Em &quot;Livros&quot;","block_context":{"text":"Livros","link":"https:\/\/www.jornalja.com.br\/arquivo\/category\/livros\/"},"img":{"alt_text":"","src":"https:\/\/i0.wp.com\/www.jornalja.com.br\/wp-content\/uploads\/2008\/07\/brizola.gif?resize=350%2C200&ssl=1","width":350,"height":200},"classes":[]}],"jetpack_shortlink":"https:\/\/wp.me\/pbQjBd-dxl","jetpack_featured_media_url":"","_links":{"self":[{"href":"https:\/\/www.jornalja.com.br\/arquivo\/wp-json\/wp\/v2\/posts\/52039","targetHints":{"allow":["GET"]}}],"collection":[{"href":"https:\/\/www.jornalja.com.br\/arquivo\/wp-json\/wp\/v2\/posts"}],"about":[{"href":"https:\/\/www.jornalja.com.br\/arquivo\/wp-json\/wp\/v2\/types\/post"}],"author":[{"embeddable":true,"href":"https:\/\/www.jornalja.com.br\/arquivo\/wp-json\/wp\/v2\/users\/4"}],"replies":[{"embeddable":true,"href":"https:\/\/www.jornalja.com.br\/arquivo\/wp-json\/wp\/v2\/comments?post=52039"}],"version-history":[{"count":0,"href":"https:\/\/www.jornalja.com.br\/arquivo\/wp-json\/wp\/v2\/posts\/52039\/revisions"}],"wp:attachment":[{"href":"https:\/\/www.jornalja.com.br\/arquivo\/wp-json\/wp\/v2\/media?parent=52039"}],"wp:term":[{"taxonomy":"category","embeddable":true,"href":"https:\/\/www.jornalja.com.br\/arquivo\/wp-json\/wp\/v2\/categories?post=52039"},{"taxonomy":"post_tag","embeddable":true,"href":"https:\/\/www.jornalja.com.br\/arquivo\/wp-json\/wp\/v2\/tags?post=52039"}],"curies":[{"name":"wp","href":"https:\/\/api.w.org\/{rel}","templated":true}]}}