{"id":52089,"date":"2017-07-25T16:34:10","date_gmt":"2017-07-25T19:34:10","guid":{"rendered":"https:\/\/www.jornalja.com.br\/?p=52089"},"modified":"2017-07-25T16:34:10","modified_gmt":"2017-07-25T19:34:10","slug":"hospital-mae-de-deus-apresenta-plataforma-inovadora-no-combate-ao-cancer","status":"publish","type":"post","link":"https:\/\/www.jornalja.com.br\/arquivo\/hospital-mae-de-deus-apresenta-plataforma-inovadora-no-combate-ao-cancer\/","title":{"rendered":"Hospital M\u00e3e de Deus apresenta  plataforma inovadora no combate ao c\u00e2ncer"},"content":{"rendered":"<p>Foi inaugurada na manh\u00e3 desta ter\u00e7a-feira a primeira fase do Hospital do C\u00e2ncer M\u00e3e de Deus. Al\u00e9m de ampliar seu atendimento e estrutura, a rede hospitalar apresentou uma in\u00e9dita plataforma de intelig\u00eancia artificial no combate contra a doen\u00e7a. Se trata do Watson for Oncology.<br \/>\nDesenvolvido pela IBM, a plataforma analisa grandes volumes de dados relacionados ao c\u00e2ncer. S\u00e3o mais de 15 milh\u00f5es de conte\u00fados cient\u00edficos, entre livros, artigos e textos m\u00e9dicos. A partir do cruzamento das informa\u00e7\u00f5es cl\u00ednicas, hist\u00f3rico e resultados de exames, fornecidos pelo m\u00e9dico diretamente no sistema, o Watson aponta alternativas individualizadas e orientadas ao perfil de cada paciente diagnosticado com c\u00e2ncer. Tudo isso automaticamente. \u201cO que um m\u00e9dico demoraria horas para pesquisar o sistema resolve em segundos\u201d, declarou o diretor do Hospital, o m\u00e9dico Carlos Barrios, durante a coletiva de imprensa realizada antes do evento oficial.<br \/>\nCom os dados o Watson filtra e informa a relev\u00e2ncia de cada tratamento identificado e fornece alternativas, medicamentos e poss\u00edveis efeitos colaterais. Com o aux\u00edlio o oncologista pode avaliar qual ser\u00e1 o tratamento. Al\u00e9m de favorecer a assertividade e acelerar o processo de pesquisa, tamb\u00e9m permite ao profissional dedicar maior parte de seu tempo \u00e0 intera\u00e7\u00e3o e discuss\u00f5es do caso com seu paciente.<br \/>\n\u201cEle se atualiza mensalmente de acordo com as publica\u00e7\u00f5es\u201d, salientou o representante da IBM, Eduardo Cipriani. Segundo Cipriani, a plataforma inclusive prioriza as informa\u00e7\u00f5es de acordo com as institui\u00e7\u00f5es e sua relev\u00e2ncia. At\u00e9 mesmo tratamentos alternativos podem ser considerados pelo sistema. O M\u00e3e de Deus ser\u00e1 o primeiro hospital da Am\u00e9rica Latina a utilizar o Watson que j\u00e1 atua em uma centena de pa\u00edses pelo mundo, como no Jap\u00e3o, Eua e Europa.<br \/>\nAntes de ser usado no hospital, o Watson foi testado em 30 casos j\u00e1 diagnosticados pela equipe do M\u00e3e de Deus e teve 99% de coincid\u00eancia na an\u00e1lise.<br \/>\n<span class=\"intertit\">Primeira fase do hospital do c\u00e2ncer tem investimento de R$ 12 milh\u00f5es<\/span><br \/>\n<figure id=\"attachment_52111\" aria-describedby=\"caption-attachment-52111\" style=\"width: 400px\" class=\"wp-caption alignnone\"><img loading=\"lazy\" decoding=\"async\" class=\"wp-image-52111 size-medium\" src=\"https:\/\/www.jornalja.com.br\/wp-content\/uploads\/2017\/07\/PET-CT-400x256.jpg\" alt=\"\" width=\"400\" height=\"256\" \/><figcaption id=\"caption-attachment-52111\" class=\"wp-caption-text\">Aparelho de PET-CT permitir\u00e1 identifica\u00e7\u00e3o da doen\u00e7a ainda precocemente.<\/figcaption><\/figure><br \/>\nAl\u00e9m do software, o M\u00e3e de Deus investiu em estrutura e equipe m\u00e9dica. S\u00e3o 120 funcion\u00e1rios, dos quais 70 s\u00e3o m\u00e9dicos. S\u00e3o 21 novos consult\u00f3rios e 15 boxes de tratamento nos sete andares do pr\u00e9dio. Quando estiver completo, o hospital do c\u00e2ncer ir\u00e1 realizar at\u00e9 8600 atendimentos por m\u00eas al\u00e9m de 2100 tratamentos quimioter\u00e1picos.<br \/>\nOutra novidade foi o novo aparelho de PET-CT (Tomografia por Emiss\u00e3o de P\u00f3sitrons e Computadorizada) Discovery IQ, o mais moderno da Am\u00e9rica Latina, que permite a identifica\u00e7\u00e3o precoce de tumores e o acompanhamento de tratamentos.<br \/>\nO investimento na primeira fase do complexo foi de R$ 12 milh\u00f5es e chegar\u00e1 at\u00e9 R$ 70 milh\u00f5es com as conclus\u00f5es da fase 2 e 3. \u201cEm um momento em que todos est\u00e3o de freio puxado, n\u00f3s estamos ampliando\u201d ressaltou o superintendente do Sistema de Sa\u00fade M\u00e3e de Deus, Alceu Alves da Silva.<br \/>\nAlves tamb\u00e9m lembrou que Porto Alegre \u00e9 uma das cidades com maior incid\u00eancia de c\u00e2ncer na popula\u00e7\u00e3o. Segundo ele, a doen\u00e7a \u00e9 a segunda que mais mata atualmente na cidade e no estado e deve ser a primeira em pelo menos 7 anos. &#8220;Buscamos com essa estrutura e com tudo que \u00e9 mais de moderno reverter esse quadro&#8221; afirmou.<br \/>\nAl\u00e9m da dire\u00e7\u00e3o do hospital, participaram da inaugura\u00e7\u00e3o o Prefeito Nelson Marchezan J\u00fanior, o Secret\u00e1rio Estadual de Sa\u00fade Jo\u00e3o Gabbardo e o Municipal Erno Harzheim.<br \/>\n<figure id=\"attachment_52095\" aria-describedby=\"caption-attachment-52095\" style=\"width: 549px\" class=\"wp-caption alignnone\"><img loading=\"lazy\" decoding=\"async\" class=\"wp-image-52095 \" src=\"https:\/\/www.jornalja.com.br\/wp-content\/uploads\/2017\/07\/Box-de-Tratamento-5.jpg\" alt=\"\" width=\"549\" height=\"370\" \/><figcaption id=\"caption-attachment-52095\" class=\"wp-caption-text\">Um dos 15 boxes de tratamento\/Divulga\u00e7\u00e3o<\/figcaption><\/figure><br \/>\n<figure id=\"attachment_52126\" aria-describedby=\"caption-attachment-52126\" style=\"width: 549px\" class=\"wp-caption alignnone\"><img loading=\"lazy\" decoding=\"async\" class=\"wp-image-52126\" src=\"https:\/\/www.jornalja.com.br\/wp-content\/uploads\/2017\/07\/Inaugura\u00e7\u00e3o-Hospital-do-C\u00e2ncer-M\u00e3e-de-Deus_credito-Marcos-Negelstein-Ag-Preview-400x267.jpg\" alt=\"\" width=\"549\" height=\"370\" \/><figcaption id=\"caption-attachment-52126\" class=\"wp-caption-text\">Entrega da Primeira Fase do Hospital do C\u00e2ncer M\u00e3e de Deus. FOTO: Marcos Nagelstein\/Ag\u00eancia Preview<\/figcaption><\/figure><br \/>\n&nbsp;<\/p>\n","protected":false},"excerpt":{"rendered":"<p>Foi inaugurada na manh\u00e3 desta ter\u00e7a-feira a primeira fase do Hospital do C\u00e2ncer M\u00e3e de Deus. Al\u00e9m de ampliar seu atendimento e estrutura, a rede hospitalar apresentou uma in\u00e9dita plataforma de intelig\u00eancia artificial no combate contra a doen\u00e7a. Se trata do Watson for Oncology. Desenvolvido pela IBM, a plataforma analisa grandes volumes de dados relacionados [&hellip;]<\/p>\n","protected":false},"author":4,"featured_media":52118,"comment_status":"open","ping_status":"closed","sticky":false,"template":"","format":"standard","meta":{"_jetpack_newsletter_access":"","_jetpack_dont_email_post_to_subs":false,"_jetpack_newsletter_tier_id":0,"_jetpack_memberships_contains_paywalled_content":false,"_jetpack_feature_clip_id":0,"_jetpack_memberships_contains_paid_content":false,"footnotes":"","jetpack_post_was_ever_published":false},"categories":[26],"tags":[],"class_list":["post-52089","post","type-post","status-publish","format-standard","has-post-thumbnail","hentry","category-geral"],"aioseo_notices":[],"aioseo_head":"\n\t\t<!-- All in One SEO 5.0.1.1 - aioseo.com -->\n\t<meta name=\"robots\" content=\"max-image-preview:large\" \/>\n\t<meta name=\"author\" content=\"da Reda\u00e7\u00e3o\"\/>\n\t<link rel=\"canonical\" href=\"https:\/\/www.jornalja.com.br\/arquivo\/hospital-mae-de-deus-apresenta-plataforma-inovadora-no-combate-ao-cancer\/\" \/>\n\t<meta name=\"generator\" content=\"All in One SEO (AIOSEO) 5.0.1.1\" \/>\n\t\t<meta property=\"og:locale\" content=\"pt_BR\" \/>\n\t\t<meta property=\"og:site_name\" content=\"Arquivo | Jornal J\u00c1 | Porto Alegre\" \/>\n\t\t<meta property=\"og:type\" content=\"article\" \/>\n\t\t<meta property=\"og:title\" content=\"Hospital M\u00e3e de Deus apresenta plataforma inovadora no combate ao c\u00e2ncer | Arquivo\" \/>\n\t\t<meta property=\"og:url\" content=\"https:\/\/www.jornalja.com.br\/arquivo\/hospital-mae-de-deus-apresenta-plataforma-inovadora-no-combate-ao-cancer\/\" \/>\n\t\t<meta property=\"og:image\" content=\"https:\/\/www.jornalja.com.br\/wp-content\/uploads\/2017\/07\/PET-CT-400x256.jpg\" \/>\n\t\t<meta property=\"og:image:secure_url\" content=\"https:\/\/www.jornalja.com.br\/wp-content\/uploads\/2017\/07\/PET-CT-400x256.jpg\" \/>\n\t\t<meta property=\"article:published_time\" content=\"2017-07-25T19:34:10+00:00\" \/>\n\t\t<meta property=\"article:modified_time\" content=\"2017-07-25T19:34:10+00:00\" \/>\n\t\t<meta name=\"twitter:card\" content=\"summary\" \/>\n\t\t<meta name=\"twitter:title\" content=\"Hospital M\u00e3e de Deus apresenta plataforma inovadora no combate ao c\u00e2ncer | Arquivo\" \/>\n\t\t<meta name=\"twitter:image\" content=\"https:\/\/www.jornalja.com.br\/economics\/wp-content\/uploads\/sites\/11\/2026\/08\/ja-folhaderosto-facebook.jpg\" \/>\n\t\t<script type=\"application\/ld+json\" class=\"aioseo-schema\">\n\t\t\t{\"@context\":\"https:\\\/\\\/schema.org\",\"@graph\":[{\"@type\":\"BlogPosting\",\"@id\":\"https:\\\/\\\/www.jornalja.com.br\\\/arquivo\\\/hospital-mae-de-deus-apresenta-plataforma-inovadora-no-combate-ao-cancer\\\/#blogposting\",\"name\":\"Hospital M\\u00e3e de Deus apresenta plataforma inovadora no combate ao c\\u00e2ncer | Arquivo\",\"headline\":\"Hospital M\\u00e3e de Deus apresenta  plataforma inovadora no combate ao c\\u00e2ncer\",\"author\":{\"@id\":\"https:\\\/\\\/www.jornalja.com.br\\\/arquivo\\\/author\\\/daredacao\\\/#author\"},\"publisher\":{\"@id\":\"https:\\\/\\\/www.jornalja.com.br\\\/arquivo\\\/#organization\"},\"image\":{\"@type\":\"ImageObject\",\"url\":52118},\"datePublished\":\"2017-07-25T16:34:10-03:00\",\"dateModified\":\"2017-07-25T16:34:10-03:00\",\"inLanguage\":\"pt-BR\",\"mainEntityOfPage\":{\"@id\":\"https:\\\/\\\/www.jornalja.com.br\\\/arquivo\\\/hospital-mae-de-deus-apresenta-plataforma-inovadora-no-combate-ao-cancer\\\/#webpage\"},\"isPartOf\":{\"@id\":\"https:\\\/\\\/www.jornalja.com.br\\\/arquivo\\\/hospital-mae-de-deus-apresenta-plataforma-inovadora-no-combate-ao-cancer\\\/#webpage\"},\"articleSection\":\"Geral\"},{\"@type\":\"BreadcrumbList\",\"@id\":\"https:\\\/\\\/www.jornalja.com.br\\\/arquivo\\\/hospital-mae-de-deus-apresenta-plataforma-inovadora-no-combate-ao-cancer\\\/#breadcrumblist\",\"itemListElement\":[{\"@type\":\"ListItem\",\"@id\":\"https:\\\/\\\/www.jornalja.com.br\\\/arquivo#listItem\",\"position\":1,\"name\":\"Home\",\"item\":\"https:\\\/\\\/www.jornalja.com.br\\\/arquivo\",\"nextItem\":{\"@type\":\"ListItem\",\"@id\":\"https:\\\/\\\/www.jornalja.com.br\\\/arquivo\\\/category\\\/geral\\\/#listItem\",\"name\":\"Geral\"}},{\"@type\":\"ListItem\",\"@id\":\"https:\\\/\\\/www.jornalja.com.br\\\/arquivo\\\/category\\\/geral\\\/#listItem\",\"position\":2,\"name\":\"Geral\",\"item\":\"https:\\\/\\\/www.jornalja.com.br\\\/arquivo\\\/category\\\/geral\\\/\",\"nextItem\":{\"@type\":\"ListItem\",\"@id\":\"https:\\\/\\\/www.jornalja.com.br\\\/arquivo\\\/hospital-mae-de-deus-apresenta-plataforma-inovadora-no-combate-ao-cancer\\\/#listItem\",\"name\":\"Hospital M\\u00e3e de Deus apresenta  plataforma inovadora no combate ao c\\u00e2ncer\"},\"previousItem\":{\"@type\":\"ListItem\",\"@id\":\"https:\\\/\\\/www.jornalja.com.br\\\/arquivo#listItem\",\"name\":\"Home\"}},{\"@type\":\"ListItem\",\"@id\":\"https:\\\/\\\/www.jornalja.com.br\\\/arquivo\\\/hospital-mae-de-deus-apresenta-plataforma-inovadora-no-combate-ao-cancer\\\/#listItem\",\"position\":3,\"name\":\"Hospital M\\u00e3e de Deus apresenta  plataforma inovadora no combate ao c\\u00e2ncer\",\"previousItem\":{\"@type\":\"ListItem\",\"@id\":\"https:\\\/\\\/www.jornalja.com.br\\\/arquivo\\\/category\\\/geral\\\/#listItem\",\"name\":\"Geral\"}}]},{\"@type\":\"Organization\",\"@id\":\"https:\\\/\\\/www.jornalja.com.br\\\/arquivo\\\/#organization\",\"name\":\"Jornal J\\u00c1\",\"description\":\"Jornal J\\u00c1 | Porto Alegre\",\"url\":\"https:\\\/\\\/www.jornalja.com.br\\\/arquivo\\\/\",\"telephone\":\"+555133307272\",\"logo\":{\"@type\":\"ImageObject\",\"url\":\"https:\\\/\\\/www.jornalja.com.br\\\/wp-content\\\/uploads\\\/cards\\\/JAslogan.png\",\"@id\":\"https:\\\/\\\/www.jornalja.com.br\\\/arquivo\\\/hospital-mae-de-deus-apresenta-plataforma-inovadora-no-combate-ao-cancer\\\/#organizationLogo\"},\"image\":{\"@id\":\"https:\\\/\\\/www.jornalja.com.br\\\/arquivo\\\/hospital-mae-de-deus-apresenta-plataforma-inovadora-no-combate-ao-cancer\\\/#organizationLogo\"}},{\"@type\":\"Person\",\"@id\":\"https:\\\/\\\/www.jornalja.com.br\\\/arquivo\\\/author\\\/daredacao\\\/#author\",\"url\":\"https:\\\/\\\/www.jornalja.com.br\\\/arquivo\\\/author\\\/daredacao\\\/\",\"name\":\"da Reda\\u00e7\\u00e3o\",\"image\":{\"@type\":\"ImageObject\",\"@id\":\"https:\\\/\\\/www.jornalja.com.br\\\/arquivo\\\/hospital-mae-de-deus-apresenta-plataforma-inovadora-no-combate-ao-cancer\\\/#authorImage\",\"url\":\"https:\\\/\\\/secure.gravatar.com\\\/avatar\\\/469fd857d6605ad19919d27ed29d35a968a25f6e8fd9318356bbb7f57aae9c65?s=96&d=mm&r=g\",\"width\":96,\"height\":96,\"caption\":\"da Reda\\u00e7\\u00e3o\"}},{\"@type\":\"WebPage\",\"@id\":\"https:\\\/\\\/www.jornalja.com.br\\\/arquivo\\\/hospital-mae-de-deus-apresenta-plataforma-inovadora-no-combate-ao-cancer\\\/#webpage\",\"url\":\"https:\\\/\\\/www.jornalja.com.br\\\/arquivo\\\/hospital-mae-de-deus-apresenta-plataforma-inovadora-no-combate-ao-cancer\\\/\",\"name\":\"Hospital M\\u00e3e de Deus apresenta plataforma inovadora no combate ao c\\u00e2ncer | Arquivo\",\"inLanguage\":\"pt-BR\",\"isPartOf\":{\"@id\":\"https:\\\/\\\/www.jornalja.com.br\\\/arquivo\\\/#website\"},\"breadcrumb\":{\"@id\":\"https:\\\/\\\/www.jornalja.com.br\\\/arquivo\\\/hospital-mae-de-deus-apresenta-plataforma-inovadora-no-combate-ao-cancer\\\/#breadcrumblist\"},\"author\":{\"@id\":\"https:\\\/\\\/www.jornalja.com.br\\\/arquivo\\\/author\\\/daredacao\\\/#author\"},\"creator\":{\"@id\":\"https:\\\/\\\/www.jornalja.com.br\\\/arquivo\\\/author\\\/daredacao\\\/#author\"},\"image\":{\"@type\":\"ImageObject\",\"url\":52118,\"@id\":\"https:\\\/\\\/www.jornalja.com.br\\\/arquivo\\\/hospital-mae-de-deus-apresenta-plataforma-inovadora-no-combate-ao-cancer\\\/#mainImage\"},\"primaryImageOfPage\":{\"@id\":\"https:\\\/\\\/www.jornalja.com.br\\\/arquivo\\\/hospital-mae-de-deus-apresenta-plataforma-inovadora-no-combate-ao-cancer\\\/#mainImage\"},\"datePublished\":\"2017-07-25T16:34:10-03:00\",\"dateModified\":\"2017-07-25T16:34:10-03:00\"},{\"@type\":\"WebSite\",\"@id\":\"https:\\\/\\\/www.jornalja.com.br\\\/arquivo\\\/#website\",\"url\":\"https:\\\/\\\/www.jornalja.com.br\\\/arquivo\\\/\",\"name\":\"Arquivo\",\"description\":\"Jornal J\\u00c1 | Porto Alegre\",\"inLanguage\":\"pt-BR\",\"publisher\":{\"@id\":\"https:\\\/\\\/www.jornalja.com.br\\\/arquivo\\\/#organization\"}}]}\n\t\t<\/script>\n\t\t<!-- All in One SEO -->\n\n","aioseo_head_json":{"title":"Hospital M\u00e3e de Deus apresenta plataforma inovadora no combate ao c\u00e2ncer | Arquivo","description":"","canonical_url":"https:\/\/www.jornalja.com.br\/arquivo\/hospital-mae-de-deus-apresenta-plataforma-inovadora-no-combate-ao-cancer\/","robots":"max-image-preview:large","keywords":"","webmasterTools":{"miscellaneous":""},"schema":{"@context":"https:\/\/schema.org","@graph":[{"@type":"BlogPosting","@id":"https:\/\/www.jornalja.com.br\/arquivo\/hospital-mae-de-deus-apresenta-plataforma-inovadora-no-combate-ao-cancer\/#blogposting","name":"Hospital M\u00e3e de Deus apresenta plataforma inovadora no combate ao c\u00e2ncer | Arquivo","headline":"Hospital M\u00e3e de Deus apresenta  plataforma inovadora no combate ao c\u00e2ncer","author":{"@id":"https:\/\/www.jornalja.com.br\/arquivo\/author\/daredacao\/#author"},"publisher":{"@id":"https:\/\/www.jornalja.com.br\/arquivo\/#organization"},"image":{"@type":"ImageObject","url":52118},"datePublished":"2017-07-25T16:34:10-03:00","dateModified":"2017-07-25T16:34:10-03:00","inLanguage":"pt-BR","mainEntityOfPage":{"@id":"https:\/\/www.jornalja.com.br\/arquivo\/hospital-mae-de-deus-apresenta-plataforma-inovadora-no-combate-ao-cancer\/#webpage"},"isPartOf":{"@id":"https:\/\/www.jornalja.com.br\/arquivo\/hospital-mae-de-deus-apresenta-plataforma-inovadora-no-combate-ao-cancer\/#webpage"},"articleSection":"Geral"},{"@type":"BreadcrumbList","@id":"https:\/\/www.jornalja.com.br\/arquivo\/hospital-mae-de-deus-apresenta-plataforma-inovadora-no-combate-ao-cancer\/#breadcrumblist","itemListElement":[{"@type":"ListItem","@id":"https:\/\/www.jornalja.com.br\/arquivo#listItem","position":1,"name":"Home","item":"https:\/\/www.jornalja.com.br\/arquivo","nextItem":{"@type":"ListItem","@id":"https:\/\/www.jornalja.com.br\/arquivo\/category\/geral\/#listItem","name":"Geral"}},{"@type":"ListItem","@id":"https:\/\/www.jornalja.com.br\/arquivo\/category\/geral\/#listItem","position":2,"name":"Geral","item":"https:\/\/www.jornalja.com.br\/arquivo\/category\/geral\/","nextItem":{"@type":"ListItem","@id":"https:\/\/www.jornalja.com.br\/arquivo\/hospital-mae-de-deus-apresenta-plataforma-inovadora-no-combate-ao-cancer\/#listItem","name":"Hospital M\u00e3e de Deus apresenta  plataforma inovadora no combate ao c\u00e2ncer"},"previousItem":{"@type":"ListItem","@id":"https:\/\/www.jornalja.com.br\/arquivo#listItem","name":"Home"}},{"@type":"ListItem","@id":"https:\/\/www.jornalja.com.br\/arquivo\/hospital-mae-de-deus-apresenta-plataforma-inovadora-no-combate-ao-cancer\/#listItem","position":3,"name":"Hospital M\u00e3e de Deus apresenta  plataforma inovadora no combate ao c\u00e2ncer","previousItem":{"@type":"ListItem","@id":"https:\/\/www.jornalja.com.br\/arquivo\/category\/geral\/#listItem","name":"Geral"}}]},{"@type":"Organization","@id":"https:\/\/www.jornalja.com.br\/arquivo\/#organization","name":"Jornal J\u00c1","description":"Jornal J\u00c1 | Porto Alegre","url":"https:\/\/www.jornalja.com.br\/arquivo\/","telephone":"+555133307272","logo":{"@type":"ImageObject","url":"https:\/\/www.jornalja.com.br\/wp-content\/uploads\/cards\/JAslogan.png","@id":"https:\/\/www.jornalja.com.br\/arquivo\/hospital-mae-de-deus-apresenta-plataforma-inovadora-no-combate-ao-cancer\/#organizationLogo"},"image":{"@id":"https:\/\/www.jornalja.com.br\/arquivo\/hospital-mae-de-deus-apresenta-plataforma-inovadora-no-combate-ao-cancer\/#organizationLogo"}},{"@type":"Person","@id":"https:\/\/www.jornalja.com.br\/arquivo\/author\/daredacao\/#author","url":"https:\/\/www.jornalja.com.br\/arquivo\/author\/daredacao\/","name":"da Reda\u00e7\u00e3o","image":{"@type":"ImageObject","@id":"https:\/\/www.jornalja.com.br\/arquivo\/hospital-mae-de-deus-apresenta-plataforma-inovadora-no-combate-ao-cancer\/#authorImage","url":"https:\/\/secure.gravatar.com\/avatar\/469fd857d6605ad19919d27ed29d35a968a25f6e8fd9318356bbb7f57aae9c65?s=96&d=mm&r=g","width":96,"height":96,"caption":"da Reda\u00e7\u00e3o"}},{"@type":"WebPage","@id":"https:\/\/www.jornalja.com.br\/arquivo\/hospital-mae-de-deus-apresenta-plataforma-inovadora-no-combate-ao-cancer\/#webpage","url":"https:\/\/www.jornalja.com.br\/arquivo\/hospital-mae-de-deus-apresenta-plataforma-inovadora-no-combate-ao-cancer\/","name":"Hospital M\u00e3e de Deus apresenta plataforma inovadora no combate ao c\u00e2ncer | Arquivo","inLanguage":"pt-BR","isPartOf":{"@id":"https:\/\/www.jornalja.com.br\/arquivo\/#website"},"breadcrumb":{"@id":"https:\/\/www.jornalja.com.br\/arquivo\/hospital-mae-de-deus-apresenta-plataforma-inovadora-no-combate-ao-cancer\/#breadcrumblist"},"author":{"@id":"https:\/\/www.jornalja.com.br\/arquivo\/author\/daredacao\/#author"},"creator":{"@id":"https:\/\/www.jornalja.com.br\/arquivo\/author\/daredacao\/#author"},"image":{"@type":"ImageObject","url":52118,"@id":"https:\/\/www.jornalja.com.br\/arquivo\/hospital-mae-de-deus-apresenta-plataforma-inovadora-no-combate-ao-cancer\/#mainImage"},"primaryImageOfPage":{"@id":"https:\/\/www.jornalja.com.br\/arquivo\/hospital-mae-de-deus-apresenta-plataforma-inovadora-no-combate-ao-cancer\/#mainImage"},"datePublished":"2017-07-25T16:34:10-03:00","dateModified":"2017-07-25T16:34:10-03:00"},{"@type":"WebSite","@id":"https:\/\/www.jornalja.com.br\/arquivo\/#website","url":"https:\/\/www.jornalja.com.br\/arquivo\/","name":"Arquivo","description":"Jornal J\u00c1 | Porto Alegre","inLanguage":"pt-BR","publisher":{"@id":"https:\/\/www.jornalja.com.br\/arquivo\/#organization"}}]},"og:locale":"pt_BR","og:site_name":"Arquivo | Jornal J\u00c1 | Porto Alegre","og:type":"article","og:title":"Hospital M\u00e3e de Deus apresenta plataforma inovadora no combate ao c\u00e2ncer | Arquivo","og:url":"https:\/\/www.jornalja.com.br\/arquivo\/hospital-mae-de-deus-apresenta-plataforma-inovadora-no-combate-ao-cancer\/","og:image":"https:\/\/www.jornalja.com.br\/wp-content\/uploads\/2017\/07\/PET-CT-400x256.jpg","og:image:secure_url":"https:\/\/www.jornalja.com.br\/wp-content\/uploads\/2017\/07\/PET-CT-400x256.jpg","article:published_time":"2017-07-25T19:34:10+00:00","article:modified_time":"2017-07-25T19:34:10+00:00","twitter:card":"summary","twitter:title":"Hospital M\u00e3e de Deus apresenta plataforma inovadora no combate ao c\u00e2ncer | Arquivo","twitter:image":"https:\/\/www.jornalja.com.br\/economics\/wp-content\/uploads\/sites\/11\/2026\/08\/ja-folhaderosto-facebook.jpg"},"aioseo_meta_data":{"post_id":"52089","title":null,"description":null,"keywords":null,"keyphrases":null,"primary_term":null,"canonical_url":null,"og_title":null,"og_description":null,"og_object_type":"default","og_image_type":"default","og_image_url":null,"og_image_width":null,"og_image_height":null,"og_image_custom_url":null,"og_image_custom_fields":null,"og_video":null,"og_custom_url":null,"og_article_section":null,"og_article_tags":null,"twitter_use_og":false,"twitter_card":"default","twitter_image_type":"default","twitter_image_url":null,"twitter_image_custom_url":null,"twitter_image_custom_fields":null,"twitter_title":null,"twitter_description":null,"schema":{"blockGraphs":[],"customGraphs":[],"default":{"data":{"Article":[],"Course":[],"Dataset":[],"FAQPage":[],"Movie":[],"Person":[],"Product":[],"ProductReview":[],"Car":[],"Recipe":[],"Service":[],"SoftwareApplication":[],"WebPage":[]},"graphName":"","isEnabled":true},"graphs":[]},"schema_type":null,"schema_type_options":null,"pillar_content":false,"robots_default":true,"robots_noindex":false,"robots_noarchive":false,"robots_nosnippet":false,"robots_nofollow":false,"robots_noimageindex":false,"robots_noodp":false,"robots_notranslate":false,"robots_max_snippet":null,"robots_max_videopreview":null,"robots_max_imagepreview":"large","priority":null,"frequency":null,"location":null,"local_seo":null,"breadcrumb_settings":null,"limit_modified_date":false,"ai":null,"created":"2020-12-20 20:29:05","updated":"2025-07-19 23:35:55","seo_analyzer_scan_date":null,"focus_keyword":null,"additional_keywords":null,"truseo_locale":null},"jetpack_sharing_enabled":true,"jetpack-related-posts":[{"id":13101,"url":"https:\/\/www.jornalja.com.br\/arquivo\/morre-um-guerreiro-do-texto\/","url_meta":{"origin":52089,"position":0},"title":"Morre um guerreiro do texto","author":"Patr\u00edcia Marini","date":"14 de maio de 2014","format":false,"excerpt":"Por Ricardo Kotscho Reproduzido do blog do autor, 11\/5\/2014; t\u00edtulo original \u201cE l\u00e1 se foi o nosso Myltainho, guerreiro do texto\u201d. Mi\u00fado e franzino, meu amigo Myltainho era um valente e inconformado guerreiro na luta contra as injusti\u00e7as sociais, a hipocrisia, as maracutaias, o autoritarismo, a intoler\u00e2ncia, a viol\u00eancia, o\u2026","rel":"","context":"Em &quot;Geral&quot;","block_context":{"text":"Geral","link":"https:\/\/www.jornalja.com.br\/arquivo\/category\/geral\/"},"img":{"alt_text":"","src":"","width":0,"height":0},"classes":[]},{"id":13128,"url":"https:\/\/www.jornalja.com.br\/arquivo\/maconha-terra-diz-que-uso-medicinal-e-desculpa\/","url_meta":{"origin":52089,"position":1},"title":"Maconha: Terra diz que uso medicinal \u00e9 desculpa","author":"Patr\u00edcia Marini","date":"4 de junho de 2014","format":false,"excerpt":"A condi\u00e7\u00e3o de pol\u00edtico, em \u00e9poca de campanha de campanha eleitoral, tira for\u00e7a do discurso do m\u00e9dico Osmar Terra contra a legaliza\u00e7\u00e3o da maconha. A tese dele de que a libera\u00e7\u00e3o vai ampliar exponencialmente o consumo \u00e9 discutivel, o consumo \u00e9 corrente. Mas seus alertas quanto aos riscos tem que\u2026","rel":"","context":"Em &quot;X.Categorias velhas&quot;","block_context":{"text":"X.Categorias velhas","link":"https:\/\/www.jornalja.com.br\/arquivo\/category\/x-categorias-velhas\/"},"img":{"alt_text":"","src":"","width":0,"height":0},"classes":[]},{"id":14241,"url":"https:\/\/www.jornalja.com.br\/arquivo\/o-guaiba-nas-imagens-poeticas-de-achutti\/","url_meta":{"origin":52089,"position":2},"title":"O Gua\u00edba nas imagens po\u00e9ticas de Achutti","author":"da Reda\u00e7\u00e3o","date":"18 de junho de 2014","format":false,"excerpt":"Em \u201cO Gua\u00edba por Achutti\u201d \u2013 obra financiada via Minist\u00e9rio da Cultura, produ\u00e7\u00e3o executiva de Pedro Longhi, e Fl\u00e1vio Wild como designer \u2013, o fot\u00f3grafo revela a beleza e as mazelas de um espa\u00e7o aqu\u00e1tico de \u00e1guas sempre renovadas, cheio de hist\u00f3rias e lendas como as das cidades que foram\u2026","rel":"","context":"Em &quot;Cultura-Geral&quot;","block_context":{"text":"Cultura-Geral","link":"https:\/\/www.jornalja.com.br\/arquivo\/category\/materiasecundaria\/"},"img":{"alt_text":"","src":"","width":0,"height":0},"classes":[]},{"id":5440,"url":"https:\/\/www.jornalja.com.br\/arquivo\/casarao-da-venancio-destino-permanece-incerto\/","url_meta":{"origin":52089,"position":3},"title":"Estado ainda n\u00e3o sabe o que fazer com casar\u00e3o abandonado h\u00e1 20 anos","author":"Elmar Bones","date":"6 de julho de 2009","format":false,"excerpt":"O casar\u00e3o amarelo, numa esquina nobre de Porto Alegre (Ven\u00e2ncio Aires com Jo\u00e3o Pessoa), j\u00e1 abrigou uma escola. H\u00e1 duas d\u00e9cadas, pelo menos, est\u00e1 abandonado, porque seu propriet\u00e1rio, o governo do Estado do Rio Grande do Sul, n\u00e3o consegue achar um destino para ele. Planos n\u00e3o faltaram. O governador Ol\u00edvio\u2026","rel":"","context":"Em &quot;X.Categorias velhas&quot;","block_context":{"text":"X.Categorias velhas","link":"https:\/\/www.jornalja.com.br\/arquivo\/category\/x-categorias-velhas\/"},"img":{"alt_text":"geraldo1","src":"https:\/\/i0.wp.com\/www.jornalja.com.br\/wp-content\/uploads\/2009\/07\/geraldo1.jpg?resize=350%2C200&ssl=1","width":350,"height":200},"classes":[]},{"id":12960,"url":"https:\/\/www.jornalja.com.br\/arquivo\/populacao-culpa-empresas-pela-greve-dos-rodoviarios\/","url_meta":{"origin":52089,"position":4},"title":"Popula\u00e7\u00e3o culpa empresas pela greve","author":"Patr\u00edcia Marini","date":"14 de fevereiro de 2014","format":false,"excerpt":"Pesquisa divulgada na edi\u00e7\u00e3o do jornal Metro desta sexta-feira,14, comprova o velho ditado: \u00e9 poss\u00edvel enganar muitos por algum tempo, mas n\u00e3o \u00e9 poss\u00edvel enganar a todos o tempo inteiro. A principal revela\u00e7\u00e3o foi que 59,8% dos entrevistados apontaram as empresas como as principais respons\u00e1veis pela grave e 46% culparam\u2026","rel":"","context":"Em &quot;X.Categorias velhas&quot;","block_context":{"text":"X.Categorias velhas","link":"https:\/\/www.jornalja.com.br\/arquivo\/category\/x-categorias-velhas\/"},"img":{"alt_text":"","src":"","width":0,"height":0},"classes":[]},{"id":13109,"url":"https:\/\/www.jornalja.com.br\/arquivo\/judiciario-reconhece-poluicao-eletromagnetica\/","url_meta":{"origin":52089,"position":5},"title":"Judici\u00e1rio reconhece polui\u00e7\u00e3o eletromagn\u00e9tica","author":"Patr\u00edcia Marini","date":"16 de maio de 2014","format":false,"excerpt":"A\u00e7\u00e3o de duas associa\u00e7\u00f5es de moradores foi acolhida pelo Tribunal de Justi\u00e7a de S\u00e3o Paulo que. em decis\u00e3o in\u00e9dita, determinou a redu\u00e7\u00e3o do campo eletromagn\u00e9tico gerado pelas linhas de transmiss\u00e3o de energia que cortam os bairros City Boa\u00e7ava e Alto de Pinheiros. \u00c9 a primeira vez que um tribunal do\u2026","rel":"","context":"Em &quot;X.Categorias velhas&quot;","block_context":{"text":"X.Categorias velhas","link":"https:\/\/www.jornalja.com.br\/arquivo\/category\/x-categorias-velhas\/"},"img":{"alt_text":"","src":"","width":0,"height":0},"classes":[]}],"jetpack_shortlink":"https:\/\/wp.me\/pbQjBd-dy9","jetpack_featured_media_url":"","_links":{"self":[{"href":"https:\/\/www.jornalja.com.br\/arquivo\/wp-json\/wp\/v2\/posts\/52089","targetHints":{"allow":["GET"]}}],"collection":[{"href":"https:\/\/www.jornalja.com.br\/arquivo\/wp-json\/wp\/v2\/posts"}],"about":[{"href":"https:\/\/www.jornalja.com.br\/arquivo\/wp-json\/wp\/v2\/types\/post"}],"author":[{"embeddable":true,"href":"https:\/\/www.jornalja.com.br\/arquivo\/wp-json\/wp\/v2\/users\/4"}],"replies":[{"embeddable":true,"href":"https:\/\/www.jornalja.com.br\/arquivo\/wp-json\/wp\/v2\/comments?post=52089"}],"version-history":[{"count":0,"href":"https:\/\/www.jornalja.com.br\/arquivo\/wp-json\/wp\/v2\/posts\/52089\/revisions"}],"wp:attachment":[{"href":"https:\/\/www.jornalja.com.br\/arquivo\/wp-json\/wp\/v2\/media?parent=52089"}],"wp:term":[{"taxonomy":"category","embeddable":true,"href":"https:\/\/www.jornalja.com.br\/arquivo\/wp-json\/wp\/v2\/categories?post=52089"},{"taxonomy":"post_tag","embeddable":true,"href":"https:\/\/www.jornalja.com.br\/arquivo\/wp-json\/wp\/v2\/tags?post=52089"}],"curies":[{"name":"wp","href":"https:\/\/api.w.org\/{rel}","templated":true}]}}