{"id":52124,"date":"2017-07-26T11:54:19","date_gmt":"2017-07-26T14:54:19","guid":{"rendered":"https:\/\/www.jornalja.com.br\/?p=52124"},"modified":"2017-07-26T11:54:19","modified_gmt":"2017-07-26T14:54:19","slug":"com-queda-nas-matriculas-pucrs-demitiu-um-professor-por-dia-em-julho","status":"publish","type":"post","link":"https:\/\/www.jornalja.com.br\/arquivo\/com-queda-nas-matriculas-pucrs-demitiu-um-professor-por-dia-em-julho\/","title":{"rendered":"Com queda nas matr\u00edculas, PUCRS demitiu um professor por dia em julho"},"content":{"rendered":"<p><span class=\"assina\">Matheus Chaparini<\/span><br \/>\nUma sequ\u00eancia de demiss\u00f5es durante o recesso escolar neste m\u00eas de julho vem surpreendendo os professores da Pontif\u00edcia Universidade Cat\u00f3lica do Rio Grande do Sul (PUCRS).<br \/>\nForam 25 dispensas nos 25 primeiros dias de julho,\u00a0segundo estimativa do Sindicato dos Professores do Ensino Privado do RS (Sinpro\/RS). E o n\u00famero pode chegar a uma centena.<br \/>\nDe acordo com o diretor do Sinpro\/RS, Amarildo Cenci, todas as demiss\u00f5es passam pelo sindicato e, para facilitar os tr\u00e2mites burocr\u00e1ticos, s\u00e3o feitos agendamentos junto \u00e0 entidade.<br \/>\nNo caso da PUC, foram feitos 130 agendamentos, o que n\u00e3o significa necessariamente 130 demiss\u00f5es, pois pode haver mais de um agendamento para um mesmo professor. Em reuni\u00e3o a dire\u00e7\u00e3o teria estimado entre 50 e 100 as rescis\u00f5es. Na pr\u00f3xima semana, o sindicato deve divulgar n\u00fameros definitivos.<br \/>\nCenci lamenta que o\u00a0perfil dos profissionais demitidos at\u00e9 agora s\u00e3o\u00a0os que possuem maior n\u00edvel de qualifica\u00e7\u00e3o, maioria com doutorado e alguns com mais de 30 anos de universidade, alguns com\u00a0sal\u00e1rios maiores. \u201cN\u00e3o temos a menor d\u00favida de que esta rotatividade, que retira do posto de trabalho pessoal mais qualificado, gera um preju\u00edzo na qualidade do ensino.\u201d<br \/>\nEm nota, a PUCRS informa que ainda n\u00e3o tem n\u00fameros consolidados sobre as demiss\u00f5es de professores. \u201cEstamos em per\u00edodo de transfer\u00eancias, reingresso de estudantes. Isso impacta no n\u00famero de turmas e de alunos, um dos fatores que determinam a composi\u00e7\u00e3o do nosso quadro docente\u201d.<br \/>\nO per\u00edodo de matr\u00edcula para os veteranos encerra nesta sexta-feira, 28, e as aulas do segundo semestre come\u00e7am no dia 2 de agosto. H\u00e1 ainda um per\u00edodo de complementa\u00e7\u00e3o de matr\u00edcula at\u00e9 o dia 10 de agosto.<br \/>\nA universidade atribui os desligamentos a medidas de ajuste necess\u00e1rias diante do cen\u00e1rio pol\u00edtico-econ\u00f4mico do pa\u00eds e \u00e0 redu\u00e7\u00e3o do n\u00famero de estudantes.<br \/>\nA PUC ressalta ainda que 40% dos seus alunos t\u00eam acesso a algum benef\u00edcio estudantil, como o Fies ou o Prouni, programas que vem sofrendo redu\u00e7\u00f5es nos valores concedidos pelo governo federal, nos \u00faltimos anos.<br \/>\nH\u00e1 um clima natural de nervosismo entre os docentes das faculdades e os alunos.\u00a0Na Faculdade de Comunica\u00e7\u00e3o Social, a Famecos, uma das mais conceituadas do pa\u00eds, professores demitidos manifestam-se nas redes sociais para despedirem-se dos colegas e alunos.<br \/>\nAlguns com larga experi\u00eancia como\u00a0Marquinhos Vargas, professor da PUC por vinte anos, titular das cadeiras de telejornalismo e hist\u00f3ria do jornalismo, comunicou seu desligamento na segunda-feira, atrav\u00e9s do Facebook.<br \/>\n&#8220;Hoje, dia 24 de julho de 2017, para minha profunda tristeza, esta rela\u00e7\u00e3o que cultivei com tanto carinho e empenho foi cortada unilateralmente&#8221;, disse, em meio a um extenso texto em que fez homenagens e agradecimentos.<br \/>\nOutros docentes da Comunica\u00e7\u00e3o devem ser cortados at\u00e9 a metade de agosto. Circulam pelo menos duas listas com os nomes dos pr\u00f3ximos a terem os contratos rescindidos. Nada oficial.<br \/>\nA\u00a0Famecos \u00e9 uma das faculdades que sofrer\u00e3o mais cortes de professores devido \u00e0 redu\u00e7\u00e3o dr\u00e1stica no n\u00famero de novas matr\u00edculas de estudantes. O valor da mensalidade para 23 cr\u00e9ditos (de oito a dez cadeiras, aproximadamente) de um curso de comunica\u00e7\u00e3o custa cerca de R$ 2,2 mil.<br \/>\n<span class=\"intertit\">No Estado, 43 demiss\u00f5es por dia<\/span><span class=\"intertit\">\u00a0<\/span><br \/>\nA redu\u00e7\u00e3o no quadro docente universit\u00e1rio n\u00e3o \u00e9 exclusividade na PUC ga\u00facha. As principais institui\u00e7\u00f5es de ensino superior privado no Estado tiveram que demitir nos \u00faltimos anos.<br \/>\n&#8220;O\u00a0caso da PUC \u00e9 o que se apresenta neste momento. Em 2015, a Unisinos demitiu quase 200 professores, de um quadro de cerca de 1.200; a Uniritter fez um grande ajuste tamb\u00e9m em outro ano. A PUC foi adiando este processo e, curiosamente, vem em um momento que o quadro econ\u00f4mico parece estar estabilizando\u201d, afirma Amarildo.<br \/>\nLevantamento realizado pelo Sinpro\/RS aponta uma pequena eleva\u00e7\u00e3o no n\u00famero de desligamentos proporcionalmente deste m\u00eas em rela\u00e7\u00e3o a julho do ano passado. Desde o in\u00edcio do m\u00eas foram 1080 rescis\u00f5es de professores do ensino superior no estado (m\u00e9dia de cerca de 43 por dia) contra 1183 ao longo de todo o m\u00eas de julho de 2016 (cerca de 38 por dia).<\/p>\n","protected":false},"excerpt":{"rendered":"<p>Matheus Chaparini Uma sequ\u00eancia de demiss\u00f5es durante o recesso escolar neste m\u00eas de julho vem surpreendendo os professores da Pontif\u00edcia Universidade Cat\u00f3lica do Rio Grande do Sul (PUCRS). Foram 25 dispensas nos 25 primeiros dias de julho,\u00a0segundo estimativa do Sindicato dos Professores do Ensino Privado do RS (Sinpro\/RS). E o n\u00famero pode chegar a uma [&hellip;]<\/p>\n","protected":false},"author":4,"featured_media":52160,"comment_status":"open","ping_status":"closed","sticky":false,"template":"","format":"standard","meta":{"_jetpack_newsletter_access":"","_jetpack_dont_email_post_to_subs":false,"_jetpack_newsletter_tier_id":0,"_jetpack_memberships_contains_paywalled_content":false,"_jetpack_feature_clip_id":0,"_jetpack_memberships_contains_paid_content":false,"footnotes":"","jetpack_post_was_ever_published":false},"categories":[26],"tags":[],"class_list":["post-52124","post","type-post","status-publish","format-standard","has-post-thumbnail","hentry","category-geral"],"aioseo_notices":[],"aioseo_head":"\n\t\t<!-- All in One SEO 5.0.1.1 - aioseo.com -->\n\t<meta name=\"robots\" content=\"max-image-preview:large\" \/>\n\t<meta name=\"author\" content=\"da Reda\u00e7\u00e3o\"\/>\n\t<link rel=\"canonical\" href=\"https:\/\/www.jornalja.com.br\/arquivo\/com-queda-nas-matriculas-pucrs-demitiu-um-professor-por-dia-em-julho\/\" \/>\n\t<meta name=\"generator\" content=\"All in One SEO (AIOSEO) 5.0.1.1\" \/>\n\t\t<meta property=\"og:locale\" content=\"pt_BR\" \/>\n\t\t<meta property=\"og:site_name\" content=\"Arquivo | Jornal J\u00c1 | Porto Alegre\" \/>\n\t\t<meta property=\"og:type\" content=\"article\" \/>\n\t\t<meta property=\"og:title\" content=\"Com queda nas matr\u00edculas, PUCRS demitiu um professor por dia em julho | Arquivo\" \/>\n\t\t<meta property=\"og:url\" content=\"https:\/\/www.jornalja.com.br\/arquivo\/com-queda-nas-matriculas-pucrs-demitiu-um-professor-por-dia-em-julho\/\" \/>\n\t\t<meta property=\"og:image\" content=\"https:\/\/www.jornalja.com.br\/economics\/wp-content\/uploads\/sites\/11\/2026\/08\/ja-folhaderosto-facebook.jpg\" \/>\n\t\t<meta property=\"og:image:secure_url\" content=\"https:\/\/www.jornalja.com.br\/economics\/wp-content\/uploads\/sites\/11\/2026\/08\/ja-folhaderosto-facebook.jpg\" \/>\n\t\t<meta property=\"article:published_time\" content=\"2017-07-26T14:54:19+00:00\" \/>\n\t\t<meta property=\"article:modified_time\" content=\"2017-07-26T14:54:19+00:00\" \/>\n\t\t<meta name=\"twitter:card\" content=\"summary\" \/>\n\t\t<meta name=\"twitter:title\" content=\"Com queda nas matr\u00edculas, PUCRS demitiu um professor por dia em julho | Arquivo\" \/>\n\t\t<meta name=\"twitter:image\" content=\"https:\/\/www.jornalja.com.br\/economics\/wp-content\/uploads\/sites\/11\/2026\/08\/ja-folhaderosto-facebook.jpg\" \/>\n\t\t<script type=\"application\/ld+json\" class=\"aioseo-schema\">\n\t\t\t{\"@context\":\"https:\\\/\\\/schema.org\",\"@graph\":[{\"@type\":\"BlogPosting\",\"@id\":\"https:\\\/\\\/www.jornalja.com.br\\\/arquivo\\\/com-queda-nas-matriculas-pucrs-demitiu-um-professor-por-dia-em-julho\\\/#blogposting\",\"name\":\"Com queda nas matr\\u00edculas, PUCRS demitiu um professor por dia em julho | Arquivo\",\"headline\":\"Com queda nas matr\\u00edculas, PUCRS demitiu um professor por dia em julho\",\"author\":{\"@id\":\"https:\\\/\\\/www.jornalja.com.br\\\/arquivo\\\/author\\\/daredacao\\\/#author\"},\"publisher\":{\"@id\":\"https:\\\/\\\/www.jornalja.com.br\\\/arquivo\\\/#organization\"},\"image\":{\"@type\":\"ImageObject\",\"url\":52160},\"datePublished\":\"2017-07-26T11:54:19-03:00\",\"dateModified\":\"2017-07-26T11:54:19-03:00\",\"inLanguage\":\"pt-BR\",\"commentCount\":1,\"mainEntityOfPage\":{\"@id\":\"https:\\\/\\\/www.jornalja.com.br\\\/arquivo\\\/com-queda-nas-matriculas-pucrs-demitiu-um-professor-por-dia-em-julho\\\/#webpage\"},\"isPartOf\":{\"@id\":\"https:\\\/\\\/www.jornalja.com.br\\\/arquivo\\\/com-queda-nas-matriculas-pucrs-demitiu-um-professor-por-dia-em-julho\\\/#webpage\"},\"articleSection\":\"Geral\"},{\"@type\":\"BreadcrumbList\",\"@id\":\"https:\\\/\\\/www.jornalja.com.br\\\/arquivo\\\/com-queda-nas-matriculas-pucrs-demitiu-um-professor-por-dia-em-julho\\\/#breadcrumblist\",\"itemListElement\":[{\"@type\":\"ListItem\",\"@id\":\"https:\\\/\\\/www.jornalja.com.br\\\/arquivo#listItem\",\"position\":1,\"name\":\"Home\",\"item\":\"https:\\\/\\\/www.jornalja.com.br\\\/arquivo\",\"nextItem\":{\"@type\":\"ListItem\",\"@id\":\"https:\\\/\\\/www.jornalja.com.br\\\/arquivo\\\/category\\\/geral\\\/#listItem\",\"name\":\"Geral\"}},{\"@type\":\"ListItem\",\"@id\":\"https:\\\/\\\/www.jornalja.com.br\\\/arquivo\\\/category\\\/geral\\\/#listItem\",\"position\":2,\"name\":\"Geral\",\"item\":\"https:\\\/\\\/www.jornalja.com.br\\\/arquivo\\\/category\\\/geral\\\/\",\"nextItem\":{\"@type\":\"ListItem\",\"@id\":\"https:\\\/\\\/www.jornalja.com.br\\\/arquivo\\\/com-queda-nas-matriculas-pucrs-demitiu-um-professor-por-dia-em-julho\\\/#listItem\",\"name\":\"Com queda nas matr\\u00edculas, PUCRS demitiu um professor por dia em julho\"},\"previousItem\":{\"@type\":\"ListItem\",\"@id\":\"https:\\\/\\\/www.jornalja.com.br\\\/arquivo#listItem\",\"name\":\"Home\"}},{\"@type\":\"ListItem\",\"@id\":\"https:\\\/\\\/www.jornalja.com.br\\\/arquivo\\\/com-queda-nas-matriculas-pucrs-demitiu-um-professor-por-dia-em-julho\\\/#listItem\",\"position\":3,\"name\":\"Com queda nas matr\\u00edculas, PUCRS demitiu um professor por dia em julho\",\"previousItem\":{\"@type\":\"ListItem\",\"@id\":\"https:\\\/\\\/www.jornalja.com.br\\\/arquivo\\\/category\\\/geral\\\/#listItem\",\"name\":\"Geral\"}}]},{\"@type\":\"Organization\",\"@id\":\"https:\\\/\\\/www.jornalja.com.br\\\/arquivo\\\/#organization\",\"name\":\"Jornal J\\u00c1\",\"description\":\"Jornal J\\u00c1 | Porto Alegre\",\"url\":\"https:\\\/\\\/www.jornalja.com.br\\\/arquivo\\\/\",\"telephone\":\"+555133307272\",\"logo\":{\"@type\":\"ImageObject\",\"url\":\"https:\\\/\\\/www.jornalja.com.br\\\/wp-content\\\/uploads\\\/cards\\\/JAslogan.png\",\"@id\":\"https:\\\/\\\/www.jornalja.com.br\\\/arquivo\\\/com-queda-nas-matriculas-pucrs-demitiu-um-professor-por-dia-em-julho\\\/#organizationLogo\"},\"image\":{\"@id\":\"https:\\\/\\\/www.jornalja.com.br\\\/arquivo\\\/com-queda-nas-matriculas-pucrs-demitiu-um-professor-por-dia-em-julho\\\/#organizationLogo\"}},{\"@type\":\"Person\",\"@id\":\"https:\\\/\\\/www.jornalja.com.br\\\/arquivo\\\/author\\\/daredacao\\\/#author\",\"url\":\"https:\\\/\\\/www.jornalja.com.br\\\/arquivo\\\/author\\\/daredacao\\\/\",\"name\":\"da Reda\\u00e7\\u00e3o\",\"image\":{\"@type\":\"ImageObject\",\"@id\":\"https:\\\/\\\/www.jornalja.com.br\\\/arquivo\\\/com-queda-nas-matriculas-pucrs-demitiu-um-professor-por-dia-em-julho\\\/#authorImage\",\"url\":\"https:\\\/\\\/secure.gravatar.com\\\/avatar\\\/469fd857d6605ad19919d27ed29d35a968a25f6e8fd9318356bbb7f57aae9c65?s=96&d=mm&r=g\",\"width\":96,\"height\":96,\"caption\":\"da Reda\\u00e7\\u00e3o\"}},{\"@type\":\"WebPage\",\"@id\":\"https:\\\/\\\/www.jornalja.com.br\\\/arquivo\\\/com-queda-nas-matriculas-pucrs-demitiu-um-professor-por-dia-em-julho\\\/#webpage\",\"url\":\"https:\\\/\\\/www.jornalja.com.br\\\/arquivo\\\/com-queda-nas-matriculas-pucrs-demitiu-um-professor-por-dia-em-julho\\\/\",\"name\":\"Com queda nas matr\\u00edculas, PUCRS demitiu um professor por dia em julho | Arquivo\",\"inLanguage\":\"pt-BR\",\"isPartOf\":{\"@id\":\"https:\\\/\\\/www.jornalja.com.br\\\/arquivo\\\/#website\"},\"breadcrumb\":{\"@id\":\"https:\\\/\\\/www.jornalja.com.br\\\/arquivo\\\/com-queda-nas-matriculas-pucrs-demitiu-um-professor-por-dia-em-julho\\\/#breadcrumblist\"},\"author\":{\"@id\":\"https:\\\/\\\/www.jornalja.com.br\\\/arquivo\\\/author\\\/daredacao\\\/#author\"},\"creator\":{\"@id\":\"https:\\\/\\\/www.jornalja.com.br\\\/arquivo\\\/author\\\/daredacao\\\/#author\"},\"image\":{\"@type\":\"ImageObject\",\"url\":52160,\"@id\":\"https:\\\/\\\/www.jornalja.com.br\\\/arquivo\\\/com-queda-nas-matriculas-pucrs-demitiu-um-professor-por-dia-em-julho\\\/#mainImage\"},\"primaryImageOfPage\":{\"@id\":\"https:\\\/\\\/www.jornalja.com.br\\\/arquivo\\\/com-queda-nas-matriculas-pucrs-demitiu-um-professor-por-dia-em-julho\\\/#mainImage\"},\"datePublished\":\"2017-07-26T11:54:19-03:00\",\"dateModified\":\"2017-07-26T11:54:19-03:00\"},{\"@type\":\"WebSite\",\"@id\":\"https:\\\/\\\/www.jornalja.com.br\\\/arquivo\\\/#website\",\"url\":\"https:\\\/\\\/www.jornalja.com.br\\\/arquivo\\\/\",\"name\":\"Arquivo\",\"description\":\"Jornal J\\u00c1 | Porto Alegre\",\"inLanguage\":\"pt-BR\",\"publisher\":{\"@id\":\"https:\\\/\\\/www.jornalja.com.br\\\/arquivo\\\/#organization\"}}]}\n\t\t<\/script>\n\t\t<!-- All in One SEO -->\n\n","aioseo_head_json":{"title":"Com queda nas matr\u00edculas, PUCRS demitiu um professor por dia em julho | Arquivo","description":"","canonical_url":"https:\/\/www.jornalja.com.br\/arquivo\/com-queda-nas-matriculas-pucrs-demitiu-um-professor-por-dia-em-julho\/","robots":"max-image-preview:large","keywords":"","webmasterTools":{"miscellaneous":""},"schema":{"@context":"https:\/\/schema.org","@graph":[{"@type":"BlogPosting","@id":"https:\/\/www.jornalja.com.br\/arquivo\/com-queda-nas-matriculas-pucrs-demitiu-um-professor-por-dia-em-julho\/#blogposting","name":"Com queda nas matr\u00edculas, PUCRS demitiu um professor por dia em julho | Arquivo","headline":"Com queda nas matr\u00edculas, PUCRS demitiu um professor por dia em julho","author":{"@id":"https:\/\/www.jornalja.com.br\/arquivo\/author\/daredacao\/#author"},"publisher":{"@id":"https:\/\/www.jornalja.com.br\/arquivo\/#organization"},"image":{"@type":"ImageObject","url":52160},"datePublished":"2017-07-26T11:54:19-03:00","dateModified":"2017-07-26T11:54:19-03:00","inLanguage":"pt-BR","commentCount":1,"mainEntityOfPage":{"@id":"https:\/\/www.jornalja.com.br\/arquivo\/com-queda-nas-matriculas-pucrs-demitiu-um-professor-por-dia-em-julho\/#webpage"},"isPartOf":{"@id":"https:\/\/www.jornalja.com.br\/arquivo\/com-queda-nas-matriculas-pucrs-demitiu-um-professor-por-dia-em-julho\/#webpage"},"articleSection":"Geral"},{"@type":"BreadcrumbList","@id":"https:\/\/www.jornalja.com.br\/arquivo\/com-queda-nas-matriculas-pucrs-demitiu-um-professor-por-dia-em-julho\/#breadcrumblist","itemListElement":[{"@type":"ListItem","@id":"https:\/\/www.jornalja.com.br\/arquivo#listItem","position":1,"name":"Home","item":"https:\/\/www.jornalja.com.br\/arquivo","nextItem":{"@type":"ListItem","@id":"https:\/\/www.jornalja.com.br\/arquivo\/category\/geral\/#listItem","name":"Geral"}},{"@type":"ListItem","@id":"https:\/\/www.jornalja.com.br\/arquivo\/category\/geral\/#listItem","position":2,"name":"Geral","item":"https:\/\/www.jornalja.com.br\/arquivo\/category\/geral\/","nextItem":{"@type":"ListItem","@id":"https:\/\/www.jornalja.com.br\/arquivo\/com-queda-nas-matriculas-pucrs-demitiu-um-professor-por-dia-em-julho\/#listItem","name":"Com queda nas matr\u00edculas, PUCRS demitiu um professor por dia em julho"},"previousItem":{"@type":"ListItem","@id":"https:\/\/www.jornalja.com.br\/arquivo#listItem","name":"Home"}},{"@type":"ListItem","@id":"https:\/\/www.jornalja.com.br\/arquivo\/com-queda-nas-matriculas-pucrs-demitiu-um-professor-por-dia-em-julho\/#listItem","position":3,"name":"Com queda nas matr\u00edculas, PUCRS demitiu um professor por dia em julho","previousItem":{"@type":"ListItem","@id":"https:\/\/www.jornalja.com.br\/arquivo\/category\/geral\/#listItem","name":"Geral"}}]},{"@type":"Organization","@id":"https:\/\/www.jornalja.com.br\/arquivo\/#organization","name":"Jornal J\u00c1","description":"Jornal J\u00c1 | Porto Alegre","url":"https:\/\/www.jornalja.com.br\/arquivo\/","telephone":"+555133307272","logo":{"@type":"ImageObject","url":"https:\/\/www.jornalja.com.br\/wp-content\/uploads\/cards\/JAslogan.png","@id":"https:\/\/www.jornalja.com.br\/arquivo\/com-queda-nas-matriculas-pucrs-demitiu-um-professor-por-dia-em-julho\/#organizationLogo"},"image":{"@id":"https:\/\/www.jornalja.com.br\/arquivo\/com-queda-nas-matriculas-pucrs-demitiu-um-professor-por-dia-em-julho\/#organizationLogo"}},{"@type":"Person","@id":"https:\/\/www.jornalja.com.br\/arquivo\/author\/daredacao\/#author","url":"https:\/\/www.jornalja.com.br\/arquivo\/author\/daredacao\/","name":"da Reda\u00e7\u00e3o","image":{"@type":"ImageObject","@id":"https:\/\/www.jornalja.com.br\/arquivo\/com-queda-nas-matriculas-pucrs-demitiu-um-professor-por-dia-em-julho\/#authorImage","url":"https:\/\/secure.gravatar.com\/avatar\/469fd857d6605ad19919d27ed29d35a968a25f6e8fd9318356bbb7f57aae9c65?s=96&d=mm&r=g","width":96,"height":96,"caption":"da Reda\u00e7\u00e3o"}},{"@type":"WebPage","@id":"https:\/\/www.jornalja.com.br\/arquivo\/com-queda-nas-matriculas-pucrs-demitiu-um-professor-por-dia-em-julho\/#webpage","url":"https:\/\/www.jornalja.com.br\/arquivo\/com-queda-nas-matriculas-pucrs-demitiu-um-professor-por-dia-em-julho\/","name":"Com queda nas matr\u00edculas, PUCRS demitiu um professor por dia em julho | Arquivo","inLanguage":"pt-BR","isPartOf":{"@id":"https:\/\/www.jornalja.com.br\/arquivo\/#website"},"breadcrumb":{"@id":"https:\/\/www.jornalja.com.br\/arquivo\/com-queda-nas-matriculas-pucrs-demitiu-um-professor-por-dia-em-julho\/#breadcrumblist"},"author":{"@id":"https:\/\/www.jornalja.com.br\/arquivo\/author\/daredacao\/#author"},"creator":{"@id":"https:\/\/www.jornalja.com.br\/arquivo\/author\/daredacao\/#author"},"image":{"@type":"ImageObject","url":52160,"@id":"https:\/\/www.jornalja.com.br\/arquivo\/com-queda-nas-matriculas-pucrs-demitiu-um-professor-por-dia-em-julho\/#mainImage"},"primaryImageOfPage":{"@id":"https:\/\/www.jornalja.com.br\/arquivo\/com-queda-nas-matriculas-pucrs-demitiu-um-professor-por-dia-em-julho\/#mainImage"},"datePublished":"2017-07-26T11:54:19-03:00","dateModified":"2017-07-26T11:54:19-03:00"},{"@type":"WebSite","@id":"https:\/\/www.jornalja.com.br\/arquivo\/#website","url":"https:\/\/www.jornalja.com.br\/arquivo\/","name":"Arquivo","description":"Jornal J\u00c1 | Porto Alegre","inLanguage":"pt-BR","publisher":{"@id":"https:\/\/www.jornalja.com.br\/arquivo\/#organization"}}]},"og:locale":"pt_BR","og:site_name":"Arquivo | Jornal J\u00c1 | Porto Alegre","og:type":"article","og:title":"Com queda nas matr\u00edculas, PUCRS demitiu um professor por dia em julho | Arquivo","og:url":"https:\/\/www.jornalja.com.br\/arquivo\/com-queda-nas-matriculas-pucrs-demitiu-um-professor-por-dia-em-julho\/","og:image":"https:\/\/www.jornalja.com.br\/economics\/wp-content\/uploads\/sites\/11\/2026\/08\/ja-folhaderosto-facebook.jpg","og:image:secure_url":"https:\/\/www.jornalja.com.br\/economics\/wp-content\/uploads\/sites\/11\/2026\/08\/ja-folhaderosto-facebook.jpg","article:published_time":"2017-07-26T14:54:19+00:00","article:modified_time":"2017-07-26T14:54:19+00:00","twitter:card":"summary","twitter:title":"Com queda nas matr\u00edculas, PUCRS demitiu um professor por dia em julho | Arquivo","twitter:image":"https:\/\/www.jornalja.com.br\/economics\/wp-content\/uploads\/sites\/11\/2026\/08\/ja-folhaderosto-facebook.jpg"},"aioseo_meta_data":{"post_id":"52124","title":null,"description":null,"keywords":null,"keyphrases":null,"primary_term":null,"canonical_url":null,"og_title":null,"og_description":null,"og_object_type":"default","og_image_type":"default","og_image_url":null,"og_image_width":null,"og_image_height":null,"og_image_custom_url":null,"og_image_custom_fields":null,"og_video":null,"og_custom_url":null,"og_article_section":null,"og_article_tags":null,"twitter_use_og":false,"twitter_card":"default","twitter_image_type":"default","twitter_image_url":null,"twitter_image_custom_url":null,"twitter_image_custom_fields":null,"twitter_title":null,"twitter_description":null,"schema":{"blockGraphs":[],"customGraphs":[],"default":{"data":{"Article":[],"Course":[],"Dataset":[],"FAQPage":[],"Movie":[],"Person":[],"Product":[],"ProductReview":[],"Car":[],"Recipe":[],"Service":[],"SoftwareApplication":[],"WebPage":[]},"graphName":"","isEnabled":true},"graphs":[]},"schema_type":null,"schema_type_options":null,"pillar_content":false,"robots_default":true,"robots_noindex":false,"robots_noarchive":false,"robots_nosnippet":false,"robots_nofollow":false,"robots_noimageindex":false,"robots_noodp":false,"robots_notranslate":false,"robots_max_snippet":null,"robots_max_videopreview":null,"robots_max_imagepreview":"large","priority":null,"frequency":null,"location":null,"local_seo":null,"breadcrumb_settings":null,"limit_modified_date":false,"ai":null,"created":"2020-12-20 20:29:05","updated":"2025-07-19 23:40:34","seo_analyzer_scan_date":null,"focus_keyword":null,"additional_keywords":null,"truseo_locale":null},"jetpack_sharing_enabled":true,"jetpack-related-posts":[{"id":13128,"url":"https:\/\/www.jornalja.com.br\/arquivo\/maconha-terra-diz-que-uso-medicinal-e-desculpa\/","url_meta":{"origin":52124,"position":0},"title":"Maconha: Terra diz que uso medicinal \u00e9 desculpa","author":"Patr\u00edcia Marini","date":"4 de junho de 2014","format":false,"excerpt":"A condi\u00e7\u00e3o de pol\u00edtico, em \u00e9poca de campanha de campanha eleitoral, tira for\u00e7a do discurso do m\u00e9dico Osmar Terra contra a legaliza\u00e7\u00e3o da maconha. A tese dele de que a libera\u00e7\u00e3o vai ampliar exponencialmente o consumo \u00e9 discutivel, o consumo \u00e9 corrente. Mas seus alertas quanto aos riscos tem que\u2026","rel":"","context":"Em &quot;X.Categorias velhas&quot;","block_context":{"text":"X.Categorias velhas","link":"https:\/\/www.jornalja.com.br\/arquivo\/category\/x-categorias-velhas\/"},"img":{"alt_text":"","src":"","width":0,"height":0},"classes":[]},{"id":1280,"url":"https:\/\/www.jornalja.com.br\/arquivo\/o-menino-que-se-tornou-brizola\/","url_meta":{"origin":52124,"position":1},"title":"O Menino que se Tornou Brizola","author":"da Reda\u00e7\u00e3o","date":"28 de julho de 2008","format":false,"excerpt":"Autor: Cleber Dioni A vida de Leonel Brizola, com \u00eanfase para os primeiros anos em Porto Alegre, at\u00e9 o ex\u00edlio no Uruguai e a volta, quinze anos depois. \u00a0\"...\u00c9ramos todos jovens e nos identific\u00e1vamos com aquela massa an\u00f4nima a percorrer as ruas de Porto Alegre, gritando 'Get\u00falio', 'Get\u00falio' e empunhando\u2026","rel":"","context":"Em &quot;Livros&quot;","block_context":{"text":"Livros","link":"https:\/\/www.jornalja.com.br\/arquivo\/category\/livros\/"},"img":{"alt_text":"","src":"https:\/\/i0.wp.com\/www.jornalja.com.br\/wp-content\/uploads\/2008\/07\/brizola.gif?resize=350%2C200&ssl=1","width":350,"height":200},"classes":[]},{"id":13124,"url":"https:\/\/www.jornalja.com.br\/arquivo\/sangue-latino-no-iecine\/","url_meta":{"origin":52124,"position":2},"title":"Sangue latino no IECINE","author":"da Reda\u00e7\u00e3o","date":"18 de maio de 2014","format":false,"excerpt":"Francisco Ribeiro O Instituto Estadual de Cinema (IECINE) tem a frente, desde abril \u00faltimo, um novo diretor, o cineasta colombiano Juan Zapata, 36, que substitui Luiz Alberto Cassol. Radicado h\u00e1 dez anos em Porto Alegre, Zapata tem diante de si o desafio de conduzir at\u00e9 o final do ano um\u2026","rel":"","context":"Em &quot;Cultura-Geral&quot;","block_context":{"text":"Cultura-Geral","link":"https:\/\/www.jornalja.com.br\/arquivo\/category\/materiasecundaria\/"},"img":{"alt_text":"","src":"","width":0,"height":0},"classes":[]},{"id":13109,"url":"https:\/\/www.jornalja.com.br\/arquivo\/judiciario-reconhece-poluicao-eletromagnetica\/","url_meta":{"origin":52124,"position":3},"title":"Judici\u00e1rio reconhece polui\u00e7\u00e3o eletromagn\u00e9tica","author":"Patr\u00edcia Marini","date":"16 de maio de 2014","format":false,"excerpt":"A\u00e7\u00e3o de duas associa\u00e7\u00f5es de moradores foi acolhida pelo Tribunal de Justi\u00e7a de S\u00e3o Paulo que. em decis\u00e3o in\u00e9dita, determinou a redu\u00e7\u00e3o do campo eletromagn\u00e9tico gerado pelas linhas de transmiss\u00e3o de energia que cortam os bairros City Boa\u00e7ava e Alto de Pinheiros. \u00c9 a primeira vez que um tribunal do\u2026","rel":"","context":"Em &quot;X.Categorias velhas&quot;","block_context":{"text":"X.Categorias velhas","link":"https:\/\/www.jornalja.com.br\/arquivo\/category\/x-categorias-velhas\/"},"img":{"alt_text":"","src":"","width":0,"height":0},"classes":[]},{"id":14241,"url":"https:\/\/www.jornalja.com.br\/arquivo\/o-guaiba-nas-imagens-poeticas-de-achutti\/","url_meta":{"origin":52124,"position":4},"title":"O Gua\u00edba nas imagens po\u00e9ticas de Achutti","author":"da Reda\u00e7\u00e3o","date":"18 de junho de 2014","format":false,"excerpt":"Em \u201cO Gua\u00edba por Achutti\u201d \u2013 obra financiada via Minist\u00e9rio da Cultura, produ\u00e7\u00e3o executiva de Pedro Longhi, e Fl\u00e1vio Wild como designer \u2013, o fot\u00f3grafo revela a beleza e as mazelas de um espa\u00e7o aqu\u00e1tico de \u00e1guas sempre renovadas, cheio de hist\u00f3rias e lendas como as das cidades que foram\u2026","rel":"","context":"Em &quot;Cultura-Geral&quot;","block_context":{"text":"Cultura-Geral","link":"https:\/\/www.jornalja.com.br\/arquivo\/category\/materiasecundaria\/"},"img":{"alt_text":"","src":"","width":0,"height":0},"classes":[]},{"id":12960,"url":"https:\/\/www.jornalja.com.br\/arquivo\/populacao-culpa-empresas-pela-greve-dos-rodoviarios\/","url_meta":{"origin":52124,"position":5},"title":"Popula\u00e7\u00e3o culpa empresas pela greve","author":"Patr\u00edcia Marini","date":"14 de fevereiro de 2014","format":false,"excerpt":"Pesquisa divulgada na edi\u00e7\u00e3o do jornal Metro desta sexta-feira,14, comprova o velho ditado: \u00e9 poss\u00edvel enganar muitos por algum tempo, mas n\u00e3o \u00e9 poss\u00edvel enganar a todos o tempo inteiro. A principal revela\u00e7\u00e3o foi que 59,8% dos entrevistados apontaram as empresas como as principais respons\u00e1veis pela grave e 46% culparam\u2026","rel":"","context":"Em &quot;X.Categorias velhas&quot;","block_context":{"text":"X.Categorias velhas","link":"https:\/\/www.jornalja.com.br\/arquivo\/category\/x-categorias-velhas\/"},"img":{"alt_text":"","src":"","width":0,"height":0},"classes":[]}],"jetpack_shortlink":"https:\/\/wp.me\/pbQjBd-dyI","jetpack_featured_media_url":"","_links":{"self":[{"href":"https:\/\/www.jornalja.com.br\/arquivo\/wp-json\/wp\/v2\/posts\/52124","targetHints":{"allow":["GET"]}}],"collection":[{"href":"https:\/\/www.jornalja.com.br\/arquivo\/wp-json\/wp\/v2\/posts"}],"about":[{"href":"https:\/\/www.jornalja.com.br\/arquivo\/wp-json\/wp\/v2\/types\/post"}],"author":[{"embeddable":true,"href":"https:\/\/www.jornalja.com.br\/arquivo\/wp-json\/wp\/v2\/users\/4"}],"replies":[{"embeddable":true,"href":"https:\/\/www.jornalja.com.br\/arquivo\/wp-json\/wp\/v2\/comments?post=52124"}],"version-history":[{"count":0,"href":"https:\/\/www.jornalja.com.br\/arquivo\/wp-json\/wp\/v2\/posts\/52124\/revisions"}],"wp:attachment":[{"href":"https:\/\/www.jornalja.com.br\/arquivo\/wp-json\/wp\/v2\/media?parent=52124"}],"wp:term":[{"taxonomy":"category","embeddable":true,"href":"https:\/\/www.jornalja.com.br\/arquivo\/wp-json\/wp\/v2\/categories?post=52124"},{"taxonomy":"post_tag","embeddable":true,"href":"https:\/\/www.jornalja.com.br\/arquivo\/wp-json\/wp\/v2\/tags?post=52124"}],"curies":[{"name":"wp","href":"https:\/\/api.w.org\/{rel}","templated":true}]}}