{"id":52158,"date":"2017-07-26T09:45:31","date_gmt":"2017-07-26T12:45:31","guid":{"rendered":"https:\/\/www.jornalja.com.br\/?p=52158"},"modified":"2017-07-26T09:45:31","modified_gmt":"2017-07-26T12:45:31","slug":"justica-nega-restricao-de-direitos-pessoais-como-forma-de-cobranca-de-divida","status":"publish","type":"post","link":"https:\/\/www.jornalja.com.br\/arquivo\/justica-nega-restricao-de-direitos-pessoais-como-forma-de-cobranca-de-divida\/","title":{"rendered":"Justi\u00e7a nega restri\u00e7\u00e3o de direitos pessoais como forma de cobran\u00e7a de d\u00edvida"},"content":{"rendered":"<p>H\u00e1 pelo menos seis anos sem receber o dinheiro da venda de sementes de soja, Cooperativa Central Ga\u00facha LTDA. ingressou com pedido ao TJRS de aplica\u00e7\u00e3o de medidas indutivas e coercitivas contra o devedor, agricultor da Comarca de Cruz Alta. A pretens\u00e3o da empresa &#8211; que inclu\u00eda bloqueio de cart\u00f5es de cr\u00e9dito, proibi\u00e7\u00e3o de participa\u00e7\u00e3o em concursos p\u00fablicos, e cassa\u00e7\u00e3o do passaporte\u00a0&#8211; foi negada na 16\u00aa C\u00e2mara C\u00edvel.<br \/>\nReconhecida pela Justi\u00e7a e em fase de execu\u00e7\u00e3o, a d\u00edvida foi avaliada em R$ 11 mil, em 2013.<br \/>\n<span class=\"intertit\">Afronta a direitos<\/span><br \/>\nSegundo o Desembargador Paulo Sergio Scarparo, embora o Novo C\u00f3digo de Processo Civil permita que o julgador adote medidas at\u00edpicas para induzir ao pagamento de d\u00e9bitos, o princ\u00edpio da responsabilidade patrimonial do devedor estabelece um limite. <em>&#8220;Sob tal prisma, o referido princ\u00edpio decorre do pr\u00f3prio primado da dignidade da pessoa humana, insculpido no Art. 1\u00ba, III da Constitui\u00e7\u00e3o Federal&#8221;<\/em>.<br \/>\nO relator do recurso detalha: <em>&#8220;No caso, as medidas postuladas pela parte agravante visam, somente, a cassar direitos pessoais da parte executada, sem lhe atingir diretamente o patrim\u00f4nio para cumprimento da obriga\u00e7\u00e3o, e que n\u00e3o pode ter guarida em sede de execu\u00e7\u00e3o c\u00edvel.&#8221;<\/em><br \/>\nAl\u00e9m de considerar as medidas pretendidas pela empresa <em>&#8220;meio absolutamente desproporcional<\/em>&#8221;\u00a0de cobran\u00e7a, destacou que houve apenas uma tentativa de penhora\u00a0online\u00a0(sem sucesso) e uma audi\u00eancia de concilia\u00e7\u00e3o. <em>&#8220;Sequer h\u00e1 demonstra\u00e7\u00e3o de que tenha a parte credora tenha promovido pesquisa por bens execut\u00e1veis&#8221;<\/em>,\u00a0finalizou o Desembargador Scarparo.<br \/>\nAcompanharam o voto do relator as Desembargadoras Cl\u00e1udia Maria Hardt e Ana Maria Nedel Scalzilli.<\/p>\n","protected":false},"excerpt":{"rendered":"<p>H\u00e1 pelo menos seis anos sem receber o dinheiro da venda de sementes de soja, Cooperativa Central Ga\u00facha LTDA. ingressou com pedido ao TJRS de aplica\u00e7\u00e3o de medidas indutivas e coercitivas contra o devedor, agricultor da Comarca de Cruz Alta. A pretens\u00e3o da empresa &#8211; que inclu\u00eda bloqueio de cart\u00f5es de cr\u00e9dito, proibi\u00e7\u00e3o de participa\u00e7\u00e3o [&hellip;]<\/p>\n","protected":false},"author":4,"featured_media":0,"comment_status":"open","ping_status":"closed","sticky":false,"template":"","format":"standard","meta":{"_jetpack_newsletter_access":"","_jetpack_dont_email_post_to_subs":false,"_jetpack_newsletter_tier_id":0,"_jetpack_memberships_contains_paywalled_content":false,"_jetpack_feature_clip_id":0,"_jetpack_memberships_contains_paid_content":false,"footnotes":"","jetpack_post_was_ever_published":false},"categories":[2022],"tags":[],"class_list":["post-52158","post","type-post","status-publish","format-standard","hentry","category-notas"],"aioseo_notices":[],"aioseo_head":"\n\t\t<!-- All in One SEO 5.0.1.1 - aioseo.com -->\n\t<meta name=\"robots\" content=\"max-image-preview:large\" \/>\n\t<meta name=\"author\" content=\"da Reda\u00e7\u00e3o\"\/>\n\t<link rel=\"canonical\" href=\"https:\/\/www.jornalja.com.br\/arquivo\/justica-nega-restricao-de-direitos-pessoais-como-forma-de-cobranca-de-divida\/\" \/>\n\t<meta name=\"generator\" content=\"All in One SEO (AIOSEO) 5.0.1.1\" \/>\n\t\t<meta property=\"og:locale\" content=\"pt_BR\" \/>\n\t\t<meta property=\"og:site_name\" content=\"Arquivo | Jornal J\u00c1 | Porto Alegre\" \/>\n\t\t<meta property=\"og:type\" content=\"article\" \/>\n\t\t<meta property=\"og:title\" content=\"Justi\u00e7a nega restri\u00e7\u00e3o de direitos pessoais como forma de cobran\u00e7a de d\u00edvida | Arquivo\" \/>\n\t\t<meta property=\"og:url\" content=\"https:\/\/www.jornalja.com.br\/arquivo\/justica-nega-restricao-de-direitos-pessoais-como-forma-de-cobranca-de-divida\/\" \/>\n\t\t<meta property=\"og:image\" content=\"https:\/\/www.jornalja.com.br\/economics\/wp-content\/uploads\/sites\/11\/2026\/08\/ja-folhaderosto-facebook.jpg\" \/>\n\t\t<meta property=\"og:image:secure_url\" content=\"https:\/\/www.jornalja.com.br\/economics\/wp-content\/uploads\/sites\/11\/2026\/08\/ja-folhaderosto-facebook.jpg\" \/>\n\t\t<meta property=\"article:published_time\" content=\"2017-07-26T12:45:31+00:00\" \/>\n\t\t<meta property=\"article:modified_time\" content=\"2017-07-26T12:45:31+00:00\" \/>\n\t\t<meta name=\"twitter:card\" content=\"summary\" \/>\n\t\t<meta name=\"twitter:title\" content=\"Justi\u00e7a nega restri\u00e7\u00e3o de direitos pessoais como forma de cobran\u00e7a de d\u00edvida | Arquivo\" \/>\n\t\t<meta name=\"twitter:image\" content=\"https:\/\/www.jornalja.com.br\/economics\/wp-content\/uploads\/sites\/11\/2026\/08\/ja-folhaderosto-facebook.jpg\" \/>\n\t\t<script type=\"application\/ld+json\" class=\"aioseo-schema\">\n\t\t\t{\"@context\":\"https:\\\/\\\/schema.org\",\"@graph\":[{\"@type\":\"BlogPosting\",\"@id\":\"https:\\\/\\\/www.jornalja.com.br\\\/arquivo\\\/justica-nega-restricao-de-direitos-pessoais-como-forma-de-cobranca-de-divida\\\/#blogposting\",\"name\":\"Justi\\u00e7a nega restri\\u00e7\\u00e3o de direitos pessoais como forma de cobran\\u00e7a de d\\u00edvida | Arquivo\",\"headline\":\"Justi\\u00e7a nega restri\\u00e7\\u00e3o de direitos pessoais como forma de cobran\\u00e7a de d\\u00edvida\",\"author\":{\"@id\":\"https:\\\/\\\/www.jornalja.com.br\\\/arquivo\\\/author\\\/daredacao\\\/#author\"},\"publisher\":{\"@id\":\"https:\\\/\\\/www.jornalja.com.br\\\/arquivo\\\/#organization\"},\"image\":{\"@type\":\"ImageObject\",\"url\":\"https:\\\/\\\/www.jornalja.com.br\\\/wp-content\\\/uploads\\\/cards\\\/JAslogan.png\",\"@id\":\"https:\\\/\\\/www.jornalja.com.br\\\/arquivo\\\/#articleImage\"},\"datePublished\":\"2017-07-26T09:45:31-03:00\",\"dateModified\":\"2017-07-26T09:45:31-03:00\",\"inLanguage\":\"pt-BR\",\"mainEntityOfPage\":{\"@id\":\"https:\\\/\\\/www.jornalja.com.br\\\/arquivo\\\/justica-nega-restricao-de-direitos-pessoais-como-forma-de-cobranca-de-divida\\\/#webpage\"},\"isPartOf\":{\"@id\":\"https:\\\/\\\/www.jornalja.com.br\\\/arquivo\\\/justica-nega-restricao-de-direitos-pessoais-como-forma-de-cobranca-de-divida\\\/#webpage\"},\"articleSection\":\"NOTAS\"},{\"@type\":\"BreadcrumbList\",\"@id\":\"https:\\\/\\\/www.jornalja.com.br\\\/arquivo\\\/justica-nega-restricao-de-direitos-pessoais-como-forma-de-cobranca-de-divida\\\/#breadcrumblist\",\"itemListElement\":[{\"@type\":\"ListItem\",\"@id\":\"https:\\\/\\\/www.jornalja.com.br\\\/arquivo#listItem\",\"position\":1,\"name\":\"Home\",\"item\":\"https:\\\/\\\/www.jornalja.com.br\\\/arquivo\",\"nextItem\":{\"@type\":\"ListItem\",\"@id\":\"https:\\\/\\\/www.jornalja.com.br\\\/arquivo\\\/category\\\/notas\\\/#listItem\",\"name\":\"NOTAS\"}},{\"@type\":\"ListItem\",\"@id\":\"https:\\\/\\\/www.jornalja.com.br\\\/arquivo\\\/category\\\/notas\\\/#listItem\",\"position\":2,\"name\":\"NOTAS\",\"item\":\"https:\\\/\\\/www.jornalja.com.br\\\/arquivo\\\/category\\\/notas\\\/\",\"nextItem\":{\"@type\":\"ListItem\",\"@id\":\"https:\\\/\\\/www.jornalja.com.br\\\/arquivo\\\/justica-nega-restricao-de-direitos-pessoais-como-forma-de-cobranca-de-divida\\\/#listItem\",\"name\":\"Justi\\u00e7a nega restri\\u00e7\\u00e3o de direitos pessoais como forma de cobran\\u00e7a de d\\u00edvida\"},\"previousItem\":{\"@type\":\"ListItem\",\"@id\":\"https:\\\/\\\/www.jornalja.com.br\\\/arquivo#listItem\",\"name\":\"Home\"}},{\"@type\":\"ListItem\",\"@id\":\"https:\\\/\\\/www.jornalja.com.br\\\/arquivo\\\/justica-nega-restricao-de-direitos-pessoais-como-forma-de-cobranca-de-divida\\\/#listItem\",\"position\":3,\"name\":\"Justi\\u00e7a nega restri\\u00e7\\u00e3o de direitos pessoais como forma de cobran\\u00e7a de d\\u00edvida\",\"previousItem\":{\"@type\":\"ListItem\",\"@id\":\"https:\\\/\\\/www.jornalja.com.br\\\/arquivo\\\/category\\\/notas\\\/#listItem\",\"name\":\"NOTAS\"}}]},{\"@type\":\"Organization\",\"@id\":\"https:\\\/\\\/www.jornalja.com.br\\\/arquivo\\\/#organization\",\"name\":\"Jornal J\\u00c1\",\"description\":\"Jornal J\\u00c1 | Porto Alegre\",\"url\":\"https:\\\/\\\/www.jornalja.com.br\\\/arquivo\\\/\",\"telephone\":\"+555133307272\",\"logo\":{\"@type\":\"ImageObject\",\"url\":\"https:\\\/\\\/www.jornalja.com.br\\\/wp-content\\\/uploads\\\/cards\\\/JAslogan.png\",\"@id\":\"https:\\\/\\\/www.jornalja.com.br\\\/arquivo\\\/justica-nega-restricao-de-direitos-pessoais-como-forma-de-cobranca-de-divida\\\/#organizationLogo\"},\"image\":{\"@id\":\"https:\\\/\\\/www.jornalja.com.br\\\/arquivo\\\/justica-nega-restricao-de-direitos-pessoais-como-forma-de-cobranca-de-divida\\\/#organizationLogo\"}},{\"@type\":\"Person\",\"@id\":\"https:\\\/\\\/www.jornalja.com.br\\\/arquivo\\\/author\\\/daredacao\\\/#author\",\"url\":\"https:\\\/\\\/www.jornalja.com.br\\\/arquivo\\\/author\\\/daredacao\\\/\",\"name\":\"da Reda\\u00e7\\u00e3o\",\"image\":{\"@type\":\"ImageObject\",\"@id\":\"https:\\\/\\\/www.jornalja.com.br\\\/arquivo\\\/justica-nega-restricao-de-direitos-pessoais-como-forma-de-cobranca-de-divida\\\/#authorImage\",\"url\":\"https:\\\/\\\/secure.gravatar.com\\\/avatar\\\/469fd857d6605ad19919d27ed29d35a968a25f6e8fd9318356bbb7f57aae9c65?s=96&d=mm&r=g\",\"width\":96,\"height\":96,\"caption\":\"da Reda\\u00e7\\u00e3o\"}},{\"@type\":\"WebPage\",\"@id\":\"https:\\\/\\\/www.jornalja.com.br\\\/arquivo\\\/justica-nega-restricao-de-direitos-pessoais-como-forma-de-cobranca-de-divida\\\/#webpage\",\"url\":\"https:\\\/\\\/www.jornalja.com.br\\\/arquivo\\\/justica-nega-restricao-de-direitos-pessoais-como-forma-de-cobranca-de-divida\\\/\",\"name\":\"Justi\\u00e7a nega restri\\u00e7\\u00e3o de direitos pessoais como forma de cobran\\u00e7a de d\\u00edvida | Arquivo\",\"inLanguage\":\"pt-BR\",\"isPartOf\":{\"@id\":\"https:\\\/\\\/www.jornalja.com.br\\\/arquivo\\\/#website\"},\"breadcrumb\":{\"@id\":\"https:\\\/\\\/www.jornalja.com.br\\\/arquivo\\\/justica-nega-restricao-de-direitos-pessoais-como-forma-de-cobranca-de-divida\\\/#breadcrumblist\"},\"author\":{\"@id\":\"https:\\\/\\\/www.jornalja.com.br\\\/arquivo\\\/author\\\/daredacao\\\/#author\"},\"creator\":{\"@id\":\"https:\\\/\\\/www.jornalja.com.br\\\/arquivo\\\/author\\\/daredacao\\\/#author\"},\"datePublished\":\"2017-07-26T09:45:31-03:00\",\"dateModified\":\"2017-07-26T09:45:31-03:00\"},{\"@type\":\"WebSite\",\"@id\":\"https:\\\/\\\/www.jornalja.com.br\\\/arquivo\\\/#website\",\"url\":\"https:\\\/\\\/www.jornalja.com.br\\\/arquivo\\\/\",\"name\":\"Arquivo\",\"description\":\"Jornal J\\u00c1 | Porto Alegre\",\"inLanguage\":\"pt-BR\",\"publisher\":{\"@id\":\"https:\\\/\\\/www.jornalja.com.br\\\/arquivo\\\/#organization\"}}]}\n\t\t<\/script>\n\t\t<!-- All in One SEO -->\n\n","aioseo_head_json":{"title":"Justi\u00e7a nega restri\u00e7\u00e3o de direitos pessoais como forma de cobran\u00e7a de d\u00edvida | Arquivo","description":"","canonical_url":"https:\/\/www.jornalja.com.br\/arquivo\/justica-nega-restricao-de-direitos-pessoais-como-forma-de-cobranca-de-divida\/","robots":"max-image-preview:large","keywords":"","webmasterTools":{"miscellaneous":""},"schema":{"@context":"https:\/\/schema.org","@graph":[{"@type":"BlogPosting","@id":"https:\/\/www.jornalja.com.br\/arquivo\/justica-nega-restricao-de-direitos-pessoais-como-forma-de-cobranca-de-divida\/#blogposting","name":"Justi\u00e7a nega restri\u00e7\u00e3o de direitos pessoais como forma de cobran\u00e7a de d\u00edvida | Arquivo","headline":"Justi\u00e7a nega restri\u00e7\u00e3o de direitos pessoais como forma de cobran\u00e7a de d\u00edvida","author":{"@id":"https:\/\/www.jornalja.com.br\/arquivo\/author\/daredacao\/#author"},"publisher":{"@id":"https:\/\/www.jornalja.com.br\/arquivo\/#organization"},"image":{"@type":"ImageObject","url":"https:\/\/www.jornalja.com.br\/wp-content\/uploads\/cards\/JAslogan.png","@id":"https:\/\/www.jornalja.com.br\/arquivo\/#articleImage"},"datePublished":"2017-07-26T09:45:31-03:00","dateModified":"2017-07-26T09:45:31-03:00","inLanguage":"pt-BR","mainEntityOfPage":{"@id":"https:\/\/www.jornalja.com.br\/arquivo\/justica-nega-restricao-de-direitos-pessoais-como-forma-de-cobranca-de-divida\/#webpage"},"isPartOf":{"@id":"https:\/\/www.jornalja.com.br\/arquivo\/justica-nega-restricao-de-direitos-pessoais-como-forma-de-cobranca-de-divida\/#webpage"},"articleSection":"NOTAS"},{"@type":"BreadcrumbList","@id":"https:\/\/www.jornalja.com.br\/arquivo\/justica-nega-restricao-de-direitos-pessoais-como-forma-de-cobranca-de-divida\/#breadcrumblist","itemListElement":[{"@type":"ListItem","@id":"https:\/\/www.jornalja.com.br\/arquivo#listItem","position":1,"name":"Home","item":"https:\/\/www.jornalja.com.br\/arquivo","nextItem":{"@type":"ListItem","@id":"https:\/\/www.jornalja.com.br\/arquivo\/category\/notas\/#listItem","name":"NOTAS"}},{"@type":"ListItem","@id":"https:\/\/www.jornalja.com.br\/arquivo\/category\/notas\/#listItem","position":2,"name":"NOTAS","item":"https:\/\/www.jornalja.com.br\/arquivo\/category\/notas\/","nextItem":{"@type":"ListItem","@id":"https:\/\/www.jornalja.com.br\/arquivo\/justica-nega-restricao-de-direitos-pessoais-como-forma-de-cobranca-de-divida\/#listItem","name":"Justi\u00e7a nega restri\u00e7\u00e3o de direitos pessoais como forma de cobran\u00e7a de d\u00edvida"},"previousItem":{"@type":"ListItem","@id":"https:\/\/www.jornalja.com.br\/arquivo#listItem","name":"Home"}},{"@type":"ListItem","@id":"https:\/\/www.jornalja.com.br\/arquivo\/justica-nega-restricao-de-direitos-pessoais-como-forma-de-cobranca-de-divida\/#listItem","position":3,"name":"Justi\u00e7a nega restri\u00e7\u00e3o de direitos pessoais como forma de cobran\u00e7a de d\u00edvida","previousItem":{"@type":"ListItem","@id":"https:\/\/www.jornalja.com.br\/arquivo\/category\/notas\/#listItem","name":"NOTAS"}}]},{"@type":"Organization","@id":"https:\/\/www.jornalja.com.br\/arquivo\/#organization","name":"Jornal J\u00c1","description":"Jornal J\u00c1 | Porto Alegre","url":"https:\/\/www.jornalja.com.br\/arquivo\/","telephone":"+555133307272","logo":{"@type":"ImageObject","url":"https:\/\/www.jornalja.com.br\/wp-content\/uploads\/cards\/JAslogan.png","@id":"https:\/\/www.jornalja.com.br\/arquivo\/justica-nega-restricao-de-direitos-pessoais-como-forma-de-cobranca-de-divida\/#organizationLogo"},"image":{"@id":"https:\/\/www.jornalja.com.br\/arquivo\/justica-nega-restricao-de-direitos-pessoais-como-forma-de-cobranca-de-divida\/#organizationLogo"}},{"@type":"Person","@id":"https:\/\/www.jornalja.com.br\/arquivo\/author\/daredacao\/#author","url":"https:\/\/www.jornalja.com.br\/arquivo\/author\/daredacao\/","name":"da Reda\u00e7\u00e3o","image":{"@type":"ImageObject","@id":"https:\/\/www.jornalja.com.br\/arquivo\/justica-nega-restricao-de-direitos-pessoais-como-forma-de-cobranca-de-divida\/#authorImage","url":"https:\/\/secure.gravatar.com\/avatar\/469fd857d6605ad19919d27ed29d35a968a25f6e8fd9318356bbb7f57aae9c65?s=96&d=mm&r=g","width":96,"height":96,"caption":"da Reda\u00e7\u00e3o"}},{"@type":"WebPage","@id":"https:\/\/www.jornalja.com.br\/arquivo\/justica-nega-restricao-de-direitos-pessoais-como-forma-de-cobranca-de-divida\/#webpage","url":"https:\/\/www.jornalja.com.br\/arquivo\/justica-nega-restricao-de-direitos-pessoais-como-forma-de-cobranca-de-divida\/","name":"Justi\u00e7a nega restri\u00e7\u00e3o de direitos pessoais como forma de cobran\u00e7a de d\u00edvida | Arquivo","inLanguage":"pt-BR","isPartOf":{"@id":"https:\/\/www.jornalja.com.br\/arquivo\/#website"},"breadcrumb":{"@id":"https:\/\/www.jornalja.com.br\/arquivo\/justica-nega-restricao-de-direitos-pessoais-como-forma-de-cobranca-de-divida\/#breadcrumblist"},"author":{"@id":"https:\/\/www.jornalja.com.br\/arquivo\/author\/daredacao\/#author"},"creator":{"@id":"https:\/\/www.jornalja.com.br\/arquivo\/author\/daredacao\/#author"},"datePublished":"2017-07-26T09:45:31-03:00","dateModified":"2017-07-26T09:45:31-03:00"},{"@type":"WebSite","@id":"https:\/\/www.jornalja.com.br\/arquivo\/#website","url":"https:\/\/www.jornalja.com.br\/arquivo\/","name":"Arquivo","description":"Jornal J\u00c1 | Porto Alegre","inLanguage":"pt-BR","publisher":{"@id":"https:\/\/www.jornalja.com.br\/arquivo\/#organization"}}]},"og:locale":"pt_BR","og:site_name":"Arquivo | Jornal J\u00c1 | Porto Alegre","og:type":"article","og:title":"Justi\u00e7a nega restri\u00e7\u00e3o de direitos pessoais como forma de cobran\u00e7a de d\u00edvida | Arquivo","og:url":"https:\/\/www.jornalja.com.br\/arquivo\/justica-nega-restricao-de-direitos-pessoais-como-forma-de-cobranca-de-divida\/","og:image":"https:\/\/www.jornalja.com.br\/economics\/wp-content\/uploads\/sites\/11\/2026\/08\/ja-folhaderosto-facebook.jpg","og:image:secure_url":"https:\/\/www.jornalja.com.br\/economics\/wp-content\/uploads\/sites\/11\/2026\/08\/ja-folhaderosto-facebook.jpg","article:published_time":"2017-07-26T12:45:31+00:00","article:modified_time":"2017-07-26T12:45:31+00:00","twitter:card":"summary","twitter:title":"Justi\u00e7a nega restri\u00e7\u00e3o de direitos pessoais como forma de cobran\u00e7a de d\u00edvida | Arquivo","twitter:image":"https:\/\/www.jornalja.com.br\/economics\/wp-content\/uploads\/sites\/11\/2026\/08\/ja-folhaderosto-facebook.jpg"},"aioseo_meta_data":{"post_id":"52158","title":null,"description":null,"keywords":null,"keyphrases":null,"primary_term":null,"canonical_url":null,"og_title":null,"og_description":null,"og_object_type":"default","og_image_type":"default","og_image_url":null,"og_image_width":null,"og_image_height":null,"og_image_custom_url":null,"og_image_custom_fields":null,"og_video":null,"og_custom_url":null,"og_article_section":null,"og_article_tags":null,"twitter_use_og":false,"twitter_card":"default","twitter_image_type":"default","twitter_image_url":null,"twitter_image_custom_url":null,"twitter_image_custom_fields":null,"twitter_title":null,"twitter_description":null,"schema":{"blockGraphs":[],"customGraphs":[],"default":{"data":{"Article":[],"Course":[],"Dataset":[],"FAQPage":[],"Movie":[],"Person":[],"Product":[],"ProductReview":[],"Car":[],"Recipe":[],"Service":[],"SoftwareApplication":[],"WebPage":[]},"graphName":"","isEnabled":true},"graphs":[]},"schema_type":null,"schema_type_options":null,"pillar_content":false,"robots_default":true,"robots_noindex":false,"robots_noarchive":false,"robots_nosnippet":false,"robots_nofollow":false,"robots_noimageindex":false,"robots_noodp":false,"robots_notranslate":false,"robots_max_snippet":null,"robots_max_videopreview":null,"robots_max_imagepreview":"large","priority":null,"frequency":null,"location":null,"local_seo":null,"breadcrumb_settings":null,"limit_modified_date":false,"ai":null,"created":"2020-12-20 20:29:05","updated":"2025-07-19 23:40:34","seo_analyzer_scan_date":null,"focus_keyword":null,"additional_keywords":null,"truseo_locale":null},"jetpack_sharing_enabled":true,"jetpack-related-posts":[{"id":13109,"url":"https:\/\/www.jornalja.com.br\/arquivo\/judiciario-reconhece-poluicao-eletromagnetica\/","url_meta":{"origin":52158,"position":0},"title":"Judici\u00e1rio reconhece polui\u00e7\u00e3o eletromagn\u00e9tica","author":"Patr\u00edcia Marini","date":"16 de maio de 2014","format":false,"excerpt":"A\u00e7\u00e3o de duas associa\u00e7\u00f5es de moradores foi acolhida pelo Tribunal de Justi\u00e7a de S\u00e3o Paulo que. em decis\u00e3o in\u00e9dita, determinou a redu\u00e7\u00e3o do campo eletromagn\u00e9tico gerado pelas linhas de transmiss\u00e3o de energia que cortam os bairros City Boa\u00e7ava e Alto de Pinheiros. \u00c9 a primeira vez que um tribunal do\u2026","rel":"","context":"Em &quot;X.Categorias velhas&quot;","block_context":{"text":"X.Categorias velhas","link":"https:\/\/www.jornalja.com.br\/arquivo\/category\/x-categorias-velhas\/"},"img":{"alt_text":"","src":"","width":0,"height":0},"classes":[]},{"id":5440,"url":"https:\/\/www.jornalja.com.br\/arquivo\/casarao-da-venancio-destino-permanece-incerto\/","url_meta":{"origin":52158,"position":1},"title":"Estado ainda n\u00e3o sabe o que fazer com casar\u00e3o abandonado h\u00e1 20 anos","author":"Elmar Bones","date":"6 de julho de 2009","format":false,"excerpt":"O casar\u00e3o amarelo, numa esquina nobre de Porto Alegre (Ven\u00e2ncio Aires com Jo\u00e3o Pessoa), j\u00e1 abrigou uma escola. H\u00e1 duas d\u00e9cadas, pelo menos, est\u00e1 abandonado, porque seu propriet\u00e1rio, o governo do Estado do Rio Grande do Sul, n\u00e3o consegue achar um destino para ele. Planos n\u00e3o faltaram. O governador Ol\u00edvio\u2026","rel":"","context":"Em &quot;X.Categorias velhas&quot;","block_context":{"text":"X.Categorias velhas","link":"https:\/\/www.jornalja.com.br\/arquivo\/category\/x-categorias-velhas\/"},"img":{"alt_text":"geraldo1","src":"https:\/\/i0.wp.com\/www.jornalja.com.br\/wp-content\/uploads\/2009\/07\/geraldo1.jpg?resize=350%2C200&ssl=1","width":350,"height":200},"classes":[]},{"id":13240,"url":"https:\/\/www.jornalja.com.br\/arquivo\/plano-diretor-estamos-construindo-o-caos\/","url_meta":{"origin":52158,"position":2},"title":"Plano diretor: &quot;Estamos construindo o caos&quot;","author":"Patr\u00edcia Marini","date":"26 de maio de 2014","format":false,"excerpt":"Desabafo que arquiteta Eliana Castilhos, delegada da Regi\u00e3o de Planejamento 1, postou nas redes sociais \u00e9 um testemunho do ambiente que se criou no Conselho do Plano Diretor de Porto Alegre, onde a aprova\u00e7\u00e3o de grandes empreendimentos \u00e9 empurrada guela abaixo dos conselheiros. Ao CMDUA Como delegada da Regi\u00e3o de\u2026","rel":"","context":"Em &quot;Geral&quot;","block_context":{"text":"Geral","link":"https:\/\/www.jornalja.com.br\/arquivo\/category\/geral\/"},"img":{"alt_text":"","src":"","width":0,"height":0},"classes":[]}],"jetpack_shortlink":"https:\/\/wp.me\/pbQjBd-dzg","jetpack_featured_media_url":"","_links":{"self":[{"href":"https:\/\/www.jornalja.com.br\/arquivo\/wp-json\/wp\/v2\/posts\/52158","targetHints":{"allow":["GET"]}}],"collection":[{"href":"https:\/\/www.jornalja.com.br\/arquivo\/wp-json\/wp\/v2\/posts"}],"about":[{"href":"https:\/\/www.jornalja.com.br\/arquivo\/wp-json\/wp\/v2\/types\/post"}],"author":[{"embeddable":true,"href":"https:\/\/www.jornalja.com.br\/arquivo\/wp-json\/wp\/v2\/users\/4"}],"replies":[{"embeddable":true,"href":"https:\/\/www.jornalja.com.br\/arquivo\/wp-json\/wp\/v2\/comments?post=52158"}],"version-history":[{"count":0,"href":"https:\/\/www.jornalja.com.br\/arquivo\/wp-json\/wp\/v2\/posts\/52158\/revisions"}],"wp:attachment":[{"href":"https:\/\/www.jornalja.com.br\/arquivo\/wp-json\/wp\/v2\/media?parent=52158"}],"wp:term":[{"taxonomy":"category","embeddable":true,"href":"https:\/\/www.jornalja.com.br\/arquivo\/wp-json\/wp\/v2\/categories?post=52158"},{"taxonomy":"post_tag","embeddable":true,"href":"https:\/\/www.jornalja.com.br\/arquivo\/wp-json\/wp\/v2\/tags?post=52158"}],"curies":[{"name":"wp","href":"https:\/\/api.w.org\/{rel}","templated":true}]}}