{"id":52167,"date":"2017-07-26T13:05:04","date_gmt":"2017-07-26T16:05:04","guid":{"rendered":"https:\/\/www.jornalja.com.br\/?p=52167"},"modified":"2017-07-26T13:05:04","modified_gmt":"2017-07-26T16:05:04","slug":"extincao-de-fundacoes-estaduais-vai-ser-analisado-pelo-pleno-do-tribunal-de-contas","status":"publish","type":"post","link":"https:\/\/www.jornalja.com.br\/arquivo\/extincao-de-fundacoes-estaduais-vai-ser-analisado-pelo-pleno-do-tribunal-de-contas\/","title":{"rendered":"Extin\u00e7\u00e3o de funda\u00e7\u00f5es estaduais vai ser analisada pelo pleno do Tribunal de Contas"},"content":{"rendered":"<p>Por unanimidade, a 1\u00aa C\u00e2mara do Tribunal de Contas do Estado do RS acatou a representa\u00e7\u00e3o do Minist\u00e9rio P\u00fablico de Contas relativa \u00e0 extin\u00e7\u00e3o das funda\u00e7\u00f5es. Com isso, o tema vai passar por an\u00e1lise do pleno da Corte e ser\u00e1 tratado como prioridade.<br \/>\nA representa\u00e7\u00e3o do procurador-geral do MPC, Geraldo Da Camino, questiona a lei que autoriza as extin\u00e7\u00f5es e solicita que os processos sejam suspensos.<br \/>\nO conselheiro Cezar Miola, relator do pedido de medida cautelar feito por Da Camino entendeu ser necessaria a aprecia;&#8217;ao do tema pelos conselheiros do TCE. A medida abrange a Funda\u00e7\u00e3o Piratini, Funda\u00e7\u00e3o para o Desenvolvimento de Recursos Humanos, Funda\u00e7\u00e3o Zoobot\u00e2nica, Funda\u00e7\u00e3o de Economia e Estat\u00edstica, Metroplan e Cientec.<br \/>\nSegundo o procurador do MPC, embora tenha havido autoriza\u00e7\u00e3o legislativa, os eventuais atos administrativos que visem \u00e0 extin\u00e7\u00e3o das funda\u00e7\u00f5es n\u00e3o poder\u00e3o prescindir de dois fatores essenciais \u00e0 sua validade jur\u00eddica:\u00a0<strong><em>(a)<\/em><\/strong>\u00a0a exposi\u00e7\u00e3o dos fatos e do direito (motivo do ato administrativo) de que decorre a necessidade da pr\u00e1tica do ato, sem o que se poder\u00e1 cogitar de nulidade; e\u00a0<strong><em>(b)<\/em><\/strong>\u00a0a observ\u00e2ncia dos princ\u00edpios da Administra\u00e7\u00e3o P\u00fablica, mormente os da legitimidade, da efici\u00eancia e da economicidade, com a mesma consequ\u00eancia.<br \/>\nDa Camino explica que a\u00a0atua\u00e7\u00e3o do MP de Contas \u00e9 a de fiscal da lei perante o controle externo. &#8220;O nosso trabalho se pauta pelo apego \u00e0 Constitui\u00e7\u00e3o e \u00e0s leis\u201d, diz, esclarecendo que n\u00e3o \u00e9 a favor ou contra a lei das extin\u00e7\u00f5es, apenas questiona e quer respostas sobre as motiva\u00e7\u00f5es legais.<\/p>\n","protected":false},"excerpt":{"rendered":"<p>Por unanimidade, a 1\u00aa C\u00e2mara do Tribunal de Contas do Estado do RS acatou a representa\u00e7\u00e3o do Minist\u00e9rio P\u00fablico de Contas relativa \u00e0 extin\u00e7\u00e3o das funda\u00e7\u00f5es. Com isso, o tema vai passar por an\u00e1lise do pleno da Corte e ser\u00e1 tratado como prioridade. A representa\u00e7\u00e3o do procurador-geral do MPC, Geraldo Da Camino, questiona a lei [&hellip;]<\/p>\n","protected":false},"author":4,"featured_media":51276,"comment_status":"open","ping_status":"closed","sticky":false,"template":"","format":"standard","meta":{"_jetpack_newsletter_access":"","_jetpack_dont_email_post_to_subs":false,"_jetpack_newsletter_tier_id":0,"_jetpack_memberships_contains_paywalled_content":false,"_jetpack_feature_clip_id":0,"_jetpack_memberships_contains_paid_content":false,"footnotes":"","jetpack_post_was_ever_published":false},"categories":[26],"tags":[],"class_list":["post-52167","post","type-post","status-publish","format-standard","has-post-thumbnail","hentry","category-geral"],"aioseo_notices":[],"aioseo_head":"\n\t\t<!-- All in One SEO 5.0.1.1 - aioseo.com -->\n\t<meta name=\"robots\" content=\"max-image-preview:large\" \/>\n\t<meta name=\"author\" content=\"da Reda\u00e7\u00e3o\"\/>\n\t<link rel=\"canonical\" href=\"https:\/\/www.jornalja.com.br\/arquivo\/extincao-de-fundacoes-estaduais-vai-ser-analisado-pelo-pleno-do-tribunal-de-contas\/\" \/>\n\t<meta name=\"generator\" content=\"All in One SEO (AIOSEO) 5.0.1.1\" \/>\n\t\t<meta property=\"og:locale\" content=\"pt_BR\" \/>\n\t\t<meta property=\"og:site_name\" content=\"Arquivo | Jornal J\u00c1 | Porto Alegre\" \/>\n\t\t<meta property=\"og:type\" content=\"article\" \/>\n\t\t<meta property=\"og:title\" content=\"Extin\u00e7\u00e3o de funda\u00e7\u00f5es estaduais vai ser analisada pelo pleno do Tribunal de Contas | Arquivo\" \/>\n\t\t<meta property=\"og:url\" content=\"https:\/\/www.jornalja.com.br\/arquivo\/extincao-de-fundacoes-estaduais-vai-ser-analisado-pelo-pleno-do-tribunal-de-contas\/\" \/>\n\t\t<meta property=\"og:image\" content=\"https:\/\/www.jornalja.com.br\/economics\/wp-content\/uploads\/sites\/11\/2026\/08\/ja-folhaderosto-facebook.jpg\" \/>\n\t\t<meta property=\"og:image:secure_url\" content=\"https:\/\/www.jornalja.com.br\/economics\/wp-content\/uploads\/sites\/11\/2026\/08\/ja-folhaderosto-facebook.jpg\" \/>\n\t\t<meta property=\"article:published_time\" content=\"2017-07-26T16:05:04+00:00\" \/>\n\t\t<meta property=\"article:modified_time\" content=\"2017-07-26T16:05:04+00:00\" \/>\n\t\t<meta name=\"twitter:card\" content=\"summary\" \/>\n\t\t<meta name=\"twitter:title\" content=\"Extin\u00e7\u00e3o de funda\u00e7\u00f5es estaduais vai ser analisada pelo pleno do Tribunal de Contas | Arquivo\" \/>\n\t\t<meta name=\"twitter:image\" content=\"https:\/\/www.jornalja.com.br\/economics\/wp-content\/uploads\/sites\/11\/2026\/08\/ja-folhaderosto-facebook.jpg\" \/>\n\t\t<script type=\"application\/ld+json\" class=\"aioseo-schema\">\n\t\t\t{\"@context\":\"https:\\\/\\\/schema.org\",\"@graph\":[{\"@type\":\"BlogPosting\",\"@id\":\"https:\\\/\\\/www.jornalja.com.br\\\/arquivo\\\/extincao-de-fundacoes-estaduais-vai-ser-analisado-pelo-pleno-do-tribunal-de-contas\\\/#blogposting\",\"name\":\"Extin\\u00e7\\u00e3o de funda\\u00e7\\u00f5es estaduais vai ser analisada pelo pleno do Tribunal de Contas | Arquivo\",\"headline\":\"Extin\\u00e7\\u00e3o de funda\\u00e7\\u00f5es estaduais vai ser analisada pelo pleno do Tribunal de Contas\",\"author\":{\"@id\":\"https:\\\/\\\/www.jornalja.com.br\\\/arquivo\\\/author\\\/daredacao\\\/#author\"},\"publisher\":{\"@id\":\"https:\\\/\\\/www.jornalja.com.br\\\/arquivo\\\/#organization\"},\"image\":{\"@type\":\"ImageObject\",\"url\":51276},\"datePublished\":\"2017-07-26T13:05:04-03:00\",\"dateModified\":\"2017-07-26T13:05:04-03:00\",\"inLanguage\":\"pt-BR\",\"mainEntityOfPage\":{\"@id\":\"https:\\\/\\\/www.jornalja.com.br\\\/arquivo\\\/extincao-de-fundacoes-estaduais-vai-ser-analisado-pelo-pleno-do-tribunal-de-contas\\\/#webpage\"},\"isPartOf\":{\"@id\":\"https:\\\/\\\/www.jornalja.com.br\\\/arquivo\\\/extincao-de-fundacoes-estaduais-vai-ser-analisado-pelo-pleno-do-tribunal-de-contas\\\/#webpage\"},\"articleSection\":\"Geral\"},{\"@type\":\"BreadcrumbList\",\"@id\":\"https:\\\/\\\/www.jornalja.com.br\\\/arquivo\\\/extincao-de-fundacoes-estaduais-vai-ser-analisado-pelo-pleno-do-tribunal-de-contas\\\/#breadcrumblist\",\"itemListElement\":[{\"@type\":\"ListItem\",\"@id\":\"https:\\\/\\\/www.jornalja.com.br\\\/arquivo#listItem\",\"position\":1,\"name\":\"Home\",\"item\":\"https:\\\/\\\/www.jornalja.com.br\\\/arquivo\",\"nextItem\":{\"@type\":\"ListItem\",\"@id\":\"https:\\\/\\\/www.jornalja.com.br\\\/arquivo\\\/category\\\/geral\\\/#listItem\",\"name\":\"Geral\"}},{\"@type\":\"ListItem\",\"@id\":\"https:\\\/\\\/www.jornalja.com.br\\\/arquivo\\\/category\\\/geral\\\/#listItem\",\"position\":2,\"name\":\"Geral\",\"item\":\"https:\\\/\\\/www.jornalja.com.br\\\/arquivo\\\/category\\\/geral\\\/\",\"nextItem\":{\"@type\":\"ListItem\",\"@id\":\"https:\\\/\\\/www.jornalja.com.br\\\/arquivo\\\/extincao-de-fundacoes-estaduais-vai-ser-analisado-pelo-pleno-do-tribunal-de-contas\\\/#listItem\",\"name\":\"Extin\\u00e7\\u00e3o de funda\\u00e7\\u00f5es estaduais vai ser analisada pelo pleno do Tribunal de Contas\"},\"previousItem\":{\"@type\":\"ListItem\",\"@id\":\"https:\\\/\\\/www.jornalja.com.br\\\/arquivo#listItem\",\"name\":\"Home\"}},{\"@type\":\"ListItem\",\"@id\":\"https:\\\/\\\/www.jornalja.com.br\\\/arquivo\\\/extincao-de-fundacoes-estaduais-vai-ser-analisado-pelo-pleno-do-tribunal-de-contas\\\/#listItem\",\"position\":3,\"name\":\"Extin\\u00e7\\u00e3o de funda\\u00e7\\u00f5es estaduais vai ser analisada pelo pleno do Tribunal de Contas\",\"previousItem\":{\"@type\":\"ListItem\",\"@id\":\"https:\\\/\\\/www.jornalja.com.br\\\/arquivo\\\/category\\\/geral\\\/#listItem\",\"name\":\"Geral\"}}]},{\"@type\":\"Organization\",\"@id\":\"https:\\\/\\\/www.jornalja.com.br\\\/arquivo\\\/#organization\",\"name\":\"Jornal J\\u00c1\",\"description\":\"Jornal J\\u00c1 | Porto Alegre\",\"url\":\"https:\\\/\\\/www.jornalja.com.br\\\/arquivo\\\/\",\"telephone\":\"+555133307272\",\"logo\":{\"@type\":\"ImageObject\",\"url\":\"https:\\\/\\\/www.jornalja.com.br\\\/wp-content\\\/uploads\\\/cards\\\/JAslogan.png\",\"@id\":\"https:\\\/\\\/www.jornalja.com.br\\\/arquivo\\\/extincao-de-fundacoes-estaduais-vai-ser-analisado-pelo-pleno-do-tribunal-de-contas\\\/#organizationLogo\"},\"image\":{\"@id\":\"https:\\\/\\\/www.jornalja.com.br\\\/arquivo\\\/extincao-de-fundacoes-estaduais-vai-ser-analisado-pelo-pleno-do-tribunal-de-contas\\\/#organizationLogo\"}},{\"@type\":\"Person\",\"@id\":\"https:\\\/\\\/www.jornalja.com.br\\\/arquivo\\\/author\\\/daredacao\\\/#author\",\"url\":\"https:\\\/\\\/www.jornalja.com.br\\\/arquivo\\\/author\\\/daredacao\\\/\",\"name\":\"da Reda\\u00e7\\u00e3o\",\"image\":{\"@type\":\"ImageObject\",\"@id\":\"https:\\\/\\\/www.jornalja.com.br\\\/arquivo\\\/extincao-de-fundacoes-estaduais-vai-ser-analisado-pelo-pleno-do-tribunal-de-contas\\\/#authorImage\",\"url\":\"https:\\\/\\\/secure.gravatar.com\\\/avatar\\\/469fd857d6605ad19919d27ed29d35a968a25f6e8fd9318356bbb7f57aae9c65?s=96&d=mm&r=g\",\"width\":96,\"height\":96,\"caption\":\"da Reda\\u00e7\\u00e3o\"}},{\"@type\":\"WebPage\",\"@id\":\"https:\\\/\\\/www.jornalja.com.br\\\/arquivo\\\/extincao-de-fundacoes-estaduais-vai-ser-analisado-pelo-pleno-do-tribunal-de-contas\\\/#webpage\",\"url\":\"https:\\\/\\\/www.jornalja.com.br\\\/arquivo\\\/extincao-de-fundacoes-estaduais-vai-ser-analisado-pelo-pleno-do-tribunal-de-contas\\\/\",\"name\":\"Extin\\u00e7\\u00e3o de funda\\u00e7\\u00f5es estaduais vai ser analisada pelo pleno do Tribunal de Contas | Arquivo\",\"inLanguage\":\"pt-BR\",\"isPartOf\":{\"@id\":\"https:\\\/\\\/www.jornalja.com.br\\\/arquivo\\\/#website\"},\"breadcrumb\":{\"@id\":\"https:\\\/\\\/www.jornalja.com.br\\\/arquivo\\\/extincao-de-fundacoes-estaduais-vai-ser-analisado-pelo-pleno-do-tribunal-de-contas\\\/#breadcrumblist\"},\"author\":{\"@id\":\"https:\\\/\\\/www.jornalja.com.br\\\/arquivo\\\/author\\\/daredacao\\\/#author\"},\"creator\":{\"@id\":\"https:\\\/\\\/www.jornalja.com.br\\\/arquivo\\\/author\\\/daredacao\\\/#author\"},\"image\":{\"@type\":\"ImageObject\",\"url\":51276,\"@id\":\"https:\\\/\\\/www.jornalja.com.br\\\/arquivo\\\/extincao-de-fundacoes-estaduais-vai-ser-analisado-pelo-pleno-do-tribunal-de-contas\\\/#mainImage\"},\"primaryImageOfPage\":{\"@id\":\"https:\\\/\\\/www.jornalja.com.br\\\/arquivo\\\/extincao-de-fundacoes-estaduais-vai-ser-analisado-pelo-pleno-do-tribunal-de-contas\\\/#mainImage\"},\"datePublished\":\"2017-07-26T13:05:04-03:00\",\"dateModified\":\"2017-07-26T13:05:04-03:00\"},{\"@type\":\"WebSite\",\"@id\":\"https:\\\/\\\/www.jornalja.com.br\\\/arquivo\\\/#website\",\"url\":\"https:\\\/\\\/www.jornalja.com.br\\\/arquivo\\\/\",\"name\":\"Arquivo\",\"description\":\"Jornal J\\u00c1 | Porto Alegre\",\"inLanguage\":\"pt-BR\",\"publisher\":{\"@id\":\"https:\\\/\\\/www.jornalja.com.br\\\/arquivo\\\/#organization\"}}]}\n\t\t<\/script>\n\t\t<!-- All in One SEO -->\n\n","aioseo_head_json":{"title":"Extin\u00e7\u00e3o de funda\u00e7\u00f5es estaduais vai ser analisada pelo pleno do Tribunal de Contas | Arquivo","description":"","canonical_url":"https:\/\/www.jornalja.com.br\/arquivo\/extincao-de-fundacoes-estaduais-vai-ser-analisado-pelo-pleno-do-tribunal-de-contas\/","robots":"max-image-preview:large","keywords":"","webmasterTools":{"miscellaneous":""},"schema":{"@context":"https:\/\/schema.org","@graph":[{"@type":"BlogPosting","@id":"https:\/\/www.jornalja.com.br\/arquivo\/extincao-de-fundacoes-estaduais-vai-ser-analisado-pelo-pleno-do-tribunal-de-contas\/#blogposting","name":"Extin\u00e7\u00e3o de funda\u00e7\u00f5es estaduais vai ser analisada pelo pleno do Tribunal de Contas | Arquivo","headline":"Extin\u00e7\u00e3o de funda\u00e7\u00f5es estaduais vai ser analisada pelo pleno do Tribunal de Contas","author":{"@id":"https:\/\/www.jornalja.com.br\/arquivo\/author\/daredacao\/#author"},"publisher":{"@id":"https:\/\/www.jornalja.com.br\/arquivo\/#organization"},"image":{"@type":"ImageObject","url":51276},"datePublished":"2017-07-26T13:05:04-03:00","dateModified":"2017-07-26T13:05:04-03:00","inLanguage":"pt-BR","mainEntityOfPage":{"@id":"https:\/\/www.jornalja.com.br\/arquivo\/extincao-de-fundacoes-estaduais-vai-ser-analisado-pelo-pleno-do-tribunal-de-contas\/#webpage"},"isPartOf":{"@id":"https:\/\/www.jornalja.com.br\/arquivo\/extincao-de-fundacoes-estaduais-vai-ser-analisado-pelo-pleno-do-tribunal-de-contas\/#webpage"},"articleSection":"Geral"},{"@type":"BreadcrumbList","@id":"https:\/\/www.jornalja.com.br\/arquivo\/extincao-de-fundacoes-estaduais-vai-ser-analisado-pelo-pleno-do-tribunal-de-contas\/#breadcrumblist","itemListElement":[{"@type":"ListItem","@id":"https:\/\/www.jornalja.com.br\/arquivo#listItem","position":1,"name":"Home","item":"https:\/\/www.jornalja.com.br\/arquivo","nextItem":{"@type":"ListItem","@id":"https:\/\/www.jornalja.com.br\/arquivo\/category\/geral\/#listItem","name":"Geral"}},{"@type":"ListItem","@id":"https:\/\/www.jornalja.com.br\/arquivo\/category\/geral\/#listItem","position":2,"name":"Geral","item":"https:\/\/www.jornalja.com.br\/arquivo\/category\/geral\/","nextItem":{"@type":"ListItem","@id":"https:\/\/www.jornalja.com.br\/arquivo\/extincao-de-fundacoes-estaduais-vai-ser-analisado-pelo-pleno-do-tribunal-de-contas\/#listItem","name":"Extin\u00e7\u00e3o de funda\u00e7\u00f5es estaduais vai ser analisada pelo pleno do Tribunal de Contas"},"previousItem":{"@type":"ListItem","@id":"https:\/\/www.jornalja.com.br\/arquivo#listItem","name":"Home"}},{"@type":"ListItem","@id":"https:\/\/www.jornalja.com.br\/arquivo\/extincao-de-fundacoes-estaduais-vai-ser-analisado-pelo-pleno-do-tribunal-de-contas\/#listItem","position":3,"name":"Extin\u00e7\u00e3o de funda\u00e7\u00f5es estaduais vai ser analisada pelo pleno do Tribunal de Contas","previousItem":{"@type":"ListItem","@id":"https:\/\/www.jornalja.com.br\/arquivo\/category\/geral\/#listItem","name":"Geral"}}]},{"@type":"Organization","@id":"https:\/\/www.jornalja.com.br\/arquivo\/#organization","name":"Jornal J\u00c1","description":"Jornal J\u00c1 | Porto Alegre","url":"https:\/\/www.jornalja.com.br\/arquivo\/","telephone":"+555133307272","logo":{"@type":"ImageObject","url":"https:\/\/www.jornalja.com.br\/wp-content\/uploads\/cards\/JAslogan.png","@id":"https:\/\/www.jornalja.com.br\/arquivo\/extincao-de-fundacoes-estaduais-vai-ser-analisado-pelo-pleno-do-tribunal-de-contas\/#organizationLogo"},"image":{"@id":"https:\/\/www.jornalja.com.br\/arquivo\/extincao-de-fundacoes-estaduais-vai-ser-analisado-pelo-pleno-do-tribunal-de-contas\/#organizationLogo"}},{"@type":"Person","@id":"https:\/\/www.jornalja.com.br\/arquivo\/author\/daredacao\/#author","url":"https:\/\/www.jornalja.com.br\/arquivo\/author\/daredacao\/","name":"da Reda\u00e7\u00e3o","image":{"@type":"ImageObject","@id":"https:\/\/www.jornalja.com.br\/arquivo\/extincao-de-fundacoes-estaduais-vai-ser-analisado-pelo-pleno-do-tribunal-de-contas\/#authorImage","url":"https:\/\/secure.gravatar.com\/avatar\/469fd857d6605ad19919d27ed29d35a968a25f6e8fd9318356bbb7f57aae9c65?s=96&d=mm&r=g","width":96,"height":96,"caption":"da Reda\u00e7\u00e3o"}},{"@type":"WebPage","@id":"https:\/\/www.jornalja.com.br\/arquivo\/extincao-de-fundacoes-estaduais-vai-ser-analisado-pelo-pleno-do-tribunal-de-contas\/#webpage","url":"https:\/\/www.jornalja.com.br\/arquivo\/extincao-de-fundacoes-estaduais-vai-ser-analisado-pelo-pleno-do-tribunal-de-contas\/","name":"Extin\u00e7\u00e3o de funda\u00e7\u00f5es estaduais vai ser analisada pelo pleno do Tribunal de Contas | Arquivo","inLanguage":"pt-BR","isPartOf":{"@id":"https:\/\/www.jornalja.com.br\/arquivo\/#website"},"breadcrumb":{"@id":"https:\/\/www.jornalja.com.br\/arquivo\/extincao-de-fundacoes-estaduais-vai-ser-analisado-pelo-pleno-do-tribunal-de-contas\/#breadcrumblist"},"author":{"@id":"https:\/\/www.jornalja.com.br\/arquivo\/author\/daredacao\/#author"},"creator":{"@id":"https:\/\/www.jornalja.com.br\/arquivo\/author\/daredacao\/#author"},"image":{"@type":"ImageObject","url":51276,"@id":"https:\/\/www.jornalja.com.br\/arquivo\/extincao-de-fundacoes-estaduais-vai-ser-analisado-pelo-pleno-do-tribunal-de-contas\/#mainImage"},"primaryImageOfPage":{"@id":"https:\/\/www.jornalja.com.br\/arquivo\/extincao-de-fundacoes-estaduais-vai-ser-analisado-pelo-pleno-do-tribunal-de-contas\/#mainImage"},"datePublished":"2017-07-26T13:05:04-03:00","dateModified":"2017-07-26T13:05:04-03:00"},{"@type":"WebSite","@id":"https:\/\/www.jornalja.com.br\/arquivo\/#website","url":"https:\/\/www.jornalja.com.br\/arquivo\/","name":"Arquivo","description":"Jornal J\u00c1 | Porto Alegre","inLanguage":"pt-BR","publisher":{"@id":"https:\/\/www.jornalja.com.br\/arquivo\/#organization"}}]},"og:locale":"pt_BR","og:site_name":"Arquivo | Jornal J\u00c1 | Porto Alegre","og:type":"article","og:title":"Extin\u00e7\u00e3o de funda\u00e7\u00f5es estaduais vai ser analisada pelo pleno do Tribunal de Contas | Arquivo","og:url":"https:\/\/www.jornalja.com.br\/arquivo\/extincao-de-fundacoes-estaduais-vai-ser-analisado-pelo-pleno-do-tribunal-de-contas\/","og:image":"https:\/\/www.jornalja.com.br\/economics\/wp-content\/uploads\/sites\/11\/2026\/08\/ja-folhaderosto-facebook.jpg","og:image:secure_url":"https:\/\/www.jornalja.com.br\/economics\/wp-content\/uploads\/sites\/11\/2026\/08\/ja-folhaderosto-facebook.jpg","article:published_time":"2017-07-26T16:05:04+00:00","article:modified_time":"2017-07-26T16:05:04+00:00","twitter:card":"summary","twitter:title":"Extin\u00e7\u00e3o de funda\u00e7\u00f5es estaduais vai ser analisada pelo pleno do Tribunal de Contas | Arquivo","twitter:image":"https:\/\/www.jornalja.com.br\/economics\/wp-content\/uploads\/sites\/11\/2026\/08\/ja-folhaderosto-facebook.jpg"},"aioseo_meta_data":{"post_id":"52167","title":null,"description":null,"keywords":null,"keyphrases":null,"primary_term":null,"canonical_url":null,"og_title":null,"og_description":null,"og_object_type":"default","og_image_type":"default","og_image_url":null,"og_image_width":null,"og_image_height":null,"og_image_custom_url":null,"og_image_custom_fields":null,"og_video":null,"og_custom_url":null,"og_article_section":null,"og_article_tags":null,"twitter_use_og":false,"twitter_card":"default","twitter_image_type":"default","twitter_image_url":null,"twitter_image_custom_url":null,"twitter_image_custom_fields":null,"twitter_title":null,"twitter_description":null,"schema":{"blockGraphs":[],"customGraphs":[],"default":{"data":{"Article":[],"Course":[],"Dataset":[],"FAQPage":[],"Movie":[],"Person":[],"Product":[],"ProductReview":[],"Car":[],"Recipe":[],"Service":[],"SoftwareApplication":[],"WebPage":[]},"graphName":"","isEnabled":true},"graphs":[],"defaultGraph":"","defaultPostTypeGraph":""},"schema_type":null,"schema_type_options":null,"pillar_content":false,"robots_default":true,"robots_noindex":false,"robots_noarchive":false,"robots_nosnippet":false,"robots_nofollow":false,"robots_noimageindex":false,"robots_noodp":false,"robots_notranslate":false,"robots_max_snippet":null,"robots_max_videopreview":null,"robots_max_imagepreview":"large","priority":null,"frequency":null,"location":null,"local_seo":null,"breadcrumb_settings":null,"limit_modified_date":false,"ai":null,"created":"2020-12-20 20:29:05","updated":"2025-07-19 23:40:34","seo_analyzer_scan_date":null,"focus_keyword":null,"additional_keywords":null,"truseo_locale":null},"jetpack_sharing_enabled":true,"jetpack-related-posts":[{"id":13240,"url":"https:\/\/www.jornalja.com.br\/arquivo\/plano-diretor-estamos-construindo-o-caos\/","url_meta":{"origin":52167,"position":0},"title":"Plano diretor: &quot;Estamos construindo o caos&quot;","author":"Patr\u00edcia Marini","date":"26 de maio de 2014","format":false,"excerpt":"Desabafo que arquiteta Eliana Castilhos, delegada da Regi\u00e3o de Planejamento 1, postou nas redes sociais \u00e9 um testemunho do ambiente que se criou no Conselho do Plano Diretor de Porto Alegre, onde a aprova\u00e7\u00e3o de grandes empreendimentos \u00e9 empurrada guela abaixo dos conselheiros. Ao CMDUA Como delegada da Regi\u00e3o de\u2026","rel":"","context":"Em &quot;Geral&quot;","block_context":{"text":"Geral","link":"https:\/\/www.jornalja.com.br\/arquivo\/category\/geral\/"},"img":{"alt_text":"","src":"","width":0,"height":0},"classes":[]},{"id":13239,"url":"https:\/\/www.jornalja.com.br\/arquivo\/conselho-desdenha-do-plano-diretor\/","url_meta":{"origin":52167,"position":1},"title":"Porto Alegre: Conselho detona Plano Diretor","author":"Patr\u00edcia Marini","date":"25 de maio de 2014","format":false,"excerpt":"Den\u00fancia do arquiteto e \u00a0urbanista Ibir\u00e1 Santos Lucas. Ele diz que os conselheiros est\u00e3o votando com \"enorme irresponsabilidade\". \"Mudam regime com a maior naturalidade,,,regularizam absurdos de constru\u00e7\u00f5es irregulares... \"O CMDUA est\u00e1 flexibilizando a lei do plano diretor, de uma forma impactante na vida da cidade. Mudam regime com a maior\u2026","rel":"","context":"Em &quot;Geral&quot;","block_context":{"text":"Geral","link":"https:\/\/www.jornalja.com.br\/arquivo\/category\/geral\/"},"img":{"alt_text":"","src":"","width":0,"height":0},"classes":[]},{"id":13109,"url":"https:\/\/www.jornalja.com.br\/arquivo\/judiciario-reconhece-poluicao-eletromagnetica\/","url_meta":{"origin":52167,"position":2},"title":"Judici\u00e1rio reconhece polui\u00e7\u00e3o eletromagn\u00e9tica","author":"Patr\u00edcia Marini","date":"16 de maio de 2014","format":false,"excerpt":"A\u00e7\u00e3o de duas associa\u00e7\u00f5es de moradores foi acolhida pelo Tribunal de Justi\u00e7a de S\u00e3o Paulo que. em decis\u00e3o in\u00e9dita, determinou a redu\u00e7\u00e3o do campo eletromagn\u00e9tico gerado pelas linhas de transmiss\u00e3o de energia que cortam os bairros City Boa\u00e7ava e Alto de Pinheiros. \u00c9 a primeira vez que um tribunal do\u2026","rel":"","context":"Em &quot;X.Categorias velhas&quot;","block_context":{"text":"X.Categorias velhas","link":"https:\/\/www.jornalja.com.br\/arquivo\/category\/x-categorias-velhas\/"},"img":{"alt_text":"","src":"","width":0,"height":0},"classes":[]},{"id":13128,"url":"https:\/\/www.jornalja.com.br\/arquivo\/maconha-terra-diz-que-uso-medicinal-e-desculpa\/","url_meta":{"origin":52167,"position":3},"title":"Maconha: Terra diz que uso medicinal \u00e9 desculpa","author":"Patr\u00edcia Marini","date":"4 de junho de 2014","format":false,"excerpt":"A condi\u00e7\u00e3o de pol\u00edtico, em \u00e9poca de campanha de campanha eleitoral, tira for\u00e7a do discurso do m\u00e9dico Osmar Terra contra a legaliza\u00e7\u00e3o da maconha. A tese dele de que a libera\u00e7\u00e3o vai ampliar exponencialmente o consumo \u00e9 discutivel, o consumo \u00e9 corrente. Mas seus alertas quanto aos riscos tem que\u2026","rel":"","context":"Em &quot;X.Categorias velhas&quot;","block_context":{"text":"X.Categorias velhas","link":"https:\/\/www.jornalja.com.br\/arquivo\/category\/x-categorias-velhas\/"},"img":{"alt_text":"","src":"","width":0,"height":0},"classes":[]},{"id":14241,"url":"https:\/\/www.jornalja.com.br\/arquivo\/o-guaiba-nas-imagens-poeticas-de-achutti\/","url_meta":{"origin":52167,"position":4},"title":"O Gua\u00edba nas imagens po\u00e9ticas de Achutti","author":"da Reda\u00e7\u00e3o","date":"18 de junho de 2014","format":false,"excerpt":"Em \u201cO Gua\u00edba por Achutti\u201d \u2013 obra financiada via Minist\u00e9rio da Cultura, produ\u00e7\u00e3o executiva de Pedro Longhi, e Fl\u00e1vio Wild como designer \u2013, o fot\u00f3grafo revela a beleza e as mazelas de um espa\u00e7o aqu\u00e1tico de \u00e1guas sempre renovadas, cheio de hist\u00f3rias e lendas como as das cidades que foram\u2026","rel":"","context":"Em &quot;Cultura-Geral&quot;","block_context":{"text":"Cultura-Geral","link":"https:\/\/www.jornalja.com.br\/arquivo\/category\/materiasecundaria\/"},"img":{"alt_text":"","src":"","width":0,"height":0},"classes":[]},{"id":13101,"url":"https:\/\/www.jornalja.com.br\/arquivo\/morre-um-guerreiro-do-texto\/","url_meta":{"origin":52167,"position":5},"title":"Morre um guerreiro do texto","author":"Patr\u00edcia Marini","date":"14 de maio de 2014","format":false,"excerpt":"Por Ricardo Kotscho Reproduzido do blog do autor, 11\/5\/2014; t\u00edtulo original \u201cE l\u00e1 se foi o nosso Myltainho, guerreiro do texto\u201d. Mi\u00fado e franzino, meu amigo Myltainho era um valente e inconformado guerreiro na luta contra as injusti\u00e7as sociais, a hipocrisia, as maracutaias, o autoritarismo, a intoler\u00e2ncia, a viol\u00eancia, o\u2026","rel":"","context":"Em &quot;Geral&quot;","block_context":{"text":"Geral","link":"https:\/\/www.jornalja.com.br\/arquivo\/category\/geral\/"},"img":{"alt_text":"","src":"","width":0,"height":0},"classes":[]}],"jetpack_shortlink":"https:\/\/wp.me\/pbQjBd-dzp","jetpack_featured_media_url":"","_links":{"self":[{"href":"https:\/\/www.jornalja.com.br\/arquivo\/wp-json\/wp\/v2\/posts\/52167","targetHints":{"allow":["GET"]}}],"collection":[{"href":"https:\/\/www.jornalja.com.br\/arquivo\/wp-json\/wp\/v2\/posts"}],"about":[{"href":"https:\/\/www.jornalja.com.br\/arquivo\/wp-json\/wp\/v2\/types\/post"}],"author":[{"embeddable":true,"href":"https:\/\/www.jornalja.com.br\/arquivo\/wp-json\/wp\/v2\/users\/4"}],"replies":[{"embeddable":true,"href":"https:\/\/www.jornalja.com.br\/arquivo\/wp-json\/wp\/v2\/comments?post=52167"}],"version-history":[{"count":0,"href":"https:\/\/www.jornalja.com.br\/arquivo\/wp-json\/wp\/v2\/posts\/52167\/revisions"}],"wp:attachment":[{"href":"https:\/\/www.jornalja.com.br\/arquivo\/wp-json\/wp\/v2\/media?parent=52167"}],"wp:term":[{"taxonomy":"category","embeddable":true,"href":"https:\/\/www.jornalja.com.br\/arquivo\/wp-json\/wp\/v2\/categories?post=52167"},{"taxonomy":"post_tag","embeddable":true,"href":"https:\/\/www.jornalja.com.br\/arquivo\/wp-json\/wp\/v2\/tags?post=52167"}],"curies":[{"name":"wp","href":"https:\/\/api.w.org\/{rel}","templated":true}]}}