{"id":52204,"date":"2017-07-26T17:12:52","date_gmt":"2017-07-26T20:12:52","guid":{"rendered":"https:\/\/www.jornalja.com.br\/?p=52204"},"modified":"2017-07-26T17:12:52","modified_gmt":"2017-07-26T20:12:52","slug":"reporter-do-ja-e-painelista-em-curso-da-defensoria-publica-sobre-liberdade-de-expressao","status":"publish","type":"post","link":"https:\/\/www.jornalja.com.br\/arquivo\/reporter-do-ja-e-painelista-em-curso-da-defensoria-publica-sobre-liberdade-de-expressao\/","title":{"rendered":"Rep\u00f3rter do J\u00c1 \u00e9 painelista em curso da Defensoria P\u00fablica sobre Liberdade de Express\u00e3o"},"content":{"rendered":"<p>O jornalista\u00a0Matheus Chaparini, rep\u00f3rter no jornal J\u00c1, \u00e9 um dos painelistas sobre Criminaliza\u00e7\u00e3o de Jornalistas e Profissionais da Comunica\u00e7\u00e3o, que encerra nesta quarta-feira \u00e0 noite o minicurso Liberdade de Express\u00e3o e Criminaliza\u00e7\u00e3o, promovido pelo Centro de Refer\u00eancia em Direitos Humanos (CRDH) e pela Ouvidoria-Geral da Defensoria P\u00fablica. O evento ocorre no Audit\u00f3rio do CRDH (Caldas J\u00fanior, 352), em Porto Alegre.<br \/>\nOs jornalistas Clarinha Glock, e Marco Aur\u00e9lio Weissheimer participam tamb\u00e9m das discuss\u00f5es. Eles dividir\u00e3o suas experi\u00eancias acerca da cobertura jornal\u00edstica em conflitos, comunica\u00e7\u00e3o alternativa, direitos humanos, liberdade de express\u00e3o, dentre outros.<br \/>\nChaparini foi autor de uma s\u00e9rie de mat\u00e9rias em 2016 sobre as ocupa\u00e7\u00f5es de escolas p\u00fablicas pelos estudantes, que foi encerrado com uma ocupa\u00e7\u00e3o como forma de\u00a0 protesto na Secretaria da Fazenda. O rep\u00f3rter do J\u00c1 foi o \u00fanico a acompanhar toda a a\u00e7\u00e3o da Brigada Militar para desocupar o pr\u00e9dio, tendo sido preso, autuado, denunciado pelo Minist\u00e9rio P\u00fablico e responde at\u00e9 hoje processo na Justi\u00e7a, mesmo tendo se identificado como jornalista durante toda a\u00e7\u00e3o. Suas mat\u00e9rias renderam o principal pr\u00eamio jornal\u00edstico da Associa\u00e7\u00e3o Riograndense de Imprensa, em dezembro de 2016.<\/p>\n","protected":false},"excerpt":{"rendered":"<p>O jornalista\u00a0Matheus Chaparini, rep\u00f3rter no jornal J\u00c1, \u00e9 um dos painelistas sobre Criminaliza\u00e7\u00e3o de Jornalistas e Profissionais da Comunica\u00e7\u00e3o, que encerra nesta quarta-feira \u00e0 noite o minicurso Liberdade de Express\u00e3o e Criminaliza\u00e7\u00e3o, promovido pelo Centro de Refer\u00eancia em Direitos Humanos (CRDH) e pela Ouvidoria-Geral da Defensoria P\u00fablica. O evento ocorre no Audit\u00f3rio do CRDH (Caldas [&hellip;]<\/p>\n","protected":false},"author":4,"featured_media":34929,"comment_status":"open","ping_status":"closed","sticky":false,"template":"","format":"standard","meta":{"_jetpack_newsletter_access":"","_jetpack_dont_email_post_to_subs":false,"_jetpack_newsletter_tier_id":0,"_jetpack_memberships_contains_paywalled_content":false,"_jetpack_feature_clip_id":0,"_jetpack_memberships_contains_paid_content":false,"footnotes":"","jetpack_post_was_ever_published":false},"categories":[11],"tags":[],"class_list":["post-52204","post","type-post","status-publish","format-standard","has-post-thumbnail","hentry","category-materiasecundaria"],"aioseo_notices":[],"aioseo_head":"\n\t\t<!-- All in One SEO 5.0.1.1 - aioseo.com -->\n\t<meta name=\"robots\" content=\"max-image-preview:large\" \/>\n\t<meta name=\"author\" content=\"da Reda\u00e7\u00e3o\"\/>\n\t<link rel=\"canonical\" href=\"https:\/\/www.jornalja.com.br\/arquivo\/reporter-do-ja-e-painelista-em-curso-da-defensoria-publica-sobre-liberdade-de-expressao\/\" \/>\n\t<meta name=\"generator\" content=\"All in One SEO (AIOSEO) 5.0.1.1\" \/>\n\t\t<meta property=\"og:locale\" content=\"pt_BR\" \/>\n\t\t<meta property=\"og:site_name\" content=\"Arquivo | Jornal J\u00c1 | Porto Alegre\" \/>\n\t\t<meta property=\"og:type\" content=\"article\" \/>\n\t\t<meta property=\"og:title\" content=\"Rep\u00f3rter do J\u00c1 \u00e9 painelista em curso da Defensoria P\u00fablica sobre Liberdade de Express\u00e3o | Arquivo\" \/>\n\t\t<meta property=\"og:url\" content=\"https:\/\/www.jornalja.com.br\/arquivo\/reporter-do-ja-e-painelista-em-curso-da-defensoria-publica-sobre-liberdade-de-expressao\/\" \/>\n\t\t<meta property=\"og:image\" content=\"https:\/\/www.jornalja.com.br\/economics\/wp-content\/uploads\/sites\/11\/2026\/08\/ja-folhaderosto-facebook.jpg\" \/>\n\t\t<meta property=\"og:image:secure_url\" content=\"https:\/\/www.jornalja.com.br\/economics\/wp-content\/uploads\/sites\/11\/2026\/08\/ja-folhaderosto-facebook.jpg\" \/>\n\t\t<meta property=\"article:published_time\" content=\"2017-07-26T20:12:52+00:00\" \/>\n\t\t<meta property=\"article:modified_time\" content=\"2017-07-26T20:12:52+00:00\" \/>\n\t\t<meta name=\"twitter:card\" content=\"summary\" \/>\n\t\t<meta name=\"twitter:title\" content=\"Rep\u00f3rter do J\u00c1 \u00e9 painelista em curso da Defensoria P\u00fablica sobre Liberdade de Express\u00e3o | Arquivo\" \/>\n\t\t<meta name=\"twitter:image\" content=\"https:\/\/www.jornalja.com.br\/economics\/wp-content\/uploads\/sites\/11\/2026\/08\/ja-folhaderosto-facebook.jpg\" \/>\n\t\t<script type=\"application\/ld+json\" class=\"aioseo-schema\">\n\t\t\t{\"@context\":\"https:\\\/\\\/schema.org\",\"@graph\":[{\"@type\":\"BlogPosting\",\"@id\":\"https:\\\/\\\/www.jornalja.com.br\\\/arquivo\\\/reporter-do-ja-e-painelista-em-curso-da-defensoria-publica-sobre-liberdade-de-expressao\\\/#blogposting\",\"name\":\"Rep\\u00f3rter do J\\u00c1 \\u00e9 painelista em curso da Defensoria P\\u00fablica sobre Liberdade de Express\\u00e3o | Arquivo\",\"headline\":\"Rep\\u00f3rter do J\\u00c1 \\u00e9 painelista em curso da Defensoria P\\u00fablica sobre Liberdade de Express\\u00e3o\",\"author\":{\"@id\":\"https:\\\/\\\/www.jornalja.com.br\\\/arquivo\\\/author\\\/daredacao\\\/#author\"},\"publisher\":{\"@id\":\"https:\\\/\\\/www.jornalja.com.br\\\/arquivo\\\/#organization\"},\"image\":{\"@type\":\"ImageObject\",\"url\":34929},\"datePublished\":\"2017-07-26T17:12:52-03:00\",\"dateModified\":\"2017-07-26T17:12:52-03:00\",\"inLanguage\":\"pt-BR\",\"mainEntityOfPage\":{\"@id\":\"https:\\\/\\\/www.jornalja.com.br\\\/arquivo\\\/reporter-do-ja-e-painelista-em-curso-da-defensoria-publica-sobre-liberdade-de-expressao\\\/#webpage\"},\"isPartOf\":{\"@id\":\"https:\\\/\\\/www.jornalja.com.br\\\/arquivo\\\/reporter-do-ja-e-painelista-em-curso-da-defensoria-publica-sobre-liberdade-de-expressao\\\/#webpage\"},\"articleSection\":\"Cultura-Geral\"},{\"@type\":\"BreadcrumbList\",\"@id\":\"https:\\\/\\\/www.jornalja.com.br\\\/arquivo\\\/reporter-do-ja-e-painelista-em-curso-da-defensoria-publica-sobre-liberdade-de-expressao\\\/#breadcrumblist\",\"itemListElement\":[{\"@type\":\"ListItem\",\"@id\":\"https:\\\/\\\/www.jornalja.com.br\\\/arquivo#listItem\",\"position\":1,\"name\":\"Home\",\"item\":\"https:\\\/\\\/www.jornalja.com.br\\\/arquivo\",\"nextItem\":{\"@type\":\"ListItem\",\"@id\":\"https:\\\/\\\/www.jornalja.com.br\\\/arquivo\\\/category\\\/materiasecundaria\\\/#listItem\",\"name\":\"Cultura-Geral\"}},{\"@type\":\"ListItem\",\"@id\":\"https:\\\/\\\/www.jornalja.com.br\\\/arquivo\\\/category\\\/materiasecundaria\\\/#listItem\",\"position\":2,\"name\":\"Cultura-Geral\",\"item\":\"https:\\\/\\\/www.jornalja.com.br\\\/arquivo\\\/category\\\/materiasecundaria\\\/\",\"nextItem\":{\"@type\":\"ListItem\",\"@id\":\"https:\\\/\\\/www.jornalja.com.br\\\/arquivo\\\/reporter-do-ja-e-painelista-em-curso-da-defensoria-publica-sobre-liberdade-de-expressao\\\/#listItem\",\"name\":\"Rep\\u00f3rter do J\\u00c1 \\u00e9 painelista em curso da Defensoria P\\u00fablica sobre Liberdade de Express\\u00e3o\"},\"previousItem\":{\"@type\":\"ListItem\",\"@id\":\"https:\\\/\\\/www.jornalja.com.br\\\/arquivo#listItem\",\"name\":\"Home\"}},{\"@type\":\"ListItem\",\"@id\":\"https:\\\/\\\/www.jornalja.com.br\\\/arquivo\\\/reporter-do-ja-e-painelista-em-curso-da-defensoria-publica-sobre-liberdade-de-expressao\\\/#listItem\",\"position\":3,\"name\":\"Rep\\u00f3rter do J\\u00c1 \\u00e9 painelista em curso da Defensoria P\\u00fablica sobre Liberdade de Express\\u00e3o\",\"previousItem\":{\"@type\":\"ListItem\",\"@id\":\"https:\\\/\\\/www.jornalja.com.br\\\/arquivo\\\/category\\\/materiasecundaria\\\/#listItem\",\"name\":\"Cultura-Geral\"}}]},{\"@type\":\"Organization\",\"@id\":\"https:\\\/\\\/www.jornalja.com.br\\\/arquivo\\\/#organization\",\"name\":\"Jornal J\\u00c1\",\"description\":\"Jornal J\\u00c1 | Porto Alegre\",\"url\":\"https:\\\/\\\/www.jornalja.com.br\\\/arquivo\\\/\",\"telephone\":\"+555133307272\",\"logo\":{\"@type\":\"ImageObject\",\"url\":\"https:\\\/\\\/www.jornalja.com.br\\\/wp-content\\\/uploads\\\/cards\\\/JAslogan.png\",\"@id\":\"https:\\\/\\\/www.jornalja.com.br\\\/arquivo\\\/reporter-do-ja-e-painelista-em-curso-da-defensoria-publica-sobre-liberdade-de-expressao\\\/#organizationLogo\"},\"image\":{\"@id\":\"https:\\\/\\\/www.jornalja.com.br\\\/arquivo\\\/reporter-do-ja-e-painelista-em-curso-da-defensoria-publica-sobre-liberdade-de-expressao\\\/#organizationLogo\"}},{\"@type\":\"Person\",\"@id\":\"https:\\\/\\\/www.jornalja.com.br\\\/arquivo\\\/author\\\/daredacao\\\/#author\",\"url\":\"https:\\\/\\\/www.jornalja.com.br\\\/arquivo\\\/author\\\/daredacao\\\/\",\"name\":\"da Reda\\u00e7\\u00e3o\",\"image\":{\"@type\":\"ImageObject\",\"@id\":\"https:\\\/\\\/www.jornalja.com.br\\\/arquivo\\\/reporter-do-ja-e-painelista-em-curso-da-defensoria-publica-sobre-liberdade-de-expressao\\\/#authorImage\",\"url\":\"https:\\\/\\\/secure.gravatar.com\\\/avatar\\\/469fd857d6605ad19919d27ed29d35a968a25f6e8fd9318356bbb7f57aae9c65?s=96&d=mm&r=g\",\"width\":96,\"height\":96,\"caption\":\"da Reda\\u00e7\\u00e3o\"}},{\"@type\":\"WebPage\",\"@id\":\"https:\\\/\\\/www.jornalja.com.br\\\/arquivo\\\/reporter-do-ja-e-painelista-em-curso-da-defensoria-publica-sobre-liberdade-de-expressao\\\/#webpage\",\"url\":\"https:\\\/\\\/www.jornalja.com.br\\\/arquivo\\\/reporter-do-ja-e-painelista-em-curso-da-defensoria-publica-sobre-liberdade-de-expressao\\\/\",\"name\":\"Rep\\u00f3rter do J\\u00c1 \\u00e9 painelista em curso da Defensoria P\\u00fablica sobre Liberdade de Express\\u00e3o | Arquivo\",\"inLanguage\":\"pt-BR\",\"isPartOf\":{\"@id\":\"https:\\\/\\\/www.jornalja.com.br\\\/arquivo\\\/#website\"},\"breadcrumb\":{\"@id\":\"https:\\\/\\\/www.jornalja.com.br\\\/arquivo\\\/reporter-do-ja-e-painelista-em-curso-da-defensoria-publica-sobre-liberdade-de-expressao\\\/#breadcrumblist\"},\"author\":{\"@id\":\"https:\\\/\\\/www.jornalja.com.br\\\/arquivo\\\/author\\\/daredacao\\\/#author\"},\"creator\":{\"@id\":\"https:\\\/\\\/www.jornalja.com.br\\\/arquivo\\\/author\\\/daredacao\\\/#author\"},\"image\":{\"@type\":\"ImageObject\",\"url\":34929,\"@id\":\"https:\\\/\\\/www.jornalja.com.br\\\/arquivo\\\/reporter-do-ja-e-painelista-em-curso-da-defensoria-publica-sobre-liberdade-de-expressao\\\/#mainImage\"},\"primaryImageOfPage\":{\"@id\":\"https:\\\/\\\/www.jornalja.com.br\\\/arquivo\\\/reporter-do-ja-e-painelista-em-curso-da-defensoria-publica-sobre-liberdade-de-expressao\\\/#mainImage\"},\"datePublished\":\"2017-07-26T17:12:52-03:00\",\"dateModified\":\"2017-07-26T17:12:52-03:00\"},{\"@type\":\"WebSite\",\"@id\":\"https:\\\/\\\/www.jornalja.com.br\\\/arquivo\\\/#website\",\"url\":\"https:\\\/\\\/www.jornalja.com.br\\\/arquivo\\\/\",\"name\":\"Arquivo\",\"description\":\"Jornal J\\u00c1 | Porto Alegre\",\"inLanguage\":\"pt-BR\",\"publisher\":{\"@id\":\"https:\\\/\\\/www.jornalja.com.br\\\/arquivo\\\/#organization\"}}]}\n\t\t<\/script>\n\t\t<!-- All in One SEO -->\n\n","aioseo_head_json":{"title":"Rep\u00f3rter do J\u00c1 \u00e9 painelista em curso da Defensoria P\u00fablica sobre Liberdade de Express\u00e3o | Arquivo","description":"","canonical_url":"https:\/\/www.jornalja.com.br\/arquivo\/reporter-do-ja-e-painelista-em-curso-da-defensoria-publica-sobre-liberdade-de-expressao\/","robots":"max-image-preview:large","keywords":"","webmasterTools":{"miscellaneous":""},"schema":{"@context":"https:\/\/schema.org","@graph":[{"@type":"BlogPosting","@id":"https:\/\/www.jornalja.com.br\/arquivo\/reporter-do-ja-e-painelista-em-curso-da-defensoria-publica-sobre-liberdade-de-expressao\/#blogposting","name":"Rep\u00f3rter do J\u00c1 \u00e9 painelista em curso da Defensoria P\u00fablica sobre Liberdade de Express\u00e3o | Arquivo","headline":"Rep\u00f3rter do J\u00c1 \u00e9 painelista em curso da Defensoria P\u00fablica sobre Liberdade de Express\u00e3o","author":{"@id":"https:\/\/www.jornalja.com.br\/arquivo\/author\/daredacao\/#author"},"publisher":{"@id":"https:\/\/www.jornalja.com.br\/arquivo\/#organization"},"image":{"@type":"ImageObject","url":34929},"datePublished":"2017-07-26T17:12:52-03:00","dateModified":"2017-07-26T17:12:52-03:00","inLanguage":"pt-BR","mainEntityOfPage":{"@id":"https:\/\/www.jornalja.com.br\/arquivo\/reporter-do-ja-e-painelista-em-curso-da-defensoria-publica-sobre-liberdade-de-expressao\/#webpage"},"isPartOf":{"@id":"https:\/\/www.jornalja.com.br\/arquivo\/reporter-do-ja-e-painelista-em-curso-da-defensoria-publica-sobre-liberdade-de-expressao\/#webpage"},"articleSection":"Cultura-Geral"},{"@type":"BreadcrumbList","@id":"https:\/\/www.jornalja.com.br\/arquivo\/reporter-do-ja-e-painelista-em-curso-da-defensoria-publica-sobre-liberdade-de-expressao\/#breadcrumblist","itemListElement":[{"@type":"ListItem","@id":"https:\/\/www.jornalja.com.br\/arquivo#listItem","position":1,"name":"Home","item":"https:\/\/www.jornalja.com.br\/arquivo","nextItem":{"@type":"ListItem","@id":"https:\/\/www.jornalja.com.br\/arquivo\/category\/materiasecundaria\/#listItem","name":"Cultura-Geral"}},{"@type":"ListItem","@id":"https:\/\/www.jornalja.com.br\/arquivo\/category\/materiasecundaria\/#listItem","position":2,"name":"Cultura-Geral","item":"https:\/\/www.jornalja.com.br\/arquivo\/category\/materiasecundaria\/","nextItem":{"@type":"ListItem","@id":"https:\/\/www.jornalja.com.br\/arquivo\/reporter-do-ja-e-painelista-em-curso-da-defensoria-publica-sobre-liberdade-de-expressao\/#listItem","name":"Rep\u00f3rter do J\u00c1 \u00e9 painelista em curso da Defensoria P\u00fablica sobre Liberdade de Express\u00e3o"},"previousItem":{"@type":"ListItem","@id":"https:\/\/www.jornalja.com.br\/arquivo#listItem","name":"Home"}},{"@type":"ListItem","@id":"https:\/\/www.jornalja.com.br\/arquivo\/reporter-do-ja-e-painelista-em-curso-da-defensoria-publica-sobre-liberdade-de-expressao\/#listItem","position":3,"name":"Rep\u00f3rter do J\u00c1 \u00e9 painelista em curso da Defensoria P\u00fablica sobre Liberdade de Express\u00e3o","previousItem":{"@type":"ListItem","@id":"https:\/\/www.jornalja.com.br\/arquivo\/category\/materiasecundaria\/#listItem","name":"Cultura-Geral"}}]},{"@type":"Organization","@id":"https:\/\/www.jornalja.com.br\/arquivo\/#organization","name":"Jornal J\u00c1","description":"Jornal J\u00c1 | Porto Alegre","url":"https:\/\/www.jornalja.com.br\/arquivo\/","telephone":"+555133307272","logo":{"@type":"ImageObject","url":"https:\/\/www.jornalja.com.br\/wp-content\/uploads\/cards\/JAslogan.png","@id":"https:\/\/www.jornalja.com.br\/arquivo\/reporter-do-ja-e-painelista-em-curso-da-defensoria-publica-sobre-liberdade-de-expressao\/#organizationLogo"},"image":{"@id":"https:\/\/www.jornalja.com.br\/arquivo\/reporter-do-ja-e-painelista-em-curso-da-defensoria-publica-sobre-liberdade-de-expressao\/#organizationLogo"}},{"@type":"Person","@id":"https:\/\/www.jornalja.com.br\/arquivo\/author\/daredacao\/#author","url":"https:\/\/www.jornalja.com.br\/arquivo\/author\/daredacao\/","name":"da Reda\u00e7\u00e3o","image":{"@type":"ImageObject","@id":"https:\/\/www.jornalja.com.br\/arquivo\/reporter-do-ja-e-painelista-em-curso-da-defensoria-publica-sobre-liberdade-de-expressao\/#authorImage","url":"https:\/\/secure.gravatar.com\/avatar\/469fd857d6605ad19919d27ed29d35a968a25f6e8fd9318356bbb7f57aae9c65?s=96&d=mm&r=g","width":96,"height":96,"caption":"da Reda\u00e7\u00e3o"}},{"@type":"WebPage","@id":"https:\/\/www.jornalja.com.br\/arquivo\/reporter-do-ja-e-painelista-em-curso-da-defensoria-publica-sobre-liberdade-de-expressao\/#webpage","url":"https:\/\/www.jornalja.com.br\/arquivo\/reporter-do-ja-e-painelista-em-curso-da-defensoria-publica-sobre-liberdade-de-expressao\/","name":"Rep\u00f3rter do J\u00c1 \u00e9 painelista em curso da Defensoria P\u00fablica sobre Liberdade de Express\u00e3o | Arquivo","inLanguage":"pt-BR","isPartOf":{"@id":"https:\/\/www.jornalja.com.br\/arquivo\/#website"},"breadcrumb":{"@id":"https:\/\/www.jornalja.com.br\/arquivo\/reporter-do-ja-e-painelista-em-curso-da-defensoria-publica-sobre-liberdade-de-expressao\/#breadcrumblist"},"author":{"@id":"https:\/\/www.jornalja.com.br\/arquivo\/author\/daredacao\/#author"},"creator":{"@id":"https:\/\/www.jornalja.com.br\/arquivo\/author\/daredacao\/#author"},"image":{"@type":"ImageObject","url":34929,"@id":"https:\/\/www.jornalja.com.br\/arquivo\/reporter-do-ja-e-painelista-em-curso-da-defensoria-publica-sobre-liberdade-de-expressao\/#mainImage"},"primaryImageOfPage":{"@id":"https:\/\/www.jornalja.com.br\/arquivo\/reporter-do-ja-e-painelista-em-curso-da-defensoria-publica-sobre-liberdade-de-expressao\/#mainImage"},"datePublished":"2017-07-26T17:12:52-03:00","dateModified":"2017-07-26T17:12:52-03:00"},{"@type":"WebSite","@id":"https:\/\/www.jornalja.com.br\/arquivo\/#website","url":"https:\/\/www.jornalja.com.br\/arquivo\/","name":"Arquivo","description":"Jornal J\u00c1 | Porto Alegre","inLanguage":"pt-BR","publisher":{"@id":"https:\/\/www.jornalja.com.br\/arquivo\/#organization"}}]},"og:locale":"pt_BR","og:site_name":"Arquivo | Jornal J\u00c1 | Porto Alegre","og:type":"article","og:title":"Rep\u00f3rter do J\u00c1 \u00e9 painelista em curso da Defensoria P\u00fablica sobre Liberdade de Express\u00e3o | Arquivo","og:url":"https:\/\/www.jornalja.com.br\/arquivo\/reporter-do-ja-e-painelista-em-curso-da-defensoria-publica-sobre-liberdade-de-expressao\/","og:image":"https:\/\/www.jornalja.com.br\/economics\/wp-content\/uploads\/sites\/11\/2026\/08\/ja-folhaderosto-facebook.jpg","og:image:secure_url":"https:\/\/www.jornalja.com.br\/economics\/wp-content\/uploads\/sites\/11\/2026\/08\/ja-folhaderosto-facebook.jpg","article:published_time":"2017-07-26T20:12:52+00:00","article:modified_time":"2017-07-26T20:12:52+00:00","twitter:card":"summary","twitter:title":"Rep\u00f3rter do J\u00c1 \u00e9 painelista em curso da Defensoria P\u00fablica sobre Liberdade de Express\u00e3o | Arquivo","twitter:image":"https:\/\/www.jornalja.com.br\/economics\/wp-content\/uploads\/sites\/11\/2026\/08\/ja-folhaderosto-facebook.jpg"},"aioseo_meta_data":{"post_id":"52204","title":null,"description":null,"keywords":null,"keyphrases":null,"primary_term":null,"canonical_url":null,"og_title":null,"og_description":null,"og_object_type":"default","og_image_type":"default","og_image_url":null,"og_image_width":null,"og_image_height":null,"og_image_custom_url":null,"og_image_custom_fields":null,"og_video":null,"og_custom_url":null,"og_article_section":null,"og_article_tags":null,"twitter_use_og":false,"twitter_card":"default","twitter_image_type":"default","twitter_image_url":null,"twitter_image_custom_url":null,"twitter_image_custom_fields":null,"twitter_title":null,"twitter_description":null,"schema":{"blockGraphs":[],"customGraphs":[],"default":{"data":{"Article":[],"Course":[],"Dataset":[],"FAQPage":[],"Movie":[],"Person":[],"Product":[],"ProductReview":[],"Car":[],"Recipe":[],"Service":[],"SoftwareApplication":[],"WebPage":[]},"graphName":"","isEnabled":true},"graphs":[],"defaultGraph":"","defaultPostTypeGraph":""},"schema_type":null,"schema_type_options":null,"pillar_content":false,"robots_default":true,"robots_noindex":false,"robots_noarchive":false,"robots_nosnippet":false,"robots_nofollow":false,"robots_noimageindex":false,"robots_noodp":false,"robots_notranslate":false,"robots_max_snippet":null,"robots_max_videopreview":null,"robots_max_imagepreview":"large","priority":null,"frequency":null,"location":null,"local_seo":null,"breadcrumb_settings":null,"limit_modified_date":false,"ai":null,"created":"2020-12-20 20:29:05","updated":"2025-07-19 23:45:02","seo_analyzer_scan_date":null,"focus_keyword":null,"additional_keywords":null,"truseo_locale":null},"jetpack_sharing_enabled":true,"jetpack-related-posts":[{"id":13101,"url":"https:\/\/www.jornalja.com.br\/arquivo\/morre-um-guerreiro-do-texto\/","url_meta":{"origin":52204,"position":0},"title":"Morre um guerreiro do texto","author":"Patr\u00edcia Marini","date":"14 de maio de 2014","format":false,"excerpt":"Por Ricardo Kotscho Reproduzido do blog do autor, 11\/5\/2014; t\u00edtulo original \u201cE l\u00e1 se foi o nosso Myltainho, guerreiro do texto\u201d. Mi\u00fado e franzino, meu amigo Myltainho era um valente e inconformado guerreiro na luta contra as injusti\u00e7as sociais, a hipocrisia, as maracutaias, o autoritarismo, a intoler\u00e2ncia, a viol\u00eancia, o\u2026","rel":"","context":"Em &quot;Geral&quot;","block_context":{"text":"Geral","link":"https:\/\/www.jornalja.com.br\/arquivo\/category\/geral\/"},"img":{"alt_text":"","src":"","width":0,"height":0},"classes":[]},{"id":12960,"url":"https:\/\/www.jornalja.com.br\/arquivo\/populacao-culpa-empresas-pela-greve-dos-rodoviarios\/","url_meta":{"origin":52204,"position":1},"title":"Popula\u00e7\u00e3o culpa empresas pela greve","author":"Patr\u00edcia Marini","date":"14 de fevereiro de 2014","format":false,"excerpt":"Pesquisa divulgada na edi\u00e7\u00e3o do jornal Metro desta sexta-feira,14, comprova o velho ditado: \u00e9 poss\u00edvel enganar muitos por algum tempo, mas n\u00e3o \u00e9 poss\u00edvel enganar a todos o tempo inteiro. A principal revela\u00e7\u00e3o foi que 59,8% dos entrevistados apontaram as empresas como as principais respons\u00e1veis pela grave e 46% culparam\u2026","rel":"","context":"Em &quot;X.Categorias velhas&quot;","block_context":{"text":"X.Categorias velhas","link":"https:\/\/www.jornalja.com.br\/arquivo\/category\/x-categorias-velhas\/"},"img":{"alt_text":"","src":"","width":0,"height":0},"classes":[]},{"id":13109,"url":"https:\/\/www.jornalja.com.br\/arquivo\/judiciario-reconhece-poluicao-eletromagnetica\/","url_meta":{"origin":52204,"position":2},"title":"Judici\u00e1rio reconhece polui\u00e7\u00e3o eletromagn\u00e9tica","author":"Patr\u00edcia Marini","date":"16 de maio de 2014","format":false,"excerpt":"A\u00e7\u00e3o de duas associa\u00e7\u00f5es de moradores foi acolhida pelo Tribunal de Justi\u00e7a de S\u00e3o Paulo que. em decis\u00e3o in\u00e9dita, determinou a redu\u00e7\u00e3o do campo eletromagn\u00e9tico gerado pelas linhas de transmiss\u00e3o de energia que cortam os bairros City Boa\u00e7ava e Alto de Pinheiros. \u00c9 a primeira vez que um tribunal do\u2026","rel":"","context":"Em &quot;X.Categorias velhas&quot;","block_context":{"text":"X.Categorias velhas","link":"https:\/\/www.jornalja.com.br\/arquivo\/category\/x-categorias-velhas\/"},"img":{"alt_text":"","src":"","width":0,"height":0},"classes":[]},{"id":14241,"url":"https:\/\/www.jornalja.com.br\/arquivo\/o-guaiba-nas-imagens-poeticas-de-achutti\/","url_meta":{"origin":52204,"position":3},"title":"O Gua\u00edba nas imagens po\u00e9ticas de Achutti","author":"da Reda\u00e7\u00e3o","date":"18 de junho de 2014","format":false,"excerpt":"Em \u201cO Gua\u00edba por Achutti\u201d \u2013 obra financiada via Minist\u00e9rio da Cultura, produ\u00e7\u00e3o executiva de Pedro Longhi, e Fl\u00e1vio Wild como designer \u2013, o fot\u00f3grafo revela a beleza e as mazelas de um espa\u00e7o aqu\u00e1tico de \u00e1guas sempre renovadas, cheio de hist\u00f3rias e lendas como as das cidades que foram\u2026","rel":"","context":"Em &quot;Cultura-Geral&quot;","block_context":{"text":"Cultura-Geral","link":"https:\/\/www.jornalja.com.br\/arquivo\/category\/materiasecundaria\/"},"img":{"alt_text":"","src":"","width":0,"height":0},"classes":[]},{"id":13124,"url":"https:\/\/www.jornalja.com.br\/arquivo\/sangue-latino-no-iecine\/","url_meta":{"origin":52204,"position":4},"title":"Sangue latino no IECINE","author":"da Reda\u00e7\u00e3o","date":"18 de maio de 2014","format":false,"excerpt":"Francisco Ribeiro O Instituto Estadual de Cinema (IECINE) tem a frente, desde abril \u00faltimo, um novo diretor, o cineasta colombiano Juan Zapata, 36, que substitui Luiz Alberto Cassol. Radicado h\u00e1 dez anos em Porto Alegre, Zapata tem diante de si o desafio de conduzir at\u00e9 o final do ano um\u2026","rel":"","context":"Em &quot;Cultura-Geral&quot;","block_context":{"text":"Cultura-Geral","link":"https:\/\/www.jornalja.com.br\/arquivo\/category\/materiasecundaria\/"},"img":{"alt_text":"","src":"","width":0,"height":0},"classes":[]},{"id":13240,"url":"https:\/\/www.jornalja.com.br\/arquivo\/plano-diretor-estamos-construindo-o-caos\/","url_meta":{"origin":52204,"position":5},"title":"Plano diretor: &quot;Estamos construindo o caos&quot;","author":"Patr\u00edcia Marini","date":"26 de maio de 2014","format":false,"excerpt":"Desabafo que arquiteta Eliana Castilhos, delegada da Regi\u00e3o de Planejamento 1, postou nas redes sociais \u00e9 um testemunho do ambiente que se criou no Conselho do Plano Diretor de Porto Alegre, onde a aprova\u00e7\u00e3o de grandes empreendimentos \u00e9 empurrada guela abaixo dos conselheiros. Ao CMDUA Como delegada da Regi\u00e3o de\u2026","rel":"","context":"Em &quot;Geral&quot;","block_context":{"text":"Geral","link":"https:\/\/www.jornalja.com.br\/arquivo\/category\/geral\/"},"img":{"alt_text":"","src":"","width":0,"height":0},"classes":[]}],"jetpack_shortlink":"https:\/\/wp.me\/pbQjBd-dA0","jetpack_featured_media_url":"","_links":{"self":[{"href":"https:\/\/www.jornalja.com.br\/arquivo\/wp-json\/wp\/v2\/posts\/52204","targetHints":{"allow":["GET"]}}],"collection":[{"href":"https:\/\/www.jornalja.com.br\/arquivo\/wp-json\/wp\/v2\/posts"}],"about":[{"href":"https:\/\/www.jornalja.com.br\/arquivo\/wp-json\/wp\/v2\/types\/post"}],"author":[{"embeddable":true,"href":"https:\/\/www.jornalja.com.br\/arquivo\/wp-json\/wp\/v2\/users\/4"}],"replies":[{"embeddable":true,"href":"https:\/\/www.jornalja.com.br\/arquivo\/wp-json\/wp\/v2\/comments?post=52204"}],"version-history":[{"count":0,"href":"https:\/\/www.jornalja.com.br\/arquivo\/wp-json\/wp\/v2\/posts\/52204\/revisions"}],"wp:attachment":[{"href":"https:\/\/www.jornalja.com.br\/arquivo\/wp-json\/wp\/v2\/media?parent=52204"}],"wp:term":[{"taxonomy":"category","embeddable":true,"href":"https:\/\/www.jornalja.com.br\/arquivo\/wp-json\/wp\/v2\/categories?post=52204"},{"taxonomy":"post_tag","embeddable":true,"href":"https:\/\/www.jornalja.com.br\/arquivo\/wp-json\/wp\/v2\/tags?post=52204"}],"curies":[{"name":"wp","href":"https:\/\/api.w.org\/{rel}","templated":true}]}}