{"id":52259,"date":"2017-07-28T11:21:09","date_gmt":"2017-07-28T14:21:09","guid":{"rendered":"https:\/\/www.jornalja.com.br\/?p=52259"},"modified":"2017-07-28T11:21:09","modified_gmt":"2017-07-28T14:21:09","slug":"transferencia-de-lideres-de-faccoes-policia-e-bm-em-alerta-maximo","status":"publish","type":"post","link":"https:\/\/www.jornalja.com.br\/arquivo\/transferencia-de-lideres-de-faccoes-policia-e-bm-em-alerta-maximo\/","title":{"rendered":"Transfer\u00eancia de l\u00edderes de fac\u00e7\u00f5es: Pol\u00edcia e BM em alerta m\u00e1ximo"},"content":{"rendered":"<p>Definida pelas autoridades como \u201ca maior opera\u00e7\u00e3o integrada j\u00e1 realizada em solo ga\u00facho\u201d, a transfer\u00eancia de 27 l\u00edderes de fac\u00e7\u00f5es criminosas para pres\u00eddios federais, na manh\u00e3 desta sexta-feira, acendeu alerta \u00a0vermelho em todo o sistema de Seguran\u00e7a do Estado.<br \/>\nN\u00e3o s\u00f3 o policiamento ostensivo na regi\u00e3o metropolitana opera em alerta, mas tamb\u00e9m os servi\u00e7os de intelig\u00eancia da Brigada Militar e da Policia Civil trabalham para detectar poss\u00edveis movimentos dos grupos criminosos.<br \/>\n<figure id=\"attachment_52264\" aria-describedby=\"caption-attachment-52264\" style=\"width: 1150px\" class=\"wp-caption alignnone\"><img loading=\"lazy\" decoding=\"async\" class=\"size-full wp-image-52264\" src=\"https:\/\/www.jornalja.com.br\/wp-content\/uploads\/2017\/07\/35414546873_711e2c92d9_k.jpg\" alt=\"\" width=\"1150\" height=\"766\" \/><figcaption id=\"caption-attachment-52264\" class=\"wp-caption-text\">Seguran\u00e7a P\u00fablica est\u00e1 em alerta diante da possibilidade de repres\u00e1lias e disputas de territ\u00f3rio \/ Divulga\u00e7\u00e3o SSP\/RS<\/figcaption><\/figure><br \/>\nO alerta se justifica n\u00e3o s\u00f3 por conta de poss\u00edveis repres\u00e1lias, mas tamb\u00e9m por uma prov\u00e1vel disputa pelos comandos das opera\u00e7\u00f5es do tr\u00e1fico de drogas.<br \/>\nMais de tr\u00eas mil homens, de 20 institui\u00e7\u00f5es, foram mobilizados para a execu\u00e7\u00e3o da Opera\u00e7\u00e3o Pulso Firme, que culminou com a transfer\u00eancia de presos de alta periculosidade para unidades penitenci\u00e1rias federais.<br \/>\nConsiderados l\u00edderes de fac\u00e7\u00f5es, a maioria dos presos estava detida no Pres\u00eddio Central de Porto Alegre e na Penitenci\u00e1ria de Alta Seguran\u00e7a de Charqueadas (Pasc).<br \/>\nEles foram levados em avi\u00e3o da For\u00e7a A\u00e9rea Brasileira (FAB) para penitenci\u00e1rias federais de Porto Velho, em Rond\u00f4nia, Mossor\u00f3, no Rio Grande do Norte, e Campo Grande, no Mato Grosso do Sul, sendo nove presos para cada. Outros 19 pedidos foram negados pela Justi\u00e7a.<br \/>\nA opera\u00e7\u00e3o, desenvolvida em sigilo, come\u00e7ou na madrugada da quinta (27), quando a Superintend\u00eancia dos Servi\u00e7os Penitenci\u00e1rios (Susepe) concentrou em Charqueadas os presos que estavam em Porto Alegre\u00a0e no interior do Estado.<br \/>\n<figure id=\"attachment_52263\" aria-describedby=\"caption-attachment-52263\" style=\"width: 1150px\" class=\"wp-caption alignnone\"><img loading=\"lazy\" decoding=\"async\" class=\"size-full wp-image-52263\" src=\"https:\/\/www.jornalja.com.br\/wp-content\/uploads\/2017\/07\/36054571862_d8b397d561_k.jpg\" alt=\"\" width=\"1150\" height=\"766\" \/><figcaption id=\"caption-attachment-52263\" class=\"wp-caption-text\">Opera\u00e7\u00e3o iniciou na madrugada de quinta-feira, quando os l\u00edderes de fac\u00e7\u00f5es foram reunidos em Charqueadas\u00a0\/ Divulga\u00e7\u00e3o SSP\/RS<\/figcaption><\/figure><br \/>\nNo in\u00edcio da manh\u00e3 desta sexta-feira, 28, as rodovias foram bloqueados para a transfer\u00eancia do grupo at\u00e9 a Base A\u00e9rea de Canoas. Por volta das 6h, o comboio de dez vans partiu em dire\u00e7\u00e3o a Canoas, onde chegou \u00e0s 8h.\u00a0Um grande congestionamento\u00a0se formou nos dois sentidos na BR-290.<br \/>\nOs presos escolhidos para deixar o Estado comandavam o tr\u00e1fico de drogas, ordenavam execu\u00e7\u00f5es, roubos a banco e de carga dentro das cadeias.<br \/>\n<strong>Estes s\u00e3o os nomes divulgados at\u00e9 o momento:<br \/>\n<\/strong>Cristiano Feij\u00f3 Madrile, o Cabelo, 32 anos<br \/>\nDaniel Ara\u00fajo Antunes, o Patinho, 35 anos<br \/>\nDezimar de Moura Camargo, o Tita, 36 anos<br \/>\nFabr\u00edcio Santos da Silva, o Nen\u00ea, 34 anos<br \/>\nTiago Benhur Flores Pereira, o Benhur, 32 anos<br \/>\nC\u00e1ssio Alexandre Ribeiro, 37 anos<br \/>\nDiego Moacir Jung, o Dieguinho, 34 anos<br \/>\nF\u00e1bio Fogassa, o Alem\u00e3o Lico, 39 anos<br \/>\nF\u00e1bio Luis da Silva Mello, F\u00e1bio do G\u00e1s, 39 anos<br \/>\nJonatha Rosa da Cruz, o Bito, 35 anos<br \/>\nJos\u00e9 Carlos dos Santos, o Seco, 38 anos<br \/>\nJos\u00e9 Marcelo Reyes Morales, 40 anos<br \/>\nLetier Ademir Silva Lopes, 35 anos<br \/>\nM\u00e1rcio Oliveira Chultz, Alem\u00e3o M\u00e1rcio, 36 anos<br \/>\nMarcos Jos\u00e9 Viotti, o Mineiro, 46 anos<br \/>\nMilton de Mello Ferraz, 46 anos<br \/>\nTiago Gon\u00e7alves Prestes, 32 anos<br \/>\nUbirajara da Silva Barbosa, 37 anos<br \/>\nVanderlei Luciano Machado, o Lelei, 39 anos<br \/>\nAdriano Pacheco Esp\u00edndola, o Baiano, 29 anos<br \/>\n&nbsp;<\/p>\n","protected":false},"excerpt":{"rendered":"<p>Definida pelas autoridades como \u201ca maior opera\u00e7\u00e3o integrada j\u00e1 realizada em solo ga\u00facho\u201d, a transfer\u00eancia de 27 l\u00edderes de fac\u00e7\u00f5es criminosas para pres\u00eddios federais, na manh\u00e3 desta sexta-feira, acendeu alerta \u00a0vermelho em todo o sistema de Seguran\u00e7a do Estado. N\u00e3o s\u00f3 o policiamento ostensivo na regi\u00e3o metropolitana opera em alerta, mas tamb\u00e9m os servi\u00e7os de [&hellip;]<\/p>\n","protected":false},"author":4,"featured_media":52265,"comment_status":"open","ping_status":"closed","sticky":false,"template":"","format":"standard","meta":{"_jetpack_newsletter_access":"","_jetpack_dont_email_post_to_subs":false,"_jetpack_newsletter_tier_id":0,"_jetpack_memberships_contains_paywalled_content":false,"_jetpack_feature_clip_id":0,"_jetpack_memberships_contains_paid_content":false,"footnotes":"","jetpack_post_was_ever_published":false},"categories":[26],"tags":[],"class_list":["post-52259","post","type-post","status-publish","format-standard","has-post-thumbnail","hentry","category-geral"],"aioseo_notices":[],"aioseo_head":"\n\t\t<!-- All in One SEO 5.0.1.1 - aioseo.com -->\n\t<meta name=\"robots\" content=\"max-image-preview:large\" \/>\n\t<meta name=\"author\" content=\"da Reda\u00e7\u00e3o\"\/>\n\t<link rel=\"canonical\" href=\"https:\/\/www.jornalja.com.br\/arquivo\/transferencia-de-lideres-de-faccoes-policia-e-bm-em-alerta-maximo\/\" \/>\n\t<meta name=\"generator\" content=\"All in One SEO (AIOSEO) 5.0.1.1\" \/>\n\t\t<meta property=\"og:locale\" content=\"pt_BR\" \/>\n\t\t<meta property=\"og:site_name\" content=\"Arquivo | Jornal J\u00c1 | Porto Alegre\" \/>\n\t\t<meta property=\"og:type\" content=\"article\" \/>\n\t\t<meta property=\"og:title\" content=\"Transfer\u00eancia de l\u00edderes de fac\u00e7\u00f5es: Pol\u00edcia e BM em alerta m\u00e1ximo | Arquivo\" \/>\n\t\t<meta property=\"og:url\" content=\"https:\/\/www.jornalja.com.br\/arquivo\/transferencia-de-lideres-de-faccoes-policia-e-bm-em-alerta-maximo\/\" \/>\n\t\t<meta property=\"og:image\" content=\"https:\/\/www.jornalja.com.br\/wp-content\/uploads\/2017\/07\/35414546873_711e2c92d9_k.jpg\" \/>\n\t\t<meta property=\"og:image:secure_url\" content=\"https:\/\/www.jornalja.com.br\/wp-content\/uploads\/2017\/07\/35414546873_711e2c92d9_k.jpg\" \/>\n\t\t<meta property=\"article:published_time\" content=\"2017-07-28T14:21:09+00:00\" \/>\n\t\t<meta property=\"article:modified_time\" content=\"2017-07-28T14:21:09+00:00\" \/>\n\t\t<meta name=\"twitter:card\" content=\"summary\" \/>\n\t\t<meta name=\"twitter:title\" content=\"Transfer\u00eancia de l\u00edderes de fac\u00e7\u00f5es: Pol\u00edcia e BM em alerta m\u00e1ximo | Arquivo\" \/>\n\t\t<meta name=\"twitter:image\" content=\"https:\/\/www.jornalja.com.br\/economics\/wp-content\/uploads\/sites\/11\/2026\/08\/ja-folhaderosto-facebook.jpg\" \/>\n\t\t<script type=\"application\/ld+json\" class=\"aioseo-schema\">\n\t\t\t{\"@context\":\"https:\\\/\\\/schema.org\",\"@graph\":[{\"@type\":\"BlogPosting\",\"@id\":\"https:\\\/\\\/www.jornalja.com.br\\\/arquivo\\\/transferencia-de-lideres-de-faccoes-policia-e-bm-em-alerta-maximo\\\/#blogposting\",\"name\":\"Transfer\\u00eancia de l\\u00edderes de fac\\u00e7\\u00f5es: Pol\\u00edcia e BM em alerta m\\u00e1ximo | Arquivo\",\"headline\":\"Transfer\\u00eancia de l\\u00edderes de fac\\u00e7\\u00f5es: Pol\\u00edcia e BM em alerta m\\u00e1ximo\",\"author\":{\"@id\":\"https:\\\/\\\/www.jornalja.com.br\\\/arquivo\\\/author\\\/daredacao\\\/#author\"},\"publisher\":{\"@id\":\"https:\\\/\\\/www.jornalja.com.br\\\/arquivo\\\/#organization\"},\"image\":{\"@type\":\"ImageObject\",\"url\":52265},\"datePublished\":\"2017-07-28T11:21:09-03:00\",\"dateModified\":\"2017-07-28T11:21:09-03:00\",\"inLanguage\":\"pt-BR\",\"mainEntityOfPage\":{\"@id\":\"https:\\\/\\\/www.jornalja.com.br\\\/arquivo\\\/transferencia-de-lideres-de-faccoes-policia-e-bm-em-alerta-maximo\\\/#webpage\"},\"isPartOf\":{\"@id\":\"https:\\\/\\\/www.jornalja.com.br\\\/arquivo\\\/transferencia-de-lideres-de-faccoes-policia-e-bm-em-alerta-maximo\\\/#webpage\"},\"articleSection\":\"Geral\"},{\"@type\":\"BreadcrumbList\",\"@id\":\"https:\\\/\\\/www.jornalja.com.br\\\/arquivo\\\/transferencia-de-lideres-de-faccoes-policia-e-bm-em-alerta-maximo\\\/#breadcrumblist\",\"itemListElement\":[{\"@type\":\"ListItem\",\"@id\":\"https:\\\/\\\/www.jornalja.com.br\\\/arquivo#listItem\",\"position\":1,\"name\":\"Home\",\"item\":\"https:\\\/\\\/www.jornalja.com.br\\\/arquivo\",\"nextItem\":{\"@type\":\"ListItem\",\"@id\":\"https:\\\/\\\/www.jornalja.com.br\\\/arquivo\\\/category\\\/geral\\\/#listItem\",\"name\":\"Geral\"}},{\"@type\":\"ListItem\",\"@id\":\"https:\\\/\\\/www.jornalja.com.br\\\/arquivo\\\/category\\\/geral\\\/#listItem\",\"position\":2,\"name\":\"Geral\",\"item\":\"https:\\\/\\\/www.jornalja.com.br\\\/arquivo\\\/category\\\/geral\\\/\",\"nextItem\":{\"@type\":\"ListItem\",\"@id\":\"https:\\\/\\\/www.jornalja.com.br\\\/arquivo\\\/transferencia-de-lideres-de-faccoes-policia-e-bm-em-alerta-maximo\\\/#listItem\",\"name\":\"Transfer\\u00eancia de l\\u00edderes de fac\\u00e7\\u00f5es: Pol\\u00edcia e BM em alerta m\\u00e1ximo\"},\"previousItem\":{\"@type\":\"ListItem\",\"@id\":\"https:\\\/\\\/www.jornalja.com.br\\\/arquivo#listItem\",\"name\":\"Home\"}},{\"@type\":\"ListItem\",\"@id\":\"https:\\\/\\\/www.jornalja.com.br\\\/arquivo\\\/transferencia-de-lideres-de-faccoes-policia-e-bm-em-alerta-maximo\\\/#listItem\",\"position\":3,\"name\":\"Transfer\\u00eancia de l\\u00edderes de fac\\u00e7\\u00f5es: Pol\\u00edcia e BM em alerta m\\u00e1ximo\",\"previousItem\":{\"@type\":\"ListItem\",\"@id\":\"https:\\\/\\\/www.jornalja.com.br\\\/arquivo\\\/category\\\/geral\\\/#listItem\",\"name\":\"Geral\"}}]},{\"@type\":\"Organization\",\"@id\":\"https:\\\/\\\/www.jornalja.com.br\\\/arquivo\\\/#organization\",\"name\":\"Jornal J\\u00c1\",\"description\":\"Jornal J\\u00c1 | Porto Alegre\",\"url\":\"https:\\\/\\\/www.jornalja.com.br\\\/arquivo\\\/\",\"telephone\":\"+555133307272\",\"logo\":{\"@type\":\"ImageObject\",\"url\":\"https:\\\/\\\/www.jornalja.com.br\\\/wp-content\\\/uploads\\\/cards\\\/JAslogan.png\",\"@id\":\"https:\\\/\\\/www.jornalja.com.br\\\/arquivo\\\/transferencia-de-lideres-de-faccoes-policia-e-bm-em-alerta-maximo\\\/#organizationLogo\"},\"image\":{\"@id\":\"https:\\\/\\\/www.jornalja.com.br\\\/arquivo\\\/transferencia-de-lideres-de-faccoes-policia-e-bm-em-alerta-maximo\\\/#organizationLogo\"}},{\"@type\":\"Person\",\"@id\":\"https:\\\/\\\/www.jornalja.com.br\\\/arquivo\\\/author\\\/daredacao\\\/#author\",\"url\":\"https:\\\/\\\/www.jornalja.com.br\\\/arquivo\\\/author\\\/daredacao\\\/\",\"name\":\"da Reda\\u00e7\\u00e3o\",\"image\":{\"@type\":\"ImageObject\",\"@id\":\"https:\\\/\\\/www.jornalja.com.br\\\/arquivo\\\/transferencia-de-lideres-de-faccoes-policia-e-bm-em-alerta-maximo\\\/#authorImage\",\"url\":\"https:\\\/\\\/secure.gravatar.com\\\/avatar\\\/469fd857d6605ad19919d27ed29d35a968a25f6e8fd9318356bbb7f57aae9c65?s=96&d=mm&r=g\",\"width\":96,\"height\":96,\"caption\":\"da Reda\\u00e7\\u00e3o\"}},{\"@type\":\"WebPage\",\"@id\":\"https:\\\/\\\/www.jornalja.com.br\\\/arquivo\\\/transferencia-de-lideres-de-faccoes-policia-e-bm-em-alerta-maximo\\\/#webpage\",\"url\":\"https:\\\/\\\/www.jornalja.com.br\\\/arquivo\\\/transferencia-de-lideres-de-faccoes-policia-e-bm-em-alerta-maximo\\\/\",\"name\":\"Transfer\\u00eancia de l\\u00edderes de fac\\u00e7\\u00f5es: Pol\\u00edcia e BM em alerta m\\u00e1ximo | Arquivo\",\"inLanguage\":\"pt-BR\",\"isPartOf\":{\"@id\":\"https:\\\/\\\/www.jornalja.com.br\\\/arquivo\\\/#website\"},\"breadcrumb\":{\"@id\":\"https:\\\/\\\/www.jornalja.com.br\\\/arquivo\\\/transferencia-de-lideres-de-faccoes-policia-e-bm-em-alerta-maximo\\\/#breadcrumblist\"},\"author\":{\"@id\":\"https:\\\/\\\/www.jornalja.com.br\\\/arquivo\\\/author\\\/daredacao\\\/#author\"},\"creator\":{\"@id\":\"https:\\\/\\\/www.jornalja.com.br\\\/arquivo\\\/author\\\/daredacao\\\/#author\"},\"image\":{\"@type\":\"ImageObject\",\"url\":52265,\"@id\":\"https:\\\/\\\/www.jornalja.com.br\\\/arquivo\\\/transferencia-de-lideres-de-faccoes-policia-e-bm-em-alerta-maximo\\\/#mainImage\"},\"primaryImageOfPage\":{\"@id\":\"https:\\\/\\\/www.jornalja.com.br\\\/arquivo\\\/transferencia-de-lideres-de-faccoes-policia-e-bm-em-alerta-maximo\\\/#mainImage\"},\"datePublished\":\"2017-07-28T11:21:09-03:00\",\"dateModified\":\"2017-07-28T11:21:09-03:00\"},{\"@type\":\"WebSite\",\"@id\":\"https:\\\/\\\/www.jornalja.com.br\\\/arquivo\\\/#website\",\"url\":\"https:\\\/\\\/www.jornalja.com.br\\\/arquivo\\\/\",\"name\":\"Arquivo\",\"description\":\"Jornal J\\u00c1 | Porto Alegre\",\"inLanguage\":\"pt-BR\",\"publisher\":{\"@id\":\"https:\\\/\\\/www.jornalja.com.br\\\/arquivo\\\/#organization\"}}]}\n\t\t<\/script>\n\t\t<!-- All in One SEO -->\n\n","aioseo_head_json":{"title":"Transfer\u00eancia de l\u00edderes de fac\u00e7\u00f5es: Pol\u00edcia e BM em alerta m\u00e1ximo | Arquivo","description":"","canonical_url":"https:\/\/www.jornalja.com.br\/arquivo\/transferencia-de-lideres-de-faccoes-policia-e-bm-em-alerta-maximo\/","robots":"max-image-preview:large","keywords":"","webmasterTools":{"miscellaneous":""},"schema":{"@context":"https:\/\/schema.org","@graph":[{"@type":"BlogPosting","@id":"https:\/\/www.jornalja.com.br\/arquivo\/transferencia-de-lideres-de-faccoes-policia-e-bm-em-alerta-maximo\/#blogposting","name":"Transfer\u00eancia de l\u00edderes de fac\u00e7\u00f5es: Pol\u00edcia e BM em alerta m\u00e1ximo | Arquivo","headline":"Transfer\u00eancia de l\u00edderes de fac\u00e7\u00f5es: Pol\u00edcia e BM em alerta m\u00e1ximo","author":{"@id":"https:\/\/www.jornalja.com.br\/arquivo\/author\/daredacao\/#author"},"publisher":{"@id":"https:\/\/www.jornalja.com.br\/arquivo\/#organization"},"image":{"@type":"ImageObject","url":52265},"datePublished":"2017-07-28T11:21:09-03:00","dateModified":"2017-07-28T11:21:09-03:00","inLanguage":"pt-BR","mainEntityOfPage":{"@id":"https:\/\/www.jornalja.com.br\/arquivo\/transferencia-de-lideres-de-faccoes-policia-e-bm-em-alerta-maximo\/#webpage"},"isPartOf":{"@id":"https:\/\/www.jornalja.com.br\/arquivo\/transferencia-de-lideres-de-faccoes-policia-e-bm-em-alerta-maximo\/#webpage"},"articleSection":"Geral"},{"@type":"BreadcrumbList","@id":"https:\/\/www.jornalja.com.br\/arquivo\/transferencia-de-lideres-de-faccoes-policia-e-bm-em-alerta-maximo\/#breadcrumblist","itemListElement":[{"@type":"ListItem","@id":"https:\/\/www.jornalja.com.br\/arquivo#listItem","position":1,"name":"Home","item":"https:\/\/www.jornalja.com.br\/arquivo","nextItem":{"@type":"ListItem","@id":"https:\/\/www.jornalja.com.br\/arquivo\/category\/geral\/#listItem","name":"Geral"}},{"@type":"ListItem","@id":"https:\/\/www.jornalja.com.br\/arquivo\/category\/geral\/#listItem","position":2,"name":"Geral","item":"https:\/\/www.jornalja.com.br\/arquivo\/category\/geral\/","nextItem":{"@type":"ListItem","@id":"https:\/\/www.jornalja.com.br\/arquivo\/transferencia-de-lideres-de-faccoes-policia-e-bm-em-alerta-maximo\/#listItem","name":"Transfer\u00eancia de l\u00edderes de fac\u00e7\u00f5es: Pol\u00edcia e BM em alerta m\u00e1ximo"},"previousItem":{"@type":"ListItem","@id":"https:\/\/www.jornalja.com.br\/arquivo#listItem","name":"Home"}},{"@type":"ListItem","@id":"https:\/\/www.jornalja.com.br\/arquivo\/transferencia-de-lideres-de-faccoes-policia-e-bm-em-alerta-maximo\/#listItem","position":3,"name":"Transfer\u00eancia de l\u00edderes de fac\u00e7\u00f5es: Pol\u00edcia e BM em alerta m\u00e1ximo","previousItem":{"@type":"ListItem","@id":"https:\/\/www.jornalja.com.br\/arquivo\/category\/geral\/#listItem","name":"Geral"}}]},{"@type":"Organization","@id":"https:\/\/www.jornalja.com.br\/arquivo\/#organization","name":"Jornal J\u00c1","description":"Jornal J\u00c1 | Porto Alegre","url":"https:\/\/www.jornalja.com.br\/arquivo\/","telephone":"+555133307272","logo":{"@type":"ImageObject","url":"https:\/\/www.jornalja.com.br\/wp-content\/uploads\/cards\/JAslogan.png","@id":"https:\/\/www.jornalja.com.br\/arquivo\/transferencia-de-lideres-de-faccoes-policia-e-bm-em-alerta-maximo\/#organizationLogo"},"image":{"@id":"https:\/\/www.jornalja.com.br\/arquivo\/transferencia-de-lideres-de-faccoes-policia-e-bm-em-alerta-maximo\/#organizationLogo"}},{"@type":"Person","@id":"https:\/\/www.jornalja.com.br\/arquivo\/author\/daredacao\/#author","url":"https:\/\/www.jornalja.com.br\/arquivo\/author\/daredacao\/","name":"da Reda\u00e7\u00e3o","image":{"@type":"ImageObject","@id":"https:\/\/www.jornalja.com.br\/arquivo\/transferencia-de-lideres-de-faccoes-policia-e-bm-em-alerta-maximo\/#authorImage","url":"https:\/\/secure.gravatar.com\/avatar\/469fd857d6605ad19919d27ed29d35a968a25f6e8fd9318356bbb7f57aae9c65?s=96&d=mm&r=g","width":96,"height":96,"caption":"da Reda\u00e7\u00e3o"}},{"@type":"WebPage","@id":"https:\/\/www.jornalja.com.br\/arquivo\/transferencia-de-lideres-de-faccoes-policia-e-bm-em-alerta-maximo\/#webpage","url":"https:\/\/www.jornalja.com.br\/arquivo\/transferencia-de-lideres-de-faccoes-policia-e-bm-em-alerta-maximo\/","name":"Transfer\u00eancia de l\u00edderes de fac\u00e7\u00f5es: Pol\u00edcia e BM em alerta m\u00e1ximo | Arquivo","inLanguage":"pt-BR","isPartOf":{"@id":"https:\/\/www.jornalja.com.br\/arquivo\/#website"},"breadcrumb":{"@id":"https:\/\/www.jornalja.com.br\/arquivo\/transferencia-de-lideres-de-faccoes-policia-e-bm-em-alerta-maximo\/#breadcrumblist"},"author":{"@id":"https:\/\/www.jornalja.com.br\/arquivo\/author\/daredacao\/#author"},"creator":{"@id":"https:\/\/www.jornalja.com.br\/arquivo\/author\/daredacao\/#author"},"image":{"@type":"ImageObject","url":52265,"@id":"https:\/\/www.jornalja.com.br\/arquivo\/transferencia-de-lideres-de-faccoes-policia-e-bm-em-alerta-maximo\/#mainImage"},"primaryImageOfPage":{"@id":"https:\/\/www.jornalja.com.br\/arquivo\/transferencia-de-lideres-de-faccoes-policia-e-bm-em-alerta-maximo\/#mainImage"},"datePublished":"2017-07-28T11:21:09-03:00","dateModified":"2017-07-28T11:21:09-03:00"},{"@type":"WebSite","@id":"https:\/\/www.jornalja.com.br\/arquivo\/#website","url":"https:\/\/www.jornalja.com.br\/arquivo\/","name":"Arquivo","description":"Jornal J\u00c1 | Porto Alegre","inLanguage":"pt-BR","publisher":{"@id":"https:\/\/www.jornalja.com.br\/arquivo\/#organization"}}]},"og:locale":"pt_BR","og:site_name":"Arquivo | Jornal J\u00c1 | Porto Alegre","og:type":"article","og:title":"Transfer\u00eancia de l\u00edderes de fac\u00e7\u00f5es: Pol\u00edcia e BM em alerta m\u00e1ximo | Arquivo","og:url":"https:\/\/www.jornalja.com.br\/arquivo\/transferencia-de-lideres-de-faccoes-policia-e-bm-em-alerta-maximo\/","og:image":"https:\/\/www.jornalja.com.br\/wp-content\/uploads\/2017\/07\/35414546873_711e2c92d9_k.jpg","og:image:secure_url":"https:\/\/www.jornalja.com.br\/wp-content\/uploads\/2017\/07\/35414546873_711e2c92d9_k.jpg","article:published_time":"2017-07-28T14:21:09+00:00","article:modified_time":"2017-07-28T14:21:09+00:00","twitter:card":"summary","twitter:title":"Transfer\u00eancia de l\u00edderes de fac\u00e7\u00f5es: Pol\u00edcia e BM em alerta m\u00e1ximo | Arquivo","twitter:image":"https:\/\/www.jornalja.com.br\/economics\/wp-content\/uploads\/sites\/11\/2026\/08\/ja-folhaderosto-facebook.jpg"},"aioseo_meta_data":{"post_id":"52259","title":null,"description":null,"keywords":null,"keyphrases":null,"primary_term":null,"canonical_url":null,"og_title":null,"og_description":null,"og_object_type":"default","og_image_type":"default","og_image_url":null,"og_image_width":null,"og_image_height":null,"og_image_custom_url":null,"og_image_custom_fields":null,"og_video":null,"og_custom_url":null,"og_article_section":null,"og_article_tags":null,"twitter_use_og":false,"twitter_card":"default","twitter_image_type":"default","twitter_image_url":null,"twitter_image_custom_url":null,"twitter_image_custom_fields":null,"twitter_title":null,"twitter_description":null,"schema":{"blockGraphs":[],"customGraphs":[],"default":{"data":{"Article":[],"Course":[],"Dataset":[],"FAQPage":[],"Movie":[],"Person":[],"Product":[],"ProductReview":[],"Car":[],"Recipe":[],"Service":[],"SoftwareApplication":[],"WebPage":[]},"graphName":"","isEnabled":true},"graphs":[]},"schema_type":null,"schema_type_options":null,"pillar_content":false,"robots_default":true,"robots_noindex":false,"robots_noarchive":false,"robots_nosnippet":false,"robots_nofollow":false,"robots_noimageindex":false,"robots_noodp":false,"robots_notranslate":false,"robots_max_snippet":null,"robots_max_videopreview":null,"robots_max_imagepreview":"large","priority":null,"frequency":null,"location":null,"local_seo":null,"breadcrumb_settings":null,"limit_modified_date":false,"ai":null,"created":"2020-12-20 20:28:19","updated":"2025-07-19 23:47:59","seo_analyzer_scan_date":null,"focus_keyword":null,"additional_keywords":null,"truseo_locale":null},"jetpack_sharing_enabled":true,"jetpack-related-posts":[{"id":13128,"url":"https:\/\/www.jornalja.com.br\/arquivo\/maconha-terra-diz-que-uso-medicinal-e-desculpa\/","url_meta":{"origin":52259,"position":0},"title":"Maconha: Terra diz que uso medicinal \u00e9 desculpa","author":"Patr\u00edcia Marini","date":"4 de junho de 2014","format":false,"excerpt":"A condi\u00e7\u00e3o de pol\u00edtico, em \u00e9poca de campanha de campanha eleitoral, tira for\u00e7a do discurso do m\u00e9dico Osmar Terra contra a legaliza\u00e7\u00e3o da maconha. A tese dele de que a libera\u00e7\u00e3o vai ampliar exponencialmente o consumo \u00e9 discutivel, o consumo \u00e9 corrente. Mas seus alertas quanto aos riscos tem que\u2026","rel":"","context":"Em &quot;X.Categorias velhas&quot;","block_context":{"text":"X.Categorias velhas","link":"https:\/\/www.jornalja.com.br\/arquivo\/category\/x-categorias-velhas\/"},"img":{"alt_text":"","src":"","width":0,"height":0},"classes":[]},{"id":12960,"url":"https:\/\/www.jornalja.com.br\/arquivo\/populacao-culpa-empresas-pela-greve-dos-rodoviarios\/","url_meta":{"origin":52259,"position":1},"title":"Popula\u00e7\u00e3o culpa empresas pela greve","author":"Patr\u00edcia Marini","date":"14 de fevereiro de 2014","format":false,"excerpt":"Pesquisa divulgada na edi\u00e7\u00e3o do jornal Metro desta sexta-feira,14, comprova o velho ditado: \u00e9 poss\u00edvel enganar muitos por algum tempo, mas n\u00e3o \u00e9 poss\u00edvel enganar a todos o tempo inteiro. A principal revela\u00e7\u00e3o foi que 59,8% dos entrevistados apontaram as empresas como as principais respons\u00e1veis pela grave e 46% culparam\u2026","rel":"","context":"Em &quot;X.Categorias velhas&quot;","block_context":{"text":"X.Categorias velhas","link":"https:\/\/www.jornalja.com.br\/arquivo\/category\/x-categorias-velhas\/"},"img":{"alt_text":"","src":"","width":0,"height":0},"classes":[]},{"id":5440,"url":"https:\/\/www.jornalja.com.br\/arquivo\/casarao-da-venancio-destino-permanece-incerto\/","url_meta":{"origin":52259,"position":2},"title":"Estado ainda n\u00e3o sabe o que fazer com casar\u00e3o abandonado h\u00e1 20 anos","author":"Elmar Bones","date":"6 de julho de 2009","format":false,"excerpt":"O casar\u00e3o amarelo, numa esquina nobre de Porto Alegre (Ven\u00e2ncio Aires com Jo\u00e3o Pessoa), j\u00e1 abrigou uma escola. H\u00e1 duas d\u00e9cadas, pelo menos, est\u00e1 abandonado, porque seu propriet\u00e1rio, o governo do Estado do Rio Grande do Sul, n\u00e3o consegue achar um destino para ele. Planos n\u00e3o faltaram. O governador Ol\u00edvio\u2026","rel":"","context":"Em &quot;X.Categorias velhas&quot;","block_context":{"text":"X.Categorias velhas","link":"https:\/\/www.jornalja.com.br\/arquivo\/category\/x-categorias-velhas\/"},"img":{"alt_text":"geraldo1","src":"https:\/\/i0.wp.com\/www.jornalja.com.br\/wp-content\/uploads\/2009\/07\/geraldo1.jpg?resize=350%2C200&ssl=1","width":350,"height":200},"classes":[]},{"id":13101,"url":"https:\/\/www.jornalja.com.br\/arquivo\/morre-um-guerreiro-do-texto\/","url_meta":{"origin":52259,"position":3},"title":"Morre um guerreiro do texto","author":"Patr\u00edcia Marini","date":"14 de maio de 2014","format":false,"excerpt":"Por Ricardo Kotscho Reproduzido do blog do autor, 11\/5\/2014; t\u00edtulo original \u201cE l\u00e1 se foi o nosso Myltainho, guerreiro do texto\u201d. Mi\u00fado e franzino, meu amigo Myltainho era um valente e inconformado guerreiro na luta contra as injusti\u00e7as sociais, a hipocrisia, as maracutaias, o autoritarismo, a intoler\u00e2ncia, a viol\u00eancia, o\u2026","rel":"","context":"Em &quot;Geral&quot;","block_context":{"text":"Geral","link":"https:\/\/www.jornalja.com.br\/arquivo\/category\/geral\/"},"img":{"alt_text":"","src":"","width":0,"height":0},"classes":[]},{"id":13240,"url":"https:\/\/www.jornalja.com.br\/arquivo\/plano-diretor-estamos-construindo-o-caos\/","url_meta":{"origin":52259,"position":4},"title":"Plano diretor: &quot;Estamos construindo o caos&quot;","author":"Patr\u00edcia Marini","date":"26 de maio de 2014","format":false,"excerpt":"Desabafo que arquiteta Eliana Castilhos, delegada da Regi\u00e3o de Planejamento 1, postou nas redes sociais \u00e9 um testemunho do ambiente que se criou no Conselho do Plano Diretor de Porto Alegre, onde a aprova\u00e7\u00e3o de grandes empreendimentos \u00e9 empurrada guela abaixo dos conselheiros. Ao CMDUA Como delegada da Regi\u00e3o de\u2026","rel":"","context":"Em &quot;Geral&quot;","block_context":{"text":"Geral","link":"https:\/\/www.jornalja.com.br\/arquivo\/category\/geral\/"},"img":{"alt_text":"","src":"","width":0,"height":0},"classes":[]},{"id":13239,"url":"https:\/\/www.jornalja.com.br\/arquivo\/conselho-desdenha-do-plano-diretor\/","url_meta":{"origin":52259,"position":5},"title":"Porto Alegre: Conselho detona Plano Diretor","author":"Patr\u00edcia Marini","date":"25 de maio de 2014","format":false,"excerpt":"Den\u00fancia do arquiteto e \u00a0urbanista Ibir\u00e1 Santos Lucas. Ele diz que os conselheiros est\u00e3o votando com \"enorme irresponsabilidade\". \"Mudam regime com a maior naturalidade,,,regularizam absurdos de constru\u00e7\u00f5es irregulares... \"O CMDUA est\u00e1 flexibilizando a lei do plano diretor, de uma forma impactante na vida da cidade. Mudam regime com a maior\u2026","rel":"","context":"Em &quot;Geral&quot;","block_context":{"text":"Geral","link":"https:\/\/www.jornalja.com.br\/arquivo\/category\/geral\/"},"img":{"alt_text":"","src":"","width":0,"height":0},"classes":[]}],"jetpack_shortlink":"https:\/\/wp.me\/pbQjBd-dAT","jetpack_featured_media_url":"","_links":{"self":[{"href":"https:\/\/www.jornalja.com.br\/arquivo\/wp-json\/wp\/v2\/posts\/52259","targetHints":{"allow":["GET"]}}],"collection":[{"href":"https:\/\/www.jornalja.com.br\/arquivo\/wp-json\/wp\/v2\/posts"}],"about":[{"href":"https:\/\/www.jornalja.com.br\/arquivo\/wp-json\/wp\/v2\/types\/post"}],"author":[{"embeddable":true,"href":"https:\/\/www.jornalja.com.br\/arquivo\/wp-json\/wp\/v2\/users\/4"}],"replies":[{"embeddable":true,"href":"https:\/\/www.jornalja.com.br\/arquivo\/wp-json\/wp\/v2\/comments?post=52259"}],"version-history":[{"count":0,"href":"https:\/\/www.jornalja.com.br\/arquivo\/wp-json\/wp\/v2\/posts\/52259\/revisions"}],"wp:attachment":[{"href":"https:\/\/www.jornalja.com.br\/arquivo\/wp-json\/wp\/v2\/media?parent=52259"}],"wp:term":[{"taxonomy":"category","embeddable":true,"href":"https:\/\/www.jornalja.com.br\/arquivo\/wp-json\/wp\/v2\/categories?post=52259"},{"taxonomy":"post_tag","embeddable":true,"href":"https:\/\/www.jornalja.com.br\/arquivo\/wp-json\/wp\/v2\/tags?post=52259"}],"curies":[{"name":"wp","href":"https:\/\/api.w.org\/{rel}","templated":true}]}}