{"id":52291,"date":"2017-07-28T15:15:04","date_gmt":"2017-07-28T18:15:04","guid":{"rendered":"https:\/\/www.jornalja.com.br\/?p=52291"},"modified":"2017-07-28T15:15:04","modified_gmt":"2017-07-28T18:15:04","slug":"no-segundo-mes-de-parcelamento-22-dos-servidores-de-porto-alegre-serao-atingidos","status":"publish","type":"post","link":"https:\/\/www.jornalja.com.br\/arquivo\/no-segundo-mes-de-parcelamento-22-dos-servidores-de-porto-alegre-serao-atingidos\/","title":{"rendered":"No segundo m\u00eas de sal\u00e1rios parcelados, 22% dos servidores de Porto Alegre ser\u00e3o atingidos"},"content":{"rendered":"<p>A Prefeitura de Porto Alegre iniciar\u00e1 na pr\u00f3xima segunda-feira, 31\/07, o pagamento da folha do m\u00eas de julho, com o dep\u00f3sito de at\u00e9 R$ 6.650,00 l\u00edquidos para cada matr\u00edcula dos servidores municipais.<br \/>\nCom esse cr\u00e9dito, 78% (24,6 mil servidores) do funcionalismo estar\u00e1 com os sal\u00e1rios integralizados. Os demais servidores (6,9 mil), 22% dos funcion\u00e1rios, receber\u00e3o o saldo de seus vencimentos at\u00e9 o dia quatro de agosto, quarto dia \u00fatil do m\u00eas.<br \/>\nO dep\u00f3sito ser\u00e1 realizado em duas parcelas no dia 31 de julho: a primeira no valor de R$ 5.300,00 e a segunda no valor de R$ 1.350,00, o que corresponde a um total de R$ 119,4 milh\u00f5es.<br \/>\nConforme a Prefeitura, a folha de julho ficou em R$ 139,2 milh\u00f5es, e o pagamento do saldo restante, R$ 19,8 milh\u00f5es, depender\u00e1 do ingresso de novos recursos at\u00e9 o montante necess\u00e1rio ao pagamento total da folha. A confirma\u00e7\u00e3o da entrada dos valores ser\u00e1 conhecida somente no in\u00edcio da semana que vem.<br \/>\nEm junho, a primeira parcela dos sal\u00e1rios de junho foi de R$ 10,6 mil, o que representava 95% dos servidores. E o impacto nos sal\u00e1rios ser\u00e1 maior nos pr\u00f3ximos meses, quando o valor m\u00e1ximo da parcela inicial poder\u00e1 ser reduzido para cerca de R$ 5 mil. \u201cEsgotamos a possibilidade de pagamento integral e n\u00e3o h\u00e1 outra sa\u00edda. O crit\u00e9rio \u00e9 priorizar a folha, sempre, mas o parcelamento deve ser mantido no m\u00ednimo at\u00e9 o in\u00edcio do pr\u00f3ximo ano e pode atingir at\u00e9 50% dos servidores\u201d, j\u00e1 declarou o secret\u00e1rio Municipal da Fazenda, Leonardo Busatto.<br \/>\nA Prefeitura alega que o cen\u00e1rio das contas do munic\u00edpio \u00e9 extremamente grave. Desde junho n\u00e3o h\u00e1 recursos para pagar todas as despesas e essa situa\u00e7\u00e3o se agravar\u00e1 a cada m\u00eas.<br \/>\nA prefeitura tem um d\u00e9ficit mensal m\u00e9dio de R$ 60 milh\u00f5es. Em julho a receita l\u00edquida projetada alcan\u00e7ou R$ 247 milh\u00f5es, e a despesa, R$ 332 milh\u00f5es.<br \/>\nOs funcion\u00e1rios que est\u00e3o lotados nas empresas EPTC, Carris e Procempa ir\u00e3o receber seus vencimentos integralmente no dia 31. O mesmo se aplicar\u00e1 \u00e0s autarquias com recursos pr\u00f3prios, como o Dmae, al\u00e9m dos servidores ativos e inativos do Previmpa, no regime capitalizado.<br \/>\n<span class=\"intertit\"><strong>Justi\u00e7a pode multar Prefeitura por parcelamento <\/strong><\/span><br \/>\nUma decis\u00e3o judicial obtida pelo Sindicato dos Municip\u00e1rios (Simpa), determina que a Prefeitura pague os sal\u00e1rios dos servidores em dia. A penalidade imposta \u00e9 de R$ 10 mil, limitada a 30 dias (R$ 300 mil).<br \/>\nEm junho, apesar da decis\u00e3o judicial j\u00e1 ser conhecida, a Prefeitura ainda n\u00e3o tinha sido notificada oficialmente. Agora, a multa pode ser aplicada.<br \/>\nA diretoria do Simpa pretende acionar a Justi\u00e7a para que a multa seja aplicada e avisa que pretende mobilizar a categoria para um ato p\u00fablico, na pr\u00f3xima ter\u00e7a-feira, dia 1\u00aa de agosto, \u00e0s 16h, no Pa\u00e7o Municipal, contra o parcelamento dos sal\u00e1rios.<\/p>\n","protected":false},"excerpt":{"rendered":"<p>A Prefeitura de Porto Alegre iniciar\u00e1 na pr\u00f3xima segunda-feira, 31\/07, o pagamento da folha do m\u00eas de julho, com o dep\u00f3sito de at\u00e9 R$ 6.650,00 l\u00edquidos para cada matr\u00edcula dos servidores municipais. Com esse cr\u00e9dito, 78% (24,6 mil servidores) do funcionalismo estar\u00e1 com os sal\u00e1rios integralizados. Os demais servidores (6,9 mil), 22% dos funcion\u00e1rios, receber\u00e3o [&hellip;]<\/p>\n","protected":false},"author":4,"featured_media":52293,"comment_status":"open","ping_status":"closed","sticky":false,"template":"","format":"standard","meta":{"_jetpack_newsletter_access":"","_jetpack_dont_email_post_to_subs":false,"_jetpack_newsletter_tier_id":0,"_jetpack_memberships_contains_paywalled_content":false,"_jetpack_feature_clip_id":0,"_jetpack_memberships_contains_paid_content":false,"footnotes":"","jetpack_post_was_ever_published":false},"categories":[26],"tags":[],"class_list":["post-52291","post","type-post","status-publish","format-standard","has-post-thumbnail","hentry","category-geral"],"aioseo_notices":[],"aioseo_head":"\n\t\t<!-- All in One SEO 5.0.1.1 - aioseo.com -->\n\t<meta name=\"robots\" content=\"max-image-preview:large\" \/>\n\t<meta name=\"author\" content=\"da Reda\u00e7\u00e3o\"\/>\n\t<link rel=\"canonical\" href=\"https:\/\/www.jornalja.com.br\/arquivo\/no-segundo-mes-de-parcelamento-22-dos-servidores-de-porto-alegre-serao-atingidos\/\" \/>\n\t<meta name=\"generator\" content=\"All in One SEO (AIOSEO) 5.0.1.1\" \/>\n\t\t<meta property=\"og:locale\" content=\"pt_BR\" \/>\n\t\t<meta property=\"og:site_name\" content=\"Arquivo | Jornal J\u00c1 | Porto Alegre\" \/>\n\t\t<meta property=\"og:type\" content=\"article\" \/>\n\t\t<meta property=\"og:title\" content=\"No segundo m\u00eas de sal\u00e1rios parcelados, 22% dos servidores de Porto Alegre ser\u00e3o atingidos | Arquivo\" \/>\n\t\t<meta property=\"og:url\" content=\"https:\/\/www.jornalja.com.br\/arquivo\/no-segundo-mes-de-parcelamento-22-dos-servidores-de-porto-alegre-serao-atingidos\/\" \/>\n\t\t<meta property=\"og:image\" content=\"https:\/\/www.jornalja.com.br\/economics\/wp-content\/uploads\/sites\/11\/2026\/08\/ja-folhaderosto-facebook.jpg\" \/>\n\t\t<meta property=\"og:image:secure_url\" content=\"https:\/\/www.jornalja.com.br\/economics\/wp-content\/uploads\/sites\/11\/2026\/08\/ja-folhaderosto-facebook.jpg\" \/>\n\t\t<meta property=\"article:published_time\" content=\"2017-07-28T18:15:04+00:00\" \/>\n\t\t<meta property=\"article:modified_time\" content=\"2017-07-28T18:15:04+00:00\" \/>\n\t\t<meta name=\"twitter:card\" content=\"summary\" \/>\n\t\t<meta name=\"twitter:title\" content=\"No segundo m\u00eas de sal\u00e1rios parcelados, 22% dos servidores de Porto Alegre ser\u00e3o atingidos | Arquivo\" \/>\n\t\t<meta name=\"twitter:image\" content=\"https:\/\/www.jornalja.com.br\/economics\/wp-content\/uploads\/sites\/11\/2026\/08\/ja-folhaderosto-facebook.jpg\" \/>\n\t\t<script type=\"application\/ld+json\" class=\"aioseo-schema\">\n\t\t\t{\"@context\":\"https:\\\/\\\/schema.org\",\"@graph\":[{\"@type\":\"BlogPosting\",\"@id\":\"https:\\\/\\\/www.jornalja.com.br\\\/arquivo\\\/no-segundo-mes-de-parcelamento-22-dos-servidores-de-porto-alegre-serao-atingidos\\\/#blogposting\",\"name\":\"No segundo m\\u00eas de sal\\u00e1rios parcelados, 22% dos servidores de Porto Alegre ser\\u00e3o atingidos | Arquivo\",\"headline\":\"No segundo m\\u00eas de sal\\u00e1rios parcelados, 22% dos servidores de Porto Alegre ser\\u00e3o atingidos\",\"author\":{\"@id\":\"https:\\\/\\\/www.jornalja.com.br\\\/arquivo\\\/author\\\/daredacao\\\/#author\"},\"publisher\":{\"@id\":\"https:\\\/\\\/www.jornalja.com.br\\\/arquivo\\\/#organization\"},\"image\":{\"@type\":\"ImageObject\",\"url\":52293},\"datePublished\":\"2017-07-28T15:15:04-03:00\",\"dateModified\":\"2017-07-28T15:15:04-03:00\",\"inLanguage\":\"pt-BR\",\"mainEntityOfPage\":{\"@id\":\"https:\\\/\\\/www.jornalja.com.br\\\/arquivo\\\/no-segundo-mes-de-parcelamento-22-dos-servidores-de-porto-alegre-serao-atingidos\\\/#webpage\"},\"isPartOf\":{\"@id\":\"https:\\\/\\\/www.jornalja.com.br\\\/arquivo\\\/no-segundo-mes-de-parcelamento-22-dos-servidores-de-porto-alegre-serao-atingidos\\\/#webpage\"},\"articleSection\":\"Geral\"},{\"@type\":\"BreadcrumbList\",\"@id\":\"https:\\\/\\\/www.jornalja.com.br\\\/arquivo\\\/no-segundo-mes-de-parcelamento-22-dos-servidores-de-porto-alegre-serao-atingidos\\\/#breadcrumblist\",\"itemListElement\":[{\"@type\":\"ListItem\",\"@id\":\"https:\\\/\\\/www.jornalja.com.br\\\/arquivo#listItem\",\"position\":1,\"name\":\"Home\",\"item\":\"https:\\\/\\\/www.jornalja.com.br\\\/arquivo\",\"nextItem\":{\"@type\":\"ListItem\",\"@id\":\"https:\\\/\\\/www.jornalja.com.br\\\/arquivo\\\/category\\\/geral\\\/#listItem\",\"name\":\"Geral\"}},{\"@type\":\"ListItem\",\"@id\":\"https:\\\/\\\/www.jornalja.com.br\\\/arquivo\\\/category\\\/geral\\\/#listItem\",\"position\":2,\"name\":\"Geral\",\"item\":\"https:\\\/\\\/www.jornalja.com.br\\\/arquivo\\\/category\\\/geral\\\/\",\"nextItem\":{\"@type\":\"ListItem\",\"@id\":\"https:\\\/\\\/www.jornalja.com.br\\\/arquivo\\\/no-segundo-mes-de-parcelamento-22-dos-servidores-de-porto-alegre-serao-atingidos\\\/#listItem\",\"name\":\"No segundo m\\u00eas de sal\\u00e1rios parcelados, 22% dos servidores de Porto Alegre ser\\u00e3o atingidos\"},\"previousItem\":{\"@type\":\"ListItem\",\"@id\":\"https:\\\/\\\/www.jornalja.com.br\\\/arquivo#listItem\",\"name\":\"Home\"}},{\"@type\":\"ListItem\",\"@id\":\"https:\\\/\\\/www.jornalja.com.br\\\/arquivo\\\/no-segundo-mes-de-parcelamento-22-dos-servidores-de-porto-alegre-serao-atingidos\\\/#listItem\",\"position\":3,\"name\":\"No segundo m\\u00eas de sal\\u00e1rios parcelados, 22% dos servidores de Porto Alegre ser\\u00e3o atingidos\",\"previousItem\":{\"@type\":\"ListItem\",\"@id\":\"https:\\\/\\\/www.jornalja.com.br\\\/arquivo\\\/category\\\/geral\\\/#listItem\",\"name\":\"Geral\"}}]},{\"@type\":\"Organization\",\"@id\":\"https:\\\/\\\/www.jornalja.com.br\\\/arquivo\\\/#organization\",\"name\":\"Jornal J\\u00c1\",\"description\":\"Jornal J\\u00c1 | Porto Alegre\",\"url\":\"https:\\\/\\\/www.jornalja.com.br\\\/arquivo\\\/\",\"telephone\":\"+555133307272\",\"logo\":{\"@type\":\"ImageObject\",\"url\":\"https:\\\/\\\/www.jornalja.com.br\\\/wp-content\\\/uploads\\\/cards\\\/JAslogan.png\",\"@id\":\"https:\\\/\\\/www.jornalja.com.br\\\/arquivo\\\/no-segundo-mes-de-parcelamento-22-dos-servidores-de-porto-alegre-serao-atingidos\\\/#organizationLogo\"},\"image\":{\"@id\":\"https:\\\/\\\/www.jornalja.com.br\\\/arquivo\\\/no-segundo-mes-de-parcelamento-22-dos-servidores-de-porto-alegre-serao-atingidos\\\/#organizationLogo\"}},{\"@type\":\"Person\",\"@id\":\"https:\\\/\\\/www.jornalja.com.br\\\/arquivo\\\/author\\\/daredacao\\\/#author\",\"url\":\"https:\\\/\\\/www.jornalja.com.br\\\/arquivo\\\/author\\\/daredacao\\\/\",\"name\":\"da Reda\\u00e7\\u00e3o\",\"image\":{\"@type\":\"ImageObject\",\"@id\":\"https:\\\/\\\/www.jornalja.com.br\\\/arquivo\\\/no-segundo-mes-de-parcelamento-22-dos-servidores-de-porto-alegre-serao-atingidos\\\/#authorImage\",\"url\":\"https:\\\/\\\/secure.gravatar.com\\\/avatar\\\/469fd857d6605ad19919d27ed29d35a968a25f6e8fd9318356bbb7f57aae9c65?s=96&d=mm&r=g\",\"width\":96,\"height\":96,\"caption\":\"da Reda\\u00e7\\u00e3o\"}},{\"@type\":\"WebPage\",\"@id\":\"https:\\\/\\\/www.jornalja.com.br\\\/arquivo\\\/no-segundo-mes-de-parcelamento-22-dos-servidores-de-porto-alegre-serao-atingidos\\\/#webpage\",\"url\":\"https:\\\/\\\/www.jornalja.com.br\\\/arquivo\\\/no-segundo-mes-de-parcelamento-22-dos-servidores-de-porto-alegre-serao-atingidos\\\/\",\"name\":\"No segundo m\\u00eas de sal\\u00e1rios parcelados, 22% dos servidores de Porto Alegre ser\\u00e3o atingidos | Arquivo\",\"inLanguage\":\"pt-BR\",\"isPartOf\":{\"@id\":\"https:\\\/\\\/www.jornalja.com.br\\\/arquivo\\\/#website\"},\"breadcrumb\":{\"@id\":\"https:\\\/\\\/www.jornalja.com.br\\\/arquivo\\\/no-segundo-mes-de-parcelamento-22-dos-servidores-de-porto-alegre-serao-atingidos\\\/#breadcrumblist\"},\"author\":{\"@id\":\"https:\\\/\\\/www.jornalja.com.br\\\/arquivo\\\/author\\\/daredacao\\\/#author\"},\"creator\":{\"@id\":\"https:\\\/\\\/www.jornalja.com.br\\\/arquivo\\\/author\\\/daredacao\\\/#author\"},\"image\":{\"@type\":\"ImageObject\",\"url\":52293,\"@id\":\"https:\\\/\\\/www.jornalja.com.br\\\/arquivo\\\/no-segundo-mes-de-parcelamento-22-dos-servidores-de-porto-alegre-serao-atingidos\\\/#mainImage\"},\"primaryImageOfPage\":{\"@id\":\"https:\\\/\\\/www.jornalja.com.br\\\/arquivo\\\/no-segundo-mes-de-parcelamento-22-dos-servidores-de-porto-alegre-serao-atingidos\\\/#mainImage\"},\"datePublished\":\"2017-07-28T15:15:04-03:00\",\"dateModified\":\"2017-07-28T15:15:04-03:00\"},{\"@type\":\"WebSite\",\"@id\":\"https:\\\/\\\/www.jornalja.com.br\\\/arquivo\\\/#website\",\"url\":\"https:\\\/\\\/www.jornalja.com.br\\\/arquivo\\\/\",\"name\":\"Arquivo\",\"description\":\"Jornal J\\u00c1 | Porto Alegre\",\"inLanguage\":\"pt-BR\",\"publisher\":{\"@id\":\"https:\\\/\\\/www.jornalja.com.br\\\/arquivo\\\/#organization\"}}]}\n\t\t<\/script>\n\t\t<!-- All in One SEO -->\n\n","aioseo_head_json":{"title":"No segundo m\u00eas de sal\u00e1rios parcelados, 22% dos servidores de Porto Alegre ser\u00e3o atingidos | Arquivo","description":"","canonical_url":"https:\/\/www.jornalja.com.br\/arquivo\/no-segundo-mes-de-parcelamento-22-dos-servidores-de-porto-alegre-serao-atingidos\/","robots":"max-image-preview:large","keywords":"","webmasterTools":{"miscellaneous":""},"schema":{"@context":"https:\/\/schema.org","@graph":[{"@type":"BlogPosting","@id":"https:\/\/www.jornalja.com.br\/arquivo\/no-segundo-mes-de-parcelamento-22-dos-servidores-de-porto-alegre-serao-atingidos\/#blogposting","name":"No segundo m\u00eas de sal\u00e1rios parcelados, 22% dos servidores de Porto Alegre ser\u00e3o atingidos | Arquivo","headline":"No segundo m\u00eas de sal\u00e1rios parcelados, 22% dos servidores de Porto Alegre ser\u00e3o atingidos","author":{"@id":"https:\/\/www.jornalja.com.br\/arquivo\/author\/daredacao\/#author"},"publisher":{"@id":"https:\/\/www.jornalja.com.br\/arquivo\/#organization"},"image":{"@type":"ImageObject","url":52293},"datePublished":"2017-07-28T15:15:04-03:00","dateModified":"2017-07-28T15:15:04-03:00","inLanguage":"pt-BR","mainEntityOfPage":{"@id":"https:\/\/www.jornalja.com.br\/arquivo\/no-segundo-mes-de-parcelamento-22-dos-servidores-de-porto-alegre-serao-atingidos\/#webpage"},"isPartOf":{"@id":"https:\/\/www.jornalja.com.br\/arquivo\/no-segundo-mes-de-parcelamento-22-dos-servidores-de-porto-alegre-serao-atingidos\/#webpage"},"articleSection":"Geral"},{"@type":"BreadcrumbList","@id":"https:\/\/www.jornalja.com.br\/arquivo\/no-segundo-mes-de-parcelamento-22-dos-servidores-de-porto-alegre-serao-atingidos\/#breadcrumblist","itemListElement":[{"@type":"ListItem","@id":"https:\/\/www.jornalja.com.br\/arquivo#listItem","position":1,"name":"Home","item":"https:\/\/www.jornalja.com.br\/arquivo","nextItem":{"@type":"ListItem","@id":"https:\/\/www.jornalja.com.br\/arquivo\/category\/geral\/#listItem","name":"Geral"}},{"@type":"ListItem","@id":"https:\/\/www.jornalja.com.br\/arquivo\/category\/geral\/#listItem","position":2,"name":"Geral","item":"https:\/\/www.jornalja.com.br\/arquivo\/category\/geral\/","nextItem":{"@type":"ListItem","@id":"https:\/\/www.jornalja.com.br\/arquivo\/no-segundo-mes-de-parcelamento-22-dos-servidores-de-porto-alegre-serao-atingidos\/#listItem","name":"No segundo m\u00eas de sal\u00e1rios parcelados, 22% dos servidores de Porto Alegre ser\u00e3o atingidos"},"previousItem":{"@type":"ListItem","@id":"https:\/\/www.jornalja.com.br\/arquivo#listItem","name":"Home"}},{"@type":"ListItem","@id":"https:\/\/www.jornalja.com.br\/arquivo\/no-segundo-mes-de-parcelamento-22-dos-servidores-de-porto-alegre-serao-atingidos\/#listItem","position":3,"name":"No segundo m\u00eas de sal\u00e1rios parcelados, 22% dos servidores de Porto Alegre ser\u00e3o atingidos","previousItem":{"@type":"ListItem","@id":"https:\/\/www.jornalja.com.br\/arquivo\/category\/geral\/#listItem","name":"Geral"}}]},{"@type":"Organization","@id":"https:\/\/www.jornalja.com.br\/arquivo\/#organization","name":"Jornal J\u00c1","description":"Jornal J\u00c1 | Porto Alegre","url":"https:\/\/www.jornalja.com.br\/arquivo\/","telephone":"+555133307272","logo":{"@type":"ImageObject","url":"https:\/\/www.jornalja.com.br\/wp-content\/uploads\/cards\/JAslogan.png","@id":"https:\/\/www.jornalja.com.br\/arquivo\/no-segundo-mes-de-parcelamento-22-dos-servidores-de-porto-alegre-serao-atingidos\/#organizationLogo"},"image":{"@id":"https:\/\/www.jornalja.com.br\/arquivo\/no-segundo-mes-de-parcelamento-22-dos-servidores-de-porto-alegre-serao-atingidos\/#organizationLogo"}},{"@type":"Person","@id":"https:\/\/www.jornalja.com.br\/arquivo\/author\/daredacao\/#author","url":"https:\/\/www.jornalja.com.br\/arquivo\/author\/daredacao\/","name":"da Reda\u00e7\u00e3o","image":{"@type":"ImageObject","@id":"https:\/\/www.jornalja.com.br\/arquivo\/no-segundo-mes-de-parcelamento-22-dos-servidores-de-porto-alegre-serao-atingidos\/#authorImage","url":"https:\/\/secure.gravatar.com\/avatar\/469fd857d6605ad19919d27ed29d35a968a25f6e8fd9318356bbb7f57aae9c65?s=96&d=mm&r=g","width":96,"height":96,"caption":"da Reda\u00e7\u00e3o"}},{"@type":"WebPage","@id":"https:\/\/www.jornalja.com.br\/arquivo\/no-segundo-mes-de-parcelamento-22-dos-servidores-de-porto-alegre-serao-atingidos\/#webpage","url":"https:\/\/www.jornalja.com.br\/arquivo\/no-segundo-mes-de-parcelamento-22-dos-servidores-de-porto-alegre-serao-atingidos\/","name":"No segundo m\u00eas de sal\u00e1rios parcelados, 22% dos servidores de Porto Alegre ser\u00e3o atingidos | Arquivo","inLanguage":"pt-BR","isPartOf":{"@id":"https:\/\/www.jornalja.com.br\/arquivo\/#website"},"breadcrumb":{"@id":"https:\/\/www.jornalja.com.br\/arquivo\/no-segundo-mes-de-parcelamento-22-dos-servidores-de-porto-alegre-serao-atingidos\/#breadcrumblist"},"author":{"@id":"https:\/\/www.jornalja.com.br\/arquivo\/author\/daredacao\/#author"},"creator":{"@id":"https:\/\/www.jornalja.com.br\/arquivo\/author\/daredacao\/#author"},"image":{"@type":"ImageObject","url":52293,"@id":"https:\/\/www.jornalja.com.br\/arquivo\/no-segundo-mes-de-parcelamento-22-dos-servidores-de-porto-alegre-serao-atingidos\/#mainImage"},"primaryImageOfPage":{"@id":"https:\/\/www.jornalja.com.br\/arquivo\/no-segundo-mes-de-parcelamento-22-dos-servidores-de-porto-alegre-serao-atingidos\/#mainImage"},"datePublished":"2017-07-28T15:15:04-03:00","dateModified":"2017-07-28T15:15:04-03:00"},{"@type":"WebSite","@id":"https:\/\/www.jornalja.com.br\/arquivo\/#website","url":"https:\/\/www.jornalja.com.br\/arquivo\/","name":"Arquivo","description":"Jornal J\u00c1 | Porto Alegre","inLanguage":"pt-BR","publisher":{"@id":"https:\/\/www.jornalja.com.br\/arquivo\/#organization"}}]},"og:locale":"pt_BR","og:site_name":"Arquivo | Jornal J\u00c1 | Porto Alegre","og:type":"article","og:title":"No segundo m\u00eas de sal\u00e1rios parcelados, 22% dos servidores de Porto Alegre ser\u00e3o atingidos | Arquivo","og:url":"https:\/\/www.jornalja.com.br\/arquivo\/no-segundo-mes-de-parcelamento-22-dos-servidores-de-porto-alegre-serao-atingidos\/","og:image":"https:\/\/www.jornalja.com.br\/economics\/wp-content\/uploads\/sites\/11\/2026\/08\/ja-folhaderosto-facebook.jpg","og:image:secure_url":"https:\/\/www.jornalja.com.br\/economics\/wp-content\/uploads\/sites\/11\/2026\/08\/ja-folhaderosto-facebook.jpg","article:published_time":"2017-07-28T18:15:04+00:00","article:modified_time":"2017-07-28T18:15:04+00:00","twitter:card":"summary","twitter:title":"No segundo m\u00eas de sal\u00e1rios parcelados, 22% dos servidores de Porto Alegre ser\u00e3o atingidos | Arquivo","twitter:image":"https:\/\/www.jornalja.com.br\/economics\/wp-content\/uploads\/sites\/11\/2026\/08\/ja-folhaderosto-facebook.jpg"},"aioseo_meta_data":{"post_id":"52291","title":null,"description":null,"keywords":null,"keyphrases":null,"primary_term":null,"canonical_url":null,"og_title":null,"og_description":null,"og_object_type":"default","og_image_type":"default","og_image_url":null,"og_image_width":null,"og_image_height":null,"og_image_custom_url":null,"og_image_custom_fields":null,"og_video":null,"og_custom_url":null,"og_article_section":null,"og_article_tags":null,"twitter_use_og":false,"twitter_card":"default","twitter_image_type":"default","twitter_image_url":null,"twitter_image_custom_url":null,"twitter_image_custom_fields":null,"twitter_title":null,"twitter_description":null,"schema":{"blockGraphs":[],"customGraphs":[],"default":{"data":{"Article":[],"Course":[],"Dataset":[],"FAQPage":[],"Movie":[],"Person":[],"Product":[],"ProductReview":[],"Car":[],"Recipe":[],"Service":[],"SoftwareApplication":[],"WebPage":[]},"graphName":"","isEnabled":true},"graphs":[],"defaultGraph":"","defaultPostTypeGraph":""},"schema_type":null,"schema_type_options":null,"pillar_content":false,"robots_default":true,"robots_noindex":false,"robots_noarchive":false,"robots_nosnippet":false,"robots_nofollow":false,"robots_noimageindex":false,"robots_noodp":false,"robots_notranslate":false,"robots_max_snippet":null,"robots_max_videopreview":null,"robots_max_imagepreview":"large","priority":null,"frequency":null,"location":null,"local_seo":null,"breadcrumb_settings":null,"limit_modified_date":false,"ai":null,"created":"2020-12-20 20:28:19","updated":"2025-07-19 23:47:59","seo_analyzer_scan_date":null,"focus_keyword":null,"additional_keywords":null,"truseo_locale":null},"jetpack_sharing_enabled":true,"jetpack-related-posts":[{"id":12960,"url":"https:\/\/www.jornalja.com.br\/arquivo\/populacao-culpa-empresas-pela-greve-dos-rodoviarios\/","url_meta":{"origin":52291,"position":0},"title":"Popula\u00e7\u00e3o culpa empresas pela greve","author":"Patr\u00edcia Marini","date":"14 de fevereiro de 2014","format":false,"excerpt":"Pesquisa divulgada na edi\u00e7\u00e3o do jornal Metro desta sexta-feira,14, comprova o velho ditado: \u00e9 poss\u00edvel enganar muitos por algum tempo, mas n\u00e3o \u00e9 poss\u00edvel enganar a todos o tempo inteiro. A principal revela\u00e7\u00e3o foi que 59,8% dos entrevistados apontaram as empresas como as principais respons\u00e1veis pela grave e 46% culparam\u2026","rel":"","context":"Em &quot;X.Categorias velhas&quot;","block_context":{"text":"X.Categorias velhas","link":"https:\/\/www.jornalja.com.br\/arquivo\/category\/x-categorias-velhas\/"},"img":{"alt_text":"","src":"","width":0,"height":0},"classes":[]},{"id":14241,"url":"https:\/\/www.jornalja.com.br\/arquivo\/o-guaiba-nas-imagens-poeticas-de-achutti\/","url_meta":{"origin":52291,"position":1},"title":"O Gua\u00edba nas imagens po\u00e9ticas de Achutti","author":"da Reda\u00e7\u00e3o","date":"18 de junho de 2014","format":false,"excerpt":"Em \u201cO Gua\u00edba por Achutti\u201d \u2013 obra financiada via Minist\u00e9rio da Cultura, produ\u00e7\u00e3o executiva de Pedro Longhi, e Fl\u00e1vio Wild como designer \u2013, o fot\u00f3grafo revela a beleza e as mazelas de um espa\u00e7o aqu\u00e1tico de \u00e1guas sempre renovadas, cheio de hist\u00f3rias e lendas como as das cidades que foram\u2026","rel":"","context":"Em &quot;Cultura-Geral&quot;","block_context":{"text":"Cultura-Geral","link":"https:\/\/www.jornalja.com.br\/arquivo\/category\/materiasecundaria\/"},"img":{"alt_text":"","src":"","width":0,"height":0},"classes":[]},{"id":5440,"url":"https:\/\/www.jornalja.com.br\/arquivo\/casarao-da-venancio-destino-permanece-incerto\/","url_meta":{"origin":52291,"position":2},"title":"Estado ainda n\u00e3o sabe o que fazer com casar\u00e3o abandonado h\u00e1 20 anos","author":"Elmar Bones","date":"6 de julho de 2009","format":false,"excerpt":"O casar\u00e3o amarelo, numa esquina nobre de Porto Alegre (Ven\u00e2ncio Aires com Jo\u00e3o Pessoa), j\u00e1 abrigou uma escola. H\u00e1 duas d\u00e9cadas, pelo menos, est\u00e1 abandonado, porque seu propriet\u00e1rio, o governo do Estado do Rio Grande do Sul, n\u00e3o consegue achar um destino para ele. Planos n\u00e3o faltaram. O governador Ol\u00edvio\u2026","rel":"","context":"Em &quot;X.Categorias velhas&quot;","block_context":{"text":"X.Categorias velhas","link":"https:\/\/www.jornalja.com.br\/arquivo\/category\/x-categorias-velhas\/"},"img":{"alt_text":"geraldo1","src":"https:\/\/i0.wp.com\/www.jornalja.com.br\/wp-content\/uploads\/2009\/07\/geraldo1.jpg?resize=350%2C200&ssl=1","width":350,"height":200},"classes":[]},{"id":1280,"url":"https:\/\/www.jornalja.com.br\/arquivo\/o-menino-que-se-tornou-brizola\/","url_meta":{"origin":52291,"position":3},"title":"O Menino que se Tornou Brizola","author":"da Reda\u00e7\u00e3o","date":"28 de julho de 2008","format":false,"excerpt":"Autor: Cleber Dioni A vida de Leonel Brizola, com \u00eanfase para os primeiros anos em Porto Alegre, at\u00e9 o ex\u00edlio no Uruguai e a volta, quinze anos depois. \u00a0\"...\u00c9ramos todos jovens e nos identific\u00e1vamos com aquela massa an\u00f4nima a percorrer as ruas de Porto Alegre, gritando 'Get\u00falio', 'Get\u00falio' e empunhando\u2026","rel":"","context":"Em &quot;Livros&quot;","block_context":{"text":"Livros","link":"https:\/\/www.jornalja.com.br\/arquivo\/category\/livros\/"},"img":{"alt_text":"","src":"https:\/\/i0.wp.com\/www.jornalja.com.br\/wp-content\/uploads\/2008\/07\/brizola.gif?resize=350%2C200&ssl=1","width":350,"height":200},"classes":[]},{"id":13124,"url":"https:\/\/www.jornalja.com.br\/arquivo\/sangue-latino-no-iecine\/","url_meta":{"origin":52291,"position":4},"title":"Sangue latino no IECINE","author":"da Reda\u00e7\u00e3o","date":"18 de maio de 2014","format":false,"excerpt":"Francisco Ribeiro O Instituto Estadual de Cinema (IECINE) tem a frente, desde abril \u00faltimo, um novo diretor, o cineasta colombiano Juan Zapata, 36, que substitui Luiz Alberto Cassol. Radicado h\u00e1 dez anos em Porto Alegre, Zapata tem diante de si o desafio de conduzir at\u00e9 o final do ano um\u2026","rel":"","context":"Em &quot;Cultura-Geral&quot;","block_context":{"text":"Cultura-Geral","link":"https:\/\/www.jornalja.com.br\/arquivo\/category\/materiasecundaria\/"},"img":{"alt_text":"","src":"","width":0,"height":0},"classes":[]},{"id":13240,"url":"https:\/\/www.jornalja.com.br\/arquivo\/plano-diretor-estamos-construindo-o-caos\/","url_meta":{"origin":52291,"position":5},"title":"Plano diretor: &quot;Estamos construindo o caos&quot;","author":"Patr\u00edcia Marini","date":"26 de maio de 2014","format":false,"excerpt":"Desabafo que arquiteta Eliana Castilhos, delegada da Regi\u00e3o de Planejamento 1, postou nas redes sociais \u00e9 um testemunho do ambiente que se criou no Conselho do Plano Diretor de Porto Alegre, onde a aprova\u00e7\u00e3o de grandes empreendimentos \u00e9 empurrada guela abaixo dos conselheiros. Ao CMDUA Como delegada da Regi\u00e3o de\u2026","rel":"","context":"Em &quot;Geral&quot;","block_context":{"text":"Geral","link":"https:\/\/www.jornalja.com.br\/arquivo\/category\/geral\/"},"img":{"alt_text":"","src":"","width":0,"height":0},"classes":[]}],"jetpack_shortlink":"https:\/\/wp.me\/pbQjBd-dBp","jetpack_featured_media_url":"","_links":{"self":[{"href":"https:\/\/www.jornalja.com.br\/arquivo\/wp-json\/wp\/v2\/posts\/52291","targetHints":{"allow":["GET"]}}],"collection":[{"href":"https:\/\/www.jornalja.com.br\/arquivo\/wp-json\/wp\/v2\/posts"}],"about":[{"href":"https:\/\/www.jornalja.com.br\/arquivo\/wp-json\/wp\/v2\/types\/post"}],"author":[{"embeddable":true,"href":"https:\/\/www.jornalja.com.br\/arquivo\/wp-json\/wp\/v2\/users\/4"}],"replies":[{"embeddable":true,"href":"https:\/\/www.jornalja.com.br\/arquivo\/wp-json\/wp\/v2\/comments?post=52291"}],"version-history":[{"count":0,"href":"https:\/\/www.jornalja.com.br\/arquivo\/wp-json\/wp\/v2\/posts\/52291\/revisions"}],"wp:attachment":[{"href":"https:\/\/www.jornalja.com.br\/arquivo\/wp-json\/wp\/v2\/media?parent=52291"}],"wp:term":[{"taxonomy":"category","embeddable":true,"href":"https:\/\/www.jornalja.com.br\/arquivo\/wp-json\/wp\/v2\/categories?post=52291"},{"taxonomy":"post_tag","embeddable":true,"href":"https:\/\/www.jornalja.com.br\/arquivo\/wp-json\/wp\/v2\/tags?post=52291"}],"curies":[{"name":"wp","href":"https:\/\/api.w.org\/{rel}","templated":true}]}}