{"id":52303,"date":"2017-07-29T09:00:15","date_gmt":"2017-07-29T12:00:15","guid":{"rendered":"https:\/\/www.jornalja.com.br\/?p=52303"},"modified":"2017-07-29T09:00:15","modified_gmt":"2017-07-29T12:00:15","slug":"por-que-tentar-silenciar-a-educacao-popular-na-eja-de-porto-alegre","status":"publish","type":"post","link":"https:\/\/www.jornalja.com.br\/arquivo\/por-que-tentar-silenciar-a-educacao-popular-na-eja-de-porto-alegre\/","title":{"rendered":"Por que tentar silenciar a educa\u00e7\u00e3o popular na EJA de Porto Alegre"},"content":{"rendered":"<p><span class=\"assina\">Fernanda dos Santos Paulo* <\/span><br \/>\nA Educa\u00e7\u00e3o Popular \u00e9 o principal fundamento da Educa\u00e7\u00e3o de Jovens e Adultos de Porto Alegre, sendo refer\u00eancia da pr\u00e1xis curricular dessa modalidade desde sua origem &#8211; o ano de 1989, ano que a Administra\u00e7\u00e3o Popular assumiu a gest\u00e3o da cidade pela primeira vez. A EJA, no caso particular dessa cidade, a partir de 1988, sobretudo por conta da atual Constitui\u00e7\u00e3o Federal (Art.208), ampliou o direito \u00e0 educa\u00e7\u00e3o em se tratando do Ensino Fundamental, incluindo pessoas que n\u00e3o tiveram acesso na idade pr\u00f3pria (p\u00fablico da EJA). Isto \u00e9, o Estado deve ofertar a educa\u00e7\u00e3o p\u00fablica, obrigat\u00f3ria e gratuita. Diante dessa conjuntura pol\u00edtica e jur\u00eddica, muitos munic\u00edpios passaram a ofertar essa modalidade, incluindo esse direito (conquistado) nas suas legisla\u00e7\u00f5es em \u00e2mbito municipal, consubstanciadas pelas nacionais. Acerca disso, recordemos que a EJA \u00e9 um direito subjetivo, com tr\u00eas grandes fun\u00e7\u00f5es: 1) a reparadora; 2) a equalizadora; e, 3) a qualificadora.<br \/>\nA EJA da Rede Municipal \u00a0de \u00a0Ensino \u00a0de \u00a0Porto Alegre, desde 1989, \u00a0passou \u00a0a ser denominada como SEJA (Servi\u00e7o de Educa\u00e7\u00e3o de Jovens e Adultos). Desde o in\u00edcio da oferta dessa Modalidade, a organiza\u00e7\u00e3o do ensino efetiva-se por Totalidades, sendo assim organizada: das Totalidades 1 a 3 (alfabetiza\u00e7\u00e3o) e das 4 a 6 (p\u00f3s- alfabetiza\u00e7\u00e3o). O conjunto compreende todo ciclo da segunda etapa da educa\u00e7\u00e3o b\u00e1sica (ensino fundamental). A organiza\u00e7\u00e3o em Totalidades abrange uma concep\u00e7\u00e3o de educa\u00e7\u00e3o n\u00e3o fragmentada, n\u00e3o elitista e n\u00e3o conservadora, incluindo uma metodologia do trabalho interdisciplinar e avalia\u00e7\u00e3o emancipat\u00f3ria, pr\u00e1ticas embasadas por uma proposta pol\u00edtico-pedag\u00f3gica inspirada no\/pelo ide\u00e1rio da Educa\u00e7\u00e3o Popular. Isso significa bem mais do que muitos desavisados e desinformados vem compreendendo do sentido e significado dessa concep\u00e7\u00e3o que orienta a EJA.<br \/>\nIsto posto, para conduzir o leitor aos cinco passos para tentar silenciar a educa\u00e7\u00e3o popular na EJA de Porto Alegre, primeiro apresento o que \u00e9 Educa\u00e7\u00e3o Popular. Para tanto, fa\u00e7o refer\u00eancia ao Paulo Freire (1989), que a define como mobiliza\u00e7\u00e3o, organiza\u00e7\u00e3o e capacita\u00e7\u00e3o das classes populares (cient\u00edfica e t\u00e9cnica), visando \u00a0transformar a realidade, numa estreita rela\u00e7\u00e3o entre escola e vida pol\u00edtica.<br \/>\nDe acordo com os referenciais da Educa\u00e7\u00e3o Popular e do SEJA, os sujeitos da EJA s\u00e3o protagonistas do processo de ensino-aprendizagem. \u00a0Nesse sentido, realizar o levantamento \u00a0de \u00a0demandas da realidade \u00e9 uma exig\u00eancia do trabalho pol\u00edtico-pedag\u00f3gico nos princ\u00edpios da Educa\u00e7\u00e3o Popular. Baseado nas pesquisas participantes, \u00e9 poss\u00edvel conhecer o p\u00fablico da EJA, fazendo visita nas comunidades, escutando os moradores, registrando falas das pessoas da \u00a0comunidade e do contexto (falado ou visto) que a escola se insere. Por\u00e9m, nas \u00faltimas semanas (julho\/2017), contrariamente do que disp\u00f5em \u00a0as legisla\u00e7\u00f5es educacionais vigentes, a gest\u00e3o municipal (PSDB) desrespeitou e desmantelou \u00a0a concep\u00e7\u00e3o da EJA do munic\u00edpio de Porto Alegre.<br \/>\nA primeira forma de silenciamento da Educa\u00e7\u00e3o Popular de POA \u00e9 o descumprimento da Lei de Diretrizes e Bases da Educa\u00e7\u00e3o Nacional (LDBN), de 1996, que, segundo consta no art. 4\u00ba, tratando da oferta da EJA e de suas caracter\u00edsticas peculiares, afirma que o Estado deve garantir aos estudantes condi\u00e7\u00f5es de acesso e perman\u00eancia na escola. Sendo assim, como que pessoas moradoras do bairro Lomba do Pinheiro, especificamente na Quinta do Portal, ter\u00e3o condi\u00e7\u00f5es (tempo, dinheiro, motiva\u00e7\u00e3o, etc.) para se deslocar at\u00e9 o bairro Santana, onde est\u00e1 localizado o Centro Municipal de Educa\u00e7\u00e3o dos Trabalhadores Paulo Freire?<br \/>\nEssa pergunta refere-se a uma forma de tentativa de silenciamento da Educa\u00e7\u00e3o Popular na EJA, pois ao centralizar a oferta em uma escola central, al\u00e9m de n\u00e3o garantir ao p\u00fablico da EJA condi\u00e7\u00f5es de acesso, desconsidera a realidade dos sujeitos que comp\u00f5em essa modalidade. A segunda forma de silenciamento da Educa\u00e7\u00e3o Popular na EJA \u00e9 ignorar a sua historicidade, no tocante \u00e0s lutas populares que fazem parte das conquistas presentes nas legisla\u00e7\u00f5es educacionais (ECA, CF, LDBEN, CNE\/CEB, Parecer n.\u00ba 11\/2000, PME, PNE, etc.). A terceira \u00e9 a suspens\u00e3o das matr\u00edculas da EJA nas escolas municipais, centralizando-as no Centro Municipal de Educa\u00e7\u00e3o dos Trabalhadores Paulo Freire.<br \/>\nPosteriormente, \u00e9 a nega\u00e7\u00e3o dos dados reais da situa\u00e7\u00e3o de Porto Alegre, em rela\u00e7\u00e3o \u00e0s pessoas que n\u00e3o possuem o ensino Fundamental completo (mais de 300 mil pessoas). Isso significa o mascaramento da realidade concreta, pelo desconhecimento ou recusa dela, abdicando da leitura do contexto social, cultural e econ\u00f4mico de bairros que possuem alto \u00edndice de baixa escolaridade, como \u00e9 o caso da Lomba do Pinheiro. Por \u00faltimo, isto \u00e9, a quinta forma de silenciamento da Educa\u00e7\u00e3o Popular na EJA, trata-se do projeto Marchezan J\u00fanior, o qual se guia pela teoria do Estado m\u00ednimo para as comunidades perif\u00e9ricas e m\u00e1ximo para o mercado, cujas pol\u00edticas agravam as desigualdades sociais atrav\u00e9s da retirada dos direitos conquistados, desconsiderando as tr\u00eas fun\u00e7\u00f5es da EJA: reparadora (restaura\u00e7\u00e3o \u00a0de \u00a0um direito negado), equalizadora (acesso e perman\u00eancia na escola) e qualificadora (educa\u00e7\u00e3o de qualidade social).<br \/>\nEssas formas de fazer politica e educa\u00e7\u00e3o \u00a0s\u00e3o, radicalmente, \u00a0contr\u00e1rias a concep\u00e7\u00e3o de Educa\u00e7\u00e3o Popular com vi\u00e9s cr\u00edtico e fundamentada por uma sociedade \u00a0inspirada pela justi\u00e7a social, pois \u201c\u00e9 preciso n\u00e3o esquecer uma coisa: educa\u00e7\u00e3o popular e mudan\u00e7a social andam juntas\u201d \u00a0(FREIRE, 1989, p.62). Ent\u00e3o, dizemos, em nome de in\u00fameras educadoras populares e de v\u00e1rios Movimentos Populares, n\u00e3o ao silenciamento da Educa\u00e7\u00e3o Popular na\/da EJA de POA-RS! Exigimos formas, ferramentas e recursos para manter a Educa\u00e7\u00e3o Popular constru\u00edda por diferentes sujeitos, participantes da pol\u00edtica educacional.<br \/>\n<strong>* Educadora popular (Aeppa-MEP- membro do FEEJA-RS, moradora da Lomba do Pinheiro-POA)<\/strong><\/p>\n","protected":false},"excerpt":{"rendered":"<p>Fernanda dos Santos Paulo* A Educa\u00e7\u00e3o Popular \u00e9 o principal fundamento da Educa\u00e7\u00e3o de Jovens e Adultos de Porto Alegre, sendo refer\u00eancia da pr\u00e1xis curricular dessa modalidade desde sua origem &#8211; o ano de 1989, ano que a Administra\u00e7\u00e3o Popular assumiu a gest\u00e3o da cidade pela primeira vez. A EJA, no caso particular dessa cidade, [&hellip;]<\/p>\n","protected":false},"author":4,"featured_media":0,"comment_status":"open","ping_status":"closed","sticky":false,"template":"","format":"standard","meta":{"_jetpack_newsletter_access":"","_jetpack_dont_email_post_to_subs":false,"_jetpack_newsletter_tier_id":0,"_jetpack_memberships_contains_paywalled_content":false,"_jetpack_feature_clip_id":0,"_jetpack_memberships_contains_paid_content":false,"footnotes":"","jetpack_post_was_ever_published":false},"categories":[10],"tags":[],"class_list":["post-52303","post","type-post","status-publish","format-standard","hentry","category-analiseopiniao"],"aioseo_notices":[],"aioseo_head":"\n\t\t<!-- All in One SEO 5.0.1.1 - aioseo.com -->\n\t<meta name=\"robots\" content=\"max-image-preview:large\" \/>\n\t<meta name=\"author\" content=\"da Reda\u00e7\u00e3o\"\/>\n\t<link rel=\"canonical\" href=\"https:\/\/www.jornalja.com.br\/arquivo\/por-que-tentar-silenciar-a-educacao-popular-na-eja-de-porto-alegre\/\" \/>\n\t<meta name=\"generator\" content=\"All in One SEO (AIOSEO) 5.0.1.1\" \/>\n\t\t<meta property=\"og:locale\" content=\"pt_BR\" \/>\n\t\t<meta property=\"og:site_name\" content=\"Arquivo | Jornal J\u00c1 | Porto Alegre\" \/>\n\t\t<meta property=\"og:type\" content=\"article\" \/>\n\t\t<meta property=\"og:title\" content=\"Por que tentar silenciar a educa\u00e7\u00e3o popular na EJA de Porto Alegre | Arquivo\" \/>\n\t\t<meta property=\"og:url\" content=\"https:\/\/www.jornalja.com.br\/arquivo\/por-que-tentar-silenciar-a-educacao-popular-na-eja-de-porto-alegre\/\" \/>\n\t\t<meta property=\"og:image\" content=\"https:\/\/www.jornalja.com.br\/economics\/wp-content\/uploads\/sites\/11\/2026\/08\/ja-folhaderosto-facebook.jpg\" \/>\n\t\t<meta property=\"og:image:secure_url\" content=\"https:\/\/www.jornalja.com.br\/economics\/wp-content\/uploads\/sites\/11\/2026\/08\/ja-folhaderosto-facebook.jpg\" \/>\n\t\t<meta property=\"article:published_time\" content=\"2017-07-29T12:00:15+00:00\" \/>\n\t\t<meta property=\"article:modified_time\" content=\"2017-07-29T12:00:15+00:00\" \/>\n\t\t<meta name=\"twitter:card\" content=\"summary\" \/>\n\t\t<meta name=\"twitter:title\" content=\"Por que tentar silenciar a educa\u00e7\u00e3o popular na EJA de Porto Alegre | Arquivo\" \/>\n\t\t<meta name=\"twitter:image\" content=\"https:\/\/www.jornalja.com.br\/economics\/wp-content\/uploads\/sites\/11\/2026\/08\/ja-folhaderosto-facebook.jpg\" \/>\n\t\t<script type=\"application\/ld+json\" class=\"aioseo-schema\">\n\t\t\t{\"@context\":\"https:\\\/\\\/schema.org\",\"@graph\":[{\"@type\":\"BlogPosting\",\"@id\":\"https:\\\/\\\/www.jornalja.com.br\\\/arquivo\\\/por-que-tentar-silenciar-a-educacao-popular-na-eja-de-porto-alegre\\\/#blogposting\",\"name\":\"Por que tentar silenciar a educa\\u00e7\\u00e3o popular na EJA de Porto Alegre | Arquivo\",\"headline\":\"Por que tentar silenciar a educa\\u00e7\\u00e3o popular na EJA de Porto Alegre\",\"author\":{\"@id\":\"https:\\\/\\\/www.jornalja.com.br\\\/arquivo\\\/author\\\/daredacao\\\/#author\"},\"publisher\":{\"@id\":\"https:\\\/\\\/www.jornalja.com.br\\\/arquivo\\\/#organization\"},\"image\":{\"@type\":\"ImageObject\",\"url\":\"https:\\\/\\\/www.jornalja.com.br\\\/wp-content\\\/uploads\\\/cards\\\/JAslogan.png\",\"@id\":\"https:\\\/\\\/www.jornalja.com.br\\\/arquivo\\\/#articleImage\"},\"datePublished\":\"2017-07-29T09:00:15-03:00\",\"dateModified\":\"2017-07-29T09:00:15-03:00\",\"inLanguage\":\"pt-BR\",\"commentCount\":1,\"mainEntityOfPage\":{\"@id\":\"https:\\\/\\\/www.jornalja.com.br\\\/arquivo\\\/por-que-tentar-silenciar-a-educacao-popular-na-eja-de-porto-alegre\\\/#webpage\"},\"isPartOf\":{\"@id\":\"https:\\\/\\\/www.jornalja.com.br\\\/arquivo\\\/por-que-tentar-silenciar-a-educacao-popular-na-eja-de-porto-alegre\\\/#webpage\"},\"articleSection\":\"AN\\u00c1LISE&amp;OPINI\\u00c3O\"},{\"@type\":\"BreadcrumbList\",\"@id\":\"https:\\\/\\\/www.jornalja.com.br\\\/arquivo\\\/por-que-tentar-silenciar-a-educacao-popular-na-eja-de-porto-alegre\\\/#breadcrumblist\",\"itemListElement\":[{\"@type\":\"ListItem\",\"@id\":\"https:\\\/\\\/www.jornalja.com.br\\\/arquivo#listItem\",\"position\":1,\"name\":\"Home\",\"item\":\"https:\\\/\\\/www.jornalja.com.br\\\/arquivo\",\"nextItem\":{\"@type\":\"ListItem\",\"@id\":\"https:\\\/\\\/www.jornalja.com.br\\\/arquivo\\\/category\\\/analiseopiniao\\\/#listItem\",\"name\":\"AN\\u00c1LISE&amp;OPINI\\u00c3O\"}},{\"@type\":\"ListItem\",\"@id\":\"https:\\\/\\\/www.jornalja.com.br\\\/arquivo\\\/category\\\/analiseopiniao\\\/#listItem\",\"position\":2,\"name\":\"AN\\u00c1LISE&amp;OPINI\\u00c3O\",\"item\":\"https:\\\/\\\/www.jornalja.com.br\\\/arquivo\\\/category\\\/analiseopiniao\\\/\",\"nextItem\":{\"@type\":\"ListItem\",\"@id\":\"https:\\\/\\\/www.jornalja.com.br\\\/arquivo\\\/por-que-tentar-silenciar-a-educacao-popular-na-eja-de-porto-alegre\\\/#listItem\",\"name\":\"Por que tentar silenciar a educa\\u00e7\\u00e3o popular na EJA de Porto Alegre\"},\"previousItem\":{\"@type\":\"ListItem\",\"@id\":\"https:\\\/\\\/www.jornalja.com.br\\\/arquivo#listItem\",\"name\":\"Home\"}},{\"@type\":\"ListItem\",\"@id\":\"https:\\\/\\\/www.jornalja.com.br\\\/arquivo\\\/por-que-tentar-silenciar-a-educacao-popular-na-eja-de-porto-alegre\\\/#listItem\",\"position\":3,\"name\":\"Por que tentar silenciar a educa\\u00e7\\u00e3o popular na EJA de Porto Alegre\",\"previousItem\":{\"@type\":\"ListItem\",\"@id\":\"https:\\\/\\\/www.jornalja.com.br\\\/arquivo\\\/category\\\/analiseopiniao\\\/#listItem\",\"name\":\"AN\\u00c1LISE&amp;OPINI\\u00c3O\"}}]},{\"@type\":\"Organization\",\"@id\":\"https:\\\/\\\/www.jornalja.com.br\\\/arquivo\\\/#organization\",\"name\":\"Jornal J\\u00c1\",\"description\":\"Jornal J\\u00c1 | Porto Alegre\",\"url\":\"https:\\\/\\\/www.jornalja.com.br\\\/arquivo\\\/\",\"telephone\":\"+555133307272\",\"logo\":{\"@type\":\"ImageObject\",\"url\":\"https:\\\/\\\/www.jornalja.com.br\\\/wp-content\\\/uploads\\\/cards\\\/JAslogan.png\",\"@id\":\"https:\\\/\\\/www.jornalja.com.br\\\/arquivo\\\/por-que-tentar-silenciar-a-educacao-popular-na-eja-de-porto-alegre\\\/#organizationLogo\"},\"image\":{\"@id\":\"https:\\\/\\\/www.jornalja.com.br\\\/arquivo\\\/por-que-tentar-silenciar-a-educacao-popular-na-eja-de-porto-alegre\\\/#organizationLogo\"}},{\"@type\":\"Person\",\"@id\":\"https:\\\/\\\/www.jornalja.com.br\\\/arquivo\\\/author\\\/daredacao\\\/#author\",\"url\":\"https:\\\/\\\/www.jornalja.com.br\\\/arquivo\\\/author\\\/daredacao\\\/\",\"name\":\"da Reda\\u00e7\\u00e3o\",\"image\":{\"@type\":\"ImageObject\",\"@id\":\"https:\\\/\\\/www.jornalja.com.br\\\/arquivo\\\/por-que-tentar-silenciar-a-educacao-popular-na-eja-de-porto-alegre\\\/#authorImage\",\"url\":\"https:\\\/\\\/secure.gravatar.com\\\/avatar\\\/469fd857d6605ad19919d27ed29d35a968a25f6e8fd9318356bbb7f57aae9c65?s=96&d=mm&r=g\",\"width\":96,\"height\":96,\"caption\":\"da Reda\\u00e7\\u00e3o\"}},{\"@type\":\"WebPage\",\"@id\":\"https:\\\/\\\/www.jornalja.com.br\\\/arquivo\\\/por-que-tentar-silenciar-a-educacao-popular-na-eja-de-porto-alegre\\\/#webpage\",\"url\":\"https:\\\/\\\/www.jornalja.com.br\\\/arquivo\\\/por-que-tentar-silenciar-a-educacao-popular-na-eja-de-porto-alegre\\\/\",\"name\":\"Por que tentar silenciar a educa\\u00e7\\u00e3o popular na EJA de Porto Alegre | Arquivo\",\"inLanguage\":\"pt-BR\",\"isPartOf\":{\"@id\":\"https:\\\/\\\/www.jornalja.com.br\\\/arquivo\\\/#website\"},\"breadcrumb\":{\"@id\":\"https:\\\/\\\/www.jornalja.com.br\\\/arquivo\\\/por-que-tentar-silenciar-a-educacao-popular-na-eja-de-porto-alegre\\\/#breadcrumblist\"},\"author\":{\"@id\":\"https:\\\/\\\/www.jornalja.com.br\\\/arquivo\\\/author\\\/daredacao\\\/#author\"},\"creator\":{\"@id\":\"https:\\\/\\\/www.jornalja.com.br\\\/arquivo\\\/author\\\/daredacao\\\/#author\"},\"datePublished\":\"2017-07-29T09:00:15-03:00\",\"dateModified\":\"2017-07-29T09:00:15-03:00\"},{\"@type\":\"WebSite\",\"@id\":\"https:\\\/\\\/www.jornalja.com.br\\\/arquivo\\\/#website\",\"url\":\"https:\\\/\\\/www.jornalja.com.br\\\/arquivo\\\/\",\"name\":\"Arquivo\",\"description\":\"Jornal J\\u00c1 | Porto Alegre\",\"inLanguage\":\"pt-BR\",\"publisher\":{\"@id\":\"https:\\\/\\\/www.jornalja.com.br\\\/arquivo\\\/#organization\"}}]}\n\t\t<\/script>\n\t\t<!-- All in One SEO -->\n\n","aioseo_head_json":{"title":"Por que tentar silenciar a educa\u00e7\u00e3o popular na EJA de Porto Alegre | Arquivo","description":"","canonical_url":"https:\/\/www.jornalja.com.br\/arquivo\/por-que-tentar-silenciar-a-educacao-popular-na-eja-de-porto-alegre\/","robots":"max-image-preview:large","keywords":"","webmasterTools":{"miscellaneous":""},"schema":{"@context":"https:\/\/schema.org","@graph":[{"@type":"BlogPosting","@id":"https:\/\/www.jornalja.com.br\/arquivo\/por-que-tentar-silenciar-a-educacao-popular-na-eja-de-porto-alegre\/#blogposting","name":"Por que tentar silenciar a educa\u00e7\u00e3o popular na EJA de Porto Alegre | Arquivo","headline":"Por que tentar silenciar a educa\u00e7\u00e3o popular na EJA de Porto Alegre","author":{"@id":"https:\/\/www.jornalja.com.br\/arquivo\/author\/daredacao\/#author"},"publisher":{"@id":"https:\/\/www.jornalja.com.br\/arquivo\/#organization"},"image":{"@type":"ImageObject","url":"https:\/\/www.jornalja.com.br\/wp-content\/uploads\/cards\/JAslogan.png","@id":"https:\/\/www.jornalja.com.br\/arquivo\/#articleImage"},"datePublished":"2017-07-29T09:00:15-03:00","dateModified":"2017-07-29T09:00:15-03:00","inLanguage":"pt-BR","commentCount":1,"mainEntityOfPage":{"@id":"https:\/\/www.jornalja.com.br\/arquivo\/por-que-tentar-silenciar-a-educacao-popular-na-eja-de-porto-alegre\/#webpage"},"isPartOf":{"@id":"https:\/\/www.jornalja.com.br\/arquivo\/por-que-tentar-silenciar-a-educacao-popular-na-eja-de-porto-alegre\/#webpage"},"articleSection":"AN\u00c1LISE&amp;OPINI\u00c3O"},{"@type":"BreadcrumbList","@id":"https:\/\/www.jornalja.com.br\/arquivo\/por-que-tentar-silenciar-a-educacao-popular-na-eja-de-porto-alegre\/#breadcrumblist","itemListElement":[{"@type":"ListItem","@id":"https:\/\/www.jornalja.com.br\/arquivo#listItem","position":1,"name":"Home","item":"https:\/\/www.jornalja.com.br\/arquivo","nextItem":{"@type":"ListItem","@id":"https:\/\/www.jornalja.com.br\/arquivo\/category\/analiseopiniao\/#listItem","name":"AN\u00c1LISE&amp;OPINI\u00c3O"}},{"@type":"ListItem","@id":"https:\/\/www.jornalja.com.br\/arquivo\/category\/analiseopiniao\/#listItem","position":2,"name":"AN\u00c1LISE&amp;OPINI\u00c3O","item":"https:\/\/www.jornalja.com.br\/arquivo\/category\/analiseopiniao\/","nextItem":{"@type":"ListItem","@id":"https:\/\/www.jornalja.com.br\/arquivo\/por-que-tentar-silenciar-a-educacao-popular-na-eja-de-porto-alegre\/#listItem","name":"Por que tentar silenciar a educa\u00e7\u00e3o popular na EJA de Porto Alegre"},"previousItem":{"@type":"ListItem","@id":"https:\/\/www.jornalja.com.br\/arquivo#listItem","name":"Home"}},{"@type":"ListItem","@id":"https:\/\/www.jornalja.com.br\/arquivo\/por-que-tentar-silenciar-a-educacao-popular-na-eja-de-porto-alegre\/#listItem","position":3,"name":"Por que tentar silenciar a educa\u00e7\u00e3o popular na EJA de Porto Alegre","previousItem":{"@type":"ListItem","@id":"https:\/\/www.jornalja.com.br\/arquivo\/category\/analiseopiniao\/#listItem","name":"AN\u00c1LISE&amp;OPINI\u00c3O"}}]},{"@type":"Organization","@id":"https:\/\/www.jornalja.com.br\/arquivo\/#organization","name":"Jornal J\u00c1","description":"Jornal J\u00c1 | Porto Alegre","url":"https:\/\/www.jornalja.com.br\/arquivo\/","telephone":"+555133307272","logo":{"@type":"ImageObject","url":"https:\/\/www.jornalja.com.br\/wp-content\/uploads\/cards\/JAslogan.png","@id":"https:\/\/www.jornalja.com.br\/arquivo\/por-que-tentar-silenciar-a-educacao-popular-na-eja-de-porto-alegre\/#organizationLogo"},"image":{"@id":"https:\/\/www.jornalja.com.br\/arquivo\/por-que-tentar-silenciar-a-educacao-popular-na-eja-de-porto-alegre\/#organizationLogo"}},{"@type":"Person","@id":"https:\/\/www.jornalja.com.br\/arquivo\/author\/daredacao\/#author","url":"https:\/\/www.jornalja.com.br\/arquivo\/author\/daredacao\/","name":"da Reda\u00e7\u00e3o","image":{"@type":"ImageObject","@id":"https:\/\/www.jornalja.com.br\/arquivo\/por-que-tentar-silenciar-a-educacao-popular-na-eja-de-porto-alegre\/#authorImage","url":"https:\/\/secure.gravatar.com\/avatar\/469fd857d6605ad19919d27ed29d35a968a25f6e8fd9318356bbb7f57aae9c65?s=96&d=mm&r=g","width":96,"height":96,"caption":"da Reda\u00e7\u00e3o"}},{"@type":"WebPage","@id":"https:\/\/www.jornalja.com.br\/arquivo\/por-que-tentar-silenciar-a-educacao-popular-na-eja-de-porto-alegre\/#webpage","url":"https:\/\/www.jornalja.com.br\/arquivo\/por-que-tentar-silenciar-a-educacao-popular-na-eja-de-porto-alegre\/","name":"Por que tentar silenciar a educa\u00e7\u00e3o popular na EJA de Porto Alegre | Arquivo","inLanguage":"pt-BR","isPartOf":{"@id":"https:\/\/www.jornalja.com.br\/arquivo\/#website"},"breadcrumb":{"@id":"https:\/\/www.jornalja.com.br\/arquivo\/por-que-tentar-silenciar-a-educacao-popular-na-eja-de-porto-alegre\/#breadcrumblist"},"author":{"@id":"https:\/\/www.jornalja.com.br\/arquivo\/author\/daredacao\/#author"},"creator":{"@id":"https:\/\/www.jornalja.com.br\/arquivo\/author\/daredacao\/#author"},"datePublished":"2017-07-29T09:00:15-03:00","dateModified":"2017-07-29T09:00:15-03:00"},{"@type":"WebSite","@id":"https:\/\/www.jornalja.com.br\/arquivo\/#website","url":"https:\/\/www.jornalja.com.br\/arquivo\/","name":"Arquivo","description":"Jornal J\u00c1 | Porto Alegre","inLanguage":"pt-BR","publisher":{"@id":"https:\/\/www.jornalja.com.br\/arquivo\/#organization"}}]},"og:locale":"pt_BR","og:site_name":"Arquivo | Jornal J\u00c1 | Porto Alegre","og:type":"article","og:title":"Por que tentar silenciar a educa\u00e7\u00e3o popular na EJA de Porto Alegre | Arquivo","og:url":"https:\/\/www.jornalja.com.br\/arquivo\/por-que-tentar-silenciar-a-educacao-popular-na-eja-de-porto-alegre\/","og:image":"https:\/\/www.jornalja.com.br\/economics\/wp-content\/uploads\/sites\/11\/2026\/08\/ja-folhaderosto-facebook.jpg","og:image:secure_url":"https:\/\/www.jornalja.com.br\/economics\/wp-content\/uploads\/sites\/11\/2026\/08\/ja-folhaderosto-facebook.jpg","article:published_time":"2017-07-29T12:00:15+00:00","article:modified_time":"2017-07-29T12:00:15+00:00","twitter:card":"summary","twitter:title":"Por que tentar silenciar a educa\u00e7\u00e3o popular na EJA de Porto Alegre | Arquivo","twitter:image":"https:\/\/www.jornalja.com.br\/economics\/wp-content\/uploads\/sites\/11\/2026\/08\/ja-folhaderosto-facebook.jpg"},"aioseo_meta_data":{"post_id":"52303","title":null,"description":null,"keywords":null,"keyphrases":null,"primary_term":null,"canonical_url":null,"og_title":null,"og_description":null,"og_object_type":"default","og_image_type":"default","og_image_url":null,"og_image_width":null,"og_image_height":null,"og_image_custom_url":null,"og_image_custom_fields":null,"og_video":null,"og_custom_url":null,"og_article_section":null,"og_article_tags":null,"twitter_use_og":false,"twitter_card":"default","twitter_image_type":"default","twitter_image_url":null,"twitter_image_custom_url":null,"twitter_image_custom_fields":null,"twitter_title":null,"twitter_description":null,"schema":{"blockGraphs":[],"customGraphs":[],"default":{"data":{"Article":[],"Course":[],"Dataset":[],"FAQPage":[],"Movie":[],"Person":[],"Product":[],"ProductReview":[],"Car":[],"Recipe":[],"Service":[],"SoftwareApplication":[],"WebPage":[]},"graphName":"","isEnabled":true},"graphs":[],"defaultGraph":"","defaultPostTypeGraph":""},"schema_type":null,"schema_type_options":null,"pillar_content":false,"robots_default":true,"robots_noindex":false,"robots_noarchive":false,"robots_nosnippet":false,"robots_nofollow":false,"robots_noimageindex":false,"robots_noodp":false,"robots_notranslate":false,"robots_max_snippet":null,"robots_max_videopreview":null,"robots_max_imagepreview":"large","priority":null,"frequency":null,"location":null,"local_seo":null,"breadcrumb_settings":null,"limit_modified_date":false,"ai":null,"created":"2020-12-20 20:28:19","updated":"2025-07-19 23:51:22","seo_analyzer_scan_date":null,"focus_keyword":null,"additional_keywords":null,"truseo_locale":null},"jetpack_sharing_enabled":true,"jetpack-related-posts":[{"id":13124,"url":"https:\/\/www.jornalja.com.br\/arquivo\/sangue-latino-no-iecine\/","url_meta":{"origin":52303,"position":0},"title":"Sangue latino no IECINE","author":"da Reda\u00e7\u00e3o","date":"18 de maio de 2014","format":false,"excerpt":"Francisco Ribeiro O Instituto Estadual de Cinema (IECINE) tem a frente, desde abril \u00faltimo, um novo diretor, o cineasta colombiano Juan Zapata, 36, que substitui Luiz Alberto Cassol. Radicado h\u00e1 dez anos em Porto Alegre, Zapata tem diante de si o desafio de conduzir at\u00e9 o final do ano um\u2026","rel":"","context":"Em &quot;Cultura-Geral&quot;","block_context":{"text":"Cultura-Geral","link":"https:\/\/www.jornalja.com.br\/arquivo\/category\/materiasecundaria\/"},"img":{"alt_text":"","src":"","width":0,"height":0},"classes":[]},{"id":13240,"url":"https:\/\/www.jornalja.com.br\/arquivo\/plano-diretor-estamos-construindo-o-caos\/","url_meta":{"origin":52303,"position":1},"title":"Plano diretor: &quot;Estamos construindo o caos&quot;","author":"Patr\u00edcia Marini","date":"26 de maio de 2014","format":false,"excerpt":"Desabafo que arquiteta Eliana Castilhos, delegada da Regi\u00e3o de Planejamento 1, postou nas redes sociais \u00e9 um testemunho do ambiente que se criou no Conselho do Plano Diretor de Porto Alegre, onde a aprova\u00e7\u00e3o de grandes empreendimentos \u00e9 empurrada guela abaixo dos conselheiros. Ao CMDUA Como delegada da Regi\u00e3o de\u2026","rel":"","context":"Em &quot;Geral&quot;","block_context":{"text":"Geral","link":"https:\/\/www.jornalja.com.br\/arquivo\/category\/geral\/"},"img":{"alt_text":"","src":"","width":0,"height":0},"classes":[]},{"id":12960,"url":"https:\/\/www.jornalja.com.br\/arquivo\/populacao-culpa-empresas-pela-greve-dos-rodoviarios\/","url_meta":{"origin":52303,"position":2},"title":"Popula\u00e7\u00e3o culpa empresas pela greve","author":"Patr\u00edcia Marini","date":"14 de fevereiro de 2014","format":false,"excerpt":"Pesquisa divulgada na edi\u00e7\u00e3o do jornal Metro desta sexta-feira,14, comprova o velho ditado: \u00e9 poss\u00edvel enganar muitos por algum tempo, mas n\u00e3o \u00e9 poss\u00edvel enganar a todos o tempo inteiro. A principal revela\u00e7\u00e3o foi que 59,8% dos entrevistados apontaram as empresas como as principais respons\u00e1veis pela grave e 46% culparam\u2026","rel":"","context":"Em &quot;X.Categorias velhas&quot;","block_context":{"text":"X.Categorias velhas","link":"https:\/\/www.jornalja.com.br\/arquivo\/category\/x-categorias-velhas\/"},"img":{"alt_text":"","src":"","width":0,"height":0},"classes":[]},{"id":14241,"url":"https:\/\/www.jornalja.com.br\/arquivo\/o-guaiba-nas-imagens-poeticas-de-achutti\/","url_meta":{"origin":52303,"position":3},"title":"O Gua\u00edba nas imagens po\u00e9ticas de Achutti","author":"da Reda\u00e7\u00e3o","date":"18 de junho de 2014","format":false,"excerpt":"Em \u201cO Gua\u00edba por Achutti\u201d \u2013 obra financiada via Minist\u00e9rio da Cultura, produ\u00e7\u00e3o executiva de Pedro Longhi, e Fl\u00e1vio Wild como designer \u2013, o fot\u00f3grafo revela a beleza e as mazelas de um espa\u00e7o aqu\u00e1tico de \u00e1guas sempre renovadas, cheio de hist\u00f3rias e lendas como as das cidades que foram\u2026","rel":"","context":"Em &quot;Cultura-Geral&quot;","block_context":{"text":"Cultura-Geral","link":"https:\/\/www.jornalja.com.br\/arquivo\/category\/materiasecundaria\/"},"img":{"alt_text":"","src":"","width":0,"height":0},"classes":[]},{"id":1280,"url":"https:\/\/www.jornalja.com.br\/arquivo\/o-menino-que-se-tornou-brizola\/","url_meta":{"origin":52303,"position":4},"title":"O Menino que se Tornou Brizola","author":"da Reda\u00e7\u00e3o","date":"28 de julho de 2008","format":false,"excerpt":"Autor: Cleber Dioni A vida de Leonel Brizola, com \u00eanfase para os primeiros anos em Porto Alegre, at\u00e9 o ex\u00edlio no Uruguai e a volta, quinze anos depois. \u00a0\"...\u00c9ramos todos jovens e nos identific\u00e1vamos com aquela massa an\u00f4nima a percorrer as ruas de Porto Alegre, gritando 'Get\u00falio', 'Get\u00falio' e empunhando\u2026","rel":"","context":"Em &quot;Livros&quot;","block_context":{"text":"Livros","link":"https:\/\/www.jornalja.com.br\/arquivo\/category\/livros\/"},"img":{"alt_text":"","src":"https:\/\/i0.wp.com\/www.jornalja.com.br\/wp-content\/uploads\/2008\/07\/brizola.gif?resize=350%2C200&ssl=1","width":350,"height":200},"classes":[]},{"id":5440,"url":"https:\/\/www.jornalja.com.br\/arquivo\/casarao-da-venancio-destino-permanece-incerto\/","url_meta":{"origin":52303,"position":5},"title":"Estado ainda n\u00e3o sabe o que fazer com casar\u00e3o abandonado h\u00e1 20 anos","author":"Elmar Bones","date":"6 de julho de 2009","format":false,"excerpt":"O casar\u00e3o amarelo, numa esquina nobre de Porto Alegre (Ven\u00e2ncio Aires com Jo\u00e3o Pessoa), j\u00e1 abrigou uma escola. H\u00e1 duas d\u00e9cadas, pelo menos, est\u00e1 abandonado, porque seu propriet\u00e1rio, o governo do Estado do Rio Grande do Sul, n\u00e3o consegue achar um destino para ele. Planos n\u00e3o faltaram. O governador Ol\u00edvio\u2026","rel":"","context":"Em &quot;X.Categorias velhas&quot;","block_context":{"text":"X.Categorias velhas","link":"https:\/\/www.jornalja.com.br\/arquivo\/category\/x-categorias-velhas\/"},"img":{"alt_text":"geraldo1","src":"https:\/\/i0.wp.com\/www.jornalja.com.br\/wp-content\/uploads\/2009\/07\/geraldo1.jpg?resize=350%2C200&ssl=1","width":350,"height":200},"classes":[]}],"jetpack_shortlink":"https:\/\/wp.me\/pbQjBd-dBB","jetpack_featured_media_url":"","_links":{"self":[{"href":"https:\/\/www.jornalja.com.br\/arquivo\/wp-json\/wp\/v2\/posts\/52303","targetHints":{"allow":["GET"]}}],"collection":[{"href":"https:\/\/www.jornalja.com.br\/arquivo\/wp-json\/wp\/v2\/posts"}],"about":[{"href":"https:\/\/www.jornalja.com.br\/arquivo\/wp-json\/wp\/v2\/types\/post"}],"author":[{"embeddable":true,"href":"https:\/\/www.jornalja.com.br\/arquivo\/wp-json\/wp\/v2\/users\/4"}],"replies":[{"embeddable":true,"href":"https:\/\/www.jornalja.com.br\/arquivo\/wp-json\/wp\/v2\/comments?post=52303"}],"version-history":[{"count":0,"href":"https:\/\/www.jornalja.com.br\/arquivo\/wp-json\/wp\/v2\/posts\/52303\/revisions"}],"wp:attachment":[{"href":"https:\/\/www.jornalja.com.br\/arquivo\/wp-json\/wp\/v2\/media?parent=52303"}],"wp:term":[{"taxonomy":"category","embeddable":true,"href":"https:\/\/www.jornalja.com.br\/arquivo\/wp-json\/wp\/v2\/categories?post=52303"},{"taxonomy":"post_tag","embeddable":true,"href":"https:\/\/www.jornalja.com.br\/arquivo\/wp-json\/wp\/v2\/tags?post=52303"}],"curies":[{"name":"wp","href":"https:\/\/api.w.org\/{rel}","templated":true}]}}