{"id":52304,"date":"2017-07-28T17:07:28","date_gmt":"2017-07-28T20:07:28","guid":{"rendered":"https:\/\/www.jornalja.com.br\/?p=52304"},"modified":"2017-07-28T17:07:28","modified_gmt":"2017-07-28T20:07:28","slug":"oab-faz-blitz-no-aeroporto-salgado-filho-contra-cobrancas-por-malas-despachadas","status":"publish","type":"post","link":"https:\/\/www.jornalja.com.br\/arquivo\/oab-faz-blitz-no-aeroporto-salgado-filho-contra-cobrancas-por-malas-despachadas\/","title":{"rendered":"OAB faz blitz no Aeroporto Salgado Filho contra cobran\u00e7as por malas despachadas"},"content":{"rendered":"<p>A OAB\/RS, por meio da Comiss\u00e3o Especial de Defesa do Consumidor, realizou no aeroporto Salgado Filho uma blitz em favor dos direitos do passageiro-consumidor em rela\u00e7\u00e3o ao pagamento de taxas por malas despachadas.<br \/>\nDurante o ato, a presidente da Comiss\u00e3o Especial de Defesa do Consumidor da OAB\/RS, Teresa Cristina Moesch, comentou sobre os abusos em rela\u00e7\u00e3o \u00e0s cobran\u00e7as das malas despachadas impostas pela Resolu\u00e7\u00e3o 400 da Ag\u00eancia Nacional de Avia\u00e7\u00e3o Civil (ANAC): \u201cEsse movimento est\u00e1 acontecendo em todos os aeroportos do pa\u00eds, com o objetivo de esclarecer aos passageiros seus direitos, a sua condi\u00e7\u00e3o de voo e os deveres da companhia. Atualmente, o foco est\u00e1 no despacho de bagagens, nas condi\u00e7\u00f5es de despacho e bagagem de m\u00e3o, assim como no atendimento \u00e0s prioridades, em que, realmente, v\u00eam se notando muitas falhas\u201d, contou.<br \/>\nTeresa tamb\u00e9m comentou sobre os problemas enfrentados pelos passageiros durante a manh\u00e3 no Salgado Filho: \u201cHoje, detectamos in\u00fameros problemas como, por exemplo, a falta de organiza\u00e7\u00e3o das filas de embarque. Em um dos guich\u00eas de uma das companhias, houve um tumulto entre os passageiros e os representantes da companhia a\u00e9rea. Outra coisa que notamos foi, na entrada da sala de embarque do aeroporto, um totem que mostra a entrada preferencial para idosos e portadores de necessidades especiais, inclusive com o desenho para acesso de cadeirantes no ch\u00e3o, mas, caso algu\u00e9m precisasse utilizar n\u00e3o poderia, pois estava fechado e n\u00e3o tinha ningu\u00e9m para liberar o acesso a essas pessoas, fazendo com que elas entrem na fila normal de embarque\u201d, chamou a aten\u00e7\u00e3o.<br \/>\nA diretora executiva do Procon de Porto Alegre, Sophia Martini Vial, destacou o engajamento de diversos \u00f3rg\u00e3os na a\u00e7\u00e3o: \u201cO Procon Porto Alegre, historicamente, tem trabalhado com a Comiss\u00e3o Especial de Defesa do Consumidor da OAB\/RS, que tamb\u00e9m \u00e9 membro do nosso Conselho Municipal de Defesa do Consumidor. N\u00f3s acreditamos que hoje \u00e9 um dia hist\u00f3rico para o consumidor, porque envolvendo, realmente, todos esses \u00f3rg\u00e3os que promovem cidadania e direitos \u00e9 muito mais simples de se chegar a um consenso\u201d, destacou.<br \/>\n<strong>A opini\u00e3o dos consumidores<\/strong><br \/>\nA fisioterapeuta Naim Paim falou que tem o h\u00e1bito de realizar o despacho de bagagens, mas devido \u00e0 cobran\u00e7a pelo pre\u00e7o da bagagem parou de realizar: \u201cEu costumava despachar, devido ao conforto e tamb\u00e9m pelo fato de eu n\u00e3o ser muito alta e a mala, geralmente, \u00e9 pesada. Hoje, estou viajando pela primeira vez com a minha mala. \u00c9 muito ruim ver que \u00e9 preciso pagar pela bagagem e o pre\u00e7o da passagem continua alto\u201d, disse.<br \/>\nA advogada Debora Gavazzi tamb\u00e9m comentou sobre o alto pre\u00e7o das passagens: \u201cEu sou a favor da redu\u00e7\u00e3o do valor da passagem, mas n\u00e3o sei como isso poderia ser feito. Eu sou de S\u00e3o Paulo, e \u00e9 bom ver esse movimento contra a cobran\u00e7a de bagagens em Porto Alegre\u201d, comentou.<br \/>\n<strong>Mobiliza\u00e7\u00e3o Nacional<\/strong><br \/>\nA iniciativa faz parte da campanha \u201cBagagem sem Pre\u00e7o\u201d promovida pela Comiss\u00e3o Especial de Defesa do Consumidor do Conselho Federal da OAB.<br \/>\nTamb\u00e9m estiveram presentes durante a blitz: o secret\u00e1rio-geral da OAB\/RS, Rafael Braude Canterji; o Conselho Municipal de Defesa do Consumidor (Condecon) e o Movimento Edy Mussoi.<\/p>\n","protected":false},"excerpt":{"rendered":"<p>A OAB\/RS, por meio da Comiss\u00e3o Especial de Defesa do Consumidor, realizou no aeroporto Salgado Filho uma blitz em favor dos direitos do passageiro-consumidor em rela\u00e7\u00e3o ao pagamento de taxas por malas despachadas. Durante o ato, a presidente da Comiss\u00e3o Especial de Defesa do Consumidor da OAB\/RS, Teresa Cristina Moesch, comentou sobre os abusos em [&hellip;]<\/p>\n","protected":false},"author":4,"featured_media":0,"comment_status":"open","ping_status":"closed","sticky":false,"template":"","format":"standard","meta":{"_jetpack_newsletter_access":"","_jetpack_dont_email_post_to_subs":false,"_jetpack_newsletter_tier_id":0,"_jetpack_memberships_contains_paywalled_content":false,"_jetpack_feature_clip_id":0,"_jetpack_memberships_contains_paid_content":false,"footnotes":"","jetpack_post_was_ever_published":false},"categories":[2022],"tags":[],"class_list":["post-52304","post","type-post","status-publish","format-standard","hentry","category-notas"],"aioseo_notices":[],"aioseo_head":"\n\t\t<!-- All in One SEO 5.0.1.1 - aioseo.com -->\n\t<meta name=\"robots\" content=\"max-image-preview:large\" \/>\n\t<meta name=\"author\" content=\"da Reda\u00e7\u00e3o\"\/>\n\t<link rel=\"canonical\" href=\"https:\/\/www.jornalja.com.br\/arquivo\/oab-faz-blitz-no-aeroporto-salgado-filho-contra-cobrancas-por-malas-despachadas\/\" \/>\n\t<meta name=\"generator\" content=\"All in One SEO (AIOSEO) 5.0.1.1\" \/>\n\t\t<meta property=\"og:locale\" content=\"pt_BR\" \/>\n\t\t<meta property=\"og:site_name\" content=\"Arquivo | Jornal J\u00c1 | Porto Alegre\" \/>\n\t\t<meta property=\"og:type\" content=\"article\" \/>\n\t\t<meta property=\"og:title\" content=\"OAB faz blitz no Aeroporto Salgado Filho contra cobran\u00e7as por malas despachadas | Arquivo\" \/>\n\t\t<meta property=\"og:url\" content=\"https:\/\/www.jornalja.com.br\/arquivo\/oab-faz-blitz-no-aeroporto-salgado-filho-contra-cobrancas-por-malas-despachadas\/\" \/>\n\t\t<meta property=\"og:image\" content=\"https:\/\/www.jornalja.com.br\/economics\/wp-content\/uploads\/sites\/11\/2026\/08\/ja-folhaderosto-facebook.jpg\" \/>\n\t\t<meta property=\"og:image:secure_url\" content=\"https:\/\/www.jornalja.com.br\/economics\/wp-content\/uploads\/sites\/11\/2026\/08\/ja-folhaderosto-facebook.jpg\" \/>\n\t\t<meta property=\"article:published_time\" content=\"2017-07-28T20:07:28+00:00\" \/>\n\t\t<meta property=\"article:modified_time\" content=\"2017-07-28T20:07:28+00:00\" \/>\n\t\t<meta name=\"twitter:card\" content=\"summary\" \/>\n\t\t<meta name=\"twitter:title\" content=\"OAB faz blitz no Aeroporto Salgado Filho contra cobran\u00e7as por malas despachadas | Arquivo\" \/>\n\t\t<meta name=\"twitter:image\" content=\"https:\/\/www.jornalja.com.br\/economics\/wp-content\/uploads\/sites\/11\/2026\/08\/ja-folhaderosto-facebook.jpg\" \/>\n\t\t<script type=\"application\/ld+json\" class=\"aioseo-schema\">\n\t\t\t{\"@context\":\"https:\\\/\\\/schema.org\",\"@graph\":[{\"@type\":\"BlogPosting\",\"@id\":\"https:\\\/\\\/www.jornalja.com.br\\\/arquivo\\\/oab-faz-blitz-no-aeroporto-salgado-filho-contra-cobrancas-por-malas-despachadas\\\/#blogposting\",\"name\":\"OAB faz blitz no Aeroporto Salgado Filho contra cobran\\u00e7as por malas despachadas | Arquivo\",\"headline\":\"OAB faz blitz no Aeroporto Salgado Filho contra cobran\\u00e7as por malas despachadas\",\"author\":{\"@id\":\"https:\\\/\\\/www.jornalja.com.br\\\/arquivo\\\/author\\\/daredacao\\\/#author\"},\"publisher\":{\"@id\":\"https:\\\/\\\/www.jornalja.com.br\\\/arquivo\\\/#organization\"},\"image\":{\"@type\":\"ImageObject\",\"url\":\"https:\\\/\\\/www.jornalja.com.br\\\/wp-content\\\/uploads\\\/cards\\\/JAslogan.png\",\"@id\":\"https:\\\/\\\/www.jornalja.com.br\\\/arquivo\\\/#articleImage\"},\"datePublished\":\"2017-07-28T17:07:28-03:00\",\"dateModified\":\"2017-07-28T17:07:28-03:00\",\"inLanguage\":\"pt-BR\",\"mainEntityOfPage\":{\"@id\":\"https:\\\/\\\/www.jornalja.com.br\\\/arquivo\\\/oab-faz-blitz-no-aeroporto-salgado-filho-contra-cobrancas-por-malas-despachadas\\\/#webpage\"},\"isPartOf\":{\"@id\":\"https:\\\/\\\/www.jornalja.com.br\\\/arquivo\\\/oab-faz-blitz-no-aeroporto-salgado-filho-contra-cobrancas-por-malas-despachadas\\\/#webpage\"},\"articleSection\":\"NOTAS\"},{\"@type\":\"BreadcrumbList\",\"@id\":\"https:\\\/\\\/www.jornalja.com.br\\\/arquivo\\\/oab-faz-blitz-no-aeroporto-salgado-filho-contra-cobrancas-por-malas-despachadas\\\/#breadcrumblist\",\"itemListElement\":[{\"@type\":\"ListItem\",\"@id\":\"https:\\\/\\\/www.jornalja.com.br\\\/arquivo#listItem\",\"position\":1,\"name\":\"Home\",\"item\":\"https:\\\/\\\/www.jornalja.com.br\\\/arquivo\",\"nextItem\":{\"@type\":\"ListItem\",\"@id\":\"https:\\\/\\\/www.jornalja.com.br\\\/arquivo\\\/category\\\/notas\\\/#listItem\",\"name\":\"NOTAS\"}},{\"@type\":\"ListItem\",\"@id\":\"https:\\\/\\\/www.jornalja.com.br\\\/arquivo\\\/category\\\/notas\\\/#listItem\",\"position\":2,\"name\":\"NOTAS\",\"item\":\"https:\\\/\\\/www.jornalja.com.br\\\/arquivo\\\/category\\\/notas\\\/\",\"nextItem\":{\"@type\":\"ListItem\",\"@id\":\"https:\\\/\\\/www.jornalja.com.br\\\/arquivo\\\/oab-faz-blitz-no-aeroporto-salgado-filho-contra-cobrancas-por-malas-despachadas\\\/#listItem\",\"name\":\"OAB faz blitz no Aeroporto Salgado Filho contra cobran\\u00e7as por malas despachadas\"},\"previousItem\":{\"@type\":\"ListItem\",\"@id\":\"https:\\\/\\\/www.jornalja.com.br\\\/arquivo#listItem\",\"name\":\"Home\"}},{\"@type\":\"ListItem\",\"@id\":\"https:\\\/\\\/www.jornalja.com.br\\\/arquivo\\\/oab-faz-blitz-no-aeroporto-salgado-filho-contra-cobrancas-por-malas-despachadas\\\/#listItem\",\"position\":3,\"name\":\"OAB faz blitz no Aeroporto Salgado Filho contra cobran\\u00e7as por malas despachadas\",\"previousItem\":{\"@type\":\"ListItem\",\"@id\":\"https:\\\/\\\/www.jornalja.com.br\\\/arquivo\\\/category\\\/notas\\\/#listItem\",\"name\":\"NOTAS\"}}]},{\"@type\":\"Organization\",\"@id\":\"https:\\\/\\\/www.jornalja.com.br\\\/arquivo\\\/#organization\",\"name\":\"Jornal J\\u00c1\",\"description\":\"Jornal J\\u00c1 | Porto Alegre\",\"url\":\"https:\\\/\\\/www.jornalja.com.br\\\/arquivo\\\/\",\"telephone\":\"+555133307272\",\"logo\":{\"@type\":\"ImageObject\",\"url\":\"https:\\\/\\\/www.jornalja.com.br\\\/wp-content\\\/uploads\\\/cards\\\/JAslogan.png\",\"@id\":\"https:\\\/\\\/www.jornalja.com.br\\\/arquivo\\\/oab-faz-blitz-no-aeroporto-salgado-filho-contra-cobrancas-por-malas-despachadas\\\/#organizationLogo\"},\"image\":{\"@id\":\"https:\\\/\\\/www.jornalja.com.br\\\/arquivo\\\/oab-faz-blitz-no-aeroporto-salgado-filho-contra-cobrancas-por-malas-despachadas\\\/#organizationLogo\"}},{\"@type\":\"Person\",\"@id\":\"https:\\\/\\\/www.jornalja.com.br\\\/arquivo\\\/author\\\/daredacao\\\/#author\",\"url\":\"https:\\\/\\\/www.jornalja.com.br\\\/arquivo\\\/author\\\/daredacao\\\/\",\"name\":\"da Reda\\u00e7\\u00e3o\",\"image\":{\"@type\":\"ImageObject\",\"@id\":\"https:\\\/\\\/www.jornalja.com.br\\\/arquivo\\\/oab-faz-blitz-no-aeroporto-salgado-filho-contra-cobrancas-por-malas-despachadas\\\/#authorImage\",\"url\":\"https:\\\/\\\/secure.gravatar.com\\\/avatar\\\/469fd857d6605ad19919d27ed29d35a968a25f6e8fd9318356bbb7f57aae9c65?s=96&d=mm&r=g\",\"width\":96,\"height\":96,\"caption\":\"da Reda\\u00e7\\u00e3o\"}},{\"@type\":\"WebPage\",\"@id\":\"https:\\\/\\\/www.jornalja.com.br\\\/arquivo\\\/oab-faz-blitz-no-aeroporto-salgado-filho-contra-cobrancas-por-malas-despachadas\\\/#webpage\",\"url\":\"https:\\\/\\\/www.jornalja.com.br\\\/arquivo\\\/oab-faz-blitz-no-aeroporto-salgado-filho-contra-cobrancas-por-malas-despachadas\\\/\",\"name\":\"OAB faz blitz no Aeroporto Salgado Filho contra cobran\\u00e7as por malas despachadas | Arquivo\",\"inLanguage\":\"pt-BR\",\"isPartOf\":{\"@id\":\"https:\\\/\\\/www.jornalja.com.br\\\/arquivo\\\/#website\"},\"breadcrumb\":{\"@id\":\"https:\\\/\\\/www.jornalja.com.br\\\/arquivo\\\/oab-faz-blitz-no-aeroporto-salgado-filho-contra-cobrancas-por-malas-despachadas\\\/#breadcrumblist\"},\"author\":{\"@id\":\"https:\\\/\\\/www.jornalja.com.br\\\/arquivo\\\/author\\\/daredacao\\\/#author\"},\"creator\":{\"@id\":\"https:\\\/\\\/www.jornalja.com.br\\\/arquivo\\\/author\\\/daredacao\\\/#author\"},\"datePublished\":\"2017-07-28T17:07:28-03:00\",\"dateModified\":\"2017-07-28T17:07:28-03:00\"},{\"@type\":\"WebSite\",\"@id\":\"https:\\\/\\\/www.jornalja.com.br\\\/arquivo\\\/#website\",\"url\":\"https:\\\/\\\/www.jornalja.com.br\\\/arquivo\\\/\",\"name\":\"Arquivo\",\"description\":\"Jornal J\\u00c1 | Porto Alegre\",\"inLanguage\":\"pt-BR\",\"publisher\":{\"@id\":\"https:\\\/\\\/www.jornalja.com.br\\\/arquivo\\\/#organization\"}}]}\n\t\t<\/script>\n\t\t<!-- All in One SEO -->\n\n","aioseo_head_json":{"title":"OAB faz blitz no Aeroporto Salgado Filho contra cobran\u00e7as por malas despachadas | Arquivo","description":"","canonical_url":"https:\/\/www.jornalja.com.br\/arquivo\/oab-faz-blitz-no-aeroporto-salgado-filho-contra-cobrancas-por-malas-despachadas\/","robots":"max-image-preview:large","keywords":"","webmasterTools":{"miscellaneous":""},"schema":{"@context":"https:\/\/schema.org","@graph":[{"@type":"BlogPosting","@id":"https:\/\/www.jornalja.com.br\/arquivo\/oab-faz-blitz-no-aeroporto-salgado-filho-contra-cobrancas-por-malas-despachadas\/#blogposting","name":"OAB faz blitz no Aeroporto Salgado Filho contra cobran\u00e7as por malas despachadas | Arquivo","headline":"OAB faz blitz no Aeroporto Salgado Filho contra cobran\u00e7as por malas despachadas","author":{"@id":"https:\/\/www.jornalja.com.br\/arquivo\/author\/daredacao\/#author"},"publisher":{"@id":"https:\/\/www.jornalja.com.br\/arquivo\/#organization"},"image":{"@type":"ImageObject","url":"https:\/\/www.jornalja.com.br\/wp-content\/uploads\/cards\/JAslogan.png","@id":"https:\/\/www.jornalja.com.br\/arquivo\/#articleImage"},"datePublished":"2017-07-28T17:07:28-03:00","dateModified":"2017-07-28T17:07:28-03:00","inLanguage":"pt-BR","mainEntityOfPage":{"@id":"https:\/\/www.jornalja.com.br\/arquivo\/oab-faz-blitz-no-aeroporto-salgado-filho-contra-cobrancas-por-malas-despachadas\/#webpage"},"isPartOf":{"@id":"https:\/\/www.jornalja.com.br\/arquivo\/oab-faz-blitz-no-aeroporto-salgado-filho-contra-cobrancas-por-malas-despachadas\/#webpage"},"articleSection":"NOTAS"},{"@type":"BreadcrumbList","@id":"https:\/\/www.jornalja.com.br\/arquivo\/oab-faz-blitz-no-aeroporto-salgado-filho-contra-cobrancas-por-malas-despachadas\/#breadcrumblist","itemListElement":[{"@type":"ListItem","@id":"https:\/\/www.jornalja.com.br\/arquivo#listItem","position":1,"name":"Home","item":"https:\/\/www.jornalja.com.br\/arquivo","nextItem":{"@type":"ListItem","@id":"https:\/\/www.jornalja.com.br\/arquivo\/category\/notas\/#listItem","name":"NOTAS"}},{"@type":"ListItem","@id":"https:\/\/www.jornalja.com.br\/arquivo\/category\/notas\/#listItem","position":2,"name":"NOTAS","item":"https:\/\/www.jornalja.com.br\/arquivo\/category\/notas\/","nextItem":{"@type":"ListItem","@id":"https:\/\/www.jornalja.com.br\/arquivo\/oab-faz-blitz-no-aeroporto-salgado-filho-contra-cobrancas-por-malas-despachadas\/#listItem","name":"OAB faz blitz no Aeroporto Salgado Filho contra cobran\u00e7as por malas despachadas"},"previousItem":{"@type":"ListItem","@id":"https:\/\/www.jornalja.com.br\/arquivo#listItem","name":"Home"}},{"@type":"ListItem","@id":"https:\/\/www.jornalja.com.br\/arquivo\/oab-faz-blitz-no-aeroporto-salgado-filho-contra-cobrancas-por-malas-despachadas\/#listItem","position":3,"name":"OAB faz blitz no Aeroporto Salgado Filho contra cobran\u00e7as por malas despachadas","previousItem":{"@type":"ListItem","@id":"https:\/\/www.jornalja.com.br\/arquivo\/category\/notas\/#listItem","name":"NOTAS"}}]},{"@type":"Organization","@id":"https:\/\/www.jornalja.com.br\/arquivo\/#organization","name":"Jornal J\u00c1","description":"Jornal J\u00c1 | Porto Alegre","url":"https:\/\/www.jornalja.com.br\/arquivo\/","telephone":"+555133307272","logo":{"@type":"ImageObject","url":"https:\/\/www.jornalja.com.br\/wp-content\/uploads\/cards\/JAslogan.png","@id":"https:\/\/www.jornalja.com.br\/arquivo\/oab-faz-blitz-no-aeroporto-salgado-filho-contra-cobrancas-por-malas-despachadas\/#organizationLogo"},"image":{"@id":"https:\/\/www.jornalja.com.br\/arquivo\/oab-faz-blitz-no-aeroporto-salgado-filho-contra-cobrancas-por-malas-despachadas\/#organizationLogo"}},{"@type":"Person","@id":"https:\/\/www.jornalja.com.br\/arquivo\/author\/daredacao\/#author","url":"https:\/\/www.jornalja.com.br\/arquivo\/author\/daredacao\/","name":"da Reda\u00e7\u00e3o","image":{"@type":"ImageObject","@id":"https:\/\/www.jornalja.com.br\/arquivo\/oab-faz-blitz-no-aeroporto-salgado-filho-contra-cobrancas-por-malas-despachadas\/#authorImage","url":"https:\/\/secure.gravatar.com\/avatar\/469fd857d6605ad19919d27ed29d35a968a25f6e8fd9318356bbb7f57aae9c65?s=96&d=mm&r=g","width":96,"height":96,"caption":"da Reda\u00e7\u00e3o"}},{"@type":"WebPage","@id":"https:\/\/www.jornalja.com.br\/arquivo\/oab-faz-blitz-no-aeroporto-salgado-filho-contra-cobrancas-por-malas-despachadas\/#webpage","url":"https:\/\/www.jornalja.com.br\/arquivo\/oab-faz-blitz-no-aeroporto-salgado-filho-contra-cobrancas-por-malas-despachadas\/","name":"OAB faz blitz no Aeroporto Salgado Filho contra cobran\u00e7as por malas despachadas | Arquivo","inLanguage":"pt-BR","isPartOf":{"@id":"https:\/\/www.jornalja.com.br\/arquivo\/#website"},"breadcrumb":{"@id":"https:\/\/www.jornalja.com.br\/arquivo\/oab-faz-blitz-no-aeroporto-salgado-filho-contra-cobrancas-por-malas-despachadas\/#breadcrumblist"},"author":{"@id":"https:\/\/www.jornalja.com.br\/arquivo\/author\/daredacao\/#author"},"creator":{"@id":"https:\/\/www.jornalja.com.br\/arquivo\/author\/daredacao\/#author"},"datePublished":"2017-07-28T17:07:28-03:00","dateModified":"2017-07-28T17:07:28-03:00"},{"@type":"WebSite","@id":"https:\/\/www.jornalja.com.br\/arquivo\/#website","url":"https:\/\/www.jornalja.com.br\/arquivo\/","name":"Arquivo","description":"Jornal J\u00c1 | Porto Alegre","inLanguage":"pt-BR","publisher":{"@id":"https:\/\/www.jornalja.com.br\/arquivo\/#organization"}}]},"og:locale":"pt_BR","og:site_name":"Arquivo | Jornal J\u00c1 | Porto Alegre","og:type":"article","og:title":"OAB faz blitz no Aeroporto Salgado Filho contra cobran\u00e7as por malas despachadas | Arquivo","og:url":"https:\/\/www.jornalja.com.br\/arquivo\/oab-faz-blitz-no-aeroporto-salgado-filho-contra-cobrancas-por-malas-despachadas\/","og:image":"https:\/\/www.jornalja.com.br\/economics\/wp-content\/uploads\/sites\/11\/2026\/08\/ja-folhaderosto-facebook.jpg","og:image:secure_url":"https:\/\/www.jornalja.com.br\/economics\/wp-content\/uploads\/sites\/11\/2026\/08\/ja-folhaderosto-facebook.jpg","article:published_time":"2017-07-28T20:07:28+00:00","article:modified_time":"2017-07-28T20:07:28+00:00","twitter:card":"summary","twitter:title":"OAB faz blitz no Aeroporto Salgado Filho contra cobran\u00e7as por malas despachadas | Arquivo","twitter:image":"https:\/\/www.jornalja.com.br\/economics\/wp-content\/uploads\/sites\/11\/2026\/08\/ja-folhaderosto-facebook.jpg"},"aioseo_meta_data":{"post_id":"52304","title":null,"description":null,"keywords":null,"keyphrases":null,"primary_term":null,"canonical_url":null,"og_title":null,"og_description":null,"og_object_type":"default","og_image_type":"default","og_image_url":null,"og_image_width":null,"og_image_height":null,"og_image_custom_url":null,"og_image_custom_fields":null,"og_video":null,"og_custom_url":null,"og_article_section":null,"og_article_tags":null,"twitter_use_og":false,"twitter_card":"default","twitter_image_type":"default","twitter_image_url":null,"twitter_image_custom_url":null,"twitter_image_custom_fields":null,"twitter_title":null,"twitter_description":null,"schema":{"blockGraphs":[],"customGraphs":[],"default":{"data":{"Article":[],"Course":[],"Dataset":[],"FAQPage":[],"Movie":[],"Person":[],"Product":[],"ProductReview":[],"Car":[],"Recipe":[],"Service":[],"SoftwareApplication":[],"WebPage":[]},"graphName":"","isEnabled":true},"graphs":[]},"schema_type":null,"schema_type_options":null,"pillar_content":false,"robots_default":true,"robots_noindex":false,"robots_noarchive":false,"robots_nosnippet":false,"robots_nofollow":false,"robots_noimageindex":false,"robots_noodp":false,"robots_notranslate":false,"robots_max_snippet":null,"robots_max_videopreview":null,"robots_max_imagepreview":"large","priority":null,"frequency":null,"location":null,"local_seo":null,"breadcrumb_settings":null,"limit_modified_date":false,"ai":null,"created":"2020-12-20 20:28:19","updated":"2025-07-19 23:47:59","seo_analyzer_scan_date":null,"focus_keyword":null,"additional_keywords":null,"truseo_locale":null},"jetpack_sharing_enabled":true,"jetpack-related-posts":[{"id":13128,"url":"https:\/\/www.jornalja.com.br\/arquivo\/maconha-terra-diz-que-uso-medicinal-e-desculpa\/","url_meta":{"origin":52304,"position":0},"title":"Maconha: Terra diz que uso medicinal \u00e9 desculpa","author":"Patr\u00edcia Marini","date":"4 de junho de 2014","format":false,"excerpt":"A condi\u00e7\u00e3o de pol\u00edtico, em \u00e9poca de campanha de campanha eleitoral, tira for\u00e7a do discurso do m\u00e9dico Osmar Terra contra a legaliza\u00e7\u00e3o da maconha. A tese dele de que a libera\u00e7\u00e3o vai ampliar exponencialmente o consumo \u00e9 discutivel, o consumo \u00e9 corrente. Mas seus alertas quanto aos riscos tem que\u2026","rel":"","context":"Em &quot;X.Categorias velhas&quot;","block_context":{"text":"X.Categorias velhas","link":"https:\/\/www.jornalja.com.br\/arquivo\/category\/x-categorias-velhas\/"},"img":{"alt_text":"","src":"","width":0,"height":0},"classes":[]},{"id":13109,"url":"https:\/\/www.jornalja.com.br\/arquivo\/judiciario-reconhece-poluicao-eletromagnetica\/","url_meta":{"origin":52304,"position":1},"title":"Judici\u00e1rio reconhece polui\u00e7\u00e3o eletromagn\u00e9tica","author":"Patr\u00edcia Marini","date":"16 de maio de 2014","format":false,"excerpt":"A\u00e7\u00e3o de duas associa\u00e7\u00f5es de moradores foi acolhida pelo Tribunal de Justi\u00e7a de S\u00e3o Paulo que. em decis\u00e3o in\u00e9dita, determinou a redu\u00e7\u00e3o do campo eletromagn\u00e9tico gerado pelas linhas de transmiss\u00e3o de energia que cortam os bairros City Boa\u00e7ava e Alto de Pinheiros. \u00c9 a primeira vez que um tribunal do\u2026","rel":"","context":"Em &quot;X.Categorias velhas&quot;","block_context":{"text":"X.Categorias velhas","link":"https:\/\/www.jornalja.com.br\/arquivo\/category\/x-categorias-velhas\/"},"img":{"alt_text":"","src":"","width":0,"height":0},"classes":[]},{"id":13240,"url":"https:\/\/www.jornalja.com.br\/arquivo\/plano-diretor-estamos-construindo-o-caos\/","url_meta":{"origin":52304,"position":2},"title":"Plano diretor: &quot;Estamos construindo o caos&quot;","author":"Patr\u00edcia Marini","date":"26 de maio de 2014","format":false,"excerpt":"Desabafo que arquiteta Eliana Castilhos, delegada da Regi\u00e3o de Planejamento 1, postou nas redes sociais \u00e9 um testemunho do ambiente que se criou no Conselho do Plano Diretor de Porto Alegre, onde a aprova\u00e7\u00e3o de grandes empreendimentos \u00e9 empurrada guela abaixo dos conselheiros. Ao CMDUA Como delegada da Regi\u00e3o de\u2026","rel":"","context":"Em &quot;Geral&quot;","block_context":{"text":"Geral","link":"https:\/\/www.jornalja.com.br\/arquivo\/category\/geral\/"},"img":{"alt_text":"","src":"","width":0,"height":0},"classes":[]},{"id":5440,"url":"https:\/\/www.jornalja.com.br\/arquivo\/casarao-da-venancio-destino-permanece-incerto\/","url_meta":{"origin":52304,"position":3},"title":"Estado ainda n\u00e3o sabe o que fazer com casar\u00e3o abandonado h\u00e1 20 anos","author":"Elmar Bones","date":"6 de julho de 2009","format":false,"excerpt":"O casar\u00e3o amarelo, numa esquina nobre de Porto Alegre (Ven\u00e2ncio Aires com Jo\u00e3o Pessoa), j\u00e1 abrigou uma escola. H\u00e1 duas d\u00e9cadas, pelo menos, est\u00e1 abandonado, porque seu propriet\u00e1rio, o governo do Estado do Rio Grande do Sul, n\u00e3o consegue achar um destino para ele. Planos n\u00e3o faltaram. O governador Ol\u00edvio\u2026","rel":"","context":"Em &quot;X.Categorias velhas&quot;","block_context":{"text":"X.Categorias velhas","link":"https:\/\/www.jornalja.com.br\/arquivo\/category\/x-categorias-velhas\/"},"img":{"alt_text":"geraldo1","src":"https:\/\/i0.wp.com\/www.jornalja.com.br\/wp-content\/uploads\/2009\/07\/geraldo1.jpg?resize=350%2C200&ssl=1","width":350,"height":200},"classes":[]}],"jetpack_shortlink":"https:\/\/wp.me\/pbQjBd-dBC","jetpack_featured_media_url":"","_links":{"self":[{"href":"https:\/\/www.jornalja.com.br\/arquivo\/wp-json\/wp\/v2\/posts\/52304","targetHints":{"allow":["GET"]}}],"collection":[{"href":"https:\/\/www.jornalja.com.br\/arquivo\/wp-json\/wp\/v2\/posts"}],"about":[{"href":"https:\/\/www.jornalja.com.br\/arquivo\/wp-json\/wp\/v2\/types\/post"}],"author":[{"embeddable":true,"href":"https:\/\/www.jornalja.com.br\/arquivo\/wp-json\/wp\/v2\/users\/4"}],"replies":[{"embeddable":true,"href":"https:\/\/www.jornalja.com.br\/arquivo\/wp-json\/wp\/v2\/comments?post=52304"}],"version-history":[{"count":0,"href":"https:\/\/www.jornalja.com.br\/arquivo\/wp-json\/wp\/v2\/posts\/52304\/revisions"}],"wp:attachment":[{"href":"https:\/\/www.jornalja.com.br\/arquivo\/wp-json\/wp\/v2\/media?parent=52304"}],"wp:term":[{"taxonomy":"category","embeddable":true,"href":"https:\/\/www.jornalja.com.br\/arquivo\/wp-json\/wp\/v2\/categories?post=52304"},{"taxonomy":"post_tag","embeddable":true,"href":"https:\/\/www.jornalja.com.br\/arquivo\/wp-json\/wp\/v2\/tags?post=52304"}],"curies":[{"name":"wp","href":"https:\/\/api.w.org\/{rel}","templated":true}]}}