{"id":52354,"date":"2017-07-29T18:02:56","date_gmt":"2017-07-29T21:02:56","guid":{"rendered":"https:\/\/www.jornalja.com.br\/?p=52354"},"modified":"2017-07-29T18:02:56","modified_gmt":"2017-07-29T21:02:56","slug":"projetos-autorizam-parcelamento-de-salarios-e-alteram-gratificacoes-de-servidores-de-porto-alegre","status":"publish","type":"post","link":"https:\/\/www.jornalja.com.br\/arquivo\/projetos-autorizam-parcelamento-de-salarios-e-alteram-gratificacoes-de-servidores-de-porto-alegre\/","title":{"rendered":"Tr\u00eas projetos autorizam parcelamento de sal\u00e1rios e alteram gratifica\u00e7\u00f5es de servidores em Porto Alegre"},"content":{"rendered":"<p><span class=\"assina\">Matheus Chaparini<\/span><br \/>\nOs vereadores de Porto Alegre ter\u00e3o trabalho intenso na volta do recesso, a partir da pr\u00f3xima ter\u00e7a-feira, 01\/08.<br \/>\nDepois do pacote de seis projetos referentes ao transporte p\u00fablico enviados na \u00faltima ter\u00e7a-feira pela EPTC, na sexta-feira, o prefeito Nelson Marchezan J\u00fanior enviou outros tr\u00eas projetos \u00e0 C\u00e2mara, mexendo em benef\u00edcios e gratifica\u00e7\u00f5es dos servidores municipais.<br \/>\nDois projetos s\u00e3o propostas de altera\u00e7\u00e3o da Lei Org\u00e2nica do Munic\u00edpio, mudando o dia de pagamento da folha e do d\u00e9cimo terceiro e permitindo o parcelamento do pagamento.<br \/>\nO terceiro projeto \u00e9 uma proposta de mudan\u00e7a no Estatuto dos Servidores P\u00fablicos, alterando as formas de obten\u00e7\u00e3o e incorpora\u00e7\u00e3o de gratifica\u00e7\u00f5es e extinguindo os chamados adicionais por tempo de servi\u00e7o.<br \/>\nO Projeto de Lei Complementar 011\/2017 valeria para os servidores municipais que venham a ser admitidos a partir de novembro deste ano. E para os atuais servidores que cumprem regime especial de trabalho.<br \/>\nOs projetos foram protocolados na C\u00e2mara Municipal na tarde desta sexta-feira. No caso das propostas de altera\u00e7\u00e3o da Lei Org\u00e2nica, \u00e9 necess\u00e1ria a aprova\u00e7\u00e3o por dois ter\u00e7os dos vereadores (24 votos) em dois turnos de vota\u00e7\u00e3o. J\u00e1 no projeto que altera o Estatuto dos Funcion\u00e1rios P\u00fablicos, o governo precisa de maioria absoluta, 19 votos.<br \/>\n<span class=\"intertit\">\u201cParcelamento na forma da lei\u201d<\/span><br \/>\nJ\u00e1 o projeto de emenda \u00e0 Lei Org\u00e2nica do Munic\u00edpio 8\/2017 altera a forma de pagamento de sal\u00e1rios e pens\u00f5es de servidores p\u00fablicos municipais. Ele modifica a reda\u00e7\u00e3o de tr\u00eas artigos da Lei Org\u00e2nica.<br \/>\nO pagamento dos servidores, que hoje \u00e9 realizado no \u00faltimo dia do m\u00eas, conforme o artigo 39, passa a ser realizado no quinto dia \u00fatil do m\u00eas seguinte.<br \/>\nO artigo 40, que prev\u00ea que \u201co d\u00e9cimo-terceiro sal\u00e1rio, estip\u00eandio, provento e pens\u00e3o ser\u00e3o pagos at\u00e9 o dia 20 de dezembro\u201d tem seu texto alterado prevendo que \u201ca gratifica\u00e7\u00e3o natalina ser\u00e1 paga at\u00e9 o quinto dia \u00fatil do m\u00eas de janeiro do ano subsequente\u201d.<br \/>\nO projeto altera ainda o artigo 41, que prev\u00ea que se o Munic\u00edpio n\u00e3o cumprir os artigos 39 e 40, o pagamento dos servidores ser\u00e1 corrigido \u201cpelos \u00edndices que forem aplic\u00e1veis para a revis\u00e3o geral da remunera\u00e7\u00e3o dos servidores municipais\u201d. O novo texto retira a previs\u00e3o de corre\u00e7\u00e3o em caso de atraso e admite o \u201cparcelamento na forma da lei\u201d.<br \/>\nO prefeito justifica, no texto, que \u00e9 necess\u00e1rio \u201ccorrigir a regra hoje existente\u201d, que representa \u201cautoriza\u00e7\u00e3o de antecipa\u00e7\u00e3o de pagamento\u201d.<br \/>\n<span class=\"intertit\">Extin\u00e7\u00e3o da licen\u00e7a-pr\u00eamio por assiduidade<\/span><br \/>\nOutra propostas de emenda \u00e0 lei Org\u00e2nica prev\u00ea a extin\u00e7\u00e3o da licen\u00e7a-pr\u00eamio de assiduidade dos servidores municipais, alterando o artigo 37.<br \/>\nAtualmente a lei prev\u00ea licen\u00e7a de tr\u00eas meses a cada cinco anos para o servidores que \u201cn\u00e3o houver interrompido a presta\u00e7\u00e3o de servi\u00e7os ao Munic\u00edpio e revelar assiduidade\u201d. O benef\u00edcio pode ser gozado, contado em dobro como tempo de servi\u00e7o ou convertido em pec\u00fania.<br \/>\nO projeto do Executivo acaba com a licen\u00e7a-pr\u00eamio, mas assegura a manuten\u00e7\u00e3o dos benef\u00edcios j\u00e1 obtidos e os relativos ao quinqu\u00eanio em andamento.<br \/>\nCaso aprovadas, as propostas de altera\u00e7\u00e3o \u00e0 Lei Org\u00e2nica est\u00e3o previstas para vigorar a partir da data de publica\u00e7\u00e3o.<br \/>\nNa justificativa, Marchezan afirma que o benef\u00edcio \u201cremonta ao per\u00edodo pret\u00e9rito, e n\u00e3o mais se justifica, por representar longo tempo de in\u00e9rcia do servidor sem contradi\u00e7\u00e3o com a necessidade de presta\u00e7\u00e3o do seu servi\u00e7o em car\u00e1ter continuado\u201d.<br \/>\n<span class=\"intertit\">Altera\u00e7\u00e3o no regime de trabalho dos servidores<\/span><br \/>\nO terceiro projeto altera o Estatuto dos Funcion\u00e1rios P\u00fablicos de Porto Alegre (Lei Complementar 133\/1985), modificando o regime de trabalho e gratifica\u00e7\u00f5es.<br \/>\nA gratifica\u00e7\u00e3o por tempo de servi\u00e7o, que hoje \u00e9 de 5% a cada tr\u00eas anos de trabalho passa a ser de 3% a cada cinco anos, e fica limitada a oito gratifica\u00e7\u00f5es.<br \/>\nO projeto extingue os chamados adicionais por tempo de servi\u00e7o, de 15% e 25%, \u201cseguindo a \u00a0esteira do quanto j\u00e1 realizaram as demais entidades da Federa\u00e7\u00e3o, compatibilizando o crescimento vegetativo da folha de pagamento com o crescimento da receita p\u00fablica.\u201d<br \/>\nEste benef\u00edcio ser\u00e1 concedido \u00e0 raz\u00e3o de 1% ao ano, sendo limitada a 14% aos servidores que completem at\u00e9 14 anos de servi\u00e7o at\u00e9 o dia 31 de outubro deste ano, e de 24%, aos que completem de 16 a 24 anos de servi\u00e7o at\u00e9 a mesma data.<br \/>\nEm rela\u00e7\u00e3o ao regime especial de trabalho, previsto no artigo 37 desta lei, o projeto inclui alguns itens, determinando que o regime especial ter\u00e1 dura\u00e7\u00e3o de um ano, com possibilidade de renova\u00e7\u00e3o, podendo ser cessado a qualquer momento pela Administra\u00e7\u00e3o ou pelo servidor. Determina ainda que os servidores que cumprem regime especial atualmente ter\u00e3o que validar a convoca\u00e7\u00e3o at\u00e9 o dia 1\u00ba de novembro.<br \/>\n<span class=\"intertit\">Cen\u00e1rio exige \u201cpol\u00edtica de austeridade fiscal\u201d, justifica Marchezan<\/span><br \/>\nO Executivo diz que o projeto contempla a corre\u00e7\u00e3o de um \u201csistema inconstitucional de acumula\u00e7\u00e3o de vantagens percentuais sobre vantagens anteriores.\u201d Afirma ainda que as despesas do Munic\u00edpio crescem acima das receitas e que o sistema de remunera\u00e7\u00e3o dos servidores se baseia em \u201cum cen\u00e1rio hiper-inflacion\u00e1rio, que se encontra superado h\u00e1 quase 30 anos\u201d.<br \/>\nA estimativa da Prefeitura \u00e9 que os gastos com pessoal em encargos sociais em 2017 supere em mais de R$ 90 milh\u00f5es o previsto na Lei Or\u00e7ament\u00e1ria Anual. A administra\u00e7\u00e3o municipal prev\u00ea que, no atual cen\u00e1rio, os gastos com pessoal v\u00e3o superar ainda este ano o limite m\u00e1ximo permitido pela Lei de Responsabilidade Fiscal, que \u00e9 de 54,09% da receita corrente l\u00edquida do Munic\u00edpio.<br \/>\nDiante deste cen\u00e1rio, justifica o Executivo municipal, \u201curge a implementa\u00e7\u00e3o de uma pol\u00edtica de austeridade fiscal\u201d que requer \u201cum amplo reordenamento do arcabou\u00e7o jur\u00eddico que atualmente disciplina a concess\u00e3o de benef\u00edcios aos servidores p\u00fablicos municipais\u201d.<\/p>\n","protected":false},"excerpt":{"rendered":"<p>Matheus Chaparini Os vereadores de Porto Alegre ter\u00e3o trabalho intenso na volta do recesso, a partir da pr\u00f3xima ter\u00e7a-feira, 01\/08. Depois do pacote de seis projetos referentes ao transporte p\u00fablico enviados na \u00faltima ter\u00e7a-feira pela EPTC, na sexta-feira, o prefeito Nelson Marchezan J\u00fanior enviou outros tr\u00eas projetos \u00e0 C\u00e2mara, mexendo em benef\u00edcios e gratifica\u00e7\u00f5es dos [&hellip;]<\/p>\n","protected":false},"author":4,"featured_media":52356,"comment_status":"open","ping_status":"closed","sticky":false,"template":"","format":"standard","meta":{"_jetpack_newsletter_access":"","_jetpack_dont_email_post_to_subs":false,"_jetpack_newsletter_tier_id":0,"_jetpack_memberships_contains_paywalled_content":false,"_jetpack_feature_clip_id":0,"_jetpack_memberships_contains_paid_content":false,"footnotes":"","jetpack_post_was_ever_published":false},"categories":[26],"tags":[],"class_list":["post-52354","post","type-post","status-publish","format-standard","has-post-thumbnail","hentry","category-geral"],"aioseo_notices":[],"aioseo_head":"\n\t\t<!-- All in One SEO 5.0.1.1 - aioseo.com -->\n\t<meta name=\"robots\" content=\"max-image-preview:large\" \/>\n\t<meta name=\"author\" content=\"da Reda\u00e7\u00e3o\"\/>\n\t<link rel=\"canonical\" href=\"https:\/\/www.jornalja.com.br\/arquivo\/projetos-autorizam-parcelamento-de-salarios-e-alteram-gratificacoes-de-servidores-de-porto-alegre\/\" \/>\n\t<meta name=\"generator\" content=\"All in One SEO (AIOSEO) 5.0.1.1\" \/>\n\t\t<meta property=\"og:locale\" content=\"pt_BR\" \/>\n\t\t<meta property=\"og:site_name\" content=\"Arquivo | Jornal J\u00c1 | Porto Alegre\" \/>\n\t\t<meta property=\"og:type\" content=\"article\" \/>\n\t\t<meta property=\"og:title\" content=\"Tr\u00eas projetos autorizam parcelamento de sal\u00e1rios e alteram gratifica\u00e7\u00f5es de servidores em Porto Alegre | Arquivo\" \/>\n\t\t<meta property=\"og:url\" content=\"https:\/\/www.jornalja.com.br\/arquivo\/projetos-autorizam-parcelamento-de-salarios-e-alteram-gratificacoes-de-servidores-de-porto-alegre\/\" \/>\n\t\t<meta property=\"og:image\" content=\"https:\/\/www.jornalja.com.br\/economics\/wp-content\/uploads\/sites\/11\/2026\/08\/ja-folhaderosto-facebook.jpg\" \/>\n\t\t<meta property=\"og:image:secure_url\" content=\"https:\/\/www.jornalja.com.br\/economics\/wp-content\/uploads\/sites\/11\/2026\/08\/ja-folhaderosto-facebook.jpg\" \/>\n\t\t<meta property=\"article:published_time\" content=\"2017-07-29T21:02:56+00:00\" \/>\n\t\t<meta property=\"article:modified_time\" content=\"2017-07-29T21:02:56+00:00\" \/>\n\t\t<meta name=\"twitter:card\" content=\"summary\" \/>\n\t\t<meta name=\"twitter:title\" content=\"Tr\u00eas projetos autorizam parcelamento de sal\u00e1rios e alteram gratifica\u00e7\u00f5es de servidores em Porto Alegre | Arquivo\" \/>\n\t\t<meta name=\"twitter:image\" content=\"https:\/\/www.jornalja.com.br\/economics\/wp-content\/uploads\/sites\/11\/2026\/08\/ja-folhaderosto-facebook.jpg\" \/>\n\t\t<script type=\"application\/ld+json\" class=\"aioseo-schema\">\n\t\t\t{\"@context\":\"https:\\\/\\\/schema.org\",\"@graph\":[{\"@type\":\"BlogPosting\",\"@id\":\"https:\\\/\\\/www.jornalja.com.br\\\/arquivo\\\/projetos-autorizam-parcelamento-de-salarios-e-alteram-gratificacoes-de-servidores-de-porto-alegre\\\/#blogposting\",\"name\":\"Tr\\u00eas projetos autorizam parcelamento de sal\\u00e1rios e alteram gratifica\\u00e7\\u00f5es de servidores em Porto Alegre | Arquivo\",\"headline\":\"Tr\\u00eas projetos autorizam parcelamento de sal\\u00e1rios e alteram gratifica\\u00e7\\u00f5es de servidores em Porto Alegre\",\"author\":{\"@id\":\"https:\\\/\\\/www.jornalja.com.br\\\/arquivo\\\/author\\\/daredacao\\\/#author\"},\"publisher\":{\"@id\":\"https:\\\/\\\/www.jornalja.com.br\\\/arquivo\\\/#organization\"},\"image\":{\"@type\":\"ImageObject\",\"url\":52356},\"datePublished\":\"2017-07-29T18:02:56-03:00\",\"dateModified\":\"2017-07-29T18:02:56-03:00\",\"inLanguage\":\"pt-BR\",\"commentCount\":3,\"mainEntityOfPage\":{\"@id\":\"https:\\\/\\\/www.jornalja.com.br\\\/arquivo\\\/projetos-autorizam-parcelamento-de-salarios-e-alteram-gratificacoes-de-servidores-de-porto-alegre\\\/#webpage\"},\"isPartOf\":{\"@id\":\"https:\\\/\\\/www.jornalja.com.br\\\/arquivo\\\/projetos-autorizam-parcelamento-de-salarios-e-alteram-gratificacoes-de-servidores-de-porto-alegre\\\/#webpage\"},\"articleSection\":\"Geral\"},{\"@type\":\"BreadcrumbList\",\"@id\":\"https:\\\/\\\/www.jornalja.com.br\\\/arquivo\\\/projetos-autorizam-parcelamento-de-salarios-e-alteram-gratificacoes-de-servidores-de-porto-alegre\\\/#breadcrumblist\",\"itemListElement\":[{\"@type\":\"ListItem\",\"@id\":\"https:\\\/\\\/www.jornalja.com.br\\\/arquivo#listItem\",\"position\":1,\"name\":\"Home\",\"item\":\"https:\\\/\\\/www.jornalja.com.br\\\/arquivo\",\"nextItem\":{\"@type\":\"ListItem\",\"@id\":\"https:\\\/\\\/www.jornalja.com.br\\\/arquivo\\\/category\\\/geral\\\/#listItem\",\"name\":\"Geral\"}},{\"@type\":\"ListItem\",\"@id\":\"https:\\\/\\\/www.jornalja.com.br\\\/arquivo\\\/category\\\/geral\\\/#listItem\",\"position\":2,\"name\":\"Geral\",\"item\":\"https:\\\/\\\/www.jornalja.com.br\\\/arquivo\\\/category\\\/geral\\\/\",\"nextItem\":{\"@type\":\"ListItem\",\"@id\":\"https:\\\/\\\/www.jornalja.com.br\\\/arquivo\\\/projetos-autorizam-parcelamento-de-salarios-e-alteram-gratificacoes-de-servidores-de-porto-alegre\\\/#listItem\",\"name\":\"Tr\\u00eas projetos autorizam parcelamento de sal\\u00e1rios e alteram gratifica\\u00e7\\u00f5es de servidores em Porto Alegre\"},\"previousItem\":{\"@type\":\"ListItem\",\"@id\":\"https:\\\/\\\/www.jornalja.com.br\\\/arquivo#listItem\",\"name\":\"Home\"}},{\"@type\":\"ListItem\",\"@id\":\"https:\\\/\\\/www.jornalja.com.br\\\/arquivo\\\/projetos-autorizam-parcelamento-de-salarios-e-alteram-gratificacoes-de-servidores-de-porto-alegre\\\/#listItem\",\"position\":3,\"name\":\"Tr\\u00eas projetos autorizam parcelamento de sal\\u00e1rios e alteram gratifica\\u00e7\\u00f5es de servidores em Porto Alegre\",\"previousItem\":{\"@type\":\"ListItem\",\"@id\":\"https:\\\/\\\/www.jornalja.com.br\\\/arquivo\\\/category\\\/geral\\\/#listItem\",\"name\":\"Geral\"}}]},{\"@type\":\"Organization\",\"@id\":\"https:\\\/\\\/www.jornalja.com.br\\\/arquivo\\\/#organization\",\"name\":\"Jornal J\\u00c1\",\"description\":\"Jornal J\\u00c1 | Porto Alegre\",\"url\":\"https:\\\/\\\/www.jornalja.com.br\\\/arquivo\\\/\",\"telephone\":\"+555133307272\",\"logo\":{\"@type\":\"ImageObject\",\"url\":\"https:\\\/\\\/www.jornalja.com.br\\\/wp-content\\\/uploads\\\/cards\\\/JAslogan.png\",\"@id\":\"https:\\\/\\\/www.jornalja.com.br\\\/arquivo\\\/projetos-autorizam-parcelamento-de-salarios-e-alteram-gratificacoes-de-servidores-de-porto-alegre\\\/#organizationLogo\"},\"image\":{\"@id\":\"https:\\\/\\\/www.jornalja.com.br\\\/arquivo\\\/projetos-autorizam-parcelamento-de-salarios-e-alteram-gratificacoes-de-servidores-de-porto-alegre\\\/#organizationLogo\"}},{\"@type\":\"Person\",\"@id\":\"https:\\\/\\\/www.jornalja.com.br\\\/arquivo\\\/author\\\/daredacao\\\/#author\",\"url\":\"https:\\\/\\\/www.jornalja.com.br\\\/arquivo\\\/author\\\/daredacao\\\/\",\"name\":\"da Reda\\u00e7\\u00e3o\",\"image\":{\"@type\":\"ImageObject\",\"@id\":\"https:\\\/\\\/www.jornalja.com.br\\\/arquivo\\\/projetos-autorizam-parcelamento-de-salarios-e-alteram-gratificacoes-de-servidores-de-porto-alegre\\\/#authorImage\",\"url\":\"https:\\\/\\\/secure.gravatar.com\\\/avatar\\\/469fd857d6605ad19919d27ed29d35a968a25f6e8fd9318356bbb7f57aae9c65?s=96&d=mm&r=g\",\"width\":96,\"height\":96,\"caption\":\"da Reda\\u00e7\\u00e3o\"}},{\"@type\":\"WebPage\",\"@id\":\"https:\\\/\\\/www.jornalja.com.br\\\/arquivo\\\/projetos-autorizam-parcelamento-de-salarios-e-alteram-gratificacoes-de-servidores-de-porto-alegre\\\/#webpage\",\"url\":\"https:\\\/\\\/www.jornalja.com.br\\\/arquivo\\\/projetos-autorizam-parcelamento-de-salarios-e-alteram-gratificacoes-de-servidores-de-porto-alegre\\\/\",\"name\":\"Tr\\u00eas projetos autorizam parcelamento de sal\\u00e1rios e alteram gratifica\\u00e7\\u00f5es de servidores em Porto Alegre | Arquivo\",\"inLanguage\":\"pt-BR\",\"isPartOf\":{\"@id\":\"https:\\\/\\\/www.jornalja.com.br\\\/arquivo\\\/#website\"},\"breadcrumb\":{\"@id\":\"https:\\\/\\\/www.jornalja.com.br\\\/arquivo\\\/projetos-autorizam-parcelamento-de-salarios-e-alteram-gratificacoes-de-servidores-de-porto-alegre\\\/#breadcrumblist\"},\"author\":{\"@id\":\"https:\\\/\\\/www.jornalja.com.br\\\/arquivo\\\/author\\\/daredacao\\\/#author\"},\"creator\":{\"@id\":\"https:\\\/\\\/www.jornalja.com.br\\\/arquivo\\\/author\\\/daredacao\\\/#author\"},\"image\":{\"@type\":\"ImageObject\",\"url\":52356,\"@id\":\"https:\\\/\\\/www.jornalja.com.br\\\/arquivo\\\/projetos-autorizam-parcelamento-de-salarios-e-alteram-gratificacoes-de-servidores-de-porto-alegre\\\/#mainImage\"},\"primaryImageOfPage\":{\"@id\":\"https:\\\/\\\/www.jornalja.com.br\\\/arquivo\\\/projetos-autorizam-parcelamento-de-salarios-e-alteram-gratificacoes-de-servidores-de-porto-alegre\\\/#mainImage\"},\"datePublished\":\"2017-07-29T18:02:56-03:00\",\"dateModified\":\"2017-07-29T18:02:56-03:00\"},{\"@type\":\"WebSite\",\"@id\":\"https:\\\/\\\/www.jornalja.com.br\\\/arquivo\\\/#website\",\"url\":\"https:\\\/\\\/www.jornalja.com.br\\\/arquivo\\\/\",\"name\":\"Arquivo\",\"description\":\"Jornal J\\u00c1 | Porto Alegre\",\"inLanguage\":\"pt-BR\",\"publisher\":{\"@id\":\"https:\\\/\\\/www.jornalja.com.br\\\/arquivo\\\/#organization\"}}]}\n\t\t<\/script>\n\t\t<!-- All in One SEO -->\n\n","aioseo_head_json":{"title":"Tr\u00eas projetos autorizam parcelamento de sal\u00e1rios e alteram gratifica\u00e7\u00f5es de servidores em Porto Alegre | Arquivo","description":"","canonical_url":"https:\/\/www.jornalja.com.br\/arquivo\/projetos-autorizam-parcelamento-de-salarios-e-alteram-gratificacoes-de-servidores-de-porto-alegre\/","robots":"max-image-preview:large","keywords":"","webmasterTools":{"miscellaneous":""},"schema":{"@context":"https:\/\/schema.org","@graph":[{"@type":"BlogPosting","@id":"https:\/\/www.jornalja.com.br\/arquivo\/projetos-autorizam-parcelamento-de-salarios-e-alteram-gratificacoes-de-servidores-de-porto-alegre\/#blogposting","name":"Tr\u00eas projetos autorizam parcelamento de sal\u00e1rios e alteram gratifica\u00e7\u00f5es de servidores em Porto Alegre | Arquivo","headline":"Tr\u00eas projetos autorizam parcelamento de sal\u00e1rios e alteram gratifica\u00e7\u00f5es de servidores em Porto Alegre","author":{"@id":"https:\/\/www.jornalja.com.br\/arquivo\/author\/daredacao\/#author"},"publisher":{"@id":"https:\/\/www.jornalja.com.br\/arquivo\/#organization"},"image":{"@type":"ImageObject","url":52356},"datePublished":"2017-07-29T18:02:56-03:00","dateModified":"2017-07-29T18:02:56-03:00","inLanguage":"pt-BR","commentCount":3,"mainEntityOfPage":{"@id":"https:\/\/www.jornalja.com.br\/arquivo\/projetos-autorizam-parcelamento-de-salarios-e-alteram-gratificacoes-de-servidores-de-porto-alegre\/#webpage"},"isPartOf":{"@id":"https:\/\/www.jornalja.com.br\/arquivo\/projetos-autorizam-parcelamento-de-salarios-e-alteram-gratificacoes-de-servidores-de-porto-alegre\/#webpage"},"articleSection":"Geral"},{"@type":"BreadcrumbList","@id":"https:\/\/www.jornalja.com.br\/arquivo\/projetos-autorizam-parcelamento-de-salarios-e-alteram-gratificacoes-de-servidores-de-porto-alegre\/#breadcrumblist","itemListElement":[{"@type":"ListItem","@id":"https:\/\/www.jornalja.com.br\/arquivo#listItem","position":1,"name":"Home","item":"https:\/\/www.jornalja.com.br\/arquivo","nextItem":{"@type":"ListItem","@id":"https:\/\/www.jornalja.com.br\/arquivo\/category\/geral\/#listItem","name":"Geral"}},{"@type":"ListItem","@id":"https:\/\/www.jornalja.com.br\/arquivo\/category\/geral\/#listItem","position":2,"name":"Geral","item":"https:\/\/www.jornalja.com.br\/arquivo\/category\/geral\/","nextItem":{"@type":"ListItem","@id":"https:\/\/www.jornalja.com.br\/arquivo\/projetos-autorizam-parcelamento-de-salarios-e-alteram-gratificacoes-de-servidores-de-porto-alegre\/#listItem","name":"Tr\u00eas projetos autorizam parcelamento de sal\u00e1rios e alteram gratifica\u00e7\u00f5es de servidores em Porto Alegre"},"previousItem":{"@type":"ListItem","@id":"https:\/\/www.jornalja.com.br\/arquivo#listItem","name":"Home"}},{"@type":"ListItem","@id":"https:\/\/www.jornalja.com.br\/arquivo\/projetos-autorizam-parcelamento-de-salarios-e-alteram-gratificacoes-de-servidores-de-porto-alegre\/#listItem","position":3,"name":"Tr\u00eas projetos autorizam parcelamento de sal\u00e1rios e alteram gratifica\u00e7\u00f5es de servidores em Porto Alegre","previousItem":{"@type":"ListItem","@id":"https:\/\/www.jornalja.com.br\/arquivo\/category\/geral\/#listItem","name":"Geral"}}]},{"@type":"Organization","@id":"https:\/\/www.jornalja.com.br\/arquivo\/#organization","name":"Jornal J\u00c1","description":"Jornal J\u00c1 | Porto Alegre","url":"https:\/\/www.jornalja.com.br\/arquivo\/","telephone":"+555133307272","logo":{"@type":"ImageObject","url":"https:\/\/www.jornalja.com.br\/wp-content\/uploads\/cards\/JAslogan.png","@id":"https:\/\/www.jornalja.com.br\/arquivo\/projetos-autorizam-parcelamento-de-salarios-e-alteram-gratificacoes-de-servidores-de-porto-alegre\/#organizationLogo"},"image":{"@id":"https:\/\/www.jornalja.com.br\/arquivo\/projetos-autorizam-parcelamento-de-salarios-e-alteram-gratificacoes-de-servidores-de-porto-alegre\/#organizationLogo"}},{"@type":"Person","@id":"https:\/\/www.jornalja.com.br\/arquivo\/author\/daredacao\/#author","url":"https:\/\/www.jornalja.com.br\/arquivo\/author\/daredacao\/","name":"da Reda\u00e7\u00e3o","image":{"@type":"ImageObject","@id":"https:\/\/www.jornalja.com.br\/arquivo\/projetos-autorizam-parcelamento-de-salarios-e-alteram-gratificacoes-de-servidores-de-porto-alegre\/#authorImage","url":"https:\/\/secure.gravatar.com\/avatar\/469fd857d6605ad19919d27ed29d35a968a25f6e8fd9318356bbb7f57aae9c65?s=96&d=mm&r=g","width":96,"height":96,"caption":"da Reda\u00e7\u00e3o"}},{"@type":"WebPage","@id":"https:\/\/www.jornalja.com.br\/arquivo\/projetos-autorizam-parcelamento-de-salarios-e-alteram-gratificacoes-de-servidores-de-porto-alegre\/#webpage","url":"https:\/\/www.jornalja.com.br\/arquivo\/projetos-autorizam-parcelamento-de-salarios-e-alteram-gratificacoes-de-servidores-de-porto-alegre\/","name":"Tr\u00eas projetos autorizam parcelamento de sal\u00e1rios e alteram gratifica\u00e7\u00f5es de servidores em Porto Alegre | Arquivo","inLanguage":"pt-BR","isPartOf":{"@id":"https:\/\/www.jornalja.com.br\/arquivo\/#website"},"breadcrumb":{"@id":"https:\/\/www.jornalja.com.br\/arquivo\/projetos-autorizam-parcelamento-de-salarios-e-alteram-gratificacoes-de-servidores-de-porto-alegre\/#breadcrumblist"},"author":{"@id":"https:\/\/www.jornalja.com.br\/arquivo\/author\/daredacao\/#author"},"creator":{"@id":"https:\/\/www.jornalja.com.br\/arquivo\/author\/daredacao\/#author"},"image":{"@type":"ImageObject","url":52356,"@id":"https:\/\/www.jornalja.com.br\/arquivo\/projetos-autorizam-parcelamento-de-salarios-e-alteram-gratificacoes-de-servidores-de-porto-alegre\/#mainImage"},"primaryImageOfPage":{"@id":"https:\/\/www.jornalja.com.br\/arquivo\/projetos-autorizam-parcelamento-de-salarios-e-alteram-gratificacoes-de-servidores-de-porto-alegre\/#mainImage"},"datePublished":"2017-07-29T18:02:56-03:00","dateModified":"2017-07-29T18:02:56-03:00"},{"@type":"WebSite","@id":"https:\/\/www.jornalja.com.br\/arquivo\/#website","url":"https:\/\/www.jornalja.com.br\/arquivo\/","name":"Arquivo","description":"Jornal J\u00c1 | Porto Alegre","inLanguage":"pt-BR","publisher":{"@id":"https:\/\/www.jornalja.com.br\/arquivo\/#organization"}}]},"og:locale":"pt_BR","og:site_name":"Arquivo | Jornal J\u00c1 | Porto Alegre","og:type":"article","og:title":"Tr\u00eas projetos autorizam parcelamento de sal\u00e1rios e alteram gratifica\u00e7\u00f5es de servidores em Porto Alegre | Arquivo","og:url":"https:\/\/www.jornalja.com.br\/arquivo\/projetos-autorizam-parcelamento-de-salarios-e-alteram-gratificacoes-de-servidores-de-porto-alegre\/","og:image":"https:\/\/www.jornalja.com.br\/economics\/wp-content\/uploads\/sites\/11\/2026\/08\/ja-folhaderosto-facebook.jpg","og:image:secure_url":"https:\/\/www.jornalja.com.br\/economics\/wp-content\/uploads\/sites\/11\/2026\/08\/ja-folhaderosto-facebook.jpg","article:published_time":"2017-07-29T21:02:56+00:00","article:modified_time":"2017-07-29T21:02:56+00:00","twitter:card":"summary","twitter:title":"Tr\u00eas projetos autorizam parcelamento de sal\u00e1rios e alteram gratifica\u00e7\u00f5es de servidores em Porto Alegre | Arquivo","twitter:image":"https:\/\/www.jornalja.com.br\/economics\/wp-content\/uploads\/sites\/11\/2026\/08\/ja-folhaderosto-facebook.jpg"},"aioseo_meta_data":{"post_id":"52354","title":null,"description":null,"keywords":null,"keyphrases":null,"primary_term":null,"canonical_url":null,"og_title":null,"og_description":null,"og_object_type":"default","og_image_type":"default","og_image_url":null,"og_image_width":null,"og_image_height":null,"og_image_custom_url":null,"og_image_custom_fields":null,"og_video":null,"og_custom_url":null,"og_article_section":null,"og_article_tags":null,"twitter_use_og":false,"twitter_card":"default","twitter_image_type":"default","twitter_image_url":null,"twitter_image_custom_url":null,"twitter_image_custom_fields":null,"twitter_title":null,"twitter_description":null,"schema":{"blockGraphs":[],"customGraphs":[],"default":{"data":{"Article":[],"Course":[],"Dataset":[],"FAQPage":[],"Movie":[],"Person":[],"Product":[],"ProductReview":[],"Car":[],"Recipe":[],"Service":[],"SoftwareApplication":[],"WebPage":[]},"graphName":"","isEnabled":true},"graphs":[],"defaultGraph":"","defaultPostTypeGraph":""},"schema_type":null,"schema_type_options":null,"pillar_content":false,"robots_default":true,"robots_noindex":false,"robots_noarchive":false,"robots_nosnippet":false,"robots_nofollow":false,"robots_noimageindex":false,"robots_noodp":false,"robots_notranslate":false,"robots_max_snippet":null,"robots_max_videopreview":null,"robots_max_imagepreview":"large","priority":null,"frequency":null,"location":null,"local_seo":null,"breadcrumb_settings":null,"limit_modified_date":false,"ai":null,"created":"2020-12-20 20:28:19","updated":"2025-07-19 23:51:22","seo_analyzer_scan_date":null,"focus_keyword":null,"additional_keywords":null,"truseo_locale":null},"jetpack_sharing_enabled":true,"jetpack-related-posts":[{"id":13240,"url":"https:\/\/www.jornalja.com.br\/arquivo\/plano-diretor-estamos-construindo-o-caos\/","url_meta":{"origin":52354,"position":0},"title":"Plano diretor: &quot;Estamos construindo o caos&quot;","author":"Patr\u00edcia Marini","date":"26 de maio de 2014","format":false,"excerpt":"Desabafo que arquiteta Eliana Castilhos, delegada da Regi\u00e3o de Planejamento 1, postou nas redes sociais \u00e9 um testemunho do ambiente que se criou no Conselho do Plano Diretor de Porto Alegre, onde a aprova\u00e7\u00e3o de grandes empreendimentos \u00e9 empurrada guela abaixo dos conselheiros. Ao CMDUA Como delegada da Regi\u00e3o de\u2026","rel":"","context":"Em &quot;Geral&quot;","block_context":{"text":"Geral","link":"https:\/\/www.jornalja.com.br\/arquivo\/category\/geral\/"},"img":{"alt_text":"","src":"","width":0,"height":0},"classes":[]},{"id":14241,"url":"https:\/\/www.jornalja.com.br\/arquivo\/o-guaiba-nas-imagens-poeticas-de-achutti\/","url_meta":{"origin":52354,"position":1},"title":"O Gua\u00edba nas imagens po\u00e9ticas de Achutti","author":"da Reda\u00e7\u00e3o","date":"18 de junho de 2014","format":false,"excerpt":"Em \u201cO Gua\u00edba por Achutti\u201d \u2013 obra financiada via Minist\u00e9rio da Cultura, produ\u00e7\u00e3o executiva de Pedro Longhi, e Fl\u00e1vio Wild como designer \u2013, o fot\u00f3grafo revela a beleza e as mazelas de um espa\u00e7o aqu\u00e1tico de \u00e1guas sempre renovadas, cheio de hist\u00f3rias e lendas como as das cidades que foram\u2026","rel":"","context":"Em &quot;Cultura-Geral&quot;","block_context":{"text":"Cultura-Geral","link":"https:\/\/www.jornalja.com.br\/arquivo\/category\/materiasecundaria\/"},"img":{"alt_text":"","src":"","width":0,"height":0},"classes":[]},{"id":12960,"url":"https:\/\/www.jornalja.com.br\/arquivo\/populacao-culpa-empresas-pela-greve-dos-rodoviarios\/","url_meta":{"origin":52354,"position":2},"title":"Popula\u00e7\u00e3o culpa empresas pela greve","author":"Patr\u00edcia Marini","date":"14 de fevereiro de 2014","format":false,"excerpt":"Pesquisa divulgada na edi\u00e7\u00e3o do jornal Metro desta sexta-feira,14, comprova o velho ditado: \u00e9 poss\u00edvel enganar muitos por algum tempo, mas n\u00e3o \u00e9 poss\u00edvel enganar a todos o tempo inteiro. A principal revela\u00e7\u00e3o foi que 59,8% dos entrevistados apontaram as empresas como as principais respons\u00e1veis pela grave e 46% culparam\u2026","rel":"","context":"Em &quot;X.Categorias velhas&quot;","block_context":{"text":"X.Categorias velhas","link":"https:\/\/www.jornalja.com.br\/arquivo\/category\/x-categorias-velhas\/"},"img":{"alt_text":"","src":"","width":0,"height":0},"classes":[]},{"id":5440,"url":"https:\/\/www.jornalja.com.br\/arquivo\/casarao-da-venancio-destino-permanece-incerto\/","url_meta":{"origin":52354,"position":3},"title":"Estado ainda n\u00e3o sabe o que fazer com casar\u00e3o abandonado h\u00e1 20 anos","author":"Elmar Bones","date":"6 de julho de 2009","format":false,"excerpt":"O casar\u00e3o amarelo, numa esquina nobre de Porto Alegre (Ven\u00e2ncio Aires com Jo\u00e3o Pessoa), j\u00e1 abrigou uma escola. H\u00e1 duas d\u00e9cadas, pelo menos, est\u00e1 abandonado, porque seu propriet\u00e1rio, o governo do Estado do Rio Grande do Sul, n\u00e3o consegue achar um destino para ele. Planos n\u00e3o faltaram. O governador Ol\u00edvio\u2026","rel":"","context":"Em &quot;X.Categorias velhas&quot;","block_context":{"text":"X.Categorias velhas","link":"https:\/\/www.jornalja.com.br\/arquivo\/category\/x-categorias-velhas\/"},"img":{"alt_text":"geraldo1","src":"https:\/\/i0.wp.com\/www.jornalja.com.br\/wp-content\/uploads\/2009\/07\/geraldo1.jpg?resize=350%2C200&ssl=1","width":350,"height":200},"classes":[]},{"id":13124,"url":"https:\/\/www.jornalja.com.br\/arquivo\/sangue-latino-no-iecine\/","url_meta":{"origin":52354,"position":4},"title":"Sangue latino no IECINE","author":"da Reda\u00e7\u00e3o","date":"18 de maio de 2014","format":false,"excerpt":"Francisco Ribeiro O Instituto Estadual de Cinema (IECINE) tem a frente, desde abril \u00faltimo, um novo diretor, o cineasta colombiano Juan Zapata, 36, que substitui Luiz Alberto Cassol. Radicado h\u00e1 dez anos em Porto Alegre, Zapata tem diante de si o desafio de conduzir at\u00e9 o final do ano um\u2026","rel":"","context":"Em &quot;Cultura-Geral&quot;","block_context":{"text":"Cultura-Geral","link":"https:\/\/www.jornalja.com.br\/arquivo\/category\/materiasecundaria\/"},"img":{"alt_text":"","src":"","width":0,"height":0},"classes":[]},{"id":1280,"url":"https:\/\/www.jornalja.com.br\/arquivo\/o-menino-que-se-tornou-brizola\/","url_meta":{"origin":52354,"position":5},"title":"O Menino que se Tornou Brizola","author":"da Reda\u00e7\u00e3o","date":"28 de julho de 2008","format":false,"excerpt":"Autor: Cleber Dioni A vida de Leonel Brizola, com \u00eanfase para os primeiros anos em Porto Alegre, at\u00e9 o ex\u00edlio no Uruguai e a volta, quinze anos depois. \u00a0\"...\u00c9ramos todos jovens e nos identific\u00e1vamos com aquela massa an\u00f4nima a percorrer as ruas de Porto Alegre, gritando 'Get\u00falio', 'Get\u00falio' e empunhando\u2026","rel":"","context":"Em &quot;Livros&quot;","block_context":{"text":"Livros","link":"https:\/\/www.jornalja.com.br\/arquivo\/category\/livros\/"},"img":{"alt_text":"","src":"https:\/\/i0.wp.com\/www.jornalja.com.br\/wp-content\/uploads\/2008\/07\/brizola.gif?resize=350%2C200&ssl=1","width":350,"height":200},"classes":[]}],"jetpack_shortlink":"https:\/\/wp.me\/pbQjBd-dCq","jetpack_featured_media_url":"","_links":{"self":[{"href":"https:\/\/www.jornalja.com.br\/arquivo\/wp-json\/wp\/v2\/posts\/52354","targetHints":{"allow":["GET"]}}],"collection":[{"href":"https:\/\/www.jornalja.com.br\/arquivo\/wp-json\/wp\/v2\/posts"}],"about":[{"href":"https:\/\/www.jornalja.com.br\/arquivo\/wp-json\/wp\/v2\/types\/post"}],"author":[{"embeddable":true,"href":"https:\/\/www.jornalja.com.br\/arquivo\/wp-json\/wp\/v2\/users\/4"}],"replies":[{"embeddable":true,"href":"https:\/\/www.jornalja.com.br\/arquivo\/wp-json\/wp\/v2\/comments?post=52354"}],"version-history":[{"count":0,"href":"https:\/\/www.jornalja.com.br\/arquivo\/wp-json\/wp\/v2\/posts\/52354\/revisions"}],"wp:attachment":[{"href":"https:\/\/www.jornalja.com.br\/arquivo\/wp-json\/wp\/v2\/media?parent=52354"}],"wp:term":[{"taxonomy":"category","embeddable":true,"href":"https:\/\/www.jornalja.com.br\/arquivo\/wp-json\/wp\/v2\/categories?post=52354"},{"taxonomy":"post_tag","embeddable":true,"href":"https:\/\/www.jornalja.com.br\/arquivo\/wp-json\/wp\/v2\/tags?post=52354"}],"curies":[{"name":"wp","href":"https:\/\/api.w.org\/{rel}","templated":true}]}}