{"id":52362,"date":"2017-07-29T18:08:15","date_gmt":"2017-07-29T21:08:15","guid":{"rendered":"https:\/\/www.jornalja.com.br\/?p=52362"},"modified":"2017-07-29T18:08:15","modified_gmt":"2017-07-29T21:08:15","slug":"em-video-marchezan-diz-que-vai-explicar-projetos-a-partir-de-domingo","status":"publish","type":"post","link":"https:\/\/www.jornalja.com.br\/arquivo\/em-video-marchezan-diz-que-vai-explicar-projetos-a-partir-de-domingo\/","title":{"rendered":"Em v\u00eddeo, Marchezan diz que vai explicar projetos a partir de domingo"},"content":{"rendered":"<p>Nesta sexta-feira, n\u00e3o teve decreto. O Facebook do prefeito Nelson Marchezan j\u00fanior n\u00e3o trouxe as j\u00e1 tradicionais postagens onde o prefeito, \u201dno uso da atribui\u00e7\u00e3o que lhe confere a zoeira\u201d \u201cdecreta\u201d a abertura oficial do final de semana.<br \/>\nNo lugar da esperada lista de o que o cidad\u00e3o est\u00e1 liberado a fazer em seu repouso semanal, o prefeito fez uma transmiss\u00e3o ao vivo. No v\u00eddeo, Marchezan afirma que vai explicar as recentes medidas do Executivo municipal em rela\u00e7\u00e3o ao transporte p\u00fablico e aos servidores municipais. Na \u00faltima semana, durante o recesso parlamentar, a C\u00e2mara Municipal recebeu pelo menos nove projetos da Administra\u00e7\u00e3o municipal.<br \/>\n\u201cAguentem um pouquinho. A partir de domingo e segunda eu vou explicar a segunda passagem, vou explicar as gratuidades que a gente t\u00e1 realmente trabalhando e vai fazer as modifica\u00e7\u00f5es necess\u00e1rias, vou explicar todos os projetos que n\u00f3s encaminhamos e tenho certeza que voc\u00eas v\u00e3o concordar\u201d, afirma o prefeito no v\u00eddeo.<br \/>\nNa \u00faltima ter\u00e7a-feira foram enviados <a href=\"https:\/\/www.jornalja.com.br\/eptc-propoe-corte-de-isencoes-nos-onibus-em-projetos-enviados-a-camara\/\" target=\"_blank\" rel=\"noopener noreferrer\">seis projetos \u00e0 C\u00e2mara<\/a> referentes ao transporte p\u00fablico. As propostas incluem revis\u00f5es de isen\u00e7\u00f5es para estudantes, professores e idosos, fim da obrigatoriedade dos cobradores e aumento da vida \u00fatil dos ve\u00edculos.<br \/>\nNa quinta-feira, a Prefeitura publicou um decreto de Marchezan que retira <a href=\"https:\/\/www.jornalja.com.br\/prefeitura-de-porto-alegre-retira-gratuidade-de-segunda-passagem-nos-onibus\/\" target=\"_blank\" rel=\"noopener noreferrer\">a gratuidade da segunda passagem de \u00f4nibus.<\/a> Fica a o benef\u00edcio garantido apena para estudantes. Os demais usu\u00e1rios ter\u00e3o de pagar 50% do valor da segunda passagem: R$ 2,05.<br \/>\nA medida <a href=\"https:\/\/www.jornalja.com.br\/fim-da-gratuidade-na-segunda-passagem-esta-em-negociacao\/\" target=\"_blank\" rel=\"noopener noreferrer\">vinha sendo negociada desde fevereiro<\/a> pela gest\u00e3o Marchezan, como adiantou mat\u00e9ria do Jornal J\u00c1.<br \/>\nNa tarde da sexta-feira, a Prefeitura <a href=\"https:\/\/www.jornalja.com.br\/projetos-autorizam-parcelamento-de-salarios-e-alteram-gratificacoes-de-servidores-de-porto-alegre\/\">enviou \u00e0 C\u00e2mara mais tr\u00eas projetos<\/a> alterando as gratifica\u00e7\u00f5es pagas aos servidores, a data de pagamento e criando uma autoriza\u00e7\u00e3o legal para o parcelamento de sal\u00e1rios.<br \/>\n<figure id=\"attachment_52366\" aria-describedby=\"caption-attachment-52366\" style=\"width: 1150px\" class=\"wp-caption alignnone\"><img loading=\"lazy\" decoding=\"async\" class=\"size-full wp-image-52366\" src=\"https:\/\/www.jornalja.com.br\/wp-content\/uploads\/2017\/07\/imagem173017.jpg\" alt=\"\" width=\"1150\" height=\"767\" \/><figcaption id=\"caption-attachment-52366\" class=\"wp-caption-text\">Ao longo do s\u00e1bado, Marchezan participou do evento Prefeitura nos Bairros, no bairro Bom Jesus \/ Brayan Martins \/ PMPA<\/figcaption><\/figure><br \/>\nNo v\u00eddeo, Marchezan cita ainda um projeto voltado ao servi\u00e7o de t\u00e1xis em Porto Alegre. Segundo o prefeito, o projeto \u201dvai transformar o t\u00e1xi em Porto Alegre no melhor sistema do Brasil\u201d.<br \/>\nNeste s\u00e1bado, o prefeito Nelson Marchezan j\u00fanior participou do evento Prefeitura nos Bairros, no bairro Bom Jesus. No v\u00eddeo, Marchezan conclui: \u201cTodos os dias da semana que vem, em todos os meios de comunica\u00e7\u00e3o, eu vou me fazer presente para explicar tudo que tem que ser explicado, como a gente fez na campanha e como a gente fez a cada dia do mandato\u201d.<\/p>\n","protected":false},"excerpt":{"rendered":"<p>Nesta sexta-feira, n\u00e3o teve decreto. O Facebook do prefeito Nelson Marchezan j\u00fanior n\u00e3o trouxe as j\u00e1 tradicionais postagens onde o prefeito, \u201dno uso da atribui\u00e7\u00e3o que lhe confere a zoeira\u201d \u201cdecreta\u201d a abertura oficial do final de semana. No lugar da esperada lista de o que o cidad\u00e3o est\u00e1 liberado a fazer em seu repouso [&hellip;]<\/p>\n","protected":false},"author":4,"featured_media":52365,"comment_status":"open","ping_status":"closed","sticky":false,"template":"","format":"standard","meta":{"_jetpack_newsletter_access":"","_jetpack_dont_email_post_to_subs":false,"_jetpack_newsletter_tier_id":0,"_jetpack_memberships_contains_paywalled_content":false,"_jetpack_feature_clip_id":0,"_jetpack_memberships_contains_paid_content":false,"footnotes":"","jetpack_post_was_ever_published":false},"categories":[26],"tags":[],"class_list":["post-52362","post","type-post","status-publish","format-standard","has-post-thumbnail","hentry","category-geral"],"aioseo_notices":[],"aioseo_head":"\n\t\t<!-- All in One SEO 5.0.1.1 - aioseo.com -->\n\t<meta name=\"robots\" content=\"max-image-preview:large\" \/>\n\t<meta name=\"author\" content=\"da Reda\u00e7\u00e3o\"\/>\n\t<link rel=\"canonical\" href=\"https:\/\/www.jornalja.com.br\/arquivo\/em-video-marchezan-diz-que-vai-explicar-projetos-a-partir-de-domingo\/\" \/>\n\t<meta name=\"generator\" content=\"All in One SEO (AIOSEO) 5.0.1.1\" \/>\n\t\t<meta property=\"og:locale\" content=\"pt_BR\" \/>\n\t\t<meta property=\"og:site_name\" content=\"Arquivo | Jornal J\u00c1 | Porto Alegre\" \/>\n\t\t<meta property=\"og:type\" content=\"article\" \/>\n\t\t<meta property=\"og:title\" content=\"Em v\u00eddeo, Marchezan diz que vai explicar projetos a partir de domingo | Arquivo\" \/>\n\t\t<meta property=\"og:url\" content=\"https:\/\/www.jornalja.com.br\/arquivo\/em-video-marchezan-diz-que-vai-explicar-projetos-a-partir-de-domingo\/\" \/>\n\t\t<meta property=\"og:image\" content=\"https:\/\/www.jornalja.com.br\/wp-content\/uploads\/2017\/07\/imagem173017.jpg\" \/>\n\t\t<meta property=\"og:image:secure_url\" content=\"https:\/\/www.jornalja.com.br\/wp-content\/uploads\/2017\/07\/imagem173017.jpg\" \/>\n\t\t<meta property=\"article:published_time\" content=\"2017-07-29T21:08:15+00:00\" \/>\n\t\t<meta property=\"article:modified_time\" content=\"2017-07-29T21:08:15+00:00\" \/>\n\t\t<meta name=\"twitter:card\" content=\"summary\" \/>\n\t\t<meta name=\"twitter:title\" content=\"Em v\u00eddeo, Marchezan diz que vai explicar projetos a partir de domingo | Arquivo\" \/>\n\t\t<meta name=\"twitter:image\" content=\"https:\/\/www.jornalja.com.br\/economics\/wp-content\/uploads\/sites\/11\/2026\/08\/ja-folhaderosto-facebook.jpg\" \/>\n\t\t<script type=\"application\/ld+json\" class=\"aioseo-schema\">\n\t\t\t{\"@context\":\"https:\\\/\\\/schema.org\",\"@graph\":[{\"@type\":\"BlogPosting\",\"@id\":\"https:\\\/\\\/www.jornalja.com.br\\\/arquivo\\\/em-video-marchezan-diz-que-vai-explicar-projetos-a-partir-de-domingo\\\/#blogposting\",\"name\":\"Em v\\u00eddeo, Marchezan diz que vai explicar projetos a partir de domingo | Arquivo\",\"headline\":\"Em v\\u00eddeo, Marchezan diz que vai explicar projetos a partir de domingo\",\"author\":{\"@id\":\"https:\\\/\\\/www.jornalja.com.br\\\/arquivo\\\/author\\\/daredacao\\\/#author\"},\"publisher\":{\"@id\":\"https:\\\/\\\/www.jornalja.com.br\\\/arquivo\\\/#organization\"},\"image\":{\"@type\":\"ImageObject\",\"url\":52365},\"datePublished\":\"2017-07-29T18:08:15-03:00\",\"dateModified\":\"2017-07-29T18:08:15-03:00\",\"inLanguage\":\"pt-BR\",\"commentCount\":1,\"mainEntityOfPage\":{\"@id\":\"https:\\\/\\\/www.jornalja.com.br\\\/arquivo\\\/em-video-marchezan-diz-que-vai-explicar-projetos-a-partir-de-domingo\\\/#webpage\"},\"isPartOf\":{\"@id\":\"https:\\\/\\\/www.jornalja.com.br\\\/arquivo\\\/em-video-marchezan-diz-que-vai-explicar-projetos-a-partir-de-domingo\\\/#webpage\"},\"articleSection\":\"Geral\"},{\"@type\":\"BreadcrumbList\",\"@id\":\"https:\\\/\\\/www.jornalja.com.br\\\/arquivo\\\/em-video-marchezan-diz-que-vai-explicar-projetos-a-partir-de-domingo\\\/#breadcrumblist\",\"itemListElement\":[{\"@type\":\"ListItem\",\"@id\":\"https:\\\/\\\/www.jornalja.com.br\\\/arquivo#listItem\",\"position\":1,\"name\":\"Home\",\"item\":\"https:\\\/\\\/www.jornalja.com.br\\\/arquivo\",\"nextItem\":{\"@type\":\"ListItem\",\"@id\":\"https:\\\/\\\/www.jornalja.com.br\\\/arquivo\\\/category\\\/geral\\\/#listItem\",\"name\":\"Geral\"}},{\"@type\":\"ListItem\",\"@id\":\"https:\\\/\\\/www.jornalja.com.br\\\/arquivo\\\/category\\\/geral\\\/#listItem\",\"position\":2,\"name\":\"Geral\",\"item\":\"https:\\\/\\\/www.jornalja.com.br\\\/arquivo\\\/category\\\/geral\\\/\",\"nextItem\":{\"@type\":\"ListItem\",\"@id\":\"https:\\\/\\\/www.jornalja.com.br\\\/arquivo\\\/em-video-marchezan-diz-que-vai-explicar-projetos-a-partir-de-domingo\\\/#listItem\",\"name\":\"Em v\\u00eddeo, Marchezan diz que vai explicar projetos a partir de domingo\"},\"previousItem\":{\"@type\":\"ListItem\",\"@id\":\"https:\\\/\\\/www.jornalja.com.br\\\/arquivo#listItem\",\"name\":\"Home\"}},{\"@type\":\"ListItem\",\"@id\":\"https:\\\/\\\/www.jornalja.com.br\\\/arquivo\\\/em-video-marchezan-diz-que-vai-explicar-projetos-a-partir-de-domingo\\\/#listItem\",\"position\":3,\"name\":\"Em v\\u00eddeo, Marchezan diz que vai explicar projetos a partir de domingo\",\"previousItem\":{\"@type\":\"ListItem\",\"@id\":\"https:\\\/\\\/www.jornalja.com.br\\\/arquivo\\\/category\\\/geral\\\/#listItem\",\"name\":\"Geral\"}}]},{\"@type\":\"Organization\",\"@id\":\"https:\\\/\\\/www.jornalja.com.br\\\/arquivo\\\/#organization\",\"name\":\"Jornal J\\u00c1\",\"description\":\"Jornal J\\u00c1 | Porto Alegre\",\"url\":\"https:\\\/\\\/www.jornalja.com.br\\\/arquivo\\\/\",\"telephone\":\"+555133307272\",\"logo\":{\"@type\":\"ImageObject\",\"url\":\"https:\\\/\\\/www.jornalja.com.br\\\/wp-content\\\/uploads\\\/cards\\\/JAslogan.png\",\"@id\":\"https:\\\/\\\/www.jornalja.com.br\\\/arquivo\\\/em-video-marchezan-diz-que-vai-explicar-projetos-a-partir-de-domingo\\\/#organizationLogo\"},\"image\":{\"@id\":\"https:\\\/\\\/www.jornalja.com.br\\\/arquivo\\\/em-video-marchezan-diz-que-vai-explicar-projetos-a-partir-de-domingo\\\/#organizationLogo\"}},{\"@type\":\"Person\",\"@id\":\"https:\\\/\\\/www.jornalja.com.br\\\/arquivo\\\/author\\\/daredacao\\\/#author\",\"url\":\"https:\\\/\\\/www.jornalja.com.br\\\/arquivo\\\/author\\\/daredacao\\\/\",\"name\":\"da Reda\\u00e7\\u00e3o\",\"image\":{\"@type\":\"ImageObject\",\"@id\":\"https:\\\/\\\/www.jornalja.com.br\\\/arquivo\\\/em-video-marchezan-diz-que-vai-explicar-projetos-a-partir-de-domingo\\\/#authorImage\",\"url\":\"https:\\\/\\\/secure.gravatar.com\\\/avatar\\\/469fd857d6605ad19919d27ed29d35a968a25f6e8fd9318356bbb7f57aae9c65?s=96&d=mm&r=g\",\"width\":96,\"height\":96,\"caption\":\"da Reda\\u00e7\\u00e3o\"}},{\"@type\":\"WebPage\",\"@id\":\"https:\\\/\\\/www.jornalja.com.br\\\/arquivo\\\/em-video-marchezan-diz-que-vai-explicar-projetos-a-partir-de-domingo\\\/#webpage\",\"url\":\"https:\\\/\\\/www.jornalja.com.br\\\/arquivo\\\/em-video-marchezan-diz-que-vai-explicar-projetos-a-partir-de-domingo\\\/\",\"name\":\"Em v\\u00eddeo, Marchezan diz que vai explicar projetos a partir de domingo | Arquivo\",\"inLanguage\":\"pt-BR\",\"isPartOf\":{\"@id\":\"https:\\\/\\\/www.jornalja.com.br\\\/arquivo\\\/#website\"},\"breadcrumb\":{\"@id\":\"https:\\\/\\\/www.jornalja.com.br\\\/arquivo\\\/em-video-marchezan-diz-que-vai-explicar-projetos-a-partir-de-domingo\\\/#breadcrumblist\"},\"author\":{\"@id\":\"https:\\\/\\\/www.jornalja.com.br\\\/arquivo\\\/author\\\/daredacao\\\/#author\"},\"creator\":{\"@id\":\"https:\\\/\\\/www.jornalja.com.br\\\/arquivo\\\/author\\\/daredacao\\\/#author\"},\"image\":{\"@type\":\"ImageObject\",\"url\":52365,\"@id\":\"https:\\\/\\\/www.jornalja.com.br\\\/arquivo\\\/em-video-marchezan-diz-que-vai-explicar-projetos-a-partir-de-domingo\\\/#mainImage\"},\"primaryImageOfPage\":{\"@id\":\"https:\\\/\\\/www.jornalja.com.br\\\/arquivo\\\/em-video-marchezan-diz-que-vai-explicar-projetos-a-partir-de-domingo\\\/#mainImage\"},\"datePublished\":\"2017-07-29T18:08:15-03:00\",\"dateModified\":\"2017-07-29T18:08:15-03:00\"},{\"@type\":\"WebSite\",\"@id\":\"https:\\\/\\\/www.jornalja.com.br\\\/arquivo\\\/#website\",\"url\":\"https:\\\/\\\/www.jornalja.com.br\\\/arquivo\\\/\",\"name\":\"Arquivo\",\"description\":\"Jornal J\\u00c1 | Porto Alegre\",\"inLanguage\":\"pt-BR\",\"publisher\":{\"@id\":\"https:\\\/\\\/www.jornalja.com.br\\\/arquivo\\\/#organization\"}}]}\n\t\t<\/script>\n\t\t<!-- All in One SEO -->\n\n","aioseo_head_json":{"title":"Em v\u00eddeo, Marchezan diz que vai explicar projetos a partir de domingo | Arquivo","description":"","canonical_url":"https:\/\/www.jornalja.com.br\/arquivo\/em-video-marchezan-diz-que-vai-explicar-projetos-a-partir-de-domingo\/","robots":"max-image-preview:large","keywords":"","webmasterTools":{"miscellaneous":""},"schema":{"@context":"https:\/\/schema.org","@graph":[{"@type":"BlogPosting","@id":"https:\/\/www.jornalja.com.br\/arquivo\/em-video-marchezan-diz-que-vai-explicar-projetos-a-partir-de-domingo\/#blogposting","name":"Em v\u00eddeo, Marchezan diz que vai explicar projetos a partir de domingo | Arquivo","headline":"Em v\u00eddeo, Marchezan diz que vai explicar projetos a partir de domingo","author":{"@id":"https:\/\/www.jornalja.com.br\/arquivo\/author\/daredacao\/#author"},"publisher":{"@id":"https:\/\/www.jornalja.com.br\/arquivo\/#organization"},"image":{"@type":"ImageObject","url":52365},"datePublished":"2017-07-29T18:08:15-03:00","dateModified":"2017-07-29T18:08:15-03:00","inLanguage":"pt-BR","commentCount":1,"mainEntityOfPage":{"@id":"https:\/\/www.jornalja.com.br\/arquivo\/em-video-marchezan-diz-que-vai-explicar-projetos-a-partir-de-domingo\/#webpage"},"isPartOf":{"@id":"https:\/\/www.jornalja.com.br\/arquivo\/em-video-marchezan-diz-que-vai-explicar-projetos-a-partir-de-domingo\/#webpage"},"articleSection":"Geral"},{"@type":"BreadcrumbList","@id":"https:\/\/www.jornalja.com.br\/arquivo\/em-video-marchezan-diz-que-vai-explicar-projetos-a-partir-de-domingo\/#breadcrumblist","itemListElement":[{"@type":"ListItem","@id":"https:\/\/www.jornalja.com.br\/arquivo#listItem","position":1,"name":"Home","item":"https:\/\/www.jornalja.com.br\/arquivo","nextItem":{"@type":"ListItem","@id":"https:\/\/www.jornalja.com.br\/arquivo\/category\/geral\/#listItem","name":"Geral"}},{"@type":"ListItem","@id":"https:\/\/www.jornalja.com.br\/arquivo\/category\/geral\/#listItem","position":2,"name":"Geral","item":"https:\/\/www.jornalja.com.br\/arquivo\/category\/geral\/","nextItem":{"@type":"ListItem","@id":"https:\/\/www.jornalja.com.br\/arquivo\/em-video-marchezan-diz-que-vai-explicar-projetos-a-partir-de-domingo\/#listItem","name":"Em v\u00eddeo, Marchezan diz que vai explicar projetos a partir de domingo"},"previousItem":{"@type":"ListItem","@id":"https:\/\/www.jornalja.com.br\/arquivo#listItem","name":"Home"}},{"@type":"ListItem","@id":"https:\/\/www.jornalja.com.br\/arquivo\/em-video-marchezan-diz-que-vai-explicar-projetos-a-partir-de-domingo\/#listItem","position":3,"name":"Em v\u00eddeo, Marchezan diz que vai explicar projetos a partir de domingo","previousItem":{"@type":"ListItem","@id":"https:\/\/www.jornalja.com.br\/arquivo\/category\/geral\/#listItem","name":"Geral"}}]},{"@type":"Organization","@id":"https:\/\/www.jornalja.com.br\/arquivo\/#organization","name":"Jornal J\u00c1","description":"Jornal J\u00c1 | Porto Alegre","url":"https:\/\/www.jornalja.com.br\/arquivo\/","telephone":"+555133307272","logo":{"@type":"ImageObject","url":"https:\/\/www.jornalja.com.br\/wp-content\/uploads\/cards\/JAslogan.png","@id":"https:\/\/www.jornalja.com.br\/arquivo\/em-video-marchezan-diz-que-vai-explicar-projetos-a-partir-de-domingo\/#organizationLogo"},"image":{"@id":"https:\/\/www.jornalja.com.br\/arquivo\/em-video-marchezan-diz-que-vai-explicar-projetos-a-partir-de-domingo\/#organizationLogo"}},{"@type":"Person","@id":"https:\/\/www.jornalja.com.br\/arquivo\/author\/daredacao\/#author","url":"https:\/\/www.jornalja.com.br\/arquivo\/author\/daredacao\/","name":"da Reda\u00e7\u00e3o","image":{"@type":"ImageObject","@id":"https:\/\/www.jornalja.com.br\/arquivo\/em-video-marchezan-diz-que-vai-explicar-projetos-a-partir-de-domingo\/#authorImage","url":"https:\/\/secure.gravatar.com\/avatar\/469fd857d6605ad19919d27ed29d35a968a25f6e8fd9318356bbb7f57aae9c65?s=96&d=mm&r=g","width":96,"height":96,"caption":"da Reda\u00e7\u00e3o"}},{"@type":"WebPage","@id":"https:\/\/www.jornalja.com.br\/arquivo\/em-video-marchezan-diz-que-vai-explicar-projetos-a-partir-de-domingo\/#webpage","url":"https:\/\/www.jornalja.com.br\/arquivo\/em-video-marchezan-diz-que-vai-explicar-projetos-a-partir-de-domingo\/","name":"Em v\u00eddeo, Marchezan diz que vai explicar projetos a partir de domingo | Arquivo","inLanguage":"pt-BR","isPartOf":{"@id":"https:\/\/www.jornalja.com.br\/arquivo\/#website"},"breadcrumb":{"@id":"https:\/\/www.jornalja.com.br\/arquivo\/em-video-marchezan-diz-que-vai-explicar-projetos-a-partir-de-domingo\/#breadcrumblist"},"author":{"@id":"https:\/\/www.jornalja.com.br\/arquivo\/author\/daredacao\/#author"},"creator":{"@id":"https:\/\/www.jornalja.com.br\/arquivo\/author\/daredacao\/#author"},"image":{"@type":"ImageObject","url":52365,"@id":"https:\/\/www.jornalja.com.br\/arquivo\/em-video-marchezan-diz-que-vai-explicar-projetos-a-partir-de-domingo\/#mainImage"},"primaryImageOfPage":{"@id":"https:\/\/www.jornalja.com.br\/arquivo\/em-video-marchezan-diz-que-vai-explicar-projetos-a-partir-de-domingo\/#mainImage"},"datePublished":"2017-07-29T18:08:15-03:00","dateModified":"2017-07-29T18:08:15-03:00"},{"@type":"WebSite","@id":"https:\/\/www.jornalja.com.br\/arquivo\/#website","url":"https:\/\/www.jornalja.com.br\/arquivo\/","name":"Arquivo","description":"Jornal J\u00c1 | Porto Alegre","inLanguage":"pt-BR","publisher":{"@id":"https:\/\/www.jornalja.com.br\/arquivo\/#organization"}}]},"og:locale":"pt_BR","og:site_name":"Arquivo | Jornal J\u00c1 | Porto Alegre","og:type":"article","og:title":"Em v\u00eddeo, Marchezan diz que vai explicar projetos a partir de domingo | Arquivo","og:url":"https:\/\/www.jornalja.com.br\/arquivo\/em-video-marchezan-diz-que-vai-explicar-projetos-a-partir-de-domingo\/","og:image":"https:\/\/www.jornalja.com.br\/wp-content\/uploads\/2017\/07\/imagem173017.jpg","og:image:secure_url":"https:\/\/www.jornalja.com.br\/wp-content\/uploads\/2017\/07\/imagem173017.jpg","article:published_time":"2017-07-29T21:08:15+00:00","article:modified_time":"2017-07-29T21:08:15+00:00","twitter:card":"summary","twitter:title":"Em v\u00eddeo, Marchezan diz que vai explicar projetos a partir de domingo | Arquivo","twitter:image":"https:\/\/www.jornalja.com.br\/economics\/wp-content\/uploads\/sites\/11\/2026\/08\/ja-folhaderosto-facebook.jpg"},"aioseo_meta_data":{"post_id":"52362","title":null,"description":null,"keywords":null,"keyphrases":null,"primary_term":null,"canonical_url":null,"og_title":null,"og_description":null,"og_object_type":"default","og_image_type":"default","og_image_url":null,"og_image_width":null,"og_image_height":null,"og_image_custom_url":null,"og_image_custom_fields":null,"og_video":null,"og_custom_url":null,"og_article_section":null,"og_article_tags":null,"twitter_use_og":false,"twitter_card":"default","twitter_image_type":"default","twitter_image_url":null,"twitter_image_custom_url":null,"twitter_image_custom_fields":null,"twitter_title":null,"twitter_description":null,"schema":{"blockGraphs":[],"customGraphs":[],"default":{"data":{"Article":[],"Course":[],"Dataset":[],"FAQPage":[],"Movie":[],"Person":[],"Product":[],"ProductReview":[],"Car":[],"Recipe":[],"Service":[],"SoftwareApplication":[],"WebPage":[]},"graphName":"","isEnabled":true},"graphs":[],"defaultGraph":"","defaultPostTypeGraph":""},"schema_type":null,"schema_type_options":null,"pillar_content":false,"robots_default":true,"robots_noindex":false,"robots_noarchive":false,"robots_nosnippet":false,"robots_nofollow":false,"robots_noimageindex":false,"robots_noodp":false,"robots_notranslate":false,"robots_max_snippet":null,"robots_max_videopreview":null,"robots_max_imagepreview":"large","priority":null,"frequency":null,"location":null,"local_seo":null,"breadcrumb_settings":null,"limit_modified_date":false,"ai":null,"created":"2020-12-20 20:28:19","updated":"2025-07-19 23:51:22","seo_analyzer_scan_date":null,"focus_keyword":null,"additional_keywords":null,"truseo_locale":null},"jetpack_sharing_enabled":true,"jetpack-related-posts":[{"id":5440,"url":"https:\/\/www.jornalja.com.br\/arquivo\/casarao-da-venancio-destino-permanece-incerto\/","url_meta":{"origin":52362,"position":0},"title":"Estado ainda n\u00e3o sabe o que fazer com casar\u00e3o abandonado h\u00e1 20 anos","author":"Elmar Bones","date":"6 de julho de 2009","format":false,"excerpt":"O casar\u00e3o amarelo, numa esquina nobre de Porto Alegre (Ven\u00e2ncio Aires com Jo\u00e3o Pessoa), j\u00e1 abrigou uma escola. H\u00e1 duas d\u00e9cadas, pelo menos, est\u00e1 abandonado, porque seu propriet\u00e1rio, o governo do Estado do Rio Grande do Sul, n\u00e3o consegue achar um destino para ele. Planos n\u00e3o faltaram. O governador Ol\u00edvio\u2026","rel":"","context":"Em &quot;X.Categorias velhas&quot;","block_context":{"text":"X.Categorias velhas","link":"https:\/\/www.jornalja.com.br\/arquivo\/category\/x-categorias-velhas\/"},"img":{"alt_text":"geraldo1","src":"https:\/\/i0.wp.com\/www.jornalja.com.br\/wp-content\/uploads\/2009\/07\/geraldo1.jpg?resize=350%2C200&ssl=1","width":350,"height":200},"classes":[]},{"id":14241,"url":"https:\/\/www.jornalja.com.br\/arquivo\/o-guaiba-nas-imagens-poeticas-de-achutti\/","url_meta":{"origin":52362,"position":1},"title":"O Gua\u00edba nas imagens po\u00e9ticas de Achutti","author":"da Reda\u00e7\u00e3o","date":"18 de junho de 2014","format":false,"excerpt":"Em \u201cO Gua\u00edba por Achutti\u201d \u2013 obra financiada via Minist\u00e9rio da Cultura, produ\u00e7\u00e3o executiva de Pedro Longhi, e Fl\u00e1vio Wild como designer \u2013, o fot\u00f3grafo revela a beleza e as mazelas de um espa\u00e7o aqu\u00e1tico de \u00e1guas sempre renovadas, cheio de hist\u00f3rias e lendas como as das cidades que foram\u2026","rel":"","context":"Em &quot;Cultura-Geral&quot;","block_context":{"text":"Cultura-Geral","link":"https:\/\/www.jornalja.com.br\/arquivo\/category\/materiasecundaria\/"},"img":{"alt_text":"","src":"","width":0,"height":0},"classes":[]},{"id":13240,"url":"https:\/\/www.jornalja.com.br\/arquivo\/plano-diretor-estamos-construindo-o-caos\/","url_meta":{"origin":52362,"position":2},"title":"Plano diretor: &quot;Estamos construindo o caos&quot;","author":"Patr\u00edcia Marini","date":"26 de maio de 2014","format":false,"excerpt":"Desabafo que arquiteta Eliana Castilhos, delegada da Regi\u00e3o de Planejamento 1, postou nas redes sociais \u00e9 um testemunho do ambiente que se criou no Conselho do Plano Diretor de Porto Alegre, onde a aprova\u00e7\u00e3o de grandes empreendimentos \u00e9 empurrada guela abaixo dos conselheiros. Ao CMDUA Como delegada da Regi\u00e3o de\u2026","rel":"","context":"Em &quot;Geral&quot;","block_context":{"text":"Geral","link":"https:\/\/www.jornalja.com.br\/arquivo\/category\/geral\/"},"img":{"alt_text":"","src":"","width":0,"height":0},"classes":[]},{"id":13124,"url":"https:\/\/www.jornalja.com.br\/arquivo\/sangue-latino-no-iecine\/","url_meta":{"origin":52362,"position":3},"title":"Sangue latino no IECINE","author":"da Reda\u00e7\u00e3o","date":"18 de maio de 2014","format":false,"excerpt":"Francisco Ribeiro O Instituto Estadual de Cinema (IECINE) tem a frente, desde abril \u00faltimo, um novo diretor, o cineasta colombiano Juan Zapata, 36, que substitui Luiz Alberto Cassol. Radicado h\u00e1 dez anos em Porto Alegre, Zapata tem diante de si o desafio de conduzir at\u00e9 o final do ano um\u2026","rel":"","context":"Em &quot;Cultura-Geral&quot;","block_context":{"text":"Cultura-Geral","link":"https:\/\/www.jornalja.com.br\/arquivo\/category\/materiasecundaria\/"},"img":{"alt_text":"","src":"","width":0,"height":0},"classes":[]},{"id":13128,"url":"https:\/\/www.jornalja.com.br\/arquivo\/maconha-terra-diz-que-uso-medicinal-e-desculpa\/","url_meta":{"origin":52362,"position":4},"title":"Maconha: Terra diz que uso medicinal \u00e9 desculpa","author":"Patr\u00edcia Marini","date":"4 de junho de 2014","format":false,"excerpt":"A condi\u00e7\u00e3o de pol\u00edtico, em \u00e9poca de campanha de campanha eleitoral, tira for\u00e7a do discurso do m\u00e9dico Osmar Terra contra a legaliza\u00e7\u00e3o da maconha. A tese dele de que a libera\u00e7\u00e3o vai ampliar exponencialmente o consumo \u00e9 discutivel, o consumo \u00e9 corrente. Mas seus alertas quanto aos riscos tem que\u2026","rel":"","context":"Em &quot;X.Categorias velhas&quot;","block_context":{"text":"X.Categorias velhas","link":"https:\/\/www.jornalja.com.br\/arquivo\/category\/x-categorias-velhas\/"},"img":{"alt_text":"","src":"","width":0,"height":0},"classes":[]},{"id":13101,"url":"https:\/\/www.jornalja.com.br\/arquivo\/morre-um-guerreiro-do-texto\/","url_meta":{"origin":52362,"position":5},"title":"Morre um guerreiro do texto","author":"Patr\u00edcia Marini","date":"14 de maio de 2014","format":false,"excerpt":"Por Ricardo Kotscho Reproduzido do blog do autor, 11\/5\/2014; t\u00edtulo original \u201cE l\u00e1 se foi o nosso Myltainho, guerreiro do texto\u201d. Mi\u00fado e franzino, meu amigo Myltainho era um valente e inconformado guerreiro na luta contra as injusti\u00e7as sociais, a hipocrisia, as maracutaias, o autoritarismo, a intoler\u00e2ncia, a viol\u00eancia, o\u2026","rel":"","context":"Em &quot;Geral&quot;","block_context":{"text":"Geral","link":"https:\/\/www.jornalja.com.br\/arquivo\/category\/geral\/"},"img":{"alt_text":"","src":"","width":0,"height":0},"classes":[]}],"jetpack_shortlink":"https:\/\/wp.me\/pbQjBd-dCy","jetpack_featured_media_url":"","_links":{"self":[{"href":"https:\/\/www.jornalja.com.br\/arquivo\/wp-json\/wp\/v2\/posts\/52362","targetHints":{"allow":["GET"]}}],"collection":[{"href":"https:\/\/www.jornalja.com.br\/arquivo\/wp-json\/wp\/v2\/posts"}],"about":[{"href":"https:\/\/www.jornalja.com.br\/arquivo\/wp-json\/wp\/v2\/types\/post"}],"author":[{"embeddable":true,"href":"https:\/\/www.jornalja.com.br\/arquivo\/wp-json\/wp\/v2\/users\/4"}],"replies":[{"embeddable":true,"href":"https:\/\/www.jornalja.com.br\/arquivo\/wp-json\/wp\/v2\/comments?post=52362"}],"version-history":[{"count":0,"href":"https:\/\/www.jornalja.com.br\/arquivo\/wp-json\/wp\/v2\/posts\/52362\/revisions"}],"wp:attachment":[{"href":"https:\/\/www.jornalja.com.br\/arquivo\/wp-json\/wp\/v2\/media?parent=52362"}],"wp:term":[{"taxonomy":"category","embeddable":true,"href":"https:\/\/www.jornalja.com.br\/arquivo\/wp-json\/wp\/v2\/categories?post=52362"},{"taxonomy":"post_tag","embeddable":true,"href":"https:\/\/www.jornalja.com.br\/arquivo\/wp-json\/wp\/v2\/tags?post=52362"}],"curies":[{"name":"wp","href":"https:\/\/api.w.org\/{rel}","templated":true}]}}