{"id":52384,"date":"2017-07-29T21:21:05","date_gmt":"2017-07-30T00:21:05","guid":{"rendered":"https:\/\/www.jornalja.com.br\/?p=52384"},"modified":"2017-07-29T21:21:05","modified_gmt":"2017-07-30T00:21:05","slug":"show-de-esteban-morgado-encerra-apresentacoes-musicais-no-festival-de-inverno","status":"publish","type":"post","link":"https:\/\/www.jornalja.com.br\/arquivo\/show-de-esteban-morgado-encerra-apresentacoes-musicais-no-festival-de-inverno\/","title":{"rendered":"Show de Esteban Morgado encerra apresenta\u00e7\u00f5es musicais no Festival de Inverno"},"content":{"rendered":"<p>A m\u00fasica est\u00e1 entre os destaques da programa\u00e7\u00e3o no \u00faltimo final de semana do 9\u00ba Festival de Inverno: o m\u00fasico argentino Esteban Morgado e seu quarteto \u00e9 atra\u00e7\u00e3o neste domingo, dia 30, \u00e0s 20h, encerrando as atividades no Centro Municipal de Cultura.<br \/>\nA apresenta\u00e7\u00e3o ser\u00e1 no Teatro Renascen\u00e7a, com ingressos a R$ 40 (R$ 20 para estudantes, pessoas com idade a partir de 60 anos e servidores municipais de Porto Alegre).<br \/>\nViolonista, compositor e arranjador, Esteban Morgado tem mais de tr\u00eas d\u00e9cadas de atividade, com oito discos lan\u00e7ados e tr\u00eas pr\u00eamios Gardel no curr\u00edculo. Colaborou com nomes como Alfredo Zitarrosa, Isabel Parra e Susana Rinaldi e foi o diretor musical do \u00e1lbum Porto Alegre Canta Tangos (2000), que reuniu artistas como Vitor Ramil, Bebeto Alves, Hique Gomez, Antonio Villeroy e Lourdes Rodrigues.<br \/>\nO show ter\u00e1 participa\u00e7\u00e3o especial de Luiz Carlos Borges.<br \/>\n<span class=\"culturadestaque\"><strong>Programa\u00e7\u00e3o Festival de Inverno\u00a0<\/strong><\/span><br \/>\nDia 30, domingo<br \/>\n15h \u2013 Palestra do dramaturgo Mat\u00e9i Visniec. Dura\u00e7\u00e3o: 2h<br \/>\nSala \u00c1lvaro Moreyra<br \/>\nEntrada franca<br \/>\n18h &#8211; Sess\u00e3o do filme Jauja (2014, 110 minutos), de Lisandro Alonso<br \/>\nCinemateca Capit\u00f3lio Petrobras<br \/>\nEntrada franca<br \/>\n20h &#8211; show de Esteban Morgado Cuarteto, com participa\u00e7\u00e3o de Luiz Carlos Borges. Dura\u00e7\u00e3o: 2h<br \/>\nTeatro Renascen\u00e7a<br \/>\nR$ 40 (R$ 20 &#8211; promocional)<br \/>\n20h &#8211; Sess\u00e3o do filme Dias de \u00d3dio (1954, 70 minutos), de Leopoldo Torre Nilsson<br \/>\nCinemateca Capit\u00f3lio Petrobras<br \/>\nEntrada franca<br \/>\n&nbsp;<br \/>\nTer\u00e7a, dia 1\u00ba de agosto<br \/>\n18h &#8211; Sess\u00e3o do filme Invas\u00e3o (1969, 120 minutos), de Hugo Santiago<br \/>\nCinemateca Capit\u00f3lio Petrobras<br \/>\nEntrada franca<br \/>\n20h &#8211; Sess\u00e3o do filme Performance (1970, 105 minutos), de Nicolas Roeg e Donald Cammell<br \/>\nCinemateca Capit\u00f3lio Petrobras<br \/>\nEntrada franca<br \/>\n&nbsp;<br \/>\nQuarta, dia 2 de agosto<br \/>\n18h &#8211; Sess\u00e3o do filme Garoto (2015, 70 minutos), de J\u00falio Bressane<br \/>\nCinemateca Capit\u00f3lio Petrobras<br \/>\nEntrada franca<br \/>\n20h &#8211; Sess\u00e3o do filme O Navio dos Afogados (1983, 110 minutos), de Ra\u00fal Ruiz<br \/>\nCinemateca Capit\u00f3lio Petrobras<br \/>\nEntrada franca<\/p>\n","protected":false},"excerpt":{"rendered":"<p>A m\u00fasica est\u00e1 entre os destaques da programa\u00e7\u00e3o no \u00faltimo final de semana do 9\u00ba Festival de Inverno: o m\u00fasico argentino Esteban Morgado e seu quarteto \u00e9 atra\u00e7\u00e3o neste domingo, dia 30, \u00e0s 20h, encerrando as atividades no Centro Municipal de Cultura. A apresenta\u00e7\u00e3o ser\u00e1 no Teatro Renascen\u00e7a, com ingressos a R$ 40 (R$ 20 [&hellip;]<\/p>\n","protected":false},"author":4,"featured_media":52386,"comment_status":"open","ping_status":"closed","sticky":false,"template":"","format":"standard","meta":{"_jetpack_newsletter_access":"","_jetpack_dont_email_post_to_subs":false,"_jetpack_newsletter_tier_id":0,"_jetpack_memberships_contains_paywalled_content":false,"_jetpack_feature_clip_id":0,"_jetpack_memberships_contains_paid_content":false,"footnotes":"","jetpack_post_was_ever_published":false},"categories":[11],"tags":[],"class_list":["post-52384","post","type-post","status-publish","format-standard","has-post-thumbnail","hentry","category-materiasecundaria"],"aioseo_notices":[],"aioseo_head":"\n\t\t<!-- All in One SEO 5.0.1.1 - aioseo.com -->\n\t<meta name=\"robots\" content=\"max-image-preview:large\" \/>\n\t<meta name=\"author\" content=\"da Reda\u00e7\u00e3o\"\/>\n\t<link rel=\"canonical\" href=\"https:\/\/www.jornalja.com.br\/arquivo\/show-de-esteban-morgado-encerra-apresentacoes-musicais-no-festival-de-inverno\/\" \/>\n\t<meta name=\"generator\" content=\"All in One SEO (AIOSEO) 5.0.1.1\" \/>\n\t\t<meta property=\"og:locale\" content=\"pt_BR\" \/>\n\t\t<meta property=\"og:site_name\" content=\"Arquivo | Jornal J\u00c1 | Porto Alegre\" \/>\n\t\t<meta property=\"og:type\" content=\"article\" \/>\n\t\t<meta property=\"og:title\" content=\"Show de Esteban Morgado encerra apresenta\u00e7\u00f5es musicais no Festival de Inverno | Arquivo\" \/>\n\t\t<meta property=\"og:url\" content=\"https:\/\/www.jornalja.com.br\/arquivo\/show-de-esteban-morgado-encerra-apresentacoes-musicais-no-festival-de-inverno\/\" \/>\n\t\t<meta property=\"og:image\" content=\"https:\/\/www.jornalja.com.br\/economics\/wp-content\/uploads\/sites\/11\/2026\/08\/ja-folhaderosto-facebook.jpg\" \/>\n\t\t<meta property=\"og:image:secure_url\" content=\"https:\/\/www.jornalja.com.br\/economics\/wp-content\/uploads\/sites\/11\/2026\/08\/ja-folhaderosto-facebook.jpg\" \/>\n\t\t<meta property=\"article:published_time\" content=\"2017-07-30T00:21:05+00:00\" \/>\n\t\t<meta property=\"article:modified_time\" content=\"2017-07-30T00:21:05+00:00\" \/>\n\t\t<meta name=\"twitter:card\" content=\"summary\" \/>\n\t\t<meta name=\"twitter:title\" content=\"Show de Esteban Morgado encerra apresenta\u00e7\u00f5es musicais no Festival de Inverno | Arquivo\" \/>\n\t\t<meta name=\"twitter:image\" content=\"https:\/\/www.jornalja.com.br\/economics\/wp-content\/uploads\/sites\/11\/2026\/08\/ja-folhaderosto-facebook.jpg\" \/>\n\t\t<script type=\"application\/ld+json\" class=\"aioseo-schema\">\n\t\t\t{\"@context\":\"https:\\\/\\\/schema.org\",\"@graph\":[{\"@type\":\"BlogPosting\",\"@id\":\"https:\\\/\\\/www.jornalja.com.br\\\/arquivo\\\/show-de-esteban-morgado-encerra-apresentacoes-musicais-no-festival-de-inverno\\\/#blogposting\",\"name\":\"Show de Esteban Morgado encerra apresenta\\u00e7\\u00f5es musicais no Festival de Inverno | Arquivo\",\"headline\":\"Show de Esteban Morgado encerra apresenta\\u00e7\\u00f5es musicais no Festival de Inverno\",\"author\":{\"@id\":\"https:\\\/\\\/www.jornalja.com.br\\\/arquivo\\\/author\\\/daredacao\\\/#author\"},\"publisher\":{\"@id\":\"https:\\\/\\\/www.jornalja.com.br\\\/arquivo\\\/#organization\"},\"image\":{\"@type\":\"ImageObject\",\"url\":52386},\"datePublished\":\"2017-07-29T21:21:05-03:00\",\"dateModified\":\"2017-07-29T21:21:05-03:00\",\"inLanguage\":\"pt-BR\",\"mainEntityOfPage\":{\"@id\":\"https:\\\/\\\/www.jornalja.com.br\\\/arquivo\\\/show-de-esteban-morgado-encerra-apresentacoes-musicais-no-festival-de-inverno\\\/#webpage\"},\"isPartOf\":{\"@id\":\"https:\\\/\\\/www.jornalja.com.br\\\/arquivo\\\/show-de-esteban-morgado-encerra-apresentacoes-musicais-no-festival-de-inverno\\\/#webpage\"},\"articleSection\":\"Cultura-Geral\"},{\"@type\":\"BreadcrumbList\",\"@id\":\"https:\\\/\\\/www.jornalja.com.br\\\/arquivo\\\/show-de-esteban-morgado-encerra-apresentacoes-musicais-no-festival-de-inverno\\\/#breadcrumblist\",\"itemListElement\":[{\"@type\":\"ListItem\",\"@id\":\"https:\\\/\\\/www.jornalja.com.br\\\/arquivo#listItem\",\"position\":1,\"name\":\"Home\",\"item\":\"https:\\\/\\\/www.jornalja.com.br\\\/arquivo\",\"nextItem\":{\"@type\":\"ListItem\",\"@id\":\"https:\\\/\\\/www.jornalja.com.br\\\/arquivo\\\/category\\\/materiasecundaria\\\/#listItem\",\"name\":\"Cultura-Geral\"}},{\"@type\":\"ListItem\",\"@id\":\"https:\\\/\\\/www.jornalja.com.br\\\/arquivo\\\/category\\\/materiasecundaria\\\/#listItem\",\"position\":2,\"name\":\"Cultura-Geral\",\"item\":\"https:\\\/\\\/www.jornalja.com.br\\\/arquivo\\\/category\\\/materiasecundaria\\\/\",\"nextItem\":{\"@type\":\"ListItem\",\"@id\":\"https:\\\/\\\/www.jornalja.com.br\\\/arquivo\\\/show-de-esteban-morgado-encerra-apresentacoes-musicais-no-festival-de-inverno\\\/#listItem\",\"name\":\"Show de Esteban Morgado encerra apresenta\\u00e7\\u00f5es musicais no Festival de Inverno\"},\"previousItem\":{\"@type\":\"ListItem\",\"@id\":\"https:\\\/\\\/www.jornalja.com.br\\\/arquivo#listItem\",\"name\":\"Home\"}},{\"@type\":\"ListItem\",\"@id\":\"https:\\\/\\\/www.jornalja.com.br\\\/arquivo\\\/show-de-esteban-morgado-encerra-apresentacoes-musicais-no-festival-de-inverno\\\/#listItem\",\"position\":3,\"name\":\"Show de Esteban Morgado encerra apresenta\\u00e7\\u00f5es musicais no Festival de Inverno\",\"previousItem\":{\"@type\":\"ListItem\",\"@id\":\"https:\\\/\\\/www.jornalja.com.br\\\/arquivo\\\/category\\\/materiasecundaria\\\/#listItem\",\"name\":\"Cultura-Geral\"}}]},{\"@type\":\"Organization\",\"@id\":\"https:\\\/\\\/www.jornalja.com.br\\\/arquivo\\\/#organization\",\"name\":\"Jornal J\\u00c1\",\"description\":\"Jornal J\\u00c1 | Porto Alegre\",\"url\":\"https:\\\/\\\/www.jornalja.com.br\\\/arquivo\\\/\",\"telephone\":\"+555133307272\",\"logo\":{\"@type\":\"ImageObject\",\"url\":\"https:\\\/\\\/www.jornalja.com.br\\\/wp-content\\\/uploads\\\/cards\\\/JAslogan.png\",\"@id\":\"https:\\\/\\\/www.jornalja.com.br\\\/arquivo\\\/show-de-esteban-morgado-encerra-apresentacoes-musicais-no-festival-de-inverno\\\/#organizationLogo\"},\"image\":{\"@id\":\"https:\\\/\\\/www.jornalja.com.br\\\/arquivo\\\/show-de-esteban-morgado-encerra-apresentacoes-musicais-no-festival-de-inverno\\\/#organizationLogo\"}},{\"@type\":\"Person\",\"@id\":\"https:\\\/\\\/www.jornalja.com.br\\\/arquivo\\\/author\\\/daredacao\\\/#author\",\"url\":\"https:\\\/\\\/www.jornalja.com.br\\\/arquivo\\\/author\\\/daredacao\\\/\",\"name\":\"da Reda\\u00e7\\u00e3o\",\"image\":{\"@type\":\"ImageObject\",\"@id\":\"https:\\\/\\\/www.jornalja.com.br\\\/arquivo\\\/show-de-esteban-morgado-encerra-apresentacoes-musicais-no-festival-de-inverno\\\/#authorImage\",\"url\":\"https:\\\/\\\/secure.gravatar.com\\\/avatar\\\/469fd857d6605ad19919d27ed29d35a968a25f6e8fd9318356bbb7f57aae9c65?s=96&d=mm&r=g\",\"width\":96,\"height\":96,\"caption\":\"da Reda\\u00e7\\u00e3o\"}},{\"@type\":\"WebPage\",\"@id\":\"https:\\\/\\\/www.jornalja.com.br\\\/arquivo\\\/show-de-esteban-morgado-encerra-apresentacoes-musicais-no-festival-de-inverno\\\/#webpage\",\"url\":\"https:\\\/\\\/www.jornalja.com.br\\\/arquivo\\\/show-de-esteban-morgado-encerra-apresentacoes-musicais-no-festival-de-inverno\\\/\",\"name\":\"Show de Esteban Morgado encerra apresenta\\u00e7\\u00f5es musicais no Festival de Inverno | Arquivo\",\"inLanguage\":\"pt-BR\",\"isPartOf\":{\"@id\":\"https:\\\/\\\/www.jornalja.com.br\\\/arquivo\\\/#website\"},\"breadcrumb\":{\"@id\":\"https:\\\/\\\/www.jornalja.com.br\\\/arquivo\\\/show-de-esteban-morgado-encerra-apresentacoes-musicais-no-festival-de-inverno\\\/#breadcrumblist\"},\"author\":{\"@id\":\"https:\\\/\\\/www.jornalja.com.br\\\/arquivo\\\/author\\\/daredacao\\\/#author\"},\"creator\":{\"@id\":\"https:\\\/\\\/www.jornalja.com.br\\\/arquivo\\\/author\\\/daredacao\\\/#author\"},\"image\":{\"@type\":\"ImageObject\",\"url\":52386,\"@id\":\"https:\\\/\\\/www.jornalja.com.br\\\/arquivo\\\/show-de-esteban-morgado-encerra-apresentacoes-musicais-no-festival-de-inverno\\\/#mainImage\"},\"primaryImageOfPage\":{\"@id\":\"https:\\\/\\\/www.jornalja.com.br\\\/arquivo\\\/show-de-esteban-morgado-encerra-apresentacoes-musicais-no-festival-de-inverno\\\/#mainImage\"},\"datePublished\":\"2017-07-29T21:21:05-03:00\",\"dateModified\":\"2017-07-29T21:21:05-03:00\"},{\"@type\":\"WebSite\",\"@id\":\"https:\\\/\\\/www.jornalja.com.br\\\/arquivo\\\/#website\",\"url\":\"https:\\\/\\\/www.jornalja.com.br\\\/arquivo\\\/\",\"name\":\"Arquivo\",\"description\":\"Jornal J\\u00c1 | Porto Alegre\",\"inLanguage\":\"pt-BR\",\"publisher\":{\"@id\":\"https:\\\/\\\/www.jornalja.com.br\\\/arquivo\\\/#organization\"}}]}\n\t\t<\/script>\n\t\t<!-- All in One SEO -->\n\n","aioseo_head_json":{"title":"Show de Esteban Morgado encerra apresenta\u00e7\u00f5es musicais no Festival de Inverno | Arquivo","description":"","canonical_url":"https:\/\/www.jornalja.com.br\/arquivo\/show-de-esteban-morgado-encerra-apresentacoes-musicais-no-festival-de-inverno\/","robots":"max-image-preview:large","keywords":"","webmasterTools":{"miscellaneous":""},"schema":{"@context":"https:\/\/schema.org","@graph":[{"@type":"BlogPosting","@id":"https:\/\/www.jornalja.com.br\/arquivo\/show-de-esteban-morgado-encerra-apresentacoes-musicais-no-festival-de-inverno\/#blogposting","name":"Show de Esteban Morgado encerra apresenta\u00e7\u00f5es musicais no Festival de Inverno | Arquivo","headline":"Show de Esteban Morgado encerra apresenta\u00e7\u00f5es musicais no Festival de Inverno","author":{"@id":"https:\/\/www.jornalja.com.br\/arquivo\/author\/daredacao\/#author"},"publisher":{"@id":"https:\/\/www.jornalja.com.br\/arquivo\/#organization"},"image":{"@type":"ImageObject","url":52386},"datePublished":"2017-07-29T21:21:05-03:00","dateModified":"2017-07-29T21:21:05-03:00","inLanguage":"pt-BR","mainEntityOfPage":{"@id":"https:\/\/www.jornalja.com.br\/arquivo\/show-de-esteban-morgado-encerra-apresentacoes-musicais-no-festival-de-inverno\/#webpage"},"isPartOf":{"@id":"https:\/\/www.jornalja.com.br\/arquivo\/show-de-esteban-morgado-encerra-apresentacoes-musicais-no-festival-de-inverno\/#webpage"},"articleSection":"Cultura-Geral"},{"@type":"BreadcrumbList","@id":"https:\/\/www.jornalja.com.br\/arquivo\/show-de-esteban-morgado-encerra-apresentacoes-musicais-no-festival-de-inverno\/#breadcrumblist","itemListElement":[{"@type":"ListItem","@id":"https:\/\/www.jornalja.com.br\/arquivo#listItem","position":1,"name":"Home","item":"https:\/\/www.jornalja.com.br\/arquivo","nextItem":{"@type":"ListItem","@id":"https:\/\/www.jornalja.com.br\/arquivo\/category\/materiasecundaria\/#listItem","name":"Cultura-Geral"}},{"@type":"ListItem","@id":"https:\/\/www.jornalja.com.br\/arquivo\/category\/materiasecundaria\/#listItem","position":2,"name":"Cultura-Geral","item":"https:\/\/www.jornalja.com.br\/arquivo\/category\/materiasecundaria\/","nextItem":{"@type":"ListItem","@id":"https:\/\/www.jornalja.com.br\/arquivo\/show-de-esteban-morgado-encerra-apresentacoes-musicais-no-festival-de-inverno\/#listItem","name":"Show de Esteban Morgado encerra apresenta\u00e7\u00f5es musicais no Festival de Inverno"},"previousItem":{"@type":"ListItem","@id":"https:\/\/www.jornalja.com.br\/arquivo#listItem","name":"Home"}},{"@type":"ListItem","@id":"https:\/\/www.jornalja.com.br\/arquivo\/show-de-esteban-morgado-encerra-apresentacoes-musicais-no-festival-de-inverno\/#listItem","position":3,"name":"Show de Esteban Morgado encerra apresenta\u00e7\u00f5es musicais no Festival de Inverno","previousItem":{"@type":"ListItem","@id":"https:\/\/www.jornalja.com.br\/arquivo\/category\/materiasecundaria\/#listItem","name":"Cultura-Geral"}}]},{"@type":"Organization","@id":"https:\/\/www.jornalja.com.br\/arquivo\/#organization","name":"Jornal J\u00c1","description":"Jornal J\u00c1 | Porto Alegre","url":"https:\/\/www.jornalja.com.br\/arquivo\/","telephone":"+555133307272","logo":{"@type":"ImageObject","url":"https:\/\/www.jornalja.com.br\/wp-content\/uploads\/cards\/JAslogan.png","@id":"https:\/\/www.jornalja.com.br\/arquivo\/show-de-esteban-morgado-encerra-apresentacoes-musicais-no-festival-de-inverno\/#organizationLogo"},"image":{"@id":"https:\/\/www.jornalja.com.br\/arquivo\/show-de-esteban-morgado-encerra-apresentacoes-musicais-no-festival-de-inverno\/#organizationLogo"}},{"@type":"Person","@id":"https:\/\/www.jornalja.com.br\/arquivo\/author\/daredacao\/#author","url":"https:\/\/www.jornalja.com.br\/arquivo\/author\/daredacao\/","name":"da Reda\u00e7\u00e3o","image":{"@type":"ImageObject","@id":"https:\/\/www.jornalja.com.br\/arquivo\/show-de-esteban-morgado-encerra-apresentacoes-musicais-no-festival-de-inverno\/#authorImage","url":"https:\/\/secure.gravatar.com\/avatar\/469fd857d6605ad19919d27ed29d35a968a25f6e8fd9318356bbb7f57aae9c65?s=96&d=mm&r=g","width":96,"height":96,"caption":"da Reda\u00e7\u00e3o"}},{"@type":"WebPage","@id":"https:\/\/www.jornalja.com.br\/arquivo\/show-de-esteban-morgado-encerra-apresentacoes-musicais-no-festival-de-inverno\/#webpage","url":"https:\/\/www.jornalja.com.br\/arquivo\/show-de-esteban-morgado-encerra-apresentacoes-musicais-no-festival-de-inverno\/","name":"Show de Esteban Morgado encerra apresenta\u00e7\u00f5es musicais no Festival de Inverno | Arquivo","inLanguage":"pt-BR","isPartOf":{"@id":"https:\/\/www.jornalja.com.br\/arquivo\/#website"},"breadcrumb":{"@id":"https:\/\/www.jornalja.com.br\/arquivo\/show-de-esteban-morgado-encerra-apresentacoes-musicais-no-festival-de-inverno\/#breadcrumblist"},"author":{"@id":"https:\/\/www.jornalja.com.br\/arquivo\/author\/daredacao\/#author"},"creator":{"@id":"https:\/\/www.jornalja.com.br\/arquivo\/author\/daredacao\/#author"},"image":{"@type":"ImageObject","url":52386,"@id":"https:\/\/www.jornalja.com.br\/arquivo\/show-de-esteban-morgado-encerra-apresentacoes-musicais-no-festival-de-inverno\/#mainImage"},"primaryImageOfPage":{"@id":"https:\/\/www.jornalja.com.br\/arquivo\/show-de-esteban-morgado-encerra-apresentacoes-musicais-no-festival-de-inverno\/#mainImage"},"datePublished":"2017-07-29T21:21:05-03:00","dateModified":"2017-07-29T21:21:05-03:00"},{"@type":"WebSite","@id":"https:\/\/www.jornalja.com.br\/arquivo\/#website","url":"https:\/\/www.jornalja.com.br\/arquivo\/","name":"Arquivo","description":"Jornal J\u00c1 | Porto Alegre","inLanguage":"pt-BR","publisher":{"@id":"https:\/\/www.jornalja.com.br\/arquivo\/#organization"}}]},"og:locale":"pt_BR","og:site_name":"Arquivo | Jornal J\u00c1 | Porto Alegre","og:type":"article","og:title":"Show de Esteban Morgado encerra apresenta\u00e7\u00f5es musicais no Festival de Inverno | Arquivo","og:url":"https:\/\/www.jornalja.com.br\/arquivo\/show-de-esteban-morgado-encerra-apresentacoes-musicais-no-festival-de-inverno\/","og:image":"https:\/\/www.jornalja.com.br\/economics\/wp-content\/uploads\/sites\/11\/2026\/08\/ja-folhaderosto-facebook.jpg","og:image:secure_url":"https:\/\/www.jornalja.com.br\/economics\/wp-content\/uploads\/sites\/11\/2026\/08\/ja-folhaderosto-facebook.jpg","article:published_time":"2017-07-30T00:21:05+00:00","article:modified_time":"2017-07-30T00:21:05+00:00","twitter:card":"summary","twitter:title":"Show de Esteban Morgado encerra apresenta\u00e7\u00f5es musicais no Festival de Inverno | Arquivo","twitter:image":"https:\/\/www.jornalja.com.br\/economics\/wp-content\/uploads\/sites\/11\/2026\/08\/ja-folhaderosto-facebook.jpg"},"aioseo_meta_data":{"post_id":"52384","title":null,"description":null,"keywords":null,"keyphrases":null,"primary_term":null,"canonical_url":null,"og_title":null,"og_description":null,"og_object_type":"default","og_image_type":"default","og_image_url":null,"og_image_width":null,"og_image_height":null,"og_image_custom_url":null,"og_image_custom_fields":null,"og_video":null,"og_custom_url":null,"og_article_section":null,"og_article_tags":null,"twitter_use_og":false,"twitter_card":"default","twitter_image_type":"default","twitter_image_url":null,"twitter_image_custom_url":null,"twitter_image_custom_fields":null,"twitter_title":null,"twitter_description":null,"schema":{"blockGraphs":[],"customGraphs":[],"default":{"data":{"Article":[],"Course":[],"Dataset":[],"FAQPage":[],"Movie":[],"Person":[],"Product":[],"ProductReview":[],"Car":[],"Recipe":[],"Service":[],"SoftwareApplication":[],"WebPage":[]},"graphName":"","isEnabled":true},"graphs":[]},"schema_type":null,"schema_type_options":null,"pillar_content":false,"robots_default":true,"robots_noindex":false,"robots_noarchive":false,"robots_nosnippet":false,"robots_nofollow":false,"robots_noimageindex":false,"robots_noodp":false,"robots_notranslate":false,"robots_max_snippet":null,"robots_max_videopreview":null,"robots_max_imagepreview":"large","priority":null,"frequency":null,"location":null,"local_seo":null,"breadcrumb_settings":null,"limit_modified_date":false,"ai":null,"created":"2020-12-20 20:28:19","updated":"2025-07-19 23:52:46","seo_analyzer_scan_date":null,"focus_keyword":null,"additional_keywords":null,"truseo_locale":null},"jetpack_sharing_enabled":true,"jetpack-related-posts":[{"id":14241,"url":"https:\/\/www.jornalja.com.br\/arquivo\/o-guaiba-nas-imagens-poeticas-de-achutti\/","url_meta":{"origin":52384,"position":0},"title":"O Gua\u00edba nas imagens po\u00e9ticas de Achutti","author":"da Reda\u00e7\u00e3o","date":"18 de junho de 2014","format":false,"excerpt":"Em \u201cO Gua\u00edba por Achutti\u201d \u2013 obra financiada via Minist\u00e9rio da Cultura, produ\u00e7\u00e3o executiva de Pedro Longhi, e Fl\u00e1vio Wild como designer \u2013, o fot\u00f3grafo revela a beleza e as mazelas de um espa\u00e7o aqu\u00e1tico de \u00e1guas sempre renovadas, cheio de hist\u00f3rias e lendas como as das cidades que foram\u2026","rel":"","context":"Em &quot;Cultura-Geral&quot;","block_context":{"text":"Cultura-Geral","link":"https:\/\/www.jornalja.com.br\/arquivo\/category\/materiasecundaria\/"},"img":{"alt_text":"","src":"","width":0,"height":0},"classes":[]},{"id":13124,"url":"https:\/\/www.jornalja.com.br\/arquivo\/sangue-latino-no-iecine\/","url_meta":{"origin":52384,"position":1},"title":"Sangue latino no IECINE","author":"da Reda\u00e7\u00e3o","date":"18 de maio de 2014","format":false,"excerpt":"Francisco Ribeiro O Instituto Estadual de Cinema (IECINE) tem a frente, desde abril \u00faltimo, um novo diretor, o cineasta colombiano Juan Zapata, 36, que substitui Luiz Alberto Cassol. Radicado h\u00e1 dez anos em Porto Alegre, Zapata tem diante de si o desafio de conduzir at\u00e9 o final do ano um\u2026","rel":"","context":"Em &quot;Cultura-Geral&quot;","block_context":{"text":"Cultura-Geral","link":"https:\/\/www.jornalja.com.br\/arquivo\/category\/materiasecundaria\/"},"img":{"alt_text":"","src":"","width":0,"height":0},"classes":[]},{"id":1280,"url":"https:\/\/www.jornalja.com.br\/arquivo\/o-menino-que-se-tornou-brizola\/","url_meta":{"origin":52384,"position":2},"title":"O Menino que se Tornou Brizola","author":"da Reda\u00e7\u00e3o","date":"28 de julho de 2008","format":false,"excerpt":"Autor: Cleber Dioni A vida de Leonel Brizola, com \u00eanfase para os primeiros anos em Porto Alegre, at\u00e9 o ex\u00edlio no Uruguai e a volta, quinze anos depois. \u00a0\"...\u00c9ramos todos jovens e nos identific\u00e1vamos com aquela massa an\u00f4nima a percorrer as ruas de Porto Alegre, gritando 'Get\u00falio', 'Get\u00falio' e empunhando\u2026","rel":"","context":"Em &quot;Livros&quot;","block_context":{"text":"Livros","link":"https:\/\/www.jornalja.com.br\/arquivo\/category\/livros\/"},"img":{"alt_text":"","src":"https:\/\/i0.wp.com\/www.jornalja.com.br\/wp-content\/uploads\/2008\/07\/brizola.gif?resize=350%2C200&ssl=1","width":350,"height":200},"classes":[]},{"id":5440,"url":"https:\/\/www.jornalja.com.br\/arquivo\/casarao-da-venancio-destino-permanece-incerto\/","url_meta":{"origin":52384,"position":3},"title":"Estado ainda n\u00e3o sabe o que fazer com casar\u00e3o abandonado h\u00e1 20 anos","author":"Elmar Bones","date":"6 de julho de 2009","format":false,"excerpt":"O casar\u00e3o amarelo, numa esquina nobre de Porto Alegre (Ven\u00e2ncio Aires com Jo\u00e3o Pessoa), j\u00e1 abrigou uma escola. H\u00e1 duas d\u00e9cadas, pelo menos, est\u00e1 abandonado, porque seu propriet\u00e1rio, o governo do Estado do Rio Grande do Sul, n\u00e3o consegue achar um destino para ele. Planos n\u00e3o faltaram. O governador Ol\u00edvio\u2026","rel":"","context":"Em &quot;X.Categorias velhas&quot;","block_context":{"text":"X.Categorias velhas","link":"https:\/\/www.jornalja.com.br\/arquivo\/category\/x-categorias-velhas\/"},"img":{"alt_text":"geraldo1","src":"https:\/\/i0.wp.com\/www.jornalja.com.br\/wp-content\/uploads\/2009\/07\/geraldo1.jpg?resize=350%2C200&ssl=1","width":350,"height":200},"classes":[]},{"id":13240,"url":"https:\/\/www.jornalja.com.br\/arquivo\/plano-diretor-estamos-construindo-o-caos\/","url_meta":{"origin":52384,"position":4},"title":"Plano diretor: &quot;Estamos construindo o caos&quot;","author":"Patr\u00edcia Marini","date":"26 de maio de 2014","format":false,"excerpt":"Desabafo que arquiteta Eliana Castilhos, delegada da Regi\u00e3o de Planejamento 1, postou nas redes sociais \u00e9 um testemunho do ambiente que se criou no Conselho do Plano Diretor de Porto Alegre, onde a aprova\u00e7\u00e3o de grandes empreendimentos \u00e9 empurrada guela abaixo dos conselheiros. Ao CMDUA Como delegada da Regi\u00e3o de\u2026","rel":"","context":"Em &quot;Geral&quot;","block_context":{"text":"Geral","link":"https:\/\/www.jornalja.com.br\/arquivo\/category\/geral\/"},"img":{"alt_text":"","src":"","width":0,"height":0},"classes":[]},{"id":12960,"url":"https:\/\/www.jornalja.com.br\/arquivo\/populacao-culpa-empresas-pela-greve-dos-rodoviarios\/","url_meta":{"origin":52384,"position":5},"title":"Popula\u00e7\u00e3o culpa empresas pela greve","author":"Patr\u00edcia Marini","date":"14 de fevereiro de 2014","format":false,"excerpt":"Pesquisa divulgada na edi\u00e7\u00e3o do jornal Metro desta sexta-feira,14, comprova o velho ditado: \u00e9 poss\u00edvel enganar muitos por algum tempo, mas n\u00e3o \u00e9 poss\u00edvel enganar a todos o tempo inteiro. A principal revela\u00e7\u00e3o foi que 59,8% dos entrevistados apontaram as empresas como as principais respons\u00e1veis pela grave e 46% culparam\u2026","rel":"","context":"Em &quot;X.Categorias velhas&quot;","block_context":{"text":"X.Categorias velhas","link":"https:\/\/www.jornalja.com.br\/arquivo\/category\/x-categorias-velhas\/"},"img":{"alt_text":"","src":"","width":0,"height":0},"classes":[]}],"jetpack_shortlink":"https:\/\/wp.me\/pbQjBd-dCU","jetpack_featured_media_url":"","_links":{"self":[{"href":"https:\/\/www.jornalja.com.br\/arquivo\/wp-json\/wp\/v2\/posts\/52384","targetHints":{"allow":["GET"]}}],"collection":[{"href":"https:\/\/www.jornalja.com.br\/arquivo\/wp-json\/wp\/v2\/posts"}],"about":[{"href":"https:\/\/www.jornalja.com.br\/arquivo\/wp-json\/wp\/v2\/types\/post"}],"author":[{"embeddable":true,"href":"https:\/\/www.jornalja.com.br\/arquivo\/wp-json\/wp\/v2\/users\/4"}],"replies":[{"embeddable":true,"href":"https:\/\/www.jornalja.com.br\/arquivo\/wp-json\/wp\/v2\/comments?post=52384"}],"version-history":[{"count":0,"href":"https:\/\/www.jornalja.com.br\/arquivo\/wp-json\/wp\/v2\/posts\/52384\/revisions"}],"wp:attachment":[{"href":"https:\/\/www.jornalja.com.br\/arquivo\/wp-json\/wp\/v2\/media?parent=52384"}],"wp:term":[{"taxonomy":"category","embeddable":true,"href":"https:\/\/www.jornalja.com.br\/arquivo\/wp-json\/wp\/v2\/categories?post=52384"},{"taxonomy":"post_tag","embeddable":true,"href":"https:\/\/www.jornalja.com.br\/arquivo\/wp-json\/wp\/v2\/tags?post=52384"}],"curies":[{"name":"wp","href":"https:\/\/api.w.org\/{rel}","templated":true}]}}