{"id":52390,"date":"2017-07-29T23:09:04","date_gmt":"2017-07-30T02:09:04","guid":{"rendered":"https:\/\/www.jornalja.com.br\/?p=52390"},"modified":"2017-07-29T23:09:04","modified_gmt":"2017-07-30T02:09:04","slug":"congresso-custa-r-116-milhao-por-hora-diz-ong","status":"publish","type":"post","link":"https:\/\/www.jornalja.com.br\/arquivo\/congresso-custa-r-116-milhao-por-hora-diz-ong\/","title":{"rendered":"Congresso custa R$ 1,16 milh\u00e3o por hora, diz ONG"},"content":{"rendered":"<p>Formado pelo Senado Federal e a C\u00e2mara de Deputados, o Poder Legislativo federal custa R$ 1,16 milh\u00e3o por hora aos cidad\u00e3os brasileiros, em todos os 365 dias do ano. Essa \u00e9 uma conclus\u00e3o da organiza\u00e7\u00e3o n\u00e3o governamental (ONG) Contas Abertas, divulgada nesta semana. O custo inclui fins de semana, recessos parlamentares e as segundas e sextas-feiras, quando os parlamentares deixam a capital federal e retornam para suas bases eleitorais.<br \/>\nO valor tamb\u00e9m inclui o sal\u00e1rio do parlamentar. Cada deputado federal, por exemplo, recebe um sal\u00e1rio bruto de R$ 33,7 mil. Os 513 deputados federais custam, em m\u00e9dia, R$ 86 milh\u00f5es ao m\u00eas e um custo anual de R$ 1 bilh\u00e3o. Cada senador tamb\u00e9m tem um sal\u00e1rio bruto de R$ 33,7 mil.<br \/>\nSegundo o fundador e secret\u00e1rio-geral da ONG, Gil Castello Branco, o levantamento d\u00e1 ao cidad\u00e3o &#8220;a dimens\u00e3o exata de quanto custa nossa representa\u00e7\u00e3o&#8221;. &#8220;A democracia n\u00e3o tem pre\u00e7o, mas o nosso Congresso tem custos extremamente elevados. Ele tem uma p\u00e9ssima imagem junto \u00e0 popula\u00e7\u00e3o e pode, sim, reduzir seus custos. Cada parlamentar pode ter 25 assessores, um senador pode ter 50, 60, inclusive no seu pr\u00f3prio escrit\u00f3rio de representa\u00e7\u00e3o. H\u00e1 privil\u00e9gios e mordomias que podem ser contidos&#8221;, diz.<br \/>\nBranco refor\u00e7a que os abusos, verific\u00e1veis em todos os Poderes, t\u00eam o aval do presidente Michel Temer. &#8220;O dado do or\u00e7amento deles est\u00e1 na Lei Or\u00e7ament\u00e1ria Anual [LOA], sancionada pelo presidente da rep\u00fablica. Temos criticado os 60 dias de f\u00e9rias de membros do Judici\u00e1rio, aux\u00edlios a magistrados, os benef\u00edcios fiscais, que precisam ser revistos. Quando se tem um d\u00e9ficit de R$ 139 bilh\u00f5es e o or\u00e7amento da sa\u00fade \u00e9 de R$ 125 bilh\u00f5es, o natural \u00e9 que se tente reduzir essas despesas em todos os Poderes. Deveria partir dos pr\u00f3prios titulares dos Poderes a tentativa de reduzir [esses gastos]&#8221;.<br \/>\nNo c\u00e1lculo, foram inclu\u00eddos os recessos parlamentares e finais de semana. A ONG decidiu quantificar ainda os gastos gerados nas segundas e sextas-feiras, quando n\u00e3o h\u00e1 sess\u00f5es deliberativas ordin\u00e1rias. Nesses dias, por\u00e9m, o Senado e a C\u00e2mara continuam funcionando, porque podem ocorrer sess\u00f5es de debates, solenidades e reuni\u00f5es de suas comiss\u00f5es. Em seu <a href=\"http:\/\/www.contasabertas.com.br\/site\/\">site,\u00a0<\/a>a ONG destacou que, nesses per\u00edodos, &#8220;os parlamentares deixam a capital federal para fazer pol\u00edtica em suas bases eleitorais&#8221;.<br \/>\n<strong>Outro lado<\/strong><br \/>\nA\u00a0Ag\u00eancia Brasil\u00a0solicitou \u00e0s duas Casas do Congresso que comentassem o levantamento. A C\u00e2mara dos Deputados escreveu que &#8220;desconhece o m\u00e9todo utilizado&#8221; e que mensura\u00e7\u00f5es como o da entidade &#8220;levam a valores gen\u00e9ricos pouco elucidativos&#8221;, j\u00e1 que, entre os gastos, h\u00e1 valores relativos \u00e0 compra de bens dur\u00e1veis com longa vida \u00fatil, que poderiam ser juntados na classe de investimento. Esses bens, portanto, n\u00e3o poderiam ser interpretados como sinais de exorbit\u00e2ncia.<br \/>\n&#8220;Esclarecemos que configura equ\u00edvoco calcular as despesas da C\u00e2mara dos Deputados a cada hora com base na mera divis\u00e3o do valor total de seu or\u00e7amento pela quantidade de horas ao longo de um ano, na medida em que a previs\u00e3o descrita no Or\u00e7amento da Uni\u00e3o abrange despesas relacionadas tanto a custeio quanto a investimento. A partir do racioc\u00ednio utilizado, \u00e9 poss\u00edvel concluir, por exemplo, que o Poder Legislativo custa, por cidad\u00e3o brasileiro, cerca de meio centavo de real por hora ou R$ 48 por ano&#8221;, diz trecho da nota.<br \/>\nCastello Branco rebateu, dizendo que &#8220;n\u00e3o cabe nenhuma contesta\u00e7\u00e3o&#8221;. &#8220;S\u00f3 mudaram o denominador e querem contestar o crit\u00e9rio. E \u00e9 claro que tem que ser calculado o custeio. H\u00e1 custos com os funcion\u00e1rios, \u00e1gua, vigil\u00e2ncia, o cafezinho, o papel, os computadores, as obras, os autom\u00f3veis, a manuten\u00e7\u00e3o dos im\u00f3veis funcionais, est\u00e1 tudo somado. \u00c9 um c\u00e1lculo simples. \u00c9 o or\u00e7amento anual das casas dividido por 365&#8221;, disse.<br \/>\nEm resposta \u00e0 reportagem, o Senado se limitou a mencionar seu\u00a0<a href=\"http:\/\/www12.senado.leg.br\/transparencia\">Portal da Transpar\u00eancia<\/a>, que foi visitado mais de 743 mil vezes no ano passado. O n\u00famero de acessos subiu 55,1%, em rela\u00e7\u00e3o a 2015.<br \/>\n<em>Da Ag\u00eancia Brasil<\/em><\/p>\n","protected":false},"excerpt":{"rendered":"<p>Formado pelo Senado Federal e a C\u00e2mara de Deputados, o Poder Legislativo federal custa R$ 1,16 milh\u00e3o por hora aos cidad\u00e3os brasileiros, em todos os 365 dias do ano. Essa \u00e9 uma conclus\u00e3o da organiza\u00e7\u00e3o n\u00e3o governamental (ONG) Contas Abertas, divulgada nesta semana. O custo inclui fins de semana, recessos parlamentares e as segundas e [&hellip;]<\/p>\n","protected":false},"author":4,"featured_media":0,"comment_status":"open","ping_status":"closed","sticky":false,"template":"","format":"standard","meta":{"_jetpack_newsletter_access":"","_jetpack_dont_email_post_to_subs":false,"_jetpack_newsletter_tier_id":0,"_jetpack_memberships_contains_paywalled_content":false,"_jetpack_feature_clip_id":0,"_jetpack_memberships_contains_paid_content":false,"footnotes":"","jetpack_post_was_ever_published":false},"categories":[2022],"tags":[],"class_list":["post-52390","post","type-post","status-publish","format-standard","hentry","category-notas"],"aioseo_notices":[],"aioseo_head":"\n\t\t<!-- All in One SEO 5.0.1.1 - aioseo.com -->\n\t<meta name=\"robots\" content=\"max-image-preview:large\" \/>\n\t<meta name=\"author\" content=\"da Reda\u00e7\u00e3o\"\/>\n\t<link rel=\"canonical\" href=\"https:\/\/www.jornalja.com.br\/arquivo\/congresso-custa-r-116-milhao-por-hora-diz-ong\/\" \/>\n\t<meta name=\"generator\" content=\"All in One SEO (AIOSEO) 5.0.1.1\" \/>\n\t\t<meta property=\"og:locale\" content=\"pt_BR\" \/>\n\t\t<meta property=\"og:site_name\" content=\"Arquivo | Jornal J\u00c1 | Porto Alegre\" \/>\n\t\t<meta property=\"og:type\" content=\"article\" \/>\n\t\t<meta property=\"og:title\" content=\"Congresso custa R$ 1,16 milh\u00e3o por hora, diz ONG | Arquivo\" \/>\n\t\t<meta property=\"og:url\" content=\"https:\/\/www.jornalja.com.br\/arquivo\/congresso-custa-r-116-milhao-por-hora-diz-ong\/\" \/>\n\t\t<meta property=\"og:image\" content=\"https:\/\/www.jornalja.com.br\/economics\/wp-content\/uploads\/sites\/11\/2026\/08\/ja-folhaderosto-facebook.jpg\" \/>\n\t\t<meta property=\"og:image:secure_url\" content=\"https:\/\/www.jornalja.com.br\/economics\/wp-content\/uploads\/sites\/11\/2026\/08\/ja-folhaderosto-facebook.jpg\" \/>\n\t\t<meta property=\"article:published_time\" content=\"2017-07-30T02:09:04+00:00\" \/>\n\t\t<meta property=\"article:modified_time\" content=\"2017-07-30T02:09:04+00:00\" \/>\n\t\t<meta name=\"twitter:card\" content=\"summary\" \/>\n\t\t<meta name=\"twitter:title\" content=\"Congresso custa R$ 1,16 milh\u00e3o por hora, diz ONG | Arquivo\" \/>\n\t\t<meta name=\"twitter:image\" content=\"https:\/\/www.jornalja.com.br\/economics\/wp-content\/uploads\/sites\/11\/2026\/08\/ja-folhaderosto-facebook.jpg\" \/>\n\t\t<script type=\"application\/ld+json\" class=\"aioseo-schema\">\n\t\t\t{\"@context\":\"https:\\\/\\\/schema.org\",\"@graph\":[{\"@type\":\"BlogPosting\",\"@id\":\"https:\\\/\\\/www.jornalja.com.br\\\/arquivo\\\/congresso-custa-r-116-milhao-por-hora-diz-ong\\\/#blogposting\",\"name\":\"Congresso custa R$ 1,16 milh\\u00e3o por hora, diz ONG | Arquivo\",\"headline\":\"Congresso custa R$ 1,16 milh\\u00e3o por hora, diz ONG\",\"author\":{\"@id\":\"https:\\\/\\\/www.jornalja.com.br\\\/arquivo\\\/author\\\/daredacao\\\/#author\"},\"publisher\":{\"@id\":\"https:\\\/\\\/www.jornalja.com.br\\\/arquivo\\\/#organization\"},\"image\":{\"@type\":\"ImageObject\",\"url\":\"https:\\\/\\\/www.jornalja.com.br\\\/wp-content\\\/uploads\\\/cards\\\/JAslogan.png\",\"@id\":\"https:\\\/\\\/www.jornalja.com.br\\\/arquivo\\\/#articleImage\"},\"datePublished\":\"2017-07-29T23:09:04-03:00\",\"dateModified\":\"2017-07-29T23:09:04-03:00\",\"inLanguage\":\"pt-BR\",\"mainEntityOfPage\":{\"@id\":\"https:\\\/\\\/www.jornalja.com.br\\\/arquivo\\\/congresso-custa-r-116-milhao-por-hora-diz-ong\\\/#webpage\"},\"isPartOf\":{\"@id\":\"https:\\\/\\\/www.jornalja.com.br\\\/arquivo\\\/congresso-custa-r-116-milhao-por-hora-diz-ong\\\/#webpage\"},\"articleSection\":\"NOTAS\"},{\"@type\":\"BreadcrumbList\",\"@id\":\"https:\\\/\\\/www.jornalja.com.br\\\/arquivo\\\/congresso-custa-r-116-milhao-por-hora-diz-ong\\\/#breadcrumblist\",\"itemListElement\":[{\"@type\":\"ListItem\",\"@id\":\"https:\\\/\\\/www.jornalja.com.br\\\/arquivo#listItem\",\"position\":1,\"name\":\"Home\",\"item\":\"https:\\\/\\\/www.jornalja.com.br\\\/arquivo\",\"nextItem\":{\"@type\":\"ListItem\",\"@id\":\"https:\\\/\\\/www.jornalja.com.br\\\/arquivo\\\/category\\\/notas\\\/#listItem\",\"name\":\"NOTAS\"}},{\"@type\":\"ListItem\",\"@id\":\"https:\\\/\\\/www.jornalja.com.br\\\/arquivo\\\/category\\\/notas\\\/#listItem\",\"position\":2,\"name\":\"NOTAS\",\"item\":\"https:\\\/\\\/www.jornalja.com.br\\\/arquivo\\\/category\\\/notas\\\/\",\"nextItem\":{\"@type\":\"ListItem\",\"@id\":\"https:\\\/\\\/www.jornalja.com.br\\\/arquivo\\\/congresso-custa-r-116-milhao-por-hora-diz-ong\\\/#listItem\",\"name\":\"Congresso custa R$ 1,16 milh\\u00e3o por hora, diz ONG\"},\"previousItem\":{\"@type\":\"ListItem\",\"@id\":\"https:\\\/\\\/www.jornalja.com.br\\\/arquivo#listItem\",\"name\":\"Home\"}},{\"@type\":\"ListItem\",\"@id\":\"https:\\\/\\\/www.jornalja.com.br\\\/arquivo\\\/congresso-custa-r-116-milhao-por-hora-diz-ong\\\/#listItem\",\"position\":3,\"name\":\"Congresso custa R$ 1,16 milh\\u00e3o por hora, diz ONG\",\"previousItem\":{\"@type\":\"ListItem\",\"@id\":\"https:\\\/\\\/www.jornalja.com.br\\\/arquivo\\\/category\\\/notas\\\/#listItem\",\"name\":\"NOTAS\"}}]},{\"@type\":\"Organization\",\"@id\":\"https:\\\/\\\/www.jornalja.com.br\\\/arquivo\\\/#organization\",\"name\":\"Jornal J\\u00c1\",\"description\":\"Jornal J\\u00c1 | Porto Alegre\",\"url\":\"https:\\\/\\\/www.jornalja.com.br\\\/arquivo\\\/\",\"telephone\":\"+555133307272\",\"logo\":{\"@type\":\"ImageObject\",\"url\":\"https:\\\/\\\/www.jornalja.com.br\\\/wp-content\\\/uploads\\\/cards\\\/JAslogan.png\",\"@id\":\"https:\\\/\\\/www.jornalja.com.br\\\/arquivo\\\/congresso-custa-r-116-milhao-por-hora-diz-ong\\\/#organizationLogo\"},\"image\":{\"@id\":\"https:\\\/\\\/www.jornalja.com.br\\\/arquivo\\\/congresso-custa-r-116-milhao-por-hora-diz-ong\\\/#organizationLogo\"}},{\"@type\":\"Person\",\"@id\":\"https:\\\/\\\/www.jornalja.com.br\\\/arquivo\\\/author\\\/daredacao\\\/#author\",\"url\":\"https:\\\/\\\/www.jornalja.com.br\\\/arquivo\\\/author\\\/daredacao\\\/\",\"name\":\"da Reda\\u00e7\\u00e3o\",\"image\":{\"@type\":\"ImageObject\",\"@id\":\"https:\\\/\\\/www.jornalja.com.br\\\/arquivo\\\/congresso-custa-r-116-milhao-por-hora-diz-ong\\\/#authorImage\",\"url\":\"https:\\\/\\\/secure.gravatar.com\\\/avatar\\\/469fd857d6605ad19919d27ed29d35a968a25f6e8fd9318356bbb7f57aae9c65?s=96&d=mm&r=g\",\"width\":96,\"height\":96,\"caption\":\"da Reda\\u00e7\\u00e3o\"}},{\"@type\":\"WebPage\",\"@id\":\"https:\\\/\\\/www.jornalja.com.br\\\/arquivo\\\/congresso-custa-r-116-milhao-por-hora-diz-ong\\\/#webpage\",\"url\":\"https:\\\/\\\/www.jornalja.com.br\\\/arquivo\\\/congresso-custa-r-116-milhao-por-hora-diz-ong\\\/\",\"name\":\"Congresso custa R$ 1,16 milh\\u00e3o por hora, diz ONG | Arquivo\",\"inLanguage\":\"pt-BR\",\"isPartOf\":{\"@id\":\"https:\\\/\\\/www.jornalja.com.br\\\/arquivo\\\/#website\"},\"breadcrumb\":{\"@id\":\"https:\\\/\\\/www.jornalja.com.br\\\/arquivo\\\/congresso-custa-r-116-milhao-por-hora-diz-ong\\\/#breadcrumblist\"},\"author\":{\"@id\":\"https:\\\/\\\/www.jornalja.com.br\\\/arquivo\\\/author\\\/daredacao\\\/#author\"},\"creator\":{\"@id\":\"https:\\\/\\\/www.jornalja.com.br\\\/arquivo\\\/author\\\/daredacao\\\/#author\"},\"datePublished\":\"2017-07-29T23:09:04-03:00\",\"dateModified\":\"2017-07-29T23:09:04-03:00\"},{\"@type\":\"WebSite\",\"@id\":\"https:\\\/\\\/www.jornalja.com.br\\\/arquivo\\\/#website\",\"url\":\"https:\\\/\\\/www.jornalja.com.br\\\/arquivo\\\/\",\"name\":\"Arquivo\",\"description\":\"Jornal J\\u00c1 | Porto Alegre\",\"inLanguage\":\"pt-BR\",\"publisher\":{\"@id\":\"https:\\\/\\\/www.jornalja.com.br\\\/arquivo\\\/#organization\"}}]}\n\t\t<\/script>\n\t\t<!-- All in One SEO -->\n\n","aioseo_head_json":{"title":"Congresso custa R$ 1,16 milh\u00e3o por hora, diz ONG | Arquivo","description":"","canonical_url":"https:\/\/www.jornalja.com.br\/arquivo\/congresso-custa-r-116-milhao-por-hora-diz-ong\/","robots":"max-image-preview:large","keywords":"","webmasterTools":{"miscellaneous":""},"schema":{"@context":"https:\/\/schema.org","@graph":[{"@type":"BlogPosting","@id":"https:\/\/www.jornalja.com.br\/arquivo\/congresso-custa-r-116-milhao-por-hora-diz-ong\/#blogposting","name":"Congresso custa R$ 1,16 milh\u00e3o por hora, diz ONG | Arquivo","headline":"Congresso custa R$ 1,16 milh\u00e3o por hora, diz ONG","author":{"@id":"https:\/\/www.jornalja.com.br\/arquivo\/author\/daredacao\/#author"},"publisher":{"@id":"https:\/\/www.jornalja.com.br\/arquivo\/#organization"},"image":{"@type":"ImageObject","url":"https:\/\/www.jornalja.com.br\/wp-content\/uploads\/cards\/JAslogan.png","@id":"https:\/\/www.jornalja.com.br\/arquivo\/#articleImage"},"datePublished":"2017-07-29T23:09:04-03:00","dateModified":"2017-07-29T23:09:04-03:00","inLanguage":"pt-BR","mainEntityOfPage":{"@id":"https:\/\/www.jornalja.com.br\/arquivo\/congresso-custa-r-116-milhao-por-hora-diz-ong\/#webpage"},"isPartOf":{"@id":"https:\/\/www.jornalja.com.br\/arquivo\/congresso-custa-r-116-milhao-por-hora-diz-ong\/#webpage"},"articleSection":"NOTAS"},{"@type":"BreadcrumbList","@id":"https:\/\/www.jornalja.com.br\/arquivo\/congresso-custa-r-116-milhao-por-hora-diz-ong\/#breadcrumblist","itemListElement":[{"@type":"ListItem","@id":"https:\/\/www.jornalja.com.br\/arquivo#listItem","position":1,"name":"Home","item":"https:\/\/www.jornalja.com.br\/arquivo","nextItem":{"@type":"ListItem","@id":"https:\/\/www.jornalja.com.br\/arquivo\/category\/notas\/#listItem","name":"NOTAS"}},{"@type":"ListItem","@id":"https:\/\/www.jornalja.com.br\/arquivo\/category\/notas\/#listItem","position":2,"name":"NOTAS","item":"https:\/\/www.jornalja.com.br\/arquivo\/category\/notas\/","nextItem":{"@type":"ListItem","@id":"https:\/\/www.jornalja.com.br\/arquivo\/congresso-custa-r-116-milhao-por-hora-diz-ong\/#listItem","name":"Congresso custa R$ 1,16 milh\u00e3o por hora, diz ONG"},"previousItem":{"@type":"ListItem","@id":"https:\/\/www.jornalja.com.br\/arquivo#listItem","name":"Home"}},{"@type":"ListItem","@id":"https:\/\/www.jornalja.com.br\/arquivo\/congresso-custa-r-116-milhao-por-hora-diz-ong\/#listItem","position":3,"name":"Congresso custa R$ 1,16 milh\u00e3o por hora, diz ONG","previousItem":{"@type":"ListItem","@id":"https:\/\/www.jornalja.com.br\/arquivo\/category\/notas\/#listItem","name":"NOTAS"}}]},{"@type":"Organization","@id":"https:\/\/www.jornalja.com.br\/arquivo\/#organization","name":"Jornal J\u00c1","description":"Jornal J\u00c1 | Porto Alegre","url":"https:\/\/www.jornalja.com.br\/arquivo\/","telephone":"+555133307272","logo":{"@type":"ImageObject","url":"https:\/\/www.jornalja.com.br\/wp-content\/uploads\/cards\/JAslogan.png","@id":"https:\/\/www.jornalja.com.br\/arquivo\/congresso-custa-r-116-milhao-por-hora-diz-ong\/#organizationLogo"},"image":{"@id":"https:\/\/www.jornalja.com.br\/arquivo\/congresso-custa-r-116-milhao-por-hora-diz-ong\/#organizationLogo"}},{"@type":"Person","@id":"https:\/\/www.jornalja.com.br\/arquivo\/author\/daredacao\/#author","url":"https:\/\/www.jornalja.com.br\/arquivo\/author\/daredacao\/","name":"da Reda\u00e7\u00e3o","image":{"@type":"ImageObject","@id":"https:\/\/www.jornalja.com.br\/arquivo\/congresso-custa-r-116-milhao-por-hora-diz-ong\/#authorImage","url":"https:\/\/secure.gravatar.com\/avatar\/469fd857d6605ad19919d27ed29d35a968a25f6e8fd9318356bbb7f57aae9c65?s=96&d=mm&r=g","width":96,"height":96,"caption":"da Reda\u00e7\u00e3o"}},{"@type":"WebPage","@id":"https:\/\/www.jornalja.com.br\/arquivo\/congresso-custa-r-116-milhao-por-hora-diz-ong\/#webpage","url":"https:\/\/www.jornalja.com.br\/arquivo\/congresso-custa-r-116-milhao-por-hora-diz-ong\/","name":"Congresso custa R$ 1,16 milh\u00e3o por hora, diz ONG | Arquivo","inLanguage":"pt-BR","isPartOf":{"@id":"https:\/\/www.jornalja.com.br\/arquivo\/#website"},"breadcrumb":{"@id":"https:\/\/www.jornalja.com.br\/arquivo\/congresso-custa-r-116-milhao-por-hora-diz-ong\/#breadcrumblist"},"author":{"@id":"https:\/\/www.jornalja.com.br\/arquivo\/author\/daredacao\/#author"},"creator":{"@id":"https:\/\/www.jornalja.com.br\/arquivo\/author\/daredacao\/#author"},"datePublished":"2017-07-29T23:09:04-03:00","dateModified":"2017-07-29T23:09:04-03:00"},{"@type":"WebSite","@id":"https:\/\/www.jornalja.com.br\/arquivo\/#website","url":"https:\/\/www.jornalja.com.br\/arquivo\/","name":"Arquivo","description":"Jornal J\u00c1 | Porto Alegre","inLanguage":"pt-BR","publisher":{"@id":"https:\/\/www.jornalja.com.br\/arquivo\/#organization"}}]},"og:locale":"pt_BR","og:site_name":"Arquivo | Jornal J\u00c1 | Porto Alegre","og:type":"article","og:title":"Congresso custa R$ 1,16 milh\u00e3o por hora, diz ONG | Arquivo","og:url":"https:\/\/www.jornalja.com.br\/arquivo\/congresso-custa-r-116-milhao-por-hora-diz-ong\/","og:image":"https:\/\/www.jornalja.com.br\/economics\/wp-content\/uploads\/sites\/11\/2026\/08\/ja-folhaderosto-facebook.jpg","og:image:secure_url":"https:\/\/www.jornalja.com.br\/economics\/wp-content\/uploads\/sites\/11\/2026\/08\/ja-folhaderosto-facebook.jpg","article:published_time":"2017-07-30T02:09:04+00:00","article:modified_time":"2017-07-30T02:09:04+00:00","twitter:card":"summary","twitter:title":"Congresso custa R$ 1,16 milh\u00e3o por hora, diz ONG | Arquivo","twitter:image":"https:\/\/www.jornalja.com.br\/economics\/wp-content\/uploads\/sites\/11\/2026\/08\/ja-folhaderosto-facebook.jpg"},"aioseo_meta_data":{"post_id":"52390","title":null,"description":null,"keywords":null,"keyphrases":null,"primary_term":null,"canonical_url":null,"og_title":null,"og_description":null,"og_object_type":"default","og_image_type":"default","og_image_url":null,"og_image_width":null,"og_image_height":null,"og_image_custom_url":null,"og_image_custom_fields":null,"og_video":null,"og_custom_url":null,"og_article_section":null,"og_article_tags":null,"twitter_use_og":false,"twitter_card":"default","twitter_image_type":"default","twitter_image_url":null,"twitter_image_custom_url":null,"twitter_image_custom_fields":null,"twitter_title":null,"twitter_description":null,"schema":{"blockGraphs":[],"customGraphs":[],"default":{"data":{"Article":[],"Course":[],"Dataset":[],"FAQPage":[],"Movie":[],"Person":[],"Product":[],"ProductReview":[],"Car":[],"Recipe":[],"Service":[],"SoftwareApplication":[],"WebPage":[]},"graphName":"","isEnabled":true},"graphs":[],"defaultGraph":"","defaultPostTypeGraph":""},"schema_type":null,"schema_type_options":null,"pillar_content":false,"robots_default":true,"robots_noindex":false,"robots_noarchive":false,"robots_nosnippet":false,"robots_nofollow":false,"robots_noimageindex":false,"robots_noodp":false,"robots_notranslate":false,"robots_max_snippet":null,"robots_max_videopreview":null,"robots_max_imagepreview":"large","priority":null,"frequency":null,"location":null,"local_seo":null,"breadcrumb_settings":null,"limit_modified_date":false,"ai":null,"created":"2020-12-20 20:28:19","updated":"2025-07-19 23:52:46","seo_analyzer_scan_date":null,"focus_keyword":null,"additional_keywords":null,"truseo_locale":null},"jetpack_sharing_enabled":true,"jetpack-related-posts":[{"id":13240,"url":"https:\/\/www.jornalja.com.br\/arquivo\/plano-diretor-estamos-construindo-o-caos\/","url_meta":{"origin":52390,"position":0},"title":"Plano diretor: &quot;Estamos construindo o caos&quot;","author":"Patr\u00edcia Marini","date":"26 de maio de 2014","format":false,"excerpt":"Desabafo que arquiteta Eliana Castilhos, delegada da Regi\u00e3o de Planejamento 1, postou nas redes sociais \u00e9 um testemunho do ambiente que se criou no Conselho do Plano Diretor de Porto Alegre, onde a aprova\u00e7\u00e3o de grandes empreendimentos \u00e9 empurrada guela abaixo dos conselheiros. Ao CMDUA Como delegada da Regi\u00e3o de\u2026","rel":"","context":"Em &quot;Geral&quot;","block_context":{"text":"Geral","link":"https:\/\/www.jornalja.com.br\/arquivo\/category\/geral\/"},"img":{"alt_text":"","src":"","width":0,"height":0},"classes":[]},{"id":13128,"url":"https:\/\/www.jornalja.com.br\/arquivo\/maconha-terra-diz-que-uso-medicinal-e-desculpa\/","url_meta":{"origin":52390,"position":1},"title":"Maconha: Terra diz que uso medicinal \u00e9 desculpa","author":"Patr\u00edcia Marini","date":"4 de junho de 2014","format":false,"excerpt":"A condi\u00e7\u00e3o de pol\u00edtico, em \u00e9poca de campanha de campanha eleitoral, tira for\u00e7a do discurso do m\u00e9dico Osmar Terra contra a legaliza\u00e7\u00e3o da maconha. A tese dele de que a libera\u00e7\u00e3o vai ampliar exponencialmente o consumo \u00e9 discutivel, o consumo \u00e9 corrente. Mas seus alertas quanto aos riscos tem que\u2026","rel":"","context":"Em &quot;X.Categorias velhas&quot;","block_context":{"text":"X.Categorias velhas","link":"https:\/\/www.jornalja.com.br\/arquivo\/category\/x-categorias-velhas\/"},"img":{"alt_text":"","src":"","width":0,"height":0},"classes":[]},{"id":13124,"url":"https:\/\/www.jornalja.com.br\/arquivo\/sangue-latino-no-iecine\/","url_meta":{"origin":52390,"position":2},"title":"Sangue latino no IECINE","author":"da Reda\u00e7\u00e3o","date":"18 de maio de 2014","format":false,"excerpt":"Francisco Ribeiro O Instituto Estadual de Cinema (IECINE) tem a frente, desde abril \u00faltimo, um novo diretor, o cineasta colombiano Juan Zapata, 36, que substitui Luiz Alberto Cassol. Radicado h\u00e1 dez anos em Porto Alegre, Zapata tem diante de si o desafio de conduzir at\u00e9 o final do ano um\u2026","rel":"","context":"Em &quot;Cultura-Geral&quot;","block_context":{"text":"Cultura-Geral","link":"https:\/\/www.jornalja.com.br\/arquivo\/category\/materiasecundaria\/"},"img":{"alt_text":"","src":"","width":0,"height":0},"classes":[]},{"id":13101,"url":"https:\/\/www.jornalja.com.br\/arquivo\/morre-um-guerreiro-do-texto\/","url_meta":{"origin":52390,"position":3},"title":"Morre um guerreiro do texto","author":"Patr\u00edcia Marini","date":"14 de maio de 2014","format":false,"excerpt":"Por Ricardo Kotscho Reproduzido do blog do autor, 11\/5\/2014; t\u00edtulo original \u201cE l\u00e1 se foi o nosso Myltainho, guerreiro do texto\u201d. Mi\u00fado e franzino, meu amigo Myltainho era um valente e inconformado guerreiro na luta contra as injusti\u00e7as sociais, a hipocrisia, as maracutaias, o autoritarismo, a intoler\u00e2ncia, a viol\u00eancia, o\u2026","rel":"","context":"Em &quot;Geral&quot;","block_context":{"text":"Geral","link":"https:\/\/www.jornalja.com.br\/arquivo\/category\/geral\/"},"img":{"alt_text":"","src":"","width":0,"height":0},"classes":[]},{"id":13109,"url":"https:\/\/www.jornalja.com.br\/arquivo\/judiciario-reconhece-poluicao-eletromagnetica\/","url_meta":{"origin":52390,"position":4},"title":"Judici\u00e1rio reconhece polui\u00e7\u00e3o eletromagn\u00e9tica","author":"Patr\u00edcia Marini","date":"16 de maio de 2014","format":false,"excerpt":"A\u00e7\u00e3o de duas associa\u00e7\u00f5es de moradores foi acolhida pelo Tribunal de Justi\u00e7a de S\u00e3o Paulo que. em decis\u00e3o in\u00e9dita, determinou a redu\u00e7\u00e3o do campo eletromagn\u00e9tico gerado pelas linhas de transmiss\u00e3o de energia que cortam os bairros City Boa\u00e7ava e Alto de Pinheiros. \u00c9 a primeira vez que um tribunal do\u2026","rel":"","context":"Em &quot;X.Categorias velhas&quot;","block_context":{"text":"X.Categorias velhas","link":"https:\/\/www.jornalja.com.br\/arquivo\/category\/x-categorias-velhas\/"},"img":{"alt_text":"","src":"","width":0,"height":0},"classes":[]},{"id":5440,"url":"https:\/\/www.jornalja.com.br\/arquivo\/casarao-da-venancio-destino-permanece-incerto\/","url_meta":{"origin":52390,"position":5},"title":"Estado ainda n\u00e3o sabe o que fazer com casar\u00e3o abandonado h\u00e1 20 anos","author":"Elmar Bones","date":"6 de julho de 2009","format":false,"excerpt":"O casar\u00e3o amarelo, numa esquina nobre de Porto Alegre (Ven\u00e2ncio Aires com Jo\u00e3o Pessoa), j\u00e1 abrigou uma escola. H\u00e1 duas d\u00e9cadas, pelo menos, est\u00e1 abandonado, porque seu propriet\u00e1rio, o governo do Estado do Rio Grande do Sul, n\u00e3o consegue achar um destino para ele. Planos n\u00e3o faltaram. O governador Ol\u00edvio\u2026","rel":"","context":"Em &quot;X.Categorias velhas&quot;","block_context":{"text":"X.Categorias velhas","link":"https:\/\/www.jornalja.com.br\/arquivo\/category\/x-categorias-velhas\/"},"img":{"alt_text":"geraldo1","src":"https:\/\/i0.wp.com\/www.jornalja.com.br\/wp-content\/uploads\/2009\/07\/geraldo1.jpg?resize=350%2C200&ssl=1","width":350,"height":200},"classes":[]}],"jetpack_shortlink":"https:\/\/wp.me\/pbQjBd-dD0","jetpack_featured_media_url":"","_links":{"self":[{"href":"https:\/\/www.jornalja.com.br\/arquivo\/wp-json\/wp\/v2\/posts\/52390","targetHints":{"allow":["GET"]}}],"collection":[{"href":"https:\/\/www.jornalja.com.br\/arquivo\/wp-json\/wp\/v2\/posts"}],"about":[{"href":"https:\/\/www.jornalja.com.br\/arquivo\/wp-json\/wp\/v2\/types\/post"}],"author":[{"embeddable":true,"href":"https:\/\/www.jornalja.com.br\/arquivo\/wp-json\/wp\/v2\/users\/4"}],"replies":[{"embeddable":true,"href":"https:\/\/www.jornalja.com.br\/arquivo\/wp-json\/wp\/v2\/comments?post=52390"}],"version-history":[{"count":0,"href":"https:\/\/www.jornalja.com.br\/arquivo\/wp-json\/wp\/v2\/posts\/52390\/revisions"}],"wp:attachment":[{"href":"https:\/\/www.jornalja.com.br\/arquivo\/wp-json\/wp\/v2\/media?parent=52390"}],"wp:term":[{"taxonomy":"category","embeddable":true,"href":"https:\/\/www.jornalja.com.br\/arquivo\/wp-json\/wp\/v2\/categories?post=52390"},{"taxonomy":"post_tag","embeddable":true,"href":"https:\/\/www.jornalja.com.br\/arquivo\/wp-json\/wp\/v2\/tags?post=52390"}],"curies":[{"name":"wp","href":"https:\/\/api.w.org\/{rel}","templated":true}]}}