{"id":52401,"date":"2017-07-30T20:36:45","date_gmt":"2017-07-30T23:36:45","guid":{"rendered":"https:\/\/www.jornalja.com.br\/?p=52401"},"modified":"2017-07-30T20:36:45","modified_gmt":"2017-07-30T23:36:45","slug":"prefeitura-propoe-alterar-da-lei-organica-para-concessao-do-saneamento","status":"publish","type":"post","link":"https:\/\/www.jornalja.com.br\/arquivo\/prefeitura-propoe-alterar-da-lei-organica-para-concessao-do-saneamento\/","title":{"rendered":"Prefeitura prop\u00f5e alterar Lei Org\u00e2nica para concess\u00e3o do saneamento"},"content":{"rendered":"<p>O prefeito Nelson Marchezan J\u00fanior encaminhou \u00e0 C\u00e2mara Municipal um projeto que altera a Lei Org\u00e2nica do Munic\u00edpio, abrindo a possibilidade de concess\u00e3o do saneamento b\u00e1sico de Porto Alegre \u00e0 iniciativa privada. O projeto de emenda 10\/2017 chegou \u00e0 casa legislativa na \u00faltima sexta-feira.<br \/>\nA proposta altera o segundo par\u00e1grafo do artigo 225 da Lei Org\u00e2nica, que trata do saneamento.<br \/>\nA lei determina que o servi\u00e7o \u201cser\u00e1 organizado, prestado, explorado e fiscalizado diretamente pelo Munic\u00edpio\u201d e impede a outorga \u201cmediante concess\u00e3o, permiss\u00e3o ou autoriza\u00e7\u00e3o, exceto \u00e0 entidade p\u00fablica municipal existente ou que venha a ser criada para tal fim.\u201d<br \/>\nO projeto retira da lei o trecho que veda a concess\u00e3o do servi\u00e7o e a obrigatoriedade de fiscaliza\u00e7\u00e3o direta do Munic\u00edpio.<br \/>\nSe aprovado, o novo texto fica assim: \u201cO servi\u00e7o p\u00fablico de que trata o caput deste artigo ser\u00e1 organizado, prestado e explorado pela Administra\u00e7\u00e3o P\u00fablica, podendo ser outorgado \u00e0 entidade da Administra\u00e7\u00e3o P\u00fablica Indireta, dotada de autonomia para o exerc\u00edcio de sua sua administra\u00e7\u00e3o e gest\u00e3o dos seus neg\u00f3cios. Bem como ser delegado ou contratualizado, nos termos da Constitui\u00e7\u00e3o Federal\u201d.<br \/>\nNa justificativa, o Executivo argumenta que o Plano B\u00e1sico de saneamento P\u00fablico de Porto Alegre prev\u00ea a necessidade de 2,7 bilh\u00f5es de investimentos nos pr\u00f3ximos 17 anos para a universaliza\u00e7\u00e3o do sistema.<br \/>\nArgumenta ainda que a pr\u00f3pria Lei Org\u00e2nica diz que \u201cincumbe ao Poder Executivo, na forma da lei, a presta\u00e7\u00e3o de servi\u00e7os p\u00fablicos, diretamente ou atrav\u00e9s de licita\u00e7\u00e3o, sob regime de concess\u00e3o ou permiss\u00e3o\u201d. Neste contexto, considera \u201cnorma extravagante\u201d, a exce\u00e7\u00e3o aos servi\u00e7os de \u00e1gua e esgoto.<br \/>\n<span class=\"intertit\">Projeto est\u00e1 alinhado com plano federal do governo Temer<\/span><br \/>\nO projeto de passar o saneamento p\u00fablico para a iniciativa privada n\u00e3o \u00e9 um ato isolado da gest\u00e3o Marchezan. No ano passado, o presidente Michel Temer lan\u00e7ou o Programa de Parcerias de Investimentos (PPI), que previa a concess\u00e3o de diversos servi\u00e7os p\u00fablicos, incluindo o saneamento.<br \/>\nNa ocasi\u00e3o do lan\u00e7amento, o ministro da Secretaria-Geral da Presid\u00eancia, Moreira Franco (PMDB), afirmou que o BNDES realizaria uma s\u00e9rie de encontros com os governos estaduais para discutir quais seriam as melhores alternativas para a concess\u00e3o do servi\u00e7o ao setor privado. A ent\u00e3o presidente do BNDES, Maria Silvia Bastos Marques, afirmou que pelo menos dois ter\u00e7os dos estados brasileiros haviam sinalizado inten\u00e7\u00e3o de participar do projeto.<br \/>\nEm janeiro, foi realizada a primeira reuni\u00e3o entre o BNDES e a Associa\u00e7\u00e3o Brasileira de Empresas Estaduais de Saneamento, para tratar das quest\u00f5es jur\u00eddicas.<br \/>\nEm sua justificativa, o prefeito Marchezan cita o apoio do Governo Federal a iniciativas deste tipo, conforme a Lei Federal 13.334\/2016, que instituiu o PPI.<br \/>\nO saneamento b\u00e1sico<a href=\"https:\/\/www.jornalja.com.br\/iluminacao-publica-sera-a-primeira-ppp-da-gestao-marcehzan\/\" target=\"_blank\" rel=\"noopener noreferrer\"> \u00e9 uma das \u00e1reas priorit\u00e1rias do Programa Municipal de Parcerias<\/a> (Propar\/Poa). A gest\u00e3o entende que s\u00e3o necess\u00e1rias obras de estrutura nas conex\u00f5es residenciais e na melhor separa\u00e7\u00e3o das redes pluvial e cloacal, hoje misturadas em muitos pontos. A ideia \u00e9 que uma empresa invista nestas obras e se remunere com a amplia\u00e7\u00e3o do n\u00famero de resid\u00eancias que pagam a taxa de esgoto e de uma maior efici\u00eancia do servi\u00e7o.<br \/>\n<span class=\"intertit\">Investigado por esquema de corrup\u00e7\u00e3o, DEP foi extinto<\/span><br \/>\nEste m\u00eas, a C\u00e2mara de Vereadores aprovou uma s\u00e9rie de medidas de reestrutura\u00e7\u00e3o da m\u00e1quina administrativa do Munic\u00edpio. Entre elas, a extin\u00e7\u00e3o do Departamento de Esgotos Pluviais. Com a extin\u00e7\u00e3o, as atribui\u00e7\u00f5es do departamento ficam divididas entre a Secretaria Municipal de Infraestrutura e Mobilidade Urbana (Smim), respons\u00e1vel pelas obras e projetos de engenharia referentes aos esgotos pluviais, e a Secretaria Municipal de Servi\u00e7os Urbanos (SMSUrb), respons\u00e1vel pela execu\u00e7\u00e3o e conserva\u00e7\u00e3o dos res\u00edduos.<br \/>\nNa segunda-feira passada, a terceira fase da Opera\u00e7\u00e3o Tormenta cumpriu 27 mandatos de busca e apreens\u00e3o em Porto Alegre, em Alvorada e Viam\u00e3o. Tr\u00eas pessoas foram presas em flagrante por posse irregular de arma de fogo.<br \/>\nEntre os alvos da opera\u00e7\u00e3o policial est\u00e3o Tarso Boelter (PP), diretor-geral do DEP entre 2013 e 2016, Francisco Eduardo Mello dos Santos (PMDB), ex-diretor-adjunto do departamento, e Francisco Jos\u00e9 Ferreira Pinto, que \u00e9 servidor do quadro e foi diretor de conserva\u00e7\u00e3o do DEP.<br \/>\nA Opera\u00e7\u00e3o investiga fraudes em contratos do departamento, onde empresas contratadas recebiam por servi\u00e7os que n\u00e3o eram prestados. Segundo o delegado Max Ritter, <a href=\"https:\/\/www.jornalja.com.br\/corrupcao-no-dep-desviou-mais-de-r-10-milhoes-em-cinco-anos\/\" target=\"_blank\" rel=\"noopener noreferrer\">o esquema desviou, desde 2011, pelo menos R$ 10 milh\u00f5es <\/a>dos cofres p\u00fablicos.<\/p>\n","protected":false},"excerpt":{"rendered":"<p>O prefeito Nelson Marchezan J\u00fanior encaminhou \u00e0 C\u00e2mara Municipal um projeto que altera a Lei Org\u00e2nica do Munic\u00edpio, abrindo a possibilidade de concess\u00e3o do saneamento b\u00e1sico de Porto Alegre \u00e0 iniciativa privada. O projeto de emenda 10\/2017 chegou \u00e0 casa legislativa na \u00faltima sexta-feira. A proposta altera o segundo par\u00e1grafo do artigo 225 da Lei [&hellip;]<\/p>\n","protected":false},"author":4,"featured_media":52402,"comment_status":"open","ping_status":"closed","sticky":false,"template":"","format":"standard","meta":{"_jetpack_newsletter_access":"","_jetpack_dont_email_post_to_subs":false,"_jetpack_newsletter_tier_id":0,"_jetpack_memberships_contains_paywalled_content":false,"_jetpack_feature_clip_id":0,"_jetpack_memberships_contains_paid_content":false,"footnotes":"","jetpack_post_was_ever_published":false},"categories":[26],"tags":[],"class_list":["post-52401","post","type-post","status-publish","format-standard","has-post-thumbnail","hentry","category-geral"],"aioseo_notices":[],"aioseo_head":"\n\t\t<!-- All in One SEO 5.0.1.1 - aioseo.com -->\n\t<meta name=\"robots\" content=\"max-image-preview:large\" \/>\n\t<meta name=\"author\" content=\"da Reda\u00e7\u00e3o\"\/>\n\t<link rel=\"canonical\" href=\"https:\/\/www.jornalja.com.br\/arquivo\/prefeitura-propoe-alterar-da-lei-organica-para-concessao-do-saneamento\/\" \/>\n\t<meta name=\"generator\" content=\"All in One SEO (AIOSEO) 5.0.1.1\" \/>\n\t\t<meta property=\"og:locale\" content=\"pt_BR\" \/>\n\t\t<meta property=\"og:site_name\" content=\"Arquivo | Jornal J\u00c1 | Porto Alegre\" \/>\n\t\t<meta property=\"og:type\" content=\"article\" \/>\n\t\t<meta property=\"og:title\" content=\"Prefeitura prop\u00f5e alterar Lei Org\u00e2nica para concess\u00e3o do saneamento | Arquivo\" \/>\n\t\t<meta property=\"og:url\" content=\"https:\/\/www.jornalja.com.br\/arquivo\/prefeitura-propoe-alterar-da-lei-organica-para-concessao-do-saneamento\/\" \/>\n\t\t<meta property=\"og:image\" content=\"https:\/\/www.jornalja.com.br\/economics\/wp-content\/uploads\/sites\/11\/2026\/08\/ja-folhaderosto-facebook.jpg\" \/>\n\t\t<meta property=\"og:image:secure_url\" content=\"https:\/\/www.jornalja.com.br\/economics\/wp-content\/uploads\/sites\/11\/2026\/08\/ja-folhaderosto-facebook.jpg\" \/>\n\t\t<meta property=\"article:published_time\" content=\"2017-07-30T23:36:45+00:00\" \/>\n\t\t<meta property=\"article:modified_time\" content=\"2017-07-30T23:36:45+00:00\" \/>\n\t\t<meta name=\"twitter:card\" content=\"summary\" \/>\n\t\t<meta name=\"twitter:title\" content=\"Prefeitura prop\u00f5e alterar Lei Org\u00e2nica para concess\u00e3o do saneamento | Arquivo\" \/>\n\t\t<meta name=\"twitter:image\" content=\"https:\/\/www.jornalja.com.br\/economics\/wp-content\/uploads\/sites\/11\/2026\/08\/ja-folhaderosto-facebook.jpg\" \/>\n\t\t<script type=\"application\/ld+json\" class=\"aioseo-schema\">\n\t\t\t{\"@context\":\"https:\\\/\\\/schema.org\",\"@graph\":[{\"@type\":\"BlogPosting\",\"@id\":\"https:\\\/\\\/www.jornalja.com.br\\\/arquivo\\\/prefeitura-propoe-alterar-da-lei-organica-para-concessao-do-saneamento\\\/#blogposting\",\"name\":\"Prefeitura prop\\u00f5e alterar Lei Org\\u00e2nica para concess\\u00e3o do saneamento | Arquivo\",\"headline\":\"Prefeitura prop\\u00f5e alterar Lei Org\\u00e2nica para concess\\u00e3o do saneamento\",\"author\":{\"@id\":\"https:\\\/\\\/www.jornalja.com.br\\\/arquivo\\\/author\\\/daredacao\\\/#author\"},\"publisher\":{\"@id\":\"https:\\\/\\\/www.jornalja.com.br\\\/arquivo\\\/#organization\"},\"image\":{\"@type\":\"ImageObject\",\"url\":52402},\"datePublished\":\"2017-07-30T20:36:45-03:00\",\"dateModified\":\"2017-07-30T20:36:45-03:00\",\"inLanguage\":\"pt-BR\",\"mainEntityOfPage\":{\"@id\":\"https:\\\/\\\/www.jornalja.com.br\\\/arquivo\\\/prefeitura-propoe-alterar-da-lei-organica-para-concessao-do-saneamento\\\/#webpage\"},\"isPartOf\":{\"@id\":\"https:\\\/\\\/www.jornalja.com.br\\\/arquivo\\\/prefeitura-propoe-alterar-da-lei-organica-para-concessao-do-saneamento\\\/#webpage\"},\"articleSection\":\"Geral\"},{\"@type\":\"BreadcrumbList\",\"@id\":\"https:\\\/\\\/www.jornalja.com.br\\\/arquivo\\\/prefeitura-propoe-alterar-da-lei-organica-para-concessao-do-saneamento\\\/#breadcrumblist\",\"itemListElement\":[{\"@type\":\"ListItem\",\"@id\":\"https:\\\/\\\/www.jornalja.com.br\\\/arquivo#listItem\",\"position\":1,\"name\":\"Home\",\"item\":\"https:\\\/\\\/www.jornalja.com.br\\\/arquivo\",\"nextItem\":{\"@type\":\"ListItem\",\"@id\":\"https:\\\/\\\/www.jornalja.com.br\\\/arquivo\\\/category\\\/geral\\\/#listItem\",\"name\":\"Geral\"}},{\"@type\":\"ListItem\",\"@id\":\"https:\\\/\\\/www.jornalja.com.br\\\/arquivo\\\/category\\\/geral\\\/#listItem\",\"position\":2,\"name\":\"Geral\",\"item\":\"https:\\\/\\\/www.jornalja.com.br\\\/arquivo\\\/category\\\/geral\\\/\",\"nextItem\":{\"@type\":\"ListItem\",\"@id\":\"https:\\\/\\\/www.jornalja.com.br\\\/arquivo\\\/prefeitura-propoe-alterar-da-lei-organica-para-concessao-do-saneamento\\\/#listItem\",\"name\":\"Prefeitura prop\\u00f5e alterar Lei Org\\u00e2nica para concess\\u00e3o do saneamento\"},\"previousItem\":{\"@type\":\"ListItem\",\"@id\":\"https:\\\/\\\/www.jornalja.com.br\\\/arquivo#listItem\",\"name\":\"Home\"}},{\"@type\":\"ListItem\",\"@id\":\"https:\\\/\\\/www.jornalja.com.br\\\/arquivo\\\/prefeitura-propoe-alterar-da-lei-organica-para-concessao-do-saneamento\\\/#listItem\",\"position\":3,\"name\":\"Prefeitura prop\\u00f5e alterar Lei Org\\u00e2nica para concess\\u00e3o do saneamento\",\"previousItem\":{\"@type\":\"ListItem\",\"@id\":\"https:\\\/\\\/www.jornalja.com.br\\\/arquivo\\\/category\\\/geral\\\/#listItem\",\"name\":\"Geral\"}}]},{\"@type\":\"Organization\",\"@id\":\"https:\\\/\\\/www.jornalja.com.br\\\/arquivo\\\/#organization\",\"name\":\"Jornal J\\u00c1\",\"description\":\"Jornal J\\u00c1 | Porto Alegre\",\"url\":\"https:\\\/\\\/www.jornalja.com.br\\\/arquivo\\\/\",\"telephone\":\"+555133307272\",\"logo\":{\"@type\":\"ImageObject\",\"url\":\"https:\\\/\\\/www.jornalja.com.br\\\/wp-content\\\/uploads\\\/cards\\\/JAslogan.png\",\"@id\":\"https:\\\/\\\/www.jornalja.com.br\\\/arquivo\\\/prefeitura-propoe-alterar-da-lei-organica-para-concessao-do-saneamento\\\/#organizationLogo\"},\"image\":{\"@id\":\"https:\\\/\\\/www.jornalja.com.br\\\/arquivo\\\/prefeitura-propoe-alterar-da-lei-organica-para-concessao-do-saneamento\\\/#organizationLogo\"}},{\"@type\":\"Person\",\"@id\":\"https:\\\/\\\/www.jornalja.com.br\\\/arquivo\\\/author\\\/daredacao\\\/#author\",\"url\":\"https:\\\/\\\/www.jornalja.com.br\\\/arquivo\\\/author\\\/daredacao\\\/\",\"name\":\"da Reda\\u00e7\\u00e3o\",\"image\":{\"@type\":\"ImageObject\",\"@id\":\"https:\\\/\\\/www.jornalja.com.br\\\/arquivo\\\/prefeitura-propoe-alterar-da-lei-organica-para-concessao-do-saneamento\\\/#authorImage\",\"url\":\"https:\\\/\\\/secure.gravatar.com\\\/avatar\\\/469fd857d6605ad19919d27ed29d35a968a25f6e8fd9318356bbb7f57aae9c65?s=96&d=mm&r=g\",\"width\":96,\"height\":96,\"caption\":\"da Reda\\u00e7\\u00e3o\"}},{\"@type\":\"WebPage\",\"@id\":\"https:\\\/\\\/www.jornalja.com.br\\\/arquivo\\\/prefeitura-propoe-alterar-da-lei-organica-para-concessao-do-saneamento\\\/#webpage\",\"url\":\"https:\\\/\\\/www.jornalja.com.br\\\/arquivo\\\/prefeitura-propoe-alterar-da-lei-organica-para-concessao-do-saneamento\\\/\",\"name\":\"Prefeitura prop\\u00f5e alterar Lei Org\\u00e2nica para concess\\u00e3o do saneamento | Arquivo\",\"inLanguage\":\"pt-BR\",\"isPartOf\":{\"@id\":\"https:\\\/\\\/www.jornalja.com.br\\\/arquivo\\\/#website\"},\"breadcrumb\":{\"@id\":\"https:\\\/\\\/www.jornalja.com.br\\\/arquivo\\\/prefeitura-propoe-alterar-da-lei-organica-para-concessao-do-saneamento\\\/#breadcrumblist\"},\"author\":{\"@id\":\"https:\\\/\\\/www.jornalja.com.br\\\/arquivo\\\/author\\\/daredacao\\\/#author\"},\"creator\":{\"@id\":\"https:\\\/\\\/www.jornalja.com.br\\\/arquivo\\\/author\\\/daredacao\\\/#author\"},\"image\":{\"@type\":\"ImageObject\",\"url\":52402,\"@id\":\"https:\\\/\\\/www.jornalja.com.br\\\/arquivo\\\/prefeitura-propoe-alterar-da-lei-organica-para-concessao-do-saneamento\\\/#mainImage\"},\"primaryImageOfPage\":{\"@id\":\"https:\\\/\\\/www.jornalja.com.br\\\/arquivo\\\/prefeitura-propoe-alterar-da-lei-organica-para-concessao-do-saneamento\\\/#mainImage\"},\"datePublished\":\"2017-07-30T20:36:45-03:00\",\"dateModified\":\"2017-07-30T20:36:45-03:00\"},{\"@type\":\"WebSite\",\"@id\":\"https:\\\/\\\/www.jornalja.com.br\\\/arquivo\\\/#website\",\"url\":\"https:\\\/\\\/www.jornalja.com.br\\\/arquivo\\\/\",\"name\":\"Arquivo\",\"description\":\"Jornal J\\u00c1 | Porto Alegre\",\"inLanguage\":\"pt-BR\",\"publisher\":{\"@id\":\"https:\\\/\\\/www.jornalja.com.br\\\/arquivo\\\/#organization\"}}]}\n\t\t<\/script>\n\t\t<!-- All in One SEO -->\n\n","aioseo_head_json":{"title":"Prefeitura prop\u00f5e alterar Lei Org\u00e2nica para concess\u00e3o do saneamento | Arquivo","description":"","canonical_url":"https:\/\/www.jornalja.com.br\/arquivo\/prefeitura-propoe-alterar-da-lei-organica-para-concessao-do-saneamento\/","robots":"max-image-preview:large","keywords":"","webmasterTools":{"miscellaneous":""},"schema":{"@context":"https:\/\/schema.org","@graph":[{"@type":"BlogPosting","@id":"https:\/\/www.jornalja.com.br\/arquivo\/prefeitura-propoe-alterar-da-lei-organica-para-concessao-do-saneamento\/#blogposting","name":"Prefeitura prop\u00f5e alterar Lei Org\u00e2nica para concess\u00e3o do saneamento | Arquivo","headline":"Prefeitura prop\u00f5e alterar Lei Org\u00e2nica para concess\u00e3o do saneamento","author":{"@id":"https:\/\/www.jornalja.com.br\/arquivo\/author\/daredacao\/#author"},"publisher":{"@id":"https:\/\/www.jornalja.com.br\/arquivo\/#organization"},"image":{"@type":"ImageObject","url":52402},"datePublished":"2017-07-30T20:36:45-03:00","dateModified":"2017-07-30T20:36:45-03:00","inLanguage":"pt-BR","mainEntityOfPage":{"@id":"https:\/\/www.jornalja.com.br\/arquivo\/prefeitura-propoe-alterar-da-lei-organica-para-concessao-do-saneamento\/#webpage"},"isPartOf":{"@id":"https:\/\/www.jornalja.com.br\/arquivo\/prefeitura-propoe-alterar-da-lei-organica-para-concessao-do-saneamento\/#webpage"},"articleSection":"Geral"},{"@type":"BreadcrumbList","@id":"https:\/\/www.jornalja.com.br\/arquivo\/prefeitura-propoe-alterar-da-lei-organica-para-concessao-do-saneamento\/#breadcrumblist","itemListElement":[{"@type":"ListItem","@id":"https:\/\/www.jornalja.com.br\/arquivo#listItem","position":1,"name":"Home","item":"https:\/\/www.jornalja.com.br\/arquivo","nextItem":{"@type":"ListItem","@id":"https:\/\/www.jornalja.com.br\/arquivo\/category\/geral\/#listItem","name":"Geral"}},{"@type":"ListItem","@id":"https:\/\/www.jornalja.com.br\/arquivo\/category\/geral\/#listItem","position":2,"name":"Geral","item":"https:\/\/www.jornalja.com.br\/arquivo\/category\/geral\/","nextItem":{"@type":"ListItem","@id":"https:\/\/www.jornalja.com.br\/arquivo\/prefeitura-propoe-alterar-da-lei-organica-para-concessao-do-saneamento\/#listItem","name":"Prefeitura prop\u00f5e alterar Lei Org\u00e2nica para concess\u00e3o do saneamento"},"previousItem":{"@type":"ListItem","@id":"https:\/\/www.jornalja.com.br\/arquivo#listItem","name":"Home"}},{"@type":"ListItem","@id":"https:\/\/www.jornalja.com.br\/arquivo\/prefeitura-propoe-alterar-da-lei-organica-para-concessao-do-saneamento\/#listItem","position":3,"name":"Prefeitura prop\u00f5e alterar Lei Org\u00e2nica para concess\u00e3o do saneamento","previousItem":{"@type":"ListItem","@id":"https:\/\/www.jornalja.com.br\/arquivo\/category\/geral\/#listItem","name":"Geral"}}]},{"@type":"Organization","@id":"https:\/\/www.jornalja.com.br\/arquivo\/#organization","name":"Jornal J\u00c1","description":"Jornal J\u00c1 | Porto Alegre","url":"https:\/\/www.jornalja.com.br\/arquivo\/","telephone":"+555133307272","logo":{"@type":"ImageObject","url":"https:\/\/www.jornalja.com.br\/wp-content\/uploads\/cards\/JAslogan.png","@id":"https:\/\/www.jornalja.com.br\/arquivo\/prefeitura-propoe-alterar-da-lei-organica-para-concessao-do-saneamento\/#organizationLogo"},"image":{"@id":"https:\/\/www.jornalja.com.br\/arquivo\/prefeitura-propoe-alterar-da-lei-organica-para-concessao-do-saneamento\/#organizationLogo"}},{"@type":"Person","@id":"https:\/\/www.jornalja.com.br\/arquivo\/author\/daredacao\/#author","url":"https:\/\/www.jornalja.com.br\/arquivo\/author\/daredacao\/","name":"da Reda\u00e7\u00e3o","image":{"@type":"ImageObject","@id":"https:\/\/www.jornalja.com.br\/arquivo\/prefeitura-propoe-alterar-da-lei-organica-para-concessao-do-saneamento\/#authorImage","url":"https:\/\/secure.gravatar.com\/avatar\/469fd857d6605ad19919d27ed29d35a968a25f6e8fd9318356bbb7f57aae9c65?s=96&d=mm&r=g","width":96,"height":96,"caption":"da Reda\u00e7\u00e3o"}},{"@type":"WebPage","@id":"https:\/\/www.jornalja.com.br\/arquivo\/prefeitura-propoe-alterar-da-lei-organica-para-concessao-do-saneamento\/#webpage","url":"https:\/\/www.jornalja.com.br\/arquivo\/prefeitura-propoe-alterar-da-lei-organica-para-concessao-do-saneamento\/","name":"Prefeitura prop\u00f5e alterar Lei Org\u00e2nica para concess\u00e3o do saneamento | Arquivo","inLanguage":"pt-BR","isPartOf":{"@id":"https:\/\/www.jornalja.com.br\/arquivo\/#website"},"breadcrumb":{"@id":"https:\/\/www.jornalja.com.br\/arquivo\/prefeitura-propoe-alterar-da-lei-organica-para-concessao-do-saneamento\/#breadcrumblist"},"author":{"@id":"https:\/\/www.jornalja.com.br\/arquivo\/author\/daredacao\/#author"},"creator":{"@id":"https:\/\/www.jornalja.com.br\/arquivo\/author\/daredacao\/#author"},"image":{"@type":"ImageObject","url":52402,"@id":"https:\/\/www.jornalja.com.br\/arquivo\/prefeitura-propoe-alterar-da-lei-organica-para-concessao-do-saneamento\/#mainImage"},"primaryImageOfPage":{"@id":"https:\/\/www.jornalja.com.br\/arquivo\/prefeitura-propoe-alterar-da-lei-organica-para-concessao-do-saneamento\/#mainImage"},"datePublished":"2017-07-30T20:36:45-03:00","dateModified":"2017-07-30T20:36:45-03:00"},{"@type":"WebSite","@id":"https:\/\/www.jornalja.com.br\/arquivo\/#website","url":"https:\/\/www.jornalja.com.br\/arquivo\/","name":"Arquivo","description":"Jornal J\u00c1 | Porto Alegre","inLanguage":"pt-BR","publisher":{"@id":"https:\/\/www.jornalja.com.br\/arquivo\/#organization"}}]},"og:locale":"pt_BR","og:site_name":"Arquivo | Jornal J\u00c1 | Porto Alegre","og:type":"article","og:title":"Prefeitura prop\u00f5e alterar Lei Org\u00e2nica para concess\u00e3o do saneamento | Arquivo","og:url":"https:\/\/www.jornalja.com.br\/arquivo\/prefeitura-propoe-alterar-da-lei-organica-para-concessao-do-saneamento\/","og:image":"https:\/\/www.jornalja.com.br\/economics\/wp-content\/uploads\/sites\/11\/2026\/08\/ja-folhaderosto-facebook.jpg","og:image:secure_url":"https:\/\/www.jornalja.com.br\/economics\/wp-content\/uploads\/sites\/11\/2026\/08\/ja-folhaderosto-facebook.jpg","article:published_time":"2017-07-30T23:36:45+00:00","article:modified_time":"2017-07-30T23:36:45+00:00","twitter:card":"summary","twitter:title":"Prefeitura prop\u00f5e alterar Lei Org\u00e2nica para concess\u00e3o do saneamento | Arquivo","twitter:image":"https:\/\/www.jornalja.com.br\/economics\/wp-content\/uploads\/sites\/11\/2026\/08\/ja-folhaderosto-facebook.jpg"},"aioseo_meta_data":{"post_id":"52401","title":null,"description":null,"keywords":null,"keyphrases":null,"primary_term":null,"canonical_url":null,"og_title":null,"og_description":null,"og_object_type":"default","og_image_type":"default","og_image_url":null,"og_image_width":null,"og_image_height":null,"og_image_custom_url":null,"og_image_custom_fields":null,"og_video":null,"og_custom_url":null,"og_article_section":null,"og_article_tags":null,"twitter_use_og":false,"twitter_card":"default","twitter_image_type":"default","twitter_image_url":null,"twitter_image_custom_url":null,"twitter_image_custom_fields":null,"twitter_title":null,"twitter_description":null,"schema":{"blockGraphs":[],"customGraphs":[],"default":{"data":{"Article":[],"Course":[],"Dataset":[],"FAQPage":[],"Movie":[],"Person":[],"Product":[],"ProductReview":[],"Car":[],"Recipe":[],"Service":[],"SoftwareApplication":[],"WebPage":[]},"graphName":"","isEnabled":true},"graphs":[],"defaultGraph":"","defaultPostTypeGraph":""},"schema_type":null,"schema_type_options":null,"pillar_content":false,"robots_default":true,"robots_noindex":false,"robots_noarchive":false,"robots_nosnippet":false,"robots_nofollow":false,"robots_noimageindex":false,"robots_noodp":false,"robots_notranslate":false,"robots_max_snippet":null,"robots_max_videopreview":null,"robots_max_imagepreview":"large","priority":null,"frequency":null,"location":null,"local_seo":null,"breadcrumb_settings":null,"limit_modified_date":false,"ai":null,"created":"2020-12-20 20:28:19","updated":"2025-07-19 23:52:46","seo_analyzer_scan_date":null,"focus_keyword":null,"additional_keywords":null,"truseo_locale":null},"jetpack_sharing_enabled":true,"jetpack-related-posts":[{"id":13239,"url":"https:\/\/www.jornalja.com.br\/arquivo\/conselho-desdenha-do-plano-diretor\/","url_meta":{"origin":52401,"position":0},"title":"Porto Alegre: Conselho detona Plano Diretor","author":"Patr\u00edcia Marini","date":"25 de maio de 2014","format":false,"excerpt":"Den\u00fancia do arquiteto e \u00a0urbanista Ibir\u00e1 Santos Lucas. Ele diz que os conselheiros est\u00e3o votando com \"enorme irresponsabilidade\". \"Mudam regime com a maior naturalidade,,,regularizam absurdos de constru\u00e7\u00f5es irregulares... \"O CMDUA est\u00e1 flexibilizando a lei do plano diretor, de uma forma impactante na vida da cidade. Mudam regime com a maior\u2026","rel":"","context":"Em &quot;Geral&quot;","block_context":{"text":"Geral","link":"https:\/\/www.jornalja.com.br\/arquivo\/category\/geral\/"},"img":{"alt_text":"","src":"","width":0,"height":0},"classes":[]},{"id":13240,"url":"https:\/\/www.jornalja.com.br\/arquivo\/plano-diretor-estamos-construindo-o-caos\/","url_meta":{"origin":52401,"position":1},"title":"Plano diretor: &quot;Estamos construindo o caos&quot;","author":"Patr\u00edcia Marini","date":"26 de maio de 2014","format":false,"excerpt":"Desabafo que arquiteta Eliana Castilhos, delegada da Regi\u00e3o de Planejamento 1, postou nas redes sociais \u00e9 um testemunho do ambiente que se criou no Conselho do Plano Diretor de Porto Alegre, onde a aprova\u00e7\u00e3o de grandes empreendimentos \u00e9 empurrada guela abaixo dos conselheiros. Ao CMDUA Como delegada da Regi\u00e3o de\u2026","rel":"","context":"Em &quot;Geral&quot;","block_context":{"text":"Geral","link":"https:\/\/www.jornalja.com.br\/arquivo\/category\/geral\/"},"img":{"alt_text":"","src":"","width":0,"height":0},"classes":[]},{"id":14241,"url":"https:\/\/www.jornalja.com.br\/arquivo\/o-guaiba-nas-imagens-poeticas-de-achutti\/","url_meta":{"origin":52401,"position":2},"title":"O Gua\u00edba nas imagens po\u00e9ticas de Achutti","author":"da Reda\u00e7\u00e3o","date":"18 de junho de 2014","format":false,"excerpt":"Em \u201cO Gua\u00edba por Achutti\u201d \u2013 obra financiada via Minist\u00e9rio da Cultura, produ\u00e7\u00e3o executiva de Pedro Longhi, e Fl\u00e1vio Wild como designer \u2013, o fot\u00f3grafo revela a beleza e as mazelas de um espa\u00e7o aqu\u00e1tico de \u00e1guas sempre renovadas, cheio de hist\u00f3rias e lendas como as das cidades que foram\u2026","rel":"","context":"Em &quot;Cultura-Geral&quot;","block_context":{"text":"Cultura-Geral","link":"https:\/\/www.jornalja.com.br\/arquivo\/category\/materiasecundaria\/"},"img":{"alt_text":"","src":"","width":0,"height":0},"classes":[]},{"id":5440,"url":"https:\/\/www.jornalja.com.br\/arquivo\/casarao-da-venancio-destino-permanece-incerto\/","url_meta":{"origin":52401,"position":3},"title":"Estado ainda n\u00e3o sabe o que fazer com casar\u00e3o abandonado h\u00e1 20 anos","author":"Elmar Bones","date":"6 de julho de 2009","format":false,"excerpt":"O casar\u00e3o amarelo, numa esquina nobre de Porto Alegre (Ven\u00e2ncio Aires com Jo\u00e3o Pessoa), j\u00e1 abrigou uma escola. H\u00e1 duas d\u00e9cadas, pelo menos, est\u00e1 abandonado, porque seu propriet\u00e1rio, o governo do Estado do Rio Grande do Sul, n\u00e3o consegue achar um destino para ele. Planos n\u00e3o faltaram. O governador Ol\u00edvio\u2026","rel":"","context":"Em &quot;X.Categorias velhas&quot;","block_context":{"text":"X.Categorias velhas","link":"https:\/\/www.jornalja.com.br\/arquivo\/category\/x-categorias-velhas\/"},"img":{"alt_text":"geraldo1","src":"https:\/\/i0.wp.com\/www.jornalja.com.br\/wp-content\/uploads\/2009\/07\/geraldo1.jpg?resize=350%2C200&ssl=1","width":350,"height":200},"classes":[]},{"id":13101,"url":"https:\/\/www.jornalja.com.br\/arquivo\/morre-um-guerreiro-do-texto\/","url_meta":{"origin":52401,"position":4},"title":"Morre um guerreiro do texto","author":"Patr\u00edcia Marini","date":"14 de maio de 2014","format":false,"excerpt":"Por Ricardo Kotscho Reproduzido do blog do autor, 11\/5\/2014; t\u00edtulo original \u201cE l\u00e1 se foi o nosso Myltainho, guerreiro do texto\u201d. Mi\u00fado e franzino, meu amigo Myltainho era um valente e inconformado guerreiro na luta contra as injusti\u00e7as sociais, a hipocrisia, as maracutaias, o autoritarismo, a intoler\u00e2ncia, a viol\u00eancia, o\u2026","rel":"","context":"Em &quot;Geral&quot;","block_context":{"text":"Geral","link":"https:\/\/www.jornalja.com.br\/arquivo\/category\/geral\/"},"img":{"alt_text":"","src":"","width":0,"height":0},"classes":[]},{"id":13124,"url":"https:\/\/www.jornalja.com.br\/arquivo\/sangue-latino-no-iecine\/","url_meta":{"origin":52401,"position":5},"title":"Sangue latino no IECINE","author":"da Reda\u00e7\u00e3o","date":"18 de maio de 2014","format":false,"excerpt":"Francisco Ribeiro O Instituto Estadual de Cinema (IECINE) tem a frente, desde abril \u00faltimo, um novo diretor, o cineasta colombiano Juan Zapata, 36, que substitui Luiz Alberto Cassol. Radicado h\u00e1 dez anos em Porto Alegre, Zapata tem diante de si o desafio de conduzir at\u00e9 o final do ano um\u2026","rel":"","context":"Em &quot;Cultura-Geral&quot;","block_context":{"text":"Cultura-Geral","link":"https:\/\/www.jornalja.com.br\/arquivo\/category\/materiasecundaria\/"},"img":{"alt_text":"","src":"","width":0,"height":0},"classes":[]}],"jetpack_shortlink":"https:\/\/wp.me\/pbQjBd-dDb","jetpack_featured_media_url":"","_links":{"self":[{"href":"https:\/\/www.jornalja.com.br\/arquivo\/wp-json\/wp\/v2\/posts\/52401","targetHints":{"allow":["GET"]}}],"collection":[{"href":"https:\/\/www.jornalja.com.br\/arquivo\/wp-json\/wp\/v2\/posts"}],"about":[{"href":"https:\/\/www.jornalja.com.br\/arquivo\/wp-json\/wp\/v2\/types\/post"}],"author":[{"embeddable":true,"href":"https:\/\/www.jornalja.com.br\/arquivo\/wp-json\/wp\/v2\/users\/4"}],"replies":[{"embeddable":true,"href":"https:\/\/www.jornalja.com.br\/arquivo\/wp-json\/wp\/v2\/comments?post=52401"}],"version-history":[{"count":0,"href":"https:\/\/www.jornalja.com.br\/arquivo\/wp-json\/wp\/v2\/posts\/52401\/revisions"}],"wp:attachment":[{"href":"https:\/\/www.jornalja.com.br\/arquivo\/wp-json\/wp\/v2\/media?parent=52401"}],"wp:term":[{"taxonomy":"category","embeddable":true,"href":"https:\/\/www.jornalja.com.br\/arquivo\/wp-json\/wp\/v2\/categories?post=52401"},{"taxonomy":"post_tag","embeddable":true,"href":"https:\/\/www.jornalja.com.br\/arquivo\/wp-json\/wp\/v2\/tags?post=52401"}],"curies":[{"name":"wp","href":"https:\/\/api.w.org\/{rel}","templated":true}]}}