{"id":52406,"date":"2017-08-01T10:12:47","date_gmt":"2017-08-01T13:12:47","guid":{"rendered":"https:\/\/www.jornalja.com.br\/?p=52406"},"modified":"2017-08-01T10:12:47","modified_gmt":"2017-08-01T13:12:47","slug":"a-intervencao-no-rio-e-as-eleicoes-de-2018","status":"publish","type":"post","link":"https:\/\/www.jornalja.com.br\/arquivo\/a-intervencao-no-rio-e-as-eleicoes-de-2018\/","title":{"rendered":"A Interven\u00e7\u00e3o no Rio e as elei\u00e7\u00f5es de 2018"},"content":{"rendered":"<p><span class=\"assina\">Jorge Rubem Folena de Oliveira*<\/span><br \/>\nO estado do Rio de Janeiro est\u00e1 sob uma interven\u00e7\u00e3o federal branca e a Garantia da Lei e da Ordem (GLO), decretada por Temer em 28 de julho de 2017, est\u00e1 em desacordo com a Constitui\u00e7\u00e3o e a lei de emprego das For\u00e7as Armadas (FFAA).<br \/>\nO governador do Estado do Rio de Janeiro deve ser imediatamente afastado de suas fun\u00e7\u00f5es, uma vez que permitiu uma interven\u00e7\u00e3o federal no Rio de Janeiro.<br \/>\nPara ser autorizada a decreta\u00e7\u00e3o da GLO, como fez Temer, era necess\u00e1rio que o governador Pez\u00e3o declarasse formalmente, por decreto, que as for\u00e7as de seguran\u00e7a do Rio de Janeiro s\u00e3o incapazes de combater o aumento da viol\u00eancia no Estado; restando, desta forma, esgotado os requisitos do artigo 144 da Constitui\u00e7\u00e3o (quanto ao uso das for\u00e7as de seguran\u00e7a p\u00fablica) para autorizar o emprego da GLO, prevista no artigo 142 da Constitui\u00e7\u00e3o.<br \/>\nCaso tal declara\u00e7\u00e3o tivesse sido feita, os militares poderiam ser empregados, por <strong><em>tempo determinado e com atua\u00e7\u00e3o em \u00e1reas delimitadas<\/em><\/strong>, \u00a0como apoio para a garantia da lei e da ordem.<br \/>\nMas o que de fato ocorreu foi que Pez\u00e3o, pressionado por Temer e Meirelles, e com a finalidade de entregar\/vender a CEDAE, permitiu que Temer (de forma disfar\u00e7ada e jogando para a plateia) utilizasse as FFAA como pol\u00edcia para atuar nas ruas do Rio de Janeiro at\u00e9 o final do ano de 2017.<br \/>\nA Constitui\u00e7\u00e3o Federal diz que pode ser decretada a interven\u00e7\u00e3o federal em caso de \u201ccomprometimento da ordem p\u00fablica\u201d (artigo 35, III). Neste caso, dever\u00e1 ser nomeado, por decreto, um interventor federal a ser submetido ao Congresso Nacional, no prazo de 24 horas (artigo 36, \u00a7 1.\u00ba).<br \/>\nNo caso, Temer, usando de subterf\u00fagio para fugir das r\u00edgidas regras da interven\u00e7\u00e3o federal, nomeou o Ministro da Defesa, com o auxilio dos ministros do Gabinete de Seguran\u00e7a Institucional e da Justi\u00e7a, como interventor no Rio do Janeiro.<br \/>\nA Garantia da Lei e da Ordem est\u00e1 sendo utilizada de forma indevida pelo governo federal, como tem denunciado o Comandante do Ex\u00e9rcito em v\u00e1rias oportunidades. N\u00e3o \u00e9 papel constitucional das FFAA servir de guarda pretoriana de governos impopulares nem de pol\u00edcia, pois isto pode expor demasiadamente os militares, para o caso de haver mortes ou repress\u00f5es al\u00e9m da medida.<br \/>\nNo caso do Rio de Janeiro, como nos demais Estados brasileiros, o aumento da viol\u00eancia urbana est\u00e1 ligada ao aumento da pobreza e ao corte de verbas p\u00fablicas, patrocinadas pelo desgoverno Temer neste \u00faltimo ano.<br \/>\nAl\u00e9m disso, n\u00e3o existe uma efetiva pol\u00edtica de combate aos neg\u00f3cios relacionados com o tr\u00e1fico internacional de armas e entorpecentes, que exigem grande movimenta\u00e7\u00e3o de capitais e lavagem de dinheiro, que n\u00e3o s\u00e3o fiscalizadas adequadamente pelas autoridades monet\u00e1rias e fiscais do governo federal. Diga-se de passagem que, quem controla a movimenta\u00e7\u00e3o financeira s\u00e3o os bancos (mercado financeiro), cuja fiscaliza\u00e7\u00e3o \u00e9 atribui\u00e7\u00e3o do Banco Central.<br \/>\nO Brasil retornou para o mapa da mis\u00e9ria, de onde tinha sa\u00eddo. Logo, a viol\u00eancia tende a aumentar cada vez mais, tendo em vista a situa\u00e7\u00e3o econ\u00f4mica atual, com um quadro superior a quinze milh\u00f5es de desempregados. As causas do aumento da viol\u00eancia s\u00e3o pol\u00edticas, econ\u00f4micas e sociais, e os militares n\u00e3o ter\u00e3o como elimin\u00e1-las.<br \/>\nO decreto da GLO, de 28 de julho de 2017, cont\u00e9m erro crassos, como a aus\u00eancia da indica\u00e7\u00e3o de \u00e1rea espec\u00edfica para a atua\u00e7\u00e3o dos militares, o que contraria o artigo 15, \u00a7 4.<sup>\u00ba<\/sup>, da Lei Complementar 97\/99. Ou seja, foi conferida ao Ministro da Defesa a delega\u00e7\u00e3o de empregar as FFAA por todo o Estado do Rio de Janeiro, quando deveriam ser especificados os locais em que os militares poderiam atuar, como ocorreu anteriormente nos complexos do Alem\u00e3o e Mar\u00e9.<br \/>\nAdemais, o planejamento das a\u00e7\u00f5es dos militares foi delegado para autoridades como os ministros do Gabinete de Seguran\u00e7a Institucional, da Justi\u00e7a e da Secretaria de Seguran\u00e7a P\u00fablica do Rio de Janeiro. Por\u00e9m, a Lei Complementar 97\/99, no seu artigo 15, estabelece que esta atribui\u00e7\u00e3o caber\u00e1 exclusivamente ao Ministro da Defesa, a quem os militares est\u00e3o subordinados, nos termos da referida lei.<br \/>\nOu seja, um Ministro da Defesa \u2013 que tem sua compet\u00eancia questionada por Temer \u2013 \u00e9 o interventor do desgoverno no Rio, uma vez que a GLO foi a forma jur\u00eddica (inconstitucional e ilegal) utilizada para realizar uma interven\u00e7\u00e3o no Estado do Rio de Janeiro, sem promover diretamente o afastamento do fraco governador do Estado do exerc\u00edcio de suas fun\u00e7\u00f5es.<br \/>\nEnquanto isso, em Bras\u00edlia, Meirelles acelera o processo de destrui\u00e7\u00e3o do segundo Estado mais importante da Federa\u00e7\u00e3o, ao reter as verbas pr\u00f3prias do Estado do Rio de Janeiro, que n\u00e3o t\u00eam sido repassadas e que s\u00e3o necess\u00e1rias para o pagamento dos servidores, aposentados e pensionistas, e tamb\u00e9m para a realiza\u00e7\u00e3o de investimentos nas atividades p\u00fablicas essenciais do Estado, como seguran\u00e7a, sa\u00fade e educa\u00e7\u00e3o.<br \/>\nA Assembleia Legislativa do Rio de Janeiro necessita se pronunciar com urg\u00eancia sobre esta indevida interven\u00e7\u00e3o, por suposto \u201ccomprometimento da ordem p\u00fablica\u201d, e tamb\u00e9m sobre o afastamento de Pez\u00e3o de suas fun\u00e7\u00f5es, para, assim, desautorizar qualquer ato de venda da CEDAE, que s\u00f3 interessa ao mercado financeiro.<br \/>\nA interven\u00e7\u00e3o no Estado do Rio de Janeiro \u00e9 apenas um ensaio e, sem d\u00favida, eles partir\u00e3o para os outros Estados, pois os militares, mais uma vez \u2013 como em 1964 \u2013 poder\u00e3o estar sendo manipulados para instaurar um estado de exce\u00e7\u00e3o contra o povo brasileiro.<br \/>\nEst\u00e1 mais do que estabelecido que Temer e seus s\u00f3cios n\u00e3o entregar\u00e3o facilmente o poder, pois, se isto ocorrer, eles dever\u00e3o ser processados e \u00a0poder\u00e3o\u00a0 ser condenados e presos.<br \/>\nO golpe de 2016 foi muito caro para a nossa incipiente democracia e est\u00e1 matando o Brasil. Al\u00e9m disso, tendo em vista a manipula\u00e7\u00e3o pol\u00edtica com vistas ao recrudescimento do estado de exce\u00e7\u00e3o, mediante a utiliza\u00e7\u00e3o das for\u00e7as militares, pode-se cogitar que a realiza\u00e7\u00e3o de elei\u00e7\u00f5es em 2018 \u00e9 uma inc\u00f3gnita.<br \/>\n*<strong>Advogado e cientista pol\u00edtico<\/strong><\/p>\n","protected":false},"excerpt":{"rendered":"<p>Jorge Rubem Folena de Oliveira* O estado do Rio de Janeiro est\u00e1 sob uma interven\u00e7\u00e3o federal branca e a Garantia da Lei e da Ordem (GLO), decretada por Temer em 28 de julho de 2017, est\u00e1 em desacordo com a Constitui\u00e7\u00e3o e a lei de emprego das For\u00e7as Armadas (FFAA). O governador do Estado do [&hellip;]<\/p>\n","protected":false},"author":4,"featured_media":0,"comment_status":"open","ping_status":"closed","sticky":false,"template":"","format":"standard","meta":{"_jetpack_newsletter_access":"","_jetpack_dont_email_post_to_subs":false,"_jetpack_newsletter_tier_id":0,"_jetpack_memberships_contains_paywalled_content":false,"_jetpack_feature_clip_id":0,"_jetpack_memberships_contains_paid_content":false,"footnotes":"","jetpack_post_was_ever_published":false},"categories":[10],"tags":[],"class_list":["post-52406","post","type-post","status-publish","format-standard","hentry","category-analiseopiniao"],"aioseo_notices":[],"aioseo_head":"\n\t\t<!-- All in One SEO 5.0.1.1 - aioseo.com -->\n\t<meta name=\"robots\" content=\"max-image-preview:large\" \/>\n\t<meta name=\"author\" content=\"da Reda\u00e7\u00e3o\"\/>\n\t<link rel=\"canonical\" href=\"https:\/\/www.jornalja.com.br\/arquivo\/a-intervencao-no-rio-e-as-eleicoes-de-2018\/\" \/>\n\t<meta name=\"generator\" content=\"All in One SEO (AIOSEO) 5.0.1.1\" \/>\n\t\t<meta property=\"og:locale\" content=\"pt_BR\" \/>\n\t\t<meta property=\"og:site_name\" content=\"Arquivo | Jornal J\u00c1 | Porto Alegre\" \/>\n\t\t<meta property=\"og:type\" content=\"article\" \/>\n\t\t<meta property=\"og:title\" content=\"A Interven\u00e7\u00e3o no Rio e as elei\u00e7\u00f5es de 2018 | Arquivo\" \/>\n\t\t<meta property=\"og:url\" content=\"https:\/\/www.jornalja.com.br\/arquivo\/a-intervencao-no-rio-e-as-eleicoes-de-2018\/\" \/>\n\t\t<meta property=\"og:image\" content=\"https:\/\/www.jornalja.com.br\/economics\/wp-content\/uploads\/sites\/11\/2026\/08\/ja-folhaderosto-facebook.jpg\" \/>\n\t\t<meta property=\"og:image:secure_url\" content=\"https:\/\/www.jornalja.com.br\/economics\/wp-content\/uploads\/sites\/11\/2026\/08\/ja-folhaderosto-facebook.jpg\" \/>\n\t\t<meta property=\"article:published_time\" content=\"2017-08-01T13:12:47+00:00\" \/>\n\t\t<meta property=\"article:modified_time\" content=\"2017-08-01T13:12:47+00:00\" \/>\n\t\t<meta name=\"twitter:card\" content=\"summary\" \/>\n\t\t<meta name=\"twitter:title\" content=\"A Interven\u00e7\u00e3o no Rio e as elei\u00e7\u00f5es de 2018 | Arquivo\" \/>\n\t\t<meta name=\"twitter:image\" content=\"https:\/\/www.jornalja.com.br\/economics\/wp-content\/uploads\/sites\/11\/2026\/08\/ja-folhaderosto-facebook.jpg\" \/>\n\t\t<script type=\"application\/ld+json\" class=\"aioseo-schema\">\n\t\t\t{\"@context\":\"https:\\\/\\\/schema.org\",\"@graph\":[{\"@type\":\"BlogPosting\",\"@id\":\"https:\\\/\\\/www.jornalja.com.br\\\/arquivo\\\/a-intervencao-no-rio-e-as-eleicoes-de-2018\\\/#blogposting\",\"name\":\"A Interven\\u00e7\\u00e3o no Rio e as elei\\u00e7\\u00f5es de 2018 | Arquivo\",\"headline\":\"A Interven\\u00e7\\u00e3o no Rio e as elei\\u00e7\\u00f5es de 2018\",\"author\":{\"@id\":\"https:\\\/\\\/www.jornalja.com.br\\\/arquivo\\\/author\\\/daredacao\\\/#author\"},\"publisher\":{\"@id\":\"https:\\\/\\\/www.jornalja.com.br\\\/arquivo\\\/#organization\"},\"image\":{\"@type\":\"ImageObject\",\"url\":\"https:\\\/\\\/www.jornalja.com.br\\\/wp-content\\\/uploads\\\/cards\\\/JAslogan.png\",\"@id\":\"https:\\\/\\\/www.jornalja.com.br\\\/arquivo\\\/#articleImage\"},\"datePublished\":\"2017-08-01T10:12:47-03:00\",\"dateModified\":\"2017-08-01T10:12:47-03:00\",\"inLanguage\":\"pt-BR\",\"mainEntityOfPage\":{\"@id\":\"https:\\\/\\\/www.jornalja.com.br\\\/arquivo\\\/a-intervencao-no-rio-e-as-eleicoes-de-2018\\\/#webpage\"},\"isPartOf\":{\"@id\":\"https:\\\/\\\/www.jornalja.com.br\\\/arquivo\\\/a-intervencao-no-rio-e-as-eleicoes-de-2018\\\/#webpage\"},\"articleSection\":\"AN\\u00c1LISE&amp;OPINI\\u00c3O\"},{\"@type\":\"BreadcrumbList\",\"@id\":\"https:\\\/\\\/www.jornalja.com.br\\\/arquivo\\\/a-intervencao-no-rio-e-as-eleicoes-de-2018\\\/#breadcrumblist\",\"itemListElement\":[{\"@type\":\"ListItem\",\"@id\":\"https:\\\/\\\/www.jornalja.com.br\\\/arquivo#listItem\",\"position\":1,\"name\":\"Home\",\"item\":\"https:\\\/\\\/www.jornalja.com.br\\\/arquivo\",\"nextItem\":{\"@type\":\"ListItem\",\"@id\":\"https:\\\/\\\/www.jornalja.com.br\\\/arquivo\\\/category\\\/analiseopiniao\\\/#listItem\",\"name\":\"AN\\u00c1LISE&amp;OPINI\\u00c3O\"}},{\"@type\":\"ListItem\",\"@id\":\"https:\\\/\\\/www.jornalja.com.br\\\/arquivo\\\/category\\\/analiseopiniao\\\/#listItem\",\"position\":2,\"name\":\"AN\\u00c1LISE&amp;OPINI\\u00c3O\",\"item\":\"https:\\\/\\\/www.jornalja.com.br\\\/arquivo\\\/category\\\/analiseopiniao\\\/\",\"nextItem\":{\"@type\":\"ListItem\",\"@id\":\"https:\\\/\\\/www.jornalja.com.br\\\/arquivo\\\/a-intervencao-no-rio-e-as-eleicoes-de-2018\\\/#listItem\",\"name\":\"A Interven\\u00e7\\u00e3o no Rio e as elei\\u00e7\\u00f5es de 2018\"},\"previousItem\":{\"@type\":\"ListItem\",\"@id\":\"https:\\\/\\\/www.jornalja.com.br\\\/arquivo#listItem\",\"name\":\"Home\"}},{\"@type\":\"ListItem\",\"@id\":\"https:\\\/\\\/www.jornalja.com.br\\\/arquivo\\\/a-intervencao-no-rio-e-as-eleicoes-de-2018\\\/#listItem\",\"position\":3,\"name\":\"A Interven\\u00e7\\u00e3o no Rio e as elei\\u00e7\\u00f5es de 2018\",\"previousItem\":{\"@type\":\"ListItem\",\"@id\":\"https:\\\/\\\/www.jornalja.com.br\\\/arquivo\\\/category\\\/analiseopiniao\\\/#listItem\",\"name\":\"AN\\u00c1LISE&amp;OPINI\\u00c3O\"}}]},{\"@type\":\"Organization\",\"@id\":\"https:\\\/\\\/www.jornalja.com.br\\\/arquivo\\\/#organization\",\"name\":\"Jornal J\\u00c1\",\"description\":\"Jornal J\\u00c1 | Porto Alegre\",\"url\":\"https:\\\/\\\/www.jornalja.com.br\\\/arquivo\\\/\",\"telephone\":\"+555133307272\",\"logo\":{\"@type\":\"ImageObject\",\"url\":\"https:\\\/\\\/www.jornalja.com.br\\\/wp-content\\\/uploads\\\/cards\\\/JAslogan.png\",\"@id\":\"https:\\\/\\\/www.jornalja.com.br\\\/arquivo\\\/a-intervencao-no-rio-e-as-eleicoes-de-2018\\\/#organizationLogo\"},\"image\":{\"@id\":\"https:\\\/\\\/www.jornalja.com.br\\\/arquivo\\\/a-intervencao-no-rio-e-as-eleicoes-de-2018\\\/#organizationLogo\"}},{\"@type\":\"Person\",\"@id\":\"https:\\\/\\\/www.jornalja.com.br\\\/arquivo\\\/author\\\/daredacao\\\/#author\",\"url\":\"https:\\\/\\\/www.jornalja.com.br\\\/arquivo\\\/author\\\/daredacao\\\/\",\"name\":\"da Reda\\u00e7\\u00e3o\",\"image\":{\"@type\":\"ImageObject\",\"@id\":\"https:\\\/\\\/www.jornalja.com.br\\\/arquivo\\\/a-intervencao-no-rio-e-as-eleicoes-de-2018\\\/#authorImage\",\"url\":\"https:\\\/\\\/secure.gravatar.com\\\/avatar\\\/469fd857d6605ad19919d27ed29d35a968a25f6e8fd9318356bbb7f57aae9c65?s=96&d=mm&r=g\",\"width\":96,\"height\":96,\"caption\":\"da Reda\\u00e7\\u00e3o\"}},{\"@type\":\"WebPage\",\"@id\":\"https:\\\/\\\/www.jornalja.com.br\\\/arquivo\\\/a-intervencao-no-rio-e-as-eleicoes-de-2018\\\/#webpage\",\"url\":\"https:\\\/\\\/www.jornalja.com.br\\\/arquivo\\\/a-intervencao-no-rio-e-as-eleicoes-de-2018\\\/\",\"name\":\"A Interven\\u00e7\\u00e3o no Rio e as elei\\u00e7\\u00f5es de 2018 | Arquivo\",\"inLanguage\":\"pt-BR\",\"isPartOf\":{\"@id\":\"https:\\\/\\\/www.jornalja.com.br\\\/arquivo\\\/#website\"},\"breadcrumb\":{\"@id\":\"https:\\\/\\\/www.jornalja.com.br\\\/arquivo\\\/a-intervencao-no-rio-e-as-eleicoes-de-2018\\\/#breadcrumblist\"},\"author\":{\"@id\":\"https:\\\/\\\/www.jornalja.com.br\\\/arquivo\\\/author\\\/daredacao\\\/#author\"},\"creator\":{\"@id\":\"https:\\\/\\\/www.jornalja.com.br\\\/arquivo\\\/author\\\/daredacao\\\/#author\"},\"datePublished\":\"2017-08-01T10:12:47-03:00\",\"dateModified\":\"2017-08-01T10:12:47-03:00\"},{\"@type\":\"WebSite\",\"@id\":\"https:\\\/\\\/www.jornalja.com.br\\\/arquivo\\\/#website\",\"url\":\"https:\\\/\\\/www.jornalja.com.br\\\/arquivo\\\/\",\"name\":\"Arquivo\",\"description\":\"Jornal J\\u00c1 | Porto Alegre\",\"inLanguage\":\"pt-BR\",\"publisher\":{\"@id\":\"https:\\\/\\\/www.jornalja.com.br\\\/arquivo\\\/#organization\"}}]}\n\t\t<\/script>\n\t\t<!-- All in One SEO -->\n\n","aioseo_head_json":{"title":"A Interven\u00e7\u00e3o no Rio e as elei\u00e7\u00f5es de 2018 | Arquivo","description":"","canonical_url":"https:\/\/www.jornalja.com.br\/arquivo\/a-intervencao-no-rio-e-as-eleicoes-de-2018\/","robots":"max-image-preview:large","keywords":"","webmasterTools":{"miscellaneous":""},"schema":{"@context":"https:\/\/schema.org","@graph":[{"@type":"BlogPosting","@id":"https:\/\/www.jornalja.com.br\/arquivo\/a-intervencao-no-rio-e-as-eleicoes-de-2018\/#blogposting","name":"A Interven\u00e7\u00e3o no Rio e as elei\u00e7\u00f5es de 2018 | Arquivo","headline":"A Interven\u00e7\u00e3o no Rio e as elei\u00e7\u00f5es de 2018","author":{"@id":"https:\/\/www.jornalja.com.br\/arquivo\/author\/daredacao\/#author"},"publisher":{"@id":"https:\/\/www.jornalja.com.br\/arquivo\/#organization"},"image":{"@type":"ImageObject","url":"https:\/\/www.jornalja.com.br\/wp-content\/uploads\/cards\/JAslogan.png","@id":"https:\/\/www.jornalja.com.br\/arquivo\/#articleImage"},"datePublished":"2017-08-01T10:12:47-03:00","dateModified":"2017-08-01T10:12:47-03:00","inLanguage":"pt-BR","mainEntityOfPage":{"@id":"https:\/\/www.jornalja.com.br\/arquivo\/a-intervencao-no-rio-e-as-eleicoes-de-2018\/#webpage"},"isPartOf":{"@id":"https:\/\/www.jornalja.com.br\/arquivo\/a-intervencao-no-rio-e-as-eleicoes-de-2018\/#webpage"},"articleSection":"AN\u00c1LISE&amp;OPINI\u00c3O"},{"@type":"BreadcrumbList","@id":"https:\/\/www.jornalja.com.br\/arquivo\/a-intervencao-no-rio-e-as-eleicoes-de-2018\/#breadcrumblist","itemListElement":[{"@type":"ListItem","@id":"https:\/\/www.jornalja.com.br\/arquivo#listItem","position":1,"name":"Home","item":"https:\/\/www.jornalja.com.br\/arquivo","nextItem":{"@type":"ListItem","@id":"https:\/\/www.jornalja.com.br\/arquivo\/category\/analiseopiniao\/#listItem","name":"AN\u00c1LISE&amp;OPINI\u00c3O"}},{"@type":"ListItem","@id":"https:\/\/www.jornalja.com.br\/arquivo\/category\/analiseopiniao\/#listItem","position":2,"name":"AN\u00c1LISE&amp;OPINI\u00c3O","item":"https:\/\/www.jornalja.com.br\/arquivo\/category\/analiseopiniao\/","nextItem":{"@type":"ListItem","@id":"https:\/\/www.jornalja.com.br\/arquivo\/a-intervencao-no-rio-e-as-eleicoes-de-2018\/#listItem","name":"A Interven\u00e7\u00e3o no Rio e as elei\u00e7\u00f5es de 2018"},"previousItem":{"@type":"ListItem","@id":"https:\/\/www.jornalja.com.br\/arquivo#listItem","name":"Home"}},{"@type":"ListItem","@id":"https:\/\/www.jornalja.com.br\/arquivo\/a-intervencao-no-rio-e-as-eleicoes-de-2018\/#listItem","position":3,"name":"A Interven\u00e7\u00e3o no Rio e as elei\u00e7\u00f5es de 2018","previousItem":{"@type":"ListItem","@id":"https:\/\/www.jornalja.com.br\/arquivo\/category\/analiseopiniao\/#listItem","name":"AN\u00c1LISE&amp;OPINI\u00c3O"}}]},{"@type":"Organization","@id":"https:\/\/www.jornalja.com.br\/arquivo\/#organization","name":"Jornal J\u00c1","description":"Jornal J\u00c1 | Porto Alegre","url":"https:\/\/www.jornalja.com.br\/arquivo\/","telephone":"+555133307272","logo":{"@type":"ImageObject","url":"https:\/\/www.jornalja.com.br\/wp-content\/uploads\/cards\/JAslogan.png","@id":"https:\/\/www.jornalja.com.br\/arquivo\/a-intervencao-no-rio-e-as-eleicoes-de-2018\/#organizationLogo"},"image":{"@id":"https:\/\/www.jornalja.com.br\/arquivo\/a-intervencao-no-rio-e-as-eleicoes-de-2018\/#organizationLogo"}},{"@type":"Person","@id":"https:\/\/www.jornalja.com.br\/arquivo\/author\/daredacao\/#author","url":"https:\/\/www.jornalja.com.br\/arquivo\/author\/daredacao\/","name":"da Reda\u00e7\u00e3o","image":{"@type":"ImageObject","@id":"https:\/\/www.jornalja.com.br\/arquivo\/a-intervencao-no-rio-e-as-eleicoes-de-2018\/#authorImage","url":"https:\/\/secure.gravatar.com\/avatar\/469fd857d6605ad19919d27ed29d35a968a25f6e8fd9318356bbb7f57aae9c65?s=96&d=mm&r=g","width":96,"height":96,"caption":"da Reda\u00e7\u00e3o"}},{"@type":"WebPage","@id":"https:\/\/www.jornalja.com.br\/arquivo\/a-intervencao-no-rio-e-as-eleicoes-de-2018\/#webpage","url":"https:\/\/www.jornalja.com.br\/arquivo\/a-intervencao-no-rio-e-as-eleicoes-de-2018\/","name":"A Interven\u00e7\u00e3o no Rio e as elei\u00e7\u00f5es de 2018 | Arquivo","inLanguage":"pt-BR","isPartOf":{"@id":"https:\/\/www.jornalja.com.br\/arquivo\/#website"},"breadcrumb":{"@id":"https:\/\/www.jornalja.com.br\/arquivo\/a-intervencao-no-rio-e-as-eleicoes-de-2018\/#breadcrumblist"},"author":{"@id":"https:\/\/www.jornalja.com.br\/arquivo\/author\/daredacao\/#author"},"creator":{"@id":"https:\/\/www.jornalja.com.br\/arquivo\/author\/daredacao\/#author"},"datePublished":"2017-08-01T10:12:47-03:00","dateModified":"2017-08-01T10:12:47-03:00"},{"@type":"WebSite","@id":"https:\/\/www.jornalja.com.br\/arquivo\/#website","url":"https:\/\/www.jornalja.com.br\/arquivo\/","name":"Arquivo","description":"Jornal J\u00c1 | Porto Alegre","inLanguage":"pt-BR","publisher":{"@id":"https:\/\/www.jornalja.com.br\/arquivo\/#organization"}}]},"og:locale":"pt_BR","og:site_name":"Arquivo | Jornal J\u00c1 | Porto Alegre","og:type":"article","og:title":"A Interven\u00e7\u00e3o no Rio e as elei\u00e7\u00f5es de 2018 | Arquivo","og:url":"https:\/\/www.jornalja.com.br\/arquivo\/a-intervencao-no-rio-e-as-eleicoes-de-2018\/","og:image":"https:\/\/www.jornalja.com.br\/economics\/wp-content\/uploads\/sites\/11\/2026\/08\/ja-folhaderosto-facebook.jpg","og:image:secure_url":"https:\/\/www.jornalja.com.br\/economics\/wp-content\/uploads\/sites\/11\/2026\/08\/ja-folhaderosto-facebook.jpg","article:published_time":"2017-08-01T13:12:47+00:00","article:modified_time":"2017-08-01T13:12:47+00:00","twitter:card":"summary","twitter:title":"A Interven\u00e7\u00e3o no Rio e as elei\u00e7\u00f5es de 2018 | Arquivo","twitter:image":"https:\/\/www.jornalja.com.br\/economics\/wp-content\/uploads\/sites\/11\/2026\/08\/ja-folhaderosto-facebook.jpg"},"aioseo_meta_data":{"post_id":"52406","title":null,"description":null,"keywords":null,"keyphrases":null,"primary_term":null,"canonical_url":null,"og_title":null,"og_description":null,"og_object_type":"default","og_image_type":"default","og_image_url":null,"og_image_width":null,"og_image_height":null,"og_image_custom_url":null,"og_image_custom_fields":null,"og_video":null,"og_custom_url":null,"og_article_section":null,"og_article_tags":null,"twitter_use_og":false,"twitter_card":"default","twitter_image_type":"default","twitter_image_url":null,"twitter_image_custom_url":null,"twitter_image_custom_fields":null,"twitter_title":null,"twitter_description":null,"schema":{"blockGraphs":[],"customGraphs":[],"default":{"data":{"Article":[],"Course":[],"Dataset":[],"FAQPage":[],"Movie":[],"Person":[],"Product":[],"ProductReview":[],"Car":[],"Recipe":[],"Service":[],"SoftwareApplication":[],"WebPage":[]},"graphName":"","isEnabled":true},"graphs":[],"defaultGraph":"","defaultPostTypeGraph":""},"schema_type":null,"schema_type_options":null,"pillar_content":false,"robots_default":true,"robots_noindex":false,"robots_noarchive":false,"robots_nosnippet":false,"robots_nofollow":false,"robots_noimageindex":false,"robots_noodp":false,"robots_notranslate":false,"robots_max_snippet":null,"robots_max_videopreview":null,"robots_max_imagepreview":"large","priority":null,"frequency":null,"location":null,"local_seo":null,"breadcrumb_settings":null,"limit_modified_date":false,"ai":null,"created":"2020-12-20 20:28:19","updated":"2025-07-19 23:54:08","seo_analyzer_scan_date":null,"focus_keyword":null,"additional_keywords":null,"truseo_locale":null},"jetpack_sharing_enabled":true,"jetpack-related-posts":[{"id":13109,"url":"https:\/\/www.jornalja.com.br\/arquivo\/judiciario-reconhece-poluicao-eletromagnetica\/","url_meta":{"origin":52406,"position":0},"title":"Judici\u00e1rio reconhece polui\u00e7\u00e3o eletromagn\u00e9tica","author":"Patr\u00edcia Marini","date":"16 de maio de 2014","format":false,"excerpt":"A\u00e7\u00e3o de duas associa\u00e7\u00f5es de moradores foi acolhida pelo Tribunal de Justi\u00e7a de S\u00e3o Paulo que. em decis\u00e3o in\u00e9dita, determinou a redu\u00e7\u00e3o do campo eletromagn\u00e9tico gerado pelas linhas de transmiss\u00e3o de energia que cortam os bairros City Boa\u00e7ava e Alto de Pinheiros. \u00c9 a primeira vez que um tribunal do\u2026","rel":"","context":"Em &quot;X.Categorias velhas&quot;","block_context":{"text":"X.Categorias velhas","link":"https:\/\/www.jornalja.com.br\/arquivo\/category\/x-categorias-velhas\/"},"img":{"alt_text":"","src":"","width":0,"height":0},"classes":[]},{"id":13128,"url":"https:\/\/www.jornalja.com.br\/arquivo\/maconha-terra-diz-que-uso-medicinal-e-desculpa\/","url_meta":{"origin":52406,"position":1},"title":"Maconha: Terra diz que uso medicinal \u00e9 desculpa","author":"Patr\u00edcia Marini","date":"4 de junho de 2014","format":false,"excerpt":"A condi\u00e7\u00e3o de pol\u00edtico, em \u00e9poca de campanha de campanha eleitoral, tira for\u00e7a do discurso do m\u00e9dico Osmar Terra contra a legaliza\u00e7\u00e3o da maconha. A tese dele de que a libera\u00e7\u00e3o vai ampliar exponencialmente o consumo \u00e9 discutivel, o consumo \u00e9 corrente. Mas seus alertas quanto aos riscos tem que\u2026","rel":"","context":"Em &quot;X.Categorias velhas&quot;","block_context":{"text":"X.Categorias velhas","link":"https:\/\/www.jornalja.com.br\/arquivo\/category\/x-categorias-velhas\/"},"img":{"alt_text":"","src":"","width":0,"height":0},"classes":[]},{"id":14241,"url":"https:\/\/www.jornalja.com.br\/arquivo\/o-guaiba-nas-imagens-poeticas-de-achutti\/","url_meta":{"origin":52406,"position":2},"title":"O Gua\u00edba nas imagens po\u00e9ticas de Achutti","author":"da Reda\u00e7\u00e3o","date":"18 de junho de 2014","format":false,"excerpt":"Em \u201cO Gua\u00edba por Achutti\u201d \u2013 obra financiada via Minist\u00e9rio da Cultura, produ\u00e7\u00e3o executiva de Pedro Longhi, e Fl\u00e1vio Wild como designer \u2013, o fot\u00f3grafo revela a beleza e as mazelas de um espa\u00e7o aqu\u00e1tico de \u00e1guas sempre renovadas, cheio de hist\u00f3rias e lendas como as das cidades que foram\u2026","rel":"","context":"Em &quot;Cultura-Geral&quot;","block_context":{"text":"Cultura-Geral","link":"https:\/\/www.jornalja.com.br\/arquivo\/category\/materiasecundaria\/"},"img":{"alt_text":"","src":"","width":0,"height":0},"classes":[]},{"id":5440,"url":"https:\/\/www.jornalja.com.br\/arquivo\/casarao-da-venancio-destino-permanece-incerto\/","url_meta":{"origin":52406,"position":3},"title":"Estado ainda n\u00e3o sabe o que fazer com casar\u00e3o abandonado h\u00e1 20 anos","author":"Elmar Bones","date":"6 de julho de 2009","format":false,"excerpt":"O casar\u00e3o amarelo, numa esquina nobre de Porto Alegre (Ven\u00e2ncio Aires com Jo\u00e3o Pessoa), j\u00e1 abrigou uma escola. H\u00e1 duas d\u00e9cadas, pelo menos, est\u00e1 abandonado, porque seu propriet\u00e1rio, o governo do Estado do Rio Grande do Sul, n\u00e3o consegue achar um destino para ele. Planos n\u00e3o faltaram. O governador Ol\u00edvio\u2026","rel":"","context":"Em &quot;X.Categorias velhas&quot;","block_context":{"text":"X.Categorias velhas","link":"https:\/\/www.jornalja.com.br\/arquivo\/category\/x-categorias-velhas\/"},"img":{"alt_text":"geraldo1","src":"https:\/\/i0.wp.com\/www.jornalja.com.br\/wp-content\/uploads\/2009\/07\/geraldo1.jpg?resize=350%2C200&ssl=1","width":350,"height":200},"classes":[]},{"id":13124,"url":"https:\/\/www.jornalja.com.br\/arquivo\/sangue-latino-no-iecine\/","url_meta":{"origin":52406,"position":4},"title":"Sangue latino no IECINE","author":"da Reda\u00e7\u00e3o","date":"18 de maio de 2014","format":false,"excerpt":"Francisco Ribeiro O Instituto Estadual de Cinema (IECINE) tem a frente, desde abril \u00faltimo, um novo diretor, o cineasta colombiano Juan Zapata, 36, que substitui Luiz Alberto Cassol. Radicado h\u00e1 dez anos em Porto Alegre, Zapata tem diante de si o desafio de conduzir at\u00e9 o final do ano um\u2026","rel":"","context":"Em &quot;Cultura-Geral&quot;","block_context":{"text":"Cultura-Geral","link":"https:\/\/www.jornalja.com.br\/arquivo\/category\/materiasecundaria\/"},"img":{"alt_text":"","src":"","width":0,"height":0},"classes":[]},{"id":13239,"url":"https:\/\/www.jornalja.com.br\/arquivo\/conselho-desdenha-do-plano-diretor\/","url_meta":{"origin":52406,"position":5},"title":"Porto Alegre: Conselho detona Plano Diretor","author":"Patr\u00edcia Marini","date":"25 de maio de 2014","format":false,"excerpt":"Den\u00fancia do arquiteto e \u00a0urbanista Ibir\u00e1 Santos Lucas. Ele diz que os conselheiros est\u00e3o votando com \"enorme irresponsabilidade\". \"Mudam regime com a maior naturalidade,,,regularizam absurdos de constru\u00e7\u00f5es irregulares... \"O CMDUA est\u00e1 flexibilizando a lei do plano diretor, de uma forma impactante na vida da cidade. Mudam regime com a maior\u2026","rel":"","context":"Em &quot;Geral&quot;","block_context":{"text":"Geral","link":"https:\/\/www.jornalja.com.br\/arquivo\/category\/geral\/"},"img":{"alt_text":"","src":"","width":0,"height":0},"classes":[]}],"jetpack_shortlink":"https:\/\/wp.me\/pbQjBd-dDg","jetpack_featured_media_url":"","_links":{"self":[{"href":"https:\/\/www.jornalja.com.br\/arquivo\/wp-json\/wp\/v2\/posts\/52406","targetHints":{"allow":["GET"]}}],"collection":[{"href":"https:\/\/www.jornalja.com.br\/arquivo\/wp-json\/wp\/v2\/posts"}],"about":[{"href":"https:\/\/www.jornalja.com.br\/arquivo\/wp-json\/wp\/v2\/types\/post"}],"author":[{"embeddable":true,"href":"https:\/\/www.jornalja.com.br\/arquivo\/wp-json\/wp\/v2\/users\/4"}],"replies":[{"embeddable":true,"href":"https:\/\/www.jornalja.com.br\/arquivo\/wp-json\/wp\/v2\/comments?post=52406"}],"version-history":[{"count":0,"href":"https:\/\/www.jornalja.com.br\/arquivo\/wp-json\/wp\/v2\/posts\/52406\/revisions"}],"wp:attachment":[{"href":"https:\/\/www.jornalja.com.br\/arquivo\/wp-json\/wp\/v2\/media?parent=52406"}],"wp:term":[{"taxonomy":"category","embeddable":true,"href":"https:\/\/www.jornalja.com.br\/arquivo\/wp-json\/wp\/v2\/categories?post=52406"},{"taxonomy":"post_tag","embeddable":true,"href":"https:\/\/www.jornalja.com.br\/arquivo\/wp-json\/wp\/v2\/tags?post=52406"}],"curies":[{"name":"wp","href":"https:\/\/api.w.org\/{rel}","templated":true}]}}