{"id":52447,"date":"2017-07-31T17:20:47","date_gmt":"2017-07-31T20:20:47","guid":{"rendered":"https:\/\/www.jornalja.com.br\/?p=52447"},"modified":"2017-07-31T17:20:47","modified_gmt":"2017-07-31T20:20:47","slug":"sema-reajusta-ingresso-nos-parques-estaduais-de-itapua-e-do-turvo","status":"publish","type":"post","link":"https:\/\/www.jornalja.com.br\/arquivo\/sema-reajusta-ingresso-nos-parques-estaduais-de-itapua-e-do-turvo\/","title":{"rendered":"SEMA reajusta ingresso nos parques estaduais de Itapu\u00e3 e do Turvo"},"content":{"rendered":"<p>A Secretaria do Ambiente e Desenvolvimento Sustent\u00e1vel (Sema) atualizou os valores dos ingressos para visita\u00e7\u00e3o das Unidades de Conserva\u00e7\u00e3o do Estado. Com o reajuste, a partir de 01 de agosto a entrada no Parque Estadual de Itapu\u00e3, em Viam\u00e3o, e no Parque Estadual do Turvo, no munic\u00edpio de Derrubadas, passa para R$ 16.<br \/>\nA secret\u00e1ria adjunta Maria Patr\u00edcia M\u00f6llmann explica que a medida \u00e9 resultado de uma readequa\u00e7\u00e3o na forma de cobran\u00e7a do ingresso, n\u00e3o havendo mais a necessidade de enquadramento por tipo de ve\u00edculo e sim a cobran\u00e7a do valor do ingresso por visitante, necess\u00e1ria para a manuten\u00e7\u00e3o dos espa\u00e7os de usos p\u00fablicos. A atualiza\u00e7\u00e3o das taxas est\u00e1 prevista na Lei 15.017 de 13 de julho de 2017.<br \/>\nO Parque Estadual de Itapu\u00e3 \u00e9 muito procurado, especialmente no ver\u00e3o por conta das Praias das Pombas, de Fora e da Pedreira. E no Parque Estadual do Turvo est\u00e1 localizado o maior conjunto de quedas d&#8217;\u00e1gua longitudinal do planeta, o Salto do Yucum\u00e3. Nas demais Unidades de Conserva\u00e7\u00e3o Ambiental s\u00e3o realizadas atividades cient\u00edficas e educativas previamente agendadas.<br \/>\nAs Unidades de Conserva\u00e7\u00e3o s\u00e3o \u00e1reas destinadas \u00e0 conserva\u00e7\u00e3o dos ecossistemas naturais, podendo ocorrer atividades como a visita\u00e7\u00e3o, desde que esta seja compat\u00edvel com a prote\u00e7\u00e3o dos ambientes. Dependendo da categoria da Unidade de Conserva\u00e7\u00e3o, \u00e9 permitida a visita\u00e7\u00e3o com finalidade tur\u00edstica, recreativa e\/ou educacional. No entanto, mesmo que a visita\u00e7\u00e3o seja tur\u00edstica, ela deve prezar pela conserva\u00e7\u00e3o, instigando a valoriza\u00e7\u00e3o ambiental. Essas atividades devem respeitar o patrim\u00f4nio dessas \u00e1reas especialmente protegidas.<\/p>\n","protected":false},"excerpt":{"rendered":"<p>A Secretaria do Ambiente e Desenvolvimento Sustent\u00e1vel (Sema) atualizou os valores dos ingressos para visita\u00e7\u00e3o das Unidades de Conserva\u00e7\u00e3o do Estado. Com o reajuste, a partir de 01 de agosto a entrada no Parque Estadual de Itapu\u00e3, em Viam\u00e3o, e no Parque Estadual do Turvo, no munic\u00edpio de Derrubadas, passa para R$ 16. A secret\u00e1ria [&hellip;]<\/p>\n","protected":false},"author":4,"featured_media":52448,"comment_status":"open","ping_status":"closed","sticky":false,"template":"","format":"standard","meta":{"_jetpack_newsletter_access":"","_jetpack_dont_email_post_to_subs":false,"_jetpack_newsletter_tier_id":0,"_jetpack_memberships_contains_paywalled_content":false,"_jetpack_feature_clip_id":0,"_jetpack_memberships_contains_paid_content":false,"footnotes":"","jetpack_post_was_ever_published":false},"categories":[26],"tags":[],"class_list":["post-52447","post","type-post","status-publish","format-standard","has-post-thumbnail","hentry","category-geral"],"aioseo_notices":[],"aioseo_head":"\n\t\t<!-- All in One SEO 5.0.1.1 - aioseo.com -->\n\t<meta name=\"robots\" content=\"max-image-preview:large\" \/>\n\t<meta name=\"author\" content=\"da Reda\u00e7\u00e3o\"\/>\n\t<link rel=\"canonical\" href=\"https:\/\/www.jornalja.com.br\/arquivo\/sema-reajusta-ingresso-nos-parques-estaduais-de-itapua-e-do-turvo\/\" \/>\n\t<meta name=\"generator\" content=\"All in One SEO (AIOSEO) 5.0.1.1\" \/>\n\t\t<meta property=\"og:locale\" content=\"pt_BR\" \/>\n\t\t<meta property=\"og:site_name\" content=\"Arquivo | Jornal J\u00c1 | Porto Alegre\" \/>\n\t\t<meta property=\"og:type\" content=\"article\" \/>\n\t\t<meta property=\"og:title\" content=\"SEMA reajusta ingresso nos parques estaduais de Itapu\u00e3 e do Turvo | Arquivo\" \/>\n\t\t<meta property=\"og:url\" content=\"https:\/\/www.jornalja.com.br\/arquivo\/sema-reajusta-ingresso-nos-parques-estaduais-de-itapua-e-do-turvo\/\" \/>\n\t\t<meta property=\"og:image\" content=\"https:\/\/www.jornalja.com.br\/economics\/wp-content\/uploads\/sites\/11\/2026\/08\/ja-folhaderosto-facebook.jpg\" \/>\n\t\t<meta property=\"og:image:secure_url\" content=\"https:\/\/www.jornalja.com.br\/economics\/wp-content\/uploads\/sites\/11\/2026\/08\/ja-folhaderosto-facebook.jpg\" \/>\n\t\t<meta property=\"article:published_time\" content=\"2017-07-31T20:20:47+00:00\" \/>\n\t\t<meta property=\"article:modified_time\" content=\"2017-07-31T20:20:47+00:00\" \/>\n\t\t<meta name=\"twitter:card\" content=\"summary\" \/>\n\t\t<meta name=\"twitter:title\" content=\"SEMA reajusta ingresso nos parques estaduais de Itapu\u00e3 e do Turvo | Arquivo\" \/>\n\t\t<meta name=\"twitter:image\" content=\"https:\/\/www.jornalja.com.br\/economics\/wp-content\/uploads\/sites\/11\/2026\/08\/ja-folhaderosto-facebook.jpg\" \/>\n\t\t<script type=\"application\/ld+json\" class=\"aioseo-schema\">\n\t\t\t{\"@context\":\"https:\\\/\\\/schema.org\",\"@graph\":[{\"@type\":\"BlogPosting\",\"@id\":\"https:\\\/\\\/www.jornalja.com.br\\\/arquivo\\\/sema-reajusta-ingresso-nos-parques-estaduais-de-itapua-e-do-turvo\\\/#blogposting\",\"name\":\"SEMA reajusta ingresso nos parques estaduais de Itapu\\u00e3 e do Turvo | Arquivo\",\"headline\":\"SEMA reajusta ingresso nos parques estaduais de Itapu\\u00e3 e do Turvo\",\"author\":{\"@id\":\"https:\\\/\\\/www.jornalja.com.br\\\/arquivo\\\/author\\\/daredacao\\\/#author\"},\"publisher\":{\"@id\":\"https:\\\/\\\/www.jornalja.com.br\\\/arquivo\\\/#organization\"},\"image\":{\"@type\":\"ImageObject\",\"url\":52448},\"datePublished\":\"2017-07-31T17:20:47-03:00\",\"dateModified\":\"2017-07-31T17:20:47-03:00\",\"inLanguage\":\"pt-BR\",\"mainEntityOfPage\":{\"@id\":\"https:\\\/\\\/www.jornalja.com.br\\\/arquivo\\\/sema-reajusta-ingresso-nos-parques-estaduais-de-itapua-e-do-turvo\\\/#webpage\"},\"isPartOf\":{\"@id\":\"https:\\\/\\\/www.jornalja.com.br\\\/arquivo\\\/sema-reajusta-ingresso-nos-parques-estaduais-de-itapua-e-do-turvo\\\/#webpage\"},\"articleSection\":\"Geral\"},{\"@type\":\"BreadcrumbList\",\"@id\":\"https:\\\/\\\/www.jornalja.com.br\\\/arquivo\\\/sema-reajusta-ingresso-nos-parques-estaduais-de-itapua-e-do-turvo\\\/#breadcrumblist\",\"itemListElement\":[{\"@type\":\"ListItem\",\"@id\":\"https:\\\/\\\/www.jornalja.com.br\\\/arquivo#listItem\",\"position\":1,\"name\":\"Home\",\"item\":\"https:\\\/\\\/www.jornalja.com.br\\\/arquivo\",\"nextItem\":{\"@type\":\"ListItem\",\"@id\":\"https:\\\/\\\/www.jornalja.com.br\\\/arquivo\\\/category\\\/geral\\\/#listItem\",\"name\":\"Geral\"}},{\"@type\":\"ListItem\",\"@id\":\"https:\\\/\\\/www.jornalja.com.br\\\/arquivo\\\/category\\\/geral\\\/#listItem\",\"position\":2,\"name\":\"Geral\",\"item\":\"https:\\\/\\\/www.jornalja.com.br\\\/arquivo\\\/category\\\/geral\\\/\",\"nextItem\":{\"@type\":\"ListItem\",\"@id\":\"https:\\\/\\\/www.jornalja.com.br\\\/arquivo\\\/sema-reajusta-ingresso-nos-parques-estaduais-de-itapua-e-do-turvo\\\/#listItem\",\"name\":\"SEMA reajusta ingresso nos parques estaduais de Itapu\\u00e3 e do Turvo\"},\"previousItem\":{\"@type\":\"ListItem\",\"@id\":\"https:\\\/\\\/www.jornalja.com.br\\\/arquivo#listItem\",\"name\":\"Home\"}},{\"@type\":\"ListItem\",\"@id\":\"https:\\\/\\\/www.jornalja.com.br\\\/arquivo\\\/sema-reajusta-ingresso-nos-parques-estaduais-de-itapua-e-do-turvo\\\/#listItem\",\"position\":3,\"name\":\"SEMA reajusta ingresso nos parques estaduais de Itapu\\u00e3 e do Turvo\",\"previousItem\":{\"@type\":\"ListItem\",\"@id\":\"https:\\\/\\\/www.jornalja.com.br\\\/arquivo\\\/category\\\/geral\\\/#listItem\",\"name\":\"Geral\"}}]},{\"@type\":\"Organization\",\"@id\":\"https:\\\/\\\/www.jornalja.com.br\\\/arquivo\\\/#organization\",\"name\":\"Jornal J\\u00c1\",\"description\":\"Jornal J\\u00c1 | Porto Alegre\",\"url\":\"https:\\\/\\\/www.jornalja.com.br\\\/arquivo\\\/\",\"telephone\":\"+555133307272\",\"logo\":{\"@type\":\"ImageObject\",\"url\":\"https:\\\/\\\/www.jornalja.com.br\\\/wp-content\\\/uploads\\\/cards\\\/JAslogan.png\",\"@id\":\"https:\\\/\\\/www.jornalja.com.br\\\/arquivo\\\/sema-reajusta-ingresso-nos-parques-estaduais-de-itapua-e-do-turvo\\\/#organizationLogo\"},\"image\":{\"@id\":\"https:\\\/\\\/www.jornalja.com.br\\\/arquivo\\\/sema-reajusta-ingresso-nos-parques-estaduais-de-itapua-e-do-turvo\\\/#organizationLogo\"}},{\"@type\":\"Person\",\"@id\":\"https:\\\/\\\/www.jornalja.com.br\\\/arquivo\\\/author\\\/daredacao\\\/#author\",\"url\":\"https:\\\/\\\/www.jornalja.com.br\\\/arquivo\\\/author\\\/daredacao\\\/\",\"name\":\"da Reda\\u00e7\\u00e3o\",\"image\":{\"@type\":\"ImageObject\",\"@id\":\"https:\\\/\\\/www.jornalja.com.br\\\/arquivo\\\/sema-reajusta-ingresso-nos-parques-estaduais-de-itapua-e-do-turvo\\\/#authorImage\",\"url\":\"https:\\\/\\\/secure.gravatar.com\\\/avatar\\\/469fd857d6605ad19919d27ed29d35a968a25f6e8fd9318356bbb7f57aae9c65?s=96&d=mm&r=g\",\"width\":96,\"height\":96,\"caption\":\"da Reda\\u00e7\\u00e3o\"}},{\"@type\":\"WebPage\",\"@id\":\"https:\\\/\\\/www.jornalja.com.br\\\/arquivo\\\/sema-reajusta-ingresso-nos-parques-estaduais-de-itapua-e-do-turvo\\\/#webpage\",\"url\":\"https:\\\/\\\/www.jornalja.com.br\\\/arquivo\\\/sema-reajusta-ingresso-nos-parques-estaduais-de-itapua-e-do-turvo\\\/\",\"name\":\"SEMA reajusta ingresso nos parques estaduais de Itapu\\u00e3 e do Turvo | Arquivo\",\"inLanguage\":\"pt-BR\",\"isPartOf\":{\"@id\":\"https:\\\/\\\/www.jornalja.com.br\\\/arquivo\\\/#website\"},\"breadcrumb\":{\"@id\":\"https:\\\/\\\/www.jornalja.com.br\\\/arquivo\\\/sema-reajusta-ingresso-nos-parques-estaduais-de-itapua-e-do-turvo\\\/#breadcrumblist\"},\"author\":{\"@id\":\"https:\\\/\\\/www.jornalja.com.br\\\/arquivo\\\/author\\\/daredacao\\\/#author\"},\"creator\":{\"@id\":\"https:\\\/\\\/www.jornalja.com.br\\\/arquivo\\\/author\\\/daredacao\\\/#author\"},\"image\":{\"@type\":\"ImageObject\",\"url\":52448,\"@id\":\"https:\\\/\\\/www.jornalja.com.br\\\/arquivo\\\/sema-reajusta-ingresso-nos-parques-estaduais-de-itapua-e-do-turvo\\\/#mainImage\"},\"primaryImageOfPage\":{\"@id\":\"https:\\\/\\\/www.jornalja.com.br\\\/arquivo\\\/sema-reajusta-ingresso-nos-parques-estaduais-de-itapua-e-do-turvo\\\/#mainImage\"},\"datePublished\":\"2017-07-31T17:20:47-03:00\",\"dateModified\":\"2017-07-31T17:20:47-03:00\"},{\"@type\":\"WebSite\",\"@id\":\"https:\\\/\\\/www.jornalja.com.br\\\/arquivo\\\/#website\",\"url\":\"https:\\\/\\\/www.jornalja.com.br\\\/arquivo\\\/\",\"name\":\"Arquivo\",\"description\":\"Jornal J\\u00c1 | Porto Alegre\",\"inLanguage\":\"pt-BR\",\"publisher\":{\"@id\":\"https:\\\/\\\/www.jornalja.com.br\\\/arquivo\\\/#organization\"}}]}\n\t\t<\/script>\n\t\t<!-- All in One SEO -->\n\n","aioseo_head_json":{"title":"SEMA reajusta ingresso nos parques estaduais de Itapu\u00e3 e do Turvo | Arquivo","description":"","canonical_url":"https:\/\/www.jornalja.com.br\/arquivo\/sema-reajusta-ingresso-nos-parques-estaduais-de-itapua-e-do-turvo\/","robots":"max-image-preview:large","keywords":"","webmasterTools":{"miscellaneous":""},"schema":{"@context":"https:\/\/schema.org","@graph":[{"@type":"BlogPosting","@id":"https:\/\/www.jornalja.com.br\/arquivo\/sema-reajusta-ingresso-nos-parques-estaduais-de-itapua-e-do-turvo\/#blogposting","name":"SEMA reajusta ingresso nos parques estaduais de Itapu\u00e3 e do Turvo | Arquivo","headline":"SEMA reajusta ingresso nos parques estaduais de Itapu\u00e3 e do Turvo","author":{"@id":"https:\/\/www.jornalja.com.br\/arquivo\/author\/daredacao\/#author"},"publisher":{"@id":"https:\/\/www.jornalja.com.br\/arquivo\/#organization"},"image":{"@type":"ImageObject","url":52448},"datePublished":"2017-07-31T17:20:47-03:00","dateModified":"2017-07-31T17:20:47-03:00","inLanguage":"pt-BR","mainEntityOfPage":{"@id":"https:\/\/www.jornalja.com.br\/arquivo\/sema-reajusta-ingresso-nos-parques-estaduais-de-itapua-e-do-turvo\/#webpage"},"isPartOf":{"@id":"https:\/\/www.jornalja.com.br\/arquivo\/sema-reajusta-ingresso-nos-parques-estaduais-de-itapua-e-do-turvo\/#webpage"},"articleSection":"Geral"},{"@type":"BreadcrumbList","@id":"https:\/\/www.jornalja.com.br\/arquivo\/sema-reajusta-ingresso-nos-parques-estaduais-de-itapua-e-do-turvo\/#breadcrumblist","itemListElement":[{"@type":"ListItem","@id":"https:\/\/www.jornalja.com.br\/arquivo#listItem","position":1,"name":"Home","item":"https:\/\/www.jornalja.com.br\/arquivo","nextItem":{"@type":"ListItem","@id":"https:\/\/www.jornalja.com.br\/arquivo\/category\/geral\/#listItem","name":"Geral"}},{"@type":"ListItem","@id":"https:\/\/www.jornalja.com.br\/arquivo\/category\/geral\/#listItem","position":2,"name":"Geral","item":"https:\/\/www.jornalja.com.br\/arquivo\/category\/geral\/","nextItem":{"@type":"ListItem","@id":"https:\/\/www.jornalja.com.br\/arquivo\/sema-reajusta-ingresso-nos-parques-estaduais-de-itapua-e-do-turvo\/#listItem","name":"SEMA reajusta ingresso nos parques estaduais de Itapu\u00e3 e do Turvo"},"previousItem":{"@type":"ListItem","@id":"https:\/\/www.jornalja.com.br\/arquivo#listItem","name":"Home"}},{"@type":"ListItem","@id":"https:\/\/www.jornalja.com.br\/arquivo\/sema-reajusta-ingresso-nos-parques-estaduais-de-itapua-e-do-turvo\/#listItem","position":3,"name":"SEMA reajusta ingresso nos parques estaduais de Itapu\u00e3 e do Turvo","previousItem":{"@type":"ListItem","@id":"https:\/\/www.jornalja.com.br\/arquivo\/category\/geral\/#listItem","name":"Geral"}}]},{"@type":"Organization","@id":"https:\/\/www.jornalja.com.br\/arquivo\/#organization","name":"Jornal J\u00c1","description":"Jornal J\u00c1 | Porto Alegre","url":"https:\/\/www.jornalja.com.br\/arquivo\/","telephone":"+555133307272","logo":{"@type":"ImageObject","url":"https:\/\/www.jornalja.com.br\/wp-content\/uploads\/cards\/JAslogan.png","@id":"https:\/\/www.jornalja.com.br\/arquivo\/sema-reajusta-ingresso-nos-parques-estaduais-de-itapua-e-do-turvo\/#organizationLogo"},"image":{"@id":"https:\/\/www.jornalja.com.br\/arquivo\/sema-reajusta-ingresso-nos-parques-estaduais-de-itapua-e-do-turvo\/#organizationLogo"}},{"@type":"Person","@id":"https:\/\/www.jornalja.com.br\/arquivo\/author\/daredacao\/#author","url":"https:\/\/www.jornalja.com.br\/arquivo\/author\/daredacao\/","name":"da Reda\u00e7\u00e3o","image":{"@type":"ImageObject","@id":"https:\/\/www.jornalja.com.br\/arquivo\/sema-reajusta-ingresso-nos-parques-estaduais-de-itapua-e-do-turvo\/#authorImage","url":"https:\/\/secure.gravatar.com\/avatar\/469fd857d6605ad19919d27ed29d35a968a25f6e8fd9318356bbb7f57aae9c65?s=96&d=mm&r=g","width":96,"height":96,"caption":"da Reda\u00e7\u00e3o"}},{"@type":"WebPage","@id":"https:\/\/www.jornalja.com.br\/arquivo\/sema-reajusta-ingresso-nos-parques-estaduais-de-itapua-e-do-turvo\/#webpage","url":"https:\/\/www.jornalja.com.br\/arquivo\/sema-reajusta-ingresso-nos-parques-estaduais-de-itapua-e-do-turvo\/","name":"SEMA reajusta ingresso nos parques estaduais de Itapu\u00e3 e do Turvo | Arquivo","inLanguage":"pt-BR","isPartOf":{"@id":"https:\/\/www.jornalja.com.br\/arquivo\/#website"},"breadcrumb":{"@id":"https:\/\/www.jornalja.com.br\/arquivo\/sema-reajusta-ingresso-nos-parques-estaduais-de-itapua-e-do-turvo\/#breadcrumblist"},"author":{"@id":"https:\/\/www.jornalja.com.br\/arquivo\/author\/daredacao\/#author"},"creator":{"@id":"https:\/\/www.jornalja.com.br\/arquivo\/author\/daredacao\/#author"},"image":{"@type":"ImageObject","url":52448,"@id":"https:\/\/www.jornalja.com.br\/arquivo\/sema-reajusta-ingresso-nos-parques-estaduais-de-itapua-e-do-turvo\/#mainImage"},"primaryImageOfPage":{"@id":"https:\/\/www.jornalja.com.br\/arquivo\/sema-reajusta-ingresso-nos-parques-estaduais-de-itapua-e-do-turvo\/#mainImage"},"datePublished":"2017-07-31T17:20:47-03:00","dateModified":"2017-07-31T17:20:47-03:00"},{"@type":"WebSite","@id":"https:\/\/www.jornalja.com.br\/arquivo\/#website","url":"https:\/\/www.jornalja.com.br\/arquivo\/","name":"Arquivo","description":"Jornal J\u00c1 | Porto Alegre","inLanguage":"pt-BR","publisher":{"@id":"https:\/\/www.jornalja.com.br\/arquivo\/#organization"}}]},"og:locale":"pt_BR","og:site_name":"Arquivo | Jornal J\u00c1 | Porto Alegre","og:type":"article","og:title":"SEMA reajusta ingresso nos parques estaduais de Itapu\u00e3 e do Turvo | Arquivo","og:url":"https:\/\/www.jornalja.com.br\/arquivo\/sema-reajusta-ingresso-nos-parques-estaduais-de-itapua-e-do-turvo\/","og:image":"https:\/\/www.jornalja.com.br\/economics\/wp-content\/uploads\/sites\/11\/2026\/08\/ja-folhaderosto-facebook.jpg","og:image:secure_url":"https:\/\/www.jornalja.com.br\/economics\/wp-content\/uploads\/sites\/11\/2026\/08\/ja-folhaderosto-facebook.jpg","article:published_time":"2017-07-31T20:20:47+00:00","article:modified_time":"2017-07-31T20:20:47+00:00","twitter:card":"summary","twitter:title":"SEMA reajusta ingresso nos parques estaduais de Itapu\u00e3 e do Turvo | Arquivo","twitter:image":"https:\/\/www.jornalja.com.br\/economics\/wp-content\/uploads\/sites\/11\/2026\/08\/ja-folhaderosto-facebook.jpg"},"aioseo_meta_data":{"post_id":"52447","title":null,"description":null,"keywords":null,"keyphrases":null,"primary_term":null,"canonical_url":null,"og_title":null,"og_description":null,"og_object_type":"default","og_image_type":"default","og_image_url":null,"og_image_width":null,"og_image_height":null,"og_image_custom_url":null,"og_image_custom_fields":null,"og_video":null,"og_custom_url":null,"og_article_section":null,"og_article_tags":null,"twitter_use_og":false,"twitter_card":"default","twitter_image_type":"default","twitter_image_url":null,"twitter_image_custom_url":null,"twitter_image_custom_fields":null,"twitter_title":null,"twitter_description":null,"schema":{"blockGraphs":[],"customGraphs":[],"default":{"data":{"Article":[],"Course":[],"Dataset":[],"FAQPage":[],"Movie":[],"Person":[],"Product":[],"ProductReview":[],"Car":[],"Recipe":[],"Service":[],"SoftwareApplication":[],"WebPage":[]},"graphName":"","isEnabled":true},"graphs":[],"defaultGraph":"","defaultPostTypeGraph":""},"schema_type":null,"schema_type_options":null,"pillar_content":false,"robots_default":true,"robots_noindex":false,"robots_noarchive":false,"robots_nosnippet":false,"robots_nofollow":false,"robots_noimageindex":false,"robots_noodp":false,"robots_notranslate":false,"robots_max_snippet":null,"robots_max_videopreview":null,"robots_max_imagepreview":"large","priority":null,"frequency":null,"location":null,"local_seo":null,"breadcrumb_settings":null,"limit_modified_date":false,"ai":null,"created":"2020-12-20 20:28:19","updated":"2025-07-19 23:54:08","seo_analyzer_scan_date":null,"focus_keyword":null,"additional_keywords":null,"truseo_locale":null},"jetpack_sharing_enabled":true,"jetpack-related-posts":[{"id":13124,"url":"https:\/\/www.jornalja.com.br\/arquivo\/sangue-latino-no-iecine\/","url_meta":{"origin":52447,"position":0},"title":"Sangue latino no IECINE","author":"da Reda\u00e7\u00e3o","date":"18 de maio de 2014","format":false,"excerpt":"Francisco Ribeiro O Instituto Estadual de Cinema (IECINE) tem a frente, desde abril \u00faltimo, um novo diretor, o cineasta colombiano Juan Zapata, 36, que substitui Luiz Alberto Cassol. Radicado h\u00e1 dez anos em Porto Alegre, Zapata tem diante de si o desafio de conduzir at\u00e9 o final do ano um\u2026","rel":"","context":"Em &quot;Cultura-Geral&quot;","block_context":{"text":"Cultura-Geral","link":"https:\/\/www.jornalja.com.br\/arquivo\/category\/materiasecundaria\/"},"img":{"alt_text":"","src":"","width":0,"height":0},"classes":[]},{"id":13240,"url":"https:\/\/www.jornalja.com.br\/arquivo\/plano-diretor-estamos-construindo-o-caos\/","url_meta":{"origin":52447,"position":1},"title":"Plano diretor: &quot;Estamos construindo o caos&quot;","author":"Patr\u00edcia Marini","date":"26 de maio de 2014","format":false,"excerpt":"Desabafo que arquiteta Eliana Castilhos, delegada da Regi\u00e3o de Planejamento 1, postou nas redes sociais \u00e9 um testemunho do ambiente que se criou no Conselho do Plano Diretor de Porto Alegre, onde a aprova\u00e7\u00e3o de grandes empreendimentos \u00e9 empurrada guela abaixo dos conselheiros. Ao CMDUA Como delegada da Regi\u00e3o de\u2026","rel":"","context":"Em &quot;Geral&quot;","block_context":{"text":"Geral","link":"https:\/\/www.jornalja.com.br\/arquivo\/category\/geral\/"},"img":{"alt_text":"","src":"","width":0,"height":0},"classes":[]},{"id":5440,"url":"https:\/\/www.jornalja.com.br\/arquivo\/casarao-da-venancio-destino-permanece-incerto\/","url_meta":{"origin":52447,"position":2},"title":"Estado ainda n\u00e3o sabe o que fazer com casar\u00e3o abandonado h\u00e1 20 anos","author":"Elmar Bones","date":"6 de julho de 2009","format":false,"excerpt":"O casar\u00e3o amarelo, numa esquina nobre de Porto Alegre (Ven\u00e2ncio Aires com Jo\u00e3o Pessoa), j\u00e1 abrigou uma escola. H\u00e1 duas d\u00e9cadas, pelo menos, est\u00e1 abandonado, porque seu propriet\u00e1rio, o governo do Estado do Rio Grande do Sul, n\u00e3o consegue achar um destino para ele. Planos n\u00e3o faltaram. O governador Ol\u00edvio\u2026","rel":"","context":"Em &quot;X.Categorias velhas&quot;","block_context":{"text":"X.Categorias velhas","link":"https:\/\/www.jornalja.com.br\/arquivo\/category\/x-categorias-velhas\/"},"img":{"alt_text":"geraldo1","src":"https:\/\/i0.wp.com\/www.jornalja.com.br\/wp-content\/uploads\/2009\/07\/geraldo1.jpg?resize=350%2C200&ssl=1","width":350,"height":200},"classes":[]}],"jetpack_shortlink":"https:\/\/wp.me\/pbQjBd-dDV","jetpack_featured_media_url":"","_links":{"self":[{"href":"https:\/\/www.jornalja.com.br\/arquivo\/wp-json\/wp\/v2\/posts\/52447","targetHints":{"allow":["GET"]}}],"collection":[{"href":"https:\/\/www.jornalja.com.br\/arquivo\/wp-json\/wp\/v2\/posts"}],"about":[{"href":"https:\/\/www.jornalja.com.br\/arquivo\/wp-json\/wp\/v2\/types\/post"}],"author":[{"embeddable":true,"href":"https:\/\/www.jornalja.com.br\/arquivo\/wp-json\/wp\/v2\/users\/4"}],"replies":[{"embeddable":true,"href":"https:\/\/www.jornalja.com.br\/arquivo\/wp-json\/wp\/v2\/comments?post=52447"}],"version-history":[{"count":0,"href":"https:\/\/www.jornalja.com.br\/arquivo\/wp-json\/wp\/v2\/posts\/52447\/revisions"}],"wp:attachment":[{"href":"https:\/\/www.jornalja.com.br\/arquivo\/wp-json\/wp\/v2\/media?parent=52447"}],"wp:term":[{"taxonomy":"category","embeddable":true,"href":"https:\/\/www.jornalja.com.br\/arquivo\/wp-json\/wp\/v2\/categories?post=52447"},{"taxonomy":"post_tag","embeddable":true,"href":"https:\/\/www.jornalja.com.br\/arquivo\/wp-json\/wp\/v2\/tags?post=52447"}],"curies":[{"name":"wp","href":"https:\/\/api.w.org\/{rel}","templated":true}]}}