{"id":52461,"date":"2017-08-01T10:07:31","date_gmt":"2017-08-01T13:07:31","guid":{"rendered":"https:\/\/www.jornalja.com.br\/?p=52461"},"modified":"2017-08-01T10:07:31","modified_gmt":"2017-08-01T13:07:31","slug":"associacao-comercial-lanca-manifesto-por-constituinte-exclusiva","status":"publish","type":"post","link":"https:\/\/www.jornalja.com.br\/arquivo\/associacao-comercial-lanca-manifesto-por-constituinte-exclusiva\/","title":{"rendered":"Associa\u00e7\u00e3o Comercial lan\u00e7a manifesto por Constituinte Exclusiva"},"content":{"rendered":"<p>A Associa\u00e7\u00e3o Comercial de Porto Alegre tornou p\u00fablico nesta segunda-feira, 31, um manifesto pregando a convoca\u00e7\u00e3o de uma Assembl\u00e9ia Nacional Constituinte, como sa\u00edda para a crise pol\u00edtica e econ\u00f4mica que o pa\u00eds est\u00e1 enfrentando.<br \/>\n<em>&#8220;A Associa\u00e7\u00e3o Comercial de Porto Alegre decidiu extrapolar os limites da capital \u00a0ga\u00facha e manifestar-se oficialmente sobre a situa\u00e7\u00e3o do Brasil, com profundos reflexos para a nossa cidade. <\/em><br \/>\n<em>Estarrecida com a situa\u00e7\u00e3o de desconex\u00e3o total entre a classe pol\u00edtica e os interesses da popula\u00e7\u00e3o brasileira, vem declarar seu rep\u00fadio ao fisiologismo que se instalou no Congresso Nacional. \u00a0<\/em><br \/>\n<em>A rejei\u00e7\u00e3o da popula\u00e7\u00e3o ao presidente Michel Temer chegou a \u00edndices hist\u00f3ricos, enquanto o Congresso completamente desconectado da sociedade utiliza artimanhas e meios nada louv\u00e1veis para a manuten\u00e7\u00e3o do status quo. <\/em><br \/>\n<em>A Associa\u00e7\u00e3o Comercial faz um apelo por um maior engajamento da sociedade civil na luta por reformas estruturais.\u00a0Propomos o resgate da cidadania com a cria\u00e7\u00e3o de uma Assembleia Nacional Constituinte Exclusiva.<\/em><br \/>\nMANIFESTO<br \/>\nA popula\u00e7\u00e3o brasileira est\u00e1 estarrecida\u00a0com a situa\u00e7\u00e3o de ingovernabilidade do Pa\u00eds.\u00a0\u00a0 Assim, vimos reiterar nossa posi\u00e7\u00e3o de rep\u00fadio ao fisiologismo que se instalou no Congresso Nacional, bem como em outras esferas do poder,\u00a0que age na contram\u00e3o dos interesses da popula\u00e7\u00e3o brasileira e alheio aos anseios da sociedade.\u00a0 Enquanto o presidente Michel Temer\u00a0amarga total rejei\u00e7\u00e3o, o Congresso usa de todas as artimanhas e meios nada louv\u00e1veis para buscar a manuten\u00e7\u00e3o atual do quadro de desmandos a que chegamos.<br \/>\nFazemos aqui um apelo \u00e0 cidadania, ao povo brasileiro que, cansado de tantas informa\u00e7\u00f5es negativas veiculadas sem cessar na m\u00eddia, assiste j\u00e1 cansado, ao desenrolar de um novelo sem fim de crimes de corrup\u00e7\u00e3o em todos os nichos do poder p\u00fablico. A classe pol\u00edtica desconectou-se totalmente da popula\u00e7\u00e3o, de uma forma nunca antes assistida.\u00a0Queremos manifestar com veem\u00eancia o nosso rep\u00fadio aos pol\u00edticos sem \u00e9tica que, voltados apenas aos interesses pessoais, em nada representam o povo brasileiro.<br \/>\nO recente aumento de impostos, que est\u00e1 a agravar a j\u00e1 insuport\u00e1vel carga tribut\u00e1ria que recai sobre o cidad\u00e3o brasileiro, atesta de forma ainda mais enf\u00e1tica o estado de caos e desgoverno a que foi levado o nosso Pa\u00eds.<br \/>\nPor tudo isso imp\u00f5e-se reformas estruturais profundas para que se tenha alguma chance de nos reconstruirmos como na\u00e7\u00e3o, evitando deixar um pa\u00eds inviabilizado para as futuras gera\u00e7\u00f5es. Estas reformas t\u00eam que ser exigidas pela sociedade civil organizada, que sofre as consequ\u00eancias da imensa crise pol\u00edtica, econ\u00f4mica e social em que vivemos.<br \/>\nPropomos o resgate da cidadania com a cria\u00e7\u00e3o de uma Assembleia Nacional Constituinte Exclusiva, um ato pol\u00edtico extremo com o objetivo de reordenar a legalidade institu\u00edda, corro\u00edda pela ilegitimidade representativa. \u00c9 preciso conquistar a cidadania pol\u00edtica, mutilada pela ordem dos privilegiados.<\/p>\n","protected":false},"excerpt":{"rendered":"<p>A Associa\u00e7\u00e3o Comercial de Porto Alegre tornou p\u00fablico nesta segunda-feira, 31, um manifesto pregando a convoca\u00e7\u00e3o de uma Assembl\u00e9ia Nacional Constituinte, como sa\u00edda para a crise pol\u00edtica e econ\u00f4mica que o pa\u00eds est\u00e1 enfrentando. &#8220;A Associa\u00e7\u00e3o Comercial de Porto Alegre decidiu extrapolar os limites da capital \u00a0ga\u00facha e manifestar-se oficialmente sobre a situa\u00e7\u00e3o do Brasil, [&hellip;]<\/p>\n","protected":false},"author":4,"featured_media":52478,"comment_status":"open","ping_status":"closed","sticky":false,"template":"","format":"standard","meta":{"_jetpack_newsletter_access":"","_jetpack_dont_email_post_to_subs":false,"_jetpack_newsletter_tier_id":0,"_jetpack_memberships_contains_paywalled_content":false,"_jetpack_feature_clip_id":0,"_jetpack_memberships_contains_paid_content":false,"footnotes":"","jetpack_post_was_ever_published":false},"categories":[26],"tags":[],"class_list":["post-52461","post","type-post","status-publish","format-standard","has-post-thumbnail","hentry","category-geral"],"aioseo_notices":[],"aioseo_head":"\n\t\t<!-- All in One SEO 5.0.1.1 - aioseo.com -->\n\t<meta name=\"robots\" content=\"max-image-preview:large\" \/>\n\t<meta name=\"author\" content=\"da Reda\u00e7\u00e3o\"\/>\n\t<link rel=\"canonical\" href=\"https:\/\/www.jornalja.com.br\/arquivo\/associacao-comercial-lanca-manifesto-por-constituinte-exclusiva\/\" \/>\n\t<meta name=\"generator\" content=\"All in One SEO (AIOSEO) 5.0.1.1\" \/>\n\t\t<meta property=\"og:locale\" content=\"pt_BR\" \/>\n\t\t<meta property=\"og:site_name\" content=\"Arquivo | Jornal J\u00c1 | Porto Alegre\" \/>\n\t\t<meta property=\"og:type\" content=\"article\" \/>\n\t\t<meta property=\"og:title\" content=\"Associa\u00e7\u00e3o Comercial lan\u00e7a manifesto por Constituinte Exclusiva | Arquivo\" \/>\n\t\t<meta property=\"og:url\" content=\"https:\/\/www.jornalja.com.br\/arquivo\/associacao-comercial-lanca-manifesto-por-constituinte-exclusiva\/\" \/>\n\t\t<meta property=\"og:image\" content=\"https:\/\/www.jornalja.com.br\/economics\/wp-content\/uploads\/sites\/11\/2026\/08\/ja-folhaderosto-facebook.jpg\" \/>\n\t\t<meta property=\"og:image:secure_url\" content=\"https:\/\/www.jornalja.com.br\/economics\/wp-content\/uploads\/sites\/11\/2026\/08\/ja-folhaderosto-facebook.jpg\" \/>\n\t\t<meta property=\"article:published_time\" content=\"2017-08-01T13:07:31+00:00\" \/>\n\t\t<meta property=\"article:modified_time\" content=\"2017-08-01T13:07:31+00:00\" \/>\n\t\t<meta name=\"twitter:card\" content=\"summary\" \/>\n\t\t<meta name=\"twitter:title\" content=\"Associa\u00e7\u00e3o Comercial lan\u00e7a manifesto por Constituinte Exclusiva | Arquivo\" \/>\n\t\t<meta name=\"twitter:image\" content=\"https:\/\/www.jornalja.com.br\/economics\/wp-content\/uploads\/sites\/11\/2026\/08\/ja-folhaderosto-facebook.jpg\" \/>\n\t\t<script type=\"application\/ld+json\" class=\"aioseo-schema\">\n\t\t\t{\"@context\":\"https:\\\/\\\/schema.org\",\"@graph\":[{\"@type\":\"BlogPosting\",\"@id\":\"https:\\\/\\\/www.jornalja.com.br\\\/arquivo\\\/associacao-comercial-lanca-manifesto-por-constituinte-exclusiva\\\/#blogposting\",\"name\":\"Associa\\u00e7\\u00e3o Comercial lan\\u00e7a manifesto por Constituinte Exclusiva | Arquivo\",\"headline\":\"Associa\\u00e7\\u00e3o Comercial lan\\u00e7a manifesto por Constituinte Exclusiva\",\"author\":{\"@id\":\"https:\\\/\\\/www.jornalja.com.br\\\/arquivo\\\/author\\\/daredacao\\\/#author\"},\"publisher\":{\"@id\":\"https:\\\/\\\/www.jornalja.com.br\\\/arquivo\\\/#organization\"},\"image\":{\"@type\":\"ImageObject\",\"url\":52478},\"datePublished\":\"2017-08-01T10:07:31-03:00\",\"dateModified\":\"2017-08-01T10:07:31-03:00\",\"inLanguage\":\"pt-BR\",\"mainEntityOfPage\":{\"@id\":\"https:\\\/\\\/www.jornalja.com.br\\\/arquivo\\\/associacao-comercial-lanca-manifesto-por-constituinte-exclusiva\\\/#webpage\"},\"isPartOf\":{\"@id\":\"https:\\\/\\\/www.jornalja.com.br\\\/arquivo\\\/associacao-comercial-lanca-manifesto-por-constituinte-exclusiva\\\/#webpage\"},\"articleSection\":\"Geral\"},{\"@type\":\"BreadcrumbList\",\"@id\":\"https:\\\/\\\/www.jornalja.com.br\\\/arquivo\\\/associacao-comercial-lanca-manifesto-por-constituinte-exclusiva\\\/#breadcrumblist\",\"itemListElement\":[{\"@type\":\"ListItem\",\"@id\":\"https:\\\/\\\/www.jornalja.com.br\\\/arquivo#listItem\",\"position\":1,\"name\":\"Home\",\"item\":\"https:\\\/\\\/www.jornalja.com.br\\\/arquivo\",\"nextItem\":{\"@type\":\"ListItem\",\"@id\":\"https:\\\/\\\/www.jornalja.com.br\\\/arquivo\\\/category\\\/geral\\\/#listItem\",\"name\":\"Geral\"}},{\"@type\":\"ListItem\",\"@id\":\"https:\\\/\\\/www.jornalja.com.br\\\/arquivo\\\/category\\\/geral\\\/#listItem\",\"position\":2,\"name\":\"Geral\",\"item\":\"https:\\\/\\\/www.jornalja.com.br\\\/arquivo\\\/category\\\/geral\\\/\",\"nextItem\":{\"@type\":\"ListItem\",\"@id\":\"https:\\\/\\\/www.jornalja.com.br\\\/arquivo\\\/associacao-comercial-lanca-manifesto-por-constituinte-exclusiva\\\/#listItem\",\"name\":\"Associa\\u00e7\\u00e3o Comercial lan\\u00e7a manifesto por Constituinte Exclusiva\"},\"previousItem\":{\"@type\":\"ListItem\",\"@id\":\"https:\\\/\\\/www.jornalja.com.br\\\/arquivo#listItem\",\"name\":\"Home\"}},{\"@type\":\"ListItem\",\"@id\":\"https:\\\/\\\/www.jornalja.com.br\\\/arquivo\\\/associacao-comercial-lanca-manifesto-por-constituinte-exclusiva\\\/#listItem\",\"position\":3,\"name\":\"Associa\\u00e7\\u00e3o Comercial lan\\u00e7a manifesto por Constituinte Exclusiva\",\"previousItem\":{\"@type\":\"ListItem\",\"@id\":\"https:\\\/\\\/www.jornalja.com.br\\\/arquivo\\\/category\\\/geral\\\/#listItem\",\"name\":\"Geral\"}}]},{\"@type\":\"Organization\",\"@id\":\"https:\\\/\\\/www.jornalja.com.br\\\/arquivo\\\/#organization\",\"name\":\"Jornal J\\u00c1\",\"description\":\"Jornal J\\u00c1 | Porto Alegre\",\"url\":\"https:\\\/\\\/www.jornalja.com.br\\\/arquivo\\\/\",\"telephone\":\"+555133307272\",\"logo\":{\"@type\":\"ImageObject\",\"url\":\"https:\\\/\\\/www.jornalja.com.br\\\/wp-content\\\/uploads\\\/cards\\\/JAslogan.png\",\"@id\":\"https:\\\/\\\/www.jornalja.com.br\\\/arquivo\\\/associacao-comercial-lanca-manifesto-por-constituinte-exclusiva\\\/#organizationLogo\"},\"image\":{\"@id\":\"https:\\\/\\\/www.jornalja.com.br\\\/arquivo\\\/associacao-comercial-lanca-manifesto-por-constituinte-exclusiva\\\/#organizationLogo\"}},{\"@type\":\"Person\",\"@id\":\"https:\\\/\\\/www.jornalja.com.br\\\/arquivo\\\/author\\\/daredacao\\\/#author\",\"url\":\"https:\\\/\\\/www.jornalja.com.br\\\/arquivo\\\/author\\\/daredacao\\\/\",\"name\":\"da Reda\\u00e7\\u00e3o\",\"image\":{\"@type\":\"ImageObject\",\"@id\":\"https:\\\/\\\/www.jornalja.com.br\\\/arquivo\\\/associacao-comercial-lanca-manifesto-por-constituinte-exclusiva\\\/#authorImage\",\"url\":\"https:\\\/\\\/secure.gravatar.com\\\/avatar\\\/469fd857d6605ad19919d27ed29d35a968a25f6e8fd9318356bbb7f57aae9c65?s=96&d=mm&r=g\",\"width\":96,\"height\":96,\"caption\":\"da Reda\\u00e7\\u00e3o\"}},{\"@type\":\"WebPage\",\"@id\":\"https:\\\/\\\/www.jornalja.com.br\\\/arquivo\\\/associacao-comercial-lanca-manifesto-por-constituinte-exclusiva\\\/#webpage\",\"url\":\"https:\\\/\\\/www.jornalja.com.br\\\/arquivo\\\/associacao-comercial-lanca-manifesto-por-constituinte-exclusiva\\\/\",\"name\":\"Associa\\u00e7\\u00e3o Comercial lan\\u00e7a manifesto por Constituinte Exclusiva | Arquivo\",\"inLanguage\":\"pt-BR\",\"isPartOf\":{\"@id\":\"https:\\\/\\\/www.jornalja.com.br\\\/arquivo\\\/#website\"},\"breadcrumb\":{\"@id\":\"https:\\\/\\\/www.jornalja.com.br\\\/arquivo\\\/associacao-comercial-lanca-manifesto-por-constituinte-exclusiva\\\/#breadcrumblist\"},\"author\":{\"@id\":\"https:\\\/\\\/www.jornalja.com.br\\\/arquivo\\\/author\\\/daredacao\\\/#author\"},\"creator\":{\"@id\":\"https:\\\/\\\/www.jornalja.com.br\\\/arquivo\\\/author\\\/daredacao\\\/#author\"},\"image\":{\"@type\":\"ImageObject\",\"url\":52478,\"@id\":\"https:\\\/\\\/www.jornalja.com.br\\\/arquivo\\\/associacao-comercial-lanca-manifesto-por-constituinte-exclusiva\\\/#mainImage\"},\"primaryImageOfPage\":{\"@id\":\"https:\\\/\\\/www.jornalja.com.br\\\/arquivo\\\/associacao-comercial-lanca-manifesto-por-constituinte-exclusiva\\\/#mainImage\"},\"datePublished\":\"2017-08-01T10:07:31-03:00\",\"dateModified\":\"2017-08-01T10:07:31-03:00\"},{\"@type\":\"WebSite\",\"@id\":\"https:\\\/\\\/www.jornalja.com.br\\\/arquivo\\\/#website\",\"url\":\"https:\\\/\\\/www.jornalja.com.br\\\/arquivo\\\/\",\"name\":\"Arquivo\",\"description\":\"Jornal J\\u00c1 | Porto Alegre\",\"inLanguage\":\"pt-BR\",\"publisher\":{\"@id\":\"https:\\\/\\\/www.jornalja.com.br\\\/arquivo\\\/#organization\"}}]}\n\t\t<\/script>\n\t\t<!-- All in One SEO -->\n\n","aioseo_head_json":{"title":"Associa\u00e7\u00e3o Comercial lan\u00e7a manifesto por Constituinte Exclusiva | Arquivo","description":"","canonical_url":"https:\/\/www.jornalja.com.br\/arquivo\/associacao-comercial-lanca-manifesto-por-constituinte-exclusiva\/","robots":"max-image-preview:large","keywords":"","webmasterTools":{"miscellaneous":""},"schema":{"@context":"https:\/\/schema.org","@graph":[{"@type":"BlogPosting","@id":"https:\/\/www.jornalja.com.br\/arquivo\/associacao-comercial-lanca-manifesto-por-constituinte-exclusiva\/#blogposting","name":"Associa\u00e7\u00e3o Comercial lan\u00e7a manifesto por Constituinte Exclusiva | Arquivo","headline":"Associa\u00e7\u00e3o Comercial lan\u00e7a manifesto por Constituinte Exclusiva","author":{"@id":"https:\/\/www.jornalja.com.br\/arquivo\/author\/daredacao\/#author"},"publisher":{"@id":"https:\/\/www.jornalja.com.br\/arquivo\/#organization"},"image":{"@type":"ImageObject","url":52478},"datePublished":"2017-08-01T10:07:31-03:00","dateModified":"2017-08-01T10:07:31-03:00","inLanguage":"pt-BR","mainEntityOfPage":{"@id":"https:\/\/www.jornalja.com.br\/arquivo\/associacao-comercial-lanca-manifesto-por-constituinte-exclusiva\/#webpage"},"isPartOf":{"@id":"https:\/\/www.jornalja.com.br\/arquivo\/associacao-comercial-lanca-manifesto-por-constituinte-exclusiva\/#webpage"},"articleSection":"Geral"},{"@type":"BreadcrumbList","@id":"https:\/\/www.jornalja.com.br\/arquivo\/associacao-comercial-lanca-manifesto-por-constituinte-exclusiva\/#breadcrumblist","itemListElement":[{"@type":"ListItem","@id":"https:\/\/www.jornalja.com.br\/arquivo#listItem","position":1,"name":"Home","item":"https:\/\/www.jornalja.com.br\/arquivo","nextItem":{"@type":"ListItem","@id":"https:\/\/www.jornalja.com.br\/arquivo\/category\/geral\/#listItem","name":"Geral"}},{"@type":"ListItem","@id":"https:\/\/www.jornalja.com.br\/arquivo\/category\/geral\/#listItem","position":2,"name":"Geral","item":"https:\/\/www.jornalja.com.br\/arquivo\/category\/geral\/","nextItem":{"@type":"ListItem","@id":"https:\/\/www.jornalja.com.br\/arquivo\/associacao-comercial-lanca-manifesto-por-constituinte-exclusiva\/#listItem","name":"Associa\u00e7\u00e3o Comercial lan\u00e7a manifesto por Constituinte Exclusiva"},"previousItem":{"@type":"ListItem","@id":"https:\/\/www.jornalja.com.br\/arquivo#listItem","name":"Home"}},{"@type":"ListItem","@id":"https:\/\/www.jornalja.com.br\/arquivo\/associacao-comercial-lanca-manifesto-por-constituinte-exclusiva\/#listItem","position":3,"name":"Associa\u00e7\u00e3o Comercial lan\u00e7a manifesto por Constituinte Exclusiva","previousItem":{"@type":"ListItem","@id":"https:\/\/www.jornalja.com.br\/arquivo\/category\/geral\/#listItem","name":"Geral"}}]},{"@type":"Organization","@id":"https:\/\/www.jornalja.com.br\/arquivo\/#organization","name":"Jornal J\u00c1","description":"Jornal J\u00c1 | Porto Alegre","url":"https:\/\/www.jornalja.com.br\/arquivo\/","telephone":"+555133307272","logo":{"@type":"ImageObject","url":"https:\/\/www.jornalja.com.br\/wp-content\/uploads\/cards\/JAslogan.png","@id":"https:\/\/www.jornalja.com.br\/arquivo\/associacao-comercial-lanca-manifesto-por-constituinte-exclusiva\/#organizationLogo"},"image":{"@id":"https:\/\/www.jornalja.com.br\/arquivo\/associacao-comercial-lanca-manifesto-por-constituinte-exclusiva\/#organizationLogo"}},{"@type":"Person","@id":"https:\/\/www.jornalja.com.br\/arquivo\/author\/daredacao\/#author","url":"https:\/\/www.jornalja.com.br\/arquivo\/author\/daredacao\/","name":"da Reda\u00e7\u00e3o","image":{"@type":"ImageObject","@id":"https:\/\/www.jornalja.com.br\/arquivo\/associacao-comercial-lanca-manifesto-por-constituinte-exclusiva\/#authorImage","url":"https:\/\/secure.gravatar.com\/avatar\/469fd857d6605ad19919d27ed29d35a968a25f6e8fd9318356bbb7f57aae9c65?s=96&d=mm&r=g","width":96,"height":96,"caption":"da Reda\u00e7\u00e3o"}},{"@type":"WebPage","@id":"https:\/\/www.jornalja.com.br\/arquivo\/associacao-comercial-lanca-manifesto-por-constituinte-exclusiva\/#webpage","url":"https:\/\/www.jornalja.com.br\/arquivo\/associacao-comercial-lanca-manifesto-por-constituinte-exclusiva\/","name":"Associa\u00e7\u00e3o Comercial lan\u00e7a manifesto por Constituinte Exclusiva | Arquivo","inLanguage":"pt-BR","isPartOf":{"@id":"https:\/\/www.jornalja.com.br\/arquivo\/#website"},"breadcrumb":{"@id":"https:\/\/www.jornalja.com.br\/arquivo\/associacao-comercial-lanca-manifesto-por-constituinte-exclusiva\/#breadcrumblist"},"author":{"@id":"https:\/\/www.jornalja.com.br\/arquivo\/author\/daredacao\/#author"},"creator":{"@id":"https:\/\/www.jornalja.com.br\/arquivo\/author\/daredacao\/#author"},"image":{"@type":"ImageObject","url":52478,"@id":"https:\/\/www.jornalja.com.br\/arquivo\/associacao-comercial-lanca-manifesto-por-constituinte-exclusiva\/#mainImage"},"primaryImageOfPage":{"@id":"https:\/\/www.jornalja.com.br\/arquivo\/associacao-comercial-lanca-manifesto-por-constituinte-exclusiva\/#mainImage"},"datePublished":"2017-08-01T10:07:31-03:00","dateModified":"2017-08-01T10:07:31-03:00"},{"@type":"WebSite","@id":"https:\/\/www.jornalja.com.br\/arquivo\/#website","url":"https:\/\/www.jornalja.com.br\/arquivo\/","name":"Arquivo","description":"Jornal J\u00c1 | Porto Alegre","inLanguage":"pt-BR","publisher":{"@id":"https:\/\/www.jornalja.com.br\/arquivo\/#organization"}}]},"og:locale":"pt_BR","og:site_name":"Arquivo | Jornal J\u00c1 | Porto Alegre","og:type":"article","og:title":"Associa\u00e7\u00e3o Comercial lan\u00e7a manifesto por Constituinte Exclusiva | Arquivo","og:url":"https:\/\/www.jornalja.com.br\/arquivo\/associacao-comercial-lanca-manifesto-por-constituinte-exclusiva\/","og:image":"https:\/\/www.jornalja.com.br\/economics\/wp-content\/uploads\/sites\/11\/2026\/08\/ja-folhaderosto-facebook.jpg","og:image:secure_url":"https:\/\/www.jornalja.com.br\/economics\/wp-content\/uploads\/sites\/11\/2026\/08\/ja-folhaderosto-facebook.jpg","article:published_time":"2017-08-01T13:07:31+00:00","article:modified_time":"2017-08-01T13:07:31+00:00","twitter:card":"summary","twitter:title":"Associa\u00e7\u00e3o Comercial lan\u00e7a manifesto por Constituinte Exclusiva | Arquivo","twitter:image":"https:\/\/www.jornalja.com.br\/economics\/wp-content\/uploads\/sites\/11\/2026\/08\/ja-folhaderosto-facebook.jpg"},"aioseo_meta_data":{"post_id":"52461","title":null,"description":null,"keywords":null,"keyphrases":null,"primary_term":null,"canonical_url":null,"og_title":null,"og_description":null,"og_object_type":"default","og_image_type":"default","og_image_url":null,"og_image_width":null,"og_image_height":null,"og_image_custom_url":null,"og_image_custom_fields":null,"og_video":null,"og_custom_url":null,"og_article_section":null,"og_article_tags":null,"twitter_use_og":false,"twitter_card":"default","twitter_image_type":"default","twitter_image_url":null,"twitter_image_custom_url":null,"twitter_image_custom_fields":null,"twitter_title":null,"twitter_description":null,"schema":{"blockGraphs":[],"customGraphs":[],"default":{"data":{"Article":[],"Course":[],"Dataset":[],"FAQPage":[],"Movie":[],"Person":[],"Product":[],"ProductReview":[],"Car":[],"Recipe":[],"Service":[],"SoftwareApplication":[],"WebPage":[]},"graphName":"","isEnabled":true},"graphs":[],"defaultGraph":"","defaultPostTypeGraph":""},"schema_type":null,"schema_type_options":null,"pillar_content":false,"robots_default":true,"robots_noindex":false,"robots_noarchive":false,"robots_nosnippet":false,"robots_nofollow":false,"robots_noimageindex":false,"robots_noodp":false,"robots_notranslate":false,"robots_max_snippet":null,"robots_max_videopreview":null,"robots_max_imagepreview":"large","priority":null,"frequency":null,"location":null,"local_seo":null,"breadcrumb_settings":null,"limit_modified_date":false,"ai":null,"created":"2020-12-20 20:28:19","updated":"2025-07-19 23:54:08","seo_analyzer_scan_date":null,"focus_keyword":null,"additional_keywords":null,"truseo_locale":null},"jetpack_sharing_enabled":true,"jetpack-related-posts":[{"id":13124,"url":"https:\/\/www.jornalja.com.br\/arquivo\/sangue-latino-no-iecine\/","url_meta":{"origin":52461,"position":0},"title":"Sangue latino no IECINE","author":"da Reda\u00e7\u00e3o","date":"18 de maio de 2014","format":false,"excerpt":"Francisco Ribeiro O Instituto Estadual de Cinema (IECINE) tem a frente, desde abril \u00faltimo, um novo diretor, o cineasta colombiano Juan Zapata, 36, que substitui Luiz Alberto Cassol. Radicado h\u00e1 dez anos em Porto Alegre, Zapata tem diante de si o desafio de conduzir at\u00e9 o final do ano um\u2026","rel":"","context":"Em &quot;Cultura-Geral&quot;","block_context":{"text":"Cultura-Geral","link":"https:\/\/www.jornalja.com.br\/arquivo\/category\/materiasecundaria\/"},"img":{"alt_text":"","src":"","width":0,"height":0},"classes":[]},{"id":13240,"url":"https:\/\/www.jornalja.com.br\/arquivo\/plano-diretor-estamos-construindo-o-caos\/","url_meta":{"origin":52461,"position":1},"title":"Plano diretor: &quot;Estamos construindo o caos&quot;","author":"Patr\u00edcia Marini","date":"26 de maio de 2014","format":false,"excerpt":"Desabafo que arquiteta Eliana Castilhos, delegada da Regi\u00e3o de Planejamento 1, postou nas redes sociais \u00e9 um testemunho do ambiente que se criou no Conselho do Plano Diretor de Porto Alegre, onde a aprova\u00e7\u00e3o de grandes empreendimentos \u00e9 empurrada guela abaixo dos conselheiros. Ao CMDUA Como delegada da Regi\u00e3o de\u2026","rel":"","context":"Em &quot;Geral&quot;","block_context":{"text":"Geral","link":"https:\/\/www.jornalja.com.br\/arquivo\/category\/geral\/"},"img":{"alt_text":"","src":"","width":0,"height":0},"classes":[]},{"id":13239,"url":"https:\/\/www.jornalja.com.br\/arquivo\/conselho-desdenha-do-plano-diretor\/","url_meta":{"origin":52461,"position":2},"title":"Porto Alegre: Conselho detona Plano Diretor","author":"Patr\u00edcia Marini","date":"25 de maio de 2014","format":false,"excerpt":"Den\u00fancia do arquiteto e \u00a0urbanista Ibir\u00e1 Santos Lucas. Ele diz que os conselheiros est\u00e3o votando com \"enorme irresponsabilidade\". \"Mudam regime com a maior naturalidade,,,regularizam absurdos de constru\u00e7\u00f5es irregulares... \"O CMDUA est\u00e1 flexibilizando a lei do plano diretor, de uma forma impactante na vida da cidade. Mudam regime com a maior\u2026","rel":"","context":"Em &quot;Geral&quot;","block_context":{"text":"Geral","link":"https:\/\/www.jornalja.com.br\/arquivo\/category\/geral\/"},"img":{"alt_text":"","src":"","width":0,"height":0},"classes":[]},{"id":1280,"url":"https:\/\/www.jornalja.com.br\/arquivo\/o-menino-que-se-tornou-brizola\/","url_meta":{"origin":52461,"position":3},"title":"O Menino que se Tornou Brizola","author":"da Reda\u00e7\u00e3o","date":"28 de julho de 2008","format":false,"excerpt":"Autor: Cleber Dioni A vida de Leonel Brizola, com \u00eanfase para os primeiros anos em Porto Alegre, at\u00e9 o ex\u00edlio no Uruguai e a volta, quinze anos depois. \u00a0\"...\u00c9ramos todos jovens e nos identific\u00e1vamos com aquela massa an\u00f4nima a percorrer as ruas de Porto Alegre, gritando 'Get\u00falio', 'Get\u00falio' e empunhando\u2026","rel":"","context":"Em &quot;Livros&quot;","block_context":{"text":"Livros","link":"https:\/\/www.jornalja.com.br\/arquivo\/category\/livros\/"},"img":{"alt_text":"","src":"https:\/\/i0.wp.com\/www.jornalja.com.br\/wp-content\/uploads\/2008\/07\/brizola.gif?resize=350%2C200&ssl=1","width":350,"height":200},"classes":[]},{"id":14241,"url":"https:\/\/www.jornalja.com.br\/arquivo\/o-guaiba-nas-imagens-poeticas-de-achutti\/","url_meta":{"origin":52461,"position":4},"title":"O Gua\u00edba nas imagens po\u00e9ticas de Achutti","author":"da Reda\u00e7\u00e3o","date":"18 de junho de 2014","format":false,"excerpt":"Em \u201cO Gua\u00edba por Achutti\u201d \u2013 obra financiada via Minist\u00e9rio da Cultura, produ\u00e7\u00e3o executiva de Pedro Longhi, e Fl\u00e1vio Wild como designer \u2013, o fot\u00f3grafo revela a beleza e as mazelas de um espa\u00e7o aqu\u00e1tico de \u00e1guas sempre renovadas, cheio de hist\u00f3rias e lendas como as das cidades que foram\u2026","rel":"","context":"Em &quot;Cultura-Geral&quot;","block_context":{"text":"Cultura-Geral","link":"https:\/\/www.jornalja.com.br\/arquivo\/category\/materiasecundaria\/"},"img":{"alt_text":"","src":"","width":0,"height":0},"classes":[]},{"id":12960,"url":"https:\/\/www.jornalja.com.br\/arquivo\/populacao-culpa-empresas-pela-greve-dos-rodoviarios\/","url_meta":{"origin":52461,"position":5},"title":"Popula\u00e7\u00e3o culpa empresas pela greve","author":"Patr\u00edcia Marini","date":"14 de fevereiro de 2014","format":false,"excerpt":"Pesquisa divulgada na edi\u00e7\u00e3o do jornal Metro desta sexta-feira,14, comprova o velho ditado: \u00e9 poss\u00edvel enganar muitos por algum tempo, mas n\u00e3o \u00e9 poss\u00edvel enganar a todos o tempo inteiro. A principal revela\u00e7\u00e3o foi que 59,8% dos entrevistados apontaram as empresas como as principais respons\u00e1veis pela grave e 46% culparam\u2026","rel":"","context":"Em &quot;X.Categorias velhas&quot;","block_context":{"text":"X.Categorias velhas","link":"https:\/\/www.jornalja.com.br\/arquivo\/category\/x-categorias-velhas\/"},"img":{"alt_text":"","src":"","width":0,"height":0},"classes":[]}],"jetpack_shortlink":"https:\/\/wp.me\/pbQjBd-dE9","jetpack_featured_media_url":"","_links":{"self":[{"href":"https:\/\/www.jornalja.com.br\/arquivo\/wp-json\/wp\/v2\/posts\/52461","targetHints":{"allow":["GET"]}}],"collection":[{"href":"https:\/\/www.jornalja.com.br\/arquivo\/wp-json\/wp\/v2\/posts"}],"about":[{"href":"https:\/\/www.jornalja.com.br\/arquivo\/wp-json\/wp\/v2\/types\/post"}],"author":[{"embeddable":true,"href":"https:\/\/www.jornalja.com.br\/arquivo\/wp-json\/wp\/v2\/users\/4"}],"replies":[{"embeddable":true,"href":"https:\/\/www.jornalja.com.br\/arquivo\/wp-json\/wp\/v2\/comments?post=52461"}],"version-history":[{"count":0,"href":"https:\/\/www.jornalja.com.br\/arquivo\/wp-json\/wp\/v2\/posts\/52461\/revisions"}],"wp:attachment":[{"href":"https:\/\/www.jornalja.com.br\/arquivo\/wp-json\/wp\/v2\/media?parent=52461"}],"wp:term":[{"taxonomy":"category","embeddable":true,"href":"https:\/\/www.jornalja.com.br\/arquivo\/wp-json\/wp\/v2\/categories?post=52461"},{"taxonomy":"post_tag","embeddable":true,"href":"https:\/\/www.jornalja.com.br\/arquivo\/wp-json\/wp\/v2\/tags?post=52461"}],"curies":[{"name":"wp","href":"https:\/\/api.w.org\/{rel}","templated":true}]}}