{"id":52469,"date":"2017-07-31T23:23:29","date_gmt":"2017-08-01T02:23:29","guid":{"rendered":"https:\/\/www.jornalja.com.br\/?p=52469"},"modified":"2017-07-31T23:23:29","modified_gmt":"2017-08-01T02:23:29","slug":"mae-de-vitima-da-tragedia-da-boate-kiss-acusada-de-injuria-e-inocentada","status":"publish","type":"post","link":"https:\/\/www.jornalja.com.br\/arquivo\/mae-de-vitima-da-tragedia-da-boate-kiss-acusada-de-injuria-e-inocentada\/","title":{"rendered":"M\u00e3e de v\u00edtima da trag\u00e9dia da Boate Kiss acusada de inj\u00faria \u00e9 inocentada"},"content":{"rendered":"<p>Depois do pai de v\u00edtima Paulo Carvalho ser absolvido em processo movido por promotores, agora Ir\u00e1 Mour\u00e3o Beuren, conhecida como Marta, m\u00e3e de Silvio Beuren Junior, o Silvinho, que morreu na trag\u00e9dia da Boate Kiss aos 31 anos, foi inocentada no processo c\u00edvel que sofria por inj\u00faria, difama\u00e7\u00e3o e falsidade ideol\u00f3gica.<br \/>\nA senten\u00e7a do juiz Carlos Alberto Ely Fontela, da 3\u00aa Vara C\u00edvel de Santa Maria, foi divulgada nesta segunda-feira, 31\/07.<br \/>\nMarta foi processada pelo promotor aposentado Jo\u00e3o Marcos Adede y Castro e pelo filho dele, o advogado Ricardo Lu\u00eds Schultz Adede Y Castro. O processo foi instaurado devido a um artigo publicado em um jornal de Santa Maria, de autoria de Ir\u00e1.<br \/>\nQuanto \u00e0 acusa\u00e7\u00e3o de falsidade ideol\u00f3gica, o juiz sentenciou que: \u201cPelo que se v\u00ea dos diversos documentos juntados dos autos, inclusive por interm\u00e9dio de outras publica\u00e7\u00f5es da r\u00e9 nos jornais desta cidade e nas redes sociais, v\u00ea-se que a requerida \u00e9 pessoa conhecida nesta cidade, n\u00e3o sendo uma \u201can\u00f4nima\u201d, especialmente depois da trag\u00e9dia com a boate Kiss, que talvez, por interm\u00e9dio das manifesta\u00e7\u00f5es em jornais e nas redes sociais, tenha sido uma forma de dar vaz\u00e3o \u00e0 sua dor pela perda prematura do filho\u201d.<br \/>\nSobre as outras acusa\u00e7\u00f5es, o juiz destaca: \u201cLendo com a aten\u00e7\u00e3o devida o artigo \u201cA boate Kiss e o MP\u201d de lavra da requerida, peneirando os elementos probat\u00f3rios e as circunst\u00e2ncias que rodeiam o caso concreto, registro que a publica\u00e7\u00e3o feita pela r\u00e9 est\u00e1 dentro do \u00e2mbito de prote\u00e7\u00e3o do direito constitucional de liberdade de express\u00e3o e de pensamento da r\u00e9\u201c.<br \/>\nCom base nesses argumentos, o juiz julgou improcedentes os pedidos formulados na a\u00e7\u00e3o c\u00edvel ajuizada por Ricardo Lu\u00eds Schultz Adede Y Castro e Jo\u00e3o Marcos Adede Y Castro.<\/p>\n","protected":false},"excerpt":{"rendered":"<p>Depois do pai de v\u00edtima Paulo Carvalho ser absolvido em processo movido por promotores, agora Ir\u00e1 Mour\u00e3o Beuren, conhecida como Marta, m\u00e3e de Silvio Beuren Junior, o Silvinho, que morreu na trag\u00e9dia da Boate Kiss aos 31 anos, foi inocentada no processo c\u00edvel que sofria por inj\u00faria, difama\u00e7\u00e3o e falsidade ideol\u00f3gica. A senten\u00e7a do juiz [&hellip;]<\/p>\n","protected":false},"author":4,"featured_media":0,"comment_status":"open","ping_status":"closed","sticky":false,"template":"","format":"standard","meta":{"_jetpack_newsletter_access":"","_jetpack_dont_email_post_to_subs":false,"_jetpack_newsletter_tier_id":0,"_jetpack_memberships_contains_paywalled_content":false,"_jetpack_feature_clip_id":0,"_jetpack_memberships_contains_paid_content":false,"footnotes":"","jetpack_post_was_ever_published":false},"categories":[2022],"tags":[],"class_list":["post-52469","post","type-post","status-publish","format-standard","hentry","category-notas"],"aioseo_notices":[],"aioseo_head":"\n\t\t<!-- All in One SEO 5.0.1.1 - aioseo.com -->\n\t<meta name=\"robots\" content=\"max-image-preview:large\" \/>\n\t<meta name=\"author\" content=\"da Reda\u00e7\u00e3o\"\/>\n\t<link rel=\"canonical\" href=\"https:\/\/www.jornalja.com.br\/arquivo\/mae-de-vitima-da-tragedia-da-boate-kiss-acusada-de-injuria-e-inocentada\/\" \/>\n\t<meta name=\"generator\" content=\"All in One SEO (AIOSEO) 5.0.1.1\" \/>\n\t\t<meta property=\"og:locale\" content=\"pt_BR\" \/>\n\t\t<meta property=\"og:site_name\" content=\"Arquivo | Jornal J\u00c1 | Porto Alegre\" \/>\n\t\t<meta property=\"og:type\" content=\"article\" \/>\n\t\t<meta property=\"og:title\" content=\"M\u00e3e de v\u00edtima da trag\u00e9dia da Boate Kiss acusada de inj\u00faria \u00e9 inocentada | Arquivo\" \/>\n\t\t<meta property=\"og:url\" content=\"https:\/\/www.jornalja.com.br\/arquivo\/mae-de-vitima-da-tragedia-da-boate-kiss-acusada-de-injuria-e-inocentada\/\" \/>\n\t\t<meta property=\"og:image\" content=\"https:\/\/www.jornalja.com.br\/economics\/wp-content\/uploads\/sites\/11\/2026\/08\/ja-folhaderosto-facebook.jpg\" \/>\n\t\t<meta property=\"og:image:secure_url\" content=\"https:\/\/www.jornalja.com.br\/economics\/wp-content\/uploads\/sites\/11\/2026\/08\/ja-folhaderosto-facebook.jpg\" \/>\n\t\t<meta property=\"article:published_time\" content=\"2017-08-01T02:23:29+00:00\" \/>\n\t\t<meta property=\"article:modified_time\" content=\"2017-08-01T02:23:29+00:00\" \/>\n\t\t<meta name=\"twitter:card\" content=\"summary\" \/>\n\t\t<meta name=\"twitter:title\" content=\"M\u00e3e de v\u00edtima da trag\u00e9dia da Boate Kiss acusada de inj\u00faria \u00e9 inocentada | Arquivo\" \/>\n\t\t<meta name=\"twitter:image\" content=\"https:\/\/www.jornalja.com.br\/economics\/wp-content\/uploads\/sites\/11\/2026\/08\/ja-folhaderosto-facebook.jpg\" \/>\n\t\t<script type=\"application\/ld+json\" class=\"aioseo-schema\">\n\t\t\t{\"@context\":\"https:\\\/\\\/schema.org\",\"@graph\":[{\"@type\":\"BlogPosting\",\"@id\":\"https:\\\/\\\/www.jornalja.com.br\\\/arquivo\\\/mae-de-vitima-da-tragedia-da-boate-kiss-acusada-de-injuria-e-inocentada\\\/#blogposting\",\"name\":\"M\\u00e3e de v\\u00edtima da trag\\u00e9dia da Boate Kiss acusada de inj\\u00faria \\u00e9 inocentada | Arquivo\",\"headline\":\"M\\u00e3e de v\\u00edtima da trag\\u00e9dia da Boate Kiss acusada de inj\\u00faria \\u00e9 inocentada\",\"author\":{\"@id\":\"https:\\\/\\\/www.jornalja.com.br\\\/arquivo\\\/author\\\/daredacao\\\/#author\"},\"publisher\":{\"@id\":\"https:\\\/\\\/www.jornalja.com.br\\\/arquivo\\\/#organization\"},\"image\":{\"@type\":\"ImageObject\",\"url\":\"https:\\\/\\\/www.jornalja.com.br\\\/wp-content\\\/uploads\\\/cards\\\/JAslogan.png\",\"@id\":\"https:\\\/\\\/www.jornalja.com.br\\\/arquivo\\\/#articleImage\"},\"datePublished\":\"2017-07-31T23:23:29-03:00\",\"dateModified\":\"2017-07-31T23:23:29-03:00\",\"inLanguage\":\"pt-BR\",\"mainEntityOfPage\":{\"@id\":\"https:\\\/\\\/www.jornalja.com.br\\\/arquivo\\\/mae-de-vitima-da-tragedia-da-boate-kiss-acusada-de-injuria-e-inocentada\\\/#webpage\"},\"isPartOf\":{\"@id\":\"https:\\\/\\\/www.jornalja.com.br\\\/arquivo\\\/mae-de-vitima-da-tragedia-da-boate-kiss-acusada-de-injuria-e-inocentada\\\/#webpage\"},\"articleSection\":\"NOTAS\"},{\"@type\":\"BreadcrumbList\",\"@id\":\"https:\\\/\\\/www.jornalja.com.br\\\/arquivo\\\/mae-de-vitima-da-tragedia-da-boate-kiss-acusada-de-injuria-e-inocentada\\\/#breadcrumblist\",\"itemListElement\":[{\"@type\":\"ListItem\",\"@id\":\"https:\\\/\\\/www.jornalja.com.br\\\/arquivo#listItem\",\"position\":1,\"name\":\"Home\",\"item\":\"https:\\\/\\\/www.jornalja.com.br\\\/arquivo\",\"nextItem\":{\"@type\":\"ListItem\",\"@id\":\"https:\\\/\\\/www.jornalja.com.br\\\/arquivo\\\/category\\\/notas\\\/#listItem\",\"name\":\"NOTAS\"}},{\"@type\":\"ListItem\",\"@id\":\"https:\\\/\\\/www.jornalja.com.br\\\/arquivo\\\/category\\\/notas\\\/#listItem\",\"position\":2,\"name\":\"NOTAS\",\"item\":\"https:\\\/\\\/www.jornalja.com.br\\\/arquivo\\\/category\\\/notas\\\/\",\"nextItem\":{\"@type\":\"ListItem\",\"@id\":\"https:\\\/\\\/www.jornalja.com.br\\\/arquivo\\\/mae-de-vitima-da-tragedia-da-boate-kiss-acusada-de-injuria-e-inocentada\\\/#listItem\",\"name\":\"M\\u00e3e de v\\u00edtima da trag\\u00e9dia da Boate Kiss acusada de inj\\u00faria \\u00e9 inocentada\"},\"previousItem\":{\"@type\":\"ListItem\",\"@id\":\"https:\\\/\\\/www.jornalja.com.br\\\/arquivo#listItem\",\"name\":\"Home\"}},{\"@type\":\"ListItem\",\"@id\":\"https:\\\/\\\/www.jornalja.com.br\\\/arquivo\\\/mae-de-vitima-da-tragedia-da-boate-kiss-acusada-de-injuria-e-inocentada\\\/#listItem\",\"position\":3,\"name\":\"M\\u00e3e de v\\u00edtima da trag\\u00e9dia da Boate Kiss acusada de inj\\u00faria \\u00e9 inocentada\",\"previousItem\":{\"@type\":\"ListItem\",\"@id\":\"https:\\\/\\\/www.jornalja.com.br\\\/arquivo\\\/category\\\/notas\\\/#listItem\",\"name\":\"NOTAS\"}}]},{\"@type\":\"Organization\",\"@id\":\"https:\\\/\\\/www.jornalja.com.br\\\/arquivo\\\/#organization\",\"name\":\"Jornal J\\u00c1\",\"description\":\"Jornal J\\u00c1 | Porto Alegre\",\"url\":\"https:\\\/\\\/www.jornalja.com.br\\\/arquivo\\\/\",\"telephone\":\"+555133307272\",\"logo\":{\"@type\":\"ImageObject\",\"url\":\"https:\\\/\\\/www.jornalja.com.br\\\/wp-content\\\/uploads\\\/cards\\\/JAslogan.png\",\"@id\":\"https:\\\/\\\/www.jornalja.com.br\\\/arquivo\\\/mae-de-vitima-da-tragedia-da-boate-kiss-acusada-de-injuria-e-inocentada\\\/#organizationLogo\"},\"image\":{\"@id\":\"https:\\\/\\\/www.jornalja.com.br\\\/arquivo\\\/mae-de-vitima-da-tragedia-da-boate-kiss-acusada-de-injuria-e-inocentada\\\/#organizationLogo\"}},{\"@type\":\"Person\",\"@id\":\"https:\\\/\\\/www.jornalja.com.br\\\/arquivo\\\/author\\\/daredacao\\\/#author\",\"url\":\"https:\\\/\\\/www.jornalja.com.br\\\/arquivo\\\/author\\\/daredacao\\\/\",\"name\":\"da Reda\\u00e7\\u00e3o\",\"image\":{\"@type\":\"ImageObject\",\"@id\":\"https:\\\/\\\/www.jornalja.com.br\\\/arquivo\\\/mae-de-vitima-da-tragedia-da-boate-kiss-acusada-de-injuria-e-inocentada\\\/#authorImage\",\"url\":\"https:\\\/\\\/secure.gravatar.com\\\/avatar\\\/469fd857d6605ad19919d27ed29d35a968a25f6e8fd9318356bbb7f57aae9c65?s=96&d=mm&r=g\",\"width\":96,\"height\":96,\"caption\":\"da Reda\\u00e7\\u00e3o\"}},{\"@type\":\"WebPage\",\"@id\":\"https:\\\/\\\/www.jornalja.com.br\\\/arquivo\\\/mae-de-vitima-da-tragedia-da-boate-kiss-acusada-de-injuria-e-inocentada\\\/#webpage\",\"url\":\"https:\\\/\\\/www.jornalja.com.br\\\/arquivo\\\/mae-de-vitima-da-tragedia-da-boate-kiss-acusada-de-injuria-e-inocentada\\\/\",\"name\":\"M\\u00e3e de v\\u00edtima da trag\\u00e9dia da Boate Kiss acusada de inj\\u00faria \\u00e9 inocentada | Arquivo\",\"inLanguage\":\"pt-BR\",\"isPartOf\":{\"@id\":\"https:\\\/\\\/www.jornalja.com.br\\\/arquivo\\\/#website\"},\"breadcrumb\":{\"@id\":\"https:\\\/\\\/www.jornalja.com.br\\\/arquivo\\\/mae-de-vitima-da-tragedia-da-boate-kiss-acusada-de-injuria-e-inocentada\\\/#breadcrumblist\"},\"author\":{\"@id\":\"https:\\\/\\\/www.jornalja.com.br\\\/arquivo\\\/author\\\/daredacao\\\/#author\"},\"creator\":{\"@id\":\"https:\\\/\\\/www.jornalja.com.br\\\/arquivo\\\/author\\\/daredacao\\\/#author\"},\"datePublished\":\"2017-07-31T23:23:29-03:00\",\"dateModified\":\"2017-07-31T23:23:29-03:00\"},{\"@type\":\"WebSite\",\"@id\":\"https:\\\/\\\/www.jornalja.com.br\\\/arquivo\\\/#website\",\"url\":\"https:\\\/\\\/www.jornalja.com.br\\\/arquivo\\\/\",\"name\":\"Arquivo\",\"description\":\"Jornal J\\u00c1 | Porto Alegre\",\"inLanguage\":\"pt-BR\",\"publisher\":{\"@id\":\"https:\\\/\\\/www.jornalja.com.br\\\/arquivo\\\/#organization\"}}]}\n\t\t<\/script>\n\t\t<!-- All in One SEO -->\n\n","aioseo_head_json":{"title":"M\u00e3e de v\u00edtima da trag\u00e9dia da Boate Kiss acusada de inj\u00faria \u00e9 inocentada | Arquivo","description":"","canonical_url":"https:\/\/www.jornalja.com.br\/arquivo\/mae-de-vitima-da-tragedia-da-boate-kiss-acusada-de-injuria-e-inocentada\/","robots":"max-image-preview:large","keywords":"","webmasterTools":{"miscellaneous":""},"schema":{"@context":"https:\/\/schema.org","@graph":[{"@type":"BlogPosting","@id":"https:\/\/www.jornalja.com.br\/arquivo\/mae-de-vitima-da-tragedia-da-boate-kiss-acusada-de-injuria-e-inocentada\/#blogposting","name":"M\u00e3e de v\u00edtima da trag\u00e9dia da Boate Kiss acusada de inj\u00faria \u00e9 inocentada | Arquivo","headline":"M\u00e3e de v\u00edtima da trag\u00e9dia da Boate Kiss acusada de inj\u00faria \u00e9 inocentada","author":{"@id":"https:\/\/www.jornalja.com.br\/arquivo\/author\/daredacao\/#author"},"publisher":{"@id":"https:\/\/www.jornalja.com.br\/arquivo\/#organization"},"image":{"@type":"ImageObject","url":"https:\/\/www.jornalja.com.br\/wp-content\/uploads\/cards\/JAslogan.png","@id":"https:\/\/www.jornalja.com.br\/arquivo\/#articleImage"},"datePublished":"2017-07-31T23:23:29-03:00","dateModified":"2017-07-31T23:23:29-03:00","inLanguage":"pt-BR","mainEntityOfPage":{"@id":"https:\/\/www.jornalja.com.br\/arquivo\/mae-de-vitima-da-tragedia-da-boate-kiss-acusada-de-injuria-e-inocentada\/#webpage"},"isPartOf":{"@id":"https:\/\/www.jornalja.com.br\/arquivo\/mae-de-vitima-da-tragedia-da-boate-kiss-acusada-de-injuria-e-inocentada\/#webpage"},"articleSection":"NOTAS"},{"@type":"BreadcrumbList","@id":"https:\/\/www.jornalja.com.br\/arquivo\/mae-de-vitima-da-tragedia-da-boate-kiss-acusada-de-injuria-e-inocentada\/#breadcrumblist","itemListElement":[{"@type":"ListItem","@id":"https:\/\/www.jornalja.com.br\/arquivo#listItem","position":1,"name":"Home","item":"https:\/\/www.jornalja.com.br\/arquivo","nextItem":{"@type":"ListItem","@id":"https:\/\/www.jornalja.com.br\/arquivo\/category\/notas\/#listItem","name":"NOTAS"}},{"@type":"ListItem","@id":"https:\/\/www.jornalja.com.br\/arquivo\/category\/notas\/#listItem","position":2,"name":"NOTAS","item":"https:\/\/www.jornalja.com.br\/arquivo\/category\/notas\/","nextItem":{"@type":"ListItem","@id":"https:\/\/www.jornalja.com.br\/arquivo\/mae-de-vitima-da-tragedia-da-boate-kiss-acusada-de-injuria-e-inocentada\/#listItem","name":"M\u00e3e de v\u00edtima da trag\u00e9dia da Boate Kiss acusada de inj\u00faria \u00e9 inocentada"},"previousItem":{"@type":"ListItem","@id":"https:\/\/www.jornalja.com.br\/arquivo#listItem","name":"Home"}},{"@type":"ListItem","@id":"https:\/\/www.jornalja.com.br\/arquivo\/mae-de-vitima-da-tragedia-da-boate-kiss-acusada-de-injuria-e-inocentada\/#listItem","position":3,"name":"M\u00e3e de v\u00edtima da trag\u00e9dia da Boate Kiss acusada de inj\u00faria \u00e9 inocentada","previousItem":{"@type":"ListItem","@id":"https:\/\/www.jornalja.com.br\/arquivo\/category\/notas\/#listItem","name":"NOTAS"}}]},{"@type":"Organization","@id":"https:\/\/www.jornalja.com.br\/arquivo\/#organization","name":"Jornal J\u00c1","description":"Jornal J\u00c1 | Porto Alegre","url":"https:\/\/www.jornalja.com.br\/arquivo\/","telephone":"+555133307272","logo":{"@type":"ImageObject","url":"https:\/\/www.jornalja.com.br\/wp-content\/uploads\/cards\/JAslogan.png","@id":"https:\/\/www.jornalja.com.br\/arquivo\/mae-de-vitima-da-tragedia-da-boate-kiss-acusada-de-injuria-e-inocentada\/#organizationLogo"},"image":{"@id":"https:\/\/www.jornalja.com.br\/arquivo\/mae-de-vitima-da-tragedia-da-boate-kiss-acusada-de-injuria-e-inocentada\/#organizationLogo"}},{"@type":"Person","@id":"https:\/\/www.jornalja.com.br\/arquivo\/author\/daredacao\/#author","url":"https:\/\/www.jornalja.com.br\/arquivo\/author\/daredacao\/","name":"da Reda\u00e7\u00e3o","image":{"@type":"ImageObject","@id":"https:\/\/www.jornalja.com.br\/arquivo\/mae-de-vitima-da-tragedia-da-boate-kiss-acusada-de-injuria-e-inocentada\/#authorImage","url":"https:\/\/secure.gravatar.com\/avatar\/469fd857d6605ad19919d27ed29d35a968a25f6e8fd9318356bbb7f57aae9c65?s=96&d=mm&r=g","width":96,"height":96,"caption":"da Reda\u00e7\u00e3o"}},{"@type":"WebPage","@id":"https:\/\/www.jornalja.com.br\/arquivo\/mae-de-vitima-da-tragedia-da-boate-kiss-acusada-de-injuria-e-inocentada\/#webpage","url":"https:\/\/www.jornalja.com.br\/arquivo\/mae-de-vitima-da-tragedia-da-boate-kiss-acusada-de-injuria-e-inocentada\/","name":"M\u00e3e de v\u00edtima da trag\u00e9dia da Boate Kiss acusada de inj\u00faria \u00e9 inocentada | Arquivo","inLanguage":"pt-BR","isPartOf":{"@id":"https:\/\/www.jornalja.com.br\/arquivo\/#website"},"breadcrumb":{"@id":"https:\/\/www.jornalja.com.br\/arquivo\/mae-de-vitima-da-tragedia-da-boate-kiss-acusada-de-injuria-e-inocentada\/#breadcrumblist"},"author":{"@id":"https:\/\/www.jornalja.com.br\/arquivo\/author\/daredacao\/#author"},"creator":{"@id":"https:\/\/www.jornalja.com.br\/arquivo\/author\/daredacao\/#author"},"datePublished":"2017-07-31T23:23:29-03:00","dateModified":"2017-07-31T23:23:29-03:00"},{"@type":"WebSite","@id":"https:\/\/www.jornalja.com.br\/arquivo\/#website","url":"https:\/\/www.jornalja.com.br\/arquivo\/","name":"Arquivo","description":"Jornal J\u00c1 | Porto Alegre","inLanguage":"pt-BR","publisher":{"@id":"https:\/\/www.jornalja.com.br\/arquivo\/#organization"}}]},"og:locale":"pt_BR","og:site_name":"Arquivo | Jornal J\u00c1 | Porto Alegre","og:type":"article","og:title":"M\u00e3e de v\u00edtima da trag\u00e9dia da Boate Kiss acusada de inj\u00faria \u00e9 inocentada | Arquivo","og:url":"https:\/\/www.jornalja.com.br\/arquivo\/mae-de-vitima-da-tragedia-da-boate-kiss-acusada-de-injuria-e-inocentada\/","og:image":"https:\/\/www.jornalja.com.br\/economics\/wp-content\/uploads\/sites\/11\/2026\/08\/ja-folhaderosto-facebook.jpg","og:image:secure_url":"https:\/\/www.jornalja.com.br\/economics\/wp-content\/uploads\/sites\/11\/2026\/08\/ja-folhaderosto-facebook.jpg","article:published_time":"2017-08-01T02:23:29+00:00","article:modified_time":"2017-08-01T02:23:29+00:00","twitter:card":"summary","twitter:title":"M\u00e3e de v\u00edtima da trag\u00e9dia da Boate Kiss acusada de inj\u00faria \u00e9 inocentada | Arquivo","twitter:image":"https:\/\/www.jornalja.com.br\/economics\/wp-content\/uploads\/sites\/11\/2026\/08\/ja-folhaderosto-facebook.jpg"},"aioseo_meta_data":{"post_id":"52469","title":null,"description":null,"keywords":null,"keyphrases":null,"primary_term":null,"canonical_url":null,"og_title":null,"og_description":null,"og_object_type":"default","og_image_type":"default","og_image_url":null,"og_image_width":null,"og_image_height":null,"og_image_custom_url":null,"og_image_custom_fields":null,"og_video":null,"og_custom_url":null,"og_article_section":null,"og_article_tags":null,"twitter_use_og":false,"twitter_card":"default","twitter_image_type":"default","twitter_image_url":null,"twitter_image_custom_url":null,"twitter_image_custom_fields":null,"twitter_title":null,"twitter_description":null,"schema":{"blockGraphs":[],"customGraphs":[],"default":{"data":{"Article":[],"Course":[],"Dataset":[],"FAQPage":[],"Movie":[],"Person":[],"Product":[],"ProductReview":[],"Car":[],"Recipe":[],"Service":[],"SoftwareApplication":[],"WebPage":[]},"graphName":"","isEnabled":true},"graphs":[]},"schema_type":null,"schema_type_options":null,"pillar_content":false,"robots_default":true,"robots_noindex":false,"robots_noarchive":false,"robots_nosnippet":false,"robots_nofollow":false,"robots_noimageindex":false,"robots_noodp":false,"robots_notranslate":false,"robots_max_snippet":null,"robots_max_videopreview":null,"robots_max_imagepreview":"large","priority":null,"frequency":null,"location":null,"local_seo":null,"breadcrumb_settings":null,"limit_modified_date":false,"ai":null,"created":"2020-12-20 20:28:19","updated":"2025-07-19 23:54:08","seo_analyzer_scan_date":null,"focus_keyword":null,"additional_keywords":null,"truseo_locale":null},"jetpack_sharing_enabled":true,"jetpack-related-posts":[],"jetpack_shortlink":"https:\/\/wp.me\/pbQjBd-dEh","jetpack_featured_media_url":"","_links":{"self":[{"href":"https:\/\/www.jornalja.com.br\/arquivo\/wp-json\/wp\/v2\/posts\/52469","targetHints":{"allow":["GET"]}}],"collection":[{"href":"https:\/\/www.jornalja.com.br\/arquivo\/wp-json\/wp\/v2\/posts"}],"about":[{"href":"https:\/\/www.jornalja.com.br\/arquivo\/wp-json\/wp\/v2\/types\/post"}],"author":[{"embeddable":true,"href":"https:\/\/www.jornalja.com.br\/arquivo\/wp-json\/wp\/v2\/users\/4"}],"replies":[{"embeddable":true,"href":"https:\/\/www.jornalja.com.br\/arquivo\/wp-json\/wp\/v2\/comments?post=52469"}],"version-history":[{"count":0,"href":"https:\/\/www.jornalja.com.br\/arquivo\/wp-json\/wp\/v2\/posts\/52469\/revisions"}],"wp:attachment":[{"href":"https:\/\/www.jornalja.com.br\/arquivo\/wp-json\/wp\/v2\/media?parent=52469"}],"wp:term":[{"taxonomy":"category","embeddable":true,"href":"https:\/\/www.jornalja.com.br\/arquivo\/wp-json\/wp\/v2\/categories?post=52469"},{"taxonomy":"post_tag","embeddable":true,"href":"https:\/\/www.jornalja.com.br\/arquivo\/wp-json\/wp\/v2\/tags?post=52469"}],"curies":[{"name":"wp","href":"https:\/\/api.w.org\/{rel}","templated":true}]}}