{"id":52568,"date":"2017-08-02T15:08:06","date_gmt":"2017-08-02T18:08:06","guid":{"rendered":"https:\/\/www.jornalja.com.br\/?p=52568"},"modified":"2017-08-02T15:08:06","modified_gmt":"2017-08-02T18:08:06","slug":"parklets-porto-alegre-tera-espacos-de-convivio-em-lugar-de-estacionamentos","status":"publish","type":"post","link":"https:\/\/www.jornalja.com.br\/arquivo\/parklets-porto-alegre-tera-espacos-de-convivio-em-lugar-de-estacionamentos\/","title":{"rendered":"Parklets: Porto Alegre ter\u00e1 espa\u00e7os de conv\u00edvio em lugar de estacionamentos"},"content":{"rendered":"<p>O prefeito Nelson Marchezan J\u00fanior assinou na manh\u00e3 desta quarta-feira dois documentos que regulamentam a implanta\u00e7\u00e3o de parklets nas ruas de Porto Alegre. Os parklets s\u00e3o esp\u00e9cies de mini parques, que ocupam o local de vagas de estacionamento com locais de conv\u00edvio. O modelo \u00e9 adotado em diversas cidades do mundo. No estado, h\u00e1 os exemplos de Canoas e Caxias do Sul.<br \/>\nVai ser criado um Grupo de Trabalho para avaliar as solicita\u00e7\u00f5es que podem ser feitas <a href=\"http:\/\/alfa.portoalegre.rs.gov.br\/parklets\" target=\"_blank\" rel=\"noopener noreferrer\">atrav\u00e9s do site da Prefeitura.<\/a> A partir da publica\u00e7\u00e3o do decreto, que deve ocorrer nesta quinta-feira, qualquer cidad\u00e3o pode solicitar uma autoriza\u00e7\u00e3o, dentro dos crit\u00e9rios estabelecidos. Os parklets podem ser instalados em vias com velocidade m\u00e1xima at\u00e9 40km\/h, devem ocupar \u00e1rea de no m\u00e1ximo duas vagas de estacionamento para autom\u00f3veis e ser\u00e3o de acesso p\u00fablico.<br \/>\nA Prefeitura desenvolveu um site com as informa\u00e7\u00f5es gerais: o que \u00e9 e pra que serve um parklet, um manual para implanta\u00e7\u00e3o e o passo a passo de como submeter o projeto.<br \/>\n\u201cOs ganhos da cidade s\u00e3o em embelezamento, em humaniza\u00e7\u00e3o e em colocar pessoas na rua, o que melhora n\u00e3o s\u00f3 o ambiente e a socializa\u00e7\u00e3o, mas tamb\u00e9m a seguran\u00e7a. Isso \u00e9 testado em v\u00e1rios lugares do mundo. As cidades que tem pessoas nas ruas s\u00e3o cidades mais seguras, que incentivam o com\u00e9rcio.\u201d<br \/>\nEntre os exemplo apresentados de cidades brasileiras que implementaram este projetos, S\u00e3o Paulo, Rio de Janeiro, Recife, Belo Horizonte, Fortaleza e Rio Branco. No Rio Grande do Sul, <a href=\"http:\/\/www.canoas.rs.gov.br\/site\/noticia\/visualizar\/id\/119527\" target=\"_blank\" rel=\"noopener noreferrer\">o primeiro exemplo \u00e9 do Munic\u00edpio de Canoas<\/a>, que come\u00e7ou a criar parklets no centro da cidade em 2014. Em 2016, a cidade de Caxias do Sul inaugurou na \u00e1rea central.<br \/>\nNo ano passado, a C\u00e2mara Municipal de Porto Alegre rejeitou projeto do vereador Marcelo Sgarbossa (PT) que propunha a cria\u00e7\u00e3o de parklets na cidade. Na \u00e9poca, a Prefeitura prometia lan\u00e7ar um edital sobre o assunto, que j\u00e1 estaria sendo tratado pela\u00a0Secretaria Municipal de Urbanismo desde 2013.<br \/>\nEm 2014, estudantes da Faculdade de Arquitetura da UFRGS criaram um destes espa\u00e7os em frente \u00e0 faculdade. A iniciativa, que era parte da Semana Acad\u00eamica do curso, durou apenas cinco dias. A estrutura instaladas na rua Sarmento leite desapareceu em uma madrugada.<br \/>\nPara o prefeito, \u00e9 importante que, em um segundo momento, os empres\u00e1rios invistam em parklets n\u00e3o somente em frente aos seus estabelecimentos, mas tamb\u00e9m nas \u00e1reas menos valorizadas da cidade.<br \/>\nO secret\u00e1rio de Parcerias Estrat\u00e9gicas, Bruno Vanuzzi, destacou a integra\u00e7\u00e3o de v\u00e1rias secretarias, como a de Infraestrutura e Mobilidade (SMIM), Desenvolvimento Econ\u00f4mico (SMDE) e Meio Ambiente e Sustentabilidade (SMAMS), al\u00e9m da EPTC, e o desenvolvimento do projeto em tempo recorde.<br \/>\nMaur\u00edcio Fernandes, titular da SMAMS, afirmou que a cidade de Porto Alegre \u00e9, muitas vezes, \u201chostil ao pedestre\u201d e privilegia os autom\u00f3veis. \u201cA cidade n\u00e3o \u00e9 de passagem, \u00e9 de conv\u00edvio\u201d, destacou.<br \/>\nMarchezan aproveitou a ocasi\u00e3o para discursar em defesa das recentes medidas do governo, que incluem o transporte p\u00fablico, a remunera\u00e7\u00e3o e as gratifica\u00e7\u00f5es dos servidores e a possibilidade de parcerias com a iniciativa privada no tratamento de \u00e1gua e esgoto de Porto Alegre. O prefeito pediu que os vereadores perdoem sua \u201ccoragem excessiva\u201d ao enviar os projetos durante o recesso parlamentar e garantiu que \u201cn\u00e3o h\u00e1 privatiza\u00e7\u00e3o do DMAE\u201d.<\/p>\n","protected":false},"excerpt":{"rendered":"<p>O prefeito Nelson Marchezan J\u00fanior assinou na manh\u00e3 desta quarta-feira dois documentos que regulamentam a implanta\u00e7\u00e3o de parklets nas ruas de Porto Alegre. Os parklets s\u00e3o esp\u00e9cies de mini parques, que ocupam o local de vagas de estacionamento com locais de conv\u00edvio. O modelo \u00e9 adotado em diversas cidades do mundo. No estado, h\u00e1 os [&hellip;]<\/p>\n","protected":false},"author":4,"featured_media":52570,"comment_status":"open","ping_status":"closed","sticky":false,"template":"","format":"standard","meta":{"_jetpack_newsletter_access":"","_jetpack_dont_email_post_to_subs":false,"_jetpack_newsletter_tier_id":0,"_jetpack_memberships_contains_paywalled_content":false,"_jetpack_feature_clip_id":0,"_jetpack_memberships_contains_paid_content":false,"footnotes":"","jetpack_post_was_ever_published":false},"categories":[26],"tags":[],"class_list":["post-52568","post","type-post","status-publish","format-standard","has-post-thumbnail","hentry","category-geral"],"aioseo_notices":[],"aioseo_head":"\n\t\t<!-- All in One SEO 5.0.1.1 - aioseo.com -->\n\t<meta name=\"robots\" content=\"max-image-preview:large\" \/>\n\t<meta name=\"author\" content=\"da Reda\u00e7\u00e3o\"\/>\n\t<link rel=\"canonical\" href=\"https:\/\/www.jornalja.com.br\/arquivo\/parklets-porto-alegre-tera-espacos-de-convivio-em-lugar-de-estacionamentos\/\" \/>\n\t<meta name=\"generator\" content=\"All in One SEO (AIOSEO) 5.0.1.1\" \/>\n\t\t<meta property=\"og:locale\" content=\"pt_BR\" \/>\n\t\t<meta property=\"og:site_name\" content=\"Arquivo | Jornal J\u00c1 | Porto Alegre\" \/>\n\t\t<meta property=\"og:type\" content=\"article\" \/>\n\t\t<meta property=\"og:title\" content=\"Parklets: Porto Alegre ter\u00e1 espa\u00e7os de conv\u00edvio em lugar de estacionamentos | Arquivo\" \/>\n\t\t<meta property=\"og:url\" content=\"https:\/\/www.jornalja.com.br\/arquivo\/parklets-porto-alegre-tera-espacos-de-convivio-em-lugar-de-estacionamentos\/\" \/>\n\t\t<meta property=\"og:image\" content=\"https:\/\/www.jornalja.com.br\/economics\/wp-content\/uploads\/sites\/11\/2026\/08\/ja-folhaderosto-facebook.jpg\" \/>\n\t\t<meta property=\"og:image:secure_url\" content=\"https:\/\/www.jornalja.com.br\/economics\/wp-content\/uploads\/sites\/11\/2026\/08\/ja-folhaderosto-facebook.jpg\" \/>\n\t\t<meta property=\"article:published_time\" content=\"2017-08-02T18:08:06+00:00\" \/>\n\t\t<meta property=\"article:modified_time\" content=\"2017-08-02T18:08:06+00:00\" \/>\n\t\t<meta name=\"twitter:card\" content=\"summary\" \/>\n\t\t<meta name=\"twitter:title\" content=\"Parklets: Porto Alegre ter\u00e1 espa\u00e7os de conv\u00edvio em lugar de estacionamentos | Arquivo\" \/>\n\t\t<meta name=\"twitter:image\" content=\"https:\/\/www.jornalja.com.br\/economics\/wp-content\/uploads\/sites\/11\/2026\/08\/ja-folhaderosto-facebook.jpg\" \/>\n\t\t<script type=\"application\/ld+json\" class=\"aioseo-schema\">\n\t\t\t{\"@context\":\"https:\\\/\\\/schema.org\",\"@graph\":[{\"@type\":\"BlogPosting\",\"@id\":\"https:\\\/\\\/www.jornalja.com.br\\\/arquivo\\\/parklets-porto-alegre-tera-espacos-de-convivio-em-lugar-de-estacionamentos\\\/#blogposting\",\"name\":\"Parklets: Porto Alegre ter\\u00e1 espa\\u00e7os de conv\\u00edvio em lugar de estacionamentos | Arquivo\",\"headline\":\"Parklets: Porto Alegre ter\\u00e1 espa\\u00e7os de conv\\u00edvio em lugar de estacionamentos\",\"author\":{\"@id\":\"https:\\\/\\\/www.jornalja.com.br\\\/arquivo\\\/author\\\/daredacao\\\/#author\"},\"publisher\":{\"@id\":\"https:\\\/\\\/www.jornalja.com.br\\\/arquivo\\\/#organization\"},\"image\":{\"@type\":\"ImageObject\",\"url\":52570},\"datePublished\":\"2017-08-02T15:08:06-03:00\",\"dateModified\":\"2017-08-02T15:08:06-03:00\",\"inLanguage\":\"pt-BR\",\"commentCount\":1,\"mainEntityOfPage\":{\"@id\":\"https:\\\/\\\/www.jornalja.com.br\\\/arquivo\\\/parklets-porto-alegre-tera-espacos-de-convivio-em-lugar-de-estacionamentos\\\/#webpage\"},\"isPartOf\":{\"@id\":\"https:\\\/\\\/www.jornalja.com.br\\\/arquivo\\\/parklets-porto-alegre-tera-espacos-de-convivio-em-lugar-de-estacionamentos\\\/#webpage\"},\"articleSection\":\"Geral\"},{\"@type\":\"BreadcrumbList\",\"@id\":\"https:\\\/\\\/www.jornalja.com.br\\\/arquivo\\\/parklets-porto-alegre-tera-espacos-de-convivio-em-lugar-de-estacionamentos\\\/#breadcrumblist\",\"itemListElement\":[{\"@type\":\"ListItem\",\"@id\":\"https:\\\/\\\/www.jornalja.com.br\\\/arquivo#listItem\",\"position\":1,\"name\":\"Home\",\"item\":\"https:\\\/\\\/www.jornalja.com.br\\\/arquivo\",\"nextItem\":{\"@type\":\"ListItem\",\"@id\":\"https:\\\/\\\/www.jornalja.com.br\\\/arquivo\\\/category\\\/geral\\\/#listItem\",\"name\":\"Geral\"}},{\"@type\":\"ListItem\",\"@id\":\"https:\\\/\\\/www.jornalja.com.br\\\/arquivo\\\/category\\\/geral\\\/#listItem\",\"position\":2,\"name\":\"Geral\",\"item\":\"https:\\\/\\\/www.jornalja.com.br\\\/arquivo\\\/category\\\/geral\\\/\",\"nextItem\":{\"@type\":\"ListItem\",\"@id\":\"https:\\\/\\\/www.jornalja.com.br\\\/arquivo\\\/parklets-porto-alegre-tera-espacos-de-convivio-em-lugar-de-estacionamentos\\\/#listItem\",\"name\":\"Parklets: Porto Alegre ter\\u00e1 espa\\u00e7os de conv\\u00edvio em lugar de estacionamentos\"},\"previousItem\":{\"@type\":\"ListItem\",\"@id\":\"https:\\\/\\\/www.jornalja.com.br\\\/arquivo#listItem\",\"name\":\"Home\"}},{\"@type\":\"ListItem\",\"@id\":\"https:\\\/\\\/www.jornalja.com.br\\\/arquivo\\\/parklets-porto-alegre-tera-espacos-de-convivio-em-lugar-de-estacionamentos\\\/#listItem\",\"position\":3,\"name\":\"Parklets: Porto Alegre ter\\u00e1 espa\\u00e7os de conv\\u00edvio em lugar de estacionamentos\",\"previousItem\":{\"@type\":\"ListItem\",\"@id\":\"https:\\\/\\\/www.jornalja.com.br\\\/arquivo\\\/category\\\/geral\\\/#listItem\",\"name\":\"Geral\"}}]},{\"@type\":\"Organization\",\"@id\":\"https:\\\/\\\/www.jornalja.com.br\\\/arquivo\\\/#organization\",\"name\":\"Jornal J\\u00c1\",\"description\":\"Jornal J\\u00c1 | Porto Alegre\",\"url\":\"https:\\\/\\\/www.jornalja.com.br\\\/arquivo\\\/\",\"telephone\":\"+555133307272\",\"logo\":{\"@type\":\"ImageObject\",\"url\":\"https:\\\/\\\/www.jornalja.com.br\\\/wp-content\\\/uploads\\\/cards\\\/JAslogan.png\",\"@id\":\"https:\\\/\\\/www.jornalja.com.br\\\/arquivo\\\/parklets-porto-alegre-tera-espacos-de-convivio-em-lugar-de-estacionamentos\\\/#organizationLogo\"},\"image\":{\"@id\":\"https:\\\/\\\/www.jornalja.com.br\\\/arquivo\\\/parklets-porto-alegre-tera-espacos-de-convivio-em-lugar-de-estacionamentos\\\/#organizationLogo\"}},{\"@type\":\"Person\",\"@id\":\"https:\\\/\\\/www.jornalja.com.br\\\/arquivo\\\/author\\\/daredacao\\\/#author\",\"url\":\"https:\\\/\\\/www.jornalja.com.br\\\/arquivo\\\/author\\\/daredacao\\\/\",\"name\":\"da Reda\\u00e7\\u00e3o\",\"image\":{\"@type\":\"ImageObject\",\"@id\":\"https:\\\/\\\/www.jornalja.com.br\\\/arquivo\\\/parklets-porto-alegre-tera-espacos-de-convivio-em-lugar-de-estacionamentos\\\/#authorImage\",\"url\":\"https:\\\/\\\/secure.gravatar.com\\\/avatar\\\/469fd857d6605ad19919d27ed29d35a968a25f6e8fd9318356bbb7f57aae9c65?s=96&d=mm&r=g\",\"width\":96,\"height\":96,\"caption\":\"da Reda\\u00e7\\u00e3o\"}},{\"@type\":\"WebPage\",\"@id\":\"https:\\\/\\\/www.jornalja.com.br\\\/arquivo\\\/parklets-porto-alegre-tera-espacos-de-convivio-em-lugar-de-estacionamentos\\\/#webpage\",\"url\":\"https:\\\/\\\/www.jornalja.com.br\\\/arquivo\\\/parklets-porto-alegre-tera-espacos-de-convivio-em-lugar-de-estacionamentos\\\/\",\"name\":\"Parklets: Porto Alegre ter\\u00e1 espa\\u00e7os de conv\\u00edvio em lugar de estacionamentos | Arquivo\",\"inLanguage\":\"pt-BR\",\"isPartOf\":{\"@id\":\"https:\\\/\\\/www.jornalja.com.br\\\/arquivo\\\/#website\"},\"breadcrumb\":{\"@id\":\"https:\\\/\\\/www.jornalja.com.br\\\/arquivo\\\/parklets-porto-alegre-tera-espacos-de-convivio-em-lugar-de-estacionamentos\\\/#breadcrumblist\"},\"author\":{\"@id\":\"https:\\\/\\\/www.jornalja.com.br\\\/arquivo\\\/author\\\/daredacao\\\/#author\"},\"creator\":{\"@id\":\"https:\\\/\\\/www.jornalja.com.br\\\/arquivo\\\/author\\\/daredacao\\\/#author\"},\"image\":{\"@type\":\"ImageObject\",\"url\":52570,\"@id\":\"https:\\\/\\\/www.jornalja.com.br\\\/arquivo\\\/parklets-porto-alegre-tera-espacos-de-convivio-em-lugar-de-estacionamentos\\\/#mainImage\"},\"primaryImageOfPage\":{\"@id\":\"https:\\\/\\\/www.jornalja.com.br\\\/arquivo\\\/parklets-porto-alegre-tera-espacos-de-convivio-em-lugar-de-estacionamentos\\\/#mainImage\"},\"datePublished\":\"2017-08-02T15:08:06-03:00\",\"dateModified\":\"2017-08-02T15:08:06-03:00\"},{\"@type\":\"WebSite\",\"@id\":\"https:\\\/\\\/www.jornalja.com.br\\\/arquivo\\\/#website\",\"url\":\"https:\\\/\\\/www.jornalja.com.br\\\/arquivo\\\/\",\"name\":\"Arquivo\",\"description\":\"Jornal J\\u00c1 | Porto Alegre\",\"inLanguage\":\"pt-BR\",\"publisher\":{\"@id\":\"https:\\\/\\\/www.jornalja.com.br\\\/arquivo\\\/#organization\"}}]}\n\t\t<\/script>\n\t\t<!-- All in One SEO -->\n\n","aioseo_head_json":{"title":"Parklets: Porto Alegre ter\u00e1 espa\u00e7os de conv\u00edvio em lugar de estacionamentos | Arquivo","description":"","canonical_url":"https:\/\/www.jornalja.com.br\/arquivo\/parklets-porto-alegre-tera-espacos-de-convivio-em-lugar-de-estacionamentos\/","robots":"max-image-preview:large","keywords":"","webmasterTools":{"miscellaneous":""},"schema":{"@context":"https:\/\/schema.org","@graph":[{"@type":"BlogPosting","@id":"https:\/\/www.jornalja.com.br\/arquivo\/parklets-porto-alegre-tera-espacos-de-convivio-em-lugar-de-estacionamentos\/#blogposting","name":"Parklets: Porto Alegre ter\u00e1 espa\u00e7os de conv\u00edvio em lugar de estacionamentos | Arquivo","headline":"Parklets: Porto Alegre ter\u00e1 espa\u00e7os de conv\u00edvio em lugar de estacionamentos","author":{"@id":"https:\/\/www.jornalja.com.br\/arquivo\/author\/daredacao\/#author"},"publisher":{"@id":"https:\/\/www.jornalja.com.br\/arquivo\/#organization"},"image":{"@type":"ImageObject","url":52570},"datePublished":"2017-08-02T15:08:06-03:00","dateModified":"2017-08-02T15:08:06-03:00","inLanguage":"pt-BR","commentCount":1,"mainEntityOfPage":{"@id":"https:\/\/www.jornalja.com.br\/arquivo\/parklets-porto-alegre-tera-espacos-de-convivio-em-lugar-de-estacionamentos\/#webpage"},"isPartOf":{"@id":"https:\/\/www.jornalja.com.br\/arquivo\/parklets-porto-alegre-tera-espacos-de-convivio-em-lugar-de-estacionamentos\/#webpage"},"articleSection":"Geral"},{"@type":"BreadcrumbList","@id":"https:\/\/www.jornalja.com.br\/arquivo\/parklets-porto-alegre-tera-espacos-de-convivio-em-lugar-de-estacionamentos\/#breadcrumblist","itemListElement":[{"@type":"ListItem","@id":"https:\/\/www.jornalja.com.br\/arquivo#listItem","position":1,"name":"Home","item":"https:\/\/www.jornalja.com.br\/arquivo","nextItem":{"@type":"ListItem","@id":"https:\/\/www.jornalja.com.br\/arquivo\/category\/geral\/#listItem","name":"Geral"}},{"@type":"ListItem","@id":"https:\/\/www.jornalja.com.br\/arquivo\/category\/geral\/#listItem","position":2,"name":"Geral","item":"https:\/\/www.jornalja.com.br\/arquivo\/category\/geral\/","nextItem":{"@type":"ListItem","@id":"https:\/\/www.jornalja.com.br\/arquivo\/parklets-porto-alegre-tera-espacos-de-convivio-em-lugar-de-estacionamentos\/#listItem","name":"Parklets: Porto Alegre ter\u00e1 espa\u00e7os de conv\u00edvio em lugar de estacionamentos"},"previousItem":{"@type":"ListItem","@id":"https:\/\/www.jornalja.com.br\/arquivo#listItem","name":"Home"}},{"@type":"ListItem","@id":"https:\/\/www.jornalja.com.br\/arquivo\/parklets-porto-alegre-tera-espacos-de-convivio-em-lugar-de-estacionamentos\/#listItem","position":3,"name":"Parklets: Porto Alegre ter\u00e1 espa\u00e7os de conv\u00edvio em lugar de estacionamentos","previousItem":{"@type":"ListItem","@id":"https:\/\/www.jornalja.com.br\/arquivo\/category\/geral\/#listItem","name":"Geral"}}]},{"@type":"Organization","@id":"https:\/\/www.jornalja.com.br\/arquivo\/#organization","name":"Jornal J\u00c1","description":"Jornal J\u00c1 | Porto Alegre","url":"https:\/\/www.jornalja.com.br\/arquivo\/","telephone":"+555133307272","logo":{"@type":"ImageObject","url":"https:\/\/www.jornalja.com.br\/wp-content\/uploads\/cards\/JAslogan.png","@id":"https:\/\/www.jornalja.com.br\/arquivo\/parklets-porto-alegre-tera-espacos-de-convivio-em-lugar-de-estacionamentos\/#organizationLogo"},"image":{"@id":"https:\/\/www.jornalja.com.br\/arquivo\/parklets-porto-alegre-tera-espacos-de-convivio-em-lugar-de-estacionamentos\/#organizationLogo"}},{"@type":"Person","@id":"https:\/\/www.jornalja.com.br\/arquivo\/author\/daredacao\/#author","url":"https:\/\/www.jornalja.com.br\/arquivo\/author\/daredacao\/","name":"da Reda\u00e7\u00e3o","image":{"@type":"ImageObject","@id":"https:\/\/www.jornalja.com.br\/arquivo\/parklets-porto-alegre-tera-espacos-de-convivio-em-lugar-de-estacionamentos\/#authorImage","url":"https:\/\/secure.gravatar.com\/avatar\/469fd857d6605ad19919d27ed29d35a968a25f6e8fd9318356bbb7f57aae9c65?s=96&d=mm&r=g","width":96,"height":96,"caption":"da Reda\u00e7\u00e3o"}},{"@type":"WebPage","@id":"https:\/\/www.jornalja.com.br\/arquivo\/parklets-porto-alegre-tera-espacos-de-convivio-em-lugar-de-estacionamentos\/#webpage","url":"https:\/\/www.jornalja.com.br\/arquivo\/parklets-porto-alegre-tera-espacos-de-convivio-em-lugar-de-estacionamentos\/","name":"Parklets: Porto Alegre ter\u00e1 espa\u00e7os de conv\u00edvio em lugar de estacionamentos | Arquivo","inLanguage":"pt-BR","isPartOf":{"@id":"https:\/\/www.jornalja.com.br\/arquivo\/#website"},"breadcrumb":{"@id":"https:\/\/www.jornalja.com.br\/arquivo\/parklets-porto-alegre-tera-espacos-de-convivio-em-lugar-de-estacionamentos\/#breadcrumblist"},"author":{"@id":"https:\/\/www.jornalja.com.br\/arquivo\/author\/daredacao\/#author"},"creator":{"@id":"https:\/\/www.jornalja.com.br\/arquivo\/author\/daredacao\/#author"},"image":{"@type":"ImageObject","url":52570,"@id":"https:\/\/www.jornalja.com.br\/arquivo\/parklets-porto-alegre-tera-espacos-de-convivio-em-lugar-de-estacionamentos\/#mainImage"},"primaryImageOfPage":{"@id":"https:\/\/www.jornalja.com.br\/arquivo\/parklets-porto-alegre-tera-espacos-de-convivio-em-lugar-de-estacionamentos\/#mainImage"},"datePublished":"2017-08-02T15:08:06-03:00","dateModified":"2017-08-02T15:08:06-03:00"},{"@type":"WebSite","@id":"https:\/\/www.jornalja.com.br\/arquivo\/#website","url":"https:\/\/www.jornalja.com.br\/arquivo\/","name":"Arquivo","description":"Jornal J\u00c1 | Porto Alegre","inLanguage":"pt-BR","publisher":{"@id":"https:\/\/www.jornalja.com.br\/arquivo\/#organization"}}]},"og:locale":"pt_BR","og:site_name":"Arquivo | Jornal J\u00c1 | Porto Alegre","og:type":"article","og:title":"Parklets: Porto Alegre ter\u00e1 espa\u00e7os de conv\u00edvio em lugar de estacionamentos | Arquivo","og:url":"https:\/\/www.jornalja.com.br\/arquivo\/parklets-porto-alegre-tera-espacos-de-convivio-em-lugar-de-estacionamentos\/","og:image":"https:\/\/www.jornalja.com.br\/economics\/wp-content\/uploads\/sites\/11\/2026\/08\/ja-folhaderosto-facebook.jpg","og:image:secure_url":"https:\/\/www.jornalja.com.br\/economics\/wp-content\/uploads\/sites\/11\/2026\/08\/ja-folhaderosto-facebook.jpg","article:published_time":"2017-08-02T18:08:06+00:00","article:modified_time":"2017-08-02T18:08:06+00:00","twitter:card":"summary","twitter:title":"Parklets: Porto Alegre ter\u00e1 espa\u00e7os de conv\u00edvio em lugar de estacionamentos | Arquivo","twitter:image":"https:\/\/www.jornalja.com.br\/economics\/wp-content\/uploads\/sites\/11\/2026\/08\/ja-folhaderosto-facebook.jpg"},"aioseo_meta_data":{"post_id":"52568","title":null,"description":null,"keywords":null,"keyphrases":null,"primary_term":null,"canonical_url":null,"og_title":null,"og_description":null,"og_object_type":"default","og_image_type":"default","og_image_url":null,"og_image_width":null,"og_image_height":null,"og_image_custom_url":null,"og_image_custom_fields":null,"og_video":null,"og_custom_url":null,"og_article_section":null,"og_article_tags":null,"twitter_use_og":false,"twitter_card":"default","twitter_image_type":"default","twitter_image_url":null,"twitter_image_custom_url":null,"twitter_image_custom_fields":null,"twitter_title":null,"twitter_description":null,"schema":{"blockGraphs":[],"customGraphs":[],"default":{"data":{"Article":[],"Course":[],"Dataset":[],"FAQPage":[],"Movie":[],"Person":[],"Product":[],"ProductReview":[],"Car":[],"Recipe":[],"Service":[],"SoftwareApplication":[],"WebPage":[]},"graphName":"","isEnabled":true},"graphs":[],"defaultGraph":"","defaultPostTypeGraph":""},"schema_type":null,"schema_type_options":null,"pillar_content":false,"robots_default":true,"robots_noindex":false,"robots_noarchive":false,"robots_nosnippet":false,"robots_nofollow":false,"robots_noimageindex":false,"robots_noodp":false,"robots_notranslate":false,"robots_max_snippet":null,"robots_max_videopreview":null,"robots_max_imagepreview":"large","priority":null,"frequency":null,"location":null,"local_seo":null,"breadcrumb_settings":null,"limit_modified_date":false,"ai":null,"created":"2020-12-20 20:28:19","updated":"2025-07-19 23:59:06","seo_analyzer_scan_date":null,"focus_keyword":null,"additional_keywords":null,"truseo_locale":null},"jetpack_sharing_enabled":true,"jetpack-related-posts":[{"id":13239,"url":"https:\/\/www.jornalja.com.br\/arquivo\/conselho-desdenha-do-plano-diretor\/","url_meta":{"origin":52568,"position":0},"title":"Porto Alegre: Conselho detona Plano Diretor","author":"Patr\u00edcia Marini","date":"25 de maio de 2014","format":false,"excerpt":"Den\u00fancia do arquiteto e \u00a0urbanista Ibir\u00e1 Santos Lucas. Ele diz que os conselheiros est\u00e3o votando com \"enorme irresponsabilidade\". \"Mudam regime com a maior naturalidade,,,regularizam absurdos de constru\u00e7\u00f5es irregulares... \"O CMDUA est\u00e1 flexibilizando a lei do plano diretor, de uma forma impactante na vida da cidade. Mudam regime com a maior\u2026","rel":"","context":"Em &quot;Geral&quot;","block_context":{"text":"Geral","link":"https:\/\/www.jornalja.com.br\/arquivo\/category\/geral\/"},"img":{"alt_text":"","src":"","width":0,"height":0},"classes":[]},{"id":5440,"url":"https:\/\/www.jornalja.com.br\/arquivo\/casarao-da-venancio-destino-permanece-incerto\/","url_meta":{"origin":52568,"position":1},"title":"Estado ainda n\u00e3o sabe o que fazer com casar\u00e3o abandonado h\u00e1 20 anos","author":"Elmar Bones","date":"6 de julho de 2009","format":false,"excerpt":"O casar\u00e3o amarelo, numa esquina nobre de Porto Alegre (Ven\u00e2ncio Aires com Jo\u00e3o Pessoa), j\u00e1 abrigou uma escola. H\u00e1 duas d\u00e9cadas, pelo menos, est\u00e1 abandonado, porque seu propriet\u00e1rio, o governo do Estado do Rio Grande do Sul, n\u00e3o consegue achar um destino para ele. Planos n\u00e3o faltaram. O governador Ol\u00edvio\u2026","rel":"","context":"Em &quot;X.Categorias velhas&quot;","block_context":{"text":"X.Categorias velhas","link":"https:\/\/www.jornalja.com.br\/arquivo\/category\/x-categorias-velhas\/"},"img":{"alt_text":"geraldo1","src":"https:\/\/i0.wp.com\/www.jornalja.com.br\/wp-content\/uploads\/2009\/07\/geraldo1.jpg?resize=350%2C200&ssl=1","width":350,"height":200},"classes":[]},{"id":13240,"url":"https:\/\/www.jornalja.com.br\/arquivo\/plano-diretor-estamos-construindo-o-caos\/","url_meta":{"origin":52568,"position":2},"title":"Plano diretor: &quot;Estamos construindo o caos&quot;","author":"Patr\u00edcia Marini","date":"26 de maio de 2014","format":false,"excerpt":"Desabafo que arquiteta Eliana Castilhos, delegada da Regi\u00e3o de Planejamento 1, postou nas redes sociais \u00e9 um testemunho do ambiente que se criou no Conselho do Plano Diretor de Porto Alegre, onde a aprova\u00e7\u00e3o de grandes empreendimentos \u00e9 empurrada guela abaixo dos conselheiros. Ao CMDUA Como delegada da Regi\u00e3o de\u2026","rel":"","context":"Em &quot;Geral&quot;","block_context":{"text":"Geral","link":"https:\/\/www.jornalja.com.br\/arquivo\/category\/geral\/"},"img":{"alt_text":"","src":"","width":0,"height":0},"classes":[]},{"id":13124,"url":"https:\/\/www.jornalja.com.br\/arquivo\/sangue-latino-no-iecine\/","url_meta":{"origin":52568,"position":3},"title":"Sangue latino no IECINE","author":"da Reda\u00e7\u00e3o","date":"18 de maio de 2014","format":false,"excerpt":"Francisco Ribeiro O Instituto Estadual de Cinema (IECINE) tem a frente, desde abril \u00faltimo, um novo diretor, o cineasta colombiano Juan Zapata, 36, que substitui Luiz Alberto Cassol. Radicado h\u00e1 dez anos em Porto Alegre, Zapata tem diante de si o desafio de conduzir at\u00e9 o final do ano um\u2026","rel":"","context":"Em &quot;Cultura-Geral&quot;","block_context":{"text":"Cultura-Geral","link":"https:\/\/www.jornalja.com.br\/arquivo\/category\/materiasecundaria\/"},"img":{"alt_text":"","src":"","width":0,"height":0},"classes":[]},{"id":14241,"url":"https:\/\/www.jornalja.com.br\/arquivo\/o-guaiba-nas-imagens-poeticas-de-achutti\/","url_meta":{"origin":52568,"position":4},"title":"O Gua\u00edba nas imagens po\u00e9ticas de Achutti","author":"da Reda\u00e7\u00e3o","date":"18 de junho de 2014","format":false,"excerpt":"Em \u201cO Gua\u00edba por Achutti\u201d \u2013 obra financiada via Minist\u00e9rio da Cultura, produ\u00e7\u00e3o executiva de Pedro Longhi, e Fl\u00e1vio Wild como designer \u2013, o fot\u00f3grafo revela a beleza e as mazelas de um espa\u00e7o aqu\u00e1tico de \u00e1guas sempre renovadas, cheio de hist\u00f3rias e lendas como as das cidades que foram\u2026","rel":"","context":"Em &quot;Cultura-Geral&quot;","block_context":{"text":"Cultura-Geral","link":"https:\/\/www.jornalja.com.br\/arquivo\/category\/materiasecundaria\/"},"img":{"alt_text":"","src":"","width":0,"height":0},"classes":[]},{"id":1280,"url":"https:\/\/www.jornalja.com.br\/arquivo\/o-menino-que-se-tornou-brizola\/","url_meta":{"origin":52568,"position":5},"title":"O Menino que se Tornou Brizola","author":"da Reda\u00e7\u00e3o","date":"28 de julho de 2008","format":false,"excerpt":"Autor: Cleber Dioni A vida de Leonel Brizola, com \u00eanfase para os primeiros anos em Porto Alegre, at\u00e9 o ex\u00edlio no Uruguai e a volta, quinze anos depois. \u00a0\"...\u00c9ramos todos jovens e nos identific\u00e1vamos com aquela massa an\u00f4nima a percorrer as ruas de Porto Alegre, gritando 'Get\u00falio', 'Get\u00falio' e empunhando\u2026","rel":"","context":"Em &quot;Livros&quot;","block_context":{"text":"Livros","link":"https:\/\/www.jornalja.com.br\/arquivo\/category\/livros\/"},"img":{"alt_text":"","src":"https:\/\/i0.wp.com\/www.jornalja.com.br\/wp-content\/uploads\/2008\/07\/brizola.gif?resize=350%2C200&ssl=1","width":350,"height":200},"classes":[]}],"jetpack_shortlink":"https:\/\/wp.me\/pbQjBd-dFS","jetpack_featured_media_url":"","_links":{"self":[{"href":"https:\/\/www.jornalja.com.br\/arquivo\/wp-json\/wp\/v2\/posts\/52568","targetHints":{"allow":["GET"]}}],"collection":[{"href":"https:\/\/www.jornalja.com.br\/arquivo\/wp-json\/wp\/v2\/posts"}],"about":[{"href":"https:\/\/www.jornalja.com.br\/arquivo\/wp-json\/wp\/v2\/types\/post"}],"author":[{"embeddable":true,"href":"https:\/\/www.jornalja.com.br\/arquivo\/wp-json\/wp\/v2\/users\/4"}],"replies":[{"embeddable":true,"href":"https:\/\/www.jornalja.com.br\/arquivo\/wp-json\/wp\/v2\/comments?post=52568"}],"version-history":[{"count":0,"href":"https:\/\/www.jornalja.com.br\/arquivo\/wp-json\/wp\/v2\/posts\/52568\/revisions"}],"wp:attachment":[{"href":"https:\/\/www.jornalja.com.br\/arquivo\/wp-json\/wp\/v2\/media?parent=52568"}],"wp:term":[{"taxonomy":"category","embeddable":true,"href":"https:\/\/www.jornalja.com.br\/arquivo\/wp-json\/wp\/v2\/categories?post=52568"},{"taxonomy":"post_tag","embeddable":true,"href":"https:\/\/www.jornalja.com.br\/arquivo\/wp-json\/wp\/v2\/tags?post=52568"}],"curies":[{"name":"wp","href":"https:\/\/api.w.org\/{rel}","templated":true}]}}