{"id":52600,"date":"2017-08-03T06:55:24","date_gmt":"2017-08-03T09:55:24","guid":{"rendered":"https:\/\/www.jornalja.com.br\/?p=52600"},"modified":"2017-08-03T06:55:24","modified_gmt":"2017-08-03T09:55:24","slug":"projetos-polemicos-enfraquecem-marchezan-na-camara-de-vereadores","status":"publish","type":"post","link":"https:\/\/www.jornalja.com.br\/arquivo\/projetos-polemicos-enfraquecem-marchezan-na-camara-de-vereadores\/","title":{"rendered":"Projetos pol\u00eamicos enfraquecem Marchezan na C\u00e2mara de Vereadores"},"content":{"rendered":"<p>A primeira sess\u00e3o plen\u00e1ria ap\u00f3s o recesso dos vereadores, na C\u00e2mara Municipal de Porto Alegre foi quente. Come\u00e7ou com o ainda l\u00edder do Governo, Cl\u00e0udio Janta (SDD) pedindo a retirada dos projetos enviados na semana passada pelo Prefeito Nelson Marchezan J\u00fanior.<br \/>\nO\u00a0\u00a0pacote do prefeito mexe nas isen\u00e7\u00f5es do transporte p\u00fablico e nas gratifica\u00e7\u00f5es dos servidores p\u00fablicos municipais.<br \/>\nEm seu discurso Janta admitiu que o transporte p\u00fablico est\u00e1 sucateado e que algumas isen\u00e7\u00f5es devem ser revistas mas foi enf\u00e1tico ao dizer que os projetos enviados &#8220;n\u00e3o resolvem&#8221; o sistema de transporte p\u00fablicos. &#8220;Nenhum direito adquirido deve ser retirado&#8221; defendeu o vereador.<br \/>\nOutra reivindica\u00e7\u00e3o de Janta foi a retirada do projeto que altera o pagamento de sal\u00e1rios e, consequentemente, o dia do d\u00e9cimo terceiro para o dia 5 de janeiro. &#8220;D\u00e9cimo Terceiro \u00e9 uma gratifica\u00e7\u00e3o natalina&#8221; bradou.<br \/>\nSe n\u00e3o forem retirados os projetos, Janta n\u00e3o ser\u00e1 mais o l\u00edder, conforme avisou ainda na tribuna.<br \/>\nDepois dele, defesas e cr\u00edticas de diversos vereadores foram ouvidos em rela\u00e7\u00e3o aos projetos enviado por Marchezan.<br \/>\nNos bastidores se fala em queda da for\u00e7a pol\u00edtica de Marchezan entre os vereadores. &#8220;Ele vai se complicar muito aqui dentro&#8221; revelou um vereador ao rep\u00f3rter, pedindo anonimato.<br \/>\n<strong><em>Oposi\u00e7\u00e3o se mexeu no Plen\u00e1rio<\/em><\/strong><br \/>\nAlguns fatos ocorridos ainda na sess\u00e3o plen\u00e1ria, n\u00e3o deixam d\u00favidas: Marchezan perde for\u00e7a no legislativo. Um deles, \u00e9 um\u00a0pedido de representa\u00e7\u00e3o ao Minist\u00e9rio P\u00fablico de Contas de inspe\u00e7\u00e3o especial no transporte p\u00fablico de Porto Alegre,\u00a0\u00a0diante do decreto do Prefeito Marchezan que acaba com a gratuidade da 2\u00aa passagem.<br \/>\nA iniciativa da l\u00edder da oposi\u00e7\u00e3o, Fernanda Melchionna (PSol)\u00a0teve a assinatura de 16 parlamentares, inclusive da base aliada.<br \/>\nOutro fato, foi a convoca\u00e7\u00e3o de dois secret\u00e1rios \u00e0 C\u00e2mara de Vereadores. O secret\u00e1rio de Servi\u00e7os Urbanos, Ramiro Ros\u00e1rio e o diretor da Procempa, Michel Costa. A oposi\u00e7\u00e3o quer esclarecimentos sobre os servi\u00e7os realizados pela secretaria e o departamento. Um convite ser\u00e1 enviado pela casa nos pr\u00f3ximos dias aos respectivos representantes do executivo.<br \/>\n&nbsp;<\/p>\n","protected":false},"excerpt":{"rendered":"<p>A primeira sess\u00e3o plen\u00e1ria ap\u00f3s o recesso dos vereadores, na C\u00e2mara Municipal de Porto Alegre foi quente. Come\u00e7ou com o ainda l\u00edder do Governo, Cl\u00e0udio Janta (SDD) pedindo a retirada dos projetos enviados na semana passada pelo Prefeito Nelson Marchezan J\u00fanior. O\u00a0\u00a0pacote do prefeito mexe nas isen\u00e7\u00f5es do transporte p\u00fablico e nas gratifica\u00e7\u00f5es dos servidores [&hellip;]<\/p>\n","protected":false},"author":4,"featured_media":52608,"comment_status":"open","ping_status":"closed","sticky":false,"template":"","format":"standard","meta":{"_jetpack_newsletter_access":"","_jetpack_dont_email_post_to_subs":false,"_jetpack_newsletter_tier_id":0,"_jetpack_memberships_contains_paywalled_content":false,"_jetpack_feature_clip_id":0,"_jetpack_memberships_contains_paid_content":false,"footnotes":"","jetpack_post_was_ever_published":false},"categories":[26],"tags":[],"class_list":["post-52600","post","type-post","status-publish","format-standard","has-post-thumbnail","hentry","category-geral"],"aioseo_notices":[],"aioseo_head":"\n\t\t<!-- All in One SEO 5.0.1.1 - aioseo.com -->\n\t<meta name=\"robots\" content=\"max-image-preview:large\" \/>\n\t<meta name=\"author\" content=\"da Reda\u00e7\u00e3o\"\/>\n\t<link rel=\"canonical\" href=\"https:\/\/www.jornalja.com.br\/arquivo\/projetos-polemicos-enfraquecem-marchezan-na-camara-de-vereadores\/\" \/>\n\t<meta name=\"generator\" content=\"All in One SEO (AIOSEO) 5.0.1.1\" \/>\n\t\t<meta property=\"og:locale\" content=\"pt_BR\" \/>\n\t\t<meta property=\"og:site_name\" content=\"Arquivo | Jornal J\u00c1 | Porto Alegre\" \/>\n\t\t<meta property=\"og:type\" content=\"article\" \/>\n\t\t<meta property=\"og:title\" content=\"Projetos pol\u00eamicos enfraquecem Marchezan na C\u00e2mara de Vereadores | Arquivo\" \/>\n\t\t<meta property=\"og:url\" content=\"https:\/\/www.jornalja.com.br\/arquivo\/projetos-polemicos-enfraquecem-marchezan-na-camara-de-vereadores\/\" \/>\n\t\t<meta property=\"og:image\" content=\"https:\/\/www.jornalja.com.br\/economics\/wp-content\/uploads\/sites\/11\/2026\/08\/ja-folhaderosto-facebook.jpg\" \/>\n\t\t<meta property=\"og:image:secure_url\" content=\"https:\/\/www.jornalja.com.br\/economics\/wp-content\/uploads\/sites\/11\/2026\/08\/ja-folhaderosto-facebook.jpg\" \/>\n\t\t<meta property=\"article:published_time\" content=\"2017-08-03T09:55:24+00:00\" \/>\n\t\t<meta property=\"article:modified_time\" content=\"2017-08-03T09:55:24+00:00\" \/>\n\t\t<meta name=\"twitter:card\" content=\"summary\" \/>\n\t\t<meta name=\"twitter:title\" content=\"Projetos pol\u00eamicos enfraquecem Marchezan na C\u00e2mara de Vereadores | Arquivo\" \/>\n\t\t<meta name=\"twitter:image\" content=\"https:\/\/www.jornalja.com.br\/economics\/wp-content\/uploads\/sites\/11\/2026\/08\/ja-folhaderosto-facebook.jpg\" \/>\n\t\t<script type=\"application\/ld+json\" class=\"aioseo-schema\">\n\t\t\t{\"@context\":\"https:\\\/\\\/schema.org\",\"@graph\":[{\"@type\":\"BlogPosting\",\"@id\":\"https:\\\/\\\/www.jornalja.com.br\\\/arquivo\\\/projetos-polemicos-enfraquecem-marchezan-na-camara-de-vereadores\\\/#blogposting\",\"name\":\"Projetos pol\\u00eamicos enfraquecem Marchezan na C\\u00e2mara de Vereadores | Arquivo\",\"headline\":\"Projetos pol\\u00eamicos enfraquecem Marchezan na C\\u00e2mara de Vereadores\",\"author\":{\"@id\":\"https:\\\/\\\/www.jornalja.com.br\\\/arquivo\\\/author\\\/daredacao\\\/#author\"},\"publisher\":{\"@id\":\"https:\\\/\\\/www.jornalja.com.br\\\/arquivo\\\/#organization\"},\"image\":{\"@type\":\"ImageObject\",\"url\":52608},\"datePublished\":\"2017-08-03T06:55:24-03:00\",\"dateModified\":\"2017-08-03T06:55:24-03:00\",\"inLanguage\":\"pt-BR\",\"mainEntityOfPage\":{\"@id\":\"https:\\\/\\\/www.jornalja.com.br\\\/arquivo\\\/projetos-polemicos-enfraquecem-marchezan-na-camara-de-vereadores\\\/#webpage\"},\"isPartOf\":{\"@id\":\"https:\\\/\\\/www.jornalja.com.br\\\/arquivo\\\/projetos-polemicos-enfraquecem-marchezan-na-camara-de-vereadores\\\/#webpage\"},\"articleSection\":\"Geral\"},{\"@type\":\"BreadcrumbList\",\"@id\":\"https:\\\/\\\/www.jornalja.com.br\\\/arquivo\\\/projetos-polemicos-enfraquecem-marchezan-na-camara-de-vereadores\\\/#breadcrumblist\",\"itemListElement\":[{\"@type\":\"ListItem\",\"@id\":\"https:\\\/\\\/www.jornalja.com.br\\\/arquivo#listItem\",\"position\":1,\"name\":\"Home\",\"item\":\"https:\\\/\\\/www.jornalja.com.br\\\/arquivo\",\"nextItem\":{\"@type\":\"ListItem\",\"@id\":\"https:\\\/\\\/www.jornalja.com.br\\\/arquivo\\\/category\\\/geral\\\/#listItem\",\"name\":\"Geral\"}},{\"@type\":\"ListItem\",\"@id\":\"https:\\\/\\\/www.jornalja.com.br\\\/arquivo\\\/category\\\/geral\\\/#listItem\",\"position\":2,\"name\":\"Geral\",\"item\":\"https:\\\/\\\/www.jornalja.com.br\\\/arquivo\\\/category\\\/geral\\\/\",\"nextItem\":{\"@type\":\"ListItem\",\"@id\":\"https:\\\/\\\/www.jornalja.com.br\\\/arquivo\\\/projetos-polemicos-enfraquecem-marchezan-na-camara-de-vereadores\\\/#listItem\",\"name\":\"Projetos pol\\u00eamicos enfraquecem Marchezan na C\\u00e2mara de Vereadores\"},\"previousItem\":{\"@type\":\"ListItem\",\"@id\":\"https:\\\/\\\/www.jornalja.com.br\\\/arquivo#listItem\",\"name\":\"Home\"}},{\"@type\":\"ListItem\",\"@id\":\"https:\\\/\\\/www.jornalja.com.br\\\/arquivo\\\/projetos-polemicos-enfraquecem-marchezan-na-camara-de-vereadores\\\/#listItem\",\"position\":3,\"name\":\"Projetos pol\\u00eamicos enfraquecem Marchezan na C\\u00e2mara de Vereadores\",\"previousItem\":{\"@type\":\"ListItem\",\"@id\":\"https:\\\/\\\/www.jornalja.com.br\\\/arquivo\\\/category\\\/geral\\\/#listItem\",\"name\":\"Geral\"}}]},{\"@type\":\"Organization\",\"@id\":\"https:\\\/\\\/www.jornalja.com.br\\\/arquivo\\\/#organization\",\"name\":\"Jornal J\\u00c1\",\"description\":\"Jornal J\\u00c1 | Porto Alegre\",\"url\":\"https:\\\/\\\/www.jornalja.com.br\\\/arquivo\\\/\",\"telephone\":\"+555133307272\",\"logo\":{\"@type\":\"ImageObject\",\"url\":\"https:\\\/\\\/www.jornalja.com.br\\\/wp-content\\\/uploads\\\/cards\\\/JAslogan.png\",\"@id\":\"https:\\\/\\\/www.jornalja.com.br\\\/arquivo\\\/projetos-polemicos-enfraquecem-marchezan-na-camara-de-vereadores\\\/#organizationLogo\"},\"image\":{\"@id\":\"https:\\\/\\\/www.jornalja.com.br\\\/arquivo\\\/projetos-polemicos-enfraquecem-marchezan-na-camara-de-vereadores\\\/#organizationLogo\"}},{\"@type\":\"Person\",\"@id\":\"https:\\\/\\\/www.jornalja.com.br\\\/arquivo\\\/author\\\/daredacao\\\/#author\",\"url\":\"https:\\\/\\\/www.jornalja.com.br\\\/arquivo\\\/author\\\/daredacao\\\/\",\"name\":\"da Reda\\u00e7\\u00e3o\",\"image\":{\"@type\":\"ImageObject\",\"@id\":\"https:\\\/\\\/www.jornalja.com.br\\\/arquivo\\\/projetos-polemicos-enfraquecem-marchezan-na-camara-de-vereadores\\\/#authorImage\",\"url\":\"https:\\\/\\\/secure.gravatar.com\\\/avatar\\\/469fd857d6605ad19919d27ed29d35a968a25f6e8fd9318356bbb7f57aae9c65?s=96&d=mm&r=g\",\"width\":96,\"height\":96,\"caption\":\"da Reda\\u00e7\\u00e3o\"}},{\"@type\":\"WebPage\",\"@id\":\"https:\\\/\\\/www.jornalja.com.br\\\/arquivo\\\/projetos-polemicos-enfraquecem-marchezan-na-camara-de-vereadores\\\/#webpage\",\"url\":\"https:\\\/\\\/www.jornalja.com.br\\\/arquivo\\\/projetos-polemicos-enfraquecem-marchezan-na-camara-de-vereadores\\\/\",\"name\":\"Projetos pol\\u00eamicos enfraquecem Marchezan na C\\u00e2mara de Vereadores | Arquivo\",\"inLanguage\":\"pt-BR\",\"isPartOf\":{\"@id\":\"https:\\\/\\\/www.jornalja.com.br\\\/arquivo\\\/#website\"},\"breadcrumb\":{\"@id\":\"https:\\\/\\\/www.jornalja.com.br\\\/arquivo\\\/projetos-polemicos-enfraquecem-marchezan-na-camara-de-vereadores\\\/#breadcrumblist\"},\"author\":{\"@id\":\"https:\\\/\\\/www.jornalja.com.br\\\/arquivo\\\/author\\\/daredacao\\\/#author\"},\"creator\":{\"@id\":\"https:\\\/\\\/www.jornalja.com.br\\\/arquivo\\\/author\\\/daredacao\\\/#author\"},\"image\":{\"@type\":\"ImageObject\",\"url\":52608,\"@id\":\"https:\\\/\\\/www.jornalja.com.br\\\/arquivo\\\/projetos-polemicos-enfraquecem-marchezan-na-camara-de-vereadores\\\/#mainImage\"},\"primaryImageOfPage\":{\"@id\":\"https:\\\/\\\/www.jornalja.com.br\\\/arquivo\\\/projetos-polemicos-enfraquecem-marchezan-na-camara-de-vereadores\\\/#mainImage\"},\"datePublished\":\"2017-08-03T06:55:24-03:00\",\"dateModified\":\"2017-08-03T06:55:24-03:00\"},{\"@type\":\"WebSite\",\"@id\":\"https:\\\/\\\/www.jornalja.com.br\\\/arquivo\\\/#website\",\"url\":\"https:\\\/\\\/www.jornalja.com.br\\\/arquivo\\\/\",\"name\":\"Arquivo\",\"description\":\"Jornal J\\u00c1 | Porto Alegre\",\"inLanguage\":\"pt-BR\",\"publisher\":{\"@id\":\"https:\\\/\\\/www.jornalja.com.br\\\/arquivo\\\/#organization\"}}]}\n\t\t<\/script>\n\t\t<!-- All in One SEO -->\n\n","aioseo_head_json":{"title":"Projetos pol\u00eamicos enfraquecem Marchezan na C\u00e2mara de Vereadores | Arquivo","description":"","canonical_url":"https:\/\/www.jornalja.com.br\/arquivo\/projetos-polemicos-enfraquecem-marchezan-na-camara-de-vereadores\/","robots":"max-image-preview:large","keywords":"","webmasterTools":{"miscellaneous":""},"schema":{"@context":"https:\/\/schema.org","@graph":[{"@type":"BlogPosting","@id":"https:\/\/www.jornalja.com.br\/arquivo\/projetos-polemicos-enfraquecem-marchezan-na-camara-de-vereadores\/#blogposting","name":"Projetos pol\u00eamicos enfraquecem Marchezan na C\u00e2mara de Vereadores | Arquivo","headline":"Projetos pol\u00eamicos enfraquecem Marchezan na C\u00e2mara de Vereadores","author":{"@id":"https:\/\/www.jornalja.com.br\/arquivo\/author\/daredacao\/#author"},"publisher":{"@id":"https:\/\/www.jornalja.com.br\/arquivo\/#organization"},"image":{"@type":"ImageObject","url":52608},"datePublished":"2017-08-03T06:55:24-03:00","dateModified":"2017-08-03T06:55:24-03:00","inLanguage":"pt-BR","mainEntityOfPage":{"@id":"https:\/\/www.jornalja.com.br\/arquivo\/projetos-polemicos-enfraquecem-marchezan-na-camara-de-vereadores\/#webpage"},"isPartOf":{"@id":"https:\/\/www.jornalja.com.br\/arquivo\/projetos-polemicos-enfraquecem-marchezan-na-camara-de-vereadores\/#webpage"},"articleSection":"Geral"},{"@type":"BreadcrumbList","@id":"https:\/\/www.jornalja.com.br\/arquivo\/projetos-polemicos-enfraquecem-marchezan-na-camara-de-vereadores\/#breadcrumblist","itemListElement":[{"@type":"ListItem","@id":"https:\/\/www.jornalja.com.br\/arquivo#listItem","position":1,"name":"Home","item":"https:\/\/www.jornalja.com.br\/arquivo","nextItem":{"@type":"ListItem","@id":"https:\/\/www.jornalja.com.br\/arquivo\/category\/geral\/#listItem","name":"Geral"}},{"@type":"ListItem","@id":"https:\/\/www.jornalja.com.br\/arquivo\/category\/geral\/#listItem","position":2,"name":"Geral","item":"https:\/\/www.jornalja.com.br\/arquivo\/category\/geral\/","nextItem":{"@type":"ListItem","@id":"https:\/\/www.jornalja.com.br\/arquivo\/projetos-polemicos-enfraquecem-marchezan-na-camara-de-vereadores\/#listItem","name":"Projetos pol\u00eamicos enfraquecem Marchezan na C\u00e2mara de Vereadores"},"previousItem":{"@type":"ListItem","@id":"https:\/\/www.jornalja.com.br\/arquivo#listItem","name":"Home"}},{"@type":"ListItem","@id":"https:\/\/www.jornalja.com.br\/arquivo\/projetos-polemicos-enfraquecem-marchezan-na-camara-de-vereadores\/#listItem","position":3,"name":"Projetos pol\u00eamicos enfraquecem Marchezan na C\u00e2mara de Vereadores","previousItem":{"@type":"ListItem","@id":"https:\/\/www.jornalja.com.br\/arquivo\/category\/geral\/#listItem","name":"Geral"}}]},{"@type":"Organization","@id":"https:\/\/www.jornalja.com.br\/arquivo\/#organization","name":"Jornal J\u00c1","description":"Jornal J\u00c1 | Porto Alegre","url":"https:\/\/www.jornalja.com.br\/arquivo\/","telephone":"+555133307272","logo":{"@type":"ImageObject","url":"https:\/\/www.jornalja.com.br\/wp-content\/uploads\/cards\/JAslogan.png","@id":"https:\/\/www.jornalja.com.br\/arquivo\/projetos-polemicos-enfraquecem-marchezan-na-camara-de-vereadores\/#organizationLogo"},"image":{"@id":"https:\/\/www.jornalja.com.br\/arquivo\/projetos-polemicos-enfraquecem-marchezan-na-camara-de-vereadores\/#organizationLogo"}},{"@type":"Person","@id":"https:\/\/www.jornalja.com.br\/arquivo\/author\/daredacao\/#author","url":"https:\/\/www.jornalja.com.br\/arquivo\/author\/daredacao\/","name":"da Reda\u00e7\u00e3o","image":{"@type":"ImageObject","@id":"https:\/\/www.jornalja.com.br\/arquivo\/projetos-polemicos-enfraquecem-marchezan-na-camara-de-vereadores\/#authorImage","url":"https:\/\/secure.gravatar.com\/avatar\/469fd857d6605ad19919d27ed29d35a968a25f6e8fd9318356bbb7f57aae9c65?s=96&d=mm&r=g","width":96,"height":96,"caption":"da Reda\u00e7\u00e3o"}},{"@type":"WebPage","@id":"https:\/\/www.jornalja.com.br\/arquivo\/projetos-polemicos-enfraquecem-marchezan-na-camara-de-vereadores\/#webpage","url":"https:\/\/www.jornalja.com.br\/arquivo\/projetos-polemicos-enfraquecem-marchezan-na-camara-de-vereadores\/","name":"Projetos pol\u00eamicos enfraquecem Marchezan na C\u00e2mara de Vereadores | Arquivo","inLanguage":"pt-BR","isPartOf":{"@id":"https:\/\/www.jornalja.com.br\/arquivo\/#website"},"breadcrumb":{"@id":"https:\/\/www.jornalja.com.br\/arquivo\/projetos-polemicos-enfraquecem-marchezan-na-camara-de-vereadores\/#breadcrumblist"},"author":{"@id":"https:\/\/www.jornalja.com.br\/arquivo\/author\/daredacao\/#author"},"creator":{"@id":"https:\/\/www.jornalja.com.br\/arquivo\/author\/daredacao\/#author"},"image":{"@type":"ImageObject","url":52608,"@id":"https:\/\/www.jornalja.com.br\/arquivo\/projetos-polemicos-enfraquecem-marchezan-na-camara-de-vereadores\/#mainImage"},"primaryImageOfPage":{"@id":"https:\/\/www.jornalja.com.br\/arquivo\/projetos-polemicos-enfraquecem-marchezan-na-camara-de-vereadores\/#mainImage"},"datePublished":"2017-08-03T06:55:24-03:00","dateModified":"2017-08-03T06:55:24-03:00"},{"@type":"WebSite","@id":"https:\/\/www.jornalja.com.br\/arquivo\/#website","url":"https:\/\/www.jornalja.com.br\/arquivo\/","name":"Arquivo","description":"Jornal J\u00c1 | Porto Alegre","inLanguage":"pt-BR","publisher":{"@id":"https:\/\/www.jornalja.com.br\/arquivo\/#organization"}}]},"og:locale":"pt_BR","og:site_name":"Arquivo | Jornal J\u00c1 | Porto Alegre","og:type":"article","og:title":"Projetos pol\u00eamicos enfraquecem Marchezan na C\u00e2mara de Vereadores | Arquivo","og:url":"https:\/\/www.jornalja.com.br\/arquivo\/projetos-polemicos-enfraquecem-marchezan-na-camara-de-vereadores\/","og:image":"https:\/\/www.jornalja.com.br\/economics\/wp-content\/uploads\/sites\/11\/2026\/08\/ja-folhaderosto-facebook.jpg","og:image:secure_url":"https:\/\/www.jornalja.com.br\/economics\/wp-content\/uploads\/sites\/11\/2026\/08\/ja-folhaderosto-facebook.jpg","article:published_time":"2017-08-03T09:55:24+00:00","article:modified_time":"2017-08-03T09:55:24+00:00","twitter:card":"summary","twitter:title":"Projetos pol\u00eamicos enfraquecem Marchezan na C\u00e2mara de Vereadores | Arquivo","twitter:image":"https:\/\/www.jornalja.com.br\/economics\/wp-content\/uploads\/sites\/11\/2026\/08\/ja-folhaderosto-facebook.jpg"},"aioseo_meta_data":{"post_id":"52600","title":null,"description":null,"keywords":null,"keyphrases":null,"primary_term":null,"canonical_url":null,"og_title":null,"og_description":null,"og_object_type":"default","og_image_type":"default","og_image_url":null,"og_image_width":null,"og_image_height":null,"og_image_custom_url":null,"og_image_custom_fields":null,"og_video":null,"og_custom_url":null,"og_article_section":null,"og_article_tags":null,"twitter_use_og":false,"twitter_card":"default","twitter_image_type":"default","twitter_image_url":null,"twitter_image_custom_url":null,"twitter_image_custom_fields":null,"twitter_title":null,"twitter_description":null,"schema":{"blockGraphs":[],"customGraphs":[],"default":{"data":{"Article":[],"Course":[],"Dataset":[],"FAQPage":[],"Movie":[],"Person":[],"Product":[],"ProductReview":[],"Car":[],"Recipe":[],"Service":[],"SoftwareApplication":[],"WebPage":[]},"graphName":"","isEnabled":true},"graphs":[],"defaultGraph":"","defaultPostTypeGraph":""},"schema_type":null,"schema_type_options":null,"pillar_content":false,"robots_default":true,"robots_noindex":false,"robots_noarchive":false,"robots_nosnippet":false,"robots_nofollow":false,"robots_noimageindex":false,"robots_noodp":false,"robots_notranslate":false,"robots_max_snippet":null,"robots_max_videopreview":null,"robots_max_imagepreview":"large","priority":null,"frequency":null,"location":null,"local_seo":null,"breadcrumb_settings":null,"limit_modified_date":false,"ai":null,"created":"2020-12-20 20:28:19","updated":"2025-07-19 23:59:06","seo_analyzer_scan_date":null,"focus_keyword":null,"additional_keywords":null,"truseo_locale":null},"jetpack_sharing_enabled":true,"jetpack-related-posts":[{"id":14241,"url":"https:\/\/www.jornalja.com.br\/arquivo\/o-guaiba-nas-imagens-poeticas-de-achutti\/","url_meta":{"origin":52600,"position":0},"title":"O Gua\u00edba nas imagens po\u00e9ticas de Achutti","author":"da Reda\u00e7\u00e3o","date":"18 de junho de 2014","format":false,"excerpt":"Em \u201cO Gua\u00edba por Achutti\u201d \u2013 obra financiada via Minist\u00e9rio da Cultura, produ\u00e7\u00e3o executiva de Pedro Longhi, e Fl\u00e1vio Wild como designer \u2013, o fot\u00f3grafo revela a beleza e as mazelas de um espa\u00e7o aqu\u00e1tico de \u00e1guas sempre renovadas, cheio de hist\u00f3rias e lendas como as das cidades que foram\u2026","rel":"","context":"Em &quot;Cultura-Geral&quot;","block_context":{"text":"Cultura-Geral","link":"https:\/\/www.jornalja.com.br\/arquivo\/category\/materiasecundaria\/"},"img":{"alt_text":"","src":"","width":0,"height":0},"classes":[]},{"id":13240,"url":"https:\/\/www.jornalja.com.br\/arquivo\/plano-diretor-estamos-construindo-o-caos\/","url_meta":{"origin":52600,"position":1},"title":"Plano diretor: &quot;Estamos construindo o caos&quot;","author":"Patr\u00edcia Marini","date":"26 de maio de 2014","format":false,"excerpt":"Desabafo que arquiteta Eliana Castilhos, delegada da Regi\u00e3o de Planejamento 1, postou nas redes sociais \u00e9 um testemunho do ambiente que se criou no Conselho do Plano Diretor de Porto Alegre, onde a aprova\u00e7\u00e3o de grandes empreendimentos \u00e9 empurrada guela abaixo dos conselheiros. Ao CMDUA Como delegada da Regi\u00e3o de\u2026","rel":"","context":"Em &quot;Geral&quot;","block_context":{"text":"Geral","link":"https:\/\/www.jornalja.com.br\/arquivo\/category\/geral\/"},"img":{"alt_text":"","src":"","width":0,"height":0},"classes":[]},{"id":12960,"url":"https:\/\/www.jornalja.com.br\/arquivo\/populacao-culpa-empresas-pela-greve-dos-rodoviarios\/","url_meta":{"origin":52600,"position":2},"title":"Popula\u00e7\u00e3o culpa empresas pela greve","author":"Patr\u00edcia Marini","date":"14 de fevereiro de 2014","format":false,"excerpt":"Pesquisa divulgada na edi\u00e7\u00e3o do jornal Metro desta sexta-feira,14, comprova o velho ditado: \u00e9 poss\u00edvel enganar muitos por algum tempo, mas n\u00e3o \u00e9 poss\u00edvel enganar a todos o tempo inteiro. A principal revela\u00e7\u00e3o foi que 59,8% dos entrevistados apontaram as empresas como as principais respons\u00e1veis pela grave e 46% culparam\u2026","rel":"","context":"Em &quot;X.Categorias velhas&quot;","block_context":{"text":"X.Categorias velhas","link":"https:\/\/www.jornalja.com.br\/arquivo\/category\/x-categorias-velhas\/"},"img":{"alt_text":"","src":"","width":0,"height":0},"classes":[]},{"id":13124,"url":"https:\/\/www.jornalja.com.br\/arquivo\/sangue-latino-no-iecine\/","url_meta":{"origin":52600,"position":3},"title":"Sangue latino no IECINE","author":"da Reda\u00e7\u00e3o","date":"18 de maio de 2014","format":false,"excerpt":"Francisco Ribeiro O Instituto Estadual de Cinema (IECINE) tem a frente, desde abril \u00faltimo, um novo diretor, o cineasta colombiano Juan Zapata, 36, que substitui Luiz Alberto Cassol. Radicado h\u00e1 dez anos em Porto Alegre, Zapata tem diante de si o desafio de conduzir at\u00e9 o final do ano um\u2026","rel":"","context":"Em &quot;Cultura-Geral&quot;","block_context":{"text":"Cultura-Geral","link":"https:\/\/www.jornalja.com.br\/arquivo\/category\/materiasecundaria\/"},"img":{"alt_text":"","src":"","width":0,"height":0},"classes":[]},{"id":13109,"url":"https:\/\/www.jornalja.com.br\/arquivo\/judiciario-reconhece-poluicao-eletromagnetica\/","url_meta":{"origin":52600,"position":4},"title":"Judici\u00e1rio reconhece polui\u00e7\u00e3o eletromagn\u00e9tica","author":"Patr\u00edcia Marini","date":"16 de maio de 2014","format":false,"excerpt":"A\u00e7\u00e3o de duas associa\u00e7\u00f5es de moradores foi acolhida pelo Tribunal de Justi\u00e7a de S\u00e3o Paulo que. em decis\u00e3o in\u00e9dita, determinou a redu\u00e7\u00e3o do campo eletromagn\u00e9tico gerado pelas linhas de transmiss\u00e3o de energia que cortam os bairros City Boa\u00e7ava e Alto de Pinheiros. \u00c9 a primeira vez que um tribunal do\u2026","rel":"","context":"Em &quot;X.Categorias velhas&quot;","block_context":{"text":"X.Categorias velhas","link":"https:\/\/www.jornalja.com.br\/arquivo\/category\/x-categorias-velhas\/"},"img":{"alt_text":"","src":"","width":0,"height":0},"classes":[]},{"id":5440,"url":"https:\/\/www.jornalja.com.br\/arquivo\/casarao-da-venancio-destino-permanece-incerto\/","url_meta":{"origin":52600,"position":5},"title":"Estado ainda n\u00e3o sabe o que fazer com casar\u00e3o abandonado h\u00e1 20 anos","author":"Elmar Bones","date":"6 de julho de 2009","format":false,"excerpt":"O casar\u00e3o amarelo, numa esquina nobre de Porto Alegre (Ven\u00e2ncio Aires com Jo\u00e3o Pessoa), j\u00e1 abrigou uma escola. H\u00e1 duas d\u00e9cadas, pelo menos, est\u00e1 abandonado, porque seu propriet\u00e1rio, o governo do Estado do Rio Grande do Sul, n\u00e3o consegue achar um destino para ele. Planos n\u00e3o faltaram. O governador Ol\u00edvio\u2026","rel":"","context":"Em &quot;X.Categorias velhas&quot;","block_context":{"text":"X.Categorias velhas","link":"https:\/\/www.jornalja.com.br\/arquivo\/category\/x-categorias-velhas\/"},"img":{"alt_text":"geraldo1","src":"https:\/\/i0.wp.com\/www.jornalja.com.br\/wp-content\/uploads\/2009\/07\/geraldo1.jpg?resize=350%2C200&ssl=1","width":350,"height":200},"classes":[]}],"jetpack_shortlink":"https:\/\/wp.me\/pbQjBd-dGo","jetpack_featured_media_url":"","_links":{"self":[{"href":"https:\/\/www.jornalja.com.br\/arquivo\/wp-json\/wp\/v2\/posts\/52600","targetHints":{"allow":["GET"]}}],"collection":[{"href":"https:\/\/www.jornalja.com.br\/arquivo\/wp-json\/wp\/v2\/posts"}],"about":[{"href":"https:\/\/www.jornalja.com.br\/arquivo\/wp-json\/wp\/v2\/types\/post"}],"author":[{"embeddable":true,"href":"https:\/\/www.jornalja.com.br\/arquivo\/wp-json\/wp\/v2\/users\/4"}],"replies":[{"embeddable":true,"href":"https:\/\/www.jornalja.com.br\/arquivo\/wp-json\/wp\/v2\/comments?post=52600"}],"version-history":[{"count":0,"href":"https:\/\/www.jornalja.com.br\/arquivo\/wp-json\/wp\/v2\/posts\/52600\/revisions"}],"wp:attachment":[{"href":"https:\/\/www.jornalja.com.br\/arquivo\/wp-json\/wp\/v2\/media?parent=52600"}],"wp:term":[{"taxonomy":"category","embeddable":true,"href":"https:\/\/www.jornalja.com.br\/arquivo\/wp-json\/wp\/v2\/categories?post=52600"},{"taxonomy":"post_tag","embeddable":true,"href":"https:\/\/www.jornalja.com.br\/arquivo\/wp-json\/wp\/v2\/tags?post=52600"}],"curies":[{"name":"wp","href":"https:\/\/api.w.org\/{rel}","templated":true}]}}