{"id":52650,"date":"2017-08-02T23:29:12","date_gmt":"2017-08-03T02:29:12","guid":{"rendered":"https:\/\/www.jornalja.com.br\/?p=52650"},"modified":"2017-08-02T23:29:12","modified_gmt":"2017-08-03T02:29:12","slug":"temer-contou-com-12-votos-de-deputados-gauchos-para-barrar-denuncia-18-foram-contra-o-presidente","status":"publish","type":"post","link":"https:\/\/www.jornalja.com.br\/arquivo\/temer-contou-com-12-votos-de-deputados-gauchos-para-barrar-denuncia-18-foram-contra-o-presidente\/","title":{"rendered":"Temer contou com 12 votos de deputados ga\u00fachos para barrar den\u00fancia, 18 foram contra o presidente"},"content":{"rendered":"<p>Em sess\u00e3o que durou mais de 12 horas, na noite desta quarta-feira, a C\u00e2mara dos Deputados \u00a0barrou a den\u00fancia da Procuradoria-Geral da Rep\u00fablica contra o presidente Michel Temer, acusado de corrup\u00e7\u00e3o passiva junto com o seu ex-assessor Rodrigo da Rocha Loures.<br \/>\nVotaram a favor do relat\u00f3rio do deputado Paulo Abi-Ackel (PSDB-MG), 263 deputados. J\u00e1 os votos contr\u00e1rios foram 227, duas absten\u00e7\u00f5es e 19 aus\u00eancias. A oposi\u00e7\u00e3o precisava de 342 votos para rejeitar o relat\u00f3rio e autorizar as investiga\u00e7\u00f5es pelo STF.<br \/>\nNo entanto, somados os votos a favor, as absten\u00e7\u00f5es e as aus\u00eancias, o placar a favor de Temer sobre para 284. Para aprovar mudan\u00e7as na Constitui\u00e7\u00e3o, por exemplo, s\u00e3o necess\u00e1rios 308 votos.<br \/>\nAo todo, 12 parlamentares ga\u00fachos\u00a0se posicionaram a favor de Temer e contra o encaminhamento da den\u00fancia ao STF. J\u00e1 dezoito foram contra o relat\u00f3rio que mandava arquivar a den\u00fancia.<br \/>\nFoi registrada uma aus\u00eancia, do deputado Giovani Cherini, que est\u00e1 de licen\u00e7a m\u00e9dica.<br \/>\nApesar da vit\u00f3ria ao impedir andamento das investiga\u00e7\u00f5es contra o presidente Michel Temer, o resultado da vota\u00e7\u00e3o do parecer da Comiss\u00e3o de Constitui\u00e7\u00e3o e Justi\u00e7a (CCJ) contr\u00e1rio \u00e0 autoriza\u00e7\u00e3o para a investiga\u00e7\u00e3o do Supremo Tribunal Federal (STF) ficou abaixou das proje\u00e7\u00f5es feitas pelos principais aliados do governo. Nos \u00faltimos dias e at\u00e9 o in\u00edcio da vota\u00e7\u00e3o, os governistas acreditavam que teriam mais de 270 votos com facilidade.<br \/>\nUm dos principais articuladores do Pal\u00e1cio do Planalto na C\u00e2mara, o vice-l\u00edder do governo Darc\u00edsio Perondi (PMDB-RS), minimizou o placar. \u201cAs circunst\u00e2ncias s\u00e3o complicadas\u201d, disse. \u201cOs 264 votos s\u00e3o uma demonstra\u00e7\u00e3o de for\u00e7a boazinha\u201d.<br \/>\nO deputado Alessandro Molon (Rede-RJ) avaliou que o resultado de hoje pode influenciar no resultado de uma eventual nova den\u00fancia a ser apresentada pela Procuradoria-Geral da Rep\u00fablica contra Temer. \u201cA press\u00e3o da sociedade tende a mudar votos para a vota\u00e7\u00e3o da segunda den\u00fancia. \u00c9 nisso que a gente [da oposi\u00e7\u00e3o] aposta\u201d.<br \/>\n<span class=\"intertit\"><strong>Confira os votos dos deputados ga\u00fachos:<\/strong><\/span><br \/>\nAfonso Hamm (PP) &#8211; N\u00c3O<br \/>\nAfonso Motta (PDT) &#8211; N\u00c3O<br \/>\nAlceu Moreira (PMDB) &#8211; SIM<br \/>\nBohn Gass (PT) &#8211; N\u00c3O<br \/>\nCajar Nardes (PR) &#8211; SIM<br \/>\nCarlos Gomes (PRB) &#8211; N\u00c3O<br \/>\nDanrlei (PSD) &#8211; N\u00c3O<br \/>\nDarc\u00edsio Perondi (PMDB) &#8211; SIM<br \/>\nGiovani Cherini (PDT) &#8211; Ausente<br \/>\nHeitor Schuch (PSB) &#8211; N\u00c3O<br \/>\nHenrique Fontana (PT) &#8211; N\u00c3O<br \/>\nJer\u00f4nimo Goergen (PP) &#8211; N\u00c3O<br \/>\nJo\u00e3o Derly (REDE) &#8211; N\u00c3O<br \/>\nJos\u00e9 Foga\u00e7a (PMDB) &#8211; SIM<br \/>\nJos\u00e9 Ot\u00e1vio Germano (PP) &#8211; SIM<br \/>\nJose St\u00e9dile (PSB) &#8211; N\u00c3O<br \/>\nLuis Carlos Heinze (PP) &#8211; N\u00c3O<br \/>\nMarco Maia (PT) &#8211; N\u00c3O<br \/>\nMarcon (PT) &#8211; N\u00c3O<br \/>\nMaria do Ros\u00e1rio (PT) &#8211; N\u00c3O<br \/>\nMauro Pereira (PMDB) &#8211; SIM<br \/>\nOnyx Lorenzoni (DEM) &#8211; N\u00c3O<br \/>\nOsmar Terra (PMDB) &#8211; SIM<br \/>\nPaulo Pimenta (PT) &#8211; N\u00c3O<br \/>\nPepe Vargas (PT) &#8211; N\u00c3O<br \/>\nPompeo de Mattos (PT) &#8211; N\u00c3O<br \/>\nRenato Molling (PP) &#8211; SIM<br \/>\nRonaldo Nogueira (PTB) &#8211; SIM<\/p>\n","protected":false},"excerpt":{"rendered":"<p>Em sess\u00e3o que durou mais de 12 horas, na noite desta quarta-feira, a C\u00e2mara dos Deputados \u00a0barrou a den\u00fancia da Procuradoria-Geral da Rep\u00fablica contra o presidente Michel Temer, acusado de corrup\u00e7\u00e3o passiva junto com o seu ex-assessor Rodrigo da Rocha Loures. Votaram a favor do relat\u00f3rio do deputado Paulo Abi-Ackel (PSDB-MG), 263 deputados. J\u00e1 os [&hellip;]<\/p>\n","protected":false},"author":4,"featured_media":52651,"comment_status":"open","ping_status":"closed","sticky":false,"template":"","format":"standard","meta":{"_jetpack_newsletter_access":"","_jetpack_dont_email_post_to_subs":false,"_jetpack_newsletter_tier_id":0,"_jetpack_memberships_contains_paywalled_content":false,"_jetpack_feature_clip_id":0,"_jetpack_memberships_contains_paid_content":false,"footnotes":"","jetpack_post_was_ever_published":false},"categories":[26],"tags":[],"class_list":["post-52650","post","type-post","status-publish","format-standard","has-post-thumbnail","hentry","category-geral"],"aioseo_notices":[],"aioseo_head":"\n\t\t<!-- All in One SEO 5.0.1.1 - aioseo.com -->\n\t<meta name=\"robots\" content=\"max-image-preview:large\" \/>\n\t<meta name=\"author\" content=\"da Reda\u00e7\u00e3o\"\/>\n\t<link rel=\"canonical\" href=\"https:\/\/www.jornalja.com.br\/arquivo\/temer-contou-com-12-votos-de-deputados-gauchos-para-barrar-denuncia-18-foram-contra-o-presidente\/\" \/>\n\t<meta name=\"generator\" content=\"All in One SEO (AIOSEO) 5.0.1.1\" \/>\n\t\t<meta property=\"og:locale\" content=\"pt_BR\" \/>\n\t\t<meta property=\"og:site_name\" content=\"Arquivo | Jornal J\u00c1 | Porto Alegre\" \/>\n\t\t<meta property=\"og:type\" content=\"article\" \/>\n\t\t<meta property=\"og:title\" content=\"Temer contou com 12 votos de deputados ga\u00fachos para barrar den\u00fancia, 18 foram contra o presidente | Arquivo\" \/>\n\t\t<meta property=\"og:url\" content=\"https:\/\/www.jornalja.com.br\/arquivo\/temer-contou-com-12-votos-de-deputados-gauchos-para-barrar-denuncia-18-foram-contra-o-presidente\/\" \/>\n\t\t<meta property=\"og:image\" content=\"https:\/\/www.jornalja.com.br\/economics\/wp-content\/uploads\/sites\/11\/2026\/08\/ja-folhaderosto-facebook.jpg\" \/>\n\t\t<meta property=\"og:image:secure_url\" content=\"https:\/\/www.jornalja.com.br\/economics\/wp-content\/uploads\/sites\/11\/2026\/08\/ja-folhaderosto-facebook.jpg\" \/>\n\t\t<meta property=\"article:published_time\" content=\"2017-08-03T02:29:12+00:00\" \/>\n\t\t<meta property=\"article:modified_time\" content=\"2017-08-03T02:29:12+00:00\" \/>\n\t\t<meta name=\"twitter:card\" content=\"summary\" \/>\n\t\t<meta name=\"twitter:title\" content=\"Temer contou com 12 votos de deputados ga\u00fachos para barrar den\u00fancia, 18 foram contra o presidente | Arquivo\" \/>\n\t\t<meta name=\"twitter:image\" content=\"https:\/\/www.jornalja.com.br\/economics\/wp-content\/uploads\/sites\/11\/2026\/08\/ja-folhaderosto-facebook.jpg\" \/>\n\t\t<script type=\"application\/ld+json\" class=\"aioseo-schema\">\n\t\t\t{\"@context\":\"https:\\\/\\\/schema.org\",\"@graph\":[{\"@type\":\"BlogPosting\",\"@id\":\"https:\\\/\\\/www.jornalja.com.br\\\/arquivo\\\/temer-contou-com-12-votos-de-deputados-gauchos-para-barrar-denuncia-18-foram-contra-o-presidente\\\/#blogposting\",\"name\":\"Temer contou com 12 votos de deputados ga\\u00fachos para barrar den\\u00fancia, 18 foram contra o presidente | Arquivo\",\"headline\":\"Temer contou com 12 votos de deputados ga\\u00fachos para barrar den\\u00fancia, 18 foram contra o presidente\",\"author\":{\"@id\":\"https:\\\/\\\/www.jornalja.com.br\\\/arquivo\\\/author\\\/daredacao\\\/#author\"},\"publisher\":{\"@id\":\"https:\\\/\\\/www.jornalja.com.br\\\/arquivo\\\/#organization\"},\"image\":{\"@type\":\"ImageObject\",\"url\":52651},\"datePublished\":\"2017-08-02T23:29:12-03:00\",\"dateModified\":\"2017-08-02T23:29:12-03:00\",\"inLanguage\":\"pt-BR\",\"mainEntityOfPage\":{\"@id\":\"https:\\\/\\\/www.jornalja.com.br\\\/arquivo\\\/temer-contou-com-12-votos-de-deputados-gauchos-para-barrar-denuncia-18-foram-contra-o-presidente\\\/#webpage\"},\"isPartOf\":{\"@id\":\"https:\\\/\\\/www.jornalja.com.br\\\/arquivo\\\/temer-contou-com-12-votos-de-deputados-gauchos-para-barrar-denuncia-18-foram-contra-o-presidente\\\/#webpage\"},\"articleSection\":\"Geral\"},{\"@type\":\"BreadcrumbList\",\"@id\":\"https:\\\/\\\/www.jornalja.com.br\\\/arquivo\\\/temer-contou-com-12-votos-de-deputados-gauchos-para-barrar-denuncia-18-foram-contra-o-presidente\\\/#breadcrumblist\",\"itemListElement\":[{\"@type\":\"ListItem\",\"@id\":\"https:\\\/\\\/www.jornalja.com.br\\\/arquivo#listItem\",\"position\":1,\"name\":\"Home\",\"item\":\"https:\\\/\\\/www.jornalja.com.br\\\/arquivo\",\"nextItem\":{\"@type\":\"ListItem\",\"@id\":\"https:\\\/\\\/www.jornalja.com.br\\\/arquivo\\\/category\\\/geral\\\/#listItem\",\"name\":\"Geral\"}},{\"@type\":\"ListItem\",\"@id\":\"https:\\\/\\\/www.jornalja.com.br\\\/arquivo\\\/category\\\/geral\\\/#listItem\",\"position\":2,\"name\":\"Geral\",\"item\":\"https:\\\/\\\/www.jornalja.com.br\\\/arquivo\\\/category\\\/geral\\\/\",\"nextItem\":{\"@type\":\"ListItem\",\"@id\":\"https:\\\/\\\/www.jornalja.com.br\\\/arquivo\\\/temer-contou-com-12-votos-de-deputados-gauchos-para-barrar-denuncia-18-foram-contra-o-presidente\\\/#listItem\",\"name\":\"Temer contou com 12 votos de deputados ga\\u00fachos para barrar den\\u00fancia, 18 foram contra o presidente\"},\"previousItem\":{\"@type\":\"ListItem\",\"@id\":\"https:\\\/\\\/www.jornalja.com.br\\\/arquivo#listItem\",\"name\":\"Home\"}},{\"@type\":\"ListItem\",\"@id\":\"https:\\\/\\\/www.jornalja.com.br\\\/arquivo\\\/temer-contou-com-12-votos-de-deputados-gauchos-para-barrar-denuncia-18-foram-contra-o-presidente\\\/#listItem\",\"position\":3,\"name\":\"Temer contou com 12 votos de deputados ga\\u00fachos para barrar den\\u00fancia, 18 foram contra o presidente\",\"previousItem\":{\"@type\":\"ListItem\",\"@id\":\"https:\\\/\\\/www.jornalja.com.br\\\/arquivo\\\/category\\\/geral\\\/#listItem\",\"name\":\"Geral\"}}]},{\"@type\":\"Organization\",\"@id\":\"https:\\\/\\\/www.jornalja.com.br\\\/arquivo\\\/#organization\",\"name\":\"Jornal J\\u00c1\",\"description\":\"Jornal J\\u00c1 | Porto Alegre\",\"url\":\"https:\\\/\\\/www.jornalja.com.br\\\/arquivo\\\/\",\"telephone\":\"+555133307272\",\"logo\":{\"@type\":\"ImageObject\",\"url\":\"https:\\\/\\\/www.jornalja.com.br\\\/wp-content\\\/uploads\\\/cards\\\/JAslogan.png\",\"@id\":\"https:\\\/\\\/www.jornalja.com.br\\\/arquivo\\\/temer-contou-com-12-votos-de-deputados-gauchos-para-barrar-denuncia-18-foram-contra-o-presidente\\\/#organizationLogo\"},\"image\":{\"@id\":\"https:\\\/\\\/www.jornalja.com.br\\\/arquivo\\\/temer-contou-com-12-votos-de-deputados-gauchos-para-barrar-denuncia-18-foram-contra-o-presidente\\\/#organizationLogo\"}},{\"@type\":\"Person\",\"@id\":\"https:\\\/\\\/www.jornalja.com.br\\\/arquivo\\\/author\\\/daredacao\\\/#author\",\"url\":\"https:\\\/\\\/www.jornalja.com.br\\\/arquivo\\\/author\\\/daredacao\\\/\",\"name\":\"da Reda\\u00e7\\u00e3o\",\"image\":{\"@type\":\"ImageObject\",\"@id\":\"https:\\\/\\\/www.jornalja.com.br\\\/arquivo\\\/temer-contou-com-12-votos-de-deputados-gauchos-para-barrar-denuncia-18-foram-contra-o-presidente\\\/#authorImage\",\"url\":\"https:\\\/\\\/secure.gravatar.com\\\/avatar\\\/469fd857d6605ad19919d27ed29d35a968a25f6e8fd9318356bbb7f57aae9c65?s=96&d=mm&r=g\",\"width\":96,\"height\":96,\"caption\":\"da Reda\\u00e7\\u00e3o\"}},{\"@type\":\"WebPage\",\"@id\":\"https:\\\/\\\/www.jornalja.com.br\\\/arquivo\\\/temer-contou-com-12-votos-de-deputados-gauchos-para-barrar-denuncia-18-foram-contra-o-presidente\\\/#webpage\",\"url\":\"https:\\\/\\\/www.jornalja.com.br\\\/arquivo\\\/temer-contou-com-12-votos-de-deputados-gauchos-para-barrar-denuncia-18-foram-contra-o-presidente\\\/\",\"name\":\"Temer contou com 12 votos de deputados ga\\u00fachos para barrar den\\u00fancia, 18 foram contra o presidente | Arquivo\",\"inLanguage\":\"pt-BR\",\"isPartOf\":{\"@id\":\"https:\\\/\\\/www.jornalja.com.br\\\/arquivo\\\/#website\"},\"breadcrumb\":{\"@id\":\"https:\\\/\\\/www.jornalja.com.br\\\/arquivo\\\/temer-contou-com-12-votos-de-deputados-gauchos-para-barrar-denuncia-18-foram-contra-o-presidente\\\/#breadcrumblist\"},\"author\":{\"@id\":\"https:\\\/\\\/www.jornalja.com.br\\\/arquivo\\\/author\\\/daredacao\\\/#author\"},\"creator\":{\"@id\":\"https:\\\/\\\/www.jornalja.com.br\\\/arquivo\\\/author\\\/daredacao\\\/#author\"},\"image\":{\"@type\":\"ImageObject\",\"url\":52651,\"@id\":\"https:\\\/\\\/www.jornalja.com.br\\\/arquivo\\\/temer-contou-com-12-votos-de-deputados-gauchos-para-barrar-denuncia-18-foram-contra-o-presidente\\\/#mainImage\"},\"primaryImageOfPage\":{\"@id\":\"https:\\\/\\\/www.jornalja.com.br\\\/arquivo\\\/temer-contou-com-12-votos-de-deputados-gauchos-para-barrar-denuncia-18-foram-contra-o-presidente\\\/#mainImage\"},\"datePublished\":\"2017-08-02T23:29:12-03:00\",\"dateModified\":\"2017-08-02T23:29:12-03:00\"},{\"@type\":\"WebSite\",\"@id\":\"https:\\\/\\\/www.jornalja.com.br\\\/arquivo\\\/#website\",\"url\":\"https:\\\/\\\/www.jornalja.com.br\\\/arquivo\\\/\",\"name\":\"Arquivo\",\"description\":\"Jornal J\\u00c1 | Porto Alegre\",\"inLanguage\":\"pt-BR\",\"publisher\":{\"@id\":\"https:\\\/\\\/www.jornalja.com.br\\\/arquivo\\\/#organization\"}}]}\n\t\t<\/script>\n\t\t<!-- All in One SEO -->\n\n","aioseo_head_json":{"title":"Temer contou com 12 votos de deputados ga\u00fachos para barrar den\u00fancia, 18 foram contra o presidente | Arquivo","description":"","canonical_url":"https:\/\/www.jornalja.com.br\/arquivo\/temer-contou-com-12-votos-de-deputados-gauchos-para-barrar-denuncia-18-foram-contra-o-presidente\/","robots":"max-image-preview:large","keywords":"","webmasterTools":{"miscellaneous":""},"schema":{"@context":"https:\/\/schema.org","@graph":[{"@type":"BlogPosting","@id":"https:\/\/www.jornalja.com.br\/arquivo\/temer-contou-com-12-votos-de-deputados-gauchos-para-barrar-denuncia-18-foram-contra-o-presidente\/#blogposting","name":"Temer contou com 12 votos de deputados ga\u00fachos para barrar den\u00fancia, 18 foram contra o presidente | Arquivo","headline":"Temer contou com 12 votos de deputados ga\u00fachos para barrar den\u00fancia, 18 foram contra o presidente","author":{"@id":"https:\/\/www.jornalja.com.br\/arquivo\/author\/daredacao\/#author"},"publisher":{"@id":"https:\/\/www.jornalja.com.br\/arquivo\/#organization"},"image":{"@type":"ImageObject","url":52651},"datePublished":"2017-08-02T23:29:12-03:00","dateModified":"2017-08-02T23:29:12-03:00","inLanguage":"pt-BR","mainEntityOfPage":{"@id":"https:\/\/www.jornalja.com.br\/arquivo\/temer-contou-com-12-votos-de-deputados-gauchos-para-barrar-denuncia-18-foram-contra-o-presidente\/#webpage"},"isPartOf":{"@id":"https:\/\/www.jornalja.com.br\/arquivo\/temer-contou-com-12-votos-de-deputados-gauchos-para-barrar-denuncia-18-foram-contra-o-presidente\/#webpage"},"articleSection":"Geral"},{"@type":"BreadcrumbList","@id":"https:\/\/www.jornalja.com.br\/arquivo\/temer-contou-com-12-votos-de-deputados-gauchos-para-barrar-denuncia-18-foram-contra-o-presidente\/#breadcrumblist","itemListElement":[{"@type":"ListItem","@id":"https:\/\/www.jornalja.com.br\/arquivo#listItem","position":1,"name":"Home","item":"https:\/\/www.jornalja.com.br\/arquivo","nextItem":{"@type":"ListItem","@id":"https:\/\/www.jornalja.com.br\/arquivo\/category\/geral\/#listItem","name":"Geral"}},{"@type":"ListItem","@id":"https:\/\/www.jornalja.com.br\/arquivo\/category\/geral\/#listItem","position":2,"name":"Geral","item":"https:\/\/www.jornalja.com.br\/arquivo\/category\/geral\/","nextItem":{"@type":"ListItem","@id":"https:\/\/www.jornalja.com.br\/arquivo\/temer-contou-com-12-votos-de-deputados-gauchos-para-barrar-denuncia-18-foram-contra-o-presidente\/#listItem","name":"Temer contou com 12 votos de deputados ga\u00fachos para barrar den\u00fancia, 18 foram contra o presidente"},"previousItem":{"@type":"ListItem","@id":"https:\/\/www.jornalja.com.br\/arquivo#listItem","name":"Home"}},{"@type":"ListItem","@id":"https:\/\/www.jornalja.com.br\/arquivo\/temer-contou-com-12-votos-de-deputados-gauchos-para-barrar-denuncia-18-foram-contra-o-presidente\/#listItem","position":3,"name":"Temer contou com 12 votos de deputados ga\u00fachos para barrar den\u00fancia, 18 foram contra o presidente","previousItem":{"@type":"ListItem","@id":"https:\/\/www.jornalja.com.br\/arquivo\/category\/geral\/#listItem","name":"Geral"}}]},{"@type":"Organization","@id":"https:\/\/www.jornalja.com.br\/arquivo\/#organization","name":"Jornal J\u00c1","description":"Jornal J\u00c1 | Porto Alegre","url":"https:\/\/www.jornalja.com.br\/arquivo\/","telephone":"+555133307272","logo":{"@type":"ImageObject","url":"https:\/\/www.jornalja.com.br\/wp-content\/uploads\/cards\/JAslogan.png","@id":"https:\/\/www.jornalja.com.br\/arquivo\/temer-contou-com-12-votos-de-deputados-gauchos-para-barrar-denuncia-18-foram-contra-o-presidente\/#organizationLogo"},"image":{"@id":"https:\/\/www.jornalja.com.br\/arquivo\/temer-contou-com-12-votos-de-deputados-gauchos-para-barrar-denuncia-18-foram-contra-o-presidente\/#organizationLogo"}},{"@type":"Person","@id":"https:\/\/www.jornalja.com.br\/arquivo\/author\/daredacao\/#author","url":"https:\/\/www.jornalja.com.br\/arquivo\/author\/daredacao\/","name":"da Reda\u00e7\u00e3o","image":{"@type":"ImageObject","@id":"https:\/\/www.jornalja.com.br\/arquivo\/temer-contou-com-12-votos-de-deputados-gauchos-para-barrar-denuncia-18-foram-contra-o-presidente\/#authorImage","url":"https:\/\/secure.gravatar.com\/avatar\/469fd857d6605ad19919d27ed29d35a968a25f6e8fd9318356bbb7f57aae9c65?s=96&d=mm&r=g","width":96,"height":96,"caption":"da Reda\u00e7\u00e3o"}},{"@type":"WebPage","@id":"https:\/\/www.jornalja.com.br\/arquivo\/temer-contou-com-12-votos-de-deputados-gauchos-para-barrar-denuncia-18-foram-contra-o-presidente\/#webpage","url":"https:\/\/www.jornalja.com.br\/arquivo\/temer-contou-com-12-votos-de-deputados-gauchos-para-barrar-denuncia-18-foram-contra-o-presidente\/","name":"Temer contou com 12 votos de deputados ga\u00fachos para barrar den\u00fancia, 18 foram contra o presidente | Arquivo","inLanguage":"pt-BR","isPartOf":{"@id":"https:\/\/www.jornalja.com.br\/arquivo\/#website"},"breadcrumb":{"@id":"https:\/\/www.jornalja.com.br\/arquivo\/temer-contou-com-12-votos-de-deputados-gauchos-para-barrar-denuncia-18-foram-contra-o-presidente\/#breadcrumblist"},"author":{"@id":"https:\/\/www.jornalja.com.br\/arquivo\/author\/daredacao\/#author"},"creator":{"@id":"https:\/\/www.jornalja.com.br\/arquivo\/author\/daredacao\/#author"},"image":{"@type":"ImageObject","url":52651,"@id":"https:\/\/www.jornalja.com.br\/arquivo\/temer-contou-com-12-votos-de-deputados-gauchos-para-barrar-denuncia-18-foram-contra-o-presidente\/#mainImage"},"primaryImageOfPage":{"@id":"https:\/\/www.jornalja.com.br\/arquivo\/temer-contou-com-12-votos-de-deputados-gauchos-para-barrar-denuncia-18-foram-contra-o-presidente\/#mainImage"},"datePublished":"2017-08-02T23:29:12-03:00","dateModified":"2017-08-02T23:29:12-03:00"},{"@type":"WebSite","@id":"https:\/\/www.jornalja.com.br\/arquivo\/#website","url":"https:\/\/www.jornalja.com.br\/arquivo\/","name":"Arquivo","description":"Jornal J\u00c1 | Porto Alegre","inLanguage":"pt-BR","publisher":{"@id":"https:\/\/www.jornalja.com.br\/arquivo\/#organization"}}]},"og:locale":"pt_BR","og:site_name":"Arquivo | Jornal J\u00c1 | Porto Alegre","og:type":"article","og:title":"Temer contou com 12 votos de deputados ga\u00fachos para barrar den\u00fancia, 18 foram contra o presidente | Arquivo","og:url":"https:\/\/www.jornalja.com.br\/arquivo\/temer-contou-com-12-votos-de-deputados-gauchos-para-barrar-denuncia-18-foram-contra-o-presidente\/","og:image":"https:\/\/www.jornalja.com.br\/economics\/wp-content\/uploads\/sites\/11\/2026\/08\/ja-folhaderosto-facebook.jpg","og:image:secure_url":"https:\/\/www.jornalja.com.br\/economics\/wp-content\/uploads\/sites\/11\/2026\/08\/ja-folhaderosto-facebook.jpg","article:published_time":"2017-08-03T02:29:12+00:00","article:modified_time":"2017-08-03T02:29:12+00:00","twitter:card":"summary","twitter:title":"Temer contou com 12 votos de deputados ga\u00fachos para barrar den\u00fancia, 18 foram contra o presidente | Arquivo","twitter:image":"https:\/\/www.jornalja.com.br\/economics\/wp-content\/uploads\/sites\/11\/2026\/08\/ja-folhaderosto-facebook.jpg"},"aioseo_meta_data":{"post_id":"52650","title":null,"description":null,"keywords":null,"keyphrases":null,"primary_term":null,"canonical_url":null,"og_title":null,"og_description":null,"og_object_type":"default","og_image_type":"default","og_image_url":null,"og_image_width":null,"og_image_height":null,"og_image_custom_url":null,"og_image_custom_fields":null,"og_video":null,"og_custom_url":null,"og_article_section":null,"og_article_tags":null,"twitter_use_og":false,"twitter_card":"default","twitter_image_type":"default","twitter_image_url":null,"twitter_image_custom_url":null,"twitter_image_custom_fields":null,"twitter_title":null,"twitter_description":null,"schema":{"blockGraphs":[],"customGraphs":[],"default":{"data":{"Article":[],"Course":[],"Dataset":[],"FAQPage":[],"Movie":[],"Person":[],"Product":[],"ProductReview":[],"Car":[],"Recipe":[],"Service":[],"SoftwareApplication":[],"WebPage":[]},"graphName":"","isEnabled":true},"graphs":[],"defaultGraph":"","defaultPostTypeGraph":""},"schema_type":null,"schema_type_options":null,"pillar_content":false,"robots_default":true,"robots_noindex":false,"robots_noarchive":false,"robots_nosnippet":false,"robots_nofollow":false,"robots_noimageindex":false,"robots_noodp":false,"robots_notranslate":false,"robots_max_snippet":null,"robots_max_videopreview":null,"robots_max_imagepreview":"large","priority":null,"frequency":null,"location":null,"local_seo":null,"breadcrumb_settings":null,"limit_modified_date":false,"ai":null,"created":"2020-12-20 20:28:19","updated":"2025-07-19 23:59:06","seo_analyzer_scan_date":null,"focus_keyword":null,"additional_keywords":null,"truseo_locale":null},"jetpack_sharing_enabled":true,"jetpack-related-posts":[{"id":13240,"url":"https:\/\/www.jornalja.com.br\/arquivo\/plano-diretor-estamos-construindo-o-caos\/","url_meta":{"origin":52650,"position":0},"title":"Plano diretor: &quot;Estamos construindo o caos&quot;","author":"Patr\u00edcia Marini","date":"26 de maio de 2014","format":false,"excerpt":"Desabafo que arquiteta Eliana Castilhos, delegada da Regi\u00e3o de Planejamento 1, postou nas redes sociais \u00e9 um testemunho do ambiente que se criou no Conselho do Plano Diretor de Porto Alegre, onde a aprova\u00e7\u00e3o de grandes empreendimentos \u00e9 empurrada guela abaixo dos conselheiros. Ao CMDUA Como delegada da Regi\u00e3o de\u2026","rel":"","context":"Em &quot;Geral&quot;","block_context":{"text":"Geral","link":"https:\/\/www.jornalja.com.br\/arquivo\/category\/geral\/"},"img":{"alt_text":"","src":"","width":0,"height":0},"classes":[]},{"id":13239,"url":"https:\/\/www.jornalja.com.br\/arquivo\/conselho-desdenha-do-plano-diretor\/","url_meta":{"origin":52650,"position":1},"title":"Porto Alegre: Conselho detona Plano Diretor","author":"Patr\u00edcia Marini","date":"25 de maio de 2014","format":false,"excerpt":"Den\u00fancia do arquiteto e \u00a0urbanista Ibir\u00e1 Santos Lucas. Ele diz que os conselheiros est\u00e3o votando com \"enorme irresponsabilidade\". \"Mudam regime com a maior naturalidade,,,regularizam absurdos de constru\u00e7\u00f5es irregulares... \"O CMDUA est\u00e1 flexibilizando a lei do plano diretor, de uma forma impactante na vida da cidade. Mudam regime com a maior\u2026","rel":"","context":"Em &quot;Geral&quot;","block_context":{"text":"Geral","link":"https:\/\/www.jornalja.com.br\/arquivo\/category\/geral\/"},"img":{"alt_text":"","src":"","width":0,"height":0},"classes":[]},{"id":13109,"url":"https:\/\/www.jornalja.com.br\/arquivo\/judiciario-reconhece-poluicao-eletromagnetica\/","url_meta":{"origin":52650,"position":2},"title":"Judici\u00e1rio reconhece polui\u00e7\u00e3o eletromagn\u00e9tica","author":"Patr\u00edcia Marini","date":"16 de maio de 2014","format":false,"excerpt":"A\u00e7\u00e3o de duas associa\u00e7\u00f5es de moradores foi acolhida pelo Tribunal de Justi\u00e7a de S\u00e3o Paulo que. em decis\u00e3o in\u00e9dita, determinou a redu\u00e7\u00e3o do campo eletromagn\u00e9tico gerado pelas linhas de transmiss\u00e3o de energia que cortam os bairros City Boa\u00e7ava e Alto de Pinheiros. \u00c9 a primeira vez que um tribunal do\u2026","rel":"","context":"Em &quot;X.Categorias velhas&quot;","block_context":{"text":"X.Categorias velhas","link":"https:\/\/www.jornalja.com.br\/arquivo\/category\/x-categorias-velhas\/"},"img":{"alt_text":"","src":"","width":0,"height":0},"classes":[]},{"id":13128,"url":"https:\/\/www.jornalja.com.br\/arquivo\/maconha-terra-diz-que-uso-medicinal-e-desculpa\/","url_meta":{"origin":52650,"position":3},"title":"Maconha: Terra diz que uso medicinal \u00e9 desculpa","author":"Patr\u00edcia Marini","date":"4 de junho de 2014","format":false,"excerpt":"A condi\u00e7\u00e3o de pol\u00edtico, em \u00e9poca de campanha de campanha eleitoral, tira for\u00e7a do discurso do m\u00e9dico Osmar Terra contra a legaliza\u00e7\u00e3o da maconha. A tese dele de que a libera\u00e7\u00e3o vai ampliar exponencialmente o consumo \u00e9 discutivel, o consumo \u00e9 corrente. Mas seus alertas quanto aos riscos tem que\u2026","rel":"","context":"Em &quot;X.Categorias velhas&quot;","block_context":{"text":"X.Categorias velhas","link":"https:\/\/www.jornalja.com.br\/arquivo\/category\/x-categorias-velhas\/"},"img":{"alt_text":"","src":"","width":0,"height":0},"classes":[]},{"id":13124,"url":"https:\/\/www.jornalja.com.br\/arquivo\/sangue-latino-no-iecine\/","url_meta":{"origin":52650,"position":4},"title":"Sangue latino no IECINE","author":"da Reda\u00e7\u00e3o","date":"18 de maio de 2014","format":false,"excerpt":"Francisco Ribeiro O Instituto Estadual de Cinema (IECINE) tem a frente, desde abril \u00faltimo, um novo diretor, o cineasta colombiano Juan Zapata, 36, que substitui Luiz Alberto Cassol. Radicado h\u00e1 dez anos em Porto Alegre, Zapata tem diante de si o desafio de conduzir at\u00e9 o final do ano um\u2026","rel":"","context":"Em &quot;Cultura-Geral&quot;","block_context":{"text":"Cultura-Geral","link":"https:\/\/www.jornalja.com.br\/arquivo\/category\/materiasecundaria\/"},"img":{"alt_text":"","src":"","width":0,"height":0},"classes":[]},{"id":14241,"url":"https:\/\/www.jornalja.com.br\/arquivo\/o-guaiba-nas-imagens-poeticas-de-achutti\/","url_meta":{"origin":52650,"position":5},"title":"O Gua\u00edba nas imagens po\u00e9ticas de Achutti","author":"da Reda\u00e7\u00e3o","date":"18 de junho de 2014","format":false,"excerpt":"Em \u201cO Gua\u00edba por Achutti\u201d \u2013 obra financiada via Minist\u00e9rio da Cultura, produ\u00e7\u00e3o executiva de Pedro Longhi, e Fl\u00e1vio Wild como designer \u2013, o fot\u00f3grafo revela a beleza e as mazelas de um espa\u00e7o aqu\u00e1tico de \u00e1guas sempre renovadas, cheio de hist\u00f3rias e lendas como as das cidades que foram\u2026","rel":"","context":"Em &quot;Cultura-Geral&quot;","block_context":{"text":"Cultura-Geral","link":"https:\/\/www.jornalja.com.br\/arquivo\/category\/materiasecundaria\/"},"img":{"alt_text":"","src":"","width":0,"height":0},"classes":[]}],"jetpack_shortlink":"https:\/\/wp.me\/pbQjBd-dHc","jetpack_featured_media_url":"","_links":{"self":[{"href":"https:\/\/www.jornalja.com.br\/arquivo\/wp-json\/wp\/v2\/posts\/52650","targetHints":{"allow":["GET"]}}],"collection":[{"href":"https:\/\/www.jornalja.com.br\/arquivo\/wp-json\/wp\/v2\/posts"}],"about":[{"href":"https:\/\/www.jornalja.com.br\/arquivo\/wp-json\/wp\/v2\/types\/post"}],"author":[{"embeddable":true,"href":"https:\/\/www.jornalja.com.br\/arquivo\/wp-json\/wp\/v2\/users\/4"}],"replies":[{"embeddable":true,"href":"https:\/\/www.jornalja.com.br\/arquivo\/wp-json\/wp\/v2\/comments?post=52650"}],"version-history":[{"count":0,"href":"https:\/\/www.jornalja.com.br\/arquivo\/wp-json\/wp\/v2\/posts\/52650\/revisions"}],"wp:attachment":[{"href":"https:\/\/www.jornalja.com.br\/arquivo\/wp-json\/wp\/v2\/media?parent=52650"}],"wp:term":[{"taxonomy":"category","embeddable":true,"href":"https:\/\/www.jornalja.com.br\/arquivo\/wp-json\/wp\/v2\/categories?post=52650"},{"taxonomy":"post_tag","embeddable":true,"href":"https:\/\/www.jornalja.com.br\/arquivo\/wp-json\/wp\/v2\/tags?post=52650"}],"curies":[{"name":"wp","href":"https:\/\/api.w.org\/{rel}","templated":true}]}}