{"id":52658,"date":"2017-08-03T10:18:53","date_gmt":"2017-08-03T13:18:53","guid":{"rendered":"https:\/\/www.jornalja.com.br\/?p=52658"},"modified":"2017-08-03T10:18:53","modified_gmt":"2017-08-03T13:18:53","slug":"constituinte-exclusive-e-caminho-para-sanear-a-politica-diz-presidente-da-acpa","status":"publish","type":"post","link":"https:\/\/www.jornalja.com.br\/arquivo\/constituinte-exclusive-e-caminho-para-sanear-a-politica-diz-presidente-da-acpa\/","title":{"rendered":"&quot;Constituinte exclusiva \u00e9 caminho para sanear a pol\u00edtica&quot;, diz presidente da ACPA"},"content":{"rendered":"<p>A Associa\u00e7\u00e3o Comercial de Porto Alegre surpreendeu ao lan\u00e7ar esta semana um manifesto em defesa de uma Assembl\u00e9ia Nacional Constituinte, exclusiva para estabelecer novas bases para a vida pol\u00edtica no pa\u00eds.<br \/>\nO presidente da entidade, Paulo Afonso Pereira, explicou ao J\u00c1 que a decis\u00e3o foi un\u00e2nime na diretoria:<br \/>\n&#8220;O que nos moveu, acima de tudo, foi a convic\u00e7\u00e3o de que uma atitude tem que ser tomada imediatamente, diante do descalabro pol\u00edtico que assola o pa\u00eds. Ent\u00e3o, levantamos essa bandeira, para motivar outros grupos que tem a mesma preocupa\u00e7\u00e3o e formar um movimento que leve \u00e0 mudan\u00e7a, porque esse pessoal que est\u00e1 l\u00e1 n\u00e3o vai mudar nada&#8221;.<br \/>\nEle reconhece que o caminho para viabilizar a proposta ainda n\u00e3o est\u00e1 claro: &#8220;O caminho vai se definir \u00e0 medida em que avan\u00e7a a mobiliza\u00e7\u00e3o. N\u00e3o queremos liderar, mas queremos fazer parte de um movimento de cidadania&#8221;.<br \/>\nA id\u00e9ia de uma constituinte exclusiva transita desde o in\u00edcio do ano entre o empresariado do setor comercial. Desde abril, o presidente do Sebrae, Afif Domingos, tem procurado pol\u00edticos e empres\u00e1rios para tentar viabilizar a proposta que exclui das discuss\u00f5es o atual Congresso, contaminado pelo petrol\u00e3o.<br \/>\n\u201cO atual Congresso perdeu a legitimidade para discutir essa mat\u00e9ria\u201d, justifica Afif.<br \/>\nOs partidos pol\u00edticos indicariam os candidatos \u00e0 constituinte, que seriam eleitos pelo povo. S\u00f3 poderiam disputar as vagas pessoas sem mandato, que teriam seis meses para aprovar as mudan\u00e7as da lei eleitoral.<br \/>\nOs constituintes ficariam proibidos de disputar o pleito de 2018, trabalhariam nos finais de semana e n\u00e3o seriam remunerados.<br \/>\nO limite para mudar as regras da pr\u00f3xima elei\u00e7\u00e3o \u00e9 1.\u00ba de outubro deste ano, mas a ideia \u00e9 incluir na emenda que viabilizar a constituinte uma amplia\u00e7\u00e3o desse prazo para que a reforma possa ser votada at\u00e9 seis meses antes do pleito de 2018.<br \/>\nUm grupo de advogados not\u00e1veis, \u00e0 frente o ex-presidente da OAB Reginaldo de Castro, j\u00e1 formaram um grupo para participar do debate e \u201cmostrar ao Pa\u00eds a necessidade de nova Constituinte\u201d.<br \/>\nA ideia da Constituinte pode ganhar for\u00e7a porque a reforma pol\u00edtica em discuss\u00e3o na C\u00e2mara empacou.<br \/>\n&nbsp;<\/p>\n","protected":false},"excerpt":{"rendered":"<p>A Associa\u00e7\u00e3o Comercial de Porto Alegre surpreendeu ao lan\u00e7ar esta semana um manifesto em defesa de uma Assembl\u00e9ia Nacional Constituinte, exclusiva para estabelecer novas bases para a vida pol\u00edtica no pa\u00eds. O presidente da entidade, Paulo Afonso Pereira, explicou ao J\u00c1 que a decis\u00e3o foi un\u00e2nime na diretoria: &#8220;O que nos moveu, acima de tudo, [&hellip;]<\/p>\n","protected":false},"author":4,"featured_media":52659,"comment_status":"open","ping_status":"closed","sticky":false,"template":"","format":"standard","meta":{"_jetpack_newsletter_access":"","_jetpack_dont_email_post_to_subs":false,"_jetpack_newsletter_tier_id":0,"_jetpack_memberships_contains_paywalled_content":false,"_jetpack_feature_clip_id":0,"_jetpack_memberships_contains_paid_content":false,"footnotes":"","jetpack_post_was_ever_published":false},"categories":[26],"tags":[],"class_list":["post-52658","post","type-post","status-publish","format-standard","has-post-thumbnail","hentry","category-geral"],"aioseo_notices":[],"aioseo_head":"\n\t\t<!-- All in One SEO 5.0.1.1 - aioseo.com -->\n\t<meta name=\"robots\" content=\"max-image-preview:large\" \/>\n\t<meta name=\"author\" content=\"da Reda\u00e7\u00e3o\"\/>\n\t<link rel=\"canonical\" href=\"https:\/\/www.jornalja.com.br\/arquivo\/constituinte-exclusive-e-caminho-para-sanear-a-politica-diz-presidente-da-acpa\/\" \/>\n\t<meta name=\"generator\" content=\"All in One SEO (AIOSEO) 5.0.1.1\" \/>\n\t\t<meta property=\"og:locale\" content=\"pt_BR\" \/>\n\t\t<meta property=\"og:site_name\" content=\"Arquivo | Jornal J\u00c1 | Porto Alegre\" \/>\n\t\t<meta property=\"og:type\" content=\"article\" \/>\n\t\t<meta property=\"og:title\" content=\"&quot;Constituinte exclusiva \u00e9 caminho para sanear a pol\u00edtica&quot;, diz presidente da ACPA | Arquivo\" \/>\n\t\t<meta property=\"og:url\" content=\"https:\/\/www.jornalja.com.br\/arquivo\/constituinte-exclusive-e-caminho-para-sanear-a-politica-diz-presidente-da-acpa\/\" \/>\n\t\t<meta property=\"og:image\" content=\"https:\/\/www.jornalja.com.br\/economics\/wp-content\/uploads\/sites\/11\/2026\/08\/ja-folhaderosto-facebook.jpg\" \/>\n\t\t<meta property=\"og:image:secure_url\" content=\"https:\/\/www.jornalja.com.br\/economics\/wp-content\/uploads\/sites\/11\/2026\/08\/ja-folhaderosto-facebook.jpg\" \/>\n\t\t<meta property=\"article:published_time\" content=\"2017-08-03T13:18:53+00:00\" \/>\n\t\t<meta property=\"article:modified_time\" content=\"2017-08-03T13:18:53+00:00\" \/>\n\t\t<meta name=\"twitter:card\" content=\"summary\" \/>\n\t\t<meta name=\"twitter:title\" content=\"&quot;Constituinte exclusiva \u00e9 caminho para sanear a pol\u00edtica&quot;, diz presidente da ACPA | Arquivo\" \/>\n\t\t<meta name=\"twitter:image\" content=\"https:\/\/www.jornalja.com.br\/economics\/wp-content\/uploads\/sites\/11\/2026\/08\/ja-folhaderosto-facebook.jpg\" \/>\n\t\t<script type=\"application\/ld+json\" class=\"aioseo-schema\">\n\t\t\t{\"@context\":\"https:\\\/\\\/schema.org\",\"@graph\":[{\"@type\":\"BlogPosting\",\"@id\":\"https:\\\/\\\/www.jornalja.com.br\\\/arquivo\\\/constituinte-exclusive-e-caminho-para-sanear-a-politica-diz-presidente-da-acpa\\\/#blogposting\",\"name\":\"\\\"Constituinte exclusiva \\u00e9 caminho para sanear a pol\\u00edtica\\\", diz presidente da ACPA | Arquivo\",\"headline\":\"&quot;Constituinte exclusiva \\u00e9 caminho para sanear a pol\\u00edtica&quot;, diz presidente da ACPA\",\"author\":{\"@id\":\"https:\\\/\\\/www.jornalja.com.br\\\/arquivo\\\/author\\\/daredacao\\\/#author\"},\"publisher\":{\"@id\":\"https:\\\/\\\/www.jornalja.com.br\\\/arquivo\\\/#organization\"},\"image\":{\"@type\":\"ImageObject\",\"url\":52659},\"datePublished\":\"2017-08-03T10:18:53-03:00\",\"dateModified\":\"2017-08-03T10:18:53-03:00\",\"inLanguage\":\"pt-BR\",\"mainEntityOfPage\":{\"@id\":\"https:\\\/\\\/www.jornalja.com.br\\\/arquivo\\\/constituinte-exclusive-e-caminho-para-sanear-a-politica-diz-presidente-da-acpa\\\/#webpage\"},\"isPartOf\":{\"@id\":\"https:\\\/\\\/www.jornalja.com.br\\\/arquivo\\\/constituinte-exclusive-e-caminho-para-sanear-a-politica-diz-presidente-da-acpa\\\/#webpage\"},\"articleSection\":\"Geral\"},{\"@type\":\"BreadcrumbList\",\"@id\":\"https:\\\/\\\/www.jornalja.com.br\\\/arquivo\\\/constituinte-exclusive-e-caminho-para-sanear-a-politica-diz-presidente-da-acpa\\\/#breadcrumblist\",\"itemListElement\":[{\"@type\":\"ListItem\",\"@id\":\"https:\\\/\\\/www.jornalja.com.br\\\/arquivo#listItem\",\"position\":1,\"name\":\"Home\",\"item\":\"https:\\\/\\\/www.jornalja.com.br\\\/arquivo\",\"nextItem\":{\"@type\":\"ListItem\",\"@id\":\"https:\\\/\\\/www.jornalja.com.br\\\/arquivo\\\/category\\\/geral\\\/#listItem\",\"name\":\"Geral\"}},{\"@type\":\"ListItem\",\"@id\":\"https:\\\/\\\/www.jornalja.com.br\\\/arquivo\\\/category\\\/geral\\\/#listItem\",\"position\":2,\"name\":\"Geral\",\"item\":\"https:\\\/\\\/www.jornalja.com.br\\\/arquivo\\\/category\\\/geral\\\/\",\"nextItem\":{\"@type\":\"ListItem\",\"@id\":\"https:\\\/\\\/www.jornalja.com.br\\\/arquivo\\\/constituinte-exclusive-e-caminho-para-sanear-a-politica-diz-presidente-da-acpa\\\/#listItem\",\"name\":\"&quot;Constituinte exclusiva \\u00e9 caminho para sanear a pol\\u00edtica&quot;, diz presidente da ACPA\"},\"previousItem\":{\"@type\":\"ListItem\",\"@id\":\"https:\\\/\\\/www.jornalja.com.br\\\/arquivo#listItem\",\"name\":\"Home\"}},{\"@type\":\"ListItem\",\"@id\":\"https:\\\/\\\/www.jornalja.com.br\\\/arquivo\\\/constituinte-exclusive-e-caminho-para-sanear-a-politica-diz-presidente-da-acpa\\\/#listItem\",\"position\":3,\"name\":\"&quot;Constituinte exclusiva \\u00e9 caminho para sanear a pol\\u00edtica&quot;, diz presidente da ACPA\",\"previousItem\":{\"@type\":\"ListItem\",\"@id\":\"https:\\\/\\\/www.jornalja.com.br\\\/arquivo\\\/category\\\/geral\\\/#listItem\",\"name\":\"Geral\"}}]},{\"@type\":\"Organization\",\"@id\":\"https:\\\/\\\/www.jornalja.com.br\\\/arquivo\\\/#organization\",\"name\":\"Jornal J\\u00c1\",\"description\":\"Jornal J\\u00c1 | Porto Alegre\",\"url\":\"https:\\\/\\\/www.jornalja.com.br\\\/arquivo\\\/\",\"telephone\":\"+555133307272\",\"logo\":{\"@type\":\"ImageObject\",\"url\":\"https:\\\/\\\/www.jornalja.com.br\\\/wp-content\\\/uploads\\\/cards\\\/JAslogan.png\",\"@id\":\"https:\\\/\\\/www.jornalja.com.br\\\/arquivo\\\/constituinte-exclusive-e-caminho-para-sanear-a-politica-diz-presidente-da-acpa\\\/#organizationLogo\"},\"image\":{\"@id\":\"https:\\\/\\\/www.jornalja.com.br\\\/arquivo\\\/constituinte-exclusive-e-caminho-para-sanear-a-politica-diz-presidente-da-acpa\\\/#organizationLogo\"}},{\"@type\":\"Person\",\"@id\":\"https:\\\/\\\/www.jornalja.com.br\\\/arquivo\\\/author\\\/daredacao\\\/#author\",\"url\":\"https:\\\/\\\/www.jornalja.com.br\\\/arquivo\\\/author\\\/daredacao\\\/\",\"name\":\"da Reda\\u00e7\\u00e3o\",\"image\":{\"@type\":\"ImageObject\",\"@id\":\"https:\\\/\\\/www.jornalja.com.br\\\/arquivo\\\/constituinte-exclusive-e-caminho-para-sanear-a-politica-diz-presidente-da-acpa\\\/#authorImage\",\"url\":\"https:\\\/\\\/secure.gravatar.com\\\/avatar\\\/469fd857d6605ad19919d27ed29d35a968a25f6e8fd9318356bbb7f57aae9c65?s=96&d=mm&r=g\",\"width\":96,\"height\":96,\"caption\":\"da Reda\\u00e7\\u00e3o\"}},{\"@type\":\"WebPage\",\"@id\":\"https:\\\/\\\/www.jornalja.com.br\\\/arquivo\\\/constituinte-exclusive-e-caminho-para-sanear-a-politica-diz-presidente-da-acpa\\\/#webpage\",\"url\":\"https:\\\/\\\/www.jornalja.com.br\\\/arquivo\\\/constituinte-exclusive-e-caminho-para-sanear-a-politica-diz-presidente-da-acpa\\\/\",\"name\":\"\\\"Constituinte exclusiva \\u00e9 caminho para sanear a pol\\u00edtica\\\", diz presidente da ACPA | Arquivo\",\"inLanguage\":\"pt-BR\",\"isPartOf\":{\"@id\":\"https:\\\/\\\/www.jornalja.com.br\\\/arquivo\\\/#website\"},\"breadcrumb\":{\"@id\":\"https:\\\/\\\/www.jornalja.com.br\\\/arquivo\\\/constituinte-exclusive-e-caminho-para-sanear-a-politica-diz-presidente-da-acpa\\\/#breadcrumblist\"},\"author\":{\"@id\":\"https:\\\/\\\/www.jornalja.com.br\\\/arquivo\\\/author\\\/daredacao\\\/#author\"},\"creator\":{\"@id\":\"https:\\\/\\\/www.jornalja.com.br\\\/arquivo\\\/author\\\/daredacao\\\/#author\"},\"image\":{\"@type\":\"ImageObject\",\"url\":52659,\"@id\":\"https:\\\/\\\/www.jornalja.com.br\\\/arquivo\\\/constituinte-exclusive-e-caminho-para-sanear-a-politica-diz-presidente-da-acpa\\\/#mainImage\"},\"primaryImageOfPage\":{\"@id\":\"https:\\\/\\\/www.jornalja.com.br\\\/arquivo\\\/constituinte-exclusive-e-caminho-para-sanear-a-politica-diz-presidente-da-acpa\\\/#mainImage\"},\"datePublished\":\"2017-08-03T10:18:53-03:00\",\"dateModified\":\"2017-08-03T10:18:53-03:00\"},{\"@type\":\"WebSite\",\"@id\":\"https:\\\/\\\/www.jornalja.com.br\\\/arquivo\\\/#website\",\"url\":\"https:\\\/\\\/www.jornalja.com.br\\\/arquivo\\\/\",\"name\":\"Arquivo\",\"description\":\"Jornal J\\u00c1 | Porto Alegre\",\"inLanguage\":\"pt-BR\",\"publisher\":{\"@id\":\"https:\\\/\\\/www.jornalja.com.br\\\/arquivo\\\/#organization\"}}]}\n\t\t<\/script>\n\t\t<!-- All in One SEO -->\n\n","aioseo_head_json":{"title":"\"Constituinte exclusiva \u00e9 caminho para sanear a pol\u00edtica\", diz presidente da ACPA | Arquivo","description":"","canonical_url":"https:\/\/www.jornalja.com.br\/arquivo\/constituinte-exclusive-e-caminho-para-sanear-a-politica-diz-presidente-da-acpa\/","robots":"max-image-preview:large","keywords":"","webmasterTools":{"miscellaneous":""},"schema":{"@context":"https:\/\/schema.org","@graph":[{"@type":"BlogPosting","@id":"https:\/\/www.jornalja.com.br\/arquivo\/constituinte-exclusive-e-caminho-para-sanear-a-politica-diz-presidente-da-acpa\/#blogposting","name":"\"Constituinte exclusiva \u00e9 caminho para sanear a pol\u00edtica\", diz presidente da ACPA | Arquivo","headline":"&quot;Constituinte exclusiva \u00e9 caminho para sanear a pol\u00edtica&quot;, diz presidente da ACPA","author":{"@id":"https:\/\/www.jornalja.com.br\/arquivo\/author\/daredacao\/#author"},"publisher":{"@id":"https:\/\/www.jornalja.com.br\/arquivo\/#organization"},"image":{"@type":"ImageObject","url":52659},"datePublished":"2017-08-03T10:18:53-03:00","dateModified":"2017-08-03T10:18:53-03:00","inLanguage":"pt-BR","mainEntityOfPage":{"@id":"https:\/\/www.jornalja.com.br\/arquivo\/constituinte-exclusive-e-caminho-para-sanear-a-politica-diz-presidente-da-acpa\/#webpage"},"isPartOf":{"@id":"https:\/\/www.jornalja.com.br\/arquivo\/constituinte-exclusive-e-caminho-para-sanear-a-politica-diz-presidente-da-acpa\/#webpage"},"articleSection":"Geral"},{"@type":"BreadcrumbList","@id":"https:\/\/www.jornalja.com.br\/arquivo\/constituinte-exclusive-e-caminho-para-sanear-a-politica-diz-presidente-da-acpa\/#breadcrumblist","itemListElement":[{"@type":"ListItem","@id":"https:\/\/www.jornalja.com.br\/arquivo#listItem","position":1,"name":"Home","item":"https:\/\/www.jornalja.com.br\/arquivo","nextItem":{"@type":"ListItem","@id":"https:\/\/www.jornalja.com.br\/arquivo\/category\/geral\/#listItem","name":"Geral"}},{"@type":"ListItem","@id":"https:\/\/www.jornalja.com.br\/arquivo\/category\/geral\/#listItem","position":2,"name":"Geral","item":"https:\/\/www.jornalja.com.br\/arquivo\/category\/geral\/","nextItem":{"@type":"ListItem","@id":"https:\/\/www.jornalja.com.br\/arquivo\/constituinte-exclusive-e-caminho-para-sanear-a-politica-diz-presidente-da-acpa\/#listItem","name":"&quot;Constituinte exclusiva \u00e9 caminho para sanear a pol\u00edtica&quot;, diz presidente da ACPA"},"previousItem":{"@type":"ListItem","@id":"https:\/\/www.jornalja.com.br\/arquivo#listItem","name":"Home"}},{"@type":"ListItem","@id":"https:\/\/www.jornalja.com.br\/arquivo\/constituinte-exclusive-e-caminho-para-sanear-a-politica-diz-presidente-da-acpa\/#listItem","position":3,"name":"&quot;Constituinte exclusiva \u00e9 caminho para sanear a pol\u00edtica&quot;, diz presidente da ACPA","previousItem":{"@type":"ListItem","@id":"https:\/\/www.jornalja.com.br\/arquivo\/category\/geral\/#listItem","name":"Geral"}}]},{"@type":"Organization","@id":"https:\/\/www.jornalja.com.br\/arquivo\/#organization","name":"Jornal J\u00c1","description":"Jornal J\u00c1 | Porto Alegre","url":"https:\/\/www.jornalja.com.br\/arquivo\/","telephone":"+555133307272","logo":{"@type":"ImageObject","url":"https:\/\/www.jornalja.com.br\/wp-content\/uploads\/cards\/JAslogan.png","@id":"https:\/\/www.jornalja.com.br\/arquivo\/constituinte-exclusive-e-caminho-para-sanear-a-politica-diz-presidente-da-acpa\/#organizationLogo"},"image":{"@id":"https:\/\/www.jornalja.com.br\/arquivo\/constituinte-exclusive-e-caminho-para-sanear-a-politica-diz-presidente-da-acpa\/#organizationLogo"}},{"@type":"Person","@id":"https:\/\/www.jornalja.com.br\/arquivo\/author\/daredacao\/#author","url":"https:\/\/www.jornalja.com.br\/arquivo\/author\/daredacao\/","name":"da Reda\u00e7\u00e3o","image":{"@type":"ImageObject","@id":"https:\/\/www.jornalja.com.br\/arquivo\/constituinte-exclusive-e-caminho-para-sanear-a-politica-diz-presidente-da-acpa\/#authorImage","url":"https:\/\/secure.gravatar.com\/avatar\/469fd857d6605ad19919d27ed29d35a968a25f6e8fd9318356bbb7f57aae9c65?s=96&d=mm&r=g","width":96,"height":96,"caption":"da Reda\u00e7\u00e3o"}},{"@type":"WebPage","@id":"https:\/\/www.jornalja.com.br\/arquivo\/constituinte-exclusive-e-caminho-para-sanear-a-politica-diz-presidente-da-acpa\/#webpage","url":"https:\/\/www.jornalja.com.br\/arquivo\/constituinte-exclusive-e-caminho-para-sanear-a-politica-diz-presidente-da-acpa\/","name":"\"Constituinte exclusiva \u00e9 caminho para sanear a pol\u00edtica\", diz presidente da ACPA | Arquivo","inLanguage":"pt-BR","isPartOf":{"@id":"https:\/\/www.jornalja.com.br\/arquivo\/#website"},"breadcrumb":{"@id":"https:\/\/www.jornalja.com.br\/arquivo\/constituinte-exclusive-e-caminho-para-sanear-a-politica-diz-presidente-da-acpa\/#breadcrumblist"},"author":{"@id":"https:\/\/www.jornalja.com.br\/arquivo\/author\/daredacao\/#author"},"creator":{"@id":"https:\/\/www.jornalja.com.br\/arquivo\/author\/daredacao\/#author"},"image":{"@type":"ImageObject","url":52659,"@id":"https:\/\/www.jornalja.com.br\/arquivo\/constituinte-exclusive-e-caminho-para-sanear-a-politica-diz-presidente-da-acpa\/#mainImage"},"primaryImageOfPage":{"@id":"https:\/\/www.jornalja.com.br\/arquivo\/constituinte-exclusive-e-caminho-para-sanear-a-politica-diz-presidente-da-acpa\/#mainImage"},"datePublished":"2017-08-03T10:18:53-03:00","dateModified":"2017-08-03T10:18:53-03:00"},{"@type":"WebSite","@id":"https:\/\/www.jornalja.com.br\/arquivo\/#website","url":"https:\/\/www.jornalja.com.br\/arquivo\/","name":"Arquivo","description":"Jornal J\u00c1 | Porto Alegre","inLanguage":"pt-BR","publisher":{"@id":"https:\/\/www.jornalja.com.br\/arquivo\/#organization"}}]},"og:locale":"pt_BR","og:site_name":"Arquivo | Jornal J\u00c1 | Porto Alegre","og:type":"article","og:title":"&quot;Constituinte exclusiva \u00e9 caminho para sanear a pol\u00edtica&quot;, diz presidente da ACPA | Arquivo","og:url":"https:\/\/www.jornalja.com.br\/arquivo\/constituinte-exclusive-e-caminho-para-sanear-a-politica-diz-presidente-da-acpa\/","og:image":"https:\/\/www.jornalja.com.br\/economics\/wp-content\/uploads\/sites\/11\/2026\/08\/ja-folhaderosto-facebook.jpg","og:image:secure_url":"https:\/\/www.jornalja.com.br\/economics\/wp-content\/uploads\/sites\/11\/2026\/08\/ja-folhaderosto-facebook.jpg","article:published_time":"2017-08-03T13:18:53+00:00","article:modified_time":"2017-08-03T13:18:53+00:00","twitter:card":"summary","twitter:title":"&quot;Constituinte exclusiva \u00e9 caminho para sanear a pol\u00edtica&quot;, diz presidente da ACPA | Arquivo","twitter:image":"https:\/\/www.jornalja.com.br\/economics\/wp-content\/uploads\/sites\/11\/2026\/08\/ja-folhaderosto-facebook.jpg"},"aioseo_meta_data":{"post_id":"52658","title":null,"description":null,"keywords":null,"keyphrases":null,"primary_term":null,"canonical_url":null,"og_title":null,"og_description":null,"og_object_type":"default","og_image_type":"default","og_image_url":null,"og_image_width":null,"og_image_height":null,"og_image_custom_url":null,"og_image_custom_fields":null,"og_video":null,"og_custom_url":null,"og_article_section":null,"og_article_tags":null,"twitter_use_og":false,"twitter_card":"default","twitter_image_type":"default","twitter_image_url":null,"twitter_image_custom_url":null,"twitter_image_custom_fields":null,"twitter_title":null,"twitter_description":null,"schema":{"blockGraphs":[],"customGraphs":[],"default":{"data":{"Article":[],"Course":[],"Dataset":[],"FAQPage":[],"Movie":[],"Person":[],"Product":[],"ProductReview":[],"Car":[],"Recipe":[],"Service":[],"SoftwareApplication":[],"WebPage":[]},"graphName":"","isEnabled":true},"graphs":[],"defaultGraph":"","defaultPostTypeGraph":""},"schema_type":null,"schema_type_options":null,"pillar_content":false,"robots_default":true,"robots_noindex":false,"robots_noarchive":false,"robots_nosnippet":false,"robots_nofollow":false,"robots_noimageindex":false,"robots_noodp":false,"robots_notranslate":false,"robots_max_snippet":null,"robots_max_videopreview":null,"robots_max_imagepreview":"large","priority":null,"frequency":null,"location":null,"local_seo":null,"breadcrumb_settings":null,"limit_modified_date":false,"ai":null,"created":"2020-12-20 20:28:19","updated":"2025-07-19 23:59:06","seo_analyzer_scan_date":null,"focus_keyword":null,"additional_keywords":null,"truseo_locale":null},"jetpack_sharing_enabled":true,"jetpack-related-posts":[{"id":13124,"url":"https:\/\/www.jornalja.com.br\/arquivo\/sangue-latino-no-iecine\/","url_meta":{"origin":52658,"position":0},"title":"Sangue latino no IECINE","author":"da Reda\u00e7\u00e3o","date":"18 de maio de 2014","format":false,"excerpt":"Francisco Ribeiro O Instituto Estadual de Cinema (IECINE) tem a frente, desde abril \u00faltimo, um novo diretor, o cineasta colombiano Juan Zapata, 36, que substitui Luiz Alberto Cassol. Radicado h\u00e1 dez anos em Porto Alegre, Zapata tem diante de si o desafio de conduzir at\u00e9 o final do ano um\u2026","rel":"","context":"Em &quot;Cultura-Geral&quot;","block_context":{"text":"Cultura-Geral","link":"https:\/\/www.jornalja.com.br\/arquivo\/category\/materiasecundaria\/"},"img":{"alt_text":"","src":"","width":0,"height":0},"classes":[]},{"id":13128,"url":"https:\/\/www.jornalja.com.br\/arquivo\/maconha-terra-diz-que-uso-medicinal-e-desculpa\/","url_meta":{"origin":52658,"position":1},"title":"Maconha: Terra diz que uso medicinal \u00e9 desculpa","author":"Patr\u00edcia Marini","date":"4 de junho de 2014","format":false,"excerpt":"A condi\u00e7\u00e3o de pol\u00edtico, em \u00e9poca de campanha de campanha eleitoral, tira for\u00e7a do discurso do m\u00e9dico Osmar Terra contra a legaliza\u00e7\u00e3o da maconha. A tese dele de que a libera\u00e7\u00e3o vai ampliar exponencialmente o consumo \u00e9 discutivel, o consumo \u00e9 corrente. Mas seus alertas quanto aos riscos tem que\u2026","rel":"","context":"Em &quot;X.Categorias velhas&quot;","block_context":{"text":"X.Categorias velhas","link":"https:\/\/www.jornalja.com.br\/arquivo\/category\/x-categorias-velhas\/"},"img":{"alt_text":"","src":"","width":0,"height":0},"classes":[]},{"id":14241,"url":"https:\/\/www.jornalja.com.br\/arquivo\/o-guaiba-nas-imagens-poeticas-de-achutti\/","url_meta":{"origin":52658,"position":2},"title":"O Gua\u00edba nas imagens po\u00e9ticas de Achutti","author":"da Reda\u00e7\u00e3o","date":"18 de junho de 2014","format":false,"excerpt":"Em \u201cO Gua\u00edba por Achutti\u201d \u2013 obra financiada via Minist\u00e9rio da Cultura, produ\u00e7\u00e3o executiva de Pedro Longhi, e Fl\u00e1vio Wild como designer \u2013, o fot\u00f3grafo revela a beleza e as mazelas de um espa\u00e7o aqu\u00e1tico de \u00e1guas sempre renovadas, cheio de hist\u00f3rias e lendas como as das cidades que foram\u2026","rel":"","context":"Em &quot;Cultura-Geral&quot;","block_context":{"text":"Cultura-Geral","link":"https:\/\/www.jornalja.com.br\/arquivo\/category\/materiasecundaria\/"},"img":{"alt_text":"","src":"","width":0,"height":0},"classes":[]},{"id":5440,"url":"https:\/\/www.jornalja.com.br\/arquivo\/casarao-da-venancio-destino-permanece-incerto\/","url_meta":{"origin":52658,"position":3},"title":"Estado ainda n\u00e3o sabe o que fazer com casar\u00e3o abandonado h\u00e1 20 anos","author":"Elmar Bones","date":"6 de julho de 2009","format":false,"excerpt":"O casar\u00e3o amarelo, numa esquina nobre de Porto Alegre (Ven\u00e2ncio Aires com Jo\u00e3o Pessoa), j\u00e1 abrigou uma escola. H\u00e1 duas d\u00e9cadas, pelo menos, est\u00e1 abandonado, porque seu propriet\u00e1rio, o governo do Estado do Rio Grande do Sul, n\u00e3o consegue achar um destino para ele. Planos n\u00e3o faltaram. O governador Ol\u00edvio\u2026","rel":"","context":"Em &quot;X.Categorias velhas&quot;","block_context":{"text":"X.Categorias velhas","link":"https:\/\/www.jornalja.com.br\/arquivo\/category\/x-categorias-velhas\/"},"img":{"alt_text":"geraldo1","src":"https:\/\/i0.wp.com\/www.jornalja.com.br\/wp-content\/uploads\/2009\/07\/geraldo1.jpg?resize=350%2C200&ssl=1","width":350,"height":200},"classes":[]},{"id":13109,"url":"https:\/\/www.jornalja.com.br\/arquivo\/judiciario-reconhece-poluicao-eletromagnetica\/","url_meta":{"origin":52658,"position":4},"title":"Judici\u00e1rio reconhece polui\u00e7\u00e3o eletromagn\u00e9tica","author":"Patr\u00edcia Marini","date":"16 de maio de 2014","format":false,"excerpt":"A\u00e7\u00e3o de duas associa\u00e7\u00f5es de moradores foi acolhida pelo Tribunal de Justi\u00e7a de S\u00e3o Paulo que. em decis\u00e3o in\u00e9dita, determinou a redu\u00e7\u00e3o do campo eletromagn\u00e9tico gerado pelas linhas de transmiss\u00e3o de energia que cortam os bairros City Boa\u00e7ava e Alto de Pinheiros. \u00c9 a primeira vez que um tribunal do\u2026","rel":"","context":"Em &quot;X.Categorias velhas&quot;","block_context":{"text":"X.Categorias velhas","link":"https:\/\/www.jornalja.com.br\/arquivo\/category\/x-categorias-velhas\/"},"img":{"alt_text":"","src":"","width":0,"height":0},"classes":[]},{"id":13240,"url":"https:\/\/www.jornalja.com.br\/arquivo\/plano-diretor-estamos-construindo-o-caos\/","url_meta":{"origin":52658,"position":5},"title":"Plano diretor: &quot;Estamos construindo o caos&quot;","author":"Patr\u00edcia Marini","date":"26 de maio de 2014","format":false,"excerpt":"Desabafo que arquiteta Eliana Castilhos, delegada da Regi\u00e3o de Planejamento 1, postou nas redes sociais \u00e9 um testemunho do ambiente que se criou no Conselho do Plano Diretor de Porto Alegre, onde a aprova\u00e7\u00e3o de grandes empreendimentos \u00e9 empurrada guela abaixo dos conselheiros. Ao CMDUA Como delegada da Regi\u00e3o de\u2026","rel":"","context":"Em &quot;Geral&quot;","block_context":{"text":"Geral","link":"https:\/\/www.jornalja.com.br\/arquivo\/category\/geral\/"},"img":{"alt_text":"","src":"","width":0,"height":0},"classes":[]}],"jetpack_shortlink":"https:\/\/wp.me\/pbQjBd-dHk","jetpack_featured_media_url":"","_links":{"self":[{"href":"https:\/\/www.jornalja.com.br\/arquivo\/wp-json\/wp\/v2\/posts\/52658","targetHints":{"allow":["GET"]}}],"collection":[{"href":"https:\/\/www.jornalja.com.br\/arquivo\/wp-json\/wp\/v2\/posts"}],"about":[{"href":"https:\/\/www.jornalja.com.br\/arquivo\/wp-json\/wp\/v2\/types\/post"}],"author":[{"embeddable":true,"href":"https:\/\/www.jornalja.com.br\/arquivo\/wp-json\/wp\/v2\/users\/4"}],"replies":[{"embeddable":true,"href":"https:\/\/www.jornalja.com.br\/arquivo\/wp-json\/wp\/v2\/comments?post=52658"}],"version-history":[{"count":0,"href":"https:\/\/www.jornalja.com.br\/arquivo\/wp-json\/wp\/v2\/posts\/52658\/revisions"}],"wp:attachment":[{"href":"https:\/\/www.jornalja.com.br\/arquivo\/wp-json\/wp\/v2\/media?parent=52658"}],"wp:term":[{"taxonomy":"category","embeddable":true,"href":"https:\/\/www.jornalja.com.br\/arquivo\/wp-json\/wp\/v2\/categories?post=52658"},{"taxonomy":"post_tag","embeddable":true,"href":"https:\/\/www.jornalja.com.br\/arquivo\/wp-json\/wp\/v2\/tags?post=52658"}],"curies":[{"name":"wp","href":"https:\/\/api.w.org\/{rel}","templated":true}]}}