{"id":52707,"date":"2017-08-03T16:46:19","date_gmt":"2017-08-03T19:46:19","guid":{"rendered":"https:\/\/www.jornalja.com.br\/?p=52707"},"modified":"2017-08-03T16:46:19","modified_gmt":"2017-08-03T19:46:19","slug":"vereador-mauro-pinheiro-e-diretor-da-camara-municipal-sao-condenados-por-irregularidades-no-ponto-eletronico","status":"publish","type":"post","link":"https:\/\/www.jornalja.com.br\/arquivo\/vereador-mauro-pinheiro-e-diretor-da-camara-municipal-sao-condenados-por-irregularidades-no-ponto-eletronico\/","title":{"rendered":"Vereador Mauro Pinheiro e diretor da C\u00e2mara s\u00e3o condenados por irregularidades no ponto eletr\u00f4nico"},"content":{"rendered":"<p><span class=\"assina\">Felipe Uhr<\/span><br \/>\nA ju\u00edza Carmen Cabral Caminha, da 2\u00aa Vara da Fazenda P\u00fablica do Foro Central, condenou o vereador e ex-presidente da C\u00e2mara Municipal de Porto Alegre, Mauro Pinheiro (REDE), e o ex-diretor geral da Casa, Luis Berres, por irregularidades na contrata\u00e7\u00e3o do servi\u00e7o de ponto eletr\u00f4nico realizado em 2015.<br \/>\nOs dois foram condenados &#8220;ao pagamento de todos os valores at\u00e9 ent\u00e3o despendidos em favor da Procempa, advindos da referida contrata\u00e7\u00e3o, devendo ser a import\u00e2ncia atualizada pelo IGP-M e juros remunerat\u00f3rios de 1% ao m\u00eas, a contar da data do neg\u00f3cio jur\u00eddico&#8221;, expediu a magistrada.<br \/>\nO\u00a0 contrato de servi\u00e7os de n\u00ba 487\/2015 tamb\u00e9m foi anulado na senten\u00e7a.<br \/>\nA a\u00e7\u00e3o popular movida por Paulo Roberto Teixeira alega irregularidades no contrato tal como a contrata\u00e7\u00e3o da\u00a0\u00a0Companhia de Processamento de Dados de Porto Alegre sem a realiza\u00e7\u00e3o de licita\u00e7\u00e3o. Paulo tamb\u00e9m elenca em sua a\u00e7\u00e3o que o contrato que custou cerca de 300 mil reais possu\u00eda &#8220;insufici\u00eancia de justificativa para defini\u00e7\u00e3o do valor a ser contratado, eis que os valores do contrato foram definidos sem qualquer mem\u00f3ria de c\u00e1lculo.&#8221;<br \/>\nOs r\u00e9us defenderam-se em ju\u00edzo. O vereador, conforme a senten\u00e7a da ju\u00edza, &#8220;contestou sustentando que n\u00e3o configura ato atentat\u00f3rio \u00e0 lei a dispensa de licita\u00e7\u00e3o para contrata\u00e7\u00e3o de servi\u00e7os junto \u00e0 PROCEMPA, eis que a entidade fora criada justamente para presta\u00e7\u00e3o de servi\u00e7os junto aos \u00d3rg\u00e3os Municipais, conforme reda\u00e7\u00e3o do art. 2\u00ba da Lei n\u00ba 4.2167\/77. &#8221;<br \/>\nJ\u00e1 o diretor administrativo Luis Berres argumentou que a Procempa &#8220;\u00e9 a entidade criada justamente para presta\u00e7\u00e3o de servi\u00e7os junto aos \u00d3rg\u00e3os Municipais, conforme reda\u00e7\u00e3o do art. 2\u00ba da Lei n\u00ba 4.2167\/77&#8221;.<br \/>\n<figure id=\"attachment_52716\" aria-describedby=\"caption-attachment-52716\" style=\"width: 391px\" class=\"wp-caption alignnone\"><img loading=\"lazy\" decoding=\"async\" class=\"wp-image-52716 size-medium\" src=\"https:\/\/www.jornalja.com.br\/wp-content\/uploads\/2017\/08\/ESP6081-391x400.jpg\" alt=\"\" width=\"391\" height=\"400\" \/><figcaption id=\"caption-attachment-52716\" class=\"wp-caption-text\">Berres \u00e9 o atual diretor administrativo da CMPA\/ Elson Semp\u00e9\/CMPA<\/figcaption><\/figure><br \/>\nNa senten\u00e7a, por\u00e9m, a ju\u00edza argumenta que &#8220;a an\u00e1lise t\u00e9cnica da Assessoria de Inform\u00e1tica da C\u00e2mara de Porto Alegre concluiu por diversas irregularidades na contrata\u00e7\u00e3o com a Procempa, mencionando ainda a marca hist\u00f3rica de contratos celebrados com a companhia, os quais resultaram, al\u00e9m de preju\u00edzos financeiros, em preju\u00edzos de funcionamento e gest\u00e3o da C\u00e2mara. N\u00e3o obstante, nota-se que a an\u00e1lise t\u00e9cnica foi ignorada, sendo de pronto, dois dias ap\u00f3s a an\u00e1lise t\u00e9cnica proferir parecer, solicitado a verifica\u00e7\u00e3o de saldo e dota\u00e7\u00e3o or\u00e7ament\u00e1ria com a estimativa de valores para contrata\u00e7\u00e3o dos servi\u00e7os.&#8221;<br \/>\nProcurados pela reportagem do J\u00c1, o vereador Mauro Pinheiro disse atrav\u00e9s de sua assessoria que s\u00f3 ir\u00e1 se manifestar ap\u00f3s orienta\u00e7\u00e3o dos advogados. Berres avisou que estava em reuni\u00e3o e at\u00e9 o fechamento da mat\u00e9ria n\u00e3o retornou a liga\u00e7\u00e3o.<\/p>\n","protected":false},"excerpt":{"rendered":"<p>Felipe Uhr A ju\u00edza Carmen Cabral Caminha, da 2\u00aa Vara da Fazenda P\u00fablica do Foro Central, condenou o vereador e ex-presidente da C\u00e2mara Municipal de Porto Alegre, Mauro Pinheiro (REDE), e o ex-diretor geral da Casa, Luis Berres, por irregularidades na contrata\u00e7\u00e3o do servi\u00e7o de ponto eletr\u00f4nico realizado em 2015. Os dois foram condenados &#8220;ao [&hellip;]<\/p>\n","protected":false},"author":4,"featured_media":52712,"comment_status":"open","ping_status":"closed","sticky":false,"template":"","format":"standard","meta":{"_jetpack_newsletter_access":"","_jetpack_dont_email_post_to_subs":false,"_jetpack_newsletter_tier_id":0,"_jetpack_memberships_contains_paywalled_content":false,"_jetpack_feature_clip_id":0,"_jetpack_memberships_contains_paid_content":false,"footnotes":"","jetpack_post_was_ever_published":false},"categories":[26],"tags":[],"class_list":["post-52707","post","type-post","status-publish","format-standard","has-post-thumbnail","hentry","category-geral"],"aioseo_notices":[],"aioseo_head":"\n\t\t<!-- All in One SEO 5.0.1.1 - aioseo.com -->\n\t<meta name=\"robots\" content=\"max-image-preview:large\" \/>\n\t<meta name=\"author\" content=\"da Reda\u00e7\u00e3o\"\/>\n\t<link rel=\"canonical\" href=\"https:\/\/www.jornalja.com.br\/arquivo\/vereador-mauro-pinheiro-e-diretor-da-camara-municipal-sao-condenados-por-irregularidades-no-ponto-eletronico\/\" \/>\n\t<meta name=\"generator\" content=\"All in One SEO (AIOSEO) 5.0.1.1\" \/>\n\t\t<meta property=\"og:locale\" content=\"pt_BR\" \/>\n\t\t<meta property=\"og:site_name\" content=\"Arquivo | Jornal J\u00c1 | Porto Alegre\" \/>\n\t\t<meta property=\"og:type\" content=\"article\" \/>\n\t\t<meta property=\"og:title\" content=\"Vereador Mauro Pinheiro e diretor da C\u00e2mara s\u00e3o condenados por irregularidades no ponto eletr\u00f4nico | Arquivo\" \/>\n\t\t<meta property=\"og:url\" content=\"https:\/\/www.jornalja.com.br\/arquivo\/vereador-mauro-pinheiro-e-diretor-da-camara-municipal-sao-condenados-por-irregularidades-no-ponto-eletronico\/\" \/>\n\t\t<meta property=\"og:image\" content=\"https:\/\/www.jornalja.com.br\/wp-content\/uploads\/2017\/08\/ESP6081-391x400.jpg\" \/>\n\t\t<meta property=\"og:image:secure_url\" content=\"https:\/\/www.jornalja.com.br\/wp-content\/uploads\/2017\/08\/ESP6081-391x400.jpg\" \/>\n\t\t<meta property=\"article:published_time\" content=\"2017-08-03T19:46:19+00:00\" \/>\n\t\t<meta property=\"article:modified_time\" content=\"2017-08-03T19:46:19+00:00\" \/>\n\t\t<meta name=\"twitter:card\" content=\"summary\" \/>\n\t\t<meta name=\"twitter:title\" content=\"Vereador Mauro Pinheiro e diretor da C\u00e2mara s\u00e3o condenados por irregularidades no ponto eletr\u00f4nico | Arquivo\" \/>\n\t\t<meta name=\"twitter:image\" content=\"https:\/\/www.jornalja.com.br\/economics\/wp-content\/uploads\/sites\/11\/2026\/08\/ja-folhaderosto-facebook.jpg\" \/>\n\t\t<script type=\"application\/ld+json\" class=\"aioseo-schema\">\n\t\t\t{\"@context\":\"https:\\\/\\\/schema.org\",\"@graph\":[{\"@type\":\"BlogPosting\",\"@id\":\"https:\\\/\\\/www.jornalja.com.br\\\/arquivo\\\/vereador-mauro-pinheiro-e-diretor-da-camara-municipal-sao-condenados-por-irregularidades-no-ponto-eletronico\\\/#blogposting\",\"name\":\"Vereador Mauro Pinheiro e diretor da C\\u00e2mara s\\u00e3o condenados por irregularidades no ponto eletr\\u00f4nico | Arquivo\",\"headline\":\"Vereador Mauro Pinheiro e diretor da C\\u00e2mara s\\u00e3o condenados por irregularidades no ponto eletr\\u00f4nico\",\"author\":{\"@id\":\"https:\\\/\\\/www.jornalja.com.br\\\/arquivo\\\/author\\\/daredacao\\\/#author\"},\"publisher\":{\"@id\":\"https:\\\/\\\/www.jornalja.com.br\\\/arquivo\\\/#organization\"},\"image\":{\"@type\":\"ImageObject\",\"url\":52712},\"datePublished\":\"2017-08-03T16:46:19-03:00\",\"dateModified\":\"2017-08-03T16:46:19-03:00\",\"inLanguage\":\"pt-BR\",\"mainEntityOfPage\":{\"@id\":\"https:\\\/\\\/www.jornalja.com.br\\\/arquivo\\\/vereador-mauro-pinheiro-e-diretor-da-camara-municipal-sao-condenados-por-irregularidades-no-ponto-eletronico\\\/#webpage\"},\"isPartOf\":{\"@id\":\"https:\\\/\\\/www.jornalja.com.br\\\/arquivo\\\/vereador-mauro-pinheiro-e-diretor-da-camara-municipal-sao-condenados-por-irregularidades-no-ponto-eletronico\\\/#webpage\"},\"articleSection\":\"Geral\"},{\"@type\":\"BreadcrumbList\",\"@id\":\"https:\\\/\\\/www.jornalja.com.br\\\/arquivo\\\/vereador-mauro-pinheiro-e-diretor-da-camara-municipal-sao-condenados-por-irregularidades-no-ponto-eletronico\\\/#breadcrumblist\",\"itemListElement\":[{\"@type\":\"ListItem\",\"@id\":\"https:\\\/\\\/www.jornalja.com.br\\\/arquivo#listItem\",\"position\":1,\"name\":\"Home\",\"item\":\"https:\\\/\\\/www.jornalja.com.br\\\/arquivo\",\"nextItem\":{\"@type\":\"ListItem\",\"@id\":\"https:\\\/\\\/www.jornalja.com.br\\\/arquivo\\\/category\\\/geral\\\/#listItem\",\"name\":\"Geral\"}},{\"@type\":\"ListItem\",\"@id\":\"https:\\\/\\\/www.jornalja.com.br\\\/arquivo\\\/category\\\/geral\\\/#listItem\",\"position\":2,\"name\":\"Geral\",\"item\":\"https:\\\/\\\/www.jornalja.com.br\\\/arquivo\\\/category\\\/geral\\\/\",\"nextItem\":{\"@type\":\"ListItem\",\"@id\":\"https:\\\/\\\/www.jornalja.com.br\\\/arquivo\\\/vereador-mauro-pinheiro-e-diretor-da-camara-municipal-sao-condenados-por-irregularidades-no-ponto-eletronico\\\/#listItem\",\"name\":\"Vereador Mauro Pinheiro e diretor da C\\u00e2mara s\\u00e3o condenados por irregularidades no ponto eletr\\u00f4nico\"},\"previousItem\":{\"@type\":\"ListItem\",\"@id\":\"https:\\\/\\\/www.jornalja.com.br\\\/arquivo#listItem\",\"name\":\"Home\"}},{\"@type\":\"ListItem\",\"@id\":\"https:\\\/\\\/www.jornalja.com.br\\\/arquivo\\\/vereador-mauro-pinheiro-e-diretor-da-camara-municipal-sao-condenados-por-irregularidades-no-ponto-eletronico\\\/#listItem\",\"position\":3,\"name\":\"Vereador Mauro Pinheiro e diretor da C\\u00e2mara s\\u00e3o condenados por irregularidades no ponto eletr\\u00f4nico\",\"previousItem\":{\"@type\":\"ListItem\",\"@id\":\"https:\\\/\\\/www.jornalja.com.br\\\/arquivo\\\/category\\\/geral\\\/#listItem\",\"name\":\"Geral\"}}]},{\"@type\":\"Organization\",\"@id\":\"https:\\\/\\\/www.jornalja.com.br\\\/arquivo\\\/#organization\",\"name\":\"Jornal J\\u00c1\",\"description\":\"Jornal J\\u00c1 | Porto Alegre\",\"url\":\"https:\\\/\\\/www.jornalja.com.br\\\/arquivo\\\/\",\"telephone\":\"+555133307272\",\"logo\":{\"@type\":\"ImageObject\",\"url\":\"https:\\\/\\\/www.jornalja.com.br\\\/wp-content\\\/uploads\\\/cards\\\/JAslogan.png\",\"@id\":\"https:\\\/\\\/www.jornalja.com.br\\\/arquivo\\\/vereador-mauro-pinheiro-e-diretor-da-camara-municipal-sao-condenados-por-irregularidades-no-ponto-eletronico\\\/#organizationLogo\"},\"image\":{\"@id\":\"https:\\\/\\\/www.jornalja.com.br\\\/arquivo\\\/vereador-mauro-pinheiro-e-diretor-da-camara-municipal-sao-condenados-por-irregularidades-no-ponto-eletronico\\\/#organizationLogo\"}},{\"@type\":\"Person\",\"@id\":\"https:\\\/\\\/www.jornalja.com.br\\\/arquivo\\\/author\\\/daredacao\\\/#author\",\"url\":\"https:\\\/\\\/www.jornalja.com.br\\\/arquivo\\\/author\\\/daredacao\\\/\",\"name\":\"da Reda\\u00e7\\u00e3o\",\"image\":{\"@type\":\"ImageObject\",\"@id\":\"https:\\\/\\\/www.jornalja.com.br\\\/arquivo\\\/vereador-mauro-pinheiro-e-diretor-da-camara-municipal-sao-condenados-por-irregularidades-no-ponto-eletronico\\\/#authorImage\",\"url\":\"https:\\\/\\\/secure.gravatar.com\\\/avatar\\\/469fd857d6605ad19919d27ed29d35a968a25f6e8fd9318356bbb7f57aae9c65?s=96&d=mm&r=g\",\"width\":96,\"height\":96,\"caption\":\"da Reda\\u00e7\\u00e3o\"}},{\"@type\":\"WebPage\",\"@id\":\"https:\\\/\\\/www.jornalja.com.br\\\/arquivo\\\/vereador-mauro-pinheiro-e-diretor-da-camara-municipal-sao-condenados-por-irregularidades-no-ponto-eletronico\\\/#webpage\",\"url\":\"https:\\\/\\\/www.jornalja.com.br\\\/arquivo\\\/vereador-mauro-pinheiro-e-diretor-da-camara-municipal-sao-condenados-por-irregularidades-no-ponto-eletronico\\\/\",\"name\":\"Vereador Mauro Pinheiro e diretor da C\\u00e2mara s\\u00e3o condenados por irregularidades no ponto eletr\\u00f4nico | Arquivo\",\"inLanguage\":\"pt-BR\",\"isPartOf\":{\"@id\":\"https:\\\/\\\/www.jornalja.com.br\\\/arquivo\\\/#website\"},\"breadcrumb\":{\"@id\":\"https:\\\/\\\/www.jornalja.com.br\\\/arquivo\\\/vereador-mauro-pinheiro-e-diretor-da-camara-municipal-sao-condenados-por-irregularidades-no-ponto-eletronico\\\/#breadcrumblist\"},\"author\":{\"@id\":\"https:\\\/\\\/www.jornalja.com.br\\\/arquivo\\\/author\\\/daredacao\\\/#author\"},\"creator\":{\"@id\":\"https:\\\/\\\/www.jornalja.com.br\\\/arquivo\\\/author\\\/daredacao\\\/#author\"},\"image\":{\"@type\":\"ImageObject\",\"url\":52712,\"@id\":\"https:\\\/\\\/www.jornalja.com.br\\\/arquivo\\\/vereador-mauro-pinheiro-e-diretor-da-camara-municipal-sao-condenados-por-irregularidades-no-ponto-eletronico\\\/#mainImage\"},\"primaryImageOfPage\":{\"@id\":\"https:\\\/\\\/www.jornalja.com.br\\\/arquivo\\\/vereador-mauro-pinheiro-e-diretor-da-camara-municipal-sao-condenados-por-irregularidades-no-ponto-eletronico\\\/#mainImage\"},\"datePublished\":\"2017-08-03T16:46:19-03:00\",\"dateModified\":\"2017-08-03T16:46:19-03:00\"},{\"@type\":\"WebSite\",\"@id\":\"https:\\\/\\\/www.jornalja.com.br\\\/arquivo\\\/#website\",\"url\":\"https:\\\/\\\/www.jornalja.com.br\\\/arquivo\\\/\",\"name\":\"Arquivo\",\"description\":\"Jornal J\\u00c1 | Porto Alegre\",\"inLanguage\":\"pt-BR\",\"publisher\":{\"@id\":\"https:\\\/\\\/www.jornalja.com.br\\\/arquivo\\\/#organization\"}}]}\n\t\t<\/script>\n\t\t<!-- All in One SEO -->\n\n","aioseo_head_json":{"title":"Vereador Mauro Pinheiro e diretor da C\u00e2mara s\u00e3o condenados por irregularidades no ponto eletr\u00f4nico | Arquivo","description":"","canonical_url":"https:\/\/www.jornalja.com.br\/arquivo\/vereador-mauro-pinheiro-e-diretor-da-camara-municipal-sao-condenados-por-irregularidades-no-ponto-eletronico\/","robots":"max-image-preview:large","keywords":"","webmasterTools":{"miscellaneous":""},"schema":{"@context":"https:\/\/schema.org","@graph":[{"@type":"BlogPosting","@id":"https:\/\/www.jornalja.com.br\/arquivo\/vereador-mauro-pinheiro-e-diretor-da-camara-municipal-sao-condenados-por-irregularidades-no-ponto-eletronico\/#blogposting","name":"Vereador Mauro Pinheiro e diretor da C\u00e2mara s\u00e3o condenados por irregularidades no ponto eletr\u00f4nico | Arquivo","headline":"Vereador Mauro Pinheiro e diretor da C\u00e2mara s\u00e3o condenados por irregularidades no ponto eletr\u00f4nico","author":{"@id":"https:\/\/www.jornalja.com.br\/arquivo\/author\/daredacao\/#author"},"publisher":{"@id":"https:\/\/www.jornalja.com.br\/arquivo\/#organization"},"image":{"@type":"ImageObject","url":52712},"datePublished":"2017-08-03T16:46:19-03:00","dateModified":"2017-08-03T16:46:19-03:00","inLanguage":"pt-BR","mainEntityOfPage":{"@id":"https:\/\/www.jornalja.com.br\/arquivo\/vereador-mauro-pinheiro-e-diretor-da-camara-municipal-sao-condenados-por-irregularidades-no-ponto-eletronico\/#webpage"},"isPartOf":{"@id":"https:\/\/www.jornalja.com.br\/arquivo\/vereador-mauro-pinheiro-e-diretor-da-camara-municipal-sao-condenados-por-irregularidades-no-ponto-eletronico\/#webpage"},"articleSection":"Geral"},{"@type":"BreadcrumbList","@id":"https:\/\/www.jornalja.com.br\/arquivo\/vereador-mauro-pinheiro-e-diretor-da-camara-municipal-sao-condenados-por-irregularidades-no-ponto-eletronico\/#breadcrumblist","itemListElement":[{"@type":"ListItem","@id":"https:\/\/www.jornalja.com.br\/arquivo#listItem","position":1,"name":"Home","item":"https:\/\/www.jornalja.com.br\/arquivo","nextItem":{"@type":"ListItem","@id":"https:\/\/www.jornalja.com.br\/arquivo\/category\/geral\/#listItem","name":"Geral"}},{"@type":"ListItem","@id":"https:\/\/www.jornalja.com.br\/arquivo\/category\/geral\/#listItem","position":2,"name":"Geral","item":"https:\/\/www.jornalja.com.br\/arquivo\/category\/geral\/","nextItem":{"@type":"ListItem","@id":"https:\/\/www.jornalja.com.br\/arquivo\/vereador-mauro-pinheiro-e-diretor-da-camara-municipal-sao-condenados-por-irregularidades-no-ponto-eletronico\/#listItem","name":"Vereador Mauro Pinheiro e diretor da C\u00e2mara s\u00e3o condenados por irregularidades no ponto eletr\u00f4nico"},"previousItem":{"@type":"ListItem","@id":"https:\/\/www.jornalja.com.br\/arquivo#listItem","name":"Home"}},{"@type":"ListItem","@id":"https:\/\/www.jornalja.com.br\/arquivo\/vereador-mauro-pinheiro-e-diretor-da-camara-municipal-sao-condenados-por-irregularidades-no-ponto-eletronico\/#listItem","position":3,"name":"Vereador Mauro Pinheiro e diretor da C\u00e2mara s\u00e3o condenados por irregularidades no ponto eletr\u00f4nico","previousItem":{"@type":"ListItem","@id":"https:\/\/www.jornalja.com.br\/arquivo\/category\/geral\/#listItem","name":"Geral"}}]},{"@type":"Organization","@id":"https:\/\/www.jornalja.com.br\/arquivo\/#organization","name":"Jornal J\u00c1","description":"Jornal J\u00c1 | Porto Alegre","url":"https:\/\/www.jornalja.com.br\/arquivo\/","telephone":"+555133307272","logo":{"@type":"ImageObject","url":"https:\/\/www.jornalja.com.br\/wp-content\/uploads\/cards\/JAslogan.png","@id":"https:\/\/www.jornalja.com.br\/arquivo\/vereador-mauro-pinheiro-e-diretor-da-camara-municipal-sao-condenados-por-irregularidades-no-ponto-eletronico\/#organizationLogo"},"image":{"@id":"https:\/\/www.jornalja.com.br\/arquivo\/vereador-mauro-pinheiro-e-diretor-da-camara-municipal-sao-condenados-por-irregularidades-no-ponto-eletronico\/#organizationLogo"}},{"@type":"Person","@id":"https:\/\/www.jornalja.com.br\/arquivo\/author\/daredacao\/#author","url":"https:\/\/www.jornalja.com.br\/arquivo\/author\/daredacao\/","name":"da Reda\u00e7\u00e3o","image":{"@type":"ImageObject","@id":"https:\/\/www.jornalja.com.br\/arquivo\/vereador-mauro-pinheiro-e-diretor-da-camara-municipal-sao-condenados-por-irregularidades-no-ponto-eletronico\/#authorImage","url":"https:\/\/secure.gravatar.com\/avatar\/469fd857d6605ad19919d27ed29d35a968a25f6e8fd9318356bbb7f57aae9c65?s=96&d=mm&r=g","width":96,"height":96,"caption":"da Reda\u00e7\u00e3o"}},{"@type":"WebPage","@id":"https:\/\/www.jornalja.com.br\/arquivo\/vereador-mauro-pinheiro-e-diretor-da-camara-municipal-sao-condenados-por-irregularidades-no-ponto-eletronico\/#webpage","url":"https:\/\/www.jornalja.com.br\/arquivo\/vereador-mauro-pinheiro-e-diretor-da-camara-municipal-sao-condenados-por-irregularidades-no-ponto-eletronico\/","name":"Vereador Mauro Pinheiro e diretor da C\u00e2mara s\u00e3o condenados por irregularidades no ponto eletr\u00f4nico | Arquivo","inLanguage":"pt-BR","isPartOf":{"@id":"https:\/\/www.jornalja.com.br\/arquivo\/#website"},"breadcrumb":{"@id":"https:\/\/www.jornalja.com.br\/arquivo\/vereador-mauro-pinheiro-e-diretor-da-camara-municipal-sao-condenados-por-irregularidades-no-ponto-eletronico\/#breadcrumblist"},"author":{"@id":"https:\/\/www.jornalja.com.br\/arquivo\/author\/daredacao\/#author"},"creator":{"@id":"https:\/\/www.jornalja.com.br\/arquivo\/author\/daredacao\/#author"},"image":{"@type":"ImageObject","url":52712,"@id":"https:\/\/www.jornalja.com.br\/arquivo\/vereador-mauro-pinheiro-e-diretor-da-camara-municipal-sao-condenados-por-irregularidades-no-ponto-eletronico\/#mainImage"},"primaryImageOfPage":{"@id":"https:\/\/www.jornalja.com.br\/arquivo\/vereador-mauro-pinheiro-e-diretor-da-camara-municipal-sao-condenados-por-irregularidades-no-ponto-eletronico\/#mainImage"},"datePublished":"2017-08-03T16:46:19-03:00","dateModified":"2017-08-03T16:46:19-03:00"},{"@type":"WebSite","@id":"https:\/\/www.jornalja.com.br\/arquivo\/#website","url":"https:\/\/www.jornalja.com.br\/arquivo\/","name":"Arquivo","description":"Jornal J\u00c1 | Porto Alegre","inLanguage":"pt-BR","publisher":{"@id":"https:\/\/www.jornalja.com.br\/arquivo\/#organization"}}]},"og:locale":"pt_BR","og:site_name":"Arquivo | Jornal J\u00c1 | Porto Alegre","og:type":"article","og:title":"Vereador Mauro Pinheiro e diretor da C\u00e2mara s\u00e3o condenados por irregularidades no ponto eletr\u00f4nico | Arquivo","og:url":"https:\/\/www.jornalja.com.br\/arquivo\/vereador-mauro-pinheiro-e-diretor-da-camara-municipal-sao-condenados-por-irregularidades-no-ponto-eletronico\/","og:image":"https:\/\/www.jornalja.com.br\/wp-content\/uploads\/2017\/08\/ESP6081-391x400.jpg","og:image:secure_url":"https:\/\/www.jornalja.com.br\/wp-content\/uploads\/2017\/08\/ESP6081-391x400.jpg","article:published_time":"2017-08-03T19:46:19+00:00","article:modified_time":"2017-08-03T19:46:19+00:00","twitter:card":"summary","twitter:title":"Vereador Mauro Pinheiro e diretor da C\u00e2mara s\u00e3o condenados por irregularidades no ponto eletr\u00f4nico | Arquivo","twitter:image":"https:\/\/www.jornalja.com.br\/economics\/wp-content\/uploads\/sites\/11\/2026\/08\/ja-folhaderosto-facebook.jpg"},"aioseo_meta_data":{"post_id":"52707","title":null,"description":null,"keywords":null,"keyphrases":null,"primary_term":null,"canonical_url":null,"og_title":null,"og_description":null,"og_object_type":"default","og_image_type":"default","og_image_url":null,"og_image_width":null,"og_image_height":null,"og_image_custom_url":null,"og_image_custom_fields":null,"og_video":null,"og_custom_url":null,"og_article_section":null,"og_article_tags":null,"twitter_use_og":false,"twitter_card":"default","twitter_image_type":"default","twitter_image_url":null,"twitter_image_custom_url":null,"twitter_image_custom_fields":null,"twitter_title":null,"twitter_description":null,"schema":{"blockGraphs":[],"customGraphs":[],"default":{"data":{"Article":[],"Course":[],"Dataset":[],"FAQPage":[],"Movie":[],"Person":[],"Product":[],"ProductReview":[],"Car":[],"Recipe":[],"Service":[],"SoftwareApplication":[],"WebPage":[]},"graphName":"","isEnabled":true},"graphs":[]},"schema_type":null,"schema_type_options":null,"pillar_content":false,"robots_default":true,"robots_noindex":false,"robots_noarchive":false,"robots_nosnippet":false,"robots_nofollow":false,"robots_noimageindex":false,"robots_noodp":false,"robots_notranslate":false,"robots_max_snippet":null,"robots_max_videopreview":null,"robots_max_imagepreview":"large","priority":null,"frequency":null,"location":null,"local_seo":null,"breadcrumb_settings":null,"limit_modified_date":false,"ai":null,"created":"2020-12-20 20:28:19","updated":"2025-07-20 00:02:07","seo_analyzer_scan_date":null,"focus_keyword":null,"additional_keywords":null,"truseo_locale":null},"jetpack_sharing_enabled":true,"jetpack-related-posts":[{"id":13109,"url":"https:\/\/www.jornalja.com.br\/arquivo\/judiciario-reconhece-poluicao-eletromagnetica\/","url_meta":{"origin":52707,"position":0},"title":"Judici\u00e1rio reconhece polui\u00e7\u00e3o eletromagn\u00e9tica","author":"Patr\u00edcia Marini","date":"16 de maio de 2014","format":false,"excerpt":"A\u00e7\u00e3o de duas associa\u00e7\u00f5es de moradores foi acolhida pelo Tribunal de Justi\u00e7a de S\u00e3o Paulo que. em decis\u00e3o in\u00e9dita, determinou a redu\u00e7\u00e3o do campo eletromagn\u00e9tico gerado pelas linhas de transmiss\u00e3o de energia que cortam os bairros City Boa\u00e7ava e Alto de Pinheiros. \u00c9 a primeira vez que um tribunal do\u2026","rel":"","context":"Em &quot;X.Categorias velhas&quot;","block_context":{"text":"X.Categorias velhas","link":"https:\/\/www.jornalja.com.br\/arquivo\/category\/x-categorias-velhas\/"},"img":{"alt_text":"","src":"","width":0,"height":0},"classes":[]},{"id":14241,"url":"https:\/\/www.jornalja.com.br\/arquivo\/o-guaiba-nas-imagens-poeticas-de-achutti\/","url_meta":{"origin":52707,"position":1},"title":"O Gua\u00edba nas imagens po\u00e9ticas de Achutti","author":"da Reda\u00e7\u00e3o","date":"18 de junho de 2014","format":false,"excerpt":"Em \u201cO Gua\u00edba por Achutti\u201d \u2013 obra financiada via Minist\u00e9rio da Cultura, produ\u00e7\u00e3o executiva de Pedro Longhi, e Fl\u00e1vio Wild como designer \u2013, o fot\u00f3grafo revela a beleza e as mazelas de um espa\u00e7o aqu\u00e1tico de \u00e1guas sempre renovadas, cheio de hist\u00f3rias e lendas como as das cidades que foram\u2026","rel":"","context":"Em &quot;Cultura-Geral&quot;","block_context":{"text":"Cultura-Geral","link":"https:\/\/www.jornalja.com.br\/arquivo\/category\/materiasecundaria\/"},"img":{"alt_text":"","src":"","width":0,"height":0},"classes":[]},{"id":13239,"url":"https:\/\/www.jornalja.com.br\/arquivo\/conselho-desdenha-do-plano-diretor\/","url_meta":{"origin":52707,"position":2},"title":"Porto Alegre: Conselho detona Plano Diretor","author":"Patr\u00edcia Marini","date":"25 de maio de 2014","format":false,"excerpt":"Den\u00fancia do arquiteto e \u00a0urbanista Ibir\u00e1 Santos Lucas. Ele diz que os conselheiros est\u00e3o votando com \"enorme irresponsabilidade\". \"Mudam regime com a maior naturalidade,,,regularizam absurdos de constru\u00e7\u00f5es irregulares... \"O CMDUA est\u00e1 flexibilizando a lei do plano diretor, de uma forma impactante na vida da cidade. Mudam regime com a maior\u2026","rel":"","context":"Em &quot;Geral&quot;","block_context":{"text":"Geral","link":"https:\/\/www.jornalja.com.br\/arquivo\/category\/geral\/"},"img":{"alt_text":"","src":"","width":0,"height":0},"classes":[]},{"id":5440,"url":"https:\/\/www.jornalja.com.br\/arquivo\/casarao-da-venancio-destino-permanece-incerto\/","url_meta":{"origin":52707,"position":3},"title":"Estado ainda n\u00e3o sabe o que fazer com casar\u00e3o abandonado h\u00e1 20 anos","author":"Elmar Bones","date":"6 de julho de 2009","format":false,"excerpt":"O casar\u00e3o amarelo, numa esquina nobre de Porto Alegre (Ven\u00e2ncio Aires com Jo\u00e3o Pessoa), j\u00e1 abrigou uma escola. H\u00e1 duas d\u00e9cadas, pelo menos, est\u00e1 abandonado, porque seu propriet\u00e1rio, o governo do Estado do Rio Grande do Sul, n\u00e3o consegue achar um destino para ele. Planos n\u00e3o faltaram. O governador Ol\u00edvio\u2026","rel":"","context":"Em &quot;X.Categorias velhas&quot;","block_context":{"text":"X.Categorias velhas","link":"https:\/\/www.jornalja.com.br\/arquivo\/category\/x-categorias-velhas\/"},"img":{"alt_text":"geraldo1","src":"https:\/\/i0.wp.com\/www.jornalja.com.br\/wp-content\/uploads\/2009\/07\/geraldo1.jpg?resize=350%2C200&ssl=1","width":350,"height":200},"classes":[]},{"id":13128,"url":"https:\/\/www.jornalja.com.br\/arquivo\/maconha-terra-diz-que-uso-medicinal-e-desculpa\/","url_meta":{"origin":52707,"position":4},"title":"Maconha: Terra diz que uso medicinal \u00e9 desculpa","author":"Patr\u00edcia Marini","date":"4 de junho de 2014","format":false,"excerpt":"A condi\u00e7\u00e3o de pol\u00edtico, em \u00e9poca de campanha de campanha eleitoral, tira for\u00e7a do discurso do m\u00e9dico Osmar Terra contra a legaliza\u00e7\u00e3o da maconha. A tese dele de que a libera\u00e7\u00e3o vai ampliar exponencialmente o consumo \u00e9 discutivel, o consumo \u00e9 corrente. Mas seus alertas quanto aos riscos tem que\u2026","rel":"","context":"Em &quot;X.Categorias velhas&quot;","block_context":{"text":"X.Categorias velhas","link":"https:\/\/www.jornalja.com.br\/arquivo\/category\/x-categorias-velhas\/"},"img":{"alt_text":"","src":"","width":0,"height":0},"classes":[]},{"id":13240,"url":"https:\/\/www.jornalja.com.br\/arquivo\/plano-diretor-estamos-construindo-o-caos\/","url_meta":{"origin":52707,"position":5},"title":"Plano diretor: &quot;Estamos construindo o caos&quot;","author":"Patr\u00edcia Marini","date":"26 de maio de 2014","format":false,"excerpt":"Desabafo que arquiteta Eliana Castilhos, delegada da Regi\u00e3o de Planejamento 1, postou nas redes sociais \u00e9 um testemunho do ambiente que se criou no Conselho do Plano Diretor de Porto Alegre, onde a aprova\u00e7\u00e3o de grandes empreendimentos \u00e9 empurrada guela abaixo dos conselheiros. Ao CMDUA Como delegada da Regi\u00e3o de\u2026","rel":"","context":"Em &quot;Geral&quot;","block_context":{"text":"Geral","link":"https:\/\/www.jornalja.com.br\/arquivo\/category\/geral\/"},"img":{"alt_text":"","src":"","width":0,"height":0},"classes":[]}],"jetpack_shortlink":"https:\/\/wp.me\/pbQjBd-dI7","jetpack_featured_media_url":"","_links":{"self":[{"href":"https:\/\/www.jornalja.com.br\/arquivo\/wp-json\/wp\/v2\/posts\/52707","targetHints":{"allow":["GET"]}}],"collection":[{"href":"https:\/\/www.jornalja.com.br\/arquivo\/wp-json\/wp\/v2\/posts"}],"about":[{"href":"https:\/\/www.jornalja.com.br\/arquivo\/wp-json\/wp\/v2\/types\/post"}],"author":[{"embeddable":true,"href":"https:\/\/www.jornalja.com.br\/arquivo\/wp-json\/wp\/v2\/users\/4"}],"replies":[{"embeddable":true,"href":"https:\/\/www.jornalja.com.br\/arquivo\/wp-json\/wp\/v2\/comments?post=52707"}],"version-history":[{"count":0,"href":"https:\/\/www.jornalja.com.br\/arquivo\/wp-json\/wp\/v2\/posts\/52707\/revisions"}],"wp:attachment":[{"href":"https:\/\/www.jornalja.com.br\/arquivo\/wp-json\/wp\/v2\/media?parent=52707"}],"wp:term":[{"taxonomy":"category","embeddable":true,"href":"https:\/\/www.jornalja.com.br\/arquivo\/wp-json\/wp\/v2\/categories?post=52707"},{"taxonomy":"post_tag","embeddable":true,"href":"https:\/\/www.jornalja.com.br\/arquivo\/wp-json\/wp\/v2\/tags?post=52707"}],"curies":[{"name":"wp","href":"https:\/\/api.w.org\/{rel}","templated":true}]}}