{"id":52731,"date":"2017-08-03T17:57:08","date_gmt":"2017-08-03T20:57:08","guid":{"rendered":"https:\/\/www.jornalja.com.br\/?p=52731"},"modified":"2017-08-03T17:57:08","modified_gmt":"2017-08-03T20:57:08","slug":"prefeitos-gauchos-rechacam-extincao-de-zonas-eleitorais-pelo-tse","status":"publish","type":"post","link":"https:\/\/www.jornalja.com.br\/arquivo\/prefeitos-gauchos-rechacam-extincao-de-zonas-eleitorais-pelo-tse\/","title":{"rendered":"Prefeitos ga\u00fachos recha\u00e7am extin\u00e7\u00e3o de zonas eleitorais pelo TSE"},"content":{"rendered":"<div>\n<div><\/div>\n<div><span style=\"font-size: large\">Prefeitos e vereadores de munic\u00edpios ga\u00fachos se posicionaram contra a disposi\u00e7\u00e3o do Tribunal Superior Eleitoral (TSE) de extinguir zonas eleitorais no Rio Grande do Sul &#8211; e no Brasil. <\/span><\/div>\n<div><\/div>\n<div><span style=\"font-size: large\">A \u00a0decis\u00e3o foi tomada em em audi\u00eancia p\u00fablica na Assembleia Legislativa do Estado na noite desta quarta-feira (2\/8).<\/span><\/div>\n<div><span style=\"font-size: large\">\u00a0<\/span><\/div>\n<div><span style=\"font-size: large\">As autoridades municipais estimam que a medida obrigar\u00e1 eleitores de seus munic\u00edpios a ter de viajar at\u00e9 150 km para ter acesso a servi\u00e7os eleitorais se houver extin\u00e7\u00e3o de cart\u00f3rios. <\/span><\/div>\n<div><\/div>\n<div><span style=\"font-size: large\">\u201cIsso (\u00f4nus da medida) vai cair nas costas dos prefeitos\u201d, disse o chefe do Executivo de Tapera, Volmar Kuhn, \u00e0 Comiss\u00e3o de Seguran\u00e7a e Servi\u00e7os P\u00fablicos do Legislativo, que abrigou a audi\u00eancia, proposta e conduzida pelo deputado Pedro Ruas (PSol). <\/span><\/div>\n<div><\/div>\n<div><span style=\"font-size: large\">Os prefeitos j\u00e1 est\u00e3o sendo cobrados por suas comunidades e sabem que a press\u00e3o aumentar\u00e1 sobre eles.\u00a0<\/span><\/div>\n<div><span style=\"font-size: large\">\u00a0<\/span><\/div>\n<div><span style=\"font-size: large\">\u201cH\u00e1 uma inconformidade\u201d com a medida, declarou o prefeito de Triunfo, Valdair Kuhn, que acredita que eleitores v\u00e3o acabar desistindo de votar se tiveram de viajar grandes dist\u00e2ncias, enfraquecendo a participa\u00e7\u00e3o democr\u00e1tica. <\/span><\/div>\n<div><\/div>\n<div><span style=\"font-size: large\">O prefeito de N\u00e3o-Me-Toque, Armando Roos, que exerce seu terceiro mandato, ficou impressionado com o n\u00famero de pessoas que lotaram a sala do F\u00f3rum Democr\u00e1tico da ALRS. <\/span><\/div>\n<div><\/div>\n<div><span style=\"font-size: large\">\u201cNunca vi tantas entidades p\u00fablicas reunidas. Sugiro que enviemos documento ao TSE demonstrando nossa contrariedade\u201d.<\/span><\/div>\n<div><span style=\"font-size: large\">\u00a0<\/span><\/div>\n<div><span style=\"font-size: large\">O prefeito de Mostardas, Mois\u00e9s Pedone, quer que seu munic\u00edpio n\u00e3o seja atingido e torce para que o mesmo ocorra com Tavares, outra cidade do Litoral Norte. <\/span><\/div>\n<div><\/div>\n<div><span style=\"font-size: large\">\u201cMetade das nossas popula\u00e7\u00f5es s\u00e3o rurais. Qualquer que seja o munic\u00edpio prejudicado, os eleitores teriam de viajar cerca de 150 quil\u00f4metros\u201d.<\/span><\/div>\n<div><span style=\"font-size: large\">\u00a0<\/span><\/div>\n<div><span style=\"font-size: large\">O presidente da Associa\u00e7\u00e3o dos Ju\u00edzes do Rio Grande do Sul (Ajuris), Gilberto Sch\u00e4fer, afirmou que a desculpa de busca de economia n\u00e3o justifica extin\u00e7\u00e3o de zonas eleitorais. <\/span><\/div>\n<div><\/div>\n<div><span style=\"font-size: large\">\u201cA poupan\u00e7a \u00e9 p\u00edfia, \u00ednfima, de cerca de 0,08%. \u00c9 uma medida nefasta \u00e0 Justi\u00e7a Eleitoral e \u00e0 democracia\u201d. <\/span><\/div>\n<div><\/div>\n<div><span style=\"font-size: large\">Sch\u00e4fer relatou que a Associa\u00e7\u00e3o dos Magistrados Brasileiros (AMB) ingressou com A\u00e7\u00e3o Direta de Inconstitucionalidade (ADI) contra o dispositivo do TSE. <\/span><\/div>\n<div><\/div>\n<div><span style=\"font-size: large\">Sustenta-se que o TSE n\u00e3o tem compet\u00eancia para extinguir zona eleitoral por resolu\u00e7\u00e3o; a compet\u00eancia \u00e9 do Congresso por lei complementar.<\/span><\/div>\n<div><span style=\"font-size: large\">\u00a0<\/span><\/div>\n<div><span style=\"font-size: large\">O presidente do TRE, Carlos Marchionatti, informou que, em maio, o tribunal entrou em contato com Gilmar Mendes e o ministro foi atencioso e prometeu revisar a norma. \u201cA revis\u00e3o n\u00e3o resolveu tudo, mas boa parte da situa\u00e7\u00e3o foi resolvida\u201d, disse. <\/span><\/div>\n<div><\/div>\n<div><span style=\"font-size: large\">Em meados deste m\u00eas, Marchionatti ir\u00e1 a Bras\u00edlia \u201clevar ao TSE a justificativa para que a Justi\u00e7a Eleitoral seja preservada no Estado\u201d.<\/span><\/div>\n<div><span style=\"font-size: large\">\u00a0<\/span><\/div>\n<div><span style=\"font-size: large\">A ju\u00edza Solange Moraes, de Triunfo, que j\u00e1 atuou em Ira\u00ed e Constantina, ent\u00e3o o menor col\u00e9gio eleitoral do pa\u00eds, observou que as disputas eleitorais nos pequenos munic\u00edpios s\u00e3o muito acirradas e que os eleitores precisam ser respeitados e atendidos pela Justi\u00e7a Eleitoral.<\/span><\/div>\n<div><span style=\"font-size: large\">\u00a0<\/span><\/div>\n<div><span style=\"font-size: large\">A ex-presidente do TRE Elaine Harzheim Macedo, que preside o Instituto Ga\u00facho de Direito Eleitoral, em posi\u00e7\u00e3o frontalmente oposta a Marchionatti, enfatizou que sua entidade n\u00e3o aceita \u201cnem uma zona eleitoral a menos\u201d.<\/span><\/div>\n<div><span style=\"font-size: large\">\u00a0<\/span><\/div>\n<div><span style=\"font-size: large\">A Assembleia Legislativa enviar\u00e1 of\u00edcio ao TSE, segundo o deputado Pedro Ruas, repelindo a extin\u00e7\u00e3o de zonas eleitorais no Estado. (com informa\u00e7\u00f5es da Assessoria de Imrensa)<\/span><\/div>\n<\/div>\n<div><span style=\"font-size: large\">&#8211;<\/span><\/div>\n<div><span style=\"font-size: large\"><b>Foto: Divulga\u00e7\u00e3o Ajuris\/Joice Proen\u00e7a<\/b><\/span><\/div>\n","protected":false},"excerpt":{"rendered":"<p>Prefeitos e vereadores de munic\u00edpios ga\u00fachos se posicionaram contra a disposi\u00e7\u00e3o do Tribunal Superior Eleitoral (TSE) de extinguir zonas eleitorais no Rio Grande do Sul &#8211; e no Brasil. A \u00a0decis\u00e3o foi tomada em em audi\u00eancia p\u00fablica na Assembleia Legislativa do Estado na noite desta quarta-feira (2\/8). \u00a0 As autoridades municipais estimam que a medida [&hellip;]<\/p>\n","protected":false},"author":4,"featured_media":52732,"comment_status":"open","ping_status":"closed","sticky":false,"template":"","format":"standard","meta":{"_jetpack_newsletter_access":"","_jetpack_dont_email_post_to_subs":false,"_jetpack_newsletter_tier_id":0,"_jetpack_memberships_contains_paywalled_content":false,"_jetpack_feature_clip_id":0,"_jetpack_memberships_contains_paid_content":false,"footnotes":"","jetpack_post_was_ever_published":false},"categories":[26],"tags":[],"class_list":["post-52731","post","type-post","status-publish","format-standard","has-post-thumbnail","hentry","category-geral"],"aioseo_notices":[],"aioseo_head":"\n\t\t<!-- All in One SEO 5.0.1.1 - aioseo.com -->\n\t<meta name=\"robots\" content=\"max-image-preview:large\" \/>\n\t<meta name=\"author\" content=\"da Reda\u00e7\u00e3o\"\/>\n\t<link rel=\"canonical\" href=\"https:\/\/www.jornalja.com.br\/arquivo\/prefeitos-gauchos-rechacam-extincao-de-zonas-eleitorais-pelo-tse\/\" \/>\n\t<meta name=\"generator\" content=\"All in One SEO (AIOSEO) 5.0.1.1\" \/>\n\t\t<meta property=\"og:locale\" content=\"pt_BR\" \/>\n\t\t<meta property=\"og:site_name\" content=\"Arquivo | Jornal J\u00c1 | Porto Alegre\" \/>\n\t\t<meta property=\"og:type\" content=\"article\" \/>\n\t\t<meta property=\"og:title\" content=\"Prefeitos ga\u00fachos recha\u00e7am extin\u00e7\u00e3o de zonas eleitorais pelo TSE | Arquivo\" \/>\n\t\t<meta property=\"og:url\" content=\"https:\/\/www.jornalja.com.br\/arquivo\/prefeitos-gauchos-rechacam-extincao-de-zonas-eleitorais-pelo-tse\/\" \/>\n\t\t<meta property=\"og:image\" content=\"https:\/\/www.jornalja.com.br\/economics\/wp-content\/uploads\/sites\/11\/2026\/08\/ja-folhaderosto-facebook.jpg\" \/>\n\t\t<meta property=\"og:image:secure_url\" content=\"https:\/\/www.jornalja.com.br\/economics\/wp-content\/uploads\/sites\/11\/2026\/08\/ja-folhaderosto-facebook.jpg\" \/>\n\t\t<meta property=\"article:published_time\" content=\"2017-08-03T20:57:08+00:00\" \/>\n\t\t<meta property=\"article:modified_time\" content=\"2017-08-03T20:57:08+00:00\" \/>\n\t\t<meta name=\"twitter:card\" content=\"summary\" \/>\n\t\t<meta name=\"twitter:title\" content=\"Prefeitos ga\u00fachos recha\u00e7am extin\u00e7\u00e3o de zonas eleitorais pelo TSE | Arquivo\" \/>\n\t\t<meta name=\"twitter:image\" content=\"https:\/\/www.jornalja.com.br\/economics\/wp-content\/uploads\/sites\/11\/2026\/08\/ja-folhaderosto-facebook.jpg\" \/>\n\t\t<script type=\"application\/ld+json\" class=\"aioseo-schema\">\n\t\t\t{\"@context\":\"https:\\\/\\\/schema.org\",\"@graph\":[{\"@type\":\"BlogPosting\",\"@id\":\"https:\\\/\\\/www.jornalja.com.br\\\/arquivo\\\/prefeitos-gauchos-rechacam-extincao-de-zonas-eleitorais-pelo-tse\\\/#blogposting\",\"name\":\"Prefeitos ga\\u00fachos recha\\u00e7am extin\\u00e7\\u00e3o de zonas eleitorais pelo TSE | Arquivo\",\"headline\":\"Prefeitos ga\\u00fachos recha\\u00e7am extin\\u00e7\\u00e3o de zonas eleitorais pelo TSE\",\"author\":{\"@id\":\"https:\\\/\\\/www.jornalja.com.br\\\/arquivo\\\/author\\\/daredacao\\\/#author\"},\"publisher\":{\"@id\":\"https:\\\/\\\/www.jornalja.com.br\\\/arquivo\\\/#organization\"},\"image\":{\"@type\":\"ImageObject\",\"url\":52732},\"datePublished\":\"2017-08-03T17:57:08-03:00\",\"dateModified\":\"2017-08-03T17:57:08-03:00\",\"inLanguage\":\"pt-BR\",\"mainEntityOfPage\":{\"@id\":\"https:\\\/\\\/www.jornalja.com.br\\\/arquivo\\\/prefeitos-gauchos-rechacam-extincao-de-zonas-eleitorais-pelo-tse\\\/#webpage\"},\"isPartOf\":{\"@id\":\"https:\\\/\\\/www.jornalja.com.br\\\/arquivo\\\/prefeitos-gauchos-rechacam-extincao-de-zonas-eleitorais-pelo-tse\\\/#webpage\"},\"articleSection\":\"Geral\"},{\"@type\":\"BreadcrumbList\",\"@id\":\"https:\\\/\\\/www.jornalja.com.br\\\/arquivo\\\/prefeitos-gauchos-rechacam-extincao-de-zonas-eleitorais-pelo-tse\\\/#breadcrumblist\",\"itemListElement\":[{\"@type\":\"ListItem\",\"@id\":\"https:\\\/\\\/www.jornalja.com.br\\\/arquivo#listItem\",\"position\":1,\"name\":\"Home\",\"item\":\"https:\\\/\\\/www.jornalja.com.br\\\/arquivo\",\"nextItem\":{\"@type\":\"ListItem\",\"@id\":\"https:\\\/\\\/www.jornalja.com.br\\\/arquivo\\\/category\\\/geral\\\/#listItem\",\"name\":\"Geral\"}},{\"@type\":\"ListItem\",\"@id\":\"https:\\\/\\\/www.jornalja.com.br\\\/arquivo\\\/category\\\/geral\\\/#listItem\",\"position\":2,\"name\":\"Geral\",\"item\":\"https:\\\/\\\/www.jornalja.com.br\\\/arquivo\\\/category\\\/geral\\\/\",\"nextItem\":{\"@type\":\"ListItem\",\"@id\":\"https:\\\/\\\/www.jornalja.com.br\\\/arquivo\\\/prefeitos-gauchos-rechacam-extincao-de-zonas-eleitorais-pelo-tse\\\/#listItem\",\"name\":\"Prefeitos ga\\u00fachos recha\\u00e7am extin\\u00e7\\u00e3o de zonas eleitorais pelo TSE\"},\"previousItem\":{\"@type\":\"ListItem\",\"@id\":\"https:\\\/\\\/www.jornalja.com.br\\\/arquivo#listItem\",\"name\":\"Home\"}},{\"@type\":\"ListItem\",\"@id\":\"https:\\\/\\\/www.jornalja.com.br\\\/arquivo\\\/prefeitos-gauchos-rechacam-extincao-de-zonas-eleitorais-pelo-tse\\\/#listItem\",\"position\":3,\"name\":\"Prefeitos ga\\u00fachos recha\\u00e7am extin\\u00e7\\u00e3o de zonas eleitorais pelo TSE\",\"previousItem\":{\"@type\":\"ListItem\",\"@id\":\"https:\\\/\\\/www.jornalja.com.br\\\/arquivo\\\/category\\\/geral\\\/#listItem\",\"name\":\"Geral\"}}]},{\"@type\":\"Organization\",\"@id\":\"https:\\\/\\\/www.jornalja.com.br\\\/arquivo\\\/#organization\",\"name\":\"Jornal J\\u00c1\",\"description\":\"Jornal J\\u00c1 | Porto Alegre\",\"url\":\"https:\\\/\\\/www.jornalja.com.br\\\/arquivo\\\/\",\"telephone\":\"+555133307272\",\"logo\":{\"@type\":\"ImageObject\",\"url\":\"https:\\\/\\\/www.jornalja.com.br\\\/wp-content\\\/uploads\\\/cards\\\/JAslogan.png\",\"@id\":\"https:\\\/\\\/www.jornalja.com.br\\\/arquivo\\\/prefeitos-gauchos-rechacam-extincao-de-zonas-eleitorais-pelo-tse\\\/#organizationLogo\"},\"image\":{\"@id\":\"https:\\\/\\\/www.jornalja.com.br\\\/arquivo\\\/prefeitos-gauchos-rechacam-extincao-de-zonas-eleitorais-pelo-tse\\\/#organizationLogo\"}},{\"@type\":\"Person\",\"@id\":\"https:\\\/\\\/www.jornalja.com.br\\\/arquivo\\\/author\\\/daredacao\\\/#author\",\"url\":\"https:\\\/\\\/www.jornalja.com.br\\\/arquivo\\\/author\\\/daredacao\\\/\",\"name\":\"da Reda\\u00e7\\u00e3o\",\"image\":{\"@type\":\"ImageObject\",\"@id\":\"https:\\\/\\\/www.jornalja.com.br\\\/arquivo\\\/prefeitos-gauchos-rechacam-extincao-de-zonas-eleitorais-pelo-tse\\\/#authorImage\",\"url\":\"https:\\\/\\\/secure.gravatar.com\\\/avatar\\\/469fd857d6605ad19919d27ed29d35a968a25f6e8fd9318356bbb7f57aae9c65?s=96&d=mm&r=g\",\"width\":96,\"height\":96,\"caption\":\"da Reda\\u00e7\\u00e3o\"}},{\"@type\":\"WebPage\",\"@id\":\"https:\\\/\\\/www.jornalja.com.br\\\/arquivo\\\/prefeitos-gauchos-rechacam-extincao-de-zonas-eleitorais-pelo-tse\\\/#webpage\",\"url\":\"https:\\\/\\\/www.jornalja.com.br\\\/arquivo\\\/prefeitos-gauchos-rechacam-extincao-de-zonas-eleitorais-pelo-tse\\\/\",\"name\":\"Prefeitos ga\\u00fachos recha\\u00e7am extin\\u00e7\\u00e3o de zonas eleitorais pelo TSE | Arquivo\",\"inLanguage\":\"pt-BR\",\"isPartOf\":{\"@id\":\"https:\\\/\\\/www.jornalja.com.br\\\/arquivo\\\/#website\"},\"breadcrumb\":{\"@id\":\"https:\\\/\\\/www.jornalja.com.br\\\/arquivo\\\/prefeitos-gauchos-rechacam-extincao-de-zonas-eleitorais-pelo-tse\\\/#breadcrumblist\"},\"author\":{\"@id\":\"https:\\\/\\\/www.jornalja.com.br\\\/arquivo\\\/author\\\/daredacao\\\/#author\"},\"creator\":{\"@id\":\"https:\\\/\\\/www.jornalja.com.br\\\/arquivo\\\/author\\\/daredacao\\\/#author\"},\"image\":{\"@type\":\"ImageObject\",\"url\":52732,\"@id\":\"https:\\\/\\\/www.jornalja.com.br\\\/arquivo\\\/prefeitos-gauchos-rechacam-extincao-de-zonas-eleitorais-pelo-tse\\\/#mainImage\"},\"primaryImageOfPage\":{\"@id\":\"https:\\\/\\\/www.jornalja.com.br\\\/arquivo\\\/prefeitos-gauchos-rechacam-extincao-de-zonas-eleitorais-pelo-tse\\\/#mainImage\"},\"datePublished\":\"2017-08-03T17:57:08-03:00\",\"dateModified\":\"2017-08-03T17:57:08-03:00\"},{\"@type\":\"WebSite\",\"@id\":\"https:\\\/\\\/www.jornalja.com.br\\\/arquivo\\\/#website\",\"url\":\"https:\\\/\\\/www.jornalja.com.br\\\/arquivo\\\/\",\"name\":\"Arquivo\",\"description\":\"Jornal J\\u00c1 | Porto Alegre\",\"inLanguage\":\"pt-BR\",\"publisher\":{\"@id\":\"https:\\\/\\\/www.jornalja.com.br\\\/arquivo\\\/#organization\"}}]}\n\t\t<\/script>\n\t\t<!-- All in One SEO -->\n\n","aioseo_head_json":{"title":"Prefeitos ga\u00fachos recha\u00e7am extin\u00e7\u00e3o de zonas eleitorais pelo TSE | Arquivo","description":"","canonical_url":"https:\/\/www.jornalja.com.br\/arquivo\/prefeitos-gauchos-rechacam-extincao-de-zonas-eleitorais-pelo-tse\/","robots":"max-image-preview:large","keywords":"","webmasterTools":{"miscellaneous":""},"schema":{"@context":"https:\/\/schema.org","@graph":[{"@type":"BlogPosting","@id":"https:\/\/www.jornalja.com.br\/arquivo\/prefeitos-gauchos-rechacam-extincao-de-zonas-eleitorais-pelo-tse\/#blogposting","name":"Prefeitos ga\u00fachos recha\u00e7am extin\u00e7\u00e3o de zonas eleitorais pelo TSE | Arquivo","headline":"Prefeitos ga\u00fachos recha\u00e7am extin\u00e7\u00e3o de zonas eleitorais pelo TSE","author":{"@id":"https:\/\/www.jornalja.com.br\/arquivo\/author\/daredacao\/#author"},"publisher":{"@id":"https:\/\/www.jornalja.com.br\/arquivo\/#organization"},"image":{"@type":"ImageObject","url":52732},"datePublished":"2017-08-03T17:57:08-03:00","dateModified":"2017-08-03T17:57:08-03:00","inLanguage":"pt-BR","mainEntityOfPage":{"@id":"https:\/\/www.jornalja.com.br\/arquivo\/prefeitos-gauchos-rechacam-extincao-de-zonas-eleitorais-pelo-tse\/#webpage"},"isPartOf":{"@id":"https:\/\/www.jornalja.com.br\/arquivo\/prefeitos-gauchos-rechacam-extincao-de-zonas-eleitorais-pelo-tse\/#webpage"},"articleSection":"Geral"},{"@type":"BreadcrumbList","@id":"https:\/\/www.jornalja.com.br\/arquivo\/prefeitos-gauchos-rechacam-extincao-de-zonas-eleitorais-pelo-tse\/#breadcrumblist","itemListElement":[{"@type":"ListItem","@id":"https:\/\/www.jornalja.com.br\/arquivo#listItem","position":1,"name":"Home","item":"https:\/\/www.jornalja.com.br\/arquivo","nextItem":{"@type":"ListItem","@id":"https:\/\/www.jornalja.com.br\/arquivo\/category\/geral\/#listItem","name":"Geral"}},{"@type":"ListItem","@id":"https:\/\/www.jornalja.com.br\/arquivo\/category\/geral\/#listItem","position":2,"name":"Geral","item":"https:\/\/www.jornalja.com.br\/arquivo\/category\/geral\/","nextItem":{"@type":"ListItem","@id":"https:\/\/www.jornalja.com.br\/arquivo\/prefeitos-gauchos-rechacam-extincao-de-zonas-eleitorais-pelo-tse\/#listItem","name":"Prefeitos ga\u00fachos recha\u00e7am extin\u00e7\u00e3o de zonas eleitorais pelo TSE"},"previousItem":{"@type":"ListItem","@id":"https:\/\/www.jornalja.com.br\/arquivo#listItem","name":"Home"}},{"@type":"ListItem","@id":"https:\/\/www.jornalja.com.br\/arquivo\/prefeitos-gauchos-rechacam-extincao-de-zonas-eleitorais-pelo-tse\/#listItem","position":3,"name":"Prefeitos ga\u00fachos recha\u00e7am extin\u00e7\u00e3o de zonas eleitorais pelo TSE","previousItem":{"@type":"ListItem","@id":"https:\/\/www.jornalja.com.br\/arquivo\/category\/geral\/#listItem","name":"Geral"}}]},{"@type":"Organization","@id":"https:\/\/www.jornalja.com.br\/arquivo\/#organization","name":"Jornal J\u00c1","description":"Jornal J\u00c1 | Porto Alegre","url":"https:\/\/www.jornalja.com.br\/arquivo\/","telephone":"+555133307272","logo":{"@type":"ImageObject","url":"https:\/\/www.jornalja.com.br\/wp-content\/uploads\/cards\/JAslogan.png","@id":"https:\/\/www.jornalja.com.br\/arquivo\/prefeitos-gauchos-rechacam-extincao-de-zonas-eleitorais-pelo-tse\/#organizationLogo"},"image":{"@id":"https:\/\/www.jornalja.com.br\/arquivo\/prefeitos-gauchos-rechacam-extincao-de-zonas-eleitorais-pelo-tse\/#organizationLogo"}},{"@type":"Person","@id":"https:\/\/www.jornalja.com.br\/arquivo\/author\/daredacao\/#author","url":"https:\/\/www.jornalja.com.br\/arquivo\/author\/daredacao\/","name":"da Reda\u00e7\u00e3o","image":{"@type":"ImageObject","@id":"https:\/\/www.jornalja.com.br\/arquivo\/prefeitos-gauchos-rechacam-extincao-de-zonas-eleitorais-pelo-tse\/#authorImage","url":"https:\/\/secure.gravatar.com\/avatar\/469fd857d6605ad19919d27ed29d35a968a25f6e8fd9318356bbb7f57aae9c65?s=96&d=mm&r=g","width":96,"height":96,"caption":"da Reda\u00e7\u00e3o"}},{"@type":"WebPage","@id":"https:\/\/www.jornalja.com.br\/arquivo\/prefeitos-gauchos-rechacam-extincao-de-zonas-eleitorais-pelo-tse\/#webpage","url":"https:\/\/www.jornalja.com.br\/arquivo\/prefeitos-gauchos-rechacam-extincao-de-zonas-eleitorais-pelo-tse\/","name":"Prefeitos ga\u00fachos recha\u00e7am extin\u00e7\u00e3o de zonas eleitorais pelo TSE | Arquivo","inLanguage":"pt-BR","isPartOf":{"@id":"https:\/\/www.jornalja.com.br\/arquivo\/#website"},"breadcrumb":{"@id":"https:\/\/www.jornalja.com.br\/arquivo\/prefeitos-gauchos-rechacam-extincao-de-zonas-eleitorais-pelo-tse\/#breadcrumblist"},"author":{"@id":"https:\/\/www.jornalja.com.br\/arquivo\/author\/daredacao\/#author"},"creator":{"@id":"https:\/\/www.jornalja.com.br\/arquivo\/author\/daredacao\/#author"},"image":{"@type":"ImageObject","url":52732,"@id":"https:\/\/www.jornalja.com.br\/arquivo\/prefeitos-gauchos-rechacam-extincao-de-zonas-eleitorais-pelo-tse\/#mainImage"},"primaryImageOfPage":{"@id":"https:\/\/www.jornalja.com.br\/arquivo\/prefeitos-gauchos-rechacam-extincao-de-zonas-eleitorais-pelo-tse\/#mainImage"},"datePublished":"2017-08-03T17:57:08-03:00","dateModified":"2017-08-03T17:57:08-03:00"},{"@type":"WebSite","@id":"https:\/\/www.jornalja.com.br\/arquivo\/#website","url":"https:\/\/www.jornalja.com.br\/arquivo\/","name":"Arquivo","description":"Jornal J\u00c1 | Porto Alegre","inLanguage":"pt-BR","publisher":{"@id":"https:\/\/www.jornalja.com.br\/arquivo\/#organization"}}]},"og:locale":"pt_BR","og:site_name":"Arquivo | Jornal J\u00c1 | Porto Alegre","og:type":"article","og:title":"Prefeitos ga\u00fachos recha\u00e7am extin\u00e7\u00e3o de zonas eleitorais pelo TSE | Arquivo","og:url":"https:\/\/www.jornalja.com.br\/arquivo\/prefeitos-gauchos-rechacam-extincao-de-zonas-eleitorais-pelo-tse\/","og:image":"https:\/\/www.jornalja.com.br\/economics\/wp-content\/uploads\/sites\/11\/2026\/08\/ja-folhaderosto-facebook.jpg","og:image:secure_url":"https:\/\/www.jornalja.com.br\/economics\/wp-content\/uploads\/sites\/11\/2026\/08\/ja-folhaderosto-facebook.jpg","article:published_time":"2017-08-03T20:57:08+00:00","article:modified_time":"2017-08-03T20:57:08+00:00","twitter:card":"summary","twitter:title":"Prefeitos ga\u00fachos recha\u00e7am extin\u00e7\u00e3o de zonas eleitorais pelo TSE | Arquivo","twitter:image":"https:\/\/www.jornalja.com.br\/economics\/wp-content\/uploads\/sites\/11\/2026\/08\/ja-folhaderosto-facebook.jpg"},"aioseo_meta_data":{"post_id":"52731","title":null,"description":null,"keywords":null,"keyphrases":null,"primary_term":null,"canonical_url":null,"og_title":null,"og_description":null,"og_object_type":"default","og_image_type":"default","og_image_url":null,"og_image_width":null,"og_image_height":null,"og_image_custom_url":null,"og_image_custom_fields":null,"og_video":null,"og_custom_url":null,"og_article_section":null,"og_article_tags":null,"twitter_use_og":false,"twitter_card":"default","twitter_image_type":"default","twitter_image_url":null,"twitter_image_custom_url":null,"twitter_image_custom_fields":null,"twitter_title":null,"twitter_description":null,"schema":{"blockGraphs":[],"customGraphs":[],"default":{"data":{"Article":[],"Course":[],"Dataset":[],"FAQPage":[],"Movie":[],"Person":[],"Product":[],"ProductReview":[],"Car":[],"Recipe":[],"Service":[],"SoftwareApplication":[],"WebPage":[]},"graphName":"","isEnabled":true},"graphs":[],"defaultGraph":"","defaultPostTypeGraph":""},"schema_type":null,"schema_type_options":null,"pillar_content":false,"robots_default":true,"robots_noindex":false,"robots_noarchive":false,"robots_nosnippet":false,"robots_nofollow":false,"robots_noimageindex":false,"robots_noodp":false,"robots_notranslate":false,"robots_max_snippet":null,"robots_max_videopreview":null,"robots_max_imagepreview":"large","priority":null,"frequency":null,"location":null,"local_seo":null,"breadcrumb_settings":null,"limit_modified_date":false,"ai":null,"created":"2020-12-20 20:28:19","updated":"2025-07-20 00:02:07","seo_analyzer_scan_date":null,"focus_keyword":null,"additional_keywords":null,"truseo_locale":null},"jetpack_sharing_enabled":true,"jetpack-related-posts":[{"id":13124,"url":"https:\/\/www.jornalja.com.br\/arquivo\/sangue-latino-no-iecine\/","url_meta":{"origin":52731,"position":0},"title":"Sangue latino no IECINE","author":"da Reda\u00e7\u00e3o","date":"18 de maio de 2014","format":false,"excerpt":"Francisco Ribeiro O Instituto Estadual de Cinema (IECINE) tem a frente, desde abril \u00faltimo, um novo diretor, o cineasta colombiano Juan Zapata, 36, que substitui Luiz Alberto Cassol. Radicado h\u00e1 dez anos em Porto Alegre, Zapata tem diante de si o desafio de conduzir at\u00e9 o final do ano um\u2026","rel":"","context":"Em &quot;Cultura-Geral&quot;","block_context":{"text":"Cultura-Geral","link":"https:\/\/www.jornalja.com.br\/arquivo\/category\/materiasecundaria\/"},"img":{"alt_text":"","src":"","width":0,"height":0},"classes":[]},{"id":13109,"url":"https:\/\/www.jornalja.com.br\/arquivo\/judiciario-reconhece-poluicao-eletromagnetica\/","url_meta":{"origin":52731,"position":1},"title":"Judici\u00e1rio reconhece polui\u00e7\u00e3o eletromagn\u00e9tica","author":"Patr\u00edcia Marini","date":"16 de maio de 2014","format":false,"excerpt":"A\u00e7\u00e3o de duas associa\u00e7\u00f5es de moradores foi acolhida pelo Tribunal de Justi\u00e7a de S\u00e3o Paulo que. em decis\u00e3o in\u00e9dita, determinou a redu\u00e7\u00e3o do campo eletromagn\u00e9tico gerado pelas linhas de transmiss\u00e3o de energia que cortam os bairros City Boa\u00e7ava e Alto de Pinheiros. \u00c9 a primeira vez que um tribunal do\u2026","rel":"","context":"Em &quot;X.Categorias velhas&quot;","block_context":{"text":"X.Categorias velhas","link":"https:\/\/www.jornalja.com.br\/arquivo\/category\/x-categorias-velhas\/"},"img":{"alt_text":"","src":"","width":0,"height":0},"classes":[]},{"id":14241,"url":"https:\/\/www.jornalja.com.br\/arquivo\/o-guaiba-nas-imagens-poeticas-de-achutti\/","url_meta":{"origin":52731,"position":2},"title":"O Gua\u00edba nas imagens po\u00e9ticas de Achutti","author":"da Reda\u00e7\u00e3o","date":"18 de junho de 2014","format":false,"excerpt":"Em \u201cO Gua\u00edba por Achutti\u201d \u2013 obra financiada via Minist\u00e9rio da Cultura, produ\u00e7\u00e3o executiva de Pedro Longhi, e Fl\u00e1vio Wild como designer \u2013, o fot\u00f3grafo revela a beleza e as mazelas de um espa\u00e7o aqu\u00e1tico de \u00e1guas sempre renovadas, cheio de hist\u00f3rias e lendas como as das cidades que foram\u2026","rel":"","context":"Em &quot;Cultura-Geral&quot;","block_context":{"text":"Cultura-Geral","link":"https:\/\/www.jornalja.com.br\/arquivo\/category\/materiasecundaria\/"},"img":{"alt_text":"","src":"","width":0,"height":0},"classes":[]},{"id":13101,"url":"https:\/\/www.jornalja.com.br\/arquivo\/morre-um-guerreiro-do-texto\/","url_meta":{"origin":52731,"position":3},"title":"Morre um guerreiro do texto","author":"Patr\u00edcia Marini","date":"14 de maio de 2014","format":false,"excerpt":"Por Ricardo Kotscho Reproduzido do blog do autor, 11\/5\/2014; t\u00edtulo original \u201cE l\u00e1 se foi o nosso Myltainho, guerreiro do texto\u201d. Mi\u00fado e franzino, meu amigo Myltainho era um valente e inconformado guerreiro na luta contra as injusti\u00e7as sociais, a hipocrisia, as maracutaias, o autoritarismo, a intoler\u00e2ncia, a viol\u00eancia, o\u2026","rel":"","context":"Em &quot;Geral&quot;","block_context":{"text":"Geral","link":"https:\/\/www.jornalja.com.br\/arquivo\/category\/geral\/"},"img":{"alt_text":"","src":"","width":0,"height":0},"classes":[]},{"id":5440,"url":"https:\/\/www.jornalja.com.br\/arquivo\/casarao-da-venancio-destino-permanece-incerto\/","url_meta":{"origin":52731,"position":4},"title":"Estado ainda n\u00e3o sabe o que fazer com casar\u00e3o abandonado h\u00e1 20 anos","author":"Elmar Bones","date":"6 de julho de 2009","format":false,"excerpt":"O casar\u00e3o amarelo, numa esquina nobre de Porto Alegre (Ven\u00e2ncio Aires com Jo\u00e3o Pessoa), j\u00e1 abrigou uma escola. H\u00e1 duas d\u00e9cadas, pelo menos, est\u00e1 abandonado, porque seu propriet\u00e1rio, o governo do Estado do Rio Grande do Sul, n\u00e3o consegue achar um destino para ele. Planos n\u00e3o faltaram. O governador Ol\u00edvio\u2026","rel":"","context":"Em &quot;X.Categorias velhas&quot;","block_context":{"text":"X.Categorias velhas","link":"https:\/\/www.jornalja.com.br\/arquivo\/category\/x-categorias-velhas\/"},"img":{"alt_text":"geraldo1","src":"https:\/\/i0.wp.com\/www.jornalja.com.br\/wp-content\/uploads\/2009\/07\/geraldo1.jpg?resize=350%2C200&ssl=1","width":350,"height":200},"classes":[]},{"id":13240,"url":"https:\/\/www.jornalja.com.br\/arquivo\/plano-diretor-estamos-construindo-o-caos\/","url_meta":{"origin":52731,"position":5},"title":"Plano diretor: &quot;Estamos construindo o caos&quot;","author":"Patr\u00edcia Marini","date":"26 de maio de 2014","format":false,"excerpt":"Desabafo que arquiteta Eliana Castilhos, delegada da Regi\u00e3o de Planejamento 1, postou nas redes sociais \u00e9 um testemunho do ambiente que se criou no Conselho do Plano Diretor de Porto Alegre, onde a aprova\u00e7\u00e3o de grandes empreendimentos \u00e9 empurrada guela abaixo dos conselheiros. Ao CMDUA Como delegada da Regi\u00e3o de\u2026","rel":"","context":"Em &quot;Geral&quot;","block_context":{"text":"Geral","link":"https:\/\/www.jornalja.com.br\/arquivo\/category\/geral\/"},"img":{"alt_text":"","src":"","width":0,"height":0},"classes":[]}],"jetpack_shortlink":"https:\/\/wp.me\/pbQjBd-dIv","jetpack_featured_media_url":"","_links":{"self":[{"href":"https:\/\/www.jornalja.com.br\/arquivo\/wp-json\/wp\/v2\/posts\/52731","targetHints":{"allow":["GET"]}}],"collection":[{"href":"https:\/\/www.jornalja.com.br\/arquivo\/wp-json\/wp\/v2\/posts"}],"about":[{"href":"https:\/\/www.jornalja.com.br\/arquivo\/wp-json\/wp\/v2\/types\/post"}],"author":[{"embeddable":true,"href":"https:\/\/www.jornalja.com.br\/arquivo\/wp-json\/wp\/v2\/users\/4"}],"replies":[{"embeddable":true,"href":"https:\/\/www.jornalja.com.br\/arquivo\/wp-json\/wp\/v2\/comments?post=52731"}],"version-history":[{"count":0,"href":"https:\/\/www.jornalja.com.br\/arquivo\/wp-json\/wp\/v2\/posts\/52731\/revisions"}],"wp:attachment":[{"href":"https:\/\/www.jornalja.com.br\/arquivo\/wp-json\/wp\/v2\/media?parent=52731"}],"wp:term":[{"taxonomy":"category","embeddable":true,"href":"https:\/\/www.jornalja.com.br\/arquivo\/wp-json\/wp\/v2\/categories?post=52731"},{"taxonomy":"post_tag","embeddable":true,"href":"https:\/\/www.jornalja.com.br\/arquivo\/wp-json\/wp\/v2\/tags?post=52731"}],"curies":[{"name":"wp","href":"https:\/\/api.w.org\/{rel}","templated":true}]}}