{"id":52784,"date":"2017-08-04T09:46:41","date_gmt":"2017-08-04T12:46:41","guid":{"rendered":"https:\/\/www.jornalja.com.br\/?p=52784"},"modified":"2017-08-04T09:46:41","modified_gmt":"2017-08-04T12:46:41","slug":"assembleia-entrega-trofeu-leonel-brizola","status":"publish","type":"post","link":"https:\/\/www.jornalja.com.br\/arquivo\/assembleia-entrega-trofeu-leonel-brizola\/","title":{"rendered":"Assembleia entrega trof\u00e9u Leonel Brizola"},"content":{"rendered":"<p>A Assembleia Legislativa do Rio Grande do Sul realiza, no dia\u00a07 de agosto,\u00a0\u00e0s 19 horas, no Memorial do Legislativo, a solenidade de entrega do Trof\u00e9u Educacional Leonel de Moura Brizola.<br \/>\nCriada pela Resolu\u00e7\u00e3o 3.035, de 8 de abril de 2009, a distin\u00e7\u00e3o premia as escolas da rede p\u00fablica estadual e municipal que obtiverem as melhores notas no \u00cdndice de Desenvolvimento da Educa\u00e7\u00e3o B\u00e1sica (IDEB 2015), divulgadas pelo Minist\u00e9rio de Educa\u00e7\u00e3o (MEC) em setembro do ano passado.<br \/>\nJ\u00e1 foram premiadas em edi\u00e7\u00e3o anterior as escolas melhores colocadas no IDEB de 2009, de 2011 e de 2013<br \/>\nS\u00e3o contempladas com o Trof\u00e9u Educacional Governador Leonel de Moura Brizola, a primeira, a segunda e a terceira colocadas, correspondentes aos anos iniciais e finais do ensino fundamental nas redes p\u00fablicas estadual e municipais.<br \/>\n<strong>Institui\u00e7\u00f5es premiadas<\/strong><br \/>\n<strong><u>ESTADUAL &#8211; S\u00c9RIE INICIAL<\/u><\/strong><br \/>\n<strong>1\u00ba LUGAR<\/strong>\u00a0\u00a0 &#8211; e<em>mpatadas com nota 7,8<\/em><\/p>\n<ul>\n<li>ESCOLA ESTADUAL DE ENSINO FUNDAMENTAL NOSSA SENHORA DA PAZ \u2013 Campinas do Sul<\/li>\n<li>ESCOLA ESTADUAL DE ENSINO FUNDAMENTAL ORESTES MANFRO \u2013 S\u00e3o Marcos<\/li>\n<li>INSTITUTO ESTADUAL DE EDUCA\u00c7\u00c3O PROFESSOR DIEHL \u2013 Quarai<\/li>\n<\/ul>\n<p><strong>2\u00ba LUGAR\u00a0<\/strong>\u2013\u00a0<em>com nota 7,7<\/em><\/p>\n<ul>\n<li>INSTITUTO ESTADUAL TIRADENTES \u2013 Nova Prata<\/li>\n<\/ul>\n<p><strong>3\u00b0 LUGAR<\/strong>\u00a0\u2013 e<em>mpatadas com nota 7,6<\/em><\/p>\n<ul>\n<li>ESCOLA ESTADUAL DE ENSINO M\u00c9DIO PROFESSOR ANTONIO BARELLA \u2013 Novo Machado<\/li>\n<li>ESCOLA ESTADUAL DE ENSINO FUNDAMENTAL AFONSO PENA \u2013 Frederico Westphalen<\/li>\n<\/ul>\n<p><strong><u>ESTADUAL \u2013 S\u00c9RIE FINAL<\/u><\/strong><br \/>\n<strong>1\u00ba LUGAR<\/strong>\u00a0\u2013 c<em>om nota 6,6<\/em><\/p>\n<ul>\n<li>ESCOLA ESTADUAL DE ENSINO FUNDAMENTAL ORESTES MANFRO \u2013 S\u00e3o Marcos<\/li>\n<\/ul>\n<p><strong>2\u00ba LUGAR \u2013 c<\/strong><em>om nota 6,2<\/em><\/p>\n<ul>\n<li>COL\u00c9GIO ESTADUAL VICENTE DE CARVALHO \u2013 Dois Lajeados<\/li>\n<\/ul>\n<p><strong>3\u00ba LUGAR\u00a0<\/strong><em>\u2013 Empatadas com nota 6,1<\/em><\/p>\n<ul>\n<li>COL\u00c9GIO ESTADUAL MONSENHOR PERES \u2013 Vista Alegre do Prata<\/li>\n<li>ESCOLA ESTADUAL DE ENSINO FUNDAMENTAL EDISON QUINTANA &#8211; Ibirub\u00e1<\/li>\n<li>ESCOLA EESTADUAL DE ENSINO FUNDAMENTAL PROFESSOR FIRMINO CARDOSO J\u00daNIOR \u2013 S\u00e3o Pedro do Sul<\/li>\n<li>ESCOLA ESTADUAL DE ENSINO FUNDAMENTAL RUI BARBOSA &#8211; Iju\u00ed<\/li>\n<\/ul>\n<p><strong><u>MUNICIPAL &#8211;\u00a0 S\u00c9RIE INICIAL<\/u><\/strong><br \/>\n<strong>1\u00ba LUGAR \u2013 c<\/strong><em>om nota 8,7<\/em><\/p>\n<ul>\n<li>ESCOLA MUNICIPAL DE ENSINO FUNDAMENTAL SANTA CRUZ &#8211; Farroupilha<\/li>\n<\/ul>\n<p><strong>2\u00b0 LUGAR \u2013\u00a0<\/strong><em>com nota 7,9<\/em><\/p>\n<ul>\n<li>ESCOLA MUNICIPAL DE ENSINO FUNDAMENTAL VINTE E CINCO DE JULHO \u2013 Picada Caf\u00e9<\/li>\n<\/ul>\n<p><strong>3\u00ba LUGAR\u00a0<\/strong><em>\u2013 com nota 7,8<\/em><\/p>\n<ul>\n<li>ESCOLA MUNICIPAL DE ENSINO FUNDAMENTAL MARQU\u00caS DO HERVAL \u2013 Campo Bom<\/li>\n<\/ul>\n<p><strong><u>MUNICIPAL &#8211;\u00a0 S\u00c9RIE FINAL.<\/u><\/strong><br \/>\n<strong>1\u00ba LUGAR \u2013\u00a0<\/strong><em>com nota 7,2<\/em><\/p>\n<ul>\n<li>ESCOLA MUNICIPAL DE ENSINO FUNDAMENTAL SANTA CRUZ &#8211; Farroupilha<\/li>\n<\/ul>\n<p><strong>2\u00ba LUGAR \u2013\u00a0<\/strong><em>com nota 6,5<\/em><\/p>\n<ul>\n<li>ESCOLA MUNICIPAL DE ENSINO FUNDAMENTAL \u00c1GUAS BRANCAS \u2013 Tr\u00eas Coroas<\/li>\n<\/ul>\n<p><strong>3\u00ba LUGAR\u00a0<\/strong><em>\u2013 empatadas com nota 6,4<\/em><\/p>\n<ul>\n<li>ESCOLA MUNICIPAL DE ENSINO FUNDAMENTAL LUCIA MOSSMANN \u2013 Campo Bom<\/li>\n<li>ESCOLA MUNICIPAL DE ENSINO FUNDAMENTAL RUI BARBOSA \u2013 Campo Bom<\/li>\n<\/ul>\n<p><strong><em>Leonel de Moura Brizola<\/em><\/strong><strong><em><br \/>\n<\/em><\/strong>Leonel de Moura Brizola nasceu em carazinho (RS) em 22 de janeiro de 1922, foi engenheiro civil, prefeito de Porto Alegre, deputado estadual e governador do Rio Grande do Sul,\u00a0deputado federal\u00a0pelo Rio Grande do Sul e pelo extinto estado da\u00a0Guanabara e duas vezes governador do Rio de Janeiro.<br \/>\nComo prefeito de Porto Alegre, eleito em 1955, marcou a sua gest\u00e3o pela constru\u00e7\u00e3o de escolas prim\u00e1rias e melhoria nos transportes coletivos da cidade.<br \/>\nEm outubro de 1958, foi eleito governador ga\u00facho, com mais de 55% dos votos. Empossado em janeiro de 1959, criou a Caixa Econ\u00f4mica Estadual e adquiriu o controle acion\u00e1rio do Banco do Rio Grande do Sul. Criou a A\u00e7os Finos Piratini e a Companhia Rio-grandense de Telecomunica\u00e7\u00f5es e pressionou o governo federal a instalar uma refinaria no Estado. Encampou a Companhia Telef\u00f4nica Rio-Grandense, uma subsidi\u00e1ria da ITT. No setor de educa\u00e7\u00e3o, construiu 5.902 escolas prim\u00e1rias, 278 escolas t\u00e9cnicas e 131 gin\u00e1sios e escolas normais.<br \/>\nDurante seus dois mandatos como governador do Rio de Janeiro (1983-1987 e 1991- 1994), Brizola p\u00f4s em pr\u00e1tica seu projeto de maior repercuss\u00e3o na educa\u00e7\u00e3o, os Centros Integrados de Educa\u00e7\u00e3o P\u00fablica (CIEPs), acompanhado pelo antrop\u00f3logo Darcy Ribeiro e pelo arquiteto Oscar Niemeyer. Os Cieps eram escolas de ensino integral, que contavam com salas de aula, refeit\u00f3rios, gin\u00e1sios poliesportivos, bibliotecas, alojamentos e assist\u00eancia m\u00e9dica e odontol\u00f3gica.<br \/>\n<strong>Servi\u00e7o<\/strong><\/p>\n<ul>\n<li>Entrega do Pr\u00eamio Educacional Leonel de Moura Brizola<\/li>\n<li>Memorial do Legislativo RS<\/li>\n<li>Rua Duque de Caxias, 1029, Centro &#8211;\u00a0 Porto Alegre<\/li>\n<li>Dia 7 de agosto<\/li>\n<li>19 horas<\/li>\n<li>Informa\u00e7\u00f5es: (51)3210 2934 ou\u00a0<a href=\"http:\/\/www.al.rs.gov.br\/premios\">www.al.rs.gov.br\/pr\u00eamios<\/a><\/li>\n<\/ul>\n<p>&nbsp;<\/p>\n","protected":false},"excerpt":{"rendered":"<p>A Assembleia Legislativa do Rio Grande do Sul realiza, no dia\u00a07 de agosto,\u00a0\u00e0s 19 horas, no Memorial do Legislativo, a solenidade de entrega do Trof\u00e9u Educacional Leonel de Moura Brizola. Criada pela Resolu\u00e7\u00e3o 3.035, de 8 de abril de 2009, a distin\u00e7\u00e3o premia as escolas da rede p\u00fablica estadual e municipal que obtiverem as melhores [&hellip;]<\/p>\n","protected":false},"author":4,"featured_media":0,"comment_status":"open","ping_status":"closed","sticky":false,"template":"","format":"standard","meta":{"_jetpack_newsletter_access":"","_jetpack_dont_email_post_to_subs":false,"_jetpack_newsletter_tier_id":0,"_jetpack_memberships_contains_paywalled_content":false,"_jetpack_feature_clip_id":0,"_jetpack_memberships_contains_paid_content":false,"footnotes":"","jetpack_post_was_ever_published":false},"categories":[2022],"tags":[],"class_list":["post-52784","post","type-post","status-publish","format-standard","hentry","category-notas"],"aioseo_notices":[],"aioseo_head":"\n\t\t<!-- All in One SEO 5.0.1.1 - aioseo.com -->\n\t<meta name=\"robots\" content=\"max-image-preview:large\" \/>\n\t<meta name=\"author\" content=\"da Reda\u00e7\u00e3o\"\/>\n\t<link rel=\"canonical\" href=\"https:\/\/www.jornalja.com.br\/arquivo\/assembleia-entrega-trofeu-leonel-brizola\/\" \/>\n\t<meta name=\"generator\" content=\"All in One SEO (AIOSEO) 5.0.1.1\" \/>\n\t\t<meta property=\"og:locale\" content=\"pt_BR\" \/>\n\t\t<meta property=\"og:site_name\" content=\"Arquivo | Jornal J\u00c1 | Porto Alegre\" \/>\n\t\t<meta property=\"og:type\" content=\"article\" \/>\n\t\t<meta property=\"og:title\" content=\"Assembleia entrega trof\u00e9u Leonel Brizola | Arquivo\" \/>\n\t\t<meta property=\"og:url\" content=\"https:\/\/www.jornalja.com.br\/arquivo\/assembleia-entrega-trofeu-leonel-brizola\/\" \/>\n\t\t<meta property=\"og:image\" content=\"https:\/\/www.jornalja.com.br\/economics\/wp-content\/uploads\/sites\/11\/2026\/08\/ja-folhaderosto-facebook.jpg\" \/>\n\t\t<meta property=\"og:image:secure_url\" content=\"https:\/\/www.jornalja.com.br\/economics\/wp-content\/uploads\/sites\/11\/2026\/08\/ja-folhaderosto-facebook.jpg\" \/>\n\t\t<meta property=\"article:published_time\" content=\"2017-08-04T12:46:41+00:00\" \/>\n\t\t<meta property=\"article:modified_time\" content=\"2017-08-04T12:46:41+00:00\" \/>\n\t\t<meta name=\"twitter:card\" content=\"summary\" \/>\n\t\t<meta name=\"twitter:title\" content=\"Assembleia entrega trof\u00e9u Leonel Brizola | Arquivo\" \/>\n\t\t<meta name=\"twitter:image\" content=\"https:\/\/www.jornalja.com.br\/economics\/wp-content\/uploads\/sites\/11\/2026\/08\/ja-folhaderosto-facebook.jpg\" \/>\n\t\t<script type=\"application\/ld+json\" class=\"aioseo-schema\">\n\t\t\t{\"@context\":\"https:\\\/\\\/schema.org\",\"@graph\":[{\"@type\":\"BlogPosting\",\"@id\":\"https:\\\/\\\/www.jornalja.com.br\\\/arquivo\\\/assembleia-entrega-trofeu-leonel-brizola\\\/#blogposting\",\"name\":\"Assembleia entrega trof\\u00e9u Leonel Brizola | Arquivo\",\"headline\":\"Assembleia entrega trof\\u00e9u Leonel Brizola\",\"author\":{\"@id\":\"https:\\\/\\\/www.jornalja.com.br\\\/arquivo\\\/author\\\/daredacao\\\/#author\"},\"publisher\":{\"@id\":\"https:\\\/\\\/www.jornalja.com.br\\\/arquivo\\\/#organization\"},\"image\":{\"@type\":\"ImageObject\",\"url\":\"https:\\\/\\\/www.jornalja.com.br\\\/wp-content\\\/uploads\\\/cards\\\/JAslogan.png\",\"@id\":\"https:\\\/\\\/www.jornalja.com.br\\\/arquivo\\\/#articleImage\"},\"datePublished\":\"2017-08-04T09:46:41-03:00\",\"dateModified\":\"2017-08-04T09:46:41-03:00\",\"inLanguage\":\"pt-BR\",\"mainEntityOfPage\":{\"@id\":\"https:\\\/\\\/www.jornalja.com.br\\\/arquivo\\\/assembleia-entrega-trofeu-leonel-brizola\\\/#webpage\"},\"isPartOf\":{\"@id\":\"https:\\\/\\\/www.jornalja.com.br\\\/arquivo\\\/assembleia-entrega-trofeu-leonel-brizola\\\/#webpage\"},\"articleSection\":\"NOTAS\"},{\"@type\":\"BreadcrumbList\",\"@id\":\"https:\\\/\\\/www.jornalja.com.br\\\/arquivo\\\/assembleia-entrega-trofeu-leonel-brizola\\\/#breadcrumblist\",\"itemListElement\":[{\"@type\":\"ListItem\",\"@id\":\"https:\\\/\\\/www.jornalja.com.br\\\/arquivo#listItem\",\"position\":1,\"name\":\"Home\",\"item\":\"https:\\\/\\\/www.jornalja.com.br\\\/arquivo\",\"nextItem\":{\"@type\":\"ListItem\",\"@id\":\"https:\\\/\\\/www.jornalja.com.br\\\/arquivo\\\/category\\\/notas\\\/#listItem\",\"name\":\"NOTAS\"}},{\"@type\":\"ListItem\",\"@id\":\"https:\\\/\\\/www.jornalja.com.br\\\/arquivo\\\/category\\\/notas\\\/#listItem\",\"position\":2,\"name\":\"NOTAS\",\"item\":\"https:\\\/\\\/www.jornalja.com.br\\\/arquivo\\\/category\\\/notas\\\/\",\"nextItem\":{\"@type\":\"ListItem\",\"@id\":\"https:\\\/\\\/www.jornalja.com.br\\\/arquivo\\\/assembleia-entrega-trofeu-leonel-brizola\\\/#listItem\",\"name\":\"Assembleia entrega trof\\u00e9u Leonel Brizola\"},\"previousItem\":{\"@type\":\"ListItem\",\"@id\":\"https:\\\/\\\/www.jornalja.com.br\\\/arquivo#listItem\",\"name\":\"Home\"}},{\"@type\":\"ListItem\",\"@id\":\"https:\\\/\\\/www.jornalja.com.br\\\/arquivo\\\/assembleia-entrega-trofeu-leonel-brizola\\\/#listItem\",\"position\":3,\"name\":\"Assembleia entrega trof\\u00e9u Leonel Brizola\",\"previousItem\":{\"@type\":\"ListItem\",\"@id\":\"https:\\\/\\\/www.jornalja.com.br\\\/arquivo\\\/category\\\/notas\\\/#listItem\",\"name\":\"NOTAS\"}}]},{\"@type\":\"Organization\",\"@id\":\"https:\\\/\\\/www.jornalja.com.br\\\/arquivo\\\/#organization\",\"name\":\"Jornal J\\u00c1\",\"description\":\"Jornal J\\u00c1 | Porto Alegre\",\"url\":\"https:\\\/\\\/www.jornalja.com.br\\\/arquivo\\\/\",\"telephone\":\"+555133307272\",\"logo\":{\"@type\":\"ImageObject\",\"url\":\"https:\\\/\\\/www.jornalja.com.br\\\/wp-content\\\/uploads\\\/cards\\\/JAslogan.png\",\"@id\":\"https:\\\/\\\/www.jornalja.com.br\\\/arquivo\\\/assembleia-entrega-trofeu-leonel-brizola\\\/#organizationLogo\"},\"image\":{\"@id\":\"https:\\\/\\\/www.jornalja.com.br\\\/arquivo\\\/assembleia-entrega-trofeu-leonel-brizola\\\/#organizationLogo\"}},{\"@type\":\"Person\",\"@id\":\"https:\\\/\\\/www.jornalja.com.br\\\/arquivo\\\/author\\\/daredacao\\\/#author\",\"url\":\"https:\\\/\\\/www.jornalja.com.br\\\/arquivo\\\/author\\\/daredacao\\\/\",\"name\":\"da Reda\\u00e7\\u00e3o\",\"image\":{\"@type\":\"ImageObject\",\"@id\":\"https:\\\/\\\/www.jornalja.com.br\\\/arquivo\\\/assembleia-entrega-trofeu-leonel-brizola\\\/#authorImage\",\"url\":\"https:\\\/\\\/secure.gravatar.com\\\/avatar\\\/469fd857d6605ad19919d27ed29d35a968a25f6e8fd9318356bbb7f57aae9c65?s=96&d=mm&r=g\",\"width\":96,\"height\":96,\"caption\":\"da Reda\\u00e7\\u00e3o\"}},{\"@type\":\"WebPage\",\"@id\":\"https:\\\/\\\/www.jornalja.com.br\\\/arquivo\\\/assembleia-entrega-trofeu-leonel-brizola\\\/#webpage\",\"url\":\"https:\\\/\\\/www.jornalja.com.br\\\/arquivo\\\/assembleia-entrega-trofeu-leonel-brizola\\\/\",\"name\":\"Assembleia entrega trof\\u00e9u Leonel Brizola | Arquivo\",\"inLanguage\":\"pt-BR\",\"isPartOf\":{\"@id\":\"https:\\\/\\\/www.jornalja.com.br\\\/arquivo\\\/#website\"},\"breadcrumb\":{\"@id\":\"https:\\\/\\\/www.jornalja.com.br\\\/arquivo\\\/assembleia-entrega-trofeu-leonel-brizola\\\/#breadcrumblist\"},\"author\":{\"@id\":\"https:\\\/\\\/www.jornalja.com.br\\\/arquivo\\\/author\\\/daredacao\\\/#author\"},\"creator\":{\"@id\":\"https:\\\/\\\/www.jornalja.com.br\\\/arquivo\\\/author\\\/daredacao\\\/#author\"},\"datePublished\":\"2017-08-04T09:46:41-03:00\",\"dateModified\":\"2017-08-04T09:46:41-03:00\"},{\"@type\":\"WebSite\",\"@id\":\"https:\\\/\\\/www.jornalja.com.br\\\/arquivo\\\/#website\",\"url\":\"https:\\\/\\\/www.jornalja.com.br\\\/arquivo\\\/\",\"name\":\"Arquivo\",\"description\":\"Jornal J\\u00c1 | Porto Alegre\",\"inLanguage\":\"pt-BR\",\"publisher\":{\"@id\":\"https:\\\/\\\/www.jornalja.com.br\\\/arquivo\\\/#organization\"}}]}\n\t\t<\/script>\n\t\t<!-- All in One SEO -->\n\n","aioseo_head_json":{"title":"Assembleia entrega trof\u00e9u Leonel Brizola | Arquivo","description":"","canonical_url":"https:\/\/www.jornalja.com.br\/arquivo\/assembleia-entrega-trofeu-leonel-brizola\/","robots":"max-image-preview:large","keywords":"","webmasterTools":{"miscellaneous":""},"schema":{"@context":"https:\/\/schema.org","@graph":[{"@type":"BlogPosting","@id":"https:\/\/www.jornalja.com.br\/arquivo\/assembleia-entrega-trofeu-leonel-brizola\/#blogposting","name":"Assembleia entrega trof\u00e9u Leonel Brizola | Arquivo","headline":"Assembleia entrega trof\u00e9u Leonel Brizola","author":{"@id":"https:\/\/www.jornalja.com.br\/arquivo\/author\/daredacao\/#author"},"publisher":{"@id":"https:\/\/www.jornalja.com.br\/arquivo\/#organization"},"image":{"@type":"ImageObject","url":"https:\/\/www.jornalja.com.br\/wp-content\/uploads\/cards\/JAslogan.png","@id":"https:\/\/www.jornalja.com.br\/arquivo\/#articleImage"},"datePublished":"2017-08-04T09:46:41-03:00","dateModified":"2017-08-04T09:46:41-03:00","inLanguage":"pt-BR","mainEntityOfPage":{"@id":"https:\/\/www.jornalja.com.br\/arquivo\/assembleia-entrega-trofeu-leonel-brizola\/#webpage"},"isPartOf":{"@id":"https:\/\/www.jornalja.com.br\/arquivo\/assembleia-entrega-trofeu-leonel-brizola\/#webpage"},"articleSection":"NOTAS"},{"@type":"BreadcrumbList","@id":"https:\/\/www.jornalja.com.br\/arquivo\/assembleia-entrega-trofeu-leonel-brizola\/#breadcrumblist","itemListElement":[{"@type":"ListItem","@id":"https:\/\/www.jornalja.com.br\/arquivo#listItem","position":1,"name":"Home","item":"https:\/\/www.jornalja.com.br\/arquivo","nextItem":{"@type":"ListItem","@id":"https:\/\/www.jornalja.com.br\/arquivo\/category\/notas\/#listItem","name":"NOTAS"}},{"@type":"ListItem","@id":"https:\/\/www.jornalja.com.br\/arquivo\/category\/notas\/#listItem","position":2,"name":"NOTAS","item":"https:\/\/www.jornalja.com.br\/arquivo\/category\/notas\/","nextItem":{"@type":"ListItem","@id":"https:\/\/www.jornalja.com.br\/arquivo\/assembleia-entrega-trofeu-leonel-brizola\/#listItem","name":"Assembleia entrega trof\u00e9u Leonel Brizola"},"previousItem":{"@type":"ListItem","@id":"https:\/\/www.jornalja.com.br\/arquivo#listItem","name":"Home"}},{"@type":"ListItem","@id":"https:\/\/www.jornalja.com.br\/arquivo\/assembleia-entrega-trofeu-leonel-brizola\/#listItem","position":3,"name":"Assembleia entrega trof\u00e9u Leonel Brizola","previousItem":{"@type":"ListItem","@id":"https:\/\/www.jornalja.com.br\/arquivo\/category\/notas\/#listItem","name":"NOTAS"}}]},{"@type":"Organization","@id":"https:\/\/www.jornalja.com.br\/arquivo\/#organization","name":"Jornal J\u00c1","description":"Jornal J\u00c1 | Porto Alegre","url":"https:\/\/www.jornalja.com.br\/arquivo\/","telephone":"+555133307272","logo":{"@type":"ImageObject","url":"https:\/\/www.jornalja.com.br\/wp-content\/uploads\/cards\/JAslogan.png","@id":"https:\/\/www.jornalja.com.br\/arquivo\/assembleia-entrega-trofeu-leonel-brizola\/#organizationLogo"},"image":{"@id":"https:\/\/www.jornalja.com.br\/arquivo\/assembleia-entrega-trofeu-leonel-brizola\/#organizationLogo"}},{"@type":"Person","@id":"https:\/\/www.jornalja.com.br\/arquivo\/author\/daredacao\/#author","url":"https:\/\/www.jornalja.com.br\/arquivo\/author\/daredacao\/","name":"da Reda\u00e7\u00e3o","image":{"@type":"ImageObject","@id":"https:\/\/www.jornalja.com.br\/arquivo\/assembleia-entrega-trofeu-leonel-brizola\/#authorImage","url":"https:\/\/secure.gravatar.com\/avatar\/469fd857d6605ad19919d27ed29d35a968a25f6e8fd9318356bbb7f57aae9c65?s=96&d=mm&r=g","width":96,"height":96,"caption":"da Reda\u00e7\u00e3o"}},{"@type":"WebPage","@id":"https:\/\/www.jornalja.com.br\/arquivo\/assembleia-entrega-trofeu-leonel-brizola\/#webpage","url":"https:\/\/www.jornalja.com.br\/arquivo\/assembleia-entrega-trofeu-leonel-brizola\/","name":"Assembleia entrega trof\u00e9u Leonel Brizola | Arquivo","inLanguage":"pt-BR","isPartOf":{"@id":"https:\/\/www.jornalja.com.br\/arquivo\/#website"},"breadcrumb":{"@id":"https:\/\/www.jornalja.com.br\/arquivo\/assembleia-entrega-trofeu-leonel-brizola\/#breadcrumblist"},"author":{"@id":"https:\/\/www.jornalja.com.br\/arquivo\/author\/daredacao\/#author"},"creator":{"@id":"https:\/\/www.jornalja.com.br\/arquivo\/author\/daredacao\/#author"},"datePublished":"2017-08-04T09:46:41-03:00","dateModified":"2017-08-04T09:46:41-03:00"},{"@type":"WebSite","@id":"https:\/\/www.jornalja.com.br\/arquivo\/#website","url":"https:\/\/www.jornalja.com.br\/arquivo\/","name":"Arquivo","description":"Jornal J\u00c1 | Porto Alegre","inLanguage":"pt-BR","publisher":{"@id":"https:\/\/www.jornalja.com.br\/arquivo\/#organization"}}]},"og:locale":"pt_BR","og:site_name":"Arquivo | Jornal J\u00c1 | Porto Alegre","og:type":"article","og:title":"Assembleia entrega trof\u00e9u Leonel Brizola | Arquivo","og:url":"https:\/\/www.jornalja.com.br\/arquivo\/assembleia-entrega-trofeu-leonel-brizola\/","og:image":"https:\/\/www.jornalja.com.br\/economics\/wp-content\/uploads\/sites\/11\/2026\/08\/ja-folhaderosto-facebook.jpg","og:image:secure_url":"https:\/\/www.jornalja.com.br\/economics\/wp-content\/uploads\/sites\/11\/2026\/08\/ja-folhaderosto-facebook.jpg","article:published_time":"2017-08-04T12:46:41+00:00","article:modified_time":"2017-08-04T12:46:41+00:00","twitter:card":"summary","twitter:title":"Assembleia entrega trof\u00e9u Leonel Brizola | Arquivo","twitter:image":"https:\/\/www.jornalja.com.br\/economics\/wp-content\/uploads\/sites\/11\/2026\/08\/ja-folhaderosto-facebook.jpg"},"aioseo_meta_data":{"post_id":"52784","title":null,"description":null,"keywords":null,"keyphrases":null,"primary_term":null,"canonical_url":null,"og_title":null,"og_description":null,"og_object_type":"default","og_image_type":"default","og_image_url":null,"og_image_width":null,"og_image_height":null,"og_image_custom_url":null,"og_image_custom_fields":null,"og_video":null,"og_custom_url":null,"og_article_section":null,"og_article_tags":null,"twitter_use_og":false,"twitter_card":"default","twitter_image_type":"default","twitter_image_url":null,"twitter_image_custom_url":null,"twitter_image_custom_fields":null,"twitter_title":null,"twitter_description":null,"schema":{"blockGraphs":[],"customGraphs":[],"default":{"data":{"Article":[],"Course":[],"Dataset":[],"FAQPage":[],"Movie":[],"Person":[],"Product":[],"ProductReview":[],"Car":[],"Recipe":[],"Service":[],"SoftwareApplication":[],"WebPage":[]},"graphName":"","isEnabled":true},"graphs":[],"defaultGraph":"","defaultPostTypeGraph":""},"schema_type":null,"schema_type_options":null,"pillar_content":false,"robots_default":true,"robots_noindex":false,"robots_noarchive":false,"robots_nosnippet":false,"robots_nofollow":false,"robots_noimageindex":false,"robots_noodp":false,"robots_notranslate":false,"robots_max_snippet":null,"robots_max_videopreview":null,"robots_max_imagepreview":"large","priority":null,"frequency":null,"location":null,"local_seo":null,"breadcrumb_settings":null,"limit_modified_date":false,"ai":null,"created":"2020-12-20 20:28:19","updated":"2025-07-20 00:03:47","seo_analyzer_scan_date":null,"focus_keyword":null,"additional_keywords":null,"truseo_locale":null},"jetpack_sharing_enabled":true,"jetpack-related-posts":[{"id":1280,"url":"https:\/\/www.jornalja.com.br\/arquivo\/o-menino-que-se-tornou-brizola\/","url_meta":{"origin":52784,"position":0},"title":"O Menino que se Tornou Brizola","author":"da Reda\u00e7\u00e3o","date":"28 de julho de 2008","format":false,"excerpt":"Autor: Cleber Dioni A vida de Leonel Brizola, com \u00eanfase para os primeiros anos em Porto Alegre, at\u00e9 o ex\u00edlio no Uruguai e a volta, quinze anos depois. \u00a0\"...\u00c9ramos todos jovens e nos identific\u00e1vamos com aquela massa an\u00f4nima a percorrer as ruas de Porto Alegre, gritando 'Get\u00falio', 'Get\u00falio' e empunhando\u2026","rel":"","context":"Em &quot;Livros&quot;","block_context":{"text":"Livros","link":"https:\/\/www.jornalja.com.br\/arquivo\/category\/livros\/"},"img":{"alt_text":"","src":"https:\/\/i0.wp.com\/www.jornalja.com.br\/wp-content\/uploads\/2008\/07\/brizola.gif?resize=350%2C200&ssl=1","width":350,"height":200},"classes":[]},{"id":13128,"url":"https:\/\/www.jornalja.com.br\/arquivo\/maconha-terra-diz-que-uso-medicinal-e-desculpa\/","url_meta":{"origin":52784,"position":1},"title":"Maconha: Terra diz que uso medicinal \u00e9 desculpa","author":"Patr\u00edcia Marini","date":"4 de junho de 2014","format":false,"excerpt":"A condi\u00e7\u00e3o de pol\u00edtico, em \u00e9poca de campanha de campanha eleitoral, tira for\u00e7a do discurso do m\u00e9dico Osmar Terra contra a legaliza\u00e7\u00e3o da maconha. A tese dele de que a libera\u00e7\u00e3o vai ampliar exponencialmente o consumo \u00e9 discutivel, o consumo \u00e9 corrente. Mas seus alertas quanto aos riscos tem que\u2026","rel":"","context":"Em &quot;X.Categorias velhas&quot;","block_context":{"text":"X.Categorias velhas","link":"https:\/\/www.jornalja.com.br\/arquivo\/category\/x-categorias-velhas\/"},"img":{"alt_text":"","src":"","width":0,"height":0},"classes":[]},{"id":13109,"url":"https:\/\/www.jornalja.com.br\/arquivo\/judiciario-reconhece-poluicao-eletromagnetica\/","url_meta":{"origin":52784,"position":2},"title":"Judici\u00e1rio reconhece polui\u00e7\u00e3o eletromagn\u00e9tica","author":"Patr\u00edcia Marini","date":"16 de maio de 2014","format":false,"excerpt":"A\u00e7\u00e3o de duas associa\u00e7\u00f5es de moradores foi acolhida pelo Tribunal de Justi\u00e7a de S\u00e3o Paulo que. em decis\u00e3o in\u00e9dita, determinou a redu\u00e7\u00e3o do campo eletromagn\u00e9tico gerado pelas linhas de transmiss\u00e3o de energia que cortam os bairros City Boa\u00e7ava e Alto de Pinheiros. \u00c9 a primeira vez que um tribunal do\u2026","rel":"","context":"Em &quot;X.Categorias velhas&quot;","block_context":{"text":"X.Categorias velhas","link":"https:\/\/www.jornalja.com.br\/arquivo\/category\/x-categorias-velhas\/"},"img":{"alt_text":"","src":"","width":0,"height":0},"classes":[]},{"id":13101,"url":"https:\/\/www.jornalja.com.br\/arquivo\/morre-um-guerreiro-do-texto\/","url_meta":{"origin":52784,"position":3},"title":"Morre um guerreiro do texto","author":"Patr\u00edcia Marini","date":"14 de maio de 2014","format":false,"excerpt":"Por Ricardo Kotscho Reproduzido do blog do autor, 11\/5\/2014; t\u00edtulo original \u201cE l\u00e1 se foi o nosso Myltainho, guerreiro do texto\u201d. Mi\u00fado e franzino, meu amigo Myltainho era um valente e inconformado guerreiro na luta contra as injusti\u00e7as sociais, a hipocrisia, as maracutaias, o autoritarismo, a intoler\u00e2ncia, a viol\u00eancia, o\u2026","rel":"","context":"Em &quot;Geral&quot;","block_context":{"text":"Geral","link":"https:\/\/www.jornalja.com.br\/arquivo\/category\/geral\/"},"img":{"alt_text":"","src":"","width":0,"height":0},"classes":[]},{"id":13124,"url":"https:\/\/www.jornalja.com.br\/arquivo\/sangue-latino-no-iecine\/","url_meta":{"origin":52784,"position":4},"title":"Sangue latino no IECINE","author":"da Reda\u00e7\u00e3o","date":"18 de maio de 2014","format":false,"excerpt":"Francisco Ribeiro O Instituto Estadual de Cinema (IECINE) tem a frente, desde abril \u00faltimo, um novo diretor, o cineasta colombiano Juan Zapata, 36, que substitui Luiz Alberto Cassol. Radicado h\u00e1 dez anos em Porto Alegre, Zapata tem diante de si o desafio de conduzir at\u00e9 o final do ano um\u2026","rel":"","context":"Em &quot;Cultura-Geral&quot;","block_context":{"text":"Cultura-Geral","link":"https:\/\/www.jornalja.com.br\/arquivo\/category\/materiasecundaria\/"},"img":{"alt_text":"","src":"","width":0,"height":0},"classes":[]},{"id":12960,"url":"https:\/\/www.jornalja.com.br\/arquivo\/populacao-culpa-empresas-pela-greve-dos-rodoviarios\/","url_meta":{"origin":52784,"position":5},"title":"Popula\u00e7\u00e3o culpa empresas pela greve","author":"Patr\u00edcia Marini","date":"14 de fevereiro de 2014","format":false,"excerpt":"Pesquisa divulgada na edi\u00e7\u00e3o do jornal Metro desta sexta-feira,14, comprova o velho ditado: \u00e9 poss\u00edvel enganar muitos por algum tempo, mas n\u00e3o \u00e9 poss\u00edvel enganar a todos o tempo inteiro. A principal revela\u00e7\u00e3o foi que 59,8% dos entrevistados apontaram as empresas como as principais respons\u00e1veis pela grave e 46% culparam\u2026","rel":"","context":"Em &quot;X.Categorias velhas&quot;","block_context":{"text":"X.Categorias velhas","link":"https:\/\/www.jornalja.com.br\/arquivo\/category\/x-categorias-velhas\/"},"img":{"alt_text":"","src":"","width":0,"height":0},"classes":[]}],"jetpack_shortlink":"https:\/\/wp.me\/pbQjBd-dJm","jetpack_featured_media_url":"","_links":{"self":[{"href":"https:\/\/www.jornalja.com.br\/arquivo\/wp-json\/wp\/v2\/posts\/52784","targetHints":{"allow":["GET"]}}],"collection":[{"href":"https:\/\/www.jornalja.com.br\/arquivo\/wp-json\/wp\/v2\/posts"}],"about":[{"href":"https:\/\/www.jornalja.com.br\/arquivo\/wp-json\/wp\/v2\/types\/post"}],"author":[{"embeddable":true,"href":"https:\/\/www.jornalja.com.br\/arquivo\/wp-json\/wp\/v2\/users\/4"}],"replies":[{"embeddable":true,"href":"https:\/\/www.jornalja.com.br\/arquivo\/wp-json\/wp\/v2\/comments?post=52784"}],"version-history":[{"count":0,"href":"https:\/\/www.jornalja.com.br\/arquivo\/wp-json\/wp\/v2\/posts\/52784\/revisions"}],"wp:attachment":[{"href":"https:\/\/www.jornalja.com.br\/arquivo\/wp-json\/wp\/v2\/media?parent=52784"}],"wp:term":[{"taxonomy":"category","embeddable":true,"href":"https:\/\/www.jornalja.com.br\/arquivo\/wp-json\/wp\/v2\/categories?post=52784"},{"taxonomy":"post_tag","embeddable":true,"href":"https:\/\/www.jornalja.com.br\/arquivo\/wp-json\/wp\/v2\/tags?post=52784"}],"curies":[{"name":"wp","href":"https:\/\/api.w.org\/{rel}","templated":true}]}}