{"id":52788,"date":"2017-08-04T14:37:12","date_gmt":"2017-08-04T17:37:12","guid":{"rendered":"https:\/\/www.jornalja.com.br\/?p=52788"},"modified":"2017-08-04T14:37:12","modified_gmt":"2017-08-04T17:37:12","slug":"presidente-da-eptc-vamos-cortar-isencoes-e-exigir-melhorias-das-empresas","status":"publish","type":"post","link":"https:\/\/www.jornalja.com.br\/arquivo\/presidente-da-eptc-vamos-cortar-isencoes-e-exigir-melhorias-das-empresas\/","title":{"rendered":"Presidente da EPTC: &quot;Vamos reduzir isen\u00e7\u00f5es e exigir melhorias das empresas&quot;"},"content":{"rendered":"<p>J\u00e1 est\u00e3o na C\u00e2mara de Vereadores os seis projetos do Executivo que mudam as regras no transporte p\u00fablico de Porto Alegre, com redu\u00e7\u00e3o das isen\u00e7\u00f5es, fim da obrigatoriedade do cobrador e aumento do prazo para renova\u00e7\u00e3o dos \u00f4nibus.<br \/>\nNesta entrevista ao J\u00c1, o diretor-presidente da empresa, Marcelo Soletti, explica as medidas, endossando o discurso do prefeito Nelson Marchezan J\u00fanior de que &#8220;o sistema de transporte coletivo da capital ga\u00facha est\u00e1 falido&#8221;.<br \/>\n<strong>Falido, esse \u00e9 o adjetivo certo para o sistema de transporte de Porto Alegre?<\/strong><br \/>\nRealmente o sistema est\u00e1 muito mal. Este ano tivemos devolu\u00e7\u00e3o de quatro t\u00e1xis, uma linha de lota\u00e7\u00f5es que vai deixar de operar e \u00a0tem linhas da Zona Norte para serem entregues tamb\u00e9m, que n\u00e3o conseguem operar porque tem queda grande de passageiros, pela crise econ\u00f4mica, quest\u00f5es de seguran\u00e7a&#8230; uma s\u00e9rie de fatores.<br \/>\nA cidade est\u00e1 fora da curva na quest\u00e3o das isen\u00e7\u00f5es. A m\u00e9dia brasileira \u00e9 21%, n\u00f3s estamos em quase 36%. O pagante diminui, o n\u00e3o- pagante aumenta e o resultado final \u00e9 o pre\u00e7o da tarifa. Ent\u00e3o a gente precisa achar mecanismos para mudar este cen\u00e1rio.<br \/>\n<strong>Com estas medidas de reduzir isen\u00e7\u00f5es e gratuidade, n\u00e3o h\u00e1 o risco de cair ainda mais o n\u00famero de passageiros?<\/strong><br \/>\nA grande maioria das pessoas n\u00e3o ter\u00e3o preju\u00edzo. O estudante que usa segunda passagem n\u00e3o vai ter preju\u00edzo. A segunda passagem vai pesar para 7% dos usu\u00e1rios que tem vale transporte (pesa para as empresas) e aqueles 4% que \u00e9 aut\u00f4nomo, que paga separado. Vamos trabalhar para n\u00e3o perder o passageiro da segunda passagem.<br \/>\n<strong>\u00a0A EPTC tem uma avalia\u00e7\u00e3o de pra onde vai o usu\u00e1rio? Que medidas a EPTC estuda para traz\u00ea-lo de volta?<\/strong><br \/>\nS\u00f3 para ter um exemplo, se Porto Alegre voltasse ao patamar nacional de 21%, ter\u00edamos 15% de desconto, a tarifa seria R$ 3,55. \u00c9 um valor razo\u00e1vel para um servi\u00e7o de transporte coletivo e foge um pouco da competi\u00e7\u00e3o com aplicativos.<br \/>\n<strong>Mas n\u00e3o h\u00e1 garantia de que a retirada de isen\u00e7\u00f5es reflita em redu\u00e7\u00e3o para o pr\u00f3ximo ano?<\/strong><br \/>\nN\u00e3o tem como garantir redu\u00e7\u00e3o, o que pode garantir \u00e9 que tirando, o impacto ser\u00e1 menor. O idoso, por exemplo, continua com o benef\u00edcio, n\u00e3o entram mais benefici\u00e1rios. Ah, \u00e9 tr\u00eas centavos por ano, faz diferen\u00e7a? Ao longo de 5 anos s\u00e3o 15 centavos, a vida \u00fatil s\u00e3o 25 centavos, cobrador s\u00e3o 75 centavos. Vai fazendo o somat\u00f3rio ao longo do tempo, daqui a pouco n\u00f3s temos um valor razo\u00e1vel de redu\u00e7\u00e3o.<br \/>\nQu\u00ea mais temos que fazer? Tem uma for\u00e7a-tarefa que reduziu em 42% os assaltos a \u00f4nibus nos primeiros seis meses de 2017. \u00c9 uma melhoria, est\u00e1 voltando a ter alguma seguran\u00e7a. \u00c9 um trabalho na seguran\u00e7a, na melhoria dos terminais, paradas de \u00f4nibus, \u00e9 um conjunto de fatores. A quest\u00e3o do reconhecimento facial. Hoje a gente tem de 8 a 18% de fraude, de 12 a 24 centavos. Vamos implantar o reconhecimento facial e acabar com a fraude.<br \/>\nA quest\u00e3o do GPS, tu poder saber se teu \u00f4nibus vai passar em dez minutos ou em uma hora, chegar na parada e saber que ele vai passar, \u00e9 um ganho enorme.<br \/>\nO projeto que isenta os idosos a partir dos 60 anos, \u00e9 uma lei de 1985, quando a expectativa de vida m\u00e9dia era 62 anos. A expectativa era que as pessoas usassem na m\u00e9dia dois anos o benef\u00edcio. Hoje, as pessoas vivem at\u00e9 os 74, ent\u00e3o as pessoas usam este benef\u00edcio por cinco anos e mais nove a partir dos 65.<br \/>\nE tem estudante que a fam\u00edlia tem renda de 10, 15 mil, ser\u00e1 que n\u00e3o tem como contribuir?<br \/>\nO primeiro desequil\u00edbrio do sistema come\u00e7ou com a segunda passagem. N\u00e3o \u00e9 a respons\u00e1vel pela situa\u00e7\u00e3o da Carris. Mas at\u00e9 2010 ela nunca deu preju\u00edzo. Em 2011 quando entrou j\u00e1 deu R$ 6 (milh\u00f5es).<br \/>\n<strong>Foi mesmo a gratuidade da segunda passagem que pesou mais forte nos preju\u00edzos da Carris?<\/strong><br \/>\nSim, sim. At\u00e9 porque ela \u00a0\u00e9 a que mais transporta. Infelizmente naquela \u00e9poca a segunda passagem n\u00e3o foi suportada pelo sistema. A primeira coisa que tem que preocupar \u00e9 uma tarifa justa. Tem que ter tarifa barata para trazer gente. Depois, tu tem que agregar qualidade. Se tu puder ainda dar integra\u00e7\u00e3o, a\u00ed \u00e9 o sistema perfeito.<br \/>\nSe tu aumentar o passageiro pagante, todo mundo vai pagar menos e talvez fique atrativo para quem largou o \u00f4nibus. Agora, se continuar aumentando isento, daqui a pouco vamos ter 50% de isen\u00e7\u00e3o&#8230; Vou dar um exemplo, se no ano anterior tivesse menos passe livre &#8211; tiveram oito, vacina\u00e7\u00e3o duas, elei\u00e7\u00e3o duas, Navegantes&#8230; Se tivesse tr\u00eas a menos, j\u00e1 baixava a passagem a R$ 4. \u00c9 psicol\u00f3gico tamb\u00e9m, tu reduz cinco centavos, faz diferen\u00e7a.<br \/>\n<strong>Mas o passe livre cumpre uma fun\u00e7\u00e3o social, de a pessoa que mora longe poder sair da sua casa e vacinar o filho, por exemplo.<\/strong><br \/>\nMas a gente manteve o da vacina\u00e7\u00e3o.<br \/>\n<strong>Ent\u00e3o tu defende que se corte passe livre para baixar a passagem?<\/strong><br \/>\nCom certeza. Hoje, por exemplo, a pessoa paga caro a semana inteira e no domingo tu vai dar passe livre, o cara acaba nem usando, ele faz outros programas. Elei\u00e7\u00f5es, por exemplo, hoje todo mundo vota perto de casa, ningu\u00e9m mais vota do outro lado da cidade. Da\u00ed tu d\u00e1 passe livre para todo mundo.<br \/>\nOu se enfrenta todas estas quest\u00f5es ou realmente o cen\u00e1rio para 2018 e 2019 \u00e9 ca\u00f3tico. O sistema, do jeito que est\u00e1, est\u00e1 falido.<br \/>\nO cen\u00e1rio \u00e9 preocupante, porque o transporte coletivo \u00e9 vital para a cidade. Vamos deixar que nem S\u00e3o Paulo, que p\u00f5e R$ 3 bilh\u00f5es de subs\u00eddio? Quem paga \u00e9 o cidad\u00e3o.<br \/>\n<strong>No contrato prev\u00ea rendas extras para as empresas, como o recurso do passe antecipado e a publicidade nos \u00f4nibus. Tem uma avalia\u00e7\u00e3o de quanto isso tem impactado?<\/strong><br \/>\nNos primeiros meses do governo o prefeito disse: \u201cQuero total controle da bilhetagem, quero saber quanto voc\u00eas ganham, quanto gastam, para abrir a informa\u00e7\u00e3o que n\u00e3o se tinha.<br \/>\n<strong>A prefeitura tem a informa\u00e7\u00e3o de quanto as empresas ganham com publicidade?<\/strong><br \/>\nIsto a gente est\u00e1 regrando atrav\u00e9s de um projeto de lei, para regrar toda publicidade. Hoje parte vai pro plano de sa\u00fade, parte para a Prefeitura. E mais, a quest\u00e3o da bilhetagem, hoje a gente tem acesso a todas as contas, ent\u00e3o a gente acessa o volume de vale transporte, passe antecipado e estudantil e qual o custo para se manter a bilhetagem, quanto custa para manter o sistema.<br \/>\nEnt\u00e3o, ao final de 12 meses a gente vai saber quanto \u00e9 a varia\u00e7\u00e3o entre o que foi vendido e o que foi pago e quanto pode reverter para a tarifa. Se houver sobra, ela tem que retornar para a tarifa.<br \/>\n<strong>Tem a quest\u00e3o das receitas antecipadas e de passagens que s\u00e3o pagas e n\u00e3o s\u00e3o usadas. Voc\u00eas tem ideia de qual \u00e9 este montante?<\/strong><br \/>\nA gente j\u00e1 tem estas informa\u00e7\u00f5es e agente est\u00e1 setorizando. Vamos poder ter essa conta ao final de 12 meses e a gente vai lan\u00e7ar essa diferen\u00e7a na pr\u00f3xima tarifa.<br \/>\n<strong>Diante do cen\u00e1rio que voc\u00eas apresentam, n\u00e3o faltam medidas que chamem as empresas a contribuir para sanar o sistema?<\/strong><br \/>\nOlha, esse ano a gente aplicou 5.600 multas.<br \/>\n<strong>Estas multas s\u00e3o pagas?<\/strong><br \/>\nElas s\u00e3o pagas, s\u00f3 que n\u00e3o adianta eu fazer 5.600 multas e o servi\u00e7o continua ruim. Ent\u00e3o a gente j\u00e1 convocou as empresas para virem aqui porque ela precisam melhorar o servi\u00e7o, entregar um \u00f4nibus limpo, cumprir o hor\u00e1rio, treinar tripula\u00e7\u00e3o para ser bem educada. J\u00e1 tive reuni\u00e3o com uma das empresas, apresentando o relat\u00f3rio de reclama\u00e7\u00f5es e a gente vai exigir este retorno. Vai haver sim este compromisso, vamos determinar uma s\u00e9rie de medidas \u00e0s empresas e esperamos que at\u00e9 o fim de 2017 consigamos atrair mais gente. Eles v\u00e3o ter que melhorar o servi\u00e7o.<br \/>\n<strong>Quando isso vai acontecer?<\/strong><br \/>\nN\u00e3o tenho prazo para te dar agora, mas o quanto antes vamos fazer esta rodada com eles e apresentar uma s\u00e9rie de exig\u00eancias. A Prefeitura dentro do seu papel de equacionar a quest\u00e3o do transporte. \u00c9 um enfrentamento forte, desgastante, ningu\u00e9m gosta de fazer, mas estamos fazendo.<\/p>\n","protected":false},"excerpt":{"rendered":"<p>J\u00e1 est\u00e3o na C\u00e2mara de Vereadores os seis projetos do Executivo que mudam as regras no transporte p\u00fablico de Porto Alegre, com redu\u00e7\u00e3o das isen\u00e7\u00f5es, fim da obrigatoriedade do cobrador e aumento do prazo para renova\u00e7\u00e3o dos \u00f4nibus. Nesta entrevista ao J\u00c1, o diretor-presidente da empresa, Marcelo Soletti, explica as medidas, endossando o discurso do [&hellip;]<\/p>\n","protected":false},"author":4,"featured_media":52799,"comment_status":"open","ping_status":"closed","sticky":false,"template":"","format":"standard","meta":{"_jetpack_newsletter_access":"","_jetpack_dont_email_post_to_subs":false,"_jetpack_newsletter_tier_id":0,"_jetpack_memberships_contains_paywalled_content":false,"_jetpack_feature_clip_id":0,"_jetpack_memberships_contains_paid_content":false,"footnotes":"","jetpack_post_was_ever_published":false},"categories":[26],"tags":[],"class_list":["post-52788","post","type-post","status-publish","format-standard","has-post-thumbnail","hentry","category-geral"],"aioseo_notices":[],"aioseo_head":"\n\t\t<!-- All in One SEO 5.0.1.1 - aioseo.com -->\n\t<meta name=\"robots\" content=\"max-image-preview:large\" \/>\n\t<meta name=\"author\" content=\"da Reda\u00e7\u00e3o\"\/>\n\t<link rel=\"canonical\" href=\"https:\/\/www.jornalja.com.br\/arquivo\/presidente-da-eptc-vamos-cortar-isencoes-e-exigir-melhorias-das-empresas\/\" \/>\n\t<meta name=\"generator\" content=\"All in One SEO (AIOSEO) 5.0.1.1\" \/>\n\t\t<meta property=\"og:locale\" content=\"pt_BR\" \/>\n\t\t<meta property=\"og:site_name\" content=\"Arquivo | Jornal J\u00c1 | Porto Alegre\" \/>\n\t\t<meta property=\"og:type\" content=\"article\" \/>\n\t\t<meta property=\"og:title\" content=\"Presidente da EPTC: &quot;Vamos reduzir isen\u00e7\u00f5es e exigir melhorias das empresas&quot; | Arquivo\" \/>\n\t\t<meta property=\"og:url\" content=\"https:\/\/www.jornalja.com.br\/arquivo\/presidente-da-eptc-vamos-cortar-isencoes-e-exigir-melhorias-das-empresas\/\" \/>\n\t\t<meta property=\"og:image\" content=\"https:\/\/www.jornalja.com.br\/economics\/wp-content\/uploads\/sites\/11\/2026\/08\/ja-folhaderosto-facebook.jpg\" \/>\n\t\t<meta property=\"og:image:secure_url\" content=\"https:\/\/www.jornalja.com.br\/economics\/wp-content\/uploads\/sites\/11\/2026\/08\/ja-folhaderosto-facebook.jpg\" \/>\n\t\t<meta property=\"article:published_time\" content=\"2017-08-04T17:37:12+00:00\" \/>\n\t\t<meta property=\"article:modified_time\" content=\"2017-08-04T17:37:12+00:00\" \/>\n\t\t<meta name=\"twitter:card\" content=\"summary\" \/>\n\t\t<meta name=\"twitter:title\" content=\"Presidente da EPTC: &quot;Vamos reduzir isen\u00e7\u00f5es e exigir melhorias das empresas&quot; | Arquivo\" \/>\n\t\t<meta name=\"twitter:image\" content=\"https:\/\/www.jornalja.com.br\/economics\/wp-content\/uploads\/sites\/11\/2026\/08\/ja-folhaderosto-facebook.jpg\" \/>\n\t\t<script type=\"application\/ld+json\" class=\"aioseo-schema\">\n\t\t\t{\"@context\":\"https:\\\/\\\/schema.org\",\"@graph\":[{\"@type\":\"BlogPosting\",\"@id\":\"https:\\\/\\\/www.jornalja.com.br\\\/arquivo\\\/presidente-da-eptc-vamos-cortar-isencoes-e-exigir-melhorias-das-empresas\\\/#blogposting\",\"name\":\"Presidente da EPTC: \\\"Vamos reduzir isen\\u00e7\\u00f5es e exigir melhorias das empresas\\\" | Arquivo\",\"headline\":\"Presidente da EPTC: &quot;Vamos reduzir isen\\u00e7\\u00f5es e exigir melhorias das empresas&quot;\",\"author\":{\"@id\":\"https:\\\/\\\/www.jornalja.com.br\\\/arquivo\\\/author\\\/daredacao\\\/#author\"},\"publisher\":{\"@id\":\"https:\\\/\\\/www.jornalja.com.br\\\/arquivo\\\/#organization\"},\"image\":{\"@type\":\"ImageObject\",\"url\":52799},\"datePublished\":\"2017-08-04T14:37:12-03:00\",\"dateModified\":\"2017-08-04T14:37:12-03:00\",\"inLanguage\":\"pt-BR\",\"commentCount\":1,\"mainEntityOfPage\":{\"@id\":\"https:\\\/\\\/www.jornalja.com.br\\\/arquivo\\\/presidente-da-eptc-vamos-cortar-isencoes-e-exigir-melhorias-das-empresas\\\/#webpage\"},\"isPartOf\":{\"@id\":\"https:\\\/\\\/www.jornalja.com.br\\\/arquivo\\\/presidente-da-eptc-vamos-cortar-isencoes-e-exigir-melhorias-das-empresas\\\/#webpage\"},\"articleSection\":\"Geral\"},{\"@type\":\"BreadcrumbList\",\"@id\":\"https:\\\/\\\/www.jornalja.com.br\\\/arquivo\\\/presidente-da-eptc-vamos-cortar-isencoes-e-exigir-melhorias-das-empresas\\\/#breadcrumblist\",\"itemListElement\":[{\"@type\":\"ListItem\",\"@id\":\"https:\\\/\\\/www.jornalja.com.br\\\/arquivo#listItem\",\"position\":1,\"name\":\"Home\",\"item\":\"https:\\\/\\\/www.jornalja.com.br\\\/arquivo\",\"nextItem\":{\"@type\":\"ListItem\",\"@id\":\"https:\\\/\\\/www.jornalja.com.br\\\/arquivo\\\/category\\\/geral\\\/#listItem\",\"name\":\"Geral\"}},{\"@type\":\"ListItem\",\"@id\":\"https:\\\/\\\/www.jornalja.com.br\\\/arquivo\\\/category\\\/geral\\\/#listItem\",\"position\":2,\"name\":\"Geral\",\"item\":\"https:\\\/\\\/www.jornalja.com.br\\\/arquivo\\\/category\\\/geral\\\/\",\"nextItem\":{\"@type\":\"ListItem\",\"@id\":\"https:\\\/\\\/www.jornalja.com.br\\\/arquivo\\\/presidente-da-eptc-vamos-cortar-isencoes-e-exigir-melhorias-das-empresas\\\/#listItem\",\"name\":\"Presidente da EPTC: &quot;Vamos reduzir isen\\u00e7\\u00f5es e exigir melhorias das empresas&quot;\"},\"previousItem\":{\"@type\":\"ListItem\",\"@id\":\"https:\\\/\\\/www.jornalja.com.br\\\/arquivo#listItem\",\"name\":\"Home\"}},{\"@type\":\"ListItem\",\"@id\":\"https:\\\/\\\/www.jornalja.com.br\\\/arquivo\\\/presidente-da-eptc-vamos-cortar-isencoes-e-exigir-melhorias-das-empresas\\\/#listItem\",\"position\":3,\"name\":\"Presidente da EPTC: &quot;Vamos reduzir isen\\u00e7\\u00f5es e exigir melhorias das empresas&quot;\",\"previousItem\":{\"@type\":\"ListItem\",\"@id\":\"https:\\\/\\\/www.jornalja.com.br\\\/arquivo\\\/category\\\/geral\\\/#listItem\",\"name\":\"Geral\"}}]},{\"@type\":\"Organization\",\"@id\":\"https:\\\/\\\/www.jornalja.com.br\\\/arquivo\\\/#organization\",\"name\":\"Jornal J\\u00c1\",\"description\":\"Jornal J\\u00c1 | Porto Alegre\",\"url\":\"https:\\\/\\\/www.jornalja.com.br\\\/arquivo\\\/\",\"telephone\":\"+555133307272\",\"logo\":{\"@type\":\"ImageObject\",\"url\":\"https:\\\/\\\/www.jornalja.com.br\\\/wp-content\\\/uploads\\\/cards\\\/JAslogan.png\",\"@id\":\"https:\\\/\\\/www.jornalja.com.br\\\/arquivo\\\/presidente-da-eptc-vamos-cortar-isencoes-e-exigir-melhorias-das-empresas\\\/#organizationLogo\"},\"image\":{\"@id\":\"https:\\\/\\\/www.jornalja.com.br\\\/arquivo\\\/presidente-da-eptc-vamos-cortar-isencoes-e-exigir-melhorias-das-empresas\\\/#organizationLogo\"}},{\"@type\":\"Person\",\"@id\":\"https:\\\/\\\/www.jornalja.com.br\\\/arquivo\\\/author\\\/daredacao\\\/#author\",\"url\":\"https:\\\/\\\/www.jornalja.com.br\\\/arquivo\\\/author\\\/daredacao\\\/\",\"name\":\"da Reda\\u00e7\\u00e3o\",\"image\":{\"@type\":\"ImageObject\",\"@id\":\"https:\\\/\\\/www.jornalja.com.br\\\/arquivo\\\/presidente-da-eptc-vamos-cortar-isencoes-e-exigir-melhorias-das-empresas\\\/#authorImage\",\"url\":\"https:\\\/\\\/secure.gravatar.com\\\/avatar\\\/469fd857d6605ad19919d27ed29d35a968a25f6e8fd9318356bbb7f57aae9c65?s=96&d=mm&r=g\",\"width\":96,\"height\":96,\"caption\":\"da Reda\\u00e7\\u00e3o\"}},{\"@type\":\"WebPage\",\"@id\":\"https:\\\/\\\/www.jornalja.com.br\\\/arquivo\\\/presidente-da-eptc-vamos-cortar-isencoes-e-exigir-melhorias-das-empresas\\\/#webpage\",\"url\":\"https:\\\/\\\/www.jornalja.com.br\\\/arquivo\\\/presidente-da-eptc-vamos-cortar-isencoes-e-exigir-melhorias-das-empresas\\\/\",\"name\":\"Presidente da EPTC: \\\"Vamos reduzir isen\\u00e7\\u00f5es e exigir melhorias das empresas\\\" | Arquivo\",\"inLanguage\":\"pt-BR\",\"isPartOf\":{\"@id\":\"https:\\\/\\\/www.jornalja.com.br\\\/arquivo\\\/#website\"},\"breadcrumb\":{\"@id\":\"https:\\\/\\\/www.jornalja.com.br\\\/arquivo\\\/presidente-da-eptc-vamos-cortar-isencoes-e-exigir-melhorias-das-empresas\\\/#breadcrumblist\"},\"author\":{\"@id\":\"https:\\\/\\\/www.jornalja.com.br\\\/arquivo\\\/author\\\/daredacao\\\/#author\"},\"creator\":{\"@id\":\"https:\\\/\\\/www.jornalja.com.br\\\/arquivo\\\/author\\\/daredacao\\\/#author\"},\"image\":{\"@type\":\"ImageObject\",\"url\":52799,\"@id\":\"https:\\\/\\\/www.jornalja.com.br\\\/arquivo\\\/presidente-da-eptc-vamos-cortar-isencoes-e-exigir-melhorias-das-empresas\\\/#mainImage\"},\"primaryImageOfPage\":{\"@id\":\"https:\\\/\\\/www.jornalja.com.br\\\/arquivo\\\/presidente-da-eptc-vamos-cortar-isencoes-e-exigir-melhorias-das-empresas\\\/#mainImage\"},\"datePublished\":\"2017-08-04T14:37:12-03:00\",\"dateModified\":\"2017-08-04T14:37:12-03:00\"},{\"@type\":\"WebSite\",\"@id\":\"https:\\\/\\\/www.jornalja.com.br\\\/arquivo\\\/#website\",\"url\":\"https:\\\/\\\/www.jornalja.com.br\\\/arquivo\\\/\",\"name\":\"Arquivo\",\"description\":\"Jornal J\\u00c1 | Porto Alegre\",\"inLanguage\":\"pt-BR\",\"publisher\":{\"@id\":\"https:\\\/\\\/www.jornalja.com.br\\\/arquivo\\\/#organization\"}}]}\n\t\t<\/script>\n\t\t<!-- All in One SEO -->\n\n","aioseo_head_json":{"title":"Presidente da EPTC: \"Vamos reduzir isen\u00e7\u00f5es e exigir melhorias das empresas\" | Arquivo","description":"","canonical_url":"https:\/\/www.jornalja.com.br\/arquivo\/presidente-da-eptc-vamos-cortar-isencoes-e-exigir-melhorias-das-empresas\/","robots":"max-image-preview:large","keywords":"","webmasterTools":{"miscellaneous":""},"schema":{"@context":"https:\/\/schema.org","@graph":[{"@type":"BlogPosting","@id":"https:\/\/www.jornalja.com.br\/arquivo\/presidente-da-eptc-vamos-cortar-isencoes-e-exigir-melhorias-das-empresas\/#blogposting","name":"Presidente da EPTC: \"Vamos reduzir isen\u00e7\u00f5es e exigir melhorias das empresas\" | Arquivo","headline":"Presidente da EPTC: &quot;Vamos reduzir isen\u00e7\u00f5es e exigir melhorias das empresas&quot;","author":{"@id":"https:\/\/www.jornalja.com.br\/arquivo\/author\/daredacao\/#author"},"publisher":{"@id":"https:\/\/www.jornalja.com.br\/arquivo\/#organization"},"image":{"@type":"ImageObject","url":52799},"datePublished":"2017-08-04T14:37:12-03:00","dateModified":"2017-08-04T14:37:12-03:00","inLanguage":"pt-BR","commentCount":1,"mainEntityOfPage":{"@id":"https:\/\/www.jornalja.com.br\/arquivo\/presidente-da-eptc-vamos-cortar-isencoes-e-exigir-melhorias-das-empresas\/#webpage"},"isPartOf":{"@id":"https:\/\/www.jornalja.com.br\/arquivo\/presidente-da-eptc-vamos-cortar-isencoes-e-exigir-melhorias-das-empresas\/#webpage"},"articleSection":"Geral"},{"@type":"BreadcrumbList","@id":"https:\/\/www.jornalja.com.br\/arquivo\/presidente-da-eptc-vamos-cortar-isencoes-e-exigir-melhorias-das-empresas\/#breadcrumblist","itemListElement":[{"@type":"ListItem","@id":"https:\/\/www.jornalja.com.br\/arquivo#listItem","position":1,"name":"Home","item":"https:\/\/www.jornalja.com.br\/arquivo","nextItem":{"@type":"ListItem","@id":"https:\/\/www.jornalja.com.br\/arquivo\/category\/geral\/#listItem","name":"Geral"}},{"@type":"ListItem","@id":"https:\/\/www.jornalja.com.br\/arquivo\/category\/geral\/#listItem","position":2,"name":"Geral","item":"https:\/\/www.jornalja.com.br\/arquivo\/category\/geral\/","nextItem":{"@type":"ListItem","@id":"https:\/\/www.jornalja.com.br\/arquivo\/presidente-da-eptc-vamos-cortar-isencoes-e-exigir-melhorias-das-empresas\/#listItem","name":"Presidente da EPTC: &quot;Vamos reduzir isen\u00e7\u00f5es e exigir melhorias das empresas&quot;"},"previousItem":{"@type":"ListItem","@id":"https:\/\/www.jornalja.com.br\/arquivo#listItem","name":"Home"}},{"@type":"ListItem","@id":"https:\/\/www.jornalja.com.br\/arquivo\/presidente-da-eptc-vamos-cortar-isencoes-e-exigir-melhorias-das-empresas\/#listItem","position":3,"name":"Presidente da EPTC: &quot;Vamos reduzir isen\u00e7\u00f5es e exigir melhorias das empresas&quot;","previousItem":{"@type":"ListItem","@id":"https:\/\/www.jornalja.com.br\/arquivo\/category\/geral\/#listItem","name":"Geral"}}]},{"@type":"Organization","@id":"https:\/\/www.jornalja.com.br\/arquivo\/#organization","name":"Jornal J\u00c1","description":"Jornal J\u00c1 | Porto Alegre","url":"https:\/\/www.jornalja.com.br\/arquivo\/","telephone":"+555133307272","logo":{"@type":"ImageObject","url":"https:\/\/www.jornalja.com.br\/wp-content\/uploads\/cards\/JAslogan.png","@id":"https:\/\/www.jornalja.com.br\/arquivo\/presidente-da-eptc-vamos-cortar-isencoes-e-exigir-melhorias-das-empresas\/#organizationLogo"},"image":{"@id":"https:\/\/www.jornalja.com.br\/arquivo\/presidente-da-eptc-vamos-cortar-isencoes-e-exigir-melhorias-das-empresas\/#organizationLogo"}},{"@type":"Person","@id":"https:\/\/www.jornalja.com.br\/arquivo\/author\/daredacao\/#author","url":"https:\/\/www.jornalja.com.br\/arquivo\/author\/daredacao\/","name":"da Reda\u00e7\u00e3o","image":{"@type":"ImageObject","@id":"https:\/\/www.jornalja.com.br\/arquivo\/presidente-da-eptc-vamos-cortar-isencoes-e-exigir-melhorias-das-empresas\/#authorImage","url":"https:\/\/secure.gravatar.com\/avatar\/469fd857d6605ad19919d27ed29d35a968a25f6e8fd9318356bbb7f57aae9c65?s=96&d=mm&r=g","width":96,"height":96,"caption":"da Reda\u00e7\u00e3o"}},{"@type":"WebPage","@id":"https:\/\/www.jornalja.com.br\/arquivo\/presidente-da-eptc-vamos-cortar-isencoes-e-exigir-melhorias-das-empresas\/#webpage","url":"https:\/\/www.jornalja.com.br\/arquivo\/presidente-da-eptc-vamos-cortar-isencoes-e-exigir-melhorias-das-empresas\/","name":"Presidente da EPTC: \"Vamos reduzir isen\u00e7\u00f5es e exigir melhorias das empresas\" | Arquivo","inLanguage":"pt-BR","isPartOf":{"@id":"https:\/\/www.jornalja.com.br\/arquivo\/#website"},"breadcrumb":{"@id":"https:\/\/www.jornalja.com.br\/arquivo\/presidente-da-eptc-vamos-cortar-isencoes-e-exigir-melhorias-das-empresas\/#breadcrumblist"},"author":{"@id":"https:\/\/www.jornalja.com.br\/arquivo\/author\/daredacao\/#author"},"creator":{"@id":"https:\/\/www.jornalja.com.br\/arquivo\/author\/daredacao\/#author"},"image":{"@type":"ImageObject","url":52799,"@id":"https:\/\/www.jornalja.com.br\/arquivo\/presidente-da-eptc-vamos-cortar-isencoes-e-exigir-melhorias-das-empresas\/#mainImage"},"primaryImageOfPage":{"@id":"https:\/\/www.jornalja.com.br\/arquivo\/presidente-da-eptc-vamos-cortar-isencoes-e-exigir-melhorias-das-empresas\/#mainImage"},"datePublished":"2017-08-04T14:37:12-03:00","dateModified":"2017-08-04T14:37:12-03:00"},{"@type":"WebSite","@id":"https:\/\/www.jornalja.com.br\/arquivo\/#website","url":"https:\/\/www.jornalja.com.br\/arquivo\/","name":"Arquivo","description":"Jornal J\u00c1 | Porto Alegre","inLanguage":"pt-BR","publisher":{"@id":"https:\/\/www.jornalja.com.br\/arquivo\/#organization"}}]},"og:locale":"pt_BR","og:site_name":"Arquivo | Jornal J\u00c1 | Porto Alegre","og:type":"article","og:title":"Presidente da EPTC: &quot;Vamos reduzir isen\u00e7\u00f5es e exigir melhorias das empresas&quot; | Arquivo","og:url":"https:\/\/www.jornalja.com.br\/arquivo\/presidente-da-eptc-vamos-cortar-isencoes-e-exigir-melhorias-das-empresas\/","og:image":"https:\/\/www.jornalja.com.br\/economics\/wp-content\/uploads\/sites\/11\/2026\/08\/ja-folhaderosto-facebook.jpg","og:image:secure_url":"https:\/\/www.jornalja.com.br\/economics\/wp-content\/uploads\/sites\/11\/2026\/08\/ja-folhaderosto-facebook.jpg","article:published_time":"2017-08-04T17:37:12+00:00","article:modified_time":"2017-08-04T17:37:12+00:00","twitter:card":"summary","twitter:title":"Presidente da EPTC: &quot;Vamos reduzir isen\u00e7\u00f5es e exigir melhorias das empresas&quot; | Arquivo","twitter:image":"https:\/\/www.jornalja.com.br\/economics\/wp-content\/uploads\/sites\/11\/2026\/08\/ja-folhaderosto-facebook.jpg"},"aioseo_meta_data":{"post_id":"52788","title":null,"description":null,"keywords":null,"keyphrases":null,"primary_term":null,"canonical_url":null,"og_title":null,"og_description":null,"og_object_type":"default","og_image_type":"default","og_image_url":null,"og_image_width":null,"og_image_height":null,"og_image_custom_url":null,"og_image_custom_fields":null,"og_video":null,"og_custom_url":null,"og_article_section":null,"og_article_tags":null,"twitter_use_og":false,"twitter_card":"default","twitter_image_type":"default","twitter_image_url":null,"twitter_image_custom_url":null,"twitter_image_custom_fields":null,"twitter_title":null,"twitter_description":null,"schema":{"blockGraphs":[],"customGraphs":[],"default":{"data":{"Article":[],"Course":[],"Dataset":[],"FAQPage":[],"Movie":[],"Person":[],"Product":[],"ProductReview":[],"Car":[],"Recipe":[],"Service":[],"SoftwareApplication":[],"WebPage":[]},"graphName":"","isEnabled":true},"graphs":[],"defaultGraph":"","defaultPostTypeGraph":""},"schema_type":null,"schema_type_options":null,"pillar_content":false,"robots_default":true,"robots_noindex":false,"robots_noarchive":false,"robots_nosnippet":false,"robots_nofollow":false,"robots_noimageindex":false,"robots_noodp":false,"robots_notranslate":false,"robots_max_snippet":null,"robots_max_videopreview":null,"robots_max_imagepreview":"large","priority":null,"frequency":null,"location":null,"local_seo":null,"breadcrumb_settings":null,"limit_modified_date":false,"ai":null,"created":"2020-12-20 20:28:19","updated":"2025-07-20 00:03:47","seo_analyzer_scan_date":null,"focus_keyword":null,"additional_keywords":null,"truseo_locale":null},"jetpack_sharing_enabled":true,"jetpack-related-posts":[{"id":12960,"url":"https:\/\/www.jornalja.com.br\/arquivo\/populacao-culpa-empresas-pela-greve-dos-rodoviarios\/","url_meta":{"origin":52788,"position":0},"title":"Popula\u00e7\u00e3o culpa empresas pela greve","author":"Patr\u00edcia Marini","date":"14 de fevereiro de 2014","format":false,"excerpt":"Pesquisa divulgada na edi\u00e7\u00e3o do jornal Metro desta sexta-feira,14, comprova o velho ditado: \u00e9 poss\u00edvel enganar muitos por algum tempo, mas n\u00e3o \u00e9 poss\u00edvel enganar a todos o tempo inteiro. A principal revela\u00e7\u00e3o foi que 59,8% dos entrevistados apontaram as empresas como as principais respons\u00e1veis pela grave e 46% culparam\u2026","rel":"","context":"Em &quot;X.Categorias velhas&quot;","block_context":{"text":"X.Categorias velhas","link":"https:\/\/www.jornalja.com.br\/arquivo\/category\/x-categorias-velhas\/"},"img":{"alt_text":"","src":"","width":0,"height":0},"classes":[]},{"id":13240,"url":"https:\/\/www.jornalja.com.br\/arquivo\/plano-diretor-estamos-construindo-o-caos\/","url_meta":{"origin":52788,"position":1},"title":"Plano diretor: &quot;Estamos construindo o caos&quot;","author":"Patr\u00edcia Marini","date":"26 de maio de 2014","format":false,"excerpt":"Desabafo que arquiteta Eliana Castilhos, delegada da Regi\u00e3o de Planejamento 1, postou nas redes sociais \u00e9 um testemunho do ambiente que se criou no Conselho do Plano Diretor de Porto Alegre, onde a aprova\u00e7\u00e3o de grandes empreendimentos \u00e9 empurrada guela abaixo dos conselheiros. Ao CMDUA Como delegada da Regi\u00e3o de\u2026","rel":"","context":"Em &quot;Geral&quot;","block_context":{"text":"Geral","link":"https:\/\/www.jornalja.com.br\/arquivo\/category\/geral\/"},"img":{"alt_text":"","src":"","width":0,"height":0},"classes":[]},{"id":14241,"url":"https:\/\/www.jornalja.com.br\/arquivo\/o-guaiba-nas-imagens-poeticas-de-achutti\/","url_meta":{"origin":52788,"position":2},"title":"O Gua\u00edba nas imagens po\u00e9ticas de Achutti","author":"da Reda\u00e7\u00e3o","date":"18 de junho de 2014","format":false,"excerpt":"Em \u201cO Gua\u00edba por Achutti\u201d \u2013 obra financiada via Minist\u00e9rio da Cultura, produ\u00e7\u00e3o executiva de Pedro Longhi, e Fl\u00e1vio Wild como designer \u2013, o fot\u00f3grafo revela a beleza e as mazelas de um espa\u00e7o aqu\u00e1tico de \u00e1guas sempre renovadas, cheio de hist\u00f3rias e lendas como as das cidades que foram\u2026","rel":"","context":"Em &quot;Cultura-Geral&quot;","block_context":{"text":"Cultura-Geral","link":"https:\/\/www.jornalja.com.br\/arquivo\/category\/materiasecundaria\/"},"img":{"alt_text":"","src":"","width":0,"height":0},"classes":[]},{"id":1280,"url":"https:\/\/www.jornalja.com.br\/arquivo\/o-menino-que-se-tornou-brizola\/","url_meta":{"origin":52788,"position":3},"title":"O Menino que se Tornou Brizola","author":"da Reda\u00e7\u00e3o","date":"28 de julho de 2008","format":false,"excerpt":"Autor: Cleber Dioni A vida de Leonel Brizola, com \u00eanfase para os primeiros anos em Porto Alegre, at\u00e9 o ex\u00edlio no Uruguai e a volta, quinze anos depois. \u00a0\"...\u00c9ramos todos jovens e nos identific\u00e1vamos com aquela massa an\u00f4nima a percorrer as ruas de Porto Alegre, gritando 'Get\u00falio', 'Get\u00falio' e empunhando\u2026","rel":"","context":"Em &quot;Livros&quot;","block_context":{"text":"Livros","link":"https:\/\/www.jornalja.com.br\/arquivo\/category\/livros\/"},"img":{"alt_text":"","src":"https:\/\/i0.wp.com\/www.jornalja.com.br\/wp-content\/uploads\/2008\/07\/brizola.gif?resize=350%2C200&ssl=1","width":350,"height":200},"classes":[]},{"id":13124,"url":"https:\/\/www.jornalja.com.br\/arquivo\/sangue-latino-no-iecine\/","url_meta":{"origin":52788,"position":4},"title":"Sangue latino no IECINE","author":"da Reda\u00e7\u00e3o","date":"18 de maio de 2014","format":false,"excerpt":"Francisco Ribeiro O Instituto Estadual de Cinema (IECINE) tem a frente, desde abril \u00faltimo, um novo diretor, o cineasta colombiano Juan Zapata, 36, que substitui Luiz Alberto Cassol. Radicado h\u00e1 dez anos em Porto Alegre, Zapata tem diante de si o desafio de conduzir at\u00e9 o final do ano um\u2026","rel":"","context":"Em &quot;Cultura-Geral&quot;","block_context":{"text":"Cultura-Geral","link":"https:\/\/www.jornalja.com.br\/arquivo\/category\/materiasecundaria\/"},"img":{"alt_text":"","src":"","width":0,"height":0},"classes":[]},{"id":5440,"url":"https:\/\/www.jornalja.com.br\/arquivo\/casarao-da-venancio-destino-permanece-incerto\/","url_meta":{"origin":52788,"position":5},"title":"Estado ainda n\u00e3o sabe o que fazer com casar\u00e3o abandonado h\u00e1 20 anos","author":"Elmar Bones","date":"6 de julho de 2009","format":false,"excerpt":"O casar\u00e3o amarelo, numa esquina nobre de Porto Alegre (Ven\u00e2ncio Aires com Jo\u00e3o Pessoa), j\u00e1 abrigou uma escola. H\u00e1 duas d\u00e9cadas, pelo menos, est\u00e1 abandonado, porque seu propriet\u00e1rio, o governo do Estado do Rio Grande do Sul, n\u00e3o consegue achar um destino para ele. Planos n\u00e3o faltaram. O governador Ol\u00edvio\u2026","rel":"","context":"Em &quot;X.Categorias velhas&quot;","block_context":{"text":"X.Categorias velhas","link":"https:\/\/www.jornalja.com.br\/arquivo\/category\/x-categorias-velhas\/"},"img":{"alt_text":"geraldo1","src":"https:\/\/i0.wp.com\/www.jornalja.com.br\/wp-content\/uploads\/2009\/07\/geraldo1.jpg?resize=350%2C200&ssl=1","width":350,"height":200},"classes":[]}],"jetpack_shortlink":"https:\/\/wp.me\/pbQjBd-dJq","jetpack_featured_media_url":"","_links":{"self":[{"href":"https:\/\/www.jornalja.com.br\/arquivo\/wp-json\/wp\/v2\/posts\/52788","targetHints":{"allow":["GET"]}}],"collection":[{"href":"https:\/\/www.jornalja.com.br\/arquivo\/wp-json\/wp\/v2\/posts"}],"about":[{"href":"https:\/\/www.jornalja.com.br\/arquivo\/wp-json\/wp\/v2\/types\/post"}],"author":[{"embeddable":true,"href":"https:\/\/www.jornalja.com.br\/arquivo\/wp-json\/wp\/v2\/users\/4"}],"replies":[{"embeddable":true,"href":"https:\/\/www.jornalja.com.br\/arquivo\/wp-json\/wp\/v2\/comments?post=52788"}],"version-history":[{"count":0,"href":"https:\/\/www.jornalja.com.br\/arquivo\/wp-json\/wp\/v2\/posts\/52788\/revisions"}],"wp:attachment":[{"href":"https:\/\/www.jornalja.com.br\/arquivo\/wp-json\/wp\/v2\/media?parent=52788"}],"wp:term":[{"taxonomy":"category","embeddable":true,"href":"https:\/\/www.jornalja.com.br\/arquivo\/wp-json\/wp\/v2\/categories?post=52788"},{"taxonomy":"post_tag","embeddable":true,"href":"https:\/\/www.jornalja.com.br\/arquivo\/wp-json\/wp\/v2\/tags?post=52788"}],"curies":[{"name":"wp","href":"https:\/\/api.w.org\/{rel}","templated":true}]}}