{"id":52823,"date":"2017-08-04T20:35:07","date_gmt":"2017-08-04T23:35:07","guid":{"rendered":"https:\/\/www.jornalja.com.br\/?p=52823"},"modified":"2017-08-04T20:35:07","modified_gmt":"2017-08-04T23:35:07","slug":"fiergs-pede-multa-aos-caminhoneiros-que-bloqueiam-estradas-em-protesto","status":"publish","type":"post","link":"https:\/\/www.jornalja.com.br\/arquivo\/fiergs-pede-multa-aos-caminhoneiros-que-bloqueiam-estradas-em-protesto\/","title":{"rendered":"Fiergs pede multa aos caminhoneiros que bloqueiam estradas em protesto"},"content":{"rendered":"<div style=\"text-align: left\" align=\"center\">\nA Federa\u00e7\u00e3o das Ind\u00fastrias do Rio Grande do Sul (FIERGS) quer a aplica\u00e7\u00e3o de multa aos caminhoneiros que bloqueiam as estradas.<br \/>\nA entidade encaminhou uma carta, assinada pelo presidente Gilberto Porcello Petry, \u00e0 Pol\u00edcia Federal e ao secret\u00e1rio de Seguran\u00e7a P\u00fablica do Estado.<br \/>\nO documento destaca que, tendo em vista os cont\u00ednuos bloqueios rodovi\u00e1rios iniciados em 1\u00ba de agosto, causados pelos caminhoneiros, solicita a atua\u00e7\u00e3o imediata da Pol\u00edcia Rodovi\u00e1ria para que fa\u00e7a valer o artigo 3 da Lei N\u00b0 13.281, de 4 de maio de 2016, que prev\u00ea multa e penalidade administrativa para quem interromper a livre circula\u00e7\u00e3o nas vias p\u00fablicas.<br \/>\n\u201c\u00c9 urgente que se restabele\u00e7a o direito de ir e vir no tr\u00e1fego de ve\u00edculos no Rio Grande do Sul\u201d, diz o texto.<br \/>\n&#8220;A FIERGS expressa tamb\u00e9m sua extrema preocupa\u00e7\u00e3o com o movimento decorrente de insatisfa\u00e7\u00f5es diversas como o aumento dos combust\u00edveis, e suas consequ\u00eancias, que est\u00e3o impedindo mercadorias de chegarem aos seus destinos, causando danos e preju\u00edzos ao setor produtivo j\u00e1 combalido pela crise econ\u00f4mica&#8221;.<br \/>\nAl\u00e9m disso, entende a Fiergs que manifesta\u00e7\u00f5es s\u00e3o leg\u00edtimas, por\u00e9m nunca devem comprometer o fluxo de cargas e de pessoas. H\u00e1 o caso espec\u00edfico dos fabricantes de produtos perec\u00edveis e um risco dos atos se intensificarem ainda mais se medidas cab\u00edveis e previstas em lei n\u00e3o forem aplicadas. A carta encerra reiterando o pedido de urg\u00eancia para que seja \u00a0retomado o livre tr\u00e2nsito no Estado.\n<\/div>\n<div data-block-type=\"unstyled\" data-block-weight=\"41\">\n<p data-track-category=\"Link no Texto\" data-track-links=\"\">A ju\u00edza Daniela de Oliveira Pertile acolheu um pedido da Advocacia-Geral da Uni\u00e3o (AGU) e\u00a0determinou que os caminhoneiros &#8220;se abstenham de promover protestos nas rodovias e retirem imediatamente seus caminh\u00f5es das \u00e1reas esbulhadas&#8221;.<\/p>\n<\/div>\n<div data-block-type=\"unstyled\" data-block-weight=\"43\">\n<p data-track-category=\"Link no Texto\" data-track-links=\"\">A multa pelo descumprimento da decis\u00e3o \u00e9 de pelo menos R$ 5 mil, valor estipulado &#8220;para cada ve\u00edculo ou pessoa f\u00edsica&#8221;.<\/p>\n<\/div>\n<div data-block-type=\"unstyled\" data-block-weight=\"39\">\n<p data-track-category=\"Link no Texto\" data-track-links=\"\">&#8220;Os participantes do movimento dever\u00e3o ser identificados pelo poder p\u00fablico para fins de verifica\u00e7\u00e3o de eventual descumprimento. Ressalto que a presente decis\u00e3o tem efic\u00e1cia sobre todas as rodovi\u00e1rias federais do Estado do Rio Grande do Sul&#8221;, destaca a magistrada.<\/p>\n<\/div>\n<div data-block-type=\"unstyled\" data-block-weight=\"15\">\n<p data-track-category=\"Link no Texto\" data-track-links=\"\">Por volta das 18h, a Pol\u00edcia Rodovi\u00e1ria informava que no Rio Grande do Sul havia 19 trechos de rodovias bloqueados:<\/p>\n<\/div>\n<div class=\"mc-column content-text active-extra-styles\" data-block-type=\"raw\" data-block-weight=\"114\">\n<ul class=\"content-unordered-list\">\n<li>BR-116, km 401, em Camaqu\u00e3<\/li>\n<li>BR-116, km 455, em S\u00e3o Louren\u00e7o do Sul<\/li>\n<li>BR-158, km 193, em Cruz Alta<\/li>\n<li>BR-158, km 265, em J\u00falio de Castilhos<\/li>\n<li>BR-285, km 273, em Mato Castelhano<\/li>\n<li>BR-285, km 461, em Iju\u00ed<\/li>\n<li>BR-285, km 668, em S\u00e3o Borja<\/li>\n<li>BR-287, km 282, em S\u00e3o Pedro do Sul<\/li>\n<li>BR-290, km 482, em Ros\u00e1rio do Sul<\/li>\n<li>BR-293, km 247, em Dom Pedrito<\/li>\n<li>BR-392, km 297,9, em S\u00e3o Sep\u00e9<\/li>\n<li>BR-392, km 18, em Rio Grande<\/li>\n<li>BR-392, km 62 e km 66, em Pelotas<\/li>\n<li>BR-293, km 182, em Bag\u00e9<\/li>\n<li>BR-392, km 350, em Santa Maria<\/li>\n<li>BR-392, km 258, Ca\u00e7apava do Sul<\/li>\n<li>BR-468, km 0, em Palmeira das Miss\u00f5es<\/li>\n<li>BR-468, km 99, em Tr\u00eas Passos<\/li>\n<\/ul>\n<\/div>\n","protected":false},"excerpt":{"rendered":"<p>A Federa\u00e7\u00e3o das Ind\u00fastrias do Rio Grande do Sul (FIERGS) quer a aplica\u00e7\u00e3o de multa aos caminhoneiros que bloqueiam as estradas. A entidade encaminhou uma carta, assinada pelo presidente Gilberto Porcello Petry, \u00e0 Pol\u00edcia Federal e ao secret\u00e1rio de Seguran\u00e7a P\u00fablica do Estado. O documento destaca que, tendo em vista os cont\u00ednuos bloqueios rodovi\u00e1rios iniciados [&hellip;]<\/p>\n","protected":false},"author":4,"featured_media":52828,"comment_status":"open","ping_status":"closed","sticky":false,"template":"","format":"standard","meta":{"_jetpack_newsletter_access":"","_jetpack_dont_email_post_to_subs":false,"_jetpack_newsletter_tier_id":0,"_jetpack_memberships_contains_paywalled_content":false,"_jetpack_feature_clip_id":0,"_jetpack_memberships_contains_paid_content":false,"footnotes":"","jetpack_post_was_ever_published":false},"categories":[26],"tags":[],"class_list":["post-52823","post","type-post","status-publish","format-standard","has-post-thumbnail","hentry","category-geral"],"aioseo_notices":[],"aioseo_head":"\n\t\t<!-- All in One SEO 5.0.1.1 - aioseo.com -->\n\t<meta name=\"robots\" content=\"max-image-preview:large\" \/>\n\t<meta name=\"author\" content=\"da Reda\u00e7\u00e3o\"\/>\n\t<link rel=\"canonical\" href=\"https:\/\/www.jornalja.com.br\/arquivo\/fiergs-pede-multa-aos-caminhoneiros-que-bloqueiam-estradas-em-protesto\/\" \/>\n\t<meta name=\"generator\" content=\"All in One SEO (AIOSEO) 5.0.1.1\" \/>\n\t\t<meta property=\"og:locale\" content=\"pt_BR\" \/>\n\t\t<meta property=\"og:site_name\" content=\"Arquivo | Jornal J\u00c1 | Porto Alegre\" \/>\n\t\t<meta property=\"og:type\" content=\"article\" \/>\n\t\t<meta property=\"og:title\" content=\"Fiergs pede multa aos caminhoneiros que bloqueiam estradas em protesto | Arquivo\" \/>\n\t\t<meta property=\"og:url\" content=\"https:\/\/www.jornalja.com.br\/arquivo\/fiergs-pede-multa-aos-caminhoneiros-que-bloqueiam-estradas-em-protesto\/\" \/>\n\t\t<meta property=\"og:image\" content=\"https:\/\/www.jornalja.com.br\/economics\/wp-content\/uploads\/sites\/11\/2026\/08\/ja-folhaderosto-facebook.jpg\" \/>\n\t\t<meta property=\"og:image:secure_url\" content=\"https:\/\/www.jornalja.com.br\/economics\/wp-content\/uploads\/sites\/11\/2026\/08\/ja-folhaderosto-facebook.jpg\" \/>\n\t\t<meta property=\"article:published_time\" content=\"2017-08-04T23:35:07+00:00\" \/>\n\t\t<meta property=\"article:modified_time\" content=\"2017-08-04T23:35:07+00:00\" \/>\n\t\t<meta name=\"twitter:card\" content=\"summary\" \/>\n\t\t<meta name=\"twitter:title\" content=\"Fiergs pede multa aos caminhoneiros que bloqueiam estradas em protesto | Arquivo\" \/>\n\t\t<meta name=\"twitter:image\" content=\"https:\/\/www.jornalja.com.br\/economics\/wp-content\/uploads\/sites\/11\/2026\/08\/ja-folhaderosto-facebook.jpg\" \/>\n\t\t<script type=\"application\/ld+json\" class=\"aioseo-schema\">\n\t\t\t{\"@context\":\"https:\\\/\\\/schema.org\",\"@graph\":[{\"@type\":\"BlogPosting\",\"@id\":\"https:\\\/\\\/www.jornalja.com.br\\\/arquivo\\\/fiergs-pede-multa-aos-caminhoneiros-que-bloqueiam-estradas-em-protesto\\\/#blogposting\",\"name\":\"Fiergs pede multa aos caminhoneiros que bloqueiam estradas em protesto | Arquivo\",\"headline\":\"Fiergs pede multa aos caminhoneiros que bloqueiam estradas em protesto\",\"author\":{\"@id\":\"https:\\\/\\\/www.jornalja.com.br\\\/arquivo\\\/author\\\/daredacao\\\/#author\"},\"publisher\":{\"@id\":\"https:\\\/\\\/www.jornalja.com.br\\\/arquivo\\\/#organization\"},\"image\":{\"@type\":\"ImageObject\",\"url\":52828},\"datePublished\":\"2017-08-04T20:35:07-03:00\",\"dateModified\":\"2017-08-04T20:35:07-03:00\",\"inLanguage\":\"pt-BR\",\"mainEntityOfPage\":{\"@id\":\"https:\\\/\\\/www.jornalja.com.br\\\/arquivo\\\/fiergs-pede-multa-aos-caminhoneiros-que-bloqueiam-estradas-em-protesto\\\/#webpage\"},\"isPartOf\":{\"@id\":\"https:\\\/\\\/www.jornalja.com.br\\\/arquivo\\\/fiergs-pede-multa-aos-caminhoneiros-que-bloqueiam-estradas-em-protesto\\\/#webpage\"},\"articleSection\":\"Geral\"},{\"@type\":\"BreadcrumbList\",\"@id\":\"https:\\\/\\\/www.jornalja.com.br\\\/arquivo\\\/fiergs-pede-multa-aos-caminhoneiros-que-bloqueiam-estradas-em-protesto\\\/#breadcrumblist\",\"itemListElement\":[{\"@type\":\"ListItem\",\"@id\":\"https:\\\/\\\/www.jornalja.com.br\\\/arquivo#listItem\",\"position\":1,\"name\":\"Home\",\"item\":\"https:\\\/\\\/www.jornalja.com.br\\\/arquivo\",\"nextItem\":{\"@type\":\"ListItem\",\"@id\":\"https:\\\/\\\/www.jornalja.com.br\\\/arquivo\\\/category\\\/geral\\\/#listItem\",\"name\":\"Geral\"}},{\"@type\":\"ListItem\",\"@id\":\"https:\\\/\\\/www.jornalja.com.br\\\/arquivo\\\/category\\\/geral\\\/#listItem\",\"position\":2,\"name\":\"Geral\",\"item\":\"https:\\\/\\\/www.jornalja.com.br\\\/arquivo\\\/category\\\/geral\\\/\",\"nextItem\":{\"@type\":\"ListItem\",\"@id\":\"https:\\\/\\\/www.jornalja.com.br\\\/arquivo\\\/fiergs-pede-multa-aos-caminhoneiros-que-bloqueiam-estradas-em-protesto\\\/#listItem\",\"name\":\"Fiergs pede multa aos caminhoneiros que bloqueiam estradas em protesto\"},\"previousItem\":{\"@type\":\"ListItem\",\"@id\":\"https:\\\/\\\/www.jornalja.com.br\\\/arquivo#listItem\",\"name\":\"Home\"}},{\"@type\":\"ListItem\",\"@id\":\"https:\\\/\\\/www.jornalja.com.br\\\/arquivo\\\/fiergs-pede-multa-aos-caminhoneiros-que-bloqueiam-estradas-em-protesto\\\/#listItem\",\"position\":3,\"name\":\"Fiergs pede multa aos caminhoneiros que bloqueiam estradas em protesto\",\"previousItem\":{\"@type\":\"ListItem\",\"@id\":\"https:\\\/\\\/www.jornalja.com.br\\\/arquivo\\\/category\\\/geral\\\/#listItem\",\"name\":\"Geral\"}}]},{\"@type\":\"Organization\",\"@id\":\"https:\\\/\\\/www.jornalja.com.br\\\/arquivo\\\/#organization\",\"name\":\"Jornal J\\u00c1\",\"description\":\"Jornal J\\u00c1 | Porto Alegre\",\"url\":\"https:\\\/\\\/www.jornalja.com.br\\\/arquivo\\\/\",\"telephone\":\"+555133307272\",\"logo\":{\"@type\":\"ImageObject\",\"url\":\"https:\\\/\\\/www.jornalja.com.br\\\/wp-content\\\/uploads\\\/cards\\\/JAslogan.png\",\"@id\":\"https:\\\/\\\/www.jornalja.com.br\\\/arquivo\\\/fiergs-pede-multa-aos-caminhoneiros-que-bloqueiam-estradas-em-protesto\\\/#organizationLogo\"},\"image\":{\"@id\":\"https:\\\/\\\/www.jornalja.com.br\\\/arquivo\\\/fiergs-pede-multa-aos-caminhoneiros-que-bloqueiam-estradas-em-protesto\\\/#organizationLogo\"}},{\"@type\":\"Person\",\"@id\":\"https:\\\/\\\/www.jornalja.com.br\\\/arquivo\\\/author\\\/daredacao\\\/#author\",\"url\":\"https:\\\/\\\/www.jornalja.com.br\\\/arquivo\\\/author\\\/daredacao\\\/\",\"name\":\"da Reda\\u00e7\\u00e3o\",\"image\":{\"@type\":\"ImageObject\",\"@id\":\"https:\\\/\\\/www.jornalja.com.br\\\/arquivo\\\/fiergs-pede-multa-aos-caminhoneiros-que-bloqueiam-estradas-em-protesto\\\/#authorImage\",\"url\":\"https:\\\/\\\/secure.gravatar.com\\\/avatar\\\/469fd857d6605ad19919d27ed29d35a968a25f6e8fd9318356bbb7f57aae9c65?s=96&d=mm&r=g\",\"width\":96,\"height\":96,\"caption\":\"da Reda\\u00e7\\u00e3o\"}},{\"@type\":\"WebPage\",\"@id\":\"https:\\\/\\\/www.jornalja.com.br\\\/arquivo\\\/fiergs-pede-multa-aos-caminhoneiros-que-bloqueiam-estradas-em-protesto\\\/#webpage\",\"url\":\"https:\\\/\\\/www.jornalja.com.br\\\/arquivo\\\/fiergs-pede-multa-aos-caminhoneiros-que-bloqueiam-estradas-em-protesto\\\/\",\"name\":\"Fiergs pede multa aos caminhoneiros que bloqueiam estradas em protesto | Arquivo\",\"inLanguage\":\"pt-BR\",\"isPartOf\":{\"@id\":\"https:\\\/\\\/www.jornalja.com.br\\\/arquivo\\\/#website\"},\"breadcrumb\":{\"@id\":\"https:\\\/\\\/www.jornalja.com.br\\\/arquivo\\\/fiergs-pede-multa-aos-caminhoneiros-que-bloqueiam-estradas-em-protesto\\\/#breadcrumblist\"},\"author\":{\"@id\":\"https:\\\/\\\/www.jornalja.com.br\\\/arquivo\\\/author\\\/daredacao\\\/#author\"},\"creator\":{\"@id\":\"https:\\\/\\\/www.jornalja.com.br\\\/arquivo\\\/author\\\/daredacao\\\/#author\"},\"image\":{\"@type\":\"ImageObject\",\"url\":52828,\"@id\":\"https:\\\/\\\/www.jornalja.com.br\\\/arquivo\\\/fiergs-pede-multa-aos-caminhoneiros-que-bloqueiam-estradas-em-protesto\\\/#mainImage\"},\"primaryImageOfPage\":{\"@id\":\"https:\\\/\\\/www.jornalja.com.br\\\/arquivo\\\/fiergs-pede-multa-aos-caminhoneiros-que-bloqueiam-estradas-em-protesto\\\/#mainImage\"},\"datePublished\":\"2017-08-04T20:35:07-03:00\",\"dateModified\":\"2017-08-04T20:35:07-03:00\"},{\"@type\":\"WebSite\",\"@id\":\"https:\\\/\\\/www.jornalja.com.br\\\/arquivo\\\/#website\",\"url\":\"https:\\\/\\\/www.jornalja.com.br\\\/arquivo\\\/\",\"name\":\"Arquivo\",\"description\":\"Jornal J\\u00c1 | Porto Alegre\",\"inLanguage\":\"pt-BR\",\"publisher\":{\"@id\":\"https:\\\/\\\/www.jornalja.com.br\\\/arquivo\\\/#organization\"}}]}\n\t\t<\/script>\n\t\t<!-- All in One SEO -->\n\n","aioseo_head_json":{"title":"Fiergs pede multa aos caminhoneiros que bloqueiam estradas em protesto | Arquivo","description":"","canonical_url":"https:\/\/www.jornalja.com.br\/arquivo\/fiergs-pede-multa-aos-caminhoneiros-que-bloqueiam-estradas-em-protesto\/","robots":"max-image-preview:large","keywords":"","webmasterTools":{"miscellaneous":""},"schema":{"@context":"https:\/\/schema.org","@graph":[{"@type":"BlogPosting","@id":"https:\/\/www.jornalja.com.br\/arquivo\/fiergs-pede-multa-aos-caminhoneiros-que-bloqueiam-estradas-em-protesto\/#blogposting","name":"Fiergs pede multa aos caminhoneiros que bloqueiam estradas em protesto | Arquivo","headline":"Fiergs pede multa aos caminhoneiros que bloqueiam estradas em protesto","author":{"@id":"https:\/\/www.jornalja.com.br\/arquivo\/author\/daredacao\/#author"},"publisher":{"@id":"https:\/\/www.jornalja.com.br\/arquivo\/#organization"},"image":{"@type":"ImageObject","url":52828},"datePublished":"2017-08-04T20:35:07-03:00","dateModified":"2017-08-04T20:35:07-03:00","inLanguage":"pt-BR","mainEntityOfPage":{"@id":"https:\/\/www.jornalja.com.br\/arquivo\/fiergs-pede-multa-aos-caminhoneiros-que-bloqueiam-estradas-em-protesto\/#webpage"},"isPartOf":{"@id":"https:\/\/www.jornalja.com.br\/arquivo\/fiergs-pede-multa-aos-caminhoneiros-que-bloqueiam-estradas-em-protesto\/#webpage"},"articleSection":"Geral"},{"@type":"BreadcrumbList","@id":"https:\/\/www.jornalja.com.br\/arquivo\/fiergs-pede-multa-aos-caminhoneiros-que-bloqueiam-estradas-em-protesto\/#breadcrumblist","itemListElement":[{"@type":"ListItem","@id":"https:\/\/www.jornalja.com.br\/arquivo#listItem","position":1,"name":"Home","item":"https:\/\/www.jornalja.com.br\/arquivo","nextItem":{"@type":"ListItem","@id":"https:\/\/www.jornalja.com.br\/arquivo\/category\/geral\/#listItem","name":"Geral"}},{"@type":"ListItem","@id":"https:\/\/www.jornalja.com.br\/arquivo\/category\/geral\/#listItem","position":2,"name":"Geral","item":"https:\/\/www.jornalja.com.br\/arquivo\/category\/geral\/","nextItem":{"@type":"ListItem","@id":"https:\/\/www.jornalja.com.br\/arquivo\/fiergs-pede-multa-aos-caminhoneiros-que-bloqueiam-estradas-em-protesto\/#listItem","name":"Fiergs pede multa aos caminhoneiros que bloqueiam estradas em protesto"},"previousItem":{"@type":"ListItem","@id":"https:\/\/www.jornalja.com.br\/arquivo#listItem","name":"Home"}},{"@type":"ListItem","@id":"https:\/\/www.jornalja.com.br\/arquivo\/fiergs-pede-multa-aos-caminhoneiros-que-bloqueiam-estradas-em-protesto\/#listItem","position":3,"name":"Fiergs pede multa aos caminhoneiros que bloqueiam estradas em protesto","previousItem":{"@type":"ListItem","@id":"https:\/\/www.jornalja.com.br\/arquivo\/category\/geral\/#listItem","name":"Geral"}}]},{"@type":"Organization","@id":"https:\/\/www.jornalja.com.br\/arquivo\/#organization","name":"Jornal J\u00c1","description":"Jornal J\u00c1 | Porto Alegre","url":"https:\/\/www.jornalja.com.br\/arquivo\/","telephone":"+555133307272","logo":{"@type":"ImageObject","url":"https:\/\/www.jornalja.com.br\/wp-content\/uploads\/cards\/JAslogan.png","@id":"https:\/\/www.jornalja.com.br\/arquivo\/fiergs-pede-multa-aos-caminhoneiros-que-bloqueiam-estradas-em-protesto\/#organizationLogo"},"image":{"@id":"https:\/\/www.jornalja.com.br\/arquivo\/fiergs-pede-multa-aos-caminhoneiros-que-bloqueiam-estradas-em-protesto\/#organizationLogo"}},{"@type":"Person","@id":"https:\/\/www.jornalja.com.br\/arquivo\/author\/daredacao\/#author","url":"https:\/\/www.jornalja.com.br\/arquivo\/author\/daredacao\/","name":"da Reda\u00e7\u00e3o","image":{"@type":"ImageObject","@id":"https:\/\/www.jornalja.com.br\/arquivo\/fiergs-pede-multa-aos-caminhoneiros-que-bloqueiam-estradas-em-protesto\/#authorImage","url":"https:\/\/secure.gravatar.com\/avatar\/469fd857d6605ad19919d27ed29d35a968a25f6e8fd9318356bbb7f57aae9c65?s=96&d=mm&r=g","width":96,"height":96,"caption":"da Reda\u00e7\u00e3o"}},{"@type":"WebPage","@id":"https:\/\/www.jornalja.com.br\/arquivo\/fiergs-pede-multa-aos-caminhoneiros-que-bloqueiam-estradas-em-protesto\/#webpage","url":"https:\/\/www.jornalja.com.br\/arquivo\/fiergs-pede-multa-aos-caminhoneiros-que-bloqueiam-estradas-em-protesto\/","name":"Fiergs pede multa aos caminhoneiros que bloqueiam estradas em protesto | Arquivo","inLanguage":"pt-BR","isPartOf":{"@id":"https:\/\/www.jornalja.com.br\/arquivo\/#website"},"breadcrumb":{"@id":"https:\/\/www.jornalja.com.br\/arquivo\/fiergs-pede-multa-aos-caminhoneiros-que-bloqueiam-estradas-em-protesto\/#breadcrumblist"},"author":{"@id":"https:\/\/www.jornalja.com.br\/arquivo\/author\/daredacao\/#author"},"creator":{"@id":"https:\/\/www.jornalja.com.br\/arquivo\/author\/daredacao\/#author"},"image":{"@type":"ImageObject","url":52828,"@id":"https:\/\/www.jornalja.com.br\/arquivo\/fiergs-pede-multa-aos-caminhoneiros-que-bloqueiam-estradas-em-protesto\/#mainImage"},"primaryImageOfPage":{"@id":"https:\/\/www.jornalja.com.br\/arquivo\/fiergs-pede-multa-aos-caminhoneiros-que-bloqueiam-estradas-em-protesto\/#mainImage"},"datePublished":"2017-08-04T20:35:07-03:00","dateModified":"2017-08-04T20:35:07-03:00"},{"@type":"WebSite","@id":"https:\/\/www.jornalja.com.br\/arquivo\/#website","url":"https:\/\/www.jornalja.com.br\/arquivo\/","name":"Arquivo","description":"Jornal J\u00c1 | Porto Alegre","inLanguage":"pt-BR","publisher":{"@id":"https:\/\/www.jornalja.com.br\/arquivo\/#organization"}}]},"og:locale":"pt_BR","og:site_name":"Arquivo | Jornal J\u00c1 | Porto Alegre","og:type":"article","og:title":"Fiergs pede multa aos caminhoneiros que bloqueiam estradas em protesto | Arquivo","og:url":"https:\/\/www.jornalja.com.br\/arquivo\/fiergs-pede-multa-aos-caminhoneiros-que-bloqueiam-estradas-em-protesto\/","og:image":"https:\/\/www.jornalja.com.br\/economics\/wp-content\/uploads\/sites\/11\/2026\/08\/ja-folhaderosto-facebook.jpg","og:image:secure_url":"https:\/\/www.jornalja.com.br\/economics\/wp-content\/uploads\/sites\/11\/2026\/08\/ja-folhaderosto-facebook.jpg","article:published_time":"2017-08-04T23:35:07+00:00","article:modified_time":"2017-08-04T23:35:07+00:00","twitter:card":"summary","twitter:title":"Fiergs pede multa aos caminhoneiros que bloqueiam estradas em protesto | Arquivo","twitter:image":"https:\/\/www.jornalja.com.br\/economics\/wp-content\/uploads\/sites\/11\/2026\/08\/ja-folhaderosto-facebook.jpg"},"aioseo_meta_data":{"post_id":"52823","title":null,"description":null,"keywords":null,"keyphrases":null,"primary_term":null,"canonical_url":null,"og_title":null,"og_description":null,"og_object_type":"default","og_image_type":"default","og_image_url":null,"og_image_width":null,"og_image_height":null,"og_image_custom_url":null,"og_image_custom_fields":null,"og_video":null,"og_custom_url":null,"og_article_section":null,"og_article_tags":null,"twitter_use_og":false,"twitter_card":"default","twitter_image_type":"default","twitter_image_url":null,"twitter_image_custom_url":null,"twitter_image_custom_fields":null,"twitter_title":null,"twitter_description":null,"schema":{"blockGraphs":[],"customGraphs":[],"default":{"data":{"Article":[],"Course":[],"Dataset":[],"FAQPage":[],"Movie":[],"Person":[],"Product":[],"ProductReview":[],"Car":[],"Recipe":[],"Service":[],"SoftwareApplication":[],"WebPage":[]},"graphName":"","isEnabled":true},"graphs":[]},"schema_type":null,"schema_type_options":null,"pillar_content":false,"robots_default":true,"robots_noindex":false,"robots_noarchive":false,"robots_nosnippet":false,"robots_nofollow":false,"robots_noimageindex":false,"robots_noodp":false,"robots_notranslate":false,"robots_max_snippet":null,"robots_max_videopreview":null,"robots_max_imagepreview":"large","priority":null,"frequency":null,"location":null,"local_seo":null,"breadcrumb_settings":null,"limit_modified_date":false,"ai":null,"created":"2020-12-20 20:28:19","updated":"2025-07-20 00:05:05","seo_analyzer_scan_date":null,"focus_keyword":null,"additional_keywords":null,"truseo_locale":null},"jetpack_sharing_enabled":true,"jetpack-related-posts":[{"id":14241,"url":"https:\/\/www.jornalja.com.br\/arquivo\/o-guaiba-nas-imagens-poeticas-de-achutti\/","url_meta":{"origin":52823,"position":0},"title":"O Gua\u00edba nas imagens po\u00e9ticas de Achutti","author":"da Reda\u00e7\u00e3o","date":"18 de junho de 2014","format":false,"excerpt":"Em \u201cO Gua\u00edba por Achutti\u201d \u2013 obra financiada via Minist\u00e9rio da Cultura, produ\u00e7\u00e3o executiva de Pedro Longhi, e Fl\u00e1vio Wild como designer \u2013, o fot\u00f3grafo revela a beleza e as mazelas de um espa\u00e7o aqu\u00e1tico de \u00e1guas sempre renovadas, cheio de hist\u00f3rias e lendas como as das cidades que foram\u2026","rel":"","context":"Em &quot;Cultura-Geral&quot;","block_context":{"text":"Cultura-Geral","link":"https:\/\/www.jornalja.com.br\/arquivo\/category\/materiasecundaria\/"},"img":{"alt_text":"","src":"","width":0,"height":0},"classes":[]},{"id":5440,"url":"https:\/\/www.jornalja.com.br\/arquivo\/casarao-da-venancio-destino-permanece-incerto\/","url_meta":{"origin":52823,"position":1},"title":"Estado ainda n\u00e3o sabe o que fazer com casar\u00e3o abandonado h\u00e1 20 anos","author":"Elmar Bones","date":"6 de julho de 2009","format":false,"excerpt":"O casar\u00e3o amarelo, numa esquina nobre de Porto Alegre (Ven\u00e2ncio Aires com Jo\u00e3o Pessoa), j\u00e1 abrigou uma escola. H\u00e1 duas d\u00e9cadas, pelo menos, est\u00e1 abandonado, porque seu propriet\u00e1rio, o governo do Estado do Rio Grande do Sul, n\u00e3o consegue achar um destino para ele. Planos n\u00e3o faltaram. O governador Ol\u00edvio\u2026","rel":"","context":"Em &quot;X.Categorias velhas&quot;","block_context":{"text":"X.Categorias velhas","link":"https:\/\/www.jornalja.com.br\/arquivo\/category\/x-categorias-velhas\/"},"img":{"alt_text":"geraldo1","src":"https:\/\/i0.wp.com\/www.jornalja.com.br\/wp-content\/uploads\/2009\/07\/geraldo1.jpg?resize=350%2C200&ssl=1","width":350,"height":200},"classes":[]},{"id":13128,"url":"https:\/\/www.jornalja.com.br\/arquivo\/maconha-terra-diz-que-uso-medicinal-e-desculpa\/","url_meta":{"origin":52823,"position":2},"title":"Maconha: Terra diz que uso medicinal \u00e9 desculpa","author":"Patr\u00edcia Marini","date":"4 de junho de 2014","format":false,"excerpt":"A condi\u00e7\u00e3o de pol\u00edtico, em \u00e9poca de campanha de campanha eleitoral, tira for\u00e7a do discurso do m\u00e9dico Osmar Terra contra a legaliza\u00e7\u00e3o da maconha. A tese dele de que a libera\u00e7\u00e3o vai ampliar exponencialmente o consumo \u00e9 discutivel, o consumo \u00e9 corrente. Mas seus alertas quanto aos riscos tem que\u2026","rel":"","context":"Em &quot;X.Categorias velhas&quot;","block_context":{"text":"X.Categorias velhas","link":"https:\/\/www.jornalja.com.br\/arquivo\/category\/x-categorias-velhas\/"},"img":{"alt_text":"","src":"","width":0,"height":0},"classes":[]},{"id":13239,"url":"https:\/\/www.jornalja.com.br\/arquivo\/conselho-desdenha-do-plano-diretor\/","url_meta":{"origin":52823,"position":3},"title":"Porto Alegre: Conselho detona Plano Diretor","author":"Patr\u00edcia Marini","date":"25 de maio de 2014","format":false,"excerpt":"Den\u00fancia do arquiteto e \u00a0urbanista Ibir\u00e1 Santos Lucas. Ele diz que os conselheiros est\u00e3o votando com \"enorme irresponsabilidade\". \"Mudam regime com a maior naturalidade,,,regularizam absurdos de constru\u00e7\u00f5es irregulares... \"O CMDUA est\u00e1 flexibilizando a lei do plano diretor, de uma forma impactante na vida da cidade. Mudam regime com a maior\u2026","rel":"","context":"Em &quot;Geral&quot;","block_context":{"text":"Geral","link":"https:\/\/www.jornalja.com.br\/arquivo\/category\/geral\/"},"img":{"alt_text":"","src":"","width":0,"height":0},"classes":[]},{"id":13124,"url":"https:\/\/www.jornalja.com.br\/arquivo\/sangue-latino-no-iecine\/","url_meta":{"origin":52823,"position":4},"title":"Sangue latino no IECINE","author":"da Reda\u00e7\u00e3o","date":"18 de maio de 2014","format":false,"excerpt":"Francisco Ribeiro O Instituto Estadual de Cinema (IECINE) tem a frente, desde abril \u00faltimo, um novo diretor, o cineasta colombiano Juan Zapata, 36, que substitui Luiz Alberto Cassol. Radicado h\u00e1 dez anos em Porto Alegre, Zapata tem diante de si o desafio de conduzir at\u00e9 o final do ano um\u2026","rel":"","context":"Em &quot;Cultura-Geral&quot;","block_context":{"text":"Cultura-Geral","link":"https:\/\/www.jornalja.com.br\/arquivo\/category\/materiasecundaria\/"},"img":{"alt_text":"","src":"","width":0,"height":0},"classes":[]},{"id":13109,"url":"https:\/\/www.jornalja.com.br\/arquivo\/judiciario-reconhece-poluicao-eletromagnetica\/","url_meta":{"origin":52823,"position":5},"title":"Judici\u00e1rio reconhece polui\u00e7\u00e3o eletromagn\u00e9tica","author":"Patr\u00edcia Marini","date":"16 de maio de 2014","format":false,"excerpt":"A\u00e7\u00e3o de duas associa\u00e7\u00f5es de moradores foi acolhida pelo Tribunal de Justi\u00e7a de S\u00e3o Paulo que. em decis\u00e3o in\u00e9dita, determinou a redu\u00e7\u00e3o do campo eletromagn\u00e9tico gerado pelas linhas de transmiss\u00e3o de energia que cortam os bairros City Boa\u00e7ava e Alto de Pinheiros. \u00c9 a primeira vez que um tribunal do\u2026","rel":"","context":"Em &quot;X.Categorias velhas&quot;","block_context":{"text":"X.Categorias velhas","link":"https:\/\/www.jornalja.com.br\/arquivo\/category\/x-categorias-velhas\/"},"img":{"alt_text":"","src":"","width":0,"height":0},"classes":[]}],"jetpack_shortlink":"https:\/\/wp.me\/pbQjBd-dJZ","jetpack_featured_media_url":"","_links":{"self":[{"href":"https:\/\/www.jornalja.com.br\/arquivo\/wp-json\/wp\/v2\/posts\/52823","targetHints":{"allow":["GET"]}}],"collection":[{"href":"https:\/\/www.jornalja.com.br\/arquivo\/wp-json\/wp\/v2\/posts"}],"about":[{"href":"https:\/\/www.jornalja.com.br\/arquivo\/wp-json\/wp\/v2\/types\/post"}],"author":[{"embeddable":true,"href":"https:\/\/www.jornalja.com.br\/arquivo\/wp-json\/wp\/v2\/users\/4"}],"replies":[{"embeddable":true,"href":"https:\/\/www.jornalja.com.br\/arquivo\/wp-json\/wp\/v2\/comments?post=52823"}],"version-history":[{"count":0,"href":"https:\/\/www.jornalja.com.br\/arquivo\/wp-json\/wp\/v2\/posts\/52823\/revisions"}],"wp:attachment":[{"href":"https:\/\/www.jornalja.com.br\/arquivo\/wp-json\/wp\/v2\/media?parent=52823"}],"wp:term":[{"taxonomy":"category","embeddable":true,"href":"https:\/\/www.jornalja.com.br\/arquivo\/wp-json\/wp\/v2\/categories?post=52823"},{"taxonomy":"post_tag","embeddable":true,"href":"https:\/\/www.jornalja.com.br\/arquivo\/wp-json\/wp\/v2\/tags?post=52823"}],"curies":[{"name":"wp","href":"https:\/\/api.w.org\/{rel}","templated":true}]}}