{"id":53008,"date":"2017-08-08T00:50:27","date_gmt":"2017-08-08T03:50:27","guid":{"rendered":"https:\/\/www.jornalja.com.br\/?p=53008"},"modified":"2017-08-08T00:50:27","modified_gmt":"2017-08-08T03:50:27","slug":"instituto-historico-e-geografico-do-rs-comemora-97-anos-com-evento-na-proxima-quinta-feira","status":"publish","type":"post","link":"https:\/\/www.jornalja.com.br\/arquivo\/instituto-historico-e-geografico-do-rs-comemora-97-anos-com-evento-na-proxima-quinta-feira\/","title":{"rendered":"Instituto Hist\u00f3rico e Geogr\u00e1fico do RS comemora 97 anos com evento na pr\u00f3xima quinta-feira"},"content":{"rendered":"<p>O Instituto Hist\u00f3rico e Geogr\u00e1fico do Rio Grande do Sul (IHGRGS) comemora, na pr\u00f3xima quinta-feira, dia 10, das 15h \u00e0s 18h, seu anivers\u00e1rio de 97 anos.<br \/>\nNa solenidade, que ocorre no teatro do instituto (Riachuelo, 1317, 3\u00ba andar), ser\u00e1 concedido o t\u00edtulo de Membro Honor\u00e1rio para S\u00e9rgio da Costa Franco.<br \/>\nAl\u00e9m disso, ser\u00e3o empossados como membros os pesquisadores Ana Carolina Gelmini de Faria, Ana Celina Silva, Carla Renata de Souza Gomes, C\u00e9sar Andre Luiz Beras, \u00c9verton Quevedo, Jefferson Teles Martins, Gabriel Santos Berute, Marlise Maria Giovanaz e Pedro C\u00e2ncio da Silva. Bruno Jos\u00e9 Queiroz Ceretta e Caio Lustosa ser\u00e3o empossados como membros colaboradores.<br \/>\n\u201cEste \u00e9 um momento muito importante, estamos \u00e0s v\u00e9speras do centen\u00e1rio da institui\u00e7\u00e3o cultural mais antiga em funcionamento ininterrupto do Rio Grande do Sul, que deu origem a diversos institutos hist\u00f3ricos que funcionam no Estado\u201d, pontua o presidente do IHGRGS, Miguel Frederico do Esp\u00edrito Santo.<br \/>\n<strong>Sobre o IHGRGS<\/strong><br \/>\nFundado em 5 de agosto de 1920, o IHGRGS \u00e9 uma institui\u00e7\u00e3o privada sem fins lucrativos que tem por finalidade promover estudos e investiga\u00e7\u00f5es sobre Hist\u00f3ria, Geografia, Arqueologia, Filologia, Antropologia e campos correlatos de conhecimento, principalmente centrados no Rio Grande do Sul.<br \/>\nPreserva a mem\u00f3ria ga\u00facha atrav\u00e9s de fundos documentais e acervos bibliogr\u00e1ficos que servem, tamb\u00e9m, para embasar as investiga\u00e7\u00f5es e a constru\u00e7\u00e3o de massa cr\u00edtica sobre seu objeto de trabalho. Sua biblioteca conta com mais de 100 mil volumes, destacando-se os arquivos de Visconde de S\u00e3o Leopoldo, Visconde de Pelotas e Borges de Medeiros.<\/p>\n","protected":false},"excerpt":{"rendered":"<p>O Instituto Hist\u00f3rico e Geogr\u00e1fico do Rio Grande do Sul (IHGRGS) comemora, na pr\u00f3xima quinta-feira, dia 10, das 15h \u00e0s 18h, seu anivers\u00e1rio de 97 anos. Na solenidade, que ocorre no teatro do instituto (Riachuelo, 1317, 3\u00ba andar), ser\u00e1 concedido o t\u00edtulo de Membro Honor\u00e1rio para S\u00e9rgio da Costa Franco. Al\u00e9m disso, ser\u00e3o empossados como [&hellip;]<\/p>\n","protected":false},"author":4,"featured_media":0,"comment_status":"open","ping_status":"closed","sticky":false,"template":"","format":"standard","meta":{"_jetpack_newsletter_access":"","_jetpack_dont_email_post_to_subs":false,"_jetpack_newsletter_tier_id":0,"_jetpack_memberships_contains_paywalled_content":false,"_jetpack_feature_clip_id":0,"_jetpack_memberships_contains_paid_content":false,"footnotes":"","jetpack_post_was_ever_published":false},"categories":[2017],"tags":[],"class_list":["post-53008","post","type-post","status-publish","format-standard","hentry","category-culturanotas"],"aioseo_notices":[],"aioseo_head":"\n\t\t<!-- All in One SEO 5.0.1.1 - aioseo.com -->\n\t<meta name=\"robots\" content=\"max-image-preview:large\" \/>\n\t<meta name=\"author\" content=\"da Reda\u00e7\u00e3o\"\/>\n\t<link rel=\"canonical\" href=\"https:\/\/www.jornalja.com.br\/arquivo\/instituto-historico-e-geografico-do-rs-comemora-97-anos-com-evento-na-proxima-quinta-feira\/\" \/>\n\t<meta name=\"generator\" content=\"All in One SEO (AIOSEO) 5.0.1.1\" \/>\n\t\t<meta property=\"og:locale\" content=\"pt_BR\" \/>\n\t\t<meta property=\"og:site_name\" content=\"Arquivo | Jornal J\u00c1 | Porto Alegre\" \/>\n\t\t<meta property=\"og:type\" content=\"article\" \/>\n\t\t<meta property=\"og:title\" content=\"Instituto Hist\u00f3rico e Geogr\u00e1fico do RS comemora 97 anos com evento na pr\u00f3xima quinta-feira | Arquivo\" \/>\n\t\t<meta property=\"og:url\" content=\"https:\/\/www.jornalja.com.br\/arquivo\/instituto-historico-e-geografico-do-rs-comemora-97-anos-com-evento-na-proxima-quinta-feira\/\" \/>\n\t\t<meta property=\"og:image\" content=\"https:\/\/www.jornalja.com.br\/economics\/wp-content\/uploads\/sites\/11\/2026\/08\/ja-folhaderosto-facebook.jpg\" \/>\n\t\t<meta property=\"og:image:secure_url\" content=\"https:\/\/www.jornalja.com.br\/economics\/wp-content\/uploads\/sites\/11\/2026\/08\/ja-folhaderosto-facebook.jpg\" \/>\n\t\t<meta property=\"article:published_time\" content=\"2017-08-08T03:50:27+00:00\" \/>\n\t\t<meta property=\"article:modified_time\" content=\"2017-08-08T03:50:27+00:00\" \/>\n\t\t<meta name=\"twitter:card\" content=\"summary\" \/>\n\t\t<meta name=\"twitter:title\" content=\"Instituto Hist\u00f3rico e Geogr\u00e1fico do RS comemora 97 anos com evento na pr\u00f3xima quinta-feira | Arquivo\" \/>\n\t\t<meta name=\"twitter:image\" content=\"https:\/\/www.jornalja.com.br\/economics\/wp-content\/uploads\/sites\/11\/2026\/08\/ja-folhaderosto-facebook.jpg\" \/>\n\t\t<script type=\"application\/ld+json\" class=\"aioseo-schema\">\n\t\t\t{\"@context\":\"https:\\\/\\\/schema.org\",\"@graph\":[{\"@type\":\"BlogPosting\",\"@id\":\"https:\\\/\\\/www.jornalja.com.br\\\/arquivo\\\/instituto-historico-e-geografico-do-rs-comemora-97-anos-com-evento-na-proxima-quinta-feira\\\/#blogposting\",\"name\":\"Instituto Hist\\u00f3rico e Geogr\\u00e1fico do RS comemora 97 anos com evento na pr\\u00f3xima quinta-feira | Arquivo\",\"headline\":\"Instituto Hist\\u00f3rico e Geogr\\u00e1fico do RS comemora 97 anos com evento na pr\\u00f3xima quinta-feira\",\"author\":{\"@id\":\"https:\\\/\\\/www.jornalja.com.br\\\/arquivo\\\/author\\\/daredacao\\\/#author\"},\"publisher\":{\"@id\":\"https:\\\/\\\/www.jornalja.com.br\\\/arquivo\\\/#organization\"},\"image\":{\"@type\":\"ImageObject\",\"url\":\"https:\\\/\\\/www.jornalja.com.br\\\/wp-content\\\/uploads\\\/cards\\\/JAslogan.png\",\"@id\":\"https:\\\/\\\/www.jornalja.com.br\\\/arquivo\\\/#articleImage\"},\"datePublished\":\"2017-08-08T00:50:27-03:00\",\"dateModified\":\"2017-08-08T00:50:27-03:00\",\"inLanguage\":\"pt-BR\",\"mainEntityOfPage\":{\"@id\":\"https:\\\/\\\/www.jornalja.com.br\\\/arquivo\\\/instituto-historico-e-geografico-do-rs-comemora-97-anos-com-evento-na-proxima-quinta-feira\\\/#webpage\"},\"isPartOf\":{\"@id\":\"https:\\\/\\\/www.jornalja.com.br\\\/arquivo\\\/instituto-historico-e-geografico-do-rs-comemora-97-anos-com-evento-na-proxima-quinta-feira\\\/#webpage\"},\"articleSection\":\"Cultura-notas\"},{\"@type\":\"BreadcrumbList\",\"@id\":\"https:\\\/\\\/www.jornalja.com.br\\\/arquivo\\\/instituto-historico-e-geografico-do-rs-comemora-97-anos-com-evento-na-proxima-quinta-feira\\\/#breadcrumblist\",\"itemListElement\":[{\"@type\":\"ListItem\",\"@id\":\"https:\\\/\\\/www.jornalja.com.br\\\/arquivo#listItem\",\"position\":1,\"name\":\"Home\",\"item\":\"https:\\\/\\\/www.jornalja.com.br\\\/arquivo\",\"nextItem\":{\"@type\":\"ListItem\",\"@id\":\"https:\\\/\\\/www.jornalja.com.br\\\/arquivo\\\/category\\\/culturanotas\\\/#listItem\",\"name\":\"Cultura-notas\"}},{\"@type\":\"ListItem\",\"@id\":\"https:\\\/\\\/www.jornalja.com.br\\\/arquivo\\\/category\\\/culturanotas\\\/#listItem\",\"position\":2,\"name\":\"Cultura-notas\",\"item\":\"https:\\\/\\\/www.jornalja.com.br\\\/arquivo\\\/category\\\/culturanotas\\\/\",\"nextItem\":{\"@type\":\"ListItem\",\"@id\":\"https:\\\/\\\/www.jornalja.com.br\\\/arquivo\\\/instituto-historico-e-geografico-do-rs-comemora-97-anos-com-evento-na-proxima-quinta-feira\\\/#listItem\",\"name\":\"Instituto Hist\\u00f3rico e Geogr\\u00e1fico do RS comemora 97 anos com evento na pr\\u00f3xima quinta-feira\"},\"previousItem\":{\"@type\":\"ListItem\",\"@id\":\"https:\\\/\\\/www.jornalja.com.br\\\/arquivo#listItem\",\"name\":\"Home\"}},{\"@type\":\"ListItem\",\"@id\":\"https:\\\/\\\/www.jornalja.com.br\\\/arquivo\\\/instituto-historico-e-geografico-do-rs-comemora-97-anos-com-evento-na-proxima-quinta-feira\\\/#listItem\",\"position\":3,\"name\":\"Instituto Hist\\u00f3rico e Geogr\\u00e1fico do RS comemora 97 anos com evento na pr\\u00f3xima quinta-feira\",\"previousItem\":{\"@type\":\"ListItem\",\"@id\":\"https:\\\/\\\/www.jornalja.com.br\\\/arquivo\\\/category\\\/culturanotas\\\/#listItem\",\"name\":\"Cultura-notas\"}}]},{\"@type\":\"Organization\",\"@id\":\"https:\\\/\\\/www.jornalja.com.br\\\/arquivo\\\/#organization\",\"name\":\"Jornal J\\u00c1\",\"description\":\"Jornal J\\u00c1 | Porto Alegre\",\"url\":\"https:\\\/\\\/www.jornalja.com.br\\\/arquivo\\\/\",\"telephone\":\"+555133307272\",\"logo\":{\"@type\":\"ImageObject\",\"url\":\"https:\\\/\\\/www.jornalja.com.br\\\/wp-content\\\/uploads\\\/cards\\\/JAslogan.png\",\"@id\":\"https:\\\/\\\/www.jornalja.com.br\\\/arquivo\\\/instituto-historico-e-geografico-do-rs-comemora-97-anos-com-evento-na-proxima-quinta-feira\\\/#organizationLogo\"},\"image\":{\"@id\":\"https:\\\/\\\/www.jornalja.com.br\\\/arquivo\\\/instituto-historico-e-geografico-do-rs-comemora-97-anos-com-evento-na-proxima-quinta-feira\\\/#organizationLogo\"}},{\"@type\":\"Person\",\"@id\":\"https:\\\/\\\/www.jornalja.com.br\\\/arquivo\\\/author\\\/daredacao\\\/#author\",\"url\":\"https:\\\/\\\/www.jornalja.com.br\\\/arquivo\\\/author\\\/daredacao\\\/\",\"name\":\"da Reda\\u00e7\\u00e3o\",\"image\":{\"@type\":\"ImageObject\",\"@id\":\"https:\\\/\\\/www.jornalja.com.br\\\/arquivo\\\/instituto-historico-e-geografico-do-rs-comemora-97-anos-com-evento-na-proxima-quinta-feira\\\/#authorImage\",\"url\":\"https:\\\/\\\/secure.gravatar.com\\\/avatar\\\/469fd857d6605ad19919d27ed29d35a968a25f6e8fd9318356bbb7f57aae9c65?s=96&d=mm&r=g\",\"width\":96,\"height\":96,\"caption\":\"da Reda\\u00e7\\u00e3o\"}},{\"@type\":\"WebPage\",\"@id\":\"https:\\\/\\\/www.jornalja.com.br\\\/arquivo\\\/instituto-historico-e-geografico-do-rs-comemora-97-anos-com-evento-na-proxima-quinta-feira\\\/#webpage\",\"url\":\"https:\\\/\\\/www.jornalja.com.br\\\/arquivo\\\/instituto-historico-e-geografico-do-rs-comemora-97-anos-com-evento-na-proxima-quinta-feira\\\/\",\"name\":\"Instituto Hist\\u00f3rico e Geogr\\u00e1fico do RS comemora 97 anos com evento na pr\\u00f3xima quinta-feira | Arquivo\",\"inLanguage\":\"pt-BR\",\"isPartOf\":{\"@id\":\"https:\\\/\\\/www.jornalja.com.br\\\/arquivo\\\/#website\"},\"breadcrumb\":{\"@id\":\"https:\\\/\\\/www.jornalja.com.br\\\/arquivo\\\/instituto-historico-e-geografico-do-rs-comemora-97-anos-com-evento-na-proxima-quinta-feira\\\/#breadcrumblist\"},\"author\":{\"@id\":\"https:\\\/\\\/www.jornalja.com.br\\\/arquivo\\\/author\\\/daredacao\\\/#author\"},\"creator\":{\"@id\":\"https:\\\/\\\/www.jornalja.com.br\\\/arquivo\\\/author\\\/daredacao\\\/#author\"},\"datePublished\":\"2017-08-08T00:50:27-03:00\",\"dateModified\":\"2017-08-08T00:50:27-03:00\"},{\"@type\":\"WebSite\",\"@id\":\"https:\\\/\\\/www.jornalja.com.br\\\/arquivo\\\/#website\",\"url\":\"https:\\\/\\\/www.jornalja.com.br\\\/arquivo\\\/\",\"name\":\"Arquivo\",\"description\":\"Jornal J\\u00c1 | Porto Alegre\",\"inLanguage\":\"pt-BR\",\"publisher\":{\"@id\":\"https:\\\/\\\/www.jornalja.com.br\\\/arquivo\\\/#organization\"}}]}\n\t\t<\/script>\n\t\t<!-- All in One SEO -->\n\n","aioseo_head_json":{"title":"Instituto Hist\u00f3rico e Geogr\u00e1fico do RS comemora 97 anos com evento na pr\u00f3xima quinta-feira | Arquivo","description":"","canonical_url":"https:\/\/www.jornalja.com.br\/arquivo\/instituto-historico-e-geografico-do-rs-comemora-97-anos-com-evento-na-proxima-quinta-feira\/","robots":"max-image-preview:large","keywords":"","webmasterTools":{"miscellaneous":""},"schema":{"@context":"https:\/\/schema.org","@graph":[{"@type":"BlogPosting","@id":"https:\/\/www.jornalja.com.br\/arquivo\/instituto-historico-e-geografico-do-rs-comemora-97-anos-com-evento-na-proxima-quinta-feira\/#blogposting","name":"Instituto Hist\u00f3rico e Geogr\u00e1fico do RS comemora 97 anos com evento na pr\u00f3xima quinta-feira | Arquivo","headline":"Instituto Hist\u00f3rico e Geogr\u00e1fico do RS comemora 97 anos com evento na pr\u00f3xima quinta-feira","author":{"@id":"https:\/\/www.jornalja.com.br\/arquivo\/author\/daredacao\/#author"},"publisher":{"@id":"https:\/\/www.jornalja.com.br\/arquivo\/#organization"},"image":{"@type":"ImageObject","url":"https:\/\/www.jornalja.com.br\/wp-content\/uploads\/cards\/JAslogan.png","@id":"https:\/\/www.jornalja.com.br\/arquivo\/#articleImage"},"datePublished":"2017-08-08T00:50:27-03:00","dateModified":"2017-08-08T00:50:27-03:00","inLanguage":"pt-BR","mainEntityOfPage":{"@id":"https:\/\/www.jornalja.com.br\/arquivo\/instituto-historico-e-geografico-do-rs-comemora-97-anos-com-evento-na-proxima-quinta-feira\/#webpage"},"isPartOf":{"@id":"https:\/\/www.jornalja.com.br\/arquivo\/instituto-historico-e-geografico-do-rs-comemora-97-anos-com-evento-na-proxima-quinta-feira\/#webpage"},"articleSection":"Cultura-notas"},{"@type":"BreadcrumbList","@id":"https:\/\/www.jornalja.com.br\/arquivo\/instituto-historico-e-geografico-do-rs-comemora-97-anos-com-evento-na-proxima-quinta-feira\/#breadcrumblist","itemListElement":[{"@type":"ListItem","@id":"https:\/\/www.jornalja.com.br\/arquivo#listItem","position":1,"name":"Home","item":"https:\/\/www.jornalja.com.br\/arquivo","nextItem":{"@type":"ListItem","@id":"https:\/\/www.jornalja.com.br\/arquivo\/category\/culturanotas\/#listItem","name":"Cultura-notas"}},{"@type":"ListItem","@id":"https:\/\/www.jornalja.com.br\/arquivo\/category\/culturanotas\/#listItem","position":2,"name":"Cultura-notas","item":"https:\/\/www.jornalja.com.br\/arquivo\/category\/culturanotas\/","nextItem":{"@type":"ListItem","@id":"https:\/\/www.jornalja.com.br\/arquivo\/instituto-historico-e-geografico-do-rs-comemora-97-anos-com-evento-na-proxima-quinta-feira\/#listItem","name":"Instituto Hist\u00f3rico e Geogr\u00e1fico do RS comemora 97 anos com evento na pr\u00f3xima quinta-feira"},"previousItem":{"@type":"ListItem","@id":"https:\/\/www.jornalja.com.br\/arquivo#listItem","name":"Home"}},{"@type":"ListItem","@id":"https:\/\/www.jornalja.com.br\/arquivo\/instituto-historico-e-geografico-do-rs-comemora-97-anos-com-evento-na-proxima-quinta-feira\/#listItem","position":3,"name":"Instituto Hist\u00f3rico e Geogr\u00e1fico do RS comemora 97 anos com evento na pr\u00f3xima quinta-feira","previousItem":{"@type":"ListItem","@id":"https:\/\/www.jornalja.com.br\/arquivo\/category\/culturanotas\/#listItem","name":"Cultura-notas"}}]},{"@type":"Organization","@id":"https:\/\/www.jornalja.com.br\/arquivo\/#organization","name":"Jornal J\u00c1","description":"Jornal J\u00c1 | Porto Alegre","url":"https:\/\/www.jornalja.com.br\/arquivo\/","telephone":"+555133307272","logo":{"@type":"ImageObject","url":"https:\/\/www.jornalja.com.br\/wp-content\/uploads\/cards\/JAslogan.png","@id":"https:\/\/www.jornalja.com.br\/arquivo\/instituto-historico-e-geografico-do-rs-comemora-97-anos-com-evento-na-proxima-quinta-feira\/#organizationLogo"},"image":{"@id":"https:\/\/www.jornalja.com.br\/arquivo\/instituto-historico-e-geografico-do-rs-comemora-97-anos-com-evento-na-proxima-quinta-feira\/#organizationLogo"}},{"@type":"Person","@id":"https:\/\/www.jornalja.com.br\/arquivo\/author\/daredacao\/#author","url":"https:\/\/www.jornalja.com.br\/arquivo\/author\/daredacao\/","name":"da Reda\u00e7\u00e3o","image":{"@type":"ImageObject","@id":"https:\/\/www.jornalja.com.br\/arquivo\/instituto-historico-e-geografico-do-rs-comemora-97-anos-com-evento-na-proxima-quinta-feira\/#authorImage","url":"https:\/\/secure.gravatar.com\/avatar\/469fd857d6605ad19919d27ed29d35a968a25f6e8fd9318356bbb7f57aae9c65?s=96&d=mm&r=g","width":96,"height":96,"caption":"da Reda\u00e7\u00e3o"}},{"@type":"WebPage","@id":"https:\/\/www.jornalja.com.br\/arquivo\/instituto-historico-e-geografico-do-rs-comemora-97-anos-com-evento-na-proxima-quinta-feira\/#webpage","url":"https:\/\/www.jornalja.com.br\/arquivo\/instituto-historico-e-geografico-do-rs-comemora-97-anos-com-evento-na-proxima-quinta-feira\/","name":"Instituto Hist\u00f3rico e Geogr\u00e1fico do RS comemora 97 anos com evento na pr\u00f3xima quinta-feira | Arquivo","inLanguage":"pt-BR","isPartOf":{"@id":"https:\/\/www.jornalja.com.br\/arquivo\/#website"},"breadcrumb":{"@id":"https:\/\/www.jornalja.com.br\/arquivo\/instituto-historico-e-geografico-do-rs-comemora-97-anos-com-evento-na-proxima-quinta-feira\/#breadcrumblist"},"author":{"@id":"https:\/\/www.jornalja.com.br\/arquivo\/author\/daredacao\/#author"},"creator":{"@id":"https:\/\/www.jornalja.com.br\/arquivo\/author\/daredacao\/#author"},"datePublished":"2017-08-08T00:50:27-03:00","dateModified":"2017-08-08T00:50:27-03:00"},{"@type":"WebSite","@id":"https:\/\/www.jornalja.com.br\/arquivo\/#website","url":"https:\/\/www.jornalja.com.br\/arquivo\/","name":"Arquivo","description":"Jornal J\u00c1 | Porto Alegre","inLanguage":"pt-BR","publisher":{"@id":"https:\/\/www.jornalja.com.br\/arquivo\/#organization"}}]},"og:locale":"pt_BR","og:site_name":"Arquivo | Jornal J\u00c1 | Porto Alegre","og:type":"article","og:title":"Instituto Hist\u00f3rico e Geogr\u00e1fico do RS comemora 97 anos com evento na pr\u00f3xima quinta-feira | Arquivo","og:url":"https:\/\/www.jornalja.com.br\/arquivo\/instituto-historico-e-geografico-do-rs-comemora-97-anos-com-evento-na-proxima-quinta-feira\/","og:image":"https:\/\/www.jornalja.com.br\/economics\/wp-content\/uploads\/sites\/11\/2026\/08\/ja-folhaderosto-facebook.jpg","og:image:secure_url":"https:\/\/www.jornalja.com.br\/economics\/wp-content\/uploads\/sites\/11\/2026\/08\/ja-folhaderosto-facebook.jpg","article:published_time":"2017-08-08T03:50:27+00:00","article:modified_time":"2017-08-08T03:50:27+00:00","twitter:card":"summary","twitter:title":"Instituto Hist\u00f3rico e Geogr\u00e1fico do RS comemora 97 anos com evento na pr\u00f3xima quinta-feira | Arquivo","twitter:image":"https:\/\/www.jornalja.com.br\/economics\/wp-content\/uploads\/sites\/11\/2026\/08\/ja-folhaderosto-facebook.jpg"},"aioseo_meta_data":{"post_id":"53008","title":null,"description":null,"keywords":null,"keyphrases":null,"primary_term":null,"canonical_url":null,"og_title":null,"og_description":null,"og_object_type":"default","og_image_type":"default","og_image_url":null,"og_image_width":null,"og_image_height":null,"og_image_custom_url":null,"og_image_custom_fields":null,"og_video":null,"og_custom_url":null,"og_article_section":null,"og_article_tags":null,"twitter_use_og":false,"twitter_card":"default","twitter_image_type":"default","twitter_image_url":null,"twitter_image_custom_url":null,"twitter_image_custom_fields":null,"twitter_title":null,"twitter_description":null,"schema":{"blockGraphs":[],"customGraphs":[],"default":{"data":{"Article":[],"Course":[],"Dataset":[],"FAQPage":[],"Movie":[],"Person":[],"Product":[],"ProductReview":[],"Car":[],"Recipe":[],"Service":[],"SoftwareApplication":[],"WebPage":[]},"graphName":"","isEnabled":true},"graphs":[],"defaultGraph":"","defaultPostTypeGraph":""},"schema_type":null,"schema_type_options":null,"pillar_content":false,"robots_default":true,"robots_noindex":false,"robots_noarchive":false,"robots_nosnippet":false,"robots_nofollow":false,"robots_noimageindex":false,"robots_noodp":false,"robots_notranslate":false,"robots_max_snippet":null,"robots_max_videopreview":null,"robots_max_imagepreview":"large","priority":null,"frequency":null,"location":null,"local_seo":null,"breadcrumb_settings":null,"limit_modified_date":false,"ai":null,"created":"2020-12-20 20:28:19","updated":"2025-07-20 00:06:15","seo_analyzer_scan_date":null,"focus_keyword":null,"additional_keywords":null,"truseo_locale":null},"jetpack_sharing_enabled":true,"jetpack-related-posts":[{"id":13101,"url":"https:\/\/www.jornalja.com.br\/arquivo\/morre-um-guerreiro-do-texto\/","url_meta":{"origin":53008,"position":0},"title":"Morre um guerreiro do texto","author":"Patr\u00edcia Marini","date":"14 de maio de 2014","format":false,"excerpt":"Por Ricardo Kotscho Reproduzido do blog do autor, 11\/5\/2014; t\u00edtulo original \u201cE l\u00e1 se foi o nosso Myltainho, guerreiro do texto\u201d. Mi\u00fado e franzino, meu amigo Myltainho era um valente e inconformado guerreiro na luta contra as injusti\u00e7as sociais, a hipocrisia, as maracutaias, o autoritarismo, a intoler\u00e2ncia, a viol\u00eancia, o\u2026","rel":"","context":"Em &quot;Geral&quot;","block_context":{"text":"Geral","link":"https:\/\/www.jornalja.com.br\/arquivo\/category\/geral\/"},"img":{"alt_text":"","src":"","width":0,"height":0},"classes":[]},{"id":12960,"url":"https:\/\/www.jornalja.com.br\/arquivo\/populacao-culpa-empresas-pela-greve-dos-rodoviarios\/","url_meta":{"origin":53008,"position":1},"title":"Popula\u00e7\u00e3o culpa empresas pela greve","author":"Patr\u00edcia Marini","date":"14 de fevereiro de 2014","format":false,"excerpt":"Pesquisa divulgada na edi\u00e7\u00e3o do jornal Metro desta sexta-feira,14, comprova o velho ditado: \u00e9 poss\u00edvel enganar muitos por algum tempo, mas n\u00e3o \u00e9 poss\u00edvel enganar a todos o tempo inteiro. A principal revela\u00e7\u00e3o foi que 59,8% dos entrevistados apontaram as empresas como as principais respons\u00e1veis pela grave e 46% culparam\u2026","rel":"","context":"Em &quot;X.Categorias velhas&quot;","block_context":{"text":"X.Categorias velhas","link":"https:\/\/www.jornalja.com.br\/arquivo\/category\/x-categorias-velhas\/"},"img":{"alt_text":"","src":"","width":0,"height":0},"classes":[]},{"id":13124,"url":"https:\/\/www.jornalja.com.br\/arquivo\/sangue-latino-no-iecine\/","url_meta":{"origin":53008,"position":2},"title":"Sangue latino no IECINE","author":"da Reda\u00e7\u00e3o","date":"18 de maio de 2014","format":false,"excerpt":"Francisco Ribeiro O Instituto Estadual de Cinema (IECINE) tem a frente, desde abril \u00faltimo, um novo diretor, o cineasta colombiano Juan Zapata, 36, que substitui Luiz Alberto Cassol. Radicado h\u00e1 dez anos em Porto Alegre, Zapata tem diante de si o desafio de conduzir at\u00e9 o final do ano um\u2026","rel":"","context":"Em &quot;Cultura-Geral&quot;","block_context":{"text":"Cultura-Geral","link":"https:\/\/www.jornalja.com.br\/arquivo\/category\/materiasecundaria\/"},"img":{"alt_text":"","src":"","width":0,"height":0},"classes":[]},{"id":1280,"url":"https:\/\/www.jornalja.com.br\/arquivo\/o-menino-que-se-tornou-brizola\/","url_meta":{"origin":53008,"position":3},"title":"O Menino que se Tornou Brizola","author":"da Reda\u00e7\u00e3o","date":"28 de julho de 2008","format":false,"excerpt":"Autor: Cleber Dioni A vida de Leonel Brizola, com \u00eanfase para os primeiros anos em Porto Alegre, at\u00e9 o ex\u00edlio no Uruguai e a volta, quinze anos depois. \u00a0\"...\u00c9ramos todos jovens e nos identific\u00e1vamos com aquela massa an\u00f4nima a percorrer as ruas de Porto Alegre, gritando 'Get\u00falio', 'Get\u00falio' e empunhando\u2026","rel":"","context":"Em &quot;Livros&quot;","block_context":{"text":"Livros","link":"https:\/\/www.jornalja.com.br\/arquivo\/category\/livros\/"},"img":{"alt_text":"","src":"https:\/\/i0.wp.com\/www.jornalja.com.br\/wp-content\/uploads\/2008\/07\/brizola.gif?resize=350%2C200&ssl=1","width":350,"height":200},"classes":[]},{"id":5440,"url":"https:\/\/www.jornalja.com.br\/arquivo\/casarao-da-venancio-destino-permanece-incerto\/","url_meta":{"origin":53008,"position":4},"title":"Estado ainda n\u00e3o sabe o que fazer com casar\u00e3o abandonado h\u00e1 20 anos","author":"Elmar Bones","date":"6 de julho de 2009","format":false,"excerpt":"O casar\u00e3o amarelo, numa esquina nobre de Porto Alegre (Ven\u00e2ncio Aires com Jo\u00e3o Pessoa), j\u00e1 abrigou uma escola. H\u00e1 duas d\u00e9cadas, pelo menos, est\u00e1 abandonado, porque seu propriet\u00e1rio, o governo do Estado do Rio Grande do Sul, n\u00e3o consegue achar um destino para ele. Planos n\u00e3o faltaram. O governador Ol\u00edvio\u2026","rel":"","context":"Em &quot;X.Categorias velhas&quot;","block_context":{"text":"X.Categorias velhas","link":"https:\/\/www.jornalja.com.br\/arquivo\/category\/x-categorias-velhas\/"},"img":{"alt_text":"geraldo1","src":"https:\/\/i0.wp.com\/www.jornalja.com.br\/wp-content\/uploads\/2009\/07\/geraldo1.jpg?resize=350%2C200&ssl=1","width":350,"height":200},"classes":[]},{"id":14241,"url":"https:\/\/www.jornalja.com.br\/arquivo\/o-guaiba-nas-imagens-poeticas-de-achutti\/","url_meta":{"origin":53008,"position":5},"title":"O Gua\u00edba nas imagens po\u00e9ticas de Achutti","author":"da Reda\u00e7\u00e3o","date":"18 de junho de 2014","format":false,"excerpt":"Em \u201cO Gua\u00edba por Achutti\u201d \u2013 obra financiada via Minist\u00e9rio da Cultura, produ\u00e7\u00e3o executiva de Pedro Longhi, e Fl\u00e1vio Wild como designer \u2013, o fot\u00f3grafo revela a beleza e as mazelas de um espa\u00e7o aqu\u00e1tico de \u00e1guas sempre renovadas, cheio de hist\u00f3rias e lendas como as das cidades que foram\u2026","rel":"","context":"Em &quot;Cultura-Geral&quot;","block_context":{"text":"Cultura-Geral","link":"https:\/\/www.jornalja.com.br\/arquivo\/category\/materiasecundaria\/"},"img":{"alt_text":"","src":"","width":0,"height":0},"classes":[]}],"jetpack_shortlink":"https:\/\/wp.me\/pbQjBd-dMY","jetpack_featured_media_url":"","_links":{"self":[{"href":"https:\/\/www.jornalja.com.br\/arquivo\/wp-json\/wp\/v2\/posts\/53008","targetHints":{"allow":["GET"]}}],"collection":[{"href":"https:\/\/www.jornalja.com.br\/arquivo\/wp-json\/wp\/v2\/posts"}],"about":[{"href":"https:\/\/www.jornalja.com.br\/arquivo\/wp-json\/wp\/v2\/types\/post"}],"author":[{"embeddable":true,"href":"https:\/\/www.jornalja.com.br\/arquivo\/wp-json\/wp\/v2\/users\/4"}],"replies":[{"embeddable":true,"href":"https:\/\/www.jornalja.com.br\/arquivo\/wp-json\/wp\/v2\/comments?post=53008"}],"version-history":[{"count":0,"href":"https:\/\/www.jornalja.com.br\/arquivo\/wp-json\/wp\/v2\/posts\/53008\/revisions"}],"wp:attachment":[{"href":"https:\/\/www.jornalja.com.br\/arquivo\/wp-json\/wp\/v2\/media?parent=53008"}],"wp:term":[{"taxonomy":"category","embeddable":true,"href":"https:\/\/www.jornalja.com.br\/arquivo\/wp-json\/wp\/v2\/categories?post=53008"},{"taxonomy":"post_tag","embeddable":true,"href":"https:\/\/www.jornalja.com.br\/arquivo\/wp-json\/wp\/v2\/tags?post=53008"}],"curies":[{"name":"wp","href":"https:\/\/api.w.org\/{rel}","templated":true}]}}