{"id":53019,"date":"2017-08-08T10:51:40","date_gmt":"2017-08-08T13:51:40","guid":{"rendered":"https:\/\/www.jornalja.com.br\/?p=53019"},"modified":"2017-08-08T10:51:40","modified_gmt":"2017-08-08T13:51:40","slug":"guerra-no-rio-mais-de-700-pessoas-mortas-em-tiroteios-desde-janeiro","status":"publish","type":"post","link":"https:\/\/www.jornalja.com.br\/arquivo\/guerra-no-rio-mais-de-700-pessoas-mortas-em-tiroteios-desde-janeiro\/","title":{"rendered":"Guerra no Rio: mais de 700 pessoas mortas em tiroteios desde janeiro"},"content":{"rendered":"<p>A Linha Vermelha, via expressa de 25 quil\u00f4metros que corta uma das \u00e1reas mais populosas do Rio de Janeiro, ficou\u00a0 vinte minutos interditada por conta de um tiroteio, no in\u00edcio desta ter\u00e7a feira.<br \/>\n\u00c9 a quarta vez, em menos de 48 horas, que o tr\u00e2nsito \u00e9 bloqueado pela a\u00e7\u00e3o de bandidos na rodovia, cujo nome oficial \u00e9 Via Expressa Presidente Jo\u00e3o Goulart.<br \/>\nNas redes sociais, moradores relatavam, j\u00e1 de madrugada, \u00a0troca de tiros e informavam que escolas da regi\u00e3o est\u00e3o sem aulas nessa manh\u00e3, por causa da opera\u00e7\u00e3o.<br \/>\n<a href=\"http:\/\/twitter.com\/vozdacomunidade\"><strong>Voz das Comunidades<\/strong>\u00a0<\/a><br \/>\n<u><a href=\"http:\/\/twitter.com\/vozdacomunidade\">\u2714@vozdacomunidade<\/a><\/u><br \/>\n06h20 &#8211; Moradores relatam uma intensa troca de tiros neste momento no Complexo da Penha<br \/>\n<a href=\"http:\/\/twitter.com\/vozdacomunidade\"><strong>Voz das Comunidades<\/strong>\u00a0<\/a><br \/>\n<u><a href=\"http:\/\/twitter.com\/vozdacomunidade\">\u00a0\u2714@vozdacomunidade<\/a><\/u><br \/>\n06h20 &#8211; Moradores relatam uma intensa troca de tiros neste momento no Complexo da Penha\u00a0<a href=\"http:\/\/t.co\/CULKSbx77M\">pic.twitter.com\/CULKSbx77M<\/a><br \/>\n<strong><a href=\"http:\/\/twitter.com\/vozdacomunidade\">\u00a0<\/a><\/strong><a href=\"http:\/\/twitter.com\/vozdacomunidade\"><strong>Voz das Comunidades<\/strong>\u00a0<\/a><br \/>\n<u><a href=\"http:\/\/twitter.com\/vozdacomunidade\">\u2714@vozdacomunidade<\/a><\/u><br \/>\n07h &#8211; O caveir\u00e3o do BOPE circula neste momento na Vila Cruzeiro e segundo infos, todas as escolas da regi\u00e3o est\u00e3o fechadas.<br \/>\n<a href=\"http:\/\/twitter.com\/vozdacomunidade\"><strong>Voz das Comunidades<\/strong>\u00a0<\/a><br \/>\n<u><a href=\"http:\/\/twitter.com\/vozdacomunidade\">\u00a0\u2714@vozdacomunidade<\/a><\/u><br \/>\n06h20 &#8211; Moradores relatam uma intensa troca de tiros neste momento no Complexo da Penha\u00a0<a href=\"http:\/\/t.co\/CULKSbx77M\">pic.twitter.com\/CULKSbx77M<\/a><br \/>\n<a href=\"http:\/\/twitter.com\/vozdacomunidade\"><strong>Voz das Comunidades<\/strong>\u00a0<\/a><br \/>\n<u><a href=\"http:\/\/twitter.com\/vozdacomunidade\">\u2714@vozdacomunidade<\/a><\/u><br \/>\nSegundo a p\u00e1gina\u00a0<a href=\"http:\/\/twitter.com\/bairrodapenha\">@bairrodapenha<\/a>, as escolas municipais Bernardo de Vasconcelos e Monsenhor Rocha cancelaram as aulas por causa da opera\u00e7\u00e3o.<br \/>\n<a href=\"http:\/\/twitter.com\/vozdacomunidade\/status\/894854146033143808\">6:33 AM &#8211; Aug 8, 2017<\/a><br \/>\n<a href=\"http:\/\/twitter.com\/RJ_OTT\"><strong>Onde Tem Tiroteio-RJ<\/strong>\u00a0@RJ_OTT<\/a><br \/>\nOTT-RJ Informa:<br \/>\nTiros na Vila Cruzeiro na Penha. Aten\u00e7\u00e3o na regi\u00e3o.\u00a0<a href=\"http:\/\/twitter.com\/RJ_OTT\/status\/894855966038118400\">6:41 AM &#8211; Aug 8, 2017<\/a><br \/>\nA onda de viol\u00eancia que havia reflu\u00eddo nos \u00faltimos dias com a chegada de tropas militares ao Rio, recrudesceu no domingo (6), quando os arrast\u00f5es recome\u00e7aram na Baixada Fluminense.<br \/>\n&nbsp;<br \/>\n\u201cSem as tropas federais nas ruas, a viol\u00eancia n\u00e3o d\u00e1 tr\u00e9gua, e os alvos principais de bandidos t\u00eam sido as vias expressas da cidade, focos da estrat\u00e9gia do Plano Nacional de Seguran\u00e7a\u201d, registrou o G1.<br \/>\n&nbsp;<\/p>\n<div class=\"mc-column content-text active-extra-styles active-capital-letter\" data-block-type=\"unstyled\" data-block-weight=\"61\">\n<p class=\"content-text__container theme-color-primary-first-letter\" data-track-category=\"Link no Texto\" data-track-links=\"\">Uma estat\u00edstica divulgada nesta ter\u00e7a, revela os n\u00edveis que a viol\u00eancia atingiu na antiga capital do Brasil<\/p>\n<p class=\"content-text__container theme-color-primary-first-letter\" data-track-category=\"Link no Texto\" data-track-links=\"\">O n\u00famero de v\u00edtimas que perderam a vida em tiroteios na Regi\u00e3o Metropolitana do Rio de Janeiro disparou no primeiro semestre do ano. Foram 742 pessoas mortas.<\/p>\n<p class=\"content-text__container theme-color-primary-first-letter\" data-track-category=\"Link no Texto\" data-track-links=\"\">O balan\u00e7o \u00e9 de um aplicativo, chamado Fogo Cruzado, que ajuda os moradores do Rio e Grande Rio a evitar \u00e1reas de confronto e rastreou a rotina de tiroteios na Regi\u00e3o Metropolitana da cidade.<\/p>\n<\/div>\n<div class=\"mc-column content-text active-extra-styles \" data-block-type=\"unstyled\" data-block-weight=\"70\">\n<p class=\"content-text__container \" data-track-category=\"Link no Texto\" data-track-links=\"\">Em um ano, a ferramenta recebeu 5.166 notifica\u00e7\u00f5es de confrontos.<\/p>\n<p class=\"content-text__container \" data-track-category=\"Link no Texto\" data-track-links=\"\">No primeiro semestre de 2017, o n\u00famero de tiroteios atingiu a maior m\u00e9dia: 15 por dia.<\/p>\n<p class=\"content-text__container \" data-track-category=\"Link no Texto\" data-track-links=\"\">Os dados do aplicativo ainda mostram que, entre os dez lugares onde h\u00e1 a maior incid\u00eancia de tiroteios no Rio de Janeiro, oito tem uma Unidade de Pol\u00edcia Pacificadora (UPP). Cidade de Deus, Complexo do Alem\u00e3o e Complexo da Penha s\u00e3o algumas dessas \u00e1reas.<\/p>\n<\/div>\n<div class=\"mc-column content-text active-extra-styles \" data-block-type=\"unstyled\" data-block-weight=\"70\">\n<p class=\"content-text__container \" data-track-category=\"Link no Texto\" data-track-links=\"\">A soci\u00f3loga que monitora as notifica\u00e7\u00f5es do aplicativo diz que os tiroteios passaram a ocorrer com mais frequ\u00eancia em todas as regi\u00f5es da cidade, n\u00e3o apenas nas \u00e1reas perif\u00e9ricas.<\/p>\n<p class=\"content-text__container \" data-track-category=\"Link no Texto\" data-track-links=\"\">Outro dado alarmante \u00e9 a maior quantidade de v\u00edtimas de armas de fogo. No segundo semestre do ano passado, 539 pessoas morreram por causa de tiros, segundo o Fogo Cruzado. No primeiro semestre deste ano foram 742. Um aumento de 37%.<\/p>\n<\/div>\n<div class=\" content-media content-media--normal content-photo\" data-block-type=\"backstage-photo\">\n<div class=\"content-media__container\">\n<div class=\"content-media__image-centered\">\n<div class=\"progressive-img can-open-lightbox\" data-min-size=\"1008x567\" data-min-size-url=\"http:\/\/s2.glbimg.com\/XVYAFEUSaZqwFcHMn2DoNFKNvCg=\/0x0:1920x1080\/1008x0\/smart\/filters:strip_icc()\/i.s3.glbimg.com\/v1\/AUTH_59edd422c0c84a879bd37670ae4f538a\/internal_photos\/bs\/2017\/4\/K\/fYXueTTEmgp7E6ZVPmpA\/tiroteio1.jpg\" data-max-size=\"1600x900\" data-max-size-url=\"http:\/\/s2.glbimg.com\/PoCthPOnAqxrqGXMupE2LAQjhBk=\/0x0:1920x1080\/1600x0\/smart\/filters:strip_icc()\/i.s3.glbimg.com\/v1\/AUTH_59edd422c0c84a879bd37670ae4f538a\/internal_photos\/bs\/2017\/4\/K\/fYXueTTEmgp7E6ZVPmpA\/tiroteio1.jpg\" data-media-index=\"1\">\n<div class=\"placeholder-container\">Teve um aumento muito grande dessas v\u00edtimas que, na sua maioria, s\u00e3o moradores que est\u00e3o ali naquela situa\u00e7\u00e3o, que n\u00e3o tem a ver com os tiroteios, n\u00e3o tem a ver com o confronto e que acabam sofrendo as consequ\u00eancias\u201d, explicou Paula Napoli\u00e3o, assistente de dados do aplicativo Fogo Cruzado, que atualmente \u00e9 usado por 100 mil pessoas.<\/div>\n<\/div>\n<\/div>\n<\/div>\n<\/div>\n<div class=\"mc-column content-text active-extra-styles \" data-block-type=\"unstyled\" data-block-weight=\"57\"><\/div>\n<div class=\"mc-column content-text active-extra-styles \" data-block-type=\"unstyled\" data-block-weight=\"58\">\n<p class=\"content-text__container \" data-track-category=\"Link no Texto\" data-track-links=\"\">A m\u00e3e e a irm\u00e3 de Lu\u00eds Carlos Alves foram baleadas na porta de casa. Marlene, de 76 anos, e Ana Cristina, de 42 anos, morreram ap\u00f3s um confronto entre policiais e traficantes no Morro da Mangueira, na Zona Norte do Rio. A Divis\u00e3o de Homic\u00eddios est\u00e1 investigando o caso. A fam\u00edlia suspeita que policiais teriam feito disparos. (com informa\u00e7\u00f5es do Dia, G1, RBA, Agencia Brasil)<\/p>\n<\/div>\n<div class=\" content-media content-media--normal content-photo\" data-block-type=\"backstage-photo\"><\/div>\n<div class=\"mc-column content-text active-extra-styles \" data-block-type=\"unstyled\" data-block-weight=\"59\"><\/div>\n<p>&nbsp;<br \/>\n&nbsp;<\/p>\n","protected":false},"excerpt":{"rendered":"<p>A Linha Vermelha, via expressa de 25 quil\u00f4metros que corta uma das \u00e1reas mais populosas do Rio de Janeiro, ficou\u00a0 vinte minutos interditada por conta de um tiroteio, no in\u00edcio desta ter\u00e7a feira. \u00c9 a quarta vez, em menos de 48 horas, que o tr\u00e2nsito \u00e9 bloqueado pela a\u00e7\u00e3o de bandidos na rodovia, cujo nome [&hellip;]<\/p>\n","protected":false},"author":4,"featured_media":53020,"comment_status":"open","ping_status":"closed","sticky":false,"template":"","format":"standard","meta":{"_jetpack_newsletter_access":"","_jetpack_dont_email_post_to_subs":false,"_jetpack_newsletter_tier_id":0,"_jetpack_memberships_contains_paywalled_content":false,"_jetpack_feature_clip_id":0,"_jetpack_memberships_contains_paid_content":false,"footnotes":"","jetpack_post_was_ever_published":false},"categories":[26],"tags":[],"class_list":["post-53019","post","type-post","status-publish","format-standard","has-post-thumbnail","hentry","category-geral"],"aioseo_notices":[],"aioseo_head":"\n\t\t<!-- All in One SEO 5.0.1.1 - aioseo.com -->\n\t<meta name=\"robots\" content=\"max-image-preview:large\" \/>\n\t<meta name=\"author\" content=\"da Reda\u00e7\u00e3o\"\/>\n\t<link rel=\"canonical\" href=\"https:\/\/www.jornalja.com.br\/arquivo\/guerra-no-rio-mais-de-700-pessoas-mortas-em-tiroteios-desde-janeiro\/\" \/>\n\t<meta name=\"generator\" content=\"All in One SEO (AIOSEO) 5.0.1.1\" \/>\n\t\t<meta property=\"og:locale\" content=\"pt_BR\" \/>\n\t\t<meta property=\"og:site_name\" content=\"Arquivo | Jornal J\u00c1 | Porto Alegre\" \/>\n\t\t<meta property=\"og:type\" content=\"article\" \/>\n\t\t<meta property=\"og:title\" content=\"Guerra no Rio: mais de 700 pessoas mortas em tiroteios desde janeiro | Arquivo\" \/>\n\t\t<meta property=\"og:url\" content=\"https:\/\/www.jornalja.com.br\/arquivo\/guerra-no-rio-mais-de-700-pessoas-mortas-em-tiroteios-desde-janeiro\/\" \/>\n\t\t<meta property=\"og:image\" content=\"https:\/\/www.jornalja.com.br\/economics\/wp-content\/uploads\/sites\/11\/2026\/08\/ja-folhaderosto-facebook.jpg\" \/>\n\t\t<meta property=\"og:image:secure_url\" content=\"https:\/\/www.jornalja.com.br\/economics\/wp-content\/uploads\/sites\/11\/2026\/08\/ja-folhaderosto-facebook.jpg\" \/>\n\t\t<meta property=\"article:published_time\" content=\"2017-08-08T13:51:40+00:00\" \/>\n\t\t<meta property=\"article:modified_time\" content=\"2017-08-08T13:51:40+00:00\" \/>\n\t\t<meta name=\"twitter:card\" content=\"summary\" \/>\n\t\t<meta name=\"twitter:title\" content=\"Guerra no Rio: mais de 700 pessoas mortas em tiroteios desde janeiro | Arquivo\" \/>\n\t\t<meta name=\"twitter:image\" content=\"https:\/\/www.jornalja.com.br\/economics\/wp-content\/uploads\/sites\/11\/2026\/08\/ja-folhaderosto-facebook.jpg\" \/>\n\t\t<script type=\"application\/ld+json\" class=\"aioseo-schema\">\n\t\t\t{\"@context\":\"https:\\\/\\\/schema.org\",\"@graph\":[{\"@type\":\"BlogPosting\",\"@id\":\"https:\\\/\\\/www.jornalja.com.br\\\/arquivo\\\/guerra-no-rio-mais-de-700-pessoas-mortas-em-tiroteios-desde-janeiro\\\/#blogposting\",\"name\":\"Guerra no Rio: mais de 700 pessoas mortas em tiroteios desde janeiro | Arquivo\",\"headline\":\"Guerra no Rio: mais de 700 pessoas mortas em tiroteios desde janeiro\",\"author\":{\"@id\":\"https:\\\/\\\/www.jornalja.com.br\\\/arquivo\\\/author\\\/daredacao\\\/#author\"},\"publisher\":{\"@id\":\"https:\\\/\\\/www.jornalja.com.br\\\/arquivo\\\/#organization\"},\"image\":{\"@type\":\"ImageObject\",\"url\":53020},\"datePublished\":\"2017-08-08T10:51:40-03:00\",\"dateModified\":\"2017-08-08T10:51:40-03:00\",\"inLanguage\":\"pt-BR\",\"mainEntityOfPage\":{\"@id\":\"https:\\\/\\\/www.jornalja.com.br\\\/arquivo\\\/guerra-no-rio-mais-de-700-pessoas-mortas-em-tiroteios-desde-janeiro\\\/#webpage\"},\"isPartOf\":{\"@id\":\"https:\\\/\\\/www.jornalja.com.br\\\/arquivo\\\/guerra-no-rio-mais-de-700-pessoas-mortas-em-tiroteios-desde-janeiro\\\/#webpage\"},\"articleSection\":\"Geral\"},{\"@type\":\"BreadcrumbList\",\"@id\":\"https:\\\/\\\/www.jornalja.com.br\\\/arquivo\\\/guerra-no-rio-mais-de-700-pessoas-mortas-em-tiroteios-desde-janeiro\\\/#breadcrumblist\",\"itemListElement\":[{\"@type\":\"ListItem\",\"@id\":\"https:\\\/\\\/www.jornalja.com.br\\\/arquivo#listItem\",\"position\":1,\"name\":\"Home\",\"item\":\"https:\\\/\\\/www.jornalja.com.br\\\/arquivo\",\"nextItem\":{\"@type\":\"ListItem\",\"@id\":\"https:\\\/\\\/www.jornalja.com.br\\\/arquivo\\\/category\\\/geral\\\/#listItem\",\"name\":\"Geral\"}},{\"@type\":\"ListItem\",\"@id\":\"https:\\\/\\\/www.jornalja.com.br\\\/arquivo\\\/category\\\/geral\\\/#listItem\",\"position\":2,\"name\":\"Geral\",\"item\":\"https:\\\/\\\/www.jornalja.com.br\\\/arquivo\\\/category\\\/geral\\\/\",\"nextItem\":{\"@type\":\"ListItem\",\"@id\":\"https:\\\/\\\/www.jornalja.com.br\\\/arquivo\\\/guerra-no-rio-mais-de-700-pessoas-mortas-em-tiroteios-desde-janeiro\\\/#listItem\",\"name\":\"Guerra no Rio: mais de 700 pessoas mortas em tiroteios desde janeiro\"},\"previousItem\":{\"@type\":\"ListItem\",\"@id\":\"https:\\\/\\\/www.jornalja.com.br\\\/arquivo#listItem\",\"name\":\"Home\"}},{\"@type\":\"ListItem\",\"@id\":\"https:\\\/\\\/www.jornalja.com.br\\\/arquivo\\\/guerra-no-rio-mais-de-700-pessoas-mortas-em-tiroteios-desde-janeiro\\\/#listItem\",\"position\":3,\"name\":\"Guerra no Rio: mais de 700 pessoas mortas em tiroteios desde janeiro\",\"previousItem\":{\"@type\":\"ListItem\",\"@id\":\"https:\\\/\\\/www.jornalja.com.br\\\/arquivo\\\/category\\\/geral\\\/#listItem\",\"name\":\"Geral\"}}]},{\"@type\":\"Organization\",\"@id\":\"https:\\\/\\\/www.jornalja.com.br\\\/arquivo\\\/#organization\",\"name\":\"Jornal J\\u00c1\",\"description\":\"Jornal J\\u00c1 | Porto Alegre\",\"url\":\"https:\\\/\\\/www.jornalja.com.br\\\/arquivo\\\/\",\"telephone\":\"+555133307272\",\"logo\":{\"@type\":\"ImageObject\",\"url\":\"https:\\\/\\\/www.jornalja.com.br\\\/wp-content\\\/uploads\\\/cards\\\/JAslogan.png\",\"@id\":\"https:\\\/\\\/www.jornalja.com.br\\\/arquivo\\\/guerra-no-rio-mais-de-700-pessoas-mortas-em-tiroteios-desde-janeiro\\\/#organizationLogo\"},\"image\":{\"@id\":\"https:\\\/\\\/www.jornalja.com.br\\\/arquivo\\\/guerra-no-rio-mais-de-700-pessoas-mortas-em-tiroteios-desde-janeiro\\\/#organizationLogo\"}},{\"@type\":\"Person\",\"@id\":\"https:\\\/\\\/www.jornalja.com.br\\\/arquivo\\\/author\\\/daredacao\\\/#author\",\"url\":\"https:\\\/\\\/www.jornalja.com.br\\\/arquivo\\\/author\\\/daredacao\\\/\",\"name\":\"da Reda\\u00e7\\u00e3o\",\"image\":{\"@type\":\"ImageObject\",\"@id\":\"https:\\\/\\\/www.jornalja.com.br\\\/arquivo\\\/guerra-no-rio-mais-de-700-pessoas-mortas-em-tiroteios-desde-janeiro\\\/#authorImage\",\"url\":\"https:\\\/\\\/secure.gravatar.com\\\/avatar\\\/469fd857d6605ad19919d27ed29d35a968a25f6e8fd9318356bbb7f57aae9c65?s=96&d=mm&r=g\",\"width\":96,\"height\":96,\"caption\":\"da Reda\\u00e7\\u00e3o\"}},{\"@type\":\"WebPage\",\"@id\":\"https:\\\/\\\/www.jornalja.com.br\\\/arquivo\\\/guerra-no-rio-mais-de-700-pessoas-mortas-em-tiroteios-desde-janeiro\\\/#webpage\",\"url\":\"https:\\\/\\\/www.jornalja.com.br\\\/arquivo\\\/guerra-no-rio-mais-de-700-pessoas-mortas-em-tiroteios-desde-janeiro\\\/\",\"name\":\"Guerra no Rio: mais de 700 pessoas mortas em tiroteios desde janeiro | Arquivo\",\"inLanguage\":\"pt-BR\",\"isPartOf\":{\"@id\":\"https:\\\/\\\/www.jornalja.com.br\\\/arquivo\\\/#website\"},\"breadcrumb\":{\"@id\":\"https:\\\/\\\/www.jornalja.com.br\\\/arquivo\\\/guerra-no-rio-mais-de-700-pessoas-mortas-em-tiroteios-desde-janeiro\\\/#breadcrumblist\"},\"author\":{\"@id\":\"https:\\\/\\\/www.jornalja.com.br\\\/arquivo\\\/author\\\/daredacao\\\/#author\"},\"creator\":{\"@id\":\"https:\\\/\\\/www.jornalja.com.br\\\/arquivo\\\/author\\\/daredacao\\\/#author\"},\"image\":{\"@type\":\"ImageObject\",\"url\":53020,\"@id\":\"https:\\\/\\\/www.jornalja.com.br\\\/arquivo\\\/guerra-no-rio-mais-de-700-pessoas-mortas-em-tiroteios-desde-janeiro\\\/#mainImage\"},\"primaryImageOfPage\":{\"@id\":\"https:\\\/\\\/www.jornalja.com.br\\\/arquivo\\\/guerra-no-rio-mais-de-700-pessoas-mortas-em-tiroteios-desde-janeiro\\\/#mainImage\"},\"datePublished\":\"2017-08-08T10:51:40-03:00\",\"dateModified\":\"2017-08-08T10:51:40-03:00\"},{\"@type\":\"WebSite\",\"@id\":\"https:\\\/\\\/www.jornalja.com.br\\\/arquivo\\\/#website\",\"url\":\"https:\\\/\\\/www.jornalja.com.br\\\/arquivo\\\/\",\"name\":\"Arquivo\",\"description\":\"Jornal J\\u00c1 | Porto Alegre\",\"inLanguage\":\"pt-BR\",\"publisher\":{\"@id\":\"https:\\\/\\\/www.jornalja.com.br\\\/arquivo\\\/#organization\"}}]}\n\t\t<\/script>\n\t\t<!-- All in One SEO -->\n\n","aioseo_head_json":{"title":"Guerra no Rio: mais de 700 pessoas mortas em tiroteios desde janeiro | Arquivo","description":"","canonical_url":"https:\/\/www.jornalja.com.br\/arquivo\/guerra-no-rio-mais-de-700-pessoas-mortas-em-tiroteios-desde-janeiro\/","robots":"max-image-preview:large","keywords":"","webmasterTools":{"miscellaneous":""},"schema":{"@context":"https:\/\/schema.org","@graph":[{"@type":"BlogPosting","@id":"https:\/\/www.jornalja.com.br\/arquivo\/guerra-no-rio-mais-de-700-pessoas-mortas-em-tiroteios-desde-janeiro\/#blogposting","name":"Guerra no Rio: mais de 700 pessoas mortas em tiroteios desde janeiro | Arquivo","headline":"Guerra no Rio: mais de 700 pessoas mortas em tiroteios desde janeiro","author":{"@id":"https:\/\/www.jornalja.com.br\/arquivo\/author\/daredacao\/#author"},"publisher":{"@id":"https:\/\/www.jornalja.com.br\/arquivo\/#organization"},"image":{"@type":"ImageObject","url":53020},"datePublished":"2017-08-08T10:51:40-03:00","dateModified":"2017-08-08T10:51:40-03:00","inLanguage":"pt-BR","mainEntityOfPage":{"@id":"https:\/\/www.jornalja.com.br\/arquivo\/guerra-no-rio-mais-de-700-pessoas-mortas-em-tiroteios-desde-janeiro\/#webpage"},"isPartOf":{"@id":"https:\/\/www.jornalja.com.br\/arquivo\/guerra-no-rio-mais-de-700-pessoas-mortas-em-tiroteios-desde-janeiro\/#webpage"},"articleSection":"Geral"},{"@type":"BreadcrumbList","@id":"https:\/\/www.jornalja.com.br\/arquivo\/guerra-no-rio-mais-de-700-pessoas-mortas-em-tiroteios-desde-janeiro\/#breadcrumblist","itemListElement":[{"@type":"ListItem","@id":"https:\/\/www.jornalja.com.br\/arquivo#listItem","position":1,"name":"Home","item":"https:\/\/www.jornalja.com.br\/arquivo","nextItem":{"@type":"ListItem","@id":"https:\/\/www.jornalja.com.br\/arquivo\/category\/geral\/#listItem","name":"Geral"}},{"@type":"ListItem","@id":"https:\/\/www.jornalja.com.br\/arquivo\/category\/geral\/#listItem","position":2,"name":"Geral","item":"https:\/\/www.jornalja.com.br\/arquivo\/category\/geral\/","nextItem":{"@type":"ListItem","@id":"https:\/\/www.jornalja.com.br\/arquivo\/guerra-no-rio-mais-de-700-pessoas-mortas-em-tiroteios-desde-janeiro\/#listItem","name":"Guerra no Rio: mais de 700 pessoas mortas em tiroteios desde janeiro"},"previousItem":{"@type":"ListItem","@id":"https:\/\/www.jornalja.com.br\/arquivo#listItem","name":"Home"}},{"@type":"ListItem","@id":"https:\/\/www.jornalja.com.br\/arquivo\/guerra-no-rio-mais-de-700-pessoas-mortas-em-tiroteios-desde-janeiro\/#listItem","position":3,"name":"Guerra no Rio: mais de 700 pessoas mortas em tiroteios desde janeiro","previousItem":{"@type":"ListItem","@id":"https:\/\/www.jornalja.com.br\/arquivo\/category\/geral\/#listItem","name":"Geral"}}]},{"@type":"Organization","@id":"https:\/\/www.jornalja.com.br\/arquivo\/#organization","name":"Jornal J\u00c1","description":"Jornal J\u00c1 | Porto Alegre","url":"https:\/\/www.jornalja.com.br\/arquivo\/","telephone":"+555133307272","logo":{"@type":"ImageObject","url":"https:\/\/www.jornalja.com.br\/wp-content\/uploads\/cards\/JAslogan.png","@id":"https:\/\/www.jornalja.com.br\/arquivo\/guerra-no-rio-mais-de-700-pessoas-mortas-em-tiroteios-desde-janeiro\/#organizationLogo"},"image":{"@id":"https:\/\/www.jornalja.com.br\/arquivo\/guerra-no-rio-mais-de-700-pessoas-mortas-em-tiroteios-desde-janeiro\/#organizationLogo"}},{"@type":"Person","@id":"https:\/\/www.jornalja.com.br\/arquivo\/author\/daredacao\/#author","url":"https:\/\/www.jornalja.com.br\/arquivo\/author\/daredacao\/","name":"da Reda\u00e7\u00e3o","image":{"@type":"ImageObject","@id":"https:\/\/www.jornalja.com.br\/arquivo\/guerra-no-rio-mais-de-700-pessoas-mortas-em-tiroteios-desde-janeiro\/#authorImage","url":"https:\/\/secure.gravatar.com\/avatar\/469fd857d6605ad19919d27ed29d35a968a25f6e8fd9318356bbb7f57aae9c65?s=96&d=mm&r=g","width":96,"height":96,"caption":"da Reda\u00e7\u00e3o"}},{"@type":"WebPage","@id":"https:\/\/www.jornalja.com.br\/arquivo\/guerra-no-rio-mais-de-700-pessoas-mortas-em-tiroteios-desde-janeiro\/#webpage","url":"https:\/\/www.jornalja.com.br\/arquivo\/guerra-no-rio-mais-de-700-pessoas-mortas-em-tiroteios-desde-janeiro\/","name":"Guerra no Rio: mais de 700 pessoas mortas em tiroteios desde janeiro | Arquivo","inLanguage":"pt-BR","isPartOf":{"@id":"https:\/\/www.jornalja.com.br\/arquivo\/#website"},"breadcrumb":{"@id":"https:\/\/www.jornalja.com.br\/arquivo\/guerra-no-rio-mais-de-700-pessoas-mortas-em-tiroteios-desde-janeiro\/#breadcrumblist"},"author":{"@id":"https:\/\/www.jornalja.com.br\/arquivo\/author\/daredacao\/#author"},"creator":{"@id":"https:\/\/www.jornalja.com.br\/arquivo\/author\/daredacao\/#author"},"image":{"@type":"ImageObject","url":53020,"@id":"https:\/\/www.jornalja.com.br\/arquivo\/guerra-no-rio-mais-de-700-pessoas-mortas-em-tiroteios-desde-janeiro\/#mainImage"},"primaryImageOfPage":{"@id":"https:\/\/www.jornalja.com.br\/arquivo\/guerra-no-rio-mais-de-700-pessoas-mortas-em-tiroteios-desde-janeiro\/#mainImage"},"datePublished":"2017-08-08T10:51:40-03:00","dateModified":"2017-08-08T10:51:40-03:00"},{"@type":"WebSite","@id":"https:\/\/www.jornalja.com.br\/arquivo\/#website","url":"https:\/\/www.jornalja.com.br\/arquivo\/","name":"Arquivo","description":"Jornal J\u00c1 | Porto Alegre","inLanguage":"pt-BR","publisher":{"@id":"https:\/\/www.jornalja.com.br\/arquivo\/#organization"}}]},"og:locale":"pt_BR","og:site_name":"Arquivo | Jornal J\u00c1 | Porto Alegre","og:type":"article","og:title":"Guerra no Rio: mais de 700 pessoas mortas em tiroteios desde janeiro | Arquivo","og:url":"https:\/\/www.jornalja.com.br\/arquivo\/guerra-no-rio-mais-de-700-pessoas-mortas-em-tiroteios-desde-janeiro\/","og:image":"https:\/\/www.jornalja.com.br\/economics\/wp-content\/uploads\/sites\/11\/2026\/08\/ja-folhaderosto-facebook.jpg","og:image:secure_url":"https:\/\/www.jornalja.com.br\/economics\/wp-content\/uploads\/sites\/11\/2026\/08\/ja-folhaderosto-facebook.jpg","article:published_time":"2017-08-08T13:51:40+00:00","article:modified_time":"2017-08-08T13:51:40+00:00","twitter:card":"summary","twitter:title":"Guerra no Rio: mais de 700 pessoas mortas em tiroteios desde janeiro | Arquivo","twitter:image":"https:\/\/www.jornalja.com.br\/economics\/wp-content\/uploads\/sites\/11\/2026\/08\/ja-folhaderosto-facebook.jpg"},"aioseo_meta_data":{"post_id":"53019","title":null,"description":null,"keywords":null,"keyphrases":null,"primary_term":null,"canonical_url":null,"og_title":null,"og_description":null,"og_object_type":"default","og_image_type":"default","og_image_url":null,"og_image_width":null,"og_image_height":null,"og_image_custom_url":null,"og_image_custom_fields":null,"og_video":null,"og_custom_url":null,"og_article_section":null,"og_article_tags":null,"twitter_use_og":false,"twitter_card":"default","twitter_image_type":"default","twitter_image_url":null,"twitter_image_custom_url":null,"twitter_image_custom_fields":null,"twitter_title":null,"twitter_description":null,"schema":{"blockGraphs":[],"customGraphs":[],"default":{"data":{"Article":[],"Course":[],"Dataset":[],"FAQPage":[],"Movie":[],"Person":[],"Product":[],"ProductReview":[],"Car":[],"Recipe":[],"Service":[],"SoftwareApplication":[],"WebPage":[]},"graphName":"","isEnabled":true},"graphs":[]},"schema_type":null,"schema_type_options":null,"pillar_content":false,"robots_default":true,"robots_noindex":false,"robots_noarchive":false,"robots_nosnippet":false,"robots_nofollow":false,"robots_noimageindex":false,"robots_noodp":false,"robots_notranslate":false,"robots_max_snippet":null,"robots_max_videopreview":null,"robots_max_imagepreview":"large","priority":null,"frequency":null,"location":null,"local_seo":null,"breadcrumb_settings":null,"limit_modified_date":false,"ai":null,"created":"2020-12-20 20:28:19","updated":"2025-07-20 00:06:15","seo_analyzer_scan_date":null,"focus_keyword":null,"additional_keywords":null,"truseo_locale":null},"jetpack_sharing_enabled":true,"jetpack-related-posts":[{"id":5440,"url":"https:\/\/www.jornalja.com.br\/arquivo\/casarao-da-venancio-destino-permanece-incerto\/","url_meta":{"origin":53019,"position":0},"title":"Estado ainda n\u00e3o sabe o que fazer com casar\u00e3o abandonado h\u00e1 20 anos","author":"Elmar Bones","date":"6 de julho de 2009","format":false,"excerpt":"O casar\u00e3o amarelo, numa esquina nobre de Porto Alegre (Ven\u00e2ncio Aires com Jo\u00e3o Pessoa), j\u00e1 abrigou uma escola. H\u00e1 duas d\u00e9cadas, pelo menos, est\u00e1 abandonado, porque seu propriet\u00e1rio, o governo do Estado do Rio Grande do Sul, n\u00e3o consegue achar um destino para ele. Planos n\u00e3o faltaram. O governador Ol\u00edvio\u2026","rel":"","context":"Em &quot;X.Categorias velhas&quot;","block_context":{"text":"X.Categorias velhas","link":"https:\/\/www.jornalja.com.br\/arquivo\/category\/x-categorias-velhas\/"},"img":{"alt_text":"geraldo1","src":"https:\/\/i0.wp.com\/www.jornalja.com.br\/wp-content\/uploads\/2009\/07\/geraldo1.jpg?resize=350%2C200&ssl=1","width":350,"height":200},"classes":[]},{"id":14241,"url":"https:\/\/www.jornalja.com.br\/arquivo\/o-guaiba-nas-imagens-poeticas-de-achutti\/","url_meta":{"origin":53019,"position":1},"title":"O Gua\u00edba nas imagens po\u00e9ticas de Achutti","author":"da Reda\u00e7\u00e3o","date":"18 de junho de 2014","format":false,"excerpt":"Em \u201cO Gua\u00edba por Achutti\u201d \u2013 obra financiada via Minist\u00e9rio da Cultura, produ\u00e7\u00e3o executiva de Pedro Longhi, e Fl\u00e1vio Wild como designer \u2013, o fot\u00f3grafo revela a beleza e as mazelas de um espa\u00e7o aqu\u00e1tico de \u00e1guas sempre renovadas, cheio de hist\u00f3rias e lendas como as das cidades que foram\u2026","rel":"","context":"Em &quot;Cultura-Geral&quot;","block_context":{"text":"Cultura-Geral","link":"https:\/\/www.jornalja.com.br\/arquivo\/category\/materiasecundaria\/"},"img":{"alt_text":"","src":"","width":0,"height":0},"classes":[]},{"id":13109,"url":"https:\/\/www.jornalja.com.br\/arquivo\/judiciario-reconhece-poluicao-eletromagnetica\/","url_meta":{"origin":53019,"position":2},"title":"Judici\u00e1rio reconhece polui\u00e7\u00e3o eletromagn\u00e9tica","author":"Patr\u00edcia Marini","date":"16 de maio de 2014","format":false,"excerpt":"A\u00e7\u00e3o de duas associa\u00e7\u00f5es de moradores foi acolhida pelo Tribunal de Justi\u00e7a de S\u00e3o Paulo que. em decis\u00e3o in\u00e9dita, determinou a redu\u00e7\u00e3o do campo eletromagn\u00e9tico gerado pelas linhas de transmiss\u00e3o de energia que cortam os bairros City Boa\u00e7ava e Alto de Pinheiros. \u00c9 a primeira vez que um tribunal do\u2026","rel":"","context":"Em &quot;X.Categorias velhas&quot;","block_context":{"text":"X.Categorias velhas","link":"https:\/\/www.jornalja.com.br\/arquivo\/category\/x-categorias-velhas\/"},"img":{"alt_text":"","src":"","width":0,"height":0},"classes":[]},{"id":13128,"url":"https:\/\/www.jornalja.com.br\/arquivo\/maconha-terra-diz-que-uso-medicinal-e-desculpa\/","url_meta":{"origin":53019,"position":3},"title":"Maconha: Terra diz que uso medicinal \u00e9 desculpa","author":"Patr\u00edcia Marini","date":"4 de junho de 2014","format":false,"excerpt":"A condi\u00e7\u00e3o de pol\u00edtico, em \u00e9poca de campanha de campanha eleitoral, tira for\u00e7a do discurso do m\u00e9dico Osmar Terra contra a legaliza\u00e7\u00e3o da maconha. A tese dele de que a libera\u00e7\u00e3o vai ampliar exponencialmente o consumo \u00e9 discutivel, o consumo \u00e9 corrente. Mas seus alertas quanto aos riscos tem que\u2026","rel":"","context":"Em &quot;X.Categorias velhas&quot;","block_context":{"text":"X.Categorias velhas","link":"https:\/\/www.jornalja.com.br\/arquivo\/category\/x-categorias-velhas\/"},"img":{"alt_text":"","src":"","width":0,"height":0},"classes":[]},{"id":13240,"url":"https:\/\/www.jornalja.com.br\/arquivo\/plano-diretor-estamos-construindo-o-caos\/","url_meta":{"origin":53019,"position":4},"title":"Plano diretor: &quot;Estamos construindo o caos&quot;","author":"Patr\u00edcia Marini","date":"26 de maio de 2014","format":false,"excerpt":"Desabafo que arquiteta Eliana Castilhos, delegada da Regi\u00e3o de Planejamento 1, postou nas redes sociais \u00e9 um testemunho do ambiente que se criou no Conselho do Plano Diretor de Porto Alegre, onde a aprova\u00e7\u00e3o de grandes empreendimentos \u00e9 empurrada guela abaixo dos conselheiros. Ao CMDUA Como delegada da Regi\u00e3o de\u2026","rel":"","context":"Em &quot;Geral&quot;","block_context":{"text":"Geral","link":"https:\/\/www.jornalja.com.br\/arquivo\/category\/geral\/"},"img":{"alt_text":"","src":"","width":0,"height":0},"classes":[]},{"id":13124,"url":"https:\/\/www.jornalja.com.br\/arquivo\/sangue-latino-no-iecine\/","url_meta":{"origin":53019,"position":5},"title":"Sangue latino no IECINE","author":"da Reda\u00e7\u00e3o","date":"18 de maio de 2014","format":false,"excerpt":"Francisco Ribeiro O Instituto Estadual de Cinema (IECINE) tem a frente, desde abril \u00faltimo, um novo diretor, o cineasta colombiano Juan Zapata, 36, que substitui Luiz Alberto Cassol. Radicado h\u00e1 dez anos em Porto Alegre, Zapata tem diante de si o desafio de conduzir at\u00e9 o final do ano um\u2026","rel":"","context":"Em &quot;Cultura-Geral&quot;","block_context":{"text":"Cultura-Geral","link":"https:\/\/www.jornalja.com.br\/arquivo\/category\/materiasecundaria\/"},"img":{"alt_text":"","src":"","width":0,"height":0},"classes":[]}],"jetpack_shortlink":"https:\/\/wp.me\/pbQjBd-dN9","jetpack_featured_media_url":"","_links":{"self":[{"href":"https:\/\/www.jornalja.com.br\/arquivo\/wp-json\/wp\/v2\/posts\/53019","targetHints":{"allow":["GET"]}}],"collection":[{"href":"https:\/\/www.jornalja.com.br\/arquivo\/wp-json\/wp\/v2\/posts"}],"about":[{"href":"https:\/\/www.jornalja.com.br\/arquivo\/wp-json\/wp\/v2\/types\/post"}],"author":[{"embeddable":true,"href":"https:\/\/www.jornalja.com.br\/arquivo\/wp-json\/wp\/v2\/users\/4"}],"replies":[{"embeddable":true,"href":"https:\/\/www.jornalja.com.br\/arquivo\/wp-json\/wp\/v2\/comments?post=53019"}],"version-history":[{"count":0,"href":"https:\/\/www.jornalja.com.br\/arquivo\/wp-json\/wp\/v2\/posts\/53019\/revisions"}],"wp:attachment":[{"href":"https:\/\/www.jornalja.com.br\/arquivo\/wp-json\/wp\/v2\/media?parent=53019"}],"wp:term":[{"taxonomy":"category","embeddable":true,"href":"https:\/\/www.jornalja.com.br\/arquivo\/wp-json\/wp\/v2\/categories?post=53019"},{"taxonomy":"post_tag","embeddable":true,"href":"https:\/\/www.jornalja.com.br\/arquivo\/wp-json\/wp\/v2\/tags?post=53019"}],"curies":[{"name":"wp","href":"https:\/\/api.w.org\/{rel}","templated":true}]}}