{"id":53025,"date":"2017-08-08T11:39:45","date_gmt":"2017-08-08T14:39:45","guid":{"rendered":"https:\/\/www.jornalja.com.br\/?p=53025"},"modified":"2017-08-08T11:39:45","modified_gmt":"2017-08-08T14:39:45","slug":"advogado-adia-a-apresentacao-de-sergio-sirotsky-a-policia","status":"publish","type":"post","link":"https:\/\/www.jornalja.com.br\/arquivo\/advogado-adia-a-apresentacao-de-sergio-sirotsky-a-policia\/","title":{"rendered":"Advogado adia a apresenta\u00e7\u00e3o de S\u00e9rgio Sirotsky \u00e0 pol\u00edcia"},"content":{"rendered":"<p>N\u00e3o se confirmou a informa\u00e7\u00e3o de que S\u00e9rgio Orlandini Sirotsky, de 21 anos, se apresentaria \u00e0 pol\u00edcia na manh\u00e3 desta ter\u00e7a-feira.<br \/>\nO rapaz, filho do diretor da RBS, S\u00e9rgio Sirotsky, \u00a0foi identificado pela pol\u00edcia como o motorista do Audi A3, que atropelou tr\u00eas pessoas na sa\u00edda de uma festa na madrugada de domingo, na praia de Jurer\u00ea em Florian\u00f3polis.<br \/>\nH\u00e1 exatos sete anos, quando ainda era menor, ele e outros dois colegas foram envolvidos no estupro de uma garota no apartamento onde morava com a familia.<br \/>\nSegundo o\u00a0delegado Ot\u00e1vio Cesar Lima o advogado do rapaz desistiu de apresent\u00e1-lo conforme havia prometido e n\u00e3o marcou outro hor\u00e1rio.<br \/>\nO delegado pretende ouvir o depoimento do jovem antes de solicitar \u00e0 Justi\u00e7a a pris\u00e3o preventiva do suspeito.<br \/>\nLima tamb\u00e9m aguarda os resultados periciais do carro, do local do crime e o exame de corpo de delito das v\u00edtimas. Marcas de sangue foram encontradas no ve\u00edculo.<br \/>\nSegundo o boletim de ocorr\u00eancia, na primeira colis\u00e3o, o condutor de Audi atropelou tr\u00eas homens: S\u00e9rgio Teixeira da Luz, Rafael Machado da Cruz e Edson Mendon\u00e7a de Oliveira.<br \/>\nO ve\u00edculo foi encontrado abandonado na SC-401, no bairro Santo Ant\u00f4nio de Lisboa. S\u00e9rgio Teixeira est\u00e1 em estado grave e continua internada no Hospital Celso Ramos.<br \/>\nO ve\u00edculo usado por Sirotsky est\u00e1 no nome de uma empresa, em que ele e mais duas pessoas s\u00e3o s\u00f3cias.<br \/>\nO advogado diz que S\u00e9rgio estava muito abalado neste domingo e n\u00e3o deu detalhes do que ocorreu. O delegado descartou, inicialmente, a pris\u00e3o dele no momento do depoimento.<br \/>\nO empres\u00e1rio S\u00e9rgio Sirotsky, \u00a0pai de S\u00e9rgio Orlandini Sirotsky, distribuiu nota \u00e0 imprensa na tarde desta ter\u00e7a-feira Veja a \u00edntegra:<br \/>\n<em>\u201cLamento profundamente o acidente ocorrido no domingo (6), em Jurer\u00ea, envolvendo ve\u00edculo conduzido por meu filho S\u00e9rgio Orlandini Sirotsky.<\/em><br \/>\n<em>Como pai, estou muito triste e pe\u00e7o desculpas aos jovens atingidos e a seus familiares, a quem vamos oferecer todo o apoio e solidariedade para que possam se restabelecer com sa\u00fade e retomar suas vidas. Os contatos com os familiares est\u00e3o acontecendo na tarde desta ter\u00e7a-feira.<\/em><br \/>\n<em>Est\u00e1 sendo muito dif\u00edcil para nossa fam\u00edlia enfrentar este momento, que nenhum pai gostaria de viver. Confiamos que o caso ser\u00e1 tratado com serenidade e responsabilidade pelas autoridades competentes<\/em>.<br \/>\n<em>Meu filho tem 21 anos, e \u00e9 respons\u00e1vel por seus atos. Estamos tomando provid\u00eancias para tratar de nosso filho, que tamb\u00e9m precisa de ajuda.<\/em><br \/>\n<em>S\u00e9rgio Sirotsky\u201d<\/em><br \/>\n&nbsp;<br \/>\n(com informa\u00e7\u00f5es do Diario Catarinense)<br \/>\n&nbsp;<\/p>\n","protected":false},"excerpt":{"rendered":"<p>N\u00e3o se confirmou a informa\u00e7\u00e3o de que S\u00e9rgio Orlandini Sirotsky, de 21 anos, se apresentaria \u00e0 pol\u00edcia na manh\u00e3 desta ter\u00e7a-feira. O rapaz, filho do diretor da RBS, S\u00e9rgio Sirotsky, \u00a0foi identificado pela pol\u00edcia como o motorista do Audi A3, que atropelou tr\u00eas pessoas na sa\u00edda de uma festa na madrugada de domingo, na praia [&hellip;]<\/p>\n","protected":false},"author":4,"featured_media":53026,"comment_status":"open","ping_status":"closed","sticky":false,"template":"","format":"standard","meta":{"_jetpack_newsletter_access":"","_jetpack_dont_email_post_to_subs":false,"_jetpack_newsletter_tier_id":0,"_jetpack_memberships_contains_paywalled_content":false,"_jetpack_feature_clip_id":0,"_jetpack_memberships_contains_paid_content":false,"footnotes":"","jetpack_post_was_ever_published":false},"categories":[26],"tags":[],"class_list":["post-53025","post","type-post","status-publish","format-standard","has-post-thumbnail","hentry","category-geral"],"aioseo_notices":[],"aioseo_head":"\n\t\t<!-- All in One SEO 5.0.1.1 - aioseo.com -->\n\t<meta name=\"robots\" content=\"max-image-preview:large\" \/>\n\t<meta name=\"author\" content=\"da Reda\u00e7\u00e3o\"\/>\n\t<link rel=\"canonical\" href=\"https:\/\/www.jornalja.com.br\/arquivo\/advogado-adia-a-apresentacao-de-sergio-sirotsky-a-policia\/\" \/>\n\t<meta name=\"generator\" content=\"All in One SEO (AIOSEO) 5.0.1.1\" \/>\n\t\t<meta property=\"og:locale\" content=\"pt_BR\" \/>\n\t\t<meta property=\"og:site_name\" content=\"Arquivo | Jornal J\u00c1 | Porto Alegre\" \/>\n\t\t<meta property=\"og:type\" content=\"article\" \/>\n\t\t<meta property=\"og:title\" content=\"Advogado adia a apresenta\u00e7\u00e3o de S\u00e9rgio Sirotsky \u00e0 pol\u00edcia | Arquivo\" \/>\n\t\t<meta property=\"og:url\" content=\"https:\/\/www.jornalja.com.br\/arquivo\/advogado-adia-a-apresentacao-de-sergio-sirotsky-a-policia\/\" \/>\n\t\t<meta property=\"og:image\" content=\"https:\/\/www.jornalja.com.br\/economics\/wp-content\/uploads\/sites\/11\/2026\/08\/ja-folhaderosto-facebook.jpg\" \/>\n\t\t<meta property=\"og:image:secure_url\" content=\"https:\/\/www.jornalja.com.br\/economics\/wp-content\/uploads\/sites\/11\/2026\/08\/ja-folhaderosto-facebook.jpg\" \/>\n\t\t<meta property=\"article:published_time\" content=\"2017-08-08T14:39:45+00:00\" \/>\n\t\t<meta property=\"article:modified_time\" content=\"2017-08-08T14:39:45+00:00\" \/>\n\t\t<meta name=\"twitter:card\" content=\"summary\" \/>\n\t\t<meta name=\"twitter:title\" content=\"Advogado adia a apresenta\u00e7\u00e3o de S\u00e9rgio Sirotsky \u00e0 pol\u00edcia | Arquivo\" \/>\n\t\t<meta name=\"twitter:image\" content=\"https:\/\/www.jornalja.com.br\/economics\/wp-content\/uploads\/sites\/11\/2026\/08\/ja-folhaderosto-facebook.jpg\" \/>\n\t\t<script type=\"application\/ld+json\" class=\"aioseo-schema\">\n\t\t\t{\"@context\":\"https:\\\/\\\/schema.org\",\"@graph\":[{\"@type\":\"BlogPosting\",\"@id\":\"https:\\\/\\\/www.jornalja.com.br\\\/arquivo\\\/advogado-adia-a-apresentacao-de-sergio-sirotsky-a-policia\\\/#blogposting\",\"name\":\"Advogado adia a apresenta\\u00e7\\u00e3o de S\\u00e9rgio Sirotsky \\u00e0 pol\\u00edcia | Arquivo\",\"headline\":\"Advogado adia a apresenta\\u00e7\\u00e3o de S\\u00e9rgio Sirotsky \\u00e0 pol\\u00edcia\",\"author\":{\"@id\":\"https:\\\/\\\/www.jornalja.com.br\\\/arquivo\\\/author\\\/daredacao\\\/#author\"},\"publisher\":{\"@id\":\"https:\\\/\\\/www.jornalja.com.br\\\/arquivo\\\/#organization\"},\"image\":{\"@type\":\"ImageObject\",\"url\":53026},\"datePublished\":\"2017-08-08T11:39:45-03:00\",\"dateModified\":\"2017-08-08T11:39:45-03:00\",\"inLanguage\":\"pt-BR\",\"mainEntityOfPage\":{\"@id\":\"https:\\\/\\\/www.jornalja.com.br\\\/arquivo\\\/advogado-adia-a-apresentacao-de-sergio-sirotsky-a-policia\\\/#webpage\"},\"isPartOf\":{\"@id\":\"https:\\\/\\\/www.jornalja.com.br\\\/arquivo\\\/advogado-adia-a-apresentacao-de-sergio-sirotsky-a-policia\\\/#webpage\"},\"articleSection\":\"Geral\"},{\"@type\":\"BreadcrumbList\",\"@id\":\"https:\\\/\\\/www.jornalja.com.br\\\/arquivo\\\/advogado-adia-a-apresentacao-de-sergio-sirotsky-a-policia\\\/#breadcrumblist\",\"itemListElement\":[{\"@type\":\"ListItem\",\"@id\":\"https:\\\/\\\/www.jornalja.com.br\\\/arquivo#listItem\",\"position\":1,\"name\":\"Home\",\"item\":\"https:\\\/\\\/www.jornalja.com.br\\\/arquivo\",\"nextItem\":{\"@type\":\"ListItem\",\"@id\":\"https:\\\/\\\/www.jornalja.com.br\\\/arquivo\\\/category\\\/geral\\\/#listItem\",\"name\":\"Geral\"}},{\"@type\":\"ListItem\",\"@id\":\"https:\\\/\\\/www.jornalja.com.br\\\/arquivo\\\/category\\\/geral\\\/#listItem\",\"position\":2,\"name\":\"Geral\",\"item\":\"https:\\\/\\\/www.jornalja.com.br\\\/arquivo\\\/category\\\/geral\\\/\",\"nextItem\":{\"@type\":\"ListItem\",\"@id\":\"https:\\\/\\\/www.jornalja.com.br\\\/arquivo\\\/advogado-adia-a-apresentacao-de-sergio-sirotsky-a-policia\\\/#listItem\",\"name\":\"Advogado adia a apresenta\\u00e7\\u00e3o de S\\u00e9rgio Sirotsky \\u00e0 pol\\u00edcia\"},\"previousItem\":{\"@type\":\"ListItem\",\"@id\":\"https:\\\/\\\/www.jornalja.com.br\\\/arquivo#listItem\",\"name\":\"Home\"}},{\"@type\":\"ListItem\",\"@id\":\"https:\\\/\\\/www.jornalja.com.br\\\/arquivo\\\/advogado-adia-a-apresentacao-de-sergio-sirotsky-a-policia\\\/#listItem\",\"position\":3,\"name\":\"Advogado adia a apresenta\\u00e7\\u00e3o de S\\u00e9rgio Sirotsky \\u00e0 pol\\u00edcia\",\"previousItem\":{\"@type\":\"ListItem\",\"@id\":\"https:\\\/\\\/www.jornalja.com.br\\\/arquivo\\\/category\\\/geral\\\/#listItem\",\"name\":\"Geral\"}}]},{\"@type\":\"Organization\",\"@id\":\"https:\\\/\\\/www.jornalja.com.br\\\/arquivo\\\/#organization\",\"name\":\"Jornal J\\u00c1\",\"description\":\"Jornal J\\u00c1 | Porto Alegre\",\"url\":\"https:\\\/\\\/www.jornalja.com.br\\\/arquivo\\\/\",\"telephone\":\"+555133307272\",\"logo\":{\"@type\":\"ImageObject\",\"url\":\"https:\\\/\\\/www.jornalja.com.br\\\/wp-content\\\/uploads\\\/cards\\\/JAslogan.png\",\"@id\":\"https:\\\/\\\/www.jornalja.com.br\\\/arquivo\\\/advogado-adia-a-apresentacao-de-sergio-sirotsky-a-policia\\\/#organizationLogo\"},\"image\":{\"@id\":\"https:\\\/\\\/www.jornalja.com.br\\\/arquivo\\\/advogado-adia-a-apresentacao-de-sergio-sirotsky-a-policia\\\/#organizationLogo\"}},{\"@type\":\"Person\",\"@id\":\"https:\\\/\\\/www.jornalja.com.br\\\/arquivo\\\/author\\\/daredacao\\\/#author\",\"url\":\"https:\\\/\\\/www.jornalja.com.br\\\/arquivo\\\/author\\\/daredacao\\\/\",\"name\":\"da Reda\\u00e7\\u00e3o\",\"image\":{\"@type\":\"ImageObject\",\"@id\":\"https:\\\/\\\/www.jornalja.com.br\\\/arquivo\\\/advogado-adia-a-apresentacao-de-sergio-sirotsky-a-policia\\\/#authorImage\",\"url\":\"https:\\\/\\\/secure.gravatar.com\\\/avatar\\\/469fd857d6605ad19919d27ed29d35a968a25f6e8fd9318356bbb7f57aae9c65?s=96&d=mm&r=g\",\"width\":96,\"height\":96,\"caption\":\"da Reda\\u00e7\\u00e3o\"}},{\"@type\":\"WebPage\",\"@id\":\"https:\\\/\\\/www.jornalja.com.br\\\/arquivo\\\/advogado-adia-a-apresentacao-de-sergio-sirotsky-a-policia\\\/#webpage\",\"url\":\"https:\\\/\\\/www.jornalja.com.br\\\/arquivo\\\/advogado-adia-a-apresentacao-de-sergio-sirotsky-a-policia\\\/\",\"name\":\"Advogado adia a apresenta\\u00e7\\u00e3o de S\\u00e9rgio Sirotsky \\u00e0 pol\\u00edcia | Arquivo\",\"inLanguage\":\"pt-BR\",\"isPartOf\":{\"@id\":\"https:\\\/\\\/www.jornalja.com.br\\\/arquivo\\\/#website\"},\"breadcrumb\":{\"@id\":\"https:\\\/\\\/www.jornalja.com.br\\\/arquivo\\\/advogado-adia-a-apresentacao-de-sergio-sirotsky-a-policia\\\/#breadcrumblist\"},\"author\":{\"@id\":\"https:\\\/\\\/www.jornalja.com.br\\\/arquivo\\\/author\\\/daredacao\\\/#author\"},\"creator\":{\"@id\":\"https:\\\/\\\/www.jornalja.com.br\\\/arquivo\\\/author\\\/daredacao\\\/#author\"},\"image\":{\"@type\":\"ImageObject\",\"url\":53026,\"@id\":\"https:\\\/\\\/www.jornalja.com.br\\\/arquivo\\\/advogado-adia-a-apresentacao-de-sergio-sirotsky-a-policia\\\/#mainImage\"},\"primaryImageOfPage\":{\"@id\":\"https:\\\/\\\/www.jornalja.com.br\\\/arquivo\\\/advogado-adia-a-apresentacao-de-sergio-sirotsky-a-policia\\\/#mainImage\"},\"datePublished\":\"2017-08-08T11:39:45-03:00\",\"dateModified\":\"2017-08-08T11:39:45-03:00\"},{\"@type\":\"WebSite\",\"@id\":\"https:\\\/\\\/www.jornalja.com.br\\\/arquivo\\\/#website\",\"url\":\"https:\\\/\\\/www.jornalja.com.br\\\/arquivo\\\/\",\"name\":\"Arquivo\",\"description\":\"Jornal J\\u00c1 | Porto Alegre\",\"inLanguage\":\"pt-BR\",\"publisher\":{\"@id\":\"https:\\\/\\\/www.jornalja.com.br\\\/arquivo\\\/#organization\"}}]}\n\t\t<\/script>\n\t\t<!-- All in One SEO -->\n\n","aioseo_head_json":{"title":"Advogado adia a apresenta\u00e7\u00e3o de S\u00e9rgio Sirotsky \u00e0 pol\u00edcia | Arquivo","description":"","canonical_url":"https:\/\/www.jornalja.com.br\/arquivo\/advogado-adia-a-apresentacao-de-sergio-sirotsky-a-policia\/","robots":"max-image-preview:large","keywords":"","webmasterTools":{"miscellaneous":""},"schema":{"@context":"https:\/\/schema.org","@graph":[{"@type":"BlogPosting","@id":"https:\/\/www.jornalja.com.br\/arquivo\/advogado-adia-a-apresentacao-de-sergio-sirotsky-a-policia\/#blogposting","name":"Advogado adia a apresenta\u00e7\u00e3o de S\u00e9rgio Sirotsky \u00e0 pol\u00edcia | Arquivo","headline":"Advogado adia a apresenta\u00e7\u00e3o de S\u00e9rgio Sirotsky \u00e0 pol\u00edcia","author":{"@id":"https:\/\/www.jornalja.com.br\/arquivo\/author\/daredacao\/#author"},"publisher":{"@id":"https:\/\/www.jornalja.com.br\/arquivo\/#organization"},"image":{"@type":"ImageObject","url":53026},"datePublished":"2017-08-08T11:39:45-03:00","dateModified":"2017-08-08T11:39:45-03:00","inLanguage":"pt-BR","mainEntityOfPage":{"@id":"https:\/\/www.jornalja.com.br\/arquivo\/advogado-adia-a-apresentacao-de-sergio-sirotsky-a-policia\/#webpage"},"isPartOf":{"@id":"https:\/\/www.jornalja.com.br\/arquivo\/advogado-adia-a-apresentacao-de-sergio-sirotsky-a-policia\/#webpage"},"articleSection":"Geral"},{"@type":"BreadcrumbList","@id":"https:\/\/www.jornalja.com.br\/arquivo\/advogado-adia-a-apresentacao-de-sergio-sirotsky-a-policia\/#breadcrumblist","itemListElement":[{"@type":"ListItem","@id":"https:\/\/www.jornalja.com.br\/arquivo#listItem","position":1,"name":"Home","item":"https:\/\/www.jornalja.com.br\/arquivo","nextItem":{"@type":"ListItem","@id":"https:\/\/www.jornalja.com.br\/arquivo\/category\/geral\/#listItem","name":"Geral"}},{"@type":"ListItem","@id":"https:\/\/www.jornalja.com.br\/arquivo\/category\/geral\/#listItem","position":2,"name":"Geral","item":"https:\/\/www.jornalja.com.br\/arquivo\/category\/geral\/","nextItem":{"@type":"ListItem","@id":"https:\/\/www.jornalja.com.br\/arquivo\/advogado-adia-a-apresentacao-de-sergio-sirotsky-a-policia\/#listItem","name":"Advogado adia a apresenta\u00e7\u00e3o de S\u00e9rgio Sirotsky \u00e0 pol\u00edcia"},"previousItem":{"@type":"ListItem","@id":"https:\/\/www.jornalja.com.br\/arquivo#listItem","name":"Home"}},{"@type":"ListItem","@id":"https:\/\/www.jornalja.com.br\/arquivo\/advogado-adia-a-apresentacao-de-sergio-sirotsky-a-policia\/#listItem","position":3,"name":"Advogado adia a apresenta\u00e7\u00e3o de S\u00e9rgio Sirotsky \u00e0 pol\u00edcia","previousItem":{"@type":"ListItem","@id":"https:\/\/www.jornalja.com.br\/arquivo\/category\/geral\/#listItem","name":"Geral"}}]},{"@type":"Organization","@id":"https:\/\/www.jornalja.com.br\/arquivo\/#organization","name":"Jornal J\u00c1","description":"Jornal J\u00c1 | Porto Alegre","url":"https:\/\/www.jornalja.com.br\/arquivo\/","telephone":"+555133307272","logo":{"@type":"ImageObject","url":"https:\/\/www.jornalja.com.br\/wp-content\/uploads\/cards\/JAslogan.png","@id":"https:\/\/www.jornalja.com.br\/arquivo\/advogado-adia-a-apresentacao-de-sergio-sirotsky-a-policia\/#organizationLogo"},"image":{"@id":"https:\/\/www.jornalja.com.br\/arquivo\/advogado-adia-a-apresentacao-de-sergio-sirotsky-a-policia\/#organizationLogo"}},{"@type":"Person","@id":"https:\/\/www.jornalja.com.br\/arquivo\/author\/daredacao\/#author","url":"https:\/\/www.jornalja.com.br\/arquivo\/author\/daredacao\/","name":"da Reda\u00e7\u00e3o","image":{"@type":"ImageObject","@id":"https:\/\/www.jornalja.com.br\/arquivo\/advogado-adia-a-apresentacao-de-sergio-sirotsky-a-policia\/#authorImage","url":"https:\/\/secure.gravatar.com\/avatar\/469fd857d6605ad19919d27ed29d35a968a25f6e8fd9318356bbb7f57aae9c65?s=96&d=mm&r=g","width":96,"height":96,"caption":"da Reda\u00e7\u00e3o"}},{"@type":"WebPage","@id":"https:\/\/www.jornalja.com.br\/arquivo\/advogado-adia-a-apresentacao-de-sergio-sirotsky-a-policia\/#webpage","url":"https:\/\/www.jornalja.com.br\/arquivo\/advogado-adia-a-apresentacao-de-sergio-sirotsky-a-policia\/","name":"Advogado adia a apresenta\u00e7\u00e3o de S\u00e9rgio Sirotsky \u00e0 pol\u00edcia | Arquivo","inLanguage":"pt-BR","isPartOf":{"@id":"https:\/\/www.jornalja.com.br\/arquivo\/#website"},"breadcrumb":{"@id":"https:\/\/www.jornalja.com.br\/arquivo\/advogado-adia-a-apresentacao-de-sergio-sirotsky-a-policia\/#breadcrumblist"},"author":{"@id":"https:\/\/www.jornalja.com.br\/arquivo\/author\/daredacao\/#author"},"creator":{"@id":"https:\/\/www.jornalja.com.br\/arquivo\/author\/daredacao\/#author"},"image":{"@type":"ImageObject","url":53026,"@id":"https:\/\/www.jornalja.com.br\/arquivo\/advogado-adia-a-apresentacao-de-sergio-sirotsky-a-policia\/#mainImage"},"primaryImageOfPage":{"@id":"https:\/\/www.jornalja.com.br\/arquivo\/advogado-adia-a-apresentacao-de-sergio-sirotsky-a-policia\/#mainImage"},"datePublished":"2017-08-08T11:39:45-03:00","dateModified":"2017-08-08T11:39:45-03:00"},{"@type":"WebSite","@id":"https:\/\/www.jornalja.com.br\/arquivo\/#website","url":"https:\/\/www.jornalja.com.br\/arquivo\/","name":"Arquivo","description":"Jornal J\u00c1 | Porto Alegre","inLanguage":"pt-BR","publisher":{"@id":"https:\/\/www.jornalja.com.br\/arquivo\/#organization"}}]},"og:locale":"pt_BR","og:site_name":"Arquivo | Jornal J\u00c1 | Porto Alegre","og:type":"article","og:title":"Advogado adia a apresenta\u00e7\u00e3o de S\u00e9rgio Sirotsky \u00e0 pol\u00edcia | Arquivo","og:url":"https:\/\/www.jornalja.com.br\/arquivo\/advogado-adia-a-apresentacao-de-sergio-sirotsky-a-policia\/","og:image":"https:\/\/www.jornalja.com.br\/economics\/wp-content\/uploads\/sites\/11\/2026\/08\/ja-folhaderosto-facebook.jpg","og:image:secure_url":"https:\/\/www.jornalja.com.br\/economics\/wp-content\/uploads\/sites\/11\/2026\/08\/ja-folhaderosto-facebook.jpg","article:published_time":"2017-08-08T14:39:45+00:00","article:modified_time":"2017-08-08T14:39:45+00:00","twitter:card":"summary","twitter:title":"Advogado adia a apresenta\u00e7\u00e3o de S\u00e9rgio Sirotsky \u00e0 pol\u00edcia | Arquivo","twitter:image":"https:\/\/www.jornalja.com.br\/economics\/wp-content\/uploads\/sites\/11\/2026\/08\/ja-folhaderosto-facebook.jpg"},"aioseo_meta_data":{"post_id":"53025","title":null,"description":null,"keywords":null,"keyphrases":null,"primary_term":null,"canonical_url":null,"og_title":null,"og_description":null,"og_object_type":"default","og_image_type":"default","og_image_url":null,"og_image_width":null,"og_image_height":null,"og_image_custom_url":null,"og_image_custom_fields":null,"og_video":null,"og_custom_url":null,"og_article_section":null,"og_article_tags":null,"twitter_use_og":false,"twitter_card":"default","twitter_image_type":"default","twitter_image_url":null,"twitter_image_custom_url":null,"twitter_image_custom_fields":null,"twitter_title":null,"twitter_description":null,"schema":{"blockGraphs":[],"customGraphs":[],"default":{"data":{"Article":[],"Course":[],"Dataset":[],"FAQPage":[],"Movie":[],"Person":[],"Product":[],"ProductReview":[],"Car":[],"Recipe":[],"Service":[],"SoftwareApplication":[],"WebPage":[]},"graphName":"","isEnabled":true},"graphs":[],"defaultGraph":"","defaultPostTypeGraph":""},"schema_type":null,"schema_type_options":null,"pillar_content":false,"robots_default":true,"robots_noindex":false,"robots_noarchive":false,"robots_nosnippet":false,"robots_nofollow":false,"robots_noimageindex":false,"robots_noodp":false,"robots_notranslate":false,"robots_max_snippet":null,"robots_max_videopreview":null,"robots_max_imagepreview":"large","priority":null,"frequency":null,"location":null,"local_seo":null,"breadcrumb_settings":null,"limit_modified_date":false,"ai":null,"created":"2020-12-20 20:28:19","updated":"2025-07-20 00:06:15","seo_analyzer_scan_date":null,"focus_keyword":null,"additional_keywords":null,"truseo_locale":null},"jetpack_sharing_enabled":true,"jetpack-related-posts":[{"id":13240,"url":"https:\/\/www.jornalja.com.br\/arquivo\/plano-diretor-estamos-construindo-o-caos\/","url_meta":{"origin":53025,"position":0},"title":"Plano diretor: &quot;Estamos construindo o caos&quot;","author":"Patr\u00edcia Marini","date":"26 de maio de 2014","format":false,"excerpt":"Desabafo que arquiteta Eliana Castilhos, delegada da Regi\u00e3o de Planejamento 1, postou nas redes sociais \u00e9 um testemunho do ambiente que se criou no Conselho do Plano Diretor de Porto Alegre, onde a aprova\u00e7\u00e3o de grandes empreendimentos \u00e9 empurrada guela abaixo dos conselheiros. Ao CMDUA Como delegada da Regi\u00e3o de\u2026","rel":"","context":"Em &quot;Geral&quot;","block_context":{"text":"Geral","link":"https:\/\/www.jornalja.com.br\/arquivo\/category\/geral\/"},"img":{"alt_text":"","src":"","width":0,"height":0},"classes":[]},{"id":5440,"url":"https:\/\/www.jornalja.com.br\/arquivo\/casarao-da-venancio-destino-permanece-incerto\/","url_meta":{"origin":53025,"position":1},"title":"Estado ainda n\u00e3o sabe o que fazer com casar\u00e3o abandonado h\u00e1 20 anos","author":"Elmar Bones","date":"6 de julho de 2009","format":false,"excerpt":"O casar\u00e3o amarelo, numa esquina nobre de Porto Alegre (Ven\u00e2ncio Aires com Jo\u00e3o Pessoa), j\u00e1 abrigou uma escola. H\u00e1 duas d\u00e9cadas, pelo menos, est\u00e1 abandonado, porque seu propriet\u00e1rio, o governo do Estado do Rio Grande do Sul, n\u00e3o consegue achar um destino para ele. Planos n\u00e3o faltaram. O governador Ol\u00edvio\u2026","rel":"","context":"Em &quot;X.Categorias velhas&quot;","block_context":{"text":"X.Categorias velhas","link":"https:\/\/www.jornalja.com.br\/arquivo\/category\/x-categorias-velhas\/"},"img":{"alt_text":"geraldo1","src":"https:\/\/i0.wp.com\/www.jornalja.com.br\/wp-content\/uploads\/2009\/07\/geraldo1.jpg?resize=350%2C200&ssl=1","width":350,"height":200},"classes":[]},{"id":14241,"url":"https:\/\/www.jornalja.com.br\/arquivo\/o-guaiba-nas-imagens-poeticas-de-achutti\/","url_meta":{"origin":53025,"position":2},"title":"O Gua\u00edba nas imagens po\u00e9ticas de Achutti","author":"da Reda\u00e7\u00e3o","date":"18 de junho de 2014","format":false,"excerpt":"Em \u201cO Gua\u00edba por Achutti\u201d \u2013 obra financiada via Minist\u00e9rio da Cultura, produ\u00e7\u00e3o executiva de Pedro Longhi, e Fl\u00e1vio Wild como designer \u2013, o fot\u00f3grafo revela a beleza e as mazelas de um espa\u00e7o aqu\u00e1tico de \u00e1guas sempre renovadas, cheio de hist\u00f3rias e lendas como as das cidades que foram\u2026","rel":"","context":"Em &quot;Cultura-Geral&quot;","block_context":{"text":"Cultura-Geral","link":"https:\/\/www.jornalja.com.br\/arquivo\/category\/materiasecundaria\/"},"img":{"alt_text":"","src":"","width":0,"height":0},"classes":[]},{"id":13101,"url":"https:\/\/www.jornalja.com.br\/arquivo\/morre-um-guerreiro-do-texto\/","url_meta":{"origin":53025,"position":3},"title":"Morre um guerreiro do texto","author":"Patr\u00edcia Marini","date":"14 de maio de 2014","format":false,"excerpt":"Por Ricardo Kotscho Reproduzido do blog do autor, 11\/5\/2014; t\u00edtulo original \u201cE l\u00e1 se foi o nosso Myltainho, guerreiro do texto\u201d. Mi\u00fado e franzino, meu amigo Myltainho era um valente e inconformado guerreiro na luta contra as injusti\u00e7as sociais, a hipocrisia, as maracutaias, o autoritarismo, a intoler\u00e2ncia, a viol\u00eancia, o\u2026","rel":"","context":"Em &quot;Geral&quot;","block_context":{"text":"Geral","link":"https:\/\/www.jornalja.com.br\/arquivo\/category\/geral\/"},"img":{"alt_text":"","src":"","width":0,"height":0},"classes":[]},{"id":12960,"url":"https:\/\/www.jornalja.com.br\/arquivo\/populacao-culpa-empresas-pela-greve-dos-rodoviarios\/","url_meta":{"origin":53025,"position":4},"title":"Popula\u00e7\u00e3o culpa empresas pela greve","author":"Patr\u00edcia Marini","date":"14 de fevereiro de 2014","format":false,"excerpt":"Pesquisa divulgada na edi\u00e7\u00e3o do jornal Metro desta sexta-feira,14, comprova o velho ditado: \u00e9 poss\u00edvel enganar muitos por algum tempo, mas n\u00e3o \u00e9 poss\u00edvel enganar a todos o tempo inteiro. A principal revela\u00e7\u00e3o foi que 59,8% dos entrevistados apontaram as empresas como as principais respons\u00e1veis pela grave e 46% culparam\u2026","rel":"","context":"Em &quot;X.Categorias velhas&quot;","block_context":{"text":"X.Categorias velhas","link":"https:\/\/www.jornalja.com.br\/arquivo\/category\/x-categorias-velhas\/"},"img":{"alt_text":"","src":"","width":0,"height":0},"classes":[]},{"id":13124,"url":"https:\/\/www.jornalja.com.br\/arquivo\/sangue-latino-no-iecine\/","url_meta":{"origin":53025,"position":5},"title":"Sangue latino no IECINE","author":"da Reda\u00e7\u00e3o","date":"18 de maio de 2014","format":false,"excerpt":"Francisco Ribeiro O Instituto Estadual de Cinema (IECINE) tem a frente, desde abril \u00faltimo, um novo diretor, o cineasta colombiano Juan Zapata, 36, que substitui Luiz Alberto Cassol. Radicado h\u00e1 dez anos em Porto Alegre, Zapata tem diante de si o desafio de conduzir at\u00e9 o final do ano um\u2026","rel":"","context":"Em &quot;Cultura-Geral&quot;","block_context":{"text":"Cultura-Geral","link":"https:\/\/www.jornalja.com.br\/arquivo\/category\/materiasecundaria\/"},"img":{"alt_text":"","src":"","width":0,"height":0},"classes":[]}],"jetpack_shortlink":"https:\/\/wp.me\/pbQjBd-dNf","jetpack_featured_media_url":"","_links":{"self":[{"href":"https:\/\/www.jornalja.com.br\/arquivo\/wp-json\/wp\/v2\/posts\/53025","targetHints":{"allow":["GET"]}}],"collection":[{"href":"https:\/\/www.jornalja.com.br\/arquivo\/wp-json\/wp\/v2\/posts"}],"about":[{"href":"https:\/\/www.jornalja.com.br\/arquivo\/wp-json\/wp\/v2\/types\/post"}],"author":[{"embeddable":true,"href":"https:\/\/www.jornalja.com.br\/arquivo\/wp-json\/wp\/v2\/users\/4"}],"replies":[{"embeddable":true,"href":"https:\/\/www.jornalja.com.br\/arquivo\/wp-json\/wp\/v2\/comments?post=53025"}],"version-history":[{"count":0,"href":"https:\/\/www.jornalja.com.br\/arquivo\/wp-json\/wp\/v2\/posts\/53025\/revisions"}],"wp:attachment":[{"href":"https:\/\/www.jornalja.com.br\/arquivo\/wp-json\/wp\/v2\/media?parent=53025"}],"wp:term":[{"taxonomy":"category","embeddable":true,"href":"https:\/\/www.jornalja.com.br\/arquivo\/wp-json\/wp\/v2\/categories?post=53025"},{"taxonomy":"post_tag","embeddable":true,"href":"https:\/\/www.jornalja.com.br\/arquivo\/wp-json\/wp\/v2\/tags?post=53025"}],"curies":[{"name":"wp","href":"https:\/\/api.w.org\/{rel}","templated":true}]}}