{"id":53058,"date":"2017-08-08T18:43:15","date_gmt":"2017-08-08T21:43:15","guid":{"rendered":"https:\/\/www.jornalja.com.br\/?p=53058"},"modified":"2017-08-08T18:43:15","modified_gmt":"2017-08-08T21:43:15","slug":"ex-diretores-do-dmae-querem-que-marchezan-retire-projeto-que-autoriza-ppps","status":"publish","type":"post","link":"https:\/\/www.jornalja.com.br\/arquivo\/ex-diretores-do-dmae-querem-que-marchezan-retire-projeto-que-autoriza-ppps\/","title":{"rendered":"Ex-diretores do DMAE querem que Marchezan retire projeto de privatiza\u00e7\u00e3o"},"content":{"rendered":"<p>Dez ex-diretores do Dmae se reuniram no come\u00e7o da tarde desta ter\u00e7a-feira, 08\/08, no Sindicato dos Engenheiros do Rio Grande do Sul (Senge-RS) para falar sobre as inten\u00e7\u00f5es do prefeito Nelson Marchezan J\u00fanior em atrair a iniciativa privada para investir no saneamento e esgoto da cidade.<br \/>\nTodos eles defendem a manuten\u00e7\u00e3o do departamento sobre controle estatal. O ex-diretor Guilherme Barbosa foi o primeiro a falar. Segundo ele, a &#8220;privatiza\u00e7\u00e3o&#8221; ou concess\u00e3o para a iniciativa privada ir\u00e1 aumentar a tarifa, perder a qualidade no servi\u00e7o, al\u00e9m da falta de investimento. Barbosa lembrou que a ideia de reunir os ex-diretores partiu dele e do ex-prefeito, vereador e tamb\u00e9m ex-diretor, Jo\u00e3o Ant\u00f4nio Dib. \u201c\u00c9 um grupo pluripartid\u00e1rio, queremos fortalecer o Dmae\u201d.<br \/>\nO grupo de ex-diretores ir\u00e1 pedir uma reuni\u00e3o com o prefeito Nelson Marchezan e pedir que retire o projeto. Um espa\u00e7o na C\u00e2mara de Vereadores tamb\u00e9m ser\u00e1 solicitado.<br \/>\nDib era o ex-diretor mais antigo presente. Lembrou da cria\u00e7\u00e3o do Dmae durante o governo Loureiro da Silva e das grandes realiza\u00e7\u00f5es feitas pelo departamento na \u00e1rea do saneamento. E assim foi, um por um, o ex-diretores foram se alternando, recordando um pouco da \u00e9poca em que estiveram a frente do departamento.<br \/>\nWilson Ghinatti trouxe um documento de 1944, quando o ent\u00e3o diretor de esgotos da cidade reclamava da dificuldade no setor mas que na \u00e9poca foram procuradas solu\u00e7\u00f5es. &#8220;O prefeito tem de mexer no que est\u00e1 dando errado, n\u00e3o no Dmae&#8221;, declarou ele, lembrando que na sua \u00e9poca a Prefeitura instalou esgoto em 63 vilas irregulares.<br \/>\nCarlos Alberto Petersen ressaltou a tarifa social, hoje uma refer\u00eancia. &#8220;Na \u00e9poca se cobrava o uso de 20 metros c\u00fabicos para quem usava quatro, n\u00f3s mudamos isso&#8221;.<br \/>\nPara Dieter Wartchow e\u00a0Augusto Damiani, a atual gest\u00e3o tenta sucatear n\u00e3o apenas o Dmae, como o DEP e o DMLU. &#8220;H\u00e1 um afastamento dos departamentos de suas atividades&#8221;, criticou Warchow, que tamb\u00e9m salientou que a interven\u00e7\u00e3o do setor privado em servi\u00e7os b\u00e1sico tira a autonomia dos governantes. Os ex-diretores tamb\u00e9m questionaram o prefeito quanto aos recursos provenientes para investimentos.<br \/>\nMarchezan j\u00e1 declarou publicamente que o Dmae precisa de 2,7 bilh\u00f5es de reais para investir em saneamento e que a prefeitura n\u00e3o possui esses recursos. Damiani rebateu: &#8220;Esse \u00e9 um planejamento para 20 anos&#8221;. Arnaldo Dutra lembrou que em 30 anos a rede de esgoto e saneamento pulou de 2% para 80%.<br \/>\nFlavio Presser, atual diretor-presidente da Corsan, criticou a concess\u00e3o no setor: &#8220;Saneamento \u00e9 interesse p\u00fablico e deve ter gest\u00e3o p\u00fablica&#8221;. Carlos Todeschini salientou que em sua \u00e9poca j\u00e1 houvera uma tentativa universal de &#8220;comodotizar&#8221; a \u00e1gua, assim como \u00e9 o petr\u00f3leo, e que o Dmae serviu de exemplo durante o F\u00f3rum Mundial da \u00e1gua.<br \/>\n<strong>\u00daltimo gestor deixou R$ 78 milh\u00f5es em caixa<\/strong><br \/>\nAnt\u00f4nio Elisandro foi o \u00faltimo a falar. O ex-diretor criticou fortemente o prefeito: \u201cEle que conhe\u00e7a o Dmae antes de falar\u201d. Segundo Elisandro, o Dmae tinha em caixa em dezembro de 2016 R$ 76 milh\u00f5es e o departamento reduziu de 223 para 83 milh\u00f5es a d\u00edvida. \u201cTamb\u00e9m conseguimos a fundo perdido, recuperar trinta e oito milh\u00f5es do Prodes (Programa de Despolui\u00e7\u00e3o das Bacias Hidrogr\u00e1ficas da Ag\u00eancia) que vir\u00e3o em tr\u00eas anos, s\u00e3o mais de cem milh\u00f5es para investir&#8221;, ponderou.<\/p>\n","protected":false},"excerpt":{"rendered":"<p>Dez ex-diretores do Dmae se reuniram no come\u00e7o da tarde desta ter\u00e7a-feira, 08\/08, no Sindicato dos Engenheiros do Rio Grande do Sul (Senge-RS) para falar sobre as inten\u00e7\u00f5es do prefeito Nelson Marchezan J\u00fanior em atrair a iniciativa privada para investir no saneamento e esgoto da cidade. Todos eles defendem a manuten\u00e7\u00e3o do departamento sobre controle [&hellip;]<\/p>\n","protected":false},"author":4,"featured_media":53066,"comment_status":"open","ping_status":"closed","sticky":false,"template":"","format":"standard","meta":{"_jetpack_newsletter_access":"","_jetpack_dont_email_post_to_subs":false,"_jetpack_newsletter_tier_id":0,"_jetpack_memberships_contains_paywalled_content":false,"_jetpack_feature_clip_id":0,"_jetpack_memberships_contains_paid_content":false,"footnotes":"","jetpack_post_was_ever_published":false},"categories":[26],"tags":[],"class_list":["post-53058","post","type-post","status-publish","format-standard","has-post-thumbnail","hentry","category-geral"],"aioseo_notices":[],"aioseo_head":"\n\t\t<!-- All in One SEO 5.0.1.1 - aioseo.com -->\n\t<meta name=\"robots\" content=\"max-image-preview:large\" \/>\n\t<meta name=\"author\" content=\"da Reda\u00e7\u00e3o\"\/>\n\t<link rel=\"canonical\" href=\"https:\/\/www.jornalja.com.br\/arquivo\/ex-diretores-do-dmae-querem-que-marchezan-retire-projeto-que-autoriza-ppps\/\" \/>\n\t<meta name=\"generator\" content=\"All in One SEO (AIOSEO) 5.0.1.1\" \/>\n\t\t<meta property=\"og:locale\" content=\"pt_BR\" \/>\n\t\t<meta property=\"og:site_name\" content=\"Arquivo | Jornal J\u00c1 | Porto Alegre\" \/>\n\t\t<meta property=\"og:type\" content=\"article\" \/>\n\t\t<meta property=\"og:title\" content=\"Ex-diretores do DMAE querem que Marchezan retire projeto de privatiza\u00e7\u00e3o | Arquivo\" \/>\n\t\t<meta property=\"og:url\" content=\"https:\/\/www.jornalja.com.br\/arquivo\/ex-diretores-do-dmae-querem-que-marchezan-retire-projeto-que-autoriza-ppps\/\" \/>\n\t\t<meta property=\"og:image\" content=\"https:\/\/www.jornalja.com.br\/economics\/wp-content\/uploads\/sites\/11\/2026\/08\/ja-folhaderosto-facebook.jpg\" \/>\n\t\t<meta property=\"og:image:secure_url\" content=\"https:\/\/www.jornalja.com.br\/economics\/wp-content\/uploads\/sites\/11\/2026\/08\/ja-folhaderosto-facebook.jpg\" \/>\n\t\t<meta property=\"article:published_time\" content=\"2017-08-08T21:43:15+00:00\" \/>\n\t\t<meta property=\"article:modified_time\" content=\"2017-08-08T21:43:15+00:00\" \/>\n\t\t<meta name=\"twitter:card\" content=\"summary\" \/>\n\t\t<meta name=\"twitter:title\" content=\"Ex-diretores do DMAE querem que Marchezan retire projeto de privatiza\u00e7\u00e3o | Arquivo\" \/>\n\t\t<meta name=\"twitter:image\" content=\"https:\/\/www.jornalja.com.br\/economics\/wp-content\/uploads\/sites\/11\/2026\/08\/ja-folhaderosto-facebook.jpg\" \/>\n\t\t<script type=\"application\/ld+json\" class=\"aioseo-schema\">\n\t\t\t{\"@context\":\"https:\\\/\\\/schema.org\",\"@graph\":[{\"@type\":\"BlogPosting\",\"@id\":\"https:\\\/\\\/www.jornalja.com.br\\\/arquivo\\\/ex-diretores-do-dmae-querem-que-marchezan-retire-projeto-que-autoriza-ppps\\\/#blogposting\",\"name\":\"Ex-diretores do DMAE querem que Marchezan retire projeto de privatiza\\u00e7\\u00e3o | Arquivo\",\"headline\":\"Ex-diretores do DMAE querem que Marchezan retire projeto de privatiza\\u00e7\\u00e3o\",\"author\":{\"@id\":\"https:\\\/\\\/www.jornalja.com.br\\\/arquivo\\\/author\\\/daredacao\\\/#author\"},\"publisher\":{\"@id\":\"https:\\\/\\\/www.jornalja.com.br\\\/arquivo\\\/#organization\"},\"image\":{\"@type\":\"ImageObject\",\"url\":53066},\"datePublished\":\"2017-08-08T18:43:15-03:00\",\"dateModified\":\"2017-08-08T18:43:15-03:00\",\"inLanguage\":\"pt-BR\",\"mainEntityOfPage\":{\"@id\":\"https:\\\/\\\/www.jornalja.com.br\\\/arquivo\\\/ex-diretores-do-dmae-querem-que-marchezan-retire-projeto-que-autoriza-ppps\\\/#webpage\"},\"isPartOf\":{\"@id\":\"https:\\\/\\\/www.jornalja.com.br\\\/arquivo\\\/ex-diretores-do-dmae-querem-que-marchezan-retire-projeto-que-autoriza-ppps\\\/#webpage\"},\"articleSection\":\"Geral\"},{\"@type\":\"BreadcrumbList\",\"@id\":\"https:\\\/\\\/www.jornalja.com.br\\\/arquivo\\\/ex-diretores-do-dmae-querem-que-marchezan-retire-projeto-que-autoriza-ppps\\\/#breadcrumblist\",\"itemListElement\":[{\"@type\":\"ListItem\",\"@id\":\"https:\\\/\\\/www.jornalja.com.br\\\/arquivo#listItem\",\"position\":1,\"name\":\"Home\",\"item\":\"https:\\\/\\\/www.jornalja.com.br\\\/arquivo\",\"nextItem\":{\"@type\":\"ListItem\",\"@id\":\"https:\\\/\\\/www.jornalja.com.br\\\/arquivo\\\/category\\\/geral\\\/#listItem\",\"name\":\"Geral\"}},{\"@type\":\"ListItem\",\"@id\":\"https:\\\/\\\/www.jornalja.com.br\\\/arquivo\\\/category\\\/geral\\\/#listItem\",\"position\":2,\"name\":\"Geral\",\"item\":\"https:\\\/\\\/www.jornalja.com.br\\\/arquivo\\\/category\\\/geral\\\/\",\"nextItem\":{\"@type\":\"ListItem\",\"@id\":\"https:\\\/\\\/www.jornalja.com.br\\\/arquivo\\\/ex-diretores-do-dmae-querem-que-marchezan-retire-projeto-que-autoriza-ppps\\\/#listItem\",\"name\":\"Ex-diretores do DMAE querem que Marchezan retire projeto de privatiza\\u00e7\\u00e3o\"},\"previousItem\":{\"@type\":\"ListItem\",\"@id\":\"https:\\\/\\\/www.jornalja.com.br\\\/arquivo#listItem\",\"name\":\"Home\"}},{\"@type\":\"ListItem\",\"@id\":\"https:\\\/\\\/www.jornalja.com.br\\\/arquivo\\\/ex-diretores-do-dmae-querem-que-marchezan-retire-projeto-que-autoriza-ppps\\\/#listItem\",\"position\":3,\"name\":\"Ex-diretores do DMAE querem que Marchezan retire projeto de privatiza\\u00e7\\u00e3o\",\"previousItem\":{\"@type\":\"ListItem\",\"@id\":\"https:\\\/\\\/www.jornalja.com.br\\\/arquivo\\\/category\\\/geral\\\/#listItem\",\"name\":\"Geral\"}}]},{\"@type\":\"Organization\",\"@id\":\"https:\\\/\\\/www.jornalja.com.br\\\/arquivo\\\/#organization\",\"name\":\"Jornal J\\u00c1\",\"description\":\"Jornal J\\u00c1 | Porto Alegre\",\"url\":\"https:\\\/\\\/www.jornalja.com.br\\\/arquivo\\\/\",\"telephone\":\"+555133307272\",\"logo\":{\"@type\":\"ImageObject\",\"url\":\"https:\\\/\\\/www.jornalja.com.br\\\/wp-content\\\/uploads\\\/cards\\\/JAslogan.png\",\"@id\":\"https:\\\/\\\/www.jornalja.com.br\\\/arquivo\\\/ex-diretores-do-dmae-querem-que-marchezan-retire-projeto-que-autoriza-ppps\\\/#organizationLogo\"},\"image\":{\"@id\":\"https:\\\/\\\/www.jornalja.com.br\\\/arquivo\\\/ex-diretores-do-dmae-querem-que-marchezan-retire-projeto-que-autoriza-ppps\\\/#organizationLogo\"}},{\"@type\":\"Person\",\"@id\":\"https:\\\/\\\/www.jornalja.com.br\\\/arquivo\\\/author\\\/daredacao\\\/#author\",\"url\":\"https:\\\/\\\/www.jornalja.com.br\\\/arquivo\\\/author\\\/daredacao\\\/\",\"name\":\"da Reda\\u00e7\\u00e3o\",\"image\":{\"@type\":\"ImageObject\",\"@id\":\"https:\\\/\\\/www.jornalja.com.br\\\/arquivo\\\/ex-diretores-do-dmae-querem-que-marchezan-retire-projeto-que-autoriza-ppps\\\/#authorImage\",\"url\":\"https:\\\/\\\/secure.gravatar.com\\\/avatar\\\/469fd857d6605ad19919d27ed29d35a968a25f6e8fd9318356bbb7f57aae9c65?s=96&d=mm&r=g\",\"width\":96,\"height\":96,\"caption\":\"da Reda\\u00e7\\u00e3o\"}},{\"@type\":\"WebPage\",\"@id\":\"https:\\\/\\\/www.jornalja.com.br\\\/arquivo\\\/ex-diretores-do-dmae-querem-que-marchezan-retire-projeto-que-autoriza-ppps\\\/#webpage\",\"url\":\"https:\\\/\\\/www.jornalja.com.br\\\/arquivo\\\/ex-diretores-do-dmae-querem-que-marchezan-retire-projeto-que-autoriza-ppps\\\/\",\"name\":\"Ex-diretores do DMAE querem que Marchezan retire projeto de privatiza\\u00e7\\u00e3o | Arquivo\",\"inLanguage\":\"pt-BR\",\"isPartOf\":{\"@id\":\"https:\\\/\\\/www.jornalja.com.br\\\/arquivo\\\/#website\"},\"breadcrumb\":{\"@id\":\"https:\\\/\\\/www.jornalja.com.br\\\/arquivo\\\/ex-diretores-do-dmae-querem-que-marchezan-retire-projeto-que-autoriza-ppps\\\/#breadcrumblist\"},\"author\":{\"@id\":\"https:\\\/\\\/www.jornalja.com.br\\\/arquivo\\\/author\\\/daredacao\\\/#author\"},\"creator\":{\"@id\":\"https:\\\/\\\/www.jornalja.com.br\\\/arquivo\\\/author\\\/daredacao\\\/#author\"},\"image\":{\"@type\":\"ImageObject\",\"url\":53066,\"@id\":\"https:\\\/\\\/www.jornalja.com.br\\\/arquivo\\\/ex-diretores-do-dmae-querem-que-marchezan-retire-projeto-que-autoriza-ppps\\\/#mainImage\"},\"primaryImageOfPage\":{\"@id\":\"https:\\\/\\\/www.jornalja.com.br\\\/arquivo\\\/ex-diretores-do-dmae-querem-que-marchezan-retire-projeto-que-autoriza-ppps\\\/#mainImage\"},\"datePublished\":\"2017-08-08T18:43:15-03:00\",\"dateModified\":\"2017-08-08T18:43:15-03:00\"},{\"@type\":\"WebSite\",\"@id\":\"https:\\\/\\\/www.jornalja.com.br\\\/arquivo\\\/#website\",\"url\":\"https:\\\/\\\/www.jornalja.com.br\\\/arquivo\\\/\",\"name\":\"Arquivo\",\"description\":\"Jornal J\\u00c1 | Porto Alegre\",\"inLanguage\":\"pt-BR\",\"publisher\":{\"@id\":\"https:\\\/\\\/www.jornalja.com.br\\\/arquivo\\\/#organization\"}}]}\n\t\t<\/script>\n\t\t<!-- All in One SEO -->\n\n","aioseo_head_json":{"title":"Ex-diretores do DMAE querem que Marchezan retire projeto de privatiza\u00e7\u00e3o | Arquivo","description":"","canonical_url":"https:\/\/www.jornalja.com.br\/arquivo\/ex-diretores-do-dmae-querem-que-marchezan-retire-projeto-que-autoriza-ppps\/","robots":"max-image-preview:large","keywords":"","webmasterTools":{"miscellaneous":""},"schema":{"@context":"https:\/\/schema.org","@graph":[{"@type":"BlogPosting","@id":"https:\/\/www.jornalja.com.br\/arquivo\/ex-diretores-do-dmae-querem-que-marchezan-retire-projeto-que-autoriza-ppps\/#blogposting","name":"Ex-diretores do DMAE querem que Marchezan retire projeto de privatiza\u00e7\u00e3o | Arquivo","headline":"Ex-diretores do DMAE querem que Marchezan retire projeto de privatiza\u00e7\u00e3o","author":{"@id":"https:\/\/www.jornalja.com.br\/arquivo\/author\/daredacao\/#author"},"publisher":{"@id":"https:\/\/www.jornalja.com.br\/arquivo\/#organization"},"image":{"@type":"ImageObject","url":53066},"datePublished":"2017-08-08T18:43:15-03:00","dateModified":"2017-08-08T18:43:15-03:00","inLanguage":"pt-BR","mainEntityOfPage":{"@id":"https:\/\/www.jornalja.com.br\/arquivo\/ex-diretores-do-dmae-querem-que-marchezan-retire-projeto-que-autoriza-ppps\/#webpage"},"isPartOf":{"@id":"https:\/\/www.jornalja.com.br\/arquivo\/ex-diretores-do-dmae-querem-que-marchezan-retire-projeto-que-autoriza-ppps\/#webpage"},"articleSection":"Geral"},{"@type":"BreadcrumbList","@id":"https:\/\/www.jornalja.com.br\/arquivo\/ex-diretores-do-dmae-querem-que-marchezan-retire-projeto-que-autoriza-ppps\/#breadcrumblist","itemListElement":[{"@type":"ListItem","@id":"https:\/\/www.jornalja.com.br\/arquivo#listItem","position":1,"name":"Home","item":"https:\/\/www.jornalja.com.br\/arquivo","nextItem":{"@type":"ListItem","@id":"https:\/\/www.jornalja.com.br\/arquivo\/category\/geral\/#listItem","name":"Geral"}},{"@type":"ListItem","@id":"https:\/\/www.jornalja.com.br\/arquivo\/category\/geral\/#listItem","position":2,"name":"Geral","item":"https:\/\/www.jornalja.com.br\/arquivo\/category\/geral\/","nextItem":{"@type":"ListItem","@id":"https:\/\/www.jornalja.com.br\/arquivo\/ex-diretores-do-dmae-querem-que-marchezan-retire-projeto-que-autoriza-ppps\/#listItem","name":"Ex-diretores do DMAE querem que Marchezan retire projeto de privatiza\u00e7\u00e3o"},"previousItem":{"@type":"ListItem","@id":"https:\/\/www.jornalja.com.br\/arquivo#listItem","name":"Home"}},{"@type":"ListItem","@id":"https:\/\/www.jornalja.com.br\/arquivo\/ex-diretores-do-dmae-querem-que-marchezan-retire-projeto-que-autoriza-ppps\/#listItem","position":3,"name":"Ex-diretores do DMAE querem que Marchezan retire projeto de privatiza\u00e7\u00e3o","previousItem":{"@type":"ListItem","@id":"https:\/\/www.jornalja.com.br\/arquivo\/category\/geral\/#listItem","name":"Geral"}}]},{"@type":"Organization","@id":"https:\/\/www.jornalja.com.br\/arquivo\/#organization","name":"Jornal J\u00c1","description":"Jornal J\u00c1 | Porto Alegre","url":"https:\/\/www.jornalja.com.br\/arquivo\/","telephone":"+555133307272","logo":{"@type":"ImageObject","url":"https:\/\/www.jornalja.com.br\/wp-content\/uploads\/cards\/JAslogan.png","@id":"https:\/\/www.jornalja.com.br\/arquivo\/ex-diretores-do-dmae-querem-que-marchezan-retire-projeto-que-autoriza-ppps\/#organizationLogo"},"image":{"@id":"https:\/\/www.jornalja.com.br\/arquivo\/ex-diretores-do-dmae-querem-que-marchezan-retire-projeto-que-autoriza-ppps\/#organizationLogo"}},{"@type":"Person","@id":"https:\/\/www.jornalja.com.br\/arquivo\/author\/daredacao\/#author","url":"https:\/\/www.jornalja.com.br\/arquivo\/author\/daredacao\/","name":"da Reda\u00e7\u00e3o","image":{"@type":"ImageObject","@id":"https:\/\/www.jornalja.com.br\/arquivo\/ex-diretores-do-dmae-querem-que-marchezan-retire-projeto-que-autoriza-ppps\/#authorImage","url":"https:\/\/secure.gravatar.com\/avatar\/469fd857d6605ad19919d27ed29d35a968a25f6e8fd9318356bbb7f57aae9c65?s=96&d=mm&r=g","width":96,"height":96,"caption":"da Reda\u00e7\u00e3o"}},{"@type":"WebPage","@id":"https:\/\/www.jornalja.com.br\/arquivo\/ex-diretores-do-dmae-querem-que-marchezan-retire-projeto-que-autoriza-ppps\/#webpage","url":"https:\/\/www.jornalja.com.br\/arquivo\/ex-diretores-do-dmae-querem-que-marchezan-retire-projeto-que-autoriza-ppps\/","name":"Ex-diretores do DMAE querem que Marchezan retire projeto de privatiza\u00e7\u00e3o | Arquivo","inLanguage":"pt-BR","isPartOf":{"@id":"https:\/\/www.jornalja.com.br\/arquivo\/#website"},"breadcrumb":{"@id":"https:\/\/www.jornalja.com.br\/arquivo\/ex-diretores-do-dmae-querem-que-marchezan-retire-projeto-que-autoriza-ppps\/#breadcrumblist"},"author":{"@id":"https:\/\/www.jornalja.com.br\/arquivo\/author\/daredacao\/#author"},"creator":{"@id":"https:\/\/www.jornalja.com.br\/arquivo\/author\/daredacao\/#author"},"image":{"@type":"ImageObject","url":53066,"@id":"https:\/\/www.jornalja.com.br\/arquivo\/ex-diretores-do-dmae-querem-que-marchezan-retire-projeto-que-autoriza-ppps\/#mainImage"},"primaryImageOfPage":{"@id":"https:\/\/www.jornalja.com.br\/arquivo\/ex-diretores-do-dmae-querem-que-marchezan-retire-projeto-que-autoriza-ppps\/#mainImage"},"datePublished":"2017-08-08T18:43:15-03:00","dateModified":"2017-08-08T18:43:15-03:00"},{"@type":"WebSite","@id":"https:\/\/www.jornalja.com.br\/arquivo\/#website","url":"https:\/\/www.jornalja.com.br\/arquivo\/","name":"Arquivo","description":"Jornal J\u00c1 | Porto Alegre","inLanguage":"pt-BR","publisher":{"@id":"https:\/\/www.jornalja.com.br\/arquivo\/#organization"}}]},"og:locale":"pt_BR","og:site_name":"Arquivo | Jornal J\u00c1 | Porto Alegre","og:type":"article","og:title":"Ex-diretores do DMAE querem que Marchezan retire projeto de privatiza\u00e7\u00e3o | Arquivo","og:url":"https:\/\/www.jornalja.com.br\/arquivo\/ex-diretores-do-dmae-querem-que-marchezan-retire-projeto-que-autoriza-ppps\/","og:image":"https:\/\/www.jornalja.com.br\/economics\/wp-content\/uploads\/sites\/11\/2026\/08\/ja-folhaderosto-facebook.jpg","og:image:secure_url":"https:\/\/www.jornalja.com.br\/economics\/wp-content\/uploads\/sites\/11\/2026\/08\/ja-folhaderosto-facebook.jpg","article:published_time":"2017-08-08T21:43:15+00:00","article:modified_time":"2017-08-08T21:43:15+00:00","twitter:card":"summary","twitter:title":"Ex-diretores do DMAE querem que Marchezan retire projeto de privatiza\u00e7\u00e3o | Arquivo","twitter:image":"https:\/\/www.jornalja.com.br\/economics\/wp-content\/uploads\/sites\/11\/2026\/08\/ja-folhaderosto-facebook.jpg"},"aioseo_meta_data":{"post_id":"53058","title":null,"description":null,"keywords":null,"keyphrases":null,"primary_term":null,"canonical_url":null,"og_title":null,"og_description":null,"og_object_type":"default","og_image_type":"default","og_image_url":null,"og_image_width":null,"og_image_height":null,"og_image_custom_url":null,"og_image_custom_fields":null,"og_video":null,"og_custom_url":null,"og_article_section":null,"og_article_tags":null,"twitter_use_og":false,"twitter_card":"default","twitter_image_type":"default","twitter_image_url":null,"twitter_image_custom_url":null,"twitter_image_custom_fields":null,"twitter_title":null,"twitter_description":null,"schema":{"blockGraphs":[],"customGraphs":[],"default":{"data":{"Article":[],"Course":[],"Dataset":[],"FAQPage":[],"Movie":[],"Person":[],"Product":[],"ProductReview":[],"Car":[],"Recipe":[],"Service":[],"SoftwareApplication":[],"WebPage":[]},"graphName":"","isEnabled":true},"graphs":[],"defaultGraph":"","defaultPostTypeGraph":""},"schema_type":null,"schema_type_options":null,"pillar_content":false,"robots_default":true,"robots_noindex":false,"robots_noarchive":false,"robots_nosnippet":false,"robots_nofollow":false,"robots_noimageindex":false,"robots_noodp":false,"robots_notranslate":false,"robots_max_snippet":null,"robots_max_videopreview":null,"robots_max_imagepreview":"large","priority":null,"frequency":null,"location":null,"local_seo":null,"breadcrumb_settings":null,"limit_modified_date":false,"ai":null,"created":"2020-12-20 20:26:59","updated":"2025-07-20 00:08:11","seo_analyzer_scan_date":null,"focus_keyword":null,"additional_keywords":null,"truseo_locale":null},"jetpack_sharing_enabled":true,"jetpack-related-posts":[{"id":14241,"url":"https:\/\/www.jornalja.com.br\/arquivo\/o-guaiba-nas-imagens-poeticas-de-achutti\/","url_meta":{"origin":53058,"position":0},"title":"O Gua\u00edba nas imagens po\u00e9ticas de Achutti","author":"da Reda\u00e7\u00e3o","date":"18 de junho de 2014","format":false,"excerpt":"Em \u201cO Gua\u00edba por Achutti\u201d \u2013 obra financiada via Minist\u00e9rio da Cultura, produ\u00e7\u00e3o executiva de Pedro Longhi, e Fl\u00e1vio Wild como designer \u2013, o fot\u00f3grafo revela a beleza e as mazelas de um espa\u00e7o aqu\u00e1tico de \u00e1guas sempre renovadas, cheio de hist\u00f3rias e lendas como as das cidades que foram\u2026","rel":"","context":"Em &quot;Cultura-Geral&quot;","block_context":{"text":"Cultura-Geral","link":"https:\/\/www.jornalja.com.br\/arquivo\/category\/materiasecundaria\/"},"img":{"alt_text":"","src":"","width":0,"height":0},"classes":[]},{"id":13239,"url":"https:\/\/www.jornalja.com.br\/arquivo\/conselho-desdenha-do-plano-diretor\/","url_meta":{"origin":53058,"position":1},"title":"Porto Alegre: Conselho detona Plano Diretor","author":"Patr\u00edcia Marini","date":"25 de maio de 2014","format":false,"excerpt":"Den\u00fancia do arquiteto e \u00a0urbanista Ibir\u00e1 Santos Lucas. Ele diz que os conselheiros est\u00e3o votando com \"enorme irresponsabilidade\". \"Mudam regime com a maior naturalidade,,,regularizam absurdos de constru\u00e7\u00f5es irregulares... \"O CMDUA est\u00e1 flexibilizando a lei do plano diretor, de uma forma impactante na vida da cidade. Mudam regime com a maior\u2026","rel":"","context":"Em &quot;Geral&quot;","block_context":{"text":"Geral","link":"https:\/\/www.jornalja.com.br\/arquivo\/category\/geral\/"},"img":{"alt_text":"","src":"","width":0,"height":0},"classes":[]},{"id":13240,"url":"https:\/\/www.jornalja.com.br\/arquivo\/plano-diretor-estamos-construindo-o-caos\/","url_meta":{"origin":53058,"position":2},"title":"Plano diretor: &quot;Estamos construindo o caos&quot;","author":"Patr\u00edcia Marini","date":"26 de maio de 2014","format":false,"excerpt":"Desabafo que arquiteta Eliana Castilhos, delegada da Regi\u00e3o de Planejamento 1, postou nas redes sociais \u00e9 um testemunho do ambiente que se criou no Conselho do Plano Diretor de Porto Alegre, onde a aprova\u00e7\u00e3o de grandes empreendimentos \u00e9 empurrada guela abaixo dos conselheiros. Ao CMDUA Como delegada da Regi\u00e3o de\u2026","rel":"","context":"Em &quot;Geral&quot;","block_context":{"text":"Geral","link":"https:\/\/www.jornalja.com.br\/arquivo\/category\/geral\/"},"img":{"alt_text":"","src":"","width":0,"height":0},"classes":[]},{"id":13124,"url":"https:\/\/www.jornalja.com.br\/arquivo\/sangue-latino-no-iecine\/","url_meta":{"origin":53058,"position":3},"title":"Sangue latino no IECINE","author":"da Reda\u00e7\u00e3o","date":"18 de maio de 2014","format":false,"excerpt":"Francisco Ribeiro O Instituto Estadual de Cinema (IECINE) tem a frente, desde abril \u00faltimo, um novo diretor, o cineasta colombiano Juan Zapata, 36, que substitui Luiz Alberto Cassol. Radicado h\u00e1 dez anos em Porto Alegre, Zapata tem diante de si o desafio de conduzir at\u00e9 o final do ano um\u2026","rel":"","context":"Em &quot;Cultura-Geral&quot;","block_context":{"text":"Cultura-Geral","link":"https:\/\/www.jornalja.com.br\/arquivo\/category\/materiasecundaria\/"},"img":{"alt_text":"","src":"","width":0,"height":0},"classes":[]},{"id":5440,"url":"https:\/\/www.jornalja.com.br\/arquivo\/casarao-da-venancio-destino-permanece-incerto\/","url_meta":{"origin":53058,"position":4},"title":"Estado ainda n\u00e3o sabe o que fazer com casar\u00e3o abandonado h\u00e1 20 anos","author":"Elmar Bones","date":"6 de julho de 2009","format":false,"excerpt":"O casar\u00e3o amarelo, numa esquina nobre de Porto Alegre (Ven\u00e2ncio Aires com Jo\u00e3o Pessoa), j\u00e1 abrigou uma escola. H\u00e1 duas d\u00e9cadas, pelo menos, est\u00e1 abandonado, porque seu propriet\u00e1rio, o governo do Estado do Rio Grande do Sul, n\u00e3o consegue achar um destino para ele. Planos n\u00e3o faltaram. O governador Ol\u00edvio\u2026","rel":"","context":"Em &quot;X.Categorias velhas&quot;","block_context":{"text":"X.Categorias velhas","link":"https:\/\/www.jornalja.com.br\/arquivo\/category\/x-categorias-velhas\/"},"img":{"alt_text":"geraldo1","src":"https:\/\/i0.wp.com\/www.jornalja.com.br\/wp-content\/uploads\/2009\/07\/geraldo1.jpg?resize=350%2C200&ssl=1","width":350,"height":200},"classes":[]}],"jetpack_shortlink":"https:\/\/wp.me\/pbQjBd-dNM","jetpack_featured_media_url":"","_links":{"self":[{"href":"https:\/\/www.jornalja.com.br\/arquivo\/wp-json\/wp\/v2\/posts\/53058","targetHints":{"allow":["GET"]}}],"collection":[{"href":"https:\/\/www.jornalja.com.br\/arquivo\/wp-json\/wp\/v2\/posts"}],"about":[{"href":"https:\/\/www.jornalja.com.br\/arquivo\/wp-json\/wp\/v2\/types\/post"}],"author":[{"embeddable":true,"href":"https:\/\/www.jornalja.com.br\/arquivo\/wp-json\/wp\/v2\/users\/4"}],"replies":[{"embeddable":true,"href":"https:\/\/www.jornalja.com.br\/arquivo\/wp-json\/wp\/v2\/comments?post=53058"}],"version-history":[{"count":0,"href":"https:\/\/www.jornalja.com.br\/arquivo\/wp-json\/wp\/v2\/posts\/53058\/revisions"}],"wp:attachment":[{"href":"https:\/\/www.jornalja.com.br\/arquivo\/wp-json\/wp\/v2\/media?parent=53058"}],"wp:term":[{"taxonomy":"category","embeddable":true,"href":"https:\/\/www.jornalja.com.br\/arquivo\/wp-json\/wp\/v2\/categories?post=53058"},{"taxonomy":"post_tag","embeddable":true,"href":"https:\/\/www.jornalja.com.br\/arquivo\/wp-json\/wp\/v2\/tags?post=53058"}],"curies":[{"name":"wp","href":"https:\/\/api.w.org\/{rel}","templated":true}]}}