{"id":53091,"date":"2017-08-08T21:38:22","date_gmt":"2017-08-09T00:38:22","guid":{"rendered":"https:\/\/www.jornalja.com.br\/?p=53091"},"modified":"2017-08-08T21:38:22","modified_gmt":"2017-08-09T00:38:22","slug":"o-espetaculo-bukowski-historias-da-vida-subterranea-encerra-temporada-no-proximo-final-de-semana-no-teatro-de-arena","status":"publish","type":"post","link":"https:\/\/www.jornalja.com.br\/arquivo\/o-espetaculo-bukowski-historias-da-vida-subterranea-encerra-temporada-no-proximo-final-de-semana-no-teatro-de-arena\/","title":{"rendered":"Espet\u00e1culo\u00a0Bukowski: Hist\u00f3rias da Vida Subterr\u00e2nea\u00a0encerra\u00a0temporada no final de semana,\u00a0no\u00a0Teatro de Arena"},"content":{"rendered":"<p>O espet\u00e1culo, grande sucesso de cr\u00edtica e p\u00fablico, permeia a vida de Charles Bukowski, que revela &#8211; por meio de sua literatura autobiogr\u00e1fica &#8211; os tr\u00e2nsitos pelo caminho que se estendem da superf\u00edcie ao subterr\u00e2neo ps\u00edquico, tanto do indiv\u00edduo quanto de sua rela\u00e7\u00e3o em meio coletivo. Suas problem\u00e1ticas, seus questionamentos, suas reflex\u00f5es sobre a sociedade representada aqui como um agente que estabelece os conceitos que definem estratos e intelectos.<br \/>\nO\u00a0Dep\u00f3sito de Teatro,\u00a0em Bukowski: Hist\u00f3rias da Vida Subterr\u00e2nea, tece essas rela\u00e7\u00f5es atrav\u00e9s de uma narrativa que transita do sat\u00edrico ao ir\u00f4nico. Traz no drama uma proximidade n\u00e3o s\u00f3 com a literatura, mas tamb\u00e9m transita pelas artes pl\u00e1sticas com proje\u00e7\u00f5es de algumas das pinturas do escritor e utiliza da m\u00fasica contempor\u00e2nea como forma de construir a textura de uma paisagem intimista proposta pelas a\u00e7\u00f5es e rela\u00e7\u00f5es nos universos urbanos.<br \/>\nA partir de uma detalhada e minuciosa pesquisa, tanto nos contos e poesias, quanto na biografia, foi recriada uma vis\u00e3o do universo bukowskiano atrav\u00e9s de\u00a0cenas constru\u00eddas de forma fragmentada e n\u00e3o linear, enfatizando fatos importantes na\u00a0vida\u00a0do escritor, revelando de forma teatral aspectos presentes no seu cotidiano, como seus 14 anos de trabalho ininterrupto nos correios de Los Angeles, sua rela\u00e7\u00e3o com sua primeira mulher, sua inf\u00e2ncia e rela\u00e7\u00e3o com seus pais, leituras que realizava em universidades e sua rela\u00e7\u00e3o com as mulheres.<br \/>\nAl\u00e9m disso, mostra-se no palco v\u00e1rias facetas do autor, revelando\u00a0Bukowski\u00a0a partir da revisita\u00e7\u00e3o aos seus poemas que tratam de temas existenciais do ser humano.\u200b<br \/>\n<span class=\"culturadestaque\">\u00a0SERVI\u00c7O:<\/span><br \/>\nO qu\u00ea:\u00a0Espet\u00e1culo teatral &#8220;BUKOWSKI \u2013 Hist\u00f3rias da Vida Subterr\u00e2nea&#8221;<br \/>\nQuando:\u00a0de 04 a 13 de agosto, de sexta a domingo sempre \u00e0s 20 horas<br \/>\nOnde:\u00a0Teatro de Arena \u2013 Altos do viaduto da Borges<br \/>\nIngressos:\u00a0Inteira a R$ 40,00 (meia-entrada para estudantes, professores, classe teatral, idosos)<br \/>\nINGRESSOS ANTECIPADOS J\u00c1 \u00c0 VENDA COM 50% DE DESCONTO<br \/>\nLoja Sirius &#8211; Rua da Rep\u00fablica, 304 &#8211; Cidade Baixa<br \/>\nLancheria do Parque &#8211; Av. Osvaldo Aranha, 1086 &#8211; Bom Fim<br \/>\nCaf\u00e9 do Duque &#8211; R. Duque de Caxias, 1354 &#8211; Centro Hist\u00f3rico<br \/>\nClassifica\u00e7\u00e3o: 16 anos<\/p>\n","protected":false},"excerpt":{"rendered":"<p>O espet\u00e1culo, grande sucesso de cr\u00edtica e p\u00fablico, permeia a vida de Charles Bukowski, que revela &#8211; por meio de sua literatura autobiogr\u00e1fica &#8211; os tr\u00e2nsitos pelo caminho que se estendem da superf\u00edcie ao subterr\u00e2neo ps\u00edquico, tanto do indiv\u00edduo quanto de sua rela\u00e7\u00e3o em meio coletivo. Suas problem\u00e1ticas, seus questionamentos, suas reflex\u00f5es sobre a sociedade [&hellip;]<\/p>\n","protected":false},"author":4,"featured_media":0,"comment_status":"open","ping_status":"closed","sticky":false,"template":"","format":"standard","meta":{"_jetpack_newsletter_access":"","_jetpack_dont_email_post_to_subs":false,"_jetpack_newsletter_tier_id":0,"_jetpack_memberships_contains_paywalled_content":false,"_jetpack_feature_clip_id":0,"_jetpack_memberships_contains_paid_content":false,"footnotes":"","jetpack_post_was_ever_published":false},"categories":[2017],"tags":[],"class_list":["post-53091","post","type-post","status-publish","format-standard","hentry","category-culturanotas"],"aioseo_notices":[],"aioseo_head":"\n\t\t<!-- All in One SEO 5.0.1.1 - aioseo.com -->\n\t<meta name=\"robots\" content=\"max-image-preview:large\" \/>\n\t<meta name=\"author\" content=\"da Reda\u00e7\u00e3o\"\/>\n\t<link rel=\"canonical\" href=\"https:\/\/www.jornalja.com.br\/arquivo\/o-espetaculo-bukowski-historias-da-vida-subterranea-encerra-temporada-no-proximo-final-de-semana-no-teatro-de-arena\/\" \/>\n\t<meta name=\"generator\" content=\"All in One SEO (AIOSEO) 5.0.1.1\" \/>\n\t\t<meta property=\"og:locale\" content=\"pt_BR\" \/>\n\t\t<meta property=\"og:site_name\" content=\"Arquivo | Jornal J\u00c1 | Porto Alegre\" \/>\n\t\t<meta property=\"og:type\" content=\"article\" \/>\n\t\t<meta property=\"og:title\" content=\"Espet\u00e1culo Bukowski: Hist\u00f3rias da Vida Subterr\u00e2nea encerra temporada no final de semana, no Teatro de Arena | Arquivo\" \/>\n\t\t<meta property=\"og:url\" content=\"https:\/\/www.jornalja.com.br\/arquivo\/o-espetaculo-bukowski-historias-da-vida-subterranea-encerra-temporada-no-proximo-final-de-semana-no-teatro-de-arena\/\" \/>\n\t\t<meta property=\"og:image\" content=\"https:\/\/www.jornalja.com.br\/economics\/wp-content\/uploads\/sites\/11\/2026\/08\/ja-folhaderosto-facebook.jpg\" \/>\n\t\t<meta property=\"og:image:secure_url\" content=\"https:\/\/www.jornalja.com.br\/economics\/wp-content\/uploads\/sites\/11\/2026\/08\/ja-folhaderosto-facebook.jpg\" \/>\n\t\t<meta property=\"article:published_time\" content=\"2017-08-09T00:38:22+00:00\" \/>\n\t\t<meta property=\"article:modified_time\" content=\"2017-08-09T00:38:22+00:00\" \/>\n\t\t<meta name=\"twitter:card\" content=\"summary\" \/>\n\t\t<meta name=\"twitter:title\" content=\"Espet\u00e1culo Bukowski: Hist\u00f3rias da Vida Subterr\u00e2nea encerra temporada no final de semana, no Teatro de Arena | Arquivo\" \/>\n\t\t<meta name=\"twitter:image\" content=\"https:\/\/www.jornalja.com.br\/economics\/wp-content\/uploads\/sites\/11\/2026\/08\/ja-folhaderosto-facebook.jpg\" \/>\n\t\t<script type=\"application\/ld+json\" class=\"aioseo-schema\">\n\t\t\t{\"@context\":\"https:\\\/\\\/schema.org\",\"@graph\":[{\"@type\":\"BlogPosting\",\"@id\":\"https:\\\/\\\/www.jornalja.com.br\\\/arquivo\\\/o-espetaculo-bukowski-historias-da-vida-subterranea-encerra-temporada-no-proximo-final-de-semana-no-teatro-de-arena\\\/#blogposting\",\"name\":\"Espet\\u00e1culo Bukowski: Hist\\u00f3rias da Vida Subterr\\u00e2nea encerra temporada no final de semana, no Teatro de Arena | Arquivo\",\"headline\":\"Espet\\u00e1culo\\u00a0Bukowski: Hist\\u00f3rias da Vida Subterr\\u00e2nea\\u00a0encerra\\u00a0temporada no final de semana,\\u00a0no\\u00a0Teatro de Arena\",\"author\":{\"@id\":\"https:\\\/\\\/www.jornalja.com.br\\\/arquivo\\\/author\\\/daredacao\\\/#author\"},\"publisher\":{\"@id\":\"https:\\\/\\\/www.jornalja.com.br\\\/arquivo\\\/#organization\"},\"image\":{\"@type\":\"ImageObject\",\"url\":\"https:\\\/\\\/www.jornalja.com.br\\\/wp-content\\\/uploads\\\/cards\\\/JAslogan.png\",\"@id\":\"https:\\\/\\\/www.jornalja.com.br\\\/arquivo\\\/#articleImage\"},\"datePublished\":\"2017-08-08T21:38:22-03:00\",\"dateModified\":\"2017-08-08T21:38:22-03:00\",\"inLanguage\":\"pt-BR\",\"mainEntityOfPage\":{\"@id\":\"https:\\\/\\\/www.jornalja.com.br\\\/arquivo\\\/o-espetaculo-bukowski-historias-da-vida-subterranea-encerra-temporada-no-proximo-final-de-semana-no-teatro-de-arena\\\/#webpage\"},\"isPartOf\":{\"@id\":\"https:\\\/\\\/www.jornalja.com.br\\\/arquivo\\\/o-espetaculo-bukowski-historias-da-vida-subterranea-encerra-temporada-no-proximo-final-de-semana-no-teatro-de-arena\\\/#webpage\"},\"articleSection\":\"Cultura-notas\"},{\"@type\":\"BreadcrumbList\",\"@id\":\"https:\\\/\\\/www.jornalja.com.br\\\/arquivo\\\/o-espetaculo-bukowski-historias-da-vida-subterranea-encerra-temporada-no-proximo-final-de-semana-no-teatro-de-arena\\\/#breadcrumblist\",\"itemListElement\":[{\"@type\":\"ListItem\",\"@id\":\"https:\\\/\\\/www.jornalja.com.br\\\/arquivo#listItem\",\"position\":1,\"name\":\"Home\",\"item\":\"https:\\\/\\\/www.jornalja.com.br\\\/arquivo\",\"nextItem\":{\"@type\":\"ListItem\",\"@id\":\"https:\\\/\\\/www.jornalja.com.br\\\/arquivo\\\/category\\\/culturanotas\\\/#listItem\",\"name\":\"Cultura-notas\"}},{\"@type\":\"ListItem\",\"@id\":\"https:\\\/\\\/www.jornalja.com.br\\\/arquivo\\\/category\\\/culturanotas\\\/#listItem\",\"position\":2,\"name\":\"Cultura-notas\",\"item\":\"https:\\\/\\\/www.jornalja.com.br\\\/arquivo\\\/category\\\/culturanotas\\\/\",\"nextItem\":{\"@type\":\"ListItem\",\"@id\":\"https:\\\/\\\/www.jornalja.com.br\\\/arquivo\\\/o-espetaculo-bukowski-historias-da-vida-subterranea-encerra-temporada-no-proximo-final-de-semana-no-teatro-de-arena\\\/#listItem\",\"name\":\"Espet\\u00e1culo\\u00a0Bukowski: Hist\\u00f3rias da Vida Subterr\\u00e2nea\\u00a0encerra\\u00a0temporada no final de semana,\\u00a0no\\u00a0Teatro de Arena\"},\"previousItem\":{\"@type\":\"ListItem\",\"@id\":\"https:\\\/\\\/www.jornalja.com.br\\\/arquivo#listItem\",\"name\":\"Home\"}},{\"@type\":\"ListItem\",\"@id\":\"https:\\\/\\\/www.jornalja.com.br\\\/arquivo\\\/o-espetaculo-bukowski-historias-da-vida-subterranea-encerra-temporada-no-proximo-final-de-semana-no-teatro-de-arena\\\/#listItem\",\"position\":3,\"name\":\"Espet\\u00e1culo\\u00a0Bukowski: Hist\\u00f3rias da Vida Subterr\\u00e2nea\\u00a0encerra\\u00a0temporada no final de semana,\\u00a0no\\u00a0Teatro de Arena\",\"previousItem\":{\"@type\":\"ListItem\",\"@id\":\"https:\\\/\\\/www.jornalja.com.br\\\/arquivo\\\/category\\\/culturanotas\\\/#listItem\",\"name\":\"Cultura-notas\"}}]},{\"@type\":\"Organization\",\"@id\":\"https:\\\/\\\/www.jornalja.com.br\\\/arquivo\\\/#organization\",\"name\":\"Jornal J\\u00c1\",\"description\":\"Jornal J\\u00c1 | Porto Alegre\",\"url\":\"https:\\\/\\\/www.jornalja.com.br\\\/arquivo\\\/\",\"telephone\":\"+555133307272\",\"logo\":{\"@type\":\"ImageObject\",\"url\":\"https:\\\/\\\/www.jornalja.com.br\\\/wp-content\\\/uploads\\\/cards\\\/JAslogan.png\",\"@id\":\"https:\\\/\\\/www.jornalja.com.br\\\/arquivo\\\/o-espetaculo-bukowski-historias-da-vida-subterranea-encerra-temporada-no-proximo-final-de-semana-no-teatro-de-arena\\\/#organizationLogo\"},\"image\":{\"@id\":\"https:\\\/\\\/www.jornalja.com.br\\\/arquivo\\\/o-espetaculo-bukowski-historias-da-vida-subterranea-encerra-temporada-no-proximo-final-de-semana-no-teatro-de-arena\\\/#organizationLogo\"}},{\"@type\":\"Person\",\"@id\":\"https:\\\/\\\/www.jornalja.com.br\\\/arquivo\\\/author\\\/daredacao\\\/#author\",\"url\":\"https:\\\/\\\/www.jornalja.com.br\\\/arquivo\\\/author\\\/daredacao\\\/\",\"name\":\"da Reda\\u00e7\\u00e3o\",\"image\":{\"@type\":\"ImageObject\",\"@id\":\"https:\\\/\\\/www.jornalja.com.br\\\/arquivo\\\/o-espetaculo-bukowski-historias-da-vida-subterranea-encerra-temporada-no-proximo-final-de-semana-no-teatro-de-arena\\\/#authorImage\",\"url\":\"https:\\\/\\\/secure.gravatar.com\\\/avatar\\\/469fd857d6605ad19919d27ed29d35a968a25f6e8fd9318356bbb7f57aae9c65?s=96&d=mm&r=g\",\"width\":96,\"height\":96,\"caption\":\"da Reda\\u00e7\\u00e3o\"}},{\"@type\":\"WebPage\",\"@id\":\"https:\\\/\\\/www.jornalja.com.br\\\/arquivo\\\/o-espetaculo-bukowski-historias-da-vida-subterranea-encerra-temporada-no-proximo-final-de-semana-no-teatro-de-arena\\\/#webpage\",\"url\":\"https:\\\/\\\/www.jornalja.com.br\\\/arquivo\\\/o-espetaculo-bukowski-historias-da-vida-subterranea-encerra-temporada-no-proximo-final-de-semana-no-teatro-de-arena\\\/\",\"name\":\"Espet\\u00e1culo Bukowski: Hist\\u00f3rias da Vida Subterr\\u00e2nea encerra temporada no final de semana, no Teatro de Arena | Arquivo\",\"inLanguage\":\"pt-BR\",\"isPartOf\":{\"@id\":\"https:\\\/\\\/www.jornalja.com.br\\\/arquivo\\\/#website\"},\"breadcrumb\":{\"@id\":\"https:\\\/\\\/www.jornalja.com.br\\\/arquivo\\\/o-espetaculo-bukowski-historias-da-vida-subterranea-encerra-temporada-no-proximo-final-de-semana-no-teatro-de-arena\\\/#breadcrumblist\"},\"author\":{\"@id\":\"https:\\\/\\\/www.jornalja.com.br\\\/arquivo\\\/author\\\/daredacao\\\/#author\"},\"creator\":{\"@id\":\"https:\\\/\\\/www.jornalja.com.br\\\/arquivo\\\/author\\\/daredacao\\\/#author\"},\"datePublished\":\"2017-08-08T21:38:22-03:00\",\"dateModified\":\"2017-08-08T21:38:22-03:00\"},{\"@type\":\"WebSite\",\"@id\":\"https:\\\/\\\/www.jornalja.com.br\\\/arquivo\\\/#website\",\"url\":\"https:\\\/\\\/www.jornalja.com.br\\\/arquivo\\\/\",\"name\":\"Arquivo\",\"description\":\"Jornal J\\u00c1 | Porto Alegre\",\"inLanguage\":\"pt-BR\",\"publisher\":{\"@id\":\"https:\\\/\\\/www.jornalja.com.br\\\/arquivo\\\/#organization\"}}]}\n\t\t<\/script>\n\t\t<!-- All in One SEO -->\n\n","aioseo_head_json":{"title":"Espet\u00e1culo Bukowski: Hist\u00f3rias da Vida Subterr\u00e2nea encerra temporada no final de semana, no Teatro de Arena | Arquivo","description":"","canonical_url":"https:\/\/www.jornalja.com.br\/arquivo\/o-espetaculo-bukowski-historias-da-vida-subterranea-encerra-temporada-no-proximo-final-de-semana-no-teatro-de-arena\/","robots":"max-image-preview:large","keywords":"","webmasterTools":{"miscellaneous":""},"schema":{"@context":"https:\/\/schema.org","@graph":[{"@type":"BlogPosting","@id":"https:\/\/www.jornalja.com.br\/arquivo\/o-espetaculo-bukowski-historias-da-vida-subterranea-encerra-temporada-no-proximo-final-de-semana-no-teatro-de-arena\/#blogposting","name":"Espet\u00e1culo Bukowski: Hist\u00f3rias da Vida Subterr\u00e2nea encerra temporada no final de semana, no Teatro de Arena | Arquivo","headline":"Espet\u00e1culo\u00a0Bukowski: Hist\u00f3rias da Vida Subterr\u00e2nea\u00a0encerra\u00a0temporada no final de semana,\u00a0no\u00a0Teatro de Arena","author":{"@id":"https:\/\/www.jornalja.com.br\/arquivo\/author\/daredacao\/#author"},"publisher":{"@id":"https:\/\/www.jornalja.com.br\/arquivo\/#organization"},"image":{"@type":"ImageObject","url":"https:\/\/www.jornalja.com.br\/wp-content\/uploads\/cards\/JAslogan.png","@id":"https:\/\/www.jornalja.com.br\/arquivo\/#articleImage"},"datePublished":"2017-08-08T21:38:22-03:00","dateModified":"2017-08-08T21:38:22-03:00","inLanguage":"pt-BR","mainEntityOfPage":{"@id":"https:\/\/www.jornalja.com.br\/arquivo\/o-espetaculo-bukowski-historias-da-vida-subterranea-encerra-temporada-no-proximo-final-de-semana-no-teatro-de-arena\/#webpage"},"isPartOf":{"@id":"https:\/\/www.jornalja.com.br\/arquivo\/o-espetaculo-bukowski-historias-da-vida-subterranea-encerra-temporada-no-proximo-final-de-semana-no-teatro-de-arena\/#webpage"},"articleSection":"Cultura-notas"},{"@type":"BreadcrumbList","@id":"https:\/\/www.jornalja.com.br\/arquivo\/o-espetaculo-bukowski-historias-da-vida-subterranea-encerra-temporada-no-proximo-final-de-semana-no-teatro-de-arena\/#breadcrumblist","itemListElement":[{"@type":"ListItem","@id":"https:\/\/www.jornalja.com.br\/arquivo#listItem","position":1,"name":"Home","item":"https:\/\/www.jornalja.com.br\/arquivo","nextItem":{"@type":"ListItem","@id":"https:\/\/www.jornalja.com.br\/arquivo\/category\/culturanotas\/#listItem","name":"Cultura-notas"}},{"@type":"ListItem","@id":"https:\/\/www.jornalja.com.br\/arquivo\/category\/culturanotas\/#listItem","position":2,"name":"Cultura-notas","item":"https:\/\/www.jornalja.com.br\/arquivo\/category\/culturanotas\/","nextItem":{"@type":"ListItem","@id":"https:\/\/www.jornalja.com.br\/arquivo\/o-espetaculo-bukowski-historias-da-vida-subterranea-encerra-temporada-no-proximo-final-de-semana-no-teatro-de-arena\/#listItem","name":"Espet\u00e1culo\u00a0Bukowski: Hist\u00f3rias da Vida Subterr\u00e2nea\u00a0encerra\u00a0temporada no final de semana,\u00a0no\u00a0Teatro de Arena"},"previousItem":{"@type":"ListItem","@id":"https:\/\/www.jornalja.com.br\/arquivo#listItem","name":"Home"}},{"@type":"ListItem","@id":"https:\/\/www.jornalja.com.br\/arquivo\/o-espetaculo-bukowski-historias-da-vida-subterranea-encerra-temporada-no-proximo-final-de-semana-no-teatro-de-arena\/#listItem","position":3,"name":"Espet\u00e1culo\u00a0Bukowski: Hist\u00f3rias da Vida Subterr\u00e2nea\u00a0encerra\u00a0temporada no final de semana,\u00a0no\u00a0Teatro de Arena","previousItem":{"@type":"ListItem","@id":"https:\/\/www.jornalja.com.br\/arquivo\/category\/culturanotas\/#listItem","name":"Cultura-notas"}}]},{"@type":"Organization","@id":"https:\/\/www.jornalja.com.br\/arquivo\/#organization","name":"Jornal J\u00c1","description":"Jornal J\u00c1 | Porto Alegre","url":"https:\/\/www.jornalja.com.br\/arquivo\/","telephone":"+555133307272","logo":{"@type":"ImageObject","url":"https:\/\/www.jornalja.com.br\/wp-content\/uploads\/cards\/JAslogan.png","@id":"https:\/\/www.jornalja.com.br\/arquivo\/o-espetaculo-bukowski-historias-da-vida-subterranea-encerra-temporada-no-proximo-final-de-semana-no-teatro-de-arena\/#organizationLogo"},"image":{"@id":"https:\/\/www.jornalja.com.br\/arquivo\/o-espetaculo-bukowski-historias-da-vida-subterranea-encerra-temporada-no-proximo-final-de-semana-no-teatro-de-arena\/#organizationLogo"}},{"@type":"Person","@id":"https:\/\/www.jornalja.com.br\/arquivo\/author\/daredacao\/#author","url":"https:\/\/www.jornalja.com.br\/arquivo\/author\/daredacao\/","name":"da Reda\u00e7\u00e3o","image":{"@type":"ImageObject","@id":"https:\/\/www.jornalja.com.br\/arquivo\/o-espetaculo-bukowski-historias-da-vida-subterranea-encerra-temporada-no-proximo-final-de-semana-no-teatro-de-arena\/#authorImage","url":"https:\/\/secure.gravatar.com\/avatar\/469fd857d6605ad19919d27ed29d35a968a25f6e8fd9318356bbb7f57aae9c65?s=96&d=mm&r=g","width":96,"height":96,"caption":"da Reda\u00e7\u00e3o"}},{"@type":"WebPage","@id":"https:\/\/www.jornalja.com.br\/arquivo\/o-espetaculo-bukowski-historias-da-vida-subterranea-encerra-temporada-no-proximo-final-de-semana-no-teatro-de-arena\/#webpage","url":"https:\/\/www.jornalja.com.br\/arquivo\/o-espetaculo-bukowski-historias-da-vida-subterranea-encerra-temporada-no-proximo-final-de-semana-no-teatro-de-arena\/","name":"Espet\u00e1culo Bukowski: Hist\u00f3rias da Vida Subterr\u00e2nea encerra temporada no final de semana, no Teatro de Arena | Arquivo","inLanguage":"pt-BR","isPartOf":{"@id":"https:\/\/www.jornalja.com.br\/arquivo\/#website"},"breadcrumb":{"@id":"https:\/\/www.jornalja.com.br\/arquivo\/o-espetaculo-bukowski-historias-da-vida-subterranea-encerra-temporada-no-proximo-final-de-semana-no-teatro-de-arena\/#breadcrumblist"},"author":{"@id":"https:\/\/www.jornalja.com.br\/arquivo\/author\/daredacao\/#author"},"creator":{"@id":"https:\/\/www.jornalja.com.br\/arquivo\/author\/daredacao\/#author"},"datePublished":"2017-08-08T21:38:22-03:00","dateModified":"2017-08-08T21:38:22-03:00"},{"@type":"WebSite","@id":"https:\/\/www.jornalja.com.br\/arquivo\/#website","url":"https:\/\/www.jornalja.com.br\/arquivo\/","name":"Arquivo","description":"Jornal J\u00c1 | Porto Alegre","inLanguage":"pt-BR","publisher":{"@id":"https:\/\/www.jornalja.com.br\/arquivo\/#organization"}}]},"og:locale":"pt_BR","og:site_name":"Arquivo | Jornal J\u00c1 | Porto Alegre","og:type":"article","og:title":"Espet\u00e1culo Bukowski: Hist\u00f3rias da Vida Subterr\u00e2nea encerra temporada no final de semana, no Teatro de Arena | Arquivo","og:url":"https:\/\/www.jornalja.com.br\/arquivo\/o-espetaculo-bukowski-historias-da-vida-subterranea-encerra-temporada-no-proximo-final-de-semana-no-teatro-de-arena\/","og:image":"https:\/\/www.jornalja.com.br\/economics\/wp-content\/uploads\/sites\/11\/2026\/08\/ja-folhaderosto-facebook.jpg","og:image:secure_url":"https:\/\/www.jornalja.com.br\/economics\/wp-content\/uploads\/sites\/11\/2026\/08\/ja-folhaderosto-facebook.jpg","article:published_time":"2017-08-09T00:38:22+00:00","article:modified_time":"2017-08-09T00:38:22+00:00","twitter:card":"summary","twitter:title":"Espet\u00e1culo Bukowski: Hist\u00f3rias da Vida Subterr\u00e2nea encerra temporada no final de semana, no Teatro de Arena | Arquivo","twitter:image":"https:\/\/www.jornalja.com.br\/economics\/wp-content\/uploads\/sites\/11\/2026\/08\/ja-folhaderosto-facebook.jpg"},"aioseo_meta_data":{"post_id":"53091","title":null,"description":null,"keywords":null,"keyphrases":null,"primary_term":null,"canonical_url":null,"og_title":null,"og_description":null,"og_object_type":"default","og_image_type":"default","og_image_url":null,"og_image_width":null,"og_image_height":null,"og_image_custom_url":null,"og_image_custom_fields":null,"og_video":null,"og_custom_url":null,"og_article_section":null,"og_article_tags":null,"twitter_use_og":false,"twitter_card":"default","twitter_image_type":"default","twitter_image_url":null,"twitter_image_custom_url":null,"twitter_image_custom_fields":null,"twitter_title":null,"twitter_description":null,"schema":{"blockGraphs":[],"customGraphs":[],"default":{"data":{"Article":[],"Course":[],"Dataset":[],"FAQPage":[],"Movie":[],"Person":[],"Product":[],"ProductReview":[],"Car":[],"Recipe":[],"Service":[],"SoftwareApplication":[],"WebPage":[]},"graphName":"","isEnabled":true},"graphs":[]},"schema_type":null,"schema_type_options":null,"pillar_content":false,"robots_default":true,"robots_noindex":false,"robots_noarchive":false,"robots_nosnippet":false,"robots_nofollow":false,"robots_noimageindex":false,"robots_noodp":false,"robots_notranslate":false,"robots_max_snippet":null,"robots_max_videopreview":null,"robots_max_imagepreview":"large","priority":null,"frequency":null,"location":null,"local_seo":null,"breadcrumb_settings":null,"limit_modified_date":false,"ai":null,"created":"2020-12-20 20:26:59","updated":"2025-07-20 00:08:11","seo_analyzer_scan_date":null,"focus_keyword":null,"additional_keywords":null,"truseo_locale":null},"jetpack_sharing_enabled":true,"jetpack-related-posts":[{"id":1280,"url":"https:\/\/www.jornalja.com.br\/arquivo\/o-menino-que-se-tornou-brizola\/","url_meta":{"origin":53091,"position":0},"title":"O Menino que se Tornou Brizola","author":"da Reda\u00e7\u00e3o","date":"28 de julho de 2008","format":false,"excerpt":"Autor: Cleber Dioni A vida de Leonel Brizola, com \u00eanfase para os primeiros anos em Porto Alegre, at\u00e9 o ex\u00edlio no Uruguai e a volta, quinze anos depois. \u00a0\"...\u00c9ramos todos jovens e nos identific\u00e1vamos com aquela massa an\u00f4nima a percorrer as ruas de Porto Alegre, gritando 'Get\u00falio', 'Get\u00falio' e empunhando\u2026","rel":"","context":"Em &quot;Livros&quot;","block_context":{"text":"Livros","link":"https:\/\/www.jornalja.com.br\/arquivo\/category\/livros\/"},"img":{"alt_text":"","src":"https:\/\/i0.wp.com\/www.jornalja.com.br\/wp-content\/uploads\/2008\/07\/brizola.gif?resize=350%2C200&ssl=1","width":350,"height":200},"classes":[]},{"id":13101,"url":"https:\/\/www.jornalja.com.br\/arquivo\/morre-um-guerreiro-do-texto\/","url_meta":{"origin":53091,"position":1},"title":"Morre um guerreiro do texto","author":"Patr\u00edcia Marini","date":"14 de maio de 2014","format":false,"excerpt":"Por Ricardo Kotscho Reproduzido do blog do autor, 11\/5\/2014; t\u00edtulo original \u201cE l\u00e1 se foi o nosso Myltainho, guerreiro do texto\u201d. Mi\u00fado e franzino, meu amigo Myltainho era um valente e inconformado guerreiro na luta contra as injusti\u00e7as sociais, a hipocrisia, as maracutaias, o autoritarismo, a intoler\u00e2ncia, a viol\u00eancia, o\u2026","rel":"","context":"Em &quot;Geral&quot;","block_context":{"text":"Geral","link":"https:\/\/www.jornalja.com.br\/arquivo\/category\/geral\/"},"img":{"alt_text":"","src":"","width":0,"height":0},"classes":[]},{"id":13240,"url":"https:\/\/www.jornalja.com.br\/arquivo\/plano-diretor-estamos-construindo-o-caos\/","url_meta":{"origin":53091,"position":2},"title":"Plano diretor: &quot;Estamos construindo o caos&quot;","author":"Patr\u00edcia Marini","date":"26 de maio de 2014","format":false,"excerpt":"Desabafo que arquiteta Eliana Castilhos, delegada da Regi\u00e3o de Planejamento 1, postou nas redes sociais \u00e9 um testemunho do ambiente que se criou no Conselho do Plano Diretor de Porto Alegre, onde a aprova\u00e7\u00e3o de grandes empreendimentos \u00e9 empurrada guela abaixo dos conselheiros. Ao CMDUA Como delegada da Regi\u00e3o de\u2026","rel":"","context":"Em &quot;Geral&quot;","block_context":{"text":"Geral","link":"https:\/\/www.jornalja.com.br\/arquivo\/category\/geral\/"},"img":{"alt_text":"","src":"","width":0,"height":0},"classes":[]},{"id":14241,"url":"https:\/\/www.jornalja.com.br\/arquivo\/o-guaiba-nas-imagens-poeticas-de-achutti\/","url_meta":{"origin":53091,"position":3},"title":"O Gua\u00edba nas imagens po\u00e9ticas de Achutti","author":"da Reda\u00e7\u00e3o","date":"18 de junho de 2014","format":false,"excerpt":"Em \u201cO Gua\u00edba por Achutti\u201d \u2013 obra financiada via Minist\u00e9rio da Cultura, produ\u00e7\u00e3o executiva de Pedro Longhi, e Fl\u00e1vio Wild como designer \u2013, o fot\u00f3grafo revela a beleza e as mazelas de um espa\u00e7o aqu\u00e1tico de \u00e1guas sempre renovadas, cheio de hist\u00f3rias e lendas como as das cidades que foram\u2026","rel":"","context":"Em &quot;Cultura-Geral&quot;","block_context":{"text":"Cultura-Geral","link":"https:\/\/www.jornalja.com.br\/arquivo\/category\/materiasecundaria\/"},"img":{"alt_text":"","src":"","width":0,"height":0},"classes":[]},{"id":13239,"url":"https:\/\/www.jornalja.com.br\/arquivo\/conselho-desdenha-do-plano-diretor\/","url_meta":{"origin":53091,"position":4},"title":"Porto Alegre: Conselho detona Plano Diretor","author":"Patr\u00edcia Marini","date":"25 de maio de 2014","format":false,"excerpt":"Den\u00fancia do arquiteto e \u00a0urbanista Ibir\u00e1 Santos Lucas. Ele diz que os conselheiros est\u00e3o votando com \"enorme irresponsabilidade\". \"Mudam regime com a maior naturalidade,,,regularizam absurdos de constru\u00e7\u00f5es irregulares... \"O CMDUA est\u00e1 flexibilizando a lei do plano diretor, de uma forma impactante na vida da cidade. Mudam regime com a maior\u2026","rel":"","context":"Em &quot;Geral&quot;","block_context":{"text":"Geral","link":"https:\/\/www.jornalja.com.br\/arquivo\/category\/geral\/"},"img":{"alt_text":"","src":"","width":0,"height":0},"classes":[]},{"id":13124,"url":"https:\/\/www.jornalja.com.br\/arquivo\/sangue-latino-no-iecine\/","url_meta":{"origin":53091,"position":5},"title":"Sangue latino no IECINE","author":"da Reda\u00e7\u00e3o","date":"18 de maio de 2014","format":false,"excerpt":"Francisco Ribeiro O Instituto Estadual de Cinema (IECINE) tem a frente, desde abril \u00faltimo, um novo diretor, o cineasta colombiano Juan Zapata, 36, que substitui Luiz Alberto Cassol. Radicado h\u00e1 dez anos em Porto Alegre, Zapata tem diante de si o desafio de conduzir at\u00e9 o final do ano um\u2026","rel":"","context":"Em &quot;Cultura-Geral&quot;","block_context":{"text":"Cultura-Geral","link":"https:\/\/www.jornalja.com.br\/arquivo\/category\/materiasecundaria\/"},"img":{"alt_text":"","src":"","width":0,"height":0},"classes":[]}],"jetpack_shortlink":"https:\/\/wp.me\/pbQjBd-dOj","jetpack_featured_media_url":"","_links":{"self":[{"href":"https:\/\/www.jornalja.com.br\/arquivo\/wp-json\/wp\/v2\/posts\/53091","targetHints":{"allow":["GET"]}}],"collection":[{"href":"https:\/\/www.jornalja.com.br\/arquivo\/wp-json\/wp\/v2\/posts"}],"about":[{"href":"https:\/\/www.jornalja.com.br\/arquivo\/wp-json\/wp\/v2\/types\/post"}],"author":[{"embeddable":true,"href":"https:\/\/www.jornalja.com.br\/arquivo\/wp-json\/wp\/v2\/users\/4"}],"replies":[{"embeddable":true,"href":"https:\/\/www.jornalja.com.br\/arquivo\/wp-json\/wp\/v2\/comments?post=53091"}],"version-history":[{"count":0,"href":"https:\/\/www.jornalja.com.br\/arquivo\/wp-json\/wp\/v2\/posts\/53091\/revisions"}],"wp:attachment":[{"href":"https:\/\/www.jornalja.com.br\/arquivo\/wp-json\/wp\/v2\/media?parent=53091"}],"wp:term":[{"taxonomy":"category","embeddable":true,"href":"https:\/\/www.jornalja.com.br\/arquivo\/wp-json\/wp\/v2\/categories?post=53091"},{"taxonomy":"post_tag","embeddable":true,"href":"https:\/\/www.jornalja.com.br\/arquivo\/wp-json\/wp\/v2\/tags?post=53091"}],"curies":[{"name":"wp","href":"https:\/\/api.w.org\/{rel}","templated":true}]}}