{"id":53094,"date":"2017-08-08T22:25:16","date_gmt":"2017-08-09T01:25:16","guid":{"rendered":"https:\/\/www.jornalja.com.br\/?p=53094"},"modified":"2017-08-08T22:25:16","modified_gmt":"2017-08-09T01:25:16","slug":"suspensao-de-processo-gera-indignacao-entre-atingidos-por-tragedia-de-mariana","status":"publish","type":"post","link":"https:\/\/www.jornalja.com.br\/arquivo\/suspensao-de-processo-gera-indignacao-entre-atingidos-por-tragedia-de-mariana\/","title":{"rendered":"Suspens\u00e3o de processo gera indigna\u00e7\u00e3o entre atingidos por trag\u00e9dia de Mariana"},"content":{"rendered":"<div id=\"content-header\">\nA suspens\u00e3o do processo criminal que pede a responsabiliza\u00e7\u00e3o de 22 pessoas e quatro empresas \u2013 Samarco, Vale, BHP Billinton e VogBR \u2013 pelas mortes decorrentes do rompimento da barragem de Fund\u00e3o, em Mariana, causou indigna\u00e7\u00e3o entre as fam\u00edlias atingidas pela trag\u00e9dia, em 2015.<br \/>\n<figure id=\"attachment_53095\" aria-describedby=\"caption-attachment-53095\" style=\"width: 400px\" class=\"wp-caption alignnone\"><img loading=\"lazy\" decoding=\"async\" class=\"size-medium wp-image-53095\" src=\"https:\/\/www.jornalja.com.br\/wp-content\/uploads\/2017\/08\/984194-mg09112015-_wdo7509-400x268.jpg\" alt=\"\" width=\"400\" height=\"268\" \/><figcaption id=\"caption-attachment-53095\" class=\"wp-caption-text\">Distrito de Bento Rodrigues, em Mariana (MG), atingido pelo da barragem de rejeitos da Samarco. Antonio Cruz\/ Ag\u00eancia Brasil<\/figcaption><\/figure><br \/>\nIntegrante do Movimento dos Atingidos por Barragem (MAB),\u00a0Joceli Andriole,\u00a0que atua ao lado das fam\u00edlias atingidas em Minas Gerais e no Esp\u00edrito Santo, contou que a not\u00edcia foi recebida com \u201cmuito choro e muita revolta\u201d pelos parentes das v\u00edtimas. \u201cA rea\u00e7\u00e3o foi de indigna\u00e7\u00e3o e muita tristeza. As pessoas tinham esperan\u00e7a de que esse crime seria julgado. A not\u00edcia desagradou a todos e mostra uma tend\u00eancia da Justi\u00e7a em beneficiar os criminosos\u201d, disse.<br \/>\nO rompimento da barragem de rejeitos em Mariana, no dia 5 de novembro de 2015, causou 19 mortes, al\u00e9m de contaminar a Bacia Hidrogr\u00e1fica do Rio Doce, destruir o distrito de Bento Rodrigues e comprometer o abastecimento de \u00e1gua e a produ\u00e7\u00e3o de alimentos em diversas cidades da regi\u00e3o. Os danos ambientais causados pelo desastre ainda est\u00e3o sendo calculados.<br \/>\nAndriole informou que os atingidos n\u00e3o pretendem desistir da luta e organizam protestos em Belo Horizonte na pr\u00f3xima semana. \u201cCom todas as contradi\u00e7\u00f5es ambientais que o mundo est\u00e1 enfrentando, \u00e9 inaceit\u00e1vel que v\u00e1 passar impune o maior desastre ambiental da hist\u00f3ria do Brasil\u201d, disse.<br \/>\nPor meio de nota, a organiza\u00e7\u00e3o nacional do MAB tamb\u00e9m repudiou a suspens\u00e3o da a\u00e7\u00e3o. \u201cVergonhosamente, esta decis\u00e3o \u00e9 a \u00fanica resposta que a Justi\u00e7a consegue dar aos atingidos e a toda sociedade brasileira 21 meses depois do crime e reafirma em n\u00f3s atingidos a completa descren\u00e7a com o poder judici\u00e1rio que atua para favorecer as mineradoras\u201d, diz um trecho.<br \/>\n<span class=\"intertit\"><strong>Entenda o caso<\/strong><\/span><br \/>\nNa segunda-feira (7), o juiz federal de Ponte Nova (MG), Jacques de Queiroz Ferreira, suspendeu a a\u00e7\u00e3o criminal at\u00e9 que as companhias telef\u00f4nicas esclare\u00e7am se as escutas telef\u00f4nicas usadas para basear a den\u00fancia s\u00e3o legais. O magistrado acolheu o pedido da defesa que argumenta que a den\u00fancia do Minist\u00e9rio P\u00fablico Federal teve como base a obten\u00e7\u00e3o de provas il\u00edcitas. H\u00e1 cerca de um m\u00eas, o mesmo juiz negou o pedido.<br \/>\nPor meio de nota, o Minist\u00e9rio P\u00fablico Federal de Minas Gerais negou a vers\u00e3o da defesa. \u201cAs intercepta\u00e7\u00f5es usadas na den\u00fancia foram feitas dentro do prazo legal. Na verdade, as intercepta\u00e7\u00f5es indicadas pela defesa como supostamente ilegais sequer foram utilizadas na den\u00fancia, por isso, n\u00e3o teriam o cond\u00e3o de causar nulidade na a\u00e7\u00e3o penal\u201d.<br \/>\nApesar de discordar do argumento da defesa, o MPF concordou em esclarecer a quest\u00e3o e pediu que fossem oficiadas as companhias telef\u00f4nicas para que &#8220;esclare\u00e7am os per\u00edodos de efetivo monitoramento de cada terminal\u201d. As telef\u00f4nicas t\u00eam 10 dias para fornecer as informa\u00e7\u00f5es solicitadas \u00e0 Justi\u00e7a.<br \/>\nOs r\u00e9us no processo n\u00e3o se manifestaram sobre o assunto.<br \/>\n<em>Da Ag\u00eancia Brasil<\/em>\n<\/div>\n<div id=\"content-area\"><\/div>\n","protected":false},"excerpt":{"rendered":"<p>A suspens\u00e3o do processo criminal que pede a responsabiliza\u00e7\u00e3o de 22 pessoas e quatro empresas \u2013 Samarco, Vale, BHP Billinton e VogBR \u2013 pelas mortes decorrentes do rompimento da barragem de Fund\u00e3o, em Mariana, causou indigna\u00e7\u00e3o entre as fam\u00edlias atingidas pela trag\u00e9dia, em 2015. Integrante do Movimento dos Atingidos por Barragem (MAB),\u00a0Joceli Andriole,\u00a0que atua ao [&hellip;]<\/p>\n","protected":false},"author":4,"featured_media":0,"comment_status":"open","ping_status":"closed","sticky":false,"template":"","format":"standard","meta":{"_jetpack_newsletter_access":"","_jetpack_dont_email_post_to_subs":false,"_jetpack_newsletter_tier_id":0,"_jetpack_memberships_contains_paywalled_content":false,"_jetpack_feature_clip_id":0,"_jetpack_memberships_contains_paid_content":false,"footnotes":"","jetpack_post_was_ever_published":false},"categories":[2022],"tags":[],"class_list":["post-53094","post","type-post","status-publish","format-standard","hentry","category-notas"],"aioseo_notices":[],"aioseo_head":"\n\t\t<!-- All in One SEO 5.0.1.1 - aioseo.com -->\n\t<meta name=\"robots\" content=\"max-image-preview:large\" \/>\n\t<meta name=\"author\" content=\"da Reda\u00e7\u00e3o\"\/>\n\t<link rel=\"canonical\" href=\"https:\/\/www.jornalja.com.br\/arquivo\/suspensao-de-processo-gera-indignacao-entre-atingidos-por-tragedia-de-mariana\/\" \/>\n\t<meta name=\"generator\" content=\"All in One SEO (AIOSEO) 5.0.1.1\" \/>\n\t\t<meta property=\"og:locale\" content=\"pt_BR\" \/>\n\t\t<meta property=\"og:site_name\" content=\"Arquivo | Jornal J\u00c1 | Porto Alegre\" \/>\n\t\t<meta property=\"og:type\" content=\"article\" \/>\n\t\t<meta property=\"og:title\" content=\"Suspens\u00e3o de processo gera indigna\u00e7\u00e3o entre atingidos por trag\u00e9dia de Mariana | Arquivo\" \/>\n\t\t<meta property=\"og:url\" content=\"https:\/\/www.jornalja.com.br\/arquivo\/suspensao-de-processo-gera-indignacao-entre-atingidos-por-tragedia-de-mariana\/\" \/>\n\t\t<meta property=\"og:image\" content=\"https:\/\/www.jornalja.com.br\/wp-content\/uploads\/2017\/08\/984194-mg09112015-_wdo7509-400x268.jpg\" \/>\n\t\t<meta property=\"og:image:secure_url\" content=\"https:\/\/www.jornalja.com.br\/wp-content\/uploads\/2017\/08\/984194-mg09112015-_wdo7509-400x268.jpg\" \/>\n\t\t<meta property=\"article:published_time\" content=\"2017-08-09T01:25:16+00:00\" \/>\n\t\t<meta property=\"article:modified_time\" content=\"2017-08-09T01:25:16+00:00\" \/>\n\t\t<meta name=\"twitter:card\" content=\"summary\" \/>\n\t\t<meta name=\"twitter:title\" content=\"Suspens\u00e3o de processo gera indigna\u00e7\u00e3o entre atingidos por trag\u00e9dia de Mariana | Arquivo\" \/>\n\t\t<meta name=\"twitter:image\" content=\"https:\/\/www.jornalja.com.br\/economics\/wp-content\/uploads\/sites\/11\/2026\/08\/ja-folhaderosto-facebook.jpg\" \/>\n\t\t<script type=\"application\/ld+json\" class=\"aioseo-schema\">\n\t\t\t{\"@context\":\"https:\\\/\\\/schema.org\",\"@graph\":[{\"@type\":\"BlogPosting\",\"@id\":\"https:\\\/\\\/www.jornalja.com.br\\\/arquivo\\\/suspensao-de-processo-gera-indignacao-entre-atingidos-por-tragedia-de-mariana\\\/#blogposting\",\"name\":\"Suspens\\u00e3o de processo gera indigna\\u00e7\\u00e3o entre atingidos por trag\\u00e9dia de Mariana | Arquivo\",\"headline\":\"Suspens\\u00e3o de processo gera indigna\\u00e7\\u00e3o entre atingidos por trag\\u00e9dia de Mariana\",\"author\":{\"@id\":\"https:\\\/\\\/www.jornalja.com.br\\\/arquivo\\\/author\\\/daredacao\\\/#author\"},\"publisher\":{\"@id\":\"https:\\\/\\\/www.jornalja.com.br\\\/arquivo\\\/#organization\"},\"image\":{\"@type\":\"ImageObject\",\"url\":\"https:\\\/\\\/www.jornalja.com.br\\\/wp-content\\\/uploads\\\/2017\\\/08\\\/984194-mg09112015-_wdo7509-400x268.jpg\",\"@id\":\"https:\\\/\\\/www.jornalja.com.br\\\/arquivo\\\/suspensao-de-processo-gera-indignacao-entre-atingidos-por-tragedia-de-mariana\\\/#articleImage\"},\"datePublished\":\"2017-08-08T22:25:16-03:00\",\"dateModified\":\"2017-08-08T22:25:16-03:00\",\"inLanguage\":\"pt-BR\",\"mainEntityOfPage\":{\"@id\":\"https:\\\/\\\/www.jornalja.com.br\\\/arquivo\\\/suspensao-de-processo-gera-indignacao-entre-atingidos-por-tragedia-de-mariana\\\/#webpage\"},\"isPartOf\":{\"@id\":\"https:\\\/\\\/www.jornalja.com.br\\\/arquivo\\\/suspensao-de-processo-gera-indignacao-entre-atingidos-por-tragedia-de-mariana\\\/#webpage\"},\"articleSection\":\"NOTAS\"},{\"@type\":\"BreadcrumbList\",\"@id\":\"https:\\\/\\\/www.jornalja.com.br\\\/arquivo\\\/suspensao-de-processo-gera-indignacao-entre-atingidos-por-tragedia-de-mariana\\\/#breadcrumblist\",\"itemListElement\":[{\"@type\":\"ListItem\",\"@id\":\"https:\\\/\\\/www.jornalja.com.br\\\/arquivo#listItem\",\"position\":1,\"name\":\"Home\",\"item\":\"https:\\\/\\\/www.jornalja.com.br\\\/arquivo\",\"nextItem\":{\"@type\":\"ListItem\",\"@id\":\"https:\\\/\\\/www.jornalja.com.br\\\/arquivo\\\/category\\\/notas\\\/#listItem\",\"name\":\"NOTAS\"}},{\"@type\":\"ListItem\",\"@id\":\"https:\\\/\\\/www.jornalja.com.br\\\/arquivo\\\/category\\\/notas\\\/#listItem\",\"position\":2,\"name\":\"NOTAS\",\"item\":\"https:\\\/\\\/www.jornalja.com.br\\\/arquivo\\\/category\\\/notas\\\/\",\"nextItem\":{\"@type\":\"ListItem\",\"@id\":\"https:\\\/\\\/www.jornalja.com.br\\\/arquivo\\\/suspensao-de-processo-gera-indignacao-entre-atingidos-por-tragedia-de-mariana\\\/#listItem\",\"name\":\"Suspens\\u00e3o de processo gera indigna\\u00e7\\u00e3o entre atingidos por trag\\u00e9dia de Mariana\"},\"previousItem\":{\"@type\":\"ListItem\",\"@id\":\"https:\\\/\\\/www.jornalja.com.br\\\/arquivo#listItem\",\"name\":\"Home\"}},{\"@type\":\"ListItem\",\"@id\":\"https:\\\/\\\/www.jornalja.com.br\\\/arquivo\\\/suspensao-de-processo-gera-indignacao-entre-atingidos-por-tragedia-de-mariana\\\/#listItem\",\"position\":3,\"name\":\"Suspens\\u00e3o de processo gera indigna\\u00e7\\u00e3o entre atingidos por trag\\u00e9dia de Mariana\",\"previousItem\":{\"@type\":\"ListItem\",\"@id\":\"https:\\\/\\\/www.jornalja.com.br\\\/arquivo\\\/category\\\/notas\\\/#listItem\",\"name\":\"NOTAS\"}}]},{\"@type\":\"Organization\",\"@id\":\"https:\\\/\\\/www.jornalja.com.br\\\/arquivo\\\/#organization\",\"name\":\"Jornal J\\u00c1\",\"description\":\"Jornal J\\u00c1 | Porto Alegre\",\"url\":\"https:\\\/\\\/www.jornalja.com.br\\\/arquivo\\\/\",\"telephone\":\"+555133307272\",\"logo\":{\"@type\":\"ImageObject\",\"url\":\"https:\\\/\\\/www.jornalja.com.br\\\/wp-content\\\/uploads\\\/cards\\\/JAslogan.png\",\"@id\":\"https:\\\/\\\/www.jornalja.com.br\\\/arquivo\\\/suspensao-de-processo-gera-indignacao-entre-atingidos-por-tragedia-de-mariana\\\/#organizationLogo\"},\"image\":{\"@id\":\"https:\\\/\\\/www.jornalja.com.br\\\/arquivo\\\/suspensao-de-processo-gera-indignacao-entre-atingidos-por-tragedia-de-mariana\\\/#organizationLogo\"}},{\"@type\":\"Person\",\"@id\":\"https:\\\/\\\/www.jornalja.com.br\\\/arquivo\\\/author\\\/daredacao\\\/#author\",\"url\":\"https:\\\/\\\/www.jornalja.com.br\\\/arquivo\\\/author\\\/daredacao\\\/\",\"name\":\"da Reda\\u00e7\\u00e3o\",\"image\":{\"@type\":\"ImageObject\",\"@id\":\"https:\\\/\\\/www.jornalja.com.br\\\/arquivo\\\/suspensao-de-processo-gera-indignacao-entre-atingidos-por-tragedia-de-mariana\\\/#authorImage\",\"url\":\"https:\\\/\\\/secure.gravatar.com\\\/avatar\\\/469fd857d6605ad19919d27ed29d35a968a25f6e8fd9318356bbb7f57aae9c65?s=96&d=mm&r=g\",\"width\":96,\"height\":96,\"caption\":\"da Reda\\u00e7\\u00e3o\"}},{\"@type\":\"WebPage\",\"@id\":\"https:\\\/\\\/www.jornalja.com.br\\\/arquivo\\\/suspensao-de-processo-gera-indignacao-entre-atingidos-por-tragedia-de-mariana\\\/#webpage\",\"url\":\"https:\\\/\\\/www.jornalja.com.br\\\/arquivo\\\/suspensao-de-processo-gera-indignacao-entre-atingidos-por-tragedia-de-mariana\\\/\",\"name\":\"Suspens\\u00e3o de processo gera indigna\\u00e7\\u00e3o entre atingidos por trag\\u00e9dia de Mariana | Arquivo\",\"inLanguage\":\"pt-BR\",\"isPartOf\":{\"@id\":\"https:\\\/\\\/www.jornalja.com.br\\\/arquivo\\\/#website\"},\"breadcrumb\":{\"@id\":\"https:\\\/\\\/www.jornalja.com.br\\\/arquivo\\\/suspensao-de-processo-gera-indignacao-entre-atingidos-por-tragedia-de-mariana\\\/#breadcrumblist\"},\"author\":{\"@id\":\"https:\\\/\\\/www.jornalja.com.br\\\/arquivo\\\/author\\\/daredacao\\\/#author\"},\"creator\":{\"@id\":\"https:\\\/\\\/www.jornalja.com.br\\\/arquivo\\\/author\\\/daredacao\\\/#author\"},\"datePublished\":\"2017-08-08T22:25:16-03:00\",\"dateModified\":\"2017-08-08T22:25:16-03:00\"},{\"@type\":\"WebSite\",\"@id\":\"https:\\\/\\\/www.jornalja.com.br\\\/arquivo\\\/#website\",\"url\":\"https:\\\/\\\/www.jornalja.com.br\\\/arquivo\\\/\",\"name\":\"Arquivo\",\"description\":\"Jornal J\\u00c1 | Porto Alegre\",\"inLanguage\":\"pt-BR\",\"publisher\":{\"@id\":\"https:\\\/\\\/www.jornalja.com.br\\\/arquivo\\\/#organization\"}}]}\n\t\t<\/script>\n\t\t<!-- All in One SEO -->\n\n","aioseo_head_json":{"title":"Suspens\u00e3o de processo gera indigna\u00e7\u00e3o entre atingidos por trag\u00e9dia de Mariana | Arquivo","description":"","canonical_url":"https:\/\/www.jornalja.com.br\/arquivo\/suspensao-de-processo-gera-indignacao-entre-atingidos-por-tragedia-de-mariana\/","robots":"max-image-preview:large","keywords":"","webmasterTools":{"miscellaneous":""},"schema":{"@context":"https:\/\/schema.org","@graph":[{"@type":"BlogPosting","@id":"https:\/\/www.jornalja.com.br\/arquivo\/suspensao-de-processo-gera-indignacao-entre-atingidos-por-tragedia-de-mariana\/#blogposting","name":"Suspens\u00e3o de processo gera indigna\u00e7\u00e3o entre atingidos por trag\u00e9dia de Mariana | Arquivo","headline":"Suspens\u00e3o de processo gera indigna\u00e7\u00e3o entre atingidos por trag\u00e9dia de Mariana","author":{"@id":"https:\/\/www.jornalja.com.br\/arquivo\/author\/daredacao\/#author"},"publisher":{"@id":"https:\/\/www.jornalja.com.br\/arquivo\/#organization"},"image":{"@type":"ImageObject","url":"https:\/\/www.jornalja.com.br\/wp-content\/uploads\/2017\/08\/984194-mg09112015-_wdo7509-400x268.jpg","@id":"https:\/\/www.jornalja.com.br\/arquivo\/suspensao-de-processo-gera-indignacao-entre-atingidos-por-tragedia-de-mariana\/#articleImage"},"datePublished":"2017-08-08T22:25:16-03:00","dateModified":"2017-08-08T22:25:16-03:00","inLanguage":"pt-BR","mainEntityOfPage":{"@id":"https:\/\/www.jornalja.com.br\/arquivo\/suspensao-de-processo-gera-indignacao-entre-atingidos-por-tragedia-de-mariana\/#webpage"},"isPartOf":{"@id":"https:\/\/www.jornalja.com.br\/arquivo\/suspensao-de-processo-gera-indignacao-entre-atingidos-por-tragedia-de-mariana\/#webpage"},"articleSection":"NOTAS"},{"@type":"BreadcrumbList","@id":"https:\/\/www.jornalja.com.br\/arquivo\/suspensao-de-processo-gera-indignacao-entre-atingidos-por-tragedia-de-mariana\/#breadcrumblist","itemListElement":[{"@type":"ListItem","@id":"https:\/\/www.jornalja.com.br\/arquivo#listItem","position":1,"name":"Home","item":"https:\/\/www.jornalja.com.br\/arquivo","nextItem":{"@type":"ListItem","@id":"https:\/\/www.jornalja.com.br\/arquivo\/category\/notas\/#listItem","name":"NOTAS"}},{"@type":"ListItem","@id":"https:\/\/www.jornalja.com.br\/arquivo\/category\/notas\/#listItem","position":2,"name":"NOTAS","item":"https:\/\/www.jornalja.com.br\/arquivo\/category\/notas\/","nextItem":{"@type":"ListItem","@id":"https:\/\/www.jornalja.com.br\/arquivo\/suspensao-de-processo-gera-indignacao-entre-atingidos-por-tragedia-de-mariana\/#listItem","name":"Suspens\u00e3o de processo gera indigna\u00e7\u00e3o entre atingidos por trag\u00e9dia de Mariana"},"previousItem":{"@type":"ListItem","@id":"https:\/\/www.jornalja.com.br\/arquivo#listItem","name":"Home"}},{"@type":"ListItem","@id":"https:\/\/www.jornalja.com.br\/arquivo\/suspensao-de-processo-gera-indignacao-entre-atingidos-por-tragedia-de-mariana\/#listItem","position":3,"name":"Suspens\u00e3o de processo gera indigna\u00e7\u00e3o entre atingidos por trag\u00e9dia de Mariana","previousItem":{"@type":"ListItem","@id":"https:\/\/www.jornalja.com.br\/arquivo\/category\/notas\/#listItem","name":"NOTAS"}}]},{"@type":"Organization","@id":"https:\/\/www.jornalja.com.br\/arquivo\/#organization","name":"Jornal J\u00c1","description":"Jornal J\u00c1 | Porto Alegre","url":"https:\/\/www.jornalja.com.br\/arquivo\/","telephone":"+555133307272","logo":{"@type":"ImageObject","url":"https:\/\/www.jornalja.com.br\/wp-content\/uploads\/cards\/JAslogan.png","@id":"https:\/\/www.jornalja.com.br\/arquivo\/suspensao-de-processo-gera-indignacao-entre-atingidos-por-tragedia-de-mariana\/#organizationLogo"},"image":{"@id":"https:\/\/www.jornalja.com.br\/arquivo\/suspensao-de-processo-gera-indignacao-entre-atingidos-por-tragedia-de-mariana\/#organizationLogo"}},{"@type":"Person","@id":"https:\/\/www.jornalja.com.br\/arquivo\/author\/daredacao\/#author","url":"https:\/\/www.jornalja.com.br\/arquivo\/author\/daredacao\/","name":"da Reda\u00e7\u00e3o","image":{"@type":"ImageObject","@id":"https:\/\/www.jornalja.com.br\/arquivo\/suspensao-de-processo-gera-indignacao-entre-atingidos-por-tragedia-de-mariana\/#authorImage","url":"https:\/\/secure.gravatar.com\/avatar\/469fd857d6605ad19919d27ed29d35a968a25f6e8fd9318356bbb7f57aae9c65?s=96&d=mm&r=g","width":96,"height":96,"caption":"da Reda\u00e7\u00e3o"}},{"@type":"WebPage","@id":"https:\/\/www.jornalja.com.br\/arquivo\/suspensao-de-processo-gera-indignacao-entre-atingidos-por-tragedia-de-mariana\/#webpage","url":"https:\/\/www.jornalja.com.br\/arquivo\/suspensao-de-processo-gera-indignacao-entre-atingidos-por-tragedia-de-mariana\/","name":"Suspens\u00e3o de processo gera indigna\u00e7\u00e3o entre atingidos por trag\u00e9dia de Mariana | Arquivo","inLanguage":"pt-BR","isPartOf":{"@id":"https:\/\/www.jornalja.com.br\/arquivo\/#website"},"breadcrumb":{"@id":"https:\/\/www.jornalja.com.br\/arquivo\/suspensao-de-processo-gera-indignacao-entre-atingidos-por-tragedia-de-mariana\/#breadcrumblist"},"author":{"@id":"https:\/\/www.jornalja.com.br\/arquivo\/author\/daredacao\/#author"},"creator":{"@id":"https:\/\/www.jornalja.com.br\/arquivo\/author\/daredacao\/#author"},"datePublished":"2017-08-08T22:25:16-03:00","dateModified":"2017-08-08T22:25:16-03:00"},{"@type":"WebSite","@id":"https:\/\/www.jornalja.com.br\/arquivo\/#website","url":"https:\/\/www.jornalja.com.br\/arquivo\/","name":"Arquivo","description":"Jornal J\u00c1 | Porto Alegre","inLanguage":"pt-BR","publisher":{"@id":"https:\/\/www.jornalja.com.br\/arquivo\/#organization"}}]},"og:locale":"pt_BR","og:site_name":"Arquivo | Jornal J\u00c1 | Porto Alegre","og:type":"article","og:title":"Suspens\u00e3o de processo gera indigna\u00e7\u00e3o entre atingidos por trag\u00e9dia de Mariana | Arquivo","og:url":"https:\/\/www.jornalja.com.br\/arquivo\/suspensao-de-processo-gera-indignacao-entre-atingidos-por-tragedia-de-mariana\/","og:image":"https:\/\/www.jornalja.com.br\/wp-content\/uploads\/2017\/08\/984194-mg09112015-_wdo7509-400x268.jpg","og:image:secure_url":"https:\/\/www.jornalja.com.br\/wp-content\/uploads\/2017\/08\/984194-mg09112015-_wdo7509-400x268.jpg","article:published_time":"2017-08-09T01:25:16+00:00","article:modified_time":"2017-08-09T01:25:16+00:00","twitter:card":"summary","twitter:title":"Suspens\u00e3o de processo gera indigna\u00e7\u00e3o entre atingidos por trag\u00e9dia de Mariana | Arquivo","twitter:image":"https:\/\/www.jornalja.com.br\/economics\/wp-content\/uploads\/sites\/11\/2026\/08\/ja-folhaderosto-facebook.jpg"},"aioseo_meta_data":{"post_id":"53094","title":null,"description":null,"keywords":null,"keyphrases":null,"primary_term":null,"canonical_url":null,"og_title":null,"og_description":null,"og_object_type":"default","og_image_type":"default","og_image_url":null,"og_image_width":null,"og_image_height":null,"og_image_custom_url":null,"og_image_custom_fields":null,"og_video":null,"og_custom_url":null,"og_article_section":null,"og_article_tags":null,"twitter_use_og":false,"twitter_card":"default","twitter_image_type":"default","twitter_image_url":null,"twitter_image_custom_url":null,"twitter_image_custom_fields":null,"twitter_title":null,"twitter_description":null,"schema":{"blockGraphs":[],"customGraphs":[],"default":{"data":{"Article":[],"Course":[],"Dataset":[],"FAQPage":[],"Movie":[],"Person":[],"Product":[],"ProductReview":[],"Car":[],"Recipe":[],"Service":[],"SoftwareApplication":[],"WebPage":[]},"graphName":"","isEnabled":true},"graphs":[],"defaultGraph":"","defaultPostTypeGraph":""},"schema_type":null,"schema_type_options":null,"pillar_content":false,"robots_default":true,"robots_noindex":false,"robots_noarchive":false,"robots_nosnippet":false,"robots_nofollow":false,"robots_noimageindex":false,"robots_noodp":false,"robots_notranslate":false,"robots_max_snippet":null,"robots_max_videopreview":null,"robots_max_imagepreview":"large","priority":null,"frequency":null,"location":null,"local_seo":null,"breadcrumb_settings":null,"limit_modified_date":false,"ai":null,"created":"2020-12-20 20:26:59","updated":"2025-07-20 00:08:11","seo_analyzer_scan_date":null,"focus_keyword":null,"additional_keywords":null,"truseo_locale":null},"jetpack_sharing_enabled":true,"jetpack-related-posts":[{"id":13124,"url":"https:\/\/www.jornalja.com.br\/arquivo\/sangue-latino-no-iecine\/","url_meta":{"origin":53094,"position":0},"title":"Sangue latino no IECINE","author":"da Reda\u00e7\u00e3o","date":"18 de maio de 2014","format":false,"excerpt":"Francisco Ribeiro O Instituto Estadual de Cinema (IECINE) tem a frente, desde abril \u00faltimo, um novo diretor, o cineasta colombiano Juan Zapata, 36, que substitui Luiz Alberto Cassol. Radicado h\u00e1 dez anos em Porto Alegre, Zapata tem diante de si o desafio de conduzir at\u00e9 o final do ano um\u2026","rel":"","context":"Em &quot;Cultura-Geral&quot;","block_context":{"text":"Cultura-Geral","link":"https:\/\/www.jornalja.com.br\/arquivo\/category\/materiasecundaria\/"},"img":{"alt_text":"","src":"","width":0,"height":0},"classes":[]},{"id":13109,"url":"https:\/\/www.jornalja.com.br\/arquivo\/judiciario-reconhece-poluicao-eletromagnetica\/","url_meta":{"origin":53094,"position":1},"title":"Judici\u00e1rio reconhece polui\u00e7\u00e3o eletromagn\u00e9tica","author":"Patr\u00edcia Marini","date":"16 de maio de 2014","format":false,"excerpt":"A\u00e7\u00e3o de duas associa\u00e7\u00f5es de moradores foi acolhida pelo Tribunal de Justi\u00e7a de S\u00e3o Paulo que. em decis\u00e3o in\u00e9dita, determinou a redu\u00e7\u00e3o do campo eletromagn\u00e9tico gerado pelas linhas de transmiss\u00e3o de energia que cortam os bairros City Boa\u00e7ava e Alto de Pinheiros. \u00c9 a primeira vez que um tribunal do\u2026","rel":"","context":"Em &quot;X.Categorias velhas&quot;","block_context":{"text":"X.Categorias velhas","link":"https:\/\/www.jornalja.com.br\/arquivo\/category\/x-categorias-velhas\/"},"img":{"alt_text":"","src":"","width":0,"height":0},"classes":[]},{"id":13240,"url":"https:\/\/www.jornalja.com.br\/arquivo\/plano-diretor-estamos-construindo-o-caos\/","url_meta":{"origin":53094,"position":2},"title":"Plano diretor: &quot;Estamos construindo o caos&quot;","author":"Patr\u00edcia Marini","date":"26 de maio de 2014","format":false,"excerpt":"Desabafo que arquiteta Eliana Castilhos, delegada da Regi\u00e3o de Planejamento 1, postou nas redes sociais \u00e9 um testemunho do ambiente que se criou no Conselho do Plano Diretor de Porto Alegre, onde a aprova\u00e7\u00e3o de grandes empreendimentos \u00e9 empurrada guela abaixo dos conselheiros. Ao CMDUA Como delegada da Regi\u00e3o de\u2026","rel":"","context":"Em &quot;Geral&quot;","block_context":{"text":"Geral","link":"https:\/\/www.jornalja.com.br\/arquivo\/category\/geral\/"},"img":{"alt_text":"","src":"","width":0,"height":0},"classes":[]},{"id":12960,"url":"https:\/\/www.jornalja.com.br\/arquivo\/populacao-culpa-empresas-pela-greve-dos-rodoviarios\/","url_meta":{"origin":53094,"position":3},"title":"Popula\u00e7\u00e3o culpa empresas pela greve","author":"Patr\u00edcia Marini","date":"14 de fevereiro de 2014","format":false,"excerpt":"Pesquisa divulgada na edi\u00e7\u00e3o do jornal Metro desta sexta-feira,14, comprova o velho ditado: \u00e9 poss\u00edvel enganar muitos por algum tempo, mas n\u00e3o \u00e9 poss\u00edvel enganar a todos o tempo inteiro. A principal revela\u00e7\u00e3o foi que 59,8% dos entrevistados apontaram as empresas como as principais respons\u00e1veis pela grave e 46% culparam\u2026","rel":"","context":"Em &quot;X.Categorias velhas&quot;","block_context":{"text":"X.Categorias velhas","link":"https:\/\/www.jornalja.com.br\/arquivo\/category\/x-categorias-velhas\/"},"img":{"alt_text":"","src":"","width":0,"height":0},"classes":[]},{"id":13239,"url":"https:\/\/www.jornalja.com.br\/arquivo\/conselho-desdenha-do-plano-diretor\/","url_meta":{"origin":53094,"position":4},"title":"Porto Alegre: Conselho detona Plano Diretor","author":"Patr\u00edcia Marini","date":"25 de maio de 2014","format":false,"excerpt":"Den\u00fancia do arquiteto e \u00a0urbanista Ibir\u00e1 Santos Lucas. Ele diz que os conselheiros est\u00e3o votando com \"enorme irresponsabilidade\". \"Mudam regime com a maior naturalidade,,,regularizam absurdos de constru\u00e7\u00f5es irregulares... \"O CMDUA est\u00e1 flexibilizando a lei do plano diretor, de uma forma impactante na vida da cidade. Mudam regime com a maior\u2026","rel":"","context":"Em &quot;Geral&quot;","block_context":{"text":"Geral","link":"https:\/\/www.jornalja.com.br\/arquivo\/category\/geral\/"},"img":{"alt_text":"","src":"","width":0,"height":0},"classes":[]},{"id":13101,"url":"https:\/\/www.jornalja.com.br\/arquivo\/morre-um-guerreiro-do-texto\/","url_meta":{"origin":53094,"position":5},"title":"Morre um guerreiro do texto","author":"Patr\u00edcia Marini","date":"14 de maio de 2014","format":false,"excerpt":"Por Ricardo Kotscho Reproduzido do blog do autor, 11\/5\/2014; t\u00edtulo original \u201cE l\u00e1 se foi o nosso Myltainho, guerreiro do texto\u201d. Mi\u00fado e franzino, meu amigo Myltainho era um valente e inconformado guerreiro na luta contra as injusti\u00e7as sociais, a hipocrisia, as maracutaias, o autoritarismo, a intoler\u00e2ncia, a viol\u00eancia, o\u2026","rel":"","context":"Em &quot;Geral&quot;","block_context":{"text":"Geral","link":"https:\/\/www.jornalja.com.br\/arquivo\/category\/geral\/"},"img":{"alt_text":"","src":"","width":0,"height":0},"classes":[]}],"jetpack_shortlink":"https:\/\/wp.me\/pbQjBd-dOm","jetpack_featured_media_url":"","_links":{"self":[{"href":"https:\/\/www.jornalja.com.br\/arquivo\/wp-json\/wp\/v2\/posts\/53094","targetHints":{"allow":["GET"]}}],"collection":[{"href":"https:\/\/www.jornalja.com.br\/arquivo\/wp-json\/wp\/v2\/posts"}],"about":[{"href":"https:\/\/www.jornalja.com.br\/arquivo\/wp-json\/wp\/v2\/types\/post"}],"author":[{"embeddable":true,"href":"https:\/\/www.jornalja.com.br\/arquivo\/wp-json\/wp\/v2\/users\/4"}],"replies":[{"embeddable":true,"href":"https:\/\/www.jornalja.com.br\/arquivo\/wp-json\/wp\/v2\/comments?post=53094"}],"version-history":[{"count":0,"href":"https:\/\/www.jornalja.com.br\/arquivo\/wp-json\/wp\/v2\/posts\/53094\/revisions"}],"wp:attachment":[{"href":"https:\/\/www.jornalja.com.br\/arquivo\/wp-json\/wp\/v2\/media?parent=53094"}],"wp:term":[{"taxonomy":"category","embeddable":true,"href":"https:\/\/www.jornalja.com.br\/arquivo\/wp-json\/wp\/v2\/categories?post=53094"},{"taxonomy":"post_tag","embeddable":true,"href":"https:\/\/www.jornalja.com.br\/arquivo\/wp-json\/wp\/v2\/tags?post=53094"}],"curies":[{"name":"wp","href":"https:\/\/api.w.org\/{rel}","templated":true}]}}