{"id":53134,"date":"2017-08-09T10:09:47","date_gmt":"2017-08-09T13:09:47","guid":{"rendered":"https:\/\/www.jornalja.com.br\/?p=53134"},"modified":"2017-08-09T10:09:47","modified_gmt":"2017-08-09T13:09:47","slug":"partidos-querem-r-36-bilhoes-de-fundo-publico-para-as-eleicoes-de-2018","status":"publish","type":"post","link":"https:\/\/www.jornalja.com.br\/arquivo\/partidos-querem-r-36-bilhoes-de-fundo-publico-para-as-eleicoes-de-2018\/","title":{"rendered":"Partidos querem &quot;distrit\u00e3o&quot; e fundo de R$ 3,6 bilh\u00f5es para elei\u00e7\u00f5es de 2018"},"content":{"rendered":"<p>Jos\u00e9 Sarney encabe\u00e7a a lista de raposas pol\u00edticas que preparam a reforma eleitoral para garantir a reelei\u00e7\u00e3o, sua e de seus pupilos, nas elei\u00e7\u00f5es do ano que vem.<br \/>\nAlgumas regras est\u00e3o definidas: fim de coliga\u00e7\u00f5es proporcionais para a vota\u00e7\u00e3o em parlamentares, uma cl\u00e1usula de barreira e um fundo de dinheiro p\u00fablico para financiar as campanhas.<br \/>\nElas foram consenso num jantar na resid\u00eancia oficial do presidente do Senado, Eun\u00edcio Oliveira (PMDB-CE), convocado para buscar uma sa\u00edda para a reforma pol\u00edtica e que reuniu 21 l\u00edderes pol\u00edticos.<br \/>\nDeputados e senadores de diferentes partidos, da base aliada e da oposi\u00e7\u00e3o, \u00a0estavam presentes. Detalhes do jantar foram publicados na edi\u00e7\u00e3o on line de O Globo.<br \/>\nDois ex-presidentes estavam entre eles: Jos\u00e9 Sarney (PMDB-AP) e o senador Fernando Collor (PTC-AL). Tamb\u00e9m estavam presentes, os principais l\u00edderes do presidente Michel Temer no Congresso, como Juc\u00e1 e o deputado Aguinaldo Ribeiro (PP-PB).<br \/>\nO encontro s\u00f3 terminou na madrugada desta quarta-feira, quando os senadores Jos\u00e9 Serra (PSDB-SP) e Romero Juc\u00e1 (PMDB-RR) deixaram a resid\u00eancia.<br \/>\nAs lideran\u00e7as agora v\u00e3o trabalhar pela \u00a0aprova\u00e7\u00e3o do chamado &#8220;distrit\u00e3o&#8221;, com regras v\u00e1lidas j\u00e1 para as elei\u00e7\u00f5es de 2018. Ainda n\u00e3o\u00a0h\u00e1 defini\u00e7\u00e3o do PT, mas os demais partidos pressionam pela aprova\u00e7\u00e3o da medida.<br \/>\nO &#8220;distrit\u00e3o&#8221;, segundo analistas, favorece candidatos \u00e0 reelei\u00e7\u00e3o.<br \/>\nQuando ao financiamento das campanhas, o que defendem os l\u00edderes \u00e9 \u00a0a cria\u00e7\u00e3o de um fundo p\u00fablico de R$ 3,6 bilh\u00f5es para financiar as campanhas eleitorais, diante da proibi\u00e7\u00e3o de financiamento privado. O que os l\u00edderes pol\u00edticos discutem \u00e9 de onde sair\u00e1 esse dinheiro.<br \/>\n&#8220;O que ficou acertado aqui hoje \u00e9 que h\u00e1 que se fazer mudan\u00e7as no sistema eleitoral. Primeiro, com o distrit\u00e3o (de transi\u00e7\u00e3o, j\u00e1 em 2018), e depois o voto distrital misto. Ocorre que h\u00e1 dificuldades de defini\u00e7\u00e3o dos distritos pelo TSE j\u00e1 para 2018&#8221;, disse Eun\u00edcio ao fim da reuni\u00e3o.<br \/>\nA possibilidade do parlamentarismo no pa\u00eds foi tamb\u00e9m discutida, mas &#8220;a ideia n\u00e3o prosperou&#8221;, segundo Eun\u00edcio. (<\/p>\n<div id=\"pub-retangulo-2\" class=\"arroba publicidade clearfix\" data-google-query-id=\"CJzZ9umUytUCFQUcHwodXAwKPg\">O \u201cdistrit\u00e3o\u201d elege para o parlamento os candidatos mais votados, independentemente do apoio que seus partidos recebam.<\/div>\n<p>Hoje, as cadeiras de deputados e vereadores s\u00e3o distribu\u00eddas primeiro de forma proporcional aos votos recebido pelos partidos ou coliga\u00e7\u00f5es, e ocupadas pelos candidatos mais votados destes grupos.<br \/>\nO &#8220;distrit\u00e3o&#8221; j\u00e1 foi rejeitado uma vez pela C\u00e2mara, em 2015, quando o ent\u00e3o presidente da C\u00e2mara, Eduardo Cunha (PMDB-RJ),patrocinava a mudan\u00e7a.<br \/>\nOs parlamentares correm para aprovar mudan\u00e7as que sejam v\u00e1lidas j\u00e1 para as elei\u00e7\u00f5es de 2018, diante da perspectiva de alta renova\u00e7\u00e3o da C\u00e2mara decorrente dos efeitos da Lava-Jato sobre os pol\u00edticos tradicionais.<br \/>\nCom a proibi\u00e7\u00e3o de doa\u00e7\u00f5es de empresas, a ideia \u00e9 criar um fundo com recursos p\u00fablicos que despejaria mais de R$ 3 bilh\u00f5es nos partidos no pr\u00f3ximo ano.<br \/>\nOs deputados dever\u00e3o ainda votar a ado\u00e7\u00e3o de uma cl\u00e1usula de barreira, que restrinja o acesso de partidos ao tempo de televis\u00e3o e fundo partid\u00e1rio.<br \/>\nA ideia \u00e9 que somente legendas que tenham obtido mais de 1,5% dos votos v\u00e1lidos para deputado federal em nove estados mantenham esse direito.<br \/>\n&nbsp;<\/p>\n","protected":false},"excerpt":{"rendered":"<p>Jos\u00e9 Sarney encabe\u00e7a a lista de raposas pol\u00edticas que preparam a reforma eleitoral para garantir a reelei\u00e7\u00e3o, sua e de seus pupilos, nas elei\u00e7\u00f5es do ano que vem. Algumas regras est\u00e3o definidas: fim de coliga\u00e7\u00f5es proporcionais para a vota\u00e7\u00e3o em parlamentares, uma cl\u00e1usula de barreira e um fundo de dinheiro p\u00fablico para financiar as campanhas. [&hellip;]<\/p>\n","protected":false},"author":4,"featured_media":53135,"comment_status":"open","ping_status":"closed","sticky":false,"template":"","format":"standard","meta":{"_jetpack_newsletter_access":"","_jetpack_dont_email_post_to_subs":false,"_jetpack_newsletter_tier_id":0,"_jetpack_memberships_contains_paywalled_content":false,"_jetpack_feature_clip_id":0,"_jetpack_memberships_contains_paid_content":false,"footnotes":"","jetpack_post_was_ever_published":false},"categories":[26],"tags":[],"class_list":["post-53134","post","type-post","status-publish","format-standard","has-post-thumbnail","hentry","category-geral"],"aioseo_notices":[],"aioseo_head":"\n\t\t<!-- All in One SEO 5.0.1.1 - aioseo.com -->\n\t<meta name=\"robots\" content=\"max-image-preview:large\" \/>\n\t<meta name=\"author\" content=\"da Reda\u00e7\u00e3o\"\/>\n\t<link rel=\"canonical\" href=\"https:\/\/www.jornalja.com.br\/arquivo\/partidos-querem-r-36-bilhoes-de-fundo-publico-para-as-eleicoes-de-2018\/\" \/>\n\t<meta name=\"generator\" content=\"All in One SEO (AIOSEO) 5.0.1.1\" \/>\n\t\t<meta property=\"og:locale\" content=\"pt_BR\" \/>\n\t\t<meta property=\"og:site_name\" content=\"Arquivo | Jornal J\u00c1 | Porto Alegre\" \/>\n\t\t<meta property=\"og:type\" content=\"article\" \/>\n\t\t<meta property=\"og:title\" content=\"Partidos querem &quot;distrit\u00e3o&quot; e fundo de R$ 3,6 bilh\u00f5es para elei\u00e7\u00f5es de 2018 | Arquivo\" \/>\n\t\t<meta property=\"og:url\" content=\"https:\/\/www.jornalja.com.br\/arquivo\/partidos-querem-r-36-bilhoes-de-fundo-publico-para-as-eleicoes-de-2018\/\" \/>\n\t\t<meta property=\"og:image\" content=\"https:\/\/www.jornalja.com.br\/economics\/wp-content\/uploads\/sites\/11\/2026\/08\/ja-folhaderosto-facebook.jpg\" \/>\n\t\t<meta property=\"og:image:secure_url\" content=\"https:\/\/www.jornalja.com.br\/economics\/wp-content\/uploads\/sites\/11\/2026\/08\/ja-folhaderosto-facebook.jpg\" \/>\n\t\t<meta property=\"article:published_time\" content=\"2017-08-09T13:09:47+00:00\" \/>\n\t\t<meta property=\"article:modified_time\" content=\"2017-08-09T13:09:47+00:00\" \/>\n\t\t<meta name=\"twitter:card\" content=\"summary\" \/>\n\t\t<meta name=\"twitter:title\" content=\"Partidos querem &quot;distrit\u00e3o&quot; e fundo de R$ 3,6 bilh\u00f5es para elei\u00e7\u00f5es de 2018 | Arquivo\" \/>\n\t\t<meta name=\"twitter:image\" content=\"https:\/\/www.jornalja.com.br\/economics\/wp-content\/uploads\/sites\/11\/2026\/08\/ja-folhaderosto-facebook.jpg\" \/>\n\t\t<script type=\"application\/ld+json\" class=\"aioseo-schema\">\n\t\t\t{\"@context\":\"https:\\\/\\\/schema.org\",\"@graph\":[{\"@type\":\"BlogPosting\",\"@id\":\"https:\\\/\\\/www.jornalja.com.br\\\/arquivo\\\/partidos-querem-r-36-bilhoes-de-fundo-publico-para-as-eleicoes-de-2018\\\/#blogposting\",\"name\":\"Partidos querem \\\"distrit\\u00e3o\\\" e fundo de R$ 3,6 bilh\\u00f5es para elei\\u00e7\\u00f5es de 2018 | Arquivo\",\"headline\":\"Partidos querem &quot;distrit\\u00e3o&quot; e fundo de R$ 3,6 bilh\\u00f5es para elei\\u00e7\\u00f5es de 2018\",\"author\":{\"@id\":\"https:\\\/\\\/www.jornalja.com.br\\\/arquivo\\\/author\\\/daredacao\\\/#author\"},\"publisher\":{\"@id\":\"https:\\\/\\\/www.jornalja.com.br\\\/arquivo\\\/#organization\"},\"image\":{\"@type\":\"ImageObject\",\"url\":53135},\"datePublished\":\"2017-08-09T10:09:47-03:00\",\"dateModified\":\"2017-08-09T10:09:47-03:00\",\"inLanguage\":\"pt-BR\",\"mainEntityOfPage\":{\"@id\":\"https:\\\/\\\/www.jornalja.com.br\\\/arquivo\\\/partidos-querem-r-36-bilhoes-de-fundo-publico-para-as-eleicoes-de-2018\\\/#webpage\"},\"isPartOf\":{\"@id\":\"https:\\\/\\\/www.jornalja.com.br\\\/arquivo\\\/partidos-querem-r-36-bilhoes-de-fundo-publico-para-as-eleicoes-de-2018\\\/#webpage\"},\"articleSection\":\"Geral\"},{\"@type\":\"BreadcrumbList\",\"@id\":\"https:\\\/\\\/www.jornalja.com.br\\\/arquivo\\\/partidos-querem-r-36-bilhoes-de-fundo-publico-para-as-eleicoes-de-2018\\\/#breadcrumblist\",\"itemListElement\":[{\"@type\":\"ListItem\",\"@id\":\"https:\\\/\\\/www.jornalja.com.br\\\/arquivo#listItem\",\"position\":1,\"name\":\"Home\",\"item\":\"https:\\\/\\\/www.jornalja.com.br\\\/arquivo\",\"nextItem\":{\"@type\":\"ListItem\",\"@id\":\"https:\\\/\\\/www.jornalja.com.br\\\/arquivo\\\/category\\\/geral\\\/#listItem\",\"name\":\"Geral\"}},{\"@type\":\"ListItem\",\"@id\":\"https:\\\/\\\/www.jornalja.com.br\\\/arquivo\\\/category\\\/geral\\\/#listItem\",\"position\":2,\"name\":\"Geral\",\"item\":\"https:\\\/\\\/www.jornalja.com.br\\\/arquivo\\\/category\\\/geral\\\/\",\"nextItem\":{\"@type\":\"ListItem\",\"@id\":\"https:\\\/\\\/www.jornalja.com.br\\\/arquivo\\\/partidos-querem-r-36-bilhoes-de-fundo-publico-para-as-eleicoes-de-2018\\\/#listItem\",\"name\":\"Partidos querem &quot;distrit\\u00e3o&quot; e fundo de R$ 3,6 bilh\\u00f5es para elei\\u00e7\\u00f5es de 2018\"},\"previousItem\":{\"@type\":\"ListItem\",\"@id\":\"https:\\\/\\\/www.jornalja.com.br\\\/arquivo#listItem\",\"name\":\"Home\"}},{\"@type\":\"ListItem\",\"@id\":\"https:\\\/\\\/www.jornalja.com.br\\\/arquivo\\\/partidos-querem-r-36-bilhoes-de-fundo-publico-para-as-eleicoes-de-2018\\\/#listItem\",\"position\":3,\"name\":\"Partidos querem &quot;distrit\\u00e3o&quot; e fundo de R$ 3,6 bilh\\u00f5es para elei\\u00e7\\u00f5es de 2018\",\"previousItem\":{\"@type\":\"ListItem\",\"@id\":\"https:\\\/\\\/www.jornalja.com.br\\\/arquivo\\\/category\\\/geral\\\/#listItem\",\"name\":\"Geral\"}}]},{\"@type\":\"Organization\",\"@id\":\"https:\\\/\\\/www.jornalja.com.br\\\/arquivo\\\/#organization\",\"name\":\"Jornal J\\u00c1\",\"description\":\"Jornal J\\u00c1 | Porto Alegre\",\"url\":\"https:\\\/\\\/www.jornalja.com.br\\\/arquivo\\\/\",\"telephone\":\"+555133307272\",\"logo\":{\"@type\":\"ImageObject\",\"url\":\"https:\\\/\\\/www.jornalja.com.br\\\/wp-content\\\/uploads\\\/cards\\\/JAslogan.png\",\"@id\":\"https:\\\/\\\/www.jornalja.com.br\\\/arquivo\\\/partidos-querem-r-36-bilhoes-de-fundo-publico-para-as-eleicoes-de-2018\\\/#organizationLogo\"},\"image\":{\"@id\":\"https:\\\/\\\/www.jornalja.com.br\\\/arquivo\\\/partidos-querem-r-36-bilhoes-de-fundo-publico-para-as-eleicoes-de-2018\\\/#organizationLogo\"}},{\"@type\":\"Person\",\"@id\":\"https:\\\/\\\/www.jornalja.com.br\\\/arquivo\\\/author\\\/daredacao\\\/#author\",\"url\":\"https:\\\/\\\/www.jornalja.com.br\\\/arquivo\\\/author\\\/daredacao\\\/\",\"name\":\"da Reda\\u00e7\\u00e3o\",\"image\":{\"@type\":\"ImageObject\",\"@id\":\"https:\\\/\\\/www.jornalja.com.br\\\/arquivo\\\/partidos-querem-r-36-bilhoes-de-fundo-publico-para-as-eleicoes-de-2018\\\/#authorImage\",\"url\":\"https:\\\/\\\/secure.gravatar.com\\\/avatar\\\/469fd857d6605ad19919d27ed29d35a968a25f6e8fd9318356bbb7f57aae9c65?s=96&d=mm&r=g\",\"width\":96,\"height\":96,\"caption\":\"da Reda\\u00e7\\u00e3o\"}},{\"@type\":\"WebPage\",\"@id\":\"https:\\\/\\\/www.jornalja.com.br\\\/arquivo\\\/partidos-querem-r-36-bilhoes-de-fundo-publico-para-as-eleicoes-de-2018\\\/#webpage\",\"url\":\"https:\\\/\\\/www.jornalja.com.br\\\/arquivo\\\/partidos-querem-r-36-bilhoes-de-fundo-publico-para-as-eleicoes-de-2018\\\/\",\"name\":\"Partidos querem \\\"distrit\\u00e3o\\\" e fundo de R$ 3,6 bilh\\u00f5es para elei\\u00e7\\u00f5es de 2018 | Arquivo\",\"inLanguage\":\"pt-BR\",\"isPartOf\":{\"@id\":\"https:\\\/\\\/www.jornalja.com.br\\\/arquivo\\\/#website\"},\"breadcrumb\":{\"@id\":\"https:\\\/\\\/www.jornalja.com.br\\\/arquivo\\\/partidos-querem-r-36-bilhoes-de-fundo-publico-para-as-eleicoes-de-2018\\\/#breadcrumblist\"},\"author\":{\"@id\":\"https:\\\/\\\/www.jornalja.com.br\\\/arquivo\\\/author\\\/daredacao\\\/#author\"},\"creator\":{\"@id\":\"https:\\\/\\\/www.jornalja.com.br\\\/arquivo\\\/author\\\/daredacao\\\/#author\"},\"image\":{\"@type\":\"ImageObject\",\"url\":53135,\"@id\":\"https:\\\/\\\/www.jornalja.com.br\\\/arquivo\\\/partidos-querem-r-36-bilhoes-de-fundo-publico-para-as-eleicoes-de-2018\\\/#mainImage\"},\"primaryImageOfPage\":{\"@id\":\"https:\\\/\\\/www.jornalja.com.br\\\/arquivo\\\/partidos-querem-r-36-bilhoes-de-fundo-publico-para-as-eleicoes-de-2018\\\/#mainImage\"},\"datePublished\":\"2017-08-09T10:09:47-03:00\",\"dateModified\":\"2017-08-09T10:09:47-03:00\"},{\"@type\":\"WebSite\",\"@id\":\"https:\\\/\\\/www.jornalja.com.br\\\/arquivo\\\/#website\",\"url\":\"https:\\\/\\\/www.jornalja.com.br\\\/arquivo\\\/\",\"name\":\"Arquivo\",\"description\":\"Jornal J\\u00c1 | Porto Alegre\",\"inLanguage\":\"pt-BR\",\"publisher\":{\"@id\":\"https:\\\/\\\/www.jornalja.com.br\\\/arquivo\\\/#organization\"}}]}\n\t\t<\/script>\n\t\t<!-- All in One SEO -->\n\n","aioseo_head_json":{"title":"Partidos querem \"distrit\u00e3o\" e fundo de R$ 3,6 bilh\u00f5es para elei\u00e7\u00f5es de 2018 | Arquivo","description":"","canonical_url":"https:\/\/www.jornalja.com.br\/arquivo\/partidos-querem-r-36-bilhoes-de-fundo-publico-para-as-eleicoes-de-2018\/","robots":"max-image-preview:large","keywords":"","webmasterTools":{"miscellaneous":""},"schema":{"@context":"https:\/\/schema.org","@graph":[{"@type":"BlogPosting","@id":"https:\/\/www.jornalja.com.br\/arquivo\/partidos-querem-r-36-bilhoes-de-fundo-publico-para-as-eleicoes-de-2018\/#blogposting","name":"Partidos querem \"distrit\u00e3o\" e fundo de R$ 3,6 bilh\u00f5es para elei\u00e7\u00f5es de 2018 | Arquivo","headline":"Partidos querem &quot;distrit\u00e3o&quot; e fundo de R$ 3,6 bilh\u00f5es para elei\u00e7\u00f5es de 2018","author":{"@id":"https:\/\/www.jornalja.com.br\/arquivo\/author\/daredacao\/#author"},"publisher":{"@id":"https:\/\/www.jornalja.com.br\/arquivo\/#organization"},"image":{"@type":"ImageObject","url":53135},"datePublished":"2017-08-09T10:09:47-03:00","dateModified":"2017-08-09T10:09:47-03:00","inLanguage":"pt-BR","mainEntityOfPage":{"@id":"https:\/\/www.jornalja.com.br\/arquivo\/partidos-querem-r-36-bilhoes-de-fundo-publico-para-as-eleicoes-de-2018\/#webpage"},"isPartOf":{"@id":"https:\/\/www.jornalja.com.br\/arquivo\/partidos-querem-r-36-bilhoes-de-fundo-publico-para-as-eleicoes-de-2018\/#webpage"},"articleSection":"Geral"},{"@type":"BreadcrumbList","@id":"https:\/\/www.jornalja.com.br\/arquivo\/partidos-querem-r-36-bilhoes-de-fundo-publico-para-as-eleicoes-de-2018\/#breadcrumblist","itemListElement":[{"@type":"ListItem","@id":"https:\/\/www.jornalja.com.br\/arquivo#listItem","position":1,"name":"Home","item":"https:\/\/www.jornalja.com.br\/arquivo","nextItem":{"@type":"ListItem","@id":"https:\/\/www.jornalja.com.br\/arquivo\/category\/geral\/#listItem","name":"Geral"}},{"@type":"ListItem","@id":"https:\/\/www.jornalja.com.br\/arquivo\/category\/geral\/#listItem","position":2,"name":"Geral","item":"https:\/\/www.jornalja.com.br\/arquivo\/category\/geral\/","nextItem":{"@type":"ListItem","@id":"https:\/\/www.jornalja.com.br\/arquivo\/partidos-querem-r-36-bilhoes-de-fundo-publico-para-as-eleicoes-de-2018\/#listItem","name":"Partidos querem &quot;distrit\u00e3o&quot; e fundo de R$ 3,6 bilh\u00f5es para elei\u00e7\u00f5es de 2018"},"previousItem":{"@type":"ListItem","@id":"https:\/\/www.jornalja.com.br\/arquivo#listItem","name":"Home"}},{"@type":"ListItem","@id":"https:\/\/www.jornalja.com.br\/arquivo\/partidos-querem-r-36-bilhoes-de-fundo-publico-para-as-eleicoes-de-2018\/#listItem","position":3,"name":"Partidos querem &quot;distrit\u00e3o&quot; e fundo de R$ 3,6 bilh\u00f5es para elei\u00e7\u00f5es de 2018","previousItem":{"@type":"ListItem","@id":"https:\/\/www.jornalja.com.br\/arquivo\/category\/geral\/#listItem","name":"Geral"}}]},{"@type":"Organization","@id":"https:\/\/www.jornalja.com.br\/arquivo\/#organization","name":"Jornal J\u00c1","description":"Jornal J\u00c1 | Porto Alegre","url":"https:\/\/www.jornalja.com.br\/arquivo\/","telephone":"+555133307272","logo":{"@type":"ImageObject","url":"https:\/\/www.jornalja.com.br\/wp-content\/uploads\/cards\/JAslogan.png","@id":"https:\/\/www.jornalja.com.br\/arquivo\/partidos-querem-r-36-bilhoes-de-fundo-publico-para-as-eleicoes-de-2018\/#organizationLogo"},"image":{"@id":"https:\/\/www.jornalja.com.br\/arquivo\/partidos-querem-r-36-bilhoes-de-fundo-publico-para-as-eleicoes-de-2018\/#organizationLogo"}},{"@type":"Person","@id":"https:\/\/www.jornalja.com.br\/arquivo\/author\/daredacao\/#author","url":"https:\/\/www.jornalja.com.br\/arquivo\/author\/daredacao\/","name":"da Reda\u00e7\u00e3o","image":{"@type":"ImageObject","@id":"https:\/\/www.jornalja.com.br\/arquivo\/partidos-querem-r-36-bilhoes-de-fundo-publico-para-as-eleicoes-de-2018\/#authorImage","url":"https:\/\/secure.gravatar.com\/avatar\/469fd857d6605ad19919d27ed29d35a968a25f6e8fd9318356bbb7f57aae9c65?s=96&d=mm&r=g","width":96,"height":96,"caption":"da Reda\u00e7\u00e3o"}},{"@type":"WebPage","@id":"https:\/\/www.jornalja.com.br\/arquivo\/partidos-querem-r-36-bilhoes-de-fundo-publico-para-as-eleicoes-de-2018\/#webpage","url":"https:\/\/www.jornalja.com.br\/arquivo\/partidos-querem-r-36-bilhoes-de-fundo-publico-para-as-eleicoes-de-2018\/","name":"Partidos querem \"distrit\u00e3o\" e fundo de R$ 3,6 bilh\u00f5es para elei\u00e7\u00f5es de 2018 | Arquivo","inLanguage":"pt-BR","isPartOf":{"@id":"https:\/\/www.jornalja.com.br\/arquivo\/#website"},"breadcrumb":{"@id":"https:\/\/www.jornalja.com.br\/arquivo\/partidos-querem-r-36-bilhoes-de-fundo-publico-para-as-eleicoes-de-2018\/#breadcrumblist"},"author":{"@id":"https:\/\/www.jornalja.com.br\/arquivo\/author\/daredacao\/#author"},"creator":{"@id":"https:\/\/www.jornalja.com.br\/arquivo\/author\/daredacao\/#author"},"image":{"@type":"ImageObject","url":53135,"@id":"https:\/\/www.jornalja.com.br\/arquivo\/partidos-querem-r-36-bilhoes-de-fundo-publico-para-as-eleicoes-de-2018\/#mainImage"},"primaryImageOfPage":{"@id":"https:\/\/www.jornalja.com.br\/arquivo\/partidos-querem-r-36-bilhoes-de-fundo-publico-para-as-eleicoes-de-2018\/#mainImage"},"datePublished":"2017-08-09T10:09:47-03:00","dateModified":"2017-08-09T10:09:47-03:00"},{"@type":"WebSite","@id":"https:\/\/www.jornalja.com.br\/arquivo\/#website","url":"https:\/\/www.jornalja.com.br\/arquivo\/","name":"Arquivo","description":"Jornal J\u00c1 | Porto Alegre","inLanguage":"pt-BR","publisher":{"@id":"https:\/\/www.jornalja.com.br\/arquivo\/#organization"}}]},"og:locale":"pt_BR","og:site_name":"Arquivo | Jornal J\u00c1 | Porto Alegre","og:type":"article","og:title":"Partidos querem &quot;distrit\u00e3o&quot; e fundo de R$ 3,6 bilh\u00f5es para elei\u00e7\u00f5es de 2018 | Arquivo","og:url":"https:\/\/www.jornalja.com.br\/arquivo\/partidos-querem-r-36-bilhoes-de-fundo-publico-para-as-eleicoes-de-2018\/","og:image":"https:\/\/www.jornalja.com.br\/economics\/wp-content\/uploads\/sites\/11\/2026\/08\/ja-folhaderosto-facebook.jpg","og:image:secure_url":"https:\/\/www.jornalja.com.br\/economics\/wp-content\/uploads\/sites\/11\/2026\/08\/ja-folhaderosto-facebook.jpg","article:published_time":"2017-08-09T13:09:47+00:00","article:modified_time":"2017-08-09T13:09:47+00:00","twitter:card":"summary","twitter:title":"Partidos querem &quot;distrit\u00e3o&quot; e fundo de R$ 3,6 bilh\u00f5es para elei\u00e7\u00f5es de 2018 | Arquivo","twitter:image":"https:\/\/www.jornalja.com.br\/economics\/wp-content\/uploads\/sites\/11\/2026\/08\/ja-folhaderosto-facebook.jpg"},"aioseo_meta_data":{"post_id":"53134","title":null,"description":null,"keywords":null,"keyphrases":null,"primary_term":null,"canonical_url":null,"og_title":null,"og_description":null,"og_object_type":"default","og_image_type":"default","og_image_url":null,"og_image_width":null,"og_image_height":null,"og_image_custom_url":null,"og_image_custom_fields":null,"og_video":null,"og_custom_url":null,"og_article_section":null,"og_article_tags":null,"twitter_use_og":false,"twitter_card":"default","twitter_image_type":"default","twitter_image_url":null,"twitter_image_custom_url":null,"twitter_image_custom_fields":null,"twitter_title":null,"twitter_description":null,"schema":{"blockGraphs":[],"customGraphs":[],"default":{"data":{"Article":[],"Course":[],"Dataset":[],"FAQPage":[],"Movie":[],"Person":[],"Product":[],"ProductReview":[],"Car":[],"Recipe":[],"Service":[],"SoftwareApplication":[],"WebPage":[]},"graphName":"","isEnabled":true},"graphs":[],"defaultGraph":"","defaultPostTypeGraph":""},"schema_type":null,"schema_type_options":null,"pillar_content":false,"robots_default":true,"robots_noindex":false,"robots_noarchive":false,"robots_nosnippet":false,"robots_nofollow":false,"robots_noimageindex":false,"robots_noodp":false,"robots_notranslate":false,"robots_max_snippet":null,"robots_max_videopreview":null,"robots_max_imagepreview":"large","priority":null,"frequency":null,"location":null,"local_seo":null,"breadcrumb_settings":null,"limit_modified_date":false,"ai":null,"created":"2020-12-20 20:26:59","updated":"2025-07-20 00:10:23","seo_analyzer_scan_date":null,"focus_keyword":null,"additional_keywords":null,"truseo_locale":null},"jetpack_sharing_enabled":true,"jetpack-related-posts":[{"id":13128,"url":"https:\/\/www.jornalja.com.br\/arquivo\/maconha-terra-diz-que-uso-medicinal-e-desculpa\/","url_meta":{"origin":53134,"position":0},"title":"Maconha: Terra diz que uso medicinal \u00e9 desculpa","author":"Patr\u00edcia Marini","date":"4 de junho de 2014","format":false,"excerpt":"A condi\u00e7\u00e3o de pol\u00edtico, em \u00e9poca de campanha de campanha eleitoral, tira for\u00e7a do discurso do m\u00e9dico Osmar Terra contra a legaliza\u00e7\u00e3o da maconha. A tese dele de que a libera\u00e7\u00e3o vai ampliar exponencialmente o consumo \u00e9 discutivel, o consumo \u00e9 corrente. Mas seus alertas quanto aos riscos tem que\u2026","rel":"","context":"Em &quot;X.Categorias velhas&quot;","block_context":{"text":"X.Categorias velhas","link":"https:\/\/www.jornalja.com.br\/arquivo\/category\/x-categorias-velhas\/"},"img":{"alt_text":"","src":"","width":0,"height":0},"classes":[]},{"id":14241,"url":"https:\/\/www.jornalja.com.br\/arquivo\/o-guaiba-nas-imagens-poeticas-de-achutti\/","url_meta":{"origin":53134,"position":1},"title":"O Gua\u00edba nas imagens po\u00e9ticas de Achutti","author":"da Reda\u00e7\u00e3o","date":"18 de junho de 2014","format":false,"excerpt":"Em \u201cO Gua\u00edba por Achutti\u201d \u2013 obra financiada via Minist\u00e9rio da Cultura, produ\u00e7\u00e3o executiva de Pedro Longhi, e Fl\u00e1vio Wild como designer \u2013, o fot\u00f3grafo revela a beleza e as mazelas de um espa\u00e7o aqu\u00e1tico de \u00e1guas sempre renovadas, cheio de hist\u00f3rias e lendas como as das cidades que foram\u2026","rel":"","context":"Em &quot;Cultura-Geral&quot;","block_context":{"text":"Cultura-Geral","link":"https:\/\/www.jornalja.com.br\/arquivo\/category\/materiasecundaria\/"},"img":{"alt_text":"","src":"","width":0,"height":0},"classes":[]},{"id":13124,"url":"https:\/\/www.jornalja.com.br\/arquivo\/sangue-latino-no-iecine\/","url_meta":{"origin":53134,"position":2},"title":"Sangue latino no IECINE","author":"da Reda\u00e7\u00e3o","date":"18 de maio de 2014","format":false,"excerpt":"Francisco Ribeiro O Instituto Estadual de Cinema (IECINE) tem a frente, desde abril \u00faltimo, um novo diretor, o cineasta colombiano Juan Zapata, 36, que substitui Luiz Alberto Cassol. Radicado h\u00e1 dez anos em Porto Alegre, Zapata tem diante de si o desafio de conduzir at\u00e9 o final do ano um\u2026","rel":"","context":"Em &quot;Cultura-Geral&quot;","block_context":{"text":"Cultura-Geral","link":"https:\/\/www.jornalja.com.br\/arquivo\/category\/materiasecundaria\/"},"img":{"alt_text":"","src":"","width":0,"height":0},"classes":[]},{"id":13240,"url":"https:\/\/www.jornalja.com.br\/arquivo\/plano-diretor-estamos-construindo-o-caos\/","url_meta":{"origin":53134,"position":3},"title":"Plano diretor: &quot;Estamos construindo o caos&quot;","author":"Patr\u00edcia Marini","date":"26 de maio de 2014","format":false,"excerpt":"Desabafo que arquiteta Eliana Castilhos, delegada da Regi\u00e3o de Planejamento 1, postou nas redes sociais \u00e9 um testemunho do ambiente que se criou no Conselho do Plano Diretor de Porto Alegre, onde a aprova\u00e7\u00e3o de grandes empreendimentos \u00e9 empurrada guela abaixo dos conselheiros. Ao CMDUA Como delegada da Regi\u00e3o de\u2026","rel":"","context":"Em &quot;Geral&quot;","block_context":{"text":"Geral","link":"https:\/\/www.jornalja.com.br\/arquivo\/category\/geral\/"},"img":{"alt_text":"","src":"","width":0,"height":0},"classes":[]},{"id":5440,"url":"https:\/\/www.jornalja.com.br\/arquivo\/casarao-da-venancio-destino-permanece-incerto\/","url_meta":{"origin":53134,"position":4},"title":"Estado ainda n\u00e3o sabe o que fazer com casar\u00e3o abandonado h\u00e1 20 anos","author":"Elmar Bones","date":"6 de julho de 2009","format":false,"excerpt":"O casar\u00e3o amarelo, numa esquina nobre de Porto Alegre (Ven\u00e2ncio Aires com Jo\u00e3o Pessoa), j\u00e1 abrigou uma escola. H\u00e1 duas d\u00e9cadas, pelo menos, est\u00e1 abandonado, porque seu propriet\u00e1rio, o governo do Estado do Rio Grande do Sul, n\u00e3o consegue achar um destino para ele. Planos n\u00e3o faltaram. O governador Ol\u00edvio\u2026","rel":"","context":"Em &quot;X.Categorias velhas&quot;","block_context":{"text":"X.Categorias velhas","link":"https:\/\/www.jornalja.com.br\/arquivo\/category\/x-categorias-velhas\/"},"img":{"alt_text":"geraldo1","src":"https:\/\/i0.wp.com\/www.jornalja.com.br\/wp-content\/uploads\/2009\/07\/geraldo1.jpg?resize=350%2C200&ssl=1","width":350,"height":200},"classes":[]},{"id":12960,"url":"https:\/\/www.jornalja.com.br\/arquivo\/populacao-culpa-empresas-pela-greve-dos-rodoviarios\/","url_meta":{"origin":53134,"position":5},"title":"Popula\u00e7\u00e3o culpa empresas pela greve","author":"Patr\u00edcia Marini","date":"14 de fevereiro de 2014","format":false,"excerpt":"Pesquisa divulgada na edi\u00e7\u00e3o do jornal Metro desta sexta-feira,14, comprova o velho ditado: \u00e9 poss\u00edvel enganar muitos por algum tempo, mas n\u00e3o \u00e9 poss\u00edvel enganar a todos o tempo inteiro. A principal revela\u00e7\u00e3o foi que 59,8% dos entrevistados apontaram as empresas como as principais respons\u00e1veis pela grave e 46% culparam\u2026","rel":"","context":"Em &quot;X.Categorias velhas&quot;","block_context":{"text":"X.Categorias velhas","link":"https:\/\/www.jornalja.com.br\/arquivo\/category\/x-categorias-velhas\/"},"img":{"alt_text":"","src":"","width":0,"height":0},"classes":[]}],"jetpack_shortlink":"https:\/\/wp.me\/pbQjBd-dP0","jetpack_featured_media_url":"","_links":{"self":[{"href":"https:\/\/www.jornalja.com.br\/arquivo\/wp-json\/wp\/v2\/posts\/53134","targetHints":{"allow":["GET"]}}],"collection":[{"href":"https:\/\/www.jornalja.com.br\/arquivo\/wp-json\/wp\/v2\/posts"}],"about":[{"href":"https:\/\/www.jornalja.com.br\/arquivo\/wp-json\/wp\/v2\/types\/post"}],"author":[{"embeddable":true,"href":"https:\/\/www.jornalja.com.br\/arquivo\/wp-json\/wp\/v2\/users\/4"}],"replies":[{"embeddable":true,"href":"https:\/\/www.jornalja.com.br\/arquivo\/wp-json\/wp\/v2\/comments?post=53134"}],"version-history":[{"count":0,"href":"https:\/\/www.jornalja.com.br\/arquivo\/wp-json\/wp\/v2\/posts\/53134\/revisions"}],"wp:attachment":[{"href":"https:\/\/www.jornalja.com.br\/arquivo\/wp-json\/wp\/v2\/media?parent=53134"}],"wp:term":[{"taxonomy":"category","embeddable":true,"href":"https:\/\/www.jornalja.com.br\/arquivo\/wp-json\/wp\/v2\/categories?post=53134"},{"taxonomy":"post_tag","embeddable":true,"href":"https:\/\/www.jornalja.com.br\/arquivo\/wp-json\/wp\/v2\/tags?post=53134"}],"curies":[{"name":"wp","href":"https:\/\/api.w.org\/{rel}","templated":true}]}}