{"id":53150,"date":"2017-08-09T16:41:27","date_gmt":"2017-08-09T19:41:27","guid":{"rendered":"https:\/\/www.jornalja.com.br\/?p=53150"},"modified":"2017-08-09T16:41:27","modified_gmt":"2017-08-09T19:41:27","slug":"fundo-do-meio-ambiente-de-porto-alegre-tem-r-27-milhoes","status":"publish","type":"post","link":"https:\/\/www.jornalja.com.br\/arquivo\/fundo-do-meio-ambiente-de-porto-alegre-tem-r-27-milhoes\/","title":{"rendered":"Fundo do Meio Ambiente de Porto Alegre soma, at\u00e9 junho, R$ 27 milh\u00f5es"},"content":{"rendered":"<p><span class=\"assina\">Felipe Uhr<\/span><br \/>\nPorto Alegre tem hoje um valor de pouco mais de R$ 27 milh\u00f5es (R$ 27.447.298,25) parados no caixa \u00fanico da prefeitura, que pertencem ao Fundo Pr\u00f3 Defesa do Meio Ambiente de Porto Alegre (Fumproamb). Os dados s\u00e3o de junho e foram fornecidos pela Secretaria Municipal da Fazenda.<br \/>\nCriado na d\u00e9cada de 1970, o fundo \u00e9 um suplemento a projetos, obras, servi\u00e7os, manuten\u00e7\u00e3o de espa\u00e7os p\u00fablicos e do ambiente natural. \u00c9 composto de 10 tipos de cr\u00e9ditos, mas as maiores fatias vem de compensa\u00e7\u00f5es ambientais e licenciamentos.<br \/>\nDesde 2007 qualquer verba que sai do Fumproamb tem de ser autorizada pelo Conselho Municipal do Meio Ambiente (Comam). Antes, at\u00e9 uma l\u00e2mpada era trocada com dinheiro do fundo, lembra o ex-secret\u00e1rio da pasta Beto Moesh. Foi na sua gest\u00e3o que a lei mudou. Tamb\u00e9m foi criada uma C\u00e2mara T\u00e9cnica do Fundo, respons\u00e1vel pelos planos anuais e plurianuais de aplica\u00e7\u00e3o.<br \/>\nPor\u00e9m, o conselho n\u00e3o se re\u00fane desde dezembro de 2016. Formado por 27 representantes de secretarias, \u00f3rg\u00e3os p\u00fablicos, entidades ambientais e conselhos o Comam, em tese, se re\u00fane mensalmente. \u00c9 o Comam quem define como ser\u00e1 a distribui\u00e7\u00e3o dos recursos do fundo.<br \/>\nEm 2015, por exemplo, a \u00faltima resolu\u00e7\u00e3o definiu as seguintes diretrizes para aplica\u00e7\u00e3o do fundo: 65% para manuten\u00e7\u00e3o, urbaniza\u00e7\u00e3o, reurbaniza\u00e7\u00e3o, revitaliza\u00e7\u00e3o e manejo de Parques, Pra\u00e7as, Jardins, Cemit\u00e9rios e Arboriza\u00e7\u00e3o Urbana; 15% par Diagn\u00f3stico, Planejamento e Monitoramento Ambiental; 10% para o edital para Projetos Ambientais da Sociedade Civil; e o restante dividido entre: Aquisi\u00e7\u00e3o, melhoria ou implanta\u00e7\u00e3o de Unidades de Conserva\u00e7\u00e3o (5%); Despesas Administrativas e Qualifica\u00e7\u00e3o de Servidores (3%); A\u00e7\u00f5es de Educa\u00e7\u00e3o Ambiental e Eventos (2%).<br \/>\nN\u00e3o foi informado pela Secretaria quanto foi gasto em 2016 do Fumproamb, mas se sabe que saiu do fundo o recurso para as obras de revitaliza\u00e7\u00e3o do Largo dos A\u00e7orianos, or\u00e7ada em R$ 4,7 milh\u00f5es e ainda em execu\u00e7\u00e3o. Para 2017, n\u00e3o foram discutidas as diretrizes gerais. A \u00faltima reuni\u00e3o que deveria ter ocorrido em dezembro n\u00e3o foi realizada por faltam de qu\u00f3rum.<br \/>\nO coordenador do Ing\u00e1 (Instituto Ga\u00facho de Estudos Ambientais), professor da UFRGS Paulo Brack, lamenta: &#8220;A Secretaria ficou sem titular por 6 meses, somente agora est\u00e1 se formando um conselho. Enviamos uma carta ao secret\u00e1rio e ele nos respondeu depois de tr\u00eas semanas. Temos demandas urgentes.&#8221; Segundo Brack, uma reuni\u00e3o estava marcada para o dia 7 de agosto. A reportagem tentou ao longo de duas semanas falar com o secret\u00e1rio do Meio Ambientem Maur\u00edcio Fernandes, mas n\u00e3o recebeu retorno.<\/p>\n","protected":false},"excerpt":{"rendered":"<p>Felipe Uhr Porto Alegre tem hoje um valor de pouco mais de R$ 27 milh\u00f5es (R$ 27.447.298,25) parados no caixa \u00fanico da prefeitura, que pertencem ao Fundo Pr\u00f3 Defesa do Meio Ambiente de Porto Alegre (Fumproamb). Os dados s\u00e3o de junho e foram fornecidos pela Secretaria Municipal da Fazenda. Criado na d\u00e9cada de 1970, o [&hellip;]<\/p>\n","protected":false},"author":4,"featured_media":46958,"comment_status":"open","ping_status":"closed","sticky":false,"template":"","format":"standard","meta":{"_jetpack_newsletter_access":"","_jetpack_dont_email_post_to_subs":false,"_jetpack_newsletter_tier_id":0,"_jetpack_memberships_contains_paywalled_content":false,"_jetpack_feature_clip_id":0,"_jetpack_memberships_contains_paid_content":false,"footnotes":"","jetpack_post_was_ever_published":false},"categories":[26],"tags":[],"class_list":["post-53150","post","type-post","status-publish","format-standard","has-post-thumbnail","hentry","category-geral"],"aioseo_notices":[],"aioseo_head":"\n\t\t<!-- All in One SEO 5.0.1.1 - aioseo.com -->\n\t<meta name=\"robots\" content=\"max-image-preview:large\" \/>\n\t<meta name=\"author\" content=\"da Reda\u00e7\u00e3o\"\/>\n\t<link rel=\"canonical\" href=\"https:\/\/www.jornalja.com.br\/arquivo\/fundo-do-meio-ambiente-de-porto-alegre-tem-r-27-milhoes\/\" \/>\n\t<meta name=\"generator\" content=\"All in One SEO (AIOSEO) 5.0.1.1\" \/>\n\t\t<meta property=\"og:locale\" content=\"pt_BR\" \/>\n\t\t<meta property=\"og:site_name\" content=\"Arquivo | Jornal J\u00c1 | Porto Alegre\" \/>\n\t\t<meta property=\"og:type\" content=\"article\" \/>\n\t\t<meta property=\"og:title\" content=\"Fundo do Meio Ambiente de Porto Alegre soma, at\u00e9 junho, R$ 27 milh\u00f5es | Arquivo\" \/>\n\t\t<meta property=\"og:url\" content=\"https:\/\/www.jornalja.com.br\/arquivo\/fundo-do-meio-ambiente-de-porto-alegre-tem-r-27-milhoes\/\" \/>\n\t\t<meta property=\"og:image\" content=\"https:\/\/www.jornalja.com.br\/economics\/wp-content\/uploads\/sites\/11\/2026\/08\/ja-folhaderosto-facebook.jpg\" \/>\n\t\t<meta property=\"og:image:secure_url\" content=\"https:\/\/www.jornalja.com.br\/economics\/wp-content\/uploads\/sites\/11\/2026\/08\/ja-folhaderosto-facebook.jpg\" \/>\n\t\t<meta property=\"article:published_time\" content=\"2017-08-09T19:41:27+00:00\" \/>\n\t\t<meta property=\"article:modified_time\" content=\"2017-08-09T19:41:27+00:00\" \/>\n\t\t<meta name=\"twitter:card\" content=\"summary\" \/>\n\t\t<meta name=\"twitter:title\" content=\"Fundo do Meio Ambiente de Porto Alegre soma, at\u00e9 junho, R$ 27 milh\u00f5es | Arquivo\" \/>\n\t\t<meta name=\"twitter:image\" content=\"https:\/\/www.jornalja.com.br\/economics\/wp-content\/uploads\/sites\/11\/2026\/08\/ja-folhaderosto-facebook.jpg\" \/>\n\t\t<script type=\"application\/ld+json\" class=\"aioseo-schema\">\n\t\t\t{\"@context\":\"https:\\\/\\\/schema.org\",\"@graph\":[{\"@type\":\"BlogPosting\",\"@id\":\"https:\\\/\\\/www.jornalja.com.br\\\/arquivo\\\/fundo-do-meio-ambiente-de-porto-alegre-tem-r-27-milhoes\\\/#blogposting\",\"name\":\"Fundo do Meio Ambiente de Porto Alegre soma, at\\u00e9 junho, R$ 27 milh\\u00f5es | Arquivo\",\"headline\":\"Fundo do Meio Ambiente de Porto Alegre soma, at\\u00e9 junho, R$ 27 milh\\u00f5es\",\"author\":{\"@id\":\"https:\\\/\\\/www.jornalja.com.br\\\/arquivo\\\/author\\\/daredacao\\\/#author\"},\"publisher\":{\"@id\":\"https:\\\/\\\/www.jornalja.com.br\\\/arquivo\\\/#organization\"},\"image\":{\"@type\":\"ImageObject\",\"url\":46958},\"datePublished\":\"2017-08-09T16:41:27-03:00\",\"dateModified\":\"2017-08-09T16:41:27-03:00\",\"inLanguage\":\"pt-BR\",\"mainEntityOfPage\":{\"@id\":\"https:\\\/\\\/www.jornalja.com.br\\\/arquivo\\\/fundo-do-meio-ambiente-de-porto-alegre-tem-r-27-milhoes\\\/#webpage\"},\"isPartOf\":{\"@id\":\"https:\\\/\\\/www.jornalja.com.br\\\/arquivo\\\/fundo-do-meio-ambiente-de-porto-alegre-tem-r-27-milhoes\\\/#webpage\"},\"articleSection\":\"Geral\"},{\"@type\":\"BreadcrumbList\",\"@id\":\"https:\\\/\\\/www.jornalja.com.br\\\/arquivo\\\/fundo-do-meio-ambiente-de-porto-alegre-tem-r-27-milhoes\\\/#breadcrumblist\",\"itemListElement\":[{\"@type\":\"ListItem\",\"@id\":\"https:\\\/\\\/www.jornalja.com.br\\\/arquivo#listItem\",\"position\":1,\"name\":\"Home\",\"item\":\"https:\\\/\\\/www.jornalja.com.br\\\/arquivo\",\"nextItem\":{\"@type\":\"ListItem\",\"@id\":\"https:\\\/\\\/www.jornalja.com.br\\\/arquivo\\\/category\\\/geral\\\/#listItem\",\"name\":\"Geral\"}},{\"@type\":\"ListItem\",\"@id\":\"https:\\\/\\\/www.jornalja.com.br\\\/arquivo\\\/category\\\/geral\\\/#listItem\",\"position\":2,\"name\":\"Geral\",\"item\":\"https:\\\/\\\/www.jornalja.com.br\\\/arquivo\\\/category\\\/geral\\\/\",\"nextItem\":{\"@type\":\"ListItem\",\"@id\":\"https:\\\/\\\/www.jornalja.com.br\\\/arquivo\\\/fundo-do-meio-ambiente-de-porto-alegre-tem-r-27-milhoes\\\/#listItem\",\"name\":\"Fundo do Meio Ambiente de Porto Alegre soma, at\\u00e9 junho, R$ 27 milh\\u00f5es\"},\"previousItem\":{\"@type\":\"ListItem\",\"@id\":\"https:\\\/\\\/www.jornalja.com.br\\\/arquivo#listItem\",\"name\":\"Home\"}},{\"@type\":\"ListItem\",\"@id\":\"https:\\\/\\\/www.jornalja.com.br\\\/arquivo\\\/fundo-do-meio-ambiente-de-porto-alegre-tem-r-27-milhoes\\\/#listItem\",\"position\":3,\"name\":\"Fundo do Meio Ambiente de Porto Alegre soma, at\\u00e9 junho, R$ 27 milh\\u00f5es\",\"previousItem\":{\"@type\":\"ListItem\",\"@id\":\"https:\\\/\\\/www.jornalja.com.br\\\/arquivo\\\/category\\\/geral\\\/#listItem\",\"name\":\"Geral\"}}]},{\"@type\":\"Organization\",\"@id\":\"https:\\\/\\\/www.jornalja.com.br\\\/arquivo\\\/#organization\",\"name\":\"Jornal J\\u00c1\",\"description\":\"Jornal J\\u00c1 | Porto Alegre\",\"url\":\"https:\\\/\\\/www.jornalja.com.br\\\/arquivo\\\/\",\"telephone\":\"+555133307272\",\"logo\":{\"@type\":\"ImageObject\",\"url\":\"https:\\\/\\\/www.jornalja.com.br\\\/wp-content\\\/uploads\\\/cards\\\/JAslogan.png\",\"@id\":\"https:\\\/\\\/www.jornalja.com.br\\\/arquivo\\\/fundo-do-meio-ambiente-de-porto-alegre-tem-r-27-milhoes\\\/#organizationLogo\"},\"image\":{\"@id\":\"https:\\\/\\\/www.jornalja.com.br\\\/arquivo\\\/fundo-do-meio-ambiente-de-porto-alegre-tem-r-27-milhoes\\\/#organizationLogo\"}},{\"@type\":\"Person\",\"@id\":\"https:\\\/\\\/www.jornalja.com.br\\\/arquivo\\\/author\\\/daredacao\\\/#author\",\"url\":\"https:\\\/\\\/www.jornalja.com.br\\\/arquivo\\\/author\\\/daredacao\\\/\",\"name\":\"da Reda\\u00e7\\u00e3o\",\"image\":{\"@type\":\"ImageObject\",\"@id\":\"https:\\\/\\\/www.jornalja.com.br\\\/arquivo\\\/fundo-do-meio-ambiente-de-porto-alegre-tem-r-27-milhoes\\\/#authorImage\",\"url\":\"https:\\\/\\\/secure.gravatar.com\\\/avatar\\\/469fd857d6605ad19919d27ed29d35a968a25f6e8fd9318356bbb7f57aae9c65?s=96&d=mm&r=g\",\"width\":96,\"height\":96,\"caption\":\"da Reda\\u00e7\\u00e3o\"}},{\"@type\":\"WebPage\",\"@id\":\"https:\\\/\\\/www.jornalja.com.br\\\/arquivo\\\/fundo-do-meio-ambiente-de-porto-alegre-tem-r-27-milhoes\\\/#webpage\",\"url\":\"https:\\\/\\\/www.jornalja.com.br\\\/arquivo\\\/fundo-do-meio-ambiente-de-porto-alegre-tem-r-27-milhoes\\\/\",\"name\":\"Fundo do Meio Ambiente de Porto Alegre soma, at\\u00e9 junho, R$ 27 milh\\u00f5es | Arquivo\",\"inLanguage\":\"pt-BR\",\"isPartOf\":{\"@id\":\"https:\\\/\\\/www.jornalja.com.br\\\/arquivo\\\/#website\"},\"breadcrumb\":{\"@id\":\"https:\\\/\\\/www.jornalja.com.br\\\/arquivo\\\/fundo-do-meio-ambiente-de-porto-alegre-tem-r-27-milhoes\\\/#breadcrumblist\"},\"author\":{\"@id\":\"https:\\\/\\\/www.jornalja.com.br\\\/arquivo\\\/author\\\/daredacao\\\/#author\"},\"creator\":{\"@id\":\"https:\\\/\\\/www.jornalja.com.br\\\/arquivo\\\/author\\\/daredacao\\\/#author\"},\"image\":{\"@type\":\"ImageObject\",\"url\":46958,\"@id\":\"https:\\\/\\\/www.jornalja.com.br\\\/arquivo\\\/fundo-do-meio-ambiente-de-porto-alegre-tem-r-27-milhoes\\\/#mainImage\"},\"primaryImageOfPage\":{\"@id\":\"https:\\\/\\\/www.jornalja.com.br\\\/arquivo\\\/fundo-do-meio-ambiente-de-porto-alegre-tem-r-27-milhoes\\\/#mainImage\"},\"datePublished\":\"2017-08-09T16:41:27-03:00\",\"dateModified\":\"2017-08-09T16:41:27-03:00\"},{\"@type\":\"WebSite\",\"@id\":\"https:\\\/\\\/www.jornalja.com.br\\\/arquivo\\\/#website\",\"url\":\"https:\\\/\\\/www.jornalja.com.br\\\/arquivo\\\/\",\"name\":\"Arquivo\",\"description\":\"Jornal J\\u00c1 | Porto Alegre\",\"inLanguage\":\"pt-BR\",\"publisher\":{\"@id\":\"https:\\\/\\\/www.jornalja.com.br\\\/arquivo\\\/#organization\"}}]}\n\t\t<\/script>\n\t\t<!-- All in One SEO -->\n\n","aioseo_head_json":{"title":"Fundo do Meio Ambiente de Porto Alegre soma, at\u00e9 junho, R$ 27 milh\u00f5es | Arquivo","description":"","canonical_url":"https:\/\/www.jornalja.com.br\/arquivo\/fundo-do-meio-ambiente-de-porto-alegre-tem-r-27-milhoes\/","robots":"max-image-preview:large","keywords":"","webmasterTools":{"miscellaneous":""},"schema":{"@context":"https:\/\/schema.org","@graph":[{"@type":"BlogPosting","@id":"https:\/\/www.jornalja.com.br\/arquivo\/fundo-do-meio-ambiente-de-porto-alegre-tem-r-27-milhoes\/#blogposting","name":"Fundo do Meio Ambiente de Porto Alegre soma, at\u00e9 junho, R$ 27 milh\u00f5es | Arquivo","headline":"Fundo do Meio Ambiente de Porto Alegre soma, at\u00e9 junho, R$ 27 milh\u00f5es","author":{"@id":"https:\/\/www.jornalja.com.br\/arquivo\/author\/daredacao\/#author"},"publisher":{"@id":"https:\/\/www.jornalja.com.br\/arquivo\/#organization"},"image":{"@type":"ImageObject","url":46958},"datePublished":"2017-08-09T16:41:27-03:00","dateModified":"2017-08-09T16:41:27-03:00","inLanguage":"pt-BR","mainEntityOfPage":{"@id":"https:\/\/www.jornalja.com.br\/arquivo\/fundo-do-meio-ambiente-de-porto-alegre-tem-r-27-milhoes\/#webpage"},"isPartOf":{"@id":"https:\/\/www.jornalja.com.br\/arquivo\/fundo-do-meio-ambiente-de-porto-alegre-tem-r-27-milhoes\/#webpage"},"articleSection":"Geral"},{"@type":"BreadcrumbList","@id":"https:\/\/www.jornalja.com.br\/arquivo\/fundo-do-meio-ambiente-de-porto-alegre-tem-r-27-milhoes\/#breadcrumblist","itemListElement":[{"@type":"ListItem","@id":"https:\/\/www.jornalja.com.br\/arquivo#listItem","position":1,"name":"Home","item":"https:\/\/www.jornalja.com.br\/arquivo","nextItem":{"@type":"ListItem","@id":"https:\/\/www.jornalja.com.br\/arquivo\/category\/geral\/#listItem","name":"Geral"}},{"@type":"ListItem","@id":"https:\/\/www.jornalja.com.br\/arquivo\/category\/geral\/#listItem","position":2,"name":"Geral","item":"https:\/\/www.jornalja.com.br\/arquivo\/category\/geral\/","nextItem":{"@type":"ListItem","@id":"https:\/\/www.jornalja.com.br\/arquivo\/fundo-do-meio-ambiente-de-porto-alegre-tem-r-27-milhoes\/#listItem","name":"Fundo do Meio Ambiente de Porto Alegre soma, at\u00e9 junho, R$ 27 milh\u00f5es"},"previousItem":{"@type":"ListItem","@id":"https:\/\/www.jornalja.com.br\/arquivo#listItem","name":"Home"}},{"@type":"ListItem","@id":"https:\/\/www.jornalja.com.br\/arquivo\/fundo-do-meio-ambiente-de-porto-alegre-tem-r-27-milhoes\/#listItem","position":3,"name":"Fundo do Meio Ambiente de Porto Alegre soma, at\u00e9 junho, R$ 27 milh\u00f5es","previousItem":{"@type":"ListItem","@id":"https:\/\/www.jornalja.com.br\/arquivo\/category\/geral\/#listItem","name":"Geral"}}]},{"@type":"Organization","@id":"https:\/\/www.jornalja.com.br\/arquivo\/#organization","name":"Jornal J\u00c1","description":"Jornal J\u00c1 | Porto Alegre","url":"https:\/\/www.jornalja.com.br\/arquivo\/","telephone":"+555133307272","logo":{"@type":"ImageObject","url":"https:\/\/www.jornalja.com.br\/wp-content\/uploads\/cards\/JAslogan.png","@id":"https:\/\/www.jornalja.com.br\/arquivo\/fundo-do-meio-ambiente-de-porto-alegre-tem-r-27-milhoes\/#organizationLogo"},"image":{"@id":"https:\/\/www.jornalja.com.br\/arquivo\/fundo-do-meio-ambiente-de-porto-alegre-tem-r-27-milhoes\/#organizationLogo"}},{"@type":"Person","@id":"https:\/\/www.jornalja.com.br\/arquivo\/author\/daredacao\/#author","url":"https:\/\/www.jornalja.com.br\/arquivo\/author\/daredacao\/","name":"da Reda\u00e7\u00e3o","image":{"@type":"ImageObject","@id":"https:\/\/www.jornalja.com.br\/arquivo\/fundo-do-meio-ambiente-de-porto-alegre-tem-r-27-milhoes\/#authorImage","url":"https:\/\/secure.gravatar.com\/avatar\/469fd857d6605ad19919d27ed29d35a968a25f6e8fd9318356bbb7f57aae9c65?s=96&d=mm&r=g","width":96,"height":96,"caption":"da Reda\u00e7\u00e3o"}},{"@type":"WebPage","@id":"https:\/\/www.jornalja.com.br\/arquivo\/fundo-do-meio-ambiente-de-porto-alegre-tem-r-27-milhoes\/#webpage","url":"https:\/\/www.jornalja.com.br\/arquivo\/fundo-do-meio-ambiente-de-porto-alegre-tem-r-27-milhoes\/","name":"Fundo do Meio Ambiente de Porto Alegre soma, at\u00e9 junho, R$ 27 milh\u00f5es | Arquivo","inLanguage":"pt-BR","isPartOf":{"@id":"https:\/\/www.jornalja.com.br\/arquivo\/#website"},"breadcrumb":{"@id":"https:\/\/www.jornalja.com.br\/arquivo\/fundo-do-meio-ambiente-de-porto-alegre-tem-r-27-milhoes\/#breadcrumblist"},"author":{"@id":"https:\/\/www.jornalja.com.br\/arquivo\/author\/daredacao\/#author"},"creator":{"@id":"https:\/\/www.jornalja.com.br\/arquivo\/author\/daredacao\/#author"},"image":{"@type":"ImageObject","url":46958,"@id":"https:\/\/www.jornalja.com.br\/arquivo\/fundo-do-meio-ambiente-de-porto-alegre-tem-r-27-milhoes\/#mainImage"},"primaryImageOfPage":{"@id":"https:\/\/www.jornalja.com.br\/arquivo\/fundo-do-meio-ambiente-de-porto-alegre-tem-r-27-milhoes\/#mainImage"},"datePublished":"2017-08-09T16:41:27-03:00","dateModified":"2017-08-09T16:41:27-03:00"},{"@type":"WebSite","@id":"https:\/\/www.jornalja.com.br\/arquivo\/#website","url":"https:\/\/www.jornalja.com.br\/arquivo\/","name":"Arquivo","description":"Jornal J\u00c1 | Porto Alegre","inLanguage":"pt-BR","publisher":{"@id":"https:\/\/www.jornalja.com.br\/arquivo\/#organization"}}]},"og:locale":"pt_BR","og:site_name":"Arquivo | Jornal J\u00c1 | Porto Alegre","og:type":"article","og:title":"Fundo do Meio Ambiente de Porto Alegre soma, at\u00e9 junho, R$ 27 milh\u00f5es | Arquivo","og:url":"https:\/\/www.jornalja.com.br\/arquivo\/fundo-do-meio-ambiente-de-porto-alegre-tem-r-27-milhoes\/","og:image":"https:\/\/www.jornalja.com.br\/economics\/wp-content\/uploads\/sites\/11\/2026\/08\/ja-folhaderosto-facebook.jpg","og:image:secure_url":"https:\/\/www.jornalja.com.br\/economics\/wp-content\/uploads\/sites\/11\/2026\/08\/ja-folhaderosto-facebook.jpg","article:published_time":"2017-08-09T19:41:27+00:00","article:modified_time":"2017-08-09T19:41:27+00:00","twitter:card":"summary","twitter:title":"Fundo do Meio Ambiente de Porto Alegre soma, at\u00e9 junho, R$ 27 milh\u00f5es | Arquivo","twitter:image":"https:\/\/www.jornalja.com.br\/economics\/wp-content\/uploads\/sites\/11\/2026\/08\/ja-folhaderosto-facebook.jpg"},"aioseo_meta_data":{"post_id":"53150","title":null,"description":null,"keywords":null,"keyphrases":null,"primary_term":null,"canonical_url":null,"og_title":null,"og_description":null,"og_object_type":"default","og_image_type":"default","og_image_url":null,"og_image_width":null,"og_image_height":null,"og_image_custom_url":null,"og_image_custom_fields":null,"og_video":null,"og_custom_url":null,"og_article_section":null,"og_article_tags":null,"twitter_use_og":false,"twitter_card":"default","twitter_image_type":"default","twitter_image_url":null,"twitter_image_custom_url":null,"twitter_image_custom_fields":null,"twitter_title":null,"twitter_description":null,"schema":{"blockGraphs":[],"customGraphs":[],"default":{"data":{"Article":[],"Course":[],"Dataset":[],"FAQPage":[],"Movie":[],"Person":[],"Product":[],"ProductReview":[],"Car":[],"Recipe":[],"Service":[],"SoftwareApplication":[],"WebPage":[]},"graphName":"","isEnabled":true},"graphs":[],"defaultGraph":"","defaultPostTypeGraph":""},"schema_type":null,"schema_type_options":null,"pillar_content":false,"robots_default":true,"robots_noindex":false,"robots_noarchive":false,"robots_nosnippet":false,"robots_nofollow":false,"robots_noimageindex":false,"robots_noodp":false,"robots_notranslate":false,"robots_max_snippet":null,"robots_max_videopreview":null,"robots_max_imagepreview":"large","priority":null,"frequency":null,"location":null,"local_seo":null,"breadcrumb_settings":null,"limit_modified_date":false,"ai":null,"created":"2020-12-20 20:26:59","updated":"2025-07-20 00:10:23","seo_analyzer_scan_date":null,"focus_keyword":null,"additional_keywords":null,"truseo_locale":null},"jetpack_sharing_enabled":true,"jetpack-related-posts":[{"id":13240,"url":"https:\/\/www.jornalja.com.br\/arquivo\/plano-diretor-estamos-construindo-o-caos\/","url_meta":{"origin":53150,"position":0},"title":"Plano diretor: &quot;Estamos construindo o caos&quot;","author":"Patr\u00edcia Marini","date":"26 de maio de 2014","format":false,"excerpt":"Desabafo que arquiteta Eliana Castilhos, delegada da Regi\u00e3o de Planejamento 1, postou nas redes sociais \u00e9 um testemunho do ambiente que se criou no Conselho do Plano Diretor de Porto Alegre, onde a aprova\u00e7\u00e3o de grandes empreendimentos \u00e9 empurrada guela abaixo dos conselheiros. Ao CMDUA Como delegada da Regi\u00e3o de\u2026","rel":"","context":"Em &quot;Geral&quot;","block_context":{"text":"Geral","link":"https:\/\/www.jornalja.com.br\/arquivo\/category\/geral\/"},"img":{"alt_text":"","src":"","width":0,"height":0},"classes":[]},{"id":1280,"url":"https:\/\/www.jornalja.com.br\/arquivo\/o-menino-que-se-tornou-brizola\/","url_meta":{"origin":53150,"position":1},"title":"O Menino que se Tornou Brizola","author":"da Reda\u00e7\u00e3o","date":"28 de julho de 2008","format":false,"excerpt":"Autor: Cleber Dioni A vida de Leonel Brizola, com \u00eanfase para os primeiros anos em Porto Alegre, at\u00e9 o ex\u00edlio no Uruguai e a volta, quinze anos depois. \u00a0\"...\u00c9ramos todos jovens e nos identific\u00e1vamos com aquela massa an\u00f4nima a percorrer as ruas de Porto Alegre, gritando 'Get\u00falio', 'Get\u00falio' e empunhando\u2026","rel":"","context":"Em &quot;Livros&quot;","block_context":{"text":"Livros","link":"https:\/\/www.jornalja.com.br\/arquivo\/category\/livros\/"},"img":{"alt_text":"","src":"https:\/\/i0.wp.com\/www.jornalja.com.br\/wp-content\/uploads\/2008\/07\/brizola.gif?resize=350%2C200&ssl=1","width":350,"height":200},"classes":[]},{"id":13124,"url":"https:\/\/www.jornalja.com.br\/arquivo\/sangue-latino-no-iecine\/","url_meta":{"origin":53150,"position":2},"title":"Sangue latino no IECINE","author":"da Reda\u00e7\u00e3o","date":"18 de maio de 2014","format":false,"excerpt":"Francisco Ribeiro O Instituto Estadual de Cinema (IECINE) tem a frente, desde abril \u00faltimo, um novo diretor, o cineasta colombiano Juan Zapata, 36, que substitui Luiz Alberto Cassol. Radicado h\u00e1 dez anos em Porto Alegre, Zapata tem diante de si o desafio de conduzir at\u00e9 o final do ano um\u2026","rel":"","context":"Em &quot;Cultura-Geral&quot;","block_context":{"text":"Cultura-Geral","link":"https:\/\/www.jornalja.com.br\/arquivo\/category\/materiasecundaria\/"},"img":{"alt_text":"","src":"","width":0,"height":0},"classes":[]},{"id":13109,"url":"https:\/\/www.jornalja.com.br\/arquivo\/judiciario-reconhece-poluicao-eletromagnetica\/","url_meta":{"origin":53150,"position":3},"title":"Judici\u00e1rio reconhece polui\u00e7\u00e3o eletromagn\u00e9tica","author":"Patr\u00edcia Marini","date":"16 de maio de 2014","format":false,"excerpt":"A\u00e7\u00e3o de duas associa\u00e7\u00f5es de moradores foi acolhida pelo Tribunal de Justi\u00e7a de S\u00e3o Paulo que. em decis\u00e3o in\u00e9dita, determinou a redu\u00e7\u00e3o do campo eletromagn\u00e9tico gerado pelas linhas de transmiss\u00e3o de energia que cortam os bairros City Boa\u00e7ava e Alto de Pinheiros. \u00c9 a primeira vez que um tribunal do\u2026","rel":"","context":"Em &quot;X.Categorias velhas&quot;","block_context":{"text":"X.Categorias velhas","link":"https:\/\/www.jornalja.com.br\/arquivo\/category\/x-categorias-velhas\/"},"img":{"alt_text":"","src":"","width":0,"height":0},"classes":[]},{"id":14241,"url":"https:\/\/www.jornalja.com.br\/arquivo\/o-guaiba-nas-imagens-poeticas-de-achutti\/","url_meta":{"origin":53150,"position":4},"title":"O Gua\u00edba nas imagens po\u00e9ticas de Achutti","author":"da Reda\u00e7\u00e3o","date":"18 de junho de 2014","format":false,"excerpt":"Em \u201cO Gua\u00edba por Achutti\u201d \u2013 obra financiada via Minist\u00e9rio da Cultura, produ\u00e7\u00e3o executiva de Pedro Longhi, e Fl\u00e1vio Wild como designer \u2013, o fot\u00f3grafo revela a beleza e as mazelas de um espa\u00e7o aqu\u00e1tico de \u00e1guas sempre renovadas, cheio de hist\u00f3rias e lendas como as das cidades que foram\u2026","rel":"","context":"Em &quot;Cultura-Geral&quot;","block_context":{"text":"Cultura-Geral","link":"https:\/\/www.jornalja.com.br\/arquivo\/category\/materiasecundaria\/"},"img":{"alt_text":"","src":"","width":0,"height":0},"classes":[]},{"id":12960,"url":"https:\/\/www.jornalja.com.br\/arquivo\/populacao-culpa-empresas-pela-greve-dos-rodoviarios\/","url_meta":{"origin":53150,"position":5},"title":"Popula\u00e7\u00e3o culpa empresas pela greve","author":"Patr\u00edcia Marini","date":"14 de fevereiro de 2014","format":false,"excerpt":"Pesquisa divulgada na edi\u00e7\u00e3o do jornal Metro desta sexta-feira,14, comprova o velho ditado: \u00e9 poss\u00edvel enganar muitos por algum tempo, mas n\u00e3o \u00e9 poss\u00edvel enganar a todos o tempo inteiro. A principal revela\u00e7\u00e3o foi que 59,8% dos entrevistados apontaram as empresas como as principais respons\u00e1veis pela grave e 46% culparam\u2026","rel":"","context":"Em &quot;X.Categorias velhas&quot;","block_context":{"text":"X.Categorias velhas","link":"https:\/\/www.jornalja.com.br\/arquivo\/category\/x-categorias-velhas\/"},"img":{"alt_text":"","src":"","width":0,"height":0},"classes":[]}],"jetpack_shortlink":"https:\/\/wp.me\/pbQjBd-dPg","jetpack_featured_media_url":"","_links":{"self":[{"href":"https:\/\/www.jornalja.com.br\/arquivo\/wp-json\/wp\/v2\/posts\/53150","targetHints":{"allow":["GET"]}}],"collection":[{"href":"https:\/\/www.jornalja.com.br\/arquivo\/wp-json\/wp\/v2\/posts"}],"about":[{"href":"https:\/\/www.jornalja.com.br\/arquivo\/wp-json\/wp\/v2\/types\/post"}],"author":[{"embeddable":true,"href":"https:\/\/www.jornalja.com.br\/arquivo\/wp-json\/wp\/v2\/users\/4"}],"replies":[{"embeddable":true,"href":"https:\/\/www.jornalja.com.br\/arquivo\/wp-json\/wp\/v2\/comments?post=53150"}],"version-history":[{"count":0,"href":"https:\/\/www.jornalja.com.br\/arquivo\/wp-json\/wp\/v2\/posts\/53150\/revisions"}],"wp:attachment":[{"href":"https:\/\/www.jornalja.com.br\/arquivo\/wp-json\/wp\/v2\/media?parent=53150"}],"wp:term":[{"taxonomy":"category","embeddable":true,"href":"https:\/\/www.jornalja.com.br\/arquivo\/wp-json\/wp\/v2\/categories?post=53150"},{"taxonomy":"post_tag","embeddable":true,"href":"https:\/\/www.jornalja.com.br\/arquivo\/wp-json\/wp\/v2\/tags?post=53150"}],"curies":[{"name":"wp","href":"https:\/\/api.w.org\/{rel}","templated":true}]}}