{"id":53164,"date":"2017-08-09T16:48:27","date_gmt":"2017-08-09T19:48:27","guid":{"rendered":"https:\/\/www.jornalja.com.br\/?p=53164"},"modified":"2017-08-09T16:48:27","modified_gmt":"2017-08-09T19:48:27","slug":"novo-iptu-aumento-sera-progressivo-ate-2020","status":"publish","type":"post","link":"https:\/\/www.jornalja.com.br\/arquivo\/novo-iptu-aumento-sera-progressivo-ate-2020\/","title":{"rendered":"Novo IPTU: aumento ser\u00e1 progressivo at\u00e9 2020"},"content":{"rendered":"<p>Ainda neste m\u00eas de agosto o prefeito Nelson Marchezan J\u00fanior ir\u00e1 encaminhar \u00e0 C\u00e2mara de Vereadores mais uma proposta que mexe com a vida de todos os porto-alegrenses. Com uma defasagem de mais de duas d\u00e9cadas, vem a\u00ed a revis\u00e3o do Imposto Predial e Territorial Urbano (IPTU).<br \/>\nSe aprovada a revis\u00e3o, o valor do imposto aumentar\u00e1 de forma escalonada at\u00e9 2020 em m\u00e9dia 30%, podendo chegar at\u00e9 a 50%.<br \/>\nO estudo est\u00e1 praticamente conclu\u00eddo pela Secret\u00e1ria da Fazenda e nos pr\u00f3ximos dias ser\u00e1 analisado por Marchezan. Ser\u00e1 o prefeito que ir\u00e1 dar o aval final ao plano e enviar \u00e0 C\u00e2mara.<br \/>\nH\u00e1 tr\u00eas mudan\u00e7as fundamentais: a revis\u00e3o e atualiza\u00e7\u00e3o do valor \u201cvenal\u201d dos im\u00f3veis; a implanta\u00e7\u00e3o de faixas nas al\u00edquotas de im\u00f3veis residenciais; e o fim de isen\u00e7\u00f5es em determinados casos.<br \/>\n\u201c\u00c9 necess\u00e1ria atualiza\u00e7\u00e3o. Mas para n\u00e3o impactar os contribuintes, vamos formalizar uma proposta com aumento progressivo do valor at\u00e9 2020. E buscar uma justi\u00e7a social, im\u00f3veis de valores semelhantes ter\u00e3o IPTU semelhantes\u201d, diz o secret\u00e1rio Leonardo Busatto.<br \/>\nNo primeiro ponto, a ideia \u00e9 compensar os 26 anos sem que os valores dos im\u00f3veis de Porto Alegre fossem revistos. Estima-se que o pre\u00e7o de mercado esteja at\u00e9 600% maior do que consta na Planta de Valores, base para calcular o IPTU.<br \/>\nPara atualizar a Planta de Valores, t\u00e9cnicos da Fazenda realizaram um mutir\u00e3o desde o come\u00e7o da nova gest\u00e3o. Foi elaborado um estudo do pre\u00e7o de mercado de cada quarteir\u00e3o e o tipo de constru\u00e7\u00e3o e a finalidade (residencial ou comercial).<br \/>\nO aumento m\u00e9dio no valor dos im\u00f3veis deve ficar em 30%, podendo chegar a 50%. Mas ainda \u00e9 poss\u00edvel que o imposto caia para alguns im\u00f3veis que tenham, nos \u00faltimos 26 anos, sofrido desvaloriza\u00e7\u00e3o.<br \/>\nPara que o contribuinte n\u00e3o sinta a diferen\u00e7a toda de uma s\u00f3 vez, esta prevista uma aumento de imposto de forma escalonada at\u00e9 2020.<br \/>\nO mais importante, segundo o secret\u00e1rio Leonardo Busatto, \u00e9 resolver distor\u00e7\u00f5es em que im\u00f3veis de mesmo valor paguem IPTU de valores com diferen\u00e7a de at\u00e9 10 vezes. A proposta ainda deve colocar que os valores venais em Porto Alegre sejam revistos de quatro em quatro anos.<br \/>\nA Prefeitura pretende tamb\u00e9m criar mais faixas de al\u00edquotas. Dever\u00e3o ser criados ao menos cinco novos \u00edndices.<br \/>\nHoje, em Porto Alegre, independentemente do valor do im\u00f3vel residencial, o \u00edndice \u00e9 de 0,85%. Em compara\u00e7\u00e3o, em S\u00e3o Paulo a al\u00edquota varia de 0,7% (em resid\u00eancias de at\u00e9 R$ 150.000,00) a 1,5% (acima de R$ 1,2 milh\u00e3o). A ideia \u00e9 que im\u00f3veis mais valorizados paguem \u00edndices maiores. Poder\u00e1 ainda ser criada uma faixa com al\u00edquotas memores, para im\u00f3veis de baixo valor.<br \/>\nPor fim, ser\u00e1 proposto ainda o cancelamento de isen\u00e7\u00f5es como, por exemplo, as que beneficiam clubes esportivos, que passariam a pagar o IPTU.<br \/>\n<span class=\"intertit\">R$ 135 milh\u00f5es a mais por ano<\/span><br \/>\nUm estudo do economista Ant\u00f4nio Albano de Freitas, da Funda\u00e7\u00e3o de Economia e Estat\u00edstica (FEE), constatou que Porto Alegre \u00e9 a capital brasileira com maior defasagem no IPTU.<br \/>\nO tributo j\u00e1 foi 29,91% da receita tribut\u00e1ria de Porto Alegre, em 1997. Vinte anos depois, representa s\u00f3 19,95%: um ter\u00e7o menos no bolo de receitas pr\u00f3prias do munic\u00edpio. Na \u00e9poca, era 0,79% do PIB municipal, hoje \u00e9 apenas 0,55%.<br \/>\nCom a renova\u00e7\u00e3o dos valores, a Prefeitura pretende em tr\u00eas anos ter no m\u00ednimo um acr\u00e9scimo de 135 milh\u00f5es de reais ao valor anualmente arrecado, que gira em torno de 500 milh\u00f5es de reais ao ano. Para que os novos valores passem a valer em 2018, a C\u00e2mara precisa votar o projeto antes do final de setembro.<br \/>\n<strong>Como \u00e9 feito o c\u00e1lculo do IPTU hoje:<\/strong><br \/>\nEm im\u00f3veis residenciais incide uma al\u00edquota de 0,85% sobre o valor \u201cvenal\u201d.<br \/>\nUma casa com valor venal de R$ 100 mil paga R$ 850 de IPTU.<br \/>\n<strong>Nova proposta:<\/strong><br \/>\n1.\u00a0\u00a0\u00a0\u00a0\u00a0\u00a0 Atualiza\u00e7\u00e3o completa da Planta de Valores em Porto Alegre (revis\u00e3o de todos os valores venal);<br \/>\n2.\u00a0\u00a0\u00a0\u00a0\u00a0\u00a0 Novas faixas de al\u00edquotas. Hoje, existe apenas uma para im\u00f3veis resid\u00eancias (0,85%). E uma para im\u00f3veis n\u00e3o residenciais (1,10%).<br \/>\n3.\u00a0\u00a0\u00a0\u00a0\u00a0\u00a0 Revis\u00e3o das isen\u00e7\u00f5es. Clubes esportivos, por exemplo, podem perder o beneficio.<br \/>\n&nbsp;<\/p>\n","protected":false},"excerpt":{"rendered":"<p>Ainda neste m\u00eas de agosto o prefeito Nelson Marchezan J\u00fanior ir\u00e1 encaminhar \u00e0 C\u00e2mara de Vereadores mais uma proposta que mexe com a vida de todos os porto-alegrenses. Com uma defasagem de mais de duas d\u00e9cadas, vem a\u00ed a revis\u00e3o do Imposto Predial e Territorial Urbano (IPTU). Se aprovada a revis\u00e3o, o valor do imposto [&hellip;]<\/p>\n","protected":false},"author":4,"featured_media":52393,"comment_status":"open","ping_status":"closed","sticky":false,"template":"","format":"standard","meta":{"_jetpack_newsletter_access":"","_jetpack_dont_email_post_to_subs":false,"_jetpack_newsletter_tier_id":0,"_jetpack_memberships_contains_paywalled_content":false,"_jetpack_feature_clip_id":0,"_jetpack_memberships_contains_paid_content":false,"footnotes":"","jetpack_post_was_ever_published":false},"categories":[26],"tags":[],"class_list":["post-53164","post","type-post","status-publish","format-standard","has-post-thumbnail","hentry","category-geral"],"aioseo_notices":[],"aioseo_head":"\n\t\t<!-- All in One SEO 5.0.1.1 - aioseo.com -->\n\t<meta name=\"robots\" content=\"max-image-preview:large\" \/>\n\t<meta name=\"author\" content=\"da Reda\u00e7\u00e3o\"\/>\n\t<link rel=\"canonical\" href=\"https:\/\/www.jornalja.com.br\/arquivo\/novo-iptu-aumento-sera-progressivo-ate-2020\/\" \/>\n\t<meta name=\"generator\" content=\"All in One SEO (AIOSEO) 5.0.1.1\" \/>\n\t\t<meta property=\"og:locale\" content=\"pt_BR\" \/>\n\t\t<meta property=\"og:site_name\" content=\"Arquivo | Jornal J\u00c1 | Porto Alegre\" \/>\n\t\t<meta property=\"og:type\" content=\"article\" \/>\n\t\t<meta property=\"og:title\" content=\"Novo IPTU: aumento ser\u00e1 progressivo at\u00e9 2020 | Arquivo\" \/>\n\t\t<meta property=\"og:url\" content=\"https:\/\/www.jornalja.com.br\/arquivo\/novo-iptu-aumento-sera-progressivo-ate-2020\/\" \/>\n\t\t<meta property=\"og:image\" content=\"https:\/\/www.jornalja.com.br\/economics\/wp-content\/uploads\/sites\/11\/2026\/08\/ja-folhaderosto-facebook.jpg\" \/>\n\t\t<meta property=\"og:image:secure_url\" content=\"https:\/\/www.jornalja.com.br\/economics\/wp-content\/uploads\/sites\/11\/2026\/08\/ja-folhaderosto-facebook.jpg\" \/>\n\t\t<meta property=\"article:published_time\" content=\"2017-08-09T19:48:27+00:00\" \/>\n\t\t<meta property=\"article:modified_time\" content=\"2017-08-09T19:48:27+00:00\" \/>\n\t\t<meta name=\"twitter:card\" content=\"summary\" \/>\n\t\t<meta name=\"twitter:title\" content=\"Novo IPTU: aumento ser\u00e1 progressivo at\u00e9 2020 | Arquivo\" \/>\n\t\t<meta name=\"twitter:image\" content=\"https:\/\/www.jornalja.com.br\/economics\/wp-content\/uploads\/sites\/11\/2026\/08\/ja-folhaderosto-facebook.jpg\" \/>\n\t\t<script type=\"application\/ld+json\" class=\"aioseo-schema\">\n\t\t\t{\"@context\":\"https:\\\/\\\/schema.org\",\"@graph\":[{\"@type\":\"BlogPosting\",\"@id\":\"https:\\\/\\\/www.jornalja.com.br\\\/arquivo\\\/novo-iptu-aumento-sera-progressivo-ate-2020\\\/#blogposting\",\"name\":\"Novo IPTU: aumento ser\\u00e1 progressivo at\\u00e9 2020 | Arquivo\",\"headline\":\"Novo IPTU: aumento ser\\u00e1 progressivo at\\u00e9 2020\",\"author\":{\"@id\":\"https:\\\/\\\/www.jornalja.com.br\\\/arquivo\\\/author\\\/daredacao\\\/#author\"},\"publisher\":{\"@id\":\"https:\\\/\\\/www.jornalja.com.br\\\/arquivo\\\/#organization\"},\"image\":{\"@type\":\"ImageObject\",\"url\":52393},\"datePublished\":\"2017-08-09T16:48:27-03:00\",\"dateModified\":\"2017-08-09T16:48:27-03:00\",\"inLanguage\":\"pt-BR\",\"mainEntityOfPage\":{\"@id\":\"https:\\\/\\\/www.jornalja.com.br\\\/arquivo\\\/novo-iptu-aumento-sera-progressivo-ate-2020\\\/#webpage\"},\"isPartOf\":{\"@id\":\"https:\\\/\\\/www.jornalja.com.br\\\/arquivo\\\/novo-iptu-aumento-sera-progressivo-ate-2020\\\/#webpage\"},\"articleSection\":\"Geral\"},{\"@type\":\"BreadcrumbList\",\"@id\":\"https:\\\/\\\/www.jornalja.com.br\\\/arquivo\\\/novo-iptu-aumento-sera-progressivo-ate-2020\\\/#breadcrumblist\",\"itemListElement\":[{\"@type\":\"ListItem\",\"@id\":\"https:\\\/\\\/www.jornalja.com.br\\\/arquivo#listItem\",\"position\":1,\"name\":\"Home\",\"item\":\"https:\\\/\\\/www.jornalja.com.br\\\/arquivo\",\"nextItem\":{\"@type\":\"ListItem\",\"@id\":\"https:\\\/\\\/www.jornalja.com.br\\\/arquivo\\\/category\\\/geral\\\/#listItem\",\"name\":\"Geral\"}},{\"@type\":\"ListItem\",\"@id\":\"https:\\\/\\\/www.jornalja.com.br\\\/arquivo\\\/category\\\/geral\\\/#listItem\",\"position\":2,\"name\":\"Geral\",\"item\":\"https:\\\/\\\/www.jornalja.com.br\\\/arquivo\\\/category\\\/geral\\\/\",\"nextItem\":{\"@type\":\"ListItem\",\"@id\":\"https:\\\/\\\/www.jornalja.com.br\\\/arquivo\\\/novo-iptu-aumento-sera-progressivo-ate-2020\\\/#listItem\",\"name\":\"Novo IPTU: aumento ser\\u00e1 progressivo at\\u00e9 2020\"},\"previousItem\":{\"@type\":\"ListItem\",\"@id\":\"https:\\\/\\\/www.jornalja.com.br\\\/arquivo#listItem\",\"name\":\"Home\"}},{\"@type\":\"ListItem\",\"@id\":\"https:\\\/\\\/www.jornalja.com.br\\\/arquivo\\\/novo-iptu-aumento-sera-progressivo-ate-2020\\\/#listItem\",\"position\":3,\"name\":\"Novo IPTU: aumento ser\\u00e1 progressivo at\\u00e9 2020\",\"previousItem\":{\"@type\":\"ListItem\",\"@id\":\"https:\\\/\\\/www.jornalja.com.br\\\/arquivo\\\/category\\\/geral\\\/#listItem\",\"name\":\"Geral\"}}]},{\"@type\":\"Organization\",\"@id\":\"https:\\\/\\\/www.jornalja.com.br\\\/arquivo\\\/#organization\",\"name\":\"Jornal J\\u00c1\",\"description\":\"Jornal J\\u00c1 | Porto Alegre\",\"url\":\"https:\\\/\\\/www.jornalja.com.br\\\/arquivo\\\/\",\"telephone\":\"+555133307272\",\"logo\":{\"@type\":\"ImageObject\",\"url\":\"https:\\\/\\\/www.jornalja.com.br\\\/wp-content\\\/uploads\\\/cards\\\/JAslogan.png\",\"@id\":\"https:\\\/\\\/www.jornalja.com.br\\\/arquivo\\\/novo-iptu-aumento-sera-progressivo-ate-2020\\\/#organizationLogo\"},\"image\":{\"@id\":\"https:\\\/\\\/www.jornalja.com.br\\\/arquivo\\\/novo-iptu-aumento-sera-progressivo-ate-2020\\\/#organizationLogo\"}},{\"@type\":\"Person\",\"@id\":\"https:\\\/\\\/www.jornalja.com.br\\\/arquivo\\\/author\\\/daredacao\\\/#author\",\"url\":\"https:\\\/\\\/www.jornalja.com.br\\\/arquivo\\\/author\\\/daredacao\\\/\",\"name\":\"da Reda\\u00e7\\u00e3o\",\"image\":{\"@type\":\"ImageObject\",\"@id\":\"https:\\\/\\\/www.jornalja.com.br\\\/arquivo\\\/novo-iptu-aumento-sera-progressivo-ate-2020\\\/#authorImage\",\"url\":\"https:\\\/\\\/secure.gravatar.com\\\/avatar\\\/469fd857d6605ad19919d27ed29d35a968a25f6e8fd9318356bbb7f57aae9c65?s=96&d=mm&r=g\",\"width\":96,\"height\":96,\"caption\":\"da Reda\\u00e7\\u00e3o\"}},{\"@type\":\"WebPage\",\"@id\":\"https:\\\/\\\/www.jornalja.com.br\\\/arquivo\\\/novo-iptu-aumento-sera-progressivo-ate-2020\\\/#webpage\",\"url\":\"https:\\\/\\\/www.jornalja.com.br\\\/arquivo\\\/novo-iptu-aumento-sera-progressivo-ate-2020\\\/\",\"name\":\"Novo IPTU: aumento ser\\u00e1 progressivo at\\u00e9 2020 | Arquivo\",\"inLanguage\":\"pt-BR\",\"isPartOf\":{\"@id\":\"https:\\\/\\\/www.jornalja.com.br\\\/arquivo\\\/#website\"},\"breadcrumb\":{\"@id\":\"https:\\\/\\\/www.jornalja.com.br\\\/arquivo\\\/novo-iptu-aumento-sera-progressivo-ate-2020\\\/#breadcrumblist\"},\"author\":{\"@id\":\"https:\\\/\\\/www.jornalja.com.br\\\/arquivo\\\/author\\\/daredacao\\\/#author\"},\"creator\":{\"@id\":\"https:\\\/\\\/www.jornalja.com.br\\\/arquivo\\\/author\\\/daredacao\\\/#author\"},\"image\":{\"@type\":\"ImageObject\",\"url\":52393,\"@id\":\"https:\\\/\\\/www.jornalja.com.br\\\/arquivo\\\/novo-iptu-aumento-sera-progressivo-ate-2020\\\/#mainImage\"},\"primaryImageOfPage\":{\"@id\":\"https:\\\/\\\/www.jornalja.com.br\\\/arquivo\\\/novo-iptu-aumento-sera-progressivo-ate-2020\\\/#mainImage\"},\"datePublished\":\"2017-08-09T16:48:27-03:00\",\"dateModified\":\"2017-08-09T16:48:27-03:00\"},{\"@type\":\"WebSite\",\"@id\":\"https:\\\/\\\/www.jornalja.com.br\\\/arquivo\\\/#website\",\"url\":\"https:\\\/\\\/www.jornalja.com.br\\\/arquivo\\\/\",\"name\":\"Arquivo\",\"description\":\"Jornal J\\u00c1 | Porto Alegre\",\"inLanguage\":\"pt-BR\",\"publisher\":{\"@id\":\"https:\\\/\\\/www.jornalja.com.br\\\/arquivo\\\/#organization\"}}]}\n\t\t<\/script>\n\t\t<!-- All in One SEO -->\n\n","aioseo_head_json":{"title":"Novo IPTU: aumento ser\u00e1 progressivo at\u00e9 2020 | Arquivo","description":"","canonical_url":"https:\/\/www.jornalja.com.br\/arquivo\/novo-iptu-aumento-sera-progressivo-ate-2020\/","robots":"max-image-preview:large","keywords":"","webmasterTools":{"miscellaneous":""},"schema":{"@context":"https:\/\/schema.org","@graph":[{"@type":"BlogPosting","@id":"https:\/\/www.jornalja.com.br\/arquivo\/novo-iptu-aumento-sera-progressivo-ate-2020\/#blogposting","name":"Novo IPTU: aumento ser\u00e1 progressivo at\u00e9 2020 | Arquivo","headline":"Novo IPTU: aumento ser\u00e1 progressivo at\u00e9 2020","author":{"@id":"https:\/\/www.jornalja.com.br\/arquivo\/author\/daredacao\/#author"},"publisher":{"@id":"https:\/\/www.jornalja.com.br\/arquivo\/#organization"},"image":{"@type":"ImageObject","url":52393},"datePublished":"2017-08-09T16:48:27-03:00","dateModified":"2017-08-09T16:48:27-03:00","inLanguage":"pt-BR","mainEntityOfPage":{"@id":"https:\/\/www.jornalja.com.br\/arquivo\/novo-iptu-aumento-sera-progressivo-ate-2020\/#webpage"},"isPartOf":{"@id":"https:\/\/www.jornalja.com.br\/arquivo\/novo-iptu-aumento-sera-progressivo-ate-2020\/#webpage"},"articleSection":"Geral"},{"@type":"BreadcrumbList","@id":"https:\/\/www.jornalja.com.br\/arquivo\/novo-iptu-aumento-sera-progressivo-ate-2020\/#breadcrumblist","itemListElement":[{"@type":"ListItem","@id":"https:\/\/www.jornalja.com.br\/arquivo#listItem","position":1,"name":"Home","item":"https:\/\/www.jornalja.com.br\/arquivo","nextItem":{"@type":"ListItem","@id":"https:\/\/www.jornalja.com.br\/arquivo\/category\/geral\/#listItem","name":"Geral"}},{"@type":"ListItem","@id":"https:\/\/www.jornalja.com.br\/arquivo\/category\/geral\/#listItem","position":2,"name":"Geral","item":"https:\/\/www.jornalja.com.br\/arquivo\/category\/geral\/","nextItem":{"@type":"ListItem","@id":"https:\/\/www.jornalja.com.br\/arquivo\/novo-iptu-aumento-sera-progressivo-ate-2020\/#listItem","name":"Novo IPTU: aumento ser\u00e1 progressivo at\u00e9 2020"},"previousItem":{"@type":"ListItem","@id":"https:\/\/www.jornalja.com.br\/arquivo#listItem","name":"Home"}},{"@type":"ListItem","@id":"https:\/\/www.jornalja.com.br\/arquivo\/novo-iptu-aumento-sera-progressivo-ate-2020\/#listItem","position":3,"name":"Novo IPTU: aumento ser\u00e1 progressivo at\u00e9 2020","previousItem":{"@type":"ListItem","@id":"https:\/\/www.jornalja.com.br\/arquivo\/category\/geral\/#listItem","name":"Geral"}}]},{"@type":"Organization","@id":"https:\/\/www.jornalja.com.br\/arquivo\/#organization","name":"Jornal J\u00c1","description":"Jornal J\u00c1 | Porto Alegre","url":"https:\/\/www.jornalja.com.br\/arquivo\/","telephone":"+555133307272","logo":{"@type":"ImageObject","url":"https:\/\/www.jornalja.com.br\/wp-content\/uploads\/cards\/JAslogan.png","@id":"https:\/\/www.jornalja.com.br\/arquivo\/novo-iptu-aumento-sera-progressivo-ate-2020\/#organizationLogo"},"image":{"@id":"https:\/\/www.jornalja.com.br\/arquivo\/novo-iptu-aumento-sera-progressivo-ate-2020\/#organizationLogo"}},{"@type":"Person","@id":"https:\/\/www.jornalja.com.br\/arquivo\/author\/daredacao\/#author","url":"https:\/\/www.jornalja.com.br\/arquivo\/author\/daredacao\/","name":"da Reda\u00e7\u00e3o","image":{"@type":"ImageObject","@id":"https:\/\/www.jornalja.com.br\/arquivo\/novo-iptu-aumento-sera-progressivo-ate-2020\/#authorImage","url":"https:\/\/secure.gravatar.com\/avatar\/469fd857d6605ad19919d27ed29d35a968a25f6e8fd9318356bbb7f57aae9c65?s=96&d=mm&r=g","width":96,"height":96,"caption":"da Reda\u00e7\u00e3o"}},{"@type":"WebPage","@id":"https:\/\/www.jornalja.com.br\/arquivo\/novo-iptu-aumento-sera-progressivo-ate-2020\/#webpage","url":"https:\/\/www.jornalja.com.br\/arquivo\/novo-iptu-aumento-sera-progressivo-ate-2020\/","name":"Novo IPTU: aumento ser\u00e1 progressivo at\u00e9 2020 | Arquivo","inLanguage":"pt-BR","isPartOf":{"@id":"https:\/\/www.jornalja.com.br\/arquivo\/#website"},"breadcrumb":{"@id":"https:\/\/www.jornalja.com.br\/arquivo\/novo-iptu-aumento-sera-progressivo-ate-2020\/#breadcrumblist"},"author":{"@id":"https:\/\/www.jornalja.com.br\/arquivo\/author\/daredacao\/#author"},"creator":{"@id":"https:\/\/www.jornalja.com.br\/arquivo\/author\/daredacao\/#author"},"image":{"@type":"ImageObject","url":52393,"@id":"https:\/\/www.jornalja.com.br\/arquivo\/novo-iptu-aumento-sera-progressivo-ate-2020\/#mainImage"},"primaryImageOfPage":{"@id":"https:\/\/www.jornalja.com.br\/arquivo\/novo-iptu-aumento-sera-progressivo-ate-2020\/#mainImage"},"datePublished":"2017-08-09T16:48:27-03:00","dateModified":"2017-08-09T16:48:27-03:00"},{"@type":"WebSite","@id":"https:\/\/www.jornalja.com.br\/arquivo\/#website","url":"https:\/\/www.jornalja.com.br\/arquivo\/","name":"Arquivo","description":"Jornal J\u00c1 | Porto Alegre","inLanguage":"pt-BR","publisher":{"@id":"https:\/\/www.jornalja.com.br\/arquivo\/#organization"}}]},"og:locale":"pt_BR","og:site_name":"Arquivo | Jornal J\u00c1 | Porto Alegre","og:type":"article","og:title":"Novo IPTU: aumento ser\u00e1 progressivo at\u00e9 2020 | Arquivo","og:url":"https:\/\/www.jornalja.com.br\/arquivo\/novo-iptu-aumento-sera-progressivo-ate-2020\/","og:image":"https:\/\/www.jornalja.com.br\/economics\/wp-content\/uploads\/sites\/11\/2026\/08\/ja-folhaderosto-facebook.jpg","og:image:secure_url":"https:\/\/www.jornalja.com.br\/economics\/wp-content\/uploads\/sites\/11\/2026\/08\/ja-folhaderosto-facebook.jpg","article:published_time":"2017-08-09T19:48:27+00:00","article:modified_time":"2017-08-09T19:48:27+00:00","twitter:card":"summary","twitter:title":"Novo IPTU: aumento ser\u00e1 progressivo at\u00e9 2020 | Arquivo","twitter:image":"https:\/\/www.jornalja.com.br\/economics\/wp-content\/uploads\/sites\/11\/2026\/08\/ja-folhaderosto-facebook.jpg"},"aioseo_meta_data":{"post_id":"53164","title":null,"description":null,"keywords":null,"keyphrases":null,"primary_term":null,"canonical_url":null,"og_title":null,"og_description":null,"og_object_type":"default","og_image_type":"default","og_image_url":null,"og_image_width":null,"og_image_height":null,"og_image_custom_url":null,"og_image_custom_fields":null,"og_video":null,"og_custom_url":null,"og_article_section":null,"og_article_tags":null,"twitter_use_og":false,"twitter_card":"default","twitter_image_type":"default","twitter_image_url":null,"twitter_image_custom_url":null,"twitter_image_custom_fields":null,"twitter_title":null,"twitter_description":null,"schema":{"blockGraphs":[],"customGraphs":[],"default":{"data":{"Article":[],"Course":[],"Dataset":[],"FAQPage":[],"Movie":[],"Person":[],"Product":[],"ProductReview":[],"Car":[],"Recipe":[],"Service":[],"SoftwareApplication":[],"WebPage":[]},"graphName":"","isEnabled":true},"graphs":[],"defaultGraph":"","defaultPostTypeGraph":""},"schema_type":null,"schema_type_options":null,"pillar_content":false,"robots_default":true,"robots_noindex":false,"robots_noarchive":false,"robots_nosnippet":false,"robots_nofollow":false,"robots_noimageindex":false,"robots_noodp":false,"robots_notranslate":false,"robots_max_snippet":null,"robots_max_videopreview":null,"robots_max_imagepreview":"large","priority":null,"frequency":null,"location":null,"local_seo":null,"breadcrumb_settings":null,"limit_modified_date":false,"ai":null,"created":"2020-12-20 20:26:59","updated":"2025-07-20 00:10:23","seo_analyzer_scan_date":null,"focus_keyword":null,"additional_keywords":null,"truseo_locale":null},"jetpack_sharing_enabled":true,"jetpack-related-posts":[{"id":13109,"url":"https:\/\/www.jornalja.com.br\/arquivo\/judiciario-reconhece-poluicao-eletromagnetica\/","url_meta":{"origin":53164,"position":0},"title":"Judici\u00e1rio reconhece polui\u00e7\u00e3o eletromagn\u00e9tica","author":"Patr\u00edcia Marini","date":"16 de maio de 2014","format":false,"excerpt":"A\u00e7\u00e3o de duas associa\u00e7\u00f5es de moradores foi acolhida pelo Tribunal de Justi\u00e7a de S\u00e3o Paulo que. em decis\u00e3o in\u00e9dita, determinou a redu\u00e7\u00e3o do campo eletromagn\u00e9tico gerado pelas linhas de transmiss\u00e3o de energia que cortam os bairros City Boa\u00e7ava e Alto de Pinheiros. \u00c9 a primeira vez que um tribunal do\u2026","rel":"","context":"Em &quot;X.Categorias velhas&quot;","block_context":{"text":"X.Categorias velhas","link":"https:\/\/www.jornalja.com.br\/arquivo\/category\/x-categorias-velhas\/"},"img":{"alt_text":"","src":"","width":0,"height":0},"classes":[]},{"id":13240,"url":"https:\/\/www.jornalja.com.br\/arquivo\/plano-diretor-estamos-construindo-o-caos\/","url_meta":{"origin":53164,"position":1},"title":"Plano diretor: &quot;Estamos construindo o caos&quot;","author":"Patr\u00edcia Marini","date":"26 de maio de 2014","format":false,"excerpt":"Desabafo que arquiteta Eliana Castilhos, delegada da Regi\u00e3o de Planejamento 1, postou nas redes sociais \u00e9 um testemunho do ambiente que se criou no Conselho do Plano Diretor de Porto Alegre, onde a aprova\u00e7\u00e3o de grandes empreendimentos \u00e9 empurrada guela abaixo dos conselheiros. Ao CMDUA Como delegada da Regi\u00e3o de\u2026","rel":"","context":"Em &quot;Geral&quot;","block_context":{"text":"Geral","link":"https:\/\/www.jornalja.com.br\/arquivo\/category\/geral\/"},"img":{"alt_text":"","src":"","width":0,"height":0},"classes":[]},{"id":5440,"url":"https:\/\/www.jornalja.com.br\/arquivo\/casarao-da-venancio-destino-permanece-incerto\/","url_meta":{"origin":53164,"position":2},"title":"Estado ainda n\u00e3o sabe o que fazer com casar\u00e3o abandonado h\u00e1 20 anos","author":"Elmar Bones","date":"6 de julho de 2009","format":false,"excerpt":"O casar\u00e3o amarelo, numa esquina nobre de Porto Alegre (Ven\u00e2ncio Aires com Jo\u00e3o Pessoa), j\u00e1 abrigou uma escola. H\u00e1 duas d\u00e9cadas, pelo menos, est\u00e1 abandonado, porque seu propriet\u00e1rio, o governo do Estado do Rio Grande do Sul, n\u00e3o consegue achar um destino para ele. Planos n\u00e3o faltaram. O governador Ol\u00edvio\u2026","rel":"","context":"Em &quot;X.Categorias velhas&quot;","block_context":{"text":"X.Categorias velhas","link":"https:\/\/www.jornalja.com.br\/arquivo\/category\/x-categorias-velhas\/"},"img":{"alt_text":"geraldo1","src":"https:\/\/i0.wp.com\/www.jornalja.com.br\/wp-content\/uploads\/2009\/07\/geraldo1.jpg?resize=350%2C200&ssl=1","width":350,"height":200},"classes":[]},{"id":14241,"url":"https:\/\/www.jornalja.com.br\/arquivo\/o-guaiba-nas-imagens-poeticas-de-achutti\/","url_meta":{"origin":53164,"position":3},"title":"O Gua\u00edba nas imagens po\u00e9ticas de Achutti","author":"da Reda\u00e7\u00e3o","date":"18 de junho de 2014","format":false,"excerpt":"Em \u201cO Gua\u00edba por Achutti\u201d \u2013 obra financiada via Minist\u00e9rio da Cultura, produ\u00e7\u00e3o executiva de Pedro Longhi, e Fl\u00e1vio Wild como designer \u2013, o fot\u00f3grafo revela a beleza e as mazelas de um espa\u00e7o aqu\u00e1tico de \u00e1guas sempre renovadas, cheio de hist\u00f3rias e lendas como as das cidades que foram\u2026","rel":"","context":"Em &quot;Cultura-Geral&quot;","block_context":{"text":"Cultura-Geral","link":"https:\/\/www.jornalja.com.br\/arquivo\/category\/materiasecundaria\/"},"img":{"alt_text":"","src":"","width":0,"height":0},"classes":[]},{"id":13124,"url":"https:\/\/www.jornalja.com.br\/arquivo\/sangue-latino-no-iecine\/","url_meta":{"origin":53164,"position":4},"title":"Sangue latino no IECINE","author":"da Reda\u00e7\u00e3o","date":"18 de maio de 2014","format":false,"excerpt":"Francisco Ribeiro O Instituto Estadual de Cinema (IECINE) tem a frente, desde abril \u00faltimo, um novo diretor, o cineasta colombiano Juan Zapata, 36, que substitui Luiz Alberto Cassol. Radicado h\u00e1 dez anos em Porto Alegre, Zapata tem diante de si o desafio de conduzir at\u00e9 o final do ano um\u2026","rel":"","context":"Em &quot;Cultura-Geral&quot;","block_context":{"text":"Cultura-Geral","link":"https:\/\/www.jornalja.com.br\/arquivo\/category\/materiasecundaria\/"},"img":{"alt_text":"","src":"","width":0,"height":0},"classes":[]},{"id":1280,"url":"https:\/\/www.jornalja.com.br\/arquivo\/o-menino-que-se-tornou-brizola\/","url_meta":{"origin":53164,"position":5},"title":"O Menino que se Tornou Brizola","author":"da Reda\u00e7\u00e3o","date":"28 de julho de 2008","format":false,"excerpt":"Autor: Cleber Dioni A vida de Leonel Brizola, com \u00eanfase para os primeiros anos em Porto Alegre, at\u00e9 o ex\u00edlio no Uruguai e a volta, quinze anos depois. \u00a0\"...\u00c9ramos todos jovens e nos identific\u00e1vamos com aquela massa an\u00f4nima a percorrer as ruas de Porto Alegre, gritando 'Get\u00falio', 'Get\u00falio' e empunhando\u2026","rel":"","context":"Em &quot;Livros&quot;","block_context":{"text":"Livros","link":"https:\/\/www.jornalja.com.br\/arquivo\/category\/livros\/"},"img":{"alt_text":"","src":"https:\/\/i0.wp.com\/www.jornalja.com.br\/wp-content\/uploads\/2008\/07\/brizola.gif?resize=350%2C200&ssl=1","width":350,"height":200},"classes":[]}],"jetpack_shortlink":"https:\/\/wp.me\/pbQjBd-dPu","jetpack_featured_media_url":"","_links":{"self":[{"href":"https:\/\/www.jornalja.com.br\/arquivo\/wp-json\/wp\/v2\/posts\/53164","targetHints":{"allow":["GET"]}}],"collection":[{"href":"https:\/\/www.jornalja.com.br\/arquivo\/wp-json\/wp\/v2\/posts"}],"about":[{"href":"https:\/\/www.jornalja.com.br\/arquivo\/wp-json\/wp\/v2\/types\/post"}],"author":[{"embeddable":true,"href":"https:\/\/www.jornalja.com.br\/arquivo\/wp-json\/wp\/v2\/users\/4"}],"replies":[{"embeddable":true,"href":"https:\/\/www.jornalja.com.br\/arquivo\/wp-json\/wp\/v2\/comments?post=53164"}],"version-history":[{"count":0,"href":"https:\/\/www.jornalja.com.br\/arquivo\/wp-json\/wp\/v2\/posts\/53164\/revisions"}],"wp:attachment":[{"href":"https:\/\/www.jornalja.com.br\/arquivo\/wp-json\/wp\/v2\/media?parent=53164"}],"wp:term":[{"taxonomy":"category","embeddable":true,"href":"https:\/\/www.jornalja.com.br\/arquivo\/wp-json\/wp\/v2\/categories?post=53164"},{"taxonomy":"post_tag","embeddable":true,"href":"https:\/\/www.jornalja.com.br\/arquivo\/wp-json\/wp\/v2\/tags?post=53164"}],"curies":[{"name":"wp","href":"https:\/\/api.w.org\/{rel}","templated":true}]}}