{"id":53171,"date":"2017-08-09T16:30:27","date_gmt":"2017-08-09T19:30:27","guid":{"rendered":"https:\/\/www.jornalja.com.br\/?p=53171"},"modified":"2017-08-09T16:30:27","modified_gmt":"2017-08-09T19:30:27","slug":"mais-da-metade-dos-desempregados-em-porto-alegre-sao-jovens","status":"publish","type":"post","link":"https:\/\/www.jornalja.com.br\/arquivo\/mais-da-metade-dos-desempregados-em-porto-alegre-sao-jovens\/","title":{"rendered":"Mais da metade dos desempregados em Porto Alegre s\u00e3o jovens"},"content":{"rendered":"<p>A crise econ\u00f4mica atinge fortemente a popula\u00e7\u00e3o jovens, com um aumento de 26.6% na taxa de desemprego entre 2015 (15,4%) e 2016 (19,5%).<br \/>\nO contingente de jovens desempregados foi estimado em 106 mil, em 2016, acr\u00e9scimo de 17 mil em rela\u00e7\u00e3o ao ano anterior.<br \/>\nOs dados foram divulgados pela Funda\u00e7\u00e3o de Economia e Estat\u00edstica (FEE), nesta ter\u00e7a-feira 08\/08, no <a href=\"http:\/\/www.fee.rs.gov.br\/publicacoes\/ped-rmpa\/informe-ped-especial-jovens\/edicao-atual\/\">Informe Especial sobre a inser\u00e7\u00e3o no mercado de trabalho da popula\u00e7\u00e3o jovem<\/a>, que compreende a faixa et\u00e1ria de 15 a 29 anos, no mercado de trabalho da Regi\u00e3o Metropolitana de Porto Alegre (RMPA).<br \/>\nEm 2016, o aumento na taxa de desemprego entre os jovens foi superior ao observado para a popula\u00e7\u00e3o em geral e eles representavam mais da metade dos desempregados na Regi\u00e3o Metropolitana.<br \/>\nAl\u00e9m disso, os jovens tiveram uma retra\u00e7\u00e3o no n\u00edvel ocupacional mais intensa do que a registrada para os adultos, com a redu\u00e7\u00e3o de 48 mil jovens ocupados.<br \/>\nJ\u00e1 o rendimento m\u00e9dio real teve queda de 5,4% para os jovens, no per\u00edodo, tendo aumentado o risco relativo de serem trabalhadores de baixos sal\u00e1rios.<br \/>\nQuando s\u00e3o comparadas as taxas de ocupa\u00e7\u00e3o dos jovens por sexo, constata-se que, em 2016, a crise econ\u00f4mica atingiu as mulheres com maior intensidade do que os homens: entre as primeiras, a taxa de ocupa\u00e7\u00e3o teve queda de 50,2% em 2015 para 44,6% em 2016, e entre os \u00faltimos, de 59,1% para 54,4%.<br \/>\n<img loading=\"lazy\" decoding=\"async\" class=\"alignnone wp-image-53173 size-full\" src=\"https:\/\/www.jornalja.com.br\/wp-content\/uploads\/2017\/08\/201708082pedjovens2017_imagens2.jpg\" alt=\"\" width=\"1150\" height=\"868\" \/><br \/>\n<span class=\"intertit\"><strong>Transi\u00e7\u00e3o da escola para o mercado de trabalho<\/strong><\/span><br \/>\nSegundo o estudo, houve tend\u00eancia de aumento na parcela de jovens que somente estudam, apesar da conjuntura adversa no mercado de trabalho, nos \u00faltimos dois anos. Esse segmento da popula\u00e7\u00e3o juvenil, que era de 17,5% em 2000, passou para 23,7% em 2015 e 26,3% em 2016.<br \/>\nUm dado positivo se refere ao aumento da escolaridade dos jovens. A parcela de jovens com ensino m\u00e9dio completo aumentou de 32,0% em 2000 para 45,6% em 2016, enquanto a parcela de jovens com o ensino superior completo aumentou de 3,6% para 6,2% no per\u00edodo.<br \/>\nSegundo a economista Iracema Castelo Branco, Supervisora do centro de Pesquisa de Emprego e Desemprego da FEE, \u201cos jovens encontram-se numa fase particular do ciclo de vida, na qual se d\u00e1 a transi\u00e7\u00e3o da escola para o trabalho. Aqueles que t\u00eam condi\u00e7\u00f5es de concluir os estudos, possivelmente ter\u00e3o melhores oportunidades ao chegar ao mercado de trabalho quando comparados \u00e0queles que iniciam sua vida laboral antes de conclu\u00ed-los\u201d.<br \/>\n<img loading=\"lazy\" decoding=\"async\" class=\"alignnone wp-image-53174 size-full\" src=\"https:\/\/www.jornalja.com.br\/wp-content\/uploads\/2017\/08\/201708083pedjovens2017_imagens3.jpg\" alt=\"\" width=\"1150\" height=\"798\" \/><br \/>\nA FEE calcula e disponibiliza desde 1992, todos os meses, uma s\u00e9rie de estat\u00edsticas derivadas da Pesquisa de Emprego e Desemprego da Regi\u00e3o Metropolitana de Porto Alegre. Os dados s\u00e3o referentes a diversas vari\u00e1veis selecionadas, que permitem an\u00e1lises socioecon\u00f4micas e acompanhamento das condi\u00e7\u00f5es e configura\u00e7\u00f5es do mercado de trabalho.<br \/>\nApesar do processo de extin\u00e7\u00e3o da Funda\u00e7\u00e3o, proposto pelo Governo Sartori. As pesquisas na FEE continuam sendo realizadas.<\/p>\n","protected":false},"excerpt":{"rendered":"<p>A crise econ\u00f4mica atinge fortemente a popula\u00e7\u00e3o jovens, com um aumento de 26.6% na taxa de desemprego entre 2015 (15,4%) e 2016 (19,5%). O contingente de jovens desempregados foi estimado em 106 mil, em 2016, acr\u00e9scimo de 17 mil em rela\u00e7\u00e3o ao ano anterior. Os dados foram divulgados pela Funda\u00e7\u00e3o de Economia e Estat\u00edstica (FEE), [&hellip;]<\/p>\n","protected":false},"author":4,"featured_media":0,"comment_status":"open","ping_status":"closed","sticky":false,"template":"","format":"standard","meta":{"_jetpack_newsletter_access":"","_jetpack_dont_email_post_to_subs":false,"_jetpack_newsletter_tier_id":0,"_jetpack_memberships_contains_paywalled_content":false,"_jetpack_feature_clip_id":0,"_jetpack_memberships_contains_paid_content":false,"footnotes":"","jetpack_post_was_ever_published":false},"categories":[2022],"tags":[],"class_list":["post-53171","post","type-post","status-publish","format-standard","hentry","category-notas"],"aioseo_notices":[],"aioseo_head":"\n\t\t<!-- All in One SEO 5.0.1.1 - aioseo.com -->\n\t<meta name=\"robots\" content=\"max-image-preview:large\" \/>\n\t<meta name=\"author\" content=\"da Reda\u00e7\u00e3o\"\/>\n\t<link rel=\"canonical\" href=\"https:\/\/www.jornalja.com.br\/arquivo\/mais-da-metade-dos-desempregados-em-porto-alegre-sao-jovens\/\" \/>\n\t<meta name=\"generator\" content=\"All in One SEO (AIOSEO) 5.0.1.1\" \/>\n\t\t<meta property=\"og:locale\" content=\"pt_BR\" \/>\n\t\t<meta property=\"og:site_name\" content=\"Arquivo | Jornal J\u00c1 | Porto Alegre\" \/>\n\t\t<meta property=\"og:type\" content=\"article\" \/>\n\t\t<meta property=\"og:title\" content=\"Mais da metade dos desempregados em Porto Alegre s\u00e3o jovens | Arquivo\" \/>\n\t\t<meta property=\"og:url\" content=\"https:\/\/www.jornalja.com.br\/arquivo\/mais-da-metade-dos-desempregados-em-porto-alegre-sao-jovens\/\" \/>\n\t\t<meta property=\"og:image\" content=\"https:\/\/www.jornalja.com.br\/wp-content\/uploads\/2017\/08\/201708082pedjovens2017_imagens2.jpg\" \/>\n\t\t<meta property=\"og:image:secure_url\" content=\"https:\/\/www.jornalja.com.br\/wp-content\/uploads\/2017\/08\/201708082pedjovens2017_imagens2.jpg\" \/>\n\t\t<meta property=\"article:published_time\" content=\"2017-08-09T19:30:27+00:00\" \/>\n\t\t<meta property=\"article:modified_time\" content=\"2017-08-09T19:30:27+00:00\" \/>\n\t\t<meta name=\"twitter:card\" content=\"summary\" \/>\n\t\t<meta name=\"twitter:title\" content=\"Mais da metade dos desempregados em Porto Alegre s\u00e3o jovens | Arquivo\" \/>\n\t\t<meta name=\"twitter:image\" content=\"https:\/\/www.jornalja.com.br\/economics\/wp-content\/uploads\/sites\/11\/2026\/08\/ja-folhaderosto-facebook.jpg\" \/>\n\t\t<script type=\"application\/ld+json\" class=\"aioseo-schema\">\n\t\t\t{\"@context\":\"https:\\\/\\\/schema.org\",\"@graph\":[{\"@type\":\"BlogPosting\",\"@id\":\"https:\\\/\\\/www.jornalja.com.br\\\/arquivo\\\/mais-da-metade-dos-desempregados-em-porto-alegre-sao-jovens\\\/#blogposting\",\"name\":\"Mais da metade dos desempregados em Porto Alegre s\\u00e3o jovens | Arquivo\",\"headline\":\"Mais da metade dos desempregados em Porto Alegre s\\u00e3o jovens\",\"author\":{\"@id\":\"https:\\\/\\\/www.jornalja.com.br\\\/arquivo\\\/author\\\/daredacao\\\/#author\"},\"publisher\":{\"@id\":\"https:\\\/\\\/www.jornalja.com.br\\\/arquivo\\\/#organization\"},\"image\":{\"@type\":\"ImageObject\",\"url\":\"https:\\\/\\\/www.jornalja.com.br\\\/wp-content\\\/uploads\\\/2017\\\/08\\\/201708082pedjovens2017_imagens2.jpg\",\"@id\":\"https:\\\/\\\/www.jornalja.com.br\\\/arquivo\\\/mais-da-metade-dos-desempregados-em-porto-alegre-sao-jovens\\\/#articleImage\"},\"datePublished\":\"2017-08-09T16:30:27-03:00\",\"dateModified\":\"2017-08-09T16:30:27-03:00\",\"inLanguage\":\"pt-BR\",\"mainEntityOfPage\":{\"@id\":\"https:\\\/\\\/www.jornalja.com.br\\\/arquivo\\\/mais-da-metade-dos-desempregados-em-porto-alegre-sao-jovens\\\/#webpage\"},\"isPartOf\":{\"@id\":\"https:\\\/\\\/www.jornalja.com.br\\\/arquivo\\\/mais-da-metade-dos-desempregados-em-porto-alegre-sao-jovens\\\/#webpage\"},\"articleSection\":\"NOTAS\"},{\"@type\":\"BreadcrumbList\",\"@id\":\"https:\\\/\\\/www.jornalja.com.br\\\/arquivo\\\/mais-da-metade-dos-desempregados-em-porto-alegre-sao-jovens\\\/#breadcrumblist\",\"itemListElement\":[{\"@type\":\"ListItem\",\"@id\":\"https:\\\/\\\/www.jornalja.com.br\\\/arquivo#listItem\",\"position\":1,\"name\":\"Home\",\"item\":\"https:\\\/\\\/www.jornalja.com.br\\\/arquivo\",\"nextItem\":{\"@type\":\"ListItem\",\"@id\":\"https:\\\/\\\/www.jornalja.com.br\\\/arquivo\\\/category\\\/notas\\\/#listItem\",\"name\":\"NOTAS\"}},{\"@type\":\"ListItem\",\"@id\":\"https:\\\/\\\/www.jornalja.com.br\\\/arquivo\\\/category\\\/notas\\\/#listItem\",\"position\":2,\"name\":\"NOTAS\",\"item\":\"https:\\\/\\\/www.jornalja.com.br\\\/arquivo\\\/category\\\/notas\\\/\",\"nextItem\":{\"@type\":\"ListItem\",\"@id\":\"https:\\\/\\\/www.jornalja.com.br\\\/arquivo\\\/mais-da-metade-dos-desempregados-em-porto-alegre-sao-jovens\\\/#listItem\",\"name\":\"Mais da metade dos desempregados em Porto Alegre s\\u00e3o jovens\"},\"previousItem\":{\"@type\":\"ListItem\",\"@id\":\"https:\\\/\\\/www.jornalja.com.br\\\/arquivo#listItem\",\"name\":\"Home\"}},{\"@type\":\"ListItem\",\"@id\":\"https:\\\/\\\/www.jornalja.com.br\\\/arquivo\\\/mais-da-metade-dos-desempregados-em-porto-alegre-sao-jovens\\\/#listItem\",\"position\":3,\"name\":\"Mais da metade dos desempregados em Porto Alegre s\\u00e3o jovens\",\"previousItem\":{\"@type\":\"ListItem\",\"@id\":\"https:\\\/\\\/www.jornalja.com.br\\\/arquivo\\\/category\\\/notas\\\/#listItem\",\"name\":\"NOTAS\"}}]},{\"@type\":\"Organization\",\"@id\":\"https:\\\/\\\/www.jornalja.com.br\\\/arquivo\\\/#organization\",\"name\":\"Jornal J\\u00c1\",\"description\":\"Jornal J\\u00c1 | Porto Alegre\",\"url\":\"https:\\\/\\\/www.jornalja.com.br\\\/arquivo\\\/\",\"telephone\":\"+555133307272\",\"logo\":{\"@type\":\"ImageObject\",\"url\":\"https:\\\/\\\/www.jornalja.com.br\\\/wp-content\\\/uploads\\\/cards\\\/JAslogan.png\",\"@id\":\"https:\\\/\\\/www.jornalja.com.br\\\/arquivo\\\/mais-da-metade-dos-desempregados-em-porto-alegre-sao-jovens\\\/#organizationLogo\"},\"image\":{\"@id\":\"https:\\\/\\\/www.jornalja.com.br\\\/arquivo\\\/mais-da-metade-dos-desempregados-em-porto-alegre-sao-jovens\\\/#organizationLogo\"}},{\"@type\":\"Person\",\"@id\":\"https:\\\/\\\/www.jornalja.com.br\\\/arquivo\\\/author\\\/daredacao\\\/#author\",\"url\":\"https:\\\/\\\/www.jornalja.com.br\\\/arquivo\\\/author\\\/daredacao\\\/\",\"name\":\"da Reda\\u00e7\\u00e3o\",\"image\":{\"@type\":\"ImageObject\",\"@id\":\"https:\\\/\\\/www.jornalja.com.br\\\/arquivo\\\/mais-da-metade-dos-desempregados-em-porto-alegre-sao-jovens\\\/#authorImage\",\"url\":\"https:\\\/\\\/secure.gravatar.com\\\/avatar\\\/469fd857d6605ad19919d27ed29d35a968a25f6e8fd9318356bbb7f57aae9c65?s=96&d=mm&r=g\",\"width\":96,\"height\":96,\"caption\":\"da Reda\\u00e7\\u00e3o\"}},{\"@type\":\"WebPage\",\"@id\":\"https:\\\/\\\/www.jornalja.com.br\\\/arquivo\\\/mais-da-metade-dos-desempregados-em-porto-alegre-sao-jovens\\\/#webpage\",\"url\":\"https:\\\/\\\/www.jornalja.com.br\\\/arquivo\\\/mais-da-metade-dos-desempregados-em-porto-alegre-sao-jovens\\\/\",\"name\":\"Mais da metade dos desempregados em Porto Alegre s\\u00e3o jovens | Arquivo\",\"inLanguage\":\"pt-BR\",\"isPartOf\":{\"@id\":\"https:\\\/\\\/www.jornalja.com.br\\\/arquivo\\\/#website\"},\"breadcrumb\":{\"@id\":\"https:\\\/\\\/www.jornalja.com.br\\\/arquivo\\\/mais-da-metade-dos-desempregados-em-porto-alegre-sao-jovens\\\/#breadcrumblist\"},\"author\":{\"@id\":\"https:\\\/\\\/www.jornalja.com.br\\\/arquivo\\\/author\\\/daredacao\\\/#author\"},\"creator\":{\"@id\":\"https:\\\/\\\/www.jornalja.com.br\\\/arquivo\\\/author\\\/daredacao\\\/#author\"},\"datePublished\":\"2017-08-09T16:30:27-03:00\",\"dateModified\":\"2017-08-09T16:30:27-03:00\"},{\"@type\":\"WebSite\",\"@id\":\"https:\\\/\\\/www.jornalja.com.br\\\/arquivo\\\/#website\",\"url\":\"https:\\\/\\\/www.jornalja.com.br\\\/arquivo\\\/\",\"name\":\"Arquivo\",\"description\":\"Jornal J\\u00c1 | Porto Alegre\",\"inLanguage\":\"pt-BR\",\"publisher\":{\"@id\":\"https:\\\/\\\/www.jornalja.com.br\\\/arquivo\\\/#organization\"}}]}\n\t\t<\/script>\n\t\t<!-- All in One SEO -->\n\n","aioseo_head_json":{"title":"Mais da metade dos desempregados em Porto Alegre s\u00e3o jovens | Arquivo","description":"","canonical_url":"https:\/\/www.jornalja.com.br\/arquivo\/mais-da-metade-dos-desempregados-em-porto-alegre-sao-jovens\/","robots":"max-image-preview:large","keywords":"","webmasterTools":{"miscellaneous":""},"schema":{"@context":"https:\/\/schema.org","@graph":[{"@type":"BlogPosting","@id":"https:\/\/www.jornalja.com.br\/arquivo\/mais-da-metade-dos-desempregados-em-porto-alegre-sao-jovens\/#blogposting","name":"Mais da metade dos desempregados em Porto Alegre s\u00e3o jovens | Arquivo","headline":"Mais da metade dos desempregados em Porto Alegre s\u00e3o jovens","author":{"@id":"https:\/\/www.jornalja.com.br\/arquivo\/author\/daredacao\/#author"},"publisher":{"@id":"https:\/\/www.jornalja.com.br\/arquivo\/#organization"},"image":{"@type":"ImageObject","url":"https:\/\/www.jornalja.com.br\/wp-content\/uploads\/2017\/08\/201708082pedjovens2017_imagens2.jpg","@id":"https:\/\/www.jornalja.com.br\/arquivo\/mais-da-metade-dos-desempregados-em-porto-alegre-sao-jovens\/#articleImage"},"datePublished":"2017-08-09T16:30:27-03:00","dateModified":"2017-08-09T16:30:27-03:00","inLanguage":"pt-BR","mainEntityOfPage":{"@id":"https:\/\/www.jornalja.com.br\/arquivo\/mais-da-metade-dos-desempregados-em-porto-alegre-sao-jovens\/#webpage"},"isPartOf":{"@id":"https:\/\/www.jornalja.com.br\/arquivo\/mais-da-metade-dos-desempregados-em-porto-alegre-sao-jovens\/#webpage"},"articleSection":"NOTAS"},{"@type":"BreadcrumbList","@id":"https:\/\/www.jornalja.com.br\/arquivo\/mais-da-metade-dos-desempregados-em-porto-alegre-sao-jovens\/#breadcrumblist","itemListElement":[{"@type":"ListItem","@id":"https:\/\/www.jornalja.com.br\/arquivo#listItem","position":1,"name":"Home","item":"https:\/\/www.jornalja.com.br\/arquivo","nextItem":{"@type":"ListItem","@id":"https:\/\/www.jornalja.com.br\/arquivo\/category\/notas\/#listItem","name":"NOTAS"}},{"@type":"ListItem","@id":"https:\/\/www.jornalja.com.br\/arquivo\/category\/notas\/#listItem","position":2,"name":"NOTAS","item":"https:\/\/www.jornalja.com.br\/arquivo\/category\/notas\/","nextItem":{"@type":"ListItem","@id":"https:\/\/www.jornalja.com.br\/arquivo\/mais-da-metade-dos-desempregados-em-porto-alegre-sao-jovens\/#listItem","name":"Mais da metade dos desempregados em Porto Alegre s\u00e3o jovens"},"previousItem":{"@type":"ListItem","@id":"https:\/\/www.jornalja.com.br\/arquivo#listItem","name":"Home"}},{"@type":"ListItem","@id":"https:\/\/www.jornalja.com.br\/arquivo\/mais-da-metade-dos-desempregados-em-porto-alegre-sao-jovens\/#listItem","position":3,"name":"Mais da metade dos desempregados em Porto Alegre s\u00e3o jovens","previousItem":{"@type":"ListItem","@id":"https:\/\/www.jornalja.com.br\/arquivo\/category\/notas\/#listItem","name":"NOTAS"}}]},{"@type":"Organization","@id":"https:\/\/www.jornalja.com.br\/arquivo\/#organization","name":"Jornal J\u00c1","description":"Jornal J\u00c1 | Porto Alegre","url":"https:\/\/www.jornalja.com.br\/arquivo\/","telephone":"+555133307272","logo":{"@type":"ImageObject","url":"https:\/\/www.jornalja.com.br\/wp-content\/uploads\/cards\/JAslogan.png","@id":"https:\/\/www.jornalja.com.br\/arquivo\/mais-da-metade-dos-desempregados-em-porto-alegre-sao-jovens\/#organizationLogo"},"image":{"@id":"https:\/\/www.jornalja.com.br\/arquivo\/mais-da-metade-dos-desempregados-em-porto-alegre-sao-jovens\/#organizationLogo"}},{"@type":"Person","@id":"https:\/\/www.jornalja.com.br\/arquivo\/author\/daredacao\/#author","url":"https:\/\/www.jornalja.com.br\/arquivo\/author\/daredacao\/","name":"da Reda\u00e7\u00e3o","image":{"@type":"ImageObject","@id":"https:\/\/www.jornalja.com.br\/arquivo\/mais-da-metade-dos-desempregados-em-porto-alegre-sao-jovens\/#authorImage","url":"https:\/\/secure.gravatar.com\/avatar\/469fd857d6605ad19919d27ed29d35a968a25f6e8fd9318356bbb7f57aae9c65?s=96&d=mm&r=g","width":96,"height":96,"caption":"da Reda\u00e7\u00e3o"}},{"@type":"WebPage","@id":"https:\/\/www.jornalja.com.br\/arquivo\/mais-da-metade-dos-desempregados-em-porto-alegre-sao-jovens\/#webpage","url":"https:\/\/www.jornalja.com.br\/arquivo\/mais-da-metade-dos-desempregados-em-porto-alegre-sao-jovens\/","name":"Mais da metade dos desempregados em Porto Alegre s\u00e3o jovens | Arquivo","inLanguage":"pt-BR","isPartOf":{"@id":"https:\/\/www.jornalja.com.br\/arquivo\/#website"},"breadcrumb":{"@id":"https:\/\/www.jornalja.com.br\/arquivo\/mais-da-metade-dos-desempregados-em-porto-alegre-sao-jovens\/#breadcrumblist"},"author":{"@id":"https:\/\/www.jornalja.com.br\/arquivo\/author\/daredacao\/#author"},"creator":{"@id":"https:\/\/www.jornalja.com.br\/arquivo\/author\/daredacao\/#author"},"datePublished":"2017-08-09T16:30:27-03:00","dateModified":"2017-08-09T16:30:27-03:00"},{"@type":"WebSite","@id":"https:\/\/www.jornalja.com.br\/arquivo\/#website","url":"https:\/\/www.jornalja.com.br\/arquivo\/","name":"Arquivo","description":"Jornal J\u00c1 | Porto Alegre","inLanguage":"pt-BR","publisher":{"@id":"https:\/\/www.jornalja.com.br\/arquivo\/#organization"}}]},"og:locale":"pt_BR","og:site_name":"Arquivo | Jornal J\u00c1 | Porto Alegre","og:type":"article","og:title":"Mais da metade dos desempregados em Porto Alegre s\u00e3o jovens | Arquivo","og:url":"https:\/\/www.jornalja.com.br\/arquivo\/mais-da-metade-dos-desempregados-em-porto-alegre-sao-jovens\/","og:image":"https:\/\/www.jornalja.com.br\/wp-content\/uploads\/2017\/08\/201708082pedjovens2017_imagens2.jpg","og:image:secure_url":"https:\/\/www.jornalja.com.br\/wp-content\/uploads\/2017\/08\/201708082pedjovens2017_imagens2.jpg","article:published_time":"2017-08-09T19:30:27+00:00","article:modified_time":"2017-08-09T19:30:27+00:00","twitter:card":"summary","twitter:title":"Mais da metade dos desempregados em Porto Alegre s\u00e3o jovens | Arquivo","twitter:image":"https:\/\/www.jornalja.com.br\/economics\/wp-content\/uploads\/sites\/11\/2026\/08\/ja-folhaderosto-facebook.jpg"},"aioseo_meta_data":{"post_id":"53171","title":null,"description":null,"keywords":null,"keyphrases":null,"primary_term":null,"canonical_url":null,"og_title":null,"og_description":null,"og_object_type":"default","og_image_type":"default","og_image_url":null,"og_image_width":null,"og_image_height":null,"og_image_custom_url":null,"og_image_custom_fields":null,"og_video":null,"og_custom_url":null,"og_article_section":null,"og_article_tags":null,"twitter_use_og":false,"twitter_card":"default","twitter_image_type":"default","twitter_image_url":null,"twitter_image_custom_url":null,"twitter_image_custom_fields":null,"twitter_title":null,"twitter_description":null,"schema":{"blockGraphs":[],"customGraphs":[],"default":{"data":{"Article":[],"Course":[],"Dataset":[],"FAQPage":[],"Movie":[],"Person":[],"Product":[],"ProductReview":[],"Car":[],"Recipe":[],"Service":[],"SoftwareApplication":[],"WebPage":[]},"graphName":"","isEnabled":true},"graphs":[]},"schema_type":null,"schema_type_options":null,"pillar_content":false,"robots_default":true,"robots_noindex":false,"robots_noarchive":false,"robots_nosnippet":false,"robots_nofollow":false,"robots_noimageindex":false,"robots_noodp":false,"robots_notranslate":false,"robots_max_snippet":null,"robots_max_videopreview":null,"robots_max_imagepreview":"large","priority":null,"frequency":null,"location":null,"local_seo":null,"breadcrumb_settings":null,"limit_modified_date":false,"ai":null,"created":"2020-12-20 20:26:59","updated":"2025-07-20 00:10:23","seo_analyzer_scan_date":null,"focus_keyword":null,"additional_keywords":null,"truseo_locale":null},"jetpack_sharing_enabled":true,"jetpack-related-posts":[{"id":1280,"url":"https:\/\/www.jornalja.com.br\/arquivo\/o-menino-que-se-tornou-brizola\/","url_meta":{"origin":53171,"position":0},"title":"O Menino que se Tornou Brizola","author":"da Reda\u00e7\u00e3o","date":"28 de julho de 2008","format":false,"excerpt":"Autor: Cleber Dioni A vida de Leonel Brizola, com \u00eanfase para os primeiros anos em Porto Alegre, at\u00e9 o ex\u00edlio no Uruguai e a volta, quinze anos depois. \u00a0\"...\u00c9ramos todos jovens e nos identific\u00e1vamos com aquela massa an\u00f4nima a percorrer as ruas de Porto Alegre, gritando 'Get\u00falio', 'Get\u00falio' e empunhando\u2026","rel":"","context":"Em &quot;Livros&quot;","block_context":{"text":"Livros","link":"https:\/\/www.jornalja.com.br\/arquivo\/category\/livros\/"},"img":{"alt_text":"","src":"https:\/\/i0.wp.com\/www.jornalja.com.br\/wp-content\/uploads\/2008\/07\/brizola.gif?resize=350%2C200&ssl=1","width":350,"height":200},"classes":[]},{"id":13124,"url":"https:\/\/www.jornalja.com.br\/arquivo\/sangue-latino-no-iecine\/","url_meta":{"origin":53171,"position":1},"title":"Sangue latino no IECINE","author":"da Reda\u00e7\u00e3o","date":"18 de maio de 2014","format":false,"excerpt":"Francisco Ribeiro O Instituto Estadual de Cinema (IECINE) tem a frente, desde abril \u00faltimo, um novo diretor, o cineasta colombiano Juan Zapata, 36, que substitui Luiz Alberto Cassol. Radicado h\u00e1 dez anos em Porto Alegre, Zapata tem diante de si o desafio de conduzir at\u00e9 o final do ano um\u2026","rel":"","context":"Em &quot;Cultura-Geral&quot;","block_context":{"text":"Cultura-Geral","link":"https:\/\/www.jornalja.com.br\/arquivo\/category\/materiasecundaria\/"},"img":{"alt_text":"","src":"","width":0,"height":0},"classes":[]},{"id":12960,"url":"https:\/\/www.jornalja.com.br\/arquivo\/populacao-culpa-empresas-pela-greve-dos-rodoviarios\/","url_meta":{"origin":53171,"position":2},"title":"Popula\u00e7\u00e3o culpa empresas pela greve","author":"Patr\u00edcia Marini","date":"14 de fevereiro de 2014","format":false,"excerpt":"Pesquisa divulgada na edi\u00e7\u00e3o do jornal Metro desta sexta-feira,14, comprova o velho ditado: \u00e9 poss\u00edvel enganar muitos por algum tempo, mas n\u00e3o \u00e9 poss\u00edvel enganar a todos o tempo inteiro. A principal revela\u00e7\u00e3o foi que 59,8% dos entrevistados apontaram as empresas como as principais respons\u00e1veis pela grave e 46% culparam\u2026","rel":"","context":"Em &quot;X.Categorias velhas&quot;","block_context":{"text":"X.Categorias velhas","link":"https:\/\/www.jornalja.com.br\/arquivo\/category\/x-categorias-velhas\/"},"img":{"alt_text":"","src":"","width":0,"height":0},"classes":[]},{"id":13240,"url":"https:\/\/www.jornalja.com.br\/arquivo\/plano-diretor-estamos-construindo-o-caos\/","url_meta":{"origin":53171,"position":3},"title":"Plano diretor: &quot;Estamos construindo o caos&quot;","author":"Patr\u00edcia Marini","date":"26 de maio de 2014","format":false,"excerpt":"Desabafo que arquiteta Eliana Castilhos, delegada da Regi\u00e3o de Planejamento 1, postou nas redes sociais \u00e9 um testemunho do ambiente que se criou no Conselho do Plano Diretor de Porto Alegre, onde a aprova\u00e7\u00e3o de grandes empreendimentos \u00e9 empurrada guela abaixo dos conselheiros. Ao CMDUA Como delegada da Regi\u00e3o de\u2026","rel":"","context":"Em &quot;Geral&quot;","block_context":{"text":"Geral","link":"https:\/\/www.jornalja.com.br\/arquivo\/category\/geral\/"},"img":{"alt_text":"","src":"","width":0,"height":0},"classes":[]},{"id":14241,"url":"https:\/\/www.jornalja.com.br\/arquivo\/o-guaiba-nas-imagens-poeticas-de-achutti\/","url_meta":{"origin":53171,"position":4},"title":"O Gua\u00edba nas imagens po\u00e9ticas de Achutti","author":"da Reda\u00e7\u00e3o","date":"18 de junho de 2014","format":false,"excerpt":"Em \u201cO Gua\u00edba por Achutti\u201d \u2013 obra financiada via Minist\u00e9rio da Cultura, produ\u00e7\u00e3o executiva de Pedro Longhi, e Fl\u00e1vio Wild como designer \u2013, o fot\u00f3grafo revela a beleza e as mazelas de um espa\u00e7o aqu\u00e1tico de \u00e1guas sempre renovadas, cheio de hist\u00f3rias e lendas como as das cidades que foram\u2026","rel":"","context":"Em &quot;Cultura-Geral&quot;","block_context":{"text":"Cultura-Geral","link":"https:\/\/www.jornalja.com.br\/arquivo\/category\/materiasecundaria\/"},"img":{"alt_text":"","src":"","width":0,"height":0},"classes":[]},{"id":13239,"url":"https:\/\/www.jornalja.com.br\/arquivo\/conselho-desdenha-do-plano-diretor\/","url_meta":{"origin":53171,"position":5},"title":"Porto Alegre: Conselho detona Plano Diretor","author":"Patr\u00edcia Marini","date":"25 de maio de 2014","format":false,"excerpt":"Den\u00fancia do arquiteto e \u00a0urbanista Ibir\u00e1 Santos Lucas. Ele diz que os conselheiros est\u00e3o votando com \"enorme irresponsabilidade\". \"Mudam regime com a maior naturalidade,,,regularizam absurdos de constru\u00e7\u00f5es irregulares... \"O CMDUA est\u00e1 flexibilizando a lei do plano diretor, de uma forma impactante na vida da cidade. Mudam regime com a maior\u2026","rel":"","context":"Em &quot;Geral&quot;","block_context":{"text":"Geral","link":"https:\/\/www.jornalja.com.br\/arquivo\/category\/geral\/"},"img":{"alt_text":"","src":"","width":0,"height":0},"classes":[]}],"jetpack_shortlink":"https:\/\/wp.me\/pbQjBd-dPB","jetpack_featured_media_url":"","_links":{"self":[{"href":"https:\/\/www.jornalja.com.br\/arquivo\/wp-json\/wp\/v2\/posts\/53171","targetHints":{"allow":["GET"]}}],"collection":[{"href":"https:\/\/www.jornalja.com.br\/arquivo\/wp-json\/wp\/v2\/posts"}],"about":[{"href":"https:\/\/www.jornalja.com.br\/arquivo\/wp-json\/wp\/v2\/types\/post"}],"author":[{"embeddable":true,"href":"https:\/\/www.jornalja.com.br\/arquivo\/wp-json\/wp\/v2\/users\/4"}],"replies":[{"embeddable":true,"href":"https:\/\/www.jornalja.com.br\/arquivo\/wp-json\/wp\/v2\/comments?post=53171"}],"version-history":[{"count":0,"href":"https:\/\/www.jornalja.com.br\/arquivo\/wp-json\/wp\/v2\/posts\/53171\/revisions"}],"wp:attachment":[{"href":"https:\/\/www.jornalja.com.br\/arquivo\/wp-json\/wp\/v2\/media?parent=53171"}],"wp:term":[{"taxonomy":"category","embeddable":true,"href":"https:\/\/www.jornalja.com.br\/arquivo\/wp-json\/wp\/v2\/categories?post=53171"},{"taxonomy":"post_tag","embeddable":true,"href":"https:\/\/www.jornalja.com.br\/arquivo\/wp-json\/wp\/v2\/tags?post=53171"}],"curies":[{"name":"wp","href":"https:\/\/api.w.org\/{rel}","templated":true}]}}