{"id":53206,"date":"2017-08-10T19:49:28","date_gmt":"2017-08-10T22:49:28","guid":{"rendered":"https:\/\/www.jornalja.com.br\/?p=53206"},"modified":"2017-08-10T19:49:28","modified_gmt":"2017-08-10T22:49:28","slug":"justica-mantem-suspenso-investimento-imobiliario-na-fazenda-do-arado","status":"publish","type":"post","link":"https:\/\/www.jornalja.com.br\/arquivo\/justica-mantem-suspenso-investimento-imobiliario-na-fazenda-do-arado\/","title":{"rendered":"Justi\u00e7a mant\u00e9m suspenso investimento imobili\u00e1rio na Fazenda do Arado"},"content":{"rendered":"<p><span class=\"assina\">Felipe Uhr<\/span><br \/>\nA Justi\u00e7a negou um recurso movido pela Arado Empreendimentos S.A que permitia a empresa dar continuidade a um projeto de condom\u00ednios fechados na antiga Fazenda Arado Velho, no Bairro Bel\u00e9m Novo, extremo-sul da Capital ga\u00facha.<br \/>\nA assessoria do TJ\/RS informou, na quarta-feira, que a senten\u00e7a ainda n\u00e3o havia sido publicada e, portanto, n\u00e3o poderia divulgar os argumentos para o indeferimento.<br \/>\nO processo corre na 10\u00ba Vara da Fazenda P\u00fablica do Foro Central, com o n\u00famero\u00a0001\/1.17.0011746-8.<br \/>\nO empreendimento\u00a0est\u00e1 travado por uma liminar que suspendeu a\u00a0Lei Complementar 780\/2015, de iniciativa do ex-prefeito Jos\u00e9 Fortunati.<br \/>\nEssa lei 780 alterou o regime urban\u00edstico e, consequentemente, o \u00edndice construtivo da \u00e1rea, permitindo a constru\u00e7\u00e3o de\u00a0tr\u00eas condom\u00ednios fechados, num total de 2.300 casas na \u00e1rea de 426 hectares, metade dos quais enquadrada como \u00e1rea de preserva\u00e7\u00e3o ambiental.<br \/>\nO PLC foi aprovado em outubro de 2015\u00a0e a liminar que barrou as altera\u00e7\u00f5es foi concedida em abril de 2017, ap\u00f3s uma A\u00e7\u00e3o Civil P\u00fablica movida pela Promotoria do Meio Ambiente, do Minist\u00e9rio P\u00fablico Estadual.<br \/>\nNa \u00e9poca, o MP alegou que a lei foi aprovada sem a realiza\u00e7\u00e3o de audi\u00eancia p\u00fablica, conforme determina o artigo 177 da Constitui\u00e7\u00e3o Federal. Tamb\u00e9m n\u00e3o houve, segundo a promotoria, a devida avalia\u00e7\u00e3o dos danos ambientais que podem ser causados pelo empreendimento.<br \/>\nA inten\u00e7\u00e3o da construtora era apresentar o EVU (Estudo de Viabilidade Urban\u00edstica) enquanto a decis\u00e3o final n\u00e3o \u00e9 dada.<br \/>\nA reportagem tentou contato com a\u00a0Arado Empreendimentos S.A mas o engenheiro t\u00e9cnico respons\u00e1vel pelo neg\u00f3cio n\u00e3o estava dispon\u00edvel.<br \/>\n<figure id=\"attachment_53216\" aria-describedby=\"caption-attachment-53216\" style=\"width: 1150px\" class=\"wp-caption alignnone\"><img loading=\"lazy\" decoding=\"async\" class=\"wp-image-53216 size-full\" src=\"https:\/\/www.jornalja.com.br\/wp-content\/uploads\/2017\/08\/dsc_0972-e1471399958352.jpg\" alt=\"\" width=\"1150\" height=\"762\" \/><figcaption id=\"caption-attachment-53216\" class=\"wp-caption-text\">\u00c1rea fica no bairro Bel\u00e9m Velho, extremo Sul da Capital\/Foto Paulo Brack<\/figcaption><\/figure><br \/>\n<strong>Movimentos questionam estudos ambientais do projeto imobili\u00e1rio\u00a0<\/strong><br \/>\nAt\u00e9 2015 as terras da Fazenda do Arado obedeciam ao regime urban\u00edstico da Zona Rural e \u00c1rea de Prote\u00e7\u00e3o do Ambiente Natural,\u00a0suportando no m\u00e1ximo 276 economias (casas, edifica\u00e7\u00f5es, etc).<br \/>\nA lei, aprovada pela C\u00e2mara de Vereadores em 5 de outubro de 2015 e sancionada pelo prefeito Jos\u00e9 Fortunati duas semanas depois, alterou o Plano Diretor, retirando a \u00e1rea do Arado da Zona Rural.<br \/>\n<figure id=\"attachment_41528\" aria-describedby=\"caption-attachment-41528\" style=\"width: 725px\" class=\"wp-caption alignnone\"><img loading=\"lazy\" decoding=\"async\" class=\"wp-image-41528 size-full\" src=\"https:\/\/www.jornalja.com.br\/wp-content\/uploads\/2016\/11\/arado-Michele-tania.jpg\" alt=\"\" width=\"725\" height=\"483\" \/><figcaption id=\"caption-attachment-41528\" class=\"wp-caption-text\">Ambientalistas e comunidade mobilizados em defesa da \u00e1rea \/ T\u00e2nia Meinerz\/J\u00c1<\/figcaption><\/figure><br \/>\nFoi gra\u00e7as aos movimentos Preserva Bel\u00e9m Novo e Coletivo Ambiente Cr\u00edtico que o Minist\u00e9rio P\u00fablico ingressou com a a\u00e7\u00e3o civil p\u00fablica. Foi apontada uma s\u00e9rie de erros no Estudo de Impacto Ambiental apresentado pelo investidor.<br \/>\nEspecialistas da \u00e1rea ambiental realizaram um outro laudo, a pedido dos movimentos ambientais, onde questionam erros nas \u00e1reas geol\u00f3gicas, de fauna e flora. &#8220;Por exemplo, eles omitiram o solo novo, que seria mais sens\u00edvel \u00e0 constru\u00e7\u00e3o e apresentaram somente o mais antigo&#8221;, argumenta Felipe Viana,\u00a0integrante do Preserva Arado.<br \/>\n<figure id=\"attachment_41529\" aria-describedby=\"caption-attachment-41529\" style=\"width: 725px\" class=\"wp-caption alignleft\"><img loading=\"lazy\" decoding=\"async\" class=\"size-full wp-image-41529\" src=\"https:\/\/www.jornalja.com.br\/wp-content\/uploads\/2016\/11\/arado-lixo1-tania-meinerz.jpg\" alt=\"\" width=\"725\" height=\"483\" \/><figcaption id=\"caption-attachment-41529\" class=\"wp-caption-text\">Ambientalistas realizaram mutir\u00e3o de limpeza que recolheu mais de 150 sacos de lixo \/ T\u00e2nia Meinerz\/J\u00c1<\/figcaption><\/figure><br \/>\nSegundo ele, quase todos os apontamentos subestimam o meio ambiente e favorecem a realiza\u00e7\u00e3o do empreendimento. &#8220;Quem faz esse tipo de estudo sofre press\u00e3o por parte dos empreendedores e isso compromete a qualidade do estudo e favorece o neg\u00f3cio&#8221;, entende o ambientalista.<br \/>\nViana lembrou ainda que a mudan\u00e7a da Lei Complementar 780 teve parecer contr\u00e1rio da Comiss\u00e3o Municipal do Meio Ambiente (Comam), que aconselhou a aquisi\u00e7\u00e3o do terreno pela prefeitura para transformar em \u00e1rea de conserva\u00e7\u00e3o ou que a \u00e1rea permanecesse como zona rural.<\/p>\n","protected":false},"excerpt":{"rendered":"<p>Felipe Uhr A Justi\u00e7a negou um recurso movido pela Arado Empreendimentos S.A que permitia a empresa dar continuidade a um projeto de condom\u00ednios fechados na antiga Fazenda Arado Velho, no Bairro Bel\u00e9m Novo, extremo-sul da Capital ga\u00facha. A assessoria do TJ\/RS informou, na quarta-feira, que a senten\u00e7a ainda n\u00e3o havia sido publicada e, portanto, n\u00e3o [&hellip;]<\/p>\n","protected":false},"author":4,"featured_media":41247,"comment_status":"open","ping_status":"closed","sticky":false,"template":"","format":"standard","meta":{"_jetpack_newsletter_access":"","_jetpack_dont_email_post_to_subs":false,"_jetpack_newsletter_tier_id":0,"_jetpack_memberships_contains_paywalled_content":false,"_jetpack_feature_clip_id":0,"_jetpack_memberships_contains_paid_content":false,"footnotes":"","jetpack_post_was_ever_published":false},"categories":[26],"tags":[],"class_list":["post-53206","post","type-post","status-publish","format-standard","has-post-thumbnail","hentry","category-geral"],"aioseo_notices":[],"aioseo_head":"\n\t\t<!-- All in One SEO 5.0.1.1 - aioseo.com -->\n\t<meta name=\"robots\" content=\"max-image-preview:large\" \/>\n\t<meta name=\"author\" content=\"da Reda\u00e7\u00e3o\"\/>\n\t<link rel=\"canonical\" href=\"https:\/\/www.jornalja.com.br\/arquivo\/justica-mantem-suspenso-investimento-imobiliario-na-fazenda-do-arado\/\" \/>\n\t<meta name=\"generator\" content=\"All in One SEO (AIOSEO) 5.0.1.1\" \/>\n\t\t<meta property=\"og:locale\" content=\"pt_BR\" \/>\n\t\t<meta property=\"og:site_name\" content=\"Arquivo | Jornal J\u00c1 | Porto Alegre\" \/>\n\t\t<meta property=\"og:type\" content=\"article\" \/>\n\t\t<meta property=\"og:title\" content=\"Justi\u00e7a mant\u00e9m suspenso investimento imobili\u00e1rio na Fazenda do Arado | Arquivo\" \/>\n\t\t<meta property=\"og:url\" content=\"https:\/\/www.jornalja.com.br\/arquivo\/justica-mantem-suspenso-investimento-imobiliario-na-fazenda-do-arado\/\" \/>\n\t\t<meta property=\"og:image\" content=\"https:\/\/www.jornalja.com.br\/wp-content\/uploads\/2017\/08\/dsc_0972-e1471399958352.jpg\" \/>\n\t\t<meta property=\"og:image:secure_url\" content=\"https:\/\/www.jornalja.com.br\/wp-content\/uploads\/2017\/08\/dsc_0972-e1471399958352.jpg\" \/>\n\t\t<meta property=\"article:published_time\" content=\"2017-08-10T22:49:28+00:00\" \/>\n\t\t<meta property=\"article:modified_time\" content=\"2017-08-10T22:49:28+00:00\" \/>\n\t\t<meta name=\"twitter:card\" content=\"summary\" \/>\n\t\t<meta name=\"twitter:title\" content=\"Justi\u00e7a mant\u00e9m suspenso investimento imobili\u00e1rio na Fazenda do Arado | Arquivo\" \/>\n\t\t<meta name=\"twitter:image\" content=\"https:\/\/www.jornalja.com.br\/economics\/wp-content\/uploads\/sites\/11\/2026\/08\/ja-folhaderosto-facebook.jpg\" \/>\n\t\t<script type=\"application\/ld+json\" class=\"aioseo-schema\">\n\t\t\t{\"@context\":\"https:\\\/\\\/schema.org\",\"@graph\":[{\"@type\":\"BlogPosting\",\"@id\":\"https:\\\/\\\/www.jornalja.com.br\\\/arquivo\\\/justica-mantem-suspenso-investimento-imobiliario-na-fazenda-do-arado\\\/#blogposting\",\"name\":\"Justi\\u00e7a mant\\u00e9m suspenso investimento imobili\\u00e1rio na Fazenda do Arado | Arquivo\",\"headline\":\"Justi\\u00e7a mant\\u00e9m suspenso investimento imobili\\u00e1rio na Fazenda do Arado\",\"author\":{\"@id\":\"https:\\\/\\\/www.jornalja.com.br\\\/arquivo\\\/author\\\/daredacao\\\/#author\"},\"publisher\":{\"@id\":\"https:\\\/\\\/www.jornalja.com.br\\\/arquivo\\\/#organization\"},\"image\":{\"@type\":\"ImageObject\",\"url\":41247},\"datePublished\":\"2017-08-10T19:49:28-03:00\",\"dateModified\":\"2017-08-10T19:49:28-03:00\",\"inLanguage\":\"pt-BR\",\"mainEntityOfPage\":{\"@id\":\"https:\\\/\\\/www.jornalja.com.br\\\/arquivo\\\/justica-mantem-suspenso-investimento-imobiliario-na-fazenda-do-arado\\\/#webpage\"},\"isPartOf\":{\"@id\":\"https:\\\/\\\/www.jornalja.com.br\\\/arquivo\\\/justica-mantem-suspenso-investimento-imobiliario-na-fazenda-do-arado\\\/#webpage\"},\"articleSection\":\"Geral\"},{\"@type\":\"BreadcrumbList\",\"@id\":\"https:\\\/\\\/www.jornalja.com.br\\\/arquivo\\\/justica-mantem-suspenso-investimento-imobiliario-na-fazenda-do-arado\\\/#breadcrumblist\",\"itemListElement\":[{\"@type\":\"ListItem\",\"@id\":\"https:\\\/\\\/www.jornalja.com.br\\\/arquivo#listItem\",\"position\":1,\"name\":\"Home\",\"item\":\"https:\\\/\\\/www.jornalja.com.br\\\/arquivo\",\"nextItem\":{\"@type\":\"ListItem\",\"@id\":\"https:\\\/\\\/www.jornalja.com.br\\\/arquivo\\\/category\\\/geral\\\/#listItem\",\"name\":\"Geral\"}},{\"@type\":\"ListItem\",\"@id\":\"https:\\\/\\\/www.jornalja.com.br\\\/arquivo\\\/category\\\/geral\\\/#listItem\",\"position\":2,\"name\":\"Geral\",\"item\":\"https:\\\/\\\/www.jornalja.com.br\\\/arquivo\\\/category\\\/geral\\\/\",\"nextItem\":{\"@type\":\"ListItem\",\"@id\":\"https:\\\/\\\/www.jornalja.com.br\\\/arquivo\\\/justica-mantem-suspenso-investimento-imobiliario-na-fazenda-do-arado\\\/#listItem\",\"name\":\"Justi\\u00e7a mant\\u00e9m suspenso investimento imobili\\u00e1rio na Fazenda do Arado\"},\"previousItem\":{\"@type\":\"ListItem\",\"@id\":\"https:\\\/\\\/www.jornalja.com.br\\\/arquivo#listItem\",\"name\":\"Home\"}},{\"@type\":\"ListItem\",\"@id\":\"https:\\\/\\\/www.jornalja.com.br\\\/arquivo\\\/justica-mantem-suspenso-investimento-imobiliario-na-fazenda-do-arado\\\/#listItem\",\"position\":3,\"name\":\"Justi\\u00e7a mant\\u00e9m suspenso investimento imobili\\u00e1rio na Fazenda do Arado\",\"previousItem\":{\"@type\":\"ListItem\",\"@id\":\"https:\\\/\\\/www.jornalja.com.br\\\/arquivo\\\/category\\\/geral\\\/#listItem\",\"name\":\"Geral\"}}]},{\"@type\":\"Organization\",\"@id\":\"https:\\\/\\\/www.jornalja.com.br\\\/arquivo\\\/#organization\",\"name\":\"Jornal J\\u00c1\",\"description\":\"Jornal J\\u00c1 | Porto Alegre\",\"url\":\"https:\\\/\\\/www.jornalja.com.br\\\/arquivo\\\/\",\"telephone\":\"+555133307272\",\"logo\":{\"@type\":\"ImageObject\",\"url\":\"https:\\\/\\\/www.jornalja.com.br\\\/wp-content\\\/uploads\\\/cards\\\/JAslogan.png\",\"@id\":\"https:\\\/\\\/www.jornalja.com.br\\\/arquivo\\\/justica-mantem-suspenso-investimento-imobiliario-na-fazenda-do-arado\\\/#organizationLogo\"},\"image\":{\"@id\":\"https:\\\/\\\/www.jornalja.com.br\\\/arquivo\\\/justica-mantem-suspenso-investimento-imobiliario-na-fazenda-do-arado\\\/#organizationLogo\"}},{\"@type\":\"Person\",\"@id\":\"https:\\\/\\\/www.jornalja.com.br\\\/arquivo\\\/author\\\/daredacao\\\/#author\",\"url\":\"https:\\\/\\\/www.jornalja.com.br\\\/arquivo\\\/author\\\/daredacao\\\/\",\"name\":\"da Reda\\u00e7\\u00e3o\",\"image\":{\"@type\":\"ImageObject\",\"@id\":\"https:\\\/\\\/www.jornalja.com.br\\\/arquivo\\\/justica-mantem-suspenso-investimento-imobiliario-na-fazenda-do-arado\\\/#authorImage\",\"url\":\"https:\\\/\\\/secure.gravatar.com\\\/avatar\\\/469fd857d6605ad19919d27ed29d35a968a25f6e8fd9318356bbb7f57aae9c65?s=96&d=mm&r=g\",\"width\":96,\"height\":96,\"caption\":\"da Reda\\u00e7\\u00e3o\"}},{\"@type\":\"WebPage\",\"@id\":\"https:\\\/\\\/www.jornalja.com.br\\\/arquivo\\\/justica-mantem-suspenso-investimento-imobiliario-na-fazenda-do-arado\\\/#webpage\",\"url\":\"https:\\\/\\\/www.jornalja.com.br\\\/arquivo\\\/justica-mantem-suspenso-investimento-imobiliario-na-fazenda-do-arado\\\/\",\"name\":\"Justi\\u00e7a mant\\u00e9m suspenso investimento imobili\\u00e1rio na Fazenda do Arado | Arquivo\",\"inLanguage\":\"pt-BR\",\"isPartOf\":{\"@id\":\"https:\\\/\\\/www.jornalja.com.br\\\/arquivo\\\/#website\"},\"breadcrumb\":{\"@id\":\"https:\\\/\\\/www.jornalja.com.br\\\/arquivo\\\/justica-mantem-suspenso-investimento-imobiliario-na-fazenda-do-arado\\\/#breadcrumblist\"},\"author\":{\"@id\":\"https:\\\/\\\/www.jornalja.com.br\\\/arquivo\\\/author\\\/daredacao\\\/#author\"},\"creator\":{\"@id\":\"https:\\\/\\\/www.jornalja.com.br\\\/arquivo\\\/author\\\/daredacao\\\/#author\"},\"image\":{\"@type\":\"ImageObject\",\"url\":41247,\"@id\":\"https:\\\/\\\/www.jornalja.com.br\\\/arquivo\\\/justica-mantem-suspenso-investimento-imobiliario-na-fazenda-do-arado\\\/#mainImage\"},\"primaryImageOfPage\":{\"@id\":\"https:\\\/\\\/www.jornalja.com.br\\\/arquivo\\\/justica-mantem-suspenso-investimento-imobiliario-na-fazenda-do-arado\\\/#mainImage\"},\"datePublished\":\"2017-08-10T19:49:28-03:00\",\"dateModified\":\"2017-08-10T19:49:28-03:00\"},{\"@type\":\"WebSite\",\"@id\":\"https:\\\/\\\/www.jornalja.com.br\\\/arquivo\\\/#website\",\"url\":\"https:\\\/\\\/www.jornalja.com.br\\\/arquivo\\\/\",\"name\":\"Arquivo\",\"description\":\"Jornal J\\u00c1 | Porto Alegre\",\"inLanguage\":\"pt-BR\",\"publisher\":{\"@id\":\"https:\\\/\\\/www.jornalja.com.br\\\/arquivo\\\/#organization\"}}]}\n\t\t<\/script>\n\t\t<!-- All in One SEO -->\n\n","aioseo_head_json":{"title":"Justi\u00e7a mant\u00e9m suspenso investimento imobili\u00e1rio na Fazenda do Arado | Arquivo","description":"","canonical_url":"https:\/\/www.jornalja.com.br\/arquivo\/justica-mantem-suspenso-investimento-imobiliario-na-fazenda-do-arado\/","robots":"max-image-preview:large","keywords":"","webmasterTools":{"miscellaneous":""},"schema":{"@context":"https:\/\/schema.org","@graph":[{"@type":"BlogPosting","@id":"https:\/\/www.jornalja.com.br\/arquivo\/justica-mantem-suspenso-investimento-imobiliario-na-fazenda-do-arado\/#blogposting","name":"Justi\u00e7a mant\u00e9m suspenso investimento imobili\u00e1rio na Fazenda do Arado | Arquivo","headline":"Justi\u00e7a mant\u00e9m suspenso investimento imobili\u00e1rio na Fazenda do Arado","author":{"@id":"https:\/\/www.jornalja.com.br\/arquivo\/author\/daredacao\/#author"},"publisher":{"@id":"https:\/\/www.jornalja.com.br\/arquivo\/#organization"},"image":{"@type":"ImageObject","url":41247},"datePublished":"2017-08-10T19:49:28-03:00","dateModified":"2017-08-10T19:49:28-03:00","inLanguage":"pt-BR","mainEntityOfPage":{"@id":"https:\/\/www.jornalja.com.br\/arquivo\/justica-mantem-suspenso-investimento-imobiliario-na-fazenda-do-arado\/#webpage"},"isPartOf":{"@id":"https:\/\/www.jornalja.com.br\/arquivo\/justica-mantem-suspenso-investimento-imobiliario-na-fazenda-do-arado\/#webpage"},"articleSection":"Geral"},{"@type":"BreadcrumbList","@id":"https:\/\/www.jornalja.com.br\/arquivo\/justica-mantem-suspenso-investimento-imobiliario-na-fazenda-do-arado\/#breadcrumblist","itemListElement":[{"@type":"ListItem","@id":"https:\/\/www.jornalja.com.br\/arquivo#listItem","position":1,"name":"Home","item":"https:\/\/www.jornalja.com.br\/arquivo","nextItem":{"@type":"ListItem","@id":"https:\/\/www.jornalja.com.br\/arquivo\/category\/geral\/#listItem","name":"Geral"}},{"@type":"ListItem","@id":"https:\/\/www.jornalja.com.br\/arquivo\/category\/geral\/#listItem","position":2,"name":"Geral","item":"https:\/\/www.jornalja.com.br\/arquivo\/category\/geral\/","nextItem":{"@type":"ListItem","@id":"https:\/\/www.jornalja.com.br\/arquivo\/justica-mantem-suspenso-investimento-imobiliario-na-fazenda-do-arado\/#listItem","name":"Justi\u00e7a mant\u00e9m suspenso investimento imobili\u00e1rio na Fazenda do Arado"},"previousItem":{"@type":"ListItem","@id":"https:\/\/www.jornalja.com.br\/arquivo#listItem","name":"Home"}},{"@type":"ListItem","@id":"https:\/\/www.jornalja.com.br\/arquivo\/justica-mantem-suspenso-investimento-imobiliario-na-fazenda-do-arado\/#listItem","position":3,"name":"Justi\u00e7a mant\u00e9m suspenso investimento imobili\u00e1rio na Fazenda do Arado","previousItem":{"@type":"ListItem","@id":"https:\/\/www.jornalja.com.br\/arquivo\/category\/geral\/#listItem","name":"Geral"}}]},{"@type":"Organization","@id":"https:\/\/www.jornalja.com.br\/arquivo\/#organization","name":"Jornal J\u00c1","description":"Jornal J\u00c1 | Porto Alegre","url":"https:\/\/www.jornalja.com.br\/arquivo\/","telephone":"+555133307272","logo":{"@type":"ImageObject","url":"https:\/\/www.jornalja.com.br\/wp-content\/uploads\/cards\/JAslogan.png","@id":"https:\/\/www.jornalja.com.br\/arquivo\/justica-mantem-suspenso-investimento-imobiliario-na-fazenda-do-arado\/#organizationLogo"},"image":{"@id":"https:\/\/www.jornalja.com.br\/arquivo\/justica-mantem-suspenso-investimento-imobiliario-na-fazenda-do-arado\/#organizationLogo"}},{"@type":"Person","@id":"https:\/\/www.jornalja.com.br\/arquivo\/author\/daredacao\/#author","url":"https:\/\/www.jornalja.com.br\/arquivo\/author\/daredacao\/","name":"da Reda\u00e7\u00e3o","image":{"@type":"ImageObject","@id":"https:\/\/www.jornalja.com.br\/arquivo\/justica-mantem-suspenso-investimento-imobiliario-na-fazenda-do-arado\/#authorImage","url":"https:\/\/secure.gravatar.com\/avatar\/469fd857d6605ad19919d27ed29d35a968a25f6e8fd9318356bbb7f57aae9c65?s=96&d=mm&r=g","width":96,"height":96,"caption":"da Reda\u00e7\u00e3o"}},{"@type":"WebPage","@id":"https:\/\/www.jornalja.com.br\/arquivo\/justica-mantem-suspenso-investimento-imobiliario-na-fazenda-do-arado\/#webpage","url":"https:\/\/www.jornalja.com.br\/arquivo\/justica-mantem-suspenso-investimento-imobiliario-na-fazenda-do-arado\/","name":"Justi\u00e7a mant\u00e9m suspenso investimento imobili\u00e1rio na Fazenda do Arado | Arquivo","inLanguage":"pt-BR","isPartOf":{"@id":"https:\/\/www.jornalja.com.br\/arquivo\/#website"},"breadcrumb":{"@id":"https:\/\/www.jornalja.com.br\/arquivo\/justica-mantem-suspenso-investimento-imobiliario-na-fazenda-do-arado\/#breadcrumblist"},"author":{"@id":"https:\/\/www.jornalja.com.br\/arquivo\/author\/daredacao\/#author"},"creator":{"@id":"https:\/\/www.jornalja.com.br\/arquivo\/author\/daredacao\/#author"},"image":{"@type":"ImageObject","url":41247,"@id":"https:\/\/www.jornalja.com.br\/arquivo\/justica-mantem-suspenso-investimento-imobiliario-na-fazenda-do-arado\/#mainImage"},"primaryImageOfPage":{"@id":"https:\/\/www.jornalja.com.br\/arquivo\/justica-mantem-suspenso-investimento-imobiliario-na-fazenda-do-arado\/#mainImage"},"datePublished":"2017-08-10T19:49:28-03:00","dateModified":"2017-08-10T19:49:28-03:00"},{"@type":"WebSite","@id":"https:\/\/www.jornalja.com.br\/arquivo\/#website","url":"https:\/\/www.jornalja.com.br\/arquivo\/","name":"Arquivo","description":"Jornal J\u00c1 | Porto Alegre","inLanguage":"pt-BR","publisher":{"@id":"https:\/\/www.jornalja.com.br\/arquivo\/#organization"}}]},"og:locale":"pt_BR","og:site_name":"Arquivo | Jornal J\u00c1 | Porto Alegre","og:type":"article","og:title":"Justi\u00e7a mant\u00e9m suspenso investimento imobili\u00e1rio na Fazenda do Arado | Arquivo","og:url":"https:\/\/www.jornalja.com.br\/arquivo\/justica-mantem-suspenso-investimento-imobiliario-na-fazenda-do-arado\/","og:image":"https:\/\/www.jornalja.com.br\/wp-content\/uploads\/2017\/08\/dsc_0972-e1471399958352.jpg","og:image:secure_url":"https:\/\/www.jornalja.com.br\/wp-content\/uploads\/2017\/08\/dsc_0972-e1471399958352.jpg","article:published_time":"2017-08-10T22:49:28+00:00","article:modified_time":"2017-08-10T22:49:28+00:00","twitter:card":"summary","twitter:title":"Justi\u00e7a mant\u00e9m suspenso investimento imobili\u00e1rio na Fazenda do Arado | Arquivo","twitter:image":"https:\/\/www.jornalja.com.br\/economics\/wp-content\/uploads\/sites\/11\/2026\/08\/ja-folhaderosto-facebook.jpg"},"aioseo_meta_data":{"post_id":"53206","title":null,"description":null,"keywords":null,"keyphrases":null,"primary_term":null,"canonical_url":null,"og_title":null,"og_description":null,"og_object_type":"default","og_image_type":"default","og_image_url":null,"og_image_width":null,"og_image_height":null,"og_image_custom_url":null,"og_image_custom_fields":null,"og_video":null,"og_custom_url":null,"og_article_section":null,"og_article_tags":null,"twitter_use_og":false,"twitter_card":"default","twitter_image_type":"default","twitter_image_url":null,"twitter_image_custom_url":null,"twitter_image_custom_fields":null,"twitter_title":null,"twitter_description":null,"schema":{"blockGraphs":[],"customGraphs":[],"default":{"data":{"Article":[],"Course":[],"Dataset":[],"FAQPage":[],"Movie":[],"Person":[],"Product":[],"ProductReview":[],"Car":[],"Recipe":[],"Service":[],"SoftwareApplication":[],"WebPage":[]},"graphName":"","isEnabled":true},"graphs":[],"defaultGraph":"","defaultPostTypeGraph":""},"schema_type":null,"schema_type_options":null,"pillar_content":false,"robots_default":true,"robots_noindex":false,"robots_noarchive":false,"robots_nosnippet":false,"robots_nofollow":false,"robots_noimageindex":false,"robots_noodp":false,"robots_notranslate":false,"robots_max_snippet":null,"robots_max_videopreview":null,"robots_max_imagepreview":"large","priority":null,"frequency":null,"location":null,"local_seo":null,"breadcrumb_settings":null,"limit_modified_date":false,"ai":null,"created":"2020-12-20 20:26:59","updated":"2025-07-20 00:11:27","seo_analyzer_scan_date":null,"focus_keyword":null,"additional_keywords":null,"truseo_locale":null},"jetpack_sharing_enabled":true,"jetpack-related-posts":[{"id":13240,"url":"https:\/\/www.jornalja.com.br\/arquivo\/plano-diretor-estamos-construindo-o-caos\/","url_meta":{"origin":53206,"position":0},"title":"Plano diretor: &quot;Estamos construindo o caos&quot;","author":"Patr\u00edcia Marini","date":"26 de maio de 2014","format":false,"excerpt":"Desabafo que arquiteta Eliana Castilhos, delegada da Regi\u00e3o de Planejamento 1, postou nas redes sociais \u00e9 um testemunho do ambiente que se criou no Conselho do Plano Diretor de Porto Alegre, onde a aprova\u00e7\u00e3o de grandes empreendimentos \u00e9 empurrada guela abaixo dos conselheiros. Ao CMDUA Como delegada da Regi\u00e3o de\u2026","rel":"","context":"Em &quot;Geral&quot;","block_context":{"text":"Geral","link":"https:\/\/www.jornalja.com.br\/arquivo\/category\/geral\/"},"img":{"alt_text":"","src":"","width":0,"height":0},"classes":[]},{"id":13101,"url":"https:\/\/www.jornalja.com.br\/arquivo\/morre-um-guerreiro-do-texto\/","url_meta":{"origin":53206,"position":1},"title":"Morre um guerreiro do texto","author":"Patr\u00edcia Marini","date":"14 de maio de 2014","format":false,"excerpt":"Por Ricardo Kotscho Reproduzido do blog do autor, 11\/5\/2014; t\u00edtulo original \u201cE l\u00e1 se foi o nosso Myltainho, guerreiro do texto\u201d. Mi\u00fado e franzino, meu amigo Myltainho era um valente e inconformado guerreiro na luta contra as injusti\u00e7as sociais, a hipocrisia, as maracutaias, o autoritarismo, a intoler\u00e2ncia, a viol\u00eancia, o\u2026","rel":"","context":"Em &quot;Geral&quot;","block_context":{"text":"Geral","link":"https:\/\/www.jornalja.com.br\/arquivo\/category\/geral\/"},"img":{"alt_text":"","src":"","width":0,"height":0},"classes":[]},{"id":13109,"url":"https:\/\/www.jornalja.com.br\/arquivo\/judiciario-reconhece-poluicao-eletromagnetica\/","url_meta":{"origin":53206,"position":2},"title":"Judici\u00e1rio reconhece polui\u00e7\u00e3o eletromagn\u00e9tica","author":"Patr\u00edcia Marini","date":"16 de maio de 2014","format":false,"excerpt":"A\u00e7\u00e3o de duas associa\u00e7\u00f5es de moradores foi acolhida pelo Tribunal de Justi\u00e7a de S\u00e3o Paulo que. em decis\u00e3o in\u00e9dita, determinou a redu\u00e7\u00e3o do campo eletromagn\u00e9tico gerado pelas linhas de transmiss\u00e3o de energia que cortam os bairros City Boa\u00e7ava e Alto de Pinheiros. \u00c9 a primeira vez que um tribunal do\u2026","rel":"","context":"Em &quot;X.Categorias velhas&quot;","block_context":{"text":"X.Categorias velhas","link":"https:\/\/www.jornalja.com.br\/arquivo\/category\/x-categorias-velhas\/"},"img":{"alt_text":"","src":"","width":0,"height":0},"classes":[]},{"id":13124,"url":"https:\/\/www.jornalja.com.br\/arquivo\/sangue-latino-no-iecine\/","url_meta":{"origin":53206,"position":3},"title":"Sangue latino no IECINE","author":"da Reda\u00e7\u00e3o","date":"18 de maio de 2014","format":false,"excerpt":"Francisco Ribeiro O Instituto Estadual de Cinema (IECINE) tem a frente, desde abril \u00faltimo, um novo diretor, o cineasta colombiano Juan Zapata, 36, que substitui Luiz Alberto Cassol. Radicado h\u00e1 dez anos em Porto Alegre, Zapata tem diante de si o desafio de conduzir at\u00e9 o final do ano um\u2026","rel":"","context":"Em &quot;Cultura-Geral&quot;","block_context":{"text":"Cultura-Geral","link":"https:\/\/www.jornalja.com.br\/arquivo\/category\/materiasecundaria\/"},"img":{"alt_text":"","src":"","width":0,"height":0},"classes":[]},{"id":13239,"url":"https:\/\/www.jornalja.com.br\/arquivo\/conselho-desdenha-do-plano-diretor\/","url_meta":{"origin":53206,"position":4},"title":"Porto Alegre: Conselho detona Plano Diretor","author":"Patr\u00edcia Marini","date":"25 de maio de 2014","format":false,"excerpt":"Den\u00fancia do arquiteto e \u00a0urbanista Ibir\u00e1 Santos Lucas. Ele diz que os conselheiros est\u00e3o votando com \"enorme irresponsabilidade\". \"Mudam regime com a maior naturalidade,,,regularizam absurdos de constru\u00e7\u00f5es irregulares... \"O CMDUA est\u00e1 flexibilizando a lei do plano diretor, de uma forma impactante na vida da cidade. Mudam regime com a maior\u2026","rel":"","context":"Em &quot;Geral&quot;","block_context":{"text":"Geral","link":"https:\/\/www.jornalja.com.br\/arquivo\/category\/geral\/"},"img":{"alt_text":"","src":"","width":0,"height":0},"classes":[]},{"id":5440,"url":"https:\/\/www.jornalja.com.br\/arquivo\/casarao-da-venancio-destino-permanece-incerto\/","url_meta":{"origin":53206,"position":5},"title":"Estado ainda n\u00e3o sabe o que fazer com casar\u00e3o abandonado h\u00e1 20 anos","author":"Elmar Bones","date":"6 de julho de 2009","format":false,"excerpt":"O casar\u00e3o amarelo, numa esquina nobre de Porto Alegre (Ven\u00e2ncio Aires com Jo\u00e3o Pessoa), j\u00e1 abrigou uma escola. H\u00e1 duas d\u00e9cadas, pelo menos, est\u00e1 abandonado, porque seu propriet\u00e1rio, o governo do Estado do Rio Grande do Sul, n\u00e3o consegue achar um destino para ele. Planos n\u00e3o faltaram. O governador Ol\u00edvio\u2026","rel":"","context":"Em &quot;X.Categorias velhas&quot;","block_context":{"text":"X.Categorias velhas","link":"https:\/\/www.jornalja.com.br\/arquivo\/category\/x-categorias-velhas\/"},"img":{"alt_text":"geraldo1","src":"https:\/\/i0.wp.com\/www.jornalja.com.br\/wp-content\/uploads\/2009\/07\/geraldo1.jpg?resize=350%2C200&ssl=1","width":350,"height":200},"classes":[]}],"jetpack_shortlink":"https:\/\/wp.me\/pbQjBd-dQa","jetpack_featured_media_url":"","_links":{"self":[{"href":"https:\/\/www.jornalja.com.br\/arquivo\/wp-json\/wp\/v2\/posts\/53206","targetHints":{"allow":["GET"]}}],"collection":[{"href":"https:\/\/www.jornalja.com.br\/arquivo\/wp-json\/wp\/v2\/posts"}],"about":[{"href":"https:\/\/www.jornalja.com.br\/arquivo\/wp-json\/wp\/v2\/types\/post"}],"author":[{"embeddable":true,"href":"https:\/\/www.jornalja.com.br\/arquivo\/wp-json\/wp\/v2\/users\/4"}],"replies":[{"embeddable":true,"href":"https:\/\/www.jornalja.com.br\/arquivo\/wp-json\/wp\/v2\/comments?post=53206"}],"version-history":[{"count":0,"href":"https:\/\/www.jornalja.com.br\/arquivo\/wp-json\/wp\/v2\/posts\/53206\/revisions"}],"wp:attachment":[{"href":"https:\/\/www.jornalja.com.br\/arquivo\/wp-json\/wp\/v2\/media?parent=53206"}],"wp:term":[{"taxonomy":"category","embeddable":true,"href":"https:\/\/www.jornalja.com.br\/arquivo\/wp-json\/wp\/v2\/categories?post=53206"},{"taxonomy":"post_tag","embeddable":true,"href":"https:\/\/www.jornalja.com.br\/arquivo\/wp-json\/wp\/v2\/tags?post=53206"}],"curies":[{"name":"wp","href":"https:\/\/api.w.org\/{rel}","templated":true}]}}