{"id":53207,"date":"2017-08-10T18:21:27","date_gmt":"2017-08-10T21:21:27","guid":{"rendered":"https:\/\/www.jornalja.com.br\/?p=53207"},"modified":"2017-08-10T18:21:27","modified_gmt":"2017-08-10T21:21:27","slug":"servidores-e-comunidade-defendem-laboratorio-no-postao-da-cruzeiro","status":"publish","type":"post","link":"https:\/\/www.jornalja.com.br\/arquivo\/servidores-e-comunidade-defendem-laboratorio-no-postao-da-cruzeiro\/","title":{"rendered":"Servidores e comunidade defendem laborat\u00f3rio no Post\u00e3o da Cruzeiro"},"content":{"rendered":"<p>Servidores do Laborat\u00f3rio Central de Sa\u00fade P\u00fablica de Porto Alegre e moradores da Vila Cruzeiro do Sul estiveram hoje na C\u00e2mara Municipal para defender a manuten\u00e7\u00e3o da central de exames, que funciona desde 1995 junto \u00e0 Unidade de Pronto Atendimento do local. \u00c9 uma rea\u00e7\u00e3o ao an\u00fancio da Secretaria Municipal da Sa\u00fade que estuda a possibilidade de transferir o laborat\u00f3rio para o Hospital Materno Infantil Presidente Vargas (HMIPV).<br \/>\nOcuparam a Tribuna Popular da CMPA o t\u00e9cnico de laborat\u00f3rio Flavio Feliciano e o coordenador do Or\u00e7amento Participativo da Grande Cruzeiro, Michael Santos. Feliciano disse que \u00e9 falso o argumento da Prefeitura de que seria ampliado a produ\u00e7\u00e3o de exames caso o laborat\u00f3rio seja transferido para o HPV.<br \/>\n<figure id=\"attachment_53222\" aria-describedby=\"caption-attachment-53222\" style=\"width: 1150px\" class=\"wp-caption alignnone\"><img loading=\"lazy\" decoding=\"async\" class=\"wp-image-53222 size-full\" src=\"https:\/\/www.jornalja.com.br\/wp-content\/uploads\/2017\/08\/LOC_1958.jpg\" alt=\"\" width=\"1150\" height=\"766\" \/><figcaption id=\"caption-attachment-53222\" class=\"wp-caption-text\">Na mesa da C\u00e2mara (esq p\/dir.), Fl\u00e1vio Feliciano, Adeli Sell e Michael dos Santos<\/figcaption><\/figure><br \/>\n&#8220;Est\u00e3o faltando com a verdade, assim como mentem quando dizem que o laborat\u00f3rio central produz apenas seis mil exames, quando, na verdade, produzimos em m\u00e9dia\u00a020 mil, por m\u00eas&#8221;, disse, ressaltando que h\u00e1 potencial para mais 10 mil exames.<br \/>\nEle lembrou que em 2011 os servi\u00e7os foram transferidos para o laborat\u00f3rio da Faculdade de Farm\u00e1cia da Ufrgs, mas, em 2015, o laborat\u00f3rio do Post\u00e3o foi reativado.<br \/>\nFeliciano tamb\u00e9m refutou o argumento da Prefeitura de que ir\u00e1 manter no Post\u00e3o da Cruzeiro o servi\u00e7o de coleta dos exames. &#8220;J\u00e1 vimos o que aconteceu na Bom Jesus, onde eles fecharam o laborat\u00f3rio e, mais adiante, acabaram com a coleta &#8220;, lembrou o servidor. Ele pediu apoio dos vereadores para criar um grupo de trabalho a fim de construir uma pol\u00edtica ambulatorial para o munic\u00edpio.<br \/>\nMichael, representante do OP, disse que a transfer\u00eancia do laborat\u00f3rio causaria muitos preju\u00edzos \u00e0 comunidade local. &#8220;Os moradores j\u00e1 sofrem com a inseguran\u00e7a e transporte caro, e ainda teriam mais dificuldades em se deslocar, talvez, para realizar exames, ou esperar v\u00e1rios dias para receber os resultados&#8221;, enfatizou.<br \/>\nEntre os servidores presentes na C\u00e2mara, o farmac\u00eautico e bioqu\u00edmico Luiz Eduardo Dorneles, h\u00e1 23 anos no laborat\u00f3rio central, lembrou que, al\u00e9m de atender as demandas de outros centros municipais de sa\u00fade, a unidade do Post\u00e3o da Cruzeiro realiza exames diferenciados.&#8221;O laborat\u00f3rio \u00e9 uma refer\u00eancia no diagn\u00f3stico e acompanhamento de pacientes com tuberculose, HIV, hepatites virais, horm\u00f4nios, al\u00e9m de prestar apoio de diagn\u00f3stico para o Pronto Atendimento da Vila Cruzeiro&#8221;, afirmou.<br \/>\nManifestaram apoio \u00e0 manuten\u00e7\u00e3o do Laborat\u00f3rio Central de Sa\u00fade na Vila Cruzeiro os vereadores\u00a0Adeli Sell (PT),\u00a0Andr\u00e9 Car\u00fas (PMDB), Fernanda Melchionna (PSol), \u00a0Aldacir Oliboni (PT), Roberto Robaina (PSOL) e Dr. Thiago Duarte (DEM).<br \/>\nAdeli\u00a0garantiu que o movimento em prol da continuidade do laborat\u00f3rio envolve v\u00e1rias bancadas da C\u00e2mara e solicitou que as notas taquigr\u00e1ficas da sess\u00e3o sejam enviadas ao secret\u00e1rio municipal da Sa\u00fade, Erno Harzheim. \u201cAlgumas reestrutura\u00e7\u00f5es devem ser feitas, mas nem tudo pode mudar\u201d, ponderou. Adeli sugeriu a cria\u00e7\u00e3o de um movimento que defenda a centraliza\u00e7\u00e3o de atendimentos no PAM 3. \u201cA necessidade atual \u00e9 de ampliar e qualificar o servi\u00e7o do laborat\u00f3rio\u201d, afirmou. O parlamentar tamb\u00e9m enfatizou que o prefeito municipal deve estar \u201caberto ao di\u00e1logo\u201d.<br \/>\nCar\u00fas disse que j\u00e1 visitou o Pronto Atendimento Cruzeiro do Sul quatro vezes neste ano para verificar as condi\u00e7\u00f5es de trabalho e de atendimento. \u201cAs prioridades apresentadas durante o processo eleitoral viraram sup\u00e9rfluas\u201d, declarou. Segundo o vereador, o governo municipal \u201cesqueceu\u201d as promessas de campanha. \u201cO povo n\u00e3o aguenta mais pagar a conta dessa crise \u00e9tica e politica\u201d, afirmou. Para o parlamentar, o investimento em \u00e1reas priorit\u00e1rias n\u00e3o est\u00e1 acontecendo. \u201cApelo para o bom senso do competente secret\u00e1rio Erno Harzheim, (da Sa\u00fade), que \u00e9 uma pessoa aberta ao di\u00e1logo\u201d, completou o vereador.<\/p>\n","protected":false},"excerpt":{"rendered":"<p>Servidores do Laborat\u00f3rio Central de Sa\u00fade P\u00fablica de Porto Alegre e moradores da Vila Cruzeiro do Sul estiveram hoje na C\u00e2mara Municipal para defender a manuten\u00e7\u00e3o da central de exames, que funciona desde 1995 junto \u00e0 Unidade de Pronto Atendimento do local. \u00c9 uma rea\u00e7\u00e3o ao an\u00fancio da Secretaria Municipal da Sa\u00fade que estuda a [&hellip;]<\/p>\n","protected":false},"author":4,"featured_media":53220,"comment_status":"open","ping_status":"closed","sticky":false,"template":"","format":"standard","meta":{"_jetpack_newsletter_access":"","_jetpack_dont_email_post_to_subs":false,"_jetpack_newsletter_tier_id":0,"_jetpack_memberships_contains_paywalled_content":false,"_jetpack_feature_clip_id":0,"_jetpack_memberships_contains_paid_content":false,"footnotes":"","jetpack_post_was_ever_published":false},"categories":[26],"tags":[],"class_list":["post-53207","post","type-post","status-publish","format-standard","has-post-thumbnail","hentry","category-geral"],"aioseo_notices":[],"aioseo_head":"\n\t\t<!-- All in One SEO 5.0.1.1 - aioseo.com -->\n\t<meta name=\"robots\" content=\"max-image-preview:large\" \/>\n\t<meta name=\"author\" content=\"da Reda\u00e7\u00e3o\"\/>\n\t<link rel=\"canonical\" href=\"https:\/\/www.jornalja.com.br\/arquivo\/servidores-e-comunidade-defendem-laboratorio-no-postao-da-cruzeiro\/\" \/>\n\t<meta name=\"generator\" content=\"All in One SEO (AIOSEO) 5.0.1.1\" \/>\n\t\t<meta property=\"og:locale\" content=\"pt_BR\" \/>\n\t\t<meta property=\"og:site_name\" content=\"Arquivo | Jornal J\u00c1 | Porto Alegre\" \/>\n\t\t<meta property=\"og:type\" content=\"article\" \/>\n\t\t<meta property=\"og:title\" content=\"Servidores e comunidade defendem laborat\u00f3rio no Post\u00e3o da Cruzeiro | Arquivo\" \/>\n\t\t<meta property=\"og:url\" content=\"https:\/\/www.jornalja.com.br\/arquivo\/servidores-e-comunidade-defendem-laboratorio-no-postao-da-cruzeiro\/\" \/>\n\t\t<meta property=\"og:image\" content=\"https:\/\/www.jornalja.com.br\/wp-content\/uploads\/2017\/08\/LOC_1958.jpg\" \/>\n\t\t<meta property=\"og:image:secure_url\" content=\"https:\/\/www.jornalja.com.br\/wp-content\/uploads\/2017\/08\/LOC_1958.jpg\" \/>\n\t\t<meta property=\"article:published_time\" content=\"2017-08-10T21:21:27+00:00\" \/>\n\t\t<meta property=\"article:modified_time\" content=\"2017-08-10T21:21:27+00:00\" \/>\n\t\t<meta name=\"twitter:card\" content=\"summary\" \/>\n\t\t<meta name=\"twitter:title\" content=\"Servidores e comunidade defendem laborat\u00f3rio no Post\u00e3o da Cruzeiro | Arquivo\" \/>\n\t\t<meta name=\"twitter:image\" content=\"https:\/\/www.jornalja.com.br\/economics\/wp-content\/uploads\/sites\/11\/2026\/08\/ja-folhaderosto-facebook.jpg\" \/>\n\t\t<script type=\"application\/ld+json\" class=\"aioseo-schema\">\n\t\t\t{\"@context\":\"https:\\\/\\\/schema.org\",\"@graph\":[{\"@type\":\"BlogPosting\",\"@id\":\"https:\\\/\\\/www.jornalja.com.br\\\/arquivo\\\/servidores-e-comunidade-defendem-laboratorio-no-postao-da-cruzeiro\\\/#blogposting\",\"name\":\"Servidores e comunidade defendem laborat\\u00f3rio no Post\\u00e3o da Cruzeiro | Arquivo\",\"headline\":\"Servidores e comunidade defendem laborat\\u00f3rio no Post\\u00e3o da Cruzeiro\",\"author\":{\"@id\":\"https:\\\/\\\/www.jornalja.com.br\\\/arquivo\\\/author\\\/daredacao\\\/#author\"},\"publisher\":{\"@id\":\"https:\\\/\\\/www.jornalja.com.br\\\/arquivo\\\/#organization\"},\"image\":{\"@type\":\"ImageObject\",\"url\":53220},\"datePublished\":\"2017-08-10T18:21:27-03:00\",\"dateModified\":\"2017-08-10T18:21:27-03:00\",\"inLanguage\":\"pt-BR\",\"mainEntityOfPage\":{\"@id\":\"https:\\\/\\\/www.jornalja.com.br\\\/arquivo\\\/servidores-e-comunidade-defendem-laboratorio-no-postao-da-cruzeiro\\\/#webpage\"},\"isPartOf\":{\"@id\":\"https:\\\/\\\/www.jornalja.com.br\\\/arquivo\\\/servidores-e-comunidade-defendem-laboratorio-no-postao-da-cruzeiro\\\/#webpage\"},\"articleSection\":\"Geral\"},{\"@type\":\"BreadcrumbList\",\"@id\":\"https:\\\/\\\/www.jornalja.com.br\\\/arquivo\\\/servidores-e-comunidade-defendem-laboratorio-no-postao-da-cruzeiro\\\/#breadcrumblist\",\"itemListElement\":[{\"@type\":\"ListItem\",\"@id\":\"https:\\\/\\\/www.jornalja.com.br\\\/arquivo#listItem\",\"position\":1,\"name\":\"Home\",\"item\":\"https:\\\/\\\/www.jornalja.com.br\\\/arquivo\",\"nextItem\":{\"@type\":\"ListItem\",\"@id\":\"https:\\\/\\\/www.jornalja.com.br\\\/arquivo\\\/category\\\/geral\\\/#listItem\",\"name\":\"Geral\"}},{\"@type\":\"ListItem\",\"@id\":\"https:\\\/\\\/www.jornalja.com.br\\\/arquivo\\\/category\\\/geral\\\/#listItem\",\"position\":2,\"name\":\"Geral\",\"item\":\"https:\\\/\\\/www.jornalja.com.br\\\/arquivo\\\/category\\\/geral\\\/\",\"nextItem\":{\"@type\":\"ListItem\",\"@id\":\"https:\\\/\\\/www.jornalja.com.br\\\/arquivo\\\/servidores-e-comunidade-defendem-laboratorio-no-postao-da-cruzeiro\\\/#listItem\",\"name\":\"Servidores e comunidade defendem laborat\\u00f3rio no Post\\u00e3o da Cruzeiro\"},\"previousItem\":{\"@type\":\"ListItem\",\"@id\":\"https:\\\/\\\/www.jornalja.com.br\\\/arquivo#listItem\",\"name\":\"Home\"}},{\"@type\":\"ListItem\",\"@id\":\"https:\\\/\\\/www.jornalja.com.br\\\/arquivo\\\/servidores-e-comunidade-defendem-laboratorio-no-postao-da-cruzeiro\\\/#listItem\",\"position\":3,\"name\":\"Servidores e comunidade defendem laborat\\u00f3rio no Post\\u00e3o da Cruzeiro\",\"previousItem\":{\"@type\":\"ListItem\",\"@id\":\"https:\\\/\\\/www.jornalja.com.br\\\/arquivo\\\/category\\\/geral\\\/#listItem\",\"name\":\"Geral\"}}]},{\"@type\":\"Organization\",\"@id\":\"https:\\\/\\\/www.jornalja.com.br\\\/arquivo\\\/#organization\",\"name\":\"Jornal J\\u00c1\",\"description\":\"Jornal J\\u00c1 | Porto Alegre\",\"url\":\"https:\\\/\\\/www.jornalja.com.br\\\/arquivo\\\/\",\"telephone\":\"+555133307272\",\"logo\":{\"@type\":\"ImageObject\",\"url\":\"https:\\\/\\\/www.jornalja.com.br\\\/wp-content\\\/uploads\\\/cards\\\/JAslogan.png\",\"@id\":\"https:\\\/\\\/www.jornalja.com.br\\\/arquivo\\\/servidores-e-comunidade-defendem-laboratorio-no-postao-da-cruzeiro\\\/#organizationLogo\"},\"image\":{\"@id\":\"https:\\\/\\\/www.jornalja.com.br\\\/arquivo\\\/servidores-e-comunidade-defendem-laboratorio-no-postao-da-cruzeiro\\\/#organizationLogo\"}},{\"@type\":\"Person\",\"@id\":\"https:\\\/\\\/www.jornalja.com.br\\\/arquivo\\\/author\\\/daredacao\\\/#author\",\"url\":\"https:\\\/\\\/www.jornalja.com.br\\\/arquivo\\\/author\\\/daredacao\\\/\",\"name\":\"da Reda\\u00e7\\u00e3o\",\"image\":{\"@type\":\"ImageObject\",\"@id\":\"https:\\\/\\\/www.jornalja.com.br\\\/arquivo\\\/servidores-e-comunidade-defendem-laboratorio-no-postao-da-cruzeiro\\\/#authorImage\",\"url\":\"https:\\\/\\\/secure.gravatar.com\\\/avatar\\\/469fd857d6605ad19919d27ed29d35a968a25f6e8fd9318356bbb7f57aae9c65?s=96&d=mm&r=g\",\"width\":96,\"height\":96,\"caption\":\"da Reda\\u00e7\\u00e3o\"}},{\"@type\":\"WebPage\",\"@id\":\"https:\\\/\\\/www.jornalja.com.br\\\/arquivo\\\/servidores-e-comunidade-defendem-laboratorio-no-postao-da-cruzeiro\\\/#webpage\",\"url\":\"https:\\\/\\\/www.jornalja.com.br\\\/arquivo\\\/servidores-e-comunidade-defendem-laboratorio-no-postao-da-cruzeiro\\\/\",\"name\":\"Servidores e comunidade defendem laborat\\u00f3rio no Post\\u00e3o da Cruzeiro | Arquivo\",\"inLanguage\":\"pt-BR\",\"isPartOf\":{\"@id\":\"https:\\\/\\\/www.jornalja.com.br\\\/arquivo\\\/#website\"},\"breadcrumb\":{\"@id\":\"https:\\\/\\\/www.jornalja.com.br\\\/arquivo\\\/servidores-e-comunidade-defendem-laboratorio-no-postao-da-cruzeiro\\\/#breadcrumblist\"},\"author\":{\"@id\":\"https:\\\/\\\/www.jornalja.com.br\\\/arquivo\\\/author\\\/daredacao\\\/#author\"},\"creator\":{\"@id\":\"https:\\\/\\\/www.jornalja.com.br\\\/arquivo\\\/author\\\/daredacao\\\/#author\"},\"image\":{\"@type\":\"ImageObject\",\"url\":53220,\"@id\":\"https:\\\/\\\/www.jornalja.com.br\\\/arquivo\\\/servidores-e-comunidade-defendem-laboratorio-no-postao-da-cruzeiro\\\/#mainImage\"},\"primaryImageOfPage\":{\"@id\":\"https:\\\/\\\/www.jornalja.com.br\\\/arquivo\\\/servidores-e-comunidade-defendem-laboratorio-no-postao-da-cruzeiro\\\/#mainImage\"},\"datePublished\":\"2017-08-10T18:21:27-03:00\",\"dateModified\":\"2017-08-10T18:21:27-03:00\"},{\"@type\":\"WebSite\",\"@id\":\"https:\\\/\\\/www.jornalja.com.br\\\/arquivo\\\/#website\",\"url\":\"https:\\\/\\\/www.jornalja.com.br\\\/arquivo\\\/\",\"name\":\"Arquivo\",\"description\":\"Jornal J\\u00c1 | Porto Alegre\",\"inLanguage\":\"pt-BR\",\"publisher\":{\"@id\":\"https:\\\/\\\/www.jornalja.com.br\\\/arquivo\\\/#organization\"}}]}\n\t\t<\/script>\n\t\t<!-- All in One SEO -->\n\n","aioseo_head_json":{"title":"Servidores e comunidade defendem laborat\u00f3rio no Post\u00e3o da Cruzeiro | Arquivo","description":"","canonical_url":"https:\/\/www.jornalja.com.br\/arquivo\/servidores-e-comunidade-defendem-laboratorio-no-postao-da-cruzeiro\/","robots":"max-image-preview:large","keywords":"","webmasterTools":{"miscellaneous":""},"schema":{"@context":"https:\/\/schema.org","@graph":[{"@type":"BlogPosting","@id":"https:\/\/www.jornalja.com.br\/arquivo\/servidores-e-comunidade-defendem-laboratorio-no-postao-da-cruzeiro\/#blogposting","name":"Servidores e comunidade defendem laborat\u00f3rio no Post\u00e3o da Cruzeiro | Arquivo","headline":"Servidores e comunidade defendem laborat\u00f3rio no Post\u00e3o da Cruzeiro","author":{"@id":"https:\/\/www.jornalja.com.br\/arquivo\/author\/daredacao\/#author"},"publisher":{"@id":"https:\/\/www.jornalja.com.br\/arquivo\/#organization"},"image":{"@type":"ImageObject","url":53220},"datePublished":"2017-08-10T18:21:27-03:00","dateModified":"2017-08-10T18:21:27-03:00","inLanguage":"pt-BR","mainEntityOfPage":{"@id":"https:\/\/www.jornalja.com.br\/arquivo\/servidores-e-comunidade-defendem-laboratorio-no-postao-da-cruzeiro\/#webpage"},"isPartOf":{"@id":"https:\/\/www.jornalja.com.br\/arquivo\/servidores-e-comunidade-defendem-laboratorio-no-postao-da-cruzeiro\/#webpage"},"articleSection":"Geral"},{"@type":"BreadcrumbList","@id":"https:\/\/www.jornalja.com.br\/arquivo\/servidores-e-comunidade-defendem-laboratorio-no-postao-da-cruzeiro\/#breadcrumblist","itemListElement":[{"@type":"ListItem","@id":"https:\/\/www.jornalja.com.br\/arquivo#listItem","position":1,"name":"Home","item":"https:\/\/www.jornalja.com.br\/arquivo","nextItem":{"@type":"ListItem","@id":"https:\/\/www.jornalja.com.br\/arquivo\/category\/geral\/#listItem","name":"Geral"}},{"@type":"ListItem","@id":"https:\/\/www.jornalja.com.br\/arquivo\/category\/geral\/#listItem","position":2,"name":"Geral","item":"https:\/\/www.jornalja.com.br\/arquivo\/category\/geral\/","nextItem":{"@type":"ListItem","@id":"https:\/\/www.jornalja.com.br\/arquivo\/servidores-e-comunidade-defendem-laboratorio-no-postao-da-cruzeiro\/#listItem","name":"Servidores e comunidade defendem laborat\u00f3rio no Post\u00e3o da Cruzeiro"},"previousItem":{"@type":"ListItem","@id":"https:\/\/www.jornalja.com.br\/arquivo#listItem","name":"Home"}},{"@type":"ListItem","@id":"https:\/\/www.jornalja.com.br\/arquivo\/servidores-e-comunidade-defendem-laboratorio-no-postao-da-cruzeiro\/#listItem","position":3,"name":"Servidores e comunidade defendem laborat\u00f3rio no Post\u00e3o da Cruzeiro","previousItem":{"@type":"ListItem","@id":"https:\/\/www.jornalja.com.br\/arquivo\/category\/geral\/#listItem","name":"Geral"}}]},{"@type":"Organization","@id":"https:\/\/www.jornalja.com.br\/arquivo\/#organization","name":"Jornal J\u00c1","description":"Jornal J\u00c1 | Porto Alegre","url":"https:\/\/www.jornalja.com.br\/arquivo\/","telephone":"+555133307272","logo":{"@type":"ImageObject","url":"https:\/\/www.jornalja.com.br\/wp-content\/uploads\/cards\/JAslogan.png","@id":"https:\/\/www.jornalja.com.br\/arquivo\/servidores-e-comunidade-defendem-laboratorio-no-postao-da-cruzeiro\/#organizationLogo"},"image":{"@id":"https:\/\/www.jornalja.com.br\/arquivo\/servidores-e-comunidade-defendem-laboratorio-no-postao-da-cruzeiro\/#organizationLogo"}},{"@type":"Person","@id":"https:\/\/www.jornalja.com.br\/arquivo\/author\/daredacao\/#author","url":"https:\/\/www.jornalja.com.br\/arquivo\/author\/daredacao\/","name":"da Reda\u00e7\u00e3o","image":{"@type":"ImageObject","@id":"https:\/\/www.jornalja.com.br\/arquivo\/servidores-e-comunidade-defendem-laboratorio-no-postao-da-cruzeiro\/#authorImage","url":"https:\/\/secure.gravatar.com\/avatar\/469fd857d6605ad19919d27ed29d35a968a25f6e8fd9318356bbb7f57aae9c65?s=96&d=mm&r=g","width":96,"height":96,"caption":"da Reda\u00e7\u00e3o"}},{"@type":"WebPage","@id":"https:\/\/www.jornalja.com.br\/arquivo\/servidores-e-comunidade-defendem-laboratorio-no-postao-da-cruzeiro\/#webpage","url":"https:\/\/www.jornalja.com.br\/arquivo\/servidores-e-comunidade-defendem-laboratorio-no-postao-da-cruzeiro\/","name":"Servidores e comunidade defendem laborat\u00f3rio no Post\u00e3o da Cruzeiro | Arquivo","inLanguage":"pt-BR","isPartOf":{"@id":"https:\/\/www.jornalja.com.br\/arquivo\/#website"},"breadcrumb":{"@id":"https:\/\/www.jornalja.com.br\/arquivo\/servidores-e-comunidade-defendem-laboratorio-no-postao-da-cruzeiro\/#breadcrumblist"},"author":{"@id":"https:\/\/www.jornalja.com.br\/arquivo\/author\/daredacao\/#author"},"creator":{"@id":"https:\/\/www.jornalja.com.br\/arquivo\/author\/daredacao\/#author"},"image":{"@type":"ImageObject","url":53220,"@id":"https:\/\/www.jornalja.com.br\/arquivo\/servidores-e-comunidade-defendem-laboratorio-no-postao-da-cruzeiro\/#mainImage"},"primaryImageOfPage":{"@id":"https:\/\/www.jornalja.com.br\/arquivo\/servidores-e-comunidade-defendem-laboratorio-no-postao-da-cruzeiro\/#mainImage"},"datePublished":"2017-08-10T18:21:27-03:00","dateModified":"2017-08-10T18:21:27-03:00"},{"@type":"WebSite","@id":"https:\/\/www.jornalja.com.br\/arquivo\/#website","url":"https:\/\/www.jornalja.com.br\/arquivo\/","name":"Arquivo","description":"Jornal J\u00c1 | Porto Alegre","inLanguage":"pt-BR","publisher":{"@id":"https:\/\/www.jornalja.com.br\/arquivo\/#organization"}}]},"og:locale":"pt_BR","og:site_name":"Arquivo | Jornal J\u00c1 | Porto Alegre","og:type":"article","og:title":"Servidores e comunidade defendem laborat\u00f3rio no Post\u00e3o da Cruzeiro | Arquivo","og:url":"https:\/\/www.jornalja.com.br\/arquivo\/servidores-e-comunidade-defendem-laboratorio-no-postao-da-cruzeiro\/","og:image":"https:\/\/www.jornalja.com.br\/wp-content\/uploads\/2017\/08\/LOC_1958.jpg","og:image:secure_url":"https:\/\/www.jornalja.com.br\/wp-content\/uploads\/2017\/08\/LOC_1958.jpg","article:published_time":"2017-08-10T21:21:27+00:00","article:modified_time":"2017-08-10T21:21:27+00:00","twitter:card":"summary","twitter:title":"Servidores e comunidade defendem laborat\u00f3rio no Post\u00e3o da Cruzeiro | Arquivo","twitter:image":"https:\/\/www.jornalja.com.br\/economics\/wp-content\/uploads\/sites\/11\/2026\/08\/ja-folhaderosto-facebook.jpg"},"aioseo_meta_data":{"post_id":"53207","title":null,"description":null,"keywords":null,"keyphrases":null,"primary_term":null,"canonical_url":null,"og_title":null,"og_description":null,"og_object_type":"default","og_image_type":"default","og_image_url":null,"og_image_width":null,"og_image_height":null,"og_image_custom_url":null,"og_image_custom_fields":null,"og_video":null,"og_custom_url":null,"og_article_section":null,"og_article_tags":null,"twitter_use_og":false,"twitter_card":"default","twitter_image_type":"default","twitter_image_url":null,"twitter_image_custom_url":null,"twitter_image_custom_fields":null,"twitter_title":null,"twitter_description":null,"schema":{"blockGraphs":[],"customGraphs":[],"default":{"data":{"Article":[],"Course":[],"Dataset":[],"FAQPage":[],"Movie":[],"Person":[],"Product":[],"ProductReview":[],"Car":[],"Recipe":[],"Service":[],"SoftwareApplication":[],"WebPage":[]},"graphName":"","isEnabled":true},"graphs":[],"defaultGraph":"","defaultPostTypeGraph":""},"schema_type":null,"schema_type_options":null,"pillar_content":false,"robots_default":true,"robots_noindex":false,"robots_noarchive":false,"robots_nosnippet":false,"robots_nofollow":false,"robots_noimageindex":false,"robots_noodp":false,"robots_notranslate":false,"robots_max_snippet":null,"robots_max_videopreview":null,"robots_max_imagepreview":"large","priority":null,"frequency":null,"location":null,"local_seo":null,"breadcrumb_settings":null,"limit_modified_date":false,"ai":null,"created":"2020-12-20 20:26:59","updated":"2025-07-20 00:11:27","seo_analyzer_scan_date":null,"focus_keyword":null,"additional_keywords":null,"truseo_locale":null},"jetpack_sharing_enabled":true,"jetpack-related-posts":[{"id":13109,"url":"https:\/\/www.jornalja.com.br\/arquivo\/judiciario-reconhece-poluicao-eletromagnetica\/","url_meta":{"origin":53207,"position":0},"title":"Judici\u00e1rio reconhece polui\u00e7\u00e3o eletromagn\u00e9tica","author":"Patr\u00edcia Marini","date":"16 de maio de 2014","format":false,"excerpt":"A\u00e7\u00e3o de duas associa\u00e7\u00f5es de moradores foi acolhida pelo Tribunal de Justi\u00e7a de S\u00e3o Paulo que. em decis\u00e3o in\u00e9dita, determinou a redu\u00e7\u00e3o do campo eletromagn\u00e9tico gerado pelas linhas de transmiss\u00e3o de energia que cortam os bairros City Boa\u00e7ava e Alto de Pinheiros. \u00c9 a primeira vez que um tribunal do\u2026","rel":"","context":"Em &quot;X.Categorias velhas&quot;","block_context":{"text":"X.Categorias velhas","link":"https:\/\/www.jornalja.com.br\/arquivo\/category\/x-categorias-velhas\/"},"img":{"alt_text":"","src":"","width":0,"height":0},"classes":[]},{"id":13128,"url":"https:\/\/www.jornalja.com.br\/arquivo\/maconha-terra-diz-que-uso-medicinal-e-desculpa\/","url_meta":{"origin":53207,"position":1},"title":"Maconha: Terra diz que uso medicinal \u00e9 desculpa","author":"Patr\u00edcia Marini","date":"4 de junho de 2014","format":false,"excerpt":"A condi\u00e7\u00e3o de pol\u00edtico, em \u00e9poca de campanha de campanha eleitoral, tira for\u00e7a do discurso do m\u00e9dico Osmar Terra contra a legaliza\u00e7\u00e3o da maconha. A tese dele de que a libera\u00e7\u00e3o vai ampliar exponencialmente o consumo \u00e9 discutivel, o consumo \u00e9 corrente. Mas seus alertas quanto aos riscos tem que\u2026","rel":"","context":"Em &quot;X.Categorias velhas&quot;","block_context":{"text":"X.Categorias velhas","link":"https:\/\/www.jornalja.com.br\/arquivo\/category\/x-categorias-velhas\/"},"img":{"alt_text":"","src":"","width":0,"height":0},"classes":[]},{"id":5440,"url":"https:\/\/www.jornalja.com.br\/arquivo\/casarao-da-venancio-destino-permanece-incerto\/","url_meta":{"origin":53207,"position":2},"title":"Estado ainda n\u00e3o sabe o que fazer com casar\u00e3o abandonado h\u00e1 20 anos","author":"Elmar Bones","date":"6 de julho de 2009","format":false,"excerpt":"O casar\u00e3o amarelo, numa esquina nobre de Porto Alegre (Ven\u00e2ncio Aires com Jo\u00e3o Pessoa), j\u00e1 abrigou uma escola. H\u00e1 duas d\u00e9cadas, pelo menos, est\u00e1 abandonado, porque seu propriet\u00e1rio, o governo do Estado do Rio Grande do Sul, n\u00e3o consegue achar um destino para ele. Planos n\u00e3o faltaram. O governador Ol\u00edvio\u2026","rel":"","context":"Em &quot;X.Categorias velhas&quot;","block_context":{"text":"X.Categorias velhas","link":"https:\/\/www.jornalja.com.br\/arquivo\/category\/x-categorias-velhas\/"},"img":{"alt_text":"geraldo1","src":"https:\/\/i0.wp.com\/www.jornalja.com.br\/wp-content\/uploads\/2009\/07\/geraldo1.jpg?resize=350%2C200&ssl=1","width":350,"height":200},"classes":[]},{"id":13101,"url":"https:\/\/www.jornalja.com.br\/arquivo\/morre-um-guerreiro-do-texto\/","url_meta":{"origin":53207,"position":3},"title":"Morre um guerreiro do texto","author":"Patr\u00edcia Marini","date":"14 de maio de 2014","format":false,"excerpt":"Por Ricardo Kotscho Reproduzido do blog do autor, 11\/5\/2014; t\u00edtulo original \u201cE l\u00e1 se foi o nosso Myltainho, guerreiro do texto\u201d. Mi\u00fado e franzino, meu amigo Myltainho era um valente e inconformado guerreiro na luta contra as injusti\u00e7as sociais, a hipocrisia, as maracutaias, o autoritarismo, a intoler\u00e2ncia, a viol\u00eancia, o\u2026","rel":"","context":"Em &quot;Geral&quot;","block_context":{"text":"Geral","link":"https:\/\/www.jornalja.com.br\/arquivo\/category\/geral\/"},"img":{"alt_text":"","src":"","width":0,"height":0},"classes":[]},{"id":13240,"url":"https:\/\/www.jornalja.com.br\/arquivo\/plano-diretor-estamos-construindo-o-caos\/","url_meta":{"origin":53207,"position":4},"title":"Plano diretor: &quot;Estamos construindo o caos&quot;","author":"Patr\u00edcia Marini","date":"26 de maio de 2014","format":false,"excerpt":"Desabafo que arquiteta Eliana Castilhos, delegada da Regi\u00e3o de Planejamento 1, postou nas redes sociais \u00e9 um testemunho do ambiente que se criou no Conselho do Plano Diretor de Porto Alegre, onde a aprova\u00e7\u00e3o de grandes empreendimentos \u00e9 empurrada guela abaixo dos conselheiros. Ao CMDUA Como delegada da Regi\u00e3o de\u2026","rel":"","context":"Em &quot;Geral&quot;","block_context":{"text":"Geral","link":"https:\/\/www.jornalja.com.br\/arquivo\/category\/geral\/"},"img":{"alt_text":"","src":"","width":0,"height":0},"classes":[]}],"jetpack_shortlink":"https:\/\/wp.me\/pbQjBd-dQb","jetpack_featured_media_url":"","_links":{"self":[{"href":"https:\/\/www.jornalja.com.br\/arquivo\/wp-json\/wp\/v2\/posts\/53207","targetHints":{"allow":["GET"]}}],"collection":[{"href":"https:\/\/www.jornalja.com.br\/arquivo\/wp-json\/wp\/v2\/posts"}],"about":[{"href":"https:\/\/www.jornalja.com.br\/arquivo\/wp-json\/wp\/v2\/types\/post"}],"author":[{"embeddable":true,"href":"https:\/\/www.jornalja.com.br\/arquivo\/wp-json\/wp\/v2\/users\/4"}],"replies":[{"embeddable":true,"href":"https:\/\/www.jornalja.com.br\/arquivo\/wp-json\/wp\/v2\/comments?post=53207"}],"version-history":[{"count":0,"href":"https:\/\/www.jornalja.com.br\/arquivo\/wp-json\/wp\/v2\/posts\/53207\/revisions"}],"wp:attachment":[{"href":"https:\/\/www.jornalja.com.br\/arquivo\/wp-json\/wp\/v2\/media?parent=53207"}],"wp:term":[{"taxonomy":"category","embeddable":true,"href":"https:\/\/www.jornalja.com.br\/arquivo\/wp-json\/wp\/v2\/categories?post=53207"},{"taxonomy":"post_tag","embeddable":true,"href":"https:\/\/www.jornalja.com.br\/arquivo\/wp-json\/wp\/v2\/tags?post=53207"}],"curies":[{"name":"wp","href":"https:\/\/api.w.org\/{rel}","templated":true}]}}